{"id":11233,"date":"2021-11-30T00:50:57","date_gmt":"2021-11-29T22:50:57","guid":{"rendered":"http:\/\/kommentatorenblog.de\/?p=11233"},"modified":"2022-01-06T20:06:47","modified_gmt":"2022-01-06T18:06:47","slug":"1215-englische-woche-im-ausland","status":"publish","type":"post","link":"https:\/\/kommentatorenblog.de\/?p=11233","title":{"rendered":"1215 &#8211; Englische Woche im Ausland"},"content":{"rendered":"\n<p>N\u2019Abend allerseits,<\/p>\n\n\n\n<p>bevor wir auf den Fu\u00dfball blicken, einen kurzen Ausflug zum Eishockey. Die Spiele der deutschen Eishockey Liga werden komplett von Magenta Sport \u00fcbertragen. Daneben werden ca. 40 Spiele im Jahr auch im Free- TV \u00fcbertragen. Diese Spiele gibt es schon seit langer Zeit bei Sport1 zu sehen. In den letzten Jahren ist Sport1 die Heimat des Eishockeys (zumindest im Free-TV) geworden. Sei es die genannte DEL, oder die Champions Hockey League oder aber die Nationalmannschaft mit der WM, alles gibt es bei Sport1, oder besser gab es. Denn am Sonntag hat Sport1 sein vorerst letztes DEL- Spiel \u00fcbertragen. Trotz laufender Saison, trotz laufenden Vertrags (bis 2023\/24), auf eigenen Wunsch des Senders.<\/p>\n\n\n\n<p>Die DEL wandert jetzt jedoch nicht komplett ins Pay- TV, sondern wird im selben Umfang bei einem neuen TV- Sender zu sehen sein. Die neuen Sublizenzen liegen nun bei Servus TV, der ab dem 05.12 die Spiele \u00fcbertragen wird. <\/p>\n\n\n\n<p>Ein Wechsel, der unter diesen Umst\u00e4nden sehr \u00fcberraschend ist. Doch warum dieser Schritt?<\/p>\n\n\n\n<p>Olaf Schr\u00f6der, Vorstandsvorsitzender von der Sport1Medien AG sagte dazu in einem Interview: &#8222;Unsere Entscheidung ist vor allem begr\u00fcndet auf einer m\u00f6glichst optimalen Bewirtschaftung unserer Programmfl\u00e4chen und alternativer Programmoptionen f\u00fcr diese Fl\u00e4chen.&#8220; Was so viel bedeutet, wie, aus finanziellen Gr\u00fcnden.<\/p>\n\n\n\n<p>Bei Servus TV wird man sicher erfreut \u00fcber die neuen Sport-Rechte sein. Aber auch Sport1 kehrt nicht dem kompletten Eishockey den R\u00fccken, sondern nur der DEL. So h\u00e4lt man, wie bereits erw\u00e4hnt, noch die Rechte an der Champions Hockey League, der WM, und zudem seit dieser Saison die schwedische Hockey- Liga (SHL).<\/p>\n\n\n\n<p>So jetzt geht es aber zum Fu\u00dfball, diese Woche nicht bei Sport1, sondern haupts\u00e4chlich bei Sky und DAZN.<\/p>\n\n\n\n<hr class=\"wp-block-separator\"\/>\n\n\n\n<p class=\"has-normal-font-size\"><strong><em>Die Ansetzungen vom 29 . November bis zum 02. Dezember 2021<\/em><\/strong><\/p>\n\n\n\n<p class=\"has-normal-font-size\"><strong>WM- Qualifikation der Damen, 06. Spieltag<\/strong><\/p>\n\n\n\n<p><span style=\"text-decoration: underline;\">Dienstag, 30. November 2021, ab 18.50 Uhr (zdf.de)<\/span><\/p>\n\n\n\n<p><em><strong>Portugal \u2013 Deutschland (19:00 Uhr)<\/strong><\/em><\/p>\n\n\n\n<p class=\"has-normal-font-size\"><img loading=\"lazy\" decoding=\"async\" width=\"10\" height=\"21\" class=\"wp-image-3656\" style=\"width: 10px;\" src=\"http:\/\/kommentatorenblog.de\/wp-content\/uploads\/2020\/09\/shure-55sh-ii-e1601485394796.jpg\" alt=\"\" srcset=\"https:\/\/kommentatorenblog.de\/wp-content\/uploads\/2020\/09\/shure-55sh-ii-e1601485394796.jpg 415w, https:\/\/kommentatorenblog.de\/wp-content\/uploads\/2020\/09\/shure-55sh-ii-e1601485394796-142x300.jpg 142w\" sizes=\"auto, (max-width: 10px) 100vw, 10px\" \/> Claudia Neumann<\/p>\n\n\n\n<p><strong>3. Liga, Nachholspiele (Magenta Sport)<\/strong><\/p>\n\n\n\n<p><span style=\"text-decoration: underline;\">Dienstag, 30. November 2021<\/span> <span style=\"text-decoration: underline;\">ab 18.45 Uhr <\/span><\/p>\n\n\n\n<p><strong><em>TSV 1860 M\u00fcnchen \u2013 SV Waldhof Mannheim (19.00 Uhr)<\/em><\/strong><\/p>\n\n\n\n<p class=\"has-normal-font-size\"><img loading=\"lazy\" decoding=\"async\" width=\"10\" height=\"21\" class=\"wp-image-3656\" style=\"width: 10px;\" src=\"http:\/\/kommentatorenblog.de\/wp-content\/uploads\/2020\/09\/shure-55sh-ii-e1601485394796.jpg\" alt=\"\" srcset=\"https:\/\/kommentatorenblog.de\/wp-content\/uploads\/2020\/09\/shure-55sh-ii-e1601485394796.jpg 415w, https:\/\/kommentatorenblog.de\/wp-content\/uploads\/2020\/09\/shure-55sh-ii-e1601485394796-142x300.jpg 142w\" sizes=\"auto, (max-width: 10px) 100vw, 10px\" \/> Oskar Heirler<\/p>\n\n\n\n<p>Moderation: Sascha Bandermann<\/p>\n\n\n\n<p><strong><em>W\u00fcrzburger Kickers \u2013 Eintracht Braunschweig (18.30 Uhr)<\/em><\/strong><\/p>\n\n\n\n<p class=\"has-normal-font-size\"><img loading=\"lazy\" decoding=\"async\" width=\"10\" height=\"21\" class=\"wp-image-3656\" style=\"width: 10px;\" src=\"http:\/\/kommentatorenblog.de\/wp-content\/uploads\/2020\/09\/shure-55sh-ii-e1601485394796.jpg\" alt=\"\" srcset=\"https:\/\/kommentatorenblog.de\/wp-content\/uploads\/2020\/09\/shure-55sh-ii-e1601485394796.jpg 415w, https:\/\/kommentatorenblog.de\/wp-content\/uploads\/2020\/09\/shure-55sh-ii-e1601485394796-142x300.jpg 142w\" sizes=\"auto, (max-width: 10px) 100vw, 10px\" \/> Franz B\u00fcchner<\/p>\n\n\n\n<p>Moderation: Kevin Gerwin<\/p>\n\n\n\n<p><em>Internationaler Fu\u00dfball<\/em><\/p>\n\n\n\n<p><strong>Premier League (Sky)<\/strong>, <strong>14. Spieltag<\/strong><\/p>\n\n\n\n<p><span style=\"text-decoration: underline;\">Dienstag, 30. November 2021<\/span> <span style=\"text-decoration: underline;\">ab 20.20 Uhr <\/span><\/p>\n\n\n\n<p><strong><em>Newcastle United \u2013 Norwich City (20.30 Uhr)<\/em><\/strong><\/p>\n\n\n\n<p class=\"has-normal-font-size\"><img loading=\"lazy\" decoding=\"async\" width=\"10\" height=\"21\" class=\"wp-image-3656\" style=\"width: 10px;\" src=\"http:\/\/kommentatorenblog.de\/wp-content\/uploads\/2020\/09\/shure-55sh-ii-e1601485394796.jpg\" alt=\"\" srcset=\"https:\/\/kommentatorenblog.de\/wp-content\/uploads\/2020\/09\/shure-55sh-ii-e1601485394796.jpg 415w, https:\/\/kommentatorenblog.de\/wp-content\/uploads\/2020\/09\/shure-55sh-ii-e1601485394796-142x300.jpg 142w\" sizes=\"auto, (max-width: 10px) 100vw, 10px\" \/> Sven Schr\u00f6ter<\/p>\n\n\n\n<p class=\"has-normal-font-size\"><span style=\"text-decoration: underline;\">ab 21.05 Uhr<\/span><\/p>\n\n\n\n<p><strong><em>Leeds United \u2013 Crytsal Palace (21.15 Uhr)<\/em><\/strong><\/p>\n\n\n\n<p class=\"has-normal-font-size\"><img loading=\"lazy\" decoding=\"async\" width=\"10\" height=\"21\" class=\"wp-image-3656\" style=\"width: 10px;\" src=\"http:\/\/kommentatorenblog.de\/wp-content\/uploads\/2020\/09\/shure-55sh-ii-e1601485394796.jpg\" alt=\"\" srcset=\"https:\/\/kommentatorenblog.de\/wp-content\/uploads\/2020\/09\/shure-55sh-ii-e1601485394796.jpg 415w, https:\/\/kommentatorenblog.de\/wp-content\/uploads\/2020\/09\/shure-55sh-ii-e1601485394796-142x300.jpg 142w\" sizes=\"auto, (max-width: 10px) 100vw, 10px\" \/> Hannes Herrmann<\/p>\n\n\n\n<p><span style=\"text-decoration: underline;\">Mittwoch, 01. Dezember 2021 ab 20.00 Uhr<\/span> <\/p>\n\n\n\n<p><strong><em>FC Everton \u2013 FC Liverpool (20.30 Uhr)<\/em><\/strong><\/p>\n\n\n\n<p class=\"has-normal-font-size\"><img loading=\"lazy\" decoding=\"async\" width=\"10\" height=\"21\" class=\"wp-image-3656\" style=\"width: 10px;\" src=\"http:\/\/kommentatorenblog.de\/wp-content\/uploads\/2020\/09\/shure-55sh-ii-e1601485394796.jpg\" alt=\"\" srcset=\"https:\/\/kommentatorenblog.de\/wp-content\/uploads\/2020\/09\/shure-55sh-ii-e1601485394796.jpg 415w, https:\/\/kommentatorenblog.de\/wp-content\/uploads\/2020\/09\/shure-55sh-ii-e1601485394796-142x300.jpg 142w\" sizes=\"auto, (max-width: 10px) 100vw, 10px\" \/> Florian Schmidt- Sommerfeld, Experten: Ren\u00e9 Adler, Raphael Honigstein<\/p>\n\n\n\n<p><strong><em>FC Watford \u2013 FC Chelsea (20.30. Uhr)<\/em><\/strong><\/p>\n\n\n\n<p class=\"has-normal-font-size\"><img loading=\"lazy\" decoding=\"async\" width=\"10\" height=\"21\" class=\"wp-image-3656\" style=\"width: 10px;\" src=\"http:\/\/kommentatorenblog.de\/wp-content\/uploads\/2020\/09\/shure-55sh-ii-e1601485394796.jpg\" alt=\"\" srcset=\"https:\/\/kommentatorenblog.de\/wp-content\/uploads\/2020\/09\/shure-55sh-ii-e1601485394796.jpg 415w, https:\/\/kommentatorenblog.de\/wp-content\/uploads\/2020\/09\/shure-55sh-ii-e1601485394796-142x300.jpg 142w\" sizes=\"auto, (max-width: 10px) 100vw, 10px\" \/> Toni Tomic<\/p>\n\n\n\n<p><strong><em>West Ham United \u2013 Brighton &amp; Hove Albion (20.30 Uhr)<\/em><\/strong><\/p>\n\n\n\n<p class=\"has-normal-font-size\"><img loading=\"lazy\" decoding=\"async\" width=\"10\" height=\"21\" class=\"wp-image-3656\" style=\"width: 10px;\" src=\"http:\/\/kommentatorenblog.de\/wp-content\/uploads\/2020\/09\/shure-55sh-ii-e1601485394796.jpg\" alt=\"\" srcset=\"https:\/\/kommentatorenblog.de\/wp-content\/uploads\/2020\/09\/shure-55sh-ii-e1601485394796.jpg 415w, https:\/\/kommentatorenblog.de\/wp-content\/uploads\/2020\/09\/shure-55sh-ii-e1601485394796-142x300.jpg 142w\" sizes=\"auto, (max-width: 10px) 100vw, 10px\" \/> Markus Gaupp<\/p>\n\n\n\n<p><strong><em>Wolverhampton Wanderers \u2013 FC Burnley (20.30 Uhr)<\/em><\/strong><\/p>\n\n\n\n<p class=\"has-normal-font-size\"><img loading=\"lazy\" decoding=\"async\" width=\"10\" height=\"21\" class=\"wp-image-3656\" style=\"width: 10px;\" src=\"http:\/\/kommentatorenblog.de\/wp-content\/uploads\/2020\/09\/shure-55sh-ii-e1601485394796.jpg\" alt=\"\" srcset=\"https:\/\/kommentatorenblog.de\/wp-content\/uploads\/2020\/09\/shure-55sh-ii-e1601485394796.jpg 415w, https:\/\/kommentatorenblog.de\/wp-content\/uploads\/2020\/09\/shure-55sh-ii-e1601485394796-142x300.jpg 142w\" sizes=\"auto, (max-width: 10px) 100vw, 10px\" \/> Thomas Wagner<\/p>\n\n\n\n<p><strong><em>FC Southampton \u2013 Leicester City (20.30 Uhr)<\/em><\/strong><\/p>\n\n\n\n<p class=\"has-normal-font-size\"><img loading=\"lazy\" decoding=\"async\" width=\"10\" height=\"21\" class=\"wp-image-3656\" style=\"width: 10px;\" src=\"http:\/\/kommentatorenblog.de\/wp-content\/uploads\/2020\/09\/shure-55sh-ii-e1601485394796.jpg\" alt=\"\" srcset=\"https:\/\/kommentatorenblog.de\/wp-content\/uploads\/2020\/09\/shure-55sh-ii-e1601485394796.jpg 415w, https:\/\/kommentatorenblog.de\/wp-content\/uploads\/2020\/09\/shure-55sh-ii-e1601485394796-142x300.jpg 142w\" sizes=\"auto, (max-width: 10px) 100vw, 10px\" \/> Philipp Langosz<\/p>\n\n\n\n<p><strong><em>Aston Villa \u2013 Manchester City (21.15 Uhr)<\/em><\/strong><\/p>\n\n\n\n<p class=\"has-normal-font-size\"><img loading=\"lazy\" decoding=\"async\" width=\"10\" height=\"21\" class=\"wp-image-3656\" style=\"width: 10px;\" src=\"http:\/\/kommentatorenblog.de\/wp-content\/uploads\/2020\/09\/shure-55sh-ii-e1601485394796.jpg\" alt=\"\" srcset=\"https:\/\/kommentatorenblog.de\/wp-content\/uploads\/2020\/09\/shure-55sh-ii-e1601485394796.jpg 415w, https:\/\/kommentatorenblog.de\/wp-content\/uploads\/2020\/09\/shure-55sh-ii-e1601485394796-142x300.jpg 142w\" sizes=\"auto, (max-width: 10px) 100vw, 10px\" \/> Uli Hebel<\/p>\n\n\n\n<p><span style=\"text-decoration: underline;\">Donnerstag, 02. Dezember 2021, ab 20.20 Uhr<\/span><\/p>\n\n\n\n<p><em><strong>Tottenham Hotspur \u2013 FC Brentford (20.20 Uhr)<\/strong><\/em><\/p>\n\n\n\n<p class=\"has-normal-font-size\"><img loading=\"lazy\" decoding=\"async\" width=\"10\" height=\"21\" class=\"wp-image-3656\" style=\"width: 10px;\" src=\"http:\/\/kommentatorenblog.de\/wp-content\/uploads\/2020\/09\/shure-55sh-ii-e1601485394796.jpg\" alt=\"\" srcset=\"https:\/\/kommentatorenblog.de\/wp-content\/uploads\/2020\/09\/shure-55sh-ii-e1601485394796.jpg 415w, https:\/\/kommentatorenblog.de\/wp-content\/uploads\/2020\/09\/shure-55sh-ii-e1601485394796-142x300.jpg 142w\" sizes=\"auto, (max-width: 10px) 100vw, 10px\" \/> Joachim Hebel<\/p>\n\n\n\n<p><strong><em>Manchester United \u2013 FC Arsenal (21.15 Uhr)<\/em><\/strong><\/p>\n\n\n\n<p class=\"has-normal-font-size\"><img loading=\"lazy\" decoding=\"async\" width=\"10\" height=\"21\" class=\"wp-image-3656\" style=\"width: 10px;\" src=\"http:\/\/kommentatorenblog.de\/wp-content\/uploads\/2020\/09\/shure-55sh-ii-e1601485394796.jpg\" alt=\"\" srcset=\"https:\/\/kommentatorenblog.de\/wp-content\/uploads\/2020\/09\/shure-55sh-ii-e1601485394796.jpg 415w, https:\/\/kommentatorenblog.de\/wp-content\/uploads\/2020\/09\/shure-55sh-ii-e1601485394796-142x300.jpg 142w\" sizes=\"auto, (max-width: 10px) 100vw, 10px\" \/> Wolff Fuss<\/p>\n\n\n\n<p><strong>Serie A, 15. Spieltag (DAZN)<\/strong><\/p>\n\n\n\n<p><span style=\"text-decoration: underline;\">Dienstag, 30. November 2021<\/span> <span style=\"text-decoration: underline;\">ab 20.45 Uhr <\/span><\/p>\n\n\n\n<p><strong><em>Salernitana \u2013 Juventus Turin (20.45 Uhr)<\/em><\/strong><\/p>\n\n\n\n<p class=\"has-normal-font-size\"><img loading=\"lazy\" decoding=\"async\" width=\"10\" height=\"21\" class=\"wp-image-3656\" style=\"width: 10px;\" src=\"http:\/\/kommentatorenblog.de\/wp-content\/uploads\/2020\/09\/shure-55sh-ii-e1601485394796.jpg\" alt=\"\" srcset=\"https:\/\/kommentatorenblog.de\/wp-content\/uploads\/2020\/09\/shure-55sh-ii-e1601485394796.jpg 415w, https:\/\/kommentatorenblog.de\/wp-content\/uploads\/2020\/09\/shure-55sh-ii-e1601485394796-142x300.jpg 142w\" sizes=\"auto, (max-width: 10px) 100vw, 10px\" \/> Mario Rieker<\/p>\n\n\n\n<p><span style=\"text-decoration: underline;\">Mittwoch, 01. Dezember 2021 ab 18.30 Uhr<\/span> <\/p>\n\n\n\n<p><strong><em>Bologna \u2013 AS Rom (18.30 Uhr)<\/em><\/strong><\/p>\n\n\n\n<p class=\"has-normal-font-size\"><img loading=\"lazy\" decoding=\"async\" width=\"10\" height=\"21\" class=\"wp-image-3656\" style=\"width: 10px;\" src=\"http:\/\/kommentatorenblog.de\/wp-content\/uploads\/2020\/09\/shure-55sh-ii-e1601485394796.jpg\" alt=\"\" srcset=\"https:\/\/kommentatorenblog.de\/wp-content\/uploads\/2020\/09\/shure-55sh-ii-e1601485394796.jpg 415w, https:\/\/kommentatorenblog.de\/wp-content\/uploads\/2020\/09\/shure-55sh-ii-e1601485394796-142x300.jpg 142w\" sizes=\"auto, (max-width: 10px) 100vw, 10px\" \/> Nico Seepe<\/p>\n\n\n\n<p><strong><em>Inter Mailand \u2013 Spezia (18.30 Uhr)<\/em><\/strong><\/p>\n\n\n\n<p class=\"has-normal-font-size\"><img loading=\"lazy\" decoding=\"async\" width=\"10\" height=\"21\" class=\"wp-image-3656\" style=\"width: 10px;\" src=\"http:\/\/kommentatorenblog.de\/wp-content\/uploads\/2020\/09\/shure-55sh-ii-e1601485394796.jpg\" alt=\"\" srcset=\"https:\/\/kommentatorenblog.de\/wp-content\/uploads\/2020\/09\/shure-55sh-ii-e1601485394796.jpg 415w, https:\/\/kommentatorenblog.de\/wp-content\/uploads\/2020\/09\/shure-55sh-ii-e1601485394796-142x300.jpg 142w\" sizes=\"auto, (max-width: 10px) 100vw, 10px\" \/>Marcel Seufert<\/p>\n\n\n\n<p><strong><em>CFC Genua \u2013 AC Mailand(20.45 Uhr)<\/em><\/strong><\/p>\n\n\n\n<p class=\"has-normal-font-size\"><img loading=\"lazy\" decoding=\"async\" width=\"10\" height=\"21\" class=\"wp-image-3656\" style=\"width: 10px;\" src=\"http:\/\/kommentatorenblog.de\/wp-content\/uploads\/2020\/09\/shure-55sh-ii-e1601485394796.jpg\" alt=\"\" srcset=\"https:\/\/kommentatorenblog.de\/wp-content\/uploads\/2020\/09\/shure-55sh-ii-e1601485394796.jpg 415w, https:\/\/kommentatorenblog.de\/wp-content\/uploads\/2020\/09\/shure-55sh-ii-e1601485394796-142x300.jpg 142w\" sizes=\"auto, (max-width: 10px) 100vw, 10px\" \/> Ruben Zimmermann<\/p>\n\n\n\n<p><strong><em>Sassuolo \u2013 SSC Neapel (20.45 Uhr)<\/em><\/strong><\/p>\n\n\n\n<p class=\"has-normal-font-size\"><img loading=\"lazy\" decoding=\"async\" width=\"10\" height=\"21\" class=\"wp-image-3656\" style=\"width: 10px;\" src=\"http:\/\/kommentatorenblog.de\/wp-content\/uploads\/2020\/09\/shure-55sh-ii-e1601485394796.jpg\" alt=\"\" srcset=\"https:\/\/kommentatorenblog.de\/wp-content\/uploads\/2020\/09\/shure-55sh-ii-e1601485394796.jpg 415w, https:\/\/kommentatorenblog.de\/wp-content\/uploads\/2020\/09\/shure-55sh-ii-e1601485394796-142x300.jpg 142w\" sizes=\"auto, (max-width: 10px) 100vw, 10px\" \/> Carsten Fu\u00df, Experte: Christian Bernhard<\/p>\n\n\n\n<p><strong>Ligue 1, 16. Spieltag (DAZN)<\/strong><\/p>\n\n\n\n<p><span style=\"text-decoration: underline;\">Mittwoch, 01. Dezember 2021 ab 19.00 Uhr<\/span> <\/p>\n\n\n\n<p><strong><em>Angers \u2013 AS Monaco (19.00 Uhr)<\/em><\/strong><\/p>\n\n\n\n<p class=\"has-normal-font-size\"><img loading=\"lazy\" decoding=\"async\" width=\"10\" height=\"21\" class=\"wp-image-3656\" style=\"width: 10px;\" src=\"http:\/\/kommentatorenblog.de\/wp-content\/uploads\/2020\/09\/shure-55sh-ii-e1601485394796.jpg\" alt=\"\" srcset=\"https:\/\/kommentatorenblog.de\/wp-content\/uploads\/2020\/09\/shure-55sh-ii-e1601485394796.jpg 415w, https:\/\/kommentatorenblog.de\/wp-content\/uploads\/2020\/09\/shure-55sh-ii-e1601485394796-142x300.jpg 142w\" sizes=\"auto, (max-width: 10px) 100vw, 10px\" \/> Martin Sedlaczek<\/p>\n\n\n\n<p><strong><em>Paris Saint Germain\u2013 OGC Nizza (21.00Uhr)<\/em><\/strong><\/p>\n\n\n\n<p class=\"has-normal-font-size\"><img loading=\"lazy\" decoding=\"async\" width=\"10\" height=\"21\" class=\"wp-image-3656\" style=\"width: 10px;\" src=\"http:\/\/kommentatorenblog.de\/wp-content\/uploads\/2020\/09\/shure-55sh-ii-e1601485394796.jpg\" alt=\"\" srcset=\"https:\/\/kommentatorenblog.de\/wp-content\/uploads\/2020\/09\/shure-55sh-ii-e1601485394796.jpg 415w, https:\/\/kommentatorenblog.de\/wp-content\/uploads\/2020\/09\/shure-55sh-ii-e1601485394796-142x300.jpg 142w\" sizes=\"auto, (max-width: 10px) 100vw, 10px\" \/> Stefan Galler, Experte: Alexis Menuge<\/p>\n\n\n\n<p><strong><em>FC Nantes \u2013 Olympique Marseille (20.45 Uhr)<\/em><\/strong><\/p>\n\n\n\n<p class=\"has-normal-font-size\"><img loading=\"lazy\" decoding=\"async\" width=\"10\" height=\"21\" class=\"wp-image-3656\" style=\"width: 10px;\" src=\"http:\/\/kommentatorenblog.de\/wp-content\/uploads\/2020\/09\/shure-55sh-ii-e1601485394796.jpg\" alt=\"\" srcset=\"https:\/\/kommentatorenblog.de\/wp-content\/uploads\/2020\/09\/shure-55sh-ii-e1601485394796.jpg 415w, https:\/\/kommentatorenblog.de\/wp-content\/uploads\/2020\/09\/shure-55sh-ii-e1601485394796-142x300.jpg 142w\" sizes=\"auto, (max-width: 10px) 100vw, 10px\" \/> Matthias Naebers<\/p>\n\n\n\n<p><strong>La Liga, Nachholspiel (DAZN)<\/strong><\/p>\n\n\n\n<p><span style=\"text-decoration: underline;\">Mittwoch, 01. Dezember 2021 ab 21.00 Uhr<\/span> <\/p>\n\n\n\n<p><strong><em>Real Madrid \u2013 Athletic Bilbao (21.00 Uhr)<\/em><\/strong><\/p>\n\n\n\n<p class=\"has-normal-font-size\"><img loading=\"lazy\" decoding=\"async\" width=\"10\" height=\"21\" class=\"wp-image-3656\" style=\"width: 10px;\" src=\"http:\/\/kommentatorenblog.de\/wp-content\/uploads\/2020\/09\/shure-55sh-ii-e1601485394796.jpg\" alt=\"\" srcset=\"https:\/\/kommentatorenblog.de\/wp-content\/uploads\/2020\/09\/shure-55sh-ii-e1601485394796.jpg 415w, https:\/\/kommentatorenblog.de\/wp-content\/uploads\/2020\/09\/shure-55sh-ii-e1601485394796-142x300.jpg 142w\" sizes=\"auto, (max-width: 10px) 100vw, 10px\" \/> David Ploch, Experte Sascha M\u00f6lders<\/p>\n\n\n\n<hr class=\"wp-block-separator\"\/>\n\n\n\n<p><strong>Die Analyse<\/strong><\/p>\n\n\n\n<p><strong>Frauen nur im Stream<\/strong><\/p>\n\n\n\n<p>Am Dienstag kommt es zum WM- Quali R\u00fcckspiel der DFB- Damen. Reporterin im ZDF ist erneut Claudia Neumann, \u00fcbertragen wird allerdings nur im Stream- leider.<\/p>\n\n\n\n<p>Aus ZDF- Sicht ist ein Anpfiff um 19.00 Uhr, mit der heute- Hauptsendung um 19.00 Uhr, eher suboptimal. Allerdings ist es kein Einzelfall, dass ARD und ZDF L\u00e4nderspiel nach 16.00 Uhr Anpfiff <strong>nicht <\/strong>im linearen TV \u00fcbertragen. Hier w\u00e4re es w\u00fcnschenswert, dass solche Spiele zumindest auf anderen Kan\u00e4len von ARD\/ ZDF wie zum Beispiel one oder ZDFinfo laufen w\u00fcrden, um gerade dem \u00e4lteren (nicht-streamenden Publikum) die M\u00f6glichkeit zu geben, alle Spiele der DFB- Frauen zu sehen.<\/p>\n\n\n\n<p>Zudem bleibt nat\u00fcrlich auch der Wunsch, zumindest ausgew\u00e4hlte L\u00e4nderspiele um 18.00 Uhr auch mal in den Hauptprogrammen zu \u00fcbertragen, wie beispielsweise beim Bundesliga- Spiel Bayern- Hoffenheim im Ersten. Die Quoten waren hier gut, gleiches sind sie meistens bei den L\u00e4nderspielen. F\u00fcr die Zuschauerzahlen in den Stadien (bei Heimspielen) d\u00fcrfte eine sp\u00e4tere Ansto\u00dfzeit (besonders unter der Woche) sicher auch positiv sein.  Nun gilt es auch ein bisschen Mut bei den Programmverantwortlichen zu haben und den Sendeplatz um 18:00 Uhr mal den DFB-Frauen zur Verf\u00fcgung stellen&#8230; <\/p>\n\n\n\n<p><strong>Nachholspiele in Liga 3<\/strong><\/p>\n\n\n\n<p>Neben dem L\u00e4nderspiel der Damen gibt es zudem noch zwei Nachholspiele in Liga 3, beide in Bayern. Die Kommentatoren bei Magenta sind Oskar Heirler und Franz B\u00fcchner.<\/p>\n\n\n\n<p><strong>Englische Woche in England bei Sky&#8230;<\/strong><\/p>\n\n\n\n<p>W\u00e4hrend die Spieler in Deutschland etwas durchatmen k\u00f6nnen, geht es in England munter weiter mit einem Spieltag in der Premier League. Sky \u00fcbertr\u00e4gt live, beim Derby zwischen Everton und Liverpool wird Schmidt- Sommerfeldt seinen Einsatz haben. Er wird dabei von den Experten Adler und Honigstein unterst\u00fctzt. Daneben kommen u.a. die Hebel- Br\u00fcder sowie Thomas Wagner zum Einsatz. Daneben wird auch Wolff Fuss am Donnerstag ein Premier League- Spiel kommentieren (ManUnited- Arsenal)<\/p>\n\n\n\n<p><strong>&#8230; und in Italien und Spanien bei DAZN<\/strong><\/p>\n\n\n\n<p>Neben Sky hat auch DAZN unter der Woche Spiele im Programm, so steht eine englische Woche auch in Italien und Frankreich ein, zudem gibt es ein Nachholspiel in Spanien. Dieses wird von David Ploch kommentiert, dieser erh\u00e4lt Unterst\u00fctzung von Sascha M\u00f6lders, der mal wieder im DAZN- Einsatz ist.<\/p>\n\n\n\n<p>Die Serie A kommentieren bekannte Gesichter wie Seufert, Seepe und Rieker. Bei der Begegnung Sassuolo- Neapel kommentiert Carsten Fu\u00df mit Experte Christian Bernhard. In der Ligue 1 kommentieren Naebers und Sedlaczek sowie bei PSG Galler und Experte Menuge.<\/p>\n\n\n\n<p>Das war\u2019s von meiner Seite. Habt eine sch\u00f6ne Woche und genie\u00dft den Fu\u00dfball! <\/p>\n","protected":false},"excerpt":{"rendered":"<p>N\u2019Abend allerseits, bevor wir auf den Fu\u00dfball blicken, einen kurzen Ausflug zum Eishockey. Die Spiele der deutschen Eishockey Liga werden komplett von Magenta Sport \u00fcbertragen. Daneben werden ca. 40 Spiele im Jahr auch im Free- TV \u00fcbertragen. Diese Spiele gibt es schon seit langer Zeit bei Sport1 zu sehen. In den letzten Jahren ist Sport1 [&hellip;]<\/p>\n","protected":false},"author":10,"featured_media":0,"comment_status":"open","ping_status":"open","sticky":false,"template":"","format":"standard","meta":{"footnotes":""},"categories":[429],"tags":[10,153,131,36,165,13,89,120,104,347,491,9,276,121,505,223,191,293,579,340,84,301,12,533,22,154,27,33,24,105,107],"class_list":["post-11233","post","type-post","status-publish","format-standard","hentry","category-diverses","tag-3-liga","tag-alexis-menuge","tag-carsten-fuss","tag-claudia-neumann","tag-david-ploch","tag-dazn","tag-florian-schmidt-sommerfeld","tag-franz-buechner","tag-hannes-herrmann","tag-joachim-hebel","tag-kevin-gerwin","tag-magenta-sport","tag-marcel-seufert","tag-markus-gaupp","tag-martin-sedlacek","tag-matthias-naebers","tag-nico-seepe","tag-oskar-heirler","tag-philipp-langosz","tag-raphael-honigstein","tag-rene-adler","tag-ruben-zimmermann","tag-sascha-bandermann","tag-sascha-moelders","tag-sky","tag-stefan-galler","tag-sven-schroeter","tag-thomas-wagner","tag-toni-tomic","tag-uli-hebel","tag-wolff-fuss"],"_links":{"self":[{"href":"https:\/\/kommentatorenblog.de\/index.php?rest_route=\/wp\/v2\/posts\/11233","targetHints":{"allow":["GET"]}}],"collection":[{"href":"https:\/\/kommentatorenblog.de\/index.php?rest_route=\/wp\/v2\/posts"}],"about":[{"href":"https:\/\/kommentatorenblog.de\/index.php?rest_route=\/wp\/v2\/types\/post"}],"author":[{"embeddable":true,"href":"https:\/\/kommentatorenblog.de\/index.php?rest_route=\/wp\/v2\/users\/10"}],"replies":[{"embeddable":true,"href":"https:\/\/kommentatorenblog.de\/index.php?rest_route=%2Fwp%2Fv2%2Fcomments&post=11233"}],"version-history":[{"count":8,"href":"https:\/\/kommentatorenblog.de\/index.php?rest_route=\/wp\/v2\/posts\/11233\/revisions"}],"predecessor-version":[{"id":11254,"href":"https:\/\/kommentatorenblog.de\/index.php?rest_route=\/wp\/v2\/posts\/11233\/revisions\/11254"}],"wp:attachment":[{"href":"https:\/\/kommentatorenblog.de\/index.php?rest_route=%2Fwp%2Fv2%2Fmedia&parent=11233"}],"wp:term":[{"taxonomy":"category","embeddable":true,"href":"https:\/\/kommentatorenblog.de\/index.php?rest_route=%2Fwp%2Fv2%2Fcategories&post=11233"},{"taxonomy":"post_tag","embeddable":true,"href":"https:\/\/kommentatorenblog.de\/index.php?rest_route=%2Fwp%2Fv2%2Ftags&post=11233"}],"curies":[{"name":"wp","href":"https:\/\/api.w.org\/{rel}","templated":true}]}}