{"id":11281,"date":"2021-12-06T23:00:08","date_gmt":"2021-12-06T21:00:08","guid":{"rendered":"http:\/\/kommentatorenblog.de\/?p=11281"},"modified":"2021-12-06T23:07:25","modified_gmt":"2021-12-06T21:07:25","slug":"1217-engpaesse-und-europapokal","status":"publish","type":"post","link":"https:\/\/kommentatorenblog.de\/?p=11281","title":{"rendered":"1217 &#8211; Engp\u00e4sse und Europapokal"},"content":{"rendered":"\n<p>N&#8217;Abend allerseits,<\/p>\n\n\n\n<p>Bedingt durch zeitliche Engp\u00e4sse steht heute mein siebter Beitrag in 49 Tagen an. So gro\u00df meine Leidenschaft und Freude hier ist, so habe ich leider mit 36+ Stunden w\u00f6chentlicher Arbeit nicht immer Zeit f\u00fcr ein ausf\u00fchrliches Vorwort. Zum Abschluss des Jahres werde ich darauf aber genauer eingehen. Allerdings bereits vorweg, eine Addition f\u00fcr unser Bloggerteam im Laufe des Jahres 2022 ist definitiv gew\u00fcnscht. Interessierte d\u00fcrfen sich aber definitiv schonmal per Mail melden, allerdings h\u00e4tte ich ganz pers\u00f6nlich einen Wunsch. Nach dreizehn Jahren halte ich es f\u00fcr absolut \u00fcberf\u00e4llig, auch mal eine weibliche Bloggerin im Team aufzunehmen, nichtsdestotrotz k\u00f6nnen sich aber nat\u00fcrlich alle Interessierten melden. <\/p>\n\n\n\n<p>Nun aber zu den Ansetzungen des letzten Europapokalspieltags des Jahres 2021.<\/p>\n\n\n\n<hr class=\"wp-block-separator\"\/>\n\n\n\n<p class=\"has-normal-font-size\"><strong><em>Die Ansetzungen vom 07. Dezember bis zum 09. Dezember 2021<\/em><\/strong><\/p>\n\n\n\n<p class=\"has-normal-font-size\"><strong>Champions League Gruppenphase, 06. Spieltag<\/strong><\/p>\n\n\n\n<p><span style=\"text-decoration: underline;\">Dienstag, 07. Dezember 2021, ab 18.15 Uhr (DAZN)<\/span><\/p>\n\n\n\n<p><em><strong>RB Leipzig \u2013 Manchester City (18.45 Uhr)<\/strong><\/em><\/p>\n\n\n\n<p class=\"has-normal-font-size\"><img loading=\"lazy\" decoding=\"async\" width=\"10\" height=\"21\" class=\"wp-image-3656\" style=\"width: 10px;\" src=\"http:\/\/kommentatorenblog.de\/wp-content\/uploads\/2020\/09\/shure-55sh-ii-e1601485394796.jpg\" alt=\"\" srcset=\"https:\/\/kommentatorenblog.de\/wp-content\/uploads\/2020\/09\/shure-55sh-ii-e1601485394796.jpg 415w, https:\/\/kommentatorenblog.de\/wp-content\/uploads\/2020\/09\/shure-55sh-ii-e1601485394796-142x300.jpg 142w\" sizes=\"auto, (max-width: 10px) 100vw, 10px\" \/> Lukas Sch\u00f6nm\u00fcller, Experte: Sebastian Knei\u00dfl (Einzelspiel), Uli Hebel (Konferenz)<\/p>\n\n\n\n<p>Moderation: Jan L\u00fcdeke, Field-Reporter: Benni Zander<\/p>\n\n\n\n<p><span style=\"text-decoration: underline;\">ab 18.30 Uhr (DAZN)<\/span><\/p>\n\n\n\n<p><strong><em>Paris Saint-Germain \u2013 Club Br\u00fcgge (18.45 Uhr)<\/em><\/strong><\/p>\n\n\n\n<p class=\"has-normal-font-size\"><img loading=\"lazy\" decoding=\"async\" width=\"10\" height=\"21\" class=\"wp-image-3656\" style=\"width: 10px;\" src=\"http:\/\/kommentatorenblog.de\/wp-content\/uploads\/2020\/09\/shure-55sh-ii-e1601485394796.jpg\" alt=\"\" srcset=\"https:\/\/kommentatorenblog.de\/wp-content\/uploads\/2020\/09\/shure-55sh-ii-e1601485394796.jpg 415w, https:\/\/kommentatorenblog.de\/wp-content\/uploads\/2020\/09\/shure-55sh-ii-e1601485394796-142x300.jpg 142w\" sizes=\"auto, (max-width: 10px) 100vw, 10px\" \/> Stefan Galler (Einzelspiel), Holger Pfandt (Konferenz)<\/p>\n\n\n\n<p class=\"has-normal-font-size\"><span style=\"text-decoration: underline;\">ab 19.30 Uhr <strong>(PrimeVideo &#8211; exklusives Einzelspiel)<\/strong><\/span><\/p>\n\n\n\n<p><strong><em>Borussia Dortmund \u2013 Besiktas Istanbul (21.00 Uhr)<\/em><\/strong><\/p>\n\n\n\n<p class=\"has-normal-font-size\"><img loading=\"lazy\" decoding=\"async\" width=\"10\" height=\"21\" class=\"wp-image-3656\" style=\"width: 10px;\" src=\"http:\/\/kommentatorenblog.de\/wp-content\/uploads\/2020\/09\/shure-55sh-ii-e1601485394796.jpg\" alt=\"\" srcset=\"https:\/\/kommentatorenblog.de\/wp-content\/uploads\/2020\/09\/shure-55sh-ii-e1601485394796.jpg 415w, https:\/\/kommentatorenblog.de\/wp-content\/uploads\/2020\/09\/shure-55sh-ii-e1601485394796-142x300.jpg 142w\" sizes=\"auto, (max-width: 10px) 100vw, 10px\" \/> Jonas Friedrich, Experte: Benedikt H\u00f6wedes<\/p>\n\n\n\n<p>Field-Reporter: Shary Reeves und Sebastian Benesch<\/p>\n\n\n\n<p>Moderation (Stadion): Sebastian Hellmann, Experten: Mario Gomez, Tabea Kemme und Neven Subotic, Schiedsrichter-Experte: Wolfgang Stark<\/p>\n\n\n\n<p>Moderation (Studio): Annika Zimmermann, Experte: Patrick Owomoyela und Steffen Baumgart<\/p>\n\n\n\n<p><span style=\"text-decoration: underline;\">ab 20.45Uhr (DAZN)<\/span> <\/p>\n\n\n\n<p><strong><em>AC Mailand \u2013 FC Liverpool (21.00 Uhr)<\/em><\/strong><\/p>\n\n\n\n<p class=\"has-normal-font-size\"><img loading=\"lazy\" decoding=\"async\" width=\"10\" height=\"21\" class=\"wp-image-3656\" style=\"width: 10px;\" src=\"http:\/\/kommentatorenblog.de\/wp-content\/uploads\/2020\/09\/shure-55sh-ii-e1601485394796.jpg\" alt=\"\" srcset=\"https:\/\/kommentatorenblog.de\/wp-content\/uploads\/2020\/09\/shure-55sh-ii-e1601485394796.jpg 415w, https:\/\/kommentatorenblog.de\/wp-content\/uploads\/2020\/09\/shure-55sh-ii-e1601485394796-142x300.jpg 142w\" sizes=\"auto, (max-width: 10px) 100vw, 10px\" \/> Flo Hauser, Experte: Christian Bernhard (Einzelspiel), Marco Hagemann (Konferenz)<\/p>\n\n\n\n<p><strong><em>Real Madrid \u2013 Inter Mailand (21.00 Uhr)<\/em><\/strong><\/p>\n\n\n\n<p class=\"has-normal-font-size\"><img loading=\"lazy\" decoding=\"async\" width=\"10\" height=\"21\" class=\"wp-image-3656\" style=\"width: 10px;\" src=\"http:\/\/kommentatorenblog.de\/wp-content\/uploads\/2020\/09\/shure-55sh-ii-e1601485394796.jpg\" alt=\"\" srcset=\"https:\/\/kommentatorenblog.de\/wp-content\/uploads\/2020\/09\/shure-55sh-ii-e1601485394796.jpg 415w, https:\/\/kommentatorenblog.de\/wp-content\/uploads\/2020\/09\/shure-55sh-ii-e1601485394796-142x300.jpg 142w\" sizes=\"auto, (max-width: 10px) 100vw, 10px\" \/> Jan Platte, Experte: Benny Lauth (Einzelspiel), Freddy Harder (Konferenz)<\/p>\n\n\n\n<p><strong><em>FC Porto \u2013 Atletico Madrid (21.00 Uhr)<\/em><\/strong><\/p>\n\n\n\n<p class=\"has-normal-font-size\"><img loading=\"lazy\" decoding=\"async\" width=\"10\" height=\"21\" class=\"wp-image-3656\" style=\"width: 10px;\" src=\"http:\/\/kommentatorenblog.de\/wp-content\/uploads\/2020\/09\/shure-55sh-ii-e1601485394796.jpg\" alt=\"\" srcset=\"https:\/\/kommentatorenblog.de\/wp-content\/uploads\/2020\/09\/shure-55sh-ii-e1601485394796.jpg 415w, https:\/\/kommentatorenblog.de\/wp-content\/uploads\/2020\/09\/shure-55sh-ii-e1601485394796-142x300.jpg 142w\" sizes=\"auto, (max-width: 10px) 100vw, 10px\" \/> Michael Born (Einzelspiel), Nico Seepe (Konferenz)<\/p>\n\n\n\n<p><strong><em>Ajax Amsterdam \u2013 Sporting Lissabon (21.00 Uhr)<\/em><\/strong><\/p>\n\n\n\n<p class=\"has-normal-font-size\"><img loading=\"lazy\" decoding=\"async\" width=\"10\" height=\"21\" class=\"wp-image-3656\" style=\"width: 10px;\" src=\"http:\/\/kommentatorenblog.de\/wp-content\/uploads\/2020\/09\/shure-55sh-ii-e1601485394796.jpg\" alt=\"\" srcset=\"https:\/\/kommentatorenblog.de\/wp-content\/uploads\/2020\/09\/shure-55sh-ii-e1601485394796.jpg 415w, https:\/\/kommentatorenblog.de\/wp-content\/uploads\/2020\/09\/shure-55sh-ii-e1601485394796-142x300.jpg 142w\" sizes=\"auto, (max-width: 10px) 100vw, 10px\" \/> Franz B\u00fcchner (Einzelspiel), Christoph Stadtler (Konferenz)<\/p>\n\n\n\n<p><strong><em>Shakhtar Donetsk \u2013 Sheriff Tiraspol (21.00 Uhr)<\/em><\/strong><\/p>\n\n\n\n<p class=\"has-normal-font-size\"><img loading=\"lazy\" decoding=\"async\" width=\"10\" height=\"21\" class=\"wp-image-3656\" style=\"width: 10px;\" src=\"http:\/\/kommentatorenblog.de\/wp-content\/uploads\/2020\/09\/shure-55sh-ii-e1601485394796.jpg\" alt=\"\" srcset=\"https:\/\/kommentatorenblog.de\/wp-content\/uploads\/2020\/09\/shure-55sh-ii-e1601485394796.jpg 415w, https:\/\/kommentatorenblog.de\/wp-content\/uploads\/2020\/09\/shure-55sh-ii-e1601485394796-142x300.jpg 142w\" sizes=\"auto, (max-width: 10px) 100vw, 10px\" \/> Daniel G\u00fcnther (Einzelspiel), Uwe Morawe (Konferenz)<\/p>\n\n\n\n<p>Moderation (DAZN): Tobi Wahnschaffe<\/p>\n\n\n\n<p><span style=\"text-decoration: underline;\">Mittwoch, 08. Dezember 2021, ab 18.30 Uhr (DAZN)<\/span><\/p>\n\n\n\n<p><em><strong>Zenit St.Petersburg \u2013 FC Chelsea (18.45 Uhr)<\/strong><\/em><\/p>\n\n\n\n<p class=\"has-normal-font-size\"><img loading=\"lazy\" decoding=\"async\" width=\"10\" height=\"21\" class=\"wp-image-3656\" style=\"width: 10px;\" src=\"http:\/\/kommentatorenblog.de\/wp-content\/uploads\/2020\/09\/shure-55sh-ii-e1601485394796.jpg\" alt=\"\" srcset=\"https:\/\/kommentatorenblog.de\/wp-content\/uploads\/2020\/09\/shure-55sh-ii-e1601485394796.jpg 415w, https:\/\/kommentatorenblog.de\/wp-content\/uploads\/2020\/09\/shure-55sh-ii-e1601485394796-142x300.jpg 142w\" sizes=\"auto, (max-width: 10px) 100vw, 10px\" \/> Ruben Zimmermann (Einzelspiel), Joachim Hebel (Konferenz)<\/p>\n\n\n\n<p><em><strong>Juventus Turin \u2013 Malm\u00f6 FF (18.45 Uhr)<\/strong><\/em><\/p>\n\n\n\n<p class=\"has-normal-font-size\"><img loading=\"lazy\" decoding=\"async\" width=\"10\" height=\"21\" class=\"wp-image-3656\" style=\"width: 10px;\" src=\"http:\/\/kommentatorenblog.de\/wp-content\/uploads\/2020\/09\/shure-55sh-ii-e1601485394796.jpg\" alt=\"\" srcset=\"https:\/\/kommentatorenblog.de\/wp-content\/uploads\/2020\/09\/shure-55sh-ii-e1601485394796.jpg 415w, https:\/\/kommentatorenblog.de\/wp-content\/uploads\/2020\/09\/shure-55sh-ii-e1601485394796-142x300.jpg 142w\" sizes=\"auto, (max-width: 10px) 100vw, 10px\" \/> Carsten Fu\u00df (Einzelspiel), Marcel Seufert (Konferenz)<\/p>\n\n\n\n<p><span style=\"text-decoration: underline;\">ab 20.30Uhr (DAZN)<\/span> <\/p>\n\n\n\n<p><strong><em><em><strong>FC Bayern M\u00fcnchen \u2013 FC Barcelona<\/strong><\/em> (21.00 Uhr)<\/em><\/strong><\/p>\n\n\n\n<p class=\"has-normal-font-size\"><img loading=\"lazy\" decoding=\"async\" width=\"10\" height=\"21\" class=\"wp-image-3656\" style=\"width: 10px;\" src=\"http:\/\/kommentatorenblog.de\/wp-content\/uploads\/2020\/09\/shure-55sh-ii-e1601485394796.jpg\" alt=\"\" srcset=\"https:\/\/kommentatorenblog.de\/wp-content\/uploads\/2020\/09\/shure-55sh-ii-e1601485394796.jpg 415w, https:\/\/kommentatorenblog.de\/wp-content\/uploads\/2020\/09\/shure-55sh-ii-e1601485394796-142x300.jpg 142w\" sizes=\"auto, (max-width: 10px) 100vw, 10px\" \/> Jan Platte, Experte: Sandro Wagner (Einzelspiel), Lukas Sch\u00f6nm\u00fcller (Konferenz)<\/p>\n\n\n\n<p>Moderation: Laura Wontorra, Field-Reporter: Daniel Herzog<\/p>\n\n\n\n<p><strong><em><em><strong>VfL Wolfsburg \u2013 OSC Lille<\/strong><\/em> (21.00 Uhr)<\/em><\/strong><\/p>\n\n\n\n<p class=\"has-normal-font-size\"><img loading=\"lazy\" decoding=\"async\" width=\"10\" height=\"21\" class=\"wp-image-3656\" style=\"width: 10px;\" src=\"http:\/\/kommentatorenblog.de\/wp-content\/uploads\/2020\/09\/shure-55sh-ii-e1601485394796.jpg\" alt=\"\" srcset=\"https:\/\/kommentatorenblog.de\/wp-content\/uploads\/2020\/09\/shure-55sh-ii-e1601485394796.jpg 415w, https:\/\/kommentatorenblog.de\/wp-content\/uploads\/2020\/09\/shure-55sh-ii-e1601485394796-142x300.jpg 142w\" sizes=\"auto, (max-width: 10px) 100vw, 10px\" \/> Max Siebald, Experte: Ralph Gunesch (Einzelspiel), Uli Hebel (Konferenz)<\/p>\n\n\n\n<p>Moderation: Tobi Wahnschaffe, Field-Reporter: Andres Veredas<\/p>\n\n\n\n<p><span style=\"text-decoration: underline;\">ab 20.45 Uhr (DAZN)<\/span><\/p>\n\n\n\n<p><strong><em>FC Salzburg \u2013 FC Sevilla (21.00 Uhr)<\/em><\/strong><\/p>\n\n\n\n<p class=\"has-normal-font-size\"><img loading=\"lazy\" decoding=\"async\" width=\"10\" height=\"21\" class=\"wp-image-3656\" style=\"width: 10px;\" src=\"http:\/\/kommentatorenblog.de\/wp-content\/uploads\/2020\/09\/shure-55sh-ii-e1601485394796.jpg\" alt=\"\" srcset=\"https:\/\/kommentatorenblog.de\/wp-content\/uploads\/2020\/09\/shure-55sh-ii-e1601485394796.jpg 415w, https:\/\/kommentatorenblog.de\/wp-content\/uploads\/2020\/09\/shure-55sh-ii-e1601485394796-142x300.jpg 142w\" sizes=\"auto, (max-width: 10px) 100vw, 10px\" \/> Max Gross, Experte: Peter Hyballa (Einzelspiel), Michael Born (Konferenz)<\/p>\n\n\n\n<p><strong><em>Benfica Lissabon \u2013 Dynamo Kiew (21.00 Uhr)<\/em><\/strong><\/p>\n\n\n\n<p class=\"has-normal-font-size\"><img loading=\"lazy\" decoding=\"async\" width=\"10\" height=\"21\" class=\"wp-image-3656\" style=\"width: 10px;\" src=\"http:\/\/kommentatorenblog.de\/wp-content\/uploads\/2020\/09\/shure-55sh-ii-e1601485394796.jpg\" alt=\"\" srcset=\"https:\/\/kommentatorenblog.de\/wp-content\/uploads\/2020\/09\/shure-55sh-ii-e1601485394796.jpg 415w, https:\/\/kommentatorenblog.de\/wp-content\/uploads\/2020\/09\/shure-55sh-ii-e1601485394796-142x300.jpg 142w\" sizes=\"auto, (max-width: 10px) 100vw, 10px\" \/> Daniel G\u00fcnther (Einzelspiel), Tom Kirsten (Konferenz)<\/p>\n\n\n\n<p><strong><em>Manchester United \u2013 Young Boys Bern (21.00 Uhr)<\/em><\/strong><\/p>\n\n\n\n<p class=\"has-normal-font-size\"><img loading=\"lazy\" decoding=\"async\" width=\"10\" height=\"21\" class=\"wp-image-3656\" style=\"width: 10px;\" src=\"http:\/\/kommentatorenblog.de\/wp-content\/uploads\/2020\/09\/shure-55sh-ii-e1601485394796.jpg\" alt=\"\" srcset=\"https:\/\/kommentatorenblog.de\/wp-content\/uploads\/2020\/09\/shure-55sh-ii-e1601485394796.jpg 415w, https:\/\/kommentatorenblog.de\/wp-content\/uploads\/2020\/09\/shure-55sh-ii-e1601485394796-142x300.jpg 142w\" sizes=\"auto, (max-width: 10px) 100vw, 10px\" \/> Matthias Naebers (Einzelspiel), Holger Pfandt (Konferenz)<\/p>\n\n\n\n<p><strong><em>Atalanta Bergamo \u2013 FC Villarreal (21.00 Uhr)<\/em><\/strong><\/p>\n\n\n\n<p class=\"has-normal-font-size\"><img loading=\"lazy\" decoding=\"async\" width=\"10\" height=\"21\" class=\"wp-image-3656\" style=\"width: 10px;\" src=\"http:\/\/kommentatorenblog.de\/wp-content\/uploads\/2020\/09\/shure-55sh-ii-e1601485394796.jpg\" alt=\"\" srcset=\"https:\/\/kommentatorenblog.de\/wp-content\/uploads\/2020\/09\/shure-55sh-ii-e1601485394796.jpg 415w, https:\/\/kommentatorenblog.de\/wp-content\/uploads\/2020\/09\/shure-55sh-ii-e1601485394796-142x300.jpg 142w\" sizes=\"auto, (max-width: 10px) 100vw, 10px\" \/> Oliver Forster (Einzelspiel), Mario Rieker (Konferenz)<\/p>\n\n\n\n<p>Moderation: Jan L\u00fcdeke<\/p>\n\n\n\n<hr class=\"wp-block-separator\"\/>\n\n\n\n<p><strong>Europa League\/Europa Conference League Gruppenphase, 06. Spieltag (RTL)<\/strong><\/p>\n\n\n\n<p><span style=\"text-decoration: underline;\">Donnerstag, 09. Dezember 2021, ab 17.30 Uhr (RTL+)<\/span><\/p>\n\n\n\n<p><strong><em>Die Konferenz <\/em><\/strong><img loading=\"lazy\" decoding=\"async\" width=\"10\" height=\"21\" class=\"wp-image-3656\" style=\"width: 10px;\" src=\"http:\/\/kommentatorenblog.de\/wp-content\/uploads\/2020\/09\/shure-55sh-ii-e1601485394796.jpg\" alt=\"\" srcset=\"https:\/\/kommentatorenblog.de\/wp-content\/uploads\/2020\/09\/shure-55sh-ii-e1601485394796.jpg 415w, https:\/\/kommentatorenblog.de\/wp-content\/uploads\/2020\/09\/shure-55sh-ii-e1601485394796-142x300.jpg 142w\" sizes=\"auto, (max-width: 10px) 100vw, 10px\" \/> Stefan Fuckert<\/p>\n\n\n\n<p>Moderation (aus Frankfurt): Anna Kraft, Arnd Zeigler, Robby Hunke und Lukas Podolski<\/p>\n\n\n\n<p><span style=\"text-decoration: underline;\">ab 20.15 Uhr (Nitro\/RTL+)<\/span><\/p>\n\n\n\n<p><strong><em><strong><em>1. FC Union Berlin \u2013 Slavia Prag<\/em><\/strong><\/em><\/strong> <strong><em>(21.00 Uhr)<\/em><\/strong><\/p>\n\n\n\n<p class=\"has-normal-font-size\">RTL: <img loading=\"lazy\" decoding=\"async\" width=\"10\" height=\"21\" class=\"wp-image-3656\" style=\"width: 10px;\" src=\"http:\/\/kommentatorenblog.de\/wp-content\/uploads\/2020\/09\/shure-55sh-ii-e1601485394796.jpg\" alt=\"\" srcset=\"https:\/\/kommentatorenblog.de\/wp-content\/uploads\/2020\/09\/shure-55sh-ii-e1601485394796.jpg 415w, https:\/\/kommentatorenblog.de\/wp-content\/uploads\/2020\/09\/shure-55sh-ii-e1601485394796-142x300.jpg 142w\" sizes=\"auto, (max-width: 10px) 100vw, 10px\" \/> Marco Hagemann, Experte: Steffen Freund, Field-Reporter: Christoph K\u00fcppers<\/p>\n\n\n\n<p class=\"has-normal-font-size\">RTL+: <img loading=\"lazy\" decoding=\"async\" width=\"10\" height=\"21\" class=\"wp-image-3656\" style=\"width: 10px;\" src=\"http:\/\/kommentatorenblog.de\/wp-content\/uploads\/2020\/09\/shure-55sh-ii-e1601485394796.jpg\" alt=\"\" srcset=\"https:\/\/kommentatorenblog.de\/wp-content\/uploads\/2020\/09\/shure-55sh-ii-e1601485394796.jpg 415w, https:\/\/kommentatorenblog.de\/wp-content\/uploads\/2020\/09\/shure-55sh-ii-e1601485394796-142x300.jpg 142w\" sizes=\"auto, (max-width: 10px) 100vw, 10px\" \/> Michael Born<\/p>\n\n\n\n<p>Moderation (RTL): Laura Papendick, Experte: Karl-Heinz Riedle<\/p>\n\n\n\n<p><span style=\"text-decoration: underline;\">ab 18.30 Uhr (RTL+)<\/span><\/p>\n\n\n\n<p><strong><em>Fenerbah\u00e7e Istanbul \u2013 Eintracht Frankfurt<\/em><\/strong> <strong><em>(18.45 Uhr)<\/em><\/strong><\/p>\n\n\n\n<p class=\"has-normal-font-size\"><img loading=\"lazy\" decoding=\"async\" width=\"10\" height=\"21\" class=\"wp-image-3656\" style=\"width: 10px;\" src=\"http:\/\/kommentatorenblog.de\/wp-content\/uploads\/2020\/09\/shure-55sh-ii-e1601485394796.jpg\" alt=\"\" srcset=\"https:\/\/kommentatorenblog.de\/wp-content\/uploads\/2020\/09\/shure-55sh-ii-e1601485394796.jpg 415w, https:\/\/kommentatorenblog.de\/wp-content\/uploads\/2020\/09\/shure-55sh-ii-e1601485394796-142x300.jpg 142w\" sizes=\"auto, (max-width: 10px) 100vw, 10px\" \/> Cornelius K\u00fcpper, Field-Reporter: Felix G\u00f6rner<\/p>\n\n\n\n<p><strong><em>Royal Antwerpen <strong><em>\u2013 <\/em><\/strong>Olympiakos Pir\u00e4us<\/em><\/strong> <strong><em>(18.45 Uhr)<\/em><\/strong><\/p>\n\n\n\n<p class=\"has-normal-font-size\"><img loading=\"lazy\" decoding=\"async\" width=\"10\" height=\"21\" class=\"wp-image-3656\" style=\"width: 10px;\" src=\"http:\/\/kommentatorenblog.de\/wp-content\/uploads\/2020\/09\/shure-55sh-ii-e1601485394796.jpg\" alt=\"\" srcset=\"https:\/\/kommentatorenblog.de\/wp-content\/uploads\/2020\/09\/shure-55sh-ii-e1601485394796.jpg 415w, https:\/\/kommentatorenblog.de\/wp-content\/uploads\/2020\/09\/shure-55sh-ii-e1601485394796-142x300.jpg 142w\" sizes=\"auto, (max-width: 10px) 100vw, 10px\" \/> Julian Engelhard<\/p>\n\n\n\n<p><strong><em>SSC Neapel \u2013 Leicester City<\/em><\/strong> <strong><em>(18.45 Uhr)<\/em><\/strong><\/p>\n\n\n\n<p class=\"has-normal-font-size\"><img loading=\"lazy\" decoding=\"async\" width=\"10\" height=\"21\" class=\"wp-image-3656\" style=\"width: 10px;\" src=\"http:\/\/kommentatorenblog.de\/wp-content\/uploads\/2020\/09\/shure-55sh-ii-e1601485394796.jpg\" alt=\"\" srcset=\"https:\/\/kommentatorenblog.de\/wp-content\/uploads\/2020\/09\/shure-55sh-ii-e1601485394796.jpg 415w, https:\/\/kommentatorenblog.de\/wp-content\/uploads\/2020\/09\/shure-55sh-ii-e1601485394796-142x300.jpg 142w\" sizes=\"auto, (max-width: 10px) 100vw, 10px\" \/> Klaus Veltman<\/p>\n\n\n\n<p><strong><em>Real Sociedad \u2013 PSV Eindhoven<\/em><\/strong> <strong><em>(18.45 Uhr)<\/em><\/strong><\/p>\n\n\n\n<p class=\"has-normal-font-size\"><img loading=\"lazy\" decoding=\"async\" width=\"10\" height=\"21\" class=\"wp-image-3656\" style=\"width: 10px;\" src=\"http:\/\/kommentatorenblog.de\/wp-content\/uploads\/2020\/09\/shure-55sh-ii-e1601485394796.jpg\" alt=\"\" srcset=\"https:\/\/kommentatorenblog.de\/wp-content\/uploads\/2020\/09\/shure-55sh-ii-e1601485394796.jpg 415w, https:\/\/kommentatorenblog.de\/wp-content\/uploads\/2020\/09\/shure-55sh-ii-e1601485394796-142x300.jpg 142w\" sizes=\"auto, (max-width: 10px) 100vw, 10px\" \/> Christina Graf<\/p>\n\n\n\n<p> <span style=\"text-decoration: underline;\">ab 20.40 Uhr (RTL+)<\/span> <\/p>\n\n\n\n<p><strong><em>Ferencvaros Budapest \u2013 Bayer 04 Leverkusen (21.00 Uhr)<\/em><\/strong><\/p>\n\n\n\n<p class=\"has-normal-font-size\"><img loading=\"lazy\" decoding=\"async\" width=\"10\" height=\"21\" class=\"wp-image-3656\" style=\"width: 10px;\" src=\"http:\/\/kommentatorenblog.de\/wp-content\/uploads\/2020\/09\/shure-55sh-ii-e1601485394796.jpg\" alt=\"\" srcset=\"https:\/\/kommentatorenblog.de\/wp-content\/uploads\/2020\/09\/shure-55sh-ii-e1601485394796.jpg 415w, https:\/\/kommentatorenblog.de\/wp-content\/uploads\/2020\/09\/shure-55sh-ii-e1601485394796-142x300.jpg 142w\" sizes=\"auto, (max-width: 10px) 100vw, 10px\" \/> Christoph Stadtler, Field-Reporter: Thomas Wagner<\/p>\n\n\n\n<p><strong><em>Lazio Rom \u2013 Galatasaray Istanbul (21.00 Uhr)<\/em><\/strong><\/p>\n\n\n\n<p class=\"has-normal-font-size\"><img loading=\"lazy\" decoding=\"async\" width=\"10\" height=\"21\" class=\"wp-image-3656\" style=\"width: 10px;\" src=\"http:\/\/kommentatorenblog.de\/wp-content\/uploads\/2020\/09\/shure-55sh-ii-e1601485394796.jpg\" alt=\"\" srcset=\"https:\/\/kommentatorenblog.de\/wp-content\/uploads\/2020\/09\/shure-55sh-ii-e1601485394796.jpg 415w, https:\/\/kommentatorenblog.de\/wp-content\/uploads\/2020\/09\/shure-55sh-ii-e1601485394796-142x300.jpg 142w\" sizes=\"auto, (max-width: 10px) 100vw, 10px\" \/> Christian Stra\u00dfburger<\/p>\n\n\n\n<p><strong><em>Tottenham Hotspur \u2013 Stade Rennes (21.00 Uhr)<\/em><\/strong><\/p>\n\n\n\n<p class=\"has-normal-font-size\"><img loading=\"lazy\" decoding=\"async\" width=\"10\" height=\"21\" class=\"wp-image-3656\" style=\"width: 10px;\" src=\"http:\/\/kommentatorenblog.de\/wp-content\/uploads\/2020\/09\/shure-55sh-ii-e1601485394796.jpg\" alt=\"\" srcset=\"https:\/\/kommentatorenblog.de\/wp-content\/uploads\/2020\/09\/shure-55sh-ii-e1601485394796.jpg 415w, https:\/\/kommentatorenblog.de\/wp-content\/uploads\/2020\/09\/shure-55sh-ii-e1601485394796-142x300.jpg 142w\" sizes=\"auto, (max-width: 10px) 100vw, 10px\" \/> Heiko Wasser<\/p>\n\n\n\n<hr class=\"wp-block-separator\"\/>\n\n\n\n<p>Die \u00f6sterreichischen Ansetzungen folgen am Dienstag Vorabend&#8230;<\/p>\n\n\n\n<hr class=\"wp-block-separator\"\/>\n\n\n\n<p><strong>Die Analyse<\/strong><\/p>\n\n\n\n<p><strong>Start mit den W\u00f6lfen<\/strong><\/p>\n\n\n\n<p>Der letzte Spieltag der Champions League startet direkt mit deutscher Beteiligung. RB Leipzig ist bekannterma\u00dfen schon ausgeschieden, die Krisen-gebeutelten Sachsen k\u00f6nnen sich aber noch f\u00fcr die Europa League qualifizieren. Um dies allerdings sicher zu schaffen, ben\u00f6tigt es aber einen Sieg. Der Gegner Manchester City ist allerdings &#8211; auch wenn es bereits sicherer Gruppenerster ist &#8211; kein einfacher. Im Gegensatz zum Aufeinandertreffen der beiden Teams an Spieltag eins in Manchester kommt die \u00dcbertragung von DAZN nun allerdings leider &#8222;nur&#8220; aus dem Space. Rein personell k\u00fcmmert sich wie bereits an Gruppenspieltag f\u00fcnf Lukas Sch\u00f6nm\u00fcller um RB, an seiner Seite sitzt Sebastian Knei\u00dfl. Moderator ist Jan L\u00fcdeke w\u00e4hrend Benni Zander erstmals in dieser Spielzeit als Field-Reporter im Einsatz sein wird. Falls Leipzig nicht gewinnen sollte, geht der Blick nat\u00fcrlich auf das Parallelspiel zwischen Paris und Br\u00fcgge, die Konferenz ist hier also sicherlich nicht verkehrt. Uli Hebel und Holger Pfandt \u00fcbernehmen. <\/p>\n\n\n\n<p><strong>Kein Sammer bei Prime<\/strong><\/p>\n\n\n\n<p>PrimeVideo zeigt den BVB, sportlich geht es allerdings um rein gar nichts. Ab 19.30Uhr meldet sich Sebastian Hellmann somit erstmals in der Gruppenphase ohne Matthias Sammer, doch immerhin Mario Gomez steht im weiterhin treu zur Seite. Doch auch Tabea Kemme geh\u00f6rt ja inzwischen zum Inventar der Expertenrunde, welche vom Ex-Dortmunder Subotic komplettiert wird. In der Hoffnung, das nach dem Spiel keine Gespr\u00e4che \u00fcber Zwayerlei Ma\u00df (sorry, den konnte ich mir nicht nehmen lassen) f\u00fchren zu m\u00fcssen reisen Shary Reeves und Sebastian Benesch nach Dortmund. Im Studio in K\u00f6ln ist Annika Zimmermann zugegen, sie empf\u00e4ngt Patrick Owomoyela und Steffen Baumgart.<\/p>\n\n\n\n<p><strong>DAZN muss ohne deutsche Beteiligung auskommen<\/strong><\/p>\n\n\n\n<p>Die DAZN-Konferenz muss also leider ein drittes Mal in Folge in der sp\u00e4ten Anstosszeit mit einer 5er Konferenz ohne deutsche Beteiligung leben, diese ist mit den Herren Hagemann, Harder, Seepe, Morawe und Stadtler aber \u00e4u\u00dferst gut besetzt. Bei den Einzelspielen stechen die zwei Spiele mit Experte heraus. Zum Einen \u00fcbernehmen Flo Hauser und Christian Bernhard Milan gegen Liverpool und Jan Platte und Benny Lauth die K\u00f6niglichen gegen Inter.<\/p>\n\n\n\n<p>Am Mittwoch Vorabend geht es im Fernduell zwischen Chelsea und Juve um den Gruppensieg in Gruppe H. Jogi Hebel und Marcel Seufert bzw. Ruben Zimmermann und Carsten Fu\u00df \u00fcbernehmen.<\/p>\n\n\n\n<p><strong>Fussballherz was willst du mehr?<\/strong><\/p>\n\n\n\n<p>In der sp\u00e4ten Anstosszeit hei\u00dft es dann all or nothing f\u00fcr den VfL Wolfsburg. Wenn die Niedersachen gewinnen, stehen sie im Achtelfinale der Champions League und wenn nicht, sind sie komplett raus aus dem europ\u00e4ischen Gesch\u00e4ft. DAZN meldet sich ab 20.30 Uhr aus dem Space. In dieser sitzt Tobi Wahnschaffe mit Experte Ralph Gunesch, letzter verfolgte ja bereits das Aufeinandertreffen der beiden Teams an Spieltag eins. Kommentator ist etwas \u00fcberraschend Max Siebald, w\u00e4hrend der W\u00f6lfe-Sympathisant Alex Schl\u00fcter auf Stimmenfang in der Heimat geht. F\u00fcr die Bayern, die parallel gegen Barcelona spielen geht um rein gar nichts mehr, bei den Katalanen sieht dies aber ganz anders aus. DAZN meldet sich mit der kompletten Crew aus der Allianz-Arena, die A-Crew bestehend aus Wontorra, Wagner, Platte und Herzog ist am Start.<\/p>\n\n\n\n<p>In der Konferenz ist Uli Hebel der Mann f\u00fcr die wichtigen deutschen Spiele in der Konferenz, nach Leipzig am Dienstag \u00fcbernimmt er am Mittwoch die W\u00f6lfe. Lukas Sch\u00f6nm\u00fcller wechselt nach Einzelspiel am Dienstag nun auf die Konferenz und \u00fcbernimmt die Bayern. Komplettiert wird das Sextett von den Routiniers Born und Pfandt bzw. Mario Rieker und Tom Kirsten.<\/p>\n\n\n\n<p><strong>Der Europapokal Donnerstag<\/strong><\/p>\n\n\n\n<p>Am Europapokal Donnerstag meldet sich die Viererkette ab 17.30 Uhr aus Frankfurt. In der fr\u00fchen Anstosszeit l\u00e4uft mit der Partie zwischen Fenerbahce und Frankfurt eine mit deutscher Beteiligung. \u00dcbertragen wird diese ausschlie\u00dflich auf RTL+, von daher kommt der Kommentar &#8211; wie so oft bei Spielen der Eintracht &#8211; von Corni K\u00fcpper auch nicht aus dem Stadion. Interviews in Istanbul f\u00fchrt Felix G\u00f6rner. Ansonsten stehen noch drei weitere Spiele mit Christina Graf, Julian Engelhard und Klaus Veltman an.<\/p>\n\n\n\n<p>Ab 20.15 Uhr l\u00e4uft dann im FreeTV die Begegnung zwischen Union und Prag. F\u00fcr die K\u00f6penicker geht es um alles, es braucht einen Sieg zum Weiterkommen. Die \u00fcbliche Crew meldet sich also aus dem Olympia Stadion. Bayer Leverkusen ist zu Gast in Budapest, aus der Box beim Spiel um die goldene Ananas meldet sich Christoph Stadtler, Thomas Wagner f\u00fchrt die Interviews.<\/p>\n\n\n\n<p>Bis dahin w\u00fcnsche ich euch ein sch\u00f6ne Woche und bis n\u00e4chsten Montag an dem ich planweise auf die erste Gruppenphase der neuen Rechteperiode blicken werde!<\/p>\n","protected":false},"excerpt":{"rendered":"<p>N&#8217;Abend allerseits, Bedingt durch zeitliche Engp\u00e4sse steht heute mein siebter Beitrag in 49 Tagen an. So gro\u00df meine Leidenschaft und Freude hier ist, so habe ich leider mit 36+ Stunden w\u00f6chentlicher Arbeit nicht immer Zeit f\u00fcr ein ausf\u00fchrliches Vorwort. Zum Abschluss des Jahres werde ich darauf aber genauer eingehen. Allerdings bereits vorweg, eine Addition f\u00fcr [&hellip;]<\/p>\n","protected":false},"author":5,"featured_media":0,"comment_status":"open","ping_status":"open","sticky":false,"template":"","format":"standard","meta":{"footnotes":""},"categories":[425],"tags":[610,517,596,617,337,21,166,131,164,35,615,668,171,614,262,212,13,611,132,120,295,616,90,123,48,347,69,315,612,53,75,44,357,205,276,43,521,243,223,283,279,114,667,191,41,183,588,627,108,162,656,301,350,189,98,222,607,394,154,624,151,639,33,252,200,105,149],"class_list":["post-11281","post","type-post","status-publish","format-standard","hentry","category-champions-league-und-co","tag-andres-veredas","tag-anna-kraft","tag-annika-zimmermann","tag-arnd-zeigler","tag-benedikt-hoewedes","tag-benni-zander","tag-benny-lauth","tag-carsten-fuss","tag-christian-bernhard","tag-christian-strassburger","tag-christina-graf","tag-christoph-kueppers","tag-christoph-stadtler","tag-cornelius-kuepper","tag-daniel-guenther","tag-daniel-herzog","tag-dazn","tag-felix-goerner","tag-flo-hauser","tag-franz-buechner","tag-freddy-harder","tag-heiko-wasser","tag-holger-pfandt","tag-jan-luedeke","tag-jan-platte","tag-joachim-hebel","tag-jonas-friedrich","tag-julian-engelhard","tag-karl-heinz-riedle","tag-klaus-veltmann","tag-laura-papendick","tag-laura-wontorra","tag-lukas-podolski","tag-lukas-schoenmueller","tag-marcel-seufert","tag-marco-hagemann","tag-mario-gomez","tag-mario-rieker","tag-matthias-naebers","tag-max-gross","tag-max-siebald","tag-michael-born","tag-neven-subotic","tag-nico-seepe","tag-nitro","tag-oliver-forster","tag-patrick-owomoyela","tag-peter-hyballa","tag-ralph-gunesch","tag-robby-hunke","tag-rtl-2","tag-ruben-zimmermann","tag-sandro-wagner","tag-sebastian-benesch","tag-sebastian-hellmann","tag-sebastian-kneissl","tag-shary-reeves","tag-stefan-fuckert","tag-stefan-galler","tag-steffen-baumgart","tag-steffen-freund","tag-tabea-kemme","tag-thomas-wagner","tag-tobi-wahnschaffe","tag-tom-kirsten","tag-uli-hebel","tag-uwe-morawe"],"_links":{"self":[{"href":"https:\/\/kommentatorenblog.de\/index.php?rest_route=\/wp\/v2\/posts\/11281","targetHints":{"allow":["GET"]}}],"collection":[{"href":"https:\/\/kommentatorenblog.de\/index.php?rest_route=\/wp\/v2\/posts"}],"about":[{"href":"https:\/\/kommentatorenblog.de\/index.php?rest_route=\/wp\/v2\/types\/post"}],"author":[{"embeddable":true,"href":"https:\/\/kommentatorenblog.de\/index.php?rest_route=\/wp\/v2\/users\/5"}],"replies":[{"embeddable":true,"href":"https:\/\/kommentatorenblog.de\/index.php?rest_route=%2Fwp%2Fv2%2Fcomments&post=11281"}],"version-history":[{"count":8,"href":"https:\/\/kommentatorenblog.de\/index.php?rest_route=\/wp\/v2\/posts\/11281\/revisions"}],"predecessor-version":[{"id":11297,"href":"https:\/\/kommentatorenblog.de\/index.php?rest_route=\/wp\/v2\/posts\/11281\/revisions\/11297"}],"wp:attachment":[{"href":"https:\/\/kommentatorenblog.de\/index.php?rest_route=%2Fwp%2Fv2%2Fmedia&parent=11281"}],"wp:term":[{"taxonomy":"category","embeddable":true,"href":"https:\/\/kommentatorenblog.de\/index.php?rest_route=%2Fwp%2Fv2%2Fcategories&post=11281"},{"taxonomy":"post_tag","embeddable":true,"href":"https:\/\/kommentatorenblog.de\/index.php?rest_route=%2Fwp%2Fv2%2Ftags&post=11281"}],"curies":[{"name":"wp","href":"https:\/\/api.w.org\/{rel}","templated":true}]}}