{"id":11398,"date":"2021-12-16T20:56:32","date_gmt":"2021-12-16T18:56:32","guid":{"rendered":"http:\/\/kommentatorenblog.de\/?p=11398"},"modified":"2021-12-20T19:13:18","modified_gmt":"2021-12-20T17:13:18","slug":"1220-winterpause","status":"publish","type":"post","link":"https:\/\/kommentatorenblog.de\/?p=11398","title":{"rendered":"1220 &#8211; Winterpause"},"content":{"rendered":"\n<p class=\"has-medium-font-size\"><strong>Update<\/strong><\/p>\n\n\n\n<p>N\u00b4Abend allerseits,<\/p>\n\n\n\n<p><span style=\"text-decoration: underline;\">Montag, 20. Dezember 2021<\/span><\/p>\n\n\n\n<p><strong><em>FC Fulham <strong><em>\u2013<\/em><\/strong> Sheffield United (20.45 Uhr)<\/em><\/strong> Sky Bet Championship (23. Spieltag)<\/p>\n\n\n\n<p><img loading=\"lazy\" decoding=\"async\" width=\"10\" height=\"21\" class=\"wp-image-3656\" style=\"width: 10px;\" src=\"http:\/\/kommentatorenblog.de\/wp-content\/uploads\/2020\/09\/shure-55sh-ii-e1601485394796.jpg\" alt=\"\" srcset=\"https:\/\/kommentatorenblog.de\/wp-content\/uploads\/2020\/09\/shure-55sh-ii-e1601485394796.jpg 415w, https:\/\/kommentatorenblog.de\/wp-content\/uploads\/2020\/09\/shure-55sh-ii-e1601485394796-142x300.jpg 142w\" sizes=\"auto, (max-width: 10px) 100vw, 10px\" \/> Christian Blunck<\/p>\n\n\n\n<p><span style=\"text-decoration: underline;\">Mittwoch 22. Dezember 2021<\/span><\/p>\n\n\n\n<p><strong><em>SC Heerenveen \u2013 Feyenoord Rotterdam (18.45 Uhr)<\/em><\/strong> Eredivisie (18. Spieltag)<\/p>\n\n\n\n<p><img loading=\"lazy\" decoding=\"async\" width=\"10\" height=\"21\" class=\"wp-image-3656\" style=\"width: 10px;\" src=\"http:\/\/kommentatorenblog.de\/wp-content\/uploads\/2020\/09\/shure-55sh-ii-e1601485394796.jpg\" alt=\"\" srcset=\"https:\/\/kommentatorenblog.de\/wp-content\/uploads\/2020\/09\/shure-55sh-ii-e1601485394796.jpg 415w, https:\/\/kommentatorenblog.de\/wp-content\/uploads\/2020\/09\/shure-55sh-ii-e1601485394796-142x300.jpg 142w\" sizes=\"auto, (max-width: 10px) 100vw, 10px\" \/> Ulf Kahmke<\/p>\n\n\n\n<p><strong><em>Ajax Amsterdam \u2013 Fortuna Sittard<\/em><\/strong> <strong><em>(21.00 Uhr)<\/em><\/strong> Eredivisie (18. Spieltag)<\/p>\n\n\n\n<p><img loading=\"lazy\" decoding=\"async\" width=\"10\" height=\"21\" class=\"wp-image-3656\" style=\"width: 10px;\" src=\"http:\/\/kommentatorenblog.de\/wp-content\/uploads\/2020\/09\/shure-55sh-ii-e1601485394796.jpg\" alt=\"\" srcset=\"https:\/\/kommentatorenblog.de\/wp-content\/uploads\/2020\/09\/shure-55sh-ii-e1601485394796.jpg 415w, https:\/\/kommentatorenblog.de\/wp-content\/uploads\/2020\/09\/shure-55sh-ii-e1601485394796-142x300.jpg 142w\" sizes=\"auto, (max-width: 10px) 100vw, 10px\" \/> Marcus Radefeld<\/p>\n\n\n\n<p><span style=\"text-decoration: underline;\">Donnerstag, 23. Dezember 2021<\/span> <\/p>\n\n\n\n<p><strong><em>PSV Eindhoven \u2013 Go Ahead Eagles<\/em><\/strong> <strong><em>(18.45 Uhr)<\/em><\/strong> Eredivisie (18. Spieltag)<\/p>\n\n\n\n<p><img loading=\"lazy\" decoding=\"async\" width=\"10\" height=\"21\" class=\"wp-image-3656\" style=\"width: 10px;\" src=\"http:\/\/kommentatorenblog.de\/wp-content\/uploads\/2020\/09\/shure-55sh-ii-e1601485394796.jpg\" alt=\"\" srcset=\"https:\/\/kommentatorenblog.de\/wp-content\/uploads\/2020\/09\/shure-55sh-ii-e1601485394796.jpg 415w, https:\/\/kommentatorenblog.de\/wp-content\/uploads\/2020\/09\/shure-55sh-ii-e1601485394796-142x300.jpg 142w\" sizes=\"auto, (max-width: 10px) 100vw, 10px\" \/> Ulf Kahmke <\/p>\n\n\n\n<p>nach dem 16. Spieltag unter der Woche steht nun an diesem Woche der 17. Spieltag, das Hinrunden- Ende und somit auch der letzte Bundesliga- Spieltag f\u00fcr dieses Jahr an. Ein letztes Mal f\u00fcr dieses Jahr Bundesliga also. Doch nach nicht einmal drei Wochen wird es am 07.01 mit der Begegnung des FC Bayern gegen die Borussen aus Gladbach weitergehen. F\u00fcr alle fu\u00dfballbegeisterten sei aber gesagt, dass in dieser Pause trotzdem nicht auf Fu\u00dfball verzichten m\u00fcssen. So steht in der Premier League am 26.12 der Boxing- Day an, sowie zwei weitere Spieltage bis zum 02. Januar. Auch die Primera Division steigt fr\u00fcher als die Bundesliga wieder ein und spielt ab Silvester den 19. Spieltag aus.<\/p>\n\n\n\n<p>Es gibt also gen\u00fcgend M\u00f6glichkeiten in den kommenden Wochen Fu\u00dfball zu verfolgen. Aber nicht nur den, denn zur Weihnachtszeit gibt es nat\u00fcrlich auch wieder jede Menge Wintersport. In dem Olympia- Winter geht es f\u00fcr die Athletinnen und Athleten darum, sich, sofern noch nicht geschehen, die Norm f\u00fcr die olympischen Spiele zu sichern. In der Regel hei\u00dft dies zweimal Top 15 oder einmal Top 8 (mit Ausnahme wie z.B. im Bob, Rodeln, Skeleton,..). <\/p>\n\n\n\n<p>Daneben stehen dann aber auch noch zwei weitere Highlights um den Jahreswechsel, und zwar bei den Skispringern die Vierschanzentournee und die Tour de Ski im Langlauf. Die Langl\u00e4uferinnen und Langl\u00e4ufer gastieren an diesem Wochenende im \u00dcbrigen in Dresden um am Elbufer sich Weltcup- Punkte im Sprint zu ergattern. Und vielleicht gelingt der ein oder anderen gar eine (Teil-) Norm f\u00fcr die olympischen Spiele. Bei den Herren d\u00fcrfte dies eher schwierig werden, hier w\u00e4re eine Top 30- Platzierung schon ein Erfolg.<\/p>\n\n\n\n<p>F\u00fcr die Skispringer geht es nach dem durchwachsenen Weltcup in Klingenthal traditionell beim letzten Weltcup vor der Tournee in Engelberg weiter, mit der Hoffnung, hier das Podest zu erreichen. Denn dies gelang in Klingenthal &#8222;nur&#8220; Katharina Althaus, f\u00fcr die es samt Kolleginnen sowie den Kombiniererinnen und Kombinieren in Ramsau auf Podestjagd geht.<\/p>\n\n\n\n<p>Die Bundesliga- Teams gehen unterdessen auf Punktejagd und die Ansetzungen gibt es wie gewohnt im Folgenden.<\/p>\n\n\n\n<hr class=\"wp-block-separator\"\/>\n\n\n\n<p><strong><em>Die Ansetzungen vom 17. Dezember bis zum 20. Dezember 2021<\/em><\/strong><\/p>\n\n\n\n<p><strong>Bundesliga, 17. Spieltag<\/strong><\/p>\n\n\n\n<p><span style=\"text-decoration: underline;\">Freitag, 17. Dezember 2021, ab 19.30 Uhr (DAZN)<\/span>, <span style=\"text-decoration: underline;\">ab 18.55 Uhr (Sat1)<\/span><\/p>\n\n\n\n<p><strong><em>FC Bayern M\u00fcnchen \u2013 VfL Wolfsburg (20.30 Uhr)<\/em><\/strong><\/p>\n\n\n\n<p class=\"has-normal-font-size\"><img loading=\"lazy\" decoding=\"async\" width=\"10\" height=\"21\" class=\"wp-image-3656\" style=\"width: 10px;\" src=\"http:\/\/kommentatorenblog.de\/wp-content\/uploads\/2020\/09\/shure-55sh-ii-e1601485394796.jpg\" alt=\"\" srcset=\"https:\/\/kommentatorenblog.de\/wp-content\/uploads\/2020\/09\/shure-55sh-ii-e1601485394796.jpg 415w, https:\/\/kommentatorenblog.de\/wp-content\/uploads\/2020\/09\/shure-55sh-ii-e1601485394796-142x300.jpg 142w\" sizes=\"auto, (max-width: 10px) 100vw, 10px\" \/> DAZN: Marco Hagemann, Experte: Ralph Gunesch<\/p>\n\n\n\n<p><img loading=\"lazy\" decoding=\"async\" width=\"10\" height=\"21\" class=\"wp-image-3656\" style=\"width: 10px;\" src=\"http:\/\/kommentatorenblog.de\/wp-content\/uploads\/2020\/09\/shure-55sh-ii-e1601485394796.jpg\" alt=\"\" srcset=\"https:\/\/kommentatorenblog.de\/wp-content\/uploads\/2020\/09\/shure-55sh-ii-e1601485394796.jpg 415w, https:\/\/kommentatorenblog.de\/wp-content\/uploads\/2020\/09\/shure-55sh-ii-e1601485394796-142x300.jpg 142w\" sizes=\"auto, (max-width: 10px) 100vw, 10px\" \/>  Sat1: Wolff Fuss<\/p>\n\n\n\n<p>Moderation (DAZN): Laura Wontorra, Field-Reporter: Daniel Herzog<\/p>\n\n\n\n<p>Moderation (Sat1): Matthias Opdenh\u00f6vel, Experte Stefan Kuntz, Field- Reporter: Matthias Killing<\/p>\n\n\n\n<p><span style=\"text-decoration: underline;\">Samstag, 18. Dezember 2021, ab 14.00 Uhr (Sky)<\/span><\/p>\n\n\n\n<p><strong><em>VfL Bochum <strong><em>\u2013<\/em><\/strong> Union Berlin (15.30 Uhr)<\/em><\/strong><\/p>\n\n\n\n<p class=\"has-normal-font-size\"><img loading=\"lazy\" decoding=\"async\" width=\"10\" height=\"21\" class=\"wp-image-3656\" style=\"width: 10px;\" src=\"http:\/\/kommentatorenblog.de\/wp-content\/uploads\/2020\/09\/shure-55sh-ii-e1601485394796.jpg\" alt=\"\" srcset=\"https:\/\/kommentatorenblog.de\/wp-content\/uploads\/2020\/09\/shure-55sh-ii-e1601485394796.jpg 415w, https:\/\/kommentatorenblog.de\/wp-content\/uploads\/2020\/09\/shure-55sh-ii-e1601485394796-142x300.jpg 142w\" sizes=\"auto, (max-width: 10px) 100vw, 10px\" \/> Torsten Kunde (Einzelspiel), Roland Evers (Konferenz)<\/p>\n\n\n\n<p>Field-Reporter:  Dirk gro\u00dfe Schlarmann<\/p>\n\n\n\n<p><strong><em>Eintracht Frankfurt <strong><em>\u2013<\/em><\/strong> FSV Mainz 05 (15.30 Uhr)<\/em><\/strong><\/p>\n\n\n\n<p class=\"has-normal-font-size\"><img loading=\"lazy\" decoding=\"async\" width=\"10\" height=\"21\" class=\"wp-image-3656\" style=\"width: 10px;\" src=\"http:\/\/kommentatorenblog.de\/wp-content\/uploads\/2020\/09\/shure-55sh-ii-e1601485394796.jpg\" alt=\"\" srcset=\"https:\/\/kommentatorenblog.de\/wp-content\/uploads\/2020\/09\/shure-55sh-ii-e1601485394796.jpg 415w, https:\/\/kommentatorenblog.de\/wp-content\/uploads\/2020\/09\/shure-55sh-ii-e1601485394796-142x300.jpg 142w\" sizes=\"auto, (max-width: 10px) 100vw, 10px\" \/> Klaus Veltman (Einzelspiel), Hansi K\u00fcpper (Konferenz)<\/p>\n\n\n\n<p>Field-Reporterin: Britta Hofmann<\/p>\n\n\n\n<p><strong><em>TSG 1899 Hoffenheim <strong><em>\u2013<\/em><\/strong> Borussia M\u00f6nchengladbach (15.30 Uhr)<\/em><\/strong><\/p>\n\n\n\n<p class=\"has-normal-font-size\"><img loading=\"lazy\" decoding=\"async\" width=\"10\" height=\"21\" class=\"wp-image-3656\" style=\"width: 10px;\" src=\"http:\/\/kommentatorenblog.de\/wp-content\/uploads\/2020\/09\/shure-55sh-ii-e1601485394796.jpg\" alt=\"\" srcset=\"https:\/\/kommentatorenblog.de\/wp-content\/uploads\/2020\/09\/shure-55sh-ii-e1601485394796.jpg 415w, https:\/\/kommentatorenblog.de\/wp-content\/uploads\/2020\/09\/shure-55sh-ii-e1601485394796-142x300.jpg 142w\" sizes=\"auto, (max-width: 10px) 100vw, 10px\" \/> Kai Dittmann (Einzelspiel), Jonas Friedrich (Konferenz)<\/p>\n\n\n\n<p>Field-Reporter: Jens Westen<\/p>\n\n\n\n<p><strong><em>SpVgg Greuther F\u00fcrth <strong><em>\u2013<\/em><\/strong> FC Augsburg (15.30 Uhr)<\/em><\/strong><\/p>\n\n\n\n<p class=\"has-normal-font-size\"><img loading=\"lazy\" decoding=\"async\" width=\"10\" height=\"21\" class=\"wp-image-3656\" style=\"width: 10px;\" src=\"http:\/\/kommentatorenblog.de\/wp-content\/uploads\/2020\/09\/shure-55sh-ii-e1601485394796.jpg\" alt=\"\" srcset=\"https:\/\/kommentatorenblog.de\/wp-content\/uploads\/2020\/09\/shure-55sh-ii-e1601485394796.jpg 415w, https:\/\/kommentatorenblog.de\/wp-content\/uploads\/2020\/09\/shure-55sh-ii-e1601485394796-142x300.jpg 142w\" sizes=\"auto, (max-width: 10px) 100vw, 10px\" \/> Marcel Meinert (Einzelspiel), Toni Tomic (Konferenz)<\/p>\n\n\n\n<p>Field-Reporter: Ricardo Basile<\/p>\n\n\n\n<p><strong><em>RB Leipzig <strong><em>\u2013<\/em><\/strong> Arminia Bielefeld (15.30 Uhr)<\/em><\/strong><\/p>\n\n\n\n<p class=\"has-normal-font-size\"><img loading=\"lazy\" decoding=\"async\" width=\"10\" height=\"21\" class=\"wp-image-3656\" style=\"width: 10px;\" src=\"http:\/\/kommentatorenblog.de\/wp-content\/uploads\/2020\/09\/shure-55sh-ii-e1601485394796.jpg\" alt=\"\" srcset=\"https:\/\/kommentatorenblog.de\/wp-content\/uploads\/2020\/09\/shure-55sh-ii-e1601485394796.jpg 415w, https:\/\/kommentatorenblog.de\/wp-content\/uploads\/2020\/09\/shure-55sh-ii-e1601485394796-142x300.jpg 142w\" sizes=\"auto, (max-width: 10px) 100vw, 10px\" \/> Oliver Seidler (Einzelspiel), Florian Schmidt- Sommerfeld (Konferenz)<\/p>\n\n\n\n<p>Field-Reporterin: Katharina Kleinfeldt<\/p>\n\n\n\n<p>Moderation: Michael Leopold, Experte: Didi Hamann<\/p>\n\n\n\n<p><span style=\"text-decoration: underline;\">ab 17.30 Uhr (Sky)<\/span><\/p>\n\n\n\n<p><strong><em>Hertha BSC <strong><em>\u2013<\/em><\/strong> Borussia Dortmund (18.30 Uhr)<\/em><\/strong><\/p>\n\n\n\n<p class=\"has-normal-font-size\"><img loading=\"lazy\" decoding=\"async\" width=\"10\" height=\"21\" class=\"wp-image-3656\" style=\"width: 10px;\" src=\"http:\/\/kommentatorenblog.de\/wp-content\/uploads\/2020\/09\/shure-55sh-ii-e1601485394796.jpg\" alt=\"\" srcset=\"https:\/\/kommentatorenblog.de\/wp-content\/uploads\/2020\/09\/shure-55sh-ii-e1601485394796.jpg 415w, https:\/\/kommentatorenblog.de\/wp-content\/uploads\/2020\/09\/shure-55sh-ii-e1601485394796-142x300.jpg 142w\" sizes=\"auto, (max-width: 10px) 100vw, 10px\" \/> Wolff Fuss<\/p>\n\n\n\n<p>Field-Reporter: Martin Gro\u00df<\/p>\n\n\n\n<p>Moderation: Sebastian Hellmann, Experte: Lothar Matth\u00e4us<\/p>\n\n\n\n<p><span style=\"text-decoration: underline;\">Sonntag, 12. Dezember 2021, ab 15.00 Uhr (DAZN)<\/span><\/p>\n\n\n\n<p><strong><em>SC Freiburg \u2013 Bayer 04 Leverkusen (15.30 Uhr)<\/em><\/strong><\/p>\n\n\n\n<p class=\"has-normal-font-size\"><img loading=\"lazy\" decoding=\"async\" width=\"10\" height=\"21\" class=\"wp-image-3656\" style=\"width: 10px;\" src=\"http:\/\/kommentatorenblog.de\/wp-content\/uploads\/2020\/09\/shure-55sh-ii-e1601485394796.jpg\" alt=\"\" srcset=\"https:\/\/kommentatorenblog.de\/wp-content\/uploads\/2020\/09\/shure-55sh-ii-e1601485394796.jpg 415w, https:\/\/kommentatorenblog.de\/wp-content\/uploads\/2020\/09\/shure-55sh-ii-e1601485394796-142x300.jpg 142w\" sizes=\"auto, (max-width: 10px) 100vw, 10px\" \/> Jan Platte, Experte: Ralph Gunesch <\/p>\n\n\n\n<p>Moderation: Tobi Wahnschaffe, Field-Reporterin: Ann-Sophie Kimmel <\/p>\n\n\n\n<p><span style=\"text-decoration: underline;\">ab 16.30 Uhr (DAZN)<\/span><\/p>\n\n\n\n<p><strong><em>1.FC K\u00f6ln \u2013 VfB Stuttgart (17.30 Uhr)<\/em><\/strong><\/p>\n\n\n\n<p class=\"has-normal-font-size\"><img loading=\"lazy\" decoding=\"async\" width=\"10\" height=\"21\" class=\"wp-image-3656\" style=\"width: 10px;\" src=\"http:\/\/kommentatorenblog.de\/wp-content\/uploads\/2020\/09\/shure-55sh-ii-e1601485394796.jpg\" alt=\"\" srcset=\"https:\/\/kommentatorenblog.de\/wp-content\/uploads\/2020\/09\/shure-55sh-ii-e1601485394796.jpg 415w, https:\/\/kommentatorenblog.de\/wp-content\/uploads\/2020\/09\/shure-55sh-ii-e1601485394796-142x300.jpg 142w\" sizes=\"auto, (max-width: 10px) 100vw, 10px\" \/> Uli Hebel, Experte: Benny Lauth <\/p>\n\n\n\n<p>Moderation: Lukas Sch\u00f6nm\u00fcller, Field-Reporter: Alex Schl\u00fcter<\/p>\n\n\n\n<hr class=\"wp-block-separator\"\/>\n\n\n\n<p><strong>2<\/strong>. <strong>Bundesliga, 17. Spieltag<\/strong><\/p>\n\n\n\n<p><span style=\"text-decoration: underline;\">Freitag, 17. Dezember 2021, ab 18.00 Uhr (Sky)<\/span> <\/p>\n\n\n\n<p><strong><em>Konferenz (18.30 Uhr) <\/em><\/strong><\/p>\n\n\n\n<p><img loading=\"lazy\" decoding=\"async\" width=\"10\" height=\"21\" class=\"wp-image-3656\" style=\"width: 10px;\" src=\"http:\/\/kommentatorenblog.de\/wp-content\/uploads\/2020\/09\/shure-55sh-ii-e1601485394796.jpg\" alt=\"\" srcset=\"https:\/\/kommentatorenblog.de\/wp-content\/uploads\/2020\/09\/shure-55sh-ii-e1601485394796.jpg 415w, https:\/\/kommentatorenblog.de\/wp-content\/uploads\/2020\/09\/shure-55sh-ii-e1601485394796-142x300.jpg 142w\" sizes=\"auto, (max-width: 10px) 100vw, 10px\" \/> Jonas Friedrich (Fokus auf STP-KIE) <\/p>\n\n\n\n<p><strong><em>Fortuna D\u00fcsseldorf  <strong><em>\u2013 <\/em><\/strong> SV Sandhausen<\/em><\/strong> <strong><em>(18.30 Uhr) <\/em><\/strong><\/p>\n\n\n\n<p><img loading=\"lazy\" decoding=\"async\" width=\"10\" height=\"21\" class=\"wp-image-3656\" style=\"width: 10px;\" src=\"http:\/\/kommentatorenblog.de\/wp-content\/uploads\/2020\/09\/shure-55sh-ii-e1601485394796.jpg\" alt=\"\" srcset=\"https:\/\/kommentatorenblog.de\/wp-content\/uploads\/2020\/09\/shure-55sh-ii-e1601485394796.jpg 415w, https:\/\/kommentatorenblog.de\/wp-content\/uploads\/2020\/09\/shure-55sh-ii-e1601485394796-142x300.jpg 142w\" sizes=\"auto, (max-width: 10px) 100vw, 10px\" \/> Hannes Herrmann, Field-Reporter: Schalte<\/p>\n\n\n\n<p><strong><em>Holstein Kiel  <strong><em>\u2013 <\/em><\/strong> FC St. Pauli (18.30 Uhr) <\/em><\/strong><\/p>\n\n\n\n<p><img loading=\"lazy\" decoding=\"async\" width=\"10\" height=\"21\" class=\"wp-image-3656\" style=\"width: 10px;\" src=\"http:\/\/kommentatorenblog.de\/wp-content\/uploads\/2020\/09\/shure-55sh-ii-e1601485394796.jpg\" alt=\"\" srcset=\"https:\/\/kommentatorenblog.de\/wp-content\/uploads\/2020\/09\/shure-55sh-ii-e1601485394796.jpg 415w, https:\/\/kommentatorenblog.de\/wp-content\/uploads\/2020\/09\/shure-55sh-ii-e1601485394796-142x300.jpg 142w\" sizes=\"auto, (max-width: 10px) 100vw, 10px\" \/> Oliver Seidler, Field-Reporter: Marcus J\u00fcrgensen<\/p>\n\n\n\n<p>Moderation: Stefan Hempel<\/p>\n\n\n\n<p><span style=\"text-decoration: underline;\">Samstag, 18. Dezember 2021, ab 13.00 Uhr (Sky)<\/span><\/p>\n\n\n\n<p><strong><em>Konferenz (13.30 Uhr)<\/em><\/strong><\/p>\n\n\n\n<p><img loading=\"lazy\" decoding=\"async\" width=\"10\" height=\"21\" class=\"wp-image-3656\" style=\"width: 10px;\" src=\"http:\/\/kommentatorenblog.de\/wp-content\/uploads\/2020\/09\/shure-55sh-ii-e1601485394796.jpg\" alt=\"\" srcset=\"https:\/\/kommentatorenblog.de\/wp-content\/uploads\/2020\/09\/shure-55sh-ii-e1601485394796.jpg 415w, https:\/\/kommentatorenblog.de\/wp-content\/uploads\/2020\/09\/shure-55sh-ii-e1601485394796-142x300.jpg 142w\" sizes=\"auto, (max-width: 10px) 100vw, 10px\" \/> Sven Schr\u00f6ter (Fokus Aue-FCN ) <\/p>\n\n\n\n<p><strong><em>FC Erzgebirge Aue  <strong><em><strong><em>\u2013 <\/em><\/strong> <\/em><\/strong> 1. FC N\u00fcrnberg (13.30 Uhr)<\/em><\/strong><\/p>\n\n\n\n<p><img loading=\"lazy\" decoding=\"async\" width=\"10\" height=\"21\" class=\"wp-image-3656\" style=\"width: 10px;\" src=\"http:\/\/kommentatorenblog.de\/wp-content\/uploads\/2020\/09\/shure-55sh-ii-e1601485394796.jpg\" alt=\"\" srcset=\"https:\/\/kommentatorenblog.de\/wp-content\/uploads\/2020\/09\/shure-55sh-ii-e1601485394796.jpg 415w, https:\/\/kommentatorenblog.de\/wp-content\/uploads\/2020\/09\/shure-55sh-ii-e1601485394796-142x300.jpg 142w\" sizes=\"auto, (max-width: 10px) 100vw, 10px\" \/> Jaron Steiner;  <img loading=\"lazy\" decoding=\"async\" width=\"10\" height=\"21\" class=\"wp-image-3656\" style=\"width: 10px;\" src=\"http:\/\/kommentatorenblog.de\/wp-content\/uploads\/2020\/09\/shure-55sh-ii-e1601485394796.jpg\" alt=\"\" srcset=\"https:\/\/kommentatorenblog.de\/wp-content\/uploads\/2020\/09\/shure-55sh-ii-e1601485394796.jpg 415w, https:\/\/kommentatorenblog.de\/wp-content\/uploads\/2020\/09\/shure-55sh-ii-e1601485394796-142x300.jpg 142w\" sizes=\"auto, (max-width: 10px) 100vw, 10px\" \/>   Field- Reporter: Ulli Potofski  <\/p>\n\n\n\n<p><strong><em>FC Ingolstadt  <strong><em><strong><em>\u2013 <\/em><\/strong>Dynamo Dresden<\/em><\/strong><\/em><\/strong> <strong><em>(13.30 Uhr)<\/em><\/strong><\/p>\n\n\n\n<p><img loading=\"lazy\" decoding=\"async\" width=\"10\" height=\"21\" class=\"wp-image-3656\" style=\"width: 10px;\" src=\"http:\/\/kommentatorenblog.de\/wp-content\/uploads\/2020\/09\/shure-55sh-ii-e1601485394796.jpg\" alt=\"\" srcset=\"https:\/\/kommentatorenblog.de\/wp-content\/uploads\/2020\/09\/shure-55sh-ii-e1601485394796.jpg 415w, https:\/\/kommentatorenblog.de\/wp-content\/uploads\/2020\/09\/shure-55sh-ii-e1601485394796-142x300.jpg 142w\" sizes=\"auto, (max-width: 10px) 100vw, 10px\" \/> Martin Weinberger; Interviews Schalte<\/p>\n\n\n\n<p><strong><em>SC Paderborn <strong><em><strong><em>\u2013 <\/em><\/strong>1.FC Heidenheim (<\/em><\/strong><\/em><\/strong><strong><em>13.30 Uhr)<\/em><\/strong><\/p>\n\n\n\n<p><img loading=\"lazy\" decoding=\"async\" width=\"10\" height=\"21\" class=\"wp-image-3656\" style=\"width: 10px;\" src=\"http:\/\/kommentatorenblog.de\/wp-content\/uploads\/2020\/09\/shure-55sh-ii-e1601485394796.jpg\" alt=\"\" srcset=\"https:\/\/kommentatorenblog.de\/wp-content\/uploads\/2020\/09\/shure-55sh-ii-e1601485394796.jpg 415w, https:\/\/kommentatorenblog.de\/wp-content\/uploads\/2020\/09\/shure-55sh-ii-e1601485394796-142x300.jpg 142w\" sizes=\"auto, (max-width: 10px) 100vw, 10px\" \/> Markus Gaupp <\/p>\n\n\n\n<p>Moderation: Peter Hardenacke<\/p>\n\n\n\n<p><span style=\"text-decoration: underline;\">ab 19.30 Uhr (SPORT1) \/ ab 20.00 Uhr (Sky)<\/span><\/p>\n\n\n\n<p><strong><em>Hamburger SV \u2013 FC Schalke 04 (20.30 Uhr)<\/em><\/strong><\/p>\n\n\n\n<p>SPORT1: <img loading=\"lazy\" decoding=\"async\" width=\"10\" height=\"21\" class=\"wp-image-3656\" style=\"width: 10px;\" src=\"http:\/\/kommentatorenblog.de\/wp-content\/uploads\/2020\/09\/shure-55sh-ii-e1601485394796.jpg\" alt=\"\" srcset=\"https:\/\/kommentatorenblog.de\/wp-content\/uploads\/2020\/09\/shure-55sh-ii-e1601485394796.jpg 415w, https:\/\/kommentatorenblog.de\/wp-content\/uploads\/2020\/09\/shure-55sh-ii-e1601485394796-142x300.jpg 142w\" sizes=\"auto, (max-width: 10px) 100vw, 10px\" \/> Markus H\u00f6hner, Field-Reporter: Hartwig Th\u00f6ne<\/p>\n\n\n\n<p>Sky: <img loading=\"lazy\" decoding=\"async\" width=\"10\" height=\"21\" class=\"wp-image-3656\" style=\"width: 10px;\" src=\"http:\/\/kommentatorenblog.de\/wp-content\/uploads\/2020\/09\/shure-55sh-ii-e1601485394796.jpg\" alt=\"\" srcset=\"https:\/\/kommentatorenblog.de\/wp-content\/uploads\/2020\/09\/shure-55sh-ii-e1601485394796.jpg 415w, https:\/\/kommentatorenblog.de\/wp-content\/uploads\/2020\/09\/shure-55sh-ii-e1601485394796-142x300.jpg 142w\" sizes=\"auto, (max-width: 10px) 100vw, 10px\" \/> Stefan Hempel, Experte: Torsten Mattuschka<\/p>\n\n\n\n<p>Moderation (SPORT1): Ruth Hofmann, Experte: Markus Babbel <\/p>\n\n\n\n<p><span style=\"text-decoration: underline;\">Sonntag, 19. Dezember 2021, ab 13.00 Uhr (Sky)<\/span><\/p>\n\n\n\n<p><strong><em>Konferenz (13.30 Uhr)<\/em><\/strong><\/p>\n\n\n\n<p><img loading=\"lazy\" decoding=\"async\" width=\"10\" height=\"21\" class=\"wp-image-3656\" style=\"width: 10px;\" src=\"http:\/\/kommentatorenblog.de\/wp-content\/uploads\/2020\/09\/shure-55sh-ii-e1601485394796.jpg\" alt=\"\" srcset=\"https:\/\/kommentatorenblog.de\/wp-content\/uploads\/2020\/09\/shure-55sh-ii-e1601485394796.jpg 415w, https:\/\/kommentatorenblog.de\/wp-content\/uploads\/2020\/09\/shure-55sh-ii-e1601485394796-142x300.jpg 142w\" sizes=\"auto, (max-width: 10px) 100vw, 10px\" \/> Roland Evers (Fokus auf H96-SVW) <\/p>\n\n\n\n<p><strong><em>SSV Jahn Regensburg  <strong><em><strong><em>\u2013 SV Darmstadt 98<\/em><\/strong><\/em><\/strong><\/em><\/strong><strong><em>(13.30 Uhr)<\/em><\/strong><\/p>\n\n\n\n<p><img loading=\"lazy\" decoding=\"async\" width=\"10\" height=\"21\" class=\"wp-image-3656\" style=\"width: 10px;\" src=\"http:\/\/kommentatorenblog.de\/wp-content\/uploads\/2020\/09\/shure-55sh-ii-e1601485394796.jpg\" alt=\"\" srcset=\"https:\/\/kommentatorenblog.de\/wp-content\/uploads\/2020\/09\/shure-55sh-ii-e1601485394796.jpg 415w, https:\/\/kommentatorenblog.de\/wp-content\/uploads\/2020\/09\/shure-55sh-ii-e1601485394796-142x300.jpg 142w\" sizes=\"auto, (max-width: 10px) 100vw, 10px\" \/> Sascha Roos, Interviews: Schalte <\/p>\n\n\n\n<p><strong><em>Karlsruher SC  <strong><em><strong><em>\u2013 <\/em><\/strong> <\/em><\/strong>Hansa Rostock (13.30 Uhr)<\/em><\/strong><\/p>\n\n\n\n<p><img loading=\"lazy\" decoding=\"async\" width=\"10\" height=\"21\" class=\"wp-image-3656\" style=\"width: 10px;\" src=\"http:\/\/kommentatorenblog.de\/wp-content\/uploads\/2020\/09\/shure-55sh-ii-e1601485394796.jpg\" alt=\"\" srcset=\"https:\/\/kommentatorenblog.de\/wp-content\/uploads\/2020\/09\/shure-55sh-ii-e1601485394796.jpg 415w, https:\/\/kommentatorenblog.de\/wp-content\/uploads\/2020\/09\/shure-55sh-ii-e1601485394796-142x300.jpg 142w\" sizes=\"auto, (max-width: 10px) 100vw, 10px\" \/> J\u00fcrgen Schmitz<\/p>\n\n\n\n<p><strong><em>Hannover 96  <strong><em><strong><em>\u2013 <\/em><\/strong> <\/em><\/strong>SV Werder Bremen (13.30 Uhr)<\/em><\/strong><\/p>\n\n\n\n<p><img loading=\"lazy\" decoding=\"async\" width=\"10\" height=\"21\" class=\"wp-image-3656\" style=\"width: 10px;\" src=\"http:\/\/kommentatorenblog.de\/wp-content\/uploads\/2020\/09\/shure-55sh-ii-e1601485394796.jpg\" alt=\"\" srcset=\"https:\/\/kommentatorenblog.de\/wp-content\/uploads\/2020\/09\/shure-55sh-ii-e1601485394796.jpg 415w, https:\/\/kommentatorenblog.de\/wp-content\/uploads\/2020\/09\/shure-55sh-ii-e1601485394796-142x300.jpg 142w\" sizes=\"auto, (max-width: 10px) 100vw, 10px\" \/> Florian Malburg, Field-Reporter: Sven T\u00f6llner<\/p>\n\n\n\n<p>Moderation: Hartmut von Kameke<\/p>\n\n\n\n<hr class=\"wp-block-separator\"\/>\n\n\n\n<p><strong>3. Liga, 19. Spieltag<\/strong><\/p>\n\n\n\n<p><span style=\"text-decoration: underline;\">Freitag, 17. Dezember 2021, ab 18.30 Uhr (Magenta Sport)<\/span><\/p>\n\n\n\n<p><strong><em>FC Viktoria K\u00f6ln <strong><em>\u2013<\/em><\/strong> FC Viktoria 1889 Berlin (19.00 Uhr)<\/em><\/strong><\/p>\n\n\n\n<p><img loading=\"lazy\" decoding=\"async\" width=\"10\" height=\"21\" class=\"wp-image-3656\" style=\"width: 10px;\" src=\"http:\/\/kommentatorenblog.de\/wp-content\/uploads\/2020\/09\/shure-55sh-ii-e1601485394796.jpg\" alt=\"\" srcset=\"https:\/\/kommentatorenblog.de\/wp-content\/uploads\/2020\/09\/shure-55sh-ii-e1601485394796.jpg 415w, https:\/\/kommentatorenblog.de\/wp-content\/uploads\/2020\/09\/shure-55sh-ii-e1601485394796-142x300.jpg 142w\" sizes=\"auto, (max-width: 10px) 100vw, 10px\" \/> Markus H\u00f6hner<\/p>\n\n\n\n<p>Moderation: Cedric Pick, Experte: Steven Rupprecht<\/p>\n\n\n\n<p><span style=\"text-decoration: underline;\">Samstag, 18. Dezember 2021, ab 13.45 Uhr (Magenta Sport)<\/span><\/p>\n\n\n\n<p><strong><em>Konferenz (14.00 Uhr)<\/em><\/strong><\/p>\n\n\n\n<p><img loading=\"lazy\" decoding=\"async\" width=\"10\" height=\"21\" class=\"wp-image-3656\" style=\"width: 10px;\" src=\"http:\/\/kommentatorenblog.de\/wp-content\/uploads\/2020\/09\/shure-55sh-ii-e1601485394796.jpg\" alt=\"\" srcset=\"https:\/\/kommentatorenblog.de\/wp-content\/uploads\/2020\/09\/shure-55sh-ii-e1601485394796.jpg 415w, https:\/\/kommentatorenblog.de\/wp-content\/uploads\/2020\/09\/shure-55sh-ii-e1601485394796-142x300.jpg 142w\" sizes=\"auto, (max-width: 10px) 100vw, 10px\" \/> Martin Piller und Sascha Bandermann<\/p>\n\n\n\n<p><strong><em>1.FC Saarbr\u00fccken \u2013 TSV Havelse (14.00 Uhr)<\/em><\/strong><\/p>\n\n\n\n<p><img loading=\"lazy\" decoding=\"async\" width=\"10\" height=\"21\" class=\"wp-image-3656\" style=\"width: 10px;\" src=\"http:\/\/kommentatorenblog.de\/wp-content\/uploads\/2020\/09\/shure-55sh-ii-e1601485394796.jpg\" alt=\"\" srcset=\"https:\/\/kommentatorenblog.de\/wp-content\/uploads\/2020\/09\/shure-55sh-ii-e1601485394796.jpg 415w, https:\/\/kommentatorenblog.de\/wp-content\/uploads\/2020\/09\/shure-55sh-ii-e1601485394796-142x300.jpg 142w\" sizes=\"auto, (max-width: 10px) 100vw, 10px\" \/> Julian Engelhard<\/p>\n\n\n\n<p>Moderation: Tobias Sch\u00e4fer<\/p>\n\n\n\n<p><strong><em>SV Meppen \u2013 Hallescher FC<\/em><\/strong> <strong><em>(14.00 Uhr)<\/em><\/strong><\/p>\n\n\n\n<p><img loading=\"lazy\" decoding=\"async\" width=\"10\" height=\"21\" class=\"wp-image-3656\" style=\"width: 10px;\" src=\"http:\/\/kommentatorenblog.de\/wp-content\/uploads\/2020\/09\/shure-55sh-ii-e1601485394796.jpg\" alt=\"\" srcset=\"https:\/\/kommentatorenblog.de\/wp-content\/uploads\/2020\/09\/shure-55sh-ii-e1601485394796.jpg 415w, https:\/\/kommentatorenblog.de\/wp-content\/uploads\/2020\/09\/shure-55sh-ii-e1601485394796-142x300.jpg 142w\" sizes=\"auto, (max-width: 10px) 100vw, 10px\" \/> Christian Stra\u00dfburger<\/p>\n\n\n\n<p>Moderation: Konstantin Klostermann<\/p>\n\n\n\n<p><strong><em>SV Wehen Wiesbaden \u2013 SC Freiburg II (14.00 Uhr)<\/em><\/strong><\/p>\n\n\n\n<p><img loading=\"lazy\" decoding=\"async\" width=\"10\" height=\"21\" class=\"wp-image-3656\" style=\"width: 10px;\" src=\"http:\/\/kommentatorenblog.de\/wp-content\/uploads\/2020\/09\/shure-55sh-ii-e1601485394796.jpg\" alt=\"\" srcset=\"https:\/\/kommentatorenblog.de\/wp-content\/uploads\/2020\/09\/shure-55sh-ii-e1601485394796.jpg 415w, https:\/\/kommentatorenblog.de\/wp-content\/uploads\/2020\/09\/shure-55sh-ii-e1601485394796-142x300.jpg 142w\" sizes=\"auto, (max-width: 10px) 100vw, 10px\" \/> Mario Bast<\/p>\n\n\n\n<p>Moderation: Kamila Benschop<\/p>\n\n\n\n<p><strong><em>T\u00fcrkg\u00fcc\u00fc M\u00fcnchen \u2013 SC Verl (14.00 Uhr)<\/em><\/strong><\/p>\n\n\n\n<p><img loading=\"lazy\" decoding=\"async\" width=\"10\" height=\"21\" class=\"wp-image-3656\" style=\"width: 10px;\" src=\"http:\/\/kommentatorenblog.de\/wp-content\/uploads\/2020\/09\/shure-55sh-ii-e1601485394796.jpg\" alt=\"\" srcset=\"https:\/\/kommentatorenblog.de\/wp-content\/uploads\/2020\/09\/shure-55sh-ii-e1601485394796.jpg 415w, https:\/\/kommentatorenblog.de\/wp-content\/uploads\/2020\/09\/shure-55sh-ii-e1601485394796-142x300.jpg 142w\" sizes=\"auto, (max-width: 10px) 100vw, 10px\" \/> Alex Kunz<\/p>\n\n\n\n<p>Moderation: Simon K\u00f6pfer<\/p>\n\n\n\n<p> <span style=\"text-decoration: underline;\">ab 13.45 Uhr (Magenta Sport) bzw. ab 14.00 Uhr (WDR) <\/span>  <\/p>\n\n\n\n<p><strong><em> <strong><em>Borussia Dortmund II <\/em><\/strong>  \u2013 FSV Zwickau<\/em><\/strong> <strong><em>(14.00 Uhr)<\/em><\/strong><\/p>\n\n\n\n<p><img loading=\"lazy\" decoding=\"async\" width=\"10\" height=\"21\" class=\"wp-image-3656\" style=\"width: 10px;\" src=\"http:\/\/kommentatorenblog.de\/wp-content\/uploads\/2020\/09\/shure-55sh-ii-e1601485394796.jpg\" alt=\"\" srcset=\"https:\/\/kommentatorenblog.de\/wp-content\/uploads\/2020\/09\/shure-55sh-ii-e1601485394796.jpg 415w, https:\/\/kommentatorenblog.de\/wp-content\/uploads\/2020\/09\/shure-55sh-ii-e1601485394796-142x300.jpg 142w\" sizes=\"auto, (max-width: 10px) 100vw, 10px\" \/> Magenta Sport: S\u00f6nke Sievers<\/p>\n\n\n\n<p><img loading=\"lazy\" decoding=\"async\" width=\"10\" height=\"21\" class=\"wp-image-3656\" style=\"width: 10px;\" src=\"http:\/\/kommentatorenblog.de\/wp-content\/uploads\/2020\/09\/shure-55sh-ii-e1601485394796.jpg\" alt=\"\" srcset=\"https:\/\/kommentatorenblog.de\/wp-content\/uploads\/2020\/09\/shure-55sh-ii-e1601485394796.jpg 415w, https:\/\/kommentatorenblog.de\/wp-content\/uploads\/2020\/09\/shure-55sh-ii-e1601485394796-142x300.jpg 142w\" sizes=\"auto, (max-width: 10px) 100vw, 10px\" \/> WDR: tba<\/p>\n\n\n\n<p><img loading=\"lazy\" decoding=\"async\" width=\"10\" height=\"21\" class=\"wp-image-3656\" style=\"width: 10px;\" src=\"http:\/\/kommentatorenblog.de\/wp-content\/uploads\/2020\/09\/shure-55sh-ii-e1601485394796.jpg\" alt=\"\" srcset=\"https:\/\/kommentatorenblog.de\/wp-content\/uploads\/2020\/09\/shure-55sh-ii-e1601485394796.jpg 415w, https:\/\/kommentatorenblog.de\/wp-content\/uploads\/2020\/09\/shure-55sh-ii-e1601485394796-142x300.jpg 142w\" sizes=\"auto, (max-width: 10px) 100vw, 10px\" \/> MDR: Stephan Weidling<\/p>\n\n\n\n<p>Moderation (Magenta Sport): Thomas Wagner<\/p>\n\n\n\n<p>Moderation (WDR): tba <\/p>\n\n\n\n<p> Moderation (MDR): Stephanie M\u00fcller-Spirra<\/p>\n\n\n\n<p> <span style=\"text-decoration: underline;\">ab 13.45 Uhr (Magenta Sport) bzw. ab 14.00 Uhr (SWR\/SR) <\/span> <\/p>\n\n\n\n<p><strong><em>Eintracht Braunschweig\u2013 1. FC Kaiserslautern (14.00 Uhr)<\/em><\/strong><\/p>\n\n\n\n<p><img loading=\"lazy\" decoding=\"async\" width=\"10\" height=\"21\" class=\"wp-image-3656\" style=\"width: 10px;\" src=\"http:\/\/kommentatorenblog.de\/wp-content\/uploads\/2020\/09\/shure-55sh-ii-e1601485394796.jpg\" alt=\"\" srcset=\"https:\/\/kommentatorenblog.de\/wp-content\/uploads\/2020\/09\/shure-55sh-ii-e1601485394796.jpg 415w, https:\/\/kommentatorenblog.de\/wp-content\/uploads\/2020\/09\/shure-55sh-ii-e1601485394796-142x300.jpg 142w\" sizes=\"auto, (max-width: 10px) 100vw, 10px\" \/> Magenta Sport: Markus Herwig<\/p>\n\n\n\n<p><img loading=\"lazy\" decoding=\"async\" width=\"10\" height=\"21\" class=\"wp-image-3656\" style=\"width: 10px;\" src=\"http:\/\/kommentatorenblog.de\/wp-content\/uploads\/2020\/09\/shure-55sh-ii-e1601485394796.jpg\" alt=\"\" srcset=\"https:\/\/kommentatorenblog.de\/wp-content\/uploads\/2020\/09\/shure-55sh-ii-e1601485394796.jpg 415w, https:\/\/kommentatorenblog.de\/wp-content\/uploads\/2020\/09\/shure-55sh-ii-e1601485394796-142x300.jpg 142w\" sizes=\"auto, (max-width: 10px) 100vw, 10px\" \/> NDR: Matthias Cammann<\/p>\n\n\n\n<p><img loading=\"lazy\" decoding=\"async\" width=\"10\" height=\"21\" class=\"wp-image-3656\" style=\"width: 10px;\" src=\"http:\/\/kommentatorenblog.de\/wp-content\/uploads\/2020\/09\/shure-55sh-ii-e1601485394796.jpg\" alt=\"\" srcset=\"https:\/\/kommentatorenblog.de\/wp-content\/uploads\/2020\/09\/shure-55sh-ii-e1601485394796.jpg 415w, https:\/\/kommentatorenblog.de\/wp-content\/uploads\/2020\/09\/shure-55sh-ii-e1601485394796-142x300.jpg 142w\" sizes=\"auto, (max-width: 10px) 100vw, 10px\" \/> SWR:  Michael Bollenbacher<\/p>\n\n\n\n<p>Moderation (Magenta Sport): Cedric Pick<\/p>\n\n\n\n<p>Moderation (NDR): Andreas K\u00e4ckell<\/p>\n\n\n\n<p>Moderation (SWR): Lennert Brinkhoff<\/p>\n\n\n\n<p><span style=\"text-decoration: underline;\">Sonntag, 19. Dezember 2021, ab 12.45 Uhr (Magenta Sport)<\/span><\/p>\n\n\n\n<p><strong><em>1.FC Magdeburg<\/em><\/strong> <strong><em><strong><em>\u2013<\/em><\/strong> SV Waldhof Mannheim (13.00 Uhr)<\/em><\/strong><\/p>\n\n\n\n<p><img loading=\"lazy\" decoding=\"async\" width=\"10\" height=\"21\" class=\"wp-image-3656\" style=\"width: 10px;\" src=\"http:\/\/kommentatorenblog.de\/wp-content\/uploads\/2020\/09\/shure-55sh-ii-e1601485394796.jpg\" alt=\"\" srcset=\"https:\/\/kommentatorenblog.de\/wp-content\/uploads\/2020\/09\/shure-55sh-ii-e1601485394796.jpg 415w, https:\/\/kommentatorenblog.de\/wp-content\/uploads\/2020\/09\/shure-55sh-ii-e1601485394796-142x300.jpg 142w\" sizes=\"auto, (max-width: 10px) 100vw, 10px\" \/> Alexander K\u00fcpper<\/p>\n\n\n\n<p>Moderation: Stefanie Blochwitz<\/p>\n\n\n\n<p><span style=\"text-decoration: underline;\">ab 13.45 Uhr (Magenta Sport)<\/span><\/p>\n\n\n\n<p><strong><em>MSV Duisburg \u2013 VfL Osnabr\u00fcck<\/em><\/strong> <strong><em>(14.00 U<\/em><\/strong><em><strong>hr)<\/strong><\/em><\/p>\n\n\n\n<p><img loading=\"lazy\" decoding=\"async\" width=\"10\" height=\"21\" class=\"wp-image-3656\" style=\"width: 10px;\" src=\"http:\/\/kommentatorenblog.de\/wp-content\/uploads\/2020\/09\/shure-55sh-ii-e1601485394796.jpg\" alt=\"\" srcset=\"https:\/\/kommentatorenblog.de\/wp-content\/uploads\/2020\/09\/shure-55sh-ii-e1601485394796.jpg 415w, https:\/\/kommentatorenblog.de\/wp-content\/uploads\/2020\/09\/shure-55sh-ii-e1601485394796-142x300.jpg 142w\" sizes=\"auto, (max-width: 10px) 100vw, 10px\" \/> Gari Paubandt<\/p>\n\n\n\n<p>Moderation: Kevin Gerwin<\/p>\n\n\n\n<p><span style=\"text-decoration: underline;\">Montag, 20. Dezember 2021, ab 18.45 Uhr (Magenta Sport)<\/span><\/p>\n\n\n\n<p><strong><em><strong><em>FC W\u00fcrzburger Kickers <strong><em>\u2013<\/em><\/strong> TSV 1860 M\u00fcnchen<\/em><\/strong> (19.00 Uhr)<\/em><\/strong><\/p>\n\n\n\n<p><img loading=\"lazy\" decoding=\"async\" width=\"10\" height=\"21\" class=\"wp-image-3656\" style=\"width: 10px;\" src=\"http:\/\/kommentatorenblog.de\/wp-content\/uploads\/2020\/09\/shure-55sh-ii-e1601485394796.jpg\" alt=\"\" srcset=\"https:\/\/kommentatorenblog.de\/wp-content\/uploads\/2020\/09\/shure-55sh-ii-e1601485394796.jpg 415w, https:\/\/kommentatorenblog.de\/wp-content\/uploads\/2020\/09\/shure-55sh-ii-e1601485394796-142x300.jpg 142w\" sizes=\"auto, (max-width: 10px) 100vw, 10px\" \/> Christian Stra\u00dfburger<\/p>\n\n\n\n<p>Moderation: Thomas Wagner, Experte: Martin Lanig<\/p>\n\n\n\n<hr class=\"wp-block-separator\"\/>\n\n\n\n<p><strong>Frauen Bundesliga 12. Spieltag (Magenta Sport) <\/strong><\/p>\n\n\n\n<p><span style=\"text-decoration: underline;\">Freitag, 17. Dezember 2021, ab 19.00 Uhr<\/span> <\/p>\n\n\n\n<p> <strong><em>1.FC K\u00f6ln \u2013 SGS Essen (19.15 Uhr)<\/em><\/strong> <\/p>\n\n\n\n<p> <img loading=\"lazy\" decoding=\"async\" width=\"10\" height=\"21\" class=\"wp-image-3656\" style=\"width: 10px;\" src=\"http:\/\/kommentatorenblog.de\/wp-content\/uploads\/2020\/09\/shure-55sh-ii-e1601485394796.jpg\" alt=\"\" srcset=\"https:\/\/kommentatorenblog.de\/wp-content\/uploads\/2020\/09\/shure-55sh-ii-e1601485394796.jpg 415w, https:\/\/kommentatorenblog.de\/wp-content\/uploads\/2020\/09\/shure-55sh-ii-e1601485394796-142x300.jpg 142w\" sizes=\"auto, (max-width: 10px) 100vw, 10px\" \/> Magenta: Michael Seyberth<\/p>\n\n\n\n<p> <img loading=\"lazy\" decoding=\"async\" width=\"10\" height=\"21\" class=\"wp-image-3656\" style=\"width: 10px;\" src=\"http:\/\/kommentatorenblog.de\/wp-content\/uploads\/2020\/09\/shure-55sh-ii-e1601485394796.jpg\" alt=\"\" srcset=\"https:\/\/kommentatorenblog.de\/wp-content\/uploads\/2020\/09\/shure-55sh-ii-e1601485394796.jpg 415w, https:\/\/kommentatorenblog.de\/wp-content\/uploads\/2020\/09\/shure-55sh-ii-e1601485394796-142x300.jpg 142w\" sizes=\"auto, (max-width: 10px) 100vw, 10px\" \/> Eurosport: ???<\/p>\n\n\n\n<p><span style=\"text-decoration: underline;\">Samstag, 18. Dezember 2021, ab 12.45 Uhr<\/span><\/p>\n\n\n\n<p> <strong><em>SC Freiburg  \u2013 TSG 1899 Hoffenheim (13.00 Uhr)<\/em><\/strong> <\/p>\n\n\n\n<p> <img loading=\"lazy\" decoding=\"async\" width=\"10\" height=\"21\" class=\"wp-image-3656\" style=\"width: 10px;\" src=\"http:\/\/kommentatorenblog.de\/wp-content\/uploads\/2020\/09\/shure-55sh-ii-e1601485394796.jpg\" alt=\"\" srcset=\"https:\/\/kommentatorenblog.de\/wp-content\/uploads\/2020\/09\/shure-55sh-ii-e1601485394796.jpg 415w, https:\/\/kommentatorenblog.de\/wp-content\/uploads\/2020\/09\/shure-55sh-ii-e1601485394796-142x300.jpg 142w\" sizes=\"auto, (max-width: 10px) 100vw, 10px\" \/> Magenta: Antonia Engelhardt<\/p>\n\n\n\n<p> <img loading=\"lazy\" decoding=\"async\" width=\"10\" height=\"21\" class=\"wp-image-3656\" style=\"width: 10px;\" src=\"http:\/\/kommentatorenblog.de\/wp-content\/uploads\/2020\/09\/shure-55sh-ii-e1601485394796.jpg\" alt=\"\" srcset=\"https:\/\/kommentatorenblog.de\/wp-content\/uploads\/2020\/09\/shure-55sh-ii-e1601485394796.jpg 415w, https:\/\/kommentatorenblog.de\/wp-content\/uploads\/2020\/09\/shure-55sh-ii-e1601485394796-142x300.jpg 142w\" sizes=\"auto, (max-width: 10px) 100vw, 10px\" \/> swr.de: Stefan Ki\u00df<\/p>\n\n\n\n<p><span style=\"text-decoration: underline;\">Sonntag, 19. Dezember 2021, ab 12.45 Uhr<\/span> <\/p>\n\n\n\n<p> <strong><em>Bayer 04 Leverkusen \u2013 FC Carl Zeiss Jena (13.00 Uhr)<\/em><\/strong> <\/p>\n\n\n\n<p> <img loading=\"lazy\" decoding=\"async\" width=\"10\" height=\"21\" class=\"wp-image-3656\" style=\"width: 10px;\" src=\"http:\/\/kommentatorenblog.de\/wp-content\/uploads\/2020\/09\/shure-55sh-ii-e1601485394796.jpg\" alt=\"\" srcset=\"https:\/\/kommentatorenblog.de\/wp-content\/uploads\/2020\/09\/shure-55sh-ii-e1601485394796.jpg 415w, https:\/\/kommentatorenblog.de\/wp-content\/uploads\/2020\/09\/shure-55sh-ii-e1601485394796-142x300.jpg 142w\" sizes=\"auto, (max-width: 10px) 100vw, 10px\" \/> Oskar Heirler<\/p>\n\n\n\n<p>Moderation: Kamila Benschop<\/p>\n\n\n\n<p><strong><em>SC Sand \u2013 Eintracht Frankfurt (13.00 Uhr)<\/em><\/strong>  <\/p>\n\n\n\n<p> <img loading=\"lazy\" decoding=\"async\" width=\"10\" height=\"21\" class=\"wp-image-3656\" style=\"width: 10px;\" src=\"http:\/\/kommentatorenblog.de\/wp-content\/uploads\/2020\/09\/shure-55sh-ii-e1601485394796.jpg\" alt=\"\" srcset=\"https:\/\/kommentatorenblog.de\/wp-content\/uploads\/2020\/09\/shure-55sh-ii-e1601485394796.jpg 415w, https:\/\/kommentatorenblog.de\/wp-content\/uploads\/2020\/09\/shure-55sh-ii-e1601485394796-142x300.jpg 142w\" sizes=\"auto, (max-width: 10px) 100vw, 10px\" \/> Simon K\u00f6pfer<\/p>\n\n\n\n<p> <span style=\"text-decoration: underline;\">ab 15.45 Uhr<\/span> <\/p>\n\n\n\n<p><strong><em>1.FFC Turbine Potsdam \u2013 VfL Wolfsburg (16.00 Uhr)<\/em><\/strong>  <\/p>\n\n\n\n<p> <img loading=\"lazy\" decoding=\"async\" width=\"10\" height=\"21\" class=\"wp-image-3656\" style=\"width: 10px;\" src=\"http:\/\/kommentatorenblog.de\/wp-content\/uploads\/2020\/09\/shure-55sh-ii-e1601485394796.jpg\" alt=\"\" srcset=\"https:\/\/kommentatorenblog.de\/wp-content\/uploads\/2020\/09\/shure-55sh-ii-e1601485394796.jpg 415w, https:\/\/kommentatorenblog.de\/wp-content\/uploads\/2020\/09\/shure-55sh-ii-e1601485394796-142x300.jpg 142w\" sizes=\"auto, (max-width: 10px) 100vw, 10px\" \/> Martin Piller<\/p>\n\n\n\n<p><strong><em>SV Werder Bremen \u2013 FC Bayern M\u00fcnchen (16.00 Uhr)<\/em><\/strong> <\/p>\n\n\n\n<p><img loading=\"lazy\" decoding=\"async\" width=\"10\" height=\"21\" class=\"wp-image-3656\" style=\"width: 10px;\" src=\"http:\/\/kommentatorenblog.de\/wp-content\/uploads\/2020\/09\/shure-55sh-ii-e1601485394796.jpg\" alt=\"\" srcset=\"https:\/\/kommentatorenblog.de\/wp-content\/uploads\/2020\/09\/shure-55sh-ii-e1601485394796.jpg 415w, https:\/\/kommentatorenblog.de\/wp-content\/uploads\/2020\/09\/shure-55sh-ii-e1601485394796-142x300.jpg 142w\" sizes=\"auto, (max-width: 10px) 100vw, 10px\" \/> Michael Seyberth<\/p>\n\n\n\n<hr class=\"wp-block-separator\"\/>\n\n\n\n<p><strong>Premier League, 18. Spieltag (Sky)<\/strong><\/p>\n\n\n\n<p><span style=\"text-decoration: underline;\">Samstag, 18. Dezember 2021, ab 13.20 Uhr<\/span><\/p>\n\n\n\n<p><strong><em><s>Manchester United \u2013 Brighton &amp; Hove Albion (13.30 Uhr)<\/s> <\/em><\/strong><\/p>\n\n\n\n<p><img loading=\"lazy\" decoding=\"async\" width=\"10\" height=\"21\" class=\"wp-image-3656\" style=\"width: 10px;\" src=\"http:\/\/kommentatorenblog.de\/wp-content\/uploads\/2020\/09\/shure-55sh-ii-e1601485394796.jpg\" alt=\"\" srcset=\"https:\/\/kommentatorenblog.de\/wp-content\/uploads\/2020\/09\/shure-55sh-ii-e1601485394796.jpg 415w, https:\/\/kommentatorenblog.de\/wp-content\/uploads\/2020\/09\/shure-55sh-ii-e1601485394796-142x300.jpg 142w\" sizes=\"auto, (max-width: 10px) 100vw, 10px\" \/> Joachim Hebel<\/p>\n\n\n\n<p><span style=\"text-decoration: underline;\">ab 15.50 Uhr<\/span> <\/p>\n\n\n\n<p><strong><em><s>West Ham United\u2013 Norwich City(16.00 Uhr)<\/s><\/em><\/strong><\/p>\n\n\n\n<p><img loading=\"lazy\" decoding=\"async\" width=\"10\" height=\"21\" class=\"wp-image-3656\" style=\"width: 10px;\" src=\"http:\/\/kommentatorenblog.de\/wp-content\/uploads\/2020\/09\/shure-55sh-ii-e1601485394796.jpg\" alt=\"\" srcset=\"https:\/\/kommentatorenblog.de\/wp-content\/uploads\/2020\/09\/shure-55sh-ii-e1601485394796.jpg 415w, https:\/\/kommentatorenblog.de\/wp-content\/uploads\/2020\/09\/shure-55sh-ii-e1601485394796-142x300.jpg 142w\" sizes=\"auto, (max-width: 10px) 100vw, 10px\" \/> Uli Hebel<\/p>\n\n\n\n<p><strong><em>Aston Villa <strong><em>\u2013<\/em><\/strong> FC Burnley (16.00 Uhr)<\/em><\/strong><\/p>\n\n\n\n<p><img loading=\"lazy\" decoding=\"async\" width=\"10\" height=\"21\" class=\"wp-image-3656\" style=\"width: 10px;\" src=\"http:\/\/kommentatorenblog.de\/wp-content\/uploads\/2020\/09\/shure-55sh-ii-e1601485394796.jpg\" alt=\"\" srcset=\"https:\/\/kommentatorenblog.de\/wp-content\/uploads\/2020\/09\/shure-55sh-ii-e1601485394796.jpg 415w, https:\/\/kommentatorenblog.de\/wp-content\/uploads\/2020\/09\/shure-55sh-ii-e1601485394796-142x300.jpg 142w\" sizes=\"auto, (max-width: 10px) 100vw, 10px\" \/> Michael Sch\u00fcler <\/p>\n\n\n\n<p><span style=\"text-decoration: underline;\">ab 18.20 Uhr<\/span> <\/p>\n\n\n\n<p><em><strong>Leeds United&nbsp;<\/strong><\/em><strong><em> <strong><em>\u2013<\/em><\/strong> FC Arsenal (18.30 Uhr)<\/em><\/strong><\/p>\n\n\n\n<p><img loading=\"lazy\" decoding=\"async\" width=\"10\" height=\"21\" class=\"wp-image-3656\" style=\"width: 10px;\" src=\"http:\/\/kommentatorenblog.de\/wp-content\/uploads\/2020\/09\/shure-55sh-ii-e1601485394796.jpg\" alt=\"\" srcset=\"https:\/\/kommentatorenblog.de\/wp-content\/uploads\/2020\/09\/shure-55sh-ii-e1601485394796.jpg 415w, https:\/\/kommentatorenblog.de\/wp-content\/uploads\/2020\/09\/shure-55sh-ii-e1601485394796-142x300.jpg 142w\" sizes=\"auto, (max-width: 10px) 100vw, 10px\" \/> Hannes Herrmann<\/p>\n\n\n\n<p><span style=\"text-decoration: underline;\">Sonntag, 19. Dezember 2021, ab 12.50 Uhr<\/span> <\/p>\n\n\n\n<p> <s><strong><em>FC&nbsp;Everton <strong><em>\u2013<\/em><\/strong> Leicester City<\/em><\/strong> <strong><em>(13.00 Uhr) <\/em><\/strong> <\/s><\/p>\n\n\n\n<p><img loading=\"lazy\" decoding=\"async\" width=\"10\" height=\"21\" class=\"wp-image-3656\" style=\"width: 10px;\" src=\"http:\/\/kommentatorenblog.de\/wp-content\/uploads\/2020\/09\/shure-55sh-ii-e1601485394796.jpg\" alt=\"\" srcset=\"https:\/\/kommentatorenblog.de\/wp-content\/uploads\/2020\/09\/shure-55sh-ii-e1601485394796.jpg 415w, https:\/\/kommentatorenblog.de\/wp-content\/uploads\/2020\/09\/shure-55sh-ii-e1601485394796-142x300.jpg 142w\" sizes=\"auto, (max-width: 10px) 100vw, 10px\" \/> Sven Schr\u00f6ter<\/p>\n\n\n\n<p> <span style=\"text-decoration: underline;\">ab 14.55 Uhr<\/span> <\/p>\n\n\n\n<p> <strong><em>Wolverhampton Wanderers <strong><em>\u2013<\/em><\/strong> FC Chelsea(15.00 Uhr) <\/em><\/strong> <\/p>\n\n\n\n<p><img loading=\"lazy\" decoding=\"async\" width=\"10\" height=\"21\" class=\"wp-image-3656\" style=\"width: 10px;\" src=\"http:\/\/kommentatorenblog.de\/wp-content\/uploads\/2020\/09\/shure-55sh-ii-e1601485394796.jpg\" alt=\"\" srcset=\"https:\/\/kommentatorenblog.de\/wp-content\/uploads\/2020\/09\/shure-55sh-ii-e1601485394796.jpg 415w, https:\/\/kommentatorenblog.de\/wp-content\/uploads\/2020\/09\/shure-55sh-ii-e1601485394796-142x300.jpg 142w\" sizes=\"auto, (max-width: 10px) 100vw, 10px\" \/> Toni Tomic<\/p>\n\n\n\n<p> <span style=\"text-decoration: underline;\">ab 15.05 Uhr<\/span> <\/p>\n\n\n\n<p><strong><em>Newcastle United <strong><em>\u2013<\/em><\/strong> Manchester City<\/em><\/strong> <strong><em>(15.15 Uhr) <\/em><\/strong><\/p>\n\n\n\n<p><img loading=\"lazy\" decoding=\"async\" width=\"10\" height=\"21\" class=\"wp-image-3656\" style=\"width: 10px;\" src=\"http:\/\/kommentatorenblog.de\/wp-content\/uploads\/2020\/09\/shure-55sh-ii-e1601485394796.jpg\" alt=\"\" srcset=\"https:\/\/kommentatorenblog.de\/wp-content\/uploads\/2020\/09\/shure-55sh-ii-e1601485394796.jpg 415w, https:\/\/kommentatorenblog.de\/wp-content\/uploads\/2020\/09\/shure-55sh-ii-e1601485394796-142x300.jpg 142w\" sizes=\"auto, (max-width: 10px) 100vw, 10px\" \/> Joachim Hebel<\/p>\n\n\n\n<p><span style=\"text-decoration: underline;\">ab 17.00 Uhr<\/span><\/p>\n\n\n\n<p><strong><em>Tottenham Hotspur&nbsp; <strong><em>\u2013<\/em><\/strong> FC&nbsp;Liverpoool (17.30 Uhr)<\/em><\/strong><\/p>\n\n\n\n<p><img loading=\"lazy\" decoding=\"async\" width=\"10\" height=\"21\" class=\"wp-image-3656\" style=\"width: 10px;\" src=\"http:\/\/kommentatorenblog.de\/wp-content\/uploads\/2020\/09\/shure-55sh-ii-e1601485394796.jpg\" alt=\"\" srcset=\"https:\/\/kommentatorenblog.de\/wp-content\/uploads\/2020\/09\/shure-55sh-ii-e1601485394796.jpg 415w, https:\/\/kommentatorenblog.de\/wp-content\/uploads\/2020\/09\/shure-55sh-ii-e1601485394796-142x300.jpg 142w\" sizes=\"auto, (max-width: 10px) 100vw, 10px\" \/> Florian Schmidt-Sommerfeld, Experten: Manuel Baum &amp; Raphael Honigstein.<\/p>\n\n\n\n<hr class=\"wp-block-separator\"\/>\n\n\n\n<p><strong>La Liga, 17. Spieltag (DAZN)<\/strong><\/p>\n\n\n\n<p><span style=\"text-decoration: underline;\">Samstag, 18. Dezember 2021<\/span><\/p>\n\n\n\n<p><strong><em>Real Sociedad \u2013 FC Villareal (16.15 Uhr)<\/em><\/strong><\/p>\n\n\n\n<p><img loading=\"lazy\" decoding=\"async\" width=\"10\" height=\"21\" class=\"wp-image-3656\" style=\"width: 10px;\" src=\"http:\/\/kommentatorenblog.de\/wp-content\/uploads\/2020\/09\/shure-55sh-ii-e1601485394796.jpg\" alt=\"\" srcset=\"https:\/\/kommentatorenblog.de\/wp-content\/uploads\/2020\/09\/shure-55sh-ii-e1601485394796.jpg 415w, https:\/\/kommentatorenblog.de\/wp-content\/uploads\/2020\/09\/shure-55sh-ii-e1601485394796-142x300.jpg 142w\" sizes=\"auto, (max-width: 10px) 100vw, 10px\" \/> Michael Seyberth<\/p>\n\n\n\n<p><strong><em>FC Barcelona  <strong><em>\u2013 FC Elche <\/em><\/strong>(18.30 Uhr)<\/em><\/strong><\/p>\n\n\n\n<p><img loading=\"lazy\" decoding=\"async\" width=\"10\" height=\"21\" class=\"wp-image-3656\" style=\"width: 10px;\" src=\"http:\/\/kommentatorenblog.de\/wp-content\/uploads\/2020\/09\/shure-55sh-ii-e1601485394796.jpg\" alt=\"\" srcset=\"https:\/\/kommentatorenblog.de\/wp-content\/uploads\/2020\/09\/shure-55sh-ii-e1601485394796.jpg 415w, https:\/\/kommentatorenblog.de\/wp-content\/uploads\/2020\/09\/shure-55sh-ii-e1601485394796-142x300.jpg 142w\" sizes=\"auto, (max-width: 10px) 100vw, 10px\" \/> Matthias Naebers, Experte: Max Nicu <\/p>\n\n\n\n<p><strong><em>FC Sevilla \u2013 Atletico Madrid (21.00 Uhr)<\/em><\/strong><\/p>\n\n\n\n<p><img loading=\"lazy\" decoding=\"async\" width=\"10\" height=\"21\" class=\"wp-image-3656\" style=\"width: 10px;\" src=\"http:\/\/kommentatorenblog.de\/wp-content\/uploads\/2020\/09\/shure-55sh-ii-e1601485394796.jpg\" alt=\"\" srcset=\"https:\/\/kommentatorenblog.de\/wp-content\/uploads\/2020\/09\/shure-55sh-ii-e1601485394796.jpg 415w, https:\/\/kommentatorenblog.de\/wp-content\/uploads\/2020\/09\/shure-55sh-ii-e1601485394796-142x300.jpg 142w\" sizes=\"auto, (max-width: 10px) 100vw, 10px\" \/> Jan Platte, Experte: Ralph Gunesch<\/p>\n\n\n\n<p><span style=\"text-decoration: underline;\">Sonntag, 19. Dezmber 2021<\/span> <\/p>\n\n\n\n<p><strong><em>Real Madrid \u2013 Cadiz (21.00 Uhr)<\/em><\/strong><\/p>\n\n\n\n<p><img loading=\"lazy\" decoding=\"async\" width=\"10\" height=\"21\" class=\"wp-image-3656\" style=\"width: 10px;\" src=\"http:\/\/kommentatorenblog.de\/wp-content\/uploads\/2020\/09\/shure-55sh-ii-e1601485394796.jpg\" alt=\"\" srcset=\"https:\/\/kommentatorenblog.de\/wp-content\/uploads\/2020\/09\/shure-55sh-ii-e1601485394796.jpg 415w, https:\/\/kommentatorenblog.de\/wp-content\/uploads\/2020\/09\/shure-55sh-ii-e1601485394796-142x300.jpg 142w\" sizes=\"auto, (max-width: 10px) 100vw, 10px\" \/> Nico Seepe Experte: Helge Payer<\/p>\n\n\n\n<hr class=\"wp-block-separator\"\/>\n\n\n\n<p><strong>Serie A, 17. Spieltag (DAZN) <\/strong><\/p>\n\n\n\n<p><span style=\"text-decoration: underline;\">Freitag, 17. Dezember 2021<\/span><\/p>\n\n\n\n<p><strong><em>Salernitana \u2013 Inter Mailand (20.45 Uhr)<\/em><\/strong> <\/p>\n\n\n\n<p><img loading=\"lazy\" decoding=\"async\" width=\"10\" height=\"21\" class=\"wp-image-3656\" style=\"width: 10px;\" src=\"http:\/\/kommentatorenblog.de\/wp-content\/uploads\/2020\/09\/shure-55sh-ii-e1601485394796.jpg\" alt=\"\" srcset=\"https:\/\/kommentatorenblog.de\/wp-content\/uploads\/2020\/09\/shure-55sh-ii-e1601485394796.jpg 415w, https:\/\/kommentatorenblog.de\/wp-content\/uploads\/2020\/09\/shure-55sh-ii-e1601485394796-142x300.jpg 142w\" sizes=\"auto, (max-width: 10px) 100vw, 10px\" \/> Claus M\u00fcller<\/p>\n\n\n\n<p><span style=\"text-decoration: underline;\">Samstag, 18. Dezember 2021<\/span><\/p>\n\n\n\n<p><strong><em>Atalanta Bergamo \u2013 AS Rom (15.00 Uhr)<\/em><\/strong><\/p>\n\n\n\n<p><img loading=\"lazy\" decoding=\"async\" width=\"10\" height=\"21\" class=\"wp-image-3656\" style=\"width: 10px;\" src=\"http:\/\/kommentatorenblog.de\/wp-content\/uploads\/2020\/09\/shure-55sh-ii-e1601485394796.jpg\" alt=\"\" srcset=\"https:\/\/kommentatorenblog.de\/wp-content\/uploads\/2020\/09\/shure-55sh-ii-e1601485394796.jpg 415w, https:\/\/kommentatorenblog.de\/wp-content\/uploads\/2020\/09\/shure-55sh-ii-e1601485394796-142x300.jpg 142w\" sizes=\"auto, (max-width: 10px) 100vw, 10px\" \/> Mario Rieker, Experte: Christian Bernhard<\/p>\n\n\n\n<p><strong><em>Bologna \u2013 Juventus Turin (18.00Uhr)<\/em><\/strong><\/p>\n\n\n\n<p><img loading=\"lazy\" decoding=\"async\" width=\"10\" height=\"21\" class=\"wp-image-3656\" style=\"width: 10px;\" src=\"http:\/\/kommentatorenblog.de\/wp-content\/uploads\/2020\/09\/shure-55sh-ii-e1601485394796.jpg\" alt=\"\" srcset=\"https:\/\/kommentatorenblog.de\/wp-content\/uploads\/2020\/09\/shure-55sh-ii-e1601485394796.jpg 415w, https:\/\/kommentatorenblog.de\/wp-content\/uploads\/2020\/09\/shure-55sh-ii-e1601485394796-142x300.jpg 142w\" sizes=\"auto, (max-width: 10px) 100vw, 10px\" \/> Uwe Morawe, Experte: Helge Prayer<\/p>\n\n\n\n<p><span style=\"text-decoration: underline;\">Sonntag, <span style=\"text-decoration: underline;\">19. Dezember <\/span>2021<\/span><\/p>\n\n\n\n<p><strong><em>AC Mailand \u2013 SSC Neapel (20.45 Uhr)<\/em><\/strong><\/p>\n\n\n\n<p><img loading=\"lazy\" decoding=\"async\" width=\"10\" height=\"21\" class=\"wp-image-3656\" style=\"width: 10px;\" src=\"http:\/\/kommentatorenblog.de\/wp-content\/uploads\/2020\/09\/shure-55sh-ii-e1601485394796.jpg\" alt=\"\" srcset=\"https:\/\/kommentatorenblog.de\/wp-content\/uploads\/2020\/09\/shure-55sh-ii-e1601485394796.jpg 415w, https:\/\/kommentatorenblog.de\/wp-content\/uploads\/2020\/09\/shure-55sh-ii-e1601485394796-142x300.jpg 142w\" sizes=\"auto, (max-width: 10px) 100vw, 10px\" \/> Carsten Fu\u00df, Experte: Christian Bernhard<\/p>\n\n\n\n<p>Moderation: Mario Rieker<\/p>\n\n\n\n<hr class=\"wp-block-separator\"\/>\n\n\n\n<p><strong>Coup de France (DAZN)<\/strong><\/p>\n\n\n\n<p><span style=\"text-decoration: underline;\">Freitag, 17. Dezember 2021<\/span> <\/p>\n\n\n\n<p><strong><em>Paris FC \u2013 Olympique Lyon (21.00 Uhr)<\/em><\/strong><\/p>\n\n\n\n<p><img loading=\"lazy\" decoding=\"async\" width=\"10\" height=\"21\" class=\"wp-image-3656\" style=\"width: 10px;\" src=\"http:\/\/kommentatorenblog.de\/wp-content\/uploads\/2020\/09\/shure-55sh-ii-e1601485394796.jpg\" alt=\"\" srcset=\"https:\/\/kommentatorenblog.de\/wp-content\/uploads\/2020\/09\/shure-55sh-ii-e1601485394796.jpg 415w, https:\/\/kommentatorenblog.de\/wp-content\/uploads\/2020\/09\/shure-55sh-ii-e1601485394796-142x300.jpg 142w\" sizes=\"auto, (max-width: 10px) 100vw, 10px\" \/> Matthias Naebers<\/p>\n\n\n\n<p><span style=\"text-decoration: underline;\">Samstag, 18. Dezember 2021<\/span><\/p>\n\n\n\n<p><strong><em>OSC Lille \u2013 Auxerre (18.30 Uhr)<\/em><\/strong><\/p>\n\n\n\n<p><img loading=\"lazy\" decoding=\"async\" width=\"10\" height=\"21\" class=\"wp-image-3656\" style=\"width: 10px;\" src=\"http:\/\/kommentatorenblog.de\/wp-content\/uploads\/2020\/09\/shure-55sh-ii-e1601485394796.jpg\" alt=\"\" srcset=\"https:\/\/kommentatorenblog.de\/wp-content\/uploads\/2020\/09\/shure-55sh-ii-e1601485394796.jpg 415w, https:\/\/kommentatorenblog.de\/wp-content\/uploads\/2020\/09\/shure-55sh-ii-e1601485394796-142x300.jpg 142w\" sizes=\"auto, (max-width: 10px) 100vw, 10px\" \/> Guido H\u00fcsgen<\/p>\n\n\n\n<p> <span style=\"text-decoration: underline;\">Sonntag, <span style=\"text-decoration: underline;\">19. Dezember <\/span>2021<\/span> <\/p>\n\n\n\n<p><strong><em><strong>Feignies Aulnoye<\/strong> \u2013 Paris Saint- Germain (21.15 Uhr)<\/em><\/strong><\/p>\n\n\n\n<p><img loading=\"lazy\" decoding=\"async\" width=\"10\" height=\"21\" class=\"wp-image-3656\" style=\"width: 10px;\" src=\"http:\/\/kommentatorenblog.de\/wp-content\/uploads\/2020\/09\/shure-55sh-ii-e1601485394796.jpg\" alt=\"\" srcset=\"https:\/\/kommentatorenblog.de\/wp-content\/uploads\/2020\/09\/shure-55sh-ii-e1601485394796.jpg 415w, https:\/\/kommentatorenblog.de\/wp-content\/uploads\/2020\/09\/shure-55sh-ii-e1601485394796-142x300.jpg 142w\" sizes=\"auto, (max-width: 10px) 100vw, 10px\" \/> Stefan Galler<\/p>\n\n\n\n<hr class=\"wp-block-separator\"\/>\n\n\n\n<p><strong>Internationaler Fussball (Sportdigital FUSSBALL) <\/strong><\/p>\n\n\n\n<p><span style=\"text-decoration: underline;\">Freitag, 17. Dezember 2021<\/span> <\/p>\n\n\n\n<p> <strong><em>FC Barnsley \u2013 &nbsp;West Bromwich Albion (20.45 Uhr)<\/em><\/strong> <strong><em>Sky Bet Championship (23. Spieltag)<\/em><\/strong><\/p>\n\n\n\n<p> <img loading=\"lazy\" decoding=\"async\" width=\"10\" height=\"21\" class=\"wp-image-3656\" style=\"width: 10px;\" src=\"http:\/\/kommentatorenblog.de\/wp-content\/uploads\/2020\/09\/shure-55sh-ii-e1601485394796.jpg\" alt=\"\" srcset=\"https:\/\/kommentatorenblog.de\/wp-content\/uploads\/2020\/09\/shure-55sh-ii-e1601485394796.jpg 415w, https:\/\/kommentatorenblog.de\/wp-content\/uploads\/2020\/09\/shure-55sh-ii-e1601485394796-142x300.jpg 142w\" sizes=\"auto, (max-width: 10px) 100vw, 10px\" \/> Karsten Linke<\/p>\n\n\n\n<p><span style=\"text-decoration: underline;\">Samstag, 18. Dezember 2021<\/span> <\/p>\n\n\n\n<p> <strong><em>Melbourne City \u2013 Melbourne Victory (09.45 Uhr)<\/em><\/strong> <strong><em>(A-League, 5. Spieltag) <\/em><\/strong><\/p>\n\n\n\n<p> <img loading=\"lazy\" decoding=\"async\" width=\"10\" height=\"21\" class=\"wp-image-3656\" style=\"width: 10px;\" src=\"http:\/\/kommentatorenblog.de\/wp-content\/uploads\/2020\/09\/shure-55sh-ii-e1601485394796.jpg\" alt=\"\" srcset=\"https:\/\/kommentatorenblog.de\/wp-content\/uploads\/2020\/09\/shure-55sh-ii-e1601485394796.jpg 415w, https:\/\/kommentatorenblog.de\/wp-content\/uploads\/2020\/09\/shure-55sh-ii-e1601485394796-142x300.jpg 142w\" sizes=\"auto, (max-width: 10px) 100vw, 10px\" \/> Ulf Kahmke<\/p>\n\n\n\n<p>  <strong><em>FC Middlesbrough&nbsp; \u2013 AFC Bournemouth (13.30 Uhr)<\/em><\/strong>   <em><strong>(Sky Bet Championship, 23. Spieltag) <\/strong><\/em> <\/p>\n\n\n\n<p> <img loading=\"lazy\" decoding=\"async\" width=\"10\" height=\"21\" class=\"wp-image-3656\" style=\"width: 10px;\" src=\"http:\/\/kommentatorenblog.de\/wp-content\/uploads\/2020\/09\/shure-55sh-ii-e1601485394796.jpg\" alt=\"\" srcset=\"https:\/\/kommentatorenblog.de\/wp-content\/uploads\/2020\/09\/shure-55sh-ii-e1601485394796.jpg 415w, https:\/\/kommentatorenblog.de\/wp-content\/uploads\/2020\/09\/shure-55sh-ii-e1601485394796-142x300.jpg 142w\" sizes=\"auto, (max-width: 10px) 100vw, 10px\" \/> Martin Hahn<\/p>\n\n\n\n<p>  <strong><em>Coventry City&nbsp; \u2013 Stoke City (16.00 Uhr)<\/em><\/strong>   <em><strong>(Sky Bet Championship, 23. Spieltag) <\/strong><\/em> <\/p>\n\n\n\n<p> <img loading=\"lazy\" decoding=\"async\" width=\"10\" height=\"21\" class=\"wp-image-3656\" style=\"width: 10px;\" src=\"http:\/\/kommentatorenblog.de\/wp-content\/uploads\/2020\/09\/shure-55sh-ii-e1601485394796.jpg\" alt=\"\" srcset=\"https:\/\/kommentatorenblog.de\/wp-content\/uploads\/2020\/09\/shure-55sh-ii-e1601485394796.jpg 415w, https:\/\/kommentatorenblog.de\/wp-content\/uploads\/2020\/09\/shure-55sh-ii-e1601485394796-142x300.jpg 142w\" sizes=\"auto, (max-width: 10px) 100vw, 10px\" \/> Christian Blunck<\/p>\n\n\n\n<p> <strong><em>FC Hradec Kralove \u2013 Sparta Prag (18.00 Uhr)<\/em><\/strong> <strong><em>(Fortuna Liga (19. Spieltag)) <\/em><\/strong><\/p>\n\n\n\n<p> <img loading=\"lazy\" decoding=\"async\" width=\"10\" height=\"21\" class=\"wp-image-3656\" style=\"width: 10px;\" src=\"http:\/\/kommentatorenblog.de\/wp-content\/uploads\/2020\/09\/shure-55sh-ii-e1601485394796.jpg\" alt=\"\" srcset=\"https:\/\/kommentatorenblog.de\/wp-content\/uploads\/2020\/09\/shure-55sh-ii-e1601485394796.jpg 415w, https:\/\/kommentatorenblog.de\/wp-content\/uploads\/2020\/09\/shure-55sh-ii-e1601485394796-142x300.jpg 142w\" sizes=\"auto, (max-width: 10px) 100vw, 10px\" \/> J\u00f6rg Steiger<\/p>\n\n\n\n<p> <strong><em><strong><em>FC Gil Vicente<\/em><\/strong>  \u2013 Sporting Lissabon (21.30 Uhr)<\/em><\/strong>  <strong><em>(Primeira Liga (15. Spieltag)) <\/em><\/strong><\/p>\n\n\n\n<p> <img loading=\"lazy\" decoding=\"async\" width=\"10\" height=\"21\" class=\"wp-image-3656\" style=\"width: 10px;\" src=\"http:\/\/kommentatorenblog.de\/wp-content\/uploads\/2020\/09\/shure-55sh-ii-e1601485394796.jpg\" alt=\"\" srcset=\"https:\/\/kommentatorenblog.de\/wp-content\/uploads\/2020\/09\/shure-55sh-ii-e1601485394796.jpg 415w, https:\/\/kommentatorenblog.de\/wp-content\/uploads\/2020\/09\/shure-55sh-ii-e1601485394796-142x300.jpg 142w\" sizes=\"auto, (max-width: 10px) 100vw, 10px\" \/> Karsten Linke<\/p>\n\n\n\n<p><span style=\"text-decoration: underline;\">Sonntag, 19. Dezember 2021<\/span> <\/p>\n\n\n\n<p> <strong><em>CA Colon \u2013 CA River Plate (01.10 Uhr)<\/em><\/strong> <strong><em>(Trofeo de Campeones) <\/em><\/strong><\/p>\n\n\n\n<p> <img loading=\"lazy\" decoding=\"async\" width=\"10\" height=\"21\" class=\"wp-image-3656\" style=\"width: 10px;\" src=\"http:\/\/kommentatorenblog.de\/wp-content\/uploads\/2020\/09\/shure-55sh-ii-e1601485394796.jpg\" alt=\"\" srcset=\"https:\/\/kommentatorenblog.de\/wp-content\/uploads\/2020\/09\/shure-55sh-ii-e1601485394796.jpg 415w, https:\/\/kommentatorenblog.de\/wp-content\/uploads\/2020\/09\/shure-55sh-ii-e1601485394796-142x300.jpg 142w\" sizes=\"auto, (max-width: 10px) 100vw, 10px\" \/> Marcus Radefeld<\/p>\n\n\n\n<p>  <strong><em>Sydney FC \u2013 Wellington Phoenix (08.45 Uhr)<\/em><\/strong> <strong><em>(A-League (5. Spieltag)) <\/em><\/strong> <\/p>\n\n\n\n<p> <img loading=\"lazy\" decoding=\"async\" width=\"10\" height=\"21\" class=\"wp-image-3656\" style=\"width: 10px;\" src=\"http:\/\/kommentatorenblog.de\/wp-content\/uploads\/2020\/09\/shure-55sh-ii-e1601485394796.jpg\" alt=\"\" srcset=\"https:\/\/kommentatorenblog.de\/wp-content\/uploads\/2020\/09\/shure-55sh-ii-e1601485394796.jpg 415w, https:\/\/kommentatorenblog.de\/wp-content\/uploads\/2020\/09\/shure-55sh-ii-e1601485394796-142x300.jpg 142w\" sizes=\"auto, (max-width: 10px) 100vw, 10px\" \/> Karsten Linke<\/p>\n\n\n\n<p>  <strong><em>Feyenoord Rotterdam \u2013 Ajax Amsterdam (14.30 Uhr)<\/em><\/strong> <strong><em> (Eredivisie (17. Spieltag) <\/em><\/strong><\/p>\n\n\n\n<p> <img loading=\"lazy\" decoding=\"async\" width=\"10\" height=\"21\" class=\"wp-image-3656\" style=\"width: 10px;\" src=\"http:\/\/kommentatorenblog.de\/wp-content\/uploads\/2020\/09\/shure-55sh-ii-e1601485394796.jpg\" alt=\"\" srcset=\"https:\/\/kommentatorenblog.de\/wp-content\/uploads\/2020\/09\/shure-55sh-ii-e1601485394796.jpg 415w, https:\/\/kommentatorenblog.de\/wp-content\/uploads\/2020\/09\/shure-55sh-ii-e1601485394796-142x300.jpg 142w\" sizes=\"auto, (max-width: 10px) 100vw, 10px\" \/> Christian Blunck<\/p>\n\n\n\n<p> <strong><em>RKC Waalwijk \u2013 PSV Eindhoven (21.30 Uhr)<\/em><\/strong>  <strong><em> (Eredivisie (17. Spieltag)) <\/em><\/strong> <\/p>\n\n\n\n<p><img loading=\"lazy\" decoding=\"async\" width=\"10\" height=\"21\" class=\"wp-image-3656\" style=\"width: 10px;\" src=\"http:\/\/kommentatorenblog.de\/wp-content\/uploads\/2020\/09\/shure-55sh-ii-e1601485394796.jpg\" alt=\"\" srcset=\"https:\/\/kommentatorenblog.de\/wp-content\/uploads\/2020\/09\/shure-55sh-ii-e1601485394796.jpg 415w, https:\/\/kommentatorenblog.de\/wp-content\/uploads\/2020\/09\/shure-55sh-ii-e1601485394796-142x300.jpg 142w\" sizes=\"auto, (max-width: 10px) 100vw, 10px\" \/> Marcus Radefeld<\/p>\n\n\n\n<p><strong><em>Benfica Lissabon \u2013 Maritimo Funchal (19.00 Uhr)<\/em><\/strong> <strong><em> (Primeira Liga (15. Spieltag)<\/em><\/strong>)<\/p>\n\n\n\n<p> <img loading=\"lazy\" decoding=\"async\" width=\"10\" height=\"21\" class=\"wp-image-3656\" style=\"width: 10px;\" src=\"http:\/\/kommentatorenblog.de\/wp-content\/uploads\/2020\/09\/shure-55sh-ii-e1601485394796.jpg\" alt=\"\" srcset=\"https:\/\/kommentatorenblog.de\/wp-content\/uploads\/2020\/09\/shure-55sh-ii-e1601485394796.jpg 415w, https:\/\/kommentatorenblog.de\/wp-content\/uploads\/2020\/09\/shure-55sh-ii-e1601485394796-142x300.jpg 142w\" sizes=\"auto, (max-width: 10px) 100vw, 10px\" \/> Ulf Kahmke<\/p>\n\n\n\n<p> <strong><em>FC Vizela<\/em><\/strong> <strong><em>\u2013 FC Porto (20.40 Uhr)<\/em><\/strong> <em><strong>(<strong><em>(Primeira Liga (15. Spieltag)<\/em><\/strong> <\/strong><\/em><\/p>\n\n\n\n<p> <img loading=\"lazy\" decoding=\"async\" width=\"10\" height=\"21\" class=\"wp-image-3656\" style=\"width: 10px;\" src=\"http:\/\/kommentatorenblog.de\/wp-content\/uploads\/2020\/09\/shure-55sh-ii-e1601485394796.jpg\" alt=\"\" srcset=\"https:\/\/kommentatorenblog.de\/wp-content\/uploads\/2020\/09\/shure-55sh-ii-e1601485394796.jpg 415w, https:\/\/kommentatorenblog.de\/wp-content\/uploads\/2020\/09\/shure-55sh-ii-e1601485394796-142x300.jpg 142w\" sizes=\"auto, (max-width: 10px) 100vw, 10px\" \/> Arne Malsch<\/p>\n\n\n\n<hr class=\"wp-block-separator\"\/>\n\n\n\n<p><strong>Die Analyse<\/strong><\/p>\n\n\n\n<p><strong>Viel los in M\u00fcnchen<\/strong><\/p>\n\n\n\n<p>Den letzten Spieltag des Jahres er\u00f6ffnen die Bayern gegen den VfL Wolfsburg. Achtung, aufgepasst: Am 17. Spieltag l\u00e4uft das Freitagsspiel nicht nur bei DAZN, sondern auch im Free-TV bei Sat1.<\/p>\n\n\n\n<p>Bei Sat1 geht die \u00dcbertragung ab 18.55 Uhr mit einem 35 min\u00fctigem Countdown los, anschlie\u00dfend gibt es bis Spielbeginn (mit Ausnahme der Nachrichten) einen Bayern- Wolfsburg Countdown<\/p>\n\n\n\n<p>Die Moderation der Sendung bei Sat1 \u00fcbernimmt Matthias Opdenh\u00f6vel, das ist genauso wenig eine \u00dcberraschung wie der Kommentator Wolff Fuss. Als Experte wird Stefan Kuntz die \u00dcbertragung begleiten, neben dem t\u00fcrkischen Nationaltrainer vervollst\u00e4ndigt Matthias Killing das Quartett als Field- Reporter. Neben Sat1 meldet sich auch DAZN zum Abschluss der Hinrunde aus der Allianz Arena in M\u00fcnchen. Stadionluft schnuppert als Moderatorin (wie beinahe immer bisher) Laura Wontorra. Dazu kommt Marco Hagemann als Kommentator hat, welcher es nicht allzu weit in das M\u00fcnchner Stadion hat, als Experte wird ihm Ralph Gunesch zur Seite stehen.<\/p>\n\n\n\n<p>Am Samstag geht es dann bei Sky mit der Bundesliga weiter. Die letzte Bundesliga- Konferenz ist namenhaft mit Kommentatoren wie u.a. Hansi K\u00fcpper, Schmiso und Jonas Friedrich best\u00fcckt.<\/p>\n\n\n\n<p>Los geht\u2019s mit den Einzelspielen am Samstag: F\u00fcr Torsten Kunde f\u00fchrt der Weg nach Bochum zur Begegnung gegen Union Berlin. Ebenfalls in Bochum wird Dirk gro\u00dfe Schlarmann als Field- Reporter sein, welcher es nicht so weit nach Bochum hat wie Kunde.<\/p>\n\n\n\n<p>Klaus Veltman bekommt zum Jahresabschluss ein Einzelspiel, ihn verschl\u00e4gt es nach Frankfurt, wo die Eintracht den FSV Mainz 05 empf\u00e4ngt. Britta Hofmann erh\u00e4lt dort diese Woche einen Einsatz Field- Reporterin. F\u00fcr Kai Dittmann und Jens Westen geht die Reise am 17. Spieltag zur TSG 1899 Hoffenheim, w\u00e4hrenddessen sich Marcel Meinert als Einzelspielkommentator und Ricardo Basile als Interviewer vom \u201eAbgrund\u201c und Bayern- Duell aus F\u00fcrth wenden, wenn der Tabellenletzte den Tabellen 16. (FC Augsburg) zum Kellerduell empf\u00e4ngt. W\u00e4hrend Augsburg sich noch ordentlich nach oben arbeiten k\u00f6nnte, wird F\u00fcrth auch den Jahreswechsel mit der roten Laterne verbringen. Lediglich die magere&nbsp; Punkteausbeute k\u00f6nnte vergr\u00f6\u00dfert (bei einem Sieg fast verdoppelt) werden.<\/p>\n\n\n\n<p>Da Wolfsburg ja bereits am Freitag spielt geht es f\u00fcr \u201eStamm- VfL\u201c- Kommentator Oliver Seidler nach Leipzig, wo die Bullen die Arminia aus Bielefeld empfangen wird. Die Stimmen f\u00fcr Sky wird dabei Katharina Kleinfeldt einsammeln. Das Sky-Team runden aus M\u00fcnchen Michael Leopold und Didi Hamann als Moderator beziehungsweise Experte ab.<\/p>\n\n\n\n<p>Am Abend wird wieder das gewohnte Trio bei Sky zu h\u00f6ren beziehungsweise sehen sein: Fuss am Mikro hinter der Kamera sowie Hellmann und Matth\u00e4us vor der Kamera. Dazu kommt Martin Gro\u00df&nbsp;zu einem seiner h\u00e4ufigen Field- Reporter Eins\u00e4tze.<\/p>\n\n\n\n<p>Am Sonntag geht es bei DAZN ab in die Box. Bei beiden Spielen wird man nur mit einer Person f\u00fcr die Interviews im Stadio sein. In Freiburg wird dies Ann- Sophie Kimmel sein. Kommentator wird Jan Platte sein, an seiner Seite: Ralph Gunesch, mit dem zweiten Bundesliga- Einsatz an diesem Wochenende.<\/p>\n\n\n\n<p>Den Spieltag beschlie\u00dft die Begegnung K\u00f6ln- Stuttgart und Uli Hebel am Mikro. Etwas \u00fcberraschend hier: W\u00e4hrend Lukas Sch\u00f6nm\u00fcller aus M\u00fcnchen moderieren wird, wird Alex Schl\u00fcter die Interviews im K\u00f6lner Stadion f\u00fchren.<\/p>\n\n\n\n<p>Update: Experte Wird nun Benny Lauth statt Sebastian Knei\u00dfl sein.<\/p>\n\n\n\n<p><strong>R\u00fcckrundenauftakt in Liga 2<\/strong> &#8230;<\/p>\n\n\n\n<p>In Liga 2 starten Hannes Herrmann und Oliver Seidler am Freitag mit den Einzelspielen. F\u00fcr letzteren geht es nach dem Boxeinsatz am Freitag dann am Samstag nach Leipzig zur Bundesliga. Moderator wird \u00fcbrigens Stefan Hempel sein.<\/p>\n\n\n\n<p>Dieser wird auch wie gewohnt am Samstagabend im Einsatz sein, nat\u00fcrlich wieder mit Torsten Mattuschka, das bew\u00e4hrte 2.Liga-Topspiel- Duo von Sky. Bei Sport1 kommt wie gewohnt Ruth Hofmann als Moderatorin zum Einsatz, Markus H\u00f6hner kommentiert diese Woche.<\/p>\n\n\n\n<p>Bei den Spielen am Samstagnachmittag d\u00fcrfte Jaron Steiner zu seinem Saison- Deb\u00fct in Liga 2 als Kommentator kommen, daneben kommentieren noch Gaupp und Weinberger. Am Sonntag darf Martin Gro\u00df als Kommentator ran, ebenso J\u00fcrgen Schmitz, der den KSC \u00fcbernimmt und Sascha Roos.<\/p>\n\n\n\n<p>Die Konferenzkommentatoren liefern wir nach, sofern wir sie haben.<\/p>\n\n\n\n<p><strong>.. und in Liga 3 sowie bei den Frauen<\/strong><\/p>\n\n\n\n<p>Die 3. Liga startet mit einem Duell der Viktorias und Markus H\u00f6hner am Magenta- Mikro. Samstags gibt\u2019s Bandermann und Piller in der Konferenz zu h\u00f6ren, daneben melden sich u.a. Stra\u00dfburger, Kunz und Bast. Im Westen sind erneut Sievers und Wagner im Einsatz. Am Sonntag meldet sich das MDR- Duo Blochwitz\/ K\u00fcpper bei Magenta aus Magdeburg und am Montag d\u00fcrfen wie letzte Woche Wagner und Stra\u00dfburger ran.<\/p>\n\n\n\n<p>In der Frauen- Bundesliga wird Michael Seyberth sowohl das Freitagsspiel sowie ein Spiel am Sonntag kommentieren. Am Samstag darf Antonia Engelhardt wieder im S\u00fcdwesten ran, w\u00e4hrend Martin Piller am Sonntag erneut in Potsdam Kommentator ist. F\u00fcr die Potsdamerinnen geht es nach dem Spiel gegen den Meister Bayern nun gegen Herbstmeister Wolfsburg.<\/p>\n\n\n\n<p>Der SWR \u00fcbertr\u00e4gt die Samstagsbegegnung im Stream, Kommentator ist etwas \u00fcberraschend Stefan Ki\u00df. In der 3. Liga sind f\u00fcr den SWR Brinkhoff und Bollenbacher im Einsatz.<\/p>\n\n\n\n<p><strong>International ordentlich was los<\/strong><\/p>\n\n\n\n<p><s>In der Premier League starten am Samstag die Hebel-Br\u00fcder .<\/s> Joachim Hebel kommt am Sonntag erneut zum Einsatz und am sp\u00e4ten Nachmittag wird Florian Schmidt- Sommerfeld das Topspiel begleiten, Unterst\u00fctzung erh\u00e4lt er von Honigstein und <s>Mladen Petric.<\/s> Manuel Baum.<\/p>\n\n\n\n<p>Update &#8211; einige Absagen in England, Ansetzungen sind neu angepasst.<\/p>\n\n\n\n<p>Bei DAZN gibt es zudem den Ligabetrieb aus Spanien und Italien, sowie den Coup de France aus Frankreich. Dabei wird am Sonntag bei der Begegnung des AC Mailand gegen Neapel neben Kommentator Carsten Fu\u00df und Experte Christian Bernhard auch Mario Rieker als Moderator dabei sein. Durch Vorberichte startet hier die \u00dcbertragung bereits ab 20.25 Uhr .<\/p>\n\n\n\n<p>Weiteren internationalen Fu\u00dfball gibt\u2019s noch bei sportdigital.<\/p>\n\n\n\n<p>Das wars mit der Bundesliga f\u00fcr dieses Jahr, also genie\u00dft den letzten Spieltag nochmal. W\u00e4hrend die Fu\u00dfballerinnen und Fu\u00dfballer sich in die Winterpause verabschieden, geht&#8217;s bei uns nach einer kurzen Pause n\u00e4chsten Donnerstag weiter, u.a. mit der Premier League. Euch ein sch\u00f6nes Wochenende und von meiner Stelle noch sch\u00f6ne Weihnachten, passt auf euch auf und bleibt gesund ! <\/p>\n","protected":false},"excerpt":{"rendered":"<p>Update N\u00b4Abend allerseits, Montag, 20. Dezember 2021 FC Fulham \u2013 Sheffield United (20.45 Uhr) Sky Bet Championship (23. Spieltag) Christian Blunck Mittwoch 22. Dezember 2021 SC Heerenveen \u2013 Feyenoord Rotterdam (18.45 Uhr) Eredivisie (18. Spieltag) Ulf Kahmke Ajax Amsterdam \u2013 Fortuna Sittard (21.00 Uhr) Eredivisie (18. Spieltag) Marcus Radefeld Donnerstag, 23. Dezember 2021 PSV Eindhoven [&hellip;]<\/p>\n","protected":false},"author":10,"featured_media":0,"comment_status":"open","ping_status":"open","sticky":false,"template":"","format":"standard","meta":{"footnotes":""},"categories":[424],"tags":[10,292,577,49,680,404,645,73,131,256,57,35,234,212,13,392,89,32,104,25,48,72,213,347,69,58,315,86,93,59,585,676,378,44,359,677,9,70,43,503,572,243,587,121,118,67,95,130,71,679,571,223,101,593,634,191,113,579,108,45,76,241,98,22,371,134,28,681,549,135,524,575,27,33,395,252,24,87,402,105,289,149,107],"class_list":["post-11398","post","type-post","status-publish","format-standard","hentry","category-bundesliga-und-co","tag-3-liga","tag-alex-kunz","tag-alex-kuepper","tag-alex-schlueter","tag-andreas-kaeckell","tag-ann-sophie-kimmel","tag-antonia-engelhardt","tag-britta-hofmann","tag-carsten-fuss","tag-cedric-pick","tag-christian-blunck","tag-christian-strassburger","tag-claus-mueller","tag-daniel-herzog","tag-dazn","tag-dirk-grosse-schlarmann","tag-florian-schmidt-sommerfeld","tag-gari-paubandt","tag-hannes-herrmann","tag-hansi-kuepper","tag-jan-platte","tag-jaron-steiner","tag-jens-westen","tag-joachim-hebel","tag-jonas-friedrich","tag-joerg-steiger","tag-julian-engelhard","tag-juergen-schmitz","tag-kai-dittmann","tag-karsten-linke","tag-katharina-kleinfeldt","tag-klaus-veltman","tag-konstantin-klostermann","tag-laura-wontorra","tag-lennert-brinkhoff","tag-lot","tag-magenta-sport","tag-marcel-meinert","tag-marco-hagemann","tag-marcus-radefeld","tag-mario-bast","tag-mario-rieker","tag-markus-babbel","tag-markus-gaupp","tag-markus-herwig","tag-markus-hoehner","tag-martin-gross","tag-martin-piller","tag-martin-weinberger","tag-matthias-cammann","tag-matthias-killling","tag-matthias-naebers","tag-matthias-opdenhoevel","tag-michael-bollenbacher","tag-michael-seyberth","tag-nico-seepe","tag-oliver-seidler","tag-philipp-langosz","tag-ralph-gunesch","tag-roland-evers","tag-ruth-hofmann","tag-sascha-roos","tag-sebastian-hellmann","tag-sky","tag-soenke-sievers","tag-sportdigital-fussball","tag-stefan-hempel","tag-stefan-kiss-2","tag-stefan-kuntz","tag-stefanie-blochwitz","tag-stephan-weidling","tag-stephanie-mueller-spirra","tag-sven-schroeter","tag-thomas-wagner","tag-tobi-schaefer","tag-tobi-wahnschaffe","tag-toni-tomic","tag-torsten-kunde","tag-ulf-kahmke","tag-uli-hebel","tag-ulli-potofski","tag-uwe-morawe","tag-wolff-fuss"],"_links":{"self":[{"href":"https:\/\/kommentatorenblog.de\/index.php?rest_route=\/wp\/v2\/posts\/11398","targetHints":{"allow":["GET"]}}],"collection":[{"href":"https:\/\/kommentatorenblog.de\/index.php?rest_route=\/wp\/v2\/posts"}],"about":[{"href":"https:\/\/kommentatorenblog.de\/index.php?rest_route=\/wp\/v2\/types\/post"}],"author":[{"embeddable":true,"href":"https:\/\/kommentatorenblog.de\/index.php?rest_route=\/wp\/v2\/users\/10"}],"replies":[{"embeddable":true,"href":"https:\/\/kommentatorenblog.de\/index.php?rest_route=%2Fwp%2Fv2%2Fcomments&post=11398"}],"version-history":[{"count":24,"href":"https:\/\/kommentatorenblog.de\/index.php?rest_route=\/wp\/v2\/posts\/11398\/revisions"}],"predecessor-version":[{"id":11453,"href":"https:\/\/kommentatorenblog.de\/index.php?rest_route=\/wp\/v2\/posts\/11398\/revisions\/11453"}],"wp:attachment":[{"href":"https:\/\/kommentatorenblog.de\/index.php?rest_route=%2Fwp%2Fv2%2Fmedia&parent=11398"}],"wp:term":[{"taxonomy":"category","embeddable":true,"href":"https:\/\/kommentatorenblog.de\/index.php?rest_route=%2Fwp%2Fv2%2Fcategories&post=11398"},{"taxonomy":"post_tag","embeddable":true,"href":"https:\/\/kommentatorenblog.de\/index.php?rest_route=%2Fwp%2Fv2%2Ftags&post=11398"}],"curies":[{"name":"wp","href":"https:\/\/api.w.org\/{rel}","templated":true}]}}