{"id":11410,"date":"2021-12-13T23:55:54","date_gmt":"2021-12-13T21:55:54","guid":{"rendered":"http:\/\/kommentatorenblog.de\/?p=11410"},"modified":"2021-12-16T08:47:56","modified_gmt":"2021-12-16T06:47:56","slug":"1219-rueckblick-und-englische-woche","status":"publish","type":"post","link":"https:\/\/kommentatorenblog.de\/?p=11410","title":{"rendered":"1219 &#8211; R\u00fcckblick und englische Woche"},"content":{"rendered":"\n<p>N\u2019Abend allerseits, <\/p>\n\n\n\n<p>Das Fussballjahr 2021 in Deutschland neigt sich dem Ende zu. Traditionell steht allerdings vor Ende der Hinrunde noch eine englische Woche, so auch in diesem Jahr. F\u00fcr Sky bedeutet dies zwei Feiertage, da die rechtliche Situation sich so darstellt, dass Sky alle neun Spiele \u00fcbertr\u00e4gt. Im Unterschied zu sonst nur maximal sechs Spielen bedeutet dies aber nat\u00fcrlich einen gr\u00f6\u00dferen Personalaufwand.<\/p>\n\n\n\n<p>Und wo wir schon bei Sky und Rechten sind, die Champions League ist in dieser Spielzeit bekannterma\u00dfen zum ersten Mal seit Langem nicht bei Sky Deutschland zu sehen, ich will dieses Vorwort nun daf\u00fcr nutzen, auf die erste Gruppenphase des Europapokals in der neuen Rechtesituation zu blicken.<\/p>\n\n\n\n<p>Bevor wir allerdings genauer auf die einzelnen Anbieter blicken, m\u00f6chte ich einen groben Blick gefallen, was sich in der neuen Rechtelage positiv bzw. negativ im Vergleich zur letzten gestaltet. Hierbei gehe ich aber <strong>noch nicht<\/strong> auf die Qualit\u00e4t der \u00dcbertragungen ein.<\/p>\n\n\n\n<p><strong>Positiv<\/strong><\/p>\n\n\n\n<ul class=\"wp-block-list\"><li>Geringere Kosten f\u00fcr den Zuschauer<\/li><li>Ein Gro\u00dfteil der Spiele bei einem Anbieter<\/li><li>Keine so un\u00fcbersichtliche Vergabe der Spiele wie in der letzten Rechteperiode<\/li><\/ul>\n\n\n\n<p>Negativ<\/p>\n\n\n\n<ul class=\"wp-block-list\"><li>Konferenz am Dienstag verliert ein Spiel<\/li><li>Zwei zus\u00e4tzliche Anbieter (PrimeVideo, RTL+)<\/li><\/ul>\n\n\n\n<p>Soviel also vom ersten \u00dcberblick, nun komme ich aber wie versprochen zu den beiden Anbietern der Champions League und einem Fazit, was mir jeweils gut bzw. schlecht gefallen hat.<\/p>\n\n\n\n<p><strong>DAZN<\/strong><\/p>\n\n\n\n<p>Der immer noch junge Streamingdienst ist der Anbieter, der den Gro\u00dfteil der Champions League zeigt. 93,75% der Spiele (alle au\u00dfer die sechs Topspiele am Dienstag) zeigte DAZN einzeln und in der Konferenz. Sehr positiv hierbei ist, dass die Konferenz eine &#8222;Richtige&#8220; war. Viele einschlie\u00dflich mir hatten hier ja eher mit einer Goalzone gerechnet. Auch die Qualit\u00e4t der Konferenzen hat sich aus meiner Sicht im Verlaufe sehr verbessert, so war es am Anfang noch sehr hektisch und es wurde h\u00e4ufig wahllos hin und her geschaltet, doch dies hat sich Spieltag f\u00fcr Spieltag gesteigert. Nat\u00fcrlich ist es sehr schade, dass der Dienstag dabei keine vollst\u00e4ndige Konferenz hatte, im Gro\u00dfen und Ganzen ist hier der Zuschauer der leidtragende an der Rechtesituation, da er, selbst wenn er beide Anbieter hat, keine Konferenz mit allen Spielen zur Verf\u00fcgung hat. Aber die Schuld hieran suche ich weniger bei DAZN. Aber auch die Einzelspiele liefen alle mit deutschem Kommentar. Sicherlich ein Pluspunkt! Die Insgesamt 18 deutschen Spiele, die DAZN \u00fcbertrug, wurden zu 38,89% aus dem Stadion, zu 33,33% aus dem DAZN Space, zu 16,67% aus der Box mit Vorbericht und zu 11,11% aus der Box ohne Vorbericht. Aus meiner Sicht ist hier die Stadionquote durchaus ausbauf\u00e4hig, denn zumindest, dass der Kommentator bei deutschen Spielen im Stadion ist, finde ich durchaus erwartbar. Auf der anderen Seite m\u00f6chte ich aber auch den DAZN Space loben, ein sehr sch\u00f6n gestaltetes Studio, welches sehr gut zum DAZN-Charakter passt. Hier zumindest w\u00fcrde ich mir f\u00fcrs neue Jahr w\u00fcnschen, dass zumindest alle deutschen Spiele entweder aus dem Stadion oder aus dem Space \u00fcbertragen werden, denn Spiele ganz ohne Vorberichterstattung werden dem Wettbewerb nicht gerecht. Als letzten Kritikpunkt w\u00fcrde ich noch nennen, dass ich es nicht zwingend verstehen, warum nach dem ersten Spieltag die Vorl\u00e4ufe von 60 Minuten auf 30 Minuten reduziert worden sind. Im Endeffekt komme ich aber zum Schluss, dass die DAZN \u00dcbertragungen einen gro\u00dfen Sprung gemacht haben und auch Erg\u00e4nzungs-Features wie Decoded sehr gut erg\u00e4nzend rein passen. Schulnote in der 15-Punkte-Skala: Gut (11 Punkte)<\/p>\n\n\n\n<p><strong>Prime Video<\/strong><\/p>\n\n\n\n<p>Prime Video zeigte als neuer Rechteeigner erstmals die Champions League und dabei sechsmal das Topspiel (mit deutscher Beteiligung) am Dienstagabend. Das Personal ist mit einem Moderator, drei Experten, einem Kommentator und Co-Kommentator und zwei Field-Reportern im Stadion bzw. einer Moderatorin und zwei Experten und einem Schiedsrichterexperten im Studio quantitativ absolut einzigartig besetzt, doch auch die Qualit\u00e4t vom Personal l\u00e4sst nicht missen. Sebastian Hellmann als einer der erfahrensten Moderatoren im deutschen Raum in Bezug auf Champions League ist f\u00fcr die ideale Wahl. Auch die Experten sind mit Matthias Sammer (f\u00fcr mich seit den Eurosport-Zeiten ein All-Time-Favorite), Mario Gomez als Konstanten sehr gut gew\u00e4hlt. Hinzu kommt der dritte meist wechselnde Experte, hier habe beispielsweise Tabea Kemme als sehr gute Erg\u00e4nzung der Runde empfunden. Jonas Friedrich und Benedikt H\u00f6wedes haben als Duo sehr gut harmoniert, also zusammengefasst: Sehr gutes Personal! Auch lobenswert ist nat\u00fcrlich die Ausf\u00fchrlichkeit der \u00dcbertragung zwischen 19.30Uhr &#8211; Mitternacht hochwertige \u00dcbertragung und ganz wichtig eben auch die Berichterstattung aus dem Stadion. Zu meckern habe ich tats\u00e4chlich gar nichts, anmerken will ich aber nat\u00fcrlich, dass hinter PrimeVideo eines der gr\u00f6\u00dften Unternehmen dieses Planeten steckt, welches nat\u00fcrlich nicht auf Einnahmen durch den Fussball angewiesen ist. Die \u00dcbertragungen sind schlichtweg Werbung f\u00fcr das Milliarden-schwere Amazon, weshalb eben so viel in Personal und die \u00dcbertragungen investiert werden kann. Da ich allerdings im Rahmen dieses Beitrags nicht auf Amazon und Monopolismus eingehen will, habe ich gar keine andere Wahl als mit sehr gut (15 Punkte) zu bewerten.<\/p>\n\n\n\n<p>So viel also zu meiner Bewertung. Doch was sagt ihr: Wie gefallen euch die Anbieter und allgemeine Rechtesituation. Stimmt ihr mir zu oder seid ihr komplett anderer Meinung? Gerne in die Kommentare damit. Jetzt aber die Ansetzungen der englischen Woche!<\/p>\n\n\n\n<hr class=\"wp-block-separator\"\/>\n\n\n\n<p><strong><em>Die Ansetzungen vom 14. Dezember bis zum 16. Dezember 2021<\/em><\/strong><\/p>\n\n\n\n<p><strong>Bundesliga, 16. Spieltag<\/strong> <strong>(Sky)<\/strong><\/p>\n\n\n\n<p><span style=\"text-decoration: underline;\">Dienstag, 14. Dezember 2021, ab 17.30 Uhr<\/span><\/p>\n\n\n\n<p><strong><em>VfB Stuttgart&nbsp;\u2013&nbsp;FC Bayern M\u00fcnchen<\/em><\/strong> <strong><em>(18.30 Uhr)<\/em><\/strong><\/p>\n\n\n\n<p class=\"has-normal-font-size\"><img loading=\"lazy\" decoding=\"async\" width=\"10\" height=\"21\" class=\"wp-image-3656\" style=\"width: 10px;\" src=\"http:\/\/kommentatorenblog.de\/wp-content\/uploads\/2020\/09\/shure-55sh-ii-e1601485394796.jpg\" alt=\"\" srcset=\"https:\/\/kommentatorenblog.de\/wp-content\/uploads\/2020\/09\/shure-55sh-ii-e1601485394796.jpg 415w, https:\/\/kommentatorenblog.de\/wp-content\/uploads\/2020\/09\/shure-55sh-ii-e1601485394796-142x300.jpg 142w\" sizes=\"auto, (max-width: 10px) 100vw, 10px\" \/> Wolff Fuss  <\/p>\n\n\n\n<p>Field-Reporter: Nele Schenker<\/p>\n\n\n\n<p><span style=\"text-decoration: underline;\">ab 20.25 Uhr<\/span><\/p>\n\n\n\n<p><strong><em>VfL Wolfsburg \u2013&nbsp;1. FC K\u00f6ln<\/em><\/strong> <strong><em>(20.30 Uhr)<\/em><\/strong><\/p>\n\n\n\n<p class=\"has-normal-font-size\"><img loading=\"lazy\" decoding=\"async\" width=\"10\" height=\"21\" class=\"wp-image-3656\" style=\"width: 10px;\" src=\"http:\/\/kommentatorenblog.de\/wp-content\/uploads\/2020\/09\/shure-55sh-ii-e1601485394796.jpg\" alt=\"\" srcset=\"https:\/\/kommentatorenblog.de\/wp-content\/uploads\/2020\/09\/shure-55sh-ii-e1601485394796.jpg 415w, https:\/\/kommentatorenblog.de\/wp-content\/uploads\/2020\/09\/shure-55sh-ii-e1601485394796-142x300.jpg 142w\" sizes=\"auto, (max-width: 10px) 100vw, 10px\" \/> Oliver Seidler (Einzelspiel), Kai Dittmann (Konferenz)<\/p>\n\n\n\n<p>Field-Reporter: Ulli Potofski<\/p>\n\n\n\n<p><strong><em>1. FSV Mainz 05 \u2013&nbsp;Hertha BSC<\/em><\/strong> <strong><em>(20.30 Uhr)<\/em><\/strong><\/p>\n\n\n\n<p class=\"has-normal-font-size\"><img loading=\"lazy\" decoding=\"async\" width=\"10\" height=\"21\" class=\"wp-image-3656\" style=\"width: 10px;\" src=\"http:\/\/kommentatorenblog.de\/wp-content\/uploads\/2020\/09\/shure-55sh-ii-e1601485394796.jpg\" alt=\"\" srcset=\"https:\/\/kommentatorenblog.de\/wp-content\/uploads\/2020\/09\/shure-55sh-ii-e1601485394796.jpg 415w, https:\/\/kommentatorenblog.de\/wp-content\/uploads\/2020\/09\/shure-55sh-ii-e1601485394796-142x300.jpg 142w\" sizes=\"auto, (max-width: 10px) 100vw, 10px\" \/> Martin Gro\u00df (Einzelspiel), Hansi K\u00fcpper (Konferenz)<\/p>\n\n\n\n<p>Field-Reporterin: Katharina Kleinfeldt<\/p>\n\n\n\n<p><strong><em>Arminia Bielefeld \u2013&nbsp;VfL Bochum<\/em><\/strong> <strong><em>(20.30 Uhr)<\/em><\/strong><\/p>\n\n\n\n<p class=\"has-normal-font-size\"><img loading=\"lazy\" decoding=\"async\" width=\"10\" height=\"21\" class=\"wp-image-3656\" style=\"width: 10px;\" src=\"http:\/\/kommentatorenblog.de\/wp-content\/uploads\/2020\/09\/shure-55sh-ii-e1601485394796.jpg\" alt=\"\" srcset=\"https:\/\/kommentatorenblog.de\/wp-content\/uploads\/2020\/09\/shure-55sh-ii-e1601485394796.jpg 415w, https:\/\/kommentatorenblog.de\/wp-content\/uploads\/2020\/09\/shure-55sh-ii-e1601485394796-142x300.jpg 142w\" sizes=\"auto, (max-width: 10px) 100vw, 10px\" \/> Toni Tomic (Einzelspiel), Frank Buschmann (Konferenz)<\/p>\n\n\n\n<p>Field-Reporter: Dirk gro\u00dfe Schlarmann<\/p>\n\n\n\n<p>Moderation: Britta Hofmann, Experte: Lothar Matth\u00e4us <\/p>\n\n\n\n<p><span style=\"text-decoration: underline;\">Mittwoch, 15. Dezember 2021, ab 17.30 Uhr<\/span><\/p>\n\n\n\n<p><strong><em>Borussia M\u00f6nchengladbach&nbsp;\u2013&nbsp;Eintracht Frankfurt<\/em><\/strong> <strong><em>(18.30 Uhr)<\/em><\/strong><\/p>\n\n\n\n<p class=\"has-normal-font-size\"><img loading=\"lazy\" decoding=\"async\" width=\"10\" height=\"21\" class=\"wp-image-3656\" style=\"width: 10px;\" src=\"http:\/\/kommentatorenblog.de\/wp-content\/uploads\/2020\/09\/shure-55sh-ii-e1601485394796.jpg\" alt=\"\" srcset=\"https:\/\/kommentatorenblog.de\/wp-content\/uploads\/2020\/09\/shure-55sh-ii-e1601485394796.jpg 415w, https:\/\/kommentatorenblog.de\/wp-content\/uploads\/2020\/09\/shure-55sh-ii-e1601485394796-142x300.jpg 142w\" sizes=\"auto, (max-width: 10px) 100vw, 10px\" \/> Martin Gro\u00df <\/p>\n\n\n\n<p>Field-Reporter: Stefan Hempel<\/p>\n\n\n\n<p><span style=\"text-decoration: underline;\">ab 20.25 Uhr<\/span><\/p>\n\n\n\n<p><strong><em>Borussia Dortmund \u2013&nbsp;SpVgg Greuther F\u00fcrth (20.30 Uhr)<\/em><\/strong><\/p>\n\n\n\n<p class=\"has-normal-font-size\"><img loading=\"lazy\" decoding=\"async\" width=\"10\" height=\"21\" class=\"wp-image-3656\" style=\"width: 10px;\" src=\"http:\/\/kommentatorenblog.de\/wp-content\/uploads\/2020\/09\/shure-55sh-ii-e1601485394796.jpg\" alt=\"\" srcset=\"https:\/\/kommentatorenblog.de\/wp-content\/uploads\/2020\/09\/shure-55sh-ii-e1601485394796.jpg 415w, https:\/\/kommentatorenblog.de\/wp-content\/uploads\/2020\/09\/shure-55sh-ii-e1601485394796-142x300.jpg 142w\" sizes=\"auto, (max-width: 10px) 100vw, 10px\" \/> Oliver Seidler (Einzelspiel), Wolff Fuss (Konferenz) <\/p>\n\n\n\n<p>Field-Reporter: Patrick Wasserziehr<\/p>\n\n\n\n<p><strong><em>Bayer 04 Leverkusen \u2013 TSG&nbsp;1899 Hoffenheim<strong>&nbsp;<\/strong>(20.30 Uhr)<\/em><\/strong><\/p>\n\n\n\n<p class=\"has-normal-font-size\"><img loading=\"lazy\" decoding=\"async\" width=\"10\" height=\"21\" class=\"wp-image-3656\" style=\"width: 10px;\" src=\"http:\/\/kommentatorenblog.de\/wp-content\/uploads\/2020\/09\/shure-55sh-ii-e1601485394796.jpg\" alt=\"\" srcset=\"https:\/\/kommentatorenblog.de\/wp-content\/uploads\/2020\/09\/shure-55sh-ii-e1601485394796.jpg 415w, https:\/\/kommentatorenblog.de\/wp-content\/uploads\/2020\/09\/shure-55sh-ii-e1601485394796-142x300.jpg 142w\" sizes=\"auto, (max-width: 10px) 100vw, 10px\" \/> Klaus Veltman (Einzelspiel), Hansi K\u00fcpper (Konferenz) <\/p>\n\n\n\n<p>Field-Reporter: Ulli Potofski<\/p>\n\n\n\n<p><strong><em>1. FC Union Berlin \u2013&nbsp;SC Freiburg<\/em><\/strong> <strong><em>(20.30 Uhr)<\/em><\/strong><\/p>\n\n\n\n<p class=\"has-normal-font-size\"><img loading=\"lazy\" decoding=\"async\" width=\"10\" height=\"21\" class=\"wp-image-3656\" style=\"width: 10px;\" src=\"http:\/\/kommentatorenblog.de\/wp-content\/uploads\/2020\/09\/shure-55sh-ii-e1601485394796.jpg\" alt=\"\" srcset=\"https:\/\/kommentatorenblog.de\/wp-content\/uploads\/2020\/09\/shure-55sh-ii-e1601485394796.jpg 415w, https:\/\/kommentatorenblog.de\/wp-content\/uploads\/2020\/09\/shure-55sh-ii-e1601485394796-142x300.jpg 142w\" sizes=\"auto, (max-width: 10px) 100vw, 10px\" \/> Jonas Friedrich (Einzelspiel), Markus G\u00f6tz (Konferenz) <\/p>\n\n\n\n<p>Field-Reporter: Riccardo Basile<\/p>\n\n\n\n<p><strong><em>FC Augsburg \u2013&nbsp;RB Leipzig<\/em><\/strong> <strong><em>(20.30 Uhr)<\/em><\/strong><\/p>\n\n\n\n<p class=\"has-normal-font-size\"><img loading=\"lazy\" decoding=\"async\" width=\"10\" height=\"21\" class=\"wp-image-3656\" style=\"width: 10px;\" src=\"http:\/\/kommentatorenblog.de\/wp-content\/uploads\/2020\/09\/shure-55sh-ii-e1601485394796.jpg\" alt=\"\" srcset=\"https:\/\/kommentatorenblog.de\/wp-content\/uploads\/2020\/09\/shure-55sh-ii-e1601485394796.jpg 415w, https:\/\/kommentatorenblog.de\/wp-content\/uploads\/2020\/09\/shure-55sh-ii-e1601485394796-142x300.jpg 142w\" sizes=\"auto, (max-width: 10px) 100vw, 10px\" \/> Kai Dittmann (Einzelspiel), Marcel Meinert (Konferenz) <\/p>\n\n\n\n<p>Field-Reporter: Yannick Erkenbrecher<\/p>\n\n\n\n<p>Moderation: Michael Leopold, Experte: Didi Hamann<\/p>\n\n\n\n<hr class=\"wp-block-separator\"\/>\n\n\n\n<p><strong>3. Liga, Nachholspiel 16.Spieltag (Magenta Sport)<\/strong><\/p>\n\n\n\n<p><span style=\"text-decoration: underline;\">Mittwoch, 15. Dezember 2021<\/span> <span style=\"text-decoration: underline;\">ab 18.45 Uhr <\/span><\/p>\n\n\n\n<p><strong><em>FSV Zwickau \u2013 1. FC Magdeburg (19.00 Uhr)<\/em><\/strong><\/p>\n\n\n\n<p class=\"has-normal-font-size\"><img loading=\"lazy\" decoding=\"async\" width=\"10\" height=\"21\" class=\"wp-image-3656\" style=\"width: 10px;\" src=\"http:\/\/kommentatorenblog.de\/wp-content\/uploads\/2020\/09\/shure-55sh-ii-e1601485394796.jpg\" alt=\"\" srcset=\"https:\/\/kommentatorenblog.de\/wp-content\/uploads\/2020\/09\/shure-55sh-ii-e1601485394796.jpg 415w, https:\/\/kommentatorenblog.de\/wp-content\/uploads\/2020\/09\/shure-55sh-ii-e1601485394796-142x300.jpg 142w\" sizes=\"auto, (max-width: 10px) 100vw, 10px\" \/> Markus Herwig<\/p>\n\n\n\n<p>Moderation: Stefanie Blochwitz<\/p>\n\n\n\n<hr class=\"wp-block-separator\"\/>\n\n\n\n<p><strong>UEFA Women&#8217;s Champions League, 6. Spieltag (DAZN)<\/strong><\/p>\n\n\n\n<p><span style=\"text-decoration: underline;\">Mittwoch, 15. Dezember 2021, ab 18.35 Uhr<\/span><\/p>\n\n\n\n<p><strong><em>FC Bayern M\u00fcnchen <strong><em><strong><em><strong><em><strong><em><strong><em>\u2013<\/em><\/strong><\/em><\/strong><\/em><\/strong><\/em><\/strong> <\/em><\/strong>Benfica Lissabon (18.45 Uhr)<\/em><\/strong> <\/p>\n\n\n\n<p><img loading=\"lazy\" decoding=\"async\" width=\"10\" height=\"21\" class=\"wp-image-3656\" style=\"width: 10px;\" src=\"http:\/\/kommentatorenblog.de\/wp-content\/uploads\/2020\/09\/shure-55sh-ii-e1601485394796.jpg\" alt=\"\" srcset=\"https:\/\/kommentatorenblog.de\/wp-content\/uploads\/2020\/09\/shure-55sh-ii-e1601485394796.jpg 415w, https:\/\/kommentatorenblog.de\/wp-content\/uploads\/2020\/09\/shure-55sh-ii-e1601485394796-142x300.jpg 142w\" sizes=\"auto, (max-width: 10px) 100vw, 10px\" \/> Jan Platte<\/p>\n\n\n\n<p><span style=\"text-decoration: underline;\">ab 20.50 Uhr (DAZN)<\/span> <\/p>\n\n\n\n<p><strong><em>TSG Hoffenheim <strong><em><strong><em><strong><em><strong><em><strong><em>\u2013<\/em><\/strong><\/em><\/strong><\/em><\/strong><\/em><\/strong> <\/em><\/strong>FC Arsenal (21.00 Uhr)<\/em><\/strong>  <\/p>\n\n\n\n<p><img loading=\"lazy\" decoding=\"async\" width=\"10\" height=\"21\" class=\"wp-image-3656\" style=\"width: 10px;\" src=\"http:\/\/kommentatorenblog.de\/wp-content\/uploads\/2020\/09\/shure-55sh-ii-e1601485394796.jpg\" alt=\"\" srcset=\"https:\/\/kommentatorenblog.de\/wp-content\/uploads\/2020\/09\/shure-55sh-ii-e1601485394796.jpg 415w, https:\/\/kommentatorenblog.de\/wp-content\/uploads\/2020\/09\/shure-55sh-ii-e1601485394796-142x300.jpg 142w\" sizes=\"auto, (max-width: 10px) 100vw, 10px\" \/> Martin Piller, Experten: Lena Lotzen<\/p>\n\n\n\n<p><span style=\"text-decoration: underline;\">Donnerstag, 16. Dezember 2021, ab 20.50 Uhr<\/span><\/p>\n\n\n\n<p><strong><em>VfL Wolfsburg \u2013 FC Chelsea (21.00 Uhr)<\/em><\/strong><\/p>\n\n\n\n<p> <img loading=\"lazy\" decoding=\"async\" width=\"10\" height=\"21\" class=\"wp-image-3656\" style=\"width: 10px;\" src=\"http:\/\/kommentatorenblog.de\/wp-content\/uploads\/2020\/09\/shure-55sh-ii-e1601485394796.jpg\" alt=\"\" srcset=\"https:\/\/kommentatorenblog.de\/wp-content\/uploads\/2020\/09\/shure-55sh-ii-e1601485394796.jpg 415w, https:\/\/kommentatorenblog.de\/wp-content\/uploads\/2020\/09\/shure-55sh-ii-e1601485394796-142x300.jpg 142w\" sizes=\"auto, (max-width: 10px) 100vw, 10px\" \/> Nico Seepe, Expertin: Josephine Henning <\/p>\n\n\n\n<hr class=\"wp-block-separator\"\/>\n\n\n\n<p><strong>Premier League, 17. Spieltag (Sky)<\/strong><\/p>\n\n\n\n<p><span style=\"text-decoration: underline;\">Dienstag, 14 . Dezember 2021<\/span> <span style=\"text-decoration: underline;\">ab 20.20 Uhr <\/span><\/p>\n\n\n\n<p><strong><em>FC Brentford \u2013&nbsp;Manchester United (20.30 Uhr)<\/em><\/strong><\/p>\n\n\n\n<p class=\"has-normal-font-size\"><img loading=\"lazy\" decoding=\"async\" width=\"10\" height=\"21\" class=\"wp-image-3656\" style=\"width: 10px;\" src=\"http:\/\/kommentatorenblog.de\/wp-content\/uploads\/2020\/09\/shure-55sh-ii-e1601485394796.jpg\" alt=\"\" srcset=\"https:\/\/kommentatorenblog.de\/wp-content\/uploads\/2020\/09\/shure-55sh-ii-e1601485394796.jpg 415w, https:\/\/kommentatorenblog.de\/wp-content\/uploads\/2020\/09\/shure-55sh-ii-e1601485394796-142x300.jpg 142w\" sizes=\"auto, (max-width: 10px) 100vw, 10px\" \/> Joachim Hebel<\/p>\n\n\n\n<p class=\"has-normal-font-size\"><span style=\"text-decoration: underline;\">ab 20.35 Uhr<\/span><\/p>\n\n\n\n<p><strong><em>Norwich City \u2013 Aston Villa (20.45 Uhr)<\/em><\/strong><\/p>\n\n\n\n<p class=\"has-normal-font-size\"><img loading=\"lazy\" decoding=\"async\" width=\"10\" height=\"21\" class=\"wp-image-3656\" style=\"width: 10px;\" src=\"http:\/\/kommentatorenblog.de\/wp-content\/uploads\/2020\/09\/shure-55sh-ii-e1601485394796.jpg\" alt=\"\" srcset=\"https:\/\/kommentatorenblog.de\/wp-content\/uploads\/2020\/09\/shure-55sh-ii-e1601485394796.jpg 415w, https:\/\/kommentatorenblog.de\/wp-content\/uploads\/2020\/09\/shure-55sh-ii-e1601485394796-142x300.jpg 142w\" sizes=\"auto, (max-width: 10px) 100vw, 10px\" \/> Sven Schr\u00f6ter<\/p>\n\n\n\n<p class=\"has-normal-font-size\"><span style=\"text-decoration: underline;\">ab 20.50 Uhr<\/span><\/p>\n\n\n\n<p><strong><em>Manchester City \u2013 Leeds United<\/em><\/strong> <strong><em>(21.00 Uhr)<\/em><\/strong><\/p>\n\n\n\n<p class=\"has-normal-font-size\"><img loading=\"lazy\" decoding=\"async\" width=\"10\" height=\"21\" class=\"wp-image-3656\" style=\"width: 10px;\" src=\"http:\/\/kommentatorenblog.de\/wp-content\/uploads\/2020\/09\/shure-55sh-ii-e1601485394796.jpg\" alt=\"\" srcset=\"https:\/\/kommentatorenblog.de\/wp-content\/uploads\/2020\/09\/shure-55sh-ii-e1601485394796.jpg 415w, https:\/\/kommentatorenblog.de\/wp-content\/uploads\/2020\/09\/shure-55sh-ii-e1601485394796-142x300.jpg 142w\" sizes=\"auto, (max-width: 10px) 100vw, 10px\" \/> Markus Gaupp<\/p>\n\n\n\n<p><span style=\"text-decoration: underline;\">Mittwoch, 15. Dezember 2021 ab 20.25 Uhr<\/span> <\/p>\n\n\n\n<p><strong><em>Crystal Palace \u2013 FC Southampton<\/em><\/strong> <strong><em>(20.30 Uhr)<\/em><\/strong><\/p>\n\n\n\n<p class=\"has-normal-font-size\"><img loading=\"lazy\" decoding=\"async\" width=\"10\" height=\"21\" class=\"wp-image-3656\" style=\"width: 10px;\" src=\"http:\/\/kommentatorenblog.de\/wp-content\/uploads\/2020\/09\/shure-55sh-ii-e1601485394796.jpg\" alt=\"\" srcset=\"https:\/\/kommentatorenblog.de\/wp-content\/uploads\/2020\/09\/shure-55sh-ii-e1601485394796.jpg 415w, https:\/\/kommentatorenblog.de\/wp-content\/uploads\/2020\/09\/shure-55sh-ii-e1601485394796-142x300.jpg 142w\" sizes=\"auto, (max-width: 10px) 100vw, 10px\" \/> Thomas Wagner<\/p>\n\n\n\n<p><strong><em>FC Burnley \u2013 FC Watford (20.30 Uhr)<\/em><\/strong><\/p>\n\n\n\n<p class=\"has-normal-font-size\"><img loading=\"lazy\" decoding=\"async\" width=\"10\" height=\"21\" class=\"wp-image-3656\" style=\"width: 10px;\" src=\"http:\/\/kommentatorenblog.de\/wp-content\/uploads\/2020\/09\/shure-55sh-ii-e1601485394796.jpg\" alt=\"\" srcset=\"https:\/\/kommentatorenblog.de\/wp-content\/uploads\/2020\/09\/shure-55sh-ii-e1601485394796.jpg 415w, https:\/\/kommentatorenblog.de\/wp-content\/uploads\/2020\/09\/shure-55sh-ii-e1601485394796-142x300.jpg 142w\" sizes=\"auto, (max-width: 10px) 100vw, 10px\" \/> Joachim Hebel<\/p>\n\n\n\n<p><strong><em>Brighton &amp; Hove Albion \u2013&nbsp;Wolverhampton Wanderers (20.30 Uhr)<\/em><\/strong><\/p>\n\n\n\n<p class=\"has-normal-font-size\"><img loading=\"lazy\" decoding=\"async\" width=\"10\" height=\"21\" class=\"wp-image-3656\" style=\"width: 10px;\" src=\"http:\/\/kommentatorenblog.de\/wp-content\/uploads\/2020\/09\/shure-55sh-ii-e1601485394796.jpg\" alt=\"\" srcset=\"https:\/\/kommentatorenblog.de\/wp-content\/uploads\/2020\/09\/shure-55sh-ii-e1601485394796.jpg 415w, https:\/\/kommentatorenblog.de\/wp-content\/uploads\/2020\/09\/shure-55sh-ii-e1601485394796-142x300.jpg 142w\" sizes=\"auto, (max-width: 10px) 100vw, 10px\" \/> Hannes Herrmann<\/p>\n\n\n\n<p><span style=\"text-decoration: underline;\">ab 20.50 Uhr<\/span><\/p>\n\n\n\n<p><strong><em>FC&nbsp;Arsenal \u2013 West Ham United (21.00 Uhr)<\/em><\/strong><\/p>\n\n\n\n<p class=\"has-normal-font-size\"><img loading=\"lazy\" decoding=\"async\" width=\"10\" height=\"21\" class=\"wp-image-3656\" style=\"width: 10px;\" src=\"http:\/\/kommentatorenblog.de\/wp-content\/uploads\/2020\/09\/shure-55sh-ii-e1601485394796.jpg\" alt=\"\" srcset=\"https:\/\/kommentatorenblog.de\/wp-content\/uploads\/2020\/09\/shure-55sh-ii-e1601485394796.jpg 415w, https:\/\/kommentatorenblog.de\/wp-content\/uploads\/2020\/09\/shure-55sh-ii-e1601485394796-142x300.jpg 142w\" sizes=\"auto, (max-width: 10px) 100vw, 10px\" \/> Uli Hebel<\/p>\n\n\n\n<p><span style=\"text-decoration: underline;\">Donnerstag, 16. Dezember 2021, ab 20.25 Uhr<\/span><\/p>\n\n\n\n<p><em><strong>Leicester&nbsp;City \u2013&nbsp;Tottenham Hotspur (20.30 Uhr)<\/strong><\/em><\/p>\n\n\n\n<p class=\"has-normal-font-size\"><img loading=\"lazy\" decoding=\"async\" width=\"10\" height=\"21\" class=\"wp-image-3656\" style=\"width: 10px;\" src=\"http:\/\/kommentatorenblog.de\/wp-content\/uploads\/2020\/09\/shure-55sh-ii-e1601485394796.jpg\" alt=\"\" srcset=\"https:\/\/kommentatorenblog.de\/wp-content\/uploads\/2020\/09\/shure-55sh-ii-e1601485394796.jpg 415w, https:\/\/kommentatorenblog.de\/wp-content\/uploads\/2020\/09\/shure-55sh-ii-e1601485394796-142x300.jpg 142w\" sizes=\"auto, (max-width: 10px) 100vw, 10px\" \/> Toni Tomic<\/p>\n\n\n\n<p><span style=\"text-decoration: underline;\">ab 20.30 Uhr<\/span><\/p>\n\n\n\n<p><em><strong>FC Chelsea \u2013 FC Everton (20.45 Uhr)<\/strong><\/em><\/p>\n\n\n\n<p class=\"has-normal-font-size\"><img loading=\"lazy\" decoding=\"async\" width=\"10\" height=\"21\" class=\"wp-image-3656\" style=\"width: 10px;\" src=\"http:\/\/kommentatorenblog.de\/wp-content\/uploads\/2020\/09\/shure-55sh-ii-e1601485394796.jpg\" alt=\"\" srcset=\"https:\/\/kommentatorenblog.de\/wp-content\/uploads\/2020\/09\/shure-55sh-ii-e1601485394796.jpg 415w, https:\/\/kommentatorenblog.de\/wp-content\/uploads\/2020\/09\/shure-55sh-ii-e1601485394796-142x300.jpg 142w\" sizes=\"auto, (max-width: 10px) 100vw, 10px\" \/> Hannes Herrmann<\/p>\n\n\n\n<p><strong><em>FC Liverpool \u2013 Newcastle United<\/em><\/strong> <strong><em>(21.00 Uhr)<\/em><\/strong><\/p>\n\n\n\n<p class=\"has-normal-font-size\"><img loading=\"lazy\" decoding=\"async\" width=\"10\" height=\"21\" class=\"wp-image-3656\" style=\"width: 10px;\" src=\"http:\/\/kommentatorenblog.de\/wp-content\/uploads\/2020\/09\/shure-55sh-ii-e1601485394796.jpg\" alt=\"\" srcset=\"https:\/\/kommentatorenblog.de\/wp-content\/uploads\/2020\/09\/shure-55sh-ii-e1601485394796.jpg 415w, https:\/\/kommentatorenblog.de\/wp-content\/uploads\/2020\/09\/shure-55sh-ii-e1601485394796-142x300.jpg 142w\" sizes=\"auto, (max-width: 10px) 100vw, 10px\" \/> Florian Schmidt-Sommerfeld, Experte: Mirko Slomka<\/p>\n\n\n\n<p>Field-Reporter: Raphael Honigstein<\/p>\n\n\n\n<hr class=\"wp-block-separator\"\/>\n\n\n\n<p><strong>Internationaler Fussball (Sportdigital FUSSBALL)<\/strong><\/p>\n\n\n\n<p>-folgt-<\/p>\n\n\n\n<hr class=\"wp-block-separator\"\/>\n\n\n\n<p><strong>Die Analyse<\/strong><\/p>\n\n\n\n<p><strong>Eine tolle Konferenz am Dienstag<\/strong><\/p>\n\n\n\n<p>Den Start in englische Woche macht die Partie zwischen Stuttgart und den Bayern um 18.30 Uhr. Sky meldet sich ab 17.30Uhr mit Britta Hofmann und Didi Hamann aus M\u00fcnchen, diese beiden werden dann auch durch den kompletten Abend f\u00fchren. In Stuttgart ist f\u00fcr Sky mit Nele Schenker eine Gewinnerin der bisherigen Saison im Stadion w\u00e4hrend Wolff Fuss &#8211; wie bereits vergangenen Samstag &#8211; den VfB \u00fcbernimmt. Mit den Bayern hat Fuss ja bekannterma\u00dfen aber ja auch immer viel zu tun. In der Sp\u00e4tschicht stehen drei Spiele an, diese m\u00fcssen aber ohne Vorlauf klarkommen. In Wolfsburg empfangen die tief in der Krise steckenden (und mich damit plagenden \ud83d\ude41 ) W\u00f6lfe den 1. FC K\u00f6ln. Oliver Seidler meldet sich wie so oft aus Niedersachsen, zudem ist auch Ulli Potofski mit dabei. In Mainz ist Hertha BSC zu Gast, Martin Gro\u00df verfolgt hier auch das zweite Heimspiel der 05er in Folge, f\u00fcr Interviews ist Katharina Kleinfeldt verantwortlich. In Bielefeld gibt&#8217;s das Traditionsduell zwischen Arminia und dem VfL Bochum, Toni Tomic \u00fcberrascht regional dann doch ein bisschen. In der Konferenz sitzen Kai Dittmann, Hansi K\u00fcpper und ein letztes Mal 2021 Frank Buschmann. Klingt absolut genial!<\/p>\n\n\n\n<p><strong>Hempel mit Deb\u00fct und Fuss mit seltenen Einsatz<\/strong><\/p>\n\n\n\n<p>Am Mittwoch steht dasselbe Prinzip wie am Dienstag an, nur sind hier Michael Leopold und Lothar Matth\u00e4us im Studio. Sebastian Hellmann hat also mal frei. Beim fr\u00fchen Spiel empf\u00e4ngt Adi H\u00fctter seine Ex aus Frankfurt und steht dabei geh\u00f6rig unter Druck. Stefan Hempel, der ja durch das 2.Liga Topspiel samstags immer besch\u00e4ftigt ist, kommt so zu seinem Bundesliga-Deb\u00fct in dieser Spielzeit als Field-Reporter. Ein Doppeleinsatz steht an f\u00fcr Martin Gro\u00df. Doppeleinsatz ist das Stichwort, einen solchen liefert auch Oliver Seidler, der gemeinsam mit Patrick Wasserziehr in Dortmund zugegen ist. In Leverkusen empf\u00e4ngt Bayer die so formstarke TSG Hoffenheim, mit Klaus Veltman und Ulli Potofski meldet sich die pure Routine aus der Bay-Arena. In Augsburg kommt Kai Dittmann nach Konferenz am Dienstag noch seinem Einzelspiel und Jonas Friedrich ist gemeinsam mit Riccardo Basile in K\u00f6penick. In der Konferenz kann Wolff Fuss ja sehr selten ran, die Chance in der englischen Woche l\u00e4sst er sich nat\u00fcrlich nicht nehmen. Garantiert mit dabei sind auch Markus G\u00f6tz und Hansi K\u00fcpper, bei Augsburg gegen Leipzig sind sich die Quellen uneinig, ob Schmiso oder Marcel Meinert, ich gebe aber 75% auf Meinert. Wird aber &#8211; wenn es die Zeit zul\u00e4sst &#8211; \u00fcberpr\u00fcft. <\/p>\n\n\n\n<p><strong>Und sonst so&#8230;<\/strong><\/p>\n\n\n\n<p>Englische Woche &#8211; Achtung Wortspiel &#8211; auch in England. Hier kommen Joachim Hebel und Hannes Herrmann die \u00dcblichen beiden zu Doppeleins\u00e4tzen, aber auch Uli Hebel, Toni Tomic, Sven Schr\u00f6ter und Markus Gaupp kommen zu ihrem Spiel. Auch Thomas Wagner ist mal wieder mit dabei. Das Topspiel verfolgt Schmiso gemeinsam mit Mirko Slomka, zudem ist Raphael Honigstein als Field-Reporter in Anfield. <\/p>\n\n\n\n<p>Des Weiteren steht noch der letzte Spieltag der Gruppenphase der Champions League der Frauen an, DAZN zeigt wie gewohnt Wolfsburg, Bayern und die TSG. Sportdigital erg\u00e4nze ich im Laufe der Woche.<\/p>\n\n\n\n<p>Bis dahin, habt eine sch\u00f6ne Woche und f\u00fcr alle Leute, die sich nicht im Kommentarbereich aufhalten, von meiner Seite schonmal sch\u00f6ne Weihnachtstage und bleibt einfach alle gesund!<\/p>\n","protected":false},"excerpt":{"rendered":"<p>N\u2019Abend allerseits, Das Fussballjahr 2021 in Deutschland neigt sich dem Ende zu. Traditionell steht allerdings vor Ende der Hinrunde noch eine englische Woche, so auch in diesem Jahr. F\u00fcr Sky bedeutet dies zwei Feiertage, da die rechtliche Situation sich so darstellt, dass Sky alle neun Spiele \u00fcbertr\u00e4gt. Im Unterschied zu sonst nur maximal sechs Spielen [&hellip;]<\/p>\n","protected":false},"author":5,"featured_media":0,"comment_status":"open","ping_status":"open","sticky":false,"template":"","format":"standard","meta":{"footnotes":""},"categories":[424],"tags":[73,13,30,392,89,61,104,25,48,347,69,675,93,585,53,674,31,9,70,121,126,118,95,130,88,303,369,191,113,94,340,584,22,28,135,27,33,24,105,289,107,196],"class_list":["post-11410","post","type-post","status-publish","format-standard","hentry","category-bundesliga-und-co","tag-britta-hofmann","tag-dazn","tag-didi-hamann","tag-dirk-grosse-schlarmann","tag-florian-schmidt-sommerfeld","tag-frank-buschmann","tag-hannes-herrmann","tag-hansi-kuepper","tag-jan-platte","tag-joachim-hebel","tag-jonas-friedrich","tag-josephine-henning","tag-kai-dittmann","tag-katharina-kleinfeldt","tag-klaus-veltmann","tag-lena-lotzen","tag-lothar-matthaeus","tag-magenta-sport","tag-marcel-meinert","tag-markus-gaupp","tag-markus-goetz","tag-markus-herwig","tag-martin-gross","tag-martin-piller","tag-michael-leopold","tag-mirko-slomka","tag-nele-schenker","tag-nico-seepe","tag-oliver-seidler","tag-patrick-wasserziehr","tag-raphael-honigstein","tag-riccardo-basile","tag-sky","tag-stefan-hempel","tag-stefanie-blochwitz","tag-sven-schroeter","tag-thomas-wagner","tag-toni-tomic","tag-uli-hebel","tag-ulli-potofski","tag-wolff-fuss","tag-yannick-erkenbrecher"],"_links":{"self":[{"href":"https:\/\/kommentatorenblog.de\/index.php?rest_route=\/wp\/v2\/posts\/11410","targetHints":{"allow":["GET"]}}],"collection":[{"href":"https:\/\/kommentatorenblog.de\/index.php?rest_route=\/wp\/v2\/posts"}],"about":[{"href":"https:\/\/kommentatorenblog.de\/index.php?rest_route=\/wp\/v2\/types\/post"}],"author":[{"embeddable":true,"href":"https:\/\/kommentatorenblog.de\/index.php?rest_route=\/wp\/v2\/users\/5"}],"replies":[{"embeddable":true,"href":"https:\/\/kommentatorenblog.de\/index.php?rest_route=%2Fwp%2Fv2%2Fcomments&post=11410"}],"version-history":[{"count":4,"href":"https:\/\/kommentatorenblog.de\/index.php?rest_route=\/wp\/v2\/posts\/11410\/revisions"}],"predecessor-version":[{"id":11429,"href":"https:\/\/kommentatorenblog.de\/index.php?rest_route=\/wp\/v2\/posts\/11410\/revisions\/11429"}],"wp:attachment":[{"href":"https:\/\/kommentatorenblog.de\/index.php?rest_route=%2Fwp%2Fv2%2Fmedia&parent=11410"}],"wp:term":[{"taxonomy":"category","embeddable":true,"href":"https:\/\/kommentatorenblog.de\/index.php?rest_route=%2Fwp%2Fv2%2Fcategories&post=11410"},{"taxonomy":"post_tag","embeddable":true,"href":"https:\/\/kommentatorenblog.de\/index.php?rest_route=%2Fwp%2Fv2%2Ftags&post=11410"}],"curies":[{"name":"wp","href":"https:\/\/api.w.org\/{rel}","templated":true}]}}