{"id":11454,"date":"2021-12-27T20:16:16","date_gmt":"2021-12-27T18:16:16","guid":{"rendered":"http:\/\/kommentatorenblog.de\/?p=11454"},"modified":"2021-12-29T10:43:44","modified_gmt":"2021-12-29T08:43:44","slug":"1222-vierschanzentournee-ruft","status":"publish","type":"post","link":"https:\/\/kommentatorenblog.de\/?p=11454","title":{"rendered":"1222 &#8211; Vierschanzentournee ruft"},"content":{"rendered":"\n<p>N\u00b4Abend allerseits,<\/p>\n\n\n\n<p>Die Festtage sind nun vorbei, doch nicht nur Silvester steht vor der T\u00fcr, sondern auch das ein oder andere Sportereignis. Neben Fu\u00dfball in der Premier League sowie der Darts- WM stehen im Wintersport einige Veranstaltungen an. W\u00e4hrend die Alpinen Skiherren sich traditionell in Bormio in die Speedrennen st\u00fcrzen, treten die Technikerinnen in Lienz an. Im Biathlon steht auch dieses Jahr die World Team Challenger an. Wie letztes Jahr allerdings nicht auf Schalke, sondern erneut aus Ruhpolding, die ARD und Eurosport sind live dabei.<\/p>\n\n\n\n<p>Daneben gibt es zwei  Gro\u00dfereignisse im Wintersport:<\/p>\n\n\n\n<ul class=\"wp-block-list\"><li>Die Tour de Ski im Langlauf <\/li><li>Die Vierschanzentournee im Skispringen <\/li><\/ul>\n\n\n\n<p>W\u00e4hrend die Skispringer wie gewohnt neben den zwei Stationen in \u00d6sterreich (Innsbruck, Bischofshofen) auch zwei Heimspringen in Oberstdorf und Garmisch- Partenkirchen haben werden, bekommen die Langl\u00e4uferinnen und Langl\u00e4ufer bei der Tour dieses Jahr auch wieder zwei Heimrennen in Oberstdorf.<\/p>\n\n\n\n<p>F\u00fcr die deutschen Athletinnen und Athleten geht es bei der Tour de Ski darum gute Leistungen abzurufen und damit dann die Olympianorm, falls noch nicht vorhanden, zu erreichen (zweimal Top 15, einmal Top 8). Blickt man in die vergangene Tour zur\u00fcck, so konnten hier einige gute Ereignisse erzielt werden, allen voran die Pl\u00e4tze zwei und f\u00fcnf von Katharina Hennig, aber auch weitere gute Einzelplatzierung wie beispielsweise der achte Platz von Janosch Brugger im Sprint. Daran gilt es bei dieser Ausgabe anzukn\u00fcpfen. Die Kommentatoren der Rennen in ARD und ZDF werden Jens J\u00f6rg Rieck und Peter Leissl sein, beim ZDF ist zudem Lena Kesting als Moderatorin im Einsatz.<\/p>\n\n\n\n<p>Im Vergleich zum Langlauf werden die Anspr\u00fcche im Skispringen h\u00f6her sein: So d\u00fcrfte hier die Zielsetzung sein, bei jedem Springen um das Podium oder gar den Sieg mitzuk\u00e4mpfen. Favorit daf\u00fcr aus deutscher Sicht vor allem der aktuelle Weltcupf\u00fchrende Karl Geiger. Aber auch die anderen deutschen Skispringer um Markus Eisenbichler d\u00fcrften in der Lage sein, gute Platzierungen zu erreichen.<\/p>\n\n\n\n<p>Neben den guten Platzierungen geht es f\u00fcr einen Gro\u00dfteil der Athleten auch darum, sich f\u00fcr die olympischen Spiele zu empfehlen. So starteten vor Tournee- Beginn sechs deutsche Springer im Weltcup, neben Geiger und Eisenbichler auch der Olympiasieger von 2018, Andreas Wellinger. Bei den olympischen Spielen werden allerdings nur f\u00fcnf Springer insgesamt dabei sein d\u00fcrfen. Was bedeutet, dass mindestens einer des Sextetts Zuhause bleiben muss. Allerdings wird das Weltcup- Team ab Oberstdorf nochmal gr\u00f6\u00dfer, denn es gesellt sich noch ein siebter Deutscher dazu: Severin Freund, seines Zeichens Team- Olympiasieger von 2014 und mehrmaliger Weltmeister. Auch er m\u00f6chte den Sprung nach Peking schaffen. Beim Neujahrsspringen wird dann zudem noch die nationale Gruppe mit sechs weiteren Athleten am Start sein.<\/p>\n\n\n\n<p>Die Skisprung- Crew in den \u00d6R bleibt bei der Tournee unver\u00e4ndert: Reporter sind Tom Bartels (ARD) und Stefan Bier (ZDF). Daneben werden im Ersten Lea Wagner sowie Sven Hannawald und im Zweiten Norbert K\u00f6nig mit Toni Innauer im Einsatz sein. Beim Auftaktspringen aus Oberstdorf werden sich Lea Wagner und Sven Hannawald auf jeden Fall aus Oberstdorf melden, und damit h\u00f6chstwahrscheinlich auch Tom Bartels.<\/p>\n\n\n\n<p>F\u00fcr die Skispringerinnen gibt es zwar weiter keine Vierschanzentournee, Planungen und \u00dcberlegungen soll es dazu aber laut Veranstalter geben. Daf\u00fcr wird es erstmalig ein Neujahrsspringen gegeben, welches in Slowenien stattfinden wird. Kommentatorin der Springen wird Eike Papsdorf sein<\/p>\n\n\n\n<p><strong>Wo gibt\u00b4s wann was zu sehen?<\/strong><\/p>\n\n\n\n<p>Wie gewohnt \u00fcbertragen ARD und ZDF sowie Eurosport live. W\u00e4hrend Eurosport von alle Springen, Langlauf-Etappen und Skirennen \u00fcbertr\u00e4gt, wechseln sich ARD und ZDF ab. Nicht jedoch im Wochen- sondern im Schanzenrhythmus. Das Er\u00f6ffnungsspringen und Finale aus Bischofshofen, samt  den Qualifikationen gibt&#8217;s im Ersten. Das Neujahrsspringen sowie die Entscheidung aus Innsbruck wird im Zweiten zu sehen sein.<\/p>\n\n\n\n<p>Eine \u00dcbersicht der n\u00e4chsten Tage<\/p>\n\n\n\n<ul class=\"wp-block-list\"><li>28.-30.12  <strong>ARD <\/strong>&#8211; u.a Vierschanzentournee Oberstdorf<\/li><li>31.12- 04.01 <strong>ZDF <\/strong>&#8211; u.a. Neujahrsspringen Garmisch- Partenkirchen<\/li><li>05-09.01 <strong>ARD<\/strong> &#8211; u.a Vierschanzentourne Bischofshofen und &#8222;normales Wintersportwochenende&#8220;<\/li><li>28.12 &#8211; 06.01 <strong>Eurosport <\/strong>&#8211; u.a. alle Springen der Vierschanzentournee<\/li><\/ul>\n\n\n\n<p>Jetzt geht aber der Blick erstmal auf die Fu\u00dfballpartien vom 28. bis 30.12. <\/p>\n\n\n\n<hr class=\"wp-block-separator\"\/>\n\n\n\n<p><strong><em>Die Ansetzungen vom 28. Dezember bis zum 30. Dezember 2021<\/em><\/strong><\/p>\n\n\n\n<p><strong>Premier League, 20. Spieltag<\/strong><\/p>\n\n\n\n<p><span style=\"text-decoration: underline;\">Dienstag, 28. Dezember 2021, ab 13.30 Uhr <\/span><\/p>\n\n\n\n<p><strong><em><s>FC Arsenal \u2013 Wolverhampton Wanderers (13.30 Uhr)<\/s><\/em><\/strong><\/p>\n\n\n\n<p><img loading=\"lazy\" decoding=\"async\" width=\"10\" height=\"21\" class=\"wp-image-3656\" style=\"width: 10px;\" src=\"http:\/\/kommentatorenblog.de\/wp-content\/uploads\/2020\/09\/shure-55sh-ii-e1601485394796.jpg\" alt=\"\" srcset=\"https:\/\/kommentatorenblog.de\/wp-content\/uploads\/2020\/09\/shure-55sh-ii-e1601485394796.jpg 415w, https:\/\/kommentatorenblog.de\/wp-content\/uploads\/2020\/09\/shure-55sh-ii-e1601485394796-142x300.jpg 142w\" sizes=\"auto, (max-width: 10px) 100vw, 10px\" \/>  Joachim Hebel<\/p>\n\n\n\n<p><strong><em>FC Watford <strong><em>\u2013<\/em><\/strong> West Ham United (16.00 Uhr)<\/em><\/strong><\/p>\n\n\n\n<p class=\"has-normal-font-size\"><img loading=\"lazy\" decoding=\"async\" width=\"10\" height=\"21\" class=\"wp-image-3656\" style=\"width: 10px;\" src=\"http:\/\/kommentatorenblog.de\/wp-content\/uploads\/2020\/09\/shure-55sh-ii-e1601485394796.jpg\" alt=\"\" srcset=\"https:\/\/kommentatorenblog.de\/wp-content\/uploads\/2020\/09\/shure-55sh-ii-e1601485394796.jpg 415w, https:\/\/kommentatorenblog.de\/wp-content\/uploads\/2020\/09\/shure-55sh-ii-e1601485394796-142x300.jpg 142w\" sizes=\"auto, (max-width: 10px) 100vw, 10px\" \/> Marcel Meinert<\/p>\n\n\n\n<p><strong><em>Crystal Palace <strong><em>\u2013<\/em><\/strong>Norwich City (16.00 Uhr)<\/em><\/strong><\/p>\n\n\n\n<p class=\"has-normal-font-size\"><img loading=\"lazy\" decoding=\"async\" width=\"10\" height=\"21\" class=\"wp-image-3656\" style=\"width: 10px;\" src=\"http:\/\/kommentatorenblog.de\/wp-content\/uploads\/2020\/09\/shure-55sh-ii-e1601485394796.jpg\" alt=\"\" srcset=\"https:\/\/kommentatorenblog.de\/wp-content\/uploads\/2020\/09\/shure-55sh-ii-e1601485394796.jpg 415w, https:\/\/kommentatorenblog.de\/wp-content\/uploads\/2020\/09\/shure-55sh-ii-e1601485394796-142x300.jpg 142w\" sizes=\"auto, (max-width: 10px) 100vw, 10px\" \/> Markus Gaupp<\/p>\n\n\n\n<p><strong><em>FC Southampton <strong><em>\u2013<\/em><\/strong> Tottenham Hotspur (16.00 Uhr)<\/em><\/strong><\/p>\n\n\n\n<p class=\"has-normal-font-size\"><img loading=\"lazy\" decoding=\"async\" width=\"10\" height=\"21\" class=\"wp-image-3656\" style=\"width: 10px;\" src=\"http:\/\/kommentatorenblog.de\/wp-content\/uploads\/2020\/09\/shure-55sh-ii-e1601485394796.jpg\" alt=\"\" srcset=\"https:\/\/kommentatorenblog.de\/wp-content\/uploads\/2020\/09\/shure-55sh-ii-e1601485394796.jpg 415w, https:\/\/kommentatorenblog.de\/wp-content\/uploads\/2020\/09\/shure-55sh-ii-e1601485394796-142x300.jpg 142w\" sizes=\"auto, (max-width: 10px) 100vw, 10px\" \/> Markus G\u00f6tz<\/p>\n\n\n\n<p><strong><em><s>Leeds United <strong><em>\u2013<\/em><\/strong> Aston Villa (18.30 Uhr)<\/s><\/em><\/strong><\/p>\n\n\n\n<p class=\"has-normal-font-size\"><img loading=\"lazy\" decoding=\"async\" width=\"10\" height=\"21\" class=\"wp-image-3656\" style=\"width: 10px;\" src=\"http:\/\/kommentatorenblog.de\/wp-content\/uploads\/2020\/09\/shure-55sh-ii-e1601485394796.jpg\" alt=\"\" srcset=\"https:\/\/kommentatorenblog.de\/wp-content\/uploads\/2020\/09\/shure-55sh-ii-e1601485394796.jpg 415w, https:\/\/kommentatorenblog.de\/wp-content\/uploads\/2020\/09\/shure-55sh-ii-e1601485394796-142x300.jpg 142w\" sizes=\"auto, (max-width: 10px) 100vw, 10px\" \/> Hannes Herrmann<\/p>\n\n\n\n<p><strong><em>Leicester City <strong><em>\u2013<\/em><\/strong> FC Liverpool (21.00 Uhr)<\/em><\/strong><\/p>\n\n\n\n<p class=\"has-normal-font-size\"><img loading=\"lazy\" decoding=\"async\" width=\"10\" height=\"21\" class=\"wp-image-3656\" style=\"width: 10px;\" src=\"http:\/\/kommentatorenblog.de\/wp-content\/uploads\/2020\/09\/shure-55sh-ii-e1601485394796.jpg\" alt=\"\" srcset=\"https:\/\/kommentatorenblog.de\/wp-content\/uploads\/2020\/09\/shure-55sh-ii-e1601485394796.jpg 415w, https:\/\/kommentatorenblog.de\/wp-content\/uploads\/2020\/09\/shure-55sh-ii-e1601485394796-142x300.jpg 142w\" sizes=\"auto, (max-width: 10px) 100vw, 10px\" \/> Florian Schmidt- Sommerfeld, Experte: Ren\u00e9 Adler<\/p>\n\n\n\n<p><span style=\"text-decoration: underline;\">Mittwoch 29. Dezember 2021, ab 20.30 Uhr <\/span><\/p>\n\n\n\n<p><strong><em>FC Chelsea \u2013 Brighton &amp; Hove Albion (20.30 Uhr)<\/em><\/strong><\/p>\n\n\n\n<p class=\"has-normal-font-size\"><img loading=\"lazy\" decoding=\"async\" width=\"10\" height=\"21\" class=\"wp-image-3656\" style=\"width: 10px;\" src=\"http:\/\/kommentatorenblog.de\/wp-content\/uploads\/2020\/09\/shure-55sh-ii-e1601485394796.jpg\" alt=\"\" srcset=\"https:\/\/kommentatorenblog.de\/wp-content\/uploads\/2020\/09\/shure-55sh-ii-e1601485394796.jpg 415w, https:\/\/kommentatorenblog.de\/wp-content\/uploads\/2020\/09\/shure-55sh-ii-e1601485394796-142x300.jpg 142w\" sizes=\"auto, (max-width: 10px) 100vw, 10px\" \/> Toni Tomic <\/p>\n\n\n\n<p><strong><em>FC Brentford \u2013 Manchester City (21.15 Uhr)<\/em><\/strong><\/p>\n\n\n\n<p class=\"has-normal-font-size\"> <img loading=\"lazy\" decoding=\"async\" width=\"10\" height=\"21\" class=\"wp-image-3656\" style=\"width: 10px;\" src=\"http:\/\/kommentatorenblog.de\/wp-content\/uploads\/2020\/09\/shure-55sh-ii-e1601485394796.jpg\" alt=\"\" srcset=\"https:\/\/kommentatorenblog.de\/wp-content\/uploads\/2020\/09\/shure-55sh-ii-e1601485394796.jpg 415w, https:\/\/kommentatorenblog.de\/wp-content\/uploads\/2020\/09\/shure-55sh-ii-e1601485394796-142x300.jpg 142w\" sizes=\"auto, (max-width: 10px) 100vw, 10px\" \/> Thomas Wagner<\/p>\n\n\n\n<p><span style=\"text-decoration: underline;\">Donnerstag, 30. Dezember 2021, ab 20.30 Uhr <\/span><\/p>\n\n\n\n<p><s><strong><em>FC Everton <strong><em>\u2013 <\/em><\/strong> Newcastle United<\/em><\/strong> <strong><em>(20.30 Uhr) <\/em><\/strong><\/s><\/p>\n\n\n\n<p><img loading=\"lazy\" decoding=\"async\" width=\"10\" height=\"21\" class=\"wp-image-3656\" style=\"width: 10px;\" src=\"http:\/\/kommentatorenblog.de\/wp-content\/uploads\/2020\/09\/shure-55sh-ii-e1601485394796.jpg\" alt=\"\" srcset=\"https:\/\/kommentatorenblog.de\/wp-content\/uploads\/2020\/09\/shure-55sh-ii-e1601485394796.jpg 415w, https:\/\/kommentatorenblog.de\/wp-content\/uploads\/2020\/09\/shure-55sh-ii-e1601485394796-142x300.jpg 142w\" sizes=\"auto, (max-width: 10px) 100vw, 10px\" \/> Marcel Meinert<\/p>\n\n\n\n<p><strong><em>Manchester United  <strong><em>\u2013 <\/em><\/strong> FC Burnley (21.15 Uhr) <\/em><\/strong><\/p>\n\n\n\n<p><img loading=\"lazy\" decoding=\"async\" width=\"10\" height=\"21\" class=\"wp-image-3656\" style=\"width: 10px;\" src=\"http:\/\/kommentatorenblog.de\/wp-content\/uploads\/2020\/09\/shure-55sh-ii-e1601485394796.jpg\" alt=\"\" srcset=\"https:\/\/kommentatorenblog.de\/wp-content\/uploads\/2020\/09\/shure-55sh-ii-e1601485394796.jpg 415w, https:\/\/kommentatorenblog.de\/wp-content\/uploads\/2020\/09\/shure-55sh-ii-e1601485394796-142x300.jpg 142w\" sizes=\"auto, (max-width: 10px) 100vw, 10px\" \/> Uli Hebel<\/p>\n\n\n\n<hr class=\"wp-block-separator\"\/>\n\n\n\n<p><strong>Internationaler Fussball (Sportdigital FUSSBALL) <\/strong> <\/p>\n\n\n\n<p><span style=\"text-decoration: underline;\">Mittwoch, 29. Dezember 2021<\/span> <\/p>\n\n\n\n<p>Primeira Liga, 16. Spieltag: <strong><em>Sporting Lissabon <strong><em>\u2013<\/em><\/strong> Portimonense SC (22.00 Uhr)<\/em><\/strong><\/p>\n\n\n\n<p><img loading=\"lazy\" decoding=\"async\" width=\"10\" height=\"21\" class=\"wp-image-3656\" style=\"width: 10px;\" src=\"http:\/\/kommentatorenblog.de\/wp-content\/uploads\/2020\/09\/shure-55sh-ii-e1601485394796.jpg\" alt=\"\" srcset=\"https:\/\/kommentatorenblog.de\/wp-content\/uploads\/2020\/09\/shure-55sh-ii-e1601485394796.jpg 415w, https:\/\/kommentatorenblog.de\/wp-content\/uploads\/2020\/09\/shure-55sh-ii-e1601485394796-142x300.jpg 142w\" sizes=\"auto, (max-width: 10px) 100vw, 10px\" \/> Ulf Kahmke<\/p>\n\n\n\n<p><span style=\"text-decoration: underline;\">Donnerstag, 30. Dezember 2021<\/span> <\/p>\n\n\n\n<p>Primeira Liga, 16. Spieltag: <strong><em>FC Porto <strong><em>\u2013<\/em><\/strong> Benfica Lissabon (22.00 Uhr)<\/em><\/strong><\/p>\n\n\n\n<p><img loading=\"lazy\" decoding=\"async\" width=\"10\" height=\"21\" class=\"wp-image-3656\" style=\"width: 10px;\" src=\"http:\/\/kommentatorenblog.de\/wp-content\/uploads\/2020\/09\/shure-55sh-ii-e1601485394796.jpg\" alt=\"\" srcset=\"https:\/\/kommentatorenblog.de\/wp-content\/uploads\/2020\/09\/shure-55sh-ii-e1601485394796.jpg 415w, https:\/\/kommentatorenblog.de\/wp-content\/uploads\/2020\/09\/shure-55sh-ii-e1601485394796-142x300.jpg 142w\" sizes=\"auto, (max-width: 10px) 100vw, 10px\" \/> Karsten Linke<\/p>\n\n\n\n<hr class=\"wp-block-separator\"\/>\n\n\n\n<p><strong>Die Analyse<\/strong><\/p>\n\n\n\n<p>Nach den Feiertagen und dem Boxing Day finden auf der Insel die n\u00e4chsten Spiele (sofern sie nicht abgesagt werden) und damit der 20. Spieltag statt. Er\u00f6ffnet h\u00e4tte man diesen am Dienstag durch Arsenal gegen Wolverhampton mit Joachim Hebel am Mikro, dieses Spiel f\u00e4llt jedoch aus. Des Weiteren kommen Schr\u00f6ter, Gaupp und G\u00f6tz zum Einsatz. Das Abendspiel mit Liverpool \u00fcbernehmen Schmidt-Sommerfeld und Adler.<\/p>\n\n\n\n<p>Am Mittwoch und Donnerstag folgen dann noch je zwei weitere Partien mit bekannten Premier League-Stimmen, wie Uli Hebel oder Toni Tomic. So ist es zumindest Stand jetzt (Montagabend) geplant, weitere Absagen oder \u00c4nderungen sind jedoch leider nicht ausgeschlossen.<\/p>\n\n\n\n<p>Das wars von meiner Seite f\u00fcr dieses Jahr, Nico meldet sich am Donnerstag noch einmal zum Abschluss des Jahres.<\/p>\n\n\n\n<p>Von meiner Seite allen einen guten Rutsch und guten Start ins neue Jahr, bleibt gesund und genie\u00dft das vielf\u00e4ltige (Winter-)Sport- Angebot in den kommenden Tagen.<\/p>\n","protected":false},"excerpt":{"rendered":"<p>N\u00b4Abend allerseits, Die Festtage sind nun vorbei, doch nicht nur Silvester steht vor der T\u00fcr, sondern auch das ein oder andere Sportereignis. Neben Fu\u00dfball in der Premier League sowie der Darts- WM stehen im Wintersport einige Veranstaltungen an. W\u00e4hrend die Alpinen Skiherren sich traditionell in Bormio in die Speedrennen st\u00fcrzen, treten die Technikerinnen in Lienz [&hellip;]<\/p>\n","protected":false},"author":10,"featured_media":0,"comment_status":"open","ping_status":"open","sticky":false,"template":"","format":"standard","meta":{"footnotes":""},"categories":[429],"tags":[89,104,347,70,121,126,22,27,33,24,105],"class_list":["post-11454","post","type-post","status-publish","format-standard","hentry","category-diverses","tag-florian-schmidt-sommerfeld","tag-hannes-herrmann","tag-joachim-hebel","tag-marcel-meinert","tag-markus-gaupp","tag-markus-goetz","tag-sky","tag-sven-schroeter","tag-thomas-wagner","tag-toni-tomic","tag-uli-hebel"],"_links":{"self":[{"href":"https:\/\/kommentatorenblog.de\/index.php?rest_route=\/wp\/v2\/posts\/11454","targetHints":{"allow":["GET"]}}],"collection":[{"href":"https:\/\/kommentatorenblog.de\/index.php?rest_route=\/wp\/v2\/posts"}],"about":[{"href":"https:\/\/kommentatorenblog.de\/index.php?rest_route=\/wp\/v2\/types\/post"}],"author":[{"embeddable":true,"href":"https:\/\/kommentatorenblog.de\/index.php?rest_route=\/wp\/v2\/users\/10"}],"replies":[{"embeddable":true,"href":"https:\/\/kommentatorenblog.de\/index.php?rest_route=%2Fwp%2Fv2%2Fcomments&post=11454"}],"version-history":[{"count":12,"href":"https:\/\/kommentatorenblog.de\/index.php?rest_route=\/wp\/v2\/posts\/11454\/revisions"}],"predecessor-version":[{"id":11479,"href":"https:\/\/kommentatorenblog.de\/index.php?rest_route=\/wp\/v2\/posts\/11454\/revisions\/11479"}],"wp:attachment":[{"href":"https:\/\/kommentatorenblog.de\/index.php?rest_route=%2Fwp%2Fv2%2Fmedia&parent=11454"}],"wp:term":[{"taxonomy":"category","embeddable":true,"href":"https:\/\/kommentatorenblog.de\/index.php?rest_route=%2Fwp%2Fv2%2Fcategories&post=11454"},{"taxonomy":"post_tag","embeddable":true,"href":"https:\/\/kommentatorenblog.de\/index.php?rest_route=%2Fwp%2Fv2%2Ftags&post=11454"}],"curies":[{"name":"wp","href":"https:\/\/api.w.org\/{rel}","templated":true}]}}