{"id":11482,"date":"2021-12-30T23:51:04","date_gmt":"2021-12-30T21:51:04","guid":{"rendered":"http:\/\/kommentatorenblog.de\/?p=11482"},"modified":"2022-01-06T20:06:29","modified_gmt":"2022-01-06T18:06:29","slug":"1223-jahresabschluss-und-danksagung","status":"publish","type":"post","link":"https:\/\/kommentatorenblog.de\/?p=11482","title":{"rendered":"1223 &#8211; Jahresabschluss und Danksagung"},"content":{"rendered":"\n<p>N\u00b4Abend allerseits, <\/p>\n\n\n\n<p>Zwischen den Jahren ist tendenziell im Fussball und damit auch im Blog weniger los, was uns die Gelegenheit gibt durchzuatmen, aber auch zur\u00fcck bzw. nach vorne zu schauen.<\/p>\n\n\n\n<p>2021 war ein turbulentes Jahr f\u00fcr die komplette Gesellschaft und damit auch f\u00fcr den Fussball und f\u00fcr uns. Spielausf\u00e4lle, kurzfristige \u00c4nderungen in den Ansetzungen, alles Dinge, die so oft vorkamen wie noch nie. Doch auch sonst hat sich einiges ver\u00e4ndert &#8211; aber dazu jetzt wie bereits gesagt mehr. <\/p>\n\n\n\n<p><strong>Zu der Website<\/strong><\/p>\n\n\n\n<p>Unsere Website haben wir zur Beginn der Saison ver\u00e4ndert &#8211; und aus unserer Sicht auch verbessert. \u00dcber die Kategorien, die Schlagw\u00f6rter und das Archiv sind so auch hoffentlich alte Beitr\u00e4ge gut zu finden. Und auch mit den Zahlen bin ich von meiner Warte sehr zufrieden. Im Schnitt 3000-4000 Aufrufe pro Beitrag sind nicht selbstverst\u00e4ndlich und wir freuen uns \u00fcber alle, die hier regelm\u00e4\u00dfig vorbeischauen. Der Bestbesuchte Beitrag des Jahres ist im \u00dcbrigen, der erste Beitrag zur EM im Sommer mit 8500 Aufrufen. Im kommenden Jahr werden wir dann auch wieder den Monatsplan wieder pflegen. <\/p>\n\n\n\n<p><strong>Zum Konzept<\/strong><\/p>\n\n\n\n<p>Unser Konzept wird auch im kommenden Jahr nicht vom gewohnten Konzept der letzten 13 Jahre abweichen. Doch auch f\u00fcr Dinge &#8211; wie Interviews oder andere Specials &#8211; soll im kommenden Jahr gesorgt werden. Und auch weiterhin ist f\u00fcr uns klar: Wir sind freier unabh\u00e4ngiger Blog, der einen Service ohne Werbung oder Einfluss der Sender liefert. Des Weiteren ist es auch weiterhin nur unser Hobby &#8211; wir verdienen mit dem Blog kein Geld. Zur Transparenz ist mir auch dies wichtig nochmal loszuwerden.<\/p>\n\n\n\n<p><strong>Zum Personal<\/strong><\/p>\n\n\n\n<p>Rein Personell gab es bei uns einige Ver\u00e4nderungen. Zum bestehenden Team &#8211; bestehend aus Erik und mir &#8211; kamen in diesem Jahr Justin und Jonas hinzu. Verlassen hat das KommBlog-Team Leon in Richtung DFL &#8211; auch an dieser Stelle nochmal vielen Dank f\u00fcr langj\u00e4hrige Mitarbeit und nur das Beste f\u00fcr Zukunft. Zum kommenden Jahr k\u00f6nnen wir zur gro\u00dfer Wahrscheinlichkeit auch noch weitere Neuzug\u00e4nge verk\u00fcnden. Somit sind wir also ger\u00fcstet f\u00fcr das Jahr 2022.<\/p>\n\n\n\n<p><strong>Der Kommentarbereich<\/strong><\/p>\n\n\n\n<p>Ein zumindest f\u00fcr uns wichtiger Teil des Blogs ist der Kommentarbereich. Hier findet der Austausch mit euch statt. Wir freuen uns \u00fcber jegliche Art von Feedback &#8211; auf einem respektvollem Niveau, Diskussionen oder einfach Erg\u00e4nzungen. Leider m\u00fcssen wir aber seit \u00fcber einem Jahr die Kommentare selbst freischalten, es gibt schlicht und ergreifend Spam oder Beleidigende Kommentare, die wir so auf dieser Plattform nicht sehen wollen. Hier will ich aber klar betonen, dass dies nur den kleinsten Bruchteil der Kommentarschreibenden betrifft. An diese allerdings ganz klar: Pers\u00f6nliche Beleidigungen, ob gegen Kommentatoren, Blogger oder andere Diskussions-Teilnehmende lehnen wir strikt ab.<\/p>\n\n\n\n<p><strong>Ver\u00e4nderungen <\/strong><\/p>\n\n\n\n<p>Wie bereits angesprochen hat das Jahr 2021 auch viele Ver\u00e4nderungen mit sich gebracht. Sowohl in der Bundesliga bzw. 2.Bundesiga als auch im Europapokal hat eine neue Rechteperiode begonnen und somit auch unsere Arbeit mit den Ansetzungen. Statt nur Sky und DAZN, gibt es jetzt die Ansetzungen von Sky, DAZN, Prime Video, SPORT1 und RTL+ herauszufinden und zu filtern. Neben mehr Kosten f\u00fcr die Konsumierenden bedeutet dies nat\u00fcrlich auch mehr Arbeit f\u00fcr uns.<\/p>\n\n\n\n<p><strong>Pers\u00f6nliche Worte<\/strong><\/p>\n\n\n\n<p>F\u00fcr mich war das Jahr 2021 mit Blick auf den Blog ein besonderes. Seit Juli inoffiziell und seit August offiziell habe ich die &#8222;F\u00fchrung&#8220; des Blogs. F\u00fcr mich kann ich ganz klar sagen, dass es ein Privileg ist eine solche Rolle in einem Blog zu haben, den ich schon lange als Leser begleite. Doch damit gehen nat\u00fcrlich auch Aufgabenbereiche wie Planung, Social-Media (\u00fcber Abonnements f\u00fcr die Kan\u00e4le freuen wir uns nat\u00fcrlich sehr, da dies auch unsere Reichweite vergr\u00f6\u00dfert) und die Partnerschaft mit <a href=\"https:\/\/fumsmagazin.de\/\">FUMS<\/a>. Hier werde ich kommenden Jahr auch mein eigenes Pensum (pr\u00e4ziser gesagt meine Anzahl an Beitr\u00e4gen) hier im Blog verkleinern, damit f\u00fcr die angesprochenen Aufgaben, den Austausch im Kommentarbereich oder auch f\u00fcr Interviews oder andere Specials mehr Zeit ist. Doch daf\u00fcr ist ja durch unser im kommenden Jahr vergr\u00f6\u00dfertes Team gesorgt. <\/p>\n\n\n\n<p>Danken m\u00f6chte ich an dieser Stelle aber auch den Kolleginnen und Kollegen von Sportdigital FUSSBALL, thinXpool (macht die \u00dcbertragungen bei Magenta Sport), Sky, DAZN, RTL, SPORT1, SWORDFISH (macht die \u00dcbertragungen von PrimeVideo), ARD und ZDF, die uns immer wieder mit vielen Informationen versorgen. Und wenn wir schon bei der Danksagung sind, danke ich an dieser Stelle meinen Blogger-Kollegen ohne die dieser Blog nicht bestehen w\u00fcrde; Tom Bayer, der Ende der vergangenen Saison sein Abschiedsinterview bei uns gegeben hat und eben auch euch Lesenden, die uns durch durch das Lesen, durch Kommentare usw. antreiben, an diesem Herzensprojekt zu arbeiten. <\/p>\n\n\n\n<p>Nun aber werfen wir ein Blick aufs Jahr 2022 bzw. besser gesagt auf die Ansetzungen eben diesen Jahres.<\/p>\n\n\n\n<hr class=\"wp-block-separator\"\/>\n\n\n\n<p><strong><em>Die Ansetzungen vom 01. Januar zum 03. Januar 2022<\/em><\/strong> <\/p>\n\n\n\n<p><strong>Premier League, 21. Spieltag (Sky)<\/strong><\/p>\n\n\n\n<p><span style=\"text-decoration: underline;\">Samstag, 01. Januar 2022, ab 13.20 Uhr<\/span><\/p>\n\n\n\n<p><strong><em>FC Arsenal \u2013&nbsp;Manchester City (13.30 Uhr) <\/em><\/strong><\/p>\n\n\n\n<p><img loading=\"lazy\" decoding=\"async\" width=\"10\" height=\"21\" class=\"wp-image-3656\" style=\"width: 10px;\" src=\"http:\/\/kommentatorenblog.de\/wp-content\/uploads\/2020\/09\/shure-55sh-ii-e1601485394796.jpg\" alt=\"\" srcset=\"https:\/\/kommentatorenblog.de\/wp-content\/uploads\/2020\/09\/shure-55sh-ii-e1601485394796.jpg 415w, https:\/\/kommentatorenblog.de\/wp-content\/uploads\/2020\/09\/shure-55sh-ii-e1601485394796-142x300.jpg 142w\" sizes=\"auto, (max-width: 10px) 100vw, 10px\" \/> Joachim Hebel<\/p>\n\n\n\n<p><span style=\"text-decoration: underline;\">ab 15.50 Uhr<\/span> <\/p>\n\n\n\n<p><strong><em>FC&nbsp;Watford \u2013 Tottenham Hotspur<\/em><\/strong> <strong><em>(16.00 Uhr)<\/em><\/strong><\/p>\n\n\n\n<p><img loading=\"lazy\" decoding=\"async\" width=\"10\" height=\"21\" class=\"wp-image-3656\" style=\"width: 10px;\" src=\"http:\/\/kommentatorenblog.de\/wp-content\/uploads\/2020\/09\/shure-55sh-ii-e1601485394796.jpg\" alt=\"\" srcset=\"https:\/\/kommentatorenblog.de\/wp-content\/uploads\/2020\/09\/shure-55sh-ii-e1601485394796.jpg 415w, https:\/\/kommentatorenblog.de\/wp-content\/uploads\/2020\/09\/shure-55sh-ii-e1601485394796-142x300.jpg 142w\" sizes=\"auto, (max-width: 10px) 100vw, 10px\" \/> Markus Gaupp<\/p>\n\n\n\n<p><strong><em>Leicester City&nbsp;\u2013&nbsp;Norwich City (16.00 Uhr)<\/em><\/strong><\/p>\n\n\n\n<p><img loading=\"lazy\" decoding=\"async\" width=\"10\" height=\"21\" class=\"wp-image-3656\" style=\"width: 10px;\" src=\"http:\/\/kommentatorenblog.de\/wp-content\/uploads\/2020\/09\/shure-55sh-ii-e1601485394796.jpg\" alt=\"\" srcset=\"https:\/\/kommentatorenblog.de\/wp-content\/uploads\/2020\/09\/shure-55sh-ii-e1601485394796.jpg 415w, https:\/\/kommentatorenblog.de\/wp-content\/uploads\/2020\/09\/shure-55sh-ii-e1601485394796-142x300.jpg 142w\" sizes=\"auto, (max-width: 10px) 100vw, 10px\" \/> Sascha Roos<\/p>\n\n\n\n<p><span style=\"text-decoration: underline;\">ab 18.20 Uhr<\/span> <\/p>\n\n\n\n<p><em><strong>Crystal Palace \u2013 West Ham United<\/strong><\/em><strong><em> (18.30 Uhr)<\/em><\/strong><\/p>\n\n\n\n<p><img loading=\"lazy\" decoding=\"async\" width=\"10\" height=\"21\" class=\"wp-image-3656\" style=\"width: 10px;\" src=\"http:\/\/kommentatorenblog.de\/wp-content\/uploads\/2020\/09\/shure-55sh-ii-e1601485394796.jpg\" alt=\"\" srcset=\"https:\/\/kommentatorenblog.de\/wp-content\/uploads\/2020\/09\/shure-55sh-ii-e1601485394796.jpg 415w, https:\/\/kommentatorenblog.de\/wp-content\/uploads\/2020\/09\/shure-55sh-ii-e1601485394796-142x300.jpg 142w\" sizes=\"auto, (max-width: 10px) 100vw, 10px\" \/> Sven Schr\u00f6ter<\/p>\n\n\n\n<p><span style=\"text-decoration: underline;\">Sonntag, 02. Januar 2022, ab 14.50 Uhr<\/span> <\/p>\n\n\n\n<p><strong><em>Konferenz (15.00 Uhr)<\/em><\/strong><\/p>\n\n\n\n<p><img loading=\"lazy\" decoding=\"async\" width=\"10\" height=\"21\" class=\"wp-image-3656\" style=\"width: 10px;\" src=\"http:\/\/kommentatorenblog.de\/wp-content\/uploads\/2020\/09\/shure-55sh-ii-e1601485394796.jpg\" alt=\"\" srcset=\"https:\/\/kommentatorenblog.de\/wp-content\/uploads\/2020\/09\/shure-55sh-ii-e1601485394796.jpg 415w, https:\/\/kommentatorenblog.de\/wp-content\/uploads\/2020\/09\/shure-55sh-ii-e1601485394796-142x300.jpg 142w\" sizes=\"auto, (max-width: 10px) 100vw, 10px\" \/> Hannes Herrmann (Fokus auf EVE-BHA) <\/p>\n\n\n\n<p><strong><em>FC Everton \u2013 Brighton &amp; Hove Albion (16.00 Uhr)<\/em><\/strong><\/p>\n\n\n\n<p><img loading=\"lazy\" decoding=\"async\" width=\"10\" height=\"21\" class=\"wp-image-3656\" style=\"width: 10px;\" src=\"http:\/\/kommentatorenblog.de\/wp-content\/uploads\/2020\/09\/shure-55sh-ii-e1601485394796.jpg\" alt=\"\" srcset=\"https:\/\/kommentatorenblog.de\/wp-content\/uploads\/2020\/09\/shure-55sh-ii-e1601485394796.jpg 415w, https:\/\/kommentatorenblog.de\/wp-content\/uploads\/2020\/09\/shure-55sh-ii-e1601485394796-142x300.jpg 142w\" sizes=\"auto, (max-width: 10px) 100vw, 10px\" \/> Markus Gaupp<\/p>\n\n\n\n<p><strong><em>FC&nbsp;Southampton \u2013&nbsp;Newcastle United<\/em><\/strong> <strong><em>(16.00 Uhr)<\/em><\/strong><\/p>\n\n\n\n<p><img loading=\"lazy\" decoding=\"async\" width=\"10\" height=\"21\" class=\"wp-image-3656\" style=\"width: 10px;\" src=\"http:\/\/kommentatorenblog.de\/wp-content\/uploads\/2020\/09\/shure-55sh-ii-e1601485394796.jpg\" alt=\"\" srcset=\"https:\/\/kommentatorenblog.de\/wp-content\/uploads\/2020\/09\/shure-55sh-ii-e1601485394796.jpg 415w, https:\/\/kommentatorenblog.de\/wp-content\/uploads\/2020\/09\/shure-55sh-ii-e1601485394796-142x300.jpg 142w\" sizes=\"auto, (max-width: 10px) 100vw, 10px\" \/> Joachim Hebel<\/p>\n\n\n\n<p><strong><em>FC&nbsp;Brentford \u2013&nbsp;Aston Villa (16.00 Uhr)<\/em><\/strong><\/p>\n\n\n\n<p><img loading=\"lazy\" decoding=\"async\" width=\"10\" height=\"21\" class=\"wp-image-3656\" style=\"width: 10px;\" src=\"http:\/\/kommentatorenblog.de\/wp-content\/uploads\/2020\/09\/shure-55sh-ii-e1601485394796.jpg\" alt=\"\" srcset=\"https:\/\/kommentatorenblog.de\/wp-content\/uploads\/2020\/09\/shure-55sh-ii-e1601485394796.jpg 415w, https:\/\/kommentatorenblog.de\/wp-content\/uploads\/2020\/09\/shure-55sh-ii-e1601485394796-142x300.jpg 142w\" sizes=\"auto, (max-width: 10px) 100vw, 10px\" \/> Toni Tomic<\/p>\n\n\n\n<p><strong><em>Leeds United \u2013 FC Burnley (16.00 Uhr)<\/em><\/strong><\/p>\n\n\n\n<p><img loading=\"lazy\" decoding=\"async\" width=\"10\" height=\"21\" class=\"wp-image-3656\" style=\"width: 10px;\" src=\"http:\/\/kommentatorenblog.de\/wp-content\/uploads\/2020\/09\/shure-55sh-ii-e1601485394796.jpg\" alt=\"\" srcset=\"https:\/\/kommentatorenblog.de\/wp-content\/uploads\/2020\/09\/shure-55sh-ii-e1601485394796.jpg 415w, https:\/\/kommentatorenblog.de\/wp-content\/uploads\/2020\/09\/shure-55sh-ii-e1601485394796-142x300.jpg 142w\" sizes=\"auto, (max-width: 10px) 100vw, 10px\" \/> Sven Schr\u00f6ter<\/p>\n\n\n\n<p><span style=\"text-decoration: underline;\">ab 17.00 Uhr<\/span><\/p>\n\n\n\n<p><strong><em>FC Chelsea <strong><em>\u2013<\/em><\/strong> FC&nbsp;Liverpool (17.30 Uhr)<\/em><\/strong><\/p>\n\n\n\n<p><img loading=\"lazy\" decoding=\"async\" width=\"10\" height=\"21\" class=\"wp-image-3656\" style=\"width: 10px;\" src=\"http:\/\/kommentatorenblog.de\/wp-content\/uploads\/2020\/09\/shure-55sh-ii-e1601485394796.jpg\" alt=\"\" srcset=\"https:\/\/kommentatorenblog.de\/wp-content\/uploads\/2020\/09\/shure-55sh-ii-e1601485394796.jpg 415w, https:\/\/kommentatorenblog.de\/wp-content\/uploads\/2020\/09\/shure-55sh-ii-e1601485394796-142x300.jpg 142w\" sizes=\"auto, (max-width: 10px) 100vw, 10px\" \/> Florian Schmidt-Sommerfeld, Experte: Mladen Petric<\/p>\n\n\n\n<p>Field-Reporter: Raphael Honigstein<\/p>\n\n\n\n<p><span style=\"text-decoration: underline;\">Montag, 03. Januar 2022, ab 18.20 Uhr<\/span><\/p>\n\n\n\n<p><strong><em>Manchester United \u2013 Wolverhampton Wanderers (18.30 Uhr)<\/em><\/strong><\/p>\n\n\n\n<p><img loading=\"lazy\" decoding=\"async\" width=\"10\" height=\"21\" class=\"wp-image-3656\" style=\"width: 10px;\" src=\"http:\/\/kommentatorenblog.de\/wp-content\/uploads\/2020\/09\/shure-55sh-ii-e1601485394796.jpg\" alt=\"\" srcset=\"https:\/\/kommentatorenblog.de\/wp-content\/uploads\/2020\/09\/shure-55sh-ii-e1601485394796.jpg 415w, https:\/\/kommentatorenblog.de\/wp-content\/uploads\/2020\/09\/shure-55sh-ii-e1601485394796-142x300.jpg 142w\" sizes=\"auto, (max-width: 10px) 100vw, 10px\" \/> Uli Hebel<\/p>\n\n\n\n<hr class=\"wp-block-separator\"\/>\n\n\n\n<p><strong>La Liga, 19. Spieltag (DAZN)<\/strong><\/p>\n\n\n\n<p><span style=\"text-decoration: underline;\">Sonntag, 02. Januar 2022<\/span><\/p>\n\n\n\n<p><strong><em>FC Getafe \u2013 Real Madrid (16.15 Uhr)<\/em><\/strong><\/p>\n\n\n\n<p><img loading=\"lazy\" decoding=\"async\" width=\"10\" height=\"21\" class=\"wp-image-3656\" style=\"width: 10px;\" src=\"http:\/\/kommentatorenblog.de\/wp-content\/uploads\/2020\/09\/shure-55sh-ii-e1601485394796.jpg\" alt=\"\" srcset=\"https:\/\/kommentatorenblog.de\/wp-content\/uploads\/2020\/09\/shure-55sh-ii-e1601485394796.jpg 415w, https:\/\/kommentatorenblog.de\/wp-content\/uploads\/2020\/09\/shure-55sh-ii-e1601485394796-142x300.jpg 142w\" sizes=\"auto, (max-width: 10px) 100vw, 10px\" \/> Uli Hebel, Experte: Ralph Gunesch<\/p>\n\n\n\n<p><strong><em>Atl\u00e9tico Madrid \u2013 Rayo Vallecano (16.15 Uhr)<\/em><\/strong><\/p>\n\n\n\n<p><img loading=\"lazy\" decoding=\"async\" width=\"10\" height=\"21\" class=\"wp-image-3656\" style=\"width: 10px;\" src=\"http:\/\/kommentatorenblog.de\/wp-content\/uploads\/2020\/09\/shure-55sh-ii-e1601485394796.jpg\" alt=\"\" srcset=\"https:\/\/kommentatorenblog.de\/wp-content\/uploads\/2020\/09\/shure-55sh-ii-e1601485394796.jpg 415w, https:\/\/kommentatorenblog.de\/wp-content\/uploads\/2020\/09\/shure-55sh-ii-e1601485394796-142x300.jpg 142w\" sizes=\"auto, (max-width: 10px) 100vw, 10px\" \/> Tobi Fischbeck <\/p>\n\n\n\n<p><strong><em>RCD Mallorca \u2013 FC Barcelona (21.00 Uhr)<\/em><\/strong><\/p>\n\n\n\n<p><img loading=\"lazy\" decoding=\"async\" width=\"10\" height=\"21\" class=\"wp-image-3656\" style=\"width: 10px;\" src=\"http:\/\/kommentatorenblog.de\/wp-content\/uploads\/2020\/09\/shure-55sh-ii-e1601485394796.jpg\" alt=\"\" srcset=\"https:\/\/kommentatorenblog.de\/wp-content\/uploads\/2020\/09\/shure-55sh-ii-e1601485394796.jpg 415w, https:\/\/kommentatorenblog.de\/wp-content\/uploads\/2020\/09\/shure-55sh-ii-e1601485394796-142x300.jpg 142w\" sizes=\"auto, (max-width: 10px) 100vw, 10px\" \/> Uwe Morawe, Experte: Benny Lauth<\/p>\n\n\n\n<hr class=\"wp-block-separator\"\/>\n\n\n\n<p><strong>Internationaler Fussball (Sportdigital FUSSBALL) <\/strong> <\/p>\n\n\n\n<p><span style=\"text-decoration: underline;\">Samstag, 01. Januar 2022<\/span> <\/p>\n\n\n\n<p>Sky Bet Championship, 26. Spieltag: <strong><em>Sheffield United <strong><em>\u2013<\/em><\/strong> FC Middlesbrough (13.30 Uhr)<\/em><\/strong><\/p>\n\n\n\n<p><img loading=\"lazy\" decoding=\"async\" width=\"10\" height=\"21\" class=\"wp-image-3656\" style=\"width: 10px;\" src=\"http:\/\/kommentatorenblog.de\/wp-content\/uploads\/2020\/09\/shure-55sh-ii-e1601485394796.jpg\" alt=\"\" srcset=\"https:\/\/kommentatorenblog.de\/wp-content\/uploads\/2020\/09\/shure-55sh-ii-e1601485394796.jpg 415w, https:\/\/kommentatorenblog.de\/wp-content\/uploads\/2020\/09\/shure-55sh-ii-e1601485394796-142x300.jpg 142w\" sizes=\"auto, (max-width: 10px) 100vw, 10px\" \/> Karsten Linke<\/p>\n\n\n\n<p>Sky Bet Championship, 26. Spieltag: <strong><em>FC Blackpool <strong><em>\u2013<\/em><\/strong> Hull City (16.00 Uhr)<\/em><\/strong><\/p>\n\n\n\n<p><img loading=\"lazy\" decoding=\"async\" width=\"10\" height=\"21\" class=\"wp-image-3656\" style=\"width: 10px;\" src=\"http:\/\/kommentatorenblog.de\/wp-content\/uploads\/2020\/09\/shure-55sh-ii-e1601485394796.jpg\" alt=\"\" srcset=\"https:\/\/kommentatorenblog.de\/wp-content\/uploads\/2020\/09\/shure-55sh-ii-e1601485394796.jpg 415w, https:\/\/kommentatorenblog.de\/wp-content\/uploads\/2020\/09\/shure-55sh-ii-e1601485394796-142x300.jpg 142w\" sizes=\"auto, (max-width: 10px) 100vw, 10px\" \/> Marcus Radefeld<\/p>\n\n\n\n<p><span style=\"text-decoration: underline;\">Sonntag, 02. Januar 2022<\/span> <\/p>\n\n\n\n<p>A-League, 7. Spieltag: <strong><em>Melbourne Victory <strong><em>\u2013<\/em><\/strong> Brisbane Roar<\/em><\/strong> <strong><em>(08.45 Uhr)<\/em><\/strong><\/p>\n\n\n\n<p><img loading=\"lazy\" decoding=\"async\" width=\"10\" height=\"21\" class=\"wp-image-3656\" style=\"width: 10px;\" src=\"http:\/\/kommentatorenblog.de\/wp-content\/uploads\/2020\/09\/shure-55sh-ii-e1601485394796.jpg\" alt=\"\" srcset=\"https:\/\/kommentatorenblog.de\/wp-content\/uploads\/2020\/09\/shure-55sh-ii-e1601485394796.jpg 415w, https:\/\/kommentatorenblog.de\/wp-content\/uploads\/2020\/09\/shure-55sh-ii-e1601485394796-142x300.jpg 142w\" sizes=\"auto, (max-width: 10px) 100vw, 10px\" \/> Ulf Kahmke<\/p>\n\n\n\n<hr class=\"wp-block-separator\"\/>\n\n\n\n<p><strong>Die Analyse<\/strong> <\/p>\n\n\n\n<p>Das Jahr ist keine 14 Stunden an und schon beginnen zwei der Flei\u00dfigsten des Jahres 2021 auch schon ihr Arbeitsjahr 2022, Jogi Hebel (Premier League) und Karsten Linke (Championship) starten um 13.30Uhr mit Spielen von der Insel. Planweise stehen an Neujahr auch noch weitere Premier League Spiele an, hier \u00fcbernehmen Markus Gaupp, Sascha Roos und Sven Schr\u00f6ter.<\/p>\n\n\n\n<p>Am 02. Januar gibt es dann wieder eine Premier League Konferenz, durch diese wird Hannes Herrmann f\u00fchren, w\u00e4hrend bei den Einzelspielen die \u00fcblichen Verd\u00e4chtigen ran d\u00fcrfen. Am Abend gibt es dann das erste &#8222;Match of the Week&#8220; zwischen Chelsea und Liverpool. Schmiso meldet sich mit Mladen Petric aus M\u00fcnchen, w\u00e4hrend Raphael Honigstein in London zugegen ist. Am Montag kommt dann auch noch Uli Hebel zu seinem Premier League Einsatz, er \u00fcbernimmt ein zweites Mal innerhalb von f\u00fcnf Tagen Manchester United. <\/p>\n\n\n\n<p>Uli Hebel ist das Stickwort, dieser wird am Sonntag auch f\u00fcr DAZN im Einsatz sein und gemeinsam mit Ralph Gunesch auf Real Madrid blicken. Weitere Ansetzungen aus La Liga liegen uns leider noch nicht vor. <\/p>\n\n\n\n<p>Bis dahin w\u00fcnsche ich euch einen guten und gesunden Rutsch ins neue Jahr und hoffe, dass ihr auch im neuen Jahr im Blog vorbeischauen werdet. <\/p>\n","protected":false},"excerpt":{"rendered":"<p>N\u00b4Abend allerseits, Zwischen den Jahren ist tendenziell im Fussball und damit auch im Blog weniger los, was uns die Gelegenheit gibt durchzuatmen, aber auch zur\u00fcck bzw. nach vorne zu schauen. 2021 war ein turbulentes Jahr f\u00fcr die komplette Gesellschaft und damit auch f\u00fcr den Fussball und f\u00fcr uns. Spielausf\u00e4lle, kurzfristige \u00c4nderungen in den Ansetzungen, alles [&hellip;]<\/p>\n","protected":false},"author":5,"featured_media":0,"comment_status":"open","ping_status":"open","sticky":false,"template":"","format":"standard","meta":{"footnotes":""},"categories":[429],"tags":[],"class_list":["post-11482","post","type-post","status-publish","format-standard","hentry","category-diverses"],"_links":{"self":[{"href":"https:\/\/kommentatorenblog.de\/index.php?rest_route=\/wp\/v2\/posts\/11482","targetHints":{"allow":["GET"]}}],"collection":[{"href":"https:\/\/kommentatorenblog.de\/index.php?rest_route=\/wp\/v2\/posts"}],"about":[{"href":"https:\/\/kommentatorenblog.de\/index.php?rest_route=\/wp\/v2\/types\/post"}],"author":[{"embeddable":true,"href":"https:\/\/kommentatorenblog.de\/index.php?rest_route=\/wp\/v2\/users\/5"}],"replies":[{"embeddable":true,"href":"https:\/\/kommentatorenblog.de\/index.php?rest_route=%2Fwp%2Fv2%2Fcomments&post=11482"}],"version-history":[{"count":2,"href":"https:\/\/kommentatorenblog.de\/index.php?rest_route=\/wp\/v2\/posts\/11482\/revisions"}],"predecessor-version":[{"id":11484,"href":"https:\/\/kommentatorenblog.de\/index.php?rest_route=\/wp\/v2\/posts\/11482\/revisions\/11484"}],"wp:attachment":[{"href":"https:\/\/kommentatorenblog.de\/index.php?rest_route=%2Fwp%2Fv2%2Fmedia&parent=11482"}],"wp:term":[{"taxonomy":"category","embeddable":true,"href":"https:\/\/kommentatorenblog.de\/index.php?rest_route=%2Fwp%2Fv2%2Fcategories&post=11482"},{"taxonomy":"post_tag","embeddable":true,"href":"https:\/\/kommentatorenblog.de\/index.php?rest_route=%2Fwp%2Fv2%2Ftags&post=11482"}],"curies":[{"name":"wp","href":"https:\/\/api.w.org\/{rel}","templated":true}]}}