{"id":11489,"date":"2022-01-06T23:11:49","date_gmt":"2022-01-06T21:11:49","guid":{"rendered":"http:\/\/kommentatorenblog.de\/?p=11489"},"modified":"2022-01-12T21:53:26","modified_gmt":"2022-01-12T19:53:26","slug":"1224-start-ins-neue-jahr","status":"publish","type":"post","link":"https:\/\/kommentatorenblog.de\/?p=11489","title":{"rendered":"1224 &#8211; Start ins neue Jahr"},"content":{"rendered":"\n<p>N\u00b4Abend allerseits,<\/p>\n\n\n\n<p class=\"has-medium-font-size\"><strong>Update<\/strong><\/p>\n\n\n\n<p>Ein kleines Update zu den Spielen unter der kommenden Woche. Mit dabei Nachholspiele in der Premier League, Pokal in England und Italien und der Afrika- Cup.<\/p>\n\n\n\n<p><strong>Premier League- Nachholspiele (Sky)<\/strong><\/p>\n\n\n\n<p><span style=\"text-decoration: underline;\"><span style=\"text-decoration: underline;\">Dienstag, 11. Januar 2022<\/span>  <\/span><\/p>\n\n\n\n<p><strong><em>FC Southampton <strong><em>\u2013<\/em><\/strong> FC Brentford (20.45 Uhr)<\/em><\/strong><\/p>\n\n\n\n<p><img loading=\"lazy\" decoding=\"async\" width=\"10\" height=\"21\" class=\"wp-image-3656\" style=\"width: 10px;\" src=\"http:\/\/kommentatorenblog.de\/wp-content\/uploads\/2020\/09\/shure-55sh-ii-e1601485394796.jpg\" alt=\"\" srcset=\"https:\/\/kommentatorenblog.de\/wp-content\/uploads\/2020\/09\/shure-55sh-ii-e1601485394796.jpg 415w, https:\/\/kommentatorenblog.de\/wp-content\/uploads\/2020\/09\/shure-55sh-ii-e1601485394796-142x300.jpg 142w\" sizes=\"auto, (max-width: 10px) 100vw, 10px\" \/> Thomas Wagner<\/p>\n\n\n\n<p><strong><em><s>FC Everton <strong><em>\u2013<\/em><\/strong> Leicester City (21.00 Uhr)<\/s><\/em><\/strong><\/p>\n\n\n\n<p><img loading=\"lazy\" decoding=\"async\" width=\"10\" height=\"21\" class=\"wp-image-3656\" style=\"width: 10px;\" src=\"http:\/\/kommentatorenblog.de\/wp-content\/uploads\/2020\/09\/shure-55sh-ii-e1601485394796.jpg\" alt=\"\" srcset=\"https:\/\/kommentatorenblog.de\/wp-content\/uploads\/2020\/09\/shure-55sh-ii-e1601485394796.jpg 415w, https:\/\/kommentatorenblog.de\/wp-content\/uploads\/2020\/09\/shure-55sh-ii-e1601485394796-142x300.jpg 142w\" sizes=\"auto, (max-width: 10px) 100vw, 10px\" \/>Sven Schr\u00f6ter<\/p>\n\n\n\n<p><span style=\"text-decoration: underline;\">Mittwoch, 12. Januar 2022<\/span> <\/p>\n\n\n\n<p><strong><em>West Ham United <strong><em>\u2013<\/em><\/strong> Norwich City (20.45 Uhr)<\/em><\/strong><\/p>\n\n\n\n<p><img loading=\"lazy\" decoding=\"async\" width=\"10\" height=\"21\" class=\"wp-image-3656\" style=\"width: 10px;\" src=\"http:\/\/kommentatorenblog.de\/wp-content\/uploads\/2020\/09\/shure-55sh-ii-e1601485394796.jpg\" alt=\"\" srcset=\"https:\/\/kommentatorenblog.de\/wp-content\/uploads\/2020\/09\/shure-55sh-ii-e1601485394796.jpg 415w, https:\/\/kommentatorenblog.de\/wp-content\/uploads\/2020\/09\/shure-55sh-ii-e1601485394796-142x300.jpg 142w\" sizes=\"auto, (max-width: 10px) 100vw, 10px\" \/> Uli Hebel<\/p>\n\n\n\n<p><strong>Caraboa Cup (DAZN)<\/strong><\/p>\n\n\n\n<p><span style=\"text-decoration: underline;\">Mittwoch, 12. Januar 2022<\/span> <\/p>\n\n\n\n<p><strong><em>Tottenham Hotspur <strong><em>\u2013<\/em><\/strong> Chelsea FC (20.45 Uhr)<\/em><\/strong><\/p>\n\n\n\n<p><img loading=\"lazy\" decoding=\"async\" width=\"10\" height=\"21\" class=\"wp-image-3656\" style=\"width: 10px;\" src=\"http:\/\/kommentatorenblog.de\/wp-content\/uploads\/2020\/09\/shure-55sh-ii-e1601485394796.jpg\" alt=\"\" srcset=\"https:\/\/kommentatorenblog.de\/wp-content\/uploads\/2020\/09\/shure-55sh-ii-e1601485394796.jpg 415w, https:\/\/kommentatorenblog.de\/wp-content\/uploads\/2020\/09\/shure-55sh-ii-e1601485394796-142x300.jpg 142w\" sizes=\"auto, (max-width: 10px) 100vw, 10px\" \/> Marcel Seufert, Experte: Ralph Gunesch<\/p>\n\n\n\n<p><span style=\"text-decoration: underline;\">Donnerstag, 13. Januar 2022<\/span> <\/p>\n\n\n\n<p><strong><em>FC Liverpool <strong><em>\u2013<\/em><\/strong> Arsenal London (20.45 Uhr)<\/em><\/strong><\/p>\n\n\n\n<p><img loading=\"lazy\" decoding=\"async\" width=\"10\" height=\"21\" class=\"wp-image-3656\" style=\"width: 10px;\" src=\"http:\/\/kommentatorenblog.de\/wp-content\/uploads\/2020\/09\/shure-55sh-ii-e1601485394796.jpg\" alt=\"\" srcset=\"https:\/\/kommentatorenblog.de\/wp-content\/uploads\/2020\/09\/shure-55sh-ii-e1601485394796.jpg 415w, https:\/\/kommentatorenblog.de\/wp-content\/uploads\/2020\/09\/shure-55sh-ii-e1601485394796-142x300.jpg 142w\" sizes=\"auto, (max-width: 10px) 100vw, 10px\" \/> Uli Hebel, Experte: Ralph Gunesch<\/p>\n\n\n\n<p><strong>Supercoppa Italiana (DAZN)<\/strong><\/p>\n\n\n\n<p><span style=\"text-decoration: underline;\">Mittwoch, 13. Januar 2022<\/span> <\/p>\n\n\n\n<p><strong><em>Inter Mailand <strong><em>\u2013<\/em><\/strong> Juventus Turin (21.00 Uhr)<\/em><\/strong><\/p>\n\n\n\n<p><img loading=\"lazy\" decoding=\"async\" width=\"10\" height=\"21\" class=\"wp-image-3656\" style=\"width: 10px;\" src=\"http:\/\/kommentatorenblog.de\/wp-content\/uploads\/2020\/09\/shure-55sh-ii-e1601485394796.jpg\" alt=\"\" srcset=\"https:\/\/kommentatorenblog.de\/wp-content\/uploads\/2020\/09\/shure-55sh-ii-e1601485394796.jpg 415w, https:\/\/kommentatorenblog.de\/wp-content\/uploads\/2020\/09\/shure-55sh-ii-e1601485394796-142x300.jpg 142w\" sizes=\"auto, (max-width: 10px) 100vw, 10px\" \/> Carsten Fu\u00df, Experte: Christian Bernhard<\/p>\n\n\n\n<p><strong>Coppa Italia (DAZN)<\/strong><\/p>\n\n\n\n<p><span style=\"text-decoration: underline;\">Donnerstag, 13. Januar 2022<\/span> <\/p>\n\n\n\n<p><strong><em>SSC Neapel <strong><em>\u2013<\/em><\/strong> AC Florenz (18.00 Uhr)<\/em><\/strong><\/p>\n\n\n\n<p><img loading=\"lazy\" decoding=\"async\" width=\"10\" height=\"21\" class=\"wp-image-3656\" style=\"width: 10px;\" src=\"http:\/\/kommentatorenblog.de\/wp-content\/uploads\/2020\/09\/shure-55sh-ii-e1601485394796.jpg\" alt=\"\" srcset=\"https:\/\/kommentatorenblog.de\/wp-content\/uploads\/2020\/09\/shure-55sh-ii-e1601485394796.jpg 415w, https:\/\/kommentatorenblog.de\/wp-content\/uploads\/2020\/09\/shure-55sh-ii-e1601485394796-142x300.jpg 142w\" sizes=\"auto, (max-width: 10px) 100vw, 10px\" \/> Mario Rieker<\/p>\n\n\n\n<p><strong><em>AC Mailand <strong><em>\u2013<\/em><\/strong> CFC Genua (21.00 Uhr)<\/em><\/strong><\/p>\n\n\n\n<p><img loading=\"lazy\" decoding=\"async\" width=\"10\" height=\"21\" class=\"wp-image-3656\" style=\"width: 10px;\" src=\"http:\/\/kommentatorenblog.de\/wp-content\/uploads\/2020\/09\/shure-55sh-ii-e1601485394796.jpg\" alt=\"\" srcset=\"https:\/\/kommentatorenblog.de\/wp-content\/uploads\/2020\/09\/shure-55sh-ii-e1601485394796.jpg 415w, https:\/\/kommentatorenblog.de\/wp-content\/uploads\/2020\/09\/shure-55sh-ii-e1601485394796-142x300.jpg 142w\" sizes=\"auto, (max-width: 10px) 100vw, 10px\" \/> Nico Seepe<\/p>\n\n\n\n<p><strong>Afrika-Cup, 1.Spieltag (Sportdigital FUSSBALL)<\/strong><\/p>\n\n\n\n<p><span style=\"text-decoration: underline;\">Montag, 10. Januar 2022<\/span> <\/p>\n\n\n\n<p><strong><em>Senegal <strong><em>\u2013<\/em><\/strong> Simbabwe (14.00 Uhr)<\/em><\/strong><\/p>\n\n\n\n<p><img loading=\"lazy\" decoding=\"async\" width=\"10\" height=\"21\" class=\"wp-image-3656\" style=\"width: 10px;\" src=\"http:\/\/kommentatorenblog.de\/wp-content\/uploads\/2020\/09\/shure-55sh-ii-e1601485394796.jpg\" alt=\"\" srcset=\"https:\/\/kommentatorenblog.de\/wp-content\/uploads\/2020\/09\/shure-55sh-ii-e1601485394796.jpg 415w, https:\/\/kommentatorenblog.de\/wp-content\/uploads\/2020\/09\/shure-55sh-ii-e1601485394796-142x300.jpg 142w\" sizes=\"auto, (max-width: 10px) 100vw, 10px\" \/> Hannes Herrmann<\/p>\n\n\n\n<p><strong><em>Marokko <strong><em>\u2013<\/em><\/strong> Ghana (17.00 Uhr)<\/em><\/strong><\/p>\n\n\n\n<p><img loading=\"lazy\" decoding=\"async\" width=\"10\" height=\"21\" class=\"wp-image-3656\" style=\"width: 10px;\" src=\"http:\/\/kommentatorenblog.de\/wp-content\/uploads\/2020\/09\/shure-55sh-ii-e1601485394796.jpg\" alt=\"\" srcset=\"https:\/\/kommentatorenblog.de\/wp-content\/uploads\/2020\/09\/shure-55sh-ii-e1601485394796.jpg 415w, https:\/\/kommentatorenblog.de\/wp-content\/uploads\/2020\/09\/shure-55sh-ii-e1601485394796-142x300.jpg 142w\" sizes=\"auto, (max-width: 10px) 100vw, 10px\" \/> Collin Nagel<\/p>\n\n\n\n<p><strong><em>Guinea <strong><em>\u2013<\/em><\/strong> Malawi (17.00 Uhr)<\/em><\/strong><\/p>\n\n\n\n<p><img loading=\"lazy\" decoding=\"async\" width=\"10\" height=\"21\" class=\"wp-image-3656\" style=\"width: 10px;\" src=\"http:\/\/kommentatorenblog.de\/wp-content\/uploads\/2020\/09\/shure-55sh-ii-e1601485394796.jpg\" alt=\"\" srcset=\"https:\/\/kommentatorenblog.de\/wp-content\/uploads\/2020\/09\/shure-55sh-ii-e1601485394796.jpg 415w, https:\/\/kommentatorenblog.de\/wp-content\/uploads\/2020\/09\/shure-55sh-ii-e1601485394796-142x300.jpg 142w\" sizes=\"auto, (max-width: 10px) 100vw, 10px\" \/> Martin Hahn<\/p>\n\n\n\n<p><strong><em>Komoren <strong><em>\u2013<\/em><\/strong> Gabun (20.00 Uhr)<\/em><\/strong><\/p>\n\n\n\n<p><img loading=\"lazy\" decoding=\"async\" width=\"10\" height=\"21\" class=\"wp-image-3656\" style=\"width: 10px;\" src=\"http:\/\/kommentatorenblog.de\/wp-content\/uploads\/2020\/09\/shure-55sh-ii-e1601485394796.jpg\" alt=\"\" srcset=\"https:\/\/kommentatorenblog.de\/wp-content\/uploads\/2020\/09\/shure-55sh-ii-e1601485394796.jpg 415w, https:\/\/kommentatorenblog.de\/wp-content\/uploads\/2020\/09\/shure-55sh-ii-e1601485394796-142x300.jpg 142w\" sizes=\"auto, (max-width: 10px) 100vw, 10px\" \/> Jonathan Dreier<\/p>\n\n\n\n<p><span style=\"text-decoration: underline;\">Dienstag, 11. Januar 2022<\/span> <\/p>\n\n\n\n<p><strong><em>Algerien <strong><em>\u2013<\/em><\/strong> Sierra Leone (14.00 Uhr)<\/em><\/strong><\/p>\n\n\n\n<p><img loading=\"lazy\" decoding=\"async\" width=\"10\" height=\"21\" class=\"wp-image-3656\" style=\"width: 10px;\" src=\"http:\/\/kommentatorenblog.de\/wp-content\/uploads\/2020\/09\/shure-55sh-ii-e1601485394796.jpg\" alt=\"\" srcset=\"https:\/\/kommentatorenblog.de\/wp-content\/uploads\/2020\/09\/shure-55sh-ii-e1601485394796.jpg 415w, https:\/\/kommentatorenblog.de\/wp-content\/uploads\/2020\/09\/shure-55sh-ii-e1601485394796-142x300.jpg 142w\" sizes=\"auto, (max-width: 10px) 100vw, 10px\" \/> Marvin Kirsch<\/p>\n\n\n\n<p><strong><em>Nigeria <strong><em>\u2013<\/em><\/strong> \u00c4gypten (17.00 Uhr)<\/em><\/strong><\/p>\n\n\n\n<p><img loading=\"lazy\" decoding=\"async\" width=\"10\" height=\"21\" class=\"wp-image-3656\" style=\"width: 10px;\" src=\"http:\/\/kommentatorenblog.de\/wp-content\/uploads\/2020\/09\/shure-55sh-ii-e1601485394796.jpg\" alt=\"\" srcset=\"https:\/\/kommentatorenblog.de\/wp-content\/uploads\/2020\/09\/shure-55sh-ii-e1601485394796.jpg 415w, https:\/\/kommentatorenblog.de\/wp-content\/uploads\/2020\/09\/shure-55sh-ii-e1601485394796-142x300.jpg 142w\" sizes=\"auto, (max-width: 10px) 100vw, 10px\" \/>Hannes Herrmann<\/p>\n\n\n\n<p><strong><em>Sudan <strong><em>\u2013<\/em><\/strong> Guinea- Bissau (20.00 Uhr)<\/em><\/strong><\/p>\n\n\n\n<p><img loading=\"lazy\" decoding=\"async\" width=\"10\" height=\"21\" class=\"wp-image-3656\" style=\"width: 10px;\" src=\"http:\/\/kommentatorenblog.de\/wp-content\/uploads\/2020\/09\/shure-55sh-ii-e1601485394796.jpg\" alt=\"\" srcset=\"https:\/\/kommentatorenblog.de\/wp-content\/uploads\/2020\/09\/shure-55sh-ii-e1601485394796.jpg 415w, https:\/\/kommentatorenblog.de\/wp-content\/uploads\/2020\/09\/shure-55sh-ii-e1601485394796-142x300.jpg 142w\" sizes=\"auto, (max-width: 10px) 100vw, 10px\" \/> J\u00f6rg Steiger<\/p>\n\n\n\n<p><span style=\"text-decoration: underline;\">Mittwoch, 12. Januar 2022<\/span> <\/p>\n\n\n\n<p><strong><em>Tunesien <strong><em>\u2013<\/em><\/strong> Mali (14.00 Uhr)<\/em><\/strong><\/p>\n\n\n\n<p><img loading=\"lazy\" decoding=\"async\" width=\"10\" height=\"21\" class=\"wp-image-3656\" style=\"width: 10px;\" src=\"http:\/\/kommentatorenblog.de\/wp-content\/uploads\/2020\/09\/shure-55sh-ii-e1601485394796.jpg\" alt=\"\" srcset=\"https:\/\/kommentatorenblog.de\/wp-content\/uploads\/2020\/09\/shure-55sh-ii-e1601485394796.jpg 415w, https:\/\/kommentatorenblog.de\/wp-content\/uploads\/2020\/09\/shure-55sh-ii-e1601485394796-142x300.jpg 142w\" sizes=\"auto, (max-width: 10px) 100vw, 10px\" \/>  Marvin Kirsch <\/p>\n\n\n\n<p><strong><em>Mauretanien <strong><em>\u2013<\/em><\/strong> Gambia (17.00 Uhr)<\/em><\/strong><\/p>\n\n\n\n<p><img loading=\"lazy\" decoding=\"async\" width=\"10\" height=\"21\" class=\"wp-image-3656\" style=\"width: 10px;\" src=\"http:\/\/kommentatorenblog.de\/wp-content\/uploads\/2020\/09\/shure-55sh-ii-e1601485394796.jpg\" alt=\"\" srcset=\"https:\/\/kommentatorenblog.de\/wp-content\/uploads\/2020\/09\/shure-55sh-ii-e1601485394796.jpg 415w, https:\/\/kommentatorenblog.de\/wp-content\/uploads\/2020\/09\/shure-55sh-ii-e1601485394796-142x300.jpg 142w\" sizes=\"auto, (max-width: 10px) 100vw, 10px\" \/> Marcus Radefeld<\/p>\n\n\n\n<p><strong><em>\u00c4quatorialguinea <strong><em>\u2013<\/em><\/strong> Elfenbeink\u00fcste (20.00 Uhr)<\/em><\/strong><\/p>\n\n\n\n<p><img loading=\"lazy\" decoding=\"async\" width=\"10\" height=\"21\" class=\"wp-image-3656\" style=\"width: 10px;\" src=\"http:\/\/kommentatorenblog.de\/wp-content\/uploads\/2020\/09\/shure-55sh-ii-e1601485394796.jpg\" alt=\"\" srcset=\"https:\/\/kommentatorenblog.de\/wp-content\/uploads\/2020\/09\/shure-55sh-ii-e1601485394796.jpg 415w, https:\/\/kommentatorenblog.de\/wp-content\/uploads\/2020\/09\/shure-55sh-ii-e1601485394796-142x300.jpg 142w\" sizes=\"auto, (max-width: 10px) 100vw, 10px\" \/> Karsten Linke<\/p>\n\n\n\n<p><span style=\"text-decoration: underline;\">Donnerstag, 13. Januar 2022<\/span> <\/p>\n\n\n\n<p><strong><em>Kamerun <strong><em>\u2013<\/em><\/strong> \u00c4thiopien (17.00 Uhr)<\/em><\/strong><\/p>\n\n\n\n<p><img loading=\"lazy\" decoding=\"async\" width=\"10\" height=\"21\" class=\"wp-image-3656\" style=\"width: 10px;\" src=\"http:\/\/kommentatorenblog.de\/wp-content\/uploads\/2020\/09\/shure-55sh-ii-e1601485394796.jpg\" alt=\"\" srcset=\"https:\/\/kommentatorenblog.de\/wp-content\/uploads\/2020\/09\/shure-55sh-ii-e1601485394796.jpg 415w, https:\/\/kommentatorenblog.de\/wp-content\/uploads\/2020\/09\/shure-55sh-ii-e1601485394796-142x300.jpg 142w\" sizes=\"auto, (max-width: 10px) 100vw, 10px\" \/> Christian Blunck<\/p>\n\n\n\n<p><strong><em>Kap Verde <strong><em>\u2013<\/em><\/strong> Burkina Faso (20.00 Uhr)<\/em><\/strong><\/p>\n\n\n\n<p><img loading=\"lazy\" decoding=\"async\" width=\"10\" height=\"21\" class=\"wp-image-3656\" style=\"width: 10px;\" src=\"http:\/\/kommentatorenblog.de\/wp-content\/uploads\/2020\/09\/shure-55sh-ii-e1601485394796.jpg\" alt=\"\" srcset=\"https:\/\/kommentatorenblog.de\/wp-content\/uploads\/2020\/09\/shure-55sh-ii-e1601485394796.jpg 415w, https:\/\/kommentatorenblog.de\/wp-content\/uploads\/2020\/09\/shure-55sh-ii-e1601485394796-142x300.jpg 142w\" sizes=\"auto, (max-width: 10px) 100vw, 10px\" \/> Arne Malsch<\/p>\n\n\n\n<p>neues Jahr, altes Prinzip, auch in 2022 werden wir euch wieder die Ansetzungen der Fu\u00dfballspiele in Deutschland aber auch im Ausland liefern. Wir hoffen, ihr seid alle gut in das Jahr gestartet! <\/p>\n\n\n\n<p>Kaum hat das neue Jahr begonnen, geht auch schon wieder die Bundesliga weiter. Keine drei Wochen sind seit dem letzten Spiel vergangen ( K\u00f6ln- Stuttgart), steht schon der erste Spieltag vor der T\u00fcre. Planm\u00e4\u00dfigen Auftakt ist die Begegnung der coronagebeutelten Bayern gegen Borussia M\u00f6nchengladbach. Da dies den R\u00fcckrundenauftakt widerspiegelt, gibt es die Partie nicht nur bei DAZN zu sehen, sondern auch wieder im Free TV bei Sat1. Innerhalb von drei Wochen gibt es also ein Bundesliga Livespiel im Free-TV, jeweils mit den Bayern.<\/p>\n\n\n\n<p><strong>Die Fu\u00dfball- Highlights 2022<\/strong><\/p>\n\n\n\n<p>Doch was bringt uns das Jahr im Fu\u00dfball sonst noch, neben Bundesliga, Pokal und Champions- League? Die Highlights:<\/p>\n\n\n\n<ul class=\"wp-block-list\"><li><strong>EM der Frauen<\/strong> in England im <strong>Sommer<\/strong><\/li><li><strong>WM der Herren<\/strong> in Katar im <strong>Winter<\/strong><\/li><\/ul>\n\n\n\n<p>Nach der Europameisterschaft der M\u00e4nner in 2021 sowie den olympischen Sommerspielen, bietet auch das Jahr 2022 einige (fu\u00dfballerischen) Highlights. Dazu z\u00e4hlt einmal die Europameisterschaft bei den Frauen, welche im Juli in England stattfinden wird. Dabei werden die Austragungsorte u.a. das Old Trafford sowie das Wembley- Stadion sein. Die deutschen Damen werden dort zumindest vorerst nicht spielen, sie tragen ihre Vorrundenspiele in London und Milton Keynes aus und treffen dabei auf D\u00e4nemark, Spanien und Finnland. \u00dcbertragen wird die Europameisterschaft in Deutschland von ARD und ZDF.<\/p>\n\n\n\n<p>Kurz vor Weihnachten steht dann noch einmal ein Gro\u00dfereignis vor der T\u00fcre. In der Zeit des Wintersports steht dann eine WM an, mitten im Winter, die FIFA und Katar machens m\u00f6glich. Ab Mitte November bis zum 18. Dezember findet die WM im W\u00fcstenstaat statt. Ob dabei WM- Stimmung aufkommen wird, ist schon aus mehreren Gr\u00fcnden fragw\u00fcrdig.<\/p>\n\n\n\n<p>Nichtsdestotrotz versuchen die deutschen Herren, wie auch die Frauen bei ihrer EM, ein gutes Resultat einzufahren. \u00dcbertragen wird die Winter- WM erneut bei ARD und ZDF sowie bei Magenta. Dabei zeigt das Telekom-Unternehmen alle 64 Spiele live, davon 16 exklusiv. ARD und ZDF \u00fcbertragen die restlichen 48 Spiele ebenso live.<\/p>\n\n\n\n<p> <strong>Weitere sportliche Highlights<\/strong> <\/p>\n\n\n\n<p>Neben der umstrittenen WM 2022 stehen zwei weitere, ebenso aufgrund der Menschenrechtslage, umstrittene Highlights vor der T\u00fcre: Die olympischen sowie paralympischen Winterspiele in Peking. Diese finden im Februar beziehungsweise im M\u00e4rz statt. Die olympischen Spiele werden wieder bei Eurosport sowie abwechselnd im Ersten und Zweiten zu sehen sein. Die Paralympics dahingegen wohl &#8222;nur&#8220; bei ARD und ZDF. <\/p>\n\n\n\n<p>Im Sommer gibt es dann mehrere Highlights, eins davon, zur Abwechslung mal nicht umstritten: Die European Championships in M\u00fcnchen. Dort werden u.a. im Olympiapark die Europameisterinnen und Europameister in insgesamt neun Sportarten gek\u00fcrt. Neben dem Ersten und Zweiten d\u00fcrfte auch hier Eurosport wieder \u00fcbertragen.<\/p>\n\n\n\n<p>Ein weitere Europameisterschaft steht zudem direkt vor der T\u00fcre: Die Handball EM der M\u00e4nner in Ungarn und der Slowakei.<\/p>\n\n\n\n<p>Die Rechte f\u00fcr das Turnier liegen bei ARD und ZDF. Die beiden Sender werden auch in diesem Jahr die Spiele der deutschen Mannschaft live \u00fcbertragen. Allerdings hat man, wie bereits bei der letzten Europameisterschaft die Rechte sublizensiert. So darf Eurosport 18 weitere Spiele der EM \u00fcbertragen und sportdeutschland.tv hat sich die Rechte f\u00fcr alle Spiele live und auf Abruf gesichert (inklusive der Spiele der deutschen Mannschaft).<\/p>\n\n\n\n<p>ARD und ZDF \u00fcbertragen im TV zwar nur die deutschen Spiele, allerdings wurden hier auch weitere Streams von anderen Partien angek\u00fcndigt. Kommentatoren der Spiele im ZDF- Stream: Martin Schneider und Gari Paubandt. Vom weiteren Personal gibt es bei den \u00f6ffentlich- rechtlichen Sendern, soweit bekannt, keine \u00dcberraschungen. Die Kommentatoren sind Florian Na\u00df (ARD) und Christoph Hamm mit Experte Markus Baur (ZDF). Durch die Sendung werden im Ersten Alexander Bommes und Dominik Klein sein, hier ist die Planung, dass die Moderation von vor Ort erfolgt. Das ZDF- Duo werden Yorck Polus und Sven S\u00f6ren Christophersen bilden.<\/p>\n\n\n\n<p>Jetzt geht aber der Blick auf den ersten Bundesliga- Spieltag im Jahr 2022, neues Jahr, wenig Neues: Wolff Fuss meldet sich wie gewohnt am Samstagabend &#8211; und auch auch am Freitag,  genaueres folgt jetzt:<\/p>\n\n\n\n<hr class=\"wp-block-separator\"\/>\n\n\n\n<p><strong><em>Die Ansetzungen vom 07. Januar bis zum 10. Januar 2022<\/em><\/strong><\/p>\n\n\n\n<p><strong>Bundesliga, 18. Spieltag<\/strong><\/p>\n\n\n\n<p><span style=\"text-decoration: underline;\">Freitag, 07. Januar 2022, ab 19.30 Uhr (DAZN), ab 18.55 Uhr (Sat1)<\/span><\/p>\n\n\n\n<p><strong><em>FC Bayern M\u00fcnchen \u2013 Borussia M\u00f6nchengladbach (20.30 Uhr)<\/em><\/strong><\/p>\n\n\n\n<p class=\"has-normal-font-size\"><img loading=\"lazy\" decoding=\"async\" width=\"10\" height=\"21\" class=\"wp-image-3656\" style=\"width: 10px;\" src=\"http:\/\/kommentatorenblog.de\/wp-content\/uploads\/2020\/09\/shure-55sh-ii-e1601485394796.jpg\" alt=\"\" srcset=\"https:\/\/kommentatorenblog.de\/wp-content\/uploads\/2020\/09\/shure-55sh-ii-e1601485394796.jpg 415w, https:\/\/kommentatorenblog.de\/wp-content\/uploads\/2020\/09\/shure-55sh-ii-e1601485394796-142x300.jpg 142w\" sizes=\"auto, (max-width: 10px) 100vw, 10px\" \/> DAZN: Jan Platte, Experte: Sandro Wagner<\/p>\n\n\n\n<p><img loading=\"lazy\" decoding=\"async\" width=\"10\" height=\"21\" class=\"wp-image-3656\" style=\"width: 10px;\" src=\"http:\/\/kommentatorenblog.de\/wp-content\/uploads\/2020\/09\/shure-55sh-ii-e1601485394796.jpg\" alt=\"\" srcset=\"https:\/\/kommentatorenblog.de\/wp-content\/uploads\/2020\/09\/shure-55sh-ii-e1601485394796.jpg 415w, https:\/\/kommentatorenblog.de\/wp-content\/uploads\/2020\/09\/shure-55sh-ii-e1601485394796-142x300.jpg 142w\" sizes=\"auto, (max-width: 10px) 100vw, 10px\" \/>  Sat1: Wolff Fuss<\/p>\n\n\n\n<p>Moderation (DAZN): Alex Schl\u00fcter, Field-Reporter: Daniel Herzog<\/p>\n\n\n\n<p>Moderation (Sat1): Matthias Opdenh\u00f6vel, Experte: Stefan Kuntz , Field-Reporterin: Andrea Kaiser <\/p>\n\n\n\n<p><span style=\"text-decoration: underline;\">Samstag, 08.  <span style=\"text-decoration: underline;\">Januar 2022<\/span>, ab 14.00 Uhr (Sky)<\/span><\/p>\n\n\n\n<p><strong><em>Bayer 04 Leverkusen&nbsp;&#8211; 1. FC Union Berlin (15.30 Uhr)<\/em><\/strong><\/p>\n\n\n\n<p class=\"has-normal-font-size\"><img loading=\"lazy\" decoding=\"async\" width=\"10\" height=\"21\" class=\"wp-image-3656\" style=\"width: 10px;\" src=\"http:\/\/kommentatorenblog.de\/wp-content\/uploads\/2020\/09\/shure-55sh-ii-e1601485394796.jpg\" alt=\"\" srcset=\"https:\/\/kommentatorenblog.de\/wp-content\/uploads\/2020\/09\/shure-55sh-ii-e1601485394796.jpg 415w, https:\/\/kommentatorenblog.de\/wp-content\/uploads\/2020\/09\/shure-55sh-ii-e1601485394796-142x300.jpg 142w\" sizes=\"auto, (max-width: 10px) 100vw, 10px\" \/> Marcus Lindemann (Einzelspiel), Florian Schmidt-Sommerfeld (Konferenz)<\/p>\n\n\n\n<p> Field-Reporter:  Ulli Potofski<\/p>\n\n\n\n<p><strong><em>RB Leipzig &#8211;&nbsp;1. FSV Mainz 05<\/em><\/strong> <strong><em>(15.30 Uhr)<\/em><\/strong><\/p>\n\n\n\n<p class=\"has-normal-font-size\"><img loading=\"lazy\" decoding=\"async\" width=\"10\" height=\"21\" class=\"wp-image-3656\" style=\"width: 10px;\" src=\"http:\/\/kommentatorenblog.de\/wp-content\/uploads\/2020\/09\/shure-55sh-ii-e1601485394796.jpg\" alt=\"\" srcset=\"https:\/\/kommentatorenblog.de\/wp-content\/uploads\/2020\/09\/shure-55sh-ii-e1601485394796.jpg 415w, https:\/\/kommentatorenblog.de\/wp-content\/uploads\/2020\/09\/shure-55sh-ii-e1601485394796-142x300.jpg 142w\" sizes=\"auto, (max-width: 10px) 100vw, 10px\" \/> Oliver Seidler (Einzelspiel), Frank Buschmann (Konferenz)<\/p>\n\n\n\n<p>Field-Reporter: Jens Westen<\/p>\n\n\n\n<p><strong><em>SC Freiburg &#8211;&nbsp;Arminia Bielefeld<\/em><\/strong> <strong><em>(15.30 Uhr)<\/em><\/strong><\/p>\n\n\n\n<p class=\"has-normal-font-size\"><img loading=\"lazy\" decoding=\"async\" width=\"10\" height=\"21\" class=\"wp-image-3656\" style=\"width: 10px;\" src=\"http:\/\/kommentatorenblog.de\/wp-content\/uploads\/2020\/09\/shure-55sh-ii-e1601485394796.jpg\" alt=\"\" srcset=\"https:\/\/kommentatorenblog.de\/wp-content\/uploads\/2020\/09\/shure-55sh-ii-e1601485394796.jpg 415w, https:\/\/kommentatorenblog.de\/wp-content\/uploads\/2020\/09\/shure-55sh-ii-e1601485394796-142x300.jpg 142w\" sizes=\"auto, (max-width: 10px) 100vw, 10px\" \/> J\u00fcrgen Schmitz (Einzelspiel), Markus G\u00f6tz (Konferenz)<\/p>\n\n\n\n<p>Field-Reporter: Dirk gro\u00dfe Schlarmann<\/p>\n\n\n\n<p><strong><em>TSG 1899 Hoffenheim &#8211;&nbsp;FC&nbsp;Augsburg (15.30 Uhr)<\/em><\/strong><\/p>\n\n\n\n<p class=\"has-normal-font-size\"><img loading=\"lazy\" decoding=\"async\" width=\"10\" height=\"21\" class=\"wp-image-3656\" style=\"width: 10px;\" src=\"http:\/\/kommentatorenblog.de\/wp-content\/uploads\/2020\/09\/shure-55sh-ii-e1601485394796.jpg\" alt=\"\" srcset=\"https:\/\/kommentatorenblog.de\/wp-content\/uploads\/2020\/09\/shure-55sh-ii-e1601485394796.jpg 415w, https:\/\/kommentatorenblog.de\/wp-content\/uploads\/2020\/09\/shure-55sh-ii-e1601485394796-142x300.jpg 142w\" sizes=\"auto, (max-width: 10px) 100vw, 10px\" \/> Klaus Veltman (Einzelspiel), Kai Dittmann (Konferenz)<\/p>\n\n\n\n<p>Field-Reporterin: Katharina Kleinfeldt<\/p>\n\n\n\n<p><strong><em>SpVgg Greuther F\u00fcrth &#8211;&nbsp;VfB Stuttgart (15.30 Uhr)<\/em><\/strong><\/p>\n\n\n\n<p class=\"has-normal-font-size\"><img loading=\"lazy\" decoding=\"async\" width=\"10\" height=\"21\" class=\"wp-image-3656\" style=\"width: 10px;\" src=\"http:\/\/kommentatorenblog.de\/wp-content\/uploads\/2020\/09\/shure-55sh-ii-e1601485394796.jpg\" alt=\"\" srcset=\"https:\/\/kommentatorenblog.de\/wp-content\/uploads\/2020\/09\/shure-55sh-ii-e1601485394796.jpg 415w, https:\/\/kommentatorenblog.de\/wp-content\/uploads\/2020\/09\/shure-55sh-ii-e1601485394796-142x300.jpg 142w\" sizes=\"auto, (max-width: 10px) 100vw, 10px\" \/> Jonas Friedrich (Einzelspiel), Roland Evers (Konferenz)<\/p>\n\n\n\n<p>Field-Reporter: Karsten Petrzika<\/p>\n\n\n\n<p>Moderation: Michael Leopold, Experte: Didi Hamann<\/p>\n\n\n\n<p><span style=\"text-decoration: underline;\">ab 17.30 Uhr (Sky)<\/span><\/p>\n\n\n\n<p><strong><em>Eintracht Frankfurt <strong><em>\u2013<\/em><\/strong> Borussia Dortmund (18.30 Uhr)<\/em><\/strong><\/p>\n\n\n\n<p class=\"has-normal-font-size\"><img loading=\"lazy\" decoding=\"async\" width=\"10\" height=\"21\" class=\"wp-image-3656\" style=\"width: 10px;\" src=\"http:\/\/kommentatorenblog.de\/wp-content\/uploads\/2020\/09\/shure-55sh-ii-e1601485394796.jpg\" alt=\"\" srcset=\"https:\/\/kommentatorenblog.de\/wp-content\/uploads\/2020\/09\/shure-55sh-ii-e1601485394796.jpg 415w, https:\/\/kommentatorenblog.de\/wp-content\/uploads\/2020\/09\/shure-55sh-ii-e1601485394796-142x300.jpg 142w\" sizes=\"auto, (max-width: 10px) 100vw, 10px\" \/> Wolff Fuss<\/p>\n\n\n\n<p>Field-Reporter: Patrick Wasserziehr<\/p>\n\n\n\n<p>Moderation: Sebastian Hellmann, Experte: Lothar Matth\u00e4us<\/p>\n\n\n\n<p><span style=\"text-decoration: underline;\">Sonntag, 09. Januar  2022, ab 14.30 Uhr (DAZN)<\/span><\/p>\n\n\n\n<p><strong><em>Hertha BSC \u2013 1.FC K\u00f6ln (15.30 Uhr)<\/em><\/strong><\/p>\n\n\n\n<p class=\"has-normal-font-size\"><img loading=\"lazy\" decoding=\"async\" width=\"10\" height=\"21\" class=\"wp-image-3656\" style=\"width: 10px;\" src=\"http:\/\/kommentatorenblog.de\/wp-content\/uploads\/2020\/09\/shure-55sh-ii-e1601485394796.jpg\" alt=\"\" srcset=\"https:\/\/kommentatorenblog.de\/wp-content\/uploads\/2020\/09\/shure-55sh-ii-e1601485394796.jpg 415w, https:\/\/kommentatorenblog.de\/wp-content\/uploads\/2020\/09\/shure-55sh-ii-e1601485394796-142x300.jpg 142w\" sizes=\"auto, (max-width: 10px) 100vw, 10px\" \/> Uli Hebel, Experte: Sebastian Knei\u00dfl<\/p>\n\n\n\n<p>Moderation: Tobi Wahnschaffe, Field-Reporter: Freddy Harder<\/p>\n\n\n\n<p><span style=\"text-decoration: underline;\">ab 17.00 Uhr (DAZN)<\/span><\/p>\n\n\n\n<p><strong><em>VfL Bochum \u2013 VfL Wolfsburg (17.30 Uhr)<\/em><\/strong><\/p>\n\n\n\n<p class=\"has-normal-font-size\"><img loading=\"lazy\" decoding=\"async\" width=\"10\" height=\"21\" class=\"wp-image-3656\" style=\"width: 10px;\" src=\"http:\/\/kommentatorenblog.de\/wp-content\/uploads\/2020\/09\/shure-55sh-ii-e1601485394796.jpg\" alt=\"\" srcset=\"https:\/\/kommentatorenblog.de\/wp-content\/uploads\/2020\/09\/shure-55sh-ii-e1601485394796.jpg 415w, https:\/\/kommentatorenblog.de\/wp-content\/uploads\/2020\/09\/shure-55sh-ii-e1601485394796-142x300.jpg 142w\" sizes=\"auto, (max-width: 10px) 100vw, 10px\" \/> Michael Born, Experte: Benny Lauth <\/p>\n\n\n\n<p>Moderation: Sebastian Benesch, Field-Reporter: Mario Rieker<\/p>\n\n\n\n<hr class=\"wp-block-separator\"\/>\n\n\n\n<p><strong>FA Cup, 3. Runde (DAZN)<\/strong><\/p>\n\n\n\n<p><span style=\"text-decoration: underline;\">Freitag, 07. Januar 2022<\/span><\/p>\n\n\n\n<p><strong><em>Swindon Town <strong><em>\u2013<\/em><\/strong> Manchester City (15.00 Uhr) <\/em><\/strong> <\/p>\n\n\n\n<p><img loading=\"lazy\" decoding=\"async\" width=\"10\" height=\"21\" class=\"wp-image-3656\" style=\"width: 10px;\" src=\"http:\/\/kommentatorenblog.de\/wp-content\/uploads\/2020\/09\/shure-55sh-ii-e1601485394796.jpg\" alt=\"\" srcset=\"https:\/\/kommentatorenblog.de\/wp-content\/uploads\/2020\/09\/shure-55sh-ii-e1601485394796.jpg 415w, https:\/\/kommentatorenblog.de\/wp-content\/uploads\/2020\/09\/shure-55sh-ii-e1601485394796-142x300.jpg 142w\" sizes=\"auto, (max-width: 10px) 100vw, 10px\" \/> Flo Hauser<\/p>\n\n\n\n<p><span style=\"text-decoration: underline;\">Samstag, 08. Januar 2022<\/span><\/p>\n\n\n\n<p><strong><em>FC Millwall <strong><em>\u2013<\/em><\/strong> Crystal Palace (13.45 Uhr) <\/em><\/strong> <\/p>\n\n\n\n<p><img loading=\"lazy\" decoding=\"async\" width=\"10\" height=\"21\" class=\"wp-image-3656\" style=\"width: 10px;\" src=\"http:\/\/kommentatorenblog.de\/wp-content\/uploads\/2020\/09\/shure-55sh-ii-e1601485394796.jpg\" alt=\"\" srcset=\"https:\/\/kommentatorenblog.de\/wp-content\/uploads\/2020\/09\/shure-55sh-ii-e1601485394796.jpg 415w, https:\/\/kommentatorenblog.de\/wp-content\/uploads\/2020\/09\/shure-55sh-ii-e1601485394796-142x300.jpg 142w\" sizes=\"auto, (max-width: 10px) 100vw, 10px\" \/> Marcel Seufert<\/p>\n\n\n\n<p><strong><em>Leicester City <strong><em>\u2013<\/em><\/strong> FC Watford (16.00 Uhr) <\/em><\/strong> <\/p>\n\n\n\n<p><img loading=\"lazy\" decoding=\"async\" width=\"10\" height=\"21\" class=\"wp-image-3656\" style=\"width: 10px;\" src=\"http:\/\/kommentatorenblog.de\/wp-content\/uploads\/2020\/09\/shure-55sh-ii-e1601485394796.jpg\" alt=\"\" srcset=\"https:\/\/kommentatorenblog.de\/wp-content\/uploads\/2020\/09\/shure-55sh-ii-e1601485394796.jpg 415w, https:\/\/kommentatorenblog.de\/wp-content\/uploads\/2020\/09\/shure-55sh-ii-e1601485394796-142x300.jpg 142w\" sizes=\"auto, (max-width: 10px) 100vw, 10px\" \/> Nico Seepe<\/p>\n\n\n\n<p><strong><em>FC Chelsea <strong><em>\u2013<\/em><\/strong> FC Chesterfield (18.30 Uhr)<\/em><\/strong><\/p>\n\n\n\n<p><img loading=\"lazy\" decoding=\"async\" width=\"10\" height=\"21\" class=\"wp-image-3656\" style=\"width: 10px;\" src=\"http:\/\/kommentatorenblog.de\/wp-content\/uploads\/2020\/09\/shure-55sh-ii-e1601485394796.jpg\" alt=\"\" srcset=\"https:\/\/kommentatorenblog.de\/wp-content\/uploads\/2020\/09\/shure-55sh-ii-e1601485394796.jpg 415w, https:\/\/kommentatorenblog.de\/wp-content\/uploads\/2020\/09\/shure-55sh-ii-e1601485394796-142x300.jpg 142w\" sizes=\"auto, (max-width: 10px) 100vw, 10px\" \/> Alex Schl\u00fcter<\/p>\n\n\n\n<p><span style=\"text-decoration: underline;\">Sonntag, 09. Januar 2022<\/span><\/p>\n\n\n\n<p><strong><em>West Ham United <strong><em>\u2013<\/em><\/strong> Leeds United (15.00 Uhr)<\/em><\/strong><\/p>\n\n\n\n<p><img loading=\"lazy\" decoding=\"async\" width=\"10\" height=\"21\" class=\"wp-image-3656\" style=\"width: 10px;\" src=\"http:\/\/kommentatorenblog.de\/wp-content\/uploads\/2020\/09\/shure-55sh-ii-e1601485394796.jpg\" alt=\"\" srcset=\"https:\/\/kommentatorenblog.de\/wp-content\/uploads\/2020\/09\/shure-55sh-ii-e1601485394796.jpg 415w, https:\/\/kommentatorenblog.de\/wp-content\/uploads\/2020\/09\/shure-55sh-ii-e1601485394796-142x300.jpg 142w\" sizes=\"auto, (max-width: 10px) 100vw, 10px\" \/> Guido H\u00fcsgen<\/p>\n\n\n\n<p><strong><em>Tottenham Hotspur <strong><em>\u2013<\/em><\/strong> FC Morecambe (15.00 Uhr)<\/em><\/strong><\/p>\n\n\n\n<p><img loading=\"lazy\" decoding=\"async\" width=\"10\" height=\"21\" class=\"wp-image-3656\" style=\"width: 10px;\" src=\"http:\/\/kommentatorenblog.de\/wp-content\/uploads\/2020\/09\/shure-55sh-ii-e1601485394796.jpg\" alt=\"\" srcset=\"https:\/\/kommentatorenblog.de\/wp-content\/uploads\/2020\/09\/shure-55sh-ii-e1601485394796.jpg 415w, https:\/\/kommentatorenblog.de\/wp-content\/uploads\/2020\/09\/shure-55sh-ii-e1601485394796-142x300.jpg 142w\" sizes=\"auto, (max-width: 10px) 100vw, 10px\" \/> Ruben Zimmermann<\/p>\n\n\n\n<p><strong><em>FC Liverpool <strong><em>\u2013<\/em><\/strong> Shrewsbury Town (15.00 Uhr)<\/em><\/strong><\/p>\n\n\n\n<p><img loading=\"lazy\" decoding=\"async\" width=\"10\" height=\"21\" class=\"wp-image-3656\" style=\"width: 10px;\" src=\"http:\/\/kommentatorenblog.de\/wp-content\/uploads\/2020\/09\/shure-55sh-ii-e1601485394796.jpg\" alt=\"\" srcset=\"https:\/\/kommentatorenblog.de\/wp-content\/uploads\/2020\/09\/shure-55sh-ii-e1601485394796.jpg 415w, https:\/\/kommentatorenblog.de\/wp-content\/uploads\/2020\/09\/shure-55sh-ii-e1601485394796-142x300.jpg 142w\" sizes=\"auto, (max-width: 10px) 100vw, 10px\" \/> Max Siebald<\/p>\n\n\n\n<p><strong><em>Nottingham Forest <strong><em>\u2013<\/em><\/strong> FC Arsenal (18.10 Uhr)<\/em><\/strong><\/p>\n\n\n\n<p><img loading=\"lazy\" decoding=\"async\" width=\"10\" height=\"21\" class=\"wp-image-3656\" style=\"width: 10px;\" src=\"http:\/\/kommentatorenblog.de\/wp-content\/uploads\/2020\/09\/shure-55sh-ii-e1601485394796.jpg\" alt=\"\" srcset=\"https:\/\/kommentatorenblog.de\/wp-content\/uploads\/2020\/09\/shure-55sh-ii-e1601485394796.jpg 415w, https:\/\/kommentatorenblog.de\/wp-content\/uploads\/2020\/09\/shure-55sh-ii-e1601485394796-142x300.jpg 142w\" sizes=\"auto, (max-width: 10px) 100vw, 10px\" \/> David Ploch<\/p>\n\n\n\n<p><span style=\"text-decoration: underline;\">Montag, 10. Januar 2022<\/span><\/p>\n\n\n\n<p><strong><em>Manchester United <strong><em>\u2013<\/em><\/strong> Aston Villa (20.55Uhr)<\/em><\/strong><\/p>\n\n\n\n<p><img loading=\"lazy\" decoding=\"async\" width=\"10\" height=\"21\" class=\"wp-image-3656\" style=\"width: 10px;\" src=\"http:\/\/kommentatorenblog.de\/wp-content\/uploads\/2020\/09\/shure-55sh-ii-e1601485394796.jpg\" alt=\"\" srcset=\"https:\/\/kommentatorenblog.de\/wp-content\/uploads\/2020\/09\/shure-55sh-ii-e1601485394796.jpg 415w, https:\/\/kommentatorenblog.de\/wp-content\/uploads\/2020\/09\/shure-55sh-ii-e1601485394796-142x300.jpg 142w\" sizes=\"auto, (max-width: 10px) 100vw, 10px\" \/> Tom Kirsten, Experte: Sebastian Knei\u00dfl<\/p>\n\n\n\n<hr class=\"wp-block-separator\"\/>\n\n\n\n<p><strong>La Liga, 20. Spieltag (DAZN)<\/strong><\/p>\n\n\n\n<p><span style=\"text-decoration: underline;\">Samstag, 08. Januar 2022<\/span><\/p>\n\n\n\n<p><strong><em>FC Granada \u2013 FC Barcelona (18.30 Uhr)<\/em><\/strong><\/p>\n\n\n\n<p><img loading=\"lazy\" decoding=\"async\" width=\"10\" height=\"21\" class=\"wp-image-3656\" style=\"width: 10px;\" src=\"http:\/\/kommentatorenblog.de\/wp-content\/uploads\/2020\/09\/shure-55sh-ii-e1601485394796.jpg\" alt=\"\" srcset=\"https:\/\/kommentatorenblog.de\/wp-content\/uploads\/2020\/09\/shure-55sh-ii-e1601485394796.jpg 415w, https:\/\/kommentatorenblog.de\/wp-content\/uploads\/2020\/09\/shure-55sh-ii-e1601485394796-142x300.jpg 142w\" sizes=\"auto, (max-width: 10px) 100vw, 10px\" \/> Michael Born<\/p>\n\n\n\n<p><strong><em>Real Madrid \u2013 FC Valencia (21.00 Uhr)<\/em><\/strong><\/p>\n\n\n\n<p><img loading=\"lazy\" decoding=\"async\" width=\"10\" height=\"21\" class=\"wp-image-3656\" style=\"width: 10px;\" src=\"http:\/\/kommentatorenblog.de\/wp-content\/uploads\/2020\/09\/shure-55sh-ii-e1601485394796.jpg\" alt=\"\" srcset=\"https:\/\/kommentatorenblog.de\/wp-content\/uploads\/2020\/09\/shure-55sh-ii-e1601485394796.jpg 415w, https:\/\/kommentatorenblog.de\/wp-content\/uploads\/2020\/09\/shure-55sh-ii-e1601485394796-142x300.jpg 142w\" sizes=\"auto, (max-width: 10px) 100vw, 10px\" \/> Jan Platte, Experte: Benny Lauth<\/p>\n\n\n\n<p><span style=\"text-decoration: underline;\">Sonntag, 09. Januar 2022<\/span> <\/p>\n\n\n\n<p><strong><em>Rayo Vallecano \u2013 Real Betis Sevilla (14.00 Uhr)<\/em><\/strong><\/p>\n\n\n\n<p><img loading=\"lazy\" decoding=\"async\" width=\"10\" height=\"21\" class=\"wp-image-3656\" style=\"width: 10px;\" src=\"http:\/\/kommentatorenblog.de\/wp-content\/uploads\/2020\/09\/shure-55sh-ii-e1601485394796.jpg\" alt=\"\" srcset=\"https:\/\/kommentatorenblog.de\/wp-content\/uploads\/2020\/09\/shure-55sh-ii-e1601485394796.jpg 415w, https:\/\/kommentatorenblog.de\/wp-content\/uploads\/2020\/09\/shure-55sh-ii-e1601485394796-142x300.jpg 142w\" sizes=\"auto, (max-width: 10px) 100vw, 10px\" \/> Tobi Fischbeck<\/p>\n\n\n\n<p><strong><em>FC Sevilla \u2013 FC Getafe (16.15 Uhr)<\/em><\/strong><\/p>\n\n\n\n<p><img loading=\"lazy\" decoding=\"async\" width=\"10\" height=\"21\" class=\"wp-image-3656\" style=\"width: 10px;\" src=\"http:\/\/kommentatorenblog.de\/wp-content\/uploads\/2020\/09\/shure-55sh-ii-e1601485394796.jpg\" alt=\"\" srcset=\"https:\/\/kommentatorenblog.de\/wp-content\/uploads\/2020\/09\/shure-55sh-ii-e1601485394796.jpg 415w, https:\/\/kommentatorenblog.de\/wp-content\/uploads\/2020\/09\/shure-55sh-ii-e1601485394796-142x300.jpg 142w\" sizes=\"auto, (max-width: 10px) 100vw, 10px\" \/> Michael Seyberth<\/p>\n\n\n\n<p><strong><em>FC Villarreal \u2013 Atletico Madrid (21.00 Uhr)<\/em><\/strong><\/p>\n\n\n\n<p><img loading=\"lazy\" decoding=\"async\" width=\"10\" height=\"21\" class=\"wp-image-3656\" style=\"width: 10px;\" src=\"http:\/\/kommentatorenblog.de\/wp-content\/uploads\/2020\/09\/shure-55sh-ii-e1601485394796.jpg\" alt=\"\" srcset=\"https:\/\/kommentatorenblog.de\/wp-content\/uploads\/2020\/09\/shure-55sh-ii-e1601485394796.jpg 415w, https:\/\/kommentatorenblog.de\/wp-content\/uploads\/2020\/09\/shure-55sh-ii-e1601485394796-142x300.jpg 142w\" sizes=\"auto, (max-width: 10px) 100vw, 10px\" \/> Matthias Naebers<\/p>\n\n\n\n<hr class=\"wp-block-separator\"\/>\n\n\n\n<p><strong>Serie A, 21. Spieltag (DAZN) <\/strong><\/p>\n\n\n\n<p><span style=\"text-decoration: underline;\">Sonntag, 09. Januar 2022<\/span> <\/p>\n\n\n\n<p><strong><em>FC Venedig \u2013 AC Mailand (12.30 Uhr)<\/em><\/strong> <\/p>\n\n\n\n<p><img loading=\"lazy\" decoding=\"async\" width=\"10\" height=\"21\" class=\"wp-image-3656\" style=\"width: 10px;\" src=\"http:\/\/kommentatorenblog.de\/wp-content\/uploads\/2020\/09\/shure-55sh-ii-e1601485394796.jpg\" alt=\"\" srcset=\"https:\/\/kommentatorenblog.de\/wp-content\/uploads\/2020\/09\/shure-55sh-ii-e1601485394796.jpg 415w, https:\/\/kommentatorenblog.de\/wp-content\/uploads\/2020\/09\/shure-55sh-ii-e1601485394796-142x300.jpg 142w\" sizes=\"auto, (max-width: 10px) 100vw, 10px\" \/> Claus M\u00fcller<\/p>\n\n\n\n<p><strong><em>SSC Neapel \u2013 Sampdoria Genua (16.30 Uhr)<\/em><\/strong> <\/p>\n\n\n\n<p><img loading=\"lazy\" decoding=\"async\" width=\"10\" height=\"21\" class=\"wp-image-3656\" style=\"width: 10px;\" src=\"http:\/\/kommentatorenblog.de\/wp-content\/uploads\/2020\/09\/shure-55sh-ii-e1601485394796.jpg\" alt=\"\" srcset=\"https:\/\/kommentatorenblog.de\/wp-content\/uploads\/2020\/09\/shure-55sh-ii-e1601485394796.jpg 415w, https:\/\/kommentatorenblog.de\/wp-content\/uploads\/2020\/09\/shure-55sh-ii-e1601485394796-142x300.jpg 142w\" sizes=\"auto, (max-width: 10px) 100vw, 10px\" \/> Andreas Renner<\/p>\n\n\n\n<p><strong><em>Udinese Calcio \u2013 Atalanta Bergamo (16.30 Uhr)<\/em><\/strong> <\/p>\n\n\n\n<p><img loading=\"lazy\" decoding=\"async\" width=\"10\" height=\"21\" class=\"wp-image-3656\" style=\"width: 10px;\" src=\"http:\/\/kommentatorenblog.de\/wp-content\/uploads\/2020\/09\/shure-55sh-ii-e1601485394796.jpg\" alt=\"\" srcset=\"https:\/\/kommentatorenblog.de\/wp-content\/uploads\/2020\/09\/shure-55sh-ii-e1601485394796.jpg 415w, https:\/\/kommentatorenblog.de\/wp-content\/uploads\/2020\/09\/shure-55sh-ii-e1601485394796-142x300.jpg 142w\" sizes=\"auto, (max-width: 10px) 100vw, 10px\" \/> Oliver Fa\u00dfnacht<\/p>\n\n\n\n<p><strong><em>AS Rom \u2013 Juventus Turin (18.30 Uhr)<\/em><\/strong> <\/p>\n\n\n\n<p><img loading=\"lazy\" decoding=\"async\" width=\"10\" height=\"21\" class=\"wp-image-3656\" style=\"width: 10px;\" src=\"http:\/\/kommentatorenblog.de\/wp-content\/uploads\/2020\/09\/shure-55sh-ii-e1601485394796.jpg\" alt=\"\" srcset=\"https:\/\/kommentatorenblog.de\/wp-content\/uploads\/2020\/09\/shure-55sh-ii-e1601485394796.jpg 415w, https:\/\/kommentatorenblog.de\/wp-content\/uploads\/2020\/09\/shure-55sh-ii-e1601485394796-142x300.jpg 142w\" sizes=\"auto, (max-width: 10px) 100vw, 10px\" \/> Uwe Morawe, Experte Michi Hofmann<\/p>\n\n\n\n<p><strong><em>Inter Mailand \u2013 Lazio Rom (20.45 Uhr)<\/em><\/strong> <\/p>\n\n\n\n<p><img loading=\"lazy\" decoding=\"async\" width=\"10\" height=\"21\" class=\"wp-image-3656\" style=\"width: 10px;\" src=\"http:\/\/kommentatorenblog.de\/wp-content\/uploads\/2020\/09\/shure-55sh-ii-e1601485394796.jpg\" alt=\"\" srcset=\"https:\/\/kommentatorenblog.de\/wp-content\/uploads\/2020\/09\/shure-55sh-ii-e1601485394796.jpg 415w, https:\/\/kommentatorenblog.de\/wp-content\/uploads\/2020\/09\/shure-55sh-ii-e1601485394796-142x300.jpg 142w\" sizes=\"auto, (max-width: 10px) 100vw, 10px\" \/> Carsten Fu\u00df, Experte: Christian Bernhard<\/p>\n\n\n\n<hr class=\"wp-block-separator\"\/>\n\n\n\n<p><strong>Ligue 1 (DAZN)<\/strong><\/p>\n\n\n\n<p><span style=\"text-decoration: underline;\">Freitag, 07. Januar 2022<\/span> <\/p>\n\n\n\n<p><strong><em>Girondins Bordeaux \u2013 Olympique Marseille (21.00 Uhr)<\/em><\/strong><\/p>\n\n\n\n<p><img loading=\"lazy\" decoding=\"async\" width=\"10\" height=\"21\" class=\"wp-image-3656\" style=\"width: 10px;\" src=\"http:\/\/kommentatorenblog.de\/wp-content\/uploads\/2020\/09\/shure-55sh-ii-e1601485394796.jpg\" alt=\"\" srcset=\"https:\/\/kommentatorenblog.de\/wp-content\/uploads\/2020\/09\/shure-55sh-ii-e1601485394796.jpg 415w, https:\/\/kommentatorenblog.de\/wp-content\/uploads\/2020\/09\/shure-55sh-ii-e1601485394796-142x300.jpg 142w\" sizes=\"auto, (max-width: 10px) 100vw, 10px\" \/> Chris Putz<\/p>\n\n\n\n<p><span style=\"text-decoration: underline;\">Sonntag, <span style=\"text-decoration: underline;\">09. Januar <\/span>2022<\/span> <\/p>\n\n\n\n<p><strong><em><strong>Olympique Lyon<\/strong> \u2013 Paris Saint- Germain (21.15 Uhr)<\/em><\/strong><\/p>\n\n\n\n<p><img loading=\"lazy\" decoding=\"async\" width=\"10\" height=\"21\" class=\"wp-image-3656\" style=\"width: 10px;\" src=\"http:\/\/kommentatorenblog.de\/wp-content\/uploads\/2020\/09\/shure-55sh-ii-e1601485394796.jpg\" alt=\"\" srcset=\"https:\/\/kommentatorenblog.de\/wp-content\/uploads\/2020\/09\/shure-55sh-ii-e1601485394796.jpg 415w, https:\/\/kommentatorenblog.de\/wp-content\/uploads\/2020\/09\/shure-55sh-ii-e1601485394796-142x300.jpg 142w\" sizes=\"auto, (max-width: 10px) 100vw, 10px\" \/> Stefan Galler, Experte: Alexis Menuge<\/p>\n\n\n\n<hr class=\"wp-block-separator\"\/>\n\n\n\n<p><strong>Afrika-Cup, 1.Spieltag (Sportdigital FUSSBALL)<\/strong><\/p>\n\n\n\n<p><span style=\"text-decoration: underline;\">Sonntag, 09. Januar 2022<\/span> <\/p>\n\n\n\n<p><strong><em>Kamerun <strong><em>\u2013<\/em><\/strong> Burkina Faso (17.00 Uhr)<\/em><\/strong><\/p>\n\n\n\n<p><img loading=\"lazy\" decoding=\"async\" width=\"10\" height=\"21\" class=\"wp-image-3656\" style=\"width: 10px;\" src=\"http:\/\/kommentatorenblog.de\/wp-content\/uploads\/2020\/09\/shure-55sh-ii-e1601485394796.jpg\" alt=\"\" srcset=\"https:\/\/kommentatorenblog.de\/wp-content\/uploads\/2020\/09\/shure-55sh-ii-e1601485394796.jpg 415w, https:\/\/kommentatorenblog.de\/wp-content\/uploads\/2020\/09\/shure-55sh-ii-e1601485394796-142x300.jpg 142w\" sizes=\"auto, (max-width: 10px) 100vw, 10px\" \/> Karsten Linke<\/p>\n\n\n\n<p><strong><em>\u00c4thiopien <strong><em>\u2013<\/em><\/strong> Kap Verde (20.00 Uhr)<\/em><\/strong><\/p>\n\n\n\n<p><img loading=\"lazy\" decoding=\"async\" width=\"10\" height=\"21\" class=\"wp-image-3656\" style=\"width: 10px;\" src=\"http:\/\/kommentatorenblog.de\/wp-content\/uploads\/2020\/09\/shure-55sh-ii-e1601485394796.jpg\" alt=\"\" srcset=\"https:\/\/kommentatorenblog.de\/wp-content\/uploads\/2020\/09\/shure-55sh-ii-e1601485394796.jpg 415w, https:\/\/kommentatorenblog.de\/wp-content\/uploads\/2020\/09\/shure-55sh-ii-e1601485394796-142x300.jpg 142w\" sizes=\"auto, (max-width: 10px) 100vw, 10px\" \/> Christian Blunck<\/p>\n\n\n\n<p><span style=\"text-decoration: underline;\">Montag, 10. Januar 2022<\/span> <\/p>\n\n\n\n<p><strong><em>Senegal <strong><em>\u2013<\/em><\/strong> Simbabwe (14.00 Uhr)<\/em><\/strong><\/p>\n\n\n\n<p><img loading=\"lazy\" decoding=\"async\" width=\"10\" height=\"21\" class=\"wp-image-3656\" style=\"width: 10px;\" src=\"http:\/\/kommentatorenblog.de\/wp-content\/uploads\/2020\/09\/shure-55sh-ii-e1601485394796.jpg\" alt=\"\" srcset=\"https:\/\/kommentatorenblog.de\/wp-content\/uploads\/2020\/09\/shure-55sh-ii-e1601485394796.jpg 415w, https:\/\/kommentatorenblog.de\/wp-content\/uploads\/2020\/09\/shure-55sh-ii-e1601485394796-142x300.jpg 142w\" sizes=\"auto, (max-width: 10px) 100vw, 10px\" \/> Hannes Herrmann<\/p>\n\n\n\n<p><strong><em>Marokko <strong><em>\u2013<\/em><\/strong> Ghana (17.00 Uhr)<\/em><\/strong><\/p>\n\n\n\n<p><img loading=\"lazy\" decoding=\"async\" width=\"10\" height=\"21\" class=\"wp-image-3656\" style=\"width: 10px;\" src=\"http:\/\/kommentatorenblog.de\/wp-content\/uploads\/2020\/09\/shure-55sh-ii-e1601485394796.jpg\" alt=\"\" srcset=\"https:\/\/kommentatorenblog.de\/wp-content\/uploads\/2020\/09\/shure-55sh-ii-e1601485394796.jpg 415w, https:\/\/kommentatorenblog.de\/wp-content\/uploads\/2020\/09\/shure-55sh-ii-e1601485394796-142x300.jpg 142w\" sizes=\"auto, (max-width: 10px) 100vw, 10px\" \/> Collin Nagel<\/p>\n\n\n\n<p><strong><em>Guinea <strong><em>\u2013<\/em><\/strong> Malawi (17.00 Uhr)<\/em><\/strong><\/p>\n\n\n\n<p><img loading=\"lazy\" decoding=\"async\" width=\"10\" height=\"21\" class=\"wp-image-3656\" style=\"width: 10px;\" src=\"http:\/\/kommentatorenblog.de\/wp-content\/uploads\/2020\/09\/shure-55sh-ii-e1601485394796.jpg\" alt=\"\" srcset=\"https:\/\/kommentatorenblog.de\/wp-content\/uploads\/2020\/09\/shure-55sh-ii-e1601485394796.jpg 415w, https:\/\/kommentatorenblog.de\/wp-content\/uploads\/2020\/09\/shure-55sh-ii-e1601485394796-142x300.jpg 142w\" sizes=\"auto, (max-width: 10px) 100vw, 10px\" \/> Martin Hahn<\/p>\n\n\n\n<p><strong><em>Komoren <strong><em>\u2013<\/em><\/strong> Gabun (20.00 Uhr)<\/em><\/strong><\/p>\n\n\n\n<p><img loading=\"lazy\" decoding=\"async\" width=\"10\" height=\"21\" class=\"wp-image-3656\" style=\"width: 10px;\" src=\"http:\/\/kommentatorenblog.de\/wp-content\/uploads\/2020\/09\/shure-55sh-ii-e1601485394796.jpg\" alt=\"\" srcset=\"https:\/\/kommentatorenblog.de\/wp-content\/uploads\/2020\/09\/shure-55sh-ii-e1601485394796.jpg 415w, https:\/\/kommentatorenblog.de\/wp-content\/uploads\/2020\/09\/shure-55sh-ii-e1601485394796-142x300.jpg 142w\" sizes=\"auto, (max-width: 10px) 100vw, 10px\" \/> Jonathan Dreier<\/p>\n\n\n\n<hr class=\"wp-block-separator\"\/>\n\n\n\n<p><strong>Internationaler Fussball (Sportdigital FUSSBALL) <\/strong> <\/p>\n\n\n\n<p><span style=\"text-decoration: underline;\">Freitag, 07. Januar 2022<\/span>  <\/p>\n\n\n\n<p>Primeira Liga, 17. Spieltag: <strong><em>CD Santa Clara  <strong><em><strong><em>\u2013<\/em><\/strong> <\/em><\/strong> Sporting Lissabon<\/em><\/strong> <strong><em>(19.30 Uhr)<\/em><\/strong><\/p>\n\n\n\n<p><img loading=\"lazy\" decoding=\"async\" width=\"10\" height=\"21\" class=\"wp-image-3656\" style=\"width: 10px;\" src=\"http:\/\/kommentatorenblog.de\/wp-content\/uploads\/2020\/09\/shure-55sh-ii-e1601485394796.jpg\" alt=\"\" srcset=\"https:\/\/kommentatorenblog.de\/wp-content\/uploads\/2020\/09\/shure-55sh-ii-e1601485394796.jpg 415w, https:\/\/kommentatorenblog.de\/wp-content\/uploads\/2020\/09\/shure-55sh-ii-e1601485394796-142x300.jpg 142w\" sizes=\"auto, (max-width: 10px) 100vw, 10px\" \/> Marcus Radefeld<\/p>\n\n\n\n<p><span style=\"text-decoration: underline;\">Samstag, 08. Januar 2022<\/span> <\/p>\n\n\n\n<p>A-League, 9. Spieltag: <strong><em>Melbourne Victory  <strong><em><strong><em>\u2013<\/em><\/strong> <\/em><\/strong> Adelaide United (09.45 Uhr)<\/em><\/strong><\/p>\n\n\n\n<p><img loading=\"lazy\" decoding=\"async\" width=\"10\" height=\"21\" class=\"wp-image-3656\" style=\"width: 10px;\" src=\"http:\/\/kommentatorenblog.de\/wp-content\/uploads\/2020\/09\/shure-55sh-ii-e1601485394796.jpg\" alt=\"\" srcset=\"https:\/\/kommentatorenblog.de\/wp-content\/uploads\/2020\/09\/shure-55sh-ii-e1601485394796.jpg 415w, https:\/\/kommentatorenblog.de\/wp-content\/uploads\/2020\/09\/shure-55sh-ii-e1601485394796-142x300.jpg 142w\" sizes=\"auto, (max-width: 10px) 100vw, 10px\" \/> Ulf Kahmke<\/p>\n\n\n\n<p>Primeira Liga, 17. Spieltag: <strong><em>GD Estoril Praia  <strong><em><strong><em>\u2013<\/em><\/strong> <\/em><\/strong> FC Porto (19.00 Uhr)<\/em><\/strong><\/p>\n\n\n\n<p><img loading=\"lazy\" decoding=\"async\" width=\"10\" height=\"21\" class=\"wp-image-3656\" style=\"width: 10px;\" src=\"http:\/\/kommentatorenblog.de\/wp-content\/uploads\/2020\/09\/shure-55sh-ii-e1601485394796.jpg\" alt=\"\" srcset=\"https:\/\/kommentatorenblog.de\/wp-content\/uploads\/2020\/09\/shure-55sh-ii-e1601485394796.jpg 415w, https:\/\/kommentatorenblog.de\/wp-content\/uploads\/2020\/09\/shure-55sh-ii-e1601485394796-142x300.jpg 142w\" sizes=\"auto, (max-width: 10px) 100vw, 10px\" \/> Karsten Linke<\/p>\n\n\n\n<p><span style=\"text-decoration: underline;\">Sonntag, 09. Januar 2022<\/span> <\/p>\n\n\n\n<p>Primeira Liga, 17. Spieltag: <strong><em>Benfica Lissabon  <strong><em><strong><em>\u2013<\/em><\/strong> <\/em><\/strong> Pacos de Ferreira<\/em><\/strong> <strong><em>(19.00 Uhr)<\/em><\/strong><\/p>\n\n\n\n<p><img loading=\"lazy\" decoding=\"async\" width=\"10\" height=\"21\" class=\"wp-image-3656\" style=\"width: 10px;\" src=\"http:\/\/kommentatorenblog.de\/wp-content\/uploads\/2020\/09\/shure-55sh-ii-e1601485394796.jpg\" alt=\"\" srcset=\"https:\/\/kommentatorenblog.de\/wp-content\/uploads\/2020\/09\/shure-55sh-ii-e1601485394796.jpg 415w, https:\/\/kommentatorenblog.de\/wp-content\/uploads\/2020\/09\/shure-55sh-ii-e1601485394796-142x300.jpg 142w\" sizes=\"auto, (max-width: 10px) 100vw, 10px\" \/> J\u00f6rg Steiger<\/p>\n\n\n\n<hr class=\"wp-block-separator\"\/>\n\n\n\n<p><strong>Die Analyse<\/strong><\/p>\n\n\n\n<p><strong>Viel los in M\u00fcnchen<\/strong><\/p>\n\n\n\n<p>Wie bereits im Vorwort angesprochen, er\u00f6ffnen die Bayern den 18. Spieltag und damit den R\u00fcckrundenauftakt in die Saison 2021\/22. Dabei werden die M\u00fcnchner am Freitagabend die Gladbacher in der Allianz Arena empfangen. Bei DAZN wird man sich zu Jahresbeginn komplett aus der Arena in M\u00fcnchen melden, selbiges gilt auch bei Sat 1. Deren Crew hat dabei keinerlei \u00dcberraschungen: Wie bereits bei den ersten beiden Bundesliga- Spielen wird Wolff Fuss kommentieren und Matthias Opdenh\u00f6vel die Moderation \u00fcbernehmen, ihnen steht dabei Stefan Kuntz als Experte zur Seite. Es hat sich hier also bei Sat 1 nichts ge\u00e4ndert, was auch nicht anders zu erwarten war. Die einzige Ver\u00e4nderung gibt es bei den Interviews: Hier darf nun, wie bereits zu Saisonbeginn, Andrea Kaiser ran und ersetzt damit Matthias Killing. Bei DAZN wird das beliebte Duo aus Jan Platte und Sandro Wagner zu h\u00f6ren sein. Die Moderation \u00fcbernimmt aus dem Stadion Alex Schl\u00fcter und Daniel Herzog geht wie bereits vor Weihnachten auf Stimmenfang in der Allianz Arena.<\/p>\n\n\n\n<p>Am Samstag kehrt dann auch Sky mit Bundesliga Live-Berichterstattung zur\u00fcck. Ab 14Uhr melden sich Michael Leopold und Didi Hamann aus dem Studio. Bei den Einzelspielen geht unser erster Blick nach Leverkusen. Nach einigen Monaten Pause kehrt Marcus Lindemann zur\u00fcck ins Geschehen und meldet sich aus der Bay-Arena, mit im Schlepptau hat er Ulli Potofski. Oliver Seidler hat sich in dieser Saison in zwei Stadien heimisch gemacht, sowohl in Wolfsburg als auch Leipzig ist er sehr oft unterwegs. So ist er auch an diesem Wochenende in der Red-Bull Arena, Jens Westen f\u00fchrt hier die Interviews. In Freiburg w\u00e4re urspr\u00fcnglich Martin Gro\u00df zum Einsatz gekommen, stattdessen ist es nun J\u00fcrgen Schmitz der im Breisgau kommentiert. Keine \u00dcberraschungen gibt es auf der Kommentatoren-Position mit Klaus Veltman und Jonas Friedrich in Sinsheim bzw. F\u00fcrth. Auf dem Posten des Field-Reporters kommt Karsten Petrzika allerdings etwas \u00fcberraschend daher.<\/p>\n\n\n\n<p>In der Konferenz setzt Sky zum Jahresbeginn auf ne tolle Runde. Die Lauschangriff-Hosts Frank Buschmann und Florian Schmidt-Sommerfeld sind auch wieder dabei. Buschi \u00fcbernimmt die entt\u00e4uschenden Leipziger gegen die starken Mainzer und Schmiso auf Leverkusen gegen Union. Kai Dittmann \u00fcbernimmt die TSG &#8211; nachdem er sie am letzten Spieltag noch einzeln kommentierte nun in der Konferenz. Es Komplettieren Markus G\u00f6tz und Roland Evers.<\/p>\n\n\n\n<p>Beim Topspiel darf dann auch im Jahre 2022 die gewohnte Crew ran. Wolff Fuss reist nach dem Freitagspiel aus M\u00fcnchen nach Frankfurt, wo dann Sebastian Hellmann, Lothar Matth\u00e4us und Patrick Wasserziehr auf ihn warten.<\/p>\n\n\n\n<p>Am Sonntag meldet sich DAZN auch ein zweites Mal aus dem Stadion zur Partie zwischen der Hertha und K\u00f6ln. Bereits das Hinspiel \u00fcbertrug DAZN ja bereits aus dem Stadion. Kommentator in Berlin wird Uli Hebel sein, an seiner Seite als Experte ist &#8211; wie beim Hinspiel &#8211; Sebastian Knei\u00dfl. Die Moderation wird Tobi Wahnschaffe \u00fcbernehmen &#8211; soweit wir nichts \u00fcberblicken seine erste Stadionmoderation bei einem Bundesligaspiel. Freddy Harder geht auf Stimmenfang in der Hauptstadt.<\/p>\n\n\n\n<p>Beim sp\u00e4ten Spiel zwischen Bochum und Wolfsburg meldet sich DAZN dann mal wieder aus der Box. Sebastian Benesch und Benny Lauth melden sich aus dieser ab 17Uhr, kommentieren wird dann Michael Born. Auf Stimmenfang geht &#8222;tief im Westen&#8220; Mario Rieker.<\/p>\n\n\n\n<p><strong>Ordentlich was los bei DAZN<\/strong><\/p>\n\n\n\n<p>Keine 2.Bundesliga und 3.Liga, doch bei DAZN ist neben den drei Bundesliga- Spielen an diesem Wochenende ordentlich was los. Da die Premier League (l\u00e4uft bei Sky) dieses Wochenende f\u00fcr den FA Cup (l\u00e4uft bei DAZN) pausiert, hat DAZN ein paar Spiele mehr als sonst und somit auch mehr Kommentatoren zum Einsatz kommen.<\/p>\n\n\n\n<p>Los geht es mit dem FA Cup am Freitag und Flo Hauser am Mikrofon. Am Samstag kommt neben Seufert und Seepe auch Alex Schl\u00fcter zum Einsatz. Der Lead-In Vision also mit einem seiner seltenen Eins\u00e4tze als Kommentator. Sonntag kommen u.a. Max Siebald und David Ploch zum Einsatz,  am Montag darf dann Tom Kirsten mit Sebastian Knei\u00dfl ran. <\/p>\n\n\n\n<p>In der Spanien, Italien und Frankreich l\u00e4uft alles wie gewohnt, mit Benny Lauth, Michi Hofmann, Alexis Menuge und Christian Bernhard sind auch die \u00fcblichen Verd\u00e4chtigen als Experten im Einsatz.<\/p>\n\n\n\n<p><strong>Start des Afrika-Cups<\/strong><\/p>\n\n\n\n<p>Auch interessant wird ein &#8211; aus meiner (Nico) Sicht &#8211; absolut interessantes Turnier, welches wir auf Sportdigital zu sehen bekommen. Der Afrika Cup startet am Sonntag und jedes Spiel live bei Sportdigital FUSSBALL zu sehen sein. Den Auftakt macht Kamerun gefen Burkina Faso, Karsten Linke \u00fcbernimmt die Geschichte. Ansonsten werden bis einschlie\u00dflich Montag auch noch weitere Kommentatoren zum Einsatz.<\/p>\n\n\n\n<p>Bis dahin, habt eine sch\u00f6nes erstes Bundesligawochenende 2022 und bleibt gesund!<\/p>\n","protected":false},"excerpt":{"rendered":"<p>N\u00b4Abend allerseits, Update Ein kleines Update zu den Spielen unter der kommenden Woche. Mit dabei Nachholspiele in der Premier League, Pokal in England und Italien und der Afrika- Cup. Premier League- Nachholspiele (Sky) Dienstag, 11. Januar 2022 FC Southampton \u2013 FC Brentford (20.45 Uhr) Thomas Wagner FC Everton \u2013 Leicester City (21.00 Uhr) Sven Schr\u00f6ter [&hellip;]<\/p>\n","protected":false},"author":11,"featured_media":0,"comment_status":"open","ping_status":"open","sticky":false,"template":"","format":"standard","meta":{"footnotes":""},"categories":[424],"tags":[49,153,583,166,131,499,234,212,165,13,30,392,132,89,61,295,155,48,69,93,91,585,53,276,112,243,126,95,223,101,279,114,88,634,191,665,113,94,45,301,350,189,22,154,549,152,252,200,105,289,149,107],"class_list":["post-11489","post","type-post","status-publish","format-standard","hentry","category-bundesliga-und-co","tag-alex-schlueter","tag-alexis-menuge","tag-andrea-kaiser","tag-benny-lauth","tag-carsten-fuss","tag-chris-putz","tag-claus-mueller","tag-daniel-herzog","tag-david-ploch","tag-dazn","tag-didi-hamann","tag-dirk-grosse-schlarmann","tag-flo-hauser","tag-florian-schmidt-sommerfeld","tag-frank-buschmann","tag-freddy-harder","tag-guido-huesgen","tag-jan-platte","tag-jonas-friedrich","tag-kai-dittmann","tag-karsten-petrzika","tag-katharina-kleinfeldt","tag-klaus-veltmann","tag-marcel-seufert","tag-marcus-lindemann","tag-mario-rieker","tag-markus-goetz","tag-martin-gross","tag-matthias-naebers","tag-matthias-opdenhoevel","tag-max-siebald","tag-michael-born","tag-michael-leopold","tag-michael-seyberth","tag-nico-seepe","tag-oliver-fassnacht-2","tag-oliver-seidler","tag-patrick-wasserziehr","tag-roland-evers","tag-ruben-zimmermann","tag-sandro-wagner","tag-sebastian-benesch","tag-sky","tag-stefan-galler","tag-stefan-kuntz","tag-tobi-fischbeck","tag-tobi-wahnschaffe","tag-tom-kirsten","tag-uli-hebel","tag-ulli-potofski","tag-uwe-morawe","tag-wolff-fuss"],"_links":{"self":[{"href":"https:\/\/kommentatorenblog.de\/index.php?rest_route=\/wp\/v2\/posts\/11489","targetHints":{"allow":["GET"]}}],"collection":[{"href":"https:\/\/kommentatorenblog.de\/index.php?rest_route=\/wp\/v2\/posts"}],"about":[{"href":"https:\/\/kommentatorenblog.de\/index.php?rest_route=\/wp\/v2\/types\/post"}],"author":[{"embeddable":true,"href":"https:\/\/kommentatorenblog.de\/index.php?rest_route=\/wp\/v2\/users\/11"}],"replies":[{"embeddable":true,"href":"https:\/\/kommentatorenblog.de\/index.php?rest_route=%2Fwp%2Fv2%2Fcomments&post=11489"}],"version-history":[{"count":22,"href":"https:\/\/kommentatorenblog.de\/index.php?rest_route=\/wp\/v2\/posts\/11489\/revisions"}],"predecessor-version":[{"id":11586,"href":"https:\/\/kommentatorenblog.de\/index.php?rest_route=\/wp\/v2\/posts\/11489\/revisions\/11586"}],"wp:attachment":[{"href":"https:\/\/kommentatorenblog.de\/index.php?rest_route=%2Fwp%2Fv2%2Fmedia&parent=11489"}],"wp:term":[{"taxonomy":"category","embeddable":true,"href":"https:\/\/kommentatorenblog.de\/index.php?rest_route=%2Fwp%2Fv2%2Fcategories&post=11489"},{"taxonomy":"post_tag","embeddable":true,"href":"https:\/\/kommentatorenblog.de\/index.php?rest_route=%2Fwp%2Fv2%2Ftags&post=11489"}],"curies":[{"name":"wp","href":"https:\/\/api.w.org\/{rel}","templated":true}]}}