{"id":11542,"date":"2022-01-17T18:42:53","date_gmt":"2022-01-17T16:42:53","guid":{"rendered":"http:\/\/kommentatorenblog.de\/?p=11542"},"modified":"2022-01-20T07:24:52","modified_gmt":"2022-01-20T05:24:52","slug":"1226-pokalzeit-auch-international","status":"publish","type":"post","link":"https:\/\/kommentatorenblog.de\/?p=11542","title":{"rendered":"1226 &#8211; Pokalzeit \u2013 auch International"},"content":{"rendered":"<p>N\u2018Abend allerseits,<\/p>\n<p>nicht nur in Deutschland finden unter der Woche Pokalspiele statt, auch in Spanien und Italien wird in der Copa del Rey bzw. Coppa Italia gespielt. Gesucht wird au\u00dferdem der zweite Finalist neben dem FC Chelsea im Carabao Cup Finale. Arsenal und Liverpool duellieren sich. Und es gibt noch Nachholspiele aus der Premier League und LaLiga und nat\u00fcrlich l\u00e4uft auch weiterhin der Afrika-Cup live bei Sportdigital FUSSBALL. Das ist also unser Programm von Dienstag bis Donnerstag.&nbsp;<\/p>\n<p>Also legen wir gleich los mit den Ansetzungen und starten mit denen die das DFB-Pokal Achtelfinale betreffen.&nbsp;<\/p>\n\n\n<hr class=\"wp-block-separator\"\/>\n\n\n\n<p><strong><em>Die Ansetzungen vom 18. Januar bis zum 20. Januar 2022<\/em><\/strong><\/p>\n\n\n\n<p><strong>DFB-Pokal, Achtelfinale<\/strong> <strong>(Sky\/ARD\/Sport1)<\/strong> <\/p>\n\n\n\n<p><span style=\"text-decoration: underline;\">Dienstag, 18. Januar 2022, ab 17.00 Uhr (Sport1) \/ ab 18.00 Uhr (Sky)<\/span><\/p>\n\n\n\n<p><strong><em>1. FC K\u00f6ln <strong><em><strong><em>\u2013<\/em><\/strong><\/em><\/strong> Hamburger SV (18.30 Uhr)<\/em><\/strong><\/p>\n\n\n\n<p>Sport1: <img loading=\"lazy\" decoding=\"async\" width=\"10\" height=\"21\" class=\"wp-image-3656\" style=\"width: 10px;\" src=\"http:\/\/kommentatorenblog.de\/wp-content\/uploads\/2020\/09\/shure-55sh-ii-e1601485394796.jpg\" alt=\"\" srcset=\"https:\/\/kommentatorenblog.de\/wp-content\/uploads\/2020\/09\/shure-55sh-ii-e1601485394796.jpg 415w, https:\/\/kommentatorenblog.de\/wp-content\/uploads\/2020\/09\/shure-55sh-ii-e1601485394796-142x300.jpg 142w\" sizes=\"auto, (max-width: 10px) 100vw, 10px\" \/> Markus H\u00f6hner (Einzelspiel aus dem Stadion), Field-Reporter: Jochen Stutzky <\/p>\n\n\n\n<p>Sky: <img loading=\"lazy\" decoding=\"async\" width=\"10\" height=\"21\" class=\"wp-image-3656\" style=\"width: 10px;\" src=\"http:\/\/kommentatorenblog.de\/wp-content\/uploads\/2020\/09\/shure-55sh-ii-e1601485394796.jpg\" alt=\"\" srcset=\"https:\/\/kommentatorenblog.de\/wp-content\/uploads\/2020\/09\/shure-55sh-ii-e1601485394796.jpg 415w, https:\/\/kommentatorenblog.de\/wp-content\/uploads\/2020\/09\/shure-55sh-ii-e1601485394796-142x300.jpg 142w\" sizes=\"auto, (max-width: 10px) 100vw, 10px\" \/> Jonas Friedrich (Einzelspiel), Oliver Seidler (Konferenz), Field-Reporter: Sebastian Hellmann<\/p>\n\n\n\n<p>Moderation (Sport1): Thomas Helmer, Experte: Stefan Effenberg <\/p>\n\n\n\n<p><strong><em>1860 M\u00fcnchen <strong><em><strong><em>\u2013<\/em><\/strong><\/em><\/strong> Karlsruher SC (18.30 Uhr)<\/em><\/strong><\/p>\n\n\n\n<p><img loading=\"lazy\" decoding=\"async\" width=\"10\" height=\"21\" class=\"wp-image-3656\" style=\"width: 10px;\" src=\"http:\/\/kommentatorenblog.de\/wp-content\/uploads\/2020\/09\/shure-55sh-ii-e1601485394796.jpg\" alt=\"\" srcset=\"https:\/\/kommentatorenblog.de\/wp-content\/uploads\/2020\/09\/shure-55sh-ii-e1601485394796.jpg 415w, https:\/\/kommentatorenblog.de\/wp-content\/uploads\/2020\/09\/shure-55sh-ii-e1601485394796-142x300.jpg 142w\" sizes=\"auto, (max-width: 10px) 100vw, 10px\" \/> Toni Tomic (Einzelspiel aus dem Stadion), Frank Buschmann (Konferenz), Interviews: Schalte (und Toni Tomic) <\/p>\n\n\n\n<p><span style=\"text-decoration: underline;\">ab 20.15 Uhr (ARD) \/ ab 20.30 Uhr (Sky)<\/span><\/p>\n\n\n\n<p><strong><em>FC St. Pauli <strong><em><strong><em>\u2013<\/em><\/strong><\/em><\/strong> Borussia Dortmund (20.45 Uhr)<\/em><\/strong><\/p>\n\n\n\n<p>ARD: <img loading=\"lazy\" decoding=\"async\" width=\"10\" height=\"21\" class=\"wp-image-3656\" style=\"width: 10px;\" src=\"http:\/\/kommentatorenblog.de\/wp-content\/uploads\/2020\/09\/shure-55sh-ii-e1601485394796.jpg\" alt=\"\" srcset=\"https:\/\/kommentatorenblog.de\/wp-content\/uploads\/2020\/09\/shure-55sh-ii-e1601485394796.jpg 415w, https:\/\/kommentatorenblog.de\/wp-content\/uploads\/2020\/09\/shure-55sh-ii-e1601485394796-142x300.jpg 142w\" sizes=\"auto, (max-width: 10px) 100vw, 10px\" \/> Gerd Gottlob (Einzelspiel aus dem Stadion), Field-Reporter: Valeska Homburg<\/p>\n\n\n\n<p>Sky: <img loading=\"lazy\" decoding=\"async\" width=\"10\" height=\"21\" class=\"wp-image-3656\" style=\"width: 10px;\" src=\"http:\/\/kommentatorenblog.de\/wp-content\/uploads\/2020\/09\/shure-55sh-ii-e1601485394796.jpg\" alt=\"\" srcset=\"https:\/\/kommentatorenblog.de\/wp-content\/uploads\/2020\/09\/shure-55sh-ii-e1601485394796.jpg 415w, https:\/\/kommentatorenblog.de\/wp-content\/uploads\/2020\/09\/shure-55sh-ii-e1601485394796-142x300.jpg 142w\" sizes=\"auto, (max-width: 10px) 100vw, 10px\" \/> Wolff Fuss (Einzelspiel aus dem Stadion), Kai Dittmann (Konferenz), Field-Reporter: Patrick Wasserziehr<\/p>\n\n\n\n<p>Moderation (ARD): Alexander Bommes, Experte: Bastian Schweinsteiger<\/p>\n\n\n\n<p><span style=\"text-decoration: underline;\">ab 20.35 Uhr (Sky)<\/span> <\/p>\n\n\n\n<p><strong><em>VfL Bochum <strong><em><strong><em>\u2013<\/em><\/strong><\/em><\/strong> 1. FSV Mainz 05 (20.45 Uhr)<\/em><\/strong><\/p>\n\n\n\n<p><img loading=\"lazy\" decoding=\"async\" width=\"10\" height=\"21\" class=\"wp-image-3656\" style=\"width: 10px;\" src=\"http:\/\/kommentatorenblog.de\/wp-content\/uploads\/2020\/09\/shure-55sh-ii-e1601485394796.jpg\" alt=\"\" srcset=\"https:\/\/kommentatorenblog.de\/wp-content\/uploads\/2020\/09\/shure-55sh-ii-e1601485394796.jpg 415w, https:\/\/kommentatorenblog.de\/wp-content\/uploads\/2020\/09\/shure-55sh-ii-e1601485394796-142x300.jpg 142w\" sizes=\"auto, (max-width: 10px) 100vw, 10px\" \/> Roland Evers (Einzelspiel), Hansi K\u00fcpper (Konferenz), Interviews: Schalte <\/p>\n\n\n\n<p>Moderation am Dienstag (Sky): Michael Leopold<\/p>\n\n\n\n<p><span style=\"text-decoration: underline;\">Mittwoch, 19. Januar 2022, ab 18.00 Uhr (Sky)<\/span><\/p>\n\n\n\n<p><strong><em>Hannover 96 <strong><em><strong><em>\u2013<\/em><\/strong><\/em><\/strong> Borussia M&#8217;gladbach (18.30 Uhr)<\/em><\/strong><\/p>\n\n\n\n<p><img loading=\"lazy\" decoding=\"async\" width=\"10\" height=\"21\" class=\"wp-image-3656\" style=\"width: 10px;\" src=\"http:\/\/kommentatorenblog.de\/wp-content\/uploads\/2020\/09\/shure-55sh-ii-e1601485394796.jpg\" alt=\"\" srcset=\"https:\/\/kommentatorenblog.de\/wp-content\/uploads\/2020\/09\/shure-55sh-ii-e1601485394796.jpg 415w, https:\/\/kommentatorenblog.de\/wp-content\/uploads\/2020\/09\/shure-55sh-ii-e1601485394796-142x300.jpg 142w\" sizes=\"auto, (max-width: 10px) 100vw, 10px\" \/> Oliver Seidler (Einzelspiel aus dem Stadion), <s>Frank Buschmann<\/s> Marcel Meinert (Konferenz) Field-Reporter: Martin Gro\u00df<\/p>\n\n\n\n<p><strong><em>RB Leipzig <strong><em><strong><em>\u2013<\/em><\/strong><\/em><\/strong> Hansa Rostock (18.30 Uhr)<\/em><\/strong><\/p>\n\n\n\n<p><img loading=\"lazy\" decoding=\"async\" width=\"10\" height=\"21\" class=\"wp-image-3656\" style=\"width: 10px;\" src=\"http:\/\/kommentatorenblog.de\/wp-content\/uploads\/2020\/09\/shure-55sh-ii-e1601485394796.jpg\" alt=\"\" srcset=\"https:\/\/kommentatorenblog.de\/wp-content\/uploads\/2020\/09\/shure-55sh-ii-e1601485394796.jpg 415w, https:\/\/kommentatorenblog.de\/wp-content\/uploads\/2020\/09\/shure-55sh-ii-e1601485394796-142x300.jpg 142w\" sizes=\"auto, (max-width: 10px) 100vw, 10px\" \/> Hansi K\u00fcpper (Einzelspiel), Wolff Fuss (Konferenz), Interviews: Schalte <\/p>\n\n\n\n<p><span style=\"text-decoration: underline;\">ab 20.15 Uhr (ARD) \/ ab 20.30 Uhr (Sky)<\/span><\/p>\n\n\n\n<p><strong><em>Hertha BSC <strong><em><strong><em>\u2013<\/em><\/strong><\/em><\/strong> 1. FC Union Berlin (20.45 Uhr)<\/em><\/strong><\/p>\n\n\n\n<p>ARD: <img loading=\"lazy\" decoding=\"async\" width=\"10\" height=\"21\" class=\"wp-image-3656\" style=\"width: 10px;\" src=\"http:\/\/kommentatorenblog.de\/wp-content\/uploads\/2020\/09\/shure-55sh-ii-e1601485394796.jpg\" alt=\"\" srcset=\"https:\/\/kommentatorenblog.de\/wp-content\/uploads\/2020\/09\/shure-55sh-ii-e1601485394796.jpg 415w, https:\/\/kommentatorenblog.de\/wp-content\/uploads\/2020\/09\/shure-55sh-ii-e1601485394796-142x300.jpg 142w\" sizes=\"auto, (max-width: 10px) 100vw, 10px\" \/> Tom Bartels (Einzelspiel aus dem Stadion), Field-Reporter: Silke Beickert<\/p>\n\n\n\n<p>Sky: <img loading=\"lazy\" decoding=\"async\" width=\"10\" height=\"21\" class=\"wp-image-3656\" style=\"width: 10px;\" src=\"http:\/\/kommentatorenblog.de\/wp-content\/uploads\/2020\/09\/shure-55sh-ii-e1601485394796.jpg\" alt=\"\" srcset=\"https:\/\/kommentatorenblog.de\/wp-content\/uploads\/2020\/09\/shure-55sh-ii-e1601485394796.jpg 415w, https:\/\/kommentatorenblog.de\/wp-content\/uploads\/2020\/09\/shure-55sh-ii-e1601485394796-142x300.jpg 142w\" sizes=\"auto, (max-width: 10px) 100vw, 10px\" \/> Kai Dittmann (Einzelspiel aus dem Stadion), Roland Evers (Konferenz), Field-Reporter: Patrick Wasserziehr<\/p>\n\n\n\n<p>Moderation (ARD): Jessy Wellmer, Experte: Bastian Schweinsteiger<\/p>\n\n\n\n<p><span style=\"text-decoration: underline;\">ab 20.35 Uhr (Sky)<\/span><\/p>\n\n\n\n<p><strong><em>1899 Hoffenheim <strong><em><strong><em>\u2013<\/em><\/strong><\/em><\/strong> SC Freiburg (20.45 Uhr)<\/em><\/strong><\/p>\n\n\n\n<p><img loading=\"lazy\" decoding=\"async\" width=\"10\" height=\"21\" class=\"wp-image-3656\" style=\"width: 10px;\" src=\"http:\/\/kommentatorenblog.de\/wp-content\/uploads\/2020\/09\/shure-55sh-ii-e1601485394796.jpg\" alt=\"\" srcset=\"https:\/\/kommentatorenblog.de\/wp-content\/uploads\/2020\/09\/shure-55sh-ii-e1601485394796.jpg 415w, https:\/\/kommentatorenblog.de\/wp-content\/uploads\/2020\/09\/shure-55sh-ii-e1601485394796-142x300.jpg 142w\" sizes=\"auto, (max-width: 10px) 100vw, 10px\" \/> Markus G\u00f6tz (Einzelspiel), Jonas Friedrich (Konferenz), Interviews: Schalte <\/p>\n\n\n\n<p>Moderation am Mittwoch (Sky): Britta Hofmann <\/p>\n\n\n\n<hr class=\"wp-block-separator\"\/>\n\n\n\n<p><strong>Premier League, Nachholspiele (Sky)<\/strong><\/p>\n\n\n\n<p><span style=\"text-decoration: underline;\">Dienstag, 18. Januar 2022, ab 20.20 Uhr<\/span><\/p>\n\n\n\n<p><s><strong><em>FC Burnley \u2013&nbsp;FC Watford<\/em><\/strong> <strong><em>(20.30 Uhr)<\/em><\/strong><\/s> <strong><em>-abgesagt-<\/em><\/strong><\/p>\n\n\n\n<p><img loading=\"lazy\" decoding=\"async\" width=\"10\" height=\"21\" class=\"wp-image-3656\" style=\"width: 10px;\" src=\"http:\/\/kommentatorenblog.de\/wp-content\/uploads\/2020\/09\/shure-55sh-ii-e1601485394796.jpg\" alt=\"\" srcset=\"https:\/\/kommentatorenblog.de\/wp-content\/uploads\/2020\/09\/shure-55sh-ii-e1601485394796.jpg 415w, https:\/\/kommentatorenblog.de\/wp-content\/uploads\/2020\/09\/shure-55sh-ii-e1601485394796-142x300.jpg 142w\" sizes=\"auto, (max-width: 10px) 100vw, 10px\" \/> Joachim Hebel<\/p>\n\n\n\n<p><span style=\"text-decoration: underline;\">ab 20.50 Uhr<\/span><\/p>\n\n\n\n<p><strong><em>Brighton &amp; Hove Albion \u2013 FC Chelsea (21.00 Uhr) <\/em><\/strong><\/p>\n\n\n\n<p><img loading=\"lazy\" decoding=\"async\" width=\"10\" height=\"21\" class=\"wp-image-3656\" style=\"width: 10px;\" src=\"http:\/\/kommentatorenblog.de\/wp-content\/uploads\/2020\/09\/shure-55sh-ii-e1601485394796.jpg\" alt=\"\" srcset=\"https:\/\/kommentatorenblog.de\/wp-content\/uploads\/2020\/09\/shure-55sh-ii-e1601485394796.jpg 415w, https:\/\/kommentatorenblog.de\/wp-content\/uploads\/2020\/09\/shure-55sh-ii-e1601485394796-142x300.jpg 142w\" sizes=\"auto, (max-width: 10px) 100vw, 10px\" \/> Uli Hebel<\/p>\n\n\n\n<p><span style=\"text-decoration: underline;\">Mittwoch, 19. Januar 2022, ab 20.30 Uhr<\/span> <\/p>\n\n\n\n<p><strong><em>Leicester City \u2013&nbsp;Tottenham Hotspur<\/em><\/strong> <strong><em>(20.30 Uhr)<\/em><\/strong><\/p>\n\n\n\n<p><img loading=\"lazy\" decoding=\"async\" width=\"10\" height=\"21\" class=\"wp-image-3656\" style=\"width: 10px;\" src=\"http:\/\/kommentatorenblog.de\/wp-content\/uploads\/2020\/09\/shure-55sh-ii-e1601485394796.jpg\" alt=\"\" srcset=\"https:\/\/kommentatorenblog.de\/wp-content\/uploads\/2020\/09\/shure-55sh-ii-e1601485394796.jpg 415w, https:\/\/kommentatorenblog.de\/wp-content\/uploads\/2020\/09\/shure-55sh-ii-e1601485394796-142x300.jpg 142w\" sizes=\"auto, (max-width: 10px) 100vw, 10px\" \/> Sven Schr\u00f6ter<\/p>\n\n\n\n<p><span style=\"text-decoration: underline;\">ab 20.50 Uhr<\/span><\/p>\n\n\n\n<p><strong><em>FC Brentford \u2013 Manchester United (21.00 Uhr) <\/em><\/strong><\/p>\n\n\n\n<p><img loading=\"lazy\" decoding=\"async\" width=\"10\" height=\"21\" class=\"wp-image-3656\" style=\"width: 10px;\" src=\"http:\/\/kommentatorenblog.de\/wp-content\/uploads\/2020\/09\/shure-55sh-ii-e1601485394796.jpg\" alt=\"\" srcset=\"https:\/\/kommentatorenblog.de\/wp-content\/uploads\/2020\/09\/shure-55sh-ii-e1601485394796.jpg 415w, https:\/\/kommentatorenblog.de\/wp-content\/uploads\/2020\/09\/shure-55sh-ii-e1601485394796-142x300.jpg 142w\" sizes=\"auto, (max-width: 10px) 100vw, 10px\" \/> Joachim Hebel<\/p>\n\n\n\n<hr class=\"wp-block-separator\"\/>\n\n\n\n<p><strong>LaLiga, 21. Spieltag (DAZN)<\/strong><\/p>\n\n\n\n<p><span style=\"text-decoration: underline;\">Dienstag, 18. Januar 2022<\/span> <\/p>\n\n\n\n<p><strong><em>Real Betis \u2013 Deportivo Alaves (20.00 Uhr)<\/em><\/strong> <\/p>\n\n\n\n<p><img loading=\"lazy\" decoding=\"async\" width=\"10\" height=\"21\" class=\"wp-image-3656\" style=\"width: 10px;\" src=\"http:\/\/kommentatorenblog.de\/wp-content\/uploads\/2020\/09\/shure-55sh-ii-e1601485394796.jpg\" alt=\"\" srcset=\"https:\/\/kommentatorenblog.de\/wp-content\/uploads\/2020\/09\/shure-55sh-ii-e1601485394796.jpg 415w, https:\/\/kommentatorenblog.de\/wp-content\/uploads\/2020\/09\/shure-55sh-ii-e1601485394796-142x300.jpg 142w\" sizes=\"auto, (max-width: 10px) 100vw, 10px\" \/> Felix Keil<\/p>\n\n\n\n<p><span style=\"text-decoration: underline;\">Mittwoch, 19. Januar 2022<\/span> <\/p>\n\n\n\n<p><strong><em>FC Valencia \u2013 FC Sevilla (18.00 Uhr)<\/em><\/strong> <\/p>\n\n\n\n<p><img loading=\"lazy\" decoding=\"async\" width=\"10\" height=\"21\" class=\"wp-image-3656\" style=\"width: 10px;\" src=\"http:\/\/kommentatorenblog.de\/wp-content\/uploads\/2020\/09\/shure-55sh-ii-e1601485394796.jpg\" alt=\"\" srcset=\"https:\/\/kommentatorenblog.de\/wp-content\/uploads\/2020\/09\/shure-55sh-ii-e1601485394796.jpg 415w, https:\/\/kommentatorenblog.de\/wp-content\/uploads\/2020\/09\/shure-55sh-ii-e1601485394796-142x300.jpg 142w\" sizes=\"auto, (max-width: 10px) 100vw, 10px\" \/> Tobi Fischbeck<\/p>\n\n\n\n<hr class=\"wp-block-separator\"\/>\n\n\n\n<p><strong>Copa del Rey, Achtelfinale (DAZN)<\/strong><\/p>\n\n\n\n<p><span style=\"text-decoration: underline;\">Mittwoch, 19. Januar 2022<\/span> <\/p>\n\n\n\n<p><strong><em>Real Sociedad \u2013 Atletico Madrid (21.00 Uhr)<\/em><\/strong><\/p>\n\n\n\n<p><img loading=\"lazy\" decoding=\"async\" width=\"10\" height=\"21\" class=\"wp-image-3656\" style=\"width: 10px;\" src=\"http:\/\/kommentatorenblog.de\/wp-content\/uploads\/2020\/09\/shure-55sh-ii-e1601485394796.jpg\" alt=\"\" srcset=\"https:\/\/kommentatorenblog.de\/wp-content\/uploads\/2020\/09\/shure-55sh-ii-e1601485394796.jpg 415w, https:\/\/kommentatorenblog.de\/wp-content\/uploads\/2020\/09\/shure-55sh-ii-e1601485394796-142x300.jpg 142w\" sizes=\"auto, (max-width: 10px) 100vw, 10px\" \/> Max Gross<\/p>\n\n\n\n<p><span style=\"text-decoration: underline;\">Donnerstag, <span style=\"text-decoration: underline;\">20. Januar <\/span>2022<\/span> <\/p>\n\n\n\n<p><strong><em><strong>FC Elche<\/strong> \u2013 Real Madrid (19.00 Uhr)<\/em><\/strong><\/p>\n\n\n\n<p><img loading=\"lazy\" decoding=\"async\" width=\"10\" height=\"21\" class=\"wp-image-3656\" style=\"width: 10px;\" src=\"http:\/\/kommentatorenblog.de\/wp-content\/uploads\/2020\/09\/shure-55sh-ii-e1601485394796.jpg\" alt=\"\" srcset=\"https:\/\/kommentatorenblog.de\/wp-content\/uploads\/2020\/09\/shure-55sh-ii-e1601485394796.jpg 415w, https:\/\/kommentatorenblog.de\/wp-content\/uploads\/2020\/09\/shure-55sh-ii-e1601485394796-142x300.jpg 142w\" sizes=\"auto, (max-width: 10px) 100vw, 10px\" \/> Julian Engelhard<\/p>\n\n\n\n<p><strong><em>Athletic Bilbao \u2013 FC Barcelona (21.30 Uhr)<\/em><\/strong><\/p>\n\n\n\n<p><img loading=\"lazy\" decoding=\"async\" width=\"10\" height=\"21\" class=\"wp-image-3656\" style=\"width: 10px;\" src=\"http:\/\/kommentatorenblog.de\/wp-content\/uploads\/2020\/09\/shure-55sh-ii-e1601485394796.jpg\" alt=\"\" srcset=\"https:\/\/kommentatorenblog.de\/wp-content\/uploads\/2020\/09\/shure-55sh-ii-e1601485394796.jpg 415w, https:\/\/kommentatorenblog.de\/wp-content\/uploads\/2020\/09\/shure-55sh-ii-e1601485394796-142x300.jpg 142w\" sizes=\"auto, (max-width: 10px) 100vw, 10px\" \/> David Ploch<\/p>\n\n\n\n<hr class=\"wp-block-separator\"\/>\n\n\n\n<p><strong>Coppa Italia, Achtelfinale (DAZN) <\/strong><\/p>\n\n\n\n<p><span style=\"text-decoration: underline;\">Dienstag, 18. Januar 2022<\/span> <\/p>\n\n\n\n<p><strong><em>Juventus Turin \u2013 Sampdoria Genua (21.00 Uhr)<\/em><\/strong> <\/p>\n\n\n\n<p><img loading=\"lazy\" decoding=\"async\" width=\"10\" height=\"21\" class=\"wp-image-3656\" style=\"width: 10px;\" src=\"http:\/\/kommentatorenblog.de\/wp-content\/uploads\/2020\/09\/shure-55sh-ii-e1601485394796.jpg\" alt=\"\" srcset=\"https:\/\/kommentatorenblog.de\/wp-content\/uploads\/2020\/09\/shure-55sh-ii-e1601485394796.jpg 415w, https:\/\/kommentatorenblog.de\/wp-content\/uploads\/2020\/09\/shure-55sh-ii-e1601485394796-142x300.jpg 142w\" sizes=\"auto, (max-width: 10px) 100vw, 10px\" \/> Mario Rieker<\/p>\n\n\n\n<p><span style=\"text-decoration: underline;\">Mittwoch, 19. Januar 2022<\/span> <\/p>\n\n\n\n<p><strong><em>Inter Mailand \u2013 FC Empoli (21.00 Uhr)<\/em><\/strong> <\/p>\n\n\n\n<p><img loading=\"lazy\" decoding=\"async\" width=\"10\" height=\"21\" class=\"wp-image-3656\" style=\"width: 10px;\" src=\"http:\/\/kommentatorenblog.de\/wp-content\/uploads\/2020\/09\/shure-55sh-ii-e1601485394796.jpg\" alt=\"\" srcset=\"https:\/\/kommentatorenblog.de\/wp-content\/uploads\/2020\/09\/shure-55sh-ii-e1601485394796.jpg 415w, https:\/\/kommentatorenblog.de\/wp-content\/uploads\/2020\/09\/shure-55sh-ii-e1601485394796-142x300.jpg 142w\" sizes=\"auto, (max-width: 10px) 100vw, 10px\" \/> Carsten Fu\u00df <\/p>\n\n\n\n<hr class=\"wp-block-separator\"\/>\n\n\n\n<p><strong>Carabao Cup, Halbfinale R\u00fcckspiel (DAZN)<\/strong><\/p>\n\n\n\n<p><span style=\"text-decoration: underline;\">Donnerstag, 20. Januar 2022<\/span> <\/p>\n\n\n\n<p><strong><em>FC Arsenal \u2013 FC Liverpool (20.45 Uhr)<\/em><\/strong><\/p>\n\n\n\n<p><img loading=\"lazy\" decoding=\"async\" width=\"10\" height=\"21\" class=\"wp-image-3656\" style=\"width: 10px;\" src=\"http:\/\/kommentatorenblog.de\/wp-content\/uploads\/2020\/09\/shure-55sh-ii-e1601485394796.jpg\" alt=\"\" srcset=\"https:\/\/kommentatorenblog.de\/wp-content\/uploads\/2020\/09\/shure-55sh-ii-e1601485394796.jpg 415w, https:\/\/kommentatorenblog.de\/wp-content\/uploads\/2020\/09\/shure-55sh-ii-e1601485394796-142x300.jpg 142w\" sizes=\"auto, (max-width: 10px) 100vw, 10px\" \/> Nico Seepe, Experte: Max Nicu<\/p>\n\n\n\n<hr class=\"wp-block-separator\"\/>\n\n\n\n<p><strong>Afrika-Cup, 3.Spieltag (Sportdigital FUSSBALL)<\/strong><\/p>\n\n\n\n<p><span style=\"text-decoration: underline;\">Dienstag, 18. Januar 2022<\/span> <\/p>\n\n\n\n<p><strong><em>Malawi &#8211; Senegal<\/em><\/strong> <strong><em>(17.00 Uhr)<\/em><\/strong><\/p>\n\n\n\n<p><img loading=\"lazy\" decoding=\"async\" width=\"10\" height=\"21\" class=\"wp-image-3656\" style=\"width: 10px;\" src=\"http:\/\/kommentatorenblog.de\/wp-content\/uploads\/2020\/09\/shure-55sh-ii-e1601485394796.jpg\" alt=\"\" srcset=\"https:\/\/kommentatorenblog.de\/wp-content\/uploads\/2020\/09\/shure-55sh-ii-e1601485394796.jpg 415w, https:\/\/kommentatorenblog.de\/wp-content\/uploads\/2020\/09\/shure-55sh-ii-e1601485394796-142x300.jpg 142w\" sizes=\"auto, (max-width: 10px) 100vw, 10px\" \/> Hannes Herrmann<\/p>\n\n\n\n<p><strong><em>Simbabwe &#8211; Guinea<\/em><\/strong> <strong><em>(17.00 Uhr)<\/em><\/strong><\/p>\n\n\n\n<p><img loading=\"lazy\" decoding=\"async\" width=\"10\" height=\"21\" class=\"wp-image-3656\" style=\"width: 10px;\" src=\"http:\/\/kommentatorenblog.de\/wp-content\/uploads\/2020\/09\/shure-55sh-ii-e1601485394796.jpg\" alt=\"\" srcset=\"https:\/\/kommentatorenblog.de\/wp-content\/uploads\/2020\/09\/shure-55sh-ii-e1601485394796.jpg 415w, https:\/\/kommentatorenblog.de\/wp-content\/uploads\/2020\/09\/shure-55sh-ii-e1601485394796-142x300.jpg 142w\" sizes=\"auto, (max-width: 10px) 100vw, 10px\" \/> Jakob Vogel<\/p>\n\n\n\n<p><strong><em>Gabun &#8211; Marroko<\/em><\/strong> <strong><em>(20.00 Uhr)<\/em><\/strong><\/p>\n\n\n\n<p><img loading=\"lazy\" decoding=\"async\" width=\"10\" height=\"21\" class=\"wp-image-3656\" style=\"width: 10px;\" src=\"http:\/\/kommentatorenblog.de\/wp-content\/uploads\/2020\/09\/shure-55sh-ii-e1601485394796.jpg\" alt=\"\" srcset=\"https:\/\/kommentatorenblog.de\/wp-content\/uploads\/2020\/09\/shure-55sh-ii-e1601485394796.jpg 415w, https:\/\/kommentatorenblog.de\/wp-content\/uploads\/2020\/09\/shure-55sh-ii-e1601485394796-142x300.jpg 142w\" sizes=\"auto, (max-width: 10px) 100vw, 10px\" \/> Collin Nagel<\/p>\n\n\n\n<p><strong><em>Ghana &#8211; Komoren<\/em><\/strong> <strong><em>(20.00 Uhr)<\/em><\/strong><\/p>\n\n\n\n<p><img loading=\"lazy\" decoding=\"async\" width=\"10\" height=\"21\" class=\"wp-image-3656\" style=\"width: 10px;\" src=\"http:\/\/kommentatorenblog.de\/wp-content\/uploads\/2020\/09\/shure-55sh-ii-e1601485394796.jpg\" alt=\"\" srcset=\"https:\/\/kommentatorenblog.de\/wp-content\/uploads\/2020\/09\/shure-55sh-ii-e1601485394796.jpg 415w, https:\/\/kommentatorenblog.de\/wp-content\/uploads\/2020\/09\/shure-55sh-ii-e1601485394796-142x300.jpg 142w\" sizes=\"auto, (max-width: 10px) 100vw, 10px\" \/> Jonathan Dreier<\/p>\n\n\n\n<p><span style=\"text-decoration: underline;\">Mittwoch, 19. Januar 2022<\/span> <\/p>\n\n\n\n<p><strong><em>\u00c4gypten &#8211; Sudan (20.00 Uhr)<\/em><\/strong><\/p>\n\n\n\n<p><img loading=\"lazy\" decoding=\"async\" width=\"10\" height=\"21\" class=\"wp-image-3656\" style=\"width: 10px;\" src=\"http:\/\/kommentatorenblog.de\/wp-content\/uploads\/2020\/09\/shure-55sh-ii-e1601485394796.jpg\" alt=\"\" srcset=\"https:\/\/kommentatorenblog.de\/wp-content\/uploads\/2020\/09\/shure-55sh-ii-e1601485394796.jpg 415w, https:\/\/kommentatorenblog.de\/wp-content\/uploads\/2020\/09\/shure-55sh-ii-e1601485394796-142x300.jpg 142w\" sizes=\"auto, (max-width: 10px) 100vw, 10px\" \/> J\u00f6rg Steiger<\/p>\n\n\n\n<p><strong><em>Guinea-Bissau &#8211; Nigeria (20.00 Uhr)<\/em><\/strong><\/p>\n\n\n\n<p><img loading=\"lazy\" decoding=\"async\" width=\"10\" height=\"21\" class=\"wp-image-3656\" style=\"width: 10px;\" src=\"http:\/\/kommentatorenblog.de\/wp-content\/uploads\/2020\/09\/shure-55sh-ii-e1601485394796.jpg\" alt=\"\" srcset=\"https:\/\/kommentatorenblog.de\/wp-content\/uploads\/2020\/09\/shure-55sh-ii-e1601485394796.jpg 415w, https:\/\/kommentatorenblog.de\/wp-content\/uploads\/2020\/09\/shure-55sh-ii-e1601485394796-142x300.jpg 142w\" sizes=\"auto, (max-width: 10px) 100vw, 10px\" \/> Martin Hahn<\/p>\n\n\n\n<p><span style=\"text-decoration: underline;\">Donnerstag, 20. Januar 2022<\/span> <\/p>\n\n\n\n<p><strong><em>Elfenbeink\u00fcste &#8211; Algerien<\/em><\/strong><strong><em>(17.00 Uhr)<\/em><\/strong><\/p>\n\n\n\n<p><img loading=\"lazy\" decoding=\"async\" width=\"10\" height=\"21\" class=\"wp-image-3656\" style=\"width: 10px;\" src=\"http:\/\/kommentatorenblog.de\/wp-content\/uploads\/2020\/09\/shure-55sh-ii-e1601485394796.jpg\" alt=\"\" srcset=\"https:\/\/kommentatorenblog.de\/wp-content\/uploads\/2020\/09\/shure-55sh-ii-e1601485394796.jpg 415w, https:\/\/kommentatorenblog.de\/wp-content\/uploads\/2020\/09\/shure-55sh-ii-e1601485394796-142x300.jpg 142w\" sizes=\"auto, (max-width: 10px) 100vw, 10px\" \/> Karsten Linke<\/p>\n\n\n\n<p><strong><em>Sierra Leone &#8211; \u00c4quatorialguinea<\/em><\/strong> <strong><em>(17.00 Uhr)<\/em><\/strong><\/p>\n\n\n\n<p><img loading=\"lazy\" decoding=\"async\" width=\"10\" height=\"21\" class=\"wp-image-3656\" style=\"width: 10px;\" src=\"http:\/\/kommentatorenblog.de\/wp-content\/uploads\/2020\/09\/shure-55sh-ii-e1601485394796.jpg\" alt=\"\" srcset=\"https:\/\/kommentatorenblog.de\/wp-content\/uploads\/2020\/09\/shure-55sh-ii-e1601485394796.jpg 415w, https:\/\/kommentatorenblog.de\/wp-content\/uploads\/2020\/09\/shure-55sh-ii-e1601485394796-142x300.jpg 142w\" sizes=\"auto, (max-width: 10px) 100vw, 10px\" \/> Manuel Meyer<\/p>\n\n\n\n<p><strong><em>Gambia &#8211; Tunesien<\/em><\/strong> <strong><em>(20.00 Uhr)<\/em><\/strong><\/p>\n\n\n\n<p><img loading=\"lazy\" decoding=\"async\" width=\"10\" height=\"21\" class=\"wp-image-3656\" style=\"width: 10px;\" src=\"http:\/\/kommentatorenblog.de\/wp-content\/uploads\/2020\/09\/shure-55sh-ii-e1601485394796.jpg\" alt=\"\" srcset=\"https:\/\/kommentatorenblog.de\/wp-content\/uploads\/2020\/09\/shure-55sh-ii-e1601485394796.jpg 415w, https:\/\/kommentatorenblog.de\/wp-content\/uploads\/2020\/09\/shure-55sh-ii-e1601485394796-142x300.jpg 142w\" sizes=\"auto, (max-width: 10px) 100vw, 10px\" \/> Marvin Kirsch<\/p>\n\n\n\n<p><strong><em>Mali &#8211; Mauretanien (20.00 Uhr)<\/em><\/strong><\/p>\n\n\n\n<p><img loading=\"lazy\" decoding=\"async\" width=\"10\" height=\"21\" class=\"wp-image-3656\" style=\"width: 10px;\" src=\"http:\/\/kommentatorenblog.de\/wp-content\/uploads\/2020\/09\/shure-55sh-ii-e1601485394796.jpg\" alt=\"\" srcset=\"https:\/\/kommentatorenblog.de\/wp-content\/uploads\/2020\/09\/shure-55sh-ii-e1601485394796.jpg 415w, https:\/\/kommentatorenblog.de\/wp-content\/uploads\/2020\/09\/shure-55sh-ii-e1601485394796-142x300.jpg 142w\" sizes=\"auto, (max-width: 10px) 100vw, 10px\" \/> Marcus Radefeld<\/p>\n\n\n\n<hr class=\"wp-block-separator\"\/>\n\n\n\n<p>Analyse<\/p>\n\n\n\n<p>DFB-Pokal am Dienstag: Es ist Zeit f\u00fcr das Achtelfinale im DFB-Pokal. Seit Oktober mussten wir aber auch ziemlich lange warten. \ud83d\ude09 Am Dienstag kommen, obwohl es nur vier Spiele sind, drei \u00fcbertragende Sender zum Einsatz. Sky \u00fcbertr\u00e4gt alle vier Spiele und l\u00e4sst nur zwei davon aus dem Stadion kommentieren. Toni Tomic und Wolff Fuss d\u00fcrfen an den Kultst\u00e4tten von 1860 M\u00fcnchen und dem FC St. Pauli die Spiele live von vor Ort begleiten. Jonas Friedrich (K\u00f6ln-HSV) und Roland Evers (BOC-M05) m\u00fcssen ihr Spiel aus der Box in M\u00fcnchen kommentieren. Die Konferenz ist am Dienstag, und auch am Mittwoch, sehr gut besetzt. Frank Buschmann und Oliver Seidler sind in der fr\u00fchen Konferenz am Dienstag zu h\u00f6ren. Buschi darf erneut 1860 in der Pokalkonferenz kommentieren. In der sp\u00e4ten Konferenz d\u00fcrfen Kai Dittmann und Hansi K\u00fcpper zwei Clubs aus dem Ruhrpott beobachten. Field-Reporter hat Sky in K\u00f6ln mit Sebastian Hellmann, <s>an der Gr\u00fcnwalder Stra\u00dfe in M\u00fcnchen mit Michael Leopold<\/s> an die Gr\u00fcnwalder Stra\u00dfe gibt es nur eine Schaltm\u00f6glichkeit (Toni Tomic f\u00fchrt ebenfalls Interviews) und in Hamburg stellt Patrick Wasserziehr die Fragen. Nach Bochum gibt es ebenfalls eine Schaltm\u00f6glichkeit. Ich habe es erw\u00e4hnt, auch Sport1 und die ARD \u00fcbertragen am Dienstag je ein Spiel. Sport1 ist in K\u00f6ln im Stadion mit dem Team Helmer\/Effenberg\/H\u00f6hner\/Stutzky. Die ARD \u00fcbertragt den Dortmunder Gastauftritt beim FC St. Pauli. Aexander Bommes und Bastian Schweinsteiger \u00fcbernehmen den Vor- und Nachlauf, Gerd Gottlob kommentiert das Spiel und Valeska Homburg f\u00fchrt die Interviews. <\/p>\n\n\n\n<p>DFB-Pokal am Mittwoch: Den Mittwoch fassen wir etwas k\u00fcrzer. F\u00fcr Sky moderiert Britta Hofmann und f\u00fcr die ARD im Olympiastadion beim Stadtderby das Duo Wellmer\/Schweinsteiger. Kommentieren f\u00fcr das Erste wird Tom Bartels. Als Field-Reporterin ist Silke Beickert unterwegs. Die Einzelspiele bei Sky kommentieren Oliver Seidler, Kai Dittmann und Hansi K\u00fcpper nach ihren Konferenzeins\u00e4tzen am Dienstag. Au\u00dferdem st\u00f6\u00dft Markus G\u00f6tz mit Hoffenheim-Freiburg dazu. Im Stadion werden jedoch nur die beiden erstgenannten sein. In der Konferenz gibt es erneut Frank Buschmann zu h\u00f6ren und nach ihren Einzelspielen am Dienstag auch Wolff Fuss, Jonas Friedrich und Roland Evers. Letzterer \u00fcbernimmt das Hauptstadtderby. Field-Reporter sind mit Martin Gro\u00df in Hannover und Patrick Wasserziehr in Berlin nur zwei vertreten. Nach Leipzig und Sinsheim wird nur geschaltet. <\/p>\n\n\n\n<p>Premier League: In der Premier League stehen unter der Woche vier Nachholspiele an. Jogi Hebel macht zwei Spiele, Sven Schr\u00f6ter k\u00fcmmert sich um Leicester-Tottenham und den Kommentator der Partie Brighton gegen Chelsea reichen alsbald nach. (Update: Kommentator Brighton-Chelsea ist erg\u00e4nzt, Uli Hebel \u00fcbernimmt)<\/p>\n\n\n\n<p>LaLiga: In LaLiga gibt es ebenfalls Nachholspiele. Zwei an der Zahl werden \u00fcbertragen. Felix Keil und Tobi Fischbeck \u00fcbernehmen. <\/p>\n\n\n\n<p>Copa del Rey: Da Real Madrid, Atl. Madrid, Barcelona und Bilbao zuletzt den Supercup unter sich ausspielten, finden am Mittwoch und Donnerstag ihre Copa del Rey Achtelfinalspiele statt. Kommentieren werden Max Gross, Julian Engelhard und David Ploch. <\/p>\n\n\n\n<p>Coppa Italia: DAZN \u00fcbertr\u00e4gt zwei Coppa Italia Spiele in dieser Woche mit den beiden Italien Kennern Mario Rieker und Carsten Fu\u00df am Mikro. Gezeigt werden die Spiele von Juventus und Inter Mailand. <\/p>\n\n\n\n<p>Carabao Cup: Wegen Corona findet am Donnerstag erst das R\u00fcckspiel des Carabao Cup, auch League Cup genannt, Halbfinals statt. Arsenal und Liverpool streiten sich nach einem 0:0 im Hinspiel um das Duell im Wembley gegen Chelsea im Finale. Das Duo Nico\/Nicu \u00fcbernimmt. \ud83d\ude09  <\/p>\n\n\n\n<p>Afrika-Cup: Nat\u00fcrlich gibt es, wie bereits im Vorwort erw\u00e4hnt, auch wieder den Afrika-Cup auf Sportdigital FUSSBALL (und auch auf DAZN, Kooperation macht es m\u00f6glich) zu sehen. Die bereits im Turnier bekannten Kommentatoren sind auch am 3. Gruppenspieltag am Start. <\/p>\n\n\n\n<p>So, das war es schon wieder. Ich w\u00fcnsche euch eine sch\u00f6ne und sportliche Woche und bleibt (oder werdet wieder) alle gesund! <\/p>\n","protected":false},"excerpt":{"rendered":"<p>N\u2018Abend allerseits, nicht nur in Deutschland finden unter der Woche Pokalspiele statt, auch in Spanien und Italien wird in der Copa del Rey bzw. Coppa Italia gespielt. Gesucht wird au\u00dferdem der zweite Finalist neben dem FC Chelsea im Carabao Cup Finale. Arsenal und Liverpool duellieren sich. Und es gibt noch Nachholspiele aus der Premier League [&hellip;]<\/p>\n","protected":false},"author":7,"featured_media":0,"comment_status":"open","ping_status":"open","sticky":false,"template":"","format":"standard","meta":{"footnotes":""},"categories":[504],"tags":[685,246,19,355,73,62,131,421,459,235,165,65,201,132,61,272,104,25,405,274,347,74,69,507,58,315,93,59,122,597,503,243,126,67,95,649,581,283,438,88,113,94,23,45,98,684,22,66,68,595,152,273,24,450,107,196],"class_list":["post-11542","post","type-post","status-publish","format-standard","hentry","category-dfb-pokal-co","tag-afrika-cup","tag-alexander-bommes","tag-ard","tag-bastian-schweinsteiger","tag-britta-hofmann","tag-carabao-cup","tag-carsten-fuss","tag-collin-nagel","tag-copa-del-rey","tag-coppa-italia","tag-david-ploch","tag-dfb-pokal","tag-felix-keil","tag-flo-hauser","tag-frank-buschmann","tag-gerd-gottlob","tag-hannes-herrmann","tag-hansi-kuepper","tag-jakob-vogel","tag-jessy-wellmer","tag-joachim-hebel","tag-jochen-stutzky","tag-jonas-friedrich","tag-jonathan-dreier","tag-joerg-steiger","tag-julian-engelhard","tag-kai-dittmann","tag-karsten-linke","tag-laliga","tag-manuel-meyer","tag-marcus-radefeld","tag-mario-rieker","tag-markus-goetz","tag-markus-hoehner","tag-martin-gross","tag-martin-hahn","tag-marvin-kirsch","tag-max-gross","tag-max-nicu","tag-michael-leopold","tag-oliver-seidler","tag-patrick-wasserziehr","tag-premier-league","tag-roland-evers","tag-sebastian-hellmann","tag-silke-beickert","tag-sky","tag-sport1","tag-stefan-effenberg","tag-thomas-helmer","tag-tobi-fischbeck","tag-tom-bartels","tag-toni-tomic","tag-valeska-homburg","tag-wolff-fuss","tag-yannick-erkenbrecher"],"_links":{"self":[{"href":"https:\/\/kommentatorenblog.de\/index.php?rest_route=\/wp\/v2\/posts\/11542","targetHints":{"allow":["GET"]}}],"collection":[{"href":"https:\/\/kommentatorenblog.de\/index.php?rest_route=\/wp\/v2\/posts"}],"about":[{"href":"https:\/\/kommentatorenblog.de\/index.php?rest_route=\/wp\/v2\/types\/post"}],"author":[{"embeddable":true,"href":"https:\/\/kommentatorenblog.de\/index.php?rest_route=\/wp\/v2\/users\/7"}],"replies":[{"embeddable":true,"href":"https:\/\/kommentatorenblog.de\/index.php?rest_route=%2Fwp%2Fv2%2Fcomments&post=11542"}],"version-history":[{"count":73,"href":"https:\/\/kommentatorenblog.de\/index.php?rest_route=\/wp\/v2\/posts\/11542\/revisions"}],"predecessor-version":[{"id":11746,"href":"https:\/\/kommentatorenblog.de\/index.php?rest_route=\/wp\/v2\/posts\/11542\/revisions\/11746"}],"wp:attachment":[{"href":"https:\/\/kommentatorenblog.de\/index.php?rest_route=%2Fwp%2Fv2%2Fmedia&parent=11542"}],"wp:term":[{"taxonomy":"category","embeddable":true,"href":"https:\/\/kommentatorenblog.de\/index.php?rest_route=%2Fwp%2Fv2%2Fcategories&post=11542"},{"taxonomy":"post_tag","embeddable":true,"href":"https:\/\/kommentatorenblog.de\/index.php?rest_route=%2Fwp%2Fv2%2Ftags&post=11542"}],"curies":[{"name":"wp","href":"https:\/\/api.w.org\/{rel}","templated":true}]}}