{"id":11608,"date":"2022-01-20T22:23:10","date_gmt":"2022-01-20T20:23:10","guid":{"rendered":"http:\/\/kommentatorenblog.de\/?p=11608"},"modified":"2022-01-23T16:08:06","modified_gmt":"2022-01-23T14:08:06","slug":"1227-eine-runde-weiter","status":"publish","type":"post","link":"https:\/\/kommentatorenblog.de\/?p=11608","title":{"rendered":"1227 \u2013 Eine Runde weiter"},"content":{"rendered":"\n<p>N&#8217;Abend allerseits,&nbsp;<\/p>\n\n\n\n<p>Der Afrika-Cup steht nach seinem am heutigen Tag endenden dritten Spieltag unmittelbar vor der n\u00e4chsten Runde: Dem Achtelfinale, das sich \u00fcbrigens kongruent zu den letzten beiden Europameisterschaften zusammensetzt. Die ersten beiden Achtelfinal-Partien stehen dann am Sonntag an. Wie auch an den drei darauffolgenden Tagen sind diese Spiele auf 17 Uhr und 20 Uhr terminiert &#8211; und wie gewohnt bei Sportdigital FUSSBALL zu sehen.&nbsp;<br>In dieser Runde nicht mehr dabei sein wird der Titelverteidiger Algerien um ManCitys Riyad Mahrez, der in einer Gruppe mit \u00c4quatorialguinea, Sierra Leone und der Elfenbeink\u00fcste \u00fcberraschend nicht mal einen dritten Platz erreichen konnte.<\/p>\n\n\n\n<p>Das Achtelfinale haben wir im DFB-Pokal schon hinter uns. Neben dem Aus der beiden Borussias hat das den TV-Sendern vor allem am Dienstag gute Quoten eingebracht: SPORT1 holte einen Marktanteil von 2,5 Prozent, Sky erreichte in der Spitze \u00fcber 900.000 Zuschauerinnen und Zuschauer, und Das Erste kratzte mit der Pokal\u00fcberraschung der Kiezkicker an der 20-Prozent-Marke.<br>Die n\u00e4chste Runde in diesem Wettbewerb steht dann Anfang M\u00e4rz an, wo dann zum zweiten Mal \u00fcberhaupt vier Zweitligisten zu finden sind (zuletzt 2003\/04). In die am 30. Januar stattfindende Auslosung mit Losfee Felix Neureuther (19:15 Uhr in der ARD, Moderation: Julia Scharf) geht \u00fcbrigens Hannover 96 als der Verein unter den letzten Acht, dem zuletzt der Pokalsieg gelang &#8211; n\u00e4mlich 1992!<\/p>\n\n\n\n<p>Auch im Handball geht\u2019s seit heute eine Runde weiter. Auch wenn das deutsche Team zum Hauptrunden-Auftakt leider sieglos blieb, ist weiterhin alles drin. Die n\u00e4chsten DHB-Spiele werden &#8211; jeweils mit der gewohnten Besetzung &#8211; wie folgt aufgeteilt:<\/p>\n\n\n\n<ul class=\"wp-block-list\"><li><strong><em>Deutschland <strong><em>\u2013 <\/em><\/strong>Norwegen (Freitag, 21. Januar 2022, 20.30 Uhr)<\/em><\/strong> &#8211; ZDF<\/li><li><strong><em>Deutschland<strong> <strong>\u2013<\/strong><\/strong> Schweden (Sonntag, 23. Januar 2022, 18.00 Uhr)<\/em><\/strong> &#8211; ARD<\/li><li><strong><em>Deutschland <strong><em>\u2013 <\/em><\/strong>Russland (Dienstag, 25. Januar 2022, 18.00 Uhr)<\/em><\/strong> &#8211; ZDF<\/li><\/ul>\n\n\n\n<p>Mit Blick auf das Tagesgesch\u00e4ft im Fu\u00dfball stehen in der Bundesliga mit dem 20. Spieltag an diesem Wochenende &#8211; wie auch andernorts &#8211; die letzten Ligaspiele f\u00fcr diesen Monat an. Der Grund daf\u00fcr wurde unl\u00e4ngst auch schon in den Kommentaren angesprochen: ein internationales Abstellfenster der FIFA f\u00fcr Nationalmannschaften, welches aber zumindest von der UEFA nicht genutzt wird.&nbsp;<\/p>\n\n\n\n<p>Bevor wir allerdings zu den Ansetzungen des &#8222;Januar-Finales&#8220; kommen, m\u00f6chte ich mich kurz als zweiter Kommentatorenblog-Neuzugang des Jahres 2022 vorstellen. Ich bin Hannes, 22 Jahre alt und wei\u00df mich seit gut zwei Jahren als beharrlicher Mitleser dieser Seite mit meiner Affinit\u00e4t zum Sportjournalismus in bester Gesellschaft. Umso mehr freut es mich, k\u00fcnftig im Team mitzuwirken.&nbsp;<\/p>\n\n\n\n<p>Nun aber wirklich zu den Ansetzungen der folgenden vier Tage, die das vorletzte DAZN-Bundesligaspiel meiner Bayern in diesem Terminierungszyklus bis Anfang April beinhalten. Die anschlie\u00dfend folgende Analyse und einen Teil der Ansetzungen hat dankenswerterweise Erik \u00fcbernommen.&nbsp;<\/p>\n\n\n\n<p><strong><em>Die Ansetzungen vom 21. Januar bis zum 24. Januar 2022<\/em><\/strong><\/p>\n\n\n\n<p><strong>Bundesliga, 20. Spieltag<\/strong><\/p>\n\n\n\n<p><span style=\"text-decoration: underline;\">Freitag, 21. Januar 2022, ab 19.30 Uhr (DAZN)<\/span><\/p>\n\n\n\n<p><strong><em>Eintracht Frankfurt \u2013 Arminia Bielefeld (20.30 Uhr)<\/em><\/strong><\/p>\n\n\n\n<p class=\"has-normal-font-size\"><img loading=\"lazy\" decoding=\"async\" width=\"10\" height=\"21\" class=\"wp-image-3656\" style=\"width: 10px;\" src=\"http:\/\/kommentatorenblog.de\/wp-content\/uploads\/2020\/09\/shure-55sh-ii-e1601485394796.jpg\" alt=\"\" srcset=\"https:\/\/kommentatorenblog.de\/wp-content\/uploads\/2020\/09\/shure-55sh-ii-e1601485394796.jpg 415w, https:\/\/kommentatorenblog.de\/wp-content\/uploads\/2020\/09\/shure-55sh-ii-e1601485394796-142x300.jpg 142w\" sizes=\"auto, (max-width: 10px) 100vw, 10px\" \/> Marco Hagemann, Experte: Benny Lauth<\/p>\n\n\n\n<p>Moderation: Daniel Herzog, Field-Reporterin: Miriam Sinno<\/p>\n\n\n\n<p><span style=\"text-decoration: underline;\">Samstag, 22. <span style=\"text-decoration: underline;\">Januar 2022<\/span>, ab 14.00 Uhr (Sky)<\/span><\/p>\n\n\n\n<p><strong><em>TSG Hoffenheim <strong><em>\u2013<\/em><\/strong> Borussia Dortmund (15.30 Uhr)<\/em><\/strong><\/p>\n\n\n\n<p class=\"has-normal-font-size\"><img loading=\"lazy\" decoding=\"async\" width=\"10\" height=\"21\" class=\"wp-image-3656\" style=\"width: 10px;\" src=\"http:\/\/kommentatorenblog.de\/wp-content\/uploads\/2020\/09\/shure-55sh-ii-e1601485394796.jpg\" alt=\"\" srcset=\"https:\/\/kommentatorenblog.de\/wp-content\/uploads\/2020\/09\/shure-55sh-ii-e1601485394796.jpg 415w, https:\/\/kommentatorenblog.de\/wp-content\/uploads\/2020\/09\/shure-55sh-ii-e1601485394796-142x300.jpg 142w\" sizes=\"auto, (max-width: 10px) 100vw, 10px\" \/> Kai Dittmann (Einzelspiel), Hansi K\u00fcpper (Konferenz)<\/p>\n\n\n\n<p>Field-Reporter: Michael Leopold<\/p>\n\n\n\n<p><strong><em>Borussia M\u00f6nchengladbach <strong><em><strong><em>\u2013<\/em><\/strong><\/em><\/strong> 1.FC Union Berlin (15.30 Uhr)<\/em><\/strong><\/p>\n\n\n\n<p class=\"has-normal-font-size\"><img loading=\"lazy\" decoding=\"async\" width=\"10\" height=\"21\" class=\"wp-image-3656\" style=\"width: 10px;\" src=\"http:\/\/kommentatorenblog.de\/wp-content\/uploads\/2020\/09\/shure-55sh-ii-e1601485394796.jpg\" alt=\"\" srcset=\"https:\/\/kommentatorenblog.de\/wp-content\/uploads\/2020\/09\/shure-55sh-ii-e1601485394796.jpg 415w, https:\/\/kommentatorenblog.de\/wp-content\/uploads\/2020\/09\/shure-55sh-ii-e1601485394796-142x300.jpg 142w\" sizes=\"auto, (max-width: 10px) 100vw, 10px\" \/> Torsten Kunde (Einzelspiel), Florian Schmidt-Sommerfeld (Konferenz)<\/p>\n\n\n\n<p>Field-Reporter: Jens Westen<\/p>\n\n\n\n<p><strong><em>Bayer 04 Leverkusen <strong><em><strong><em>\u2013<\/em><\/strong><\/em><\/strong> FC Augsburg<\/em><\/strong> <strong><em>(15.30 Uhr)<\/em><\/strong><\/p>\n\n\n\n<p class=\"has-normal-font-size\"><img loading=\"lazy\" decoding=\"async\" width=\"10\" height=\"21\" class=\"wp-image-3656\" style=\"width: 10px;\" src=\"http:\/\/kommentatorenblog.de\/wp-content\/uploads\/2020\/09\/shure-55sh-ii-e1601485394796.jpg\" alt=\"\" srcset=\"https:\/\/kommentatorenblog.de\/wp-content\/uploads\/2020\/09\/shure-55sh-ii-e1601485394796.jpg 415w, https:\/\/kommentatorenblog.de\/wp-content\/uploads\/2020\/09\/shure-55sh-ii-e1601485394796-142x300.jpg 142w\" sizes=\"auto, (max-width: 10px) 100vw, 10px\" \/>  Marcus Lindemann (Einzelspiel), Markus G\u00f6tz (Konferenz)<\/p>\n\n\n\n<p>Field-Reporter: Ulli Potofski<\/p>\n\n\n\n<p><strong><em>SC Freiburg <strong><em>\u2013<\/em><\/strong> VfB Stuttgart (15.30 Uhr)<\/em><\/strong><\/p>\n\n\n\n<p class=\"has-normal-font-size\"><img loading=\"lazy\" decoding=\"async\" width=\"10\" height=\"21\" class=\"wp-image-3656\" style=\"width: 10px;\" src=\"http:\/\/kommentatorenblog.de\/wp-content\/uploads\/2020\/09\/shure-55sh-ii-e1601485394796.jpg\" alt=\"\" srcset=\"https:\/\/kommentatorenblog.de\/wp-content\/uploads\/2020\/09\/shure-55sh-ii-e1601485394796.jpg 415w, https:\/\/kommentatorenblog.de\/wp-content\/uploads\/2020\/09\/shure-55sh-ii-e1601485394796-142x300.jpg 142w\" sizes=\"auto, (max-width: 10px) 100vw, 10px\" \/> Klaus Veltman (Einzelspiel), Jonas Friedrich (Konferenz)<\/p>\n\n\n\n<p>Field-Reporter: Torben Hoffmann<\/p>\n\n\n\n<p><strong><em>SpVgg Greuther F\u00fcrth <strong><em>\u2013 <\/em><\/strong>1. FSV Mainz 05 (15.30 Uhr)<\/em><\/strong><\/p>\n\n\n\n<p class=\"has-normal-font-size\"><img loading=\"lazy\" decoding=\"async\" width=\"10\" height=\"21\" class=\"wp-image-3656\" style=\"width: 10px;\" src=\"http:\/\/kommentatorenblog.de\/wp-content\/uploads\/2020\/09\/shure-55sh-ii-e1601485394796.jpg\" alt=\"\" srcset=\"https:\/\/kommentatorenblog.de\/wp-content\/uploads\/2020\/09\/shure-55sh-ii-e1601485394796.jpg 415w, https:\/\/kommentatorenblog.de\/wp-content\/uploads\/2020\/09\/shure-55sh-ii-e1601485394796-142x300.jpg 142w\" sizes=\"auto, (max-width: 10px) 100vw, 10px\" \/> Marcel Meinert (Einzelspiel), Roland Evers (Konferenz)<\/p>\n\n\n\n<p>Field-Reporter: Riccardo Basile<\/p>\n\n\n\n<p>Moderation: Britta Hofmann, Experte: Dietmar Hamann<\/p>\n\n\n\n<p><span style=\"text-decoration: underline;\">ab 17.30 Uhr (Sky)<\/span><\/p>\n\n\n\n<p><strong><em>VfL Bochum <strong><em>\u2013<\/em><\/strong> 1. FC K\u00f6ln (18.30 Uhr)<\/em><\/strong><\/p>\n\n\n\n<p class=\"has-normal-font-size\"><img loading=\"lazy\" decoding=\"async\" width=\"10\" height=\"21\" class=\"wp-image-3656\" style=\"width: 10px;\" src=\"http:\/\/kommentatorenblog.de\/wp-content\/uploads\/2020\/09\/shure-55sh-ii-e1601485394796.jpg\" alt=\"\" srcset=\"https:\/\/kommentatorenblog.de\/wp-content\/uploads\/2020\/09\/shure-55sh-ii-e1601485394796.jpg 415w, https:\/\/kommentatorenblog.de\/wp-content\/uploads\/2020\/09\/shure-55sh-ii-e1601485394796-142x300.jpg 142w\" sizes=\"auto, (max-width: 10px) 100vw, 10px\" \/> Wolff Fuss<\/p>\n\n\n\n<p>Field-Reporter: Martin Gro\u00df<\/p>\n\n\n\n<p>Moderation: Sebastian Hellmann, Experte: Lothar Matth\u00e4us<\/p>\n\n\n\n<p><span style=\"text-decoration: underline;\">Sonntag, 23. Januar  2022, ab 14.30 Uhr (DAZN)<\/span><\/p>\n\n\n\n<p><strong><em>RB Leipzig \u2013 VfL Wolfsburg (15.30 Uhr)<\/em><\/strong><\/p>\n\n\n\n<p class=\"has-normal-font-size\"><img loading=\"lazy\" decoding=\"async\" width=\"10\" height=\"21\" class=\"wp-image-3656\" style=\"width: 10px;\" src=\"http:\/\/kommentatorenblog.de\/wp-content\/uploads\/2020\/09\/shure-55sh-ii-e1601485394796.jpg\" alt=\"\" srcset=\"https:\/\/kommentatorenblog.de\/wp-content\/uploads\/2020\/09\/shure-55sh-ii-e1601485394796.jpg 415w, https:\/\/kommentatorenblog.de\/wp-content\/uploads\/2020\/09\/shure-55sh-ii-e1601485394796-142x300.jpg 142w\" sizes=\"auto, (max-width: 10px) 100vw, 10px\" \/> Jan Platte, Experte: Ralph Gunesch<\/p>\n\n\n\n<p>Moderation: <s>Tobi Wahnschaffe<\/s> Jan L\u00fcdeke, Field-Reporter: Marco Hagemann<\/p>\n\n\n\n<p><span style=\"text-decoration: underline;\">ab 17.00 Uhr (DAZN)<\/span><\/p>\n\n\n\n<p><strong><em>Hertha BSC \u2013 FC Bayern M\u00fcnchen (17.30 Uhr)<\/em><\/strong><\/p>\n\n\n\n<p class=\"has-normal-font-size\"><img loading=\"lazy\" decoding=\"async\" width=\"10\" height=\"21\" class=\"wp-image-3656\" style=\"width: 10px;\" src=\"http:\/\/kommentatorenblog.de\/wp-content\/uploads\/2020\/09\/shure-55sh-ii-e1601485394796.jpg\" alt=\"\" srcset=\"https:\/\/kommentatorenblog.de\/wp-content\/uploads\/2020\/09\/shure-55sh-ii-e1601485394796.jpg 415w, https:\/\/kommentatorenblog.de\/wp-content\/uploads\/2020\/09\/shure-55sh-ii-e1601485394796-142x300.jpg 142w\" sizes=\"auto, (max-width: 10px) 100vw, 10px\" \/> Uli Hebel, Experte: Sebastian Knei\u00dfl<\/p>\n\n\n\n<p>Moderation: Laura Wontorra, Field-Reporter: Daniel Herzog<\/p>\n\n\n\n<hr class=\"wp-block-separator\"\/>\n\n\n\n<p><strong>2. Bundesliga, 20. Spieltag <\/strong><\/p>\n\n\n\n<p><span style=\"text-decoration: underline;\">Freitag, 21. Januar 2022, ab 18.00 Uhr (Sky)<\/span><\/p>\n\n\n\n<p><strong><em>Konferenz (18.30 Uhr)<\/em><\/strong><\/p>\n\n\n\n<p> <img loading=\"lazy\" decoding=\"async\" width=\"10\" height=\"21\" class=\"wp-image-3656\" style=\"width: 10px;\" src=\"http:\/\/kommentatorenblog.de\/wp-content\/uploads\/2020\/09\/shure-55sh-ii-e1601485394796.jpg\" alt=\"\" srcset=\"https:\/\/kommentatorenblog.de\/wp-content\/uploads\/2020\/09\/shure-55sh-ii-e1601485394796.jpg 415w, https:\/\/kommentatorenblog.de\/wp-content\/uploads\/2020\/09\/shure-55sh-ii-e1601485394796-142x300.jpg 142w\" sizes=\"auto, (max-width: 10px) 100vw, 10px\" \/> Roland Evers (HSV-STP im Fokus)<\/p>\n\n\n\n<p><strong><em>Fortuna D\u00fcsseldorf<strong><em> \u2013<\/em><\/strong> 1. FC N\u00fcrnberg (18.30 Uhr)<\/em><\/strong><\/p>\n\n\n\n<p><img loading=\"lazy\" decoding=\"async\" width=\"10\" height=\"21\" class=\"wp-image-3656\" style=\"width: 10px;\" src=\"http:\/\/kommentatorenblog.de\/wp-content\/uploads\/2020\/09\/shure-55sh-ii-e1601485394796.jpg\" alt=\"\" srcset=\"https:\/\/kommentatorenblog.de\/wp-content\/uploads\/2020\/09\/shure-55sh-ii-e1601485394796.jpg 415w, https:\/\/kommentatorenblog.de\/wp-content\/uploads\/2020\/09\/shure-55sh-ii-e1601485394796-142x300.jpg 142w\" sizes=\"auto, (max-width: 10px) 100vw, 10px\" \/> Hansi K\u00fcpper, Field-Reporter: Jesco von Eichmann<\/p>\n\n\n\n<p><strong><em>Hamburger SV <meta charset=\"utf-8\"><strong><em><strong><em>\u2013<\/em><\/strong><\/em><\/strong> FC St. Pauli (18.30 Uhr)<\/em><\/strong><\/p>\n\n\n\n<p><img loading=\"lazy\" decoding=\"async\" width=\"10\" height=\"21\" class=\"wp-image-3656\" style=\"width: 10px;\" src=\"http:\/\/kommentatorenblog.de\/wp-content\/uploads\/2020\/09\/shure-55sh-ii-e1601485394796.jpg\" alt=\"\" srcset=\"https:\/\/kommentatorenblog.de\/wp-content\/uploads\/2020\/09\/shure-55sh-ii-e1601485394796.jpg 415w, https:\/\/kommentatorenblog.de\/wp-content\/uploads\/2020\/09\/shure-55sh-ii-e1601485394796-142x300.jpg 142w\" sizes=\"auto, (max-width: 10px) 100vw, 10px\" \/> Toni Tomic, Field-Reporter: Sven T\u00f6llner<\/p>\n\n\n\n<p>Moderation: Stefan Hempel<\/p>\n\n\n\n<p><span style=\"text-decoration: underline;\">Samstag, 22. Januar 2022, ab 13.00 Uhr (Sky)<\/span><\/p>\n\n\n\n<p><strong><em>Konferenz (13.30 Uhr)<\/em><\/strong><\/p>\n\n\n\n<p><img loading=\"lazy\" decoding=\"async\" width=\"10\" height=\"21\" class=\"wp-image-3656\" style=\"width: 10px;\" src=\"http:\/\/kommentatorenblog.de\/wp-content\/uploads\/2020\/09\/shure-55sh-ii-e1601485394796.jpg\" alt=\"\" srcset=\"https:\/\/kommentatorenblog.de\/wp-content\/uploads\/2020\/09\/shure-55sh-ii-e1601485394796.jpg 415w, https:\/\/kommentatorenblog.de\/wp-content\/uploads\/2020\/09\/shure-55sh-ii-e1601485394796-142x300.jpg 142w\" sizes=\"auto, (max-width: 10px) 100vw, 10px\" \/> Oliver Seidler (SCP-SVW im Fokus) <\/p>\n\n\n\n<p><strong><em>FC Hansa Rostock <meta charset=\"utf-8\"><strong><em><strong><em>\u2013<\/em><\/strong><\/em><\/strong> 1. FC Heidenheim (13.30 Uhr)<\/em><\/strong><\/p>\n\n\n\n<p><img loading=\"lazy\" decoding=\"async\" width=\"10\" height=\"21\" class=\"wp-image-3656\" style=\"width: 10px;\" src=\"http:\/\/kommentatorenblog.de\/wp-content\/uploads\/2020\/09\/shure-55sh-ii-e1601485394796.jpg\" alt=\"\" srcset=\"https:\/\/kommentatorenblog.de\/wp-content\/uploads\/2020\/09\/shure-55sh-ii-e1601485394796.jpg 415w, https:\/\/kommentatorenblog.de\/wp-content\/uploads\/2020\/09\/shure-55sh-ii-e1601485394796-142x300.jpg 142w\" sizes=\"auto, (max-width: 10px) 100vw, 10px\" \/> Sven Schr\u00f6ter<\/p>\n\n\n\n<p><strong><em>FC Ingolstadt 04 <meta charset=\"utf-8\"><strong><em><strong><em>\u2013<\/em><\/strong><\/em><\/strong> SV Darmstadt 98 (13.30 Uhr)<\/em><\/strong><\/p>\n\n\n\n<p><img loading=\"lazy\" decoding=\"async\" width=\"10\" height=\"21\" class=\"wp-image-3656\" style=\"width: 10px;\" src=\"http:\/\/kommentatorenblog.de\/wp-content\/uploads\/2020\/09\/shure-55sh-ii-e1601485394796.jpg\" alt=\"\" srcset=\"https:\/\/kommentatorenblog.de\/wp-content\/uploads\/2020\/09\/shure-55sh-ii-e1601485394796.jpg 415w, https:\/\/kommentatorenblog.de\/wp-content\/uploads\/2020\/09\/shure-55sh-ii-e1601485394796-142x300.jpg 142w\" sizes=\"auto, (max-width: 10px) 100vw, 10px\" \/> J\u00fcrgen Schmitz, Interviews: Schalte<\/p>\n\n\n\n<p><strong><em>SC Paderborn 07 <meta charset=\"utf-8\">\u2013 SV Werder Bremen (13.30 Uhr)<\/em><\/strong><\/p>\n\n\n\n<p><img loading=\"lazy\" decoding=\"async\" width=\"10\" height=\"21\" class=\"wp-image-3656\" style=\"width: 10px;\" src=\"http:\/\/kommentatorenblog.de\/wp-content\/uploads\/2020\/09\/shure-55sh-ii-e1601485394796.jpg\" alt=\"\" srcset=\"https:\/\/kommentatorenblog.de\/wp-content\/uploads\/2020\/09\/shure-55sh-ii-e1601485394796.jpg 415w, https:\/\/kommentatorenblog.de\/wp-content\/uploads\/2020\/09\/shure-55sh-ii-e1601485394796-142x300.jpg 142w\" sizes=\"auto, (max-width: 10px) 100vw, 10px\" \/> Sascha Roos, Field-Reporter: Karsten Petrzika<\/p>\n\n\n\n<p>Moderation: Hartmut von Kameke<\/p>\n\n\n\n<p><span style=\"text-decoration: underline;\">ab 19.30 Uhr (SPORT1) \/ ab 20.00 Uhr (Sky)<\/span><\/p>\n\n\n\n<p><em><strong>FC Erzgebirge Aue <meta charset=\"utf-8\"><strong><em>\u2013<\/em><\/strong> FC Schalke 04 (20.30 Uhr)<\/strong><\/em><\/p>\n\n\n\n<p>Sky: <img loading=\"lazy\" decoding=\"async\" width=\"10\" height=\"21\" class=\"wp-image-3656\" style=\"width: 10px;\" src=\"http:\/\/kommentatorenblog.de\/wp-content\/uploads\/2020\/09\/shure-55sh-ii-e1601485394796.jpg\" alt=\"\" srcset=\"https:\/\/kommentatorenblog.de\/wp-content\/uploads\/2020\/09\/shure-55sh-ii-e1601485394796.jpg 415w, https:\/\/kommentatorenblog.de\/wp-content\/uploads\/2020\/09\/shure-55sh-ii-e1601485394796-142x300.jpg 142w\" sizes=\"auto, (max-width: 10px) 100vw, 10px\" \/> Stefan Hempel, Experte: Daniel Meyer  <\/p>\n\n\n\n<p>Sport1: <img loading=\"lazy\" decoding=\"async\" width=\"10\" height=\"21\" class=\"wp-image-3656\" style=\"width: 10px;\" src=\"http:\/\/kommentatorenblog.de\/wp-content\/uploads\/2020\/09\/shure-55sh-ii-e1601485394796.jpg\" alt=\"\" srcset=\"https:\/\/kommentatorenblog.de\/wp-content\/uploads\/2020\/09\/shure-55sh-ii-e1601485394796.jpg 415w, https:\/\/kommentatorenblog.de\/wp-content\/uploads\/2020\/09\/shure-55sh-ii-e1601485394796-142x300.jpg 142w\" sizes=\"auto, (max-width: 10px) 100vw, 10px\" \/> Markus H\u00f6hner, Field-Reporter: Hartwig Th\u00f6ne<\/p>\n\n\n\n<p>Moderation (Sport1): Ruth Hofmann, Experte: Peter Neururer<\/p>\n\n\n\n<p><span style=\"text-decoration: underline;\">Sonntag, 23. Januar 2022, ab 13.00 Uhr (Sky)<\/span><\/p>\n\n\n\n<p><strong><em>Konferenz (13.30 Uhr)<\/em><\/strong><\/p>\n\n\n\n<p><img loading=\"lazy\" decoding=\"async\" width=\"10\" height=\"21\" class=\"wp-image-3656\" style=\"width: 10px;\" src=\"http:\/\/kommentatorenblog.de\/wp-content\/uploads\/2020\/09\/shure-55sh-ii-e1601485394796.jpg\" alt=\"\" srcset=\"https:\/\/kommentatorenblog.de\/wp-content\/uploads\/2020\/09\/shure-55sh-ii-e1601485394796.jpg 415w, https:\/\/kommentatorenblog.de\/wp-content\/uploads\/2020\/09\/shure-55sh-ii-e1601485394796-142x300.jpg 142w\" sizes=\"auto, (max-width: 10px) 100vw, 10px\" \/> Roland Evers (H96-SGD im Fokus) <\/p>\n\n\n\n<p><strong><em>Hannover 96 <meta charset=\"utf-8\"><em><strong><strong><em>\u2013<\/em><\/strong><\/strong><\/em> Dynamo Dresden (13.30 Uhr)<\/em><\/strong><\/p>\n\n\n\n<p><img loading=\"lazy\" decoding=\"async\" width=\"10\" height=\"21\" class=\"wp-image-3656\" style=\"width: 10px;\" src=\"http:\/\/kommentatorenblog.de\/wp-content\/uploads\/2020\/09\/shure-55sh-ii-e1601485394796.jpg\" alt=\"\" srcset=\"https:\/\/kommentatorenblog.de\/wp-content\/uploads\/2020\/09\/shure-55sh-ii-e1601485394796.jpg 415w, https:\/\/kommentatorenblog.de\/wp-content\/uploads\/2020\/09\/shure-55sh-ii-e1601485394796-142x300.jpg 142w\" sizes=\"auto, (max-width: 10px) 100vw, 10px\" \/> Marcel Meinert, Field-Reporter: Sven T\u00f6llner<\/p>\n\n\n\n<p><strong><em><s>Karlsruher SC <meta charset=\"utf-8\"><em><strong><strong><em>\u2013<\/em><\/strong><\/strong><\/em> SV Sandhausen (13.30 Uhr)<\/s><\/em><\/strong><\/p>\n\n\n\n<p><img loading=\"lazy\" decoding=\"async\" width=\"10\" height=\"21\" class=\"wp-image-3656\" style=\"width: 10px;\" src=\"http:\/\/kommentatorenblog.de\/wp-content\/uploads\/2020\/09\/shure-55sh-ii-e1601485394796.jpg\" alt=\"\" srcset=\"https:\/\/kommentatorenblog.de\/wp-content\/uploads\/2020\/09\/shure-55sh-ii-e1601485394796.jpg 415w, https:\/\/kommentatorenblog.de\/wp-content\/uploads\/2020\/09\/shure-55sh-ii-e1601485394796-142x300.jpg 142w\" sizes=\"auto, (max-width: 10px) 100vw, 10px\" \/> J\u00fcrgen Schmitz<\/p>\n\n\n\n<p><strong><em>SSV Jahn Regensburg <meta charset=\"utf-8\"><em><strong><strong><em>\u2013<\/em><\/strong><\/strong><\/em> Holstein Kiel (13.30 Uhr)<\/em><\/strong><\/p>\n\n\n\n<p><img loading=\"lazy\" decoding=\"async\" width=\"10\" height=\"21\" class=\"wp-image-3656\" style=\"width: 10px;\" src=\"http:\/\/kommentatorenblog.de\/wp-content\/uploads\/2020\/09\/shure-55sh-ii-e1601485394796.jpg\" alt=\"\" srcset=\"https:\/\/kommentatorenblog.de\/wp-content\/uploads\/2020\/09\/shure-55sh-ii-e1601485394796.jpg 415w, https:\/\/kommentatorenblog.de\/wp-content\/uploads\/2020\/09\/shure-55sh-ii-e1601485394796-142x300.jpg 142w\" sizes=\"auto, (max-width: 10px) 100vw, 10px\" \/> Oliver Seidler, Interviews: Schalte<\/p>\n\n\n\n<p>Moderation: Hartmut von Kameke<\/p>\n\n\n\n<hr class=\"wp-block-separator\"\/>\n\n\n\n<p><strong>3. Liga, 22. Spieltag<\/strong><\/p>\n\n\n\n<p><span style=\"text-decoration: underline;\">Freitag, 21. Januar 2022, ab 18.30 Uhr (Magenta Sport)<\/span><\/p>\n\n\n\n<p><em><strong>Borussia Dortmund II <meta charset=\"utf-8\"><strong><em>\u2013<\/em><\/strong> SC Freiburg II (19.00 Uhr)<\/strong><\/em><\/p>\n\n\n\n<p><img loading=\"lazy\" decoding=\"async\" width=\"10\" height=\"21\" class=\"wp-image-3656\" style=\"width: 10px;\" src=\"http:\/\/kommentatorenblog.de\/wp-content\/uploads\/2020\/09\/shure-55sh-ii-e1601485394796.jpg\" alt=\"\" srcset=\"https:\/\/kommentatorenblog.de\/wp-content\/uploads\/2020\/09\/shure-55sh-ii-e1601485394796.jpg 415w, https:\/\/kommentatorenblog.de\/wp-content\/uploads\/2020\/09\/shure-55sh-ii-e1601485394796-142x300.jpg 142w\" sizes=\"auto, (max-width: 10px) 100vw, 10px\" \/> Stefan Fuckert<\/p>\n\n\n\n<p>Moderation: Thomas Wagner, Experte: Steven Rupprecht<\/p>\n\n\n\n<p><span style=\"text-decoration: underline;\">Samstag, 22. Januar 2022, ab 13.45 Uhr (Magenta Sport)<\/span><\/p>\n\n\n\n<p><strong><em>Konferenz (14.00 Uhr)<\/em><\/strong><\/p>\n\n\n\n<p><img loading=\"lazy\" decoding=\"async\" width=\"10\" height=\"21\" class=\"wp-image-3656\" style=\"width: 10px;\" src=\"http:\/\/kommentatorenblog.de\/wp-content\/uploads\/2020\/09\/shure-55sh-ii-e1601485394796.jpg\" alt=\"\" srcset=\"https:\/\/kommentatorenblog.de\/wp-content\/uploads\/2020\/09\/shure-55sh-ii-e1601485394796.jpg 415w, https:\/\/kommentatorenblog.de\/wp-content\/uploads\/2020\/09\/shure-55sh-ii-e1601485394796-142x300.jpg 142w\" sizes=\"auto, (max-width: 10px) 100vw, 10px\" \/> Alexander Kunz<\/p>\n\n\n\n<p>Moderation: Martin Piller<\/p>\n\n\n\n<p><strong><em>1. FC Kaiserslautern <meta charset=\"utf-8\"><strong><em>\u2013<\/em><\/strong> FC Viktoria Berlin (14.00 Uhr)<\/em><\/strong><\/p>\n\n\n\n<p><img loading=\"lazy\" decoding=\"async\" width=\"10\" height=\"21\" class=\"wp-image-3656\" style=\"width: 10px;\" src=\"http:\/\/kommentatorenblog.de\/wp-content\/uploads\/2020\/09\/shure-55sh-ii-e1601485394796.jpg\" alt=\"\" srcset=\"https:\/\/kommentatorenblog.de\/wp-content\/uploads\/2020\/09\/shure-55sh-ii-e1601485394796.jpg 415w, https:\/\/kommentatorenblog.de\/wp-content\/uploads\/2020\/09\/shure-55sh-ii-e1601485394796-142x300.jpg 142w\" sizes=\"auto, (max-width: 10px) 100vw, 10px\" \/> Julian Engelhard<\/p>\n\n\n\n<p>Moderation: Konstantin Klostermann<\/p>\n\n\n\n<p><strong><em>FC Viktoria K\u00f6ln <meta charset=\"utf-8\"><strong><em>\u2013<\/em><\/strong> SC Verl (14.00 Uhr)<\/em><\/strong><\/p>\n\n\n\n<p><img loading=\"lazy\" decoding=\"async\" width=\"10\" height=\"21\" class=\"wp-image-3656\" style=\"width: 10px;\" src=\"http:\/\/kommentatorenblog.de\/wp-content\/uploads\/2020\/09\/shure-55sh-ii-e1601485394796.jpg\" alt=\"\" srcset=\"https:\/\/kommentatorenblog.de\/wp-content\/uploads\/2020\/09\/shure-55sh-ii-e1601485394796.jpg 415w, https:\/\/kommentatorenblog.de\/wp-content\/uploads\/2020\/09\/shure-55sh-ii-e1601485394796-142x300.jpg 142w\" sizes=\"auto, (max-width: 10px) 100vw, 10px\" \/> Christian Stra\u00dfburger<\/p>\n\n\n\n<p>Moderation: Tobias Sch\u00e4fer<\/p>\n\n\n\n<p><strong><em><b style=\"font-style: italic;\">FC W\u00fcr<\/b><span><b style=\"font-style: italic;\">zburger Kickers<\/b><\/span> <meta charset=\"utf-8\"><strong><em>\u2013<\/em><\/strong> SV Waldhof Mannheim 07 (14.00 Uhr)<\/em><\/strong><\/p>\n\n\n\n<p><img loading=\"lazy\" decoding=\"async\" width=\"10\" height=\"21\" class=\"wp-image-3656\" style=\"width: 10px;\" src=\"http:\/\/kommentatorenblog.de\/wp-content\/uploads\/2020\/09\/shure-55sh-ii-e1601485394796.jpg\" alt=\"\" srcset=\"https:\/\/kommentatorenblog.de\/wp-content\/uploads\/2020\/09\/shure-55sh-ii-e1601485394796.jpg 415w, https:\/\/kommentatorenblog.de\/wp-content\/uploads\/2020\/09\/shure-55sh-ii-e1601485394796-142x300.jpg 142w\" sizes=\"auto, (max-width: 10px) 100vw, 10px\" \/> S\u00f6nke Sievers<\/p>\n\n\n\n<p>Moderation: Kamila Benschop<\/p>\n\n\n\n<p><em><strong>SV Wehen Wiesbaden <meta charset=\"utf-8\"><strong><em>\u2013<\/em><\/strong> VfL Osnabr\u00fcck (14.00 Uhr)<\/strong><\/em><\/p>\n\n\n\n<p><img loading=\"lazy\" decoding=\"async\" width=\"10\" height=\"21\" class=\"wp-image-3656\" style=\"width: 10px;\" src=\"http:\/\/kommentatorenblog.de\/wp-content\/uploads\/2020\/09\/shure-55sh-ii-e1601485394796.jpg\" alt=\"\" srcset=\"https:\/\/kommentatorenblog.de\/wp-content\/uploads\/2020\/09\/shure-55sh-ii-e1601485394796.jpg 415w, https:\/\/kommentatorenblog.de\/wp-content\/uploads\/2020\/09\/shure-55sh-ii-e1601485394796-142x300.jpg 142w\" sizes=\"auto, (max-width: 10px) 100vw, 10px\" \/> Mario Bast<\/p>\n\n\n\n<p>Moderation: Holger Speckhahn<\/p>\n\n\n\n<p><span style=\"text-decoration: underline;\">ab 13.45 Uhr (Magenta Sport) \/ ab 14 Uhr (NDR\/MDR)<\/span> <\/p>\n\n\n\n<p><em><strong>Eintracht Braunschweig <meta charset=\"utf-8\"><strong><em>\u2013<\/em><\/strong> Hallescher FC (14.00 Uhr)<\/strong><\/em><\/p>\n\n\n\n<p><img loading=\"lazy\" decoding=\"async\" width=\"10\" height=\"21\" class=\"wp-image-3656\" style=\"width: 10px;\" src=\"http:\/\/kommentatorenblog.de\/wp-content\/uploads\/2020\/09\/shure-55sh-ii-e1601485394796.jpg\" alt=\"\" srcset=\"https:\/\/kommentatorenblog.de\/wp-content\/uploads\/2020\/09\/shure-55sh-ii-e1601485394796.jpg 415w, https:\/\/kommentatorenblog.de\/wp-content\/uploads\/2020\/09\/shure-55sh-ii-e1601485394796-142x300.jpg 142w\" sizes=\"auto, (max-width: 10px) 100vw, 10px\" \/> Magenta Sport: Markus Herwig<\/p>\n\n\n\n<p><img loading=\"lazy\" decoding=\"async\" width=\"10\" height=\"21\" class=\"wp-image-3656\" style=\"width: 10px;\" src=\"http:\/\/kommentatorenblog.de\/wp-content\/uploads\/2020\/09\/shure-55sh-ii-e1601485394796.jpg\" alt=\"\" srcset=\"https:\/\/kommentatorenblog.de\/wp-content\/uploads\/2020\/09\/shure-55sh-ii-e1601485394796.jpg 415w, https:\/\/kommentatorenblog.de\/wp-content\/uploads\/2020\/09\/shure-55sh-ii-e1601485394796-142x300.jpg 142w\" sizes=\"auto, (max-width: 10px) 100vw, 10px\" \/> NDR: Jan Neumann<\/p>\n\n\n\n<p>Moderation (Magenta Sport): Stefanie Blochwitz<\/p>\n\n\n\n<p>Moderation (NDR): Ben Wozny<\/p>\n\n\n\n<p><span style=\"text-decoration: underline;\">ab 13.45 Uhr (Magenta Sport) \/ ab 14 Uhr (BR)<\/span> <\/p>\n\n\n\n<p><strong><em><s><span><span style=\"font-weight: 600;\"><i>T\u00fcrkg\u00fcc\u00fc M\u00fcnchen<\/i><\/span><b style=\"font-style: italic;\"> <\/b><\/span><meta charset=\"utf-8\"><strong><em>\u2013<\/em><\/strong> TSV 1860 M\u00fcnchen (14.00 Uhr)<\/s><\/em><\/strong><\/p>\n\n\n\n<p><img loading=\"lazy\" decoding=\"async\" width=\"10\" height=\"21\" class=\"wp-image-3656\" style=\"width: 10px;\" src=\"http:\/\/kommentatorenblog.de\/wp-content\/uploads\/2020\/09\/shure-55sh-ii-e1601485394796.jpg\" alt=\"\" srcset=\"https:\/\/kommentatorenblog.de\/wp-content\/uploads\/2020\/09\/shure-55sh-ii-e1601485394796.jpg 415w, https:\/\/kommentatorenblog.de\/wp-content\/uploads\/2020\/09\/shure-55sh-ii-e1601485394796-142x300.jpg 142w\" sizes=\"auto, (max-width: 10px) 100vw, 10px\" \/> Magenta Sport: Alexander Klich<\/p>\n\n\n\n<p><img loading=\"lazy\" decoding=\"async\" width=\"10\" height=\"21\" class=\"wp-image-3656\" style=\"width: 10px;\" src=\"http:\/\/kommentatorenblog.de\/wp-content\/uploads\/2020\/09\/shure-55sh-ii-e1601485394796.jpg\" alt=\"\" srcset=\"https:\/\/kommentatorenblog.de\/wp-content\/uploads\/2020\/09\/shure-55sh-ii-e1601485394796.jpg 415w, https:\/\/kommentatorenblog.de\/wp-content\/uploads\/2020\/09\/shure-55sh-ii-e1601485394796-142x300.jpg 142w\" sizes=\"auto, (max-width: 10px) 100vw, 10px\" \/> BR: Lukas Sch\u00f6nm\u00fcller<\/p>\n\n\n\n<p>Moderation (Magenta Sport): Sascha Bandermann <\/p>\n\n\n\n<p>Moderation (BR): Julia B\u00fcchler, Experte: Manfred Bender<\/p>\n\n\n\n<p><span style=\"text-decoration: underline;\">Sonntag, 23. Januar 2022, ab 12.45 Uhr (Magenta Sport)<\/span><\/p>\n\n\n\n<p><strong><em>SV <\/em><\/strong><em><strong>Meppen <meta charset=\"utf-8\"><strong><em>\u2013<\/em><\/strong> FSV Zwickau (13.00 Uhr)<\/strong><\/em><\/p>\n\n\n\n<p><img loading=\"lazy\" decoding=\"async\" width=\"10\" height=\"21\" class=\"wp-image-3656\" style=\"width: 10px;\" src=\"http:\/\/kommentatorenblog.de\/wp-content\/uploads\/2020\/09\/shure-55sh-ii-e1601485394796.jpg\" alt=\"\" srcset=\"https:\/\/kommentatorenblog.de\/wp-content\/uploads\/2020\/09\/shure-55sh-ii-e1601485394796.jpg 415w, https:\/\/kommentatorenblog.de\/wp-content\/uploads\/2020\/09\/shure-55sh-ii-e1601485394796-142x300.jpg 142w\" sizes=\"auto, (max-width: 10px) 100vw, 10px\" \/> Gari Paubandt<\/p>\n\n\n\n<p>Moderation: Cedric Pick<\/p>\n\n\n\n<p><span style=\"text-decoration: underline;\">ab 13.45 Uhr (Magenta Sport)<\/span><\/p>\n\n\n\n<p><em><strong>MSV Duisburg <meta charset=\"utf-8\"><strong><em>\u2013<\/em><\/strong> 1. FC Saarbr\u00fccken (14.00 Uhr)<\/strong><\/em><\/p>\n\n\n\n<p><img loading=\"lazy\" decoding=\"async\" width=\"10\" height=\"21\" class=\"wp-image-3656\" style=\"width: 10px;\" src=\"http:\/\/kommentatorenblog.de\/wp-content\/uploads\/2020\/09\/shure-55sh-ii-e1601485394796.jpg\" alt=\"\" srcset=\"https:\/\/kommentatorenblog.de\/wp-content\/uploads\/2020\/09\/shure-55sh-ii-e1601485394796.jpg 415w, https:\/\/kommentatorenblog.de\/wp-content\/uploads\/2020\/09\/shure-55sh-ii-e1601485394796-142x300.jpg 142w\" sizes=\"auto, (max-width: 10px) 100vw, 10px\" \/> Christian Stra\u00dfburger<\/p>\n\n\n\n<p>Moderation: Tobias Wagner, Experte: Thomas Kraus<\/p>\n\n\n\n<p><span style=\"text-decoration: underline;\">ab 14.45 Uhr (Magenta Sport)<\/span><\/p>\n\n\n\n<p><strong><em>1. FC Magdeburg <meta charset=\"utf-8\"><strong><em>\u2013<\/em><\/strong> TSV Havelse<\/em><\/strong><\/p>\n\n\n\n<p><img loading=\"lazy\" decoding=\"async\" width=\"10\" height=\"21\" class=\"wp-image-3656\" style=\"width: 10px;\" src=\"http:\/\/kommentatorenblog.de\/wp-content\/uploads\/2020\/09\/shure-55sh-ii-e1601485394796.jpg\" alt=\"\" srcset=\"https:\/\/kommentatorenblog.de\/wp-content\/uploads\/2020\/09\/shure-55sh-ii-e1601485394796.jpg 415w, https:\/\/kommentatorenblog.de\/wp-content\/uploads\/2020\/09\/shure-55sh-ii-e1601485394796-142x300.jpg 142w\" sizes=\"auto, (max-width: 10px) 100vw, 10px\" \/> Andreas Mann<\/p>\n\n\n\n<p>Moderation: Anett Sattler<\/p>\n\n\n\n<hr class=\"wp-block-separator\"\/>\n\n\n\n<p><strong>Regionalliga Nordost, 22. Spieltag<\/strong> <\/p>\n\n\n\n<p><span style=\"text-decoration: underline;\">Samstag, 22. Januar 2022, ab 14.00 Uhr (MDR)<\/span><\/p>\n\n\n\n<p><strong><em>Carl Zeiss Jena <strong><em>\u2013<\/em><\/strong> 1. FC Lo<\/em>komotive Leipzig<\/strong><\/p>\n\n\n\n<p><img loading=\"lazy\" decoding=\"async\" width=\"10\" height=\"21\" class=\"wp-image-3656\" style=\"width: 10px;\" src=\"http:\/\/kommentatorenblog.de\/wp-content\/uploads\/2020\/09\/shure-55sh-ii-e1601485394796.jpg\" alt=\"\" srcset=\"https:\/\/kommentatorenblog.de\/wp-content\/uploads\/2020\/09\/shure-55sh-ii-e1601485394796.jpg 415w, https:\/\/kommentatorenblog.de\/wp-content\/uploads\/2020\/09\/shure-55sh-ii-e1601485394796-142x300.jpg 142w\" sizes=\"auto, (max-width: 10px) 100vw, 10px\" \/> Andreas Mann<\/p>\n\n\n\n<p>Moderation: Tom Scheunemann, Experte: Benjamin Kirsten<\/p>\n\n\n\n<hr class=\"wp-block-separator\"\/>\n\n\n\n<p><strong>Premier League, 23. Spieltag (Sky)<\/strong><\/p>\n\n\n\n<p><span style=\"text-decoration: underline;\">Freitag, 21. Januar 2022, ab 20.50 Uhr<\/span><\/p>\n\n\n\n<p><strong><em>FC Watford \u2013&nbsp;Norwich City<\/em><\/strong> <strong><em>(21.00 Uhr)<\/em><\/strong><\/p>\n\n\n\n<p><img loading=\"lazy\" decoding=\"async\" width=\"10\" height=\"21\" class=\"wp-image-3656\" style=\"width: 10px;\" src=\"http:\/\/kommentatorenblog.de\/wp-content\/uploads\/2020\/09\/shure-55sh-ii-e1601485394796.jpg\" alt=\"\" srcset=\"https:\/\/kommentatorenblog.de\/wp-content\/uploads\/2020\/09\/shure-55sh-ii-e1601485394796.jpg 415w, https:\/\/kommentatorenblog.de\/wp-content\/uploads\/2020\/09\/shure-55sh-ii-e1601485394796-142x300.jpg 142w\" sizes=\"auto, (max-width: 10px) 100vw, 10px\" \/> Sven Schr\u00f6ter<\/p>\n\n\n\n<p><span style=\"text-decoration: underline;\">Samstag, 22. Januar 2022, ab 13.20 Uhr<\/span><\/p>\n\n\n\n<p><strong><em>FC Everton \u2013 Aston Villa (13.30 Uhr) <\/em><\/strong><\/p>\n\n\n\n<p><img loading=\"lazy\" decoding=\"async\" width=\"10\" height=\"21\" class=\"wp-image-3656\" style=\"width: 10px;\" src=\"http:\/\/kommentatorenblog.de\/wp-content\/uploads\/2020\/09\/shure-55sh-ii-e1601485394796.jpg\" alt=\"\" srcset=\"https:\/\/kommentatorenblog.de\/wp-content\/uploads\/2020\/09\/shure-55sh-ii-e1601485394796.jpg 415w, https:\/\/kommentatorenblog.de\/wp-content\/uploads\/2020\/09\/shure-55sh-ii-e1601485394796-142x300.jpg 142w\" sizes=\"auto, (max-width: 10px) 100vw, 10px\" \/> Uli Hebel<\/p>\n\n\n\n<p><span style=\"text-decoration: underline;\">ab 15.50 Uhr<\/span> <\/p>\n\n\n\n<p><strong><em>Manchester United \u2013&nbsp;West Ham United<\/em><\/strong> <strong><em>(16.00 Uhr)<\/em><\/strong><\/p>\n\n\n\n<p><img loading=\"lazy\" decoding=\"async\" width=\"10\" height=\"21\" class=\"wp-image-3656\" style=\"width: 10px;\" src=\"http:\/\/kommentatorenblog.de\/wp-content\/uploads\/2020\/09\/shure-55sh-ii-e1601485394796.jpg\" alt=\"\" srcset=\"https:\/\/kommentatorenblog.de\/wp-content\/uploads\/2020\/09\/shure-55sh-ii-e1601485394796.jpg 415w, https:\/\/kommentatorenblog.de\/wp-content\/uploads\/2020\/09\/shure-55sh-ii-e1601485394796-142x300.jpg 142w\" sizes=\"auto, (max-width: 10px) 100vw, 10px\" \/> Hannes Herrmann<\/p>\n\n\n\n<p><strong><em>Leeds United \u2013 Newcastle United<\/em><\/strong> <strong><em>(16.00 Uhr)<\/em><\/strong><\/p>\n\n\n\n<p><img loading=\"lazy\" decoding=\"async\" width=\"10\" height=\"21\" class=\"wp-image-3656\" style=\"width: 10px;\" src=\"http:\/\/kommentatorenblog.de\/wp-content\/uploads\/2020\/09\/shure-55sh-ii-e1601485394796.jpg\" alt=\"\" srcset=\"https:\/\/kommentatorenblog.de\/wp-content\/uploads\/2020\/09\/shure-55sh-ii-e1601485394796.jpg 415w, https:\/\/kommentatorenblog.de\/wp-content\/uploads\/2020\/09\/shure-55sh-ii-e1601485394796-142x300.jpg 142w\" sizes=\"auto, (max-width: 10px) 100vw, 10px\" \/> Thomas Wagner<\/p>\n\n\n\n<p><em>re-live:<\/em> <strong><em>FC Brentford \u2013 Wolverhampton Wanderers<\/em><\/strong> <strong><em>(16.00 Uhr)<\/em><\/strong><\/p>\n\n\n\n<p><img loading=\"lazy\" decoding=\"async\" width=\"10\" height=\"21\" class=\"wp-image-3656\" style=\"width: 10px;\" src=\"http:\/\/kommentatorenblog.de\/wp-content\/uploads\/2020\/09\/shure-55sh-ii-e1601485394796.jpg\" alt=\"\" srcset=\"https:\/\/kommentatorenblog.de\/wp-content\/uploads\/2020\/09\/shure-55sh-ii-e1601485394796.jpg 415w, https:\/\/kommentatorenblog.de\/wp-content\/uploads\/2020\/09\/shure-55sh-ii-e1601485394796-142x300.jpg 142w\" sizes=\"auto, (max-width: 10px) 100vw, 10px\" \/> Dominik M\u00fcller<\/p>\n\n\n\n<p><span style=\"text-decoration: underline;\">ab 18.20 Uhr<\/span> <\/p>\n\n\n\n<p><em><strong>FC Southampton \u2013&nbsp;Manchester City<\/strong><\/em> <strong><em>(18.30 Uhr)<\/em><\/strong><\/p>\n\n\n\n<p><img loading=\"lazy\" decoding=\"async\" width=\"10\" height=\"21\" class=\"wp-image-3656\" style=\"width: 10px;\" src=\"http:\/\/kommentatorenblog.de\/wp-content\/uploads\/2020\/09\/shure-55sh-ii-e1601485394796.jpg\" alt=\"\" srcset=\"https:\/\/kommentatorenblog.de\/wp-content\/uploads\/2020\/09\/shure-55sh-ii-e1601485394796.jpg 415w, https:\/\/kommentatorenblog.de\/wp-content\/uploads\/2020\/09\/shure-55sh-ii-e1601485394796-142x300.jpg 142w\" sizes=\"auto, (max-width: 10px) 100vw, 10px\" \/> Joachim Hebel<\/p>\n\n\n\n<p><span style=\"text-decoration: underline;\">Sonntag, 23. Januar 2022, ab 14.50 Uhr<\/span> <\/p>\n\n\n\n<p><strong><em>Crystal Palace \u2013 FC Liverpool<\/em><\/strong> <strong><em>(15.00 Uhr)<\/em><\/strong><\/p>\n\n\n\n<p><img loading=\"lazy\" decoding=\"async\" width=\"10\" height=\"21\" class=\"wp-image-3656\" style=\"width: 10px;\" src=\"http:\/\/kommentatorenblog.de\/wp-content\/uploads\/2020\/09\/shure-55sh-ii-e1601485394796.jpg\" alt=\"\" srcset=\"https:\/\/kommentatorenblog.de\/wp-content\/uploads\/2020\/09\/shure-55sh-ii-e1601485394796.jpg 415w, https:\/\/kommentatorenblog.de\/wp-content\/uploads\/2020\/09\/shure-55sh-ii-e1601485394796-142x300.jpg 142w\" sizes=\"auto, (max-width: 10px) 100vw, 10px\" \/> Hannes Herrmann<\/p>\n\n\n\n<p><strong><em>FC Arsenal \u2013 FC Burnley (15.00 Uhr)<\/em><\/strong><\/p>\n\n\n\n<p><img loading=\"lazy\" decoding=\"async\" width=\"10\" height=\"21\" class=\"wp-image-3656\" style=\"width: 10px;\" src=\"http:\/\/kommentatorenblog.de\/wp-content\/uploads\/2020\/09\/shure-55sh-ii-e1601485394796.jpg\" alt=\"\" srcset=\"https:\/\/kommentatorenblog.de\/wp-content\/uploads\/2020\/09\/shure-55sh-ii-e1601485394796.jpg 415w, https:\/\/kommentatorenblog.de\/wp-content\/uploads\/2020\/09\/shure-55sh-ii-e1601485394796-142x300.jpg 142w\" sizes=\"auto, (max-width: 10px) 100vw, 10px\" \/> Joachim Hebel<\/p>\n\n\n\n<p><em>re-live:<\/em> <strong><em>Leicester City \u2013 Brighton &amp; Hove Albion<\/em><\/strong> <strong><em>(15.00 Uhr)<\/em><\/strong><\/p>\n\n\n\n<p><img loading=\"lazy\" decoding=\"async\" width=\"10\" height=\"21\" class=\"wp-image-3656\" style=\"width: 10px;\" src=\"http:\/\/kommentatorenblog.de\/wp-content\/uploads\/2020\/09\/shure-55sh-ii-e1601485394796.jpg\" alt=\"\" srcset=\"https:\/\/kommentatorenblog.de\/wp-content\/uploads\/2020\/09\/shure-55sh-ii-e1601485394796.jpg 415w, https:\/\/kommentatorenblog.de\/wp-content\/uploads\/2020\/09\/shure-55sh-ii-e1601485394796-142x300.jpg 142w\" sizes=\"auto, (max-width: 10px) 100vw, 10px\" \/> Markus Gaupp<\/p>\n\n\n\n<p><span style=\"text-decoration: underline;\">ab 17.00 Uhr<\/span><\/p>\n\n\n\n<p><strong><em>FC Chelsea <meta charset=\"utf-8\"><strong><em>\u2013<\/em><\/strong> Tottenham Hotspur<\/em><\/strong> <strong><em>(17.30 Uhr)<\/em><\/strong><\/p>\n\n\n\n<p><img loading=\"lazy\" decoding=\"async\" width=\"10\" height=\"21\" class=\"wp-image-3656\" style=\"width: 10px;\" src=\"http:\/\/kommentatorenblog.de\/wp-content\/uploads\/2020\/09\/shure-55sh-ii-e1601485394796.jpg\" alt=\"\" srcset=\"https:\/\/kommentatorenblog.de\/wp-content\/uploads\/2020\/09\/shure-55sh-ii-e1601485394796.jpg 415w, https:\/\/kommentatorenblog.de\/wp-content\/uploads\/2020\/09\/shure-55sh-ii-e1601485394796-142x300.jpg 142w\" sizes=\"auto, (max-width: 10px) 100vw, 10px\" \/> Florian Schmidt-Sommerfeld, Experte: Ren\u00e9 Adler<\/p>\n\n\n\n<hr class=\"wp-block-separator\"\/>\n\n\n\n<p><strong>LaLiga, 22. Spieltag (DAZN) <\/strong><\/p>\n\n\n\n<p><meta charset=\"utf-8\"><span style=\"text-decoration: underline;\">Samstag, 22. Januar 2022<\/span> <\/p>\n\n\n\n<p><strong><em>FC Sevilla \u2013 Celta Vigo (18.30 Uhr)<\/em><\/strong> <\/p>\n\n\n\n<p><img loading=\"lazy\" decoding=\"async\" width=\"10\" height=\"21\" class=\"wp-image-3656\" style=\"width: 10px;\" src=\"http:\/\/kommentatorenblog.de\/wp-content\/uploads\/2020\/09\/shure-55sh-ii-e1601485394796.jpg\" alt=\"\" srcset=\"https:\/\/kommentatorenblog.de\/wp-content\/uploads\/2020\/09\/shure-55sh-ii-e1601485394796.jpg 415w, https:\/\/kommentatorenblog.de\/wp-content\/uploads\/2020\/09\/shure-55sh-ii-e1601485394796-142x300.jpg 142w\" sizes=\"auto, (max-width: 10px) 100vw, 10px\" \/> Freddie Schulz<\/p>\n\n\n\n<p><strong><em>Atl\u00e9tico Madrid \u2013 FC Valencia (21.00 Uhr)<\/em><\/strong> <\/p>\n\n\n\n<p><img loading=\"lazy\" decoding=\"async\" width=\"10\" height=\"21\" class=\"wp-image-3656\" style=\"width: 10px;\" src=\"http:\/\/kommentatorenblog.de\/wp-content\/uploads\/2020\/09\/shure-55sh-ii-e1601485394796.jpg\" alt=\"\" srcset=\"https:\/\/kommentatorenblog.de\/wp-content\/uploads\/2020\/09\/shure-55sh-ii-e1601485394796.jpg 415w, https:\/\/kommentatorenblog.de\/wp-content\/uploads\/2020\/09\/shure-55sh-ii-e1601485394796-142x300.jpg 142w\" sizes=\"auto, (max-width: 10px) 100vw, 10px\" \/> Lukas Sch\u00f6nm\u00fcller<\/p>\n\n\n\n<p><span style=\"text-decoration: underline;\">Sonntag, 23. Januar 2022<\/span> <\/p>\n\n\n\n<p><strong><em>Real Madrid \u2013 FC Elche (16.15 Uhr)<\/em><\/strong><\/p>\n\n\n\n<p><img loading=\"lazy\" decoding=\"async\" width=\"10\" height=\"21\" class=\"wp-image-3656\" style=\"width: 10px;\" src=\"http:\/\/kommentatorenblog.de\/wp-content\/uploads\/2020\/09\/shure-55sh-ii-e1601485394796.jpg\" alt=\"\" srcset=\"https:\/\/kommentatorenblog.de\/wp-content\/uploads\/2020\/09\/shure-55sh-ii-e1601485394796.jpg 415w, https:\/\/kommentatorenblog.de\/wp-content\/uploads\/2020\/09\/shure-55sh-ii-e1601485394796-142x300.jpg 142w\" sizes=\"auto, (max-width: 10px) 100vw, 10px\" \/> Nico Seepe, Experte: Michi Hofmann<\/p>\n\n\n\n<p><strong><em>Real Sociedad \u2013 FC Getafe (18.30 Uhr)<\/em><\/strong> <\/p>\n\n\n\n<p><img loading=\"lazy\" decoding=\"async\" width=\"10\" height=\"21\" class=\"wp-image-3656\" style=\"width: 10px;\" src=\"http:\/\/kommentatorenblog.de\/wp-content\/uploads\/2020\/09\/shure-55sh-ii-e1601485394796.jpg\" alt=\"\" srcset=\"https:\/\/kommentatorenblog.de\/wp-content\/uploads\/2020\/09\/shure-55sh-ii-e1601485394796.jpg 415w, https:\/\/kommentatorenblog.de\/wp-content\/uploads\/2020\/09\/shure-55sh-ii-e1601485394796-142x300.jpg 142w\" sizes=\"auto, (max-width: 10px) 100vw, 10px\" \/> Michael Born<\/p>\n\n\n\n<p><strong><em>Deportivo Alav\u00e9s \u2013 FC Barcelona (21.00 Uhr)<\/em><\/strong> <\/p>\n\n\n\n<p><img loading=\"lazy\" decoding=\"async\" width=\"10\" height=\"21\" class=\"wp-image-3656\" style=\"width: 10px;\" src=\"http:\/\/kommentatorenblog.de\/wp-content\/uploads\/2020\/09\/shure-55sh-ii-e1601485394796.jpg\" alt=\"\" srcset=\"https:\/\/kommentatorenblog.de\/wp-content\/uploads\/2020\/09\/shure-55sh-ii-e1601485394796.jpg 415w, https:\/\/kommentatorenblog.de\/wp-content\/uploads\/2020\/09\/shure-55sh-ii-e1601485394796-142x300.jpg 142w\" sizes=\"auto, (max-width: 10px) 100vw, 10px\" \/> Flo Hauser, Experte: Benny Lauth<\/p>\n\n\n\n<hr class=\"wp-block-separator\"\/>\n\n\n\n<p><strong>Serie A, 23. Spieltag (DAZN) <\/strong><\/p>\n\n\n\n<p><span style=\"text-decoration: underline;\">Samstag, 22. Januar 2022<\/span> <\/p>\n\n\n\n<p><strong><em>Inter Mailand \u2013 FC Venedig (18.00 Uhr)<\/em><\/strong> <\/p>\n\n\n\n<p><img loading=\"lazy\" decoding=\"async\" width=\"10\" height=\"21\" class=\"wp-image-3656\" style=\"width: 10px;\" src=\"http:\/\/kommentatorenblog.de\/wp-content\/uploads\/2020\/09\/shure-55sh-ii-e1601485394796.jpg\" alt=\"\" srcset=\"https:\/\/kommentatorenblog.de\/wp-content\/uploads\/2020\/09\/shure-55sh-ii-e1601485394796.jpg 415w, https:\/\/kommentatorenblog.de\/wp-content\/uploads\/2020\/09\/shure-55sh-ii-e1601485394796-142x300.jpg 142w\" sizes=\"auto, (max-width: 10px) 100vw, 10px\" \/> Matthias Naebers<\/p>\n\n\n\n<p><strong><em>Lazio Rom \u2013 Atalanta Bergamo (20.45 Uhr)<\/em><\/strong> <\/p>\n\n\n\n<p><meta charset=\"utf-8\"><img loading=\"lazy\" decoding=\"async\" width=\"10\" height=\"21\" class=\"wp-image-3656\" style=\"width: 10px;\" src=\"http:\/\/kommentatorenblog.de\/wp-content\/uploads\/2020\/09\/shure-55sh-ii-e1601485394796.jpg\" alt=\"\" srcset=\"https:\/\/kommentatorenblog.de\/wp-content\/uploads\/2020\/09\/shure-55sh-ii-e1601485394796.jpg 415w, https:\/\/kommentatorenblog.de\/wp-content\/uploads\/2020\/09\/shure-55sh-ii-e1601485394796-142x300.jpg 142w\" sizes=\"auto, (max-width: 10px) 100vw, 10px\" \/> Carsten Fu\u00df, Experte: Christian Bernhard<\/p>\n\n\n\n<p><span style=\"text-decoration: underline;\">Sonntag, 23. Januar 2022<\/span> <\/p>\n\n\n\n<p><strong><em>SSC Neapel \u2013 US Salernita (15.00 Uhr)<\/em><\/strong><\/p>\n\n\n\n<p><img loading=\"lazy\" decoding=\"async\" width=\"10\" height=\"21\" class=\"wp-image-3656\" style=\"width: 10px;\" src=\"http:\/\/kommentatorenblog.de\/wp-content\/uploads\/2020\/09\/shure-55sh-ii-e1601485394796.jpg\" alt=\"\" srcset=\"https:\/\/kommentatorenblog.de\/wp-content\/uploads\/2020\/09\/shure-55sh-ii-e1601485394796.jpg 415w, https:\/\/kommentatorenblog.de\/wp-content\/uploads\/2020\/09\/shure-55sh-ii-e1601485394796-142x300.jpg 142w\" sizes=\"auto, (max-width: 10px) 100vw, 10px\" \/> Uwe Morawe<\/p>\n\n\n\n<p><strong><em>FC Empoli \u2013 AS Rom (18.00 Uhr)<\/em><\/strong> <\/p>\n\n\n\n<p><img loading=\"lazy\" decoding=\"async\" width=\"10\" height=\"21\" class=\"wp-image-3656\" style=\"width: 10px;\" src=\"http:\/\/kommentatorenblog.de\/wp-content\/uploads\/2020\/09\/shure-55sh-ii-e1601485394796.jpg\" alt=\"\" srcset=\"https:\/\/kommentatorenblog.de\/wp-content\/uploads\/2020\/09\/shure-55sh-ii-e1601485394796.jpg 415w, https:\/\/kommentatorenblog.de\/wp-content\/uploads\/2020\/09\/shure-55sh-ii-e1601485394796-142x300.jpg 142w\" sizes=\"auto, (max-width: 10px) 100vw, 10px\" \/> Oliver Forster<\/p>\n\n\n\n<p><strong><em>AC Mailand \u2013 Juventus Turin (20.45 Uhr)<\/em><\/strong> <\/p>\n\n\n\n<p><img loading=\"lazy\" decoding=\"async\" width=\"10\" height=\"21\" class=\"wp-image-3656\" style=\"width: 10px;\" src=\"http:\/\/kommentatorenblog.de\/wp-content\/uploads\/2020\/09\/shure-55sh-ii-e1601485394796.jpg\" alt=\"\" srcset=\"https:\/\/kommentatorenblog.de\/wp-content\/uploads\/2020\/09\/shure-55sh-ii-e1601485394796.jpg 415w, https:\/\/kommentatorenblog.de\/wp-content\/uploads\/2020\/09\/shure-55sh-ii-e1601485394796-142x300.jpg 142w\" sizes=\"auto, (max-width: 10px) 100vw, 10px\" \/> Mario Rieker, Experte: Christian Bernhard<\/p>\n\n\n\n<hr class=\"wp-block-separator\"\/>\n\n\n\n<p><strong>Ligue 1, 22. Spieltag (DAZN)<\/strong><\/p>\n\n\n\n<p><span style=\"text-decoration: underline;\">Freitag, 21. Januar 2022<\/span> <\/p>\n\n\n\n<p><strong><em>Olympique Lyon <strong><em>\u2013 <\/em><\/strong>AS Saint-\u00c9tienne (21.00 Uhr)<\/em><\/strong><\/p>\n\n\n\n<p><img loading=\"lazy\" decoding=\"async\" width=\"10\" height=\"21\" class=\"wp-image-3656\" style=\"width: 10px;\" src=\"http:\/\/kommentatorenblog.de\/wp-content\/uploads\/2020\/09\/shure-55sh-ii-e1601485394796.jpg\" alt=\"\" srcset=\"https:\/\/kommentatorenblog.de\/wp-content\/uploads\/2020\/09\/shure-55sh-ii-e1601485394796.jpg 415w, https:\/\/kommentatorenblog.de\/wp-content\/uploads\/2020\/09\/shure-55sh-ii-e1601485394796-142x300.jpg 142w\" sizes=\"auto, (max-width: 10px) 100vw, 10px\" \/> Chris Putz<\/p>\n\n\n\n<p><span style=\"text-decoration: underline;\">Sonntag, <span style=\"text-decoration: underline;\">23. Januar <\/span>2022<\/span> <\/p>\n\n\n\n<p><strong><em>HSC Montpellier \u2013 AS Monaco (17.05 Uhr)<\/em><\/strong><\/p>\n\n\n\n<p><img loading=\"lazy\" decoding=\"async\" width=\"10\" height=\"21\" class=\"wp-image-3656\" style=\"width: 10px;\" src=\"http:\/\/kommentatorenblog.de\/wp-content\/uploads\/2020\/09\/shure-55sh-ii-e1601485394796.jpg\" alt=\"\" srcset=\"https:\/\/kommentatorenblog.de\/wp-content\/uploads\/2020\/09\/shure-55sh-ii-e1601485394796.jpg 415w, https:\/\/kommentatorenblog.de\/wp-content\/uploads\/2020\/09\/shure-55sh-ii-e1601485394796-142x300.jpg 142w\" sizes=\"auto, (max-width: 10px) 100vw, 10px\" \/> Guido H\u00fcsgen<\/p>\n\n\n\n<p><strong><em>Paris Saint-Germain \u2013 Stade Reims (20.45 Uhr)<\/em><\/strong><\/p>\n\n\n\n<p><img loading=\"lazy\" decoding=\"async\" width=\"10\" height=\"21\" class=\"wp-image-3656\" style=\"width: 10px;\" src=\"http:\/\/kommentatorenblog.de\/wp-content\/uploads\/2020\/09\/shure-55sh-ii-e1601485394796.jpg\" alt=\"\" srcset=\"https:\/\/kommentatorenblog.de\/wp-content\/uploads\/2020\/09\/shure-55sh-ii-e1601485394796.jpg 415w, https:\/\/kommentatorenblog.de\/wp-content\/uploads\/2020\/09\/shure-55sh-ii-e1601485394796-142x300.jpg 142w\" sizes=\"auto, (max-width: 10px) 100vw, 10px\" \/> Stefan Galler, Experte: Alexis Menuge<\/p>\n\n\n\n<hr class=\"wp-block-separator\"\/>\n\n\n\n<p><strong>Afrika-Cup, Achtelfinale (Sportdigital FUSSBALL)<\/strong><\/p>\n\n\n\n<p><span style=\"text-decoration: underline;\">Sonntag, 23. Januar 2022<\/span> <\/p>\n\n\n\n<p><strong><em>Burkina Faso \u2013 Gabun (17.00 Uhr)<\/em><\/strong><\/p>\n\n\n\n<p><img loading=\"lazy\" decoding=\"async\" width=\"10\" height=\"21\" class=\"wp-image-3656\" style=\"width: 10px;\" src=\"http:\/\/kommentatorenblog.de\/wp-content\/uploads\/2020\/09\/shure-55sh-ii-e1601485394796.jpg\" alt=\"\" srcset=\"https:\/\/kommentatorenblog.de\/wp-content\/uploads\/2020\/09\/shure-55sh-ii-e1601485394796.jpg 415w, https:\/\/kommentatorenblog.de\/wp-content\/uploads\/2020\/09\/shure-55sh-ii-e1601485394796-142x300.jpg 142w\" sizes=\"auto, (max-width: 10px) 100vw, 10px\" \/> Jonathan Dreier<\/p>\n\n\n\n<p><strong><em>Nigeria <strong><em>\u2013<\/em><\/strong> Tunesien <\/em><\/strong><strong><em>(20.00 Uhr)<\/em><\/strong><\/p>\n\n\n\n<p><img loading=\"lazy\" decoding=\"async\" width=\"10\" height=\"21\" class=\"wp-image-3656\" style=\"width: 10px;\" src=\"http:\/\/kommentatorenblog.de\/wp-content\/uploads\/2020\/09\/shure-55sh-ii-e1601485394796.jpg\" alt=\"\" srcset=\"https:\/\/kommentatorenblog.de\/wp-content\/uploads\/2020\/09\/shure-55sh-ii-e1601485394796.jpg 415w, https:\/\/kommentatorenblog.de\/wp-content\/uploads\/2020\/09\/shure-55sh-ii-e1601485394796-142x300.jpg 142w\" sizes=\"auto, (max-width: 10px) 100vw, 10px\" \/> <meta charset=\"utf-8\">Christian Blunck<\/p>\n\n\n\n<p><span style=\"text-decoration: underline;\">Montag, 24. Januar 2022<\/span> <\/p>\n\n\n\n<p><strong><em>Guinea \u2013 Gambia (17.00 Uhr)<\/em><\/strong><\/p>\n\n\n\n<p><img loading=\"lazy\" decoding=\"async\" width=\"10\" height=\"21\" class=\"wp-image-3656\" style=\"width: 10px;\" src=\"http:\/\/kommentatorenblog.de\/wp-content\/uploads\/2020\/09\/shure-55sh-ii-e1601485394796.jpg\" alt=\"\" srcset=\"https:\/\/kommentatorenblog.de\/wp-content\/uploads\/2020\/09\/shure-55sh-ii-e1601485394796.jpg 415w, https:\/\/kommentatorenblog.de\/wp-content\/uploads\/2020\/09\/shure-55sh-ii-e1601485394796-142x300.jpg 142w\" sizes=\"auto, (max-width: 10px) 100vw, 10px\" \/> Marcus Radefeld<\/p>\n\n\n\n<p><strong><em>Kamerun <strong><em>\u2013<\/em><\/strong> Komoren<\/em><\/strong> <strong><em>(20.00 Uhr)<\/em><\/strong><\/p>\n\n\n\n<p><img loading=\"lazy\" decoding=\"async\" width=\"10\" height=\"21\" class=\"wp-image-3656\" style=\"width: 10px;\" src=\"http:\/\/kommentatorenblog.de\/wp-content\/uploads\/2020\/09\/shure-55sh-ii-e1601485394796.jpg\" alt=\"\" srcset=\"https:\/\/kommentatorenblog.de\/wp-content\/uploads\/2020\/09\/shure-55sh-ii-e1601485394796.jpg 415w, https:\/\/kommentatorenblog.de\/wp-content\/uploads\/2020\/09\/shure-55sh-ii-e1601485394796-142x300.jpg 142w\" sizes=\"auto, (max-width: 10px) 100vw, 10px\" \/> Arne Malsch<\/p>\n\n\n\n<hr class=\"wp-block-separator\"\/>\n\n\n\n<p><strong>Internationaler Fu\u00dfball <meta charset=\"utf-8\">(Sportdigital FUSSBALL)<\/strong><\/p>\n\n\n\n<p><span style=\"text-decoration: underline;\">Freitag, 21. Januar 2022<\/span><\/p>\n\n\n\n<p>Primeira Liga, 19. Spieltag: <strong><em>FC Arouca <meta charset=\"utf-8\">\u2013 Benfica Lissabon (20.00 Uhr)<\/em><\/strong><\/p>\n\n\n\n<p><meta charset=\"utf-8\"><img loading=\"lazy\" decoding=\"async\" width=\"10\" height=\"21\" class=\"wp-image-3656\" style=\"width: 10px;\" src=\"http:\/\/kommentatorenblog.de\/wp-content\/uploads\/2020\/09\/shure-55sh-ii-e1601485394796.jpg\" alt=\"\" srcset=\"https:\/\/kommentatorenblog.de\/wp-content\/uploads\/2020\/09\/shure-55sh-ii-e1601485394796.jpg 415w, https:\/\/kommentatorenblog.de\/wp-content\/uploads\/2020\/09\/shure-55sh-ii-e1601485394796-142x300.jpg 142w\" sizes=\"auto, (max-width: 10px) 100vw, 10px\" \/> J\u00f6rg Steiger<\/p>\n\n\n\n<p><span style=\"text-decoration: underline;\">Samstag, 22. Januar 2022<\/span><\/p>\n\n\n\n<p><meta charset=\"utf-8\">A-League, 11. Spieltag: <strong><em>Sydney FC <meta charset=\"utf-8\">\u2013 Perth Glory (9.45 Uhr)<\/em><\/strong><\/p>\n\n\n\n<p><meta charset=\"utf-8\"><img loading=\"lazy\" decoding=\"async\" width=\"10\" height=\"21\" class=\"wp-image-3656\" style=\"width: 10px;\" src=\"http:\/\/kommentatorenblog.de\/wp-content\/uploads\/2020\/09\/shure-55sh-ii-e1601485394796.jpg\" alt=\"\" srcset=\"https:\/\/kommentatorenblog.de\/wp-content\/uploads\/2020\/09\/shure-55sh-ii-e1601485394796.jpg 415w, https:\/\/kommentatorenblog.de\/wp-content\/uploads\/2020\/09\/shure-55sh-ii-e1601485394796-142x300.jpg 142w\" sizes=\"auto, (max-width: 10px) 100vw, 10px\" \/> Christian Blunck<\/p>\n\n\n\n<p><meta charset=\"utf-8\">Sky Bet Championship, 28. Spieltag: <strong><em>Nottingham Forest <meta charset=\"utf-8\">\u2013 Derby County (<meta charset=\"utf-8\">13.30 Uhr)<\/em><\/strong><\/p>\n\n\n\n<p><meta charset=\"utf-8\"><img loading=\"lazy\" decoding=\"async\" width=\"10\" height=\"21\" class=\"wp-image-3656\" style=\"width: 10px;\" src=\"http:\/\/kommentatorenblog.de\/wp-content\/uploads\/2020\/09\/shure-55sh-ii-e1601485394796.jpg\" alt=\"\" srcset=\"https:\/\/kommentatorenblog.de\/wp-content\/uploads\/2020\/09\/shure-55sh-ii-e1601485394796.jpg 415w, https:\/\/kommentatorenblog.de\/wp-content\/uploads\/2020\/09\/shure-55sh-ii-e1601485394796-142x300.jpg 142w\" sizes=\"auto, (max-width: 10px) 100vw, 10px\" \/> Marvin Kirsch<\/p>\n\n\n\n<p><meta charset=\"utf-8\">Sky Bet Championship, 28. Spieltag: <strong><em>Birmingham City <meta charset=\"utf-8\">\u2013 FC Barnsley (<meta charset=\"utf-8\">16.00 Uhr)<\/em><\/strong><\/p>\n\n\n\n<p><meta charset=\"utf-8\"><img loading=\"lazy\" decoding=\"async\" width=\"10\" height=\"21\" class=\"wp-image-3656\" style=\"width: 10px;\" src=\"http:\/\/kommentatorenblog.de\/wp-content\/uploads\/2020\/09\/shure-55sh-ii-e1601485394796.jpg\" alt=\"\" srcset=\"https:\/\/kommentatorenblog.de\/wp-content\/uploads\/2020\/09\/shure-55sh-ii-e1601485394796.jpg 415w, https:\/\/kommentatorenblog.de\/wp-content\/uploads\/2020\/09\/shure-55sh-ii-e1601485394796-142x300.jpg 142w\" sizes=\"auto, (max-width: 10px) 100vw, 10px\" \/> Arne Malsch<\/p>\n\n\n\n<p><meta charset=\"utf-8\">Primeira Liga, 19. Spieltag: <strong><em>Sporting Lissabon <meta charset=\"utf-8\">\u2013 Sporting Braga (<meta charset=\"utf-8\">21.30 Uhr)<\/em><\/strong><\/p>\n\n\n\n<p><meta charset=\"utf-8\"><img loading=\"lazy\" decoding=\"async\" width=\"10\" height=\"21\" class=\"wp-image-3656\" style=\"width: 10px;\" src=\"http:\/\/kommentatorenblog.de\/wp-content\/uploads\/2020\/09\/shure-55sh-ii-e1601485394796.jpg\" alt=\"\" srcset=\"https:\/\/kommentatorenblog.de\/wp-content\/uploads\/2020\/09\/shure-55sh-ii-e1601485394796.jpg 415w, https:\/\/kommentatorenblog.de\/wp-content\/uploads\/2020\/09\/shure-55sh-ii-e1601485394796-142x300.jpg 142w\" sizes=\"auto, (max-width: 10px) 100vw, 10px\" \/> Karsten Linke<\/p>\n\n\n\n<p><span style=\"text-decoration: underline;\">Sonntag, 23. Januar 2022<\/span><\/p>\n\n\n\n<p><meta charset=\"utf-8\">A-League, 11. Spieltag: <strong><em>Brisbane Roar <meta charset=\"utf-8\">\u2013 Adelaide United (8.45 Uhr)<\/em><\/strong><\/p>\n\n\n\n<p><meta charset=\"utf-8\"><img loading=\"lazy\" decoding=\"async\" width=\"10\" height=\"21\" class=\"wp-image-3656\" style=\"width: 10px;\" src=\"http:\/\/kommentatorenblog.de\/wp-content\/uploads\/2020\/09\/shure-55sh-ii-e1601485394796.jpg\" alt=\"\" srcset=\"https:\/\/kommentatorenblog.de\/wp-content\/uploads\/2020\/09\/shure-55sh-ii-e1601485394796.jpg 415w, https:\/\/kommentatorenblog.de\/wp-content\/uploads\/2020\/09\/shure-55sh-ii-e1601485394796-142x300.jpg 142w\" sizes=\"auto, (max-width: 10px) 100vw, 10px\" \/> Jakob Vogel<\/p>\n\n\n\n<p><meta charset=\"utf-8\">Eredivisie, 20. Spieltag: <strong><em>NEC Nijmegen <meta charset=\"utf-8\">\u2013 Feyenoord Rotterdam (<meta charset=\"utf-8\">12.15 Uhr)<\/em><\/strong><\/p>\n\n\n\n<p><meta charset=\"utf-8\"><img loading=\"lazy\" decoding=\"async\" width=\"10\" height=\"21\" class=\"wp-image-3656\" style=\"width: 10px;\" src=\"http:\/\/kommentatorenblog.de\/wp-content\/uploads\/2020\/09\/shure-55sh-ii-e1601485394796.jpg\" alt=\"\" srcset=\"https:\/\/kommentatorenblog.de\/wp-content\/uploads\/2020\/09\/shure-55sh-ii-e1601485394796.jpg 415w, https:\/\/kommentatorenblog.de\/wp-content\/uploads\/2020\/09\/shure-55sh-ii-e1601485394796-142x300.jpg 142w\" sizes=\"auto, (max-width: 10px) 100vw, 10px\" \/> Marcus Radefeld<\/p>\n\n\n\n<p><meta charset=\"utf-8\">Eredivisie, 20. Spieltag: <strong><em>PSV Eindhoven <meta charset=\"utf-8\">\u2013 Ajax Amsterdam (<meta charset=\"utf-8\">14.30 Uhr)<\/em><\/strong><\/p>\n\n\n\n<p><meta charset=\"utf-8\"><img loading=\"lazy\" decoding=\"async\" width=\"10\" height=\"21\" class=\"wp-image-3656\" style=\"width: 10px;\" src=\"http:\/\/kommentatorenblog.de\/wp-content\/uploads\/2020\/09\/shure-55sh-ii-e1601485394796.jpg\" alt=\"\" srcset=\"https:\/\/kommentatorenblog.de\/wp-content\/uploads\/2020\/09\/shure-55sh-ii-e1601485394796.jpg 415w, https:\/\/kommentatorenblog.de\/wp-content\/uploads\/2020\/09\/shure-55sh-ii-e1601485394796-142x300.jpg 142w\" sizes=\"auto, (max-width: 10px) 100vw, 10px\" \/> Karsten Linke<\/p>\n\n\n\n<p><meta charset=\"utf-8\">Primeira Liga, 19. Spieltag: <strong><em>FC Porto <meta charset=\"utf-8\">\u2013 FC Famalicao (<meta charset=\"utf-8\">21.30 Uhr)<\/em><\/strong><\/p>\n\n\n\n<p><meta charset=\"utf-8\"><img loading=\"lazy\" decoding=\"async\" width=\"10\" height=\"21\" class=\"wp-image-3656\" style=\"width: 10px;\" src=\"http:\/\/kommentatorenblog.de\/wp-content\/uploads\/2020\/09\/shure-55sh-ii-e1601485394796.jpg\" alt=\"\" srcset=\"https:\/\/kommentatorenblog.de\/wp-content\/uploads\/2020\/09\/shure-55sh-ii-e1601485394796.jpg 415w, https:\/\/kommentatorenblog.de\/wp-content\/uploads\/2020\/09\/shure-55sh-ii-e1601485394796-142x300.jpg 142w\" sizes=\"auto, (max-width: 10px) 100vw, 10px\" \/> J\u00f6rg Steiger<\/p>\n\n\n\n<hr class=\"wp-block-separator\"\/>\n\n\n\n<p><strong>Die Analyse<\/strong><\/p>\n\n\n\n<p><strong>DAZN am Freitag nur aus der Box<\/strong><\/p>\n\n\n\n<p>Zum zweiten Mal in Folge l\u00e4utet Marco Hagemann den Freitagabend ein. Zuletzt in Dortmund k\u00fcmmert er sich nun um die Partie zwischen Eintracht Frankfurt und Arminia Bielefeld, Experte ist Benny Lauth. Allerdings melden sich die beiden nur aus der Box. Field-Reporterin ist mal wieder Miriam Sinno, die zuletzt im November f\u00fcr DAZN im Einsatz war. Als Moderator fungiert Daniel Herzog.<\/p>\n\n\n\n<p><strong>Pokal-Verlierer sind Samstag dran<\/strong><\/p>\n\n\n\n<p>Gleich f\u00fcnf Klubs, die unter der Woche aus dem DFB-Pokal ausgeschieden sind, sehen wir beim Bundesliga-Samstag auf Sky. Mit Hoffenheim und dem BVB treffen zwei dieser Vereine sogar im direkten Duell aufeinander. Wer wird wessen Aufbaugegner? Kai Dittmann wei\u00df mehr. Aber auch Hansi K\u00fcpper schaut sich das Spiel in der Konferenz an.<\/p>\n\n\n\n<p>Borussia M\u00f6nchengladbach bekommt es mit Union Berlin zu tun. Torsten Kunde reist an den Niederrhein, Schmiso kommentiert die Partie aus M\u00fcnchen. Marcus Lindemann bekommt schon zum zweiten Mal im noch jungen Jahr ein Bayer-Heimspiel. Die Werkself empf\u00e4ngt den FC Augsburg. Markus G\u00f6tz h\u00f6ren wir in der Konferenz. Das Baden-W\u00fcrttemberg-Duell zwischen Freiburg und Stuttgart ist eine Sache f\u00fcr Klaus Veltman (Einzelspiel) und Jonas Friedrich (Konferenz). Au\u00dferdem berichtet Marcel Meinert aus Franken. Die Torschreie bei F\u00fcrth gegen Mainz liefert Roland Evers.<\/p>\n\n\n\n<p><strong>DAZN macht \u201eTopspiel\u201c Konkurrenz<\/strong><\/p>\n\n\n\n<p>Am Samstagabend wird der Topspiel-Begriff ein bisschen weiter ausgelegt, wobei ja sowohl der VfL Bochum als auch der 1. FC K\u00f6ln so etwas wie die \u00dcberraschungsteams der Saison darstellen. Wolff Fuss meldet sich von der Castroper Stra\u00dfe, Martin Gro\u00df geht im Ruhrstadion auf Stimmenfang. Wie immer sind Sebastian Hellmann und Lothar Matth\u00e4us f\u00fcr die Analyse zust\u00e4ndig.<\/p>\n\n\n\n<p>Der Sonntag auf DAZN wei\u00df dann aber erst Recht zu \u00fcberzeugen, wobei die Namen der ersten Paarung, Leipzig und Wolfsburg, mehr hergeben, als die Tabelle aktuell widerspiegelt. Insbesondere die W\u00f6lfe hinken nat\u00fcrlich den Erwartungen zur\u00fcck. Bei RB Leipzig ist im neuen Jahr immerhin mit drei souver\u00e4nen Pflichtspielsiegen in Serie ein Positivtrend nicht zu verkennen. Jan Platte und Ralph Gunesch bringen in Erfahrung, ob die Serie anh\u00e4lt.&nbsp;<\/p>\n\n\n\n<p>Am fr\u00fchen Abend sind dann noch die Bayern in der Hauptstadt dran. Uli Hebel und Sebastian Knei\u00dfl kommentieren live aus dem Olympiastadion. Die ganze Crew um Moderatorin Laura Wontorra ist vor Ort, Daniel Herzog holt die Interviews rein. In Leipzig f\u00fchrt \u00fcbrigens Marco Hagemann die Interviews. Eine volle Woche f\u00fcr den Mann, der vergangenen Sonntag noch im Sport1-Doppelpass zu h\u00f6ren war.<\/p>\n\n\n\n<p><strong>Derbys in der 2. und 3. Liga<\/strong><\/p>\n\n\n\n<p>In der zweith\u00f6chsten deutschen Fu\u00dfballliga steht am Freitag mit St. Pauli beim HSV ein Stadtderby an. Nachdem Toni Tomic diese Paarung in der Hinrunde im Fokus-Kommentar der Konferenz begleitete, berichtet er nun im Einzelspiel. Hansi K\u00fcpper schaut sich w\u00e4hrenddessen den Auftritt der N\u00fcrnberger in D\u00fcsseldorf an. J\u00fcrgen Schmitz kommt an diesem Wochenende gleich doppelt zum Einsatz, und auch Oliver Seidler verzeichnet wie schon vergangene Woche eine Ansetzung in Liga 2. <\/p>\n\n\n\n<p><br>Um das Topspiel im Erzgebirge k\u00fcmmert sich wie gewohnt Stefan Hempel, hat an diesem Wochenende allerdings Daniel Meyer, U19-Trainer von RB Leipzig, an seiner Seite. F\u00fcr SPORT1 ist erstmals seit Oktober wieder Peter Neururer dabei. Ruth Hofmann moderiert, Hartwig Th\u00f6ne stellt Fragen und Markus H\u00f6hner, der im Pokal versehentlich Grammozis&#8216; Entlassung verk\u00fcndete, kommentiert nun das Schalke-Spiel.<\/p>\n\n\n\n<p>Auch in der 3. Liga steht ein Stadtderby auf dem Programm. T\u00fcrkg\u00fcc\u00fc M\u00fcnchen empf\u00e4ngt am Samstagnachmittag die L\u00f6wen. Eine Partie, die selbstverst\u00e4ndlich auch im BR \u00fcbertragen wird. F\u00fcr Magenta Sport kommentiert Alex Klich, f\u00fcr den Bayerischen Rundfunk Lukas Sch\u00f6nm\u00fcller. Au\u00dferdem kommt es in der 3. Liga zum Duell zwischen dem Ersten und den Letzten. Ob der 1. FC Magdeburg den TSV Havelse aus der MDCC-Arena schie\u00dft oder am Aufsteiger zu knabbern hat, erz\u00e4hlt uns Andreas Mann.<\/p>\n\n\n\n<p>Der MDR nimmt anstelle einer Drittligabegegnung den DDR-Oberliga-Klassiker Carl Zeiss Jena gegen Lok Leipzig ins Programm.<\/p>\n\n\n\n<p><strong>London-Duell und Norditalien-Kracher<\/strong><\/p>\n\n\n\n<p>In der Premier League d\u00fcrfen wir uns vor allem auf das London-Derby Chelsea gegen Tottenham freuen &#8211; nachdem das Nordlondon-Derby, was eigentlich letzte Woche stattfinden sollte, ja verschoben werden musste. Diesmal stehen die Zeichen jedoch auf Anpfiff, Florian Schmidt-Sommerfeld ist mit von der Partie. Jogi Hebel und Hannes Herrmann verzeichnen jeweils zwei Eins\u00e4tze.<\/p>\n\n\n\n<p>In Italien sticht vor allem das Kr\u00e4ftemessen zwischen dem AC Mailand und Juventus Turin hervor. Mario Rieker erh\u00e4lt den Vorzug vor Carsten Fu\u00df, der sich wiederum Lazio Rom gegen Atalanta Bergamo anschaut. In beiden F\u00e4llen unterst\u00fctzt Christian Bernhard mit seiner Expertise.<\/p>\n\n\n\n<p>Sportdigital.FUSSBALL hat neben ausgew\u00e4hlten Spielen der Liga NOS, Eredivisie und Co. auch weiterhin den Afrika-Cup im Programm. Die \u00fcbrigen Partien und Ansetzungen werden erg\u00e4nzt, wenn sie feststehen.<\/p>\n\n\n\n<p>Ansonsten ein sch\u00f6nes Fu\u00dfball-Wochenende allerseits!<\/p>\n","protected":false},"excerpt":{"rendered":"<p>N&#8217;Abend allerseits,&nbsp; Der Afrika-Cup steht nach seinem am heutigen Tag endenden dritten Spieltag unmittelbar vor der n\u00e4chsten Runde: Dem Achtelfinale, das sich \u00fcbrigens kongruent zu den letzten beiden Europameisterschaften zusammensetzt. Die ersten beiden Achtelfinal-Partien stehen dann am Sonntag an. Wie auch an den drei darauffolgenden Tagen sind diese Spiele auf 17 Uhr und 20 Uhr [&hellip;]<\/p>\n","protected":false},"author":12,"featured_media":0,"comment_status":"open","ping_status":"open","sticky":false,"template":"","format":"standard","meta":{"footnotes":""},"categories":[424],"tags":[20,10,685,34,216,166,178,60,131,164,212,13,89,104,25,650,48,103,69,86,93,676,122,44,158,31,205,9,70,43,112,243,67,17,618,113,601,23,108,327,45,76,98,222,127,22,66,134,28,24,87,105,107],"class_list":["post-11608","post","type-post","status-publish","format-standard","hentry","category-bundesliga-und-co","tag-2-bundesliga","tag-3-liga","tag-afrika-cup","tag-alex-klich","tag-andreas-mann","tag-benny-lauth","tag-br","tag-bundesliga","tag-carsten-fuss","tag-christian-bernhard","tag-daniel-herzog","tag-dazn","tag-florian-schmidt-sommerfeld","tag-hannes-herrmann","tag-hansi-kuepper","tag-hartwig-thoene-2","tag-jan-platte","tag-jogi-hebel","tag-jonas-friedrich","tag-juergen-schmitz","tag-kai-dittmann","tag-klaus-veltman","tag-laliga","tag-laura-wontorra","tag-ligue-1","tag-lothar-matthaeus","tag-lukas-schoenmueller","tag-magenta-sport","tag-marcel-meinert","tag-marco-hagemann","tag-marcus-lindemann","tag-mario-rieker","tag-markus-hoehner","tag-mdr","tag-miriam-sinno","tag-oliver-seidler","tag-peter-neururer","tag-premier-league","tag-ralph-gunesch","tag-regionalliga-nordost","tag-roland-evers","tag-ruth-hofmann","tag-sebastian-hellmann","tag-sebastian-kneissl","tag-serie-a","tag-sky","tag-sport1","tag-sportdigital-fussball","tag-stefan-hempel","tag-toni-tomic","tag-torsten-kunde","tag-uli-hebel","tag-wolff-fuss"],"_links":{"self":[{"href":"https:\/\/kommentatorenblog.de\/index.php?rest_route=\/wp\/v2\/posts\/11608","targetHints":{"allow":["GET"]}}],"collection":[{"href":"https:\/\/kommentatorenblog.de\/index.php?rest_route=\/wp\/v2\/posts"}],"about":[{"href":"https:\/\/kommentatorenblog.de\/index.php?rest_route=\/wp\/v2\/types\/post"}],"author":[{"embeddable":true,"href":"https:\/\/kommentatorenblog.de\/index.php?rest_route=\/wp\/v2\/users\/12"}],"replies":[{"embeddable":true,"href":"https:\/\/kommentatorenblog.de\/index.php?rest_route=%2Fwp%2Fv2%2Fcomments&post=11608"}],"version-history":[{"count":53,"href":"https:\/\/kommentatorenblog.de\/index.php?rest_route=\/wp\/v2\/posts\/11608\/revisions"}],"predecessor-version":[{"id":11764,"href":"https:\/\/kommentatorenblog.de\/index.php?rest_route=\/wp\/v2\/posts\/11608\/revisions\/11764"}],"wp:attachment":[{"href":"https:\/\/kommentatorenblog.de\/index.php?rest_route=%2Fwp%2Fv2%2Fmedia&parent=11608"}],"wp:term":[{"taxonomy":"category","embeddable":true,"href":"https:\/\/kommentatorenblog.de\/index.php?rest_route=%2Fwp%2Fv2%2Fcategories&post=11608"},{"taxonomy":"post_tag","embeddable":true,"href":"https:\/\/kommentatorenblog.de\/index.php?rest_route=%2Fwp%2Fv2%2Ftags&post=11608"}],"curies":[{"name":"wp","href":"https:\/\/api.w.org\/{rel}","templated":true}]}}