{"id":11747,"date":"2022-01-24T19:27:15","date_gmt":"2022-01-24T17:27:15","guid":{"rendered":"http:\/\/kommentatorenblog.de\/?p=11747"},"modified":"2022-01-24T20:20:06","modified_gmt":"2022-01-24T18:20:06","slug":"1228-englische-woche-und-achtelfinale","status":"publish","type":"post","link":"https:\/\/kommentatorenblog.de\/?p=11747","title":{"rendered":"1228 &#8211; Englische Woche und Achtelfinale"},"content":{"rendered":"<p>N&#8217;Abend allerseits!<\/p>\n<p><\/p>\n<p>Nachdem die 1. und 2. Bundesliga, wir haben es hier im Blog mehrfach thematisiert, in eine kleine Spielpause gehen, steht in Liga 3 noch einmal eine englische Woche an. W\u00e4hrend der FC Magdeburg mit 48 Punkten vorweg marschiert, wird es dahinter, wie gewohnt, eng. Den Tabellenzweiten Lautern und den 10. Wiesbaden trennen gerade einmal 8 Punkte. Auch im unteren Tabellendrittel geht es eng zu, wenngleich die W\u00fcrzburger Kickers und vor allem Aufsteiger Havelse mit Sicherheit die Sorgenkinder der Liga sind. Allerdings konnten die Niedersachsen den Magdeburgern zuletzt einen Punkt abtrotzen, was wieder einmal beweist: In Liga 3 kann alles passieren.<\/p>\n<p>Wenn der FCK am Dienstag gegen die M\u00fcnchner L\u00f6wen im Fernduell um den direkten Aufstiegsplatz vorlegen muss und die gelb-blauen L\u00f6wen aus Braunschweig am Mittwoch versuchen, nachzulegen, ist Magenta Sport nat\u00fcrlich exklusiv mit von der Partie. &nbsp;<\/p>\n<p>Unterdessen geht auch der Afrika-Cup mit der zweiten H\u00e4lfte der Achtelfinals weiter. Ich habe mir fest vorgenommen, mindestens zwei Spiele zu verfolgen. Wie ist das bei euch? Verfolgt ihr den Cup? Schreibt gern mal in die Kommentare, welchen Eindruck ihr von diesem Turnier, das ja bereits einige \u00dcberraschungen geboten hat, habt.&nbsp;<\/p>\n<p>Und damit komme ich auch schon zu den Ansetzungen!<\/p>\n\n\n<p><strong><em>Die Ansetzungen vom 25. Januar bis zum 27. Januar 2022<\/em><\/strong><\/p>\n\n\n\n<p><strong>3. Liga, 22. Spieltag<\/strong><\/p>\n\n\n\n<p><span style=\"text-decoration: underline;\">Dienstag, 25. Januar 2022, ab 18.45 Uhr (Magenta Sport)<\/span><\/p>\n\n\n\n<p><strong>Konferenz:<\/strong><\/p>\n\n\n\n<p><img loading=\"lazy\" decoding=\"async\" width=\"10\" height=\"21\" class=\"wp-image-3656\" style=\"width: 10px;\" src=\"http:\/\/kommentatorenblog.de\/wp-content\/uploads\/2020\/09\/shure-55sh-ii-e1601485394796.jpg\" alt=\"\" srcset=\"https:\/\/kommentatorenblog.de\/wp-content\/uploads\/2020\/09\/shure-55sh-ii-e1601485394796.jpg 415w, https:\/\/kommentatorenblog.de\/wp-content\/uploads\/2020\/09\/shure-55sh-ii-e1601485394796-142x300.jpg 142w\" sizes=\"auto, (max-width: 10px) 100vw, 10px\" \/> Martin Piller und Alexander Klich <\/p>\n\n\n\n<p><span><span style=\"font-weight: 600;\"><i>Halle<\/i><\/span><\/span><strong><em><span><span style=\"font-weight: 600;\"><i>scher<\/i><\/span><b style=\"font-style: italic;\"> <\/b><\/span>FC &#8211; FC Viktoria Berlin (19.00 Uhr)<\/em><\/strong><\/p>\n\n\n\n<p><img loading=\"lazy\" decoding=\"async\" width=\"10\" height=\"21\" class=\"wp-image-3656\" style=\"width: 10px;\" src=\"http:\/\/kommentatorenblog.de\/wp-content\/uploads\/2020\/09\/shure-55sh-ii-e1601485394796.jpg\" alt=\"\" srcset=\"https:\/\/kommentatorenblog.de\/wp-content\/uploads\/2020\/09\/shure-55sh-ii-e1601485394796.jpg 415w, https:\/\/kommentatorenblog.de\/wp-content\/uploads\/2020\/09\/shure-55sh-ii-e1601485394796-142x300.jpg 142w\" sizes=\"auto, (max-width: 10px) 100vw, 10px\" \/> Lenny Leonhardt<\/p>\n\n\n\n<p>Moderation: Alexander K\u00fcpper<\/p>\n\n\n\n<p><em><strong>SC Freiburg II &#8211; T\u00fcrkg\u00fcc\u00fc M\u00fcnchen <\/strong><\/em>(19.00 Uhr)<\/p>\n\n\n\n<p><img loading=\"lazy\" decoding=\"async\" width=\"10\" height=\"21\" class=\"wp-image-3656\" style=\"width: 10px;\" src=\"http:\/\/kommentatorenblog.de\/wp-content\/uploads\/2020\/09\/shure-55sh-ii-e1601485394796.jpg\" alt=\"\" srcset=\"https:\/\/kommentatorenblog.de\/wp-content\/uploads\/2020\/09\/shure-55sh-ii-e1601485394796.jpg 415w, https:\/\/kommentatorenblog.de\/wp-content\/uploads\/2020\/09\/shure-55sh-ii-e1601485394796-142x300.jpg 142w\" sizes=\"auto, (max-width: 10px) 100vw, 10px\" \/> Oskar Heiler <\/p>\n\n\n\n<p>Moderation: Cedric Pick <\/p>\n\n\n\n<p><em><strong>SV Waldhof Mannheim &#8211; FC Viktoria K\u00f6ln <\/strong><\/em>(19.00 Uhr)<\/p>\n\n\n\n<p><img loading=\"lazy\" decoding=\"async\" width=\"10\" height=\"21\" class=\"wp-image-3656\" style=\"width: 10px;\" src=\"http:\/\/kommentatorenblog.de\/wp-content\/uploads\/2020\/09\/shure-55sh-ii-e1601485394796.jpg\" alt=\"\" srcset=\"https:\/\/kommentatorenblog.de\/wp-content\/uploads\/2020\/09\/shure-55sh-ii-e1601485394796.jpg 415w, https:\/\/kommentatorenblog.de\/wp-content\/uploads\/2020\/09\/shure-55sh-ii-e1601485394796-142x300.jpg 142w\" sizes=\"auto, (max-width: 10px) 100vw, 10px\" \/> Stefan Fuckert <\/p>\n\n\n\n<p>Moderation: Kamila Benschop <\/p>\n\n\n\n<p><em><strong>TSV 1860 M\u00fcnchen &#8211; 1. <\/strong><\/em><strong><em>FC Kaiserslautern (19.00 Uhr)<\/em><\/strong><\/p>\n\n\n\n<p><img loading=\"lazy\" decoding=\"async\" width=\"10\" height=\"21\" class=\"wp-image-3656\" style=\"width: 10px;\" src=\"http:\/\/kommentatorenblog.de\/wp-content\/uploads\/2020\/09\/shure-55sh-ii-e1601485394796.jpg\" alt=\"\" srcset=\"https:\/\/kommentatorenblog.de\/wp-content\/uploads\/2020\/09\/shure-55sh-ii-e1601485394796.jpg 415w, https:\/\/kommentatorenblog.de\/wp-content\/uploads\/2020\/09\/shure-55sh-ii-e1601485394796-142x300.jpg 142w\" sizes=\"auto, (max-width: 10px) 100vw, 10px\" \/> Christian Stra\u00dfburger<\/p>\n\n\n\n<p>Moderation: Anett Sattler<\/p>\n\n\n\n<p><strong><em><span><span style=\"font-weight: 600;\"><i>VfL<\/i><\/span><b style=\"font-style: italic;\"> <\/b><\/span>Osnabr\u00fcck &#8211; FC W\u00fcrzburger Kickers (19<\/em><\/strong><em><strong>.00 Uhr)<\/strong><\/em><\/p>\n\n\n\n<p><img loading=\"lazy\" decoding=\"async\" width=\"10\" height=\"21\" class=\"wp-image-3656\" style=\"width: 10px;\" src=\"http:\/\/kommentatorenblog.de\/wp-content\/uploads\/2020\/09\/shure-55sh-ii-e1601485394796.jpg\" alt=\"\" srcset=\"https:\/\/kommentatorenblog.de\/wp-content\/uploads\/2020\/09\/shure-55sh-ii-e1601485394796.jpg 415w, https:\/\/kommentatorenblog.de\/wp-content\/uploads\/2020\/09\/shure-55sh-ii-e1601485394796-142x300.jpg 142w\" sizes=\"auto, (max-width: 10px) 100vw, 10px\" \/> Markus H\u00f6hner<\/p>\n\n\n\n<p>Moderation: Gari Paubandt <\/p>\n\n\n\n<p><span style=\"text-decoration: underline;\">Mittwoch, 26. Januar 2022, ab 18.30 Uhr (Magenta Sport)<\/span><\/p>\n\n\n\n<p><strong><em>MSV Duisburg &#8211; 1. FC Magdeburg (19.00 Uhr)<\/em><\/strong><\/p>\n\n\n\n<p><img loading=\"lazy\" decoding=\"async\" width=\"10\" height=\"21\" class=\"wp-image-3656\" style=\"width: 10px;\" src=\"http:\/\/kommentatorenblog.de\/wp-content\/uploads\/2020\/09\/shure-55sh-ii-e1601485394796.jpg\" alt=\"\" srcset=\"https:\/\/kommentatorenblog.de\/wp-content\/uploads\/2020\/09\/shure-55sh-ii-e1601485394796.jpg 415w, https:\/\/kommentatorenblog.de\/wp-content\/uploads\/2020\/09\/shure-55sh-ii-e1601485394796-142x300.jpg 142w\" sizes=\"auto, (max-width: 10px) 100vw, 10px\" \/> Christian Stra\u00dfburger <\/p>\n\n\n\n<p>Moderation: Thomas Wagner Experte: Rudi Bommer<\/p>\n\n\n\n<p><span style=\"text-decoration: underline;\">ab 18.45 Uhr<\/span><\/p>\n\n\n\n<p><em><strong>Konferenz<\/strong><\/em><\/p>\n\n\n\n<p><img loading=\"lazy\" decoding=\"async\" width=\"10\" height=\"21\" class=\"wp-image-3656\" style=\"width: 10px;\" src=\"http:\/\/kommentatorenblog.de\/wp-content\/uploads\/2020\/09\/shure-55sh-ii-e1601485394796.jpg\" alt=\"\" srcset=\"https:\/\/kommentatorenblog.de\/wp-content\/uploads\/2020\/09\/shure-55sh-ii-e1601485394796.jpg 415w, https:\/\/kommentatorenblog.de\/wp-content\/uploads\/2020\/09\/shure-55sh-ii-e1601485394796-142x300.jpg 142w\" sizes=\"auto, (max-width: 10px) 100vw, 10px\" \/> Alexander Kunz und Alexander Klich <\/p>\n\n\n\n<p><strong><em>1. FC Saarbr\u00fccken &#8211; Borussia Dortmund II (19.00 Uhr)<\/em><\/strong><\/p>\n\n\n\n<p><img loading=\"lazy\" decoding=\"async\" width=\"10\" height=\"21\" class=\"wp-image-3656\" style=\"width: 10px;\" src=\"http:\/\/kommentatorenblog.de\/wp-content\/uploads\/2020\/09\/shure-55sh-ii-e1601485394796.jpg\" alt=\"\" srcset=\"https:\/\/kommentatorenblog.de\/wp-content\/uploads\/2020\/09\/shure-55sh-ii-e1601485394796.jpg 415w, https:\/\/kommentatorenblog.de\/wp-content\/uploads\/2020\/09\/shure-55sh-ii-e1601485394796-142x300.jpg 142w\" sizes=\"auto, (max-width: 10px) 100vw, 10px\" \/> Mario Bast <\/p>\n\n\n\n<p>Moderation: Holger Speckhahn<\/p>\n\n\n\n<p><strong><em>FSV Zwickau &#8211; Eintracht Braunschweig (19.00 Uhr)<\/em><\/strong><\/p>\n\n\n\n<p><img loading=\"lazy\" decoding=\"async\" width=\"10\" height=\"21\" class=\"wp-image-3656\" style=\"width: 10px;\" src=\"http:\/\/kommentatorenblog.de\/wp-content\/uploads\/2020\/09\/shure-55sh-ii-e1601485394796.jpg\" alt=\"\" srcset=\"https:\/\/kommentatorenblog.de\/wp-content\/uploads\/2020\/09\/shure-55sh-ii-e1601485394796.jpg 415w, https:\/\/kommentatorenblog.de\/wp-content\/uploads\/2020\/09\/shure-55sh-ii-e1601485394796-142x300.jpg 142w\" sizes=\"auto, (max-width: 10px) 100vw, 10px\" \/> Andreas Mann<\/p>\n\n\n\n<p>Moderation: Stefanie Blochwitz <\/p>\n\n\n\n<p><strong><em>SC Verl &#8211; SV Meppen (19.00 Uhr)<\/em><\/strong><\/p>\n\n\n\n<p><img loading=\"lazy\" decoding=\"async\" width=\"10\" height=\"21\" class=\"wp-image-3656\" style=\"width: 10px;\" src=\"http:\/\/kommentatorenblog.de\/wp-content\/uploads\/2020\/09\/shure-55sh-ii-e1601485394796.jpg\" alt=\"\" srcset=\"https:\/\/kommentatorenblog.de\/wp-content\/uploads\/2020\/09\/shure-55sh-ii-e1601485394796.jpg 415w, https:\/\/kommentatorenblog.de\/wp-content\/uploads\/2020\/09\/shure-55sh-ii-e1601485394796-142x300.jpg 142w\" sizes=\"auto, (max-width: 10px) 100vw, 10px\" \/> Julian Engelhard <\/p>\n\n\n\n<p>Moderation: Tobias Sch\u00e4fer <\/p>\n\n\n\n<p><strong><em>TSV Havelse &#8211; SV Wehen Wiesbaden (19.00 Uhr)<\/em><\/strong><\/p>\n\n\n\n<p><img loading=\"lazy\" decoding=\"async\" width=\"10\" height=\"21\" class=\"wp-image-3656\" style=\"width: 10px;\" src=\"http:\/\/kommentatorenblog.de\/wp-content\/uploads\/2020\/09\/shure-55sh-ii-e1601485394796.jpg\" alt=\"\" srcset=\"https:\/\/kommentatorenblog.de\/wp-content\/uploads\/2020\/09\/shure-55sh-ii-e1601485394796.jpg 415w, https:\/\/kommentatorenblog.de\/wp-content\/uploads\/2020\/09\/shure-55sh-ii-e1601485394796-142x300.jpg 142w\" sizes=\"auto, (max-width: 10px) 100vw, 10px\" \/> Mike M\u00fcnkel<\/p>\n\n\n\n<p>Moderation: Michael Augustin <\/p>\n\n\n\n<p> <\/p>\n\n\n\n<p><strong>Afrika-Cup, Achtelfinale (Sportdigital FUSSBALL)<\/strong><\/p>\n\n\n\n<p><span style=\"text-decoration: underline;\">Dienstag, 25. Januar 2022<\/span><\/p>\n\n\n\n<p><span><b style=\"font-style: italic;\">Senegal &#8211; <\/b><\/span><em><strong>Kap Verde (17.00 Uhr)<\/strong><\/em><\/p>\n\n\n\n<p><img loading=\"lazy\" decoding=\"async\" width=\"10\" height=\"21\" class=\"wp-image-3656\" style=\"width: 10px;\" src=\"http:\/\/kommentatorenblog.de\/wp-content\/uploads\/2020\/09\/shure-55sh-ii-e1601485394796.jpg\" alt=\"\" srcset=\"https:\/\/kommentatorenblog.de\/wp-content\/uploads\/2020\/09\/shure-55sh-ii-e1601485394796.jpg 415w, https:\/\/kommentatorenblog.de\/wp-content\/uploads\/2020\/09\/shure-55sh-ii-e1601485394796-142x300.jpg 142w\" sizes=\"auto, (max-width: 10px) 100vw, 10px\" \/> J\u00f6rg Steiger<\/p>\n\n\n\n<p><em><strong>Marokko &#8211; Malawi (20.00 Uhr)<\/strong><\/em><\/p>\n\n\n\n<p><img loading=\"lazy\" decoding=\"async\" width=\"10\" height=\"21\" class=\"wp-image-3656\" style=\"width: 10px;\" src=\"http:\/\/kommentatorenblog.de\/wp-content\/uploads\/2020\/09\/shure-55sh-ii-e1601485394796.jpg\" alt=\"\" srcset=\"https:\/\/kommentatorenblog.de\/wp-content\/uploads\/2020\/09\/shure-55sh-ii-e1601485394796.jpg 415w, https:\/\/kommentatorenblog.de\/wp-content\/uploads\/2020\/09\/shure-55sh-ii-e1601485394796-142x300.jpg 142w\" sizes=\"auto, (max-width: 10px) 100vw, 10px\" \/> Collin Nagel <\/p>\n\n\n\n<p><span style=\"text-decoration: underline;\">Mittwoch, 26. Januar 2022:<\/span><\/p>\n\n\n\n<p><em><strong>Elfenbeink\u00fcste &#8211; \u00c4gypten (17.00 Uhr)<\/strong><\/em><\/p>\n\n\n\n<p><img loading=\"lazy\" decoding=\"async\" width=\"10\" height=\"21\" class=\"wp-image-3656\" style=\"width: 10px;\" src=\"http:\/\/kommentatorenblog.de\/wp-content\/uploads\/2020\/09\/shure-55sh-ii-e1601485394796.jpg\" alt=\"\" srcset=\"https:\/\/kommentatorenblog.de\/wp-content\/uploads\/2020\/09\/shure-55sh-ii-e1601485394796.jpg 415w, https:\/\/kommentatorenblog.de\/wp-content\/uploads\/2020\/09\/shure-55sh-ii-e1601485394796-142x300.jpg 142w\" sizes=\"auto, (max-width: 10px) 100vw, 10px\" \/> Karsten Linke <\/p>\n\n\n\n<p><em><strong>Mali &#8211; \u00c4quatorialguinea (20.00 Uhr)<\/strong><\/em><\/p>\n\n\n\n<p><img loading=\"lazy\" decoding=\"async\" width=\"10\" height=\"21\" class=\"wp-image-3656\" style=\"width: 10px;\" src=\"http:\/\/kommentatorenblog.de\/wp-content\/uploads\/2020\/09\/shure-55sh-ii-e1601485394796.jpg\" alt=\"\" srcset=\"https:\/\/kommentatorenblog.de\/wp-content\/uploads\/2020\/09\/shure-55sh-ii-e1601485394796.jpg 415w, https:\/\/kommentatorenblog.de\/wp-content\/uploads\/2020\/09\/shure-55sh-ii-e1601485394796-142x300.jpg 142w\" sizes=\"auto, (max-width: 10px) 100vw, 10px\" \/> Marvin Kirsch <\/p>\n\n\n\n<p><strong>Internationaler Fu\u00dfball (Sportdigital FUSSBALL)<\/strong><\/p>\n\n\n\n<p><span style=\"text-decoration: underline;\">Dienstag, 25. Januar 2022 <\/span><\/p>\n\n\n\n<p><strong>A-League, 8. Spieltag <\/strong><\/p>\n\n\n\n<p><span><span style=\"font-weight: 600;\"><i>Melbourne<\/i><\/span><\/span> Victory &#8211; Sydney FC <strong><em>(09.40 Uhr)<\/em><\/strong><\/p>\n\n\n\n<p><img loading=\"lazy\" decoding=\"async\" width=\"10\" height=\"21\" class=\"wp-image-3656\" style=\"width: 10px;\" src=\"http:\/\/kommentatorenblog.de\/wp-content\/uploads\/2020\/09\/shure-55sh-ii-e1601485394796.jpg\" alt=\"\" srcset=\"https:\/\/kommentatorenblog.de\/wp-content\/uploads\/2020\/09\/shure-55sh-ii-e1601485394796.jpg 415w, https:\/\/kommentatorenblog.de\/wp-content\/uploads\/2020\/09\/shure-55sh-ii-e1601485394796-142x300.jpg 142w\" sizes=\"auto, (max-width: 10px) 100vw, 10px\" \/> ???<\/p>\n\n\n\n<p><strong>Die Analyse<\/strong><\/p>\n\n\n\n<p><strong>Viel los bei Magenta Sport<\/strong><\/p>\n\n\n\n<p>In der 3. Liga steht am Dienstag und Mittwoch wie angesprochen die englische Woche an. Das hei\u00dft nat\u00fcrlich, Magenta ist exklusiv bei allen Partien dabei.<\/p>\n\n\n\n<p>W\u00e4hrend sich erst Alex Klich und Martin Piller am Dienstag um alle Spiele in der Konferenz k\u00fcmmern, wird letzterer am Mittwoch durch Alex Kunz abgel\u00f6st. <\/p>\n\n\n\n<p>Das Duell im Osten zwischen Halle und Viktoria Berlin ist ein Fall f\u00fcr Lenny Leonhardt. Stefan Fuckert indes k\u00fcmmert sich um die andere Viktoria aus K\u00f6ln und reist daf\u00fcr nach Mannheim, Kamila Benschop begleitet ihn. F\u00fcr das Spiel des FCK, die in der letzten Saison noch Abstiegskandidat waren und am Dienstag Platz 2 in der Liga verteidigen wollen, begibt sich Christian Stra\u00dfburger nach M\u00fcnchen, w\u00e4hrend Anett Sattler auf Stimmenfang geht. <\/p>\n\n\n\n<p>Markus H\u00f6hner beobachtet den VfL Osnabr\u00fcck, der mit 33 Punkten komplett im Soll ist, ganz anders als der Gegner aus W\u00fcrzburg. Gari Paubandt zeichnet das Stimmungsbild der beiden Teams, welches wohl unterschiedlicher nicht sein k\u00f6nnte.<\/p>\n\n\n\n<p>Das Topspiel am Mittwoch beginnt dann bereits um 18.30 Uhr mit den Vorberichten und Magentas Alltimeexperten Rudi Bommer, Thomas Wagner moderiert und Christian Stra\u00dfburger schaut auf dem Nachhauseweg, wie sich die, auch in diesem Jahr abstiegsbedrohten Zebras, gegen den Tabellenf\u00fchrer schlagen. <\/p>\n\n\n\n<p>Auch in Sachsen steht am Mittwoch ein Drittligamatch an, die Eintracht aus Braunschweig ist zu Gast in Zwickau. Klarer Fall f\u00fcr Andreas Mann auf dem Kommentatorenplatz und die Neue bei Skysportnews, Stefanie Blochwitz.<\/p>\n\n\n\n<p><strong>Afrika-Cup und Nachholspiel bei Sportdigital<\/strong><\/p>\n\n\n\n<p>Der Afrika-Cup wartet aus Kommentatorensicht nicht mit \u00dcberraschungen auf. Wie Klaus Veltman zu sagen Pflegt: Marvin Kirsch, J\u00f6rg Steiger, Karsten Linke und Collin Nagel \u00fcbernehmen, wie gewohnt, die Schose. <\/p>\n\n\n\n<p>Wer am Dienstag Morgen das Nachholspiel der australischen Liga kommentiert, wei\u00df ich aktuell noch nicht, wird aber nachgetragen. Es sei denn, ihr findet es schneller raus und schreibt es in die Kommentare.<\/p>\n\n\n\n<p>In diesem Sinne w\u00fcnsche ich euch allen einen sch\u00f6nen Start in die neue Woche!<\/p>\n","protected":false},"excerpt":{"rendered":"<p>N&#8217;Abend allerseits! Nachdem die 1. und 2. Bundesliga, wir haben es hier im Blog mehrfach thematisiert, in eine kleine Spielpause gehen, steht in Liga 3 noch einmal eine englische Woche an. W\u00e4hrend der FC Magdeburg mit 48 Punkten vorweg marschiert, wird es dahinter, wie gewohnt, eng. Den Tabellenzweiten Lautern und den 10. Wiesbaden trennen gerade [&hellip;]<\/p>\n","protected":false},"author":13,"featured_media":0,"comment_status":"open","ping_status":"open","sticky":false,"template":"","format":"standard","meta":{"footnotes":""},"categories":[429],"tags":[10,509,685,232,603,163,216,46,256,35,421,32,352,58,315,489,59,294,9,572,67,130,581,383,409,293,233,134,394,135,33,602],"class_list":["post-11747","post","type-post","status-publish","format-standard","hentry","category-diverses","tag-3-liga","tag-a-league","tag-afrika-cup","tag-alexander-klich","tag-alexander-kunz","tag-alexander-kuepper","tag-andreas-mann","tag-anett-sattler","tag-cedric-pick","tag-christian-strassburger","tag-collin-nagel","tag-gari-paubandt","tag-holger-speckhahn","tag-joerg-steiger","tag-julian-engelhard","tag-kamila-benschop","tag-karsten-linke","tag-lenny-leonhardt","tag-magenta-sport","tag-mario-bast","tag-markus-hoehner","tag-martin-piller","tag-marvin-kirsch","tag-michael-augustin","tag-mike-muenkel","tag-oskar-heirler","tag-rudi-bommer","tag-sportdigital-fussball","tag-stefan-fuckert","tag-stefanie-blochwitz","tag-thomas-wagner","tag-tobias-schaefer"],"_links":{"self":[{"href":"https:\/\/kommentatorenblog.de\/index.php?rest_route=\/wp\/v2\/posts\/11747","targetHints":{"allow":["GET"]}}],"collection":[{"href":"https:\/\/kommentatorenblog.de\/index.php?rest_route=\/wp\/v2\/posts"}],"about":[{"href":"https:\/\/kommentatorenblog.de\/index.php?rest_route=\/wp\/v2\/types\/post"}],"author":[{"embeddable":true,"href":"https:\/\/kommentatorenblog.de\/index.php?rest_route=\/wp\/v2\/users\/13"}],"replies":[{"embeddable":true,"href":"https:\/\/kommentatorenblog.de\/index.php?rest_route=%2Fwp%2Fv2%2Fcomments&post=11747"}],"version-history":[{"count":16,"href":"https:\/\/kommentatorenblog.de\/index.php?rest_route=\/wp\/v2\/posts\/11747\/revisions"}],"predecessor-version":[{"id":11773,"href":"https:\/\/kommentatorenblog.de\/index.php?rest_route=\/wp\/v2\/posts\/11747\/revisions\/11773"}],"wp:attachment":[{"href":"https:\/\/kommentatorenblog.de\/index.php?rest_route=%2Fwp%2Fv2%2Fmedia&parent=11747"}],"wp:term":[{"taxonomy":"category","embeddable":true,"href":"https:\/\/kommentatorenblog.de\/index.php?rest_route=%2Fwp%2Fv2%2Fcategories&post=11747"},{"taxonomy":"post_tag","embeddable":true,"href":"https:\/\/kommentatorenblog.de\/index.php?rest_route=%2Fwp%2Fv2%2Ftags&post=11747"}],"curies":[{"name":"wp","href":"https:\/\/api.w.org\/{rel}","templated":true}]}}