{"id":11907,"date":"2022-02-07T23:29:18","date_gmt":"2022-02-07T21:29:18","guid":{"rendered":"http:\/\/kommentatorenblog.de\/?p=11907"},"modified":"2022-02-10T11:55:21","modified_gmt":"2022-02-10T09:55:21","slug":"1231-pokalwettbewerbe-und-nachholspiele","status":"publish","type":"post","link":"https:\/\/kommentatorenblog.de\/?p=11907","title":{"rendered":"1231 &#8211; Pokalwettbewerbe und Nachholspiele"},"content":{"rendered":"\n<p>N&#8217;Abend allerseits,<\/p>\n\n\n\n<p>Prinzipiell ist unter der Woche weniger los und da ich sowieso die n\u00e4chsten beiden Beitr\u00e4ge \u00fcbernehmen, lasse ich mal heute das Vorwort aus und starte direkt mit der Analyse.<\/p>\n\n\n\n<p><strong>Die Analyse<\/strong><\/p>\n\n\n\n<p>Im Fokus stehen in dieser Woche \u00fcberwiegend Pokalwettbewerbe in Spanien, Italien und Frankreich und die englische Woche in der Premier League. Doch auch hierzulande stehen Nachholspiele an. So empf\u00e4ngt am Dienstag der Karlsruher SC die Abstiegsbedrohten Sandh\u00e4user. F\u00fcr Sky ist Alexander Bonengel im Wildpark, w\u00e4hrend sich Florian Malburg aus M\u00fcnchen meldet. In Liga drei \u00fcbernehmen die Herren Kunz und M\u00fcnkel. F\u00fcr mich immer wieder abstrus, dass die 2.Liga aus der Box und die 3.Liga aus dem Stadion kommentiert wird &#8211; aber ich will mich nicht aufregen. Altersmilde und so&#8230;<\/p>\n\n\n\n<p>In der Premier League steht wie gesagt eine englische Woche an. Jogi Hebel und Hannes Herrmann sind wieder einmal flei\u00dfig ohne Ende, jeweils Doppeleins\u00e4tze. Ansonsten ist auch Tennis-Experte Paul H\u00e4user mit dabei. Das Topspiel kommentiert Schmiso diesmal mit Ren\u00e9 Adler.<\/p>\n\n\n\n<p>In den Pokalwettbewerben d\u00fcrfen die \u00fcblichen Verd\u00e4chtigen ran. Platte in Spanien, Fu\u00df und Rieker in Italien und Galler in Frankreich sind alle keine \u00dcberraschungen f\u00fcr regelm\u00e4\u00dfige Leser. <\/p>\n\n\n\n<p>Bis Dahin, habt ne sch\u00f6ne Woche und bis am Donnerstag!<\/p>\n\n\n\n<hr class=\"wp-block-separator\"\/>\n\n\n\n<p><strong><em>Die Ansetzungen vom 08. Februar zum 10. Februar 2022<\/em><\/strong> <\/p>\n\n\n\n<p><strong>2.Bundesliga, Nachholspiel (Sky)<\/strong><\/p>\n\n\n\n<p><span style=\"text-decoration: underline;\">Dienstag, 08. Februar 2022, ab 18.15 Uhr<\/span><\/p>\n\n\n\n<p><strong><em>Karlsruher SC \u2013&nbsp;SV Sandhausen<\/em><\/strong> <strong><em>(18.30 Uhr) <\/em><\/strong><\/p>\n\n\n\n<p><img loading=\"lazy\" decoding=\"async\" width=\"10\" height=\"21\" class=\"wp-image-3656\" style=\"width: 10px;\" src=\"http:\/\/kommentatorenblog.de\/wp-content\/uploads\/2020\/09\/shure-55sh-ii-e1601485394796.jpg\" alt=\"\" srcset=\"https:\/\/kommentatorenblog.de\/wp-content\/uploads\/2020\/09\/shure-55sh-ii-e1601485394796.jpg 415w, https:\/\/kommentatorenblog.de\/wp-content\/uploads\/2020\/09\/shure-55sh-ii-e1601485394796-142x300.jpg 142w\" sizes=\"auto, (max-width: 10px) 100vw, 10px\" \/> Florian Malburg, Field-Reporter: Alexander Bonegel<\/p>\n\n\n\n<hr class=\"wp-block-separator\"\/>\n\n\n\n<p><strong>3.Liga, Nachholspiel (Magenta Sport)<\/strong><\/p>\n\n\n\n<p><span style=\"text-decoration: underline;\">Dienstag, 08. Februar 2022, ab 18.45 Uhr<\/span> <\/p>\n\n\n\n<p><strong><em>FSV Zwickau <strong><em>\u2013<\/em><\/strong> FC Viktoria K\u00f6ln (19.00 Uhr)<\/em><\/strong><\/p>\n\n\n\n<p><img loading=\"lazy\" decoding=\"async\" width=\"10\" height=\"21\" class=\"wp-image-3656\" style=\"width: 10px;\" src=\"http:\/\/kommentatorenblog.de\/wp-content\/uploads\/2020\/09\/shure-55sh-ii-e1601485394796.jpg\" alt=\"\" srcset=\"https:\/\/kommentatorenblog.de\/wp-content\/uploads\/2020\/09\/shure-55sh-ii-e1601485394796.jpg 415w, https:\/\/kommentatorenblog.de\/wp-content\/uploads\/2020\/09\/shure-55sh-ii-e1601485394796-142x300.jpg 142w\" sizes=\"auto, (max-width: 10px) 100vw, 10px\" \/> Alex Kunz<\/p>\n\n\n\n<p>Moderation: Alexander K\u00fcpper<\/p>\n\n\n\n<p><strong><em>Hallescher FC <strong><em>\u2013<\/em><\/strong> T\u00fcrkg\u00fcc\u00fc M\u00fcnchen (19.00 Uhr)<\/em><\/strong><\/p>\n\n\n\n<p><img loading=\"lazy\" decoding=\"async\" width=\"10\" height=\"21\" class=\"wp-image-3656\" style=\"width: 10px;\" src=\"http:\/\/kommentatorenblog.de\/wp-content\/uploads\/2020\/09\/shure-55sh-ii-e1601485394796.jpg\" alt=\"\" srcset=\"https:\/\/kommentatorenblog.de\/wp-content\/uploads\/2020\/09\/shure-55sh-ii-e1601485394796.jpg 415w, https:\/\/kommentatorenblog.de\/wp-content\/uploads\/2020\/09\/shure-55sh-ii-e1601485394796-142x300.jpg 142w\" sizes=\"auto, (max-width: 10px) 100vw, 10px\" \/> Mike M\u00fcnkel<\/p>\n\n\n\n<p>Moderation: Anett Sattler<\/p>\n\n\n\n<hr class=\"wp-block-separator\"\/>\n\n\n\n<p><strong>Premier League, 24. Spieltag (Sky)<\/strong><\/p>\n\n\n\n<p><span style=\"text-decoration: underline;\">Dienstag, 08. Februar 2022, ab 20.35 Uhr<\/span><\/p>\n\n\n\n<p><strong><em>West Ham United \u2013&nbsp;FC&nbsp;Watford<\/em><\/strong> <strong><em>(20.45 Uhr) <\/em><\/strong><\/p>\n\n\n\n<p><img loading=\"lazy\" decoding=\"async\" width=\"10\" height=\"21\" class=\"wp-image-3656\" style=\"width: 10px;\" src=\"http:\/\/kommentatorenblog.de\/wp-content\/uploads\/2020\/09\/shure-55sh-ii-e1601485394796.jpg\" alt=\"\" srcset=\"https:\/\/kommentatorenblog.de\/wp-content\/uploads\/2020\/09\/shure-55sh-ii-e1601485394796.jpg 415w, https:\/\/kommentatorenblog.de\/wp-content\/uploads\/2020\/09\/shure-55sh-ii-e1601485394796-142x300.jpg 142w\" sizes=\"auto, (max-width: 10px) 100vw, 10px\" \/> Hannes Herrmann<\/p>\n\n\n\n<p><strong><em>Newcastle United \u2013&nbsp;FC Everton (20.45 Uhr) <\/em><\/strong><\/p>\n\n\n\n<p><img loading=\"lazy\" decoding=\"async\" width=\"10\" height=\"21\" class=\"wp-image-3656\" style=\"width: 10px;\" src=\"http:\/\/kommentatorenblog.de\/wp-content\/uploads\/2020\/09\/shure-55sh-ii-e1601485394796.jpg\" alt=\"\" srcset=\"https:\/\/kommentatorenblog.de\/wp-content\/uploads\/2020\/09\/shure-55sh-ii-e1601485394796.jpg 415w, https:\/\/kommentatorenblog.de\/wp-content\/uploads\/2020\/09\/shure-55sh-ii-e1601485394796-142x300.jpg 142w\" sizes=\"auto, (max-width: 10px) 100vw, 10px\" \/> Thomas Wagner<\/p>\n\n\n\n<p><span style=\"text-decoration: underline;\">ab 20.50 Uhr<\/span><\/p>\n\n\n\n<p><strong><em>FC Burnley \u2013 Manchester United<\/em><\/strong> <strong><em>(21.00 Uhr) <\/em><\/strong><\/p>\n\n\n\n<p><img loading=\"lazy\" decoding=\"async\" width=\"10\" height=\"21\" class=\"wp-image-3656\" style=\"width: 10px;\" src=\"http:\/\/kommentatorenblog.de\/wp-content\/uploads\/2020\/09\/shure-55sh-ii-e1601485394796.jpg\" alt=\"\" srcset=\"https:\/\/kommentatorenblog.de\/wp-content\/uploads\/2020\/09\/shure-55sh-ii-e1601485394796.jpg 415w, https:\/\/kommentatorenblog.de\/wp-content\/uploads\/2020\/09\/shure-55sh-ii-e1601485394796-142x300.jpg 142w\" sizes=\"auto, (max-width: 10px) 100vw, 10px\" \/> Joachim Hebel<\/p>\n\n\n\n<p><span style=\"text-decoration: underline;\">Mittwoch, 09. Februar 2022, ab 20.35 Uhr<\/span> <\/p>\n\n\n\n<p><strong><em>Manchester City \u2013&nbsp;FC Brentford<\/em><\/strong> <strong><em>(20.45 Uhr) <\/em><\/strong><\/p>\n\n\n\n<p><img loading=\"lazy\" decoding=\"async\" width=\"10\" height=\"21\" class=\"wp-image-3656\" style=\"width: 10px;\" src=\"http:\/\/kommentatorenblog.de\/wp-content\/uploads\/2020\/09\/shure-55sh-ii-e1601485394796.jpg\" alt=\"\" srcset=\"https:\/\/kommentatorenblog.de\/wp-content\/uploads\/2020\/09\/shure-55sh-ii-e1601485394796.jpg 415w, https:\/\/kommentatorenblog.de\/wp-content\/uploads\/2020\/09\/shure-55sh-ii-e1601485394796-142x300.jpg 142w\" sizes=\"auto, (max-width: 10px) 100vw, 10px\" \/> Uli Hebel<\/p>\n\n\n\n<p><strong><em>Tottenham Hotspur \u2013 FC&nbsp;Southampton<\/em><\/strong> <strong><em>(20.45 Uhr) <\/em><\/strong><\/p>\n\n\n\n<p><img loading=\"lazy\" decoding=\"async\" width=\"10\" height=\"21\" class=\"wp-image-3656\" style=\"width: 10px;\" src=\"http:\/\/kommentatorenblog.de\/wp-content\/uploads\/2020\/09\/shure-55sh-ii-e1601485394796.jpg\" alt=\"\" srcset=\"https:\/\/kommentatorenblog.de\/wp-content\/uploads\/2020\/09\/shure-55sh-ii-e1601485394796.jpg 415w, https:\/\/kommentatorenblog.de\/wp-content\/uploads\/2020\/09\/shure-55sh-ii-e1601485394796-142x300.jpg 142w\" sizes=\"auto, (max-width: 10px) 100vw, 10px\" \/> Hannes Herrmann<\/p>\n\n\n\n<p><strong><em>Norwich City \u2013&nbsp;Crystal Palace (20.45 Uhr) <\/em><\/strong><\/p>\n\n\n\n<p><img loading=\"lazy\" decoding=\"async\" width=\"10\" height=\"21\" class=\"wp-image-3656\" style=\"width: 10px;\" src=\"http:\/\/kommentatorenblog.de\/wp-content\/uploads\/2020\/09\/shure-55sh-ii-e1601485394796.jpg\" alt=\"\" srcset=\"https:\/\/kommentatorenblog.de\/wp-content\/uploads\/2020\/09\/shure-55sh-ii-e1601485394796.jpg 415w, https:\/\/kommentatorenblog.de\/wp-content\/uploads\/2020\/09\/shure-55sh-ii-e1601485394796-142x300.jpg 142w\" sizes=\"auto, (max-width: 10px) 100vw, 10px\" \/> Paul H\u00e4user<\/p>\n\n\n\n<p><span style=\"text-decoration: underline;\">ab 20.50 Uhr<\/span><\/p>\n\n\n\n<p><strong><em>Aston Villa \u2013&nbsp;Leeds United<\/em><\/strong> <strong><em>(21.00 Uhr) <\/em><\/strong><\/p>\n\n\n\n<p><img loading=\"lazy\" decoding=\"async\" width=\"10\" height=\"21\" class=\"wp-image-3656\" style=\"width: 10px;\" src=\"http:\/\/kommentatorenblog.de\/wp-content\/uploads\/2020\/09\/shure-55sh-ii-e1601485394796.jpg\" alt=\"\" srcset=\"https:\/\/kommentatorenblog.de\/wp-content\/uploads\/2020\/09\/shure-55sh-ii-e1601485394796.jpg 415w, https:\/\/kommentatorenblog.de\/wp-content\/uploads\/2020\/09\/shure-55sh-ii-e1601485394796-142x300.jpg 142w\" sizes=\"auto, (max-width: 10px) 100vw, 10px\" \/> Joachim Hebel<\/p>\n\n\n\n<p><span style=\"text-decoration: underline;\"><span style=\"text-decoration: underline;\">Donnerstag, 10. Februar 2022, ab 20.15 Uhr<\/span><\/span><\/p>\n\n\n\n<p><strong><em>FC&nbsp;Liverpool \u2013&nbsp;Leicester City (20.15 Uhr)<\/em><\/strong><\/p>\n\n\n\n<p><img loading=\"lazy\" decoding=\"async\" width=\"10\" height=\"21\" class=\"wp-image-3656\" style=\"width: 10px;\" src=\"http:\/\/kommentatorenblog.de\/wp-content\/uploads\/2020\/09\/shure-55sh-ii-e1601485394796.jpg\" alt=\"\" srcset=\"https:\/\/kommentatorenblog.de\/wp-content\/uploads\/2020\/09\/shure-55sh-ii-e1601485394796.jpg 415w, https:\/\/kommentatorenblog.de\/wp-content\/uploads\/2020\/09\/shure-55sh-ii-e1601485394796-142x300.jpg 142w\" sizes=\"auto, (max-width: 10px) 100vw, 10px\" \/> Florian Schmidt-Sommerfeld, Experte: Ren\u00e9 Adler<\/p>\n\n\n\n<p>Field-Reporter: Raphael Honigstein<\/p>\n\n\n\n<p><span style=\"text-decoration: underline;\"><span style=\"text-decoration: underline;\">ab 20.35 Uhr<\/span><\/span><\/p>\n\n\n\n<p><strong><em>Wolverhampton Wanderers \u2013 FC Arsenal<\/em><\/strong> <strong><em>(20.45 Uhr) <\/em><\/strong><\/p>\n\n\n\n<p><img loading=\"lazy\" decoding=\"async\" width=\"10\" height=\"21\" class=\"wp-image-3656\" style=\"width: 10px;\" src=\"http:\/\/kommentatorenblog.de\/wp-content\/uploads\/2020\/09\/shure-55sh-ii-e1601485394796.jpg\" alt=\"\" srcset=\"https:\/\/kommentatorenblog.de\/wp-content\/uploads\/2020\/09\/shure-55sh-ii-e1601485394796.jpg 415w, https:\/\/kommentatorenblog.de\/wp-content\/uploads\/2020\/09\/shure-55sh-ii-e1601485394796-142x300.jpg 142w\" sizes=\"auto, (max-width: 10px) 100vw, 10px\" \/> Markus Gaupp<\/p>\n\n\n\n<hr class=\"wp-block-separator\"\/>\n\n\n\n<p><strong>Copa del Rey, Halbfinal-Hinspiele (DAZN)<\/strong><\/p>\n\n\n\n<p><span style=\"text-decoration: underline;\">Mittwoch, 09. Februar 2022<\/span> <\/p>\n\n\n\n<p><strong><em>Rayo Vallecano \u2013 Real Betis Sevilla (21.00 Uhr)<\/em><\/strong><\/p>\n\n\n\n<p><img loading=\"lazy\" decoding=\"async\" width=\"10\" height=\"21\" class=\"wp-image-3656\" style=\"width: 10px;\" src=\"http:\/\/kommentatorenblog.de\/wp-content\/uploads\/2020\/09\/shure-55sh-ii-e1601485394796.jpg\" alt=\"\" srcset=\"https:\/\/kommentatorenblog.de\/wp-content\/uploads\/2020\/09\/shure-55sh-ii-e1601485394796.jpg 415w, https:\/\/kommentatorenblog.de\/wp-content\/uploads\/2020\/09\/shure-55sh-ii-e1601485394796-142x300.jpg 142w\" sizes=\"auto, (max-width: 10px) 100vw, 10px\" \/> David Ploch<\/p>\n\n\n\n<p><span style=\"text-decoration: underline;\"><span style=\"text-decoration: underline;\">Donnerstag, 10. Februar 2022<\/span><\/span>  <\/p>\n\n\n\n<p><strong><em>Athletic Bilbao \u2013 FC Valencia (21.30 Uhr)<\/em><\/strong><\/p>\n\n\n\n<p><img loading=\"lazy\" decoding=\"async\" width=\"10\" height=\"21\" class=\"wp-image-3656\" style=\"width: 10px;\" src=\"http:\/\/kommentatorenblog.de\/wp-content\/uploads\/2020\/09\/shure-55sh-ii-e1601485394796.jpg\" alt=\"\" srcset=\"https:\/\/kommentatorenblog.de\/wp-content\/uploads\/2020\/09\/shure-55sh-ii-e1601485394796.jpg 415w, https:\/\/kommentatorenblog.de\/wp-content\/uploads\/2020\/09\/shure-55sh-ii-e1601485394796-142x300.jpg 142w\" sizes=\"auto, (max-width: 10px) 100vw, 10px\" \/> Jan Platte<\/p>\n\n\n\n<hr class=\"wp-block-separator\"\/>\n\n\n\n<p><strong>Coppa Italia Frecciarossa, Viertelfinale (DAZN)<\/strong><\/p>\n\n\n\n<p><span style=\"text-decoration: underline;\"><span style=\"text-decoration: underline;\">Dienstag, 08. Februar 2022<\/span><\/span><\/p>\n\n\n\n<p><strong><em>Inter Mailand \u2013 AS Rom (21.00 Uhr)<\/em><\/strong><\/p>\n\n\n\n<p><img loading=\"lazy\" decoding=\"async\" width=\"10\" height=\"21\" class=\"wp-image-3656\" style=\"width: 10px;\" src=\"http:\/\/kommentatorenblog.de\/wp-content\/uploads\/2020\/09\/shure-55sh-ii-e1601485394796.jpg\" alt=\"\" srcset=\"https:\/\/kommentatorenblog.de\/wp-content\/uploads\/2020\/09\/shure-55sh-ii-e1601485394796.jpg 415w, https:\/\/kommentatorenblog.de\/wp-content\/uploads\/2020\/09\/shure-55sh-ii-e1601485394796-142x300.jpg 142w\" sizes=\"auto, (max-width: 10px) 100vw, 10px\" \/> Carsten Fu\u00df, Experte: Christian Bernhard<\/p>\n\n\n\n<p><span style=\"text-decoration: underline;\">Mittwoch, 09. Februar 2022<\/span> <\/p>\n\n\n\n<p><strong><em>AC Mailand \u2013 Lazio Rom (21.00 Uhr)<\/em><\/strong><\/p>\n\n\n\n<p><img loading=\"lazy\" decoding=\"async\" width=\"10\" height=\"21\" class=\"wp-image-3656\" style=\"width: 10px;\" src=\"http:\/\/kommentatorenblog.de\/wp-content\/uploads\/2020\/09\/shure-55sh-ii-e1601485394796.jpg\" alt=\"\" srcset=\"https:\/\/kommentatorenblog.de\/wp-content\/uploads\/2020\/09\/shure-55sh-ii-e1601485394796.jpg 415w, https:\/\/kommentatorenblog.de\/wp-content\/uploads\/2020\/09\/shure-55sh-ii-e1601485394796-142x300.jpg 142w\" sizes=\"auto, (max-width: 10px) 100vw, 10px\" \/> Mario Rieker, Experte: Christian Bernhard<\/p>\n\n\n\n<p><span style=\"text-decoration: underline;\"><span style=\"text-decoration: underline;\">Donnerstag, 10. Februar 2022<\/span><\/span> <\/p>\n\n\n\n<p><strong><em>Atalanta Bergamo \u2013 AC Florenz (18.00 Uhr)<\/em><\/strong><\/p>\n\n\n\n<p><img loading=\"lazy\" decoding=\"async\" width=\"10\" height=\"21\" class=\"wp-image-3656\" style=\"width: 10px;\" src=\"http:\/\/kommentatorenblog.de\/wp-content\/uploads\/2020\/09\/shure-55sh-ii-e1601485394796.jpg\" alt=\"\" srcset=\"https:\/\/kommentatorenblog.de\/wp-content\/uploads\/2020\/09\/shure-55sh-ii-e1601485394796.jpg 415w, https:\/\/kommentatorenblog.de\/wp-content\/uploads\/2020\/09\/shure-55sh-ii-e1601485394796-142x300.jpg 142w\" sizes=\"auto, (max-width: 10px) 100vw, 10px\" \/> Marcel Seufert<\/p>\n\n\n\n<p><strong><em>Juventus Turin \u2013 US Sassuolo (21.00 Uhr)<\/em><\/strong><\/p>\n\n\n\n<p><img loading=\"lazy\" decoding=\"async\" width=\"10\" height=\"21\" class=\"wp-image-3656\" style=\"width: 10px;\" src=\"http:\/\/kommentatorenblog.de\/wp-content\/uploads\/2020\/09\/shure-55sh-ii-e1601485394796.jpg\" alt=\"\" srcset=\"https:\/\/kommentatorenblog.de\/wp-content\/uploads\/2020\/09\/shure-55sh-ii-e1601485394796.jpg 415w, https:\/\/kommentatorenblog.de\/wp-content\/uploads\/2020\/09\/shure-55sh-ii-e1601485394796-142x300.jpg 142w\" sizes=\"auto, (max-width: 10px) 100vw, 10px\" \/> Tobi Fischbeck<\/p>\n\n\n\n<hr class=\"wp-block-separator\"\/>\n\n\n\n<p><strong>Coupe de France, Viertelfinale (DAZN)<\/strong><\/p>\n\n\n\n<p><span style=\"text-decoration: underline;\"><span style=\"text-decoration: underline;\">Dienstag, 08. Februar 2022<\/span><\/span><\/p>\n\n\n\n<p><strong><em>AS Monaco \u2013 Amiens (21.00 Uhr)<\/em><\/strong><\/p>\n\n\n\n<p><img loading=\"lazy\" decoding=\"async\" width=\"10\" height=\"21\" class=\"wp-image-3656\" style=\"width: 10px;\" src=\"http:\/\/kommentatorenblog.de\/wp-content\/uploads\/2020\/09\/shure-55sh-ii-e1601485394796.jpg\" alt=\"\" srcset=\"https:\/\/kommentatorenblog.de\/wp-content\/uploads\/2020\/09\/shure-55sh-ii-e1601485394796.jpg 415w, https:\/\/kommentatorenblog.de\/wp-content\/uploads\/2020\/09\/shure-55sh-ii-e1601485394796-142x300.jpg 142w\" sizes=\"auto, (max-width: 10px) 100vw, 10px\" \/> Chris Putz<\/p>\n\n\n\n<p><span style=\"text-decoration: underline;\">Mittwoch, 09. Februar 2022<\/span> <\/p>\n\n\n\n<p><strong><em>OGC Nizza \u2013 Olympique Marseille (21.15 Uhr)<\/em><\/strong><\/p>\n\n\n\n<p><img loading=\"lazy\" decoding=\"async\" width=\"10\" height=\"21\" class=\"wp-image-3656\" style=\"width: 10px;\" src=\"http:\/\/kommentatorenblog.de\/wp-content\/uploads\/2020\/09\/shure-55sh-ii-e1601485394796.jpg\" alt=\"\" srcset=\"https:\/\/kommentatorenblog.de\/wp-content\/uploads\/2020\/09\/shure-55sh-ii-e1601485394796.jpg 415w, https:\/\/kommentatorenblog.de\/wp-content\/uploads\/2020\/09\/shure-55sh-ii-e1601485394796-142x300.jpg 142w\" sizes=\"auto, (max-width: 10px) 100vw, 10px\" \/> Stefan Galler, Experte: Alexis Menuge<\/p>\n\n\n\n<hr class=\"wp-block-separator\"\/>\n\n\n\n<p><strong>UEFA Youth League, Relegation (DAZN)<\/strong><\/p>\n\n\n\n<p><span style=\"text-decoration: underline;\"><span style=\"text-decoration: underline;\">Dienstag, 08. Februar 2022<\/span><\/span><\/p>\n\n\n\n<p><strong><em>FC Empoli U19 \u2013 Borussia Dortmund U19 (21.00 Uhr)<\/em><\/strong><\/p>\n\n\n\n<p><img loading=\"lazy\" decoding=\"async\" width=\"10\" height=\"21\" class=\"wp-image-3656\" style=\"width: 10px;\" src=\"http:\/\/kommentatorenblog.de\/wp-content\/uploads\/2020\/09\/shure-55sh-ii-e1601485394796.jpg\" alt=\"\" srcset=\"https:\/\/kommentatorenblog.de\/wp-content\/uploads\/2020\/09\/shure-55sh-ii-e1601485394796.jpg 415w, https:\/\/kommentatorenblog.de\/wp-content\/uploads\/2020\/09\/shure-55sh-ii-e1601485394796-142x300.jpg 142w\" sizes=\"auto, (max-width: 10px) 100vw, 10px\" \/> Felix Keil<\/p>\n\n\n\n<hr class=\"wp-block-separator\"\/>\n","protected":false},"excerpt":{"rendered":"<p>N&#8217;Abend allerseits, Prinzipiell ist unter der Woche weniger los und da ich sowieso die n\u00e4chsten beiden Beitr\u00e4ge \u00fcbernehmen, lasse ich mal heute das Vorwort aus und starte direkt mit der Analyse. Die Analyse Im Fokus stehen in dieser Woche \u00fcberwiegend Pokalwettbewerbe in Spanien, Italien und Frankreich und die englische Woche in der Premier League. Doch [&hellip;]<\/p>\n","protected":false},"author":5,"featured_media":0,"comment_status":"open","ping_status":"open","sticky":false,"template":"","format":"standard","meta":{"footnotes":""},"categories":[429],"tags":[292,414,163,153,46,131,499,164,165,201,89,104,48,347,86,276,243,121,409,606,340,84,154,33,152,105],"class_list":["post-11907","post","type-post","status-publish","format-standard","hentry","category-diverses","tag-alex-kunz","tag-alexander-bonengel","tag-alexander-kuepper","tag-alexis-menuge","tag-anett-sattler","tag-carsten-fuss","tag-chris-putz","tag-christian-bernhard","tag-david-ploch","tag-felix-keil","tag-florian-schmidt-sommerfeld","tag-hannes-herrmann","tag-jan-platte","tag-joachim-hebel","tag-juergen-schmitz","tag-marcel-seufert","tag-mario-rieker","tag-markus-gaupp","tag-mike-muenkel","tag-paul-haeuser","tag-raphael-honigstein","tag-rene-adler","tag-stefan-galler","tag-thomas-wagner","tag-tobi-fischbeck","tag-uli-hebel"],"_links":{"self":[{"href":"https:\/\/kommentatorenblog.de\/index.php?rest_route=\/wp\/v2\/posts\/11907","targetHints":{"allow":["GET"]}}],"collection":[{"href":"https:\/\/kommentatorenblog.de\/index.php?rest_route=\/wp\/v2\/posts"}],"about":[{"href":"https:\/\/kommentatorenblog.de\/index.php?rest_route=\/wp\/v2\/types\/post"}],"author":[{"embeddable":true,"href":"https:\/\/kommentatorenblog.de\/index.php?rest_route=\/wp\/v2\/users\/5"}],"replies":[{"embeddable":true,"href":"https:\/\/kommentatorenblog.de\/index.php?rest_route=%2Fwp%2Fv2%2Fcomments&post=11907"}],"version-history":[{"count":5,"href":"https:\/\/kommentatorenblog.de\/index.php?rest_route=\/wp\/v2\/posts\/11907\/revisions"}],"predecessor-version":[{"id":11926,"href":"https:\/\/kommentatorenblog.de\/index.php?rest_route=\/wp\/v2\/posts\/11907\/revisions\/11926"}],"wp:attachment":[{"href":"https:\/\/kommentatorenblog.de\/index.php?rest_route=%2Fwp%2Fv2%2Fmedia&parent=11907"}],"wp:term":[{"taxonomy":"category","embeddable":true,"href":"https:\/\/kommentatorenblog.de\/index.php?rest_route=%2Fwp%2Fv2%2Fcategories&post=11907"},{"taxonomy":"post_tag","embeddable":true,"href":"https:\/\/kommentatorenblog.de\/index.php?rest_route=%2Fwp%2Fv2%2Ftags&post=11907"}],"curies":[{"name":"wp","href":"https:\/\/api.w.org\/{rel}","templated":true}]}}