{"id":11923,"date":"2022-02-10T22:20:19","date_gmt":"2022-02-10T20:20:19","guid":{"rendered":"http:\/\/kommentatorenblog.de\/?p=11923"},"modified":"2022-02-12T13:57:31","modified_gmt":"2022-02-12T11:57:31","slug":"1232-die-premier-league-of-darts","status":"publish","type":"post","link":"https:\/\/kommentatorenblog.de\/?p=11923","title":{"rendered":"1232 &#8211; Die Premier League of Darts"},"content":{"rendered":"\n<p>N&#8217;Abend allerseits,<\/p>\n\n\n\n<p>Die Olympischen Winterspiele sind pr\u00e4chtig am Laufen. Ich pers\u00f6nlich war noch nie ein gro\u00dfer Olympia-Fan (eigentlich haben mich immer nur die Sommerspiele und die L\u00e4ufe von Usain Bolt), aber eine faszinierende Sache am Sport ist ja, dass die Interessen teilweise sehr weit auseinandergehen. Sprechen will ich in diesem Vorwort also nicht \u00fcber Olympia, sondern stattdessen \u00fcber Darts. Genauer gesagt die neu-konzipierte Premier League of Darts. <\/p>\n\n\n\n<p>Die Premier League of Darts ist eines der gr\u00f6\u00dften Turniere im Dart-Sport, das es seit 2005 ausgetragen wird und seitdem immer wieder ver\u00e4ndert wurde. So auch in diesem Jahr. Die Teilnehmerzahl wurde von zehn auf die acht besten Spieler der Welt reduziert, die sich an 16 Donnerstag-Abenden an unterschiedlichen Standorten duellieren. So gibt es seit diesem Jahr an jedem Donnerstag ein Mini-Turnier mit jeweils sieben Spielen (4 Viertelfinals, 2 Halbfinals und ein Finale), die jeweils im &#8222;Best of 11 Legs&#8220; absolviert werden. Der Sieger des Turniers erh\u00e4lt neben dem Preisgeld von 10.000 Pfund (ca. 11.800 Euro) jeweils 5 Punkte, der unterlegene Finalist 3 Punkte und die jeweils unterlegenen in den Halbfinals 2 Punkte. Die vier besten qualifizieren sich dann f\u00fcr die Playoffs in Berlin. Den ersten Abend gewann Weltmeister &#8222;Snakebite&#8220; Peter Wright. Doch Spannung scheint garantiert zu sein, denn am gerade laufenden zweiten Spieltag sieht schon alles wieder anders aus.<\/p>\n\n\n\n<p>Zu sehen ist das Turnier auf DAZN und auf SPORT1. Ich verfolge das Turnier auf DAZN, da ich Elmar Paulke (an dieser Stelle auch mal wieder w\u00e4rmste Empfehlungen f\u00fcr &#8222;Der Spieltag&#8220; mit ihm) einfach sehr gerne zuh\u00f6ren, da er ein unfassbares Wissen hat. Ich empfehle euch definitiv das einschalten.<\/p>\n\n\n\n<p>Einschalten ist das Stichwort, sicherlich werdet viele von euch am Wochenende auch mal beim Fussball einschalten. Die Kommentatoren, die es da auf die Ohren geben wird, gibt es jetzt wie immer bei uns in der \u00dcbersicht.<\/p>\n\n\n\n<hr class=\"wp-block-separator\"\/>\n\n\n\n<p><strong><em>Die Ansetzungen vom 11. Februar bis zum 14. Februar 2022<\/em><\/strong><\/p>\n\n\n\n<p><strong><span class=\"has-inline-color has-black-color\"><strong><strong>Bundesliga, 22. Spieltag<\/strong><\/strong> <\/span><\/strong><\/p>\n\n\n\n<p><span style=\"text-decoration: underline;\">Freitag, 11. Februar 2022, ab 19.30 Uhr (DAZN)<\/span><\/p>\n\n\n\n<p><strong><em>RB Leipzig \u2013 1. FC K\u00f6ln (20.30 Uhr)<\/em><\/strong><\/p>\n\n\n\n<p class=\"has-normal-font-size\"><img loading=\"lazy\" decoding=\"async\" width=\"10\" height=\"21\" class=\"wp-image-3656\" style=\"width: 10px;\" src=\"http:\/\/kommentatorenblog.de\/wp-content\/uploads\/2020\/09\/shure-55sh-ii-e1601485394796.jpg\" alt=\"\" srcset=\"https:\/\/kommentatorenblog.de\/wp-content\/uploads\/2020\/09\/shure-55sh-ii-e1601485394796.jpg 415w, https:\/\/kommentatorenblog.de\/wp-content\/uploads\/2020\/09\/shure-55sh-ii-e1601485394796-142x300.jpg 142w\" sizes=\"auto, (max-width: 10px) 100vw, 10px\" \/> Jan Platte, Experte: Sebastian Knei\u00dfl<\/p>\n\n\n\n<p>Moderation: Lukas Sch\u00f6nm\u00fcller, Field-Reporter: Marco Hagemann<\/p>\n\n\n\n<p><span style=\"text-decoration: underline;\">Samstag, 12. <span style=\"text-decoration: underline;\">Februar 2022<\/span>, ab 14.00 Uhr (Sky)<\/span><\/p>\n\n\n\n<p><strong><em>VfL&nbsp;Bochum <strong><em>\u2013<\/em><\/strong> FC Bayern M\u00fcnchen (15.30 Uhr)<\/em><\/strong><\/p>\n\n\n\n<p class=\"has-normal-font-size\"><img loading=\"lazy\" decoding=\"async\" width=\"10\" height=\"21\" class=\"wp-image-3656\" style=\"width: 10px;\" src=\"http:\/\/kommentatorenblog.de\/wp-content\/uploads\/2020\/09\/shure-55sh-ii-e1601485394796.jpg\" alt=\"\" srcset=\"https:\/\/kommentatorenblog.de\/wp-content\/uploads\/2020\/09\/shure-55sh-ii-e1601485394796.jpg 415w, https:\/\/kommentatorenblog.de\/wp-content\/uploads\/2020\/09\/shure-55sh-ii-e1601485394796-142x300.jpg 142w\" sizes=\"auto, (max-width: 10px) 100vw, 10px\" \/> Kai Dittmann (Einzelspiel), Frank Buschmann (Konferenz)<\/p>\n\n\n\n<p>Field-Reporter: Jens Westen<\/p>\n\n\n\n<p><strong><em>Eintracht Frankfurt <strong><em>\u2013<\/em><\/strong> VfL Wolfsburg<\/em><\/strong> <strong><em>(15.30 Uhr)<\/em><\/strong><\/p>\n\n\n\n<p class=\"has-normal-font-size\"><img loading=\"lazy\" decoding=\"async\" width=\"10\" height=\"21\" class=\"wp-image-3656\" style=\"width: 10px;\" src=\"http:\/\/kommentatorenblog.de\/wp-content\/uploads\/2020\/09\/shure-55sh-ii-e1601485394796.jpg\" alt=\"\" srcset=\"https:\/\/kommentatorenblog.de\/wp-content\/uploads\/2020\/09\/shure-55sh-ii-e1601485394796.jpg 415w, https:\/\/kommentatorenblog.de\/wp-content\/uploads\/2020\/09\/shure-55sh-ii-e1601485394796-142x300.jpg 142w\" sizes=\"auto, (max-width: 10px) 100vw, 10px\" \/> Hansi K\u00fcpper (Einzelspiel), Florian Schmidt-Sommerfeld (Konferenz)<\/p>\n\n\n\n<p>Field-Reporter: Patrick Wasserziehr<\/p>\n\n\n\n<p><strong><em>Borussia M\u00f6nchengladbach <strong><em>\u2013<\/em><\/strong> FC Augsburg (15.30 Uhr)<\/em><\/strong><\/p>\n\n\n\n<p class=\"has-normal-font-size\"><img loading=\"lazy\" decoding=\"async\" width=\"10\" height=\"21\" class=\"wp-image-3656\" style=\"width: 10px;\" src=\"http:\/\/kommentatorenblog.de\/wp-content\/uploads\/2020\/09\/shure-55sh-ii-e1601485394796.jpg\" alt=\"\" srcset=\"https:\/\/kommentatorenblog.de\/wp-content\/uploads\/2020\/09\/shure-55sh-ii-e1601485394796.jpg 415w, https:\/\/kommentatorenblog.de\/wp-content\/uploads\/2020\/09\/shure-55sh-ii-e1601485394796-142x300.jpg 142w\" sizes=\"auto, (max-width: 10px) 100vw, 10px\" \/> Marcus Lindemann (Einzelspiel), Klaus Veltman (Konferenz)<\/p>\n\n\n\n<p>Field-Reporter: Ulli Potofski<\/p>\n\n\n\n<p><strong><em>SpVgg Greuther F\u00fcrth <strong><em>\u2013<\/em><\/strong> Hertha BSC&nbsp;(15.30 Uhr)<\/em><\/strong><\/p>\n\n\n\n<p class=\"has-normal-font-size\"><img loading=\"lazy\" decoding=\"async\" width=\"10\" height=\"21\" class=\"wp-image-3656\" style=\"width: 10px;\" src=\"http:\/\/kommentatorenblog.de\/wp-content\/uploads\/2020\/09\/shure-55sh-ii-e1601485394796.jpg\" alt=\"\" srcset=\"https:\/\/kommentatorenblog.de\/wp-content\/uploads\/2020\/09\/shure-55sh-ii-e1601485394796.jpg 415w, https:\/\/kommentatorenblog.de\/wp-content\/uploads\/2020\/09\/shure-55sh-ii-e1601485394796-142x300.jpg 142w\" sizes=\"auto, (max-width: 10px) 100vw, 10px\" \/> Oliver Seidler (Einzelspiel), Marcel Meinert (Konferenz)<\/p>\n\n\n\n<p>Field-Reporter: Michael Leopold<\/p>\n\n\n\n<p><strong><em>SC Freiburg <strong><em>\u2013<\/em><\/strong> 1. FSV Mainz 05 (15.30 Uhr)<\/em><\/strong><\/p>\n\n\n\n<p class=\"has-normal-font-size\"><img loading=\"lazy\" decoding=\"async\" width=\"10\" height=\"21\" class=\"wp-image-3656\" style=\"width: 10px;\" src=\"http:\/\/kommentatorenblog.de\/wp-content\/uploads\/2020\/09\/shure-55sh-ii-e1601485394796.jpg\" alt=\"\" srcset=\"https:\/\/kommentatorenblog.de\/wp-content\/uploads\/2020\/09\/shure-55sh-ii-e1601485394796.jpg 415w, https:\/\/kommentatorenblog.de\/wp-content\/uploads\/2020\/09\/shure-55sh-ii-e1601485394796-142x300.jpg 142w\" sizes=\"auto, (max-width: 10px) 100vw, 10px\" \/> J\u00fcrgen Schmitz (Einzelspiel), Jonas Friedrich (Konferenz)<\/p>\n\n\n\n<p>Field-Reporter: Riccardo Basile<\/p>\n\n\n\n<p>Moderation: Britta Hofmann, Experte: Dietmar Hamann<\/p>\n\n\n\n<p><span style=\"text-decoration: underline;\">ab 17.30 Uhr (Sky)<\/span><\/p>\n\n\n\n<p><strong><em>Bayer 04 Leverkusen <strong><em>\u2013<\/em><\/strong> VfB Stuttgart (18.30 Uhr)<\/em><\/strong><\/p>\n\n\n\n<p class=\"has-normal-font-size\"><img loading=\"lazy\" decoding=\"async\" width=\"10\" height=\"21\" class=\"wp-image-3656\" style=\"width: 10px;\" src=\"http:\/\/kommentatorenblog.de\/wp-content\/uploads\/2020\/09\/shure-55sh-ii-e1601485394796.jpg\" alt=\"\" srcset=\"https:\/\/kommentatorenblog.de\/wp-content\/uploads\/2020\/09\/shure-55sh-ii-e1601485394796.jpg 415w, https:\/\/kommentatorenblog.de\/wp-content\/uploads\/2020\/09\/shure-55sh-ii-e1601485394796-142x300.jpg 142w\" sizes=\"auto, (max-width: 10px) 100vw, 10px\" \/> Wolff Fuss<\/p>\n\n\n\n<p>Field-Reporter: Martin Gro\u00df<\/p>\n\n\n\n<p>Moderation: Sebastian Hellmann, Experte: Lothar Matth\u00e4us<\/p>\n\n\n\n<p><span style=\"text-decoration: underline;\">Sonntag, 13. Februar 2022, ab 14.30 Uhr (DAZN)<\/span><\/p>\n\n\n\n<p><strong><em>1. FC Union Berlin \u2013 Borussia Dortmund (15.30 Uhr)<\/em><\/strong><\/p>\n\n\n\n<p class=\"has-normal-font-size\"><img loading=\"lazy\" decoding=\"async\" width=\"10\" height=\"21\" class=\"wp-image-3656\" style=\"width: 10px;\" src=\"http:\/\/kommentatorenblog.de\/wp-content\/uploads\/2020\/09\/shure-55sh-ii-e1601485394796.jpg\" alt=\"\" srcset=\"https:\/\/kommentatorenblog.de\/wp-content\/uploads\/2020\/09\/shure-55sh-ii-e1601485394796.jpg 415w, https:\/\/kommentatorenblog.de\/wp-content\/uploads\/2020\/09\/shure-55sh-ii-e1601485394796-142x300.jpg 142w\" sizes=\"auto, (max-width: 10px) 100vw, 10px\" \/> Uli Hebel, Experte: Ralph Gunesch<\/p>\n\n\n\n<p>Moderation: Laura Wontorra, Field-Reporter: Daniel Herzog <\/p>\n\n\n\n<p><span style=\"text-decoration: underline;\">ab 17.00 Uhr (DAZN)<\/span><\/p>\n\n\n\n<p><strong><em>TSG 1899 Hoffenheim \u2013 Arminia Bielefeld (17.30 Uhr)<\/em><\/strong><\/p>\n\n\n\n<p class=\"has-normal-font-size\"><img loading=\"lazy\" decoding=\"async\" width=\"10\" height=\"21\" class=\"wp-image-3656\" style=\"width: 10px;\" src=\"http:\/\/kommentatorenblog.de\/wp-content\/uploads\/2020\/09\/shure-55sh-ii-e1601485394796.jpg\" alt=\"\" srcset=\"https:\/\/kommentatorenblog.de\/wp-content\/uploads\/2020\/09\/shure-55sh-ii-e1601485394796.jpg 415w, https:\/\/kommentatorenblog.de\/wp-content\/uploads\/2020\/09\/shure-55sh-ii-e1601485394796-142x300.jpg 142w\" sizes=\"auto, (max-width: 10px) 100vw, 10px\" \/> Michael Born, Experte: Benny Lauth<\/p>\n\n\n\n<p>Moderation: Sebastian Benesch, Field-Reporterin: Ann-Sophie Kimmel<\/p>\n\n\n\n<hr class=\"wp-block-separator\"\/>\n\n\n\n<p><strong><span class=\"has-inline-color has-black-color\"><strong><strong><strong>2. Bundesliga, 22. Spieltag<\/strong><\/strong> <\/strong> <\/span><\/strong><\/p>\n\n\n\n<p><span style=\"text-decoration: underline;\">Freitag, 11. Februar 2022, ab 18.30 Uhr (Sky)<\/span><\/p>\n\n\n\n<p><strong><em>Konferenz (18.30 Uhr)<\/em><\/strong><\/p>\n\n\n\n<p> <img loading=\"lazy\" decoding=\"async\" width=\"10\" height=\"21\" class=\"wp-image-3656\" style=\"width: 10px;\" src=\"http:\/\/kommentatorenblog.de\/wp-content\/uploads\/2020\/09\/shure-55sh-ii-e1601485394796.jpg\" alt=\"\" srcset=\"https:\/\/kommentatorenblog.de\/wp-content\/uploads\/2020\/09\/shure-55sh-ii-e1601485394796.jpg 415w, https:\/\/kommentatorenblog.de\/wp-content\/uploads\/2020\/09\/shure-55sh-ii-e1601485394796-142x300.jpg 142w\" sizes=\"auto, (max-width: 10px) 100vw, 10px\" \/> Markus Gaupp (HRO-SVW im Fokus)<\/p>\n\n\n\n<p><strong><em>Hansa Rostock&nbsp;\u2013&nbsp;Werder Bremen (18.30 Uhr)<\/em><\/strong><\/p>\n\n\n\n<p><img loading=\"lazy\" decoding=\"async\" width=\"10\" height=\"21\" class=\"wp-image-3656\" style=\"width: 10px;\" src=\"http:\/\/kommentatorenblog.de\/wp-content\/uploads\/2020\/09\/shure-55sh-ii-e1601485394796.jpg\" alt=\"\" srcset=\"https:\/\/kommentatorenblog.de\/wp-content\/uploads\/2020\/09\/shure-55sh-ii-e1601485394796.jpg 415w, https:\/\/kommentatorenblog.de\/wp-content\/uploads\/2020\/09\/shure-55sh-ii-e1601485394796-142x300.jpg 142w\" sizes=\"auto, (max-width: 10px) 100vw, 10px\" \/> Klaus Veltman, Field-Reporter: Marcus J\u00fcrgensen<\/p>\n\n\n\n<p><strong><em>Erzgebirge Aue \u2013&nbsp;Holstein Kiel (18.30 Uhr)<\/em><\/strong><\/p>\n\n\n\n<p><img loading=\"lazy\" decoding=\"async\" width=\"10\" height=\"21\" class=\"wp-image-3656\" style=\"width: 10px;\" src=\"http:\/\/kommentatorenblog.de\/wp-content\/uploads\/2020\/09\/shure-55sh-ii-e1601485394796.jpg\" alt=\"\" srcset=\"https:\/\/kommentatorenblog.de\/wp-content\/uploads\/2020\/09\/shure-55sh-ii-e1601485394796.jpg 415w, https:\/\/kommentatorenblog.de\/wp-content\/uploads\/2020\/09\/shure-55sh-ii-e1601485394796-142x300.jpg 142w\" sizes=\"auto, (max-width: 10px) 100vw, 10px\" \/> J\u00fcrgen Schmitz, Interviews: Schalte<\/p>\n\n\n\n<p>Moderation: Hartmut von Kameke<\/p>\n\n\n\n<p><span style=\"text-decoration: underline;\">Samstag, 05. Februar 2022, ab 13.00 Uhr (Sky)<\/span><\/p>\n\n\n\n<p><strong><em>Konferenz (13.30 Uhr)<\/em><\/strong><\/p>\n\n\n\n<p><img loading=\"lazy\" decoding=\"async\" width=\"10\" height=\"21\" class=\"wp-image-3656\" style=\"width: 10px;\" src=\"http:\/\/kommentatorenblog.de\/wp-content\/uploads\/2020\/09\/shure-55sh-ii-e1601485394796.jpg\" alt=\"\" srcset=\"https:\/\/kommentatorenblog.de\/wp-content\/uploads\/2020\/09\/shure-55sh-ii-e1601485394796.jpg 415w, https:\/\/kommentatorenblog.de\/wp-content\/uploads\/2020\/09\/shure-55sh-ii-e1601485394796-142x300.jpg 142w\" sizes=\"auto, (max-width: 10px) 100vw, 10px\" \/> Roland Evers (HSV-FCH im Fokus)<\/p>\n\n\n\n<p><strong><em>Hamburger SV&nbsp;\u2013&nbsp;1. FC Heidenheim (13.30 Uhr)<\/em><\/strong><\/p>\n\n\n\n<p><img loading=\"lazy\" decoding=\"async\" width=\"10\" height=\"21\" class=\"wp-image-3656\" style=\"width: 10px;\" src=\"http:\/\/kommentatorenblog.de\/wp-content\/uploads\/2020\/09\/shure-55sh-ii-e1601485394796.jpg\" alt=\"\" srcset=\"https:\/\/kommentatorenblog.de\/wp-content\/uploads\/2020\/09\/shure-55sh-ii-e1601485394796.jpg 415w, https:\/\/kommentatorenblog.de\/wp-content\/uploads\/2020\/09\/shure-55sh-ii-e1601485394796-142x300.jpg 142w\" sizes=\"auto, (max-width: 10px) 100vw, 10px\" \/> Torsten Kunde, Field-Reporter: Sven T\u00f6llner<\/p>\n\n\n\n<p><strong><em>Karlsruher SC&nbsp;\u2013&nbsp;1. FC N\u00fcrnberg (13.30 Uhr)<\/em><\/strong><\/p>\n\n\n\n<p><img loading=\"lazy\" decoding=\"async\" width=\"10\" height=\"21\" class=\"wp-image-3656\" style=\"width: 10px;\" src=\"http:\/\/kommentatorenblog.de\/wp-content\/uploads\/2020\/09\/shure-55sh-ii-e1601485394796.jpg\" alt=\"\" srcset=\"https:\/\/kommentatorenblog.de\/wp-content\/uploads\/2020\/09\/shure-55sh-ii-e1601485394796.jpg 415w, https:\/\/kommentatorenblog.de\/wp-content\/uploads\/2020\/09\/shure-55sh-ii-e1601485394796-142x300.jpg 142w\" sizes=\"auto, (max-width: 10px) 100vw, 10px\" \/> Sven Schr\u00f6ter, Interviews: Schalte<\/p>\n\n\n\n<p><strong><em>SC Paderborn 07 \u2013&nbsp;Dynamo Dresden (13.30 Uhr)<\/em><\/strong><\/p>\n\n\n\n<p><img loading=\"lazy\" decoding=\"async\" width=\"10\" height=\"21\" class=\"wp-image-3656\" style=\"width: 10px;\" src=\"http:\/\/kommentatorenblog.de\/wp-content\/uploads\/2020\/09\/shure-55sh-ii-e1601485394796.jpg\" alt=\"\" srcset=\"https:\/\/kommentatorenblog.de\/wp-content\/uploads\/2020\/09\/shure-55sh-ii-e1601485394796.jpg 415w, https:\/\/kommentatorenblog.de\/wp-content\/uploads\/2020\/09\/shure-55sh-ii-e1601485394796-142x300.jpg 142w\" sizes=\"auto, (max-width: 10px) 100vw, 10px\" \/> Martin Weinberger<\/p>\n\n\n\n<p>Moderation: Peter Hardenacke<\/p>\n\n\n\n<p><span style=\"text-decoration: underline;\">ab 19.30 Uhr (SPORT1) \/ ab 20.00 Uhr (Sky)<\/span><\/p>\n\n\n\n<p><em><strong>SSV Jahn Regensburg <strong><em>\u2013<\/em><\/strong> 1. FC St. Pauli (20.30 Uhr)<\/strong><\/em><\/p>\n\n\n\n<p>Sky: <img loading=\"lazy\" decoding=\"async\" width=\"10\" height=\"21\" class=\"wp-image-3656\" style=\"width: 10px;\" src=\"http:\/\/kommentatorenblog.de\/wp-content\/uploads\/2020\/09\/shure-55sh-ii-e1601485394796.jpg\" alt=\"\" srcset=\"https:\/\/kommentatorenblog.de\/wp-content\/uploads\/2020\/09\/shure-55sh-ii-e1601485394796.jpg 415w, https:\/\/kommentatorenblog.de\/wp-content\/uploads\/2020\/09\/shure-55sh-ii-e1601485394796-142x300.jpg 142w\" sizes=\"auto, (max-width: 10px) 100vw, 10px\" \/> Stefan Hempel, Experte: Torsten Mattuschka<\/p>\n\n\n\n<p>Sport1: <img loading=\"lazy\" decoding=\"async\" width=\"10\" height=\"21\" class=\"wp-image-3656\" style=\"width: 10px;\" src=\"http:\/\/kommentatorenblog.de\/wp-content\/uploads\/2020\/09\/shure-55sh-ii-e1601485394796.jpg\" alt=\"\" srcset=\"https:\/\/kommentatorenblog.de\/wp-content\/uploads\/2020\/09\/shure-55sh-ii-e1601485394796.jpg 415w, https:\/\/kommentatorenblog.de\/wp-content\/uploads\/2020\/09\/shure-55sh-ii-e1601485394796-142x300.jpg 142w\" sizes=\"auto, (max-width: 10px) 100vw, 10px\" \/> Oliver Forster, Field-Reporter: Hartwig Th\u00f6ne<\/p>\n\n\n\n<p>Moderation (Sport1): Ruth Hofmann, Experte: Markus Babbel<\/p>\n\n\n\n<p><span style=\"text-decoration: underline;\">Sonntag, 13. Februar 2022, ab 13.00 Uhr (Sky)<\/span><\/p>\n\n\n\n<p><strong><em>Konferenz (13.30 Uhr)<\/em><\/strong><\/p>\n\n\n\n<p><img loading=\"lazy\" decoding=\"async\" width=\"10\" height=\"21\" class=\"wp-image-3656\" style=\"width: 10px;\" src=\"http:\/\/kommentatorenblog.de\/wp-content\/uploads\/2020\/09\/shure-55sh-ii-e1601485394796.jpg\" alt=\"\" srcset=\"https:\/\/kommentatorenblog.de\/wp-content\/uploads\/2020\/09\/shure-55sh-ii-e1601485394796.jpg 415w, https:\/\/kommentatorenblog.de\/wp-content\/uploads\/2020\/09\/shure-55sh-ii-e1601485394796-142x300.jpg 142w\" sizes=\"auto, (max-width: 10px) 100vw, 10px\" \/> Torsten Kunde (F95-S04 im Fokus)<\/p>\n\n\n\n<p><strong><em>Fortuna D\u00fcsseldorf&nbsp;\u2013&nbsp;FC Schalke 04 (13.30 Uhr)<\/em><\/strong><\/p>\n\n\n\n<p><img loading=\"lazy\" decoding=\"async\" width=\"10\" height=\"21\" class=\"wp-image-3656\" style=\"width: 10px;\" src=\"http:\/\/kommentatorenblog.de\/wp-content\/uploads\/2020\/09\/shure-55sh-ii-e1601485394796.jpg\" alt=\"\" srcset=\"https:\/\/kommentatorenblog.de\/wp-content\/uploads\/2020\/09\/shure-55sh-ii-e1601485394796.jpg 415w, https:\/\/kommentatorenblog.de\/wp-content\/uploads\/2020\/09\/shure-55sh-ii-e1601485394796-142x300.jpg 142w\" sizes=\"auto, (max-width: 10px) 100vw, 10px\" \/> Hannes Herrmann, Field-Reporter: Dirk gro\u00dfe Schlarmann<\/p>\n\n\n\n<p><strong><em>Hannover 96 \u2013&nbsp;SV Darmstadt 98<\/em><\/strong> <strong><em>(13.30 Uhr)<\/em><\/strong><\/p>\n\n\n\n<p><img loading=\"lazy\" decoding=\"async\" width=\"10\" height=\"21\" class=\"wp-image-3656\" style=\"width: 10px;\" src=\"http:\/\/kommentatorenblog.de\/wp-content\/uploads\/2020\/09\/shure-55sh-ii-e1601485394796.jpg\" alt=\"\" srcset=\"https:\/\/kommentatorenblog.de\/wp-content\/uploads\/2020\/09\/shure-55sh-ii-e1601485394796.jpg 415w, https:\/\/kommentatorenblog.de\/wp-content\/uploads\/2020\/09\/shure-55sh-ii-e1601485394796-142x300.jpg 142w\" sizes=\"auto, (max-width: 10px) 100vw, 10px\" \/> Oliver Seidler, Interviews: Schalte<\/p>\n\n\n\n<p><strong><em>FC Ingolstadt 04 \u2013&nbsp;SV Sandhausen<\/em><\/strong> <strong><em>(13.30 Uhr)<\/em><\/strong><\/p>\n\n\n\n<p><img loading=\"lazy\" decoding=\"async\" width=\"10\" height=\"21\" class=\"wp-image-3656\" style=\"width: 10px;\" src=\"http:\/\/kommentatorenblog.de\/wp-content\/uploads\/2020\/09\/shure-55sh-ii-e1601485394796.jpg\" alt=\"\" srcset=\"https:\/\/kommentatorenblog.de\/wp-content\/uploads\/2020\/09\/shure-55sh-ii-e1601485394796.jpg 415w, https:\/\/kommentatorenblog.de\/wp-content\/uploads\/2020\/09\/shure-55sh-ii-e1601485394796-142x300.jpg 142w\" sizes=\"auto, (max-width: 10px) 100vw, 10px\" \/> Sven Schr\u00f6ter<\/p>\n\n\n\n<p>Moderation: Yannick Erkenbrecher, Experte: Torsten Mattuschka<\/p>\n\n\n\n<hr class=\"wp-block-separator\"\/>\n\n\n\n<p><strong><span class=\"has-inline-color has-black-color\"><strong><strong><strong>3. Liga, 26. Spieltag<\/strong><\/strong> <\/strong> <\/span><\/strong><\/p>\n\n\n\n<p><span style=\"text-decoration: underline;\">Freitag, 11. Februar 2022, ab 18.45 Uhr (Magenta Sport)<\/span><\/p>\n\n\n\n<p><em><strong>Hallescher FC <strong><em>\u2013<\/em><\/strong> FSV Zwickau (19.00 Uhr)<\/strong><\/em><\/p>\n\n\n\n<p><img loading=\"lazy\" decoding=\"async\" width=\"10\" height=\"21\" class=\"wp-image-3656\" style=\"width: 10px;\" src=\"http:\/\/kommentatorenblog.de\/wp-content\/uploads\/2020\/09\/shure-55sh-ii-e1601485394796.jpg\" alt=\"\" srcset=\"https:\/\/kommentatorenblog.de\/wp-content\/uploads\/2020\/09\/shure-55sh-ii-e1601485394796.jpg 415w, https:\/\/kommentatorenblog.de\/wp-content\/uploads\/2020\/09\/shure-55sh-ii-e1601485394796-142x300.jpg 142w\" sizes=\"auto, (max-width: 10px) 100vw, 10px\" \/> Andreas Mann<\/p>\n\n\n\n<p>Moderation: Anett Sattler, Experte: Martin Lanig<\/p>\n\n\n\n<p><span style=\"text-decoration: underline;\">Samstag, 12. Februar 2022, ab 13.45 Uhr (Magenta Sport)<\/span><\/p>\n\n\n\n<p><strong><em>Konferenz (14.00 Uhr)<\/em><\/strong><\/p>\n\n\n\n<p><img loading=\"lazy\" decoding=\"async\" width=\"10\" height=\"21\" class=\"wp-image-3656\" style=\"width: 10px;\" src=\"http:\/\/kommentatorenblog.de\/wp-content\/uploads\/2020\/09\/shure-55sh-ii-e1601485394796.jpg\" alt=\"\" srcset=\"https:\/\/kommentatorenblog.de\/wp-content\/uploads\/2020\/09\/shure-55sh-ii-e1601485394796.jpg 415w, https:\/\/kommentatorenblog.de\/wp-content\/uploads\/2020\/09\/shure-55sh-ii-e1601485394796-142x300.jpg 142w\" sizes=\"auto, (max-width: 10px) 100vw, 10px\" \/> Martin Piller und Alex Klich<\/p>\n\n\n\n<p><strong><em>Borussia Dortmund II <strong><em>\u2013<\/em><\/strong> TSV Havelse (14.00 Uhr)<\/em><\/strong><\/p>\n\n\n\n<p><img loading=\"lazy\" decoding=\"async\" width=\"10\" height=\"21\" class=\"wp-image-3656\" style=\"width: 10px;\" src=\"http:\/\/kommentatorenblog.de\/wp-content\/uploads\/2020\/09\/shure-55sh-ii-e1601485394796.jpg\" alt=\"\" srcset=\"https:\/\/kommentatorenblog.de\/wp-content\/uploads\/2020\/09\/shure-55sh-ii-e1601485394796.jpg 415w, https:\/\/kommentatorenblog.de\/wp-content\/uploads\/2020\/09\/shure-55sh-ii-e1601485394796-142x300.jpg 142w\" sizes=\"auto, (max-width: 10px) 100vw, 10px\" \/> Stefan Fuckert<\/p>\n\n\n\n<p>Moderation: Cedric Pick<\/p>\n\n\n\n<p><strong><em>FC W\u00fcrzburger Kickers <strong><em>\u2013<\/em><\/strong> MSV Duisburg (14.00 Uhr)<\/em><\/strong><\/p>\n\n\n\n<p><img loading=\"lazy\" decoding=\"async\" width=\"10\" height=\"21\" class=\"wp-image-3656\" style=\"width: 10px;\" src=\"http:\/\/kommentatorenblog.de\/wp-content\/uploads\/2020\/09\/shure-55sh-ii-e1601485394796.jpg\" alt=\"\" srcset=\"https:\/\/kommentatorenblog.de\/wp-content\/uploads\/2020\/09\/shure-55sh-ii-e1601485394796.jpg 415w, https:\/\/kommentatorenblog.de\/wp-content\/uploads\/2020\/09\/shure-55sh-ii-e1601485394796-142x300.jpg 142w\" sizes=\"auto, (max-width: 10px) 100vw, 10px\" \/> Franz B\u00fcchner<\/p>\n\n\n\n<p>Moderation: <s>Simon K\u00f6pfer<\/s> Alex Kunz<\/p>\n\n\n\n<p><strong><em>SV Meppen <strong><em>\u2013<\/em><\/strong> TSV 1860 M\u00fcnchen (14.00 Uhr)<\/em><\/strong><\/p>\n\n\n\n<p><img loading=\"lazy\" decoding=\"async\" width=\"10\" height=\"21\" class=\"wp-image-3656\" style=\"width: 10px;\" src=\"http:\/\/kommentatorenblog.de\/wp-content\/uploads\/2020\/09\/shure-55sh-ii-e1601485394796.jpg\" alt=\"\" srcset=\"https:\/\/kommentatorenblog.de\/wp-content\/uploads\/2020\/09\/shure-55sh-ii-e1601485394796.jpg 415w, https:\/\/kommentatorenblog.de\/wp-content\/uploads\/2020\/09\/shure-55sh-ii-e1601485394796-142x300.jpg 142w\" sizes=\"auto, (max-width: 10px) 100vw, 10px\" \/> Christian Stra\u00dfburger<\/p>\n\n\n\n<p>Moderation: Kamila Benschop<\/p>\n\n\n\n<p><strong><em>T\u00fcrkg\u00fcc\u00fc M\u00fcnchen<\/em><\/strong> <strong><em><strong><em>\u2013<\/em><\/strong> SV Waldhof Mannheim (14.00 Uhr)<\/em><\/strong><\/p>\n\n\n\n<p><img loading=\"lazy\" decoding=\"async\" width=\"10\" height=\"21\" class=\"wp-image-3656\" style=\"width: 10px;\" src=\"http:\/\/kommentatorenblog.de\/wp-content\/uploads\/2020\/09\/shure-55sh-ii-e1601485394796.jpg\" alt=\"\" srcset=\"https:\/\/kommentatorenblog.de\/wp-content\/uploads\/2020\/09\/shure-55sh-ii-e1601485394796.jpg 415w, https:\/\/kommentatorenblog.de\/wp-content\/uploads\/2020\/09\/shure-55sh-ii-e1601485394796-142x300.jpg 142w\" sizes=\"auto, (max-width: 10px) 100vw, 10px\" \/> <s>Alex Kunz<\/s> Oskar Heirler<\/p>\n\n\n\n<p>Moderation: Basti Schwele<\/p>\n\n\n\n<p><span style=\"text-decoration: underline;\">ab 13.45 Uhr (Magenta Sport) \/ ab 14 Uhr (NDR)<\/span> <\/p>\n\n\n\n<p><strong><em>1. <span><span style=\"font-weight: 600;\"><i>FC Kaiserslautern<\/i><\/span><b style=\"font-style: italic;\"> <\/b><\/span><strong><em>\u2013<\/em><\/strong> 1. FC Magdeburg<\/em><\/strong> <strong><em>(14.00 Uhr)<\/em><\/strong><\/p>\n\n\n\n<p><img loading=\"lazy\" decoding=\"async\" width=\"10\" height=\"21\" class=\"wp-image-3656\" style=\"width: 10px;\" src=\"http:\/\/kommentatorenblog.de\/wp-content\/uploads\/2020\/09\/shure-55sh-ii-e1601485394796.jpg\" alt=\"\" srcset=\"https:\/\/kommentatorenblog.de\/wp-content\/uploads\/2020\/09\/shure-55sh-ii-e1601485394796.jpg 415w, https:\/\/kommentatorenblog.de\/wp-content\/uploads\/2020\/09\/shure-55sh-ii-e1601485394796-142x300.jpg 142w\" sizes=\"auto, (max-width: 10px) 100vw, 10px\" \/> Magenta Sport: Markus H\u00f6hner<\/p>\n\n\n\n<p><img loading=\"lazy\" decoding=\"async\" width=\"10\" height=\"21\" class=\"wp-image-3656\" style=\"width: 10px;\" src=\"http:\/\/kommentatorenblog.de\/wp-content\/uploads\/2020\/09\/shure-55sh-ii-e1601485394796.jpg\" alt=\"\" srcset=\"https:\/\/kommentatorenblog.de\/wp-content\/uploads\/2020\/09\/shure-55sh-ii-e1601485394796.jpg 415w, https:\/\/kommentatorenblog.de\/wp-content\/uploads\/2020\/09\/shure-55sh-ii-e1601485394796-142x300.jpg 142w\" sizes=\"auto, (max-width: 10px) 100vw, 10px\" \/> SWR: Michael Bollenbacher<\/p>\n\n\n\n<p><img loading=\"lazy\" decoding=\"async\" width=\"10\" height=\"21\" class=\"wp-image-3656\" style=\"width: 10px;\" src=\"http:\/\/kommentatorenblog.de\/wp-content\/uploads\/2020\/09\/shure-55sh-ii-e1601485394796.jpg\" alt=\"\" srcset=\"https:\/\/kommentatorenblog.de\/wp-content\/uploads\/2020\/09\/shure-55sh-ii-e1601485394796.jpg 415w, https:\/\/kommentatorenblog.de\/wp-content\/uploads\/2020\/09\/shure-55sh-ii-e1601485394796-142x300.jpg 142w\" sizes=\"auto, (max-width: 10px) 100vw, 10px\" \/> MDR: Alexander K\u00fcpper<\/p>\n\n\n\n<p>Moderation (Magenta Sport): Tobi Sch\u00e4fer<\/p>\n\n\n\n<p>Moderation (SWR): Lennert Brinkhoff, Experte: Thomas Riedl<\/p>\n\n\n\n<p>Moderation (MDR): Guido Pierskalla, Experte: Benjamin Kirsten<\/p>\n\n\n\n<p><strong><em><span><span style=\"font-weight: 600;\"><i>Eintracht Braunschweig<\/i><\/span><\/span><\/em><\/strong> <strong><em><strong><em>\u2013<\/em><\/strong> SC Freiburg II (14.00 Uhr)<\/em><\/strong><\/p>\n\n\n\n<p><img loading=\"lazy\" decoding=\"async\" width=\"10\" height=\"21\" class=\"wp-image-3656\" style=\"width: 10px;\" src=\"http:\/\/kommentatorenblog.de\/wp-content\/uploads\/2020\/09\/shure-55sh-ii-e1601485394796.jpg\" alt=\"\" srcset=\"https:\/\/kommentatorenblog.de\/wp-content\/uploads\/2020\/09\/shure-55sh-ii-e1601485394796.jpg 415w, https:\/\/kommentatorenblog.de\/wp-content\/uploads\/2020\/09\/shure-55sh-ii-e1601485394796-142x300.jpg 142w\" sizes=\"auto, (max-width: 10px) 100vw, 10px\" \/> Magenta Sport: Julian Engelhard<\/p>\n\n\n\n<p><img loading=\"lazy\" decoding=\"async\" width=\"10\" height=\"21\" class=\"wp-image-3656\" style=\"width: 10px;\" src=\"http:\/\/kommentatorenblog.de\/wp-content\/uploads\/2020\/09\/shure-55sh-ii-e1601485394796.jpg\" alt=\"\" srcset=\"https:\/\/kommentatorenblog.de\/wp-content\/uploads\/2020\/09\/shure-55sh-ii-e1601485394796.jpg 415w, https:\/\/kommentatorenblog.de\/wp-content\/uploads\/2020\/09\/shure-55sh-ii-e1601485394796-142x300.jpg 142w\" sizes=\"auto, (max-width: 10px) 100vw, 10px\" \/> NDR: Patrick Halatsch<\/p>\n\n\n\n<p>Moderation (Magenta Sport): Michael Augustin<\/p>\n\n\n\n<p>Moderation (NDR): Andreas K\u00e4ckell<\/p>\n\n\n\n<p><span style=\"text-decoration: underline;\">Sonntag, 13. Februar 2022, ab 12.45 Uhr (Magenta Sport)<\/span><\/p>\n\n\n\n<p><strong><em>FC Viktoria 1889 Berli<\/em><\/strong><em><strong>n <strong><em>\u2013<\/em><\/strong> SC Verl (13.00 Uhr)<\/strong><\/em><\/p>\n\n\n\n<p><img loading=\"lazy\" decoding=\"async\" width=\"10\" height=\"21\" class=\"wp-image-3656\" style=\"width: 10px;\" src=\"http:\/\/kommentatorenblog.de\/wp-content\/uploads\/2020\/09\/shure-55sh-ii-e1601485394796.jpg\" alt=\"\" srcset=\"https:\/\/kommentatorenblog.de\/wp-content\/uploads\/2020\/09\/shure-55sh-ii-e1601485394796.jpg 415w, https:\/\/kommentatorenblog.de\/wp-content\/uploads\/2020\/09\/shure-55sh-ii-e1601485394796-142x300.jpg 142w\" sizes=\"auto, (max-width: 10px) 100vw, 10px\" \/> Lenny Leonhardt<\/p>\n\n\n\n<p>Moderation: Alexander K\u00fcpper<\/p>\n\n\n\n<p><span style=\"text-decoration: underline;\">ab 13.45 Uhr (Magenta Sport)<\/span><\/p>\n\n\n\n<p><em><strong>SV Wehen Wiesbaden <strong><em>\u2013<\/em><\/strong> 1. FC Saarbr\u00fccken<\/strong><\/em> <em><strong>(14.00 Uhr)<\/strong><\/em><\/p>\n\n\n\n<p><img loading=\"lazy\" decoding=\"async\" width=\"10\" height=\"21\" class=\"wp-image-3656\" style=\"width: 10px;\" src=\"http:\/\/kommentatorenblog.de\/wp-content\/uploads\/2020\/09\/shure-55sh-ii-e1601485394796.jpg\" alt=\"\" srcset=\"https:\/\/kommentatorenblog.de\/wp-content\/uploads\/2020\/09\/shure-55sh-ii-e1601485394796.jpg 415w, https:\/\/kommentatorenblog.de\/wp-content\/uploads\/2020\/09\/shure-55sh-ii-e1601485394796-142x300.jpg 142w\" sizes=\"auto, (max-width: 10px) 100vw, 10px\" \/> Mario Bast<\/p>\n\n\n\n<p>Moderation: Kevin Gerwin<\/p>\n\n\n\n<p><span style=\"text-decoration: underline;\">Montag, 14. Februar 2022, ab 18.30 Uhr (Magenta Sport)<\/span><\/p>\n\n\n\n<p><strong><em>FC Viktoria K\u00f6ln <strong><em>\u2013<\/em><\/strong> VfL Osnabr\u00fcck (19.00 Uhr)<\/em><\/strong><\/p>\n\n\n\n<p><img loading=\"lazy\" decoding=\"async\" width=\"10\" height=\"21\" class=\"wp-image-3656\" style=\"width: 10px;\" src=\"http:\/\/kommentatorenblog.de\/wp-content\/uploads\/2020\/09\/shure-55sh-ii-e1601485394796.jpg\" alt=\"\" srcset=\"https:\/\/kommentatorenblog.de\/wp-content\/uploads\/2020\/09\/shure-55sh-ii-e1601485394796.jpg 415w, https:\/\/kommentatorenblog.de\/wp-content\/uploads\/2020\/09\/shure-55sh-ii-e1601485394796-142x300.jpg 142w\" sizes=\"auto, (max-width: 10px) 100vw, 10px\" \/> Christian Stra\u00dfburger<\/p>\n\n\n\n<p>Moderation: Stefan Fuckert, Experte: Kevin Kraus<\/p>\n\n\n\n<hr class=\"wp-block-separator\"\/>\n\n\n\n<p><strong><span class=\"has-inline-color has-black-color\"><strong><strong><strong>Frauen-Bundesliga, 14. Spieltag<\/strong><\/strong><\/strong><\/span><\/strong><\/p>\n\n\n\n<p><span style=\"text-decoration: underline;\">Freitag, 11. Februar 2022, ab 17.55 Uhr (Magenta Sport) bzw. ab 18.10Uhr (Eurosport)<\/span><\/p>\n\n\n\n<p><em><strong>1. FFC Turbine Potsdam <strong><em>\u2013<\/em><\/strong> Bayer 04 Leverkusen (18.10 Uhr)<\/strong><\/em><\/p>\n\n\n\n<p>Magenta Sport: <img loading=\"lazy\" decoding=\"async\" width=\"10\" height=\"21\" class=\"wp-image-3656\" style=\"width: 10px;\" src=\"http:\/\/kommentatorenblog.de\/wp-content\/uploads\/2020\/09\/shure-55sh-ii-e1601485394796.jpg\" alt=\"\" srcset=\"https:\/\/kommentatorenblog.de\/wp-content\/uploads\/2020\/09\/shure-55sh-ii-e1601485394796.jpg 415w, https:\/\/kommentatorenblog.de\/wp-content\/uploads\/2020\/09\/shure-55sh-ii-e1601485394796-142x300.jpg 142w\" sizes=\"auto, (max-width: 10px) 100vw, 10px\" \/> Oskar Heirler<\/p>\n\n\n\n<p>Eurosport: <img loading=\"lazy\" decoding=\"async\" width=\"10\" height=\"21\" class=\"wp-image-3656\" style=\"width: 10px;\" src=\"http:\/\/kommentatorenblog.de\/wp-content\/uploads\/2020\/09\/shure-55sh-ii-e1601485394796.jpg\" alt=\"\" srcset=\"https:\/\/kommentatorenblog.de\/wp-content\/uploads\/2020\/09\/shure-55sh-ii-e1601485394796.jpg 415w, https:\/\/kommentatorenblog.de\/wp-content\/uploads\/2020\/09\/shure-55sh-ii-e1601485394796-142x300.jpg 142w\" sizes=\"auto, (max-width: 10px) 100vw, 10px\" \/> Markus Theil<\/p>\n\n\n\n<p><span style=\"text-decoration: underline;\">Samstag, 12. Februar 2022, ab 12.45 Uhr (Magenta Sport)<\/span><\/p>\n\n\n\n<p><strong><em>SC Freiburg <strong><em>\u2013<\/em><\/strong> FC Bayern M\u00fcnchen (13.00 Uhr)<\/em><\/strong><\/p>\n\n\n\n<p><img loading=\"lazy\" decoding=\"async\" width=\"10\" height=\"21\" class=\"wp-image-3656\" style=\"width: 10px;\" src=\"http:\/\/kommentatorenblog.de\/wp-content\/uploads\/2020\/09\/shure-55sh-ii-e1601485394796.jpg\" alt=\"\" srcset=\"https:\/\/kommentatorenblog.de\/wp-content\/uploads\/2020\/09\/shure-55sh-ii-e1601485394796.jpg 415w, https:\/\/kommentatorenblog.de\/wp-content\/uploads\/2020\/09\/shure-55sh-ii-e1601485394796-142x300.jpg 142w\" sizes=\"auto, (max-width: 10px) 100vw, 10px\" \/> Michael Seyberth<\/p>\n\n\n\n<p><span style=\"text-decoration: underline;\">Sonntag, 13. Februar 2022, ab 12.45 Uhr (Magenta Sport)<\/span><\/p>\n\n\n\n<p><strong><em>TSG Hoffenheim <strong><em>\u2013<\/em><\/strong> SGS Essen (13.00 Uhr)<\/em><\/strong><\/p>\n\n\n\n<p><img loading=\"lazy\" decoding=\"async\" width=\"10\" height=\"21\" class=\"wp-image-3656\" style=\"width: 10px;\" src=\"http:\/\/kommentatorenblog.de\/wp-content\/uploads\/2020\/09\/shure-55sh-ii-e1601485394796.jpg\" alt=\"\" srcset=\"https:\/\/kommentatorenblog.de\/wp-content\/uploads\/2020\/09\/shure-55sh-ii-e1601485394796.jpg 415w, https:\/\/kommentatorenblog.de\/wp-content\/uploads\/2020\/09\/shure-55sh-ii-e1601485394796-142x300.jpg 142w\" sizes=\"auto, (max-width: 10px) 100vw, 10px\" \/> Alex Kunz<\/p>\n\n\n\n<p><span style=\"text-decoration: underline;\">ab 15.45 Uhr (Magenta Sport)<\/span><\/p>\n\n\n\n<p><strong><em>1. FC K\u00f6ln <strong><em>\u2013<\/em><\/strong> Eintracht Frankfurt<\/em><\/strong> <strong><em>(16.00 Uhr)<\/em><\/strong><\/p>\n\n\n\n<p><img loading=\"lazy\" decoding=\"async\" width=\"10\" height=\"21\" class=\"wp-image-3656\" style=\"width: 10px;\" src=\"http:\/\/kommentatorenblog.de\/wp-content\/uploads\/2020\/09\/shure-55sh-ii-e1601485394796.jpg\" alt=\"\" srcset=\"https:\/\/kommentatorenblog.de\/wp-content\/uploads\/2020\/09\/shure-55sh-ii-e1601485394796.jpg 415w, https:\/\/kommentatorenblog.de\/wp-content\/uploads\/2020\/09\/shure-55sh-ii-e1601485394796-142x300.jpg 142w\" sizes=\"auto, (max-width: 10px) 100vw, 10px\" \/> Antonia Engelhardt<\/p>\n\n\n\n<p>Moderation: Kamila Benschop<\/p>\n\n\n\n<p><strong><em>SV Werder Bremen <strong><em>\u2013<\/em><\/strong> FC Carl Zeiss Jena (16.00 Uhr)<\/em><\/strong><\/p>\n\n\n\n<p><img loading=\"lazy\" decoding=\"async\" width=\"10\" height=\"21\" class=\"wp-image-3656\" style=\"width: 10px;\" src=\"http:\/\/kommentatorenblog.de\/wp-content\/uploads\/2020\/09\/shure-55sh-ii-e1601485394796.jpg\" alt=\"\" srcset=\"https:\/\/kommentatorenblog.de\/wp-content\/uploads\/2020\/09\/shure-55sh-ii-e1601485394796.jpg 415w, https:\/\/kommentatorenblog.de\/wp-content\/uploads\/2020\/09\/shure-55sh-ii-e1601485394796-142x300.jpg 142w\" sizes=\"auto, (max-width: 10px) 100vw, 10px\" \/> Michael Seyberth<\/p>\n\n\n\n<hr class=\"wp-block-separator\"\/>\n\n\n\n<p><strong>Premier League, 25. Spieltag (Sky)<\/strong><\/p>\n\n\n\n<p><span style=\"text-decoration: underline;\">Samstag, 12. Februar 2022, ab 13.20 Uhr<\/span><\/p>\n\n\n\n<p><strong><em>Manchester United&nbsp;\u2013&nbsp;FC Southampton (13.30 Uhr) <\/em><\/strong><\/p>\n\n\n\n<p><img loading=\"lazy\" decoding=\"async\" width=\"10\" height=\"21\" class=\"wp-image-3656\" style=\"width: 10px;\" src=\"http:\/\/kommentatorenblog.de\/wp-content\/uploads\/2020\/09\/shure-55sh-ii-e1601485394796.jpg\" alt=\"\" srcset=\"https:\/\/kommentatorenblog.de\/wp-content\/uploads\/2020\/09\/shure-55sh-ii-e1601485394796.jpg 415w, https:\/\/kommentatorenblog.de\/wp-content\/uploads\/2020\/09\/shure-55sh-ii-e1601485394796-142x300.jpg 142w\" sizes=\"auto, (max-width: 10px) 100vw, 10px\" \/> Uli Hebel<\/p>\n\n\n\n<p><span style=\"text-decoration: underline;\">ab 15.50 Uhr<\/span> <\/p>\n\n\n\n<p><strong><em>FC Everton \u2013&nbsp;Leeds United<\/em><\/strong> <strong><em>(16.00 Uhr)<\/em><\/strong><\/p>\n\n\n\n<p><img loading=\"lazy\" decoding=\"async\" width=\"10\" height=\"21\" class=\"wp-image-3656\" style=\"width: 10px;\" src=\"http:\/\/kommentatorenblog.de\/wp-content\/uploads\/2020\/09\/shure-55sh-ii-e1601485394796.jpg\" alt=\"\" srcset=\"https:\/\/kommentatorenblog.de\/wp-content\/uploads\/2020\/09\/shure-55sh-ii-e1601485394796.jpg 415w, https:\/\/kommentatorenblog.de\/wp-content\/uploads\/2020\/09\/shure-55sh-ii-e1601485394796-142x300.jpg 142w\" sizes=\"auto, (max-width: 10px) 100vw, 10px\" \/> Joachim Hebel<\/p>\n\n\n\n<p><strong><em>FC&nbsp;Brentford \u2013&nbsp;Crystal Palace<\/em><\/strong> <strong><em>(16.00 Uhr)<\/em><\/strong><\/p>\n\n\n\n<p><img loading=\"lazy\" decoding=\"async\" width=\"10\" height=\"21\" class=\"wp-image-3656\" style=\"width: 10px;\" src=\"http:\/\/kommentatorenblog.de\/wp-content\/uploads\/2020\/09\/shure-55sh-ii-e1601485394796.jpg\" alt=\"\" srcset=\"https:\/\/kommentatorenblog.de\/wp-content\/uploads\/2020\/09\/shure-55sh-ii-e1601485394796.jpg 415w, https:\/\/kommentatorenblog.de\/wp-content\/uploads\/2020\/09\/shure-55sh-ii-e1601485394796-142x300.jpg 142w\" sizes=\"auto, (max-width: 10px) 100vw, 10px\" \/> Markus Gaupp<\/p>\n\n\n\n<p><strong><em>FC&nbsp;Watford \u2013&nbsp;Brighton &amp; Hove Albion<\/em><\/strong> <strong><em>(16.00 Uhr)<\/em><\/strong><\/p>\n\n\n\n<p><img loading=\"lazy\" decoding=\"async\" width=\"10\" height=\"21\" class=\"wp-image-3656\" style=\"width: 10px;\" src=\"http:\/\/kommentatorenblog.de\/wp-content\/uploads\/2020\/09\/shure-55sh-ii-e1601485394796.jpg\" alt=\"\" srcset=\"https:\/\/kommentatorenblog.de\/wp-content\/uploads\/2020\/09\/shure-55sh-ii-e1601485394796.jpg 415w, https:\/\/kommentatorenblog.de\/wp-content\/uploads\/2020\/09\/shure-55sh-ii-e1601485394796-142x300.jpg 142w\" sizes=\"auto, (max-width: 10px) 100vw, 10px\" \/> Hannes Herrmann<\/p>\n\n\n\n<p><span style=\"text-decoration: underline;\">ab 18.20 Uhr<\/span> <\/p>\n\n\n\n<p><em><strong>Norwich City \u2013 Manchester City<\/strong><\/em> <strong><em>(18.30 Uhr)<\/em><\/strong><\/p>\n\n\n\n<p><img loading=\"lazy\" decoding=\"async\" width=\"10\" height=\"21\" class=\"wp-image-3656\" style=\"width: 10px;\" src=\"http:\/\/kommentatorenblog.de\/wp-content\/uploads\/2020\/09\/shure-55sh-ii-e1601485394796.jpg\" alt=\"\" srcset=\"https:\/\/kommentatorenblog.de\/wp-content\/uploads\/2020\/09\/shure-55sh-ii-e1601485394796.jpg 415w, https:\/\/kommentatorenblog.de\/wp-content\/uploads\/2020\/09\/shure-55sh-ii-e1601485394796-142x300.jpg 142w\" sizes=\"auto, (max-width: 10px) 100vw, 10px\" \/> Sven Schr\u00f6ter<\/p>\n\n\n\n<p><span style=\"text-decoration: underline;\">Sonntag, 13. Februar 2022, ab 14.50 Uhr<\/span> <\/p>\n\n\n\n<p><strong><em>FC Burnley \u2013 FC Liverpool<\/em><\/strong> <strong><em>(15.00 Uhr)<\/em><\/strong><\/p>\n\n\n\n<p><img loading=\"lazy\" decoding=\"async\" width=\"10\" height=\"21\" class=\"wp-image-3656\" style=\"width: 10px;\" src=\"http:\/\/kommentatorenblog.de\/wp-content\/uploads\/2020\/09\/shure-55sh-ii-e1601485394796.jpg\" alt=\"\" srcset=\"https:\/\/kommentatorenblog.de\/wp-content\/uploads\/2020\/09\/shure-55sh-ii-e1601485394796.jpg 415w, https:\/\/kommentatorenblog.de\/wp-content\/uploads\/2020\/09\/shure-55sh-ii-e1601485394796-142x300.jpg 142w\" sizes=\"auto, (max-width: 10px) 100vw, 10px\" \/> Florian Schmidt-Sommerfeld<\/p>\n\n\n\n<p><strong><em>Tottenham Hotspur \u2013&nbsp;Wolverhampton Wanderers (15.00 Uhr)<\/em><\/strong><\/p>\n\n\n\n<p><img loading=\"lazy\" decoding=\"async\" width=\"10\" height=\"21\" class=\"wp-image-3656\" style=\"width: 10px;\" src=\"http:\/\/kommentatorenblog.de\/wp-content\/uploads\/2020\/09\/shure-55sh-ii-e1601485394796.jpg\" alt=\"\" srcset=\"https:\/\/kommentatorenblog.de\/wp-content\/uploads\/2020\/09\/shure-55sh-ii-e1601485394796.jpg 415w, https:\/\/kommentatorenblog.de\/wp-content\/uploads\/2020\/09\/shure-55sh-ii-e1601485394796-142x300.jpg 142w\" sizes=\"auto, (max-width: 10px) 100vw, 10px\" \/> Florian Malburg<\/p>\n\n\n\n<p><span style=\"text-decoration: underline;\">ab 17.20 Uhr<\/span><\/p>\n\n\n\n<p><strong><em>Leicester City \u2013&nbsp;West Ham United<\/em><\/strong> <strong><em>(17.30 Uhr)<\/em><\/strong><\/p>\n\n\n\n<p><img loading=\"lazy\" decoding=\"async\" width=\"10\" height=\"21\" class=\"wp-image-3656\" style=\"width: 10px;\" src=\"http:\/\/kommentatorenblog.de\/wp-content\/uploads\/2020\/09\/shure-55sh-ii-e1601485394796.jpg\" alt=\"\" srcset=\"https:\/\/kommentatorenblog.de\/wp-content\/uploads\/2020\/09\/shure-55sh-ii-e1601485394796.jpg 415w, https:\/\/kommentatorenblog.de\/wp-content\/uploads\/2020\/09\/shure-55sh-ii-e1601485394796-142x300.jpg 142w\" sizes=\"auto, (max-width: 10px) 100vw, 10px\" \/> Roland Evers<\/p>\n\n\n\n<hr class=\"wp-block-separator\"\/>\n\n\n\n<p><strong><strong><strong><span class=\"has-inline-color has-black-color\">LaLiga, 24. Spieltag (DAZN)<\/span><\/strong><\/strong> <\/strong><\/p>\n\n\n\n<p><span style=\"text-decoration: underline;\">Freitag, 11. Februar 2022<\/span> <\/p>\n\n\n\n<p><strong><em>FC Sevilla \u2013 FC Elche (21.00 Uhr)<\/em><\/strong> <\/p>\n\n\n\n<p><img loading=\"lazy\" decoding=\"async\" width=\"10\" height=\"21\" class=\"wp-image-3656\" style=\"width: 10px;\" src=\"http:\/\/kommentatorenblog.de\/wp-content\/uploads\/2020\/09\/shure-55sh-ii-e1601485394796.jpg\" alt=\"\" srcset=\"https:\/\/kommentatorenblog.de\/wp-content\/uploads\/2020\/09\/shure-55sh-ii-e1601485394796.jpg 415w, https:\/\/kommentatorenblog.de\/wp-content\/uploads\/2020\/09\/shure-55sh-ii-e1601485394796-142x300.jpg 142w\" sizes=\"auto, (max-width: 10px) 100vw, 10px\" \/> Guido H\u00fcsgen<\/p>\n\n\n\n<p><span style=\"text-decoration: underline;\">Samstag, 12. Februar 2022<\/span> <\/p>\n\n\n\n<p><strong><em>FC Villarreal \u2013 Real Madrid (16.15 Uhr)<\/em><\/strong> <\/p>\n\n\n\n<p><img loading=\"lazy\" decoding=\"async\" width=\"10\" height=\"21\" class=\"wp-image-3656\" style=\"width: 10px;\" src=\"http:\/\/kommentatorenblog.de\/wp-content\/uploads\/2020\/09\/shure-55sh-ii-e1601485394796.jpg\" alt=\"\" srcset=\"https:\/\/kommentatorenblog.de\/wp-content\/uploads\/2020\/09\/shure-55sh-ii-e1601485394796.jpg 415w, https:\/\/kommentatorenblog.de\/wp-content\/uploads\/2020\/09\/shure-55sh-ii-e1601485394796-142x300.jpg 142w\" sizes=\"auto, (max-width: 10px) 100vw, 10px\" \/> Flo Hauser, Experte: Max Nicu<\/p>\n\n\n\n<p><strong><em>Atletico Madrid \u2013 FC Getafe (21.00 Uhr)<\/em><\/strong> <\/p>\n\n\n\n<p><img loading=\"lazy\" decoding=\"async\" width=\"10\" height=\"21\" class=\"wp-image-3656\" style=\"width: 10px;\" src=\"http:\/\/kommentatorenblog.de\/wp-content\/uploads\/2020\/09\/shure-55sh-ii-e1601485394796.jpg\" alt=\"\" srcset=\"https:\/\/kommentatorenblog.de\/wp-content\/uploads\/2020\/09\/shure-55sh-ii-e1601485394796.jpg 415w, https:\/\/kommentatorenblog.de\/wp-content\/uploads\/2020\/09\/shure-55sh-ii-e1601485394796-142x300.jpg 142w\" sizes=\"auto, (max-width: 10px) 100vw, 10px\" \/> Adrian Geiler<\/p>\n\n\n\n<p><span style=\"text-decoration: underline;\">Sonntag, 13. Februar 2022<\/span> <\/p>\n\n\n\n<p><strong><em>Espanyol Barcelona \u2013 FC Barcelona (21.00 Uhr)<\/em><\/strong> <\/p>\n\n\n\n<p><img loading=\"lazy\" decoding=\"async\" width=\"10\" height=\"21\" class=\"wp-image-3656\" style=\"width: 10px;\" src=\"http:\/\/kommentatorenblog.de\/wp-content\/uploads\/2020\/09\/shure-55sh-ii-e1601485394796.jpg\" alt=\"\" srcset=\"https:\/\/kommentatorenblog.de\/wp-content\/uploads\/2020\/09\/shure-55sh-ii-e1601485394796.jpg 415w, https:\/\/kommentatorenblog.de\/wp-content\/uploads\/2020\/09\/shure-55sh-ii-e1601485394796-142x300.jpg 142w\" sizes=\"auto, (max-width: 10px) 100vw, 10px\" \/> Jan Platte, Experte: Michael Hofmann<\/p>\n\n\n\n<hr class=\"wp-block-separator\"\/>\n\n\n\n<p><strong><strong><strong><strong><span class=\"has-inline-color has-black-color\">Serie A, 25. Spieltag (DAZN)<\/span><\/strong><\/strong> <\/strong> <\/strong><\/p>\n\n\n\n<p><span style=\"text-decoration: underline;\">Samstag, 12. Februar 2022<\/span><\/p>\n\n\n\n<p><strong><em>SSC Neapel \u2013 Inter Mailand (18.00 Uhr)<\/em><\/strong> <\/p>\n\n\n\n<p><img loading=\"lazy\" decoding=\"async\" width=\"10\" height=\"21\" class=\"wp-image-3656\" style=\"width: 10px;\" src=\"http:\/\/kommentatorenblog.de\/wp-content\/uploads\/2020\/09\/shure-55sh-ii-e1601485394796.jpg\" alt=\"\" srcset=\"https:\/\/kommentatorenblog.de\/wp-content\/uploads\/2020\/09\/shure-55sh-ii-e1601485394796.jpg 415w, https:\/\/kommentatorenblog.de\/wp-content\/uploads\/2020\/09\/shure-55sh-ii-e1601485394796-142x300.jpg 142w\" sizes=\"auto, (max-width: 10px) 100vw, 10px\" \/> Marco Hagemann, Experte: Christian Bernhard<\/p>\n\n\n\n<p><span style=\"text-decoration: underline;\">Sonntag, 13. Februar 2022<\/span> <\/p>\n\n\n\n<p><strong><em>AC Mailand \u2013 Sampdoria Genua (12.30 Uhr)<\/em><\/strong><\/p>\n\n\n\n<p><img loading=\"lazy\" decoding=\"async\" width=\"10\" height=\"21\" class=\"wp-image-3656\" style=\"width: 10px;\" src=\"http:\/\/kommentatorenblog.de\/wp-content\/uploads\/2020\/09\/shure-55sh-ii-e1601485394796.jpg\" alt=\"\" srcset=\"https:\/\/kommentatorenblog.de\/wp-content\/uploads\/2020\/09\/shure-55sh-ii-e1601485394796.jpg 415w, https:\/\/kommentatorenblog.de\/wp-content\/uploads\/2020\/09\/shure-55sh-ii-e1601485394796-142x300.jpg 142w\" sizes=\"auto, (max-width: 10px) 100vw, 10px\" \/> Julian Engelhard<\/p>\n\n\n\n<p><strong><em>US Sassuolo \u2013 AS Rom (18.00 Uhr)<\/em><\/strong> <\/p>\n\n\n\n<p><img loading=\"lazy\" decoding=\"async\" width=\"10\" height=\"21\" class=\"wp-image-3656\" style=\"width: 10px;\" src=\"http:\/\/kommentatorenblog.de\/wp-content\/uploads\/2020\/09\/shure-55sh-ii-e1601485394796.jpg\" alt=\"\" srcset=\"https:\/\/kommentatorenblog.de\/wp-content\/uploads\/2020\/09\/shure-55sh-ii-e1601485394796.jpg 415w, https:\/\/kommentatorenblog.de\/wp-content\/uploads\/2020\/09\/shure-55sh-ii-e1601485394796-142x300.jpg 142w\" sizes=\"auto, (max-width: 10px) 100vw, 10px\" \/> Andreas Renner<\/p>\n\n\n\n<p><strong><em>Atalanta Bergamo <strong><em>\u2013<\/em><\/strong> <strong><em>Juventus Turin<\/em><\/strong> (20.45 Uhr)<\/em><\/strong> <\/p>\n\n\n\n<p><img loading=\"lazy\" decoding=\"async\" width=\"10\" height=\"21\" class=\"wp-image-3656\" style=\"width: 10px;\" src=\"http:\/\/kommentatorenblog.de\/wp-content\/uploads\/2020\/09\/shure-55sh-ii-e1601485394796.jpg\" alt=\"\" srcset=\"https:\/\/kommentatorenblog.de\/wp-content\/uploads\/2020\/09\/shure-55sh-ii-e1601485394796.jpg 415w, https:\/\/kommentatorenblog.de\/wp-content\/uploads\/2020\/09\/shure-55sh-ii-e1601485394796-142x300.jpg 142w\" sizes=\"auto, (max-width: 10px) 100vw, 10px\" \/> Carsten Fu\u00df, Experte: Christian Bernhard<\/p>\n\n\n\n<hr class=\"wp-block-separator\"\/>\n\n\n\n<p><strong><strong><strong><strong><strong><span class=\"has-inline-color has-black-color\">Ligue 1, 24. Spieltag (DAZN)<\/span><\/strong><\/strong><\/strong><\/strong><\/strong><\/p>\n\n\n\n<p><span style=\"text-decoration: underline;\">Freitag, 11. Februar 2022<\/span> <\/p>\n\n\n\n<p><strong><em>Paris Saint-Germain \u2013 Stades Rennes (21.00 Uhr)<\/em><\/strong> <\/p>\n\n\n\n<p><img loading=\"lazy\" decoding=\"async\" width=\"10\" height=\"21\" class=\"wp-image-3656\" style=\"width: 10px;\" src=\"http:\/\/kommentatorenblog.de\/wp-content\/uploads\/2020\/09\/shure-55sh-ii-e1601485394796.jpg\" alt=\"\" srcset=\"https:\/\/kommentatorenblog.de\/wp-content\/uploads\/2020\/09\/shure-55sh-ii-e1601485394796.jpg 415w, https:\/\/kommentatorenblog.de\/wp-content\/uploads\/2020\/09\/shure-55sh-ii-e1601485394796-142x300.jpg 142w\" sizes=\"auto, (max-width: 10px) 100vw, 10px\" \/> Stefan Galler, Experte: Alexis Menuge<\/p>\n\n\n\n<p><span style=\"text-decoration: underline;\">Samstag, 12. Februar 2022<\/span> <\/p>\n\n\n\n<p><strong><em>Olympique Lyon <strong><em>\u2013 <\/em><\/strong>OGC Nizza (21.00 Uhr)<\/em><\/strong><\/p>\n\n\n\n<p><img loading=\"lazy\" decoding=\"async\" width=\"10\" height=\"21\" class=\"wp-image-3656\" style=\"width: 10px;\" src=\"http:\/\/kommentatorenblog.de\/wp-content\/uploads\/2020\/09\/shure-55sh-ii-e1601485394796.jpg\" alt=\"\" srcset=\"https:\/\/kommentatorenblog.de\/wp-content\/uploads\/2020\/09\/shure-55sh-ii-e1601485394796.jpg 415w, https:\/\/kommentatorenblog.de\/wp-content\/uploads\/2020\/09\/shure-55sh-ii-e1601485394796-142x300.jpg 142w\" sizes=\"auto, (max-width: 10px) 100vw, 10px\" \/> Guido H\u00fcsgen<\/p>\n\n\n\n<hr class=\"wp-block-separator\"\/>\n\n\n\n<p><strong><strong><strong><strong><strong><span class=\"has-inline-color has-black-color\">Sky Bet Championship, 32. Spieltag (Sportdigital FUSSBALL)<\/span><\/strong><\/strong> <\/strong><\/strong> <\/strong><\/p>\n\n\n\n<p><span style=\"text-decoration: underline;\">Samstag, <span style=\"text-decoration: underline;\">12. Februar <\/span>2022<\/span> <\/p>\n\n\n\n<p><strong><em>Huddersfield Town <strong><em>\u2013<\/em><\/strong> Sheffield United (13.30 Uhr)<\/em><\/strong><\/p>\n\n\n\n<p><img loading=\"lazy\" decoding=\"async\" width=\"10\" height=\"21\" class=\"wp-image-3656\" style=\"width: 10px;\" src=\"http:\/\/kommentatorenblog.de\/wp-content\/uploads\/2020\/09\/shure-55sh-ii-e1601485394796.jpg\" alt=\"\" srcset=\"https:\/\/kommentatorenblog.de\/wp-content\/uploads\/2020\/09\/shure-55sh-ii-e1601485394796.jpg 415w, https:\/\/kommentatorenblog.de\/wp-content\/uploads\/2020\/09\/shure-55sh-ii-e1601485394796-142x300.jpg 142w\" sizes=\"auto, (max-width: 10px) 100vw, 10px\" \/> Arne Malsch<\/p>\n\n\n\n<p><strong><em>FC Reading <strong><em>\u2013<\/em><\/strong> Coventry City (16.00 Uhr)<\/em><\/strong><\/p>\n\n\n\n<p><img loading=\"lazy\" decoding=\"async\" width=\"10\" height=\"21\" class=\"wp-image-3656\" style=\"width: 10px;\" src=\"http:\/\/kommentatorenblog.de\/wp-content\/uploads\/2020\/09\/shure-55sh-ii-e1601485394796.jpg\" alt=\"\" srcset=\"https:\/\/kommentatorenblog.de\/wp-content\/uploads\/2020\/09\/shure-55sh-ii-e1601485394796.jpg 415w, https:\/\/kommentatorenblog.de\/wp-content\/uploads\/2020\/09\/shure-55sh-ii-e1601485394796-142x300.jpg 142w\" sizes=\"auto, (max-width: 10px) 100vw, 10px\" \/> Marvin Kirsch<\/p>\n\n\n\n<p><span style=\"text-decoration: underline;\">Montag, 14. Februar 2022<\/span> <\/p>\n\n\n\n<p><strong><em>West Bromwich Albion <strong><em>\u2013<\/em><\/strong> Blackburn Rovers (21.00 Uhr)<\/em><\/strong><\/p>\n\n\n\n<p><img loading=\"lazy\" decoding=\"async\" width=\"10\" height=\"21\" class=\"wp-image-3656\" style=\"width: 10px;\" src=\"http:\/\/kommentatorenblog.de\/wp-content\/uploads\/2020\/09\/shure-55sh-ii-e1601485394796.jpg\" alt=\"\" srcset=\"https:\/\/kommentatorenblog.de\/wp-content\/uploads\/2020\/09\/shure-55sh-ii-e1601485394796.jpg 415w, https:\/\/kommentatorenblog.de\/wp-content\/uploads\/2020\/09\/shure-55sh-ii-e1601485394796-142x300.jpg 142w\" sizes=\"auto, (max-width: 10px) 100vw, 10px\" \/> J\u00f6rg Steiger<\/p>\n\n\n\n<hr class=\"wp-block-separator\"\/>\n\n\n\n<p><strong><strong><strong><strong><strong><span class=\"has-inline-color has-black-color\">Primeira Liga, 22. Spieltag (Sportdigital FUSSBALL)<\/span><\/strong><\/strong> <\/strong><\/strong> <\/strong><\/p>\n\n\n\n<p><span style=\"text-decoration: underline;\">Freitag, 11. Februar 2022<\/span> <\/p>\n\n\n\n<p><strong><em>FC Porto <strong><em>\u2013<\/em><\/strong> Sporting Lissabon<\/em><\/strong> <strong><em>(21.15 Uhr)<\/em><\/strong><\/p>\n\n\n\n<p><img loading=\"lazy\" decoding=\"async\" width=\"10\" height=\"21\" class=\"wp-image-3656\" style=\"width: 10px;\" src=\"http:\/\/kommentatorenblog.de\/wp-content\/uploads\/2020\/09\/shure-55sh-ii-e1601485394796.jpg\" alt=\"\" srcset=\"https:\/\/kommentatorenblog.de\/wp-content\/uploads\/2020\/09\/shure-55sh-ii-e1601485394796.jpg 415w, https:\/\/kommentatorenblog.de\/wp-content\/uploads\/2020\/09\/shure-55sh-ii-e1601485394796-142x300.jpg 142w\" sizes=\"auto, (max-width: 10px) 100vw, 10px\" \/> Christian Blunck<\/p>\n\n\n\n<p><span style=\"text-decoration: underline;\">Samstag, 12. Februar 2022<\/span> <\/p>\n\n\n\n<p><strong><em>Benfica Lissabon <strong><em>\u2013<\/em><\/strong> CD Santa Clara (19.00 Uhr)<\/em><\/strong><\/p>\n\n\n\n<p><img loading=\"lazy\" decoding=\"async\" width=\"10\" height=\"21\" class=\"wp-image-3656\" style=\"width: 10px;\" src=\"http:\/\/kommentatorenblog.de\/wp-content\/uploads\/2020\/09\/shure-55sh-ii-e1601485394796.jpg\" alt=\"\" srcset=\"https:\/\/kommentatorenblog.de\/wp-content\/uploads\/2020\/09\/shure-55sh-ii-e1601485394796.jpg 415w, https:\/\/kommentatorenblog.de\/wp-content\/uploads\/2020\/09\/shure-55sh-ii-e1601485394796-142x300.jpg 142w\" sizes=\"auto, (max-width: 10px) 100vw, 10px\" \/> Karsten Linke<\/p>\n\n\n\n<hr class=\"wp-block-separator\"\/>\n\n\n\n<p><strong><strong><strong><strong><strong><span class=\"has-inline-color has-black-color\">Eredivisie, 22. Spieltag (Sportdigital FUSSBALL)<\/span><\/strong><\/strong> <\/strong><\/strong> <\/strong><\/p>\n\n\n\n<p><span style=\"text-decoration: underline;\">Samstag, 12. Februar 2022<\/span> <\/p>\n\n\n\n<p><strong><em>Vitesse Arnheim <strong><em>\u2013<\/em><\/strong> PSV Eindhoven(20.00 Uhr)<\/em><\/strong><\/p>\n\n\n\n<p><img loading=\"lazy\" decoding=\"async\" width=\"10\" height=\"21\" class=\"wp-image-3656\" style=\"width: 10px;\" src=\"http:\/\/kommentatorenblog.de\/wp-content\/uploads\/2020\/09\/shure-55sh-ii-e1601485394796.jpg\" alt=\"\" srcset=\"https:\/\/kommentatorenblog.de\/wp-content\/uploads\/2020\/09\/shure-55sh-ii-e1601485394796.jpg 415w, https:\/\/kommentatorenblog.de\/wp-content\/uploads\/2020\/09\/shure-55sh-ii-e1601485394796-142x300.jpg 142w\" sizes=\"auto, (max-width: 10px) 100vw, 10px\" \/> Marcus Radefeld<\/p>\n\n\n\n<p><span style=\"text-decoration: underline;\">Sonntag, 13. Februar 2022<\/span> <\/p>\n\n\n\n<p><strong><em>RKC Waalwijk <strong><em>\u2013<\/em><\/strong> Feyenoord Rotterdam (14.30 Uhr)<\/em><\/strong><\/p>\n\n\n\n<p><img loading=\"lazy\" decoding=\"async\" width=\"10\" height=\"21\" class=\"wp-image-3656\" style=\"width: 10px;\" src=\"http:\/\/kommentatorenblog.de\/wp-content\/uploads\/2020\/09\/shure-55sh-ii-e1601485394796.jpg\" alt=\"\" srcset=\"https:\/\/kommentatorenblog.de\/wp-content\/uploads\/2020\/09\/shure-55sh-ii-e1601485394796.jpg 415w, https:\/\/kommentatorenblog.de\/wp-content\/uploads\/2020\/09\/shure-55sh-ii-e1601485394796-142x300.jpg 142w\" sizes=\"auto, (max-width: 10px) 100vw, 10px\" \/> Christian Blunck<\/p>\n\n\n\n<p><strong><em>Ajax Amsterdam <strong><em>\u2013<\/em><\/strong> FC Twente Enschede (16.45 Uhr)<\/em><\/strong><\/p>\n\n\n\n<p><img loading=\"lazy\" decoding=\"async\" width=\"10\" height=\"21\" class=\"wp-image-3656\" style=\"width: 10px;\" src=\"http:\/\/kommentatorenblog.de\/wp-content\/uploads\/2020\/09\/shure-55sh-ii-e1601485394796.jpg\" alt=\"\" srcset=\"https:\/\/kommentatorenblog.de\/wp-content\/uploads\/2020\/09\/shure-55sh-ii-e1601485394796.jpg 415w, https:\/\/kommentatorenblog.de\/wp-content\/uploads\/2020\/09\/shure-55sh-ii-e1601485394796-142x300.jpg 142w\" sizes=\"auto, (max-width: 10px) 100vw, 10px\" \/> Karsten Linke<\/p>\n\n\n\n<hr class=\"wp-block-separator\"\/>\n\n\n\n<p><strong><strong><strong><strong><strong><span class=\"has-inline-color has-black-color\">Ekstraklasa, 21. Spieltag (Sportdigital FUSSBALL)<\/span><\/strong><\/strong> <\/strong><\/strong> <\/strong><\/p>\n\n\n\n<p><span style=\"text-decoration: underline;\">Montag, 14. Februar 2022<\/span> <\/p>\n\n\n\n<p><strong><em>Gornik Zabrze <strong><em>\u2013<\/em><\/strong> Jagiellonia Bialystok (18.00 Uhr)<\/em><\/strong><\/p>\n\n\n\n<p><img loading=\"lazy\" decoding=\"async\" width=\"10\" height=\"21\" class=\"wp-image-3656\" style=\"width: 10px;\" src=\"http:\/\/kommentatorenblog.de\/wp-content\/uploads\/2020\/09\/shure-55sh-ii-e1601485394796.jpg\" alt=\"\" srcset=\"https:\/\/kommentatorenblog.de\/wp-content\/uploads\/2020\/09\/shure-55sh-ii-e1601485394796.jpg 415w, https:\/\/kommentatorenblog.de\/wp-content\/uploads\/2020\/09\/shure-55sh-ii-e1601485394796-142x300.jpg 142w\" sizes=\"auto, (max-width: 10px) 100vw, 10px\" \/> Hannes Herrmann<\/p>\n\n\n\n<hr class=\"wp-block-separator\"\/>\n\n\n\n<p><strong><strong><strong><strong><strong><span class=\"has-inline-color has-black-color\">A-League, 14. Spieltag (Sportdigital FUSSBALL)<\/span><\/strong><\/strong> <\/strong><\/strong> <\/strong><\/p>\n\n\n\n<p><span style=\"text-decoration: underline;\">Freitag, 11. Februar 2022<\/span> <\/p>\n\n\n\n<p><strong><em>Western Sydney Wanderers <strong><em>\u2013<\/em><\/strong> Melbourne City (09.45 Uhr)<\/em><\/strong><\/p>\n\n\n\n<p><img loading=\"lazy\" decoding=\"async\" width=\"10\" height=\"21\" class=\"wp-image-3656\" style=\"width: 10px;\" src=\"http:\/\/kommentatorenblog.de\/wp-content\/uploads\/2020\/09\/shure-55sh-ii-e1601485394796.jpg\" alt=\"\" srcset=\"https:\/\/kommentatorenblog.de\/wp-content\/uploads\/2020\/09\/shure-55sh-ii-e1601485394796.jpg 415w, https:\/\/kommentatorenblog.de\/wp-content\/uploads\/2020\/09\/shure-55sh-ii-e1601485394796-142x300.jpg 142w\" sizes=\"auto, (max-width: 10px) 100vw, 10px\" \/> Marvin Kirsch<\/p>\n\n\n\n<p><span style=\"text-decoration: underline;\">Samstag, <span style=\"text-decoration: underline;\">12. Februar <\/span>2022<\/span> <\/p>\n\n\n\n<p><strong><em>Sydney FC <strong><em>\u2013<\/em><\/strong> Western United FC (09.45 Uhr)<\/em><\/strong><\/p>\n\n\n\n<p><img loading=\"lazy\" decoding=\"async\" width=\"10\" height=\"21\" class=\"wp-image-3656\" style=\"width: 10px;\" src=\"http:\/\/kommentatorenblog.de\/wp-content\/uploads\/2020\/09\/shure-55sh-ii-e1601485394796.jpg\" alt=\"\" srcset=\"https:\/\/kommentatorenblog.de\/wp-content\/uploads\/2020\/09\/shure-55sh-ii-e1601485394796.jpg 415w, https:\/\/kommentatorenblog.de\/wp-content\/uploads\/2020\/09\/shure-55sh-ii-e1601485394796-142x300.jpg 142w\" sizes=\"auto, (max-width: 10px) 100vw, 10px\" \/> Ulf Kahmke<\/p>\n\n\n\n<hr class=\"wp-block-separator\"\/>\n\n\n\n<p><strong><strong><strong><strong><strong><span class=\"has-inline-color has-black-color\">Copa de la Liga Profesional, 1. Spieltag (Sportdigital FUSSBALL)<\/span><\/strong><\/strong> <\/strong><\/strong> <\/strong><\/p>\n\n\n\n<p><span style=\"text-decoration: underline;\">Samstag, 12. Februar 2022<\/span> <\/p>\n\n\n\n<p><strong><em>CA Union Santa Fe <strong><em>\u2013<\/em><\/strong> CA River Plate (23.15 Uhr)<\/em><\/strong><\/p>\n\n\n\n<p><img loading=\"lazy\" decoding=\"async\" width=\"10\" height=\"21\" class=\"wp-image-3656\" style=\"width: 10px;\" src=\"http:\/\/kommentatorenblog.de\/wp-content\/uploads\/2020\/09\/shure-55sh-ii-e1601485394796.jpg\" alt=\"\" srcset=\"https:\/\/kommentatorenblog.de\/wp-content\/uploads\/2020\/09\/shure-55sh-ii-e1601485394796.jpg 415w, https:\/\/kommentatorenblog.de\/wp-content\/uploads\/2020\/09\/shure-55sh-ii-e1601485394796-142x300.jpg 142w\" sizes=\"auto, (max-width: 10px) 100vw, 10px\" \/> Christian Blunck<\/p>\n\n\n\n<hr class=\"wp-block-separator\"\/>\n\n\n\n<p><strong><strong><strong><strong><strong><span class=\"has-inline-color has-black-color\">Fortuna Liga, 21. Spieltag (Sportdigital FUSSBALL)<\/span><\/strong><\/strong> <\/strong><\/strong> <\/strong><\/p>\n\n\n\n<p><span style=\"text-decoration: underline;\">Sonntag, 13. Februar 2022<\/span> <\/p>\n\n\n\n<p><strong><em>Sparta Prag <strong><em>\u2013<\/em><\/strong> Viktoria Pilsen (18.00 Uhr)<\/em><\/strong><\/p>\n\n\n\n<p><img loading=\"lazy\" decoding=\"async\" width=\"10\" height=\"21\" class=\"wp-image-3656\" style=\"width: 10px;\" src=\"http:\/\/kommentatorenblog.de\/wp-content\/uploads\/2020\/09\/shure-55sh-ii-e1601485394796.jpg\" alt=\"\" srcset=\"https:\/\/kommentatorenblog.de\/wp-content\/uploads\/2020\/09\/shure-55sh-ii-e1601485394796.jpg 415w, https:\/\/kommentatorenblog.de\/wp-content\/uploads\/2020\/09\/shure-55sh-ii-e1601485394796-142x300.jpg 142w\" sizes=\"auto, (max-width: 10px) 100vw, 10px\" \/> Jakob Vogel<\/p>\n\n\n\n<hr class=\"wp-block-separator\"\/>\n\n\n\n<p><strong>Die Analyse<\/strong><\/p>\n\n\n\n<p><strong>Start leider aus der Box<\/strong><\/p>\n\n\n\n<p>Den Start in den 22.Spieltag macht die Partie zwischen Leipzig und K\u00f6ln. Zuschauer werden gleich 15 Tausend in der Red-Bull Arena sein, DAZN ist allerdings nur mit Field-Reporter Marco Hagemann im Stadion. Moderieren wird Freddy Harder, der gemeinsam mit Seb Knei\u00dfl durch den Vorlauf f\u00fchrt und dann kurz vor Anpfiff f\u00fcr Jan Platte platz macht, der durch die neunzig Minuten f\u00fchrt. <\/p>\n\n\n\n<p><strong>Die Einzelspiele am Nachmittag<\/strong><\/p>\n\n\n\n<p>Am Samstagnachmittag melden sich dann Britta Hofmann und Didi Hamann aus Unterf\u00f6hring mit dem Vorlauf. Mit Blick auf die Einzelspiele starten wir mit der Partie zwischen Bochum und den Bayern. Kai Dittmann meldet sich hier erstmals in dieser Saison aus dem Ruhrstadion, als Field-Reporter ist Jens Westen mit dabei. In Frankfurt gastieren die Wolfsburger rund um Max Kruse (der im \u00fcbrigen auch im aktuellen Sportstudio zu Gast sein wird). Hansi K\u00fcpper k\u00fcmmert sich auch im dritten Jahr in Folge um die Begegnung der beiden in Frankfurt. In Freiburg treffen mit dem SC und Mainz 05 die gef\u00fchlt &#8222;ruhigsten und besonnensten&#8220; Clubs der Liga aufeinander. J\u00fcrgen Schmitz und Riccardo Basile sind im Europa-Park-Stadion keine \u00dcberraschung mehr. In F\u00fcrth will die Hertha den ersten Sieg im Jahr 2022 einfahren, Oliver Seidler schaut es sich fernab von der Heimat an. Mit dabei ist au\u00dferdem Michael Leopold. Zu guter Letzt spielen mit Gladbach und Augsburg zwei Teams mit Abstiegssorgen gegeneinander. Marcus Lindemann ist mit von der Partie.<\/p>\n\n\n\n<p><strong>Keine \u00dcberraschungen in der Konferenz<\/strong><\/p>\n\n\n\n<p>In der Konferenz sind nat\u00fcrlich auch dieses Wochenende &#8211; Lauschangriff-Insider &#8211; Obi-Wan Kenobi und der junge Padawan mit dabei. Buschi k\u00fcmmert sich um die Bayern in Bochum, w\u00e4hrend Florian Schmidt-Sommerfeld auf Frankfurt gegen Wolfsburg blickt. Chronisten erinnern sich, dass Schmiso einst sein Bundesliga-Deb\u00fct in der Konferenz bei genau dieser Partie gab. Marcel Meinert k\u00fcmmert sich wie so oft in dieser Spielzeit um das Kleeblatt, w\u00e4hrend Klaus Veltman bei Gladbach gegen Augsburg einen sch\u00f6nen Fussballtag w\u00fcnscht. Es komplettiert Jonas Friedrich.<\/p>\n\n\n\n<p>Das Topspiel kommt in dieser Woche aus Leverkusen, die abstiegsbedrohten Stuttgarter sind zu Gast. Neben dem \u00fcblichen Trio Fuss, Hellmann und Matth\u00e4us ist Martin Gro\u00df als Field-Reporter im Einsatz.<\/p>\n\n\n\n<p><strong>Uli Hebel im Hauptstadt-Wahn?<\/strong><\/p>\n\n\n\n<p>Am Sonntag gehen dann Dortmunds DAZN-Wochen weiter, der BVB gastiert bei den Eisernen. DAZN ist wie bereits beim Hinspiel im Stadion, damals wie heute mit Laura Wontorra als Moderatorin. Als Experte wird nachdem zuletzt ja sehr h\u00e4ufig Seb Knei\u00dfl ins Stadion durfte diesmal wieder Ralle Gunesch. Wie auch vergangene Woche wird er dann gemeinsam mit Kommentator Uli Hebel durch die neunzig Minuten f\u00fchren. Somit ist Uli Hebel \u00fcbrigens bereits zum dritten Mal 2022 beruflich in Berlin (zuvor 2-Mal im Olympiastadion). Field-Reporter ist &#8211; wie so oft bei Spielen, die aus dem Stadion \u00fcbertragen werden &#8211; Daniel Herzog. Der Spieltagsabschluss zwischen Hoffenheim und formstarken Bielefeldern kommt dann leider wieder aus der Box. Aus dieser meldet sich Sebastian Benesch gemeinsam mit Benny Lauth ab 17.00Uhr, kurz vor Anpfiff \u00fcbernimmt dann Michael Born. Im Stadion ist einzig Ann-Sophie Kimmel.<\/p>\n\n\n\n<p><strong>Blick in den Norden<\/strong><\/p>\n\n\n\n<p>Die 2.Bundesliga startet am Freitag mit einem Nordduell zwischen Rostock und Bremen. Im Ostseestadion ist Marcus J\u00fcrgensen zugegen, w\u00e4hrend Klaus Veltman aus Unterf\u00f6hring kommentiert. In der Konferenz \u00fcbernimmt Markus Gaupp. Am Samstag geht dann der Blick nach Hamburg zum Spitzenspiel zwischen dem HSV (\u00fcbrigens die Mannschaft im deutschen Profifu\u00dfball mit den wenigsten Niederlagen in dieser Saison) und Heidenheim. Torsten Kunde im Einzelspiel, Sven T\u00f6llner im Volkspark und Roland Evers in der Konferenz gibt es in dieser Konstellation nicht zum ersten Mal in dieser Spielzeit.<\/p>\n\n\n\n<p><strong>Topspiel trotz sinkender Formkurve<\/strong><\/p>\n\n\n\n<p>Das Topspiel kommt in dieser Woche aus Regensburg, wo mit dem Jahn und Pauli zwei Teams aufeinandertreffen, die lange vorweg &#8222;marschiert&#8220; sind, in den letzten Wochen &#8211; bei Regensburg aber schon l\u00e4nger als bei Pauli &#8211; eingebrochen sind. W\u00e4hrend bei Sky die \u00fcbliche Crew mit dabei ist, meldet sich bei SPORT1 mal wieder Oliver Forster als Kommentator. An der Seite von Ruth Hoffmann gibt Markus Babbel seine Expertise. <\/p>\n\n\n\n<p><strong>Topspiel in Liga drei<\/strong><\/p>\n\n\n\n<p>In Liga drei gehen alle Blicke nach Kaiserlautern. Im Betzenberg treffen der Tabellenzweite Lautern und der bisher unfassbar starke 1.FC Magdeburg aufeinander. Da die Partie am Samstag stattfindet wird sie tats\u00e4chlich nicht nur bei Magenta Sport sondern auch im SWR und im NDR \u00fcbertragen. Aber beginnen wir mit dem Haupt-Broadcaster. Tobi Sch\u00e4fer meldet sich ab 13.45 Uhr mit dem Vorlauf, kommentieren wird dann Markus H\u00f6hner. Im SWR meldet sich Lennert Brinkhoff gemeinsam mit Ex-Lautern-Spieler Thomas Riedl zum Vorlauf im MDR \u00fcbernehmen dieser Rolle Guido Pierskalla und Benjamin Kirsten. Kommentieren werden Michael Bollenbacher bzw. Alex K\u00fcpper. <\/p>\n\n\n\n<p>Alex K\u00fcpper ist an diesem Wochenende allerdings nicht nur im FreeTV unterwegs, am Sonntag moderiert er f\u00fcr Magenta Sport aus Berlin, Doppeleins\u00e4tze in Liga drei gibt&#8217;s aber nicht nur f\u00fcr ihn, sondern auch f\u00fcr die Herren Stra\u00dfburger und Fuckert.<\/p>\n\n\n\n<p><strong>Was so in Europa los ist<\/strong><\/p>\n\n\n\n<p>In der Premier League verzichtet Sky in dieser Woche auf das &#8222;Match of the Week&#8220;. Liegt mitunter sicherlich daran, dass das London-Derby zwischen Chelsea und Arsenal an diesem Wochenende nicht stattfinden kann, da Chelsea am Wochenende noch bei der Club-WM unterwegs ist. Schmiso \u00fcbernimmt somit mal l\u00e4ngerem wieder ein Premier-League Spiel ohne Experten. Ansonsten sind mit Jogi Hebel, Uli Hebel und co. nat\u00fcrlich wieder die \u00fcblichen Verd\u00e4chtigen im Einsatz. Toni Tomic verzeichnet ein Wochenende ohne Einsatz.<\/p>\n\n\n\n<p>In La Liga sticht das Derbi barcelon\u00ed am Wochenende heraus. Jan Platte und Michi Hoffmann kommentieren. In Italien darf Christian Bernhard gleich doppelt ran, erst an der Seite von Marco Hagemann bei Napoli gegen Inter und dann gemeinsam mit Carsten Fu\u00df Atalanta gegen Juve. Und um den Blick durch die Topligen zu komplettieren, PSG \u00fcbernehmen &#8211; nat\u00fcrlich &#8211; Stefan Galler und Alexis Menuge.<\/p>\n\n\n\n<p>Ne Menge ist nat\u00fcrlich auch bei Sportdigital, reinschauen lohnt sich da auf jeden Fall. Bis dahin, habt ein sch\u00f6nes Wochenende; bleibt gesund und bis am Montag!<\/p>\n","protected":false},"excerpt":{"rendered":"<p>N&#8217;Abend allerseits, Die Olympischen Winterspiele sind pr\u00e4chtig am Laufen. Ich pers\u00f6nlich war noch nie ein gro\u00dfer Olympia-Fan (eigentlich haben mich immer nur die Sommerspiele und die L\u00e4ufe von Usain Bolt), aber eine faszinierende Sache am Sport ist ja, dass die Interessen teilweise sehr weit auseinandergehen. Sprechen will ich in diesem Vorwort also nicht \u00fcber Olympia, [&hellip;]<\/p>\n","protected":false},"author":5,"featured_media":0,"comment_status":"open","ping_status":"open","sticky":false,"template":"","format":"standard","meta":{"footnotes":""},"categories":[424],"tags":[598,34,292,163,153,680,216,377,46,404,645,263,257,688,166,73,131,256,164,57,35,212,13,30,132,308,89,61,120,155,687,104,25,211,650,405,48,213,347,69,58,315,86,93,489,59,491,676,44,359,294,31,205,9,70,43,494,112,503,572,587,121,67,239,95,416,130,71,581,438,17,383,593,114,330,88,634,15,183,113,293,497,94,29,108,584,45,76,189,98,222,415,22,66,134,394,154,28,27,102,16,686,395,87,346,402,105,289,107,196],"class_list":["post-11923","post","type-post","status-publish","format-standard","hentry","category-bundesliga-und-co","tag-adrian-geiler","tag-alex-klich","tag-alex-kunz","tag-alexander-kuepper","tag-alexis-menuge","tag-andreas-kaeckell","tag-andreas-mann","tag-andreas-renner","tag-anett-sattler","tag-ann-sophie-kimmel","tag-antonia-engelhardt","tag-arne-malsch","tag-basti-schwele","tag-benjamin-kirsten","tag-benny-lauth","tag-britta-hofmann","tag-carsten-fuss","tag-cedric-pick","tag-christian-bernhard","tag-christian-blunck","tag-christian-strassburger","tag-daniel-herzog","tag-dazn","tag-didi-hamann","tag-flo-hauser","tag-florian-malburg","tag-florian-schmidt-sommerfeld","tag-frank-buschmann","tag-franz-buechner","tag-guido-huesgen","tag-guido-pierskalla","tag-hannes-herrmann","tag-hansi-kuepper","tag-hartmut-von-kameke","tag-hartwig-thoene-2","tag-jakob-vogel","tag-jan-platte","tag-jens-westen","tag-joachim-hebel","tag-jonas-friedrich","tag-joerg-steiger","tag-julian-engelhard","tag-juergen-schmitz","tag-kai-dittmann","tag-kamila-benschop","tag-karsten-linke","tag-kevin-gerwin","tag-klaus-veltman","tag-laura-wontorra","tag-lennert-brinkhoff","tag-lenny-leonhardt","tag-lothar-matthaeus","tag-lukas-schoenmueller","tag-magenta-sport","tag-marcel-meinert","tag-marco-hagemann","tag-marcus-juergensen","tag-marcus-lindemann","tag-marcus-radefeld","tag-mario-bast","tag-markus-babbel","tag-markus-gaupp","tag-markus-hoehner","tag-markus-theil","tag-martin-gross","tag-martin-lanig","tag-martin-piller","tag-martin-weinberger","tag-marvin-kirsch","tag-max-nicu","tag-mdr","tag-michael-augustin","tag-michael-bollenbacher","tag-michael-born","tag-michael-hofmann","tag-michael-leopold","tag-michael-seyberth","tag-ndr","tag-oliver-forster","tag-oliver-seidler","tag-oskar-heirler","tag-patrick-halatsch","tag-patrick-wasserziehr","tag-peter-hardenacke","tag-ralph-gunesch","tag-riccardo-basile","tag-roland-evers","tag-ruth-hofmann","tag-sebastian-benesch","tag-sebastian-hellmann","tag-sebastian-kneissl","tag-simon-koepfer","tag-sky","tag-sport1","tag-sportdigital-fussball","tag-stefan-fuckert","tag-stefan-galler","tag-stefan-hempel","tag-sven-schroeter","tag-sven-toellner","tag-swr","tag-thomas-riedl","tag-tobi-schaefer","tag-torsten-kunde","tag-torsten-mattuschka","tag-ulf-kahmke","tag-uli-hebel","tag-ulli-potofski","tag-wolff-fuss","tag-yannick-erkenbrecher"],"_links":{"self":[{"href":"https:\/\/kommentatorenblog.de\/index.php?rest_route=\/wp\/v2\/posts\/11923","targetHints":{"allow":["GET"]}}],"collection":[{"href":"https:\/\/kommentatorenblog.de\/index.php?rest_route=\/wp\/v2\/posts"}],"about":[{"href":"https:\/\/kommentatorenblog.de\/index.php?rest_route=\/wp\/v2\/types\/post"}],"author":[{"embeddable":true,"href":"https:\/\/kommentatorenblog.de\/index.php?rest_route=\/wp\/v2\/users\/5"}],"replies":[{"embeddable":true,"href":"https:\/\/kommentatorenblog.de\/index.php?rest_route=%2Fwp%2Fv2%2Fcomments&post=11923"}],"version-history":[{"count":12,"href":"https:\/\/kommentatorenblog.de\/index.php?rest_route=\/wp\/v2\/posts\/11923\/revisions"}],"predecessor-version":[{"id":11944,"href":"https:\/\/kommentatorenblog.de\/index.php?rest_route=\/wp\/v2\/posts\/11923\/revisions\/11944"}],"wp:attachment":[{"href":"https:\/\/kommentatorenblog.de\/index.php?rest_route=%2Fwp%2Fv2%2Fmedia&parent=11923"}],"wp:term":[{"taxonomy":"category","embeddable":true,"href":"https:\/\/kommentatorenblog.de\/index.php?rest_route=%2Fwp%2Fv2%2Fcategories&post=11923"},{"taxonomy":"post_tag","embeddable":true,"href":"https:\/\/kommentatorenblog.de\/index.php?rest_route=%2Fwp%2Fv2%2Ftags&post=11923"}],"curies":[{"name":"wp","href":"https:\/\/api.w.org\/{rel}","templated":true}]}}