{"id":12267,"date":"2022-03-15T07:52:41","date_gmt":"2022-03-15T05:52:41","guid":{"rendered":"https:\/\/kommentatorenblog.de\/?p=12267"},"modified":"2022-03-16T19:56:54","modified_gmt":"2022-03-16T17:56:54","slug":"1241-eigentlich-fast-alles-dabei","status":"publish","type":"post","link":"https:\/\/kommentatorenblog.de\/?p=12267","title":{"rendered":"1241 &#8211; Eigentlich fast alles dabei"},"content":{"rendered":"\n<p>N\u00b4 Abend allerseits,<\/p>\n\n\n\n<p>einen Schritt weiter als &#8222;wir&#8220; mit der europ\u00e4ischen Champions League sind Nord- und Mittelamerika sowie die Karibik mit der CONCACAF Champions League. Diese Woche stehen n\u00e4mlich die R\u00fcckspiele im Viertelfinale an. Mit sehr guten Ausgangssituationen gehen die drei US-amerikanischen Clubs New York City FC, Seattle Sounders FC und New England Revolution auf den Platz. Sie haben ihre Hinspiele mit 3:0 bzw. 3:1 gegen ihre mexikanischen (Club Le\u00f3n und UNAM Pumas) bzw. guatemaltekischen (CSD Comunicaciones) Gegner gewonnen. Damit sind die US-Clubs diesmal stark vertreten in einem Wettbewerb, der normalerweise von mexikanischen Vereinen dominiert wird: Seit Gr\u00fcndung der CONCACAF Champions League 2008 kamen alle (!) 13 Sieger aus Mexiko. Und nur vier Mal gab es kein rein-mexikanisches Aufeinandertreffen im Finale. Dieses Jahr stehen die Chancen wie erw\u00e4hnt gut auf \u00c4nderung. Einzig Cruz Azul geht gegen Montreal als mexikanisches Team mit einem 1:0-Vorteil ins R\u00fcckspiel.<br>Zu sehen ist die CONCACAF Champions League in Deutschland in der Nacht (teilweise) bei Sportdigital. Diese Woche wird das R\u00fcckspiel UNAM Pumas-New England Revolution (Hin: 0:3) gezeigt.<\/p>\n\n\n\n<p>Auch bei uns steht eine Woche an, die fu\u00dfballtechnisch einiges zu bieten hat. Es ist eigentlich fast alles dabei, was es gibt: Internationale Wettbewerbe und nationale Ligen, regul\u00e4re Spiele und Nachholspiele. Die Europapokalwettbewerbe mit der Champions, Europa, Conference und Youth League. Die Bundesliga mit dem Tabellenzweiten Dortmund, die Frauen-Bundesliga mit dem ebenfalls Tabellenzweiten aus Wolfsburg, die 3. Liga, die Premier League und noch einiges mehr. Das einzig schlechte f\u00fcr Fu\u00dfballfans ohne PayTV-Abo: Nur ein FreeTV-Spiel. F\u00fcr Interessierte: Von der Bundesliga der M\u00e4nner sowie dem Spiel der Eintracht wird es wieder einen Audiostream bei der Sportschau gegeben und auch von Leverkusen d\u00fcrfte es im Radio bei WDR2 Live-Einblendungen geben. Und f\u00fcr die Champions League hat das ZDF am Mittwoch wie gewohnt seine Sendung mit den Zusammenfassungen der Spiele.<\/p>\n\n\n\n<p>Ungeachtet von FreeTV oder PayTV folgen unten die Kommentatoren-Ansetzungen f\u00fcr die anstehende Woche. Noch weiter unten haben wir wieder die Einteilungen aus \u00d6sterreich.<\/p>\n\n\n\n<hr class=\"wp-block-separator\"\/>\n\n\n\n<p><strong>Die Ansetzungen vom 15. M\u00e4rz bis zum 17. M\u00e4rz 2022<\/strong><\/p>\n\n\n\n<hr class=\"wp-block-separator\"\/>\n\n\n\n<p class=\"has-vivid-red-color has-text-color\"><strong>Champions League, Achtelfinal-R\u00fcckspiele Teil II (DAZN\/Prime Video)<\/strong><\/p>\n\n\n\n<p><span style=\"text-decoration: underline;\">Dienstag, 15. M\u00e4rz 2022, ab 20.00 Uhr (Prime Video)<\/span><\/p>\n\n\n\n<p><em><strong>Manchester United <strong><em><span><b style=\"font-style: italic;\">\u2013<\/b><\/span><\/em><\/strong><\/strong><\/em> <em><strong>Atl\u00e9tico Madrid (21.00 Uhr)<\/strong><\/em><\/p>\n\n\n\n<p><img loading=\"lazy\" decoding=\"async\" width=\"10\" height=\"21\" class=\"wp-image-3656\" style=\"width: 10px;\" src=\"http:\/\/kommentatorenblog.de\/wp-content\/uploads\/2020\/09\/shure-55sh-ii-e1601485394796.jpg\" alt=\"\" srcset=\"https:\/\/kommentatorenblog.de\/wp-content\/uploads\/2020\/09\/shure-55sh-ii-e1601485394796.jpg 415w, https:\/\/kommentatorenblog.de\/wp-content\/uploads\/2020\/09\/shure-55sh-ii-e1601485394796-142x300.jpg 142w\" sizes=\"auto, (max-width: 10px) 100vw, 10px\" \/> Jonas Friedrich, Experte: Benedikt H\u00f6wedes<\/p>\n\n\n\n<p>Field-Reporterin: Annika Zimmermann<\/p>\n\n\n\n<p>Moderation: Sebastian Hellmann, Expert:innen: Matthias Sammer, Josephine Henning, Mario Gomez Schiedsrichter-Experte: Wolfgang Stark<\/p>\n\n\n\n<p><span style=\"text-decoration: underline;\">ab 20.30 Uhr (DAZN)<\/span><\/p>\n\n\n\n<p><em><strong>Ajax Amsterdam <strong><em><span><b style=\"font-style: italic;\">\u2013<\/b><\/span><\/em><\/strong> Benfica Lissabon (21.00 Uhr)<\/strong><\/em><\/p>\n\n\n\n<p><img loading=\"lazy\" decoding=\"async\" width=\"10\" height=\"21\" class=\"wp-image-3656\" style=\"width: 10px;\" src=\"http:\/\/kommentatorenblog.de\/wp-content\/uploads\/2020\/09\/shure-55sh-ii-e1601485394796.jpg\" alt=\"\" srcset=\"https:\/\/kommentatorenblog.de\/wp-content\/uploads\/2020\/09\/shure-55sh-ii-e1601485394796.jpg 415w, https:\/\/kommentatorenblog.de\/wp-content\/uploads\/2020\/09\/shure-55sh-ii-e1601485394796-142x300.jpg 142w\" sizes=\"auto, (max-width: 10px) 100vw, 10px\" \/> Jan Platte, Experte: Benny Lauth<\/p>\n\n\n\n<p>Moderation: Tobi Wahnschaffe, Field-Reporter: Alex Schl\u00fcter<\/p>\n\n\n\n<p><span style=\"text-decoration: underline;\">Mittwoch, 16. M\u00e4rz 2022, ab 20.30 Uhr (DAZN)<\/span><\/p>\n\n\n\n<p><em><strong>OSC Lille <strong><em><span><b style=\"font-style: italic;\">\u2013<\/b><\/span><\/em><\/strong> FC Chelsea (21.00 Uhr)<\/strong><\/em><\/p>\n\n\n\n<p><img loading=\"lazy\" decoding=\"async\" width=\"10\" height=\"21\" class=\"wp-image-3656\" style=\"width: 10px;\" src=\"http:\/\/kommentatorenblog.de\/wp-content\/uploads\/2020\/09\/shure-55sh-ii-e1601485394796.jpg\" alt=\"\" srcset=\"https:\/\/kommentatorenblog.de\/wp-content\/uploads\/2020\/09\/shure-55sh-ii-e1601485394796.jpg 415w, https:\/\/kommentatorenblog.de\/wp-content\/uploads\/2020\/09\/shure-55sh-ii-e1601485394796-142x300.jpg 142w\" sizes=\"auto, (max-width: 10px) 100vw, 10px\" \/> Michael Born, Experte: Sebastian Knei\u00dfl (Einzelspiel), Marco Hagemann (Konferenz)<\/p>\n\n\n\n<p>Moderation: Daniel Herzog, Field-Reporter: Alex Schl\u00fcter<\/p>\n\n\n\n<p><span style=\"text-decoration: underline;\">ab 20.50 Uhr (DAZN)<\/span><\/p>\n\n\n\n<p><em><strong>Juventus Turin <strong><em><span><b style=\"font-style: italic;\">\u2013<\/b><\/span><\/em><\/strong> FC Villarreal (21.00 Uhr)<\/strong><\/em><\/p>\n\n\n\n<p><img loading=\"lazy\" decoding=\"async\" width=\"10\" height=\"21\" class=\"wp-image-3656\" style=\"width: 10px;\" src=\"http:\/\/kommentatorenblog.de\/wp-content\/uploads\/2020\/09\/shure-55sh-ii-e1601485394796.jpg\" alt=\"\" srcset=\"https:\/\/kommentatorenblog.de\/wp-content\/uploads\/2020\/09\/shure-55sh-ii-e1601485394796.jpg 415w, https:\/\/kommentatorenblog.de\/wp-content\/uploads\/2020\/09\/shure-55sh-ii-e1601485394796-142x300.jpg 142w\" sizes=\"auto, (max-width: 10px) 100vw, 10px\" \/> Max Gross, Experte: Ralph Gunesch (Einzelspiel), Jan Platte (Konferenz)<\/p>\n\n\n\n<p>Moderation (Konferenz): Tobi Wahnschaffe<\/p>\n\n\n\n<hr class=\"wp-block-separator\"\/>\n\n\n\n<p class=\"has-vivid-red-color has-text-color\"><strong>Europa League (EL) \/ Europa Conference League (ECL), Achtelfinal-R\u00fcckspiele (RTL \/ RTL+)<\/strong><\/p>\n\n\n\n<p><span style=\"text-decoration: underline;\">Donnerstag, 17. M\u00e4rz 2022, ab 17.30 Uhr (RTL+)<\/span><\/p>\n\n\n\n<p><strong>&#8222;Matchday&#8220; aus Leverkusen<\/strong><\/p>\n\n\n\n<p>Moderation: Anna Kraft, Robby Hunke, Arnd Zeigler und Ansgar Brinkmann, Gast: Joachim Llambi<\/p>\n\n\n\n<p><span style=\"text-decoration: underline;\">ab 18.30 Uhr (RTL+)<\/span><\/p>\n\n\n\n<p>EL: <em><strong>Bayer 04 Leverkusen \u2013 Atalanta Bergamo (18.45 Uhr)<\/strong><\/em><\/p>\n\n\n\n<p><img loading=\"lazy\" decoding=\"async\" width=\"10\" height=\"21\" class=\"wp-image-3656\" style=\"width: 10px;\" src=\"http:\/\/kommentatorenblog.de\/wp-content\/uploads\/2020\/09\/shure-55sh-ii-e1601485394796.jpg\" alt=\"\" srcset=\"https:\/\/kommentatorenblog.de\/wp-content\/uploads\/2020\/09\/shure-55sh-ii-e1601485394796.jpg 415w, https:\/\/kommentatorenblog.de\/wp-content\/uploads\/2020\/09\/shure-55sh-ii-e1601485394796-142x300.jpg 142w\" sizes=\"auto, (max-width: 10px) 100vw, 10px\" \/> Cornelius K\u00fcpper (Einzelspiel), Christoph Stadtler (Konferenz), Interview: Jonas Gerdes<\/p>\n\n\n\n<p>EL: <em><strong>Galatasaray Istanbul \u2013 FC Barcelona (18.45 Uhr)<\/strong><\/em><\/p>\n\n\n\n<p><img loading=\"lazy\" decoding=\"async\" width=\"10\" height=\"21\" class=\"wp-image-3656\" style=\"width: 10px;\" src=\"http:\/\/kommentatorenblog.de\/wp-content\/uploads\/2020\/09\/shure-55sh-ii-e1601485394796.jpg\" alt=\"\" srcset=\"https:\/\/kommentatorenblog.de\/wp-content\/uploads\/2020\/09\/shure-55sh-ii-e1601485394796.jpg 415w, https:\/\/kommentatorenblog.de\/wp-content\/uploads\/2020\/09\/shure-55sh-ii-e1601485394796-142x300.jpg 142w\" sizes=\"auto, (max-width: 10px) 100vw, 10px\" \/> Michael Born (Einzelspiel), Julian Engelhard (Konferenz)<\/p>\n\n\n\n<p>ECL: <em><strong>FC Basel \u2013 Olympique Marseille (18.45 Uhr)<\/strong><\/em><\/p>\n\n\n\n<p><img loading=\"lazy\" decoding=\"async\" width=\"10\" height=\"21\" class=\"wp-image-3656\" style=\"width: 10px;\" src=\"http:\/\/kommentatorenblog.de\/wp-content\/uploads\/2020\/09\/shure-55sh-ii-e1601485394796.jpg\" alt=\"\" srcset=\"https:\/\/kommentatorenblog.de\/wp-content\/uploads\/2020\/09\/shure-55sh-ii-e1601485394796.jpg 415w, https:\/\/kommentatorenblog.de\/wp-content\/uploads\/2020\/09\/shure-55sh-ii-e1601485394796-142x300.jpg 142w\" sizes=\"auto, (max-width: 10px) 100vw, 10px\" \/> Frederick Schulz (Einzelspiel), Alexander K\u00fcpper (Konferenz)<\/p>\n\n\n\n<p>ECL: <em><strong>FC Kopenhagen \u2013 PSV Eindhoven (18.45 Uhr)<\/strong><\/em><\/p>\n\n\n\n<p><img loading=\"lazy\" decoding=\"async\" width=\"10\" height=\"21\" class=\"wp-image-3656\" style=\"width: 10px;\" src=\"http:\/\/kommentatorenblog.de\/wp-content\/uploads\/2020\/09\/shure-55sh-ii-e1601485394796.jpg\" alt=\"\" srcset=\"https:\/\/kommentatorenblog.de\/wp-content\/uploads\/2020\/09\/shure-55sh-ii-e1601485394796.jpg 415w, https:\/\/kommentatorenblog.de\/wp-content\/uploads\/2020\/09\/shure-55sh-ii-e1601485394796-142x300.jpg 142w\" sizes=\"auto, (max-width: 10px) 100vw, 10px\" \/> Alexander Klich (Einzelspiel), J\u00fcrgen Schmitz (Konferenz)<\/p>\n\n\n\n<p><span style=\"text-decoration: underline;\">ab 20.15 Uhr (RTL), ab 20.30 Uhr (RTL+)<\/span><\/p>\n\n\n\n<p>EL: <em><strong>Eintracht Frankfurt \u2013 Betis Sevilla<\/strong><\/em> <em><strong>(21.00 Uhr)<\/strong><\/em><\/p>\n\n\n\n<p><img loading=\"lazy\" decoding=\"async\" width=\"10\" height=\"21\" class=\"wp-image-3656\" style=\"width: 10px;\" src=\"http:\/\/kommentatorenblog.de\/wp-content\/uploads\/2020\/09\/shure-55sh-ii-e1601485394796.jpg\" alt=\"\" srcset=\"https:\/\/kommentatorenblog.de\/wp-content\/uploads\/2020\/09\/shure-55sh-ii-e1601485394796.jpg 415w, https:\/\/kommentatorenblog.de\/wp-content\/uploads\/2020\/09\/shure-55sh-ii-e1601485394796-142x300.jpg 142w\" sizes=\"auto, (max-width: 10px) 100vw, 10px\" \/> RTL: Marco Hagemann, Experte: Steffen Freund , Interview: Thomas Wagner<\/p>\n\n\n\n<p><img loading=\"lazy\" decoding=\"async\" width=\"10\" height=\"21\" class=\"wp-image-3656\" style=\"width: 10px;\" src=\"http:\/\/kommentatorenblog.de\/wp-content\/uploads\/2020\/09\/shure-55sh-ii-e1601485394796.jpg\" alt=\"\" srcset=\"https:\/\/kommentatorenblog.de\/wp-content\/uploads\/2020\/09\/shure-55sh-ii-e1601485394796.jpg 415w, https:\/\/kommentatorenblog.de\/wp-content\/uploads\/2020\/09\/shure-55sh-ii-e1601485394796-142x300.jpg 142w\" sizes=\"auto, (max-width: 10px) 100vw, 10px\" \/> RTL+: Oliver Seidler (Einzelspiel), Christian Stra\u00dfburger (Konferenz)<\/p>\n\n\n\n<p>Moderation: Laura Papendick, Experte: Karl-Heinz Riedle<\/p>\n\n\n\n<p><span style=\"text-decoration: underline;\">ab 20.40 Uhr (RTL+)<\/span><\/p>\n\n\n\n<p>EL: <em><strong>West Ham United \u2013 FC Sevilla<\/strong><\/em> <em><strong>(21.00 Uhr)<\/strong><\/em><\/p>\n\n\n\n<p><img loading=\"lazy\" decoding=\"async\" width=\"10\" height=\"21\" class=\"wp-image-3656\" style=\"width: 10px;\" src=\"http:\/\/kommentatorenblog.de\/wp-content\/uploads\/2020\/09\/shure-55sh-ii-e1601485394796.jpg\" alt=\"\" srcset=\"https:\/\/kommentatorenblog.de\/wp-content\/uploads\/2020\/09\/shure-55sh-ii-e1601485394796.jpg 415w, https:\/\/kommentatorenblog.de\/wp-content\/uploads\/2020\/09\/shure-55sh-ii-e1601485394796-142x300.jpg 142w\" sizes=\"auto, (max-width: 10px) 100vw, 10px\" \/> Stefan Galler (Einzelspiel), Klaus Veltman (Konferenz)<\/p>\n\n\n\n<p>EL: <em><strong>Olympique Lyon \u2013 FC Porto<\/strong><\/em> <em><strong>(21.00 Uhr)<\/strong><\/em><\/p>\n\n\n\n<p><img loading=\"lazy\" decoding=\"async\" width=\"10\" height=\"21\" class=\"wp-image-3656\" style=\"width: 10px;\" src=\"http:\/\/kommentatorenblog.de\/wp-content\/uploads\/2020\/09\/shure-55sh-ii-e1601485394796.jpg\" alt=\"\" srcset=\"https:\/\/kommentatorenblog.de\/wp-content\/uploads\/2020\/09\/shure-55sh-ii-e1601485394796.jpg 415w, https:\/\/kommentatorenblog.de\/wp-content\/uploads\/2020\/09\/shure-55sh-ii-e1601485394796-142x300.jpg 142w\" sizes=\"auto, (max-width: 10px) 100vw, 10px\" \/> Christina Graf (Einzelspiel), Philip Konrad (Konferenz)<\/p>\n\n\n\n<p>ECL: <em><strong>AS Rom \u2013 Vitesse Arnheim<\/strong><\/em> <em><strong>(21.00 Uhr)<\/strong><\/em><\/p>\n\n\n\n<p><img loading=\"lazy\" decoding=\"async\" width=\"10\" height=\"21\" class=\"wp-image-3656\" style=\"width: 10px;\" src=\"http:\/\/kommentatorenblog.de\/wp-content\/uploads\/2020\/09\/shure-55sh-ii-e1601485394796.jpg\" alt=\"\" srcset=\"https:\/\/kommentatorenblog.de\/wp-content\/uploads\/2020\/09\/shure-55sh-ii-e1601485394796.jpg 415w, https:\/\/kommentatorenblog.de\/wp-content\/uploads\/2020\/09\/shure-55sh-ii-e1601485394796-142x300.jpg 142w\" sizes=\"auto, (max-width: 10px) 100vw, 10px\" \/> Florian von Stackelberg (Einzelspiel), Heiko Wasser (Konferenz)<\/p>\n\n\n\n<hr class=\"wp-block-separator\"\/>\n\n\n\n<p class=\"has-vivid-red-color has-text-color\"><strong>Bundesliga, Nachholspiel 25. Spieltag (DAZN)<\/strong> <\/p>\n\n\n\n<p><span style=\"text-decoration: underline;\">Mittwoch, 16. M\u00e4rz 2022, ab 18.00 Uhr<\/span><\/p>\n\n\n\n<p><strong style=\"font-style: italic;\">1.<\/strong><span><strong><em> FSV Mainz 05<\/em><\/strong><\/span><em><strong> <strong><em><span><b style=\"font-style: italic;\">\u2013<\/b><\/span><\/em><\/strong><\/strong><\/em> <em><strong>Borussia Dortmund (18.30 Uhr)<\/strong><\/em><\/p>\n\n\n\n<p><img loading=\"lazy\" decoding=\"async\" width=\"10\" height=\"21\" class=\"wp-image-3656\" style=\"width: 10px;\" src=\"http:\/\/kommentatorenblog.de\/wp-content\/uploads\/2020\/09\/shure-55sh-ii-e1601485394796.jpg\" alt=\"\" srcset=\"https:\/\/kommentatorenblog.de\/wp-content\/uploads\/2020\/09\/shure-55sh-ii-e1601485394796.jpg 415w, https:\/\/kommentatorenblog.de\/wp-content\/uploads\/2020\/09\/shure-55sh-ii-e1601485394796-142x300.jpg 142w\" sizes=\"auto, (max-width: 10px) 100vw, 10px\" \/> Uli Hebel, Experte: Max Nicu<\/p>\n\n\n\n<p>Moderation: Freddy Harder, Field-Reporter: Andres Veredas<\/p>\n\n\n\n<hr class=\"wp-block-separator\"\/>\n\n\n\n<p class=\"has-vivid-red-color has-text-color\"><strong>3. Liga, Nachholspiel 24. Spieltag (MagentaSport)<\/strong> <\/p>\n\n\n\n<p><span style=\"text-decoration: underline;\">Mittwoch, 16. M\u00e4rz 2022, ab 18.45 Uhr<\/span><\/p>\n\n\n\n<p><strong style=\"font-style: italic;\">FC Viktoria Berlin 1889<\/strong><em><strong> <strong><em><span><b style=\"font-style: italic;\">\u2013<\/b><\/span><\/em><\/strong><\/strong><\/em> <em><strong>FSV Zwickau (19.00 Uhr)<\/strong><\/em><\/p>\n\n\n\n<p><img loading=\"lazy\" decoding=\"async\" width=\"10\" height=\"21\" class=\"wp-image-3656\" style=\"width: 10px;\" src=\"http:\/\/kommentatorenblog.de\/wp-content\/uploads\/2020\/09\/shure-55sh-ii-e1601485394796.jpg\" alt=\"\" srcset=\"https:\/\/kommentatorenblog.de\/wp-content\/uploads\/2020\/09\/shure-55sh-ii-e1601485394796.jpg 415w, https:\/\/kommentatorenblog.de\/wp-content\/uploads\/2020\/09\/shure-55sh-ii-e1601485394796-142x300.jpg 142w\" sizes=\"auto, (max-width: 10px) 100vw, 10px\" \/> Michael Augustin<\/p>\n\n\n\n<p>Moderation: Anett Sattler<\/p>\n\n\n\n<hr class=\"wp-block-separator\"\/>\n\n\n\n<p class=\"has-vivid-red-color has-text-color\"><strong>Frauen-Bundesliga, Nachholspiel 14. Spieltag (MagentaSport)<\/strong> <\/p>\n\n\n\n<p><span style=\"text-decoration: underline;\">Mittwoch, 16. M\u00e4rz 2022, ab 13.45 Uhr<\/span><\/p>\n\n\n\n<p><strong style=\"font-style: italic;\">SC Sand<\/strong><em><strong> <strong><em><span><b style=\"font-style: italic;\">\u2013<\/b><\/span><\/em><\/strong><\/strong><\/em> <em><strong>VfL Wolfsburg (14.00 Uhr)<\/strong><\/em><\/p>\n\n\n\n<p><img loading=\"lazy\" decoding=\"async\" width=\"10\" height=\"21\" class=\"wp-image-3656\" style=\"width: 10px;\" src=\"http:\/\/kommentatorenblog.de\/wp-content\/uploads\/2020\/09\/shure-55sh-ii-e1601485394796.jpg\" alt=\"\" srcset=\"https:\/\/kommentatorenblog.de\/wp-content\/uploads\/2020\/09\/shure-55sh-ii-e1601485394796.jpg 415w, https:\/\/kommentatorenblog.de\/wp-content\/uploads\/2020\/09\/shure-55sh-ii-e1601485394796-142x300.jpg 142w\" sizes=\"auto, (max-width: 10px) 100vw, 10px\" \/> Martin Piller<\/p>\n\n\n\n<hr class=\"wp-block-separator\"\/>\n\n\n\n<p class=\"has-vivid-red-color has-text-color\"><strong>Youth League, Viertelfinale<\/strong><\/p>\n\n\n\n<p><span style=\"text-decoration: underline;\">Mittwoch, 16. M\u00e4rz 2022 (DAZN)<\/span><\/p>\n\n\n\n<p><em><strong>Paris Saint-Germain U19 <strong><em><span><b style=\"font-style: italic;\">\u2013<\/b><\/span><\/em><\/strong> FC Salzburg U19 (14.00 Uhr)<\/strong><\/em><\/p>\n\n\n\n<p><img loading=\"lazy\" decoding=\"async\" width=\"10\" height=\"21\" class=\"wp-image-3656\" style=\"width: 10px;\" src=\"http:\/\/kommentatorenblog.de\/wp-content\/uploads\/2020\/09\/shure-55sh-ii-e1601485394796.jpg\" alt=\"\" srcset=\"https:\/\/kommentatorenblog.de\/wp-content\/uploads\/2020\/09\/shure-55sh-ii-e1601485394796.jpg 415w, https:\/\/kommentatorenblog.de\/wp-content\/uploads\/2020\/09\/shure-55sh-ii-e1601485394796-142x300.jpg 142w\" sizes=\"auto, (max-width: 10px) 100vw, 10px\" \/> Max Gross<\/p>\n\n\n\n<p><em><strong>Borussia Dortmund U19 <strong><em><span><b style=\"font-style: italic;\">\u2013<\/b><\/span><\/em><\/strong> Atl\u00e9tico Madrid U19 (16.30 Uhr)<\/strong><\/em><\/p>\n\n\n\n<p><img loading=\"lazy\" decoding=\"async\" width=\"10\" height=\"21\" class=\"wp-image-3656\" style=\"width: 10px;\" src=\"http:\/\/kommentatorenblog.de\/wp-content\/uploads\/2020\/09\/shure-55sh-ii-e1601485394796.jpg\" alt=\"\" srcset=\"https:\/\/kommentatorenblog.de\/wp-content\/uploads\/2020\/09\/shure-55sh-ii-e1601485394796.jpg 415w, https:\/\/kommentatorenblog.de\/wp-content\/uploads\/2020\/09\/shure-55sh-ii-e1601485394796-142x300.jpg 142w\" sizes=\"auto, (max-width: 10px) 100vw, 10px\" \/> Fabian Pavlakovic<\/p>\n\n\n\n<hr class=\"wp-block-separator\"\/>\n\n\n\n<p class=\"has-vivid-red-color has-text-color\"><strong>Premier League, Nachholspiele (Sky Sport)<\/strong> <\/p>\n\n\n\n<p><span style=\"text-decoration: underline;\">Mittwoch, 16. M\u00e4rz 2022, ab 20.20 Uhr<\/span><\/p>\n\n\n\n<p>16. Spieltag: <strong style=\"font-style: italic;\">Brighton &amp; Hove Albion<\/strong><em><strong> <strong><em><span><b style=\"font-style: italic;\">\u2013<\/b><\/span><\/em><\/strong><\/strong><\/em> <em><strong>Tottenham Hotspur (20.30 Uhr)<\/strong><\/em><\/p>\n\n\n\n<p><img loading=\"lazy\" decoding=\"async\" width=\"10\" height=\"21\" class=\"wp-image-3656\" style=\"width: 10px;\" src=\"http:\/\/kommentatorenblog.de\/wp-content\/uploads\/2020\/09\/shure-55sh-ii-e1601485394796.jpg\" alt=\"\" srcset=\"https:\/\/kommentatorenblog.de\/wp-content\/uploads\/2020\/09\/shure-55sh-ii-e1601485394796.jpg 415w, https:\/\/kommentatorenblog.de\/wp-content\/uploads\/2020\/09\/shure-55sh-ii-e1601485394796-142x300.jpg 142w\" sizes=\"auto, (max-width: 10px) 100vw, 10px\" \/> Joachim Hebel<\/p>\n\n\n\n<p><span style=\"text-decoration: underline;\">ab 20.45 Uhr<\/span><\/p>\n\n\n\n<p>27. Spieltag: <strong style=\"font-style: italic;\">FC Arsenal<\/strong><em><strong> <strong><em><span><b style=\"font-style: italic;\">\u2013<\/b><\/span><\/em><\/strong><\/strong><\/em> <em><strong>FC Liverpool (21.15 Uhr)<\/strong><\/em><\/p>\n\n\n\n<p><img loading=\"lazy\" decoding=\"async\" width=\"10\" height=\"21\" class=\"wp-image-3656\" style=\"width: 10px;\" src=\"http:\/\/kommentatorenblog.de\/wp-content\/uploads\/2020\/09\/shure-55sh-ii-e1601485394796.jpg\" alt=\"\" srcset=\"https:\/\/kommentatorenblog.de\/wp-content\/uploads\/2020\/09\/shure-55sh-ii-e1601485394796.jpg 415w, https:\/\/kommentatorenblog.de\/wp-content\/uploads\/2020\/09\/shure-55sh-ii-e1601485394796-142x300.jpg 142w\" sizes=\"auto, (max-width: 10px) 100vw, 10px\" \/> Florian Schmidt-Sommerfeld<\/p>\n\n\n\n<p><span style=\"text-decoration: underline;\">Donnerstag, 17. M\u00e4rz 2022, ab 20.35 Uhr<\/span><\/p>\n\n\n\n<p>20. Spieltag: <strong style=\"font-style: italic;\">FC Everton<\/strong><em><strong> <strong><em><span><b style=\"font-style: italic;\">\u2013<\/b><\/span><\/em><\/strong><\/strong><\/em> <em><strong>Newcastle United (20.45 Uhr)<\/strong><\/em><\/p>\n\n\n\n<p><img loading=\"lazy\" decoding=\"async\" width=\"10\" height=\"21\" class=\"wp-image-3656\" style=\"width: 10px;\" src=\"http:\/\/kommentatorenblog.de\/wp-content\/uploads\/2020\/09\/shure-55sh-ii-e1601485394796.jpg\" alt=\"\" srcset=\"https:\/\/kommentatorenblog.de\/wp-content\/uploads\/2020\/09\/shure-55sh-ii-e1601485394796.jpg 415w, https:\/\/kommentatorenblog.de\/wp-content\/uploads\/2020\/09\/shure-55sh-ii-e1601485394796-142x300.jpg 142w\" sizes=\"auto, (max-width: 10px) 100vw, 10px\" \/> Uli Hebel<\/p>\n\n\n\n<hr class=\"wp-block-separator\"\/>\n\n\n\n<p class=\"has-vivid-red-color has-text-color\"><strong>Copa Libertadores, Dritte Runde &#8211; R\u00fcckspiele (SPORTDIGITAL FUSSBALL)<\/strong><\/p>\n\n\n\n<p><span style=\"text-decoration: underline;\">Mittwoch, 16. M\u00e4rz 2022<\/span><\/p>\n\n\n\n<p><em><strong>Estudiantes de La Plata (ARG) <strong><em><span><b style=\"font-style: italic;\">\u2013<\/b><\/span><\/em><\/strong> CD Everton de Vi<strong>\u00f1<\/strong>a del Mar (CHI) (23.15 Uhr)<\/strong><\/em><\/p>\n\n\n\n<p><img loading=\"lazy\" decoding=\"async\" width=\"10\" height=\"21\" class=\"wp-image-3656\" style=\"width: 10px;\" src=\"http:\/\/kommentatorenblog.de\/wp-content\/uploads\/2020\/09\/shure-55sh-ii-e1601485394796.jpg\" alt=\"\" srcset=\"https:\/\/kommentatorenblog.de\/wp-content\/uploads\/2020\/09\/shure-55sh-ii-e1601485394796.jpg 415w, https:\/\/kommentatorenblog.de\/wp-content\/uploads\/2020\/09\/shure-55sh-ii-e1601485394796-142x300.jpg 142w\" sizes=\"auto, (max-width: 10px) 100vw, 10px\" \/> <s>J\u00f6rg Steiger<\/s> Christian Blunck<\/p>\n\n\n\n<p><span style=\"text-decoration: underline;\">Donnerstag, 17. M\u00e4rz 2022<\/span><\/p>\n\n\n\n<p><em><strong>Club Olimpia (PAR) <strong><em><span><b style=\"font-style: italic;\">\u2013<\/b><\/span><\/em><\/strong> Fluminese Rio de Janeiro (BRA) (01.30 Uhr)<\/strong><\/em><\/p>\n\n\n\n<p><img loading=\"lazy\" decoding=\"async\" width=\"10\" height=\"21\" class=\"wp-image-3656\" style=\"width: 10px;\" src=\"http:\/\/kommentatorenblog.de\/wp-content\/uploads\/2020\/09\/shure-55sh-ii-e1601485394796.jpg\" alt=\"\" srcset=\"https:\/\/kommentatorenblog.de\/wp-content\/uploads\/2020\/09\/shure-55sh-ii-e1601485394796.jpg 415w, https:\/\/kommentatorenblog.de\/wp-content\/uploads\/2020\/09\/shure-55sh-ii-e1601485394796-142x300.jpg 142w\" sizes=\"auto, (max-width: 10px) 100vw, 10px\" \/> Christian Blunck<\/p>\n\n\n\n<hr class=\"wp-block-separator\"\/>\n\n\n\n<p class=\"has-vivid-red-color has-text-color\"><strong>CONCACAF Champions League, Viertelfinal-R\u00fcckspiele (SPORTDIGITAL FUSSBALL)<\/strong><\/p>\n\n\n\n<p><span style=\"text-decoration: underline;\">Donnerstag, 17. M\u00e4rz 2022<\/span><\/p>\n\n\n\n<p><em><strong>UNAM Pumas (MEX) <strong><em><span><b style=\"font-style: italic;\">\u2013<\/b><\/span><\/em><\/strong> New England Revolution (USA) (04.15 Uhr)<\/strong><\/em><\/p>\n\n\n\n<p><img loading=\"lazy\" decoding=\"async\" width=\"10\" height=\"21\" class=\"wp-image-3656\" style=\"width: 10px;\" src=\"http:\/\/kommentatorenblog.de\/wp-content\/uploads\/2020\/09\/shure-55sh-ii-e1601485394796.jpg\" alt=\"\" srcset=\"https:\/\/kommentatorenblog.de\/wp-content\/uploads\/2020\/09\/shure-55sh-ii-e1601485394796.jpg 415w, https:\/\/kommentatorenblog.de\/wp-content\/uploads\/2020\/09\/shure-55sh-ii-e1601485394796-142x300.jpg 142w\" sizes=\"auto, (max-width: 10px) 100vw, 10px\" \/> Marcus Radefeld<\/p>\n\n\n\n<hr class=\"wp-block-separator\"\/>\n\n\n\n<hr class=\"wp-block-separator\"\/>\n\n\n\n<p class=\"has-vivid-red-color has-text-color\"><code>ANSETZUNGEN \u00d6STERREICH<\/code><\/p>\n\n\n\n<p><strong>Champions League, Achtelfinal-R\u00fcckspiele<\/strong><\/p>\n\n\n\n<p><span style=\"text-decoration: underline;\">Dienstag, 15. M\u00e4rz 2022, ab 20.00 Uhr (Sky Sport Austria)<\/span><\/p>\n\n\n\n<p><em><strong>Manchester United <strong><em><span><b style=\"font-style: italic;\">\u2013<\/b><\/span><\/em><\/strong> Atl\u00e9tico Madrid (21.00 Uhr)<\/strong><\/em><\/p>\n\n\n\n<p><img loading=\"lazy\" decoding=\"async\" width=\"10\" height=\"21\" class=\"wp-image-3656\" style=\"width: 10px;\" src=\"http:\/\/kommentatorenblog.de\/wp-content\/uploads\/2020\/09\/shure-55sh-ii-e1601485394796.jpg\" alt=\"\" srcset=\"https:\/\/kommentatorenblog.de\/wp-content\/uploads\/2020\/09\/shure-55sh-ii-e1601485394796.jpg 415w, https:\/\/kommentatorenblog.de\/wp-content\/uploads\/2020\/09\/shure-55sh-ii-e1601485394796-142x300.jpg 142w\" sizes=\"auto, (max-width: 10px) 100vw, 10px\" \/> Stefan Hempel (Einzelspiel), Otto Rosenauer (Konferenz)<\/p>\n\n\n\n<p><em><strong>Ajax Amsterdam <strong><em><span><b style=\"font-style: italic;\">\u2013<\/b><\/span><\/em><\/strong> Benfica Lissabon (21.00 Uhr)<\/strong><\/em><\/p>\n\n\n\n<p><img loading=\"lazy\" decoding=\"async\" width=\"10\" height=\"21\" class=\"wp-image-3656\" style=\"width: 10px;\" src=\"http:\/\/kommentatorenblog.de\/wp-content\/uploads\/2020\/09\/shure-55sh-ii-e1601485394796.jpg\" alt=\"\" srcset=\"https:\/\/kommentatorenblog.de\/wp-content\/uploads\/2020\/09\/shure-55sh-ii-e1601485394796.jpg 415w, https:\/\/kommentatorenblog.de\/wp-content\/uploads\/2020\/09\/shure-55sh-ii-e1601485394796-142x300.jpg 142w\" sizes=\"auto, (max-width: 10px) 100vw, 10px\" \/> Stefan Hempel (Einzelspiel), David Eder (Konferenz)<\/p>\n\n\n\n<p>Moderation: Constanze Weiss, Experten: Didi K\u00fchbauer &amp; Lothar Matth\u00e4us<\/p>\n\n\n\n<p><span style=\"text-decoration: underline;\">Mittwoch, 16. M\u00e4rz 2022, ab 20.00 Uhr (Sky Sport Austria) \/ ab 20.15 Uhr (ServusTV \u00d6sterreich)<\/span><\/p>\n\n\n\n<p><strong><em>OSC Lille <strong><em><span><b style=\"font-style: italic;\">\u2013<\/b><\/span><\/em><\/strong> FC Chelsea (21.00 Uhr)<\/em><\/strong><\/p>\n\n\n\n<p><img loading=\"lazy\" decoding=\"async\" width=\"10\" height=\"21\" class=\"wp-image-3656\" style=\"width: 10px;\" src=\"http:\/\/kommentatorenblog.de\/wp-content\/uploads\/2020\/09\/shure-55sh-ii-e1601485394796.jpg\" alt=\"\" srcset=\"https:\/\/kommentatorenblog.de\/wp-content\/uploads\/2020\/09\/shure-55sh-ii-e1601485394796.jpg 415w, https:\/\/kommentatorenblog.de\/wp-content\/uploads\/2020\/09\/shure-55sh-ii-e1601485394796-142x300.jpg 142w\" sizes=\"auto, (max-width: 10px) 100vw, 10px\" \/> Sky Sport Austria: Hansi K\u00fcpper (Einzelspiel), Otto Rosenauer (Konferenz)<\/p>\n\n\n\n<p><em><strong>Juventus Turin <strong><em><span><b style=\"font-style: italic;\">\u2013<\/b><\/span><\/em><\/strong> FC Villarreal (21.00 Uhr)<\/strong><\/em><\/p>\n\n\n\n<p><img loading=\"lazy\" decoding=\"async\" width=\"10\" height=\"21\" class=\"wp-image-3656\" style=\"width: 10px;\" src=\"http:\/\/kommentatorenblog.de\/wp-content\/uploads\/2020\/09\/shure-55sh-ii-e1601485394796.jpg\" alt=\"\" srcset=\"https:\/\/kommentatorenblog.de\/wp-content\/uploads\/2020\/09\/shure-55sh-ii-e1601485394796.jpg 415w, https:\/\/kommentatorenblog.de\/wp-content\/uploads\/2020\/09\/shure-55sh-ii-e1601485394796-142x300.jpg 142w\" sizes=\"auto, (max-width: 10px) 100vw, 10px\" \/> Sky Sport Austria: Marcel Meinert (Einzelspiel), David Eder (Konferenz)<\/p>\n\n\n\n<p><img loading=\"lazy\" decoding=\"async\" width=\"10\" height=\"21\" class=\"wp-image-3656\" style=\"width: 10px;\" src=\"http:\/\/kommentatorenblog.de\/wp-content\/uploads\/2020\/09\/shure-55sh-ii-e1601485394796.jpg\" alt=\"\" srcset=\"https:\/\/kommentatorenblog.de\/wp-content\/uploads\/2020\/09\/shure-55sh-ii-e1601485394796.jpg 415w, https:\/\/kommentatorenblog.de\/wp-content\/uploads\/2020\/09\/shure-55sh-ii-e1601485394796-142x300.jpg 142w\" sizes=\"auto, (max-width: 10px) 100vw, 10px\" \/> ServusTV \u00d6sterreich: Philipp Krummholz (Einzelspiel), Field-Reporter: Christian Brugger<\/p>\n\n\n\n<p>Moderation (Sky Sport Austria): Martin Konrad, Experte: Peter St\u00f6ger<\/p>\n\n\n\n<p>Moderation (ServusTV \u00d6sterreich): Christian Baier, Experten: Jan \u00c5ge Fj\u00f8rtoft und Steffen Freund<\/p>\n\n\n\n<hr class=\"wp-block-separator\"\/>\n\n\n\n<p><strong>Europa League (EL) \/ Europa Conference League (ECL), Achtelfinal-R\u00fcckspiele<\/strong><\/p>\n\n\n\n<p><span style=\"text-decoration: underline;\">ab 18.00 Uhr (Sky Sport Austria) \/ ab 18.20 Uhr (ORF 1)<\/span><\/p>\n\n\n\n<p>EL: <em><strong>Galatasaray Istanbul \u2013 FC Barcelona (18.45 Uhr)<\/strong><\/em><\/p>\n\n\n\n<p><img loading=\"lazy\" decoding=\"async\" width=\"10\" height=\"21\" class=\"wp-image-3656\" style=\"width: 10px;\" src=\"http:\/\/kommentatorenblog.de\/wp-content\/uploads\/2020\/09\/shure-55sh-ii-e1601485394796.jpg\" alt=\"\" srcset=\"https:\/\/kommentatorenblog.de\/wp-content\/uploads\/2020\/09\/shure-55sh-ii-e1601485394796.jpg 415w, https:\/\/kommentatorenblog.de\/wp-content\/uploads\/2020\/09\/shure-55sh-ii-e1601485394796-142x300.jpg 142w\" sizes=\"auto, (max-width: 10px) 100vw, 10px\" \/> Sky Sport Austria: Charly Leitner (Einzelspiel), David Eder (Konferenz)<\/p>\n\n\n\n<p><img loading=\"lazy\" decoding=\"async\" width=\"10\" height=\"21\" class=\"wp-image-3656\" style=\"width: 10px;\" src=\"http:\/\/kommentatorenblog.de\/wp-content\/uploads\/2020\/09\/shure-55sh-ii-e1601485394796.jpg\" alt=\"\" srcset=\"https:\/\/kommentatorenblog.de\/wp-content\/uploads\/2020\/09\/shure-55sh-ii-e1601485394796.jpg 415w, https:\/\/kommentatorenblog.de\/wp-content\/uploads\/2020\/09\/shure-55sh-ii-e1601485394796-142x300.jpg 142w\" sizes=\"auto, (max-width: 10px) 100vw, 10px\" \/> ORF 1: Thomas K\u00f6nig (Einzelspiel), Experte: Helge Payer<br>Moderation (ORF1): Christian Diendorfer, Experten: Herbert Prohaska und Roman M\u00e4hlich<\/p>\n\n\n\n<p><span style=\"text-decoration: underline;\">ab 18.00 Uhr bzw. 18:35 Uhr (Sky Sport Austria)<\/span><\/p>\n\n\n\n<p>EL: <em><strong>Roter Stern Belgrad \u2013 Glasgow Rangers (18.45 Uhr)<\/strong><\/em><\/p>\n\n\n\n<p><img loading=\"lazy\" decoding=\"async\" width=\"10\" height=\"21\" class=\"wp-image-3656\" style=\"width: 10px;\" src=\"http:\/\/kommentatorenblog.de\/wp-content\/uploads\/2020\/09\/shure-55sh-ii-e1601485394796.jpg\" alt=\"\" srcset=\"https:\/\/kommentatorenblog.de\/wp-content\/uploads\/2020\/09\/shure-55sh-ii-e1601485394796.jpg 415w, https:\/\/kommentatorenblog.de\/wp-content\/uploads\/2020\/09\/shure-55sh-ii-e1601485394796-142x300.jpg 142w\" sizes=\"auto, (max-width: 10px) 100vw, 10px\" \/>  Johannes Hofer (Konferenz)<\/p>\n\n\n\n<p>ECL: <em><strong>FC Basel \u2013 Olympique Marseille (18.45 Uhr)<\/strong><\/em><\/p>\n\n\n\n<p><img loading=\"lazy\" decoding=\"async\" width=\"10\" height=\"21\" class=\"wp-image-3656\" style=\"width: 10px;\" src=\"http:\/\/kommentatorenblog.de\/wp-content\/uploads\/2020\/09\/shure-55sh-ii-e1601485394796.jpg\" alt=\"\" srcset=\"https:\/\/kommentatorenblog.de\/wp-content\/uploads\/2020\/09\/shure-55sh-ii-e1601485394796.jpg 415w, https:\/\/kommentatorenblog.de\/wp-content\/uploads\/2020\/09\/shure-55sh-ii-e1601485394796-142x300.jpg 142w\" sizes=\"auto, (max-width: 10px) 100vw, 10px\" \/> Philipp Paternina (Konferenz)<\/p>\n\n\n\n<p>ECL: <em><strong>FC Kopenhagen \u2013 PSV Eindhoven (18.45 Uhr)<\/strong><\/em><\/p>\n\n\n\n<p><img loading=\"lazy\" decoding=\"async\" width=\"10\" height=\"21\" class=\"wp-image-3656\" style=\"width: 10px;\" src=\"http:\/\/kommentatorenblog.de\/wp-content\/uploads\/2020\/09\/shure-55sh-ii-e1601485394796.jpg\" alt=\"\" srcset=\"https:\/\/kommentatorenblog.de\/wp-content\/uploads\/2020\/09\/shure-55sh-ii-e1601485394796.jpg 415w, https:\/\/kommentatorenblog.de\/wp-content\/uploads\/2020\/09\/shure-55sh-ii-e1601485394796-142x300.jpg 142w\" sizes=\"auto, (max-width: 10px) 100vw, 10px\" \/> Hansi K\u00fcpper (Konferenz)<\/p>\n\n\n\n<p><span style=\"text-decoration: underline;\">ab 20.15 Uhr (Sky Sport Austria \/ ServusTV \u00d6sterreich)<\/span><\/p>\n\n\n\n<p>ECL: <em><strong>Linzer ASK \u2013 Slavia Prag<\/strong><\/em> <em><strong>(21.00 Uhr)<\/strong><\/em><\/p>\n\n\n\n<p><img loading=\"lazy\" decoding=\"async\" width=\"10\" height=\"21\" class=\"wp-image-3656\" style=\"width: 10px;\" src=\"http:\/\/kommentatorenblog.de\/wp-content\/uploads\/2020\/09\/shure-55sh-ii-e1601485394796.jpg\" alt=\"\" srcset=\"https:\/\/kommentatorenblog.de\/wp-content\/uploads\/2020\/09\/shure-55sh-ii-e1601485394796.jpg 415w, https:\/\/kommentatorenblog.de\/wp-content\/uploads\/2020\/09\/shure-55sh-ii-e1601485394796-142x300.jpg 142w\" sizes=\"auto, (max-width: 10px) 100vw, 10px\" \/> Sky Sport Austria: Erich Auer (Einzelspiel), Martin Konrad (Konferenz)<\/p>\n\n\n\n<p><img loading=\"lazy\" decoding=\"async\" width=\"10\" height=\"21\" class=\"wp-image-3656\" style=\"width: 10px;\" src=\"http:\/\/kommentatorenblog.de\/wp-content\/uploads\/2020\/09\/shure-55sh-ii-e1601485394796.jpg\" alt=\"\" srcset=\"https:\/\/kommentatorenblog.de\/wp-content\/uploads\/2020\/09\/shure-55sh-ii-e1601485394796.jpg 415w, https:\/\/kommentatorenblog.de\/wp-content\/uploads\/2020\/09\/shure-55sh-ii-e1601485394796-142x300.jpg 142w\" sizes=\"auto, (max-width: 10px) 100vw, 10px\" \/> ServusTV \u00d6sterreich: Michael Wanits (Einzelspiel), Field-Reporterin: Julia Kienast<br>Moderation (ServusTV \u00d6sterreich): Christian Nehiba, Experte: Florian Klein<\/p>\n\n\n\n<p><span style=\"text-decoration: underline;\">ab 20.50 Uhr (Sky Sport Austria)<\/span><\/p>\n\n\n\n<p>EL: <em><strong>Eintracht Frankfurt \u2013 Betis Sevilla<\/strong><\/em> <em><strong>(21.00 Uhr)<\/strong><\/em><\/p>\n\n\n\n<p><img loading=\"lazy\" decoding=\"async\" width=\"10\" height=\"21\" class=\"wp-image-3656\" style=\"width: 10px;\" src=\"http:\/\/kommentatorenblog.de\/wp-content\/uploads\/2020\/09\/shure-55sh-ii-e1601485394796.jpg\" alt=\"\" srcset=\"https:\/\/kommentatorenblog.de\/wp-content\/uploads\/2020\/09\/shure-55sh-ii-e1601485394796.jpg 415w, https:\/\/kommentatorenblog.de\/wp-content\/uploads\/2020\/09\/shure-55sh-ii-e1601485394796-142x300.jpg 142w\" sizes=\"auto, (max-width: 10px) 100vw, 10px\" \/> tba (Einzelspiel), Marcel Meinert (Konferenz)<\/p>\n\n\n\n<p>EL: <em><strong>West Ham United \u2013 FC Sevilla<\/strong><\/em> <em><strong>(21.00 Uhr)<\/strong><\/em><\/p>\n\n\n\n<p><img loading=\"lazy\" decoding=\"async\" width=\"10\" height=\"21\" class=\"wp-image-3656\" style=\"width: 10px;\" src=\"http:\/\/kommentatorenblog.de\/wp-content\/uploads\/2020\/09\/shure-55sh-ii-e1601485394796.jpg\" alt=\"\" srcset=\"https:\/\/kommentatorenblog.de\/wp-content\/uploads\/2020\/09\/shure-55sh-ii-e1601485394796.jpg 415w, https:\/\/kommentatorenblog.de\/wp-content\/uploads\/2020\/09\/shure-55sh-ii-e1601485394796-142x300.jpg 142w\" sizes=\"auto, (max-width: 10px) 100vw, 10px\" \/> Phillip Lautischer (Konferenz)<\/p>\n\n\n\n<p>ECL: <em><strong>Feyenoord Rotterdam \u2013 FK Partizian Belgrad<\/strong><\/em> <em><strong>(21.00 Uhr)<\/strong><\/em><\/p>\n\n\n\n<p><img loading=\"lazy\" decoding=\"async\" width=\"10\" height=\"21\" class=\"wp-image-3656\" style=\"width: 10px;\" src=\"http:\/\/kommentatorenblog.de\/wp-content\/uploads\/2020\/09\/shure-55sh-ii-e1601485394796.jpg\" alt=\"\" srcset=\"https:\/\/kommentatorenblog.de\/wp-content\/uploads\/2020\/09\/shure-55sh-ii-e1601485394796.jpg 415w, https:\/\/kommentatorenblog.de\/wp-content\/uploads\/2020\/09\/shure-55sh-ii-e1601485394796-142x300.jpg 142w\" sizes=\"auto, (max-width: 10px) 100vw, 10px\" \/> Gerfried Pr\u00f6ll (Konferenz)<\/p>\n\n\n\n<p>Moderation (Sky Sport Austria): Johannes Brandl, Experte: Alfred Tatar<\/p>\n\n\n\n<hr class=\"wp-block-separator\"\/>\n\n\n\n<p class=\"has-vivid-red-color has-text-color\"><strong>Die Analyse<\/strong><\/p>\n\n\n\n<p><strong>Alex Schl\u00fcter reist und Mario G\u00f3mez ist zur\u00fcck<\/strong><\/p>\n\n\n\n<p>Los geht\u00b4s am Dienstag mit der Partie ManUnited gegen Atletico Madrid bei Amazon Prime. Daf\u00fcr werden sich Kommentator Jonas Friedrich und Experte Benedikt H\u00f6wedes aus Manchester melden. Ebenfalls im Stadion wird Annika Zimmermann f\u00fcr die Interviews sein. Die Moderation der \u00dcbertragung nimmt, wie gewohnt, Sebastian Hellmann. Im Vergleich zur letzten Woche rotiert Mario G\u00f3mez f\u00fcr Michael Ballack ins Experten-Trio rein. Im Team bleiben Matthias Sammer und Josephine Henning.<\/p>\n\n\n\n<p>Zeitgleich zum Manchester-Spiel empf\u00e4ngt Ajax Lissabon, DAZN \u00fcbertr\u00e4gt mit Jan Platte und Benny Lauth. Die Moderation \u00fcbernimmt Tobi Wahnschaffe. Interviewer in Amsterdam wird Alex Schl\u00fcter sein, der dann gleich weiter nach Lille zum Mittwochspiel reist.<\/p>\n\n\n\n<p>Neben Schl\u00fcter wird auch Wahnschaffe am Mittwoch erneut zum Einsatz kommen und die Moderation der Konferenz \u00fcbernehmen. Den Kommentar der beiden Partien werden Marco Hagemann (Lille-Chelsea) und Jan Platte (Juve-Villarreal) \u00fcbernehmen. Im Einzelspiel kommentieren dann Michael Born\/ Sebastian Knei\u00dfl das Spiel des amtierenden Champions League-Sieger beim franz\u00f6sischen Meister und <s>Maximilian Siebald<\/s> Max Gross sowie Ralph Gunesch die Begegnung von Juventus. Das Topspiel aus Sicht von DAZN am Mittwoch ist die Begegnung von OSC Lille gegen den FC Chelsea. Deshalb erh\u00e4lt das Spiel in Daniel Herzog im Gegensatz zum zweiten Spiel auch einen Moderator. Eventuell werden hier auch die Sanktionen der britischen Regierung gegen den FC Chelsea besprochen.<\/p>\n\n\n\n<p><strong>Eintracht mit Dreierpack und im FreeTV<\/strong><\/p>\n\n\n\n<p>Aus der Europa League und Europa Conference League werden bei RTL und vor allem bei RTL + wieder insgesamt acht Spiele \u00fcbertragen. Frei empfangbar gibt es dabei nur die Eintracht, die nun wieder am Donnerstag spielt. Das Personal im Frankfurter Stadion wartet dabei mit keinerlei \u00dcberraschungen auf: Moderieren wird Laura Papendick, an deren Seite Karl-Heinz Riedle als Experte fungiert. Das Kommentatoren-Duo bilden, wie \u00fcblich Hagemann und Freund. Letzterer verzeichnet ja am Tag zuvor bereits einen Experten-Einsatz bei ServusTV in \u00d6sterreich. Thomas Wagner, der letzten Mittwoch noch f\u00fcr RTL+ dieses Spiel moderierte, geht diesmal wieder auf Stimmenfang.<\/p>\n\n\n\n<p>Wer das Spiel via RTL+ verfolgen will, hat die M\u00f6glichkeit Oliver Seidler als Einzelspielkommentator zu h\u00f6ren. Man setzt also mit auch noch Konferenzkommentator Stra\u00dfburger insgesamt drei Kommentatoren f\u00fcr ein Spiel ein. So ganz klar ist mir das Vorgehen nicht.<\/p>\n\n\n\n<p>Der zweite deutsche Starter in der Europa League, Bayer Leverkusen, wird bei RTL+ mit Kommentator Cornelius K\u00fcpper zu h\u00f6ren sein. Die weiteren Einzelspiele am fr\u00fchen Abend \u00fcbernehmen Born, Schulz und Klich. Die Konferenzkommentatoren dazu bilden Christoph Stadtler (Bayer 04), Alexander K\u00fcpper, J\u00fcrgen Schmitz und Julian Engelhard. Damit werden die drei letztgenannten, wie bereits vergangene Woche, in der Konferenz zu h\u00f6ren sein.<\/p>\n\n\n\n<p>Ab 21 Uhr werden dann bei den Heimpielen von West Ham, Rom und Lyon Galler, von Stackelberg und Christina Graf zu h\u00f6ren sein, die im \u00dcbrigen letzte Woche alle die fr\u00fchen Einzelspiele \u00fcbernahmen. Vervollst\u00e4ndigt wird das Reporter-Team mit den Konferenzkommentatoren Wasser, Veltman und Konrad.<\/p>\n\n\n\n<p>Moderiert wird die \u00dcbertragung bei RTL+ von der Viererkette um Kraft, Hunke, Brinkmann und Zeigler, dazu kommt noch Joachim Llambi als Gast.<\/p>\n\n\n\n<p><strong>Nachholspiele bei DAZN, Sky und Magenta<\/strong><\/p>\n\n\n\n<p>Der Mittwoch wird neben der Champions League dann auch noch einige Nachholspiele beherbergen: Bundesliga, 3.Liga, Bundesliga der Frauen und auch die Premier League.<\/p>\n\n\n\n<p>In der Bundesliga ist die Begegnung der Mainzer gegen den BVB geplant. Der FSV steigt dann nach zwei Spielen Corona-Pause wieder ein &#8211; hoffentlich. Ein Gro\u00dfteil der Spieler ist zwar mittlerweile freigetestet, dass alle Spieler damit aber auch direkt einsatzbereit sind, hei\u00dft dies noch lange nicht. Damit ein Spiel stattfindet, m\u00fcssten mindestens16 Spieler zur Verf\u00fcgung stehen, davon mindestens ein Torwart und neun Lizenzspieler. Zur Verf\u00fcgung stehen bedeutet dabei aber nicht einsatzf\u00e4hig: Gesperrte sowie sporttypisch verletzte Spieler gelten u.a. auch als zur Verf\u00fcgung stehend, damit es keinen Missbrauch dieser Regel gibt.<\/p>\n\n\n\n<p>Nun aber zur \u00dcbertragung, zu finden bei DAZN, man m\u00f6chte schon fast sagen, wie immer, aus dem Studio (zumindest in der Bundesliga bei den letzten Spielen). Aus Mainz meldet sich nur Andres Veredas f\u00fcr die Interviews. Beim eigentlichen Termin war Alex Schl\u00fcter als Field-Reporter geplant, der befindet sich aber aktuell ja auf seiner Champions-League-Tour. Kommentator Uli Hebel bleibt dagegen gleich im Vergleich zum abgesagten Spiel. Hebel wird allerdings nicht Jonas Hummels an seiner Seite haben, sondern Max Nicu. <s>Christoph Stadtler<\/s> wird moderieren. So zumindest der Plan, wenn es keine weiteren kurzfristigen \u00c4nderungen gibt, so wurden zwischenzeitlich Moderator Sch\u00f6nm\u00fcller und Experte Lauth durch die obengenannten ersetzt. Der sich wieder ge\u00e4ndert hat, neuer Moderator ist Freddy Harder.<\/p>\n\n\n\n<p>Das 3. Liga Nachholspiel der Viktoria aus Berlin \u00fcbernimmt Michael Augustin, Anett Sattler moderiert. Und in der Frauen-Bundesliga wird nun der dritte Versuch gestartet, die Begegnung zwischen dem SC Sand und dem (noch?) Zweiten aus Wolfsburg auszutragen. Im Pokal gewannen die W\u00f6lfinnen deutlich und w\u00e4ren bei einem erneuten Sieg einen Punkt vor dem aktuellen Tabellenf\u00fchrer aus M\u00fcnchen. Als Kommentator f\u00fcr Magenta wird Martin Piller im Einsatz sein.<\/p>\n\n\n\n<p><strong>International kompakt<\/strong><\/p>\n\n\n\n<p>Alles weitere in K\u00fcrze: In der Premier League kommen bei den Nachholspielen die Hebel- Br\u00fcder sowie Schmidt-Sommerfeld zum Einsatz. Sportdigital hat die angesprochene CONCACAF Champions League sowie zwei Partien der 3. Qualirunde des Copa Libertadores im Angebot.<\/p>\n\n\n\n<p>Aus \u00d6sterreich haben wir schon einige Ansetzungen mit in den Beitrag gepackt. ORF und das doppelte ServusTV \u00fcbertragen Spiele aus CL, EL und ECL. Bei Sky Austria d\u00fcrfte sich in den Ansetzungen noch einiges \u00e4ndern &#8211; zumindest bezweifeln wir doch sehr stark, dass Stefan Hempel, wie nach bisherigem Stand angegeben, zwei parallel laufende CL-Partien als Einzelspiele kommentiert \ud83d\ude42<\/p>\n\n\n\n<p>Viel Spa\u00df mit dem umfangreichen Fu\u00dfballangebot, habt eine sch\u00f6ne, friedliche Woche!<\/p>\n","protected":false},"excerpt":{"rendered":"<p>N\u00b4 Abend allerseits, einen Schritt weiter als &#8222;wir&#8220; mit der europ\u00e4ischen Champions League sind Nord- und Mittelamerika sowie die Karibik mit der CONCACAF Champions League. Diese Woche stehen n\u00e4mlich die R\u00fcckspiele im Viertelfinale an. Mit sehr guten Ausgangssituationen gehen die drei US-amerikanischen Clubs New York City FC, Seattle Sounders FC und New England Revolution auf [&hellip;]<\/p>\n","protected":false},"author":15,"featured_media":0,"comment_status":"open","ping_status":"open","sticky":false,"template":"","format":"standard","meta":{"footnotes":""},"categories":[425],"tags":[232,49,163,46,517,35,615,171,614,212,13,356,89,703,702,25,616,48,103,69,58,315,86,676,75,9,70,43,503,130,283,438,383,114,113,690,98,22,134,154,28,252,105],"class_list":["post-12267","post","type-post","status-publish","format-standard","hentry","category-champions-league-und-co","tag-alexander-klich","tag-alex-schlueter","tag-alexander-kuepper","tag-anett-sattler","tag-anna-kraft","tag-christian-strassburger","tag-christina-graf","tag-christoph-stadtler","tag-cornelius-kuepper","tag-daniel-herzog","tag-dazn","tag-fabian-pavlakovic","tag-florian-schmidt-sommerfeld","tag-florian-von-stackelberg","tag-frederick-schulz","tag-hansi-kuepper","tag-heiko-wasser","tag-jan-platte","tag-jogi-hebel","tag-jonas-friedrich","tag-joerg-steiger","tag-julian-engelhard","tag-juergen-schmitz","tag-klaus-veltman","tag-laura-papendick","tag-magenta-sport","tag-marcel-meinert","tag-marco-hagemann","tag-marcus-radefeld","tag-martin-piller","tag-max-gross","tag-max-nicu","tag-michael-augustin","tag-michael-born","tag-oliver-seidler","tag-philip-konrad","tag-sebastian-hellmann","tag-sky","tag-sportdigital-fussball","tag-stefan-galler","tag-stefan-hempel","tag-tobi-wahnschaffe","tag-uli-hebel"],"_links":{"self":[{"href":"https:\/\/kommentatorenblog.de\/index.php?rest_route=\/wp\/v2\/posts\/12267","targetHints":{"allow":["GET"]}}],"collection":[{"href":"https:\/\/kommentatorenblog.de\/index.php?rest_route=\/wp\/v2\/posts"}],"about":[{"href":"https:\/\/kommentatorenblog.de\/index.php?rest_route=\/wp\/v2\/types\/post"}],"author":[{"embeddable":true,"href":"https:\/\/kommentatorenblog.de\/index.php?rest_route=\/wp\/v2\/users\/15"}],"replies":[{"embeddable":true,"href":"https:\/\/kommentatorenblog.de\/index.php?rest_route=%2Fwp%2Fv2%2Fcomments&post=12267"}],"version-history":[{"count":28,"href":"https:\/\/kommentatorenblog.de\/index.php?rest_route=\/wp\/v2\/posts\/12267\/revisions"}],"predecessor-version":[{"id":12316,"href":"https:\/\/kommentatorenblog.de\/index.php?rest_route=\/wp\/v2\/posts\/12267\/revisions\/12316"}],"wp:attachment":[{"href":"https:\/\/kommentatorenblog.de\/index.php?rest_route=%2Fwp%2Fv2%2Fmedia&parent=12267"}],"wp:term":[{"taxonomy":"category","embeddable":true,"href":"https:\/\/kommentatorenblog.de\/index.php?rest_route=%2Fwp%2Fv2%2Fcategories&post=12267"},{"taxonomy":"post_tag","embeddable":true,"href":"https:\/\/kommentatorenblog.de\/index.php?rest_route=%2Fwp%2Fv2%2Ftags&post=12267"}],"curies":[{"name":"wp","href":"https:\/\/api.w.org\/{rel}","templated":true}]}}