{"id":12304,"date":"2022-03-17T21:58:50","date_gmt":"2022-03-17T19:58:50","guid":{"rendered":"https:\/\/kommentatorenblog.de\/?p=12304"},"modified":"2022-07-18T22:23:40","modified_gmt":"2022-07-18T20:23:40","slug":"1242-derbys-rund-um-den-globus","status":"publish","type":"post","link":"https:\/\/kommentatorenblog.de\/?p=12304","title":{"rendered":"1242 &#8211; Derbys rund um den Globus"},"content":{"rendered":"\n<p>N&#8217;Abend allerseits,<\/p>\n\n\n\n<p>wie es der Titel schon verspricht, stehen am Wochenende einige namhafte Duelle an: Der Cl\u00e1sico, der Supercl\u00e1sico, der Cl\u00e1sico de Avellaneda, das Wiener Derby, der Klassieker, das D\u00e9rby da Invicta, das Derby du Sud-Est und das Derby della Capitale. Das nur vorneweg als kleiner Teaser auf das, was wir in der <a href=\"#analyse\" data-type=\"internal\" data-id=\"#analyse\">Analyse<\/a> genauer besprechen. Wegen der F\u00fclle an Spielen haben wir unter der Analyse noch einen <a href=\"#sendeplan\" data-type=\"internal\" data-id=\"#sendeplan\">Sonder-Programmplan<\/a>.<\/p>\n\n\n\n<p>Seht es mir auch nach, dass ich im Vorwort auch nicht auf die durchaus spannende Champions League-Woche und die morgige Auslosung (12 Uhr, DAZN mit Lukas Sch\u00f6nm\u00fcller, Prime Video mit Jonas Friedrich, ZDF-Livestream mit Claudia Neumann und Sky Sport News mit Kai Dittmann), die ja ohne italienische und franz\u00f6sische Teams sowie erneut ohne Messi und Ronaldo auskommen muss, eingehe.<\/p>\n\n\n\n<hr class=\"wp-block-separator\"\/>\n\n\n\n<p>Denn hier im Vorwort m\u00f6chte ich zun\u00e4chst noch zur Formel 1 kommen, die &#8211; ebenfalls an diesem Wochenende &#8211; in Bahrain in eine neue Saison startet. Weitreichendste Ver\u00e4nderung sind in dabei im Vergleich zum letzten Jahr die Autos. Das neue Reglement, das insbesondere Front- und Heckfl\u00fcgel, Unterboden, Seitenk\u00e4sten und R\u00e4der betrifft, soll (noch) mehr Spannung bringen, weil dadurch das \u00dcberholen erleichtert wird. Diese \u00c4nderungen wecken somit auch die Hoffnungen, dass sie das bisherige Mercedes-und-Red-Bull-dominierte Klassement der vergangenen Jahre durchbrechen k\u00f6nnen. So hinterlie\u00df insbesondere Ferrari bei Expert:innen nach den Testfahrten einen guten Eindruck, w\u00e4hrend Lewis Hamilton wegen seines neuen Dienstwagens leicht Alarm schlug (auch wenn das taktisch bedingt sein k\u00f6nnte). Einen gro\u00dfen Sprung soll auch das bisher recht abgeschlagene Haas-Team gemacht haben.<\/p>\n\n\n\n<p>Auch im Grid \u00e4ndert sich etwas: George Russel wechselte zum amtierenden Konstrukteursweltmeister Mercedes und soll nun Lewis Hamilton bei seiner Jagd nach dem 8. WM-Titel besser unterst\u00fctzen, als dies zuvor Valtteri Bottas gelungen war. Der Finne geht nun stattdessen f\u00fcr Alfa Romeo an den Start, wo er seinen pensionierten Landsmann R\u00e4ikk\u00f6nen ersetzt. An seiner Seite hat er dann den Formel 1-Neuling Guanyu Zhou, weil auch der zweite bisherige Alfa Romeo-Pilot Giovinazzi nicht mehr dabei ist. Ebenfalls die Formel 1 verlassen musste &#8211; aus bekannten Gr\u00fcnden &#8211; Nikita Mazepin. Kevin Magnussen wird stattdessen Mick Schumachers Teamkollege bei Haas. Russels offener Platz bei Williams wird mit Alex Albon besetzt; Nicolas Latifi bleibt.<br>Die restlichen Teams bleiben unver\u00e4ndert. Weltmeister Max Verstappen geht mit seinem Wingman Sergio P\u00e9rez auf Mission &#8218;Titelverteidigung&#8216; im RB18. Unver\u00e4ndert auch das Red Bull-&#8222;Juniorteam&#8220; AlphaTauri mit Pierre Gasly und Yuki Tsunoda. Carlos Sainz und Charles Leclerc sowie Lando Norris und Daniel Riccardo fahren weiterhin f\u00fcr die beiden Traditionsteams Ferrari und McLaren. Altmeister Fernando Alonso und Esteban Ocon bleiben dem zum Renault-Konzern geh\u00f6renden Alpine F1 Team erhalten. Der viermalige Champion Sebastian Vettel (am Sonntag krankheitsbedingt ersetzt durch Nico H\u00fclkenberg) und Lance Stroll wollen Punkte f\u00fcr Aston Martin einfahren.<\/p>\n\n\n\n<p>An den TV-\u00dcbertragung \u00e4ndert sich in der K\u00f6nigsklasse des Motorsports wenig: Sky \u00fcbertr\u00e4gt weiterhin die komplette Saison \u00fcber alle Rennwochenenden &#8211; die freien Trainings, das Qualifying und den Rennen selbst &#8211; weitestgehend exklusiv auf Sky Sport F1. Dem langj\u00e4hrigen FreeTV-Host RTL bleiben auch in dieser Saison vier Rennen, die neben Sky dann ebenfalls beim K\u00f6lner Privatsender laufen werden. Die Wahl fiel dabei auf Imola (24. April), Silverstone (3. Juli), Zandvoort (4. September) und Interlagos (13. November).<\/p>\n\n\n\n<p>Auch das Formel 1-TV-Personal bleibt unver\u00e4ndert:<\/p>\n\n\n\n<p><em><strong>Sky:<\/strong><\/em><br><img loading=\"lazy\" decoding=\"async\" width=\"10\" height=\"21\" class=\"wp-image-3656\" style=\"width: 10px;\" src=\"http:\/\/kommentatorenblog.de\/wp-content\/uploads\/2020\/09\/shure-55sh-ii-e1601485394796.jpg\" alt=\"\" srcset=\"https:\/\/kommentatorenblog.de\/wp-content\/uploads\/2020\/09\/shure-55sh-ii-e1601485394796.jpg 415w, https:\/\/kommentatorenblog.de\/wp-content\/uploads\/2020\/09\/shure-55sh-ii-e1601485394796-142x300.jpg 142w\" sizes=\"auto, (max-width: 10px) 100vw, 10px\" \/> Sascha Roos<br>Experten: Ralf Schumacher und Timo Glock (im Wechsel)<br>Analyst: Leo Lackner<br>Moderation: Peter Hardenacke, Reporterin: Sandra Baumgartner<\/p>\n\n\n\n<p><em><strong>RTL:<\/strong><\/em><br><img loading=\"lazy\" decoding=\"async\" width=\"10\" height=\"21\" class=\"wp-image-3656\" style=\"width: 10px;\" src=\"http:\/\/kommentatorenblog.de\/wp-content\/uploads\/2020\/09\/shure-55sh-ii-e1601485394796.jpg\" alt=\"\" srcset=\"https:\/\/kommentatorenblog.de\/wp-content\/uploads\/2020\/09\/shure-55sh-ii-e1601485394796.jpg 415w, https:\/\/kommentatorenblog.de\/wp-content\/uploads\/2020\/09\/shure-55sh-ii-e1601485394796-142x300.jpg 142w\" sizes=\"auto, (max-width: 10px) 100vw, 10px\" \/> Heiko Wa\u00dfer und Christian Danner<br>Moderation: Florian K\u00f6nig (beim GP Niederlande: Laura Papendick), Reporter: Kai Ebel<\/p>\n\n\n\n<hr class=\"wp-block-separator\"\/>\n\n\n\n<p>Nun zur\u00fcck von der Strecke ins Stadion (bzw. in die Kommentatoren-Box), womit wir zu Kommentatoren-Ansetzungen der deutschen TV-Sender in den <a href=\"#national\" data-type=\"internal\" data-id=\"#national\">nationalen<\/a>, <a href=\"#kontinental\" data-type=\"internal\" data-id=\"#kontinental\">kontinentalen<\/a> sowie <a href=\"#global\">globalen<\/a> Fu\u00dfball-Wettbewerben kommen.<\/p>\n\n\n\n<hr class=\"wp-block-separator\"\/>\n\n\n\n<p><\/p>\n\n\n\n<p id=\"national\"><strong>Die nationalen Ansetzungen vom 18. M\u00e4rz bis zum 21. M\u00e4rz 2022<\/strong><\/p>\n\n\n\n<hr class=\"wp-block-separator\"\/>\n\n\n\n<p class=\"has-vivid-red-color has-text-color\"><strong>Bundesliga, 27. Spieltag (Sky\/DAZN)<\/strong><\/p>\n\n\n\n<p><span style=\"text-decoration: underline;\">Freitag, 18. M\u00e4rz 2022, ab 19.30 Uhr (DAZN)<\/span><\/p>\n\n\n\n<p><em><strong>VfL Bochum 1848 <strong><em><span><b style=\"font-style: italic;\">\u2013<\/b><\/span><\/em><\/strong><\/strong><\/em> <em><strong>Borussia M\u00f6nchengladbach (20.30 Uhr)<\/strong><\/em><br><img loading=\"lazy\" decoding=\"async\" width=\"10\" height=\"21\" class=\"wp-image-3656\" style=\"width: 10px;\" src=\"http:\/\/kommentatorenblog.de\/wp-content\/uploads\/2020\/09\/shure-55sh-ii-e1601485394796.jpg\" alt=\"\" srcset=\"https:\/\/kommentatorenblog.de\/wp-content\/uploads\/2020\/09\/shure-55sh-ii-e1601485394796.jpg 415w, https:\/\/kommentatorenblog.de\/wp-content\/uploads\/2020\/09\/shure-55sh-ii-e1601485394796-142x300.jpg 142w\" sizes=\"auto, (max-width: 10px) 100vw, 10px\" \/> Michael Born, Experte: Sascha Bigalke<br>Moderation: Tobi Wahnschaffe, Field-Reporter: Mario Rieker<\/p>\n\n\n\n<p><span style=\"text-decoration: underline;\">Samstag, 19. M\u00e4rz 2022, <\/span><span style=\"text-decoration: underline;\">ab 14.00 Uhr (Sky)<\/span><\/p>\n\n\n\n<p><em><strong>Hertha BSC <strong><em><span><b style=\"font-style: italic;\">\u2013<\/b><\/span><\/em><\/strong> TSG Hoffenheim (15.30 Uhr)<\/strong><\/em><br><img loading=\"lazy\" decoding=\"async\" width=\"10\" height=\"21\" class=\"wp-image-3656\" style=\"width: 10px;\" src=\"http:\/\/kommentatorenblog.de\/wp-content\/uploads\/2020\/09\/shure-55sh-ii-e1601485394796.jpg\" alt=\"\" srcset=\"https:\/\/kommentatorenblog.de\/wp-content\/uploads\/2020\/09\/shure-55sh-ii-e1601485394796.jpg 415w, https:\/\/kommentatorenblog.de\/wp-content\/uploads\/2020\/09\/shure-55sh-ii-e1601485394796-142x300.jpg 142w\" sizes=\"auto, (max-width: 10px) 100vw, 10px\" \/> Torsten Kunde (Einzelspiel), Frank Buschmann (Konferenz)<br>Field-Reporter: Sven T\u00f6llner<\/p>\n\n\n\n<p><em><strong>VfB Stuttgart <strong><em><span><b style=\"font-style: italic;\">\u2013<\/b><\/span><\/em><\/strong> FC Augsburg (15.30 Uhr)<\/strong><\/em><br><img loading=\"lazy\" decoding=\"async\" width=\"10\" height=\"21\" class=\"wp-image-3656\" style=\"width: 10px;\" src=\"http:\/\/kommentatorenblog.de\/wp-content\/uploads\/2020\/09\/shure-55sh-ii-e1601485394796.jpg\" alt=\"\" srcset=\"https:\/\/kommentatorenblog.de\/wp-content\/uploads\/2020\/09\/shure-55sh-ii-e1601485394796.jpg 415w, https:\/\/kommentatorenblog.de\/wp-content\/uploads\/2020\/09\/shure-55sh-ii-e1601485394796-142x300.jpg 142w\" sizes=\"auto, (max-width: 10px) 100vw, 10px\" \/> Kai Dittmann (Einzelspiel), Jonas Friedrich (Konferenz)<br>Field-Reporter: Riccardo Basile<\/p>\n\n\n\n<p><strong style=\"font-style: italic;\">1. <\/strong><span><strong><em>FSV Mainz 05<\/em><\/strong><\/span><em><strong> <strong><em><span><b style=\"font-style: italic;\">\u2013<\/b><\/span><\/em><\/strong> Arminia Bielefeld (15.30 Uhr)<\/strong><\/em><br><img loading=\"lazy\" decoding=\"async\" width=\"10\" height=\"21\" class=\"wp-image-3656\" style=\"width: 10px;\" src=\"http:\/\/kommentatorenblog.de\/wp-content\/uploads\/2020\/09\/shure-55sh-ii-e1601485394796.jpg\" alt=\"\" srcset=\"https:\/\/kommentatorenblog.de\/wp-content\/uploads\/2020\/09\/shure-55sh-ii-e1601485394796.jpg 415w, https:\/\/kommentatorenblog.de\/wp-content\/uploads\/2020\/09\/shure-55sh-ii-e1601485394796-142x300.jpg 142w\" sizes=\"auto, (max-width: 10px) 100vw, 10px\" \/> Klaus Veltmann (Einzelspiel), Florian Schmidt-Sommerfeld (Konferenz)<br>Field-Reporter: Ulli Potofski<\/p>\n\n\n\n<p><strong style=\"font-style: italic;\">SpVgg Greuther F\u00fcrth<\/strong><em><strong> <strong><em><span><b style=\"font-style: italic;\">\u2013<\/b><\/span><\/em><\/strong> SC Freiburg (15.30 Uhr)<\/strong><\/em><br><img loading=\"lazy\" decoding=\"async\" width=\"10\" height=\"21\" class=\"wp-image-3656\" style=\"width: 10px;\" src=\"http:\/\/kommentatorenblog.de\/wp-content\/uploads\/2020\/09\/shure-55sh-ii-e1601485394796.jpg\" alt=\"\" srcset=\"https:\/\/kommentatorenblog.de\/wp-content\/uploads\/2020\/09\/shure-55sh-ii-e1601485394796.jpg 415w, https:\/\/kommentatorenblog.de\/wp-content\/uploads\/2020\/09\/shure-55sh-ii-e1601485394796-142x300.jpg 142w\" sizes=\"auto, (max-width: 10px) 100vw, 10px\" \/> Martin Gro\u00df (Einzelspiel), Marcel Meinert (Konferenz)<br>Field-Reporter: Britta Hofmann<\/p>\n\n\n\n<p>Moderation: Michael Leopold, Experte: Dietmar Hamann<\/p>\n\n\n\n<p><span style=\"text-decoration: underline;\">ab 17.30 Uhr (Sky)<\/span><\/p>\n\n\n\n<p><em><strong>FC Bayern M\u00fcnchen <strong><em><span><b style=\"font-style: italic;\">\u2013<\/b><\/span><\/em><\/strong> 1. FC Union Berlin (18.30 Uhr)<\/strong><\/em><br><img loading=\"lazy\" decoding=\"async\" width=\"10\" height=\"21\" class=\"wp-image-3656\" style=\"width: 10px;\" src=\"http:\/\/kommentatorenblog.de\/wp-content\/uploads\/2020\/09\/shure-55sh-ii-e1601485394796.jpg\" alt=\"\" srcset=\"https:\/\/kommentatorenblog.de\/wp-content\/uploads\/2020\/09\/shure-55sh-ii-e1601485394796.jpg 415w, https:\/\/kommentatorenblog.de\/wp-content\/uploads\/2020\/09\/shure-55sh-ii-e1601485394796-142x300.jpg 142w\" sizes=\"auto, (max-width: 10px) 100vw, 10px\" \/> Wolff Fuss<br>Field-Reporter: Patrick Wasserziehr<br>Moderation: Sebastian Hellmann, Experte: Lothar Matth\u00e4us<\/p>\n\n\n\n<p><span style=\"text-decoration: underline;\">Sonntag, 20. M\u00e4rz 2022, <\/span><span style=\"text-decoration: underline;\">ab 15.00 Uhr (DAZN)<\/span><\/p>\n\n\n\n<p><em><strong>RB Leipzig <strong><em><span><b style=\"font-style: italic;\">\u2013<\/b><\/span><\/em><\/strong> Eintracht Frankfurt (15.30 Uhr)<\/strong><\/em><br><img loading=\"lazy\" decoding=\"async\" width=\"10\" height=\"21\" class=\"wp-image-3656\" style=\"width: 10px;\" src=\"http:\/\/kommentatorenblog.de\/wp-content\/uploads\/2020\/09\/shure-55sh-ii-e1601485394796.jpg\" alt=\"\" srcset=\"https:\/\/kommentatorenblog.de\/wp-content\/uploads\/2020\/09\/shure-55sh-ii-e1601485394796.jpg 415w, https:\/\/kommentatorenblog.de\/wp-content\/uploads\/2020\/09\/shure-55sh-ii-e1601485394796-142x300.jpg 142w\" sizes=\"auto, (max-width: 10px) 100vw, 10px\" \/> <s>Freddy Harder<\/s> Nico Seepe, Experte: Sebastian Knei\u00dfl<br>Moderation: <s>Lukas Sch\u00f6nm\u00fcller<\/s> Freddy Harder, Field-Reporterin: Miriam Sinno<\/p>\n\n\n\n<p><span style=\"text-decoration: underline;\">ab 17.00 Uhr (DAZN)<\/span><\/p>\n\n\n\n<p><em><strong>VfL Wolfsburg <strong><em><span><b style=\"font-style: italic;\">\u2013<\/b><\/span><\/em><\/strong> Bayer 04 Leverkusen (17.30 Uhr)<\/strong><\/em><br><img loading=\"lazy\" decoding=\"async\" width=\"10\" height=\"21\" class=\"wp-image-3656\" style=\"width: 10px;\" src=\"http:\/\/kommentatorenblog.de\/wp-content\/uploads\/2020\/09\/shure-55sh-ii-e1601485394796.jpg\" alt=\"\" srcset=\"https:\/\/kommentatorenblog.de\/wp-content\/uploads\/2020\/09\/shure-55sh-ii-e1601485394796.jpg 415w, https:\/\/kommentatorenblog.de\/wp-content\/uploads\/2020\/09\/shure-55sh-ii-e1601485394796-142x300.jpg 142w\" sizes=\"auto, (max-width: 10px) 100vw, 10px\" \/> Uli Hebel, Experte: Benny Lauth<br>Moderation: Christina Rann, Field-Reporterin: Ann-Sophie Kimmel<\/p>\n\n\n\n<p><span style=\"text-decoration: underline;\">ab 18.30 Uhr (DAZN)<\/span><\/p>\n\n\n\n<p><em><strong>1. FC K\u00f6ln<\/strong><\/em><em><strong> <strong><em><span><b style=\"font-style: italic;\">\u2013<\/b><\/span><\/em><\/strong> Borussia Dortmund (19.30 Uhr)<\/strong><\/em><br><img loading=\"lazy\" decoding=\"async\" width=\"10\" height=\"21\" class=\"wp-image-3656\" style=\"width: 10px;\" src=\"http:\/\/kommentatorenblog.de\/wp-content\/uploads\/2020\/09\/shure-55sh-ii-e1601485394796.jpg\" alt=\"\" srcset=\"https:\/\/kommentatorenblog.de\/wp-content\/uploads\/2020\/09\/shure-55sh-ii-e1601485394796.jpg 415w, https:\/\/kommentatorenblog.de\/wp-content\/uploads\/2020\/09\/shure-55sh-ii-e1601485394796-142x300.jpg 142w\" sizes=\"auto, (max-width: 10px) 100vw, 10px\" \/> Marco Hagemann, Experte: Ralph Gunesch<br>Moderator: Alex Schl\u00fcter, Field-Reporter: Daniel Herzog<\/p>\n\n\n\n<hr class=\"wp-block-separator\"\/>\n\n\n\n<p class=\"has-vivid-red-color has-text-color\"><strong>2. Bundesliga, 27. Spieltag (Sky, Sport1)<\/strong><\/p>\n\n\n\n<p><span style=\"text-decoration: underline;\">Freitag, 18. M\u00e4rz 2022, <\/span><span style=\"text-decoration: underline;\">ab 18.00 Uhr (Sky)<\/span><\/p>\n\n\n\n<p><em><strong>Konferenz (18.30 Uhr)<\/strong><\/em><br><img loading=\"lazy\" decoding=\"async\" width=\"10\" height=\"21\" class=\"wp-image-3656\" style=\"width: 10px;\" src=\"http:\/\/kommentatorenblog.de\/wp-content\/uploads\/2020\/09\/shure-55sh-ii-e1601485394796.jpg\" alt=\"\" srcset=\"https:\/\/kommentatorenblog.de\/wp-content\/uploads\/2020\/09\/shure-55sh-ii-e1601485394796.jpg 415w, https:\/\/kommentatorenblog.de\/wp-content\/uploads\/2020\/09\/shure-55sh-ii-e1601485394796-142x300.jpg 142w\" sizes=\"auto, (max-width: 10px) 100vw, 10px\" \/> Hannes Herrmann (Fokus auf STP-HDH)<\/p>\n\n\n\n<p><em><strong>FC St. Pauli <strong><em><span><b style=\"font-style: italic;\">\u2013<\/b><\/span><\/em><\/strong> 1. FC Heidenheim 1846 (18.30 Uhr)<\/strong><\/em><br><img loading=\"lazy\" decoding=\"async\" width=\"10\" height=\"21\" class=\"wp-image-3656\" style=\"width: 10px;\" src=\"http:\/\/kommentatorenblog.de\/wp-content\/uploads\/2020\/09\/shure-55sh-ii-e1601485394796.jpg\" alt=\"\" srcset=\"https:\/\/kommentatorenblog.de\/wp-content\/uploads\/2020\/09\/shure-55sh-ii-e1601485394796.jpg 415w, https:\/\/kommentatorenblog.de\/wp-content\/uploads\/2020\/09\/shure-55sh-ii-e1601485394796-142x300.jpg 142w\" sizes=\"auto, (max-width: 10px) 100vw, 10px\" \/> Martin Gro\u00df, Field-Reporter: Marcus J\u00fcrgensen<\/p>\n\n\n\n<p><em><strong>FC Erzgebirge Aue <strong><em><span><b style=\"font-style: italic;\">\u2013<\/b><\/span><\/em><\/strong> Karlsruher SC (18.30 Uhr)<\/strong><\/em><br><img loading=\"lazy\" decoding=\"async\" width=\"10\" height=\"21\" class=\"wp-image-3656\" style=\"width: 10px;\" src=\"http:\/\/kommentatorenblog.de\/wp-content\/uploads\/2020\/09\/shure-55sh-ii-e1601485394796.jpg\" alt=\"\" srcset=\"https:\/\/kommentatorenblog.de\/wp-content\/uploads\/2020\/09\/shure-55sh-ii-e1601485394796.jpg 415w, https:\/\/kommentatorenblog.de\/wp-content\/uploads\/2020\/09\/shure-55sh-ii-e1601485394796-142x300.jpg 142w\" sizes=\"auto, (max-width: 10px) 100vw, 10px\" \/> J\u00fcrgen Schmitz, Interviews: Schalte<\/p>\n\n\n\n<p>Moderation: Hartmut von Kameke<\/p>\n\n\n\n<p><span style=\"text-decoration: underline;\">Samstag, 19. M\u00e4rz 2022, <\/span><span style=\"text-decoration: underline;\">ab 13.00 Uhr (Sky)<\/span><\/p>\n\n\n\n<p><em><strong>Konferenz (13.30 Uhr)<\/strong><\/em><br><img loading=\"lazy\" decoding=\"async\" width=\"10\" height=\"21\" class=\"wp-image-3656\" style=\"width: 10px;\" src=\"http:\/\/kommentatorenblog.de\/wp-content\/uploads\/2020\/09\/shure-55sh-ii-e1601485394796.jpg\" alt=\"\" srcset=\"https:\/\/kommentatorenblog.de\/wp-content\/uploads\/2020\/09\/shure-55sh-ii-e1601485394796.jpg 415w, https:\/\/kommentatorenblog.de\/wp-content\/uploads\/2020\/09\/shure-55sh-ii-e1601485394796-142x300.jpg 142w\" sizes=\"auto, (max-width: 10px) 100vw, 10px\" \/> Oliver Seidler (Fokus auf F95-HSV)<\/p>\n\n\n\n<p><em><strong>FC Schalke 04 <strong><em><span><b style=\"font-style: italic;\">\u2013<\/b><\/span><\/em><\/strong> Hannover 96 (13.30 Uhr)<\/strong><\/em><br><img loading=\"lazy\" decoding=\"async\" width=\"10\" height=\"21\" class=\"wp-image-3656\" style=\"width: 10px;\" src=\"http:\/\/kommentatorenblog.de\/wp-content\/uploads\/2020\/09\/shure-55sh-ii-e1601485394796.jpg\" alt=\"\" srcset=\"https:\/\/kommentatorenblog.de\/wp-content\/uploads\/2020\/09\/shure-55sh-ii-e1601485394796.jpg 415w, https:\/\/kommentatorenblog.de\/wp-content\/uploads\/2020\/09\/shure-55sh-ii-e1601485394796-142x300.jpg 142w\" sizes=\"auto, (max-width: 10px) 100vw, 10px\" \/> J\u00fcrgen Schmitz, Field-Reporter: Dirk gro\u00dfe Schlarmann<\/p>\n\n\n\n<p><em><strong>Fortuna D\u00fcsseldorf <strong><em><span><b style=\"font-style: italic;\">\u2013<\/b><\/span><\/em><\/strong> Hamburger SV (13.30 Uhr)<\/strong><\/em><br><img loading=\"lazy\" decoding=\"async\" width=\"10\" height=\"21\" class=\"wp-image-3656\" style=\"width: 10px;\" src=\"http:\/\/kommentatorenblog.de\/wp-content\/uploads\/2020\/09\/shure-55sh-ii-e1601485394796.jpg\" alt=\"\" srcset=\"https:\/\/kommentatorenblog.de\/wp-content\/uploads\/2020\/09\/shure-55sh-ii-e1601485394796.jpg 415w, https:\/\/kommentatorenblog.de\/wp-content\/uploads\/2020\/09\/shure-55sh-ii-e1601485394796-142x300.jpg 142w\" sizes=\"auto, (max-width: 10px) 100vw, 10px\" \/> Hansi K\u00fcpper, Field-Reporter: Jesco von Eichmann<\/p>\n\n\n\n<p><em><strong>SV Sandhausen <strong><em><span><b style=\"font-style: italic;\">\u2013<\/b><\/span><\/em><\/strong> F.C. Hansa Rostock (13.30 Uhr)<\/strong><\/em><br><img loading=\"lazy\" decoding=\"async\" width=\"10\" height=\"21\" class=\"wp-image-3656\" style=\"width: 10px;\" src=\"http:\/\/kommentatorenblog.de\/wp-content\/uploads\/2020\/09\/shure-55sh-ii-e1601485394796.jpg\" alt=\"\" srcset=\"https:\/\/kommentatorenblog.de\/wp-content\/uploads\/2020\/09\/shure-55sh-ii-e1601485394796.jpg 415w, https:\/\/kommentatorenblog.de\/wp-content\/uploads\/2020\/09\/shure-55sh-ii-e1601485394796-142x300.jpg 142w\" sizes=\"auto, (max-width: 10px) 100vw, 10px\" \/> Michael Sch\u00fcler<\/p>\n\n\n\n<p>Moderation: Katharina Kleinfeldt<\/p>\n\n\n\n<p><span style=\"text-decoration: underline;\">ab 19.30 Uhr (Sport1) \/ ab 20.00 Uhr (Sky)<\/span><\/p>\n\n\n\n<p><span><strong style=\"font-style: italic;\">SV Werder Bremen<em><strong> <strong><em><span><b style=\"font-style: italic;\">\u2013<\/b><\/span><\/em><\/strong> <\/strong><\/em>SV Darmstadt 98 (20.30 Uhr)<\/strong><\/span><\/p>\n\n\n\n<p><img loading=\"lazy\" decoding=\"async\" width=\"10\" height=\"21\" class=\"wp-image-3656\" style=\"width: 10px;\" src=\"http:\/\/kommentatorenblog.de\/wp-content\/uploads\/2020\/09\/shure-55sh-ii-e1601485394796.jpg\" alt=\"\" srcset=\"https:\/\/kommentatorenblog.de\/wp-content\/uploads\/2020\/09\/shure-55sh-ii-e1601485394796.jpg 415w, https:\/\/kommentatorenblog.de\/wp-content\/uploads\/2020\/09\/shure-55sh-ii-e1601485394796-142x300.jpg 142w\" sizes=\"auto, (max-width: 10px) 100vw, 10px\" \/> Sky: Stefan Hempel, Experte: Torsten Mattuschka<\/p>\n\n\n\n<p><img loading=\"lazy\" decoding=\"async\" width=\"10\" height=\"21\" class=\"wp-image-3656\" style=\"width: 10px;\" src=\"http:\/\/kommentatorenblog.de\/wp-content\/uploads\/2020\/09\/shure-55sh-ii-e1601485394796.jpg\" alt=\"\" srcset=\"https:\/\/kommentatorenblog.de\/wp-content\/uploads\/2020\/09\/shure-55sh-ii-e1601485394796.jpg 415w, https:\/\/kommentatorenblog.de\/wp-content\/uploads\/2020\/09\/shure-55sh-ii-e1601485394796-142x300.jpg 142w\" sizes=\"auto, (max-width: 10px) 100vw, 10px\" \/> Sport1: Markus H\u00f6hner, Experte: Martin Harnik<br>Moderation: Ruth Hofmann, Field-Reporter: Hartwig Th\u00f6ne<\/p>\n\n\n\n<p><span style=\"text-decoration: underline;\">Sonntag, 20. M\u00e4rz 2022, <\/span><span style=\"text-decoration: underline;\">ab 13.00 Uhr (Sky)<\/span><\/p>\n\n\n\n<p><em><strong>Konferenz (13.30 Uhr)<\/strong><\/em><br><img loading=\"lazy\" decoding=\"async\" width=\"10\" height=\"21\" class=\"wp-image-3656\" style=\"width: 10px;\" src=\"http:\/\/kommentatorenblog.de\/wp-content\/uploads\/2020\/09\/shure-55sh-ii-e1601485394796.jpg\" alt=\"\" srcset=\"https:\/\/kommentatorenblog.de\/wp-content\/uploads\/2020\/09\/shure-55sh-ii-e1601485394796.jpg 415w, https:\/\/kommentatorenblog.de\/wp-content\/uploads\/2020\/09\/shure-55sh-ii-e1601485394796-142x300.jpg 142w\" sizes=\"auto, (max-width: 10px) 100vw, 10px\" \/> Roland Evers (Fokus auf FCN-SGD)<\/p>\n\n\n\n<p><em><strong>1. FC N\u00fcrnberg <strong><em><span><b style=\"font-style: italic;\">\u2013<\/b><\/span><\/em><\/strong> SG Dynamo Dresden (13.30 Uhr)<\/strong><\/em><br><img loading=\"lazy\" decoding=\"async\" width=\"10\" height=\"21\" class=\"wp-image-3656\" style=\"width: 10px;\" src=\"http:\/\/kommentatorenblog.de\/wp-content\/uploads\/2020\/09\/shure-55sh-ii-e1601485394796.jpg\" alt=\"\" srcset=\"https:\/\/kommentatorenblog.de\/wp-content\/uploads\/2020\/09\/shure-55sh-ii-e1601485394796.jpg 415w, https:\/\/kommentatorenblog.de\/wp-content\/uploads\/2020\/09\/shure-55sh-ii-e1601485394796-142x300.jpg 142w\" sizes=\"auto, (max-width: 10px) 100vw, 10px\" \/> <s>Joachim Hebel<\/s> Markus G\u00f6tz, Field-Reporter: Torben Hoffmann, Florian Plettenberg<\/p>\n\n\n\n<p><em><strong>SSV Jahn Regensburg <strong><em><span><b style=\"font-style: italic;\">\u2013<\/b><\/span><\/em><\/strong> SC Paderborn 07 (13.30 Uhr)<\/strong><\/em><br><img loading=\"lazy\" decoding=\"async\" width=\"10\" height=\"21\" class=\"wp-image-3656\" style=\"width: 10px;\" src=\"http:\/\/kommentatorenblog.de\/wp-content\/uploads\/2020\/09\/shure-55sh-ii-e1601485394796.jpg\" alt=\"\" srcset=\"https:\/\/kommentatorenblog.de\/wp-content\/uploads\/2020\/09\/shure-55sh-ii-e1601485394796.jpg 415w, https:\/\/kommentatorenblog.de\/wp-content\/uploads\/2020\/09\/shure-55sh-ii-e1601485394796-142x300.jpg 142w\" sizes=\"auto, (max-width: 10px) 100vw, 10px\" \/> Sven Schr\u00f6ter, Interviews: Schalte<\/p>\n\n\n\n<p><em><strong>Holstein Kiel <strong><em><span><b style=\"font-style: italic;\">\u2013<\/b><\/span><\/em><\/strong> FC Ingolstadt 04 (13.30 Uhr)<\/strong><\/em><br><img loading=\"lazy\" decoding=\"async\" width=\"10\" height=\"21\" class=\"wp-image-3656\" style=\"width: 10px;\" src=\"http:\/\/kommentatorenblog.de\/wp-content\/uploads\/2020\/09\/shure-55sh-ii-e1601485394796.jpg\" alt=\"\" srcset=\"https:\/\/kommentatorenblog.de\/wp-content\/uploads\/2020\/09\/shure-55sh-ii-e1601485394796.jpg 415w, https:\/\/kommentatorenblog.de\/wp-content\/uploads\/2020\/09\/shure-55sh-ii-e1601485394796-142x300.jpg 142w\" sizes=\"auto, (max-width: 10px) 100vw, 10px\" \/> Markus Gaupp<\/p>\n\n\n\n<p>Moderation: Nele Schenker, Experte: Torsten Mattuschka<\/p>\n\n\n\n<hr class=\"wp-block-separator\"\/>\n\n\n\n<p class=\"has-vivid-red-color has-text-color\"><strong>3. Liga, 31. Spieltag (Magenta Sport, rbb Berlin, SR, WDR)<\/strong><\/p>\n\n\n\n<p><span style=\"text-decoration: underline;\">Freitag, 18. M\u00e4rz 2022, <\/span><span style=\"text-decoration: underline;\">ab 18.30 Uhr (Magenta Sport)<\/span><\/p>\n\n\n\n<p><em><strong>FC W\u00fcrzburger Kickers<em><strong> <strong><em><span><b style=\"font-style: italic;\">\u2013<\/b><\/span><\/em><\/strong> FC Viktoria K\u00f6ln (19.00 Uhr)<\/strong><\/em><\/strong><\/em><br><img loading=\"lazy\" decoding=\"async\" width=\"10\" height=\"21\" class=\"wp-image-3656\" style=\"width: 10px;\" src=\"http:\/\/kommentatorenblog.de\/wp-content\/uploads\/2020\/09\/shure-55sh-ii-e1601485394796.jpg\" alt=\"\" srcset=\"https:\/\/kommentatorenblog.de\/wp-content\/uploads\/2020\/09\/shure-55sh-ii-e1601485394796.jpg 415w, https:\/\/kommentatorenblog.de\/wp-content\/uploads\/2020\/09\/shure-55sh-ii-e1601485394796-142x300.jpg 142w\" sizes=\"auto, (max-width: 10px) 100vw, 10px\" \/> Alexander Klich<br>Moderation: Simon K\u00f6pfer, Experte: Martin Lanig<\/p>\n\n\n\n<p><span style=\"text-decoration: underline;\">Samstag, 19. M\u00e4rz 2022, <\/span><span style=\"text-decoration: underline;\">ab 13.45 Uhr (Magenta Sport)<\/span><\/p>\n\n\n\n<p><em><strong>Konferenz<em><strong> (14.00 Uhr)<\/strong><\/em><\/strong><\/em><br><img loading=\"lazy\" decoding=\"async\" width=\"10\" height=\"21\" class=\"wp-image-3656\" style=\"width: 10px;\" src=\"http:\/\/kommentatorenblog.de\/wp-content\/uploads\/2020\/09\/shure-55sh-ii-e1601485394796.jpg\" alt=\"\" srcset=\"https:\/\/kommentatorenblog.de\/wp-content\/uploads\/2020\/09\/shure-55sh-ii-e1601485394796.jpg 415w, https:\/\/kommentatorenblog.de\/wp-content\/uploads\/2020\/09\/shure-55sh-ii-e1601485394796-142x300.jpg 142w\" sizes=\"auto, (max-width: 10px) 100vw, 10px\" \/> Sascha Bandermann und Steven Rupprecht<\/p>\n\n\n\n<p><em><strong>1. FC Magdeburg<em><strong> <strong><em><span><b style=\"font-style: italic;\">\u2013<\/b><\/span><\/em><\/strong> SV Meppen (14.00 Uhr)<\/strong><\/em><\/strong><\/em><br><img loading=\"lazy\" decoding=\"async\" width=\"10\" height=\"21\" class=\"wp-image-3656\" style=\"width: 10px;\" src=\"http:\/\/kommentatorenblog.de\/wp-content\/uploads\/2020\/09\/shure-55sh-ii-e1601485394796.jpg\" alt=\"\" srcset=\"https:\/\/kommentatorenblog.de\/wp-content\/uploads\/2020\/09\/shure-55sh-ii-e1601485394796.jpg 415w, https:\/\/kommentatorenblog.de\/wp-content\/uploads\/2020\/09\/shure-55sh-ii-e1601485394796-142x300.jpg 142w\" sizes=\"auto, (max-width: 10px) 100vw, 10px\" \/> Andreas Mann<br>Moderation: Anett Sattler<\/p>\n\n\n\n<p><em><strong>SC Freiburg II<em><strong> <strong><em><span><b style=\"font-style: italic;\">\u2013<\/b><\/span><\/em><\/strong> 1. FC Kaiserslautern (14.00 Uhr)<\/strong><\/em><\/strong><\/em><br><img loading=\"lazy\" decoding=\"async\" width=\"10\" height=\"21\" class=\"wp-image-3656\" style=\"width: 10px;\" src=\"http:\/\/kommentatorenblog.de\/wp-content\/uploads\/2020\/09\/shure-55sh-ii-e1601485394796.jpg\" alt=\"\" srcset=\"https:\/\/kommentatorenblog.de\/wp-content\/uploads\/2020\/09\/shure-55sh-ii-e1601485394796.jpg 415w, https:\/\/kommentatorenblog.de\/wp-content\/uploads\/2020\/09\/shure-55sh-ii-e1601485394796-142x300.jpg 142w\" sizes=\"auto, (max-width: 10px) 100vw, 10px\" \/> Alexander Kunz<br>Moderation: Cedric Pick<\/p>\n\n\n\n<p><em><strong>SV Wehen Wiesbaden<em><strong> <strong><em><span><b style=\"font-style: italic;\">\u2013<\/b><\/span><\/em><\/strong> T\u00fcrkg\u00fcc\u00fc M\u00fcnchen (14.00 Uhr)<\/strong><\/em><\/strong><\/em><br><img loading=\"lazy\" decoding=\"async\" width=\"10\" height=\"21\" class=\"wp-image-3656\" style=\"width: 10px;\" src=\"http:\/\/kommentatorenblog.de\/wp-content\/uploads\/2020\/09\/shure-55sh-ii-e1601485394796.jpg\" alt=\"\" srcset=\"https:\/\/kommentatorenblog.de\/wp-content\/uploads\/2020\/09\/shure-55sh-ii-e1601485394796.jpg 415w, https:\/\/kommentatorenblog.de\/wp-content\/uploads\/2020\/09\/shure-55sh-ii-e1601485394796-142x300.jpg 142w\" sizes=\"auto, (max-width: 10px) 100vw, 10px\" \/> Mario Bast<br>Moderation: Konstantin Klostermann<\/p>\n\n\n\n<p><span style=\"text-decoration: underline;\">ab 13.45 Uhr (Magenta Sport), ab 14.00 Uhr (rbb Berlin)<\/span><\/p>\n\n\n\n<p><em><strong>VfL Osnabr\u00fcck<em><strong> <strong><em><span><b style=\"font-style: italic;\">\u2013<\/b><\/span><\/em><\/strong> FC Viktoria 1889 Berlin (14.00 Uhr)<\/strong><\/em><\/strong><\/em><\/p>\n\n\n\n<p><img loading=\"lazy\" decoding=\"async\" width=\"10\" height=\"21\" class=\"wp-image-3656\" style=\"width: 10px;\" src=\"http:\/\/kommentatorenblog.de\/wp-content\/uploads\/2020\/09\/shure-55sh-ii-e1601485394796.jpg\" alt=\"\" srcset=\"https:\/\/kommentatorenblog.de\/wp-content\/uploads\/2020\/09\/shure-55sh-ii-e1601485394796.jpg 415w, https:\/\/kommentatorenblog.de\/wp-content\/uploads\/2020\/09\/shure-55sh-ii-e1601485394796-142x300.jpg 142w\" sizes=\"auto, (max-width: 10px) 100vw, 10px\" \/> Magenta Sport: Michael Augustin<br>Moderation (Magenta Sport): Tobias Sch\u00e4fer<\/p>\n\n\n\n<p><img loading=\"lazy\" decoding=\"async\" width=\"10\" height=\"21\" class=\"wp-image-3656\" style=\"width: 10px;\" src=\"http:\/\/kommentatorenblog.de\/wp-content\/uploads\/2020\/09\/shure-55sh-ii-e1601485394796.jpg\" alt=\"\" srcset=\"https:\/\/kommentatorenblog.de\/wp-content\/uploads\/2020\/09\/shure-55sh-ii-e1601485394796.jpg 415w, https:\/\/kommentatorenblog.de\/wp-content\/uploads\/2020\/09\/shure-55sh-ii-e1601485394796-142x300.jpg 142w\" sizes=\"auto, (max-width: 10px) 100vw, 10px\" \/> rbb Berlin: Max Zobel<br>Moderation (rbb Berlin): Caroline Labes, Experte: Karim Benyamina<\/p>\n\n\n\n<p><span style=\"text-decoration: underline;\">ab 13.45 Uhr (Magenta Sport), ab 14.00 Uhr (SR)<\/span><\/p>\n\n\n\n<p><em><strong>1. FC Saarbr\u00fccken<em><strong> <strong><em><span><b style=\"font-style: italic;\">\u2013<\/b><\/span><\/em><\/strong> Hallescher FC (14.00 Uhr)<\/strong><\/em><\/strong><\/em><\/p>\n\n\n\n<p><img loading=\"lazy\" decoding=\"async\" width=\"10\" height=\"21\" class=\"wp-image-3656\" style=\"width: 10px;\" src=\"http:\/\/kommentatorenblog.de\/wp-content\/uploads\/2020\/09\/shure-55sh-ii-e1601485394796.jpg\" alt=\"\" srcset=\"https:\/\/kommentatorenblog.de\/wp-content\/uploads\/2020\/09\/shure-55sh-ii-e1601485394796.jpg 415w, https:\/\/kommentatorenblog.de\/wp-content\/uploads\/2020\/09\/shure-55sh-ii-e1601485394796-142x300.jpg 142w\" sizes=\"auto, (max-width: 10px) 100vw, 10px\" \/> Magenta Sport: Stefan Fuckert<br>Moderation (Magenta Sport): Christian Stra\u00dfburger<\/p>\n\n\n\n<p><img loading=\"lazy\" decoding=\"async\" width=\"10\" height=\"21\" class=\"wp-image-3656\" style=\"width: 10px;\" src=\"http:\/\/kommentatorenblog.de\/wp-content\/uploads\/2020\/09\/shure-55sh-ii-e1601485394796.jpg\" alt=\"\" srcset=\"https:\/\/kommentatorenblog.de\/wp-content\/uploads\/2020\/09\/shure-55sh-ii-e1601485394796.jpg 415w, https:\/\/kommentatorenblog.de\/wp-content\/uploads\/2020\/09\/shure-55sh-ii-e1601485394796-142x300.jpg 142w\" sizes=\"auto, (max-width: 10px) 100vw, 10px\" \/> SR: Frank Grundhever<br>Moderation (SR): Thomas Braml, Experte: Philipp Wollscheid<\/p>\n\n\n\n<p><span style=\"text-decoration: underline;\">ab 13.45 Uhr (Magenta Sport), ab 14.00 Uhr (WDR)<\/span><\/p>\n\n\n\n<p><em><strong>T<\/strong><\/em><span><strong style=\"font-style: italic;\">SV Havelse<em><strong> <strong><em><span><b style=\"font-style: italic;\">\u2013<\/b><\/span><\/em><\/strong> SC Verl (14.00 Uhr)<\/strong><\/em><\/strong><\/span><\/p>\n\n\n\n<p><img loading=\"lazy\" decoding=\"async\" width=\"10\" height=\"21\" class=\"wp-image-3656\" style=\"width: 10px;\" src=\"http:\/\/kommentatorenblog.de\/wp-content\/uploads\/2020\/09\/shure-55sh-ii-e1601485394796.jpg\" alt=\"\" srcset=\"https:\/\/kommentatorenblog.de\/wp-content\/uploads\/2020\/09\/shure-55sh-ii-e1601485394796.jpg 415w, https:\/\/kommentatorenblog.de\/wp-content\/uploads\/2020\/09\/shure-55sh-ii-e1601485394796-142x300.jpg 142w\" sizes=\"auto, (max-width: 10px) 100vw, 10px\" \/> Magenta Sport: Edgar Mielke<br>Moderation (Magenta Sport): Alexander K\u00fcpper<\/p>\n\n\n\n<p><img loading=\"lazy\" decoding=\"async\" width=\"10\" height=\"21\" class=\"wp-image-3656\" style=\"width: 10px;\" src=\"http:\/\/kommentatorenblog.de\/wp-content\/uploads\/2020\/09\/shure-55sh-ii-e1601485394796.jpg\" alt=\"\" srcset=\"https:\/\/kommentatorenblog.de\/wp-content\/uploads\/2020\/09\/shure-55sh-ii-e1601485394796.jpg 415w, https:\/\/kommentatorenblog.de\/wp-content\/uploads\/2020\/09\/shure-55sh-ii-e1601485394796-142x300.jpg 142w\" sizes=\"auto, (max-width: 10px) 100vw, 10px\" \/> WDR: Stefan H\u00e4nsel<br>Moderation (WDR): Lisa Tellers<\/p>\n\n\n\n<p><span style=\"text-decoration: underline;\">Sonntag, 20. M\u00e4rz 2022, <\/span><span style=\"text-decoration: underline;\">ab 12.45 Uhr (Magenta Sport)<\/span><\/p>\n\n\n\n<p><em><strong>MSV Duisburg<em><strong> <strong><em><span><b style=\"font-style: italic;\">\u2013<\/b><\/span><\/em><\/strong> FSV Zwickau (13.00 Uhr)<\/strong><\/em><\/strong><\/em><br><img loading=\"lazy\" decoding=\"async\" width=\"10\" height=\"21\" class=\"wp-image-3656\" style=\"width: 10px;\" src=\"http:\/\/kommentatorenblog.de\/wp-content\/uploads\/2020\/09\/shure-55sh-ii-e1601485394796.jpg\" alt=\"\" srcset=\"https:\/\/kommentatorenblog.de\/wp-content\/uploads\/2020\/09\/shure-55sh-ii-e1601485394796.jpg 415w, https:\/\/kommentatorenblog.de\/wp-content\/uploads\/2020\/09\/shure-55sh-ii-e1601485394796-142x300.jpg 142w\" sizes=\"auto, (max-width: 10px) 100vw, 10px\" \/> Julian Engelhard<br>Moderation: Kamila Benschop<\/p>\n\n\n\n<p><span style=\"text-decoration: underline;\">ab 13.45 Uhr (Magenta Sport)<\/span><\/p>\n\n\n\n<p><em><strong>SV Waldhof Mannheim<em><strong> <strong><em><span><b style=\"font-style: italic;\">\u2013<\/b><\/span><\/em><\/strong> TSV 1860 M\u00fcnchen (14.00 Uhr)<\/strong><\/em><\/strong><\/em><br><img loading=\"lazy\" decoding=\"async\" width=\"10\" height=\"21\" class=\"wp-image-3656\" style=\"width: 10px;\" src=\"http:\/\/kommentatorenblog.de\/wp-content\/uploads\/2020\/09\/shure-55sh-ii-e1601485394796.jpg\" alt=\"\" srcset=\"https:\/\/kommentatorenblog.de\/wp-content\/uploads\/2020\/09\/shure-55sh-ii-e1601485394796.jpg 415w, https:\/\/kommentatorenblog.de\/wp-content\/uploads\/2020\/09\/shure-55sh-ii-e1601485394796-142x300.jpg 142w\" sizes=\"auto, (max-width: 10px) 100vw, 10px\" \/> Christian Stra\u00dfburger<br>Moderation: Thomas Wagner, Experte: Rudi Bommer<\/p>\n\n\n\n<p><span style=\"text-decoration: underline;\">Montag, 21. M\u00e4rz 2022, <\/span><span style=\"text-decoration: underline;\">ab 18.30 Uhr (Magenta Sport)<\/span><\/p>\n\n\n\n<p><em><strong>Borussia Dortmund II<em><strong> <strong><em><span><b style=\"font-style: italic;\">\u2013<\/b><\/span><\/em><\/strong> Eintracht Braunschweig (19.00 Uhr)<\/strong><\/em><\/strong><\/em><br><img loading=\"lazy\" decoding=\"async\" width=\"10\" height=\"21\" class=\"wp-image-3656\" style=\"width: 10px;\" src=\"http:\/\/kommentatorenblog.de\/wp-content\/uploads\/2020\/09\/shure-55sh-ii-e1601485394796.jpg\" alt=\"\" srcset=\"https:\/\/kommentatorenblog.de\/wp-content\/uploads\/2020\/09\/shure-55sh-ii-e1601485394796.jpg 415w, https:\/\/kommentatorenblog.de\/wp-content\/uploads\/2020\/09\/shure-55sh-ii-e1601485394796-142x300.jpg 142w\" sizes=\"auto, (max-width: 10px) 100vw, 10px\" \/> Markus H\u00f6hner<br>Moderation: Anett Sattler, Experte: Thomas Kraus<\/p>\n\n\n\n<hr class=\"wp-block-separator\"\/>\n\n\n\n<p class=\"has-vivid-red-color has-text-color\"><strong>Regionalliga Nordost, 30. Spieltag (MDR)<\/strong><\/p>\n\n\n\n<p><span style=\"text-decoration: underline;\">Samstag, 19. M\u00e4rz 2022, <\/span><span style=\"text-decoration: underline;\">ab 14.00 Uhr<\/span><\/p>\n\n\n\n<p><em><strong>1. FC Lokomotive Leipzig<em><strong> <strong><em><span><b style=\"font-style: italic;\">\u2013<\/b><\/span><\/em><\/strong> FC Eilenburg (14.05 Uhr)<\/strong><\/em><\/strong><\/em><br><img loading=\"lazy\" decoding=\"async\" width=\"10\" height=\"21\" class=\"wp-image-3656\" style=\"width: 10px;\" src=\"http:\/\/kommentatorenblog.de\/wp-content\/uploads\/2020\/09\/shure-55sh-ii-e1601485394796.jpg\" alt=\"\" srcset=\"https:\/\/kommentatorenblog.de\/wp-content\/uploads\/2020\/09\/shure-55sh-ii-e1601485394796.jpg 415w, https:\/\/kommentatorenblog.de\/wp-content\/uploads\/2020\/09\/shure-55sh-ii-e1601485394796-142x300.jpg 142w\" sizes=\"auto, (max-width: 10px) 100vw, 10px\" \/> Eik Galley<br>Moderation: Ren\u00e9 Kindermann, Experte: Benjamin Kirsten<\/p>\n\n\n\n<hr class=\"wp-block-separator\"\/>\n\n\n\n<p class=\"has-vivid-red-color has-text-color\"><strong>Frauen-Bundesliga, 17. Spieltag (Magenta Sport, Eurosport, NDR)<\/strong><\/p>\n\n\n\n<p><span style=\"text-decoration: underline;\">Freitag, 18. M\u00e4rz 2022, <\/span><span style=\"text-decoration: underline;\">ab 19.00 Uhr (Magenta Sport), ab 19.10 Uhr (Eurosport)<\/span><\/p>\n\n\n\n<p><em><strong>FC Bayern M\u00fcnchen<em><strong> <strong><em><span><b style=\"font-style: italic;\">\u2013<\/b><\/span><\/em><\/strong> Eintracht Frankfurt (19.15 Uhr)<\/strong><\/em><\/strong><\/em><\/p>\n\n\n\n<p><img loading=\"lazy\" decoding=\"async\" width=\"10\" height=\"21\" class=\"wp-image-3656\" style=\"width: 10px;\" src=\"http:\/\/kommentatorenblog.de\/wp-content\/uploads\/2020\/09\/shure-55sh-ii-e1601485394796.jpg\" alt=\"\" srcset=\"https:\/\/kommentatorenblog.de\/wp-content\/uploads\/2020\/09\/shure-55sh-ii-e1601485394796.jpg 415w, https:\/\/kommentatorenblog.de\/wp-content\/uploads\/2020\/09\/shure-55sh-ii-e1601485394796-142x300.jpg 142w\" sizes=\"auto, (max-width: 10px) 100vw, 10px\" \/> Magenta Sport: Michael Seyberth<br>Moderation (Magenta Sport): Martin Piller<\/p>\n\n\n\n<p><img loading=\"lazy\" decoding=\"async\" width=\"10\" height=\"21\" class=\"wp-image-3656\" style=\"width: 10px;\" src=\"http:\/\/kommentatorenblog.de\/wp-content\/uploads\/2020\/09\/shure-55sh-ii-e1601485394796.jpg\" alt=\"\" srcset=\"https:\/\/kommentatorenblog.de\/wp-content\/uploads\/2020\/09\/shure-55sh-ii-e1601485394796.jpg 415w, https:\/\/kommentatorenblog.de\/wp-content\/uploads\/2020\/09\/shure-55sh-ii-e1601485394796-142x300.jpg 142w\" sizes=\"auto, (max-width: 10px) 100vw, 10px\" \/> Eurosport: Markus Theil<\/p>\n\n\n\n<p><span style=\"text-decoration: underline;\">Samstag, 19. M\u00e4rz 2022, <\/span><span style=\"text-decoration: underline;\">ab 13.45 Uhr (Magenta Sport), ab 14.00 Uhr (NDR)<\/span><\/p>\n\n\n\n<p><em><strong>VfL Wolfsburg<em><strong> <strong><em><span><b style=\"font-style: italic;\">\u2013<\/b><\/span><\/em><\/strong> TSG Hoffenheim (14.00 Uhr)<\/strong><\/em><\/strong><\/em><\/p>\n\n\n\n<p><img loading=\"lazy\" decoding=\"async\" width=\"10\" height=\"21\" class=\"wp-image-3656\" style=\"width: 10px;\" src=\"http:\/\/kommentatorenblog.de\/wp-content\/uploads\/2020\/09\/shure-55sh-ii-e1601485394796.jpg\" alt=\"\" srcset=\"https:\/\/kommentatorenblog.de\/wp-content\/uploads\/2020\/09\/shure-55sh-ii-e1601485394796.jpg 415w, https:\/\/kommentatorenblog.de\/wp-content\/uploads\/2020\/09\/shure-55sh-ii-e1601485394796-142x300.jpg 142w\" sizes=\"auto, (max-width: 10px) 100vw, 10px\" \/> Magenta Sport: Martin Piller<\/p>\n\n\n\n<p><img loading=\"lazy\" decoding=\"async\" width=\"10\" height=\"21\" class=\"wp-image-3656\" style=\"width: 10px;\" src=\"http:\/\/kommentatorenblog.de\/wp-content\/uploads\/2020\/09\/shure-55sh-ii-e1601485394796.jpg\" alt=\"\" srcset=\"https:\/\/kommentatorenblog.de\/wp-content\/uploads\/2020\/09\/shure-55sh-ii-e1601485394796.jpg 415w, https:\/\/kommentatorenblog.de\/wp-content\/uploads\/2020\/09\/shure-55sh-ii-e1601485394796-142x300.jpg 142w\" sizes=\"auto, (max-width: 10px) 100vw, 10px\" \/> NDR: Patrick Halatsch<br>Moderation: Ina Kast<\/p>\n\n\n\n<p><span style=\"text-decoration: underline;\">Sonntag, 20. M\u00e4rz 2022, <\/span><span style=\"text-decoration: underline;\">ab 12.45 Uhr (Magenta Sport)<\/span><\/p>\n\n\n\n<p><em><strong>Bayer 04 Leverkusen<em><strong> <strong><em><span><b style=\"font-style: italic;\">\u2013<\/b><\/span><\/em><\/strong> SC Freiburg (13.00 Uhr)<\/strong><\/em><\/strong><\/em><br><img loading=\"lazy\" decoding=\"async\" width=\"10\" height=\"21\" class=\"wp-image-3656\" style=\"width: 10px;\" src=\"http:\/\/kommentatorenblog.de\/wp-content\/uploads\/2020\/09\/shure-55sh-ii-e1601485394796.jpg\" alt=\"\" srcset=\"https:\/\/kommentatorenblog.de\/wp-content\/uploads\/2020\/09\/shure-55sh-ii-e1601485394796.jpg 415w, https:\/\/kommentatorenblog.de\/wp-content\/uploads\/2020\/09\/shure-55sh-ii-e1601485394796-142x300.jpg 142w\" sizes=\"auto, (max-width: 10px) 100vw, 10px\" \/> Michael Seyberth<\/p>\n\n\n\n<p><em><strong>1. FFC Turbine Potsdam<em><strong> <strong><em><span><b style=\"font-style: italic;\">\u2013<\/b><\/span><\/em><\/strong> SC Sand (13.00 Uhr)<\/strong><\/em><\/strong><\/em><br><img loading=\"lazy\" decoding=\"async\" width=\"10\" height=\"21\" class=\"wp-image-3656\" style=\"width: 10px;\" src=\"http:\/\/kommentatorenblog.de\/wp-content\/uploads\/2020\/09\/shure-55sh-ii-e1601485394796.jpg\" alt=\"\" srcset=\"https:\/\/kommentatorenblog.de\/wp-content\/uploads\/2020\/09\/shure-55sh-ii-e1601485394796.jpg 415w, https:\/\/kommentatorenblog.de\/wp-content\/uploads\/2020\/09\/shure-55sh-ii-e1601485394796-142x300.jpg 142w\" sizes=\"auto, (max-width: 10px) 100vw, 10px\" \/> Martin Piller<\/p>\n\n\n\n<p><span style=\"text-decoration: underline;\">ab 15.45 Uhr (Magenta Sport)<\/span><\/p>\n\n\n\n<p><em><strong>FC Carl Zeiss Jena<em><strong> <strong><em><span><b style=\"font-style: italic;\">\u2013<\/b><\/span><\/em><\/strong> 1. FC K\u00f6ln (16.00 Uhr)<\/strong><\/em><\/strong><\/em><br><img loading=\"lazy\" decoding=\"async\" width=\"10\" height=\"21\" class=\"wp-image-3656\" style=\"width: 10px;\" src=\"http:\/\/kommentatorenblog.de\/wp-content\/uploads\/2020\/09\/shure-55sh-ii-e1601485394796.jpg\" alt=\"\" srcset=\"https:\/\/kommentatorenblog.de\/wp-content\/uploads\/2020\/09\/shure-55sh-ii-e1601485394796.jpg 415w, https:\/\/kommentatorenblog.de\/wp-content\/uploads\/2020\/09\/shure-55sh-ii-e1601485394796-142x300.jpg 142w\" sizes=\"auto, (max-width: 10px) 100vw, 10px\" \/> Oskar Heirler<\/p>\n\n\n\n<p><em><strong>SGS Essen<em><strong> <strong><em><span><b style=\"font-style: italic;\">\u2013<\/b><\/span><\/em><\/strong> SV Werder Bremen (16.00 Uhr)<\/strong><\/em><\/strong><\/em><br><img loading=\"lazy\" decoding=\"async\" width=\"10\" height=\"21\" class=\"wp-image-3656\" style=\"width: 10px;\" src=\"http:\/\/kommentatorenblog.de\/wp-content\/uploads\/2020\/09\/shure-55sh-ii-e1601485394796.jpg\" alt=\"\" srcset=\"https:\/\/kommentatorenblog.de\/wp-content\/uploads\/2020\/09\/shure-55sh-ii-e1601485394796.jpg 415w, https:\/\/kommentatorenblog.de\/wp-content\/uploads\/2020\/09\/shure-55sh-ii-e1601485394796-142x300.jpg 142w\" sizes=\"auto, (max-width: 10px) 100vw, 10px\" \/> Simon K\u00f6pfer<\/p>\n\n\n\n<hr class=\"wp-block-separator\"\/>\n\n\n\n<div style=\"height:50px\" aria-hidden=\"true\" class=\"wp-block-spacer\"><\/div>\n\n\n\n<p id=\"kontinental\"><strong>Die Ansetzungen in den europ\u00e4ischen Ligen vom 18. M\u00e4rz bis zum 21. M\u00e4rz 2022<\/strong>. Gruppiert nach L\u00e4ndern und sortiert nach der UEFA-5-Jahreswertung:<\/p>\n\n\n\n<hr class=\"wp-block-separator\"\/>\n\n\n\n<p class=\"has-vivid-red-color has-text-color\"><strong>Premier League, 30. Spieltag (Sky)<\/strong><\/p>\n\n\n\n<p><span style=\"text-decoration: underline;\">Freitag, 18. M\u00e4rz 2022, <\/span><span style=\"text-decoration: underline;\">ab 20.50 Uhr<\/span><\/p>\n\n\n\n<p><em><strong>Wolverhampton Wanderers<em><strong> <strong><em><span><b style=\"font-style: italic;\">\u2013<\/b><\/span><\/em><\/strong> Leeds United (21.00 Uhr)<\/strong><\/em><\/strong><\/em><br><img loading=\"lazy\" decoding=\"async\" width=\"10\" height=\"21\" class=\"wp-image-3656\" style=\"width: 10px;\" src=\"http:\/\/kommentatorenblog.de\/wp-content\/uploads\/2020\/09\/shure-55sh-ii-e1601485394796.jpg\" alt=\"\" srcset=\"https:\/\/kommentatorenblog.de\/wp-content\/uploads\/2020\/09\/shure-55sh-ii-e1601485394796.jpg 415w, https:\/\/kommentatorenblog.de\/wp-content\/uploads\/2020\/09\/shure-55sh-ii-e1601485394796-142x300.jpg 142w\" sizes=\"auto, (max-width: 10px) 100vw, 10px\" \/> Sven Schr\u00f6ter<\/p>\n\n\n\n<p><span style=\"text-decoration: underline;\">Samstag, 19. M\u00e4rz 2022, <\/span><span style=\"text-decoration: underline;\">ab 13.20 Uhr<\/span><\/p>\n\n\n\n<p><em><strong>Aston Villa<em><strong> <strong><em><span><b style=\"font-style: italic;\">\u2013<\/b><\/span><\/em><\/strong> FC Arsenal (13.30 Uhr)<\/strong><\/em><\/strong><\/em><br><img loading=\"lazy\" decoding=\"async\" width=\"10\" height=\"21\" class=\"wp-image-3656\" style=\"width: 10px;\" src=\"http:\/\/kommentatorenblog.de\/wp-content\/uploads\/2020\/09\/shure-55sh-ii-e1601485394796.jpg\" alt=\"\" srcset=\"https:\/\/kommentatorenblog.de\/wp-content\/uploads\/2020\/09\/shure-55sh-ii-e1601485394796.jpg 415w, https:\/\/kommentatorenblog.de\/wp-content\/uploads\/2020\/09\/shure-55sh-ii-e1601485394796-142x300.jpg 142w\" sizes=\"auto, (max-width: 10px) 100vw, 10px\" \/> Hannes Herrmann<\/p>\n\n\n\n<p><span style=\"text-decoration: underline;\">Sonntag, 20. M\u00e4rz 2022, <\/span><span style=\"text-decoration: underline;\">ab 14.50 Uhr<\/span><\/p>\n\n\n\n<p><em><strong>Leicester City<em><strong> <strong><em><span><b style=\"font-style: italic;\">\u2013<\/b><\/span><\/em><\/strong> FC Brentford (15.00 Uhr)<\/strong><\/em><\/strong><\/em><br><img loading=\"lazy\" decoding=\"async\" width=\"10\" height=\"21\" class=\"wp-image-3656\" style=\"width: 10px;\" src=\"http:\/\/kommentatorenblog.de\/wp-content\/uploads\/2020\/09\/shure-55sh-ii-e1601485394796.jpg\" alt=\"\" srcset=\"https:\/\/kommentatorenblog.de\/wp-content\/uploads\/2020\/09\/shure-55sh-ii-e1601485394796.jpg 415w, https:\/\/kommentatorenblog.de\/wp-content\/uploads\/2020\/09\/shure-55sh-ii-e1601485394796-142x300.jpg 142w\" sizes=\"auto, (max-width: 10px) 100vw, 10px\" \/> Joachim Hebel<\/p>\n\n\n\n<p><span style=\"text-decoration: underline;\">ab 17.20 Uhr<\/span><\/p>\n\n\n\n<p><em><strong>Tottenham Hotspur<em><strong> <strong><em><span><b style=\"font-style: italic;\">\u2013<\/b><\/span><\/em><\/strong> West Ham United (17.30 Uhr)<\/strong><\/em><\/strong><\/em><br><img loading=\"lazy\" decoding=\"async\" width=\"10\" height=\"21\" class=\"wp-image-3656\" style=\"width: 10px;\" src=\"http:\/\/kommentatorenblog.de\/wp-content\/uploads\/2020\/09\/shure-55sh-ii-e1601485394796.jpg\" alt=\"\" srcset=\"https:\/\/kommentatorenblog.de\/wp-content\/uploads\/2020\/09\/shure-55sh-ii-e1601485394796.jpg 415w, https:\/\/kommentatorenblog.de\/wp-content\/uploads\/2020\/09\/shure-55sh-ii-e1601485394796-142x300.jpg 142w\" sizes=\"auto, (max-width: 10px) 100vw, 10px\" \/> Florian Schmidt-Sommerfeld<\/p>\n\n\n\n<hr class=\"wp-block-separator\"\/>\n\n\n\n<p class=\"has-vivid-red-color has-text-color\"><strong>FA Cup, Viertelfinale (DAZN)<\/strong><\/p>\n\n\n\n<p><span style=\"text-decoration: underline;\">Samstag, 19. M\u00e4rz 2022<\/span><\/p>\n\n\n\n<p><em><strong>FC Middlesbrough<em><strong> <strong><em><span><b style=\"font-style: italic;\">\u2013<\/b><\/span><\/em><\/strong> FC Chelsea (18.15 Uhr)<\/strong><\/em><\/strong><\/em><br><img loading=\"lazy\" decoding=\"async\" width=\"10\" height=\"21\" class=\"wp-image-3656\" style=\"width: 10px;\" src=\"http:\/\/kommentatorenblog.de\/wp-content\/uploads\/2020\/09\/shure-55sh-ii-e1601485394796.jpg\" alt=\"\" srcset=\"https:\/\/kommentatorenblog.de\/wp-content\/uploads\/2020\/09\/shure-55sh-ii-e1601485394796.jpg 415w, https:\/\/kommentatorenblog.de\/wp-content\/uploads\/2020\/09\/shure-55sh-ii-e1601485394796-142x300.jpg 142w\" sizes=\"auto, (max-width: 10px) 100vw, 10px\" \/> Uli Hebel, Experte: Michi Hofmann<\/p>\n\n\n\n<p><span style=\"text-decoration: underline;\">Sonntag, 20. M\u00e4rz 2022<\/span><\/p>\n\n\n\n<p><em><strong>Crystal Palace<em><strong> <strong><em><span><b style=\"font-style: italic;\">\u2013<\/b><\/span><\/em><\/strong> FC Everton (13.30 Uhr)<\/strong><\/em><\/strong><\/em><br><img loading=\"lazy\" decoding=\"async\" width=\"10\" height=\"21\" class=\"wp-image-3656\" style=\"width: 10px;\" src=\"http:\/\/kommentatorenblog.de\/wp-content\/uploads\/2020\/09\/shure-55sh-ii-e1601485394796.jpg\" alt=\"\" srcset=\"https:\/\/kommentatorenblog.de\/wp-content\/uploads\/2020\/09\/shure-55sh-ii-e1601485394796.jpg 415w, https:\/\/kommentatorenblog.de\/wp-content\/uploads\/2020\/09\/shure-55sh-ii-e1601485394796-142x300.jpg 142w\" sizes=\"auto, (max-width: 10px) 100vw, 10px\" \/> Michael Born<\/p>\n\n\n\n<p><em><strong>FC Southampton<em><strong> <strong><em><span><b style=\"font-style: italic;\">\u2013<\/b><\/span><\/em><\/strong> Manchester City (16.00 Uhr)<\/strong><\/em><\/strong><\/em><br><img loading=\"lazy\" decoding=\"async\" width=\"10\" height=\"21\" class=\"wp-image-3656\" style=\"width: 10px;\" src=\"http:\/\/kommentatorenblog.de\/wp-content\/uploads\/2020\/09\/shure-55sh-ii-e1601485394796.jpg\" alt=\"\" srcset=\"https:\/\/kommentatorenblog.de\/wp-content\/uploads\/2020\/09\/shure-55sh-ii-e1601485394796.jpg 415w, https:\/\/kommentatorenblog.de\/wp-content\/uploads\/2020\/09\/shure-55sh-ii-e1601485394796-142x300.jpg 142w\" sizes=\"auto, (max-width: 10px) 100vw, 10px\" \/> Uwe Morawe, Experte: Sascha Bigalke<\/p>\n\n\n\n<p><em><strong>Nottingham Forest<em><strong> <strong><em><span><b style=\"font-style: italic;\">\u2013<\/b><\/span><\/em><\/strong> FC Liverpool (19.00 Uhr)<\/strong><\/em><\/strong><\/em><br><img loading=\"lazy\" decoding=\"async\" width=\"10\" height=\"21\" class=\"wp-image-3656\" style=\"width: 10px;\" src=\"http:\/\/kommentatorenblog.de\/wp-content\/uploads\/2020\/09\/shure-55sh-ii-e1601485394796.jpg\" alt=\"\" srcset=\"https:\/\/kommentatorenblog.de\/wp-content\/uploads\/2020\/09\/shure-55sh-ii-e1601485394796.jpg 415w, https:\/\/kommentatorenblog.de\/wp-content\/uploads\/2020\/09\/shure-55sh-ii-e1601485394796-142x300.jpg 142w\" sizes=\"auto, (max-width: 10px) 100vw, 10px\" \/> Max Gross, Experte: Max Nicu<\/p>\n\n\n\n<hr class=\"wp-block-separator\"\/>\n\n\n\n<p class=\"has-vivid-red-color has-text-color\"><strong>EFL Championship, 39. Spieltag (Sportdigital FUSSBALL)<\/strong><\/p>\n\n\n\n<p><span style=\"text-decoration: underline;\">Samstag, 19. M\u00e4rz 2022<\/span><\/p>\n\n\n\n<p><strong><em>Derby County<\/em><\/strong><em><strong><em><strong> <strong><em><span><b style=\"font-style: italic;\">\u2013<\/b><\/span><\/em><\/strong> Coventry City (13.30 Uhr)<\/strong><\/em><\/strong><\/em><br><img loading=\"lazy\" decoding=\"async\" width=\"10\" height=\"21\" class=\"wp-image-3656\" style=\"width: 10px;\" src=\"http:\/\/kommentatorenblog.de\/wp-content\/uploads\/2020\/09\/shure-55sh-ii-e1601485394796.jpg\" alt=\"\" srcset=\"https:\/\/kommentatorenblog.de\/wp-content\/uploads\/2020\/09\/shure-55sh-ii-e1601485394796.jpg 415w, https:\/\/kommentatorenblog.de\/wp-content\/uploads\/2020\/09\/shure-55sh-ii-e1601485394796-142x300.jpg 142w\" sizes=\"auto, (max-width: 10px) 100vw, 10px\" \/> Marvin Kirsch<\/p>\n\n\n\n<p><strong><em>FC Reading<\/em><\/strong><em><strong><em><strong> <strong><em><span><b style=\"font-style: italic;\">\u2013<\/b><\/span><\/em><\/strong> Blackburn Rovers (16.00 Uhr)<\/strong><\/em><\/strong><\/em><br><img loading=\"lazy\" decoding=\"async\" width=\"10\" height=\"21\" class=\"wp-image-3656\" style=\"width: 10px;\" src=\"http:\/\/kommentatorenblog.de\/wp-content\/uploads\/2020\/09\/shure-55sh-ii-e1601485394796.jpg\" alt=\"\" srcset=\"https:\/\/kommentatorenblog.de\/wp-content\/uploads\/2020\/09\/shure-55sh-ii-e1601485394796.jpg 415w, https:\/\/kommentatorenblog.de\/wp-content\/uploads\/2020\/09\/shure-55sh-ii-e1601485394796-142x300.jpg 142w\" sizes=\"auto, (max-width: 10px) 100vw, 10px\" \/> Jakob Vogel<\/p>\n\n\n\n<hr class=\"wp-block-separator\"\/>\n\n\n\n<p class=\"has-vivid-red-color has-text-color\"><strong>La Liga, 30. Spieltag (DAZN)<\/strong><\/p>\n\n\n\n<p><span style=\"text-decoration: underline;\">Samstag, 19. M\u00e4rz 2022<\/span><\/p>\n\n\n\n<p><em><strong>Rayo Vallecano<em><strong> <strong><em><span><b style=\"font-style: italic;\">\u2013<\/b><\/span><\/em><\/strong> Atl\u00e9tico Madrid (21.00 Uhr)<\/strong><\/em><\/strong><\/em><br><img loading=\"lazy\" decoding=\"async\" width=\"10\" height=\"21\" class=\"wp-image-3656\" style=\"width: 10px;\" src=\"http:\/\/kommentatorenblog.de\/wp-content\/uploads\/2020\/09\/shure-55sh-ii-e1601485394796.jpg\" alt=\"\" srcset=\"https:\/\/kommentatorenblog.de\/wp-content\/uploads\/2020\/09\/shure-55sh-ii-e1601485394796.jpg 415w, https:\/\/kommentatorenblog.de\/wp-content\/uploads\/2020\/09\/shure-55sh-ii-e1601485394796-142x300.jpg 142w\" sizes=\"auto, (max-width: 10px) 100vw, 10px\" \/> Freddie Schulz<\/p>\n\n\n\n<p><span style=\"text-decoration: underline;\">Sonntag, 20. M\u00e4rz 2022<\/span><\/p>\n\n\n\n<p><em><strong>FC Sevilla<em><strong> <strong><em><span><b style=\"font-style: italic;\">\u2013<\/b><\/span><\/em><\/strong> Real Sociedad (18.30 Uhr)<\/strong><\/em><\/strong><\/em><br><img loading=\"lazy\" decoding=\"async\" width=\"10\" height=\"21\" class=\"wp-image-3656\" style=\"width: 10px;\" src=\"http:\/\/kommentatorenblog.de\/wp-content\/uploads\/2020\/09\/shure-55sh-ii-e1601485394796.jpg\" alt=\"\" srcset=\"https:\/\/kommentatorenblog.de\/wp-content\/uploads\/2020\/09\/shure-55sh-ii-e1601485394796.jpg 415w, https:\/\/kommentatorenblog.de\/wp-content\/uploads\/2020\/09\/shure-55sh-ii-e1601485394796-142x300.jpg 142w\" sizes=\"auto, (max-width: 10px) 100vw, 10px\" \/> Flo Hauser<\/p>\n\n\n\n<p><span style=\"text-decoration: underline;\">ab 20.45 Uhr<\/span><\/p>\n\n\n\n<p><em><strong>Real Madrid<em><strong> <strong><em><span><b style=\"font-style: italic;\">\u2013<\/b><\/span><\/em><\/strong> FC Barcelona (21.00 Uhr)<\/strong><\/em><\/strong><\/em><br><img loading=\"lazy\" decoding=\"async\" width=\"10\" height=\"21\" class=\"wp-image-3656\" style=\"width: 10px;\" src=\"http:\/\/kommentatorenblog.de\/wp-content\/uploads\/2020\/09\/shure-55sh-ii-e1601485394796.jpg\" alt=\"\" srcset=\"https:\/\/kommentatorenblog.de\/wp-content\/uploads\/2020\/09\/shure-55sh-ii-e1601485394796.jpg 415w, https:\/\/kommentatorenblog.de\/wp-content\/uploads\/2020\/09\/shure-55sh-ii-e1601485394796-142x300.jpg 142w\" sizes=\"auto, (max-width: 10px) 100vw, 10px\" \/> Jan Platte, Experte: Jonas Hummels<br>Moderation: Tobi Wahnschaffe<\/p>\n\n\n\n<hr class=\"wp-block-separator\"\/>\n\n\n\n<p class=\"has-vivid-red-color has-text-color\"><strong>Serie A, 30. Spieltag (DAZN)<\/strong><\/p>\n\n\n\n<p><span style=\"text-decoration: underline;\">Samstag, 19. M\u00e4rz 2022<\/span><\/p>\n\n\n\n<p><em><strong>SSC Neapel<em><strong> <strong><em><span><b style=\"font-style: italic;\">\u2013<\/b><\/span><\/em><\/strong> Udinese Calcio (15.00 Uhr)<\/strong><\/em><\/strong><\/em><br><img loading=\"lazy\" decoding=\"async\" width=\"10\" height=\"21\" class=\"wp-image-3656\" style=\"width: 10px;\" src=\"http:\/\/kommentatorenblog.de\/wp-content\/uploads\/2020\/09\/shure-55sh-ii-e1601485394796.jpg\" alt=\"\" srcset=\"https:\/\/kommentatorenblog.de\/wp-content\/uploads\/2020\/09\/shure-55sh-ii-e1601485394796.jpg 415w, https:\/\/kommentatorenblog.de\/wp-content\/uploads\/2020\/09\/shure-55sh-ii-e1601485394796-142x300.jpg 142w\" sizes=\"auto, (max-width: 10px) 100vw, 10px\" \/> Matthias Naebers<\/p>\n\n\n\n<p><em><strong>Inter Mailand<em><strong> <strong><em><span><b style=\"font-style: italic;\">\u2013<\/b><\/span><\/em><\/strong> AC Florenz (18.00 Uhr)<\/strong><\/em><\/strong><\/em><br><img loading=\"lazy\" decoding=\"async\" width=\"10\" height=\"21\" class=\"wp-image-3656\" style=\"width: 10px;\" src=\"http:\/\/kommentatorenblog.de\/wp-content\/uploads\/2020\/09\/shure-55sh-ii-e1601485394796.jpg\" alt=\"\" srcset=\"https:\/\/kommentatorenblog.de\/wp-content\/uploads\/2020\/09\/shure-55sh-ii-e1601485394796.jpg 415w, https:\/\/kommentatorenblog.de\/wp-content\/uploads\/2020\/09\/shure-55sh-ii-e1601485394796-142x300.jpg 142w\" sizes=\"auto, (max-width: 10px) 100vw, 10px\" \/> Flo Hauser, Experte: Max Nicu<\/p>\n\n\n\n<p><em><strong>Cagliari Calcio<em><strong> <strong><em><span><b style=\"font-style: italic;\">\u2013<\/b><\/span><\/em><\/strong> AC Mailand (20.45 Uhr)<\/strong><\/em><\/strong><\/em><br><img loading=\"lazy\" decoding=\"async\" width=\"10\" height=\"21\" class=\"wp-image-3656\" style=\"width: 10px;\" src=\"http:\/\/kommentatorenblog.de\/wp-content\/uploads\/2020\/09\/shure-55sh-ii-e1601485394796.jpg\" alt=\"\" srcset=\"https:\/\/kommentatorenblog.de\/wp-content\/uploads\/2020\/09\/shure-55sh-ii-e1601485394796.jpg 415w, https:\/\/kommentatorenblog.de\/wp-content\/uploads\/2020\/09\/shure-55sh-ii-e1601485394796-142x300.jpg 142w\" sizes=\"auto, (max-width: 10px) 100vw, 10px\" \/> Hans von Brockhausen<\/p>\n\n\n\n<p><span style=\"text-decoration: underline;\">Sonntag, 20. M\u00e4rz 2022<\/span><\/p>\n\n\n\n<p><em><strong>Juventus Turin<em><strong> <strong><em><span><b style=\"font-style: italic;\">\u2013<\/b><\/span><\/em><\/strong> US Salernitana (15.00 Uhr)<\/strong><\/em><\/strong><\/em><br><img loading=\"lazy\" decoding=\"async\" width=\"10\" height=\"21\" class=\"wp-image-3656\" style=\"width: 10px;\" src=\"http:\/\/kommentatorenblog.de\/wp-content\/uploads\/2020\/09\/shure-55sh-ii-e1601485394796.jpg\" alt=\"\" srcset=\"https:\/\/kommentatorenblog.de\/wp-content\/uploads\/2020\/09\/shure-55sh-ii-e1601485394796.jpg 415w, https:\/\/kommentatorenblog.de\/wp-content\/uploads\/2020\/09\/shure-55sh-ii-e1601485394796-142x300.jpg 142w\" sizes=\"auto, (max-width: 10px) 100vw, 10px\" \/> Andreas Renner<\/p>\n\n\n\n<p><em><strong>AS Rom<em><strong> <strong><em><span><b style=\"font-style: italic;\">\u2013<\/b><\/span><\/em><\/strong> Lazio Rom (18.00 Uhr)<\/strong><\/em><\/strong><\/em><br><img loading=\"lazy\" decoding=\"async\" width=\"10\" height=\"21\" class=\"wp-image-3656\" style=\"width: 10px;\" src=\"http:\/\/kommentatorenblog.de\/wp-content\/uploads\/2020\/09\/shure-55sh-ii-e1601485394796.jpg\" alt=\"\" srcset=\"https:\/\/kommentatorenblog.de\/wp-content\/uploads\/2020\/09\/shure-55sh-ii-e1601485394796.jpg 415w, https:\/\/kommentatorenblog.de\/wp-content\/uploads\/2020\/09\/shure-55sh-ii-e1601485394796-142x300.jpg 142w\" sizes=\"auto, (max-width: 10px) 100vw, 10px\" \/> Carsten Fu\u00df, Experte: Christian Bernhard<\/p>\n\n\n\n<p><em><strong>FC Bologna<em><strong> <strong><em><span><b style=\"font-style: italic;\">\u2013<\/b><\/span><\/em><\/strong> Atalanta Bergamo (20.45 Uhr)<\/strong><\/em><\/strong><\/em><br><img loading=\"lazy\" decoding=\"async\" width=\"10\" height=\"21\" class=\"wp-image-3656\" style=\"width: 10px;\" src=\"http:\/\/kommentatorenblog.de\/wp-content\/uploads\/2020\/09\/shure-55sh-ii-e1601485394796.jpg\" alt=\"\" srcset=\"https:\/\/kommentatorenblog.de\/wp-content\/uploads\/2020\/09\/shure-55sh-ii-e1601485394796.jpg 415w, https:\/\/kommentatorenblog.de\/wp-content\/uploads\/2020\/09\/shure-55sh-ii-e1601485394796-142x300.jpg 142w\" sizes=\"auto, (max-width: 10px) 100vw, 10px\" \/> <s>Nico Seepe<\/s> Michael Seyberth<\/p>\n\n\n\n<hr class=\"wp-block-separator\"\/>\n\n\n\n<p class=\"has-vivid-red-color has-text-color\"><strong>Ligue 1, 29. Spieltag (DAZN)<\/strong><\/p>\n\n\n\n<p><span style=\"text-decoration: underline;\">Sonntag, 20. M\u00e4rz 2022<\/span><\/p>\n\n\n\n<p><em><strong>AS Monaco<em><strong> <strong><em><span><b style=\"font-style: italic;\">\u2013<\/b><\/span><\/em><\/strong> Paris Saint-Germain (13.00 Uhr)<\/strong><\/em><\/strong><\/em><br><img loading=\"lazy\" decoding=\"async\" width=\"10\" height=\"21\" class=\"wp-image-3656\" style=\"width: 10px;\" src=\"http:\/\/kommentatorenblog.de\/wp-content\/uploads\/2020\/09\/shure-55sh-ii-e1601485394796.jpg\" alt=\"\" srcset=\"https:\/\/kommentatorenblog.de\/wp-content\/uploads\/2020\/09\/shure-55sh-ii-e1601485394796.jpg 415w, https:\/\/kommentatorenblog.de\/wp-content\/uploads\/2020\/09\/shure-55sh-ii-e1601485394796-142x300.jpg 142w\" sizes=\"auto, (max-width: 10px) 100vw, 10px\" \/> Chris Putz, Experte: Alexis Menuge<\/p>\n\n\n\n<p><em><strong>Stade Reims <em><strong><strong><em><span><b style=\"font-style: italic;\">\u2013<\/b><\/span><\/em><\/strong> Olympique Lyon (17.05 Uhr)<\/strong><\/em><\/strong><\/em><br><img loading=\"lazy\" decoding=\"async\" width=\"10\" height=\"21\" class=\"wp-image-3656\" style=\"width: 10px;\" src=\"http:\/\/kommentatorenblog.de\/wp-content\/uploads\/2020\/09\/shure-55sh-ii-e1601485394796.jpg\" alt=\"\" srcset=\"https:\/\/kommentatorenblog.de\/wp-content\/uploads\/2020\/09\/shure-55sh-ii-e1601485394796.jpg 415w, https:\/\/kommentatorenblog.de\/wp-content\/uploads\/2020\/09\/shure-55sh-ii-e1601485394796-142x300.jpg 142w\" sizes=\"auto, (max-width: 10px) 100vw, 10px\" \/> Tobi Fischbeck<\/p>\n\n\n\n<p><em><strong>Olympique Marseille <em><strong><strong><em><span><b style=\"font-style: italic;\">\u2013<\/b><\/span><\/em><\/strong> OGC Nizza (20.45 Uhr)<\/strong><\/em><\/strong><\/em><br><img loading=\"lazy\" decoding=\"async\" width=\"10\" height=\"21\" class=\"wp-image-3656\" style=\"width: 10px;\" src=\"http:\/\/kommentatorenblog.de\/wp-content\/uploads\/2020\/09\/shure-55sh-ii-e1601485394796.jpg\" alt=\"\" srcset=\"https:\/\/kommentatorenblog.de\/wp-content\/uploads\/2020\/09\/shure-55sh-ii-e1601485394796.jpg 415w, https:\/\/kommentatorenblog.de\/wp-content\/uploads\/2020\/09\/shure-55sh-ii-e1601485394796-142x300.jpg 142w\" sizes=\"auto, (max-width: 10px) 100vw, 10px\" \/> Stefan Galler, Experte: Alexis Menuge<\/p>\n\n\n\n<hr class=\"wp-block-separator\"\/>\n\n\n\n<p class=\"has-vivid-red-color has-text-color\"><strong>Primeira Liga, 27. Spieltag (Sportdigital FUSSBALL)<\/strong><\/p>\n\n\n\n<p><span style=\"text-decoration: underline;\">Samstag, 19. M\u00e4rz 2022<\/span><\/p>\n\n\n\n<p><strong><em>Vit\u00f3ria Guimar\u00e3es<\/em><\/strong><em><strong><em><strong> <strong><em><span><b style=\"font-style: italic;\">\u2013<\/b><\/span><\/em><\/strong> Sporting Lissabon (21.30 Uhr)<\/strong><\/em><\/strong><\/em><br><img loading=\"lazy\" decoding=\"async\" width=\"10\" height=\"21\" class=\"wp-image-3656\" style=\"width: 10px;\" src=\"http:\/\/kommentatorenblog.de\/wp-content\/uploads\/2020\/09\/shure-55sh-ii-e1601485394796.jpg\" alt=\"\" srcset=\"https:\/\/kommentatorenblog.de\/wp-content\/uploads\/2020\/09\/shure-55sh-ii-e1601485394796.jpg 415w, https:\/\/kommentatorenblog.de\/wp-content\/uploads\/2020\/09\/shure-55sh-ii-e1601485394796-142x300.jpg 142w\" sizes=\"auto, (max-width: 10px) 100vw, 10px\" \/> Karsten Linke<\/p>\n\n\n\n<p><span style=\"text-decoration: underline;\">Sonntag, 20. M\u00e4rz 2022<\/span><\/p>\n\n\n\n<p><strong><em>Benfica Lissabon<\/em><\/strong><em><strong><em><strong> <strong><em><span><b style=\"font-style: italic;\">\u2013<\/b><\/span><\/em><\/strong> GD Estoril Praia (19.00 Uhr)<\/strong><\/em><\/strong><\/em><br><img loading=\"lazy\" decoding=\"async\" width=\"10\" height=\"21\" class=\"wp-image-3656\" style=\"width: 10px;\" src=\"http:\/\/kommentatorenblog.de\/wp-content\/uploads\/2020\/09\/shure-55sh-ii-e1601485394796.jpg\" alt=\"\" srcset=\"https:\/\/kommentatorenblog.de\/wp-content\/uploads\/2020\/09\/shure-55sh-ii-e1601485394796.jpg 415w, https:\/\/kommentatorenblog.de\/wp-content\/uploads\/2020\/09\/shure-55sh-ii-e1601485394796-142x300.jpg 142w\" sizes=\"auto, (max-width: 10px) 100vw, 10px\" \/> Collin Nagel<\/p>\n\n\n\n<p><strong><em>Boavista Porto FC<\/em><\/strong><em><strong><em><strong> <strong><em><span><b style=\"font-style: italic;\">\u2013<\/b><\/span><\/em><\/strong> FC Porto (21.45 Uhr)<\/strong><\/em><\/strong><\/em><br><img loading=\"lazy\" decoding=\"async\" width=\"10\" height=\"21\" class=\"wp-image-3656\" style=\"width: 10px;\" src=\"http:\/\/kommentatorenblog.de\/wp-content\/uploads\/2020\/09\/shure-55sh-ii-e1601485394796.jpg\" alt=\"\" srcset=\"https:\/\/kommentatorenblog.de\/wp-content\/uploads\/2020\/09\/shure-55sh-ii-e1601485394796.jpg 415w, https:\/\/kommentatorenblog.de\/wp-content\/uploads\/2020\/09\/shure-55sh-ii-e1601485394796-142x300.jpg 142w\" sizes=\"auto, (max-width: 10px) 100vw, 10px\" \/> Ulf Kahmke<\/p>\n\n\n\n<hr class=\"wp-block-separator\"\/>\n\n\n\n<p class=\"has-vivid-red-color has-text-color\"><strong>Eredivisie, 27. Spieltag (Sportdigital FUSSBALL)<\/strong><\/p>\n\n\n\n<p><span style=\"text-decoration: underline;\">Sonntag, 20. M\u00e4rz 2022<\/span><\/p>\n\n\n\n<p><strong><em>Ajax Amsterdam<\/em><\/strong><em><strong><em><strong> <strong><em><span><b style=\"font-style: italic;\">\u2013<\/b><\/span><\/em><\/strong> Feyenoord Rotterdam (14.30 Uhr)<\/strong><\/em><\/strong><\/em><br><img loading=\"lazy\" decoding=\"async\" width=\"10\" height=\"21\" class=\"wp-image-3656\" style=\"width: 10px;\" src=\"http:\/\/kommentatorenblog.de\/wp-content\/uploads\/2020\/09\/shure-55sh-ii-e1601485394796.jpg\" alt=\"\" srcset=\"https:\/\/kommentatorenblog.de\/wp-content\/uploads\/2020\/09\/shure-55sh-ii-e1601485394796.jpg 415w, https:\/\/kommentatorenblog.de\/wp-content\/uploads\/2020\/09\/shure-55sh-ii-e1601485394796-142x300.jpg 142w\" sizes=\"auto, (max-width: 10px) 100vw, 10px\" \/> Karsten Linke<\/p>\n\n\n\n<p><strong><em>PSV Eindhoven<\/em><\/strong><em><strong><em><strong> <strong><em><span><b style=\"font-style: italic;\">\u2013<\/b><\/span><\/em><\/strong> Fortuna Sittard (16.45 Uhr)<\/strong><\/em><\/strong><\/em><br><img loading=\"lazy\" decoding=\"async\" width=\"10\" height=\"21\" class=\"wp-image-3656\" style=\"width: 10px;\" src=\"http:\/\/kommentatorenblog.de\/wp-content\/uploads\/2020\/09\/shure-55sh-ii-e1601485394796.jpg\" alt=\"\" srcset=\"https:\/\/kommentatorenblog.de\/wp-content\/uploads\/2020\/09\/shure-55sh-ii-e1601485394796.jpg 415w, https:\/\/kommentatorenblog.de\/wp-content\/uploads\/2020\/09\/shure-55sh-ii-e1601485394796-142x300.jpg 142w\" sizes=\"auto, (max-width: 10px) 100vw, 10px\" \/> Martin Hahn<\/p>\n\n\n\n<hr class=\"wp-block-separator\"\/>\n\n\n\n<p class=\"has-vivid-red-color has-text-color\"><strong>Bundesliga (\u00d6sterreich), Finaldurchgang, 24. Spieltag (Sky Sport Austria)<\/strong><\/p>\n\n\n\n<p>Anmerkung: M=Meistergruppe, Q=Qualifikationsgruppe<\/p>\n\n\n\n<p><span style=\"text-decoration: underline;\">Samstag, 19. M\u00e4rz 2022, ab 16.00 Uhr<\/span><\/p>\n\n\n\n<p>Q: <strong><em>SV Ried<\/em><\/strong><em><strong><em><strong> <strong><em><span><b style=\"font-style: italic;\">\u2013<\/b><\/span><\/em><\/strong> SCR Altach (17.00 Uhr)<\/strong><\/em><\/strong><\/em><br><img loading=\"lazy\" decoding=\"async\" width=\"10\" height=\"21\" class=\"wp-image-3656\" style=\"width: 10px;\" src=\"http:\/\/kommentatorenblog.de\/wp-content\/uploads\/2020\/09\/shure-55sh-ii-e1601485394796.jpg\" alt=\"\" srcset=\"https:\/\/kommentatorenblog.de\/wp-content\/uploads\/2020\/09\/shure-55sh-ii-e1601485394796.jpg 415w, https:\/\/kommentatorenblog.de\/wp-content\/uploads\/2020\/09\/shure-55sh-ii-e1601485394796-142x300.jpg 142w\" sizes=\"auto, (max-width: 10px) 100vw, 10px\" \/> Johannes Hofer (Einzelspiel), Erich Auer (Konferenz)<\/p>\n\n\n\n<p>Q: <strong><em>WSG Tirol<\/em><\/strong><em><strong><em><strong> <strong><em><span><b style=\"font-style: italic;\">\u2013<\/b><\/span><\/em><\/strong> FC Admira Wacker M\u00f6dling (17.00 Uhr)<\/strong><\/em><\/strong><\/em><br><img loading=\"lazy\" decoding=\"async\" width=\"10\" height=\"21\" class=\"wp-image-3656\" style=\"width: 10px;\" src=\"http:\/\/kommentatorenblog.de\/wp-content\/uploads\/2020\/09\/shure-55sh-ii-e1601485394796.jpg\" alt=\"\" srcset=\"https:\/\/kommentatorenblog.de\/wp-content\/uploads\/2020\/09\/shure-55sh-ii-e1601485394796.jpg 415w, https:\/\/kommentatorenblog.de\/wp-content\/uploads\/2020\/09\/shure-55sh-ii-e1601485394796-142x300.jpg 142w\" sizes=\"auto, (max-width: 10px) 100vw, 10px\" \/> Charly Leitner (Einzelspiel), Philipp Paternina (Konferenz)<\/p>\n\n\n\n<p>Moderation: J\u00f6rg K\u00fcnne, Experte: Walter Kogler<\/p>\n\n\n\n<p><span style=\"text-decoration: underline;\">Sonntag, 19. M\u00e4rz 2022, ab 13.30 Uhr<\/span><\/p>\n\n\n\n<p>M: <strong><em>Wolfsberger AC<\/em><\/strong><em><strong><em><strong> <strong><em><span><b style=\"font-style: italic;\">\u2013<\/b><\/span><\/em><\/strong> FC Salzburg (14.30 Uhr)<\/strong><\/em><\/strong><\/em><br><img loading=\"lazy\" decoding=\"async\" width=\"10\" height=\"21\" class=\"wp-image-3656\" style=\"width: 10px;\" src=\"http:\/\/kommentatorenblog.de\/wp-content\/uploads\/2020\/09\/shure-55sh-ii-e1601485394796.jpg\" alt=\"\" srcset=\"https:\/\/kommentatorenblog.de\/wp-content\/uploads\/2020\/09\/shure-55sh-ii-e1601485394796.jpg 415w, https:\/\/kommentatorenblog.de\/wp-content\/uploads\/2020\/09\/shure-55sh-ii-e1601485394796-142x300.jpg 142w\" sizes=\"auto, (max-width: 10px) 100vw, 10px\" \/> Gerfried Pr\u00f6ll (Einzelspiel), David Egger (Konferenz)<\/p>\n\n\n\n<p>M: <strong><em>SK Sturm Graz<\/em><\/strong><em><strong><em><strong> <strong><em><span><b style=\"font-style: italic;\">\u2013<\/b><\/span><\/em><\/strong> SK Austria Klagenfurt (14.30 Uhr)<\/strong><\/em><\/strong><\/em><br><img loading=\"lazy\" decoding=\"async\" width=\"10\" height=\"21\" class=\"wp-image-3656\" style=\"width: 10px;\" src=\"http:\/\/kommentatorenblog.de\/wp-content\/uploads\/2020\/09\/shure-55sh-ii-e1601485394796.jpg\" alt=\"\" srcset=\"https:\/\/kommentatorenblog.de\/wp-content\/uploads\/2020\/09\/shure-55sh-ii-e1601485394796.jpg 415w, https:\/\/kommentatorenblog.de\/wp-content\/uploads\/2020\/09\/shure-55sh-ii-e1601485394796-142x300.jpg 142w\" sizes=\"auto, (max-width: 10px) 100vw, 10px\" \/> Martin Konrad (Einzelspiel), Otto Rosenauer (Konferenz)<\/p>\n\n\n\n<p>Q: <strong><em>TSV Hartberg <\/em><\/strong><em><strong><em><strong><strong><em><span><b style=\"font-style: italic;\">\u2013<\/b><\/span><\/em><\/strong> Linzer ASK (14.30 Uhr)<\/strong><\/em><\/strong><\/em><br><img loading=\"lazy\" decoding=\"async\" width=\"10\" height=\"21\" class=\"wp-image-3656\" style=\"width: 10px;\" src=\"http:\/\/kommentatorenblog.de\/wp-content\/uploads\/2020\/09\/shure-55sh-ii-e1601485394796.jpg\" alt=\"\" srcset=\"https:\/\/kommentatorenblog.de\/wp-content\/uploads\/2020\/09\/shure-55sh-ii-e1601485394796.jpg 415w, https:\/\/kommentatorenblog.de\/wp-content\/uploads\/2020\/09\/shure-55sh-ii-e1601485394796-142x300.jpg 142w\" sizes=\"auto, (max-width: 10px) 100vw, 10px\" \/> tba (Einzelspiel), Phillip Lautischer (Konferenz)<\/p>\n\n\n\n<p><span style=\"text-decoration: underline;\">ab 16.30 Uhr<\/span><\/p>\n\n\n\n<p>M: <strong><em>SK Rapid Wien <\/em><\/strong><em><strong><em><strong><strong><em><span><b style=\"font-style: italic;\">\u2013<\/b><\/span><\/em><\/strong> FK Austria Wien (17.00 Uhr)<\/strong><\/em><\/strong><\/em><br><img loading=\"lazy\" decoding=\"async\" width=\"10\" height=\"21\" class=\"wp-image-3656\" style=\"width: 10px;\" src=\"http:\/\/kommentatorenblog.de\/wp-content\/uploads\/2020\/09\/shure-55sh-ii-e1601485394796.jpg\" alt=\"\" srcset=\"https:\/\/kommentatorenblog.de\/wp-content\/uploads\/2020\/09\/shure-55sh-ii-e1601485394796.jpg 415w, https:\/\/kommentatorenblog.de\/wp-content\/uploads\/2020\/09\/shure-55sh-ii-e1601485394796-142x300.jpg 142w\" sizes=\"auto, (max-width: 10px) 100vw, 10px\" \/> Philipp Paternina<\/p>\n\n\n\n<p>Moderation: Constanze Weiss, Experte: Marc Janko<\/p>\n\n\n\n<hr class=\"wp-block-separator\"\/>\n\n\n\n<p class=\"has-vivid-red-color has-text-color\"><strong>Jupiler Pro League, 32. Spieltag (Sport1+)<\/strong><\/p>\n\n\n\n<p><span style=\"text-decoration: underline;\">Sonntag, 20. M\u00e4rz 2022<\/span><\/p>\n\n\n\n<p><strong><em>FC Br\u00fcgge<\/em><\/strong><em><strong><em><strong> <strong><em><span><b style=\"font-style: italic;\">\u2013<\/b><\/span><\/em><\/strong> KRC Genk (13.30 Uhr)<\/strong><\/em><\/strong><\/em><br><img loading=\"lazy\" decoding=\"async\" width=\"10\" height=\"21\" class=\"wp-image-3656\" style=\"width: 10px;\" src=\"http:\/\/kommentatorenblog.de\/wp-content\/uploads\/2020\/09\/shure-55sh-ii-e1601485394796.jpg\" alt=\"\" srcset=\"https:\/\/kommentatorenblog.de\/wp-content\/uploads\/2020\/09\/shure-55sh-ii-e1601485394796.jpg 415w, https:\/\/kommentatorenblog.de\/wp-content\/uploads\/2020\/09\/shure-55sh-ii-e1601485394796-142x300.jpg 142w\" sizes=\"auto, (max-width: 10px) 100vw, 10px\" \/> Rudi Br\u00fcckner<\/p>\n\n\n\n<p><strong><em>KAA Gent <\/em><\/strong><em><strong><em><strong><strong><em><b style=\"font-style: italic;\">\u2013<\/b><\/em><\/strong> RSC Anderlecht (18.30 Uhr)<\/strong><\/em><\/strong><\/em><br><img loading=\"lazy\" decoding=\"async\" width=\"10\" height=\"21\" class=\"wp-image-3656\" style=\"width: 10px;\" src=\"http:\/\/kommentatorenblog.de\/wp-content\/uploads\/2020\/09\/shure-55sh-ii-e1601485394796.jpg\" alt=\"\" srcset=\"https:\/\/kommentatorenblog.de\/wp-content\/uploads\/2020\/09\/shure-55sh-ii-e1601485394796.jpg 415w, https:\/\/kommentatorenblog.de\/wp-content\/uploads\/2020\/09\/shure-55sh-ii-e1601485394796-142x300.jpg 142w\" sizes=\"auto, (max-width: 10px) 100vw, 10px\" \/> Hajo Wolff<\/p>\n\n\n\n<hr class=\"wp-block-separator\"\/>\n\n\n\n<p class=\"has-vivid-red-color has-text-color\"><strong>Ekstraklasa, 26. Spieltag (Sportdigital FUSSBALL)<\/strong><\/p>\n\n\n\n<p><span style=\"text-decoration: underline;\">Freitag, 18. M\u00e4rz 2022<\/span><\/p>\n\n\n\n<p><strong><em>Pogon Szczecin<\/em><\/strong><em><strong><em><strong> <strong><em><span><b style=\"font-style: italic;\">\u2013<\/b><\/span><\/em><\/strong> Wisla Krakau (20.30 Uhr)<\/strong><\/em><\/strong><\/em><br><img loading=\"lazy\" decoding=\"async\" width=\"10\" height=\"21\" class=\"wp-image-3656\" style=\"width: 10px;\" src=\"http:\/\/kommentatorenblog.de\/wp-content\/uploads\/2020\/09\/shure-55sh-ii-e1601485394796.jpg\" alt=\"\" srcset=\"https:\/\/kommentatorenblog.de\/wp-content\/uploads\/2020\/09\/shure-55sh-ii-e1601485394796.jpg 415w, https:\/\/kommentatorenblog.de\/wp-content\/uploads\/2020\/09\/shure-55sh-ii-e1601485394796-142x300.jpg 142w\" sizes=\"auto, (max-width: 10px) 100vw, 10px\" \/> J\u00f6rg Steiger<\/p>\n\n\n\n<hr class=\"wp-block-separator\"\/>\n\n\n\n<div style=\"height:50px\" aria-hidden=\"true\" class=\"wp-block-spacer\"><\/div>\n\n\n\n<p id=\"global\"><strong>Die restlichen Ansetzungen in weltweiten Wettbewerben vom 18. M\u00e4rz bis zum 21. M\u00e4rz 2022<\/strong>. Gruppiert nach L\u00e4ndern und sortiert von West nach Ost:<\/p>\n\n\n\n<hr class=\"wp-block-separator\"\/>\n\n\n\n<p class=\"has-vivid-red-color has-text-color\"><strong>MLS, 4. Spieltag (Sportdigital FUSSBALL)<\/strong><\/p>\n\n\n\n<p><span style=\"text-decoration: underline;\">Samstag, 19. M\u00e4rz 2022<\/span><\/p>\n\n\n\n<p><strong><em>New York City FC<\/em><\/strong><em><strong><em><strong> <strong><em><span><b style=\"font-style: italic;\">\u2013<\/b><\/span><\/em><\/strong> Philadelphia Union (18.08 Uhr)<\/strong><\/em><\/strong><\/em><br><img loading=\"lazy\" decoding=\"async\" width=\"10\" height=\"21\" class=\"wp-image-3656\" style=\"width: 10px;\" src=\"http:\/\/kommentatorenblog.de\/wp-content\/uploads\/2020\/09\/shure-55sh-ii-e1601485394796.jpg\" alt=\"\" srcset=\"https:\/\/kommentatorenblog.de\/wp-content\/uploads\/2020\/09\/shure-55sh-ii-e1601485394796.jpg 415w, https:\/\/kommentatorenblog.de\/wp-content\/uploads\/2020\/09\/shure-55sh-ii-e1601485394796-142x300.jpg 142w\" sizes=\"auto, (max-width: 10px) 100vw, 10px\" \/> Ulf Kahmke<\/p>\n\n\n\n<hr class=\"wp-block-separator\"\/>\n\n\n\n<p class=\"has-vivid-red-color has-text-color\"><strong>Copa de la Liga Profesional, 7. Spieltag (Sportdigital FUSSBALL)<\/strong><\/p>\n\n\n\n<p><span style=\"text-decoration: underline;\">Sonntag, 20. M\u00e4rz 2022<\/span><\/p>\n\n\n\n<p><em><strong>CA Independiente<em><strong> <strong><em><span><b style=\"font-style: italic;\">\u2013<\/b><\/span><\/em><\/strong> Racing Club (00.45 Uhr)<\/strong><\/em><\/strong><\/em><br><img loading=\"lazy\" decoding=\"async\" width=\"10\" height=\"21\" class=\"wp-image-3656\" style=\"width: 10px;\" src=\"http:\/\/kommentatorenblog.de\/wp-content\/uploads\/2020\/09\/shure-55sh-ii-e1601485394796.jpg\" alt=\"\" srcset=\"https:\/\/kommentatorenblog.de\/wp-content\/uploads\/2020\/09\/shure-55sh-ii-e1601485394796.jpg 415w, https:\/\/kommentatorenblog.de\/wp-content\/uploads\/2020\/09\/shure-55sh-ii-e1601485394796-142x300.jpg 142w\" sizes=\"auto, (max-width: 10px) 100vw, 10px\" \/> Marcus Radefeld<\/p>\n\n\n\n<p><em><strong>CA River Plate<em><strong> <strong><em><span><b style=\"font-style: italic;\">\u2013<\/b><\/span><\/em><\/strong> Boca Juniors (23.00 Uhr)<\/strong><\/em><\/strong><\/em><br><img loading=\"lazy\" decoding=\"async\" width=\"10\" height=\"21\" class=\"wp-image-3656\" style=\"width: 10px;\" src=\"http:\/\/kommentatorenblog.de\/wp-content\/uploads\/2020\/09\/shure-55sh-ii-e1601485394796.jpg\" alt=\"\" srcset=\"https:\/\/kommentatorenblog.de\/wp-content\/uploads\/2020\/09\/shure-55sh-ii-e1601485394796.jpg 415w, https:\/\/kommentatorenblog.de\/wp-content\/uploads\/2020\/09\/shure-55sh-ii-e1601485394796-142x300.jpg 142w\" sizes=\"auto, (max-width: 10px) 100vw, 10px\" \/> Christian Blunck<\/p>\n\n\n\n<hr class=\"wp-block-separator\"\/>\n\n\n\n<p class=\"has-vivid-red-color has-text-color\"><strong>A-League, 19. Spieltag (Sportdigital FUSSBALL)<\/strong><\/p>\n\n\n\n<p><span style=\"text-decoration: underline;\">Samstag, 19. M\u00e4rz 2022<\/span><\/p>\n\n\n\n<p><em><strong>Melbourne City<em><strong> <strong><em><span><b style=\"font-style: italic;\">\u2013<\/b><\/span><\/em><\/strong> Melbourne Victory (09.45 Uhr)<\/strong><\/em><\/strong><\/em><br><img loading=\"lazy\" decoding=\"async\" width=\"10\" height=\"21\" class=\"wp-image-3656\" style=\"width: 10px;\" src=\"http:\/\/kommentatorenblog.de\/wp-content\/uploads\/2020\/09\/shure-55sh-ii-e1601485394796.jpg\" alt=\"\" srcset=\"https:\/\/kommentatorenblog.de\/wp-content\/uploads\/2020\/09\/shure-55sh-ii-e1601485394796.jpg 415w, https:\/\/kommentatorenblog.de\/wp-content\/uploads\/2020\/09\/shure-55sh-ii-e1601485394796-142x300.jpg 142w\" sizes=\"auto, (max-width: 10px) 100vw, 10px\" \/> Christian Blunck<\/p>\n\n\n\n<p><span style=\"text-decoration: underline;\">Sonntag, 20. M\u00e4rz 2022<\/span><\/p>\n\n\n\n<p><em><strong>Western Sydney Wanderers<em><strong> <strong><em><span><b style=\"font-style: italic;\">\u2013<\/b><\/span><\/em><\/strong> Adelaide United (09.05 Uhr)<\/strong><\/em><\/strong><\/em><br><img loading=\"lazy\" decoding=\"async\" width=\"10\" height=\"21\" class=\"wp-image-3656\" style=\"width: 10px;\" src=\"http:\/\/kommentatorenblog.de\/wp-content\/uploads\/2020\/09\/shure-55sh-ii-e1601485394796.jpg\" alt=\"\" srcset=\"https:\/\/kommentatorenblog.de\/wp-content\/uploads\/2020\/09\/shure-55sh-ii-e1601485394796.jpg 415w, https:\/\/kommentatorenblog.de\/wp-content\/uploads\/2020\/09\/shure-55sh-ii-e1601485394796-142x300.jpg 142w\" sizes=\"auto, (max-width: 10px) 100vw, 10px\" \/> Moritz Knorr<\/p>\n\n\n\n<hr class=\"wp-block-separator\"\/>\n\n\n\n<p class=\"has-vivid-red-color has-text-color\"><strong>J.League, 5. Spieltag (Sportdigital FUSSBALL)<\/strong><\/p>\n\n\n\n<p><span style=\"text-decoration: underline;\">Freitag, 18. M\u00e4rz 2022<\/span><\/p>\n\n\n\n<p><em><strong>Yokohama F-Marinos<em><strong> <strong><em><span><b style=\"font-style: italic;\">\u2013<\/b><\/span><\/em><\/strong> Sagan Tosu FC (11.03 Uhr)<\/strong><\/em><\/strong><\/em><br><img loading=\"lazy\" decoding=\"async\" width=\"10\" height=\"21\" class=\"wp-image-3656\" style=\"width: 10px;\" src=\"http:\/\/kommentatorenblog.de\/wp-content\/uploads\/2020\/09\/shure-55sh-ii-e1601485394796.jpg\" alt=\"\" srcset=\"https:\/\/kommentatorenblog.de\/wp-content\/uploads\/2020\/09\/shure-55sh-ii-e1601485394796.jpg 415w, https:\/\/kommentatorenblog.de\/wp-content\/uploads\/2020\/09\/shure-55sh-ii-e1601485394796-142x300.jpg 142w\" sizes=\"auto, (max-width: 10px) 100vw, 10px\" \/> Marcus Radefeld<\/p>\n\n\n\n<hr class=\"wp-block-separator\"\/>\n\n\n\n<hr class=\"wp-block-separator\"\/>\n\n\n\n<p><\/p>\n\n\n\n<pre id=\"analyse\" class=\"wp-block-preformatted has-vivid-red-color has-text-color\"><strong>Analyse<\/strong><\/pre>\n\n\n\n<p><strong>4x DAZN in der Bundesliga: 1x zur\u00fcck im Stadion!<\/strong> <br>Obwohl es sich hier noch nicht um die oben versprochenen Derbys handelt, \u00fcbertr\u00e4gt DAZN am Sonntag ausschlie\u00dflich Spiele mit Beteiligung von Champions League-Aspiranten. Die Teams auf den R\u00e4ngen 2, 3 und 4 sorgen also f\u00fcr einen langen Fu\u00dfballnachmittag beim Streamingdienst. <br>Und weil der Wieder-Meisterschafts-Anw\u00e4rter Dortmund auf den Europa-Aspiranten K\u00f6ln trifft, kehrt DAZN in der Bundesliga (endlich!) wieder mit der vollen Kapelle ins Stadion zur\u00fcck. Da Laura Wontorra gerade f\u00fcr VOX aufzeichnet, ist die Moderation ein klarer Fall f\u00fcr Alex Schl\u00fcter. An seiner Seite, bzw. w\u00e4hrend der 90 Minuten an der von Kommentator Hagemann, analysiert Ralph Gunesch das Geschehen. Daniel Herzog bespricht nach der Partie mit den Protagonisten, inwieweit der BVB seinen Meister-Ambitionen nachgekommen ist. <br>Die anderen beiden Sonntagspartien beim Streamingdienst kommen aus der Box. Auch hier gehen die Ansetzungen ohne personelle \u00dcberraschungen vonstatten: Lukas Sch\u00f6nm\u00fcller (RBL-SGE) und Christina Rann (WOB-B04) moderieren den weiteren Sonntag und die Duos Harder\/Knei\u00dfl und U.Hebel\/Lauth &#8211; diese Zusammensetzungen gab es schon (mehrmals) diese Saison &#8211; kommentieren. Bei den Spielen werden einzig Miriam Sinno und Ann-Sophie Kimmel die Red Bull Arena bzw. die Volkswagen Arena von innen sehen, um Interviews zu f\u00fchren.<br>Das Freitagsspiel zwischen den Fast-Tabellennachbarn Bochum und Gladbach wird auch remote kommentiert. Tobi Wahnschaffe sowie Michael Born moderieren bzw. kommentieren den Abend &#8211; so wie es nach aktuellem Stand aussieht &#8211; ohne Experten an ihrer Seite. Mario Rieker wird anne Castroper sein.<\/p>\n\n\n\n<p><strong>Magath-R\u00fcckkehr mit Torsten Kunde &#8211; aber ohne Felix Magath<\/strong><br>Vier Spiele bleiben diesen Samstag Sky f\u00fcr seine Konferenz. Diese ist wieder stark besetzt: Buschi, Schmiso, Jonas Friedrich und Marcel Meinert!<br>Vor allem der Einstand von Trainer-Legende (ich denke, diese Bezeichnung ist nicht \u00fcbertrieben) Felix Magath bei der Hertha d\u00fcrfte f\u00fcr Furore sorgen, obwohl dieser wegen einer Corona-Infektion leider nicht selbst an der Seitenlinie stehen wird. Ich bin gespannt, wie diese Personalie im Saisonendspurt in Berlin funktioniert &#8211; wobei ich ehrlicherweise schon ziemlich gehyped war, als ich die ersten Spekulationen in diese Richtung geh\u00f6rt habe (es m\u00fcsste bei Sky90 gewesen sein) und mich entsprechend auf die Partie freue. Schade, dass nun Magath selbst nicht dabei sein wird. Im Einzelspiel wird das Ganze von Torsten Kunde begutachtet. Field-Reporter ist Sven T\u00f6llner.<br>Martin Gro\u00df tritt nach seinem Freitags-Zweitligaeinsatz eine kurze Reise an und kommentiert in F\u00fcrth das Spiel der Kleebl\u00e4ttler gegen den SC Freiburg. Britta Hofmann begleitet ihn. Mainz gegen Bielefeld verfolgen f\u00fcr Sky die Routiniers Veltmann und Potofski.<br>Beim einzigen Bundesliga-Spiel dieses Wochenende, das ann\u00e4hernd dem heutigen Blogtitel nahe kommt (auch wenn der daf\u00fcr zu hoch gegriffen ist), dem schw\u00e4bischen Aufeinandertreffen, wird Kai Dittmann mit von der Partie sein. Riccardo Basile f\u00fchrt die Interviews bei Stuttgart-Augsburg.<br>F\u00fcr das Topspiel um 18:30 Uhr in M\u00fcnchen komplettiert (nat\u00fcrlich) Patrick Wasserziehr als Interviewer die Topspiel-Crew Hellmann\/Fuss\/Matth\u00e4us.<\/p>\n\n\n\n<p><strong>Michael Sch\u00fcler mit Deb\u00fct in Liga 2<\/strong><br>Die 2. Bundesliga geht ihren gewohnten Gang und wird ob des spannenden Aufstiegsrennen hier in den kommenden Wochen sicher noch viel Beachtung finden. Ich will deshalb jetzt nur kurz die Auff\u00e4lligkeiten durchgehen. Martin Gro\u00df, Hansi K\u00fcpper, Oliver Seidler und Roland Evers verzeichnen allesamt Eins\u00e4tze im Unterhaus. Michael Sch\u00fcler, schon mal Premier League-Kommentator, gibt sein Deb\u00fct in der 2. Bundesliga f\u00fcr Sky. Das Topspiel zwischen Bremen und den Lilien kommt ohne \u00dcberraschungen aus.<\/p>\n\n\n\n<p>Auch Liga 3 spielt nat\u00fcrlich am Wochenende, mit gewohntem Personal von Magenta begleitet. Die Einzelpartien am Freitag bzw. Montag sowie das Aufeinandertreffen der Traditionsclubs Mannheim und Sechzig werden zudem mit einem Experten besetzt. Drei Sender der ARD co-\u00fcbertragen dar\u00fcber hinaus am Samstag Teams aus ihrem Sendegebiet. Der MDR hat anstelle der 3. Liga erneut eine Regionalligapartie von Lok Leipzig im Programm und mit Eik Galley, Ren\u00e9 Kindermann und Benjamin Kirsten prominent besetzt. <\/p>\n\n\n\n<p>In der Frauen-Bundesliga zeigt Magenta Sport alle 6 Partien dieses Spieltags. Seyberth und Heirler verzeichnen dabei Doppel-, Piller sogar einen Dreifacheinsatz. Bayern-Frankfurt wird neben Magenta auch bei Eurosport mit Markus Theil \u00fcbertragen. Der NDR zeigt am Samstag auch den VfL gegen die TSG.<\/p>\n\n\n\n<p class=\"has-vivid-red-color has-text-color\">Jetzt zum versprochenen: <strong>Derbys rund um den Globus!<\/strong><\/p>\n\n\n\n<p>Wer Jan Platte in den Bundesliga-Ansetzungen vermisst hat, bekommt hier die Antwort. Nat\u00fcrlich k\u00fcmmert sich der DAZN-Chefkommentator auch um eines der gro\u00dfen Spiele auf dem Globus. Und zwar um DAS Spiel. El Cl\u00e1sico. Auch wenn die Vorzeichen f\u00fcr Real sprechen, hat Barca doch unter Trainer Xavi eine vielversprechende Entwicklung genommen. Au\u00dferdem (Achtung Phrase!) ist der Cl\u00e1sico immer etwas anderes als ein gew\u00f6hnliches Ligaspiel. Das sehen sicherlich auch Experte Jonas Hummels und Moderator Tobi Wahnschaffe so, die Platte am Sonntagabend unterst\u00fctzen.<br>Ein kleines Derby steht auch in Madrid an. Rayo Vallecano empf\u00e4ngt am Tag vor dem Cl\u00e1sico und unter den Augen von Freddie Schulz den CL-Viertelfinalisten Atl\u00e9tico zum Stadtduell.<\/p>\n\n\n\n<p>Weiter im spanischsprachigen Raum, weiter mit einem der prominentesten Fu\u00dfballspiele \u00fcberhaupt. Davon ist die Rede, wenn River Plate im Hauptstadtderby auf die Boca Juniors trifft. Der Wettbewerb des Aufeinandertreffens ist der Ligapokal, der \u00fcbertragende Sender Sportdigital, der Kommentator Christian Blunck und der Anpfiff um 23 Uhr. Perfekt also, um nach dem Cl\u00e1sico zum Supercl\u00e1sico zu schalten!<br>In der Nacht zuvor steht bereits der Cl\u00e1sico de Avellaneda an, so etwas wie das zweitwichtigste Derby Argentiniens. Es ist, wie es der Name schon sagt, das Stadtderby in Avellaneda, einer Stadt im Ballungsraum von Buenos Aires. Die Partie zwischen Independiente und dem Racing Club begleitet Marcus Radefeld, ebenfalls bei Sportdigital.<\/p>\n\n\n\n<p>Auch in Italien steht ein Hauptstadt-Duell an. Das Derby della Capitale zwischen der Roma und Lazio findet ebenfalls am gro\u00dfen Derby-Sonntag statt und wird bei DAZN nat\u00fcrlich von Carsten Fu\u00df und Christian Bernhard kommentiert. Beide Clubs trennt im Kampf um die Europa (Conference) League aktuell nur ein Punkt.<\/p>\n\n\n\n<p>Weiter n\u00f6rdlich gilt gleiches Szenario f\u00fcr die \u00f6sterreichische Hauptstadt Wien. Auch Austria und Rapid trennt ein Punkt in der Meisterrunde der Bundesliga und beide spielen ums europ\u00e4ische Gesch\u00e4ft. Das Wiener Derby &#8211; wie sollte es anders sein &#8211; ist ebenfalls am Sonntag zu sehen, dann bei Sky Sport Austria, kommentiert von Philipp Paternina und aus dem Studio begleitet von Constanze Weiss und Marc Janko.<\/p>\n\n\n\n<p>Stadtderby k\u00f6nnen auch die Portugiesen, wenn am Sonntag um dreiviertel 10 Boavista den gro\u00dfen Nachbarn FC Porto zum O D\u00e9rby da Invicta empf\u00e4ngt. Mehr als das Porto-Duell ist das dann aber nicht, denn Porto f\u00fchrt die Tabelle souver\u00e4n an, Boavistas Blick geht eher nach unten. Ulf Kahmke schaut sich das Spiel f\u00fcr Sportdigital an.<br>Ein lokales Aufeinandertreffen in der Primeira Liga steht zudem bei Benfica gegen Estoril an.<\/p>\n\n\n\n<p>Im S\u00fcden Frankreichs steigt etwas fr\u00fcher um 20:45 Uhr das Derby du Sud-Est. Begleitet bei DAZN von Stefan Galler und Alexis Menuge (der an diesem Tag gleich doppelt im Einsatz ist) empf\u00e4ngt OM das Team aus Nizza im Stade Velodrome. Hier handelt es sich allerdings nicht nur um das gr\u00f6\u00dfte Lokalderby in S\u00fcdfrankreich, sondern auch um das Aufeinandertreffen der punktgleichen Tabellenzweiten und -dritten. Spannung also auch hier geboten auf eurem Second-Screen parallel zum Cl\u00e1sico.<\/p>\n\n\n\n<p>Was der Cl\u00e1sico in Spanien ist, ist de Klassieker in den Niederlanden. Geschichtlich von gro\u00dfer Rivalit\u00e4t gepr\u00e4gt, stehen sich bei Ajax gegen Feyenoord au\u00dferdem Tabellenf\u00fchrer und -dritter am Sonntagnachmittag gegen\u00fcber. Hier ist wieder Sportdigital der \u00fcbertragende Sender mit einem Fall f\u00fcr Karsten Linke.<\/p>\n\n\n\n<p>Kommen wir zuletzt zum englischsprachigen Raum. In England steht eine komische Mischung aus FA Cup und Premier League an, weshalb Sky und DAZN zum Zug kommen. W\u00e4hrend beim FA Cup drei von vier Viertelfinals mit Experten (Hofmann, Bigalke und Nicu) besetzt sind und Michael Born dagegen wieder alleine auskommt, sticht bei Sky das Match of the Week Tottenham gegen West Ham heraus. Das Spiel, das Schmiso diesmal alleine kommentiert, wollen wir schlie\u00dflich in unserer Derby-Sammlung nicht vergessen. Der Norden gegen den Osten Londons, beide Teams punktgleich auf Tabellenplatz 6 und 7.<br>In den USA zieht sich die Rivalit\u00e4t Philadelphias und New Yorks auch in den Sport (soweit das mit Franchises eben geht) und so bekommt das Spiel von Philadelphia beim NYCFC, begleitet von Ulf Kahmke, am 4. Spieltag der MLS auch einen besonderen Touch.<br>Blicken wir zu guter Letzt nach Down Under, wo am Samstag ein Stadtduell ansteht. Christian Blunck \u00fcbernimmt, wenn Melbourne City den Rivalen Melbourne Victory im gemeinsamen Rectangular Stadium empf\u00e4ngt. City ist \u00fcbrigens Tabellenf\u00fchrer, w\u00e4hrend Victory bei vier Spielen weniger 11 Punkte R\u00fcckstand verzeichnet.<\/p>\n\n\n\n<hr class=\"wp-block-separator\"\/>\n\n\n\n<p id=\"sendeplan\">Weil das Wochenende, wie bereits angemerkt, aus meiner Sicht ziemlich voll mit tollen Fu\u00dfballspielen ist (am Sonntag kommt ja u.a. noch die Formel 1 dazu!), habe ich nochmal eine \u00fcbersichtlichere Fu\u00dfball-Programmplanung mit den aus meiner Sicht besonders sehenswerten Programmangeboten angef\u00fcgt:<\/p>\n\n\n\n<figure class=\"wp-block-image size-full\"><a href=\"https:\/\/kommentatorenblog.de\/wp-content\/uploads\/2022\/03\/Wochenend-Plan-220317-e1647547387375.png\" target=\"_blank\" rel=\"noopener\"><img loading=\"lazy\" decoding=\"async\" width=\"1654\" height=\"1893\" src=\"https:\/\/kommentatorenblog.de\/wp-content\/uploads\/2022\/03\/Wochenend-Plan-220317-e1647547387375.png\" alt=\"\" class=\"wp-image-12351\" srcset=\"https:\/\/kommentatorenblog.de\/wp-content\/uploads\/2022\/03\/Wochenend-Plan-220317-e1647547387375.png 1654w, https:\/\/kommentatorenblog.de\/wp-content\/uploads\/2022\/03\/Wochenend-Plan-220317-e1647547387375-262x300.png 262w, https:\/\/kommentatorenblog.de\/wp-content\/uploads\/2022\/03\/Wochenend-Plan-220317-e1647547387375-895x1024.png 895w, https:\/\/kommentatorenblog.de\/wp-content\/uploads\/2022\/03\/Wochenend-Plan-220317-e1647547387375-768x879.png 768w, https:\/\/kommentatorenblog.de\/wp-content\/uploads\/2022\/03\/Wochenend-Plan-220317-e1647547387375-1342x1536.png 1342w\" sizes=\"auto, (max-width: 1654px) 100vw, 1654px\" \/><\/a><\/figure>\n\n\n\n<p>Ich w\u00fcnsche euch viel Entscheidungsfreude f\u00fcr die Auswahl eures Sendeplans &#8211; es steht ja noch viel mehr zur Auswahl, vor allem was den Sonntag betrifft!<\/p>\n","protected":false},"excerpt":{"rendered":"<p>N&#8217;Abend allerseits, wie es der Titel schon verspricht, stehen am Wochenende einige namhafte Duelle an: Der Cl\u00e1sico, der Supercl\u00e1sico, der Cl\u00e1sico de Avellaneda, das Wiener Derby, der Klassieker, das D\u00e9rby da Invicta, das Derby du Sud-Est und das Derby della Capitale. Das nur vorneweg als kleiner Teaser auf das, was wir in der Analyse genauer [&hellip;]<\/p>\n","protected":false},"author":12,"featured_media":0,"comment_status":"open","ping_status":"open","sticky":false,"template":"","format":"standard","meta":{"footnotes":""},"categories":[424],"tags":[232,49,603,163,216,46,404,166,73,725,256,784,35,657,212,13,30,392,119,14,148,786,89,519,61,420,295,104,25,211,650,616,267,69,86,93,585,676,378,75,787,31,9,70,43,494,572,243,121,126,67,95,403,416,724,383,114,88,785,618,15,369,191,113,94,29,781,108,312,584,45,76,783,12,361,241,98,222,415,22,66,134,344,394,777,28,673,27,102,643,782,252,602,245,87,346,105,289,18,107],"class_list":["post-12304","post","type-post","status-publish","format-standard","hentry","category-bundesliga-und-co","tag-alexander-klich","tag-alex-schlueter","tag-alexander-kunz","tag-alexander-kuepper","tag-andreas-mann","tag-anett-sattler","tag-ann-sophie-kimmel","tag-benny-lauth","tag-britta-hofmann","tag-caroline-labes","tag-cedric-pick","tag-christian-danner","tag-christian-strassburger","tag-christina-rann","tag-daniel-herzog","tag-dazn","tag-didi-hamann","tag-dirk-grosse-schlarmann","tag-edgar-mielke","tag-eurosport","tag-florian-koenig","tag-florian-plettenberg","tag-florian-schmidt-sommerfeld","tag-formel-1","tag-frank-buschmann","tag-frank-grundhever","tag-freddy-harder","tag-hannes-herrmann","tag-hansi-kuepper","tag-hartmut-von-kameke","tag-hartwig-thoene-2","tag-heiko-wasser","tag-jesco-von-eichmann","tag-jonas-friedrich","tag-juergen-schmitz","tag-kai-dittmann","tag-katharina-kleinfeldt","tag-klaus-veltman","tag-konstantin-klostermann","tag-laura-papendick","tag-lisa-tellers","tag-lothar-matthaeus","tag-magenta-sport","tag-marcel-meinert","tag-marco-hagemann","tag-marcus-juergensen","tag-mario-bast","tag-mario-rieker","tag-markus-gaupp","tag-markus-goetz","tag-markus-hoehner","tag-martin-gross","tag-martin-harnik","tag-martin-lanig","tag-max-zobel","tag-michael-augustin","tag-michael-born","tag-michael-leopold","tag-michael-schueler","tag-miriam-sinno","tag-ndr","tag-nele-schenker","tag-nico-seepe","tag-oliver-seidler","tag-patrick-wasserziehr","tag-peter-hardenacke","tag-ralf-schumacher","tag-ralph-gunesch","tag-rbb","tag-riccardo-basile","tag-roland-evers","tag-ruth-hofmann","tag-sandra-baumgartner","tag-sascha-bandermann","tag-sascha-bigalke","tag-sascha-roos","tag-sebastian-hellmann","tag-sebastian-kneissl","tag-simon-koepfer","tag-sky","tag-sport1","tag-sportdigital-fussball","tag-sr","tag-stefan-fuckert","tag-stefan-haensel","tag-stefan-hempel","tag-steven-ruprecht","tag-sven-schroeter","tag-sven-toellner","tag-thomas-braml","tag-timo-glock","tag-tobi-wahnschaffe","tag-tobias-schaefer","tag-torben-hoffmann","tag-torsten-kunde","tag-torsten-mattuschka","tag-uli-hebel","tag-ulli-potofski","tag-wdr","tag-wolff-fuss"],"_links":{"self":[{"href":"https:\/\/kommentatorenblog.de\/index.php?rest_route=\/wp\/v2\/posts\/12304","targetHints":{"allow":["GET"]}}],"collection":[{"href":"https:\/\/kommentatorenblog.de\/index.php?rest_route=\/wp\/v2\/posts"}],"about":[{"href":"https:\/\/kommentatorenblog.de\/index.php?rest_route=\/wp\/v2\/types\/post"}],"author":[{"embeddable":true,"href":"https:\/\/kommentatorenblog.de\/index.php?rest_route=\/wp\/v2\/users\/12"}],"replies":[{"embeddable":true,"href":"https:\/\/kommentatorenblog.de\/index.php?rest_route=%2Fwp%2Fv2%2Fcomments&post=12304"}],"version-history":[{"count":70,"href":"https:\/\/kommentatorenblog.de\/index.php?rest_route=\/wp\/v2\/posts\/12304\/revisions"}],"predecessor-version":[{"id":12385,"href":"https:\/\/kommentatorenblog.de\/index.php?rest_route=\/wp\/v2\/posts\/12304\/revisions\/12385"}],"wp:attachment":[{"href":"https:\/\/kommentatorenblog.de\/index.php?rest_route=%2Fwp%2Fv2%2Fmedia&parent=12304"}],"wp:term":[{"taxonomy":"category","embeddable":true,"href":"https:\/\/kommentatorenblog.de\/index.php?rest_route=%2Fwp%2Fv2%2Fcategories&post=12304"},{"taxonomy":"post_tag","embeddable":true,"href":"https:\/\/kommentatorenblog.de\/index.php?rest_route=%2Fwp%2Fv2%2Ftags&post=12304"}],"curies":[{"name":"wp","href":"https:\/\/api.w.org\/{rel}","templated":true}]}}