{"id":12387,"date":"2022-03-24T20:14:45","date_gmt":"2022-03-24T18:14:45","guid":{"rendered":"http:\/\/kommentatorenblog.de\/?p=12387"},"modified":"2022-03-30T21:50:19","modified_gmt":"2022-03-30T19:50:19","slug":"1244-dfb-herren-sind-zurueck","status":"publish","type":"post","link":"https:\/\/kommentatorenblog.de\/?p=12387","title":{"rendered":"1243 &#8211; DFB- Herren sind zur\u00fcck"},"content":{"rendered":"\n<p><strong>UPDATE: Die Ansetzungen vom 29. M\u00e4rz bis zum 31. M\u00e4rz 2022 wurden erg\u00e4nzt! <\/strong>(LG Justin) <\/p>\n\n\n\n<p>N&#8217;Abend allerseits,<\/p>\n\n\n\n<p>der Titel sagt es bereits, die deutsche Fu\u00dfball- Nationalmannschaft der Herren bestreitet ihre ersten beiden L\u00e4nderspiele in diesem Kalenderjahr. Los geht es am Samstagabend in Sinsheim gegen Israel. Das zweite Spiel steht dann am Dienstag in Amsterdam gegen die Niederlande an. Die Spiele werden vom ZDF (Samstag) beziehungsweise von der ARD \u00fcbertragen. Das sind somit die ersten deutschen Herren- L\u00e4nderspiele bei den \u00f6ffentlich- rechtlichen Sender seit dem Ausscheiden im EM- Achtelfinale gegen England. Denn danach standen nur noch WM- Qualifikationsspiele an, wo die Rechte bekannterma\u00dfen bei RTL lagen. W\u00e4hrend die ARD in der Zwischenzeit noch das Nations League- Finale und den DFB- Pokal \u00fcbertrug, ist es das erste ZDF- Fu\u00dfballlivespiel bei den M\u00e4nnern seit der EM.<\/p>\n\n\n\n<p>Wie es in der Zukunft mit den \u00dcbertragungen aussehen wird, ist indes unklar. Im Jahr 2020 war das erste Mal von der neuen Ausschreibung zu lesen, auch zu Beginn des letzten Jahres, doch seit dem wurde es ruhiger. In dieser Woche konnte man dann zum ersten Mal wieder etwas \u00fcber die Vergabe lesen(<a href=\"https:\/\/www.sportbuzzer.de\/artikel\/nationalmannschaft-tv-ubertragung-sender-rechte-vergabe-ard-zdf-rtl-sat1-pro7-wm\/\">Sender pokern um TV-Rechte: Warum die Fans des DFB-Teams nur f\u00fcr die n\u00e4chsten beiden Spiele planen k\u00f6nnen &#8211; Sportbuzzer.de<\/a>).<\/p>\n\n\n\n<p>Es ist auch langsam mal Zeit, dass Bewegung in die Sache kommt, denn schon bald stehen die n\u00e4chsten L\u00e4nderspiele an, die Nations League Gruppenphase, und die geh\u00f6rt zum neuen Rechtezyklus. Im Juni geht es damit los, und noch ist nicht bekannt, wer \u00fcbertragen wird. Einzig und allein der TV- Sender f\u00fcr Testspiele im November ist bekannt und hei\u00dft RTL, der Grund, die Spiele geh\u00f6ren noch zum alten Rechtezyklus.<\/p>\n\n\n\n<p><strong>Mal eine \u00dcbersicht \u00fcber die TV- Rechte :<br><\/strong>So, nun aber zur Vergabe der neuen TV- Rechte, um was geht es genau: Es geht um einen sehr langen Zeitraum, von 2022 bis 2028 mit insgesamt 60 deutschen Spiele. Diese teilen sich auf, in:<\/p>\n\n\n\n<ul class=\"wp-block-list\"><li>3 Nations- League- Spielzeiten: 2022\/23,2024\/25 und 2026\/27<\/li><li>Testspiele<\/li><li>EM- Qualifikation f\u00fcr 2024 und 2028 (sofern Deutschland 2024 daran teilnimmt)<\/li><li>WM- Qualifikation f\u00fcr 2026<\/li><\/ul>\n\n\n\n<p><strong>Welche Sender k\u00f6nnten es sein?<\/strong><\/p>\n\n\n\n<p>Die Angebote f\u00fcr die Spiele wurden schon abgegeben, wer hier mit geboten hat, ist nicht bekannt. Auch wenn sich weder ARD, ZDF und RTL zu der Thematik \u00e4u\u00dfern wollen, kann man sich hier sicher sein, dass diese Sender zumindest ein Angebot abgegeben haben, ebenso ProSiebenSat1, welche aktuell die Bundesliga- Rechte halten.<\/p>\n\n\n\n<p>In 2020 war zu lesen, dass das ZDF neben der Nations League auch wieder Spiele \u00fcbertragen m\u00f6chte, die zu diesem Zeitpunkt bei RTL liefen. Ob ARD und ZDF aber wieder alle Spiele der deutschen Mannschaft zeigen k\u00f6nnen oder gar wollen, ist noch nicht klar, denn insgesamt wird gesch\u00e4tzt, dass die Rechtekosten f\u00fcr den deutschen Markt in etwa eine halbe Milliarden Euro kosten k\u00f6nnten. Ein sehr hoher Betrag, f\u00fcr den man erstmal das Budget haben muss. Das kann dazu f\u00fchren, dass auch kein Sender in der Lage ist, alleine diese Spiele zu \u00fcbertragen, sondern die Spiele, wie aktuell, auf unterschiedliche Sender verteilt werden (Nations League ARD\/ZDF, Qualifikationen RTL).<\/p>\n\n\n\n<p>Neben den hohen Kosten bringt auch lange Zeitraum durchaus seine Probleme mit sich. Auf der einen Seite hat man damit nat\u00fcrlich Planungssicherheit, was Spiele der DFB- Elf angeht. Auf der anderen Seite kann sich der Wert dieser Spiele in den n\u00e4chsten Jahren deutlich \u00e4ndern. Wenn man weiterhin fr\u00fcher ausscheidet, kann die Nachfrage nochmal deutlich sinken. Ein Erfolg bei der Heim-EM dagegen k\u00f6nnte eine Art &#8222;Euphorie&#8220; ausl\u00f6sen und die Quoten wieder steigen lassen, was (zumindest f\u00fcr die Privaten) ein nicht unerheblicher Faktor sein d\u00fcrfte.<\/p>\n\n\n\n<p>Dass es zu dem Szenario kommt, wie man aktuell in dem ein oder anderen Artikel lesen kann, dass keiner die Nationalmannschaft zeigen wolle, halte ich f\u00fcr ausgeschlossen. Nat\u00fcrlich ist es eher ungew\u00f6hnlich, dass es f\u00fcr Spiele im Juni noch kein TV- Partner feststeht, aber, daran tr\u00e4gt auch Corona seine Schuld. Durch die Pandemie hat sich die Ausschreibung nach hinten verschoben, weshalb die Abgabe der Angebote erst Ende letzten Jahres erfolgte. Und auch wenn die Quoten der L\u00e4nderspiele in den letzten Jahren nicht immer auf dem absoluten Topniveau waren, waren sie doch trotzdem mehr als respektabel, sodass sich die gro\u00dfen deutschen Sender sicher bem\u00fchen werden, die Spiele zu \u00fcbertragen, die Frage wird wohl eher lauten, zu welchen Preisen.<\/p>\n\n\n\n<p>Egal, wie es am Ende ausgeht, die Spiele der deutschen Nationalmannschaft werden im Free TV \u00fcbertragen. Soll will es der Rundfunkstaatsvertrag.<\/p>\n\n\n\n<p class=\"has-medium-font-size\"><strong>Update<\/strong><\/p>\n\n\n\n<p>Nach Informationen von Sportbuzzer und dem Sportportal vom RND soll die Entscheidung \u00fcber die TV- Rechte gefallen sein: Die Nationalelf wird weiterhin von RTL, ARD und ZDF \u00fcbertragen. Dabei sollen die \u00d6R und RTL jeweils 60 Spiele live \u00fcbertragen. Es soll jedoch keine Aufteilung mehr nach geben, sondern ARD, ZDF und RTL \u00fcbertragen von allen Wettbewerben Spiele und wechseln sich ab. Eine genaue \u00dcbersicht und weitere Informationen findet ihr in dem folgenden Artikel: <a href=\"https:\/\/www.sportbuzzer.de\/artikel\/nationalmannschaft-tv-rechte-ubertragungen-2022-bis-2028-ard-zdf-rtl-dfb-uefa\/\">TV-Zukunft von DFB-Team klar: Drei Sender kaufen Rechte bis 2028 &#8211; inklusive Nations-League-Kracher &#8211; Sportbuzzer.de<\/a><\/p>\n\n\n\n<p>Bis jetzt sind diese Informationen aber noch nicht von den Sendern best\u00e4tigt. Eine offizielle Best\u00e4tigung steht also noch aus. Sollten es jedoch so sein, d\u00fcrften ARD und ZDF wieder etwas mehr L\u00e4nderspiele als zuletzt zeigen.<\/p>\n\n\n\n<p>Neben den deutschen L\u00e4nderspielen werden auch die L\u00e4nderspiele der anderen Nationen ausgeschrieben, hier soll es um insgesamt 1200 Spiele gehen. Aktueller Rechteinhaber ist DAZN. Die Spiele werden wohl auch weiterhin mit ziemlicher Sicherheit im Pay-TV zu sehen, m\u00f6gliche Kandidaten: DAZN oder Sky, eventuell die Telekom, welche ja auch die WM und EM \u00fcbertr\u00e4gt.<\/p>\n\n\n\n<p>So nun aber zu den Spielen, die auch schon einen TV- Sender haben und an diesem Wochenende stattfinden:<\/p>\n\n\n\n<hr class=\"wp-block-separator\"\/>\n\n\n\n<p id=\"national\"><strong>Die Ansetzungen vom 25. M\u00e4rz bis zum 28. M\u00e4rz 2022<\/strong> (+die Ansetzungen vom 29. M\u00e4rz bis zum 31. M\u00e4rz 2022) <\/p>\n\n\n\n<hr class=\"wp-block-separator\"\/>\n\n\n\n<p class=\"has-vivid-red-color has-text-color\"><strong>L\u00e4nderspiele (ZDF\/ARD)<\/strong><\/p>\n\n\n\n<p><span style=\"text-decoration: underline;\">Samstag, 26. M\u00e4rz 2022, <\/span><span style=\"text-decoration: underline;\">ab 20.15 Uhr (ZDF)<\/span><\/p>\n\n\n\n<p><em><strong>Deutschland <strong><em><span><b style=\"font-style: italic;\">\u2013<\/b><\/span><\/em><\/strong> Israel (20.45 Uhr)<\/strong><\/em><br><img loading=\"lazy\" decoding=\"async\" width=\"10\" height=\"21\" class=\"wp-image-3656\" style=\"width: 10px;\" src=\"http:\/\/kommentatorenblog.de\/wp-content\/uploads\/2020\/09\/shure-55sh-ii-e1601485394796.jpg\" alt=\"\" srcset=\"https:\/\/kommentatorenblog.de\/wp-content\/uploads\/2020\/09\/shure-55sh-ii-e1601485394796.jpg 415w, https:\/\/kommentatorenblog.de\/wp-content\/uploads\/2020\/09\/shure-55sh-ii-e1601485394796-142x300.jpg 142w\" sizes=\"auto, (max-width: 10px) 100vw, 10px\" \/> Oliver Schmidt; Interviews: Boris B\u00fcchler, Lars Ruthemann<br>Moderation: Jochen Breyer, Experte: Per Mertesacker<\/p>\n\n\n\n<p><span style=\"text-decoration: underline;\">Dienstag, 29. M\u00e4rz 2022, ab 20.15 Uhr (ARD)<\/span><\/p>\n\n\n\n<p><em><strong>Niederlande <strong><em><span><b style=\"font-style: italic;\">\u2013<\/b><\/span><\/em><\/strong> Deutschland (20.45 Uhr)<\/strong><\/em><br><img loading=\"lazy\" decoding=\"async\" width=\"10\" height=\"21\" class=\"wp-image-3656\" style=\"width: 10px;\" src=\"http:\/\/kommentatorenblog.de\/wp-content\/uploads\/2020\/09\/shure-55sh-ii-e1601485394796.jpg\" alt=\"\" srcset=\"https:\/\/kommentatorenblog.de\/wp-content\/uploads\/2020\/09\/shure-55sh-ii-e1601485394796.jpg 415w, https:\/\/kommentatorenblog.de\/wp-content\/uploads\/2020\/09\/shure-55sh-ii-e1601485394796-142x300.jpg 142w\" sizes=\"auto, (max-width: 10px) 100vw, 10px\" \/> Tom Bartels<br>Moderation: Esther Sedlaczek, Experte: Bastian Schweinsteiger<\/p>\n\n\n\n<hr class=\"wp-block-separator\"\/>\n\n\n\n<p class=\"has-vivid-red-color has-text-color\"><strong>Frauen-Bundesliga, 18. Spieltag (Magenta Sport, Eurosport, hessenschau.de)<\/strong><\/p>\n\n\n\n<p><span style=\"text-decoration: underline;\">Freitag, 25. M\u00e4rz 2022, <\/span><span style=\"text-decoration: underline;\">ab 17.45 Uhr (Magenta Sport), ab 17.55 Uhr (Eurosport)<\/span><\/p>\n\n\n\n<p><em><strong>SC Freiburg<em><strong> <strong><em><span><b style=\"font-style: italic;\">\u2013<\/b><\/span><\/em><\/strong> 1.FFC Turbine Potsdam (18.00 Uhr)<\/strong><\/em><\/strong><\/em><\/p>\n\n\n\n<p><img loading=\"lazy\" decoding=\"async\" width=\"10\" height=\"21\" class=\"wp-image-3656\" style=\"width: 10px;\" src=\"http:\/\/kommentatorenblog.de\/wp-content\/uploads\/2020\/09\/shure-55sh-ii-e1601485394796.jpg\" alt=\"\" srcset=\"https:\/\/kommentatorenblog.de\/wp-content\/uploads\/2020\/09\/shure-55sh-ii-e1601485394796.jpg 415w, https:\/\/kommentatorenblog.de\/wp-content\/uploads\/2020\/09\/shure-55sh-ii-e1601485394796-142x300.jpg 142w\" sizes=\"auto, (max-width: 10px) 100vw, 10px\" \/> Magenta Sport: Oskar Heirler<\/p>\n\n\n\n<p><img loading=\"lazy\" decoding=\"async\" width=\"10\" height=\"21\" class=\"wp-image-3656\" style=\"width: 10px;\" src=\"http:\/\/kommentatorenblog.de\/wp-content\/uploads\/2020\/09\/shure-55sh-ii-e1601485394796.jpg\" alt=\"\" srcset=\"https:\/\/kommentatorenblog.de\/wp-content\/uploads\/2020\/09\/shure-55sh-ii-e1601485394796.jpg 415w, https:\/\/kommentatorenblog.de\/wp-content\/uploads\/2020\/09\/shure-55sh-ii-e1601485394796-142x300.jpg 142w\" sizes=\"auto, (max-width: 10px) 100vw, 10px\" \/> Eurosport: Markus Theil<\/p>\n\n\n\n<p><span style=\"text-decoration: underline;\"><span style=\"text-decoration: underline;\">Samstag, 26. M\u00e4rz 2022<\/span>, ab 12.45 Uhr (Magenta Sport), ab 13.00 Uhr (hessenschau.de)<\/span><\/p>\n\n\n\n<p><em><strong>Eintracht Frankfurt <em><strong><strong><em><span><b style=\"font-style: italic;\">\u2013<\/b><\/span><\/em><\/strong> VfL Wolfsburg (13.00 Uhr)<\/strong><\/em><\/strong><\/em><\/p>\n\n\n\n<p><img loading=\"lazy\" decoding=\"async\" width=\"10\" height=\"21\" class=\"wp-image-3656\" style=\"width: 10px;\" src=\"http:\/\/kommentatorenblog.de\/wp-content\/uploads\/2020\/09\/shure-55sh-ii-e1601485394796.jpg\" alt=\"\" srcset=\"https:\/\/kommentatorenblog.de\/wp-content\/uploads\/2020\/09\/shure-55sh-ii-e1601485394796.jpg 415w, https:\/\/kommentatorenblog.de\/wp-content\/uploads\/2020\/09\/shure-55sh-ii-e1601485394796-142x300.jpg 142w\" sizes=\"auto, (max-width: 10px) 100vw, 10px\" \/> Magenta Sport: Alex Kunz<\/p>\n\n\n\n<p><img loading=\"lazy\" decoding=\"async\" width=\"10\" height=\"21\" class=\"wp-image-3656\" style=\"width: 10px;\" src=\"http:\/\/kommentatorenblog.de\/wp-content\/uploads\/2020\/09\/shure-55sh-ii-e1601485394796.jpg\" alt=\"\" srcset=\"https:\/\/kommentatorenblog.de\/wp-content\/uploads\/2020\/09\/shure-55sh-ii-e1601485394796.jpg 415w, https:\/\/kommentatorenblog.de\/wp-content\/uploads\/2020\/09\/shure-55sh-ii-e1601485394796-142x300.jpg 142w\" sizes=\"auto, (max-width: 10px) 100vw, 10px\" \/> hessenschau.de: Patrick Stricker<\/p>\n\n\n\n<p><span style=\"text-decoration: underline;\">Sonntag, 27. M\u00e4rz 2022, <\/span><span style=\"text-decoration: underline;\">ab 12.45 Uhr (Magenta Sport)<\/span><\/p>\n\n\n\n<p><em><strong>1.FC K\u00f6ln<em><strong> <strong><em><span><b style=\"font-style: italic;\">\u2013<\/b><\/span><\/em><\/strong> Bayer 04 Leverkusen (13.00 Uhr)<\/strong><\/em><\/strong><\/em><br><img loading=\"lazy\" decoding=\"async\" width=\"10\" height=\"21\" class=\"wp-image-3656\" style=\"width: 10px;\" src=\"http:\/\/kommentatorenblog.de\/wp-content\/uploads\/2020\/09\/shure-55sh-ii-e1601485394796.jpg\" alt=\"\" srcset=\"https:\/\/kommentatorenblog.de\/wp-content\/uploads\/2020\/09\/shure-55sh-ii-e1601485394796.jpg 415w, https:\/\/kommentatorenblog.de\/wp-content\/uploads\/2020\/09\/shure-55sh-ii-e1601485394796-142x300.jpg 142w\" sizes=\"auto, (max-width: 10px) 100vw, 10px\" \/> Antonia Engelhardt<\/p>\n\n\n\n<p><em><strong>SC Sand<em><strong> <strong><em><span><b style=\"font-style: italic;\">\u2013<\/b><\/span><\/em><\/strong> SV Werder Bremen (13.00 Uhr)<\/strong><\/em><\/strong><\/em><br><img loading=\"lazy\" decoding=\"async\" width=\"10\" height=\"21\" class=\"wp-image-3656\" style=\"width: 10px;\" src=\"http:\/\/kommentatorenblog.de\/wp-content\/uploads\/2020\/09\/shure-55sh-ii-e1601485394796.jpg\" alt=\"\" srcset=\"https:\/\/kommentatorenblog.de\/wp-content\/uploads\/2020\/09\/shure-55sh-ii-e1601485394796.jpg 415w, https:\/\/kommentatorenblog.de\/wp-content\/uploads\/2020\/09\/shure-55sh-ii-e1601485394796-142x300.jpg 142w\" sizes=\"auto, (max-width: 10px) 100vw, 10px\" \/> Michael Seyberth<\/p>\n\n\n\n<p>Moderation: Cedric Pick<\/p>\n\n\n\n<p><span style=\"text-decoration: underline;\">ab 15.45 Uhr (Magenta Sport)<\/span><\/p>\n\n\n\n<p><em><strong>FC Bayern M\u00fcnchen<em><strong> <strong><em><span><b style=\"font-style: italic;\">\u2013<\/b><\/span><\/em><\/strong> SGS Essen (16.00 Uhr)<\/strong><\/em><\/strong><\/em><br><img loading=\"lazy\" decoding=\"async\" width=\"10\" height=\"21\" class=\"wp-image-3656\" style=\"width: 10px;\" src=\"http:\/\/kommentatorenblog.de\/wp-content\/uploads\/2020\/09\/shure-55sh-ii-e1601485394796.jpg\" alt=\"\" srcset=\"https:\/\/kommentatorenblog.de\/wp-content\/uploads\/2020\/09\/shure-55sh-ii-e1601485394796.jpg 415w, https:\/\/kommentatorenblog.de\/wp-content\/uploads\/2020\/09\/shure-55sh-ii-e1601485394796-142x300.jpg 142w\" sizes=\"auto, (max-width: 10px) 100vw, 10px\" \/> Simon K\u00f6pfer<\/p>\n\n\n\n<p><em><strong>TSG 1899 Hoffenheim<em><strong> <strong><em><span><b style=\"font-style: italic;\">\u2013<\/b><\/span><\/em><\/strong> FC Carl Zeiss Jena (16.00 Uhr)<\/strong><\/em><\/strong><\/em><br><img loading=\"lazy\" decoding=\"async\" width=\"10\" height=\"21\" class=\"wp-image-3656\" style=\"width: 10px;\" src=\"http:\/\/kommentatorenblog.de\/wp-content\/uploads\/2020\/09\/shure-55sh-ii-e1601485394796.jpg\" alt=\"\" srcset=\"https:\/\/kommentatorenblog.de\/wp-content\/uploads\/2020\/09\/shure-55sh-ii-e1601485394796.jpg 415w, https:\/\/kommentatorenblog.de\/wp-content\/uploads\/2020\/09\/shure-55sh-ii-e1601485394796-142x300.jpg 142w\" sizes=\"auto, (max-width: 10px) 100vw, 10px\" \/> Martin Piller<\/p>\n\n\n\n<hr class=\"wp-block-separator\"\/>\n\n\n\n<p class=\"has-vivid-red-color has-text-color\"><strong>UEFA WOMEN&#8217;S CHAMPIONS LEAGUE, Viertelfinal-R\u00fcckspiele (DAZN)<\/strong><\/p>\n\n\n\n<p><span style=\"text-decoration: underline;\">Mittwoch, 30. M\u00e4rz 2022, <\/span><span style=\"text-decoration: underline;\">ab 18.45 Uhr<\/span><\/p>\n\n\n\n<p><em><strong>FC Barcelona<em><strong> <strong><em><span><b style=\"font-style: italic;\">\u2013<\/b><\/span><\/em><\/strong> Real Madrid (18.45 Uhr)<\/strong><\/em><\/strong><\/em><\/p>\n\n\n\n<p><img loading=\"lazy\" decoding=\"async\" width=\"10\" height=\"21\" class=\"wp-image-3656\" style=\"width: 10px;\" src=\"http:\/\/kommentatorenblog.de\/wp-content\/uploads\/2020\/09\/shure-55sh-ii-e1601485394796.jpg\" alt=\"\" srcset=\"https:\/\/kommentatorenblog.de\/wp-content\/uploads\/2020\/09\/shure-55sh-ii-e1601485394796.jpg 415w, https:\/\/kommentatorenblog.de\/wp-content\/uploads\/2020\/09\/shure-55sh-ii-e1601485394796-142x300.jpg 142w\" sizes=\"auto, (max-width: 10px) 100vw, 10px\" \/> Christoph Fetzer<\/p>\n\n\n\n<p><em><strong>Paris Saint-Germain <em><strong><strong><em><span><b style=\"font-style: italic;\">\u2013<\/b><\/span><\/em><\/strong> FC Bayern M\u00fcnchen (21.00 Uhr)<\/strong><\/em><\/strong><\/em><\/p>\n\n\n\n<p><img loading=\"lazy\" decoding=\"async\" width=\"10\" height=\"21\" class=\"wp-image-3656\" style=\"width: 10px;\" src=\"http:\/\/kommentatorenblog.de\/wp-content\/uploads\/2020\/09\/shure-55sh-ii-e1601485394796.jpg\" alt=\"\" srcset=\"https:\/\/kommentatorenblog.de\/wp-content\/uploads\/2020\/09\/shure-55sh-ii-e1601485394796.jpg 415w, https:\/\/kommentatorenblog.de\/wp-content\/uploads\/2020\/09\/shure-55sh-ii-e1601485394796-142x300.jpg 142w\" sizes=\"auto, (max-width: 10px) 100vw, 10px\" \/> Jan Platte, Expertin: Julia Simic<\/p>\n\n\n\n<p><span style=\"text-decoration: underline;\">Donnerstag, 31. M\u00e4rz 2022, <\/span><span style=\"text-decoration: underline;\">ab 18.45 Uhr<\/span><\/p>\n\n\n\n<p><em><strong>VfL Wolfsburg<em><strong> <strong><em><span><b style=\"font-style: italic;\">\u2013<\/b><\/span><\/em><\/strong> FC Arsenal (18.45 Uhr)<\/strong><\/em><\/strong><\/em><br><img loading=\"lazy\" decoding=\"async\" width=\"10\" height=\"21\" class=\"wp-image-3656\" style=\"width: 10px;\" src=\"http:\/\/kommentatorenblog.de\/wp-content\/uploads\/2020\/09\/shure-55sh-ii-e1601485394796.jpg\" alt=\"\" srcset=\"https:\/\/kommentatorenblog.de\/wp-content\/uploads\/2020\/09\/shure-55sh-ii-e1601485394796.jpg 415w, https:\/\/kommentatorenblog.de\/wp-content\/uploads\/2020\/09\/shure-55sh-ii-e1601485394796-142x300.jpg 142w\" sizes=\"auto, (max-width: 10px) 100vw, 10px\" \/> Christoph Fetzer, Expertin: Josephine Henning<\/p>\n\n\n\n<hr class=\"wp-block-separator\"\/>\n\n\n\n<p class=\"has-vivid-red-color has-text-color\"><strong>3. Liga, Nachholspiel (Magenta Sport, NDR)<\/strong><\/p>\n\n\n\n<p><span style=\"text-decoration: underline;\">Samstag, 26. M\u00e4rz 2022, ab 13.45 Uhr (Magenta Sport); ab 14.00 Uhr (NDR)<\/span><\/p>\n\n\n\n<p><em><strong>VfL Osnabr\u00fcck<em><strong> <strong><em><span><b style=\"font-style: italic;\">\u2013<\/b><\/span><\/em><\/strong> Eintracht Braunschweig (14.00 Uhr)<\/strong><\/em><\/strong><\/em><\/p>\n\n\n\n<p><img loading=\"lazy\" decoding=\"async\" width=\"10\" height=\"21\" class=\"wp-image-3656\" style=\"width: 10px;\" src=\"http:\/\/kommentatorenblog.de\/wp-content\/uploads\/2020\/09\/shure-55sh-ii-e1601485394796.jpg\" alt=\"\" srcset=\"https:\/\/kommentatorenblog.de\/wp-content\/uploads\/2020\/09\/shure-55sh-ii-e1601485394796.jpg 415w, https:\/\/kommentatorenblog.de\/wp-content\/uploads\/2020\/09\/shure-55sh-ii-e1601485394796-142x300.jpg 142w\" sizes=\"auto, (max-width: 10px) 100vw, 10px\" \/> Magenta Sport: Stefan Fuckert<br>Moderation (Magenta Sport): Anett Sattler<\/p>\n\n\n\n<p><img loading=\"lazy\" decoding=\"async\" width=\"10\" height=\"21\" class=\"wp-image-3656\" style=\"width: 10px;\" src=\"http:\/\/kommentatorenblog.de\/wp-content\/uploads\/2020\/09\/shure-55sh-ii-e1601485394796.jpg\" alt=\"\" srcset=\"https:\/\/kommentatorenblog.de\/wp-content\/uploads\/2020\/09\/shure-55sh-ii-e1601485394796.jpg 415w, https:\/\/kommentatorenblog.de\/wp-content\/uploads\/2020\/09\/shure-55sh-ii-e1601485394796-142x300.jpg 142w\" sizes=\"auto, (max-width: 10px) 100vw, 10px\" \/> NDR: Hendrik Deichmann<br>Moderation (NDR): Martin Roschitz<\/p>\n\n\n\n<hr class=\"wp-block-separator\"\/>\n\n\n\n<p class=\"has-vivid-red-color has-text-color\"><strong>U21 L\u00e4nderspiel (Pro 7 MAXX)<\/strong><\/p>\n\n\n\n<p><span style=\"text-decoration: underline;\">Freitag, 25. M\u00e4rz 2022, <\/span><span style=\"text-decoration: underline;\">ab 18.00 Uhr<\/span><\/p>\n\n\n\n<p><em><strong>Deutschland<em><strong> <strong><em><span><b style=\"font-style: italic;\">\u2013<\/b><\/span><\/em><\/strong> Lettland (18.15 Uhr)<\/strong><\/em><\/strong><\/em><br><img loading=\"lazy\" decoding=\"async\" width=\"10\" height=\"21\" class=\"wp-image-3656\" style=\"width: 10px;\" src=\"http:\/\/kommentatorenblog.de\/wp-content\/uploads\/2020\/09\/shure-55sh-ii-e1601485394796.jpg\" alt=\"\" srcset=\"https:\/\/kommentatorenblog.de\/wp-content\/uploads\/2020\/09\/shure-55sh-ii-e1601485394796.jpg 415w, https:\/\/kommentatorenblog.de\/wp-content\/uploads\/2020\/09\/shure-55sh-ii-e1601485394796-142x300.jpg 142w\" sizes=\"auto, (max-width: 10px) 100vw, 10px\" \/> Matthias Stach<br>Moderation: Christian D\u00fcren, Experte: Rene Adler; Interviewer: Max Zielke<\/p>\n\n\n\n<hr class=\"wp-block-separator\"\/>\n\n\n\n<hr class=\"wp-block-separator\"\/>\n\n\n\n<p class=\"has-vivid-red-color has-text-color\"><strong>EM- Qualifikation Play-Offs (DAZN)<\/strong><\/p>\n\n\n\n<p><span style=\"text-decoration: underline;\">Donnerstag, 24. M\u00e4rz 2022, <\/span><span style=\"text-decoration: underline;\">ab 20.25 Uhr<\/span><\/p>\n\n\n\n<p><em><strong>Portugal<em><strong> <strong><em><span><b style=\"font-style: italic;\">\u2013<\/b><\/span><\/em><\/strong> T\u00fcrkei (20.45 Uhr)<\/strong><\/em><\/strong><\/em><br><img loading=\"lazy\" decoding=\"async\" width=\"10\" height=\"21\" class=\"wp-image-3656\" style=\"width: 10px;\" src=\"http:\/\/kommentatorenblog.de\/wp-content\/uploads\/2020\/09\/shure-55sh-ii-e1601485394796.jpg\" alt=\"\" srcset=\"https:\/\/kommentatorenblog.de\/wp-content\/uploads\/2020\/09\/shure-55sh-ii-e1601485394796.jpg 415w, https:\/\/kommentatorenblog.de\/wp-content\/uploads\/2020\/09\/shure-55sh-ii-e1601485394796-142x300.jpg 142w\" sizes=\"auto, (max-width: 10px) 100vw, 10px\" \/> Konferenz: Lukas Sch\u00f6nm\u00fcller; Einzelspiel: Uli Hebel, Experte: Sascha Bigalke<\/p>\n\n\n\n<p><em><strong>Schweden<em><strong> <strong><em><span><b style=\"font-style: italic;\">\u2013<\/b><\/span><\/em><\/strong> Tschechien <em><strong><em><strong>(20.45 Uhr)<\/strong><\/em><\/strong><\/em><\/strong><\/em><\/strong><\/em><br><img loading=\"lazy\" decoding=\"async\" width=\"10\" height=\"21\" class=\"wp-image-3656\" style=\"width: 10px;\" src=\"http:\/\/kommentatorenblog.de\/wp-content\/uploads\/2020\/09\/shure-55sh-ii-e1601485394796.jpg\" alt=\"\" srcset=\"https:\/\/kommentatorenblog.de\/wp-content\/uploads\/2020\/09\/shure-55sh-ii-e1601485394796.jpg 415w, https:\/\/kommentatorenblog.de\/wp-content\/uploads\/2020\/09\/shure-55sh-ii-e1601485394796-142x300.jpg 142w\" sizes=\"auto, (max-width: 10px) 100vw, 10px\" \/> Konferenz: David Ploch; Einzelspiel: Guido H\u00fcsgen<\/p>\n\n\n\n<p><em><strong>Italien<em><strong> <strong><em><span><b style=\"font-style: italic;\">\u2013<\/b><\/span><\/em><\/strong> Nordmazedonien <em><strong><em><strong>(20.45 Uhr)<\/strong><\/em><\/strong><\/em><\/strong><\/em><\/strong><\/em><br><img loading=\"lazy\" decoding=\"async\" width=\"10\" height=\"21\" class=\"wp-image-3656\" style=\"width: 10px;\" src=\"http:\/\/kommentatorenblog.de\/wp-content\/uploads\/2020\/09\/shure-55sh-ii-e1601485394796.jpg\" alt=\"\" srcset=\"https:\/\/kommentatorenblog.de\/wp-content\/uploads\/2020\/09\/shure-55sh-ii-e1601485394796.jpg 415w, https:\/\/kommentatorenblog.de\/wp-content\/uploads\/2020\/09\/shure-55sh-ii-e1601485394796-142x300.jpg 142w\" sizes=\"auto, (max-width: 10px) 100vw, 10px\" \/> Konferenz: Mario Rieker; Einzelspiel: Carsten Fu\u00df<\/p>\n\n\n\n<p><em><strong>Wales<em><strong> <strong><em><span><b style=\"font-style: italic;\">\u2013<\/b><\/span><\/em><\/strong> \u00d6sterreich <em><strong><em><strong>(20.45 Uhr)<\/strong><\/em><\/strong><\/em><\/strong><\/em><\/strong><\/em><br><img loading=\"lazy\" decoding=\"async\" width=\"10\" height=\"21\" class=\"wp-image-3656\" style=\"width: 10px;\" src=\"http:\/\/kommentatorenblog.de\/wp-content\/uploads\/2020\/09\/shure-55sh-ii-e1601485394796.jpg\" alt=\"\" srcset=\"https:\/\/kommentatorenblog.de\/wp-content\/uploads\/2020\/09\/shure-55sh-ii-e1601485394796.jpg 415w, https:\/\/kommentatorenblog.de\/wp-content\/uploads\/2020\/09\/shure-55sh-ii-e1601485394796-142x300.jpg 142w\" sizes=\"auto, (max-width: 10px) 100vw, 10px\" \/> Konferenz: Max Gross; Einzelspiel: Stefan Galler<\/p>\n\n\n\n<p>Moderation: Jan L\u00fcdeke<\/p>\n\n\n\n<p><span style=\"text-decoration: underline;\">Dienstag, 29. M\u00e4rz 2022, <\/span><span style=\"text-decoration: underline;\">ab 20.25 Uhr<\/span><\/p>\n\n\n\n<p><em><strong>Portugal<em><strong> <strong><em><span><b style=\"font-style: italic;\">\u2013<\/b><\/span><\/em><\/strong> Nordmazedonien (20.45 Uhr)<\/strong><\/em><\/strong><\/em><br><img loading=\"lazy\" decoding=\"async\" width=\"10\" height=\"21\" class=\"wp-image-3656\" style=\"width: 10px;\" src=\"http:\/\/kommentatorenblog.de\/wp-content\/uploads\/2020\/09\/shure-55sh-ii-e1601485394796.jpg\" alt=\"\" srcset=\"https:\/\/kommentatorenblog.de\/wp-content\/uploads\/2020\/09\/shure-55sh-ii-e1601485394796.jpg 415w, https:\/\/kommentatorenblog.de\/wp-content\/uploads\/2020\/09\/shure-55sh-ii-e1601485394796-142x300.jpg 142w\" sizes=\"auto, (max-width: 10px) 100vw, 10px\" \/> Konferenz: Lukas Sch\u00f6nm\u00fcller; Einzelspiel: Uli Hebel <\/p>\n\n\n\n<p><em><strong>Polen<em><strong> <strong><em><span><b style=\"font-style: italic;\">\u2013<\/b><\/span><\/em><\/strong> Schweden <em><strong><em><strong>(20.45 Uhr)<\/strong><\/em><\/strong><\/em><\/strong><\/em><\/strong><\/em><br><img loading=\"lazy\" decoding=\"async\" width=\"10\" height=\"21\" class=\"wp-image-3656\" style=\"width: 10px;\" src=\"http:\/\/kommentatorenblog.de\/wp-content\/uploads\/2020\/09\/shure-55sh-ii-e1601485394796.jpg\" alt=\"\" srcset=\"https:\/\/kommentatorenblog.de\/wp-content\/uploads\/2020\/09\/shure-55sh-ii-e1601485394796.jpg 415w, https:\/\/kommentatorenblog.de\/wp-content\/uploads\/2020\/09\/shure-55sh-ii-e1601485394796-142x300.jpg 142w\" sizes=\"auto, (max-width: 10px) 100vw, 10px\" \/> Konferenz: David Ploch; Einzelspiel: Guido H\u00fcsgen<\/p>\n\n\n\n<p>Moderation: Tobi Wahnschaffe <\/p>\n\n\n\n<hr class=\"wp-block-separator\"\/>\n\n\n\n<p class=\"has-vivid-red-color has-text-color\"><strong>Testspiele (DAZN)<\/strong><\/p>\n\n\n\n<p><span style=\"text-decoration: underline;\">Freitag, 25. M\u00e4rz 2022, ab 21.15 Uhr (DAZN)<\/span><\/p>\n\n\n\n<p><em><strong>Frankreich<em><strong> <strong><em><span><b style=\"font-style: italic;\">\u2013<\/b><\/span><\/em><\/strong> Elfenbeink\u00fcste (21.15 Uhr)<\/strong><\/em><\/strong><\/em><br><img loading=\"lazy\" decoding=\"async\" width=\"10\" height=\"21\" class=\"wp-image-3656\" style=\"width: 10px;\" src=\"http:\/\/kommentatorenblog.de\/wp-content\/uploads\/2020\/09\/shure-55sh-ii-e1601485394796.jpg\" alt=\"\" srcset=\"https:\/\/kommentatorenblog.de\/wp-content\/uploads\/2020\/09\/shure-55sh-ii-e1601485394796.jpg 415w, https:\/\/kommentatorenblog.de\/wp-content\/uploads\/2020\/09\/shure-55sh-ii-e1601485394796-142x300.jpg 142w\" sizes=\"auto, (max-width: 10px) 100vw, 10px\" \/> Fabian Pavlakovic<\/p>\n\n\n\n<p><span style=\"text-decoration: underline;\">Samstag, 26. M\u00e4rz 2022, <\/span><span style=\"text-decoration: underline;\">ab 18.30 Uhr<\/span><\/p>\n\n\n\n<p><em><strong>England<em><strong> <strong><em><span><b style=\"font-style: italic;\">\u2013<\/b><\/span><\/em><\/strong> Schweiz (18.30 Uhr)<\/strong><\/em><\/strong><\/em><br><img loading=\"lazy\" decoding=\"async\" width=\"10\" height=\"21\" class=\"wp-image-3656\" style=\"width: 10px;\" src=\"http:\/\/kommentatorenblog.de\/wp-content\/uploads\/2020\/09\/shure-55sh-ii-e1601485394796.jpg\" alt=\"\" srcset=\"https:\/\/kommentatorenblog.de\/wp-content\/uploads\/2020\/09\/shure-55sh-ii-e1601485394796.jpg 415w, https:\/\/kommentatorenblog.de\/wp-content\/uploads\/2020\/09\/shure-55sh-ii-e1601485394796-142x300.jpg 142w\" sizes=\"auto, (max-width: 10px) 100vw, 10px\" \/> Chris Putz<\/p>\n\n\n\n<p><em><strong>Spanien<em><strong> <strong><em><span><b style=\"font-style: italic;\">\u2013<\/b><\/span><\/em><\/strong> Albanien <em><strong><em><strong>(19.45 Uhr)<\/strong><\/em><\/strong><\/em><\/strong><\/em><\/strong><\/em><br><img loading=\"lazy\" decoding=\"async\" width=\"10\" height=\"21\" class=\"wp-image-3656\" style=\"width: 10px;\" src=\"http:\/\/kommentatorenblog.de\/wp-content\/uploads\/2020\/09\/shure-55sh-ii-e1601485394796.jpg\" alt=\"\" srcset=\"https:\/\/kommentatorenblog.de\/wp-content\/uploads\/2020\/09\/shure-55sh-ii-e1601485394796.jpg 415w, https:\/\/kommentatorenblog.de\/wp-content\/uploads\/2020\/09\/shure-55sh-ii-e1601485394796-142x300.jpg 142w\" sizes=\"auto, (max-width: 10px) 100vw, 10px\" \/> Guido H\u00fcsgen<\/p>\n\n\n\n<p><em><strong>Niederlande<em><strong> <strong><em><span><b style=\"font-style: italic;\">\u2013<\/b><\/span><\/em><\/strong> D\u00e4nemark <em><strong><em><strong>(20.45 Uhr)<\/strong><\/em><\/strong><\/em><\/strong><\/em><\/strong><\/em><br><img loading=\"lazy\" decoding=\"async\" width=\"10\" height=\"21\" class=\"wp-image-3656\" style=\"width: 10px;\" src=\"http:\/\/kommentatorenblog.de\/wp-content\/uploads\/2020\/09\/shure-55sh-ii-e1601485394796.jpg\" alt=\"\" srcset=\"https:\/\/kommentatorenblog.de\/wp-content\/uploads\/2020\/09\/shure-55sh-ii-e1601485394796.jpg 415w, https:\/\/kommentatorenblog.de\/wp-content\/uploads\/2020\/09\/shure-55sh-ii-e1601485394796-142x300.jpg 142w\" sizes=\"auto, (max-width: 10px) 100vw, 10px\" \/> Matthias Naebers<\/p>\n\n\n\n<p><span style=\"text-decoration: underline;\">Dienstag, 29. M\u00e4rz 2022, <\/span><span style=\"text-decoration: underline;\">ab 18.30 Uhr<\/span><\/p>\n\n\n\n<p><em><strong>England<em><strong> <strong><em><span><b style=\"font-style: italic;\">\u2013<\/b><\/span><\/em><\/strong> Elfenbeink\u00fcste (20.45 Uhr)<\/strong><\/em><\/strong><\/em><br><img loading=\"lazy\" decoding=\"async\" width=\"10\" height=\"21\" class=\"wp-image-3656\" style=\"width: 10px;\" src=\"http:\/\/kommentatorenblog.de\/wp-content\/uploads\/2020\/09\/shure-55sh-ii-e1601485394796.jpg\" alt=\"\" srcset=\"https:\/\/kommentatorenblog.de\/wp-content\/uploads\/2020\/09\/shure-55sh-ii-e1601485394796.jpg 415w, https:\/\/kommentatorenblog.de\/wp-content\/uploads\/2020\/09\/shure-55sh-ii-e1601485394796-142x300.jpg 142w\" sizes=\"auto, (max-width: 10px) 100vw, 10px\" \/> Simon Sterzer<\/p>\n\n\n\n<p><em><strong>T\u00fcrkei<em><strong> <strong><em><span><b style=\"font-style: italic;\">\u2013<\/b><\/span><\/em><\/strong> Italien <em><strong><em><strong>(20.45 Uhr)<\/strong><\/em><\/strong><\/em><\/strong><\/em><\/strong><\/em><br><img loading=\"lazy\" decoding=\"async\" width=\"10\" height=\"21\" class=\"wp-image-3656\" style=\"width: 10px;\" src=\"http:\/\/kommentatorenblog.de\/wp-content\/uploads\/2020\/09\/shure-55sh-ii-e1601485394796.jpg\" alt=\"\" srcset=\"https:\/\/kommentatorenblog.de\/wp-content\/uploads\/2020\/09\/shure-55sh-ii-e1601485394796.jpg 415w, https:\/\/kommentatorenblog.de\/wp-content\/uploads\/2020\/09\/shure-55sh-ii-e1601485394796-142x300.jpg 142w\" sizes=\"auto, (max-width: 10px) 100vw, 10px\" \/> Flo Hauser<\/p>\n\n\n\n<p><em><strong>Spanien<em><strong> <strong><em><span><b style=\"font-style: italic;\">\u2013<\/b><\/span><\/em><\/strong> Island <em><strong><em><strong>(20.45 Uhr)<\/strong><\/em><\/strong><\/em><\/strong><\/em><\/strong><\/em><br><img loading=\"lazy\" decoding=\"async\" width=\"10\" height=\"21\" class=\"wp-image-3656\" style=\"width: 10px;\" src=\"http:\/\/kommentatorenblog.de\/wp-content\/uploads\/2020\/09\/shure-55sh-ii-e1601485394796.jpg\" alt=\"\" srcset=\"https:\/\/kommentatorenblog.de\/wp-content\/uploads\/2020\/09\/shure-55sh-ii-e1601485394796.jpg 415w, https:\/\/kommentatorenblog.de\/wp-content\/uploads\/2020\/09\/shure-55sh-ii-e1601485394796-142x300.jpg 142w\" sizes=\"auto, (max-width: 10px) 100vw, 10px\" \/> Marcel Seufert<\/p>\n\n\n\n<p><em><strong>\u00d6sterreich<em><strong> <strong><em><span><b style=\"font-style: italic;\">\u2013<\/b><\/span><\/em><\/strong> Schottland (20.45 Uhr)<\/strong><\/em><\/strong><\/em><br><img loading=\"lazy\" decoding=\"async\" width=\"10\" height=\"21\" class=\"wp-image-3656\" style=\"width: 10px;\" src=\"http:\/\/kommentatorenblog.de\/wp-content\/uploads\/2020\/09\/shure-55sh-ii-e1601485394796.jpg\" alt=\"\" srcset=\"https:\/\/kommentatorenblog.de\/wp-content\/uploads\/2020\/09\/shure-55sh-ii-e1601485394796.jpg 415w, https:\/\/kommentatorenblog.de\/wp-content\/uploads\/2020\/09\/shure-55sh-ii-e1601485394796-142x300.jpg 142w\" sizes=\"auto, (max-width: 10px) 100vw, 10px\" \/> Max Gross<\/p>\n\n\n\n<p><em><strong>Frankreich<em><strong> <strong><em><span><b style=\"font-style: italic;\">\u2013<\/b><\/span><\/em><\/strong> S\u00fcdafrika <em><strong><em><strong>(21.15 Uhr)<\/strong><\/em><\/strong><\/em><\/strong><\/em><\/strong><\/em><br><img loading=\"lazy\" decoding=\"async\" width=\"10\" height=\"21\" class=\"wp-image-3656\" style=\"width: 10px;\" src=\"http:\/\/kommentatorenblog.de\/wp-content\/uploads\/2020\/09\/shure-55sh-ii-e1601485394796.jpg\" alt=\"\" srcset=\"https:\/\/kommentatorenblog.de\/wp-content\/uploads\/2020\/09\/shure-55sh-ii-e1601485394796.jpg 415w, https:\/\/kommentatorenblog.de\/wp-content\/uploads\/2020\/09\/shure-55sh-ii-e1601485394796-142x300.jpg 142w\" sizes=\"auto, (max-width: 10px) 100vw, 10px\" \/> Martin Kern <\/p>\n\n\n\n<hr class=\"wp-block-separator\"\/>\n\n\n\n<p class=\"has-vivid-red-color has-text-color\"><strong>Landespokal (3.Programme)<\/strong><\/p>\n\n\n\n<p><span style=\"text-decoration: underline;\">Freitag, 25. M\u00e4rz 2022, (mdr.de)<\/span><\/p>\n\n\n\n<p><em><strong>1.FC Magdeburg<em><strong> <strong><em><span><b style=\"font-style: italic;\">\u2013<\/b><\/span><\/em><\/strong> Halle- Ammendorf (19.00 Uhr)<\/strong><\/em><\/strong><\/em><br><img loading=\"lazy\" decoding=\"async\" width=\"10\" height=\"21\" class=\"wp-image-3656\" style=\"width: 10px;\" src=\"http:\/\/kommentatorenblog.de\/wp-content\/uploads\/2020\/09\/shure-55sh-ii-e1601485394796.jpg\" alt=\"\" srcset=\"https:\/\/kommentatorenblog.de\/wp-content\/uploads\/2020\/09\/shure-55sh-ii-e1601485394796.jpg 415w, https:\/\/kommentatorenblog.de\/wp-content\/uploads\/2020\/09\/shure-55sh-ii-e1601485394796-142x300.jpg 142w\" sizes=\"auto, (max-width: 10px) 100vw, 10px\" \/> Alexander K\u00fcpper<\/p>\n\n\n\n<p><span style=\"text-decoration: underline;\">Samstag, 26. M\u00e4rz 2022<\/span>(BR)<\/p>\n\n\n\n<p><em><strong>Aubstadt<em><strong> <strong><em><span><b style=\"font-style: italic;\">\u2013<\/b><\/span><\/em><\/strong> 1860 M\u00fcnchen (14.00 Uhr)<\/strong><\/em><\/strong><\/em><br><img loading=\"lazy\" decoding=\"async\" width=\"10\" height=\"21\" class=\"wp-image-3656\" style=\"width: 10px;\" src=\"http:\/\/kommentatorenblog.de\/wp-content\/uploads\/2020\/09\/shure-55sh-ii-e1601485394796.jpg\" alt=\"\" srcset=\"https:\/\/kommentatorenblog.de\/wp-content\/uploads\/2020\/09\/shure-55sh-ii-e1601485394796.jpg 415w, https:\/\/kommentatorenblog.de\/wp-content\/uploads\/2020\/09\/shure-55sh-ii-e1601485394796-142x300.jpg 142w\" sizes=\"auto, (max-width: 10px) 100vw, 10px\" \/> Philipp Eger<\/p>\n\n\n\n<p>Moderation Julia B\u00fcchler<\/p>\n\n\n\n<p><span style=\"text-decoration: underline;\">Samstag, 26. M\u00e4rz 2022<\/span>(RBB)<\/p>\n\n\n\n<p><em><strong>Energie Cottbus<em><strong> <strong><em><span><b style=\"font-style: italic;\">\u2013<\/b><\/span><\/em><\/strong> SV Babelsberg (14.00 Uhr)<\/strong><\/em><\/strong><\/em><br><img loading=\"lazy\" decoding=\"async\" width=\"10\" height=\"21\" class=\"wp-image-3656\" style=\"width: 10px;\" src=\"http:\/\/kommentatorenblog.de\/wp-content\/uploads\/2020\/09\/shure-55sh-ii-e1601485394796.jpg\" alt=\"\" srcset=\"https:\/\/kommentatorenblog.de\/wp-content\/uploads\/2020\/09\/shure-55sh-ii-e1601485394796.jpg 415w, https:\/\/kommentatorenblog.de\/wp-content\/uploads\/2020\/09\/shure-55sh-ii-e1601485394796-142x300.jpg 142w\" sizes=\"auto, (max-width: 10px) 100vw, 10px\" \/> Stephanie Baczyk<\/p>\n\n\n\n<p>Moderation Christian Dexne<\/p>\n\n\n\n<p><span style=\"text-decoration: underline;\">Samstag, 26. M\u00e4rz 2022, ab 14.00 Uhr (MDR- Konferenz, Einzelspiel z.T. im Stream)<\/span><\/p>\n\n\n\n<p><em><strong>Einheit Kamenz <em><strong><em><strong><strong><em><span><b style=\"font-style: italic;\">\u2013<\/b><\/span><\/em><\/strong> <\/strong><\/em><\/strong><\/em>FSV Zwickau<em><strong> (14.00 Uhr)<\/strong><\/em><\/strong><\/em><br><img loading=\"lazy\" decoding=\"async\" width=\"10\" height=\"21\" class=\"wp-image-3656\" style=\"width: 10px;\" src=\"http:\/\/kommentatorenblog.de\/wp-content\/uploads\/2020\/09\/shure-55sh-ii-e1601485394796.jpg\" alt=\"\" srcset=\"https:\/\/kommentatorenblog.de\/wp-content\/uploads\/2020\/09\/shure-55sh-ii-e1601485394796.jpg 415w, https:\/\/kommentatorenblog.de\/wp-content\/uploads\/2020\/09\/shure-55sh-ii-e1601485394796-142x300.jpg 142w\" sizes=\"auto, (max-width: 10px) 100vw, 10px\" \/> Eik Galley<\/p>\n\n\n\n<p><em><strong>SpVgg Geratal <em><strong><em><strong><strong><em><span><b style=\"font-style: italic;\">\u2013<\/b><\/span><\/em><\/strong> <\/strong><\/em><\/strong><\/em>FC Carl Zeiss Jena<em><strong>  (14.00 Uhr)<\/strong><\/em><\/strong><\/em><br><img loading=\"lazy\" decoding=\"async\" width=\"10\" height=\"21\" class=\"wp-image-3656\" style=\"width: 10px;\" src=\"http:\/\/kommentatorenblog.de\/wp-content\/uploads\/2020\/09\/shure-55sh-ii-e1601485394796.jpg\" alt=\"\" srcset=\"https:\/\/kommentatorenblog.de\/wp-content\/uploads\/2020\/09\/shure-55sh-ii-e1601485394796.jpg 415w, https:\/\/kommentatorenblog.de\/wp-content\/uploads\/2020\/09\/shure-55sh-ii-e1601485394796-142x300.jpg 142w\" sizes=\"auto, (max-width: 10px) 100vw, 10px\" \/> Alexander K\u00fcpper<\/p>\n\n\n\n<p><em><strong>Budissa Bautzen <em><strong><em><strong><strong><em><span><b style=\"font-style: italic;\">\u2013<\/b><\/span><\/em><\/strong> <\/strong><\/em><\/strong><\/em>BSG Chemie Leipzig<em><strong> (15.00 Uhr)<\/strong><\/em><\/strong><\/em><br><img loading=\"lazy\" decoding=\"async\" width=\"10\" height=\"21\" class=\"wp-image-3656\" style=\"width: 10px;\" src=\"http:\/\/kommentatorenblog.de\/wp-content\/uploads\/2020\/09\/shure-55sh-ii-e1601485394796.jpg\" alt=\"\" srcset=\"https:\/\/kommentatorenblog.de\/wp-content\/uploads\/2020\/09\/shure-55sh-ii-e1601485394796.jpg 415w, https:\/\/kommentatorenblog.de\/wp-content\/uploads\/2020\/09\/shure-55sh-ii-e1601485394796-142x300.jpg 142w\" sizes=\"auto, (max-width: 10px) 100vw, 10px\" \/> Bodo Boeck<\/p>\n\n\n\n<p><em><strong>Einheit Wernigerode <em><strong><em><strong><strong><em><span><b style=\"font-style: italic;\">\u2013<\/b><\/span><\/em><\/strong> <\/strong><\/em><\/strong><\/em>Hallescher FC<em><strong> (15.00 Uhr)<\/strong><\/em><\/strong><\/em><br><img loading=\"lazy\" decoding=\"async\" width=\"10\" height=\"21\" class=\"wp-image-3656\" style=\"width: 10px;\" src=\"http:\/\/kommentatorenblog.de\/wp-content\/uploads\/2020\/09\/shure-55sh-ii-e1601485394796.jpg\" alt=\"\" srcset=\"https:\/\/kommentatorenblog.de\/wp-content\/uploads\/2020\/09\/shure-55sh-ii-e1601485394796.jpg 415w, https:\/\/kommentatorenblog.de\/wp-content\/uploads\/2020\/09\/shure-55sh-ii-e1601485394796-142x300.jpg 142w\" sizes=\"auto, (max-width: 10px) 100vw, 10px\" \/> Torsten P\u00fcschel<\/p>\n\n\n\n<p><span style=\"text-decoration: underline;\">Sonntag, 27. M\u00e4rz 2022, a<span style=\"text-decoration: underline;\">b 16.00 Uhr (MDR- Konferenz, Einzelspiel z.T. im Stream)<\/span><\/span><\/p>\n\n\n\n<p><em><strong>Bischofswerdaer FV <em><strong><em><strong><strong><em><span><b style=\"font-style: italic;\">\u2013<\/b><\/span><\/em><\/strong> <\/strong><\/em><\/strong><\/em>Chemnitzer FC<em><strong> (16.00 Uhr)<\/strong><\/em><\/strong><\/em><br><img loading=\"lazy\" decoding=\"async\" width=\"10\" height=\"21\" class=\"wp-image-3656\" style=\"width: 10px;\" src=\"http:\/\/kommentatorenblog.de\/wp-content\/uploads\/2020\/09\/shure-55sh-ii-e1601485394796.jpg\" alt=\"\" srcset=\"https:\/\/kommentatorenblog.de\/wp-content\/uploads\/2020\/09\/shure-55sh-ii-e1601485394796.jpg 415w, https:\/\/kommentatorenblog.de\/wp-content\/uploads\/2020\/09\/shure-55sh-ii-e1601485394796-142x300.jpg 142w\" sizes=\"auto, (max-width: 10px) 100vw, 10px\" \/> Eik Galley<\/p>\n\n\n\n<p><em><strong>FC Rot-Wei\u00df Erfurt <em><strong><em><strong><strong><em><span><b style=\"font-style: italic;\">\u2013<\/b><\/span><\/em><\/strong> <\/strong><\/em><\/strong><\/em>ZFC Meuselwitz<em><strong> (16.00 Uhr)<\/strong><\/em><\/strong><\/em><br><img loading=\"lazy\" decoding=\"async\" width=\"10\" height=\"21\" class=\"wp-image-3656\" style=\"width: 10px;\" src=\"http:\/\/kommentatorenblog.de\/wp-content\/uploads\/2020\/09\/shure-55sh-ii-e1601485394796.jpg\" alt=\"\" srcset=\"https:\/\/kommentatorenblog.de\/wp-content\/uploads\/2020\/09\/shure-55sh-ii-e1601485394796.jpg 415w, https:\/\/kommentatorenblog.de\/wp-content\/uploads\/2020\/09\/shure-55sh-ii-e1601485394796-142x300.jpg 142w\" sizes=\"auto, (max-width: 10px) 100vw, 10px\" \/> Torsten P\u00fcschel<br>Moderation: Rene Kindermann<\/p>\n\n\n\n<p>CAF- WM- Qualifikation<\/p>\n\n\n\n<p><span style=\"text-decoration: underline;\">Freitag, 25. M\u00e4rz 2022, ab 15.55Uhr (sportdigital)<\/span><\/p>\n\n\n\n<p><em><strong>DR Kongo <em><strong><em><strong><strong><em><span><b style=\"font-style: italic;\">\u2013<\/b><\/span><\/em><\/strong> <\/strong><\/em><\/strong><\/em>Marokko <em><strong>(15.55 Uhr)<\/strong><\/em><\/strong><\/em><br><img loading=\"lazy\" decoding=\"async\" width=\"10\" height=\"21\" class=\"wp-image-3656\" style=\"width: 10px;\" src=\"http:\/\/kommentatorenblog.de\/wp-content\/uploads\/2020\/09\/shure-55sh-ii-e1601485394796.jpg\" alt=\"\" srcset=\"https:\/\/kommentatorenblog.de\/wp-content\/uploads\/2020\/09\/shure-55sh-ii-e1601485394796.jpg 415w, https:\/\/kommentatorenblog.de\/wp-content\/uploads\/2020\/09\/shure-55sh-ii-e1601485394796-142x300.jpg 142w\" sizes=\"auto, (max-width: 10px) 100vw, 10px\" \/> Collin Nagel<\/p>\n\n\n\n<p><em><strong>Mali <em><strong><em><strong><em><strong><strong><em><span><b style=\"font-style: italic;\">\u2013<\/b><\/span><\/em><\/strong> <\/strong><\/em><\/strong><\/em><\/strong><\/em>Tunesien<em><strong>  (17.55 Uhr)<\/strong><\/em><\/strong><\/em><br><img loading=\"lazy\" decoding=\"async\" width=\"10\" height=\"21\" class=\"wp-image-3656\" style=\"width: 10px;\" src=\"http:\/\/kommentatorenblog.de\/wp-content\/uploads\/2020\/09\/shure-55sh-ii-e1601485394796.jpg\" alt=\"\" srcset=\"https:\/\/kommentatorenblog.de\/wp-content\/uploads\/2020\/09\/shure-55sh-ii-e1601485394796.jpg 415w, https:\/\/kommentatorenblog.de\/wp-content\/uploads\/2020\/09\/shure-55sh-ii-e1601485394796-142x300.jpg 142w\" sizes=\"auto, (max-width: 10px) 100vw, 10px\" \/> Marcus Radefeld<\/p>\n\n\n\n<p><em><strong>Kamerun <em><strong><em><strong><em><strong><strong><em><span><b style=\"font-style: italic;\">\u2013<\/b><\/span><\/em><\/strong> <\/strong><\/em><\/strong><\/em><\/strong><\/em> Algerien<em><strong> (17.55 Uhr)<\/strong><\/em><\/strong><\/em><br><img loading=\"lazy\" decoding=\"async\" width=\"10\" height=\"21\" class=\"wp-image-3656\" style=\"width: 10px;\" src=\"http:\/\/kommentatorenblog.de\/wp-content\/uploads\/2020\/09\/shure-55sh-ii-e1601485394796.jpg\" alt=\"\" srcset=\"https:\/\/kommentatorenblog.de\/wp-content\/uploads\/2020\/09\/shure-55sh-ii-e1601485394796.jpg 415w, https:\/\/kommentatorenblog.de\/wp-content\/uploads\/2020\/09\/shure-55sh-ii-e1601485394796-142x300.jpg 142w\" sizes=\"auto, (max-width: 10px) 100vw, 10px\" \/> Arne Malsch<\/p>\n\n\n\n<p><em><strong>\u00c4gypten <em><strong><em><strong><em><strong><strong><em><span><b style=\"font-style: italic;\">\u2013<\/b><\/span><\/em><\/strong> <\/strong><\/em><\/strong><\/em><\/strong><\/em>Senegal<em><strong> (20.25 Uhr)<\/strong><\/em><\/strong><\/em><br><img loading=\"lazy\" decoding=\"async\" width=\"10\" height=\"21\" class=\"wp-image-3656\" style=\"width: 10px;\" src=\"http:\/\/kommentatorenblog.de\/wp-content\/uploads\/2020\/09\/shure-55sh-ii-e1601485394796.jpg\" alt=\"\" srcset=\"https:\/\/kommentatorenblog.de\/wp-content\/uploads\/2020\/09\/shure-55sh-ii-e1601485394796.jpg 415w, https:\/\/kommentatorenblog.de\/wp-content\/uploads\/2020\/09\/shure-55sh-ii-e1601485394796-142x300.jpg 142w\" sizes=\"auto, (max-width: 10px) 100vw, 10px\" \/> Karsten Linke<\/p>\n\n\n\n<p><em><strong>Ghana <em><strong><em><strong><em><strong><strong><em><span><b style=\"font-style: italic;\">\u2013<\/b><\/span><\/em><\/strong> <\/strong><\/em><\/strong><\/em><\/strong><\/em>Nigeria <em><strong>(20.25 Uhr)<\/strong><\/em><\/strong><\/em><br><img loading=\"lazy\" decoding=\"async\" width=\"10\" height=\"21\" class=\"wp-image-3656\" style=\"width: 10px;\" src=\"http:\/\/kommentatorenblog.de\/wp-content\/uploads\/2020\/09\/shure-55sh-ii-e1601485394796.jpg\" alt=\"\" srcset=\"https:\/\/kommentatorenblog.de\/wp-content\/uploads\/2020\/09\/shure-55sh-ii-e1601485394796.jpg 415w, https:\/\/kommentatorenblog.de\/wp-content\/uploads\/2020\/09\/shure-55sh-ii-e1601485394796-142x300.jpg 142w\" sizes=\"auto, (max-width: 10px) 100vw, 10px\" \/> J\u00f6rg Steiger<\/p>\n\n\n\n<p><span style=\"text-decoration: underline;\">Dienstag, 29. M\u00e4rz 2022, ab 18.55Uhr (sportdigital)<\/span><\/p>\n\n\n\n<p><em><strong>Senegal <em><strong><em><strong><strong><em><span><b style=\"font-style: italic;\">\u2013<\/b><\/span><\/em><\/strong> <\/strong><\/em><\/strong><\/em>\u00c4gypten <em><strong>(18.55 Uhr)<\/strong><\/em><\/strong><\/em><br><img loading=\"lazy\" decoding=\"async\" width=\"10\" height=\"21\" class=\"wp-image-3656\" style=\"width: 10px;\" src=\"http:\/\/kommentatorenblog.de\/wp-content\/uploads\/2020\/09\/shure-55sh-ii-e1601485394796.jpg\" alt=\"\" srcset=\"https:\/\/kommentatorenblog.de\/wp-content\/uploads\/2020\/09\/shure-55sh-ii-e1601485394796.jpg 415w, https:\/\/kommentatorenblog.de\/wp-content\/uploads\/2020\/09\/shure-55sh-ii-e1601485394796-142x300.jpg 142w\" sizes=\"auto, (max-width: 10px) 100vw, 10px\" \/> Karsten Linke<\/p>\n\n\n\n<p><em><strong>Nigeria <em><strong><em><strong><em><strong><strong><em><span><b style=\"font-style: italic;\">\u2013<\/b><\/span><\/em><\/strong> <\/strong><\/em><\/strong><\/em><\/strong><\/em>Ghana<em><strong> (18.55 Uhr)<\/strong><\/em><\/strong><\/em><br><img loading=\"lazy\" decoding=\"async\" width=\"10\" height=\"21\" class=\"wp-image-3656\" style=\"width: 10px;\" src=\"http:\/\/kommentatorenblog.de\/wp-content\/uploads\/2020\/09\/shure-55sh-ii-e1601485394796.jpg\" alt=\"\" srcset=\"https:\/\/kommentatorenblog.de\/wp-content\/uploads\/2020\/09\/shure-55sh-ii-e1601485394796.jpg 415w, https:\/\/kommentatorenblog.de\/wp-content\/uploads\/2020\/09\/shure-55sh-ii-e1601485394796-142x300.jpg 142w\" sizes=\"auto, (max-width: 10px) 100vw, 10px\" \/> Christian Blunck<\/p>\n\n\n\n<p><em><strong>Tunesien <em><strong><em><strong><em><strong><strong><em><span><b style=\"font-style: italic;\">\u2013<\/b><\/span><\/em><\/strong> <\/strong><\/em><\/strong><\/em><\/strong><\/em>Mali<em><strong> (21.25 Uhr)<\/strong><\/em><\/strong><\/em><br><img loading=\"lazy\" decoding=\"async\" width=\"10\" height=\"21\" class=\"wp-image-3656\" style=\"width: 10px;\" src=\"http:\/\/kommentatorenblog.de\/wp-content\/uploads\/2020\/09\/shure-55sh-ii-e1601485394796.jpg\" alt=\"\" srcset=\"https:\/\/kommentatorenblog.de\/wp-content\/uploads\/2020\/09\/shure-55sh-ii-e1601485394796.jpg 415w, https:\/\/kommentatorenblog.de\/wp-content\/uploads\/2020\/09\/shure-55sh-ii-e1601485394796-142x300.jpg 142w\" sizes=\"auto, (max-width: 10px) 100vw, 10px\" \/> Marcus Radefeld <\/p>\n\n\n\n<p><em><strong>Algerien <em><strong><em><strong><em><strong><strong><em><span><b style=\"font-style: italic;\">\u2013<\/b><\/span><\/em><\/strong> <\/strong><\/em><\/strong><\/em><\/strong><\/em>Kamerun <em><strong>(21.25 Uhr)<\/strong><\/em><\/strong><\/em><br><img loading=\"lazy\" decoding=\"async\" width=\"10\" height=\"21\" class=\"wp-image-3656\" style=\"width: 10px;\" src=\"http:\/\/kommentatorenblog.de\/wp-content\/uploads\/2020\/09\/shure-55sh-ii-e1601485394796.jpg\" alt=\"\" srcset=\"https:\/\/kommentatorenblog.de\/wp-content\/uploads\/2020\/09\/shure-55sh-ii-e1601485394796.jpg 415w, https:\/\/kommentatorenblog.de\/wp-content\/uploads\/2020\/09\/shure-55sh-ii-e1601485394796-142x300.jpg 142w\" sizes=\"auto, (max-width: 10px) 100vw, 10px\" \/> Jonathan Dreier<\/p>\n\n\n\n<p><em><strong>Marokko <em><strong><em><strong><em><strong><strong><em><span><b style=\"font-style: italic;\">\u2013<\/b><\/span><\/em><\/strong> <\/strong><\/em><\/strong><\/em><\/strong><\/em>DR Kongo <em><strong>(21.25 Uhr)<\/strong><\/em><\/strong><\/em><br><img loading=\"lazy\" decoding=\"async\" width=\"10\" height=\"21\" class=\"wp-image-3656\" style=\"width: 10px;\" src=\"http:\/\/kommentatorenblog.de\/wp-content\/uploads\/2020\/09\/shure-55sh-ii-e1601485394796.jpg\" alt=\"\" srcset=\"https:\/\/kommentatorenblog.de\/wp-content\/uploads\/2020\/09\/shure-55sh-ii-e1601485394796.jpg 415w, https:\/\/kommentatorenblog.de\/wp-content\/uploads\/2020\/09\/shure-55sh-ii-e1601485394796-142x300.jpg 142w\" sizes=\"auto, (max-width: 10px) 100vw, 10px\" \/> Collin Nagel<\/p>\n\n\n\n<p>Internationaler Fu\u00dfball (sportdigital)<\/p>\n\n\n\n<p><span style=\"text-decoration: underline;\"><span style=\"text-decoration: underline;\">Samstag, 26. M\u00e4rz 2022<\/span>,<\/span><\/p>\n\n\n\n<p>A-League (20. Spieltag)<em><strong>Macarthur FC <em><strong><em><strong><em><strong><em><strong><strong><em><span><b style=\"font-style: italic;\">\u2013<\/b><\/span><\/em><\/strong><\/strong><\/em><\/strong><\/em><\/strong><\/em><\/strong><\/em> Melbourne City<em><strong> (09.40 Uhr)<\/strong><\/em><\/strong><\/em><br><img loading=\"lazy\" decoding=\"async\" width=\"10\" height=\"21\" class=\"wp-image-3656\" style=\"width: 10px;\" src=\"http:\/\/kommentatorenblog.de\/wp-content\/uploads\/2020\/09\/shure-55sh-ii-e1601485394796.jpg\" alt=\"\" srcset=\"https:\/\/kommentatorenblog.de\/wp-content\/uploads\/2020\/09\/shure-55sh-ii-e1601485394796.jpg 415w, https:\/\/kommentatorenblog.de\/wp-content\/uploads\/2020\/09\/shure-55sh-ii-e1601485394796-142x300.jpg 142w\" sizes=\"auto, (max-width: 10px) 100vw, 10px\" \/> Ulf Kahmke<\/p>\n\n\n\n<p><span style=\"text-decoration: underline;\">Sonntag, 27. M\u00e4rz 2022<\/span><\/p>\n\n\n\n<p>A-League (20. Spieltag)<em><strong>Melbourne Victory <em><strong><em><strong><em><strong><em><strong><em><strong><strong><em><span><b style=\"font-style: italic;\">\u2013<\/b><\/span><\/em><\/strong><\/strong><\/em><\/strong><\/em><\/strong><\/em><\/strong><\/em> <\/strong><\/em>Western Sydney Wanderers<em><strong> (10.00 Uhr)<\/strong><\/em><\/strong><\/em><br><img loading=\"lazy\" decoding=\"async\" width=\"10\" height=\"21\" class=\"wp-image-3656\" style=\"width: 10px;\" src=\"http:\/\/kommentatorenblog.de\/wp-content\/uploads\/2020\/09\/shure-55sh-ii-e1601485394796.jpg\" alt=\"\" srcset=\"https:\/\/kommentatorenblog.de\/wp-content\/uploads\/2020\/09\/shure-55sh-ii-e1601485394796.jpg 415w, https:\/\/kommentatorenblog.de\/wp-content\/uploads\/2020\/09\/shure-55sh-ii-e1601485394796-142x300.jpg 142w\" sizes=\"auto, (max-width: 10px) 100vw, 10px\" \/> Karsten Linke<\/p>\n\n\n\n<p>MLS (5. Spieltag)<em><strong>Portland Timbers <em><strong><em><strong><em><strong><em><strong><em><strong><strong><em><span><b style=\"font-style: italic;\">\u2013<\/b><\/span><\/em><\/strong><\/strong><\/em><\/strong><\/em><\/strong><\/em><\/strong><\/em> <\/strong><\/em>Orlando City FC <em><strong>(22.05 Uhr)<\/strong><\/em><\/strong><\/em><br><img loading=\"lazy\" decoding=\"async\" width=\"10\" height=\"21\" class=\"wp-image-3656\" style=\"width: 10px;\" src=\"http:\/\/kommentatorenblog.de\/wp-content\/uploads\/2020\/09\/shure-55sh-ii-e1601485394796.jpg\" alt=\"\" srcset=\"https:\/\/kommentatorenblog.de\/wp-content\/uploads\/2020\/09\/shure-55sh-ii-e1601485394796.jpg 415w, https:\/\/kommentatorenblog.de\/wp-content\/uploads\/2020\/09\/shure-55sh-ii-e1601485394796-142x300.jpg 142w\" sizes=\"auto, (max-width: 10px) 100vw, 10px\" \/> Karsten Linke<\/p>\n\n\n\n<hr class=\"wp-block-separator\"\/>\n\n\n\n<pre id=\"analyse\" class=\"wp-block-preformatted has-vivid-red-color has-text-color\"><strong>Analyse<\/strong><\/pre>\n\n\n\n<p><strong>DFB- Herren legen los<\/strong><\/p>\n\n\n\n<p>Wie bereits im Vorwort erw\u00e4hnt, das erste L\u00e4nderspiel der DFB- Herren in diesem Jahr steht an, und damit auch das erste M\u00e4nnerspiel im ZDF seit dem EM Finale 2021. Wie beim Spiel England gegen Italien werden auch diesmal Kommentator Oliver Schmidt, Moderator Jochen Breyer und Experte Per Mertesacker im Einsatz sein. Die drei melden sich aus dem Stadion in Sinsheim, ebenso die beiden Interviewer Lars Ruthemann und Boris B\u00fcchler. Das Team das unsere DFB-Herren am Dienstag nach Amsterdam begleitet wurde erg\u00e4nzt. <\/p>\n\n\n\n<p><strong>Normaler Spieltag in der Frauen-Bundesliga<\/strong><\/p>\n\n\n\n<p>W\u00e4hrend die Herren gr\u00f6\u00dftenteils L\u00e4nderspiele haben, steht in der Frauen-Bundesliga ein normaler Spieltag an. Los geht es am Freitag in Freiburg beim Spiel des Sportclubs gegen Turbine Potsdam. Ansto\u00df ist bereits um 18.00 Uhr, das Spiel wird sowohl bei Magenta als auch Eurosport zu sehen sein, wo erneut Markus Theil kommentiert.<\/p>\n\n\n\n<p>Weiter geht es am Samstag in Frankfurt, wo die Eintracht die W\u00f6lfinnen empfangen, neben Magenta mit Alex Kunz ist auch der hr im Stream dabei, <s>wer kommentiert, reichen wir nach, sobald wir es wissen<\/s>.  Kommentator wird, wie bereits beim letzten Eintracht- Heimspiel, Patrick Stricker sein. Am Sonntag geht es dann mit den vier restlichen Spielen bei Magenta weiter, dabei sind in Engelhardt, Seyberth, Piller und K\u00f6pfer bekannte Stimmen der Frauen- Bundesliga zu h\u00f6ren. <\/p>\n\n\n\n<p>Die Ansetzungen zu den R\u00fcckspielen in der UEFA WOMAN&#8217;S CHAMPIONS LEAGUE wurden erg\u00e4nzt. <\/p>\n\n\n\n<p>Die dritte Liga hat unterdessen keinen regul\u00e4ren Spieltag, daf\u00fcr aber einen Teilnehmer weniger, T\u00fcrkg\u00fcc\u00fc M\u00fcnchen zieht zur\u00fcck, daneben gibt es noch ein Nachholspiel: Osnabr\u00fcck- Braunschweig. Eine Partie, die sich auch der NDR nicht nehmen lassen wollte, dadurch kommt Martin Roschitz zu seinem zweiten Moderationseinsatz diese Saison, Hendrik Deichmann kommentiert.<\/p>\n\n\n\n<p><strong>Playoff- Konferenz bei DAZN<\/strong><\/p>\n\n\n\n<p>So nun aber zur\u00fcck zu den L\u00e4nderspielen. Bleiben wir erstmal noch in Deutschland. Bevor die A-Elf ihr Spiel am Samstag bestreiten wird, trifft am Freitag die U21 gegen Lettland an. Aus dem Tivoli melden sich daf\u00fcr Moderator Christian D\u00fcren und Experte Rene Adler. W\u00e4hrend Anton Stach mittlerweile im Kader der A- Nationalmannschaft ist, kommentiert sein Vater, Matthias Stach, weiterhin die U21.<\/p>\n\n\n\n<p>International stehen ab Donnerstag einige L\u00e4nderspiele an. Am Donnerstag geht es dabei um die Qualifikation f\u00fcr die WM 2022. Dadurch hat DAZN am Donnerstag eine Playoff- Konferenz im Angebot, mit dabei: Sch\u00f6nm\u00fcller, Ploch, Rieker und Gross. Beim Spiel des ehemaligen deutschen U21 Trainers Kuntz (Portugal- T\u00fcrkei) darf Uli Hebel als Einzelspielkommentator ran. Eigentlich h\u00e4tten nicht nur vier Spiele in den Playoff- Halbfinals angestanden, sogar insgesamt sechs. Die Begegnung Schottland- Ukraine musste aufgrund des Ukraine- Kriegs jedoch auf unbestimmte Zeit verschoben werden. Die Begegnung Russland- Polen wurde aus demselben Grund abgesagt und Polen steht dadurch schon in einem der drei Playoffs- Finals. Die Ansetzungen zu den Finals wurden erg\u00e4nzt. <\/p>\n\n\n\n<p>Freitag und Samstag gibt es dann Testspiele, u.a. mit dabei Frankreich- Elfenbeink\u00fcste mit Fabian Pavlakovic und England- Schweiz mit Kommentator Chris Putz. Die weiteren Testspiele wurden erg\u00e4nzt. <\/p>\n\n\n\n<p><strong>Ordentlich was los beim MDR<\/strong><\/p>\n\n\n\n<p>Abschlie\u00dfend nochmal ein Blick zur\u00fcck nach Deutschland: Hier stehen am Wochenende noch einige Partien in den verschiedenen Landespokalen an. Der BR und RBB \u00fcbertragen dabei jeweils ein Halbfinale an diesem Wochenende live im TV. Der MDR zeigt von Freitag bis Sonntag gleich sieben Partien, die am Wochenende gibt es im TV in einer Vierer- bzw. Zweier- Konferenz zu sehen. Torsten P\u00fcschel, Eik Galley und Alexander K\u00fcpper sind dabei jeweils doppelt zu h\u00f6ren.<\/p>\n\n\n\n<p>Bei sportdigital gibt es zudem noch die Partien der CAF WM- Qualifikation. Hier wird ab 17.55 Uhr auch eine Konferenz abgegeben. Daneben gibt es noch drei Partien aus Australien beziehungsweise den USA. Die weiteren Ansetzungen von Sportdigital f\u00fcr unter der Woche werden noch erg\u00e4nzt. <\/p>\n\n\n\n<p>Das war es von den Ansetzungen von diesem Wochenende. Im \u00dcbrigen dem letzten TV- Wintersportwochenende. In Planica stehen die letzten Skifl\u00fcge der Saison am, im Eiskunstlauf geht es noch um den WM- Titel und die Snowboarder treten im Slopestyle los. Viel Spa\u00df bei dem umfangreichen Sport- und Fu\u00dfballprogramm sowie ein sportliches und friedliches Wochenende! <\/p>\n\n\n\n<hr class=\"wp-block-separator\"\/>\n","protected":false},"excerpt":{"rendered":"<p>UPDATE: Die Ansetzungen vom 29. M\u00e4rz bis zum 31. M\u00e4rz 2022 wurden erg\u00e4nzt! (LG Justin) N&#8217;Abend allerseits, der Titel sagt es bereits, die deutsche Fu\u00dfball- Nationalmannschaft der Herren bestreitet ihre ersten beiden L\u00e4nderspiele in diesem Kalenderjahr. Los geht es am Samstagabend in Sinsheim gegen Israel. Das zweite Spiel steht dann am Dienstag in Amsterdam gegen [&hellip;]<\/p>\n","protected":false},"author":9,"featured_media":0,"comment_status":"open","ping_status":"open","sticky":false,"template":"","format":"standard","meta":{"footnotes":""},"categories":[426],"tags":[292,163,46,645,355,706,178,131,256,499,535,302,165,13,462,97,356,132,155,704,123,48,39,675,605,205,276,243,239,700,130,223,283,17,634,109,293,161,238,312,707,415,696,394,154,620,639,252,273,705,105,37],"class_list":["post-12387","post","type-post","status-publish","format-standard","hentry","category-laenderspiele","tag-alex-kunz","tag-alexander-kuepper","tag-anett-sattler","tag-antonia-engelhardt","tag-bastian-schweinsteiger","tag-bodo-boeck","tag-br","tag-carsten-fuss","tag-cedric-pick","tag-chris-putz","tag-christian-dexne","tag-christoph-fetzer","tag-david-ploch","tag-dazn","tag-eik-galley","tag-esther-sedlaczek","tag-fabian-pavlakovic","tag-flo-hauser","tag-guido-huesgen","tag-hendrik-deichmann","tag-jan-luedeke","tag-jan-platte","tag-jochen-breyer","tag-josephine-henning","tag-julia-buechler","tag-lukas-schoenmueller","tag-marcel-seufert","tag-mario-rieker","tag-markus-theil","tag-martin-kern","tag-martin-piller","tag-matthias-naebers","tag-max-gross","tag-mdr","tag-michael-seyberth","tag-oliver-schmidt","tag-oskar-heirler","tag-per-mertesacker","tag-philipp-eger","tag-rbb","tag-rene-kindermann-2","tag-simon-koepfer","tag-simon-sterzer","tag-stefan-fuckert","tag-stefan-galler","tag-stephanie-baczyk","tag-tabea-kemme","tag-tobi-wahnschaffe","tag-tom-bartels","tag-torsten-pueschel","tag-uli-hebel","tag-zdf"],"_links":{"self":[{"href":"https:\/\/kommentatorenblog.de\/index.php?rest_route=\/wp\/v2\/posts\/12387","targetHints":{"allow":["GET"]}}],"collection":[{"href":"https:\/\/kommentatorenblog.de\/index.php?rest_route=\/wp\/v2\/posts"}],"about":[{"href":"https:\/\/kommentatorenblog.de\/index.php?rest_route=\/wp\/v2\/types\/post"}],"author":[{"embeddable":true,"href":"https:\/\/kommentatorenblog.de\/index.php?rest_route=\/wp\/v2\/users\/9"}],"replies":[{"embeddable":true,"href":"https:\/\/kommentatorenblog.de\/index.php?rest_route=%2Fwp%2Fv2%2Fcomments&post=12387"}],"version-history":[{"count":23,"href":"https:\/\/kommentatorenblog.de\/index.php?rest_route=\/wp\/v2\/posts\/12387\/revisions"}],"predecessor-version":[{"id":12432,"href":"https:\/\/kommentatorenblog.de\/index.php?rest_route=\/wp\/v2\/posts\/12387\/revisions\/12432"}],"wp:attachment":[{"href":"https:\/\/kommentatorenblog.de\/index.php?rest_route=%2Fwp%2Fv2%2Fmedia&parent=12387"}],"wp:term":[{"taxonomy":"category","embeddable":true,"href":"https:\/\/kommentatorenblog.de\/index.php?rest_route=%2Fwp%2Fv2%2Fcategories&post=12387"},{"taxonomy":"post_tag","embeddable":true,"href":"https:\/\/kommentatorenblog.de\/index.php?rest_route=%2Fwp%2Fv2%2Ftags&post=12387"}],"curies":[{"name":"wp","href":"https:\/\/api.w.org\/{rel}","templated":true}]}}