{"id":124,"date":"2019-08-05T18:51:47","date_gmt":"2019-08-05T18:51:47","guid":{"rendered":"http:\/\/kommentatorenblog.de\/?p=124"},"modified":"2020-12-30T16:08:18","modified_gmt":"2020-12-30T16:08:18","slug":"1005-what-a-strike","status":"publish","type":"post","link":"https:\/\/kommentatorenblog.de\/?p=124","title":{"rendered":"1005 &#8211; &#8222;What a Strike&#8220;"},"content":{"rendered":"\n<p>N\u00b4Abend allerseits,<br>Am Freitag wird also auf der Insel wieder gekickt, die Premier League geht in eine neue Spielzeit. Der amtierende Champions League Sieger Liverpool steigt in den Ring und bekommt es an der heimischen Anfield Road mit den Aufsteigern aus Norwich zu tun. Das alles war ja bereits seit l\u00e4ngerer Zeit bekannt. Was jedoch nicht bekannt war ist die Art der \u00dcbertragung, die hier in Deutschland angeboten wird. <strong>Sky <\/strong>hat sich die Liga nach dreij\u00e4hriger Abstinenz zur\u00fcck ins Boot geholt, nun gibt es ein paar Details, was der Sender mit der Liga so vor hat:<br>Das Sonntagabendspiel, \u00dcbertragungsbeginn um 17.00 Uhr, Anpfiff um 17.30 Uhr, wird, laut Quotenmeter, von Florian Schmidt-Sommerfeldt, kurz &#8222;Schmiso, moderiert, durch die 90 Minuten wird er uns ebenfalls begleiten. Aussage Sky:  \u201cWir werden das Topspiel mit Top-Gesichtern ausschm\u00fccken\u201d. <br>Am kommenden Freitag, also zum Saisonauftakt, wird sich die Sky-Crew live von der Insel melden.<br>Es gibt neue Stimmen zu h\u00f6ren, so sicherte sich Sky die Dienste von Joachim &#8222;Jogi&#8220; Hebel (zuvor vor allem bei DAZN zu h\u00f6ren) und Hannes Herrmann (unsere Leser wissen Bescheid, zuvor Sportdigital)<br>Als Experten konnte der Sender Ren\u00e9 Adler und Mladen Petric f\u00fcr sich gewinnen, auch der beliebte Erik Meijer, haupts\u00e4chlich bekannt durch seine Analysen in der Champions League, wird regelm\u00e4\u00dfig beim Topspiel zu Gast sein.<br>Sky offenbar sehr wichtig: Man hat extra f\u00fcr die Premier League einen eigenen Instagram Account erstellt. Krasse Sache. <a href=\"https:\/\/www.instagram.com\/skysportpl\/\">Hier<\/a> entlang!<\/p>\n\n\n\n<p><strong>Auch ein paar Infos zur Bundesliga sind durchgesickert!<\/strong><\/p>\n\n\n\n<p>So gibt Dietmar Hamann Samstagmittags den Experten, w\u00e4hrend Lothar Matth\u00e4us logischerweise der Mann f\u00fcr das Topspiel bleibt. Ansonsten bleibt es beim altem: Die Vorberichte stammen zumeist aus dem Studio in M\u00fcnchen, lediglich beim Topspiel gibt es die Vorberichte, in bew\u00e4hrter Form mit Sebastian Hellmann und eben jenen Matth\u00e4us, komplett aus dem Stadion.<br>Es gibt keine speziellen &#8222;Schiri-Experten&#8220; mehr, Peter Gagelmann und Markus Merk sind also Geschichte. Um die strittigen Situation k\u00fcmmern sich k\u00fcnftig die Experten, die eh schon vorhanden sind. <br>Ewald Lienen und Heribert Bruchhagen sollen als Experten &#8222;regelm\u00e4\u00dfig zur Verf\u00fcgung stehen&#8220;<br>Sonntags vertraut man dem Konzept der zweiten Liga und setzt hier wechselnde Experten ein, Jessica Libbertz und Britta Hofmann moderieren die Sendungen. <br>Frank Buschmann wird ab der kommenden Spielzeit auch ein Topspiel-Kommentator, er gesellt sich damit zu den Herren Fuss, Dittmann und Gro\u00df.<br>Somit sieht der Plan bei Sky also folgenderma\u00dfen aus, wenn ich das alles richtig interpretiere:<br>Samstagnachmittag, Moderation: Michael Leopold oder Esther Sedlaczek, &#8222;Fester&#8220; Experte: Dietmar Hamann<br>Samstagabend, Moderation: Sebastian Hellmann, Experte: Lothar Matth\u00e4us, Kommentatoren: Wolff Fuss, Kai Dittmann, Martin Gro\u00df, Frank Buschmann<br>Sonntag, Moderation: Jessica Libbertz oder Britta Hofmann, Experten: Mladen Petric, Ren\u00e9 Adler, Hannes Wolf, Ewald Lienen, Heribert Bruchhagen<br>Quelle: <a href=\"https:\/\/www.presseportal.de\/pm\/33221\/4341303\">Presseportal<\/a><\/p>\n\n\n\n<p>Was sagt ihr zu den Infos? Bewertet ihr diese positiv oder seht ihr das ganze eher zwiegespalten? Ab in die Kommentare damit!<br><br><strong><em><span style=\"text-decoration: underline;\">Die Ansetzungen vom 06. August 2019 bis zum 08. August 2019<\/span><\/em><\/strong><\/p>\n\n\n\n<p><span style=\"text-decoration: underline;\">Donnerstag, 08. August 2019 ab 20.00 Uhr (Nitro)<\/span><\/p>\n\n\n\n<p><strong><em>Europa League Qualifikation &#8211; 3. Runde, Hinspiel<\/em><\/strong><\/p>\n\n\n\n<p><strong><em>FC Vaduz &#8211; Eintracht Frankfurt (20.30 Uhr)<\/em><\/strong><\/p>\n\n\n\n<p>Nitro: Marco Hagemann<br><br>Moderation (Nitro): Laura Wontorra<\/p>\n\n\n\n<p><strong><em>Fu\u00dfball International <\/em><\/strong><\/p>\n\n\n\n<p><span style=\"text-decoration: underline;\">Dienstag, 06. August 2019<\/span><\/p>\n\n\n\n<p>Carabao Cup, 1. Runde: <strong><em>FC Portsmouth &#8211; Birmingham City (20.45 Uhr)<\/em><\/strong><\/p>\n\n\n\n<p>DAZN: Uli Hebel<\/p>\n\n\n\n<p><span style=\"text-decoration: underline;\">Donnerstag, 08. August 2019<\/span><\/p>\n\n\n\n<p>Copa do Brasil, Halbfinale, Hinspiel: <strong><em>Cruzeiro &#8211; Internacional Porto Alegre<\/em><\/strong> <strong><em>(02.25 Uhr)<\/em><\/strong><\/p>\n\n\n\n<p>Sportdigital: Christian Blunck<\/p>\n\n\n\n<p><strong><em><span style=\"text-decoration: underline;\">Die Analyse<\/span><\/em><\/strong><\/p>\n\n\n\n<p>Es gibt nicht wirklich viel zu sehen. Frankfurt tingelt weiter durch die Euro League Quali, dieses mal geht\u00b4s nach Lichtenstein. In England l\u00e4uft die erste Runde des Carabao Cup, der verbliebene Hebel-Bruder leiht dem Spiel seine Stimme. Christian Blunck \u00fcbernimmt f\u00fcr Sportdigital die Nachtschicht. <\/p>\n\n\n\n<p>Euch eine gute Woche!<br><\/p>\n","protected":false},"excerpt":{"rendered":"<p>N\u00b4Abend allerseits,Am Freitag wird also auf der Insel wieder gekickt, die Premier League geht in eine neue Spielzeit. Der amtierende Champions League Sieger Liverpool steigt in den Ring und bekommt es an der heimischen Anfield Road mit den Aufsteigern aus Norwich zu tun. Das alles war ja bereits seit l\u00e4ngerer Zeit bekannt. Was jedoch nicht [&hellip;]<\/p>\n","protected":false},"author":4,"featured_media":0,"comment_status":"open","ping_status":"open","sticky":false,"template":"","format":"standard","meta":{"footnotes":""},"categories":[429],"tags":[60,62,64,13,42,61,41,23,22,52],"class_list":["post-124","post","type-post","status-publish","format-standard","hentry","category-diverses","tag-bundesliga","tag-carabao-cup","tag-copa-do-brasil","tag-dazn","tag-europa-league","tag-frank-buschmann","tag-nitro","tag-premier-league","tag-sky","tag-sportdigital"],"_links":{"self":[{"href":"https:\/\/kommentatorenblog.de\/index.php?rest_route=\/wp\/v2\/posts\/124","targetHints":{"allow":["GET"]}}],"collection":[{"href":"https:\/\/kommentatorenblog.de\/index.php?rest_route=\/wp\/v2\/posts"}],"about":[{"href":"https:\/\/kommentatorenblog.de\/index.php?rest_route=\/wp\/v2\/types\/post"}],"author":[{"embeddable":true,"href":"https:\/\/kommentatorenblog.de\/index.php?rest_route=\/wp\/v2\/users\/4"}],"replies":[{"embeddable":true,"href":"https:\/\/kommentatorenblog.de\/index.php?rest_route=%2Fwp%2Fv2%2Fcomments&post=124"}],"version-history":[{"count":7,"href":"https:\/\/kommentatorenblog.de\/index.php?rest_route=\/wp\/v2\/posts\/124\/revisions"}],"predecessor-version":[{"id":131,"href":"https:\/\/kommentatorenblog.de\/index.php?rest_route=\/wp\/v2\/posts\/124\/revisions\/131"}],"wp:attachment":[{"href":"https:\/\/kommentatorenblog.de\/index.php?rest_route=%2Fwp%2Fv2%2Fmedia&parent=124"}],"wp:term":[{"taxonomy":"category","embeddable":true,"href":"https:\/\/kommentatorenblog.de\/index.php?rest_route=%2Fwp%2Fv2%2Fcategories&post=124"},{"taxonomy":"post_tag","embeddable":true,"href":"https:\/\/kommentatorenblog.de\/index.php?rest_route=%2Fwp%2Fv2%2Ftags&post=124"}],"curies":[{"name":"wp","href":"https:\/\/api.w.org\/{rel}","templated":true}]}}