{"id":1244,"date":"2020-01-20T20:26:44","date_gmt":"2020-01-20T20:26:44","guid":{"rendered":"http:\/\/kommentatorenblog.de\/?p=1244"},"modified":"2020-12-30T16:06:22","modified_gmt":"2020-12-30T16:06:22","slug":"1049-gelungenes-comeback","status":"publish","type":"post","link":"https:\/\/kommentatorenblog.de\/?p=1244","title":{"rendered":"1049 &#8211; Gelungenes Comeback"},"content":{"rendered":"\n<p>N\u2019Abend allerseits,<\/p>\n\n\n\n<p>der Schlussstrich unter der Winterpause ist hiermit gezogen. In der Bundesliga wurde uns zum Einstand direkt Einiges geboten. Sp\u00e4testens am Samstagnachmittag kam der neutrale Zuschauer voll auf seine Kosten, als Dortmund zur Aufholjagd ansetzte. Oder aber schon am Freitagabend, denn Schalke und Gladbach spielten einen schnellen Stiefel und verlangten einander alles ab in einer taktisch hochinteressanten Begegnung.<\/p>\n\n\n\n<p>Wie wahrscheinlich die meisten, wollte ich auf einen Kommentar live aus dem Stadion zum R\u00fcckrundenauftakt nicht verzichten. Deshalb hie\u00df es f\u00fcr mich Oliver Schmidt und ZDF statt Jan Platte und DAZN. Zugegeben, es war etwas ungewohnt, die Stimme von Schmidt in der Bundesliga zu h\u00f6ren und nicht etwa in einem L\u00e4nderspiel. Aber seine Leistung war in etwa so solide wie die der Hausherren.<\/p>\n\n\n\n<p>Im Nachgang durfte sich Jonas Hofmann dann den hartn\u00e4ckigen Fragen von Boris B\u00fcchler stellen und fand am Ende nur noch eine Floskel herauszukramen, die einen anderen aus dem ZDF-Team erfreute. \u201eWeiter immer weiter\u201c, lie\u00df der Gladbacher verlauten und zitierte damit Oliver Kahn, der sich ein kleines Schmunzeln nicht verkneifen konnte.<\/p>\n\n\n\n<p>Am Samstag dominierte in der Konferenz ein gewisser Frank Buschmann, was wenig verwundert, bei einem Blick auf das torreiche Comeback des BVB. Buschmann war wieder einmal v\u00f6llig von der Rolle, musste sich h\u00e4ufig selbst korrigieren und wirkte teilweise ein bisschen zu verwirrt, um ihm noch g\u00e4nzlich folgen zu k\u00f6nnen. Aber keine Frage: Mit dem \u00dcberraschungshattrick von Erling Haland hatte \u201eBuschi\u201c gewiss seinen Spa\u00df.<\/p>\n\n\n\n<p><strong>Paderborn weicht PL-Topspiel<\/strong><\/p>\n\n\n\n<p>Zum Abschluss des Spieltags freute ich mich auf die Stimme Hansi K\u00fcppers, der zum ersten Mal seit November ein Einzelspiel in der Bundesliga kommentieren durfte. Kurz nach seinem Versuch, die Leistung der Paderborner im ersten Durchgang sch\u00f6nzureden, wechselte ich aber den Sender. Denn parallel wurde in der Premier League das Spiel der Woche seinem Namen gerecht.<\/p>\n\n\n\n<p>Liverpool und Man United boten attraktiveren und vor allem spannenderen Fu\u00dfball. Phasenweise uferten die Lobhudeleien des Kommentatorenduos hinsichtlich der Liverpooler Leistung ein wenig aus. Doch als dann auch die Red Devils einen Gang h\u00f6her schalteten, hielten sich Florian Schmidt-Sommerfeld und Ren\u00e9 Adler wieder bedeckter. Insgesamt gefiel mir die Art und Weise des Kommentars gut. Wobei die beiden am Mikro teilweise ihre Rollen tauschten, wenn es um die Qualit\u00e4t der Wortbeitr\u00e4ge ging.<\/p>\n\n\n\n<p>So viel zum Res\u00fcmee und nun zu den Ansetzungen.<\/p>\n\n\n\n<p><em><strong><span style=\"text-decoration: underline;\">Die Ansetzungen vom 21. Januar 2020 bis zum 22. Januar 2020<\/span><\/strong><\/em><\/p>\n\n\n\n<p><strong>Premier League, 24. Spieltag<\/strong><\/p>\n\n\n\n<p><span style=\"text-decoration: underline;\">Dienstag, 21. Januar, ab 20.20 Uhr (Sky)<\/span><\/p>\n\n\n\n<p><strong><em>Sheffield United &#8211; Manchester City (20.30 Uhr)<\/em><\/strong><\/p>\n\n\n\n<p>Sky: Sven Schr\u00f6ter<\/p>\n\n\n\n<p><span style=\"text-decoration: underline;\">ab 21.00 Uhr<\/span><\/p>\n\n\n\n<p><strong><em>FC Chelsea &#8211; FC Arsenal (21.15 Uhr)<\/em><\/strong><\/p>\n\n\n\n<p>Sky: Sascha Roos<\/p>\n\n\n\n<p><span style=\"text-decoration: underline;\">Mittwoch, 22. Januar, ab 20.20 Uhr (Sky)<\/span><\/p>\n\n\n\n<p><em><strong>Leicester City &#8211; West Ham United (20.30 Uhr)<\/strong><\/em><\/p>\n\n\n\n<p>Sky: Sascha Roos<\/p>\n\n\n\n<p><span style=\"text-decoration: underline;\">ab 21.00 Uhr<\/span><\/p>\n\n\n\n<p><em><strong>Manchester United &#8211; FC Burnley (21.15 Uhr)<\/strong><\/em><\/p>\n\n\n\n<p>Sky: Joachim Hebel<\/p>\n\n\n\n<p><span style=\"text-decoration: underline;\">Donnerstag, 23. Januar, ab 20.30 Uhr (Sky)<\/span><\/p>\n\n\n\n<p><strong><em>Wolverhampton Wanderers &#8211; FC Liverpool (21.00 Uhr)<\/em><\/strong><\/p>\n\n\n\n<p>Sky: Florian Schmidt-Sommerfeld, Experte: Mladen Petric<\/p>\n\n\n\n<p><strong><em>Fu\u00dfball International<\/em><\/strong><\/p>\n\n\n\n<p><span style=\"text-decoration: underline;\">Dienstag, 21. Januar 2020<\/span><\/p>\n\n\n\n<p>Coppa Italia, Viertelfinale: <strong><em>SSC Neapel &#8211; Lazio Rom (20.45 Uhr)<\/em><\/strong><\/p>\n\n\n\n<p>DAZN: Mario Rieker, Experte: Christian Bernhard<\/p>\n\n\n\n<p>Copa del Rey, Runde der letzten 32: <em><strong>FC Sevilla &#8211; UD Levante (21.00 Uhr)<\/strong><\/em><\/p>\n\n\n\n<p>DAZN: Flo Eckl<\/p>\n\n\n\n<p>Coupe de la Ligue, Halbfinale:<strong><em> Olympiques Lyon &#8211; OSC Lille (21.10 Uhr)<\/em><\/strong><\/p>\n\n\n\n<p>DAZN: Stefan Galler<\/p>\n\n\n\n<p><span style=\"text-decoration: underline;\">Mittwoch, 22. Januar 2020<\/span><\/p>\n\n\n\n<p>Copa del Rey, Runde der letzten 32:<em><strong> UD Ibiza &#8211; FC Barcelona (19.00 Uhr)<\/strong><\/em><\/p>\n\n\n\n<p>DAZN: Jan Platte, Experte: Jonas Hummels<\/p>\n\n\n\n<p>Coppa Italia, Viertelfinale: <strong><em>Juventus Turin &#8211; AS Rom (20.45 Uhr)<\/em><\/strong><\/p>\n\n\n\n<p>DAZN: Guido H\u00fcsgen, Experte: Necat Ayg\u00fcn<\/p>\n\n\n\n<p>Coupe de la Ligue, Halbfinale:<strong><em> Stade Reims &#8211; PSG (21.00 Uhr)<\/em><\/strong><\/p>\n\n\n\n<p>DAZN: David Ploch<\/p>\n\n\n\n<p>Copa del Rey, Runde der letzten 32:<em><strong> DE Salamanca &#8211; Real Madrid (21.00 Uhr)<\/strong><\/em><\/p>\n\n\n\n<p>DAZN: Uli Hebel, Experte: Benny Lauth<\/p>\n\n\n\n<p>Copa del Rey, Runde der letzten 32:<em><strong> UD Logrones &#8211; FC Valencia (21.00 Uhr)<\/strong><\/em><\/p>\n\n\n\n<p>DAZN: Lukas Sch\u00f6nm\u00fcller<\/p>\n\n\n\n<p><span style=\"text-decoration: underline;\">Donnerstag, 23. Januar 2020<\/span><\/p>\n\n\n\n<p>Copa del Rey, Runde der letzten 32:<em><strong> Cultural Leonesa &#8211; Atl\u00e9tico Madrid (21.00 Uhr)<\/strong><\/em><\/p>\n\n\n\n<p>DAZN: Nico Seepe<\/p>\n\n\n\n<p><strong><em>Die Analyse<\/em><\/strong><\/p>\n\n\n\n<p>Auf der Insel macht die englische Woche ihrem Namen alle Ehre. Am Dienstag begleiten Sven Schr\u00f6ter und Sascha Roos f\u00fcr Sky den Fu\u00dfballabend, wobei Letzterer mit dem London-Derby die wohl attraktivere Begegnung erwischt hat. Roos ist auch am Mittwoch mit von der Partie, wenn Leicester auf West Ham trifft. Jogi Hebel k\u00fcmmert sich um Manchester United und Burnley, w\u00e4hrend Florian Schmidt-Sommerfeld bei Wolverhampton gegen Liverpool den Spieltag schlie\u00dft. An seiner Seite wird wahrscheinlich Mladen Petric sitzen.<\/p>\n\n\n\n<p>Der europ\u00e4ische Vereinsfu\u00dfball h\u00e4lt in dieser Woche die nationalen Pokalspiele bereit, mit Ausnahme von Premier League und Bundesliga. W\u00e4hrend in Spanien erst die Runde der letzten 32 erklommen ist, stehen in Italien schon die Viertelfinals an. In Frankreich sind sogar nur noch vier Teams im laufenden Wettbewerb.<\/p>\n\n\n\n<p>Experten schickt DAZN an vier Spielen ins Rennen. Dass Barcelona und Real Madrid auf unterklassige Gegner treffen, ist dem Streamingdienst egal. Beim ersten Ausw\u00e4rtsspiel von Bar\u00e7as neuem Cheftrainer Quique Seti\u00e9n kommentiert Jan Platte an der Seite von Jonas Hummels. Uli Hebel und Benny Lauth melden sich f\u00fcr das Spiel der K\u00f6niglichen zu Wort. <\/p>\n\n\n\n<p>Den gr\u00f6\u00dften Kracher des internationalen Fu\u00dfballs bietet die Coppa Italia, wenn Juventus Turin am Mittwochabend auf die AS Roma trifft. Es kommentiert Guido H\u00fcsgen, an seiner Seite ist Necat Ayg\u00fcn, der zum zweiten Mal in Folge als Experte in der Coppa Italia fungiert. Am Dienstag treffen der SSC Neapel und Lazio Rom aufeinander. Italien-Fachmann Christian Bernhard unterst\u00fctzt Mario Rieker.<\/p>\n\n\n\n<p>In diesem Sinne, euch eine entspannte Woche!<\/p>\n","protected":false},"excerpt":{"rendered":"<p>N\u2019Abend allerseits, der Schlussstrich unter der Winterpause ist hiermit gezogen. In der Bundesliga wurde uns zum Einstand direkt Einiges geboten. Sp\u00e4testens am Samstagnachmittag kam der neutrale Zuschauer voll auf seine Kosten, als Dortmund zur Aufholjagd ansetzte. Oder aber schon am Freitagabend, denn Schalke und Gladbach spielten einen schnellen Stiefel und verlangten einander alles ab in [&hellip;]<\/p>\n","protected":false},"author":2,"featured_media":0,"comment_status":"open","ping_status":"open","sticky":false,"template":"","format":"standard","meta":{"footnotes":""},"categories":[429],"tags":[166,240,164,13,89,61,155,25,48,103,169,243,83,242,110,109,84,241,22,27,105,37],"class_list":["post-1244","post","type-post","status-publish","format-standard","hentry","category-diverses","tag-benny-lauth","tag-boris-buechler","tag-christian-bernhard","tag-dazn","tag-florian-schmidt-sommerfeld","tag-frank-buschmann","tag-guido-huesgen","tag-hansi-kuepper","tag-jan-platte","tag-jogi-hebel","tag-jonas-hummels","tag-mario-rieker","tag-mladen-petric","tag-necat-ayguen","tag-oliver-kahn","tag-oliver-schmidt","tag-rene-adler","tag-sascha-roos","tag-sky","tag-sven-schroeter","tag-uli-hebel","tag-zdf"],"_links":{"self":[{"href":"https:\/\/kommentatorenblog.de\/index.php?rest_route=\/wp\/v2\/posts\/1244","targetHints":{"allow":["GET"]}}],"collection":[{"href":"https:\/\/kommentatorenblog.de\/index.php?rest_route=\/wp\/v2\/posts"}],"about":[{"href":"https:\/\/kommentatorenblog.de\/index.php?rest_route=\/wp\/v2\/types\/post"}],"author":[{"embeddable":true,"href":"https:\/\/kommentatorenblog.de\/index.php?rest_route=\/wp\/v2\/users\/2"}],"replies":[{"embeddable":true,"href":"https:\/\/kommentatorenblog.de\/index.php?rest_route=%2Fwp%2Fv2%2Fcomments&post=1244"}],"version-history":[{"count":8,"href":"https:\/\/kommentatorenblog.de\/index.php?rest_route=\/wp\/v2\/posts\/1244\/revisions"}],"predecessor-version":[{"id":1256,"href":"https:\/\/kommentatorenblog.de\/index.php?rest_route=\/wp\/v2\/posts\/1244\/revisions\/1256"}],"wp:attachment":[{"href":"https:\/\/kommentatorenblog.de\/index.php?rest_route=%2Fwp%2Fv2%2Fmedia&parent=1244"}],"wp:term":[{"taxonomy":"category","embeddable":true,"href":"https:\/\/kommentatorenblog.de\/index.php?rest_route=%2Fwp%2Fv2%2Fcategories&post=1244"},{"taxonomy":"post_tag","embeddable":true,"href":"https:\/\/kommentatorenblog.de\/index.php?rest_route=%2Fwp%2Fv2%2Ftags&post=1244"}],"curies":[{"name":"wp","href":"https:\/\/api.w.org\/{rel}","templated":true}]}}