{"id":12497,"date":"2022-04-11T18:39:12","date_gmt":"2022-04-11T16:39:12","guid":{"rendered":"http:\/\/kommentatorenblog.de\/?p=12497"},"modified":"2022-04-13T17:35:34","modified_gmt":"2022-04-13T15:35:34","slug":"1247-grosse-spiele-stehen-an","status":"publish","type":"post","link":"https:\/\/kommentatorenblog.de\/?p=12497","title":{"rendered":"1247 &#8211; Gro\u00dfe Spiele stehen an"},"content":{"rendered":"\n<p>N\u2018Abend allerseits, <\/p>\n\n\n\n<p>es stehen unter der Woche f\u00fcr drei deutsche Teams gro\u00dfe Spiele in Champions- bzw. Europa League an. Anbei auch meine Tipps, die zu 90% sowieso nicht korrekt sein werden. \ud83d\ude09 <\/p>\n\n\n\n<p>In den Kommentaren k\u00f6nnt auch ihr gerne eure Tipps zu den deutschen Begegnungen abgeben und sowieso auch \u00fcber alles andere schreiben sowie diskutieren. <\/p>\n\n\n\n<p>Die Bayern m\u00fcssen nach ihrer Hinspielniederlage in Villarreal im eigenen Stadion einiges wieder gut machen. Ich bin da aber sehr zuversichtlich, dass die Bayern es ins Halbfinale schaffen. Zumal die M\u00fcnchener ja in den bisherigen Heimspielen in dieser Champions League Saison immer sehr anst\u00e4ndige Resultate erspielen konnten. 5:0 gegen Dynamo Kiew, 5:2 gegen einen jetzigen Viertelfinalisten mit Benfica Lissabon, ebenfalls drei Tore Unterschied im Duell mit Barcelona und ein 7:1 Sieg im Achtelfinale gegen Salzburg, und auch da waren die Bayern im Hinspiel ordentlich am schwimmen. Also ich denke die M\u00e4nner von Julian Nagelsmann packen das. <strong>Mein Tipp: 4:1 f\u00fcr den FC Bayern <\/strong><\/p>\n\n\n\n<p>Wenn wir chronologisch weiterziehen landen wir beim Duell der Leipziger in Italien. Klar, es wird nicht einfach ausw\u00e4rts in Bergamo, aber nach dem Remis im Hinspiel ist noch alles drin f\u00fcr beide Teams und wir k\u00f6nnen uns auf ein bestimmt sehr anschauliches Spiel am fr\u00fchen Donnerstag Abend freuen. <strong>Mein Tipp: bin Optimist, 2:3 Ausw\u00e4rtssieg f\u00fcr RB. <\/strong><\/p>\n\n\n\n<p>Last but not least, das Jahrhundertspiel f\u00fcr Eintracht Frankfurt im Camp Nou gegen den FC Barcelona. Im Hinspiel konnte die Eintracht Xavis Team ordentlich Paroli bieten und die Ausgangslage ist auch mit einem 1:1 in Ordnung, nichtsdestotrotz  wird das am Donnerstag eine sehr sehr schwierige Nummer f\u00fcr Oliver Glasners Team. Es k\u00f6nnen Helden geboren werden, und die Eintracht hat nichts zu verlieren. <strong>Mein Tipp: es ist hart f\u00fcr die Deutsche-Fanbrille, aber ich tippe 3:1 f\u00fcr die Katalanen. Da bin ich leider eher Realist. <\/strong><\/p>\n\n\n\n<p>Jetzt aber zu den Ansetzungen der n\u00e4chsten Tage<\/p>\n\n\n\n<hr class=\"wp-block-separator\"\/>\n\n\n\n<p><strong>Die Ansetzungen vom 12. April  bis zum 14. April 2022<\/strong><\/p>\n\n\n\n<p><strong>Champions League, Viertelfinal-R\u00fcckspiele<\/strong><\/p>\n\n\n\n<p><span style=\"text-decoration: underline;\">Dienstag, 12. April 2022, ab 20.00 Uhr (PrimeVideo)<\/span><\/p>\n\n\n\n<p><em><strong>FC Bayern M\u00fcnchen <strong><em><span><b style=\"font-style: italic;\">\u2013<\/b><\/span><\/em><\/strong><\/strong><\/em> <em><strong>FC Villarreal (21.00 Uhr)<\/strong><\/em><\/p>\n\n\n\n<p><img loading=\"lazy\" decoding=\"async\" width=\"10\" height=\"21\" class=\"wp-image-3656\" style=\"width: 10px;\" src=\"http:\/\/kommentatorenblog.de\/wp-content\/uploads\/2020\/09\/shure-55sh-ii-e1601485394796.jpg\" alt=\"\" srcset=\"https:\/\/kommentatorenblog.de\/wp-content\/uploads\/2020\/09\/shure-55sh-ii-e1601485394796.jpg 415w, https:\/\/kommentatorenblog.de\/wp-content\/uploads\/2020\/09\/shure-55sh-ii-e1601485394796-142x300.jpg 142w\" sizes=\"auto, (max-width: 10px) 100vw, 10px\" \/> Jonas Friedrich Experte: Benedikt H\u00f6wedes<\/p>\n\n\n\n<p>Field-Reporter: Annika Zimmermann und Sebastian Benesch<\/p>\n\n\n\n<p>Moderation: Sebastian Hellmann, Experten: Matthias Sammer, Mario Gomez und Josephine Henning, Schiedsrichter-Experte: Wolfgang Stark<\/p>\n\n\n\n<p><span style=\"text-decoration: underline;\">ab 20.30 Uhr (DAZN)<\/span><\/p>\n\n\n\n<p><em><strong>Real Madrid <strong><em><span><b style=\"font-style: italic;\">\u2013<\/b><\/span><\/em><\/strong> FC Chelsea (21.00 Uhr)<\/strong><\/em><\/p>\n\n\n\n<p><img loading=\"lazy\" decoding=\"async\" width=\"10\" height=\"21\" class=\"wp-image-3656\" style=\"width: 10px;\" src=\"http:\/\/kommentatorenblog.de\/wp-content\/uploads\/2020\/09\/shure-55sh-ii-e1601485394796.jpg\" alt=\"\" srcset=\"https:\/\/kommentatorenblog.de\/wp-content\/uploads\/2020\/09\/shure-55sh-ii-e1601485394796.jpg 415w, https:\/\/kommentatorenblog.de\/wp-content\/uploads\/2020\/09\/shure-55sh-ii-e1601485394796-142x300.jpg 142w\" sizes=\"auto, (max-width: 10px) 100vw, 10px\" \/> Marco Hagemann, Experte: Sebastian Knei\u00dfl<\/p>\n\n\n\n<p>Moderation: Tobi Wahnschaffe, Field-Reporter: Max Siebald <\/p>\n\n\n\n<p><span style=\"text-decoration: underline;\">Mittwoch, 13. April 2022, ab 20.30 Uhr (DAZN)<\/span><\/p>\n\n\n\n<p><em><strong>Atletico Madrid <strong><em><span><b style=\"font-style: italic;\">\u2013<\/b><\/span><\/em><\/strong> Manchester City (21.00 Uhr)<\/strong><\/em><\/p>\n\n\n\n<p><img loading=\"lazy\" decoding=\"async\" width=\"10\" height=\"21\" class=\"wp-image-3656\" style=\"width: 10px;\" src=\"http:\/\/kommentatorenblog.de\/wp-content\/uploads\/2020\/09\/shure-55sh-ii-e1601485394796.jpg\" alt=\"\" srcset=\"https:\/\/kommentatorenblog.de\/wp-content\/uploads\/2020\/09\/shure-55sh-ii-e1601485394796.jpg 415w, https:\/\/kommentatorenblog.de\/wp-content\/uploads\/2020\/09\/shure-55sh-ii-e1601485394796-142x300.jpg 142w\" sizes=\"auto, (max-width: 10px) 100vw, 10px\" \/> Lukas Sch\u00f6nm\u00fcller, Experte: Benny Lauth (Einzelspiel), Freddy Harder (Konferenz)<\/p>\n\n\n\n<p>Moderation: Tobi Wahnschaffe, Field-Reporter: Max Siebald<\/p>\n\n\n\n<p><span style=\"text-decoration: underline;\">ab 20.50 Uhr (DAZN)<\/span><\/p>\n\n\n\n<p><em><strong>FC Liverpool <strong><em><span><b style=\"font-style: italic;\">\u2013<\/b><\/span><\/em><\/strong> Benfica Lissabon (21.00 Uhr)<\/strong><\/em><\/p>\n\n\n\n<p><img loading=\"lazy\" decoding=\"async\" width=\"10\" height=\"21\" class=\"wp-image-3656\" style=\"width: 10px;\" src=\"http:\/\/kommentatorenblog.de\/wp-content\/uploads\/2020\/09\/shure-55sh-ii-e1601485394796.jpg\" alt=\"\" srcset=\"https:\/\/kommentatorenblog.de\/wp-content\/uploads\/2020\/09\/shure-55sh-ii-e1601485394796.jpg 415w, https:\/\/kommentatorenblog.de\/wp-content\/uploads\/2020\/09\/shure-55sh-ii-e1601485394796-142x300.jpg 142w\" sizes=\"auto, (max-width: 10px) 100vw, 10px\" \/> Uli Hebel, Experte: Ralph Gunesch (Einzelspiel), Jan Platte (Konferenz)<\/p>\n\n\n\n<p>Field-Reporterin: Laura Wontorra <\/p>\n\n\n\n<p>Moderation (Konferenz): Flo Hauser <\/p>\n\n\n\n<hr class=\"wp-block-separator\"\/>\n\n\n\n<p><strong>Europa League \/ Europa Conference League Zwischenrunde (RTL\/RTL+)<\/strong><\/p>\n\n\n\n<p><span style=\"text-decoration: underline;\">Donnerstag, <span style=\"text-decoration: underline;\">14. April 2022<\/span>, ab 17.30 Uhr (RTL+)<\/span><\/p>\n\n\n\n<p><strong>&#8222;Matchday&#8220; aus Frankfurt<\/strong><\/p>\n\n\n\n<p>Moderation: Anna Kraft, Robby Hunke, Arnd Zeigler und Ansgar Brinkmann, Gast: Sebastian Krumbiegel<\/p>\n\n\n\n<p><span style=\"text-decoration: underline;\">ab 18.30 Uhr (RTL+)<\/span><\/p>\n\n\n\n<p><em><strong>Atalanta Bergamo \u2013 RB Leipzig (18.45 Uhr)<\/strong><\/em><\/p>\n\n\n\n<p><img loading=\"lazy\" decoding=\"async\" width=\"10\" height=\"21\" class=\"wp-image-3656\" style=\"width: 10px;\" src=\"http:\/\/kommentatorenblog.de\/wp-content\/uploads\/2020\/09\/shure-55sh-ii-e1601485394796.jpg\" alt=\"\" srcset=\"https:\/\/kommentatorenblog.de\/wp-content\/uploads\/2020\/09\/shure-55sh-ii-e1601485394796.jpg 415w, https:\/\/kommentatorenblog.de\/wp-content\/uploads\/2020\/09\/shure-55sh-ii-e1601485394796-142x300.jpg 142w\" sizes=\"auto, (max-width: 10px) 100vw, 10px\" \/> Cornelius K\u00fcpper (Einzelspiel), Klaus Veltman (Konferenz)<\/p>\n\n\n\n<p>Field-Reporter: Thomas Wagner<\/p>\n\n\n\n<p><em><strong>PSV Eindhoven \u2013 Leicester City (18.45 Uhr)<\/strong><\/em><\/p>\n\n\n\n<p><img loading=\"lazy\" decoding=\"async\" width=\"10\" height=\"21\" class=\"wp-image-3656\" style=\"width: 10px;\" src=\"http:\/\/kommentatorenblog.de\/wp-content\/uploads\/2020\/09\/shure-55sh-ii-e1601485394796.jpg\" alt=\"\" srcset=\"https:\/\/kommentatorenblog.de\/wp-content\/uploads\/2020\/09\/shure-55sh-ii-e1601485394796.jpg 415w, https:\/\/kommentatorenblog.de\/wp-content\/uploads\/2020\/09\/shure-55sh-ii-e1601485394796-142x300.jpg 142w\" sizes=\"auto, (max-width: 10px) 100vw, 10px\" \/> Alexander Klich (Einzelspiel), J\u00fcrgen Schmitz (Konferenz)<\/p>\n\n\n\n<p>Field-Reporter: Jan Krebs <\/p>\n\n\n\n<p><span style=\"text-decoration: underline;\">ab 20.15 Uhr (RTL)<\/span><\/p>\n\n\n\n<p><strong><em><span><b style=\"font-style: italic;\">Eintracht Frankfurt \u2013 FC Barcelona <\/b><\/span>(21.00 Uhr)<\/em><\/strong><\/p>\n\n\n\n<p>RTL: <img loading=\"lazy\" decoding=\"async\" width=\"10\" height=\"21\" class=\"wp-image-3656\" style=\"width: 10px;\" src=\"http:\/\/kommentatorenblog.de\/wp-content\/uploads\/2020\/09\/shure-55sh-ii-e1601485394796.jpg\" alt=\"\" srcset=\"https:\/\/kommentatorenblog.de\/wp-content\/uploads\/2020\/09\/shure-55sh-ii-e1601485394796.jpg 415w, https:\/\/kommentatorenblog.de\/wp-content\/uploads\/2020\/09\/shure-55sh-ii-e1601485394796-142x300.jpg 142w\" sizes=\"auto, (max-width: 10px) 100vw, 10px\" \/> Marco Hagemann, Experte: Steffen Freund, Field-Reporter: Christoph K\u00fcppers, Fan-Reporter: Jonas Gerdes<\/p>\n\n\n\n<p>RTL+: <img loading=\"lazy\" decoding=\"async\" width=\"10\" height=\"21\" class=\"wp-image-3656\" style=\"width: 10px;\" src=\"http:\/\/kommentatorenblog.de\/wp-content\/uploads\/2020\/09\/shure-55sh-ii-e1601485394796.jpg\" alt=\"\" srcset=\"https:\/\/kommentatorenblog.de\/wp-content\/uploads\/2020\/09\/shure-55sh-ii-e1601485394796.jpg 415w, https:\/\/kommentatorenblog.de\/wp-content\/uploads\/2020\/09\/shure-55sh-ii-e1601485394796-142x300.jpg 142w\" sizes=\"auto, (max-width: 10px) 100vw, 10px\" \/> Oliver Seidler (Einzelspiel), Michael Born (Konferenz)<\/p>\n\n\n\n<p>Moderation (RTL): Laura Papendick, Experte: Karl-Heinz Riedle, Gast: Joachim Llambi <\/p>\n\n\n\n<p><span style=\"text-decoration: underline;\">ab 20.40 Uhr (RTL+)<\/span><\/p>\n\n\n\n<p><em><strong>Olympique Lyon \u2013 West Ham United (21.00 Uhr)<\/strong><\/em><\/p>\n\n\n\n<p><img loading=\"lazy\" decoding=\"async\" width=\"10\" height=\"21\" class=\"wp-image-3656\" style=\"width: 10px;\" src=\"http:\/\/kommentatorenblog.de\/wp-content\/uploads\/2020\/09\/shure-55sh-ii-e1601485394796.jpg\" alt=\"\" srcset=\"https:\/\/kommentatorenblog.de\/wp-content\/uploads\/2020\/09\/shure-55sh-ii-e1601485394796.jpg 415w, https:\/\/kommentatorenblog.de\/wp-content\/uploads\/2020\/09\/shure-55sh-ii-e1601485394796-142x300.jpg 142w\" sizes=\"auto, (max-width: 10px) 100vw, 10px\" \/> Stefan Galler (Einzelspiel), Christian Stra\u00dfburger (Konferenz)<\/p>\n\n\n\n<p><em><strong>Slavia Prag \u2013 Feyenoord Rotterdam (21.00 Uhr)<\/strong><\/em><\/p>\n\n\n\n<p><img loading=\"lazy\" decoding=\"async\" width=\"10\" height=\"21\" class=\"wp-image-3656\" style=\"width: 10px;\" src=\"http:\/\/kommentatorenblog.de\/wp-content\/uploads\/2020\/09\/shure-55sh-ii-e1601485394796.jpg\" alt=\"\" srcset=\"https:\/\/kommentatorenblog.de\/wp-content\/uploads\/2020\/09\/shure-55sh-ii-e1601485394796.jpg 415w, https:\/\/kommentatorenblog.de\/wp-content\/uploads\/2020\/09\/shure-55sh-ii-e1601485394796-142x300.jpg 142w\" sizes=\"auto, (max-width: 10px) 100vw, 10px\" \/> Frederick Schulz (Einzelspiel), Alexander K\u00fcpper (Konferenz)<\/p>\n\n\n\n<p><em><strong>AS Rom \u2013 FK Bodo\/Glimt<\/strong><\/em> <em><strong>(21.00 Uhr)<\/strong><\/em><\/p>\n\n\n\n<p><img loading=\"lazy\" decoding=\"async\" width=\"10\" height=\"21\" class=\"wp-image-3656\" style=\"width: 10px;\" src=\"http:\/\/kommentatorenblog.de\/wp-content\/uploads\/2020\/09\/shure-55sh-ii-e1601485394796.jpg\" alt=\"\" srcset=\"https:\/\/kommentatorenblog.de\/wp-content\/uploads\/2020\/09\/shure-55sh-ii-e1601485394796.jpg 415w, https:\/\/kommentatorenblog.de\/wp-content\/uploads\/2020\/09\/shure-55sh-ii-e1601485394796-142x300.jpg 142w\" sizes=\"auto, (max-width: 10px) 100vw, 10px\" \/> Florian von Stackelberg (Einzelspiel), Christina Graf (Konferenz)<\/p>\n\n\n\n<p><strong><em><span><b style=\"font-style: italic;\">Glasgow Rangers \u2013 Sporting Braga <\/b><\/span>(21.00 Uhr)<\/em><\/strong><\/p>\n\n\n\n<p><img loading=\"lazy\" decoding=\"async\" width=\"10\" height=\"21\" class=\"wp-image-3656\" style=\"width: 10px;\" src=\"http:\/\/kommentatorenblog.de\/wp-content\/uploads\/2020\/09\/shure-55sh-ii-e1601485394796.jpg\" alt=\"\" srcset=\"https:\/\/kommentatorenblog.de\/wp-content\/uploads\/2020\/09\/shure-55sh-ii-e1601485394796.jpg 415w, https:\/\/kommentatorenblog.de\/wp-content\/uploads\/2020\/09\/shure-55sh-ii-e1601485394796-142x300.jpg 142w\" sizes=\"auto, (max-width: 10px) 100vw, 10px\" \/> Christoph Stadtler (Einzelspiel)<\/p>\n\n\n\n<p><em><strong>PAOK Saloniki \u2013 Olympique Marseille<\/strong><\/em> <em><strong>(21.00 Uhr)<\/strong><\/em><\/p>\n\n\n\n<p><img loading=\"lazy\" decoding=\"async\" width=\"10\" height=\"21\" class=\"wp-image-3656\" style=\"width: 10px;\" src=\"http:\/\/kommentatorenblog.de\/wp-content\/uploads\/2020\/09\/shure-55sh-ii-e1601485394796.jpg\" alt=\"\" srcset=\"https:\/\/kommentatorenblog.de\/wp-content\/uploads\/2020\/09\/shure-55sh-ii-e1601485394796.jpg 415w, https:\/\/kommentatorenblog.de\/wp-content\/uploads\/2020\/09\/shure-55sh-ii-e1601485394796-142x300.jpg 142w\" sizes=\"auto, (max-width: 10px) 100vw, 10px\" \/> Heiko Wasser (Einzelspiel)<\/p>\n\n\n\n<hr class=\"wp-block-separator\"\/>\n\n\n\n<p>Internationaler Fu\u00dfball (sportdigital)<\/p>\n\n\n\n<p><span style=\"text-decoration: underline;\"><span style=\"text-decoration: underline;\">Mittwoch, 13. April 2022<\/span>,<\/span><\/p>\n\n\n\n<p>CONMEBOL Libertadores (Gruppenphase, 02. Spieltag) <em><strong>Boca Juniors (ARG) <em><strong><em><strong><em><strong><em><strong><strong><em><span><b style=\"font-style: italic;\">\u2013<\/b><\/span><\/em><\/strong><\/strong><\/em><\/strong><\/em><\/strong><\/em><\/strong><\/em> Always Ready (BOL)<em><strong> (00.15 Uhr)<\/strong><\/em><\/strong><\/em><br><img loading=\"lazy\" decoding=\"async\" width=\"10\" height=\"21\" class=\"wp-image-3656\" style=\"width: 10px;\" src=\"http:\/\/kommentatorenblog.de\/wp-content\/uploads\/2020\/09\/shure-55sh-ii-e1601485394796.jpg\" alt=\"\" srcset=\"https:\/\/kommentatorenblog.de\/wp-content\/uploads\/2020\/09\/shure-55sh-ii-e1601485394796.jpg 415w, https:\/\/kommentatorenblog.de\/wp-content\/uploads\/2020\/09\/shure-55sh-ii-e1601485394796-142x300.jpg 142w\" sizes=\"auto, (max-width: 10px) 100vw, 10px\" \/> Christian Blunck<\/p>\n\n\n\n<p>CONCACAF Champions League (Halbfinale, R\u00fcckspiel) <em><strong>Cruz Azul <em><strong><em><strong><em><strong><em><strong><strong><em><span><b style=\"font-style: italic;\">\u2013<\/b><\/span><\/em><\/strong><\/strong><\/em><\/strong><\/em><\/strong><\/em><\/strong><\/em> UNAM Pumas <em><strong>(04.06 Uhr)<\/strong><\/em><\/strong><\/em><br><img loading=\"lazy\" decoding=\"async\" width=\"10\" height=\"21\" class=\"wp-image-3656\" style=\"width: 10px;\" src=\"http:\/\/kommentatorenblog.de\/wp-content\/uploads\/2020\/09\/shure-55sh-ii-e1601485394796.jpg\" alt=\"\" srcset=\"https:\/\/kommentatorenblog.de\/wp-content\/uploads\/2020\/09\/shure-55sh-ii-e1601485394796.jpg 415w, https:\/\/kommentatorenblog.de\/wp-content\/uploads\/2020\/09\/shure-55sh-ii-e1601485394796-142x300.jpg 142w\" sizes=\"auto, (max-width: 10px) 100vw, 10px\" \/> Arne Malsch<\/p>\n\n\n\n<p><span style=\"text-decoration: underline;\">Donnerstag, 14. April 2022<\/span><\/p>\n\n\n\n<p>CONMEBOL Libertadores (Gruppenphase, 02. Spieltag) <em><strong>River Plate (ARG) <em><strong><em><strong><em><strong><em><strong><strong><em><span><b style=\"font-style: italic;\">\u2013<\/b><\/span><\/em><\/strong><\/strong><\/em><\/strong><\/em><\/strong><\/em><\/strong><\/em> Fortaleza (BRA)<em><strong> (00.00 Uhr)<\/strong><\/em><\/strong><\/em><br><img loading=\"lazy\" decoding=\"async\" width=\"10\" height=\"21\" class=\"wp-image-3656\" style=\"width: 10px;\" src=\"http:\/\/kommentatorenblog.de\/wp-content\/uploads\/2020\/09\/shure-55sh-ii-e1601485394796.jpg\" alt=\"\" srcset=\"https:\/\/kommentatorenblog.de\/wp-content\/uploads\/2020\/09\/shure-55sh-ii-e1601485394796.jpg 415w, https:\/\/kommentatorenblog.de\/wp-content\/uploads\/2020\/09\/shure-55sh-ii-e1601485394796-142x300.jpg 142w\" sizes=\"auto, (max-width: 10px) 100vw, 10px\" \/> Karsten Linke<\/p>\n\n\n\n<p>CONCACAF Champions League (Halbfinale, R\u00fcckspiel) <em><strong>New York City FC <em><strong><em><strong><em><strong><em><strong><strong><em><span><b style=\"font-style: italic;\">\u2013<\/b><\/span><\/em><\/strong><\/strong><\/em><\/strong><\/em><\/strong><\/em><\/strong><\/em> Seattle Sounders FC <em><strong>(03.06 Uhr)<\/strong><\/em><\/strong><\/em><br><img loading=\"lazy\" decoding=\"async\" width=\"10\" height=\"21\" class=\"wp-image-3656\" style=\"width: 10px;\" src=\"http:\/\/kommentatorenblog.de\/wp-content\/uploads\/2020\/09\/shure-55sh-ii-e1601485394796.jpg\" alt=\"\" srcset=\"https:\/\/kommentatorenblog.de\/wp-content\/uploads\/2020\/09\/shure-55sh-ii-e1601485394796.jpg 415w, https:\/\/kommentatorenblog.de\/wp-content\/uploads\/2020\/09\/shure-55sh-ii-e1601485394796-142x300.jpg 142w\" sizes=\"auto, (max-width: 10px) 100vw, 10px\" \/> Marcus Radefeld<\/p>\n\n\n\n<hr class=\"wp-block-separator\"\/>\n\n\n\n<p><strong>Die Analyse<\/strong><\/p>\n\n\n\n<p><strong>Ein Wechsel bei Prime<\/strong><\/p>\n\n\n\n<p>Los geht es am Dienstagabend mit den Bayern bei Amazon Prime, da die M\u00fcnchener am vergangenen Mittwoch ihr Hinspiel hatten, hat Amazon das \u00dcbertragungsrecht f\u00fcr das R\u00fcckspiel am Dienstag gegen den FC Villarreal erhalten. <\/p>\n\n\n\n<p>Nun aber zum Personal: Aus der Allianz Arena meldet sich Amazon mit seinem riesengro\u00dfen Team. <\/p>\n\n\n\n<p>Moderieren wird Sebastian Hellmann mit den Experten Mario Gomez, Matthias Sammer und mit der zur\u00fcckkehrenden Josephine Henning, sowie Schiri-Experte Wolfgang Stark. Auf der Kommentatoren-Position gibt es keine Ver\u00e4nderung, hier melden sich wie immer Jonas Friedrich und Benedikt H\u00f6wedes. Bei den Interviews gibt es im Vergleich zum letzten Spiel ebenfalls keinen Wechsel: Annika Zimmermann und Sebastian Benesch gehen auf Stimmenfang.<\/p>\n\n\n\n<p>DAZN meldet sich unterdessen am Dienstag mit der Partie Real Madrid gegen den FC Chelsea. Aus dem Space meldet sich dabei Moderator Tobi Wahnschaffe mit Experte Sebastian Knei\u00dfl. Kommentieren wird Marco Hagemann.<\/p>\n\n\n\n<p><strong>DAZN am Mittwoch<\/strong><\/p>\n\n\n\n<p>Am Mittwoch spielen dann die letzten vier Viertelfinal-Teilnehmer. Diese Woche \u00fcbertr\u00e4gt DAZN keines der Spiele mit vollem Personal aus dem Stadion. Das wird wohl nur gemacht wenn die Bayern am Start sind. Nun zu den Spielen: Manchester City reist nach Madrid um die Betonmauer Atleticos zu durchbrechen. Ich bin gespannt wie defensiv Atletico trotz 0:1 Hinspielr\u00fcckstand agieren wird.  Die Moderation des Spiels \u00fcbernimmt Tobi Wahnschaffe. An seiner Seite als Experte: Benny Lauth, welche sp\u00e4ter dann das Spiel zusammen mit Lukas Sch\u00f6nm\u00fcller kommentieren wird. Die Interviews wird Max Siebald f\u00fchren, der dann innerhalb von zwei Tagen die beiden gr\u00f6\u00dften Stadien Madrids zu sehen bekommt. <\/p>\n\n\n\n<p>Das zweite Spiel am Mittwoch, Liverpool-Benfica, \u00fcbernimmt Uli Hebel zusammen mit Ralph Gunesch. Vorort an der Anfield-Road ist Laura Wontorra. Die beiden Mittwochspartien gibt es auch wieder in der einer Konferenz zu sehen. Diese wird von Flo Hauser moderiert. Freddy Harder \u00fcbernimmt den Kommentar zu Atletico-ManCity und Jan Platte den von Liverpool gegen Benfica.<\/p>\n\n\n\n<p>Das Re-Live des Bayern Spiels bei DAZN \u00fcbernimmt Max Gross. <\/p>\n\n\n\n<p><strong>Alle Spiel bei RTL+<\/strong><\/p>\n\n\n\n<p>Am Donnerstag stehen dann die Viertelfinal-R\u00fcckspiele in der Europa League und der Europa Conference League an. RTL \u00fcbertr\u00e4gt das Spiel der Eintracht aus Frankfurt in Barcelona.<\/p>\n\n\n\n<p>Aus dem Camp Nou meldet sich ab 20:15 Uhr Laura Papendick mit Experte Karl- Heinz Riedle. Die Kommentierung f\u00fcr RTL aus dem Stadion \u00fcbernehmen, wenig \u00fcberraschend, Marco Hagemann und Steffen Freund. Daneben gibt es auch wieder die M\u00f6glichkeit das Spiel bei RTL+ mit einem anderen Kommentator, wieder ist es Oliver Seidler, anzuh\u00f6ren. Dieser sitzt allerdings in K\u00f6ln.<\/p>\n\n\n\n<p>Die Interviews in Barcelona wird Christoph K\u00fcppers f\u00fchren.<\/p>\n\n\n\n<p>Das Leipziger Spiel wird erneut nur bei RTL+ zu sehen sein. Als Kommentator, aus K\u00f6ln, fungiert ebenfalls erneut Cornelius K\u00fcpper. RTL ist nur mit Field-Reporter Thomas Wagner in Bergamo. <\/p>\n\n\n\n<p>Die Viererkette rund um Anna Kraft, Robert Hunke, Arnd Zeigler und Ansgar Brinkmann meldet sich dieses Mal aus Frankfurt.<\/p>\n\n\n\n<p>Die restlichen Spiele werden bei RTL+ auch nur aus K\u00f6ln kommentiert. Im Einzelspiel-Einsatz sind: Alexander Kich, Frederick Schulz, Florian von Stackelberg, Stefan Galler, Christoph Stadtler und Heiko Wasser. In der Konferenz \u00fcbernimmt Michael Born erneut die Eintracht und Klaus Veltman RB Leipzig. Dazu kommen am fr\u00fchen Abend noch J\u00fcrgen Schmitz und am sp\u00e4ten Alexander K\u00fcpper und Christian Stra\u00dfburger in der Konferenz zum Einsatz. Au\u00dferdem wieder dabei: Christina Graf.<\/p>\n\n\n\n<p>Das wars vom Fu\u00dfballangebot unter der Woche. Bis dahin, habt eine sch\u00f6ne, sportliche Europapokalwoche, und bleibt gesund. <\/p>\n","protected":false},"excerpt":{"rendered":"<p>N\u2018Abend allerseits, es stehen unter der Woche f\u00fcr drei deutsche Teams gro\u00dfe Spiele in Champions- bzw. Europa League an. Anbei auch meine Tipps, die zu 90% sowieso nicht korrekt sein werden. \ud83d\ude09 In den Kommentaren k\u00f6nnt auch ihr gerne eure Tipps zu den deutschen Begegnungen abgeben und sowieso auch \u00fcber alles andere schreiben sowie diskutieren. [&hellip;]<\/p>\n","protected":false},"author":7,"featured_media":0,"comment_status":"open","ping_status":"open","sticky":false,"template":"","format":"standard","meta":{"footnotes":""},"categories":[425],"tags":[232,163,517,596,689,617,263,337,166,160,57,35,615,668,171,614,42,703,295,702,616,613,48,628,69,647,675,86,612,59,676,75,205,43,503,521,608,279,114,113,290,108,162,138,656,189,98,222,712,134,154,151,33,252,105,640],"class_list":["post-12497","post","type-post","status-publish","format-standard","hentry","category-champions-league-und-co","tag-alexander-klich","tag-alexander-kuepper","tag-anna-kraft","tag-annika-zimmermann","tag-ansgar-brinkmann","tag-arnd-zeigler","tag-arne-malsch","tag-benedikt-hoewedes","tag-benny-lauth","tag-champions-league","tag-christian-blunck","tag-christian-strassburger","tag-christina-graf","tag-christoph-kueppers","tag-christoph-stadtler","tag-cornelius-kuepper","tag-europa-league","tag-florian-von-stackelberg","tag-freddy-harder","tag-frederick-schulz","tag-heiko-wasser","tag-jan-krebs","tag-jan-platte","tag-joachim-llambi","tag-jonas-friedrich","tag-jonas-gerdes","tag-josephine-henning","tag-juergen-schmitz","tag-karl-heinz-riedle","tag-karsten-linke","tag-klaus-veltman","tag-laura-papendick","tag-lukas-schoenmueller","tag-marco-hagemann","tag-marcus-radefeld","tag-mario-gomez","tag-matthias-sammer","tag-max-siebald","tag-michael-born","tag-oliver-seidler","tag-primevideo","tag-ralph-gunesch","tag-robby-hunke","tag-rtl","tag-rtl-2","tag-sebastian-benesch","tag-sebastian-hellmann","tag-sebastian-kneissl","tag-sebastian-krumbiegel","tag-sportdigital-fussball","tag-stefan-galler","tag-steffen-freund","tag-thomas-wagner","tag-tobi-wahnschaffe","tag-uli-hebel","tag-wolfgang-stark"],"_links":{"self":[{"href":"https:\/\/kommentatorenblog.de\/index.php?rest_route=\/wp\/v2\/posts\/12497","targetHints":{"allow":["GET"]}}],"collection":[{"href":"https:\/\/kommentatorenblog.de\/index.php?rest_route=\/wp\/v2\/posts"}],"about":[{"href":"https:\/\/kommentatorenblog.de\/index.php?rest_route=\/wp\/v2\/types\/post"}],"author":[{"embeddable":true,"href":"https:\/\/kommentatorenblog.de\/index.php?rest_route=\/wp\/v2\/users\/7"}],"replies":[{"embeddable":true,"href":"https:\/\/kommentatorenblog.de\/index.php?rest_route=%2Fwp%2Fv2%2Fcomments&post=12497"}],"version-history":[{"count":27,"href":"https:\/\/kommentatorenblog.de\/index.php?rest_route=\/wp\/v2\/posts\/12497\/revisions"}],"predecessor-version":[{"id":12531,"href":"https:\/\/kommentatorenblog.de\/index.php?rest_route=\/wp\/v2\/posts\/12497\/revisions\/12531"}],"wp:attachment":[{"href":"https:\/\/kommentatorenblog.de\/index.php?rest_route=%2Fwp%2Fv2%2Fmedia&parent=12497"}],"wp:term":[{"taxonomy":"category","embeddable":true,"href":"https:\/\/kommentatorenblog.de\/index.php?rest_route=%2Fwp%2Fv2%2Fcategories&post=12497"},{"taxonomy":"post_tag","embeddable":true,"href":"https:\/\/kommentatorenblog.de\/index.php?rest_route=%2Fwp%2Fv2%2Ftags&post=12497"}],"curies":[{"name":"wp","href":"https:\/\/api.w.org\/{rel}","templated":true}]}}