{"id":12532,"date":"2022-04-18T19:39:22","date_gmt":"2022-04-18T17:39:22","guid":{"rendered":"https:\/\/kommentatorenblog.de\/?p=12532"},"modified":"2022-07-18T22:12:26","modified_gmt":"2022-07-18T20:12:26","slug":"1249-bayern-faehrt-nach-barcelona-aber-wer-faehrt-nach-berlin","status":"publish","type":"post","link":"https:\/\/kommentatorenblog.de\/?p=12532","title":{"rendered":"1249 &#8211; Bayern f\u00e4hrt nach Barcelona, aber wer f\u00e4hrt nach Berlin?"},"content":{"rendered":"\n<p>N&#8217;Abend allerseits!<\/p>\n\n\n\n<p>Bereits Anfang April haben sich die Basketballer des FC Bayern in der Euroleague vorzeitig f\u00fcr die Playoffs qualifiziert. Leicht beg\u00fcnstigt durch den Ausschluss der russischen Teams und der Annullierung der drei dortigen Ausw\u00e4rtsniederlagen, gelang das Weiterkommen durch den h\u00f6chsten Saisonsieg gegen den direkten Konkurrenten Roter Stern Belgrad bei noch drei ausstehenden Spielen vor Ende der Regular Season. <br>Eine bessere Ausgangssituation als den bereits gesicherten 8. Platz konnten sich die M\u00fcnchner allerdings leider nicht mehr herausspielen, da die Spiele gegen die t\u00fcrkischen Teams Fenerbah\u00e7e und Anadolu Efes verloren gingen. Somit trifft das Team von Andrea Trinchieri nun im Viertelfinale auf den Hauptrundensieger und Titelfavoriten FC Barcelona. \u00dcbertragen wird die komplette Best-of-Five-Serie von Magenta Sport. Das erste Aufeinandertreffen steht morgen in Barcelona an und wird von Magenta Sport kostenlos f\u00fcr alle \u00fcbertragen!<\/p>\n\n\n\n<p>Bereits am Donnerstag steht &#8211; ebenfalls im barcelonischen Palau Blaugrana &#8211; das zweite Spiel an. Tip-Off ist dann schon um 20 Uhr. Am 27. April (20.45 Uhr) empfangen die Bayern den Titelfavoriten dann in der eigenen Halle. Dort f\u00e4nde zwei Tage sp\u00e4ter ein m\u00f6gliches Spiel 4 statt. Falls es auch noch ein f\u00fcnftes und entscheidendes Spiel geben sollte, w\u00fcrde man sich daf\u00fcr erneut in Barcelona treffen. Terminiert ist dieses noch nicht. <\/p>\n\n\n\n<p>Auch die anderen Viertelfinal-Spiele (AX Armani Exchange Mailand v. Anadolu Efes Istanbul \/ Olympiakos Pir\u00e4us v. AS Monaco \/ Real Madrid v. Maccabi Playtika Tel Aviv) hat Magenta Sport im Programm. <\/p>\n\n\n\n<p><strong>Alle Ansetzungen von Magenta Sport f\u00fcr die ersten Playoffs der EuroLeague:<\/strong><\/p>\n\n\n\n<p><em>Spiel 1:<\/em> <span style=\"text-decoration: underline;\">Dienstag, 19. April 2022, ab 20.45 Uhr<\/span><br><em><strong>FC Barcelona B\u00e0squet <strong><em><span><b style=\"font-style: italic;\">\u2013<\/b><\/span><\/em><\/strong><\/strong><\/em> <em><strong>FC Bayern Basketball (21.00 Uhr)<\/strong><\/em><br><img loading=\"lazy\" decoding=\"async\" width=\"10\" height=\"21\" class=\"wp-image-3656\" style=\"width: 10px;\" src=\"http:\/\/kommentatorenblog.de\/wp-content\/uploads\/2020\/09\/shure-55sh-ii-e1601485394796.jpg\" alt=\"\" srcset=\"https:\/\/kommentatorenblog.de\/wp-content\/uploads\/2020\/09\/shure-55sh-ii-e1601485394796.jpg 415w, https:\/\/kommentatorenblog.de\/wp-content\/uploads\/2020\/09\/shure-55sh-ii-e1601485394796-142x300.jpg 142w\" sizes=\"auto, (max-width: 10px) 100vw, 10px\" \/> Sebastian Ulrich, Experte: Alex Vogel<\/p>\n\n\n\n<p><em>Spiel 1:<\/em> <span style=\"text-decoration: underline;\">Mittwoch, 20. April 2022, ab 19.45 Uhr<\/span><br><em><strong>Olympiakos Pir\u00e4us BC <strong><em><span><b style=\"font-style: italic;\">\u2013<\/b><\/span><\/em><\/strong><\/strong><\/em> <em><strong>AS Monaco Basket (20.00 Uhr)<\/strong><\/em><br><img loading=\"lazy\" decoding=\"async\" width=\"10\" height=\"21\" class=\"wp-image-3656\" style=\"width: 10px;\" src=\"http:\/\/kommentatorenblog.de\/wp-content\/uploads\/2020\/09\/shure-55sh-ii-e1601485394796.jpg\" alt=\"\" srcset=\"https:\/\/kommentatorenblog.de\/wp-content\/uploads\/2020\/09\/shure-55sh-ii-e1601485394796.jpg 415w, https:\/\/kommentatorenblog.de\/wp-content\/uploads\/2020\/09\/shure-55sh-ii-e1601485394796-142x300.jpg 142w\" sizes=\"auto, (max-width: 10px) 100vw, 10px\" \/> Michael K\u00f6rner<\/p>\n\n\n\n<p><em>Spiel 1:<\/em> <span style=\"text-decoration: underline;\">Mittwoch, 20. April 2022, ab 20.45 Uhr<\/span><br><em><strong>Real Madrid Baloncesto <strong><em><span><b style=\"font-style: italic;\">\u2013<\/b><\/span><\/em><\/strong><\/strong><\/em> <em><strong>Maccabi Playtika Tel Aviv (21.00 Uhr)<\/strong><\/em><br><img loading=\"lazy\" decoding=\"async\" width=\"10\" height=\"21\" class=\"wp-image-3656\" style=\"width: 10px;\" src=\"http:\/\/kommentatorenblog.de\/wp-content\/uploads\/2020\/09\/shure-55sh-ii-e1601485394796.jpg\" alt=\"\" srcset=\"https:\/\/kommentatorenblog.de\/wp-content\/uploads\/2020\/09\/shure-55sh-ii-e1601485394796.jpg 415w, https:\/\/kommentatorenblog.de\/wp-content\/uploads\/2020\/09\/shure-55sh-ii-e1601485394796-142x300.jpg 142w\" sizes=\"auto, (max-width: 10px) 100vw, 10px\" \/> Michael K\u00f6rner<\/p>\n\n\n\n<p><em>Spiel 2:<\/em> <span style=\"text-decoration: underline;\">Donnerstag, 21. April 2022, ab 19.45 Uhr<\/span><br><em><strong>FC Barcelona B\u00e0squet <strong><em><span><b style=\"font-style: italic;\">\u2013<\/b><\/span><\/em><\/strong><\/strong><\/em> <em><strong>FC Bayern Basketball (20.00 Uhr)<\/strong><\/em><br><img loading=\"lazy\" decoding=\"async\" width=\"10\" height=\"21\" class=\"wp-image-3656\" style=\"width: 10px;\" src=\"http:\/\/kommentatorenblog.de\/wp-content\/uploads\/2020\/09\/shure-55sh-ii-e1601485394796.jpg\" alt=\"\" srcset=\"https:\/\/kommentatorenblog.de\/wp-content\/uploads\/2020\/09\/shure-55sh-ii-e1601485394796.jpg 415w, https:\/\/kommentatorenblog.de\/wp-content\/uploads\/2020\/09\/shure-55sh-ii-e1601485394796-142x300.jpg 142w\" sizes=\"auto, (max-width: 10px) 100vw, 10px\" \/> Sebastian Ulrich<\/p>\n\n\n\n<p><em>Spiel 2:<\/em> <span style=\"text-decoration: underline;\">Donnerstag, 21. April 2022, ab 20.15 Uhr<\/span><br><em><strong>AX Armani Exchange Mailand <strong><em><span><b style=\"font-style: italic;\">\u2013<\/b><\/span><\/em><\/strong><\/strong><\/em> <em><strong>Anadolu Efes Istanbul (20.30 Uhr)<\/strong><\/em><br><img loading=\"lazy\" decoding=\"async\" width=\"10\" height=\"21\" class=\"wp-image-3656\" style=\"width: 10px;\" src=\"http:\/\/kommentatorenblog.de\/wp-content\/uploads\/2020\/09\/shure-55sh-ii-e1601485394796.jpg\" alt=\"\" srcset=\"https:\/\/kommentatorenblog.de\/wp-content\/uploads\/2020\/09\/shure-55sh-ii-e1601485394796.jpg 415w, https:\/\/kommentatorenblog.de\/wp-content\/uploads\/2020\/09\/shure-55sh-ii-e1601485394796-142x300.jpg 142w\" sizes=\"auto, (max-width: 10px) 100vw, 10px\" \/> Christoph Stadtler<\/p>\n\n\n\n<p><em>Spiel 2:<\/em> <span style=\"text-decoration: underline;\">Freitag, 22. April 2022, ab 17.45 Uhr (Magenta Sport)<\/span><br><em><strong>Olympiakos Pir\u00e4us BC <strong><em><span><b style=\"font-style: italic;\">\u2013<\/b><\/span><\/em><\/strong><\/strong><\/em> <em><strong>AS Monaco Basket (18.00 Uhr)<\/strong><\/em><br><img loading=\"lazy\" decoding=\"async\" width=\"10\" height=\"21\" class=\"wp-image-3656\" style=\"width: 10px;\" src=\"http:\/\/kommentatorenblog.de\/wp-content\/uploads\/2020\/09\/shure-55sh-ii-e1601485394796.jpg\" alt=\"\" srcset=\"https:\/\/kommentatorenblog.de\/wp-content\/uploads\/2020\/09\/shure-55sh-ii-e1601485394796.jpg 415w, https:\/\/kommentatorenblog.de\/wp-content\/uploads\/2020\/09\/shure-55sh-ii-e1601485394796-142x300.jpg 142w\" sizes=\"auto, (max-width: 10px) 100vw, 10px\" \/> Markus Krawinkel<\/p>\n\n\n\n<p><em>Spiel 2:<\/em> <span style=\"text-decoration: underline;\">Freitag, 22. April 2022, ab 20.30 Uhr<\/span><br><em><strong>Real Madrid Baloncesto <strong><em><span><b style=\"font-style: italic;\">\u2013<\/b><\/span><\/em><\/strong><\/strong><\/em> <em><strong>Maccabi Playtika Tel Aviv (20.45 Uhr)<\/strong><\/em><br><img loading=\"lazy\" decoding=\"async\" width=\"10\" height=\"21\" class=\"wp-image-3656\" style=\"width: 10px;\" src=\"http:\/\/kommentatorenblog.de\/wp-content\/uploads\/2020\/09\/shure-55sh-ii-e1601485394796.jpg\" alt=\"\" srcset=\"https:\/\/kommentatorenblog.de\/wp-content\/uploads\/2020\/09\/shure-55sh-ii-e1601485394796.jpg 415w, https:\/\/kommentatorenblog.de\/wp-content\/uploads\/2020\/09\/shure-55sh-ii-e1601485394796-142x300.jpg 142w\" sizes=\"auto, (max-width: 10px) 100vw, 10px\" \/> Michael K\u00f6rner<\/p>\n\n\n\n<p><em>Spiel 3:<\/em> <span style=\"text-decoration: underline;\">Dienstag, 26. April 2022, ab 19.15 Uhr<\/span><br><em><strong>Anadolu Efes Istanbul &#8211; <em><strong>AX Armani Exchange Mailand<\/strong><\/em> (19.30 Uhr)<\/strong><\/em><br><img loading=\"lazy\" decoding=\"async\" width=\"10\" height=\"21\" class=\"wp-image-3656\" style=\"width: 10px;\" src=\"http:\/\/kommentatorenblog.de\/wp-content\/uploads\/2020\/09\/shure-55sh-ii-e1601485394796.jpg\" alt=\"\" srcset=\"https:\/\/kommentatorenblog.de\/wp-content\/uploads\/2020\/09\/shure-55sh-ii-e1601485394796.jpg 415w, https:\/\/kommentatorenblog.de\/wp-content\/uploads\/2020\/09\/shure-55sh-ii-e1601485394796-142x300.jpg 142w\" sizes=\"auto, (max-width: 10px) 100vw, 10px\" \/> Christoph Stadtler<\/p>\n\n\n\n<p><em>Spiel 3:<\/em> <span style=\"text-decoration: underline;\">Dienstag, 26. April 2022, ab 19.50 Uhr<\/span><br><em><strong>Maccabi Playtika Tel Aviv &#8211; <em><strong>Real Madrid Baloncesto<\/strong><\/em> (20.05 Uhr)<\/strong><\/em><br><img loading=\"lazy\" decoding=\"async\" width=\"10\" height=\"21\" class=\"wp-image-3656\" style=\"width: 10px;\" src=\"http:\/\/kommentatorenblog.de\/wp-content\/uploads\/2020\/09\/shure-55sh-ii-e1601485394796.jpg\" alt=\"\" srcset=\"https:\/\/kommentatorenblog.de\/wp-content\/uploads\/2020\/09\/shure-55sh-ii-e1601485394796.jpg 415w, https:\/\/kommentatorenblog.de\/wp-content\/uploads\/2020\/09\/shure-55sh-ii-e1601485394796-142x300.jpg 142w\" sizes=\"auto, (max-width: 10px) 100vw, 10px\" \/> Lukas Sch\u00f6nm\u00fcller<\/p>\n\n\n\n<p><em>Spiel 3:<\/em> <span style=\"text-decoration: underline;\">Mittwoch, 27. April 2022, ab 20.15 Uhr<\/span><br><em><strong>FC Bayern Basketball &#8211; <em><strong>FC Barcelona B\u00e0squet<\/strong><\/em>(20.45 Uhr)<\/strong><\/em><br><img loading=\"lazy\" decoding=\"async\" width=\"10\" height=\"21\" class=\"wp-image-3656\" style=\"width: 10px;\" src=\"http:\/\/kommentatorenblog.de\/wp-content\/uploads\/2020\/09\/shure-55sh-ii-e1601485394796.jpg\" alt=\"\" srcset=\"https:\/\/kommentatorenblog.de\/wp-content\/uploads\/2020\/09\/shure-55sh-ii-e1601485394796.jpg 415w, https:\/\/kommentatorenblog.de\/wp-content\/uploads\/2020\/09\/shure-55sh-ii-e1601485394796-142x300.jpg 142w\" sizes=\"auto, (max-width: 10px) 100vw, 10px\" \/> Michael K\u00f6rner, Experte: Alex Vogel<\/p>\n\n\n\n<p><em>Spiel 3:<\/em> <span style=\"text-decoration: underline;\">Mittwoch, 27. April 2022, ab 20.45 Uhr (Magenta Sport)<\/span><br><em><strong>AS Monaco Basket &#8211; <em><strong>Olympiakos Pir\u00e4us BC<\/strong><\/em> (21.00 Uhr)<\/strong><\/em><br><img loading=\"lazy\" decoding=\"async\" width=\"10\" height=\"21\" class=\"wp-image-3656\" style=\"width: 10px;\" src=\"http:\/\/kommentatorenblog.de\/wp-content\/uploads\/2020\/09\/shure-55sh-ii-e1601485394796.jpg\" alt=\"\" srcset=\"https:\/\/kommentatorenblog.de\/wp-content\/uploads\/2020\/09\/shure-55sh-ii-e1601485394796.jpg 415w, https:\/\/kommentatorenblog.de\/wp-content\/uploads\/2020\/09\/shure-55sh-ii-e1601485394796-142x300.jpg 142w\" sizes=\"auto, (max-width: 10px) 100vw, 10px\" \/> Markus Krawinkel<\/p>\n\n\n\n<p>Der zweite deutsche EuroLeague-Teilnehmer Alba Berlin hat es auf Platz 10 und damit nicht nicht in die Playoffs geschafft. Im unter der EuroLeague angesiedelten EuroCup scheiden nach der Hauptrunde dagegen nur drei Teams aus; die beiden deutschen Teams aus Ulm und Hamburg sind beide weiter und treffen im Achtelfinale auf die spanischen Teams Joventut Badalona bzw. Valencia Basket. Auch die Partien im Single-Game-Format werden von Magenta Sport \u00fcbertragen:<\/p>\n\n\n\n<p><span style=\"text-decoration: underline;\">Dienstag, 19. April 2022, ab 20.20 Uhr (Magenta Sport)<\/span><br><em><strong>Joventut Badalona <strong><em><span><b style=\"font-style: italic;\">\u2013<\/b><\/span><\/em><\/strong><\/strong><\/em> <strong style=\"font-style: italic;\">ratiopharm Ulm (20.<\/strong><em><strong>30 Uhr)<\/strong><\/em><br><img loading=\"lazy\" decoding=\"async\" width=\"10\" height=\"21\" class=\"wp-image-3656\" style=\"width: 10px;\" src=\"http:\/\/kommentatorenblog.de\/wp-content\/uploads\/2020\/09\/shure-55sh-ii-e1601485394796.jpg\" alt=\"\" srcset=\"https:\/\/kommentatorenblog.de\/wp-content\/uploads\/2020\/09\/shure-55sh-ii-e1601485394796.jpg 415w, https:\/\/kommentatorenblog.de\/wp-content\/uploads\/2020\/09\/shure-55sh-ii-e1601485394796-142x300.jpg 142w\" sizes=\"auto, (max-width: 10px) 100vw, 10px\" \/> Markus Krawinkel<\/p>\n\n\n\n<p><span style=\"text-decoration: underline;\">Mittwoch, 20. April 2022, ab 20.20 Uhr (Magenta Sport)<\/span><br><em><strong>Valencia Basket <strong><em><span><b style=\"font-style: italic;\">\u2013<\/b><\/span><\/em><\/strong><\/strong><\/em> <strong style=\"font-style: italic;\">Hamburg Towers (20.<\/strong><em><strong>30 Uhr)<\/strong><\/em><br><img loading=\"lazy\" decoding=\"async\" width=\"10\" height=\"21\" class=\"wp-image-3656\" style=\"width: 10px;\" src=\"http:\/\/kommentatorenblog.de\/wp-content\/uploads\/2020\/09\/shure-55sh-ii-e1601485394796.jpg\" alt=\"\" srcset=\"https:\/\/kommentatorenblog.de\/wp-content\/uploads\/2020\/09\/shure-55sh-ii-e1601485394796.jpg 415w, https:\/\/kommentatorenblog.de\/wp-content\/uploads\/2020\/09\/shure-55sh-ii-e1601485394796-142x300.jpg 142w\" sizes=\"auto, (max-width: 10px) 100vw, 10px\" \/> Sebastian Ulrich<\/p>\n\n\n\n<hr class=\"wp-block-separator\"\/>\n\n\n\n<p>Im Fu\u00dfball stehen Dienstag und Mittwoch nach den Pokal-Halbfinals der Frauen nun auch die der M\u00e4nner an. Die besondere Konstellation in diesem Jahr wurde und wird ausreichend besprochen, weshalb wir nun gleich zu den Ansetzungen in dieser Woche kommen:<\/p>\n\n\n\n<p id=\"national\"><strong>Die Ansetzungen vom 19. April bis zum 21. April 2022<\/strong>:<\/p>\n\n\n\n<hr class=\"wp-block-separator\"\/>\n\n\n\n<p class=\"has-vivid-red-color has-text-color\"><strong>DFB-Pokal, Halbfinale (Sky\/ARD)<\/strong><\/p>\n\n\n\n<p><span style=\"text-decoration: underline;\">Dienstag, 19. April 2022, ab 20.15 Uhr (Sky\/ARD)<\/span><\/p>\n\n\n\n<p><em><strong>Hamburger SV <strong><em><span><b style=\"font-style: italic;\">\u2013<\/b><\/span><\/em><\/strong><\/strong><\/em> <em><strong>SC Freiburg (20.45 Uhr)<\/strong><\/em><\/p>\n\n\n\n<p><img loading=\"lazy\" decoding=\"async\" width=\"10\" height=\"21\" class=\"wp-image-3656\" style=\"width: 10px;\" src=\"http:\/\/kommentatorenblog.de\/wp-content\/uploads\/2020\/09\/shure-55sh-ii-e1601485394796.jpg\" alt=\"\" srcset=\"https:\/\/kommentatorenblog.de\/wp-content\/uploads\/2020\/09\/shure-55sh-ii-e1601485394796.jpg 415w, https:\/\/kommentatorenblog.de\/wp-content\/uploads\/2020\/09\/shure-55sh-ii-e1601485394796-142x300.jpg 142w\" sizes=\"auto, (max-width: 10px) 100vw, 10px\" \/> <em>Sky: <\/em>Kai Dittmann<br>Field-Reporter <em>(Sky)<\/em>: Martin Gro\u00df<br>Moderation <em>(Sky):<\/em> Patrick Wasserziehr<\/p>\n\n\n\n<p><img loading=\"lazy\" decoding=\"async\" width=\"10\" height=\"21\" class=\"wp-image-3656\" style=\"width: 10px;\" src=\"http:\/\/kommentatorenblog.de\/wp-content\/uploads\/2020\/09\/shure-55sh-ii-e1601485394796.jpg\" alt=\"\" srcset=\"https:\/\/kommentatorenblog.de\/wp-content\/uploads\/2020\/09\/shure-55sh-ii-e1601485394796.jpg 415w, https:\/\/kommentatorenblog.de\/wp-content\/uploads\/2020\/09\/shure-55sh-ii-e1601485394796-142x300.jpg 142w\" sizes=\"auto, (max-width: 10px) 100vw, 10px\" \/> <em>ARD:<\/em> Tom Bartels<br>Field-Reporter <em>(ARD)<\/em>: Ben Wozny<br>Moderation <em>(ARD):<\/em> Jessy Wellmer, Experte: Bastian Schweinsteiger<\/p>\n\n\n\n<p><span style=\"text-decoration: underline;\">Mittwoch, 20. April 2022, <\/span><span style=\"text-decoration: underline;\">ab 20.15 Uhr (Sky\/ARD)<\/span><\/p>\n\n\n\n<p><em><strong>RB Leipzig <strong><em><span><b style=\"font-style: italic;\">\u2013<\/b><\/span><\/em><\/strong> 1. FC Union Berlin (20.45 Uhr)<\/strong><\/em><\/p>\n\n\n\n<p><img loading=\"lazy\" decoding=\"async\" width=\"10\" height=\"21\" class=\"wp-image-3656\" style=\"width: 10px;\" src=\"http:\/\/kommentatorenblog.de\/wp-content\/uploads\/2020\/09\/shure-55sh-ii-e1601485394796.jpg\" alt=\"\" srcset=\"https:\/\/kommentatorenblog.de\/wp-content\/uploads\/2020\/09\/shure-55sh-ii-e1601485394796.jpg 415w, https:\/\/kommentatorenblog.de\/wp-content\/uploads\/2020\/09\/shure-55sh-ii-e1601485394796-142x300.jpg 142w\" sizes=\"auto, (max-width: 10px) 100vw, 10px\" \/> <em>Sky:<\/em> Wolff Fuss<br>Field-Reporterin <em>(Sky)<\/em>: Nele Schenker<br>Moderation <em>(Sky)<\/em>: Sebastian Hellmann<\/p>\n\n\n\n<p><img loading=\"lazy\" decoding=\"async\" width=\"10\" height=\"21\" class=\"wp-image-3656\" style=\"width: 10px;\" src=\"http:\/\/kommentatorenblog.de\/wp-content\/uploads\/2020\/09\/shure-55sh-ii-e1601485394796.jpg\" alt=\"\" srcset=\"https:\/\/kommentatorenblog.de\/wp-content\/uploads\/2020\/09\/shure-55sh-ii-e1601485394796.jpg 415w, https:\/\/kommentatorenblog.de\/wp-content\/uploads\/2020\/09\/shure-55sh-ii-e1601485394796-142x300.jpg 142w\" sizes=\"auto, (max-width: 10px) 100vw, 10px\" \/> <em>ARD:<\/em> Eik Galley<br>Field-Reporterin <em>(ARD)<\/em>: Stephanie M\u00fcller-Spirra<br>Moderation <em>(ARD):<\/em> Alexander Bommes, Experte: Bastian Schweinsteiger<\/p>\n\n\n\n<hr class=\"wp-block-separator\"\/>\n\n\n\n<p class=\"has-vivid-red-color has-text-color\"><strong>3. Liga, Nachholspiel 32. Spieltag (Magenta Sport)<\/strong><\/p>\n\n\n\n<p><span style=\"text-decoration: underline;\">Dienstag, 19. April 2022, ab 18.45 Uhr<\/span><\/p>\n\n\n\n<p><em><strong>Hallescher FC <strong><em><span><b style=\"font-style: italic;\">\u2013<\/b><\/span><\/em><\/strong><\/strong><\/em> <em><strong>VfL Osnabr\u00fcck (19.00 Uhr)<\/strong><\/em><br><img loading=\"lazy\" decoding=\"async\" width=\"10\" height=\"21\" class=\"wp-image-3656\" style=\"width: 10px;\" src=\"http:\/\/kommentatorenblog.de\/wp-content\/uploads\/2020\/09\/shure-55sh-ii-e1601485394796.jpg\" alt=\"\" srcset=\"https:\/\/kommentatorenblog.de\/wp-content\/uploads\/2020\/09\/shure-55sh-ii-e1601485394796.jpg 415w, https:\/\/kommentatorenblog.de\/wp-content\/uploads\/2020\/09\/shure-55sh-ii-e1601485394796-142x300.jpg 142w\" sizes=\"auto, (max-width: 10px) 100vw, 10px\" \/> Andreas Mann<\/p>\n\n\n\n<hr class=\"wp-block-separator\"\/>\n\n\n\n<p class=\"has-vivid-red-color has-text-color\"><strong>Premier League (ENG), Nachholspiele (Sky)<\/strong><\/p>\n\n\n\n<p><span style=\"text-decoration: underline;\">Dienstag, 19. April 2022, ab 20.30 Uhr<\/span><\/p>\n\n\n\n<p><strong style=\"font-style: italic;\">FC Liverpool <strong><em><span><b style=\"font-style: italic;\">\u2013<\/b><\/span><\/em><\/strong><\/strong> <em><strong>Manchester United (21.00 Uhr)<\/strong><\/em><br><img loading=\"lazy\" decoding=\"async\" width=\"10\" height=\"21\" class=\"wp-image-3656\" style=\"width: 10px;\" src=\"http:\/\/kommentatorenblog.de\/wp-content\/uploads\/2020\/09\/shure-55sh-ii-e1601485394796.jpg\" alt=\"\" srcset=\"https:\/\/kommentatorenblog.de\/wp-content\/uploads\/2020\/09\/shure-55sh-ii-e1601485394796.jpg 415w, https:\/\/kommentatorenblog.de\/wp-content\/uploads\/2020\/09\/shure-55sh-ii-e1601485394796-142x300.jpg 142w\" sizes=\"auto, (max-width: 10px) 100vw, 10px\" \/> Florian Schmidt-Sommerfeld, Experte: Mladen Petri\u0107<br>Field-Reporter: Sven T\u00f6llner<\/p>\n\n\n\n<p><span style=\"text-decoration: underline;\">Mittwoch, 20. April 2022, ab 20.15 Uhr<\/span><\/p>\n\n\n\n<p><em><strong>FC Chelsea <strong><em><span><b style=\"font-style: italic;\">\u2013<\/b><\/span><\/em><\/strong><\/strong><\/em> <em><strong>FC Arsenal (20.45 Uhr)<\/strong><\/em><br><img loading=\"lazy\" decoding=\"async\" width=\"10\" height=\"21\" class=\"wp-image-3656\" style=\"width: 10px;\" src=\"http:\/\/kommentatorenblog.de\/wp-content\/uploads\/2020\/09\/shure-55sh-ii-e1601485394796.jpg\" alt=\"\" srcset=\"https:\/\/kommentatorenblog.de\/wp-content\/uploads\/2020\/09\/shure-55sh-ii-e1601485394796.jpg 415w, https:\/\/kommentatorenblog.de\/wp-content\/uploads\/2020\/09\/shure-55sh-ii-e1601485394796-142x300.jpg 142w\" sizes=\"auto, (max-width: 10px) 100vw, 10px\" \/> Florian Schmidt-Sommerfeld, Experte: Mladen Petri\u0107<br>Field-Reporter: Raphael Honigstein<\/p>\n\n\n\n<p><span style=\"text-decoration: underline;\">ab 20.35 Uhr<\/span><\/p>\n\n\n\n<p><em><strong>FC Everton <strong><em><span><b style=\"font-style: italic;\">\u2013<\/b><\/span><\/em><\/strong><\/strong><\/em> <em><strong>Leicester City (20.45 Uhr)<\/strong><\/em><br><img loading=\"lazy\" decoding=\"async\" width=\"10\" height=\"21\" class=\"wp-image-3656\" style=\"width: 10px;\" src=\"http:\/\/kommentatorenblog.de\/wp-content\/uploads\/2020\/09\/shure-55sh-ii-e1601485394796.jpg\" alt=\"\" srcset=\"https:\/\/kommentatorenblog.de\/wp-content\/uploads\/2020\/09\/shure-55sh-ii-e1601485394796.jpg 415w, https:\/\/kommentatorenblog.de\/wp-content\/uploads\/2020\/09\/shure-55sh-ii-e1601485394796-142x300.jpg 142w\" sizes=\"auto, (max-width: 10px) 100vw, 10px\" \/> Joachim Hebel<\/p>\n\n\n\n<p><em><strong>Newcastle United <strong><em><span><b style=\"font-style: italic;\">\u2013<\/b><\/span><\/em><\/strong><\/strong><\/em> <em><strong>Crystal Palace (20.45 Uhr)<\/strong><\/em><br><img loading=\"lazy\" decoding=\"async\" width=\"10\" height=\"21\" class=\"wp-image-3656\" style=\"width: 10px;\" src=\"http:\/\/kommentatorenblog.de\/wp-content\/uploads\/2020\/09\/shure-55sh-ii-e1601485394796.jpg\" alt=\"\" srcset=\"https:\/\/kommentatorenblog.de\/wp-content\/uploads\/2020\/09\/shure-55sh-ii-e1601485394796.jpg 415w, https:\/\/kommentatorenblog.de\/wp-content\/uploads\/2020\/09\/shure-55sh-ii-e1601485394796-142x300.jpg 142w\" sizes=\"auto, (max-width: 10px) 100vw, 10px\" \/> Florian Malburg<\/p>\n\n\n\n<p><span style=\"text-decoration: underline;\">ab 20.50 Uhr<\/span><\/p>\n\n\n\n<p><em><strong>Manchester City <strong><em><span><b style=\"font-style: italic;\">\u2013<\/b><\/span><\/em><\/strong><\/strong><\/em> <em><strong>Brighton &amp; Hove Albion (21.00 Uhr)<\/strong><\/em><br><img loading=\"lazy\" decoding=\"async\" width=\"10\" height=\"21\" class=\"wp-image-3656\" style=\"width: 10px;\" src=\"http:\/\/kommentatorenblog.de\/wp-content\/uploads\/2020\/09\/shure-55sh-ii-e1601485394796.jpg\" alt=\"\" srcset=\"https:\/\/kommentatorenblog.de\/wp-content\/uploads\/2020\/09\/shure-55sh-ii-e1601485394796.jpg 415w, https:\/\/kommentatorenblog.de\/wp-content\/uploads\/2020\/09\/shure-55sh-ii-e1601485394796-142x300.jpg 142w\" sizes=\"auto, (max-width: 10px) 100vw, 10px\" \/> Roland Evers<\/p>\n\n\n\n<p><span style=\"text-decoration: underline;\">Donnerstag, 21. April 2022, ab 20.35 Uhr<\/span><\/p>\n\n\n\n<p><em><strong>FC Burnley <strong><em><span><b style=\"font-style: italic;\">\u2013<\/b><\/span><\/em><\/strong><\/strong><\/em> <em><strong>FC Southampton (20.45 Uhr)<\/strong><\/em><br><img loading=\"lazy\" decoding=\"async\" width=\"10\" height=\"21\" class=\"wp-image-3656\" style=\"width: 10px;\" src=\"http:\/\/kommentatorenblog.de\/wp-content\/uploads\/2020\/09\/shure-55sh-ii-e1601485394796.jpg\" alt=\"\" srcset=\"https:\/\/kommentatorenblog.de\/wp-content\/uploads\/2020\/09\/shure-55sh-ii-e1601485394796.jpg 415w, https:\/\/kommentatorenblog.de\/wp-content\/uploads\/2020\/09\/shure-55sh-ii-e1601485394796-142x300.jpg 142w\" sizes=\"auto, (max-width: 10px) 100vw, 10px\" \/> Uli Hebel<\/p>\n\n\n\n<hr class=\"wp-block-separator\"\/>\n\n\n\n<p class=\"has-vivid-red-color has-text-color\"><strong>La Liga (ESP), 33. Spieltag (DAZN)<\/strong><\/p>\n\n\n\n<p><span style=\"text-decoration: underline;\">Dienstag, 19. April 2022<\/span><\/p>\n\n\n\n<p><span><strong style=\"font-style: italic;\"><span><strong style=\"font-style: italic;\">FC Villarreal<\/strong><\/span><strong style=\"font-style: italic;\"> <strong><em><span><b style=\"font-style: italic;\">\u2013<\/b><\/span><\/em><\/strong><\/strong> <em><strong>FC Valencia (21.30 Uhr)<\/strong><\/em><br><img loading=\"lazy\" decoding=\"async\" width=\"10\" height=\"21\" class=\"wp-image-3656\" style=\"width: 10px;\" src=\"http:\/\/kommentatorenblog.de\/wp-content\/uploads\/2020\/09\/shure-55sh-ii-e1601485394796.jpg\" alt=\"\" srcset=\"https:\/\/kommentatorenblog.de\/wp-content\/uploads\/2020\/09\/shure-55sh-ii-e1601485394796.jpg 415w, https:\/\/kommentatorenblog.de\/wp-content\/uploads\/2020\/09\/shure-55sh-ii-e1601485394796-142x300.jpg 142w\" sizes=\"auto, (max-width: 10px) 100vw, 10px\" \/> <\/strong>Max Gross<\/span><\/p>\n\n\n\n<p><span style=\"text-decoration: underline;\">Mittwoch, 20. April 2022<\/span><\/p>\n\n\n\n<p><span><strong style=\"font-style: italic;\">Atl\u00e9tico Madrid<\/strong><\/span><strong style=\"font-style: italic;\"> <strong><em><span><b style=\"font-style: italic;\">\u2013<\/b><\/span><\/em><\/strong><\/strong> <em><strong>FC Granada (19.00 Uhr)<\/strong><\/em><br><img loading=\"lazy\" decoding=\"async\" width=\"10\" height=\"21\" class=\"wp-image-3656\" style=\"width: 10px;\" src=\"http:\/\/kommentatorenblog.de\/wp-content\/uploads\/2020\/09\/shure-55sh-ii-e1601485394796.jpg\" alt=\"\" srcset=\"https:\/\/kommentatorenblog.de\/wp-content\/uploads\/2020\/09\/shure-55sh-ii-e1601485394796.jpg 415w, https:\/\/kommentatorenblog.de\/wp-content\/uploads\/2020\/09\/shure-55sh-ii-e1601485394796-142x300.jpg 142w\" sizes=\"auto, (max-width: 10px) 100vw, 10px\" \/> Julian Engelhard<\/p>\n\n\n\n<p><span><strong style=\"font-style: italic;\">CA Osasuna<\/strong><\/span><strong style=\"font-style: italic;\"> <strong><em><span><b style=\"font-style: italic;\">\u2013<\/b><\/span><\/em><\/strong><\/strong> <em><strong>Real Madrid (21.30 Uhr)<\/strong><\/em><br><img loading=\"lazy\" decoding=\"async\" width=\"10\" height=\"21\" class=\"wp-image-3656\" style=\"width: 10px;\" src=\"http:\/\/kommentatorenblog.de\/wp-content\/uploads\/2020\/09\/shure-55sh-ii-e1601485394796.jpg\" alt=\"\" srcset=\"https:\/\/kommentatorenblog.de\/wp-content\/uploads\/2020\/09\/shure-55sh-ii-e1601485394796.jpg 415w, https:\/\/kommentatorenblog.de\/wp-content\/uploads\/2020\/09\/shure-55sh-ii-e1601485394796-142x300.jpg 142w\" sizes=\"auto, (max-width: 10px) 100vw, 10px\" \/> Uli Hebel, Experte: Sebastian Knei\u00dfl<\/p>\n\n\n\n<p><span style=\"text-decoration: underline;\">Donnerstag, 21. April 2022<\/span><\/p>\n\n\n\n<p><span><strong style=\"font-style: italic;\">UD Levante<\/strong><\/span><strong style=\"font-style: italic;\"> <strong><em><span><b style=\"font-style: italic;\">\u2013<\/b><\/span><\/em><\/strong><\/strong> <em><strong>FC Sevilla (19.00 Uhr)<\/strong><\/em><br><img loading=\"lazy\" decoding=\"async\" width=\"10\" height=\"21\" class=\"wp-image-3656\" style=\"width: 10px;\" src=\"http:\/\/kommentatorenblog.de\/wp-content\/uploads\/2020\/09\/shure-55sh-ii-e1601485394796.jpg\" alt=\"\" srcset=\"https:\/\/kommentatorenblog.de\/wp-content\/uploads\/2020\/09\/shure-55sh-ii-e1601485394796.jpg 415w, https:\/\/kommentatorenblog.de\/wp-content\/uploads\/2020\/09\/shure-55sh-ii-e1601485394796-142x300.jpg 142w\" sizes=\"auto, (max-width: 10px) 100vw, 10px\" \/> Uwe Morawe<\/p>\n\n\n\n<p><span><strong style=\"font-style: italic;\">Real Sociedad<\/strong><\/span><strong style=\"font-style: italic;\"> <strong><em><span><b style=\"font-style: italic;\">\u2013<\/b><\/span><\/em><\/strong><\/strong> <em><strong>FC Barcelona (21.30 Uhr)<\/strong><\/em><br><img loading=\"lazy\" decoding=\"async\" width=\"10\" height=\"21\" class=\"wp-image-3656\" style=\"width: 10px;\" src=\"http:\/\/kommentatorenblog.de\/wp-content\/uploads\/2020\/09\/shure-55sh-ii-e1601485394796.jpg\" alt=\"\" srcset=\"https:\/\/kommentatorenblog.de\/wp-content\/uploads\/2020\/09\/shure-55sh-ii-e1601485394796.jpg 415w, https:\/\/kommentatorenblog.de\/wp-content\/uploads\/2020\/09\/shure-55sh-ii-e1601485394796-142x300.jpg 142w\" sizes=\"auto, (max-width: 10px) 100vw, 10px\" \/> Flo Hauser, Experte: Max Nicu<\/p>\n\n\n\n<hr class=\"wp-block-separator\"\/>\n\n\n\n<p class=\"has-vivid-red-color has-text-color\"><strong>Coppa Italia (ITA), Halbfinal-R\u00fcckspiele (DAZN)<\/strong><\/p>\n\n\n\n<p><span style=\"text-decoration: underline;\">Dienstag, 19. April 2022<\/span><\/p>\n\n\n\n<p><span><strong style=\"font-style: italic;\">Inter Mailand<\/strong><\/span><strong style=\"font-style: italic;\"> <strong><em><span><b style=\"font-style: italic;\">\u2013<\/b><\/span><\/em><\/strong><\/strong> <em><strong>AC Mailand (21.00 Uhr<\/strong>, Hinspiel: 0-0<strong>)<\/strong><\/em><br><img loading=\"lazy\" decoding=\"async\" width=\"10\" height=\"21\" class=\"wp-image-3656\" style=\"width: 10px;\" src=\"http:\/\/kommentatorenblog.de\/wp-content\/uploads\/2020\/09\/shure-55sh-ii-e1601485394796.jpg\" alt=\"\" srcset=\"https:\/\/kommentatorenblog.de\/wp-content\/uploads\/2020\/09\/shure-55sh-ii-e1601485394796.jpg 415w, https:\/\/kommentatorenblog.de\/wp-content\/uploads\/2020\/09\/shure-55sh-ii-e1601485394796-142x300.jpg 142w\" sizes=\"auto, (max-width: 10px) 100vw, 10px\" \/> Mario Rieker, Experte: Christian Bernhard<\/p>\n\n\n\n<p><span style=\"text-decoration: underline;\">Mittwoch, 20. April 2022<\/span><\/p>\n\n\n\n<p><span><strong style=\"font-style: italic;\">Juventus Turin<\/strong><\/span><strong style=\"font-style: italic;\"> <strong><em><span><b style=\"font-style: italic;\">\u2013<\/b><\/span><\/em><\/strong><\/strong> <em><strong>AC Florenz (21.00 Uhr<\/strong>, Hinspiel: 1-0<strong>)<\/strong><\/em><br><img loading=\"lazy\" decoding=\"async\" width=\"10\" height=\"21\" class=\"wp-image-3656\" style=\"width: 10px;\" src=\"http:\/\/kommentatorenblog.de\/wp-content\/uploads\/2020\/09\/shure-55sh-ii-e1601485394796.jpg\" alt=\"\" srcset=\"https:\/\/kommentatorenblog.de\/wp-content\/uploads\/2020\/09\/shure-55sh-ii-e1601485394796.jpg 415w, https:\/\/kommentatorenblog.de\/wp-content\/uploads\/2020\/09\/shure-55sh-ii-e1601485394796-142x300.jpg 142w\" sizes=\"auto, (max-width: 10px) 100vw, 10px\" \/> Carsten Fu\u00df, Experte: Sascha Bigalke<\/p>\n\n\n\n<hr class=\"wp-block-separator\"\/>\n\n\n\n<p class=\"has-vivid-red-color has-text-color\"><strong>Ligue 1 (FRA), 33. Spieltag (DAZN)<\/strong><\/p>\n\n\n\n<p><span style=\"text-decoration: underline;\">Mittwoch, 20. April 2022<\/span><\/p>\n\n\n\n<p><span><strong style=\"font-style: italic;\">AS Monaco<\/strong><\/span><strong style=\"font-style: italic;\"> <strong><em><span><b style=\"font-style: italic;\">\u2013<\/b><\/span><\/em><\/strong><\/strong> <em><strong>OGC Nizza (19.00 Uhr<\/strong><strong>)<\/strong><\/em><br><img loading=\"lazy\" decoding=\"async\" width=\"10\" height=\"21\" class=\"wp-image-3656\" style=\"width: 10px;\" src=\"http:\/\/kommentatorenblog.de\/wp-content\/uploads\/2020\/09\/shure-55sh-ii-e1601485394796.jpg\" alt=\"\" srcset=\"https:\/\/kommentatorenblog.de\/wp-content\/uploads\/2020\/09\/shure-55sh-ii-e1601485394796.jpg 415w, https:\/\/kommentatorenblog.de\/wp-content\/uploads\/2020\/09\/shure-55sh-ii-e1601485394796-142x300.jpg 142w\" sizes=\"auto, (max-width: 10px) 100vw, 10px\" \/> Michi Brandes<\/p>\n\n\n\n<p><span><strong style=\"font-style: italic;\">SCO Angers<\/strong><\/span><strong style=\"font-style: italic;\"> <strong><em><span><b style=\"font-style: italic;\">\u2013<\/b><\/span><\/em><\/strong><\/strong> <em><strong>Paris Saint-Germain (21.00 Uhr)<\/strong><\/em><br><img loading=\"lazy\" decoding=\"async\" width=\"10\" height=\"21\" class=\"wp-image-3656\" style=\"width: 10px;\" src=\"http:\/\/kommentatorenblog.de\/wp-content\/uploads\/2020\/09\/shure-55sh-ii-e1601485394796.jpg\" alt=\"\" srcset=\"https:\/\/kommentatorenblog.de\/wp-content\/uploads\/2020\/09\/shure-55sh-ii-e1601485394796.jpg 415w, https:\/\/kommentatorenblog.de\/wp-content\/uploads\/2020\/09\/shure-55sh-ii-e1601485394796-142x300.jpg 142w\" sizes=\"auto, (max-width: 10px) 100vw, 10px\" \/> Stefan Galler, Experte: Alexis Menuge<\/p>\n\n\n\n<p><span><strong style=\"font-style: italic;\">Olympique Marseille<\/strong><\/span><strong style=\"font-style: italic;\"> <strong><em><span><b style=\"font-style: italic;\">\u2013<\/b><\/span><\/em><\/strong><\/strong> <em><strong>FC Nantes (21.00 Uhr<\/strong><strong>)<\/strong><\/em><br><img loading=\"lazy\" decoding=\"async\" width=\"10\" height=\"21\" class=\"wp-image-3656\" style=\"width: 10px;\" src=\"http:\/\/kommentatorenblog.de\/wp-content\/uploads\/2020\/09\/shure-55sh-ii-e1601485394796.jpg\" alt=\"\" srcset=\"https:\/\/kommentatorenblog.de\/wp-content\/uploads\/2020\/09\/shure-55sh-ii-e1601485394796.jpg 415w, https:\/\/kommentatorenblog.de\/wp-content\/uploads\/2020\/09\/shure-55sh-ii-e1601485394796-142x300.jpg 142w\" sizes=\"auto, (max-width: 10px) 100vw, 10px\" \/> Chris Putz<\/p>\n\n\n\n<hr class=\"wp-block-separator\"\/>\n\n\n\n<p class=\"has-vivid-red-color has-text-color\"><strong>T\u00fcrkiye Kupas\u0131 (TUR), Halbfinal-Hinspiel (Sportdigital FUSSBALL)<\/strong><\/p>\n\n\n\n<p><span style=\"text-decoration: underline;\">Dienstag, 19. April 2022<\/span><\/p>\n\n\n\n<p><span><strong style=\"font-style: italic;\">Trabzonspor<\/strong><\/span><strong style=\"font-style: italic;\"> <strong><em><span><b style=\"font-style: italic;\">\u2013<\/b><\/span><\/em><\/strong><\/strong> <em><strong>Kayserispor (19.30 Uhr<\/strong><strong>)<\/strong><\/em><br><img loading=\"lazy\" decoding=\"async\" width=\"10\" height=\"21\" class=\"wp-image-3656\" style=\"width: 10px;\" src=\"http:\/\/kommentatorenblog.de\/wp-content\/uploads\/2020\/09\/shure-55sh-ii-e1601485394796.jpg\" alt=\"\" srcset=\"https:\/\/kommentatorenblog.de\/wp-content\/uploads\/2020\/09\/shure-55sh-ii-e1601485394796.jpg 415w, https:\/\/kommentatorenblog.de\/wp-content\/uploads\/2020\/09\/shure-55sh-ii-e1601485394796-142x300.jpg 142w\" sizes=\"auto, (max-width: 10px) 100vw, 10px\" \/> Karsten Linke<\/p>\n\n\n\n<p><span style=\"text-decoration: underline;\">Mittwoch, 20. April 2022<\/span><\/p>\n\n\n\n<p><span><strong style=\"font-style: italic;\">Alanyaspor<\/strong><\/span><strong style=\"font-style: italic;\"> <strong><em><span><b style=\"font-style: italic;\">\u2013<\/b><\/span><\/em><\/strong><\/strong> <em><strong>Sivasspor (19.30 Uhr<\/strong><strong>)<\/strong><\/em><br><img loading=\"lazy\" decoding=\"async\" width=\"10\" height=\"21\" class=\"wp-image-3656\" style=\"width: 10px;\" src=\"http:\/\/kommentatorenblog.de\/wp-content\/uploads\/2020\/09\/shure-55sh-ii-e1601485394796.jpg\" alt=\"\" srcset=\"https:\/\/kommentatorenblog.de\/wp-content\/uploads\/2020\/09\/shure-55sh-ii-e1601485394796.jpg 415w, https:\/\/kommentatorenblog.de\/wp-content\/uploads\/2020\/09\/shure-55sh-ii-e1601485394796-142x300.jpg 142w\" sizes=\"auto, (max-width: 10px) 100vw, 10px\" \/> Christian Blunck<\/p>\n\n\n\n<hr class=\"wp-block-separator\"\/>\n\n\n\n<p class=\"has-vivid-red-color has-text-color\"><strong>Ekstraklasa (POL), 31. Spieltag (Sportdigital FUSSBALL)<\/strong><\/p>\n\n\n\n<p><span style=\"text-decoration: underline;\">Mittwoch, 20. April 2022<\/span><\/p>\n\n\n\n<p><span><strong style=\"font-style: italic;\">Pogon Szczecin<\/strong><\/span><strong style=\"font-style: italic;\"> <strong><em><span><b style=\"font-style: italic;\">\u2013<\/b><\/span><\/em><\/strong><\/strong> <em><strong>Rakow Czestochowa (20.30 Uhr<\/strong>, im TV ab 21.30 Uhr<strong>)<\/strong><\/em><br><img loading=\"lazy\" decoding=\"async\" width=\"10\" height=\"21\" class=\"wp-image-3656\" style=\"width: 10px;\" src=\"http:\/\/kommentatorenblog.de\/wp-content\/uploads\/2020\/09\/shure-55sh-ii-e1601485394796.jpg\" alt=\"\" srcset=\"https:\/\/kommentatorenblog.de\/wp-content\/uploads\/2020\/09\/shure-55sh-ii-e1601485394796.jpg 415w, https:\/\/kommentatorenblog.de\/wp-content\/uploads\/2020\/09\/shure-55sh-ii-e1601485394796-142x300.jpg 142w\" sizes=\"auto, (max-width: 10px) 100vw, 10px\" \/> Collin Nagel<\/p>\n\n\n\n<hr class=\"wp-block-separator\"\/>\n\n\n\n<p class=\"has-vivid-red-color has-text-color\"><strong>AFC Champions League, 2.\/3.\/4. Spieltag (Sport1+)<\/strong><\/p>\n\n\n\n<p><span style=\"text-decoration: underline;\">Dienstag, 19. April 2022<\/span><\/p>\n\n\n\n<p><span><strong style=\"font-style: italic;\">Vissel Kobe <\/strong><em>(JPN)<\/em><\/span><strong style=\"font-style: italic;\"> <strong><em><span><b style=\"font-style: italic;\">\u2013<\/b><\/span><\/em><\/strong><\/strong> <em><strong><strong>Kitchee SC<\/strong> <\/strong>(HKG)<strong> (13.00 Uhr<\/strong>, Gruppe J, Ost, 2. Spieltag<strong>)<\/strong><\/em><br><img loading=\"lazy\" decoding=\"async\" width=\"10\" height=\"21\" class=\"wp-image-3656\" style=\"width: 10px;\" src=\"http:\/\/kommentatorenblog.de\/wp-content\/uploads\/2020\/09\/shure-55sh-ii-e1601485394796.jpg\" alt=\"\" srcset=\"https:\/\/kommentatorenblog.de\/wp-content\/uploads\/2020\/09\/shure-55sh-ii-e1601485394796.jpg 415w, https:\/\/kommentatorenblog.de\/wp-content\/uploads\/2020\/09\/shure-55sh-ii-e1601485394796-142x300.jpg 142w\" sizes=\"auto, (max-width: 10px) 100vw, 10px\" \/> Oliver Forster<\/p>\n\n\n\n<p><span><strong style=\"font-style: italic;\">al-Wihdat <\/strong><em>(JOR)<\/em><\/span><strong style=\"font-style: italic;\"> <strong><em><span><b style=\"font-style: italic;\">\u2013<\/b><\/span><\/em><\/strong><\/strong> <em><strong><strong>al-Sadd Sport Club<\/strong> <\/strong>(QAT)<strong> (19.15 Uhr<\/strong>, Gruppe E, West, 4. ST<strong>)<\/strong><\/em><br><img loading=\"lazy\" decoding=\"async\" width=\"10\" height=\"21\" class=\"wp-image-3656\" style=\"width: 10px;\" src=\"http:\/\/kommentatorenblog.de\/wp-content\/uploads\/2020\/09\/shure-55sh-ii-e1601485394796.jpg\" alt=\"\" srcset=\"https:\/\/kommentatorenblog.de\/wp-content\/uploads\/2020\/09\/shure-55sh-ii-e1601485394796.jpg 415w, https:\/\/kommentatorenblog.de\/wp-content\/uploads\/2020\/09\/shure-55sh-ii-e1601485394796-142x300.jpg 142w\" sizes=\"auto, (max-width: 10px) 100vw, 10px\" \/> Marcus Radefeld<\/p>\n\n\n\n<p><span><strong style=\"font-style: italic;\">FC Istiklol <\/strong><em>(TJK)<\/em><\/span><strong style=\"font-style: italic;\"> <strong><em><span><b style=\"font-style: italic;\">\u2013<\/b><\/span><\/em><\/strong><\/strong> <em><strong><strong>al-Hilal<\/strong> <\/strong>(KSA)<strong> (22.15 Uhr<\/strong>, Gruppe A, West, 4. Spieltag<strong>)<\/strong><\/em><br><img loading=\"lazy\" decoding=\"async\" width=\"10\" height=\"21\" class=\"wp-image-3656\" style=\"width: 10px;\" src=\"http:\/\/kommentatorenblog.de\/wp-content\/uploads\/2020\/09\/shure-55sh-ii-e1601485394796.jpg\" alt=\"\" srcset=\"https:\/\/kommentatorenblog.de\/wp-content\/uploads\/2020\/09\/shure-55sh-ii-e1601485394796.jpg 415w, https:\/\/kommentatorenblog.de\/wp-content\/uploads\/2020\/09\/shure-55sh-ii-e1601485394796-142x300.jpg 142w\" sizes=\"auto, (max-width: 10px) 100vw, 10px\" \/> Marcus Radefeld<\/p>\n\n\n\n<p><span style=\"text-decoration: underline;\">Donnerstag, 21. April 2022<\/span><\/p>\n\n\n\n<p><span><strong style=\"font-style: italic;\">Daegu FC <\/strong><em>(KOR)<\/em><\/span><strong style=\"font-style: italic;\"> <strong><em><span><b style=\"font-style: italic;\">\u2013<\/b><\/span><\/em><\/strong><\/strong> <em><strong><strong>Urawa Red Diamonds<\/strong> <\/strong>(JPN)<strong> (16.00 Uhr<\/strong>, Gruppe F, Ost, 3. ST<strong>)<\/strong><\/em><br><img loading=\"lazy\" decoding=\"async\" width=\"10\" height=\"21\" class=\"wp-image-3656\" style=\"width: 10px;\" src=\"http:\/\/kommentatorenblog.de\/wp-content\/uploads\/2020\/09\/shure-55sh-ii-e1601485394796.jpg\" alt=\"\" srcset=\"https:\/\/kommentatorenblog.de\/wp-content\/uploads\/2020\/09\/shure-55sh-ii-e1601485394796.jpg 415w, https:\/\/kommentatorenblog.de\/wp-content\/uploads\/2020\/09\/shure-55sh-ii-e1601485394796-142x300.jpg 142w\" sizes=\"auto, (max-width: 10px) 100vw, 10px\" \/> Marcus Radefeld<\/p>\n\n\n\n<hr class=\"wp-block-separator\"\/>\n\n\n\n<p class=\"has-vivid-red-color has-text-color\"><strong>Campeonato Brasileiro (BRA), 4. Spieltag (Sportdigital FUSSBALL)<\/strong><\/p>\n\n\n\n<p><span style=\"text-decoration: underline;\">Donnerstag, 21. April 2022<\/span><\/p>\n\n\n\n<p><span><strong style=\"font-style: italic;\">Flamengo Rio de Janeiro<\/strong><\/span><strong style=\"font-style: italic;\"> <strong><em><span><b style=\"font-style: italic;\">\u2013<\/b><\/span><\/em><\/strong><\/strong> <em><strong><strong>Palmeiras S\u00e3o Paulo<\/strong> (00.30 Uhr)<\/strong><\/em><br><img loading=\"lazy\" decoding=\"async\" width=\"10\" height=\"21\" class=\"wp-image-3656\" style=\"width: 10px;\" src=\"http:\/\/kommentatorenblog.de\/wp-content\/uploads\/2020\/09\/shure-55sh-ii-e1601485394796.jpg\" alt=\"\" srcset=\"https:\/\/kommentatorenblog.de\/wp-content\/uploads\/2020\/09\/shure-55sh-ii-e1601485394796.jpg 415w, https:\/\/kommentatorenblog.de\/wp-content\/uploads\/2020\/09\/shure-55sh-ii-e1601485394796-142x300.jpg 142w\" sizes=\"auto, (max-width: 10px) 100vw, 10px\" \/> Ulf Kahmke<\/p>\n\n\n\n<hr class=\"wp-block-separator\"\/>\n\n\n\n<p><strong>Die Analyse<\/strong><\/p>\n\n\n\n<p><strong>Eik Galley mit Halbfinal-Einsatz<\/strong><\/p>\n\n\n\n<p>&#8222;Hamburg, Freiburg, Leipzig oder Union gewinnt den DFB-Pokal!&#8220; So \u00fcberraschend diese Aussage mit dem Wissen von vor der Saison klingt, so wenig \u00fcberraschend kommen die TV-Ansetzungen von Sky f\u00fcrs Halbfinale: Wolff Fuss und Kai Dittmann teilen sich die Partien der vier Clubs auf. Der Topspielkommentator schaut beim Duell der Bundesligisten zu, Kollege Dittmann \u00fcbernimmt im Norden. Von dort meldet sich auch Patrick Wasserziehr als Moderator beim seinem &#8222;Heimspiel&#8220; in Hamburg. Martin Gro\u00df ist wie schon beim Topspiel als Field-Reporter im Einsatz.<br>Selbige Position \u00fcbernimmt am Mittwoch Nele Schenker und f\u00fchrt wie schon im Viertelfinale die Interviews beim Union-Spiel. Und Sebastian Hellmann, der in der vergangenen Runde Pause hatte, moderiert den Abend aus dem Leipziger Zentralstadion f\u00fcrs Bezahlfernsehen.<\/p>\n\n\n\n<p>Im Ersten kommt Jessy Wellmer beim Gastspiel der Freiburger bei den Rothosen zu ihrem zweiten Pokal-Einsatz in dieser Saison. F\u00fchrend in dieser ARD-Statistik ist \u00fcbrigens Alexander Bommes, der mit dem zweiten Halbfinale am Mittwoch seine vierte der bisher insgesamt acht ARD-\u00dcbertragungen in dieser Spielzeit moderieren wird. Denn auch Esther Sedlaczek hatte in ihrer ersten ARD-Saison bisher zwei Eins\u00e4tze. Bleibt abzuwarten, wer dann am 21. Mai in Berlin moderieren wird. <br>An beiden Halbfinal-Tagen steht nat\u00fcrlich Bastian Schweinsteiger Wellmer bzw. Bommes als Experte zur Seite. Wie bei Sky kommen beide \u00dcbertragungen aus dem Stadion. Dort werden auch Ben Wozny am Dienstag und Stephanie M\u00fcller-Spirra am Mittwoch Interviews mit den Protagonisten f\u00fchren.<\/p>\n\n\n\n<p>Auf der Kommentatoren-Position kommt &#8211; wie in allen bisherigen Pokal-Runden in dieser Spielzeit &#8211; erneut Tom Bartels zum Einsatz. F\u00fcr den SWR-Mann wird die Partie HSV-SCF seine mittlerweile f\u00fcnfte im DFB-Pokal 2021\/22 &#8211; von insgesamt acht Spielen, die das Erste dann gezeigt hat! Im Jahr, in dem die ARD das WM-Finale \u00fcbertragen wird, besonders erw\u00e4hnenswert.<br>Beim zweiten Halbfinale wird nicht Florian Na\u00df oder Gerd Gottlob kommentieren, sondern &#8211; etwas \u00fcberraschend &#8211; Eik Galley zum Einsatz kommen. F\u00fcr den MDR-Kommentator d\u00fcrfte das Duell der beiden gegens\u00e4tzlichen Vereine aus dem Osten das erste DFB-Pokal-Livespiel im Ersten sein.<\/p>\n\n\n\n<p><strong>Zweimal <em>Match of the Week<\/em><\/strong><\/p>\n\n\n\n<p>In England stehen unter der Woche Nachholspiele verschiedener Spieltage an. Weil dabei mit dem North West Derby und dem London Duell Chelsea-Arsenal zwei Kracher anstehen, gibt&#8217;s bei Sky gleich zwei <em>Matches of the Week<\/em> (bzw. folgt am Sonntag ja dann noch das dritte :-). Dienstag und Mittwoch melden sich Mladen Petri\u0107 und der von seiner Klasse(n)fahrt (#Lauschangriff) zur\u00fcckgekehrte Schmiso aus dem Studio. Raphael Honigstein wird an der Stamford Bridge sein, Sven T\u00f6llner ist am Tag zuvor an der Anfield Road. Bei den weiteren Nachholpartien melden sich weitere Fachm\u00e4nner des englischen Fu\u00dfballs am Mikrofon.<\/p>\n\n\n\n<p><strong>DAZN: Liga in Spanien und Frankreich, Gro\u00dfe Pokalspiele in Italien<\/strong><\/p>\n\n\n\n<p>In den Meisterschaftswettbewerben der beiden NationsLeague-Finalisten des vergangenen Jahres steht unter der Woche der 33. Spieltag an. DAZN \u00fcbertr\u00e4gt dabei insgesamt acht Spiele mit deutschem Kommentar. F\u00fcr Michi Brandes d\u00fcrfte das Nachbarschaftsduell Monaco-Nizza im Kampf um die europ\u00e4ischen Pl\u00e4tze der erste Einsatz bei DAZN sein. Zumindest kannte ich seinen Namen bisher nur als SpradeTV-Kommentator beim Eishockey bei mir in der Region.<\/p>\n\n\n\n<p>Im Land des Europameisters steht indes das Pokalhalbfinale an. Hier sind wir &#8211; nach engen Hinspielergebnissen &#8211; im R\u00fcckspiel angekommen. F\u00fcr DAZN \u00fcbernehmen Mario Rieker und Christian Bernhard das Derby della Madonnina. Carsten Fu\u00df kommentiert das R\u00fcckspiel der Fiorentina in Turin. An seiner Seite dieses Mal nicht Christian Bernhard, sondern Sascha Bigalke. F\u00fcr den Ex-Hachinger ist es der erste Einsatz im italienischen Fu\u00dfball seit November. <\/p>\n\n\n\n<p><strong>Pokal-Halbfinale auch bei Sportdigital<\/strong><\/p>\n\n\n\n<p>Weil auch die T\u00fcrkei ihr Pokalhalbfinale ausspielt (hier allerdings die Hinspiele), schlie\u00dft sich Sportdigital FUSSBALL der Pokalwoche an. Die Dienstag und Mittwoch jeweils um 19.30 Uhr beginnenden Spiele verfolgen Karsten Linke und Christian Blunck am Mikrofon. Es wird \u00fcbrigens das erste Halbfinale seit 2002\/03(!), das ohne einen Istanbul-Club stattfindet.<\/p>\n\n\n\n<p>Ansonsten werden beim Hamburger Sender je eine Partie aus Polen und Brasilien \u00fcbertragen. Sport1+ hat Gruppenspiele aus der AFC Champions League mit mehr oder weniger prominenten Teams aus den West- bzw. Ost-Gruppen im Programm. Marcus Radefeld ist dabei unerm\u00fcdlich im Einsatz und wird nach zwei unmittelbar aufeinander folgenden Matches am Dienstag am Donnerstag seinen dritten Einsatz binnen weniger als 48 Stunden verzeichnen.<\/p>\n\n\n\n<hr class=\"wp-block-separator\"\/>\n\n\n\n<p>Gro\u00dfes Angebot also, insbesondere an Dienstag und Mittwoch. Euch allen eine sch\u00f6ne Sportwoche und viel Erfolg bei der Entscheidung, was ihr davon schaut!<\/p>\n","protected":false},"excerpt":{"rendered":"<p>N&#8217;Abend allerseits! Bereits Anfang April haben sich die Basketballer des FC Bayern in der Euroleague vorzeitig f\u00fcr die Playoffs qualifiziert. Leicht beg\u00fcnstigt durch den Ausschluss der russischen Teams und der Annullierung der drei dortigen Ausw\u00e4rtsniederlagen, gelang das Weiterkommen durch den h\u00f6chsten Saisonsieg gegen den direkten Konkurrenten Roter Stern Belgrad bei noch drei ausstehenden Spielen vor [&hellip;]<\/p>\n","protected":false},"author":12,"featured_media":0,"comment_status":"open","ping_status":"open","sticky":false,"template":"","format":"standard","meta":{"footnotes":""},"categories":[504],"tags":[299,246,153,216,19,744,355,490,131,499,164,57,171,421,13,462,779,532,132,308,89,274,347,315,93,59,205,9,503,243,300,95,283,438,742,298,83,369,183,94,340,45,361,98,222,778,22,434,134,154,575,102,273,402,105,149,107],"class_list":["post-12532","post","type-post","status-publish","format-standard","hentry","category-dfb-pokal-co","tag-alex-vogel","tag-alexander-bommes","tag-alexis-menuge","tag-andreas-mann","tag-ard","tag-basketball","tag-bastian-schweinsteiger","tag-ben-wozny","tag-carsten-fuss","tag-chris-putz","tag-christian-bernhard","tag-christian-blunck","tag-christoph-stadtler","tag-collin-nagel","tag-dazn","tag-eik-galley","tag-eurocup","tag-euroleague","tag-flo-hauser","tag-florian-malburg","tag-florian-schmidt-sommerfeld","tag-jessy-wellmer","tag-joachim-hebel","tag-julian-engelhard","tag-kai-dittmann","tag-karsten-linke","tag-lukas-schoenmueller","tag-magenta-sport","tag-marcus-radefeld","tag-mario-rieker","tag-markus-krawinkel","tag-martin-gross","tag-max-gross","tag-max-nicu","tag-michael-brandes","tag-michael-koerner","tag-mladen-petric","tag-nele-schenker","tag-oliver-forster","tag-patrick-wasserziehr","tag-raphael-honigstein","tag-roland-evers","tag-sascha-bigalke","tag-sebastian-hellmann","tag-sebastian-kneissl","tag-sebastian-ulrich","tag-sky","tag-sport1-2","tag-sportdigital-fussball","tag-stefan-galler","tag-stephanie-mueller-spirra","tag-sven-toellner","tag-tom-bartels","tag-ulf-kahmke","tag-uli-hebel","tag-uwe-morawe","tag-wolff-fuss"],"_links":{"self":[{"href":"https:\/\/kommentatorenblog.de\/index.php?rest_route=\/wp\/v2\/posts\/12532","targetHints":{"allow":["GET"]}}],"collection":[{"href":"https:\/\/kommentatorenblog.de\/index.php?rest_route=\/wp\/v2\/posts"}],"about":[{"href":"https:\/\/kommentatorenblog.de\/index.php?rest_route=\/wp\/v2\/types\/post"}],"author":[{"embeddable":true,"href":"https:\/\/kommentatorenblog.de\/index.php?rest_route=\/wp\/v2\/users\/12"}],"replies":[{"embeddable":true,"href":"https:\/\/kommentatorenblog.de\/index.php?rest_route=%2Fwp%2Fv2%2Fcomments&post=12532"}],"version-history":[{"count":48,"href":"https:\/\/kommentatorenblog.de\/index.php?rest_route=\/wp\/v2\/posts\/12532\/revisions"}],"predecessor-version":[{"id":12642,"href":"https:\/\/kommentatorenblog.de\/index.php?rest_route=\/wp\/v2\/posts\/12532\/revisions\/12642"}],"wp:attachment":[{"href":"https:\/\/kommentatorenblog.de\/index.php?rest_route=%2Fwp%2Fv2%2Fmedia&parent=12532"}],"wp:term":[{"taxonomy":"category","embeddable":true,"href":"https:\/\/kommentatorenblog.de\/index.php?rest_route=%2Fwp%2Fv2%2Fcategories&post=12532"},{"taxonomy":"post_tag","embeddable":true,"href":"https:\/\/kommentatorenblog.de\/index.php?rest_route=%2Fwp%2Fv2%2Ftags&post=12532"}],"curies":[{"name":"wp","href":"https:\/\/api.w.org\/{rel}","templated":true}]}}