{"id":1277,"date":"2020-01-27T20:54:03","date_gmt":"2020-01-27T20:54:03","guid":{"rendered":"http:\/\/kommentatorenblog.de\/?p=1277"},"modified":"2020-12-30T16:06:18","modified_gmt":"2020-12-30T16:06:18","slug":"1051-doppelter-dahlmann-zum-start-in-die-rueckrunde","status":"publish","type":"post","link":"https:\/\/kommentatorenblog.de\/?p=1277","title":{"rendered":"1051  &#8211; Doppelter Dahlmann zum Start in die R\u00fcckrunde"},"content":{"rendered":"\n<p>N&#8217;Abend allerseits,<\/p>\n\n\n\n<p>die Winterpause naht nun auch im Unterhaus ihrem Ende. Das bedeutet f\u00fcr die Akteure der 2. Bundesliga, am besten sofort voll im Saft zu stehen. Wie es sich f\u00fcr eine englische Woche geh\u00f6rt, m\u00fcssen die Teams n\u00e4mlich zweimal ran.<\/p>\n\n\n\n<p>Den Auftakt darf der Tabellenf\u00fchrer machen. Der DSC Arminia Bielefeld hat den VfL Bochum zu Gast. Und dabei haben die Ostwestfalen ein erkl\u00e4rtes Ziel. Die Verfolger sollen auf Distanz gehalten werden. &#8222;Ich kann mich doch nicht als Tabellenf\u00fchrer in der Winterpause hinsetzen und sagen: Wir gucken mal, wo wir am Ende landen&#8220;, formuliert Top-Torj\u00e4ger Fabian Klos seinen ehrlichen Ehrgeiz.<\/p>\n\n\n\n<p>Doch auch die Premier League verw\u00f6hnt uns mit einem Nachholspiel, Liverpool gastiert in West Ham. Au\u00dferdem geht es in Spanien, Italien und England mit den nationalen Pokalspielen weiter. W\u00e4hrend in Frankreich mit dem Coupe de France (im Gegensatz zum Coupe de la Ligue) der renommiertere Pokalwettbewerb auf der Tagesordnung steht, m\u00fcssen die Fans des englischen Fu\u00dfballs mit dem Carabao Cup Vorlieb nehmen.<\/p>\n\n\n\n<p> <strong><em>Die Ansetzungen vom 28. Januar 2020 bis zum 30. Januar 2020<\/em><\/strong> <\/p>\n\n\n\n<p><strong>2. Bundesliga, 19. Spieltag<\/strong><\/p>\n\n\n\n<p><span style=\"text-decoration: underline;\">Dienstag, 28. Januar 2020, ab 18 Uhr (Sky)<\/span><\/p>\n\n\n\n<p><em><strong>Arminia Bielefeld &#8211; VfL Bochum (18.30 Uhr)<\/strong><\/em><\/p>\n\n\n\n<p>Sky: J\u00fcrgen Schmitz, Interviews: Schalte<\/p>\n\n\n\n<p><span style=\"text-decoration: underline;\">ab 20.25 Uhr<\/span><\/p>\n\n\n\n<p><em><strong>Jahn Regensburg &#8211; Hannover 96 (20.30 Uhr)<\/strong><\/em><\/p>\n\n\n\n<p>Sky: Holger Pfandt<\/p>\n\n\n\n<p><em><strong>SpVgg Greuther F\u00fcrth&nbsp;\u2013&nbsp;FC St. Pauli (20.30 Uhr)<\/strong><\/em><\/p>\n\n\n\n<p>Sky: Ulli Potofski, Interviews: Schalte<\/p>\n\n\n\n<p><strong><em>SV Wehen Wiesbaden \u2013&nbsp;Erzgebirge Aue (20.30 Uhr)<\/em><\/strong><\/p>\n\n\n\n<p>Sky: J\u00f6rg Dahlmann<\/p>\n\n\n\n<p>Moderation (Sky): Peter Hardenacke <\/p>\n\n\n\n<p><span style=\"text-decoration: underline;\">Mittwoch, 29. Januar 2020, ab 18 Uhr (Sky)<\/span><\/p>\n\n\n\n<p><strong><em>VfB Stuttgart \u2013&nbsp;1. FC Heidenheim (18.30 Uhr)<\/em><\/strong><\/p>\n\n\n\n<p>Sky: Hansi K\u00fcpper, Field-Reporter: Torben Hoffmann<\/p>\n\n\n\n<p><span style=\"text-decoration: underline;\">ab 20.25 Uhr<\/span><\/p>\n\n\n\n<p><em><strong>Dynamo Dresden&nbsp;\u2013&nbsp;Karlsruher SC (20.30 Uhr)<\/strong><\/em><\/p>\n\n\n\n<p>Sky: Heiko Mallwitz, Interviews: Schalte<\/p>\n\n\n\n<p><strong><em>VfL Osnabr\u00fcck \u2013&nbsp;SV Sandhausen (20.30 Uhr)<\/em><\/strong><\/p>\n\n\n\n<p>Sky: Klaus Veltmann<\/p>\n\n\n\n<p><strong><em>Holstein Kiel \u2013&nbsp;SV Darmstadt 98 (20.30 Uhr)<\/em><\/strong><\/p>\n\n\n\n<p>Sky: J\u00f6rg Dahlmann<\/p>\n\n\n\n<p>Moderation (Sky): Stefan Hempel<\/p>\n\n\n\n<p><span style=\"text-decoration: underline;\">Donnerstag, 30. Januar 2020, ab 20 Uhr (Sky)<\/span><\/p>\n\n\n\n<p><strong><em>Hamburger SV \u2013&nbsp;1. FC N\u00fcrnberg (20.30 Uhr)<\/em><\/strong><\/p>\n\n\n\n<p>Sky: Michael Born, Field-Reporter: Jurek Rohrberg <\/p>\n\n\n\n<p>Moderation (Sky): Yannick Erkenbrecher<\/p>\n\n\n\n<p><strong>Premier League, 19. Spieltag<\/strong> (Nachholspiel)<\/p>\n\n\n\n<p><span style=\"text-decoration: underline;\">Mittwoch, 29. Januar 2020, ab 20.35 Uhr<\/span><\/p>\n\n\n\n<p><em><strong>West Ham United &#8211; FC Liverpool (20.45 Uhr)<\/strong><\/em><\/p>\n\n\n\n<p>Sky: Hannes Hermann <\/p>\n\n\n\n<p><strong>Fu\u00dfball International <\/strong><\/p>\n\n\n\n<p><span style=\"text-decoration: underline;\">Dienstag, 28. Januar 2020<\/span><\/p>\n\n\n\n<p>Coppa Italia, Viertelfinale: <strong>AC Mailand &#8211; FC Turin (20.45 Uhr)<\/strong><\/p>\n\n\n\n<p>DAZN: Tobi Fischbeck<\/p>\n\n\n\n<p>Carabao Cup, Halbfinale, R\u00fcckspiel: <em><strong>Aston Villa &#8211; Leicester City (20.45 Uhr)<\/strong><\/em><\/p>\n\n\n\n<p>DAZN: Experte: Marco Hagemann, Experte: Sebastian Knei\u00dfl<\/p>\n\n\n\n<p>Coupe de France, Achtelfinale: <strong><em>AS Monaco &#8211; AS Saint-Etienne (20.55 Uhr)<\/em><\/strong><\/p>\n\n\n\n<p>DAZN: Guido H\u00fcsgen<\/p>\n\n\n\n<p><span style=\"text-decoration: underline;\">Mittwoch, 29. Januar 2020<\/span><\/p>\n\n\n\n<p>Coupe de France, Achtelfinale: <strong><em>FC Pau &#8211; PSG (18.30 Uhr)<\/em><\/strong><\/p>\n\n\n\n<p>DAZN: Stefan Galler<\/p>\n\n\n\n<p>Copa del Rey, Achtelfinale: <em><strong>Cultural Leonesa &#8211; FC Valencia (19.00 Uhr)<\/strong><\/em><\/p>\n\n\n\n<p>DAZN: Lukas Sch\u00f6nm\u00fcller<\/p>\n\n\n\n<p>Carabao Cup, Halbfinale, R\u00fcckspiel:&nbsp;<strong><em>Manchester City \u2013 Manchester United (20.45 Uhr)<\/em><\/strong><\/p>\n\n\n\n<p>DAZN: Uli Hebel, Experte: Ralph Gunesch<\/p>\n\n\n\n<p>Coppa Italia, Viertelfinale: <strong>Inter Mailand &#8211; AC Florenz (20.45 Uhr)<\/strong><\/p>\n\n\n\n<p>DAZN: Carsten Fu\u00df, Experte: Maximilian Nicu<\/p>\n\n\n\n<p>Copa del Rey, Achtelfinale: <em><strong>Real Saragossa &#8211; Real Madrid (21.00 Uhr)<\/strong><\/em><\/p>\n\n\n\n<p>DAZN: Jan Platte, Experte: Benny Lauth<\/p>\n\n\n\n<p><span style=\"text-decoration: underline;\">Donnerstag, 30. Januar 2019<\/span><\/p>\n\n\n\n<p>Copa del Rey, Achtelfinale: <em><strong>FC Barcelona &#8211; CD Leagn\u00e9s (19.00 Uhr)<\/strong><\/em><\/p>\n\n\n\n<p>DAZN: Matthias Naebers, Experte: Sascha Bigalke<\/p>\n\n\n\n<p>Coupe de France, Achtelfinale: <strong><em>OGC Nizza &#8211; Olympique Lyon (20.55 Uhr)<\/em><\/strong><\/p>\n\n\n\n<p>DAZN: David Ploch<\/p>\n\n\n\n<p>Copa del Rey, Achtelfinale: <em><strong>CD Mirandes &#8211; FC Sevilla (21.00 Uhr)<\/strong><\/em><\/p>\n\n\n\n<p>DAZN: Ruben Zimmermann<\/p>\n\n\n\n<p><strong><em>Die Analyse<\/em><\/strong><\/p>\n\n\n\n<p>In der 2. Bundesliga ist es, wie so oft, der doppelte Dahlmann. Der langj\u00e4hrige Sport1-Kommentator meldet sich sowohl f\u00fcr Wiesbaden gegen Aue als auch f\u00fcr Kiel gegen Darmstadt zu Wort. Er\u00f6ffnen darf den Spieltag J\u00fcrgen Schmitz, wobei die Interviews nach der Partie aus dem Studio gef\u00fchrt werden.<\/p>\n\n\n\n<p>Live vor Ort sind f\u00fcr Sky nur Torben Hoffmann und Jurek Rohrberg als Field-Reporter. F\u00fcr Hoffmann geht es nach Stuttgart, Rohrberg bleibt im Norden der Republik und sammelt Stimmen von Hamburgern und N\u00fcrnbergern. Yannick Erkenbrecher feiert nach \u00fcberstandener Virus-Erkrankung sein Comeback als Moderator im Studio am Donnerstag &#8211; wir freuen uns. <\/p>\n\n\n\n<p>Im internationalen Fu\u00dfball sticht das Manchester-Derby ins Auge. Wie ernst das Aufgebot der beiden Teams im Carabao-Cup jedoch ist, wird sich zeigen. Im Hinspiel schickten Pep Guardiola und Ole Solksjaer eine Art halbe A-Elf auf den Rasen. Uli Hebel und Ralph Gunesch wissen am Mittwochabend mehr.<\/p>\n\n\n\n<p>DAZN hat als Erg\u00e4nzung zu den oben genannten Partien mit deutschem Kommentar auch noch die Spiele Marseille &#8211; Stra\u00dfburg und Rayo Vallecano &#8211; Villarreal im Angebot. Allerdings ist bislang kein Kommentar darauf angesetzt. <\/p>\n\n\n\n<p>In diesem Sinne, Euch eine sch\u00f6ne Woche!<\/p>\n","protected":false},"excerpt":{"rendered":"<p>N&#8217;Abend allerseits, die Winterpause naht nun auch im Unterhaus ihrem Ende. Das bedeutet f\u00fcr die Akteure der 2. Bundesliga, am besten sofort voll im Saft zu stehen. Wie es sich f\u00fcr eine englische Woche geh\u00f6rt, m\u00fcssen die Teams n\u00e4mlich zweimal ran. Den Auftakt darf der Tabellenf\u00fchrer machen. Der DSC Arminia Bielefeld hat den VfL Bochum [&hellip;]<\/p>\n","protected":false},"author":2,"featured_media":0,"comment_status":"open","ping_status":"open","sticky":false,"template":"","format":"standard","meta":{"footnotes":""},"categories":[429],"tags":[20,62,13,26,244,108,22,245,105],"class_list":["post-1277","post","type-post","status-publish","format-standard","hentry","category-diverses","tag-2-bundesliga","tag-carabao-cup","tag-dazn","tag-joerg-dahlmann","tag-jurek-rohrberg","tag-ralph-gunesch","tag-sky","tag-torben-hoffmann","tag-uli-hebel"],"_links":{"self":[{"href":"https:\/\/kommentatorenblog.de\/index.php?rest_route=\/wp\/v2\/posts\/1277","targetHints":{"allow":["GET"]}}],"collection":[{"href":"https:\/\/kommentatorenblog.de\/index.php?rest_route=\/wp\/v2\/posts"}],"about":[{"href":"https:\/\/kommentatorenblog.de\/index.php?rest_route=\/wp\/v2\/types\/post"}],"author":[{"embeddable":true,"href":"https:\/\/kommentatorenblog.de\/index.php?rest_route=\/wp\/v2\/users\/2"}],"replies":[{"embeddable":true,"href":"https:\/\/kommentatorenblog.de\/index.php?rest_route=%2Fwp%2Fv2%2Fcomments&post=1277"}],"version-history":[{"count":16,"href":"https:\/\/kommentatorenblog.de\/index.php?rest_route=\/wp\/v2\/posts\/1277\/revisions"}],"predecessor-version":[{"id":1294,"href":"https:\/\/kommentatorenblog.de\/index.php?rest_route=\/wp\/v2\/posts\/1277\/revisions\/1294"}],"wp:attachment":[{"href":"https:\/\/kommentatorenblog.de\/index.php?rest_route=%2Fwp%2Fv2%2Fmedia&parent=1277"}],"wp:term":[{"taxonomy":"category","embeddable":true,"href":"https:\/\/kommentatorenblog.de\/index.php?rest_route=%2Fwp%2Fv2%2Fcategories&post=1277"},{"taxonomy":"post_tag","embeddable":true,"href":"https:\/\/kommentatorenblog.de\/index.php?rest_route=%2Fwp%2Fv2%2Ftags&post=1277"}],"curies":[{"name":"wp","href":"https:\/\/api.w.org\/{rel}","templated":true}]}}