{"id":12774,"date":"2022-04-25T21:13:27","date_gmt":"2022-04-25T19:13:27","guid":{"rendered":"http:\/\/kommentatorenblog.de\/?p=12774"},"modified":"2023-06-26T13:31:36","modified_gmt":"2023-06-26T11:31:36","slug":"1251-halbfinale","status":"publish","type":"post","link":"https:\/\/kommentatorenblog.de\/?p=12774","title":{"rendered":"1251 &#8211; Halbfinale"},"content":{"rendered":"\n<p>N&#8217;Abend Allerseits,<\/p>\n\n\n\n<p>So langsam kommen wir in dem Bereich in dem wir immer mehr zum gratulieren kommen, dass m\u00f6chte hier nat\u00fcrlich auch zu Beginn mal machen. Erstmal &#8211; na klar &#8211; dem FC Bayern M\u00fcnchen zum Gewinn der deutschen Meisterschaft aber auch dem 1.FC Magdeburg, der den Aufstieg in die 2.Bundesliga mit einer wahnsinnig starken Saison vorzeitig klar gemacht hat. Doch wo Freude ist, da ist auch Trauer um es mal ganz pathetisch zu formulieren. Mit Greuther F\u00fcrth und dem FC Ingolstadt stehen die ersten beiden Absteiger aus den beiden h\u00f6chsten deutschen Spielklassen fest. Soviel dazu und auch wenn der Sprung von F\u00fcrth bzw. Ingolstadt (bei allem geb\u00fchrenden Respekt) zum Europapokal ist, wollen wir eben diesen machen.<\/p>\n\n\n\n<p>Es ist Halbfinalzeit, in der Champions League, in der Europa League und auch in der Europa Conference League. 12 Mannschaften aus sieben verschiedenen Ligen. Spitzenreiter ist hier mit Blick auf die 5-Jahreswertung wenig \u00fcberraschend die Premier League mit vier Vertretern. Platz zwei teilen sich Spanien und Deutschland mit je zwei Vertretern, w\u00e4hrend Frankreich, Italien, Schottland und die Niederlande jeweils einen verbliebenen Vertreter haben. Doch wollen wir die Wettbewerbe mal St\u00fcck f\u00fcr St\u00fcck durchgehen. <\/p>\n\n\n\n<p>In der Conference League warten im ersten Halbfinale der Wettbewerbsgeschichte zwei Interessante Partien. Bei der Partie zwischen Feyenoord Rotterdam und Olympique Marseille ist mit Blick auf Feyenoord ein Team mit dabei, dass noch komplett Ungeschlagen in der Endrunde des Wettbewerbs ist (nur eine Niederlage im Playoff-R\u00fcckspiel gegen IF Elfsborg aus Schweden). Auch Union Berlin musste sich beispielsweise zweimal geschlagen geben. Auf der anderen Seite eben Olympique Marseille, die ja erst nach der Gruppenphase in die Conference League abgestuft worden sind. F\u00fcr mich sind die Franzosen zwar leicht im Vorteil (auch mit Blick auf die Ligue 1, in der OM stand jetzt als Zweitplatzierter kursiert), aber ich rechne mit einem engen Duell.<\/p>\n\n\n\n<p>Nun h\u00e4tte ich an dieser Stelle gerne mehr zu den weiteren Partien geschrieben. Ein \u00fcberraschender Trauerfall im sehr nahen famili\u00e4ren Umfeld macht mir dies leider unm\u00f6glich. Deswegen wird auch die Analyse k\u00fcrzer ausfallen als gewohnt. Dies bitte ich zu entschuldigen<\/p>\n\n\n\n<p>Nun aber die Ansetzungen der Woche!<\/p>\n\n\n\n<hr class=\"wp-block-separator\"\/>\n\n\n\n<p><strong>Die Ansetzungen vom 26. April bis zum 28. April 2022<\/strong><\/p>\n\n\n\n<p><strong>Champions League, Halbfinale-Hinspiele<\/strong><\/p>\n\n\n\n<p><span style=\"text-decoration: underline;\">Dienstag, 26. April 2022, ab 20.00 Uhr (PrimeVideo)<\/span><\/p>\n\n\n\n<p><em><strong>Manchester City <strong><em><span><b style=\"font-style: italic;\">\u2013<\/b><\/span><\/em><\/strong><\/strong><\/em> <em><strong>Real Madrid (21.00 Uhr)<\/strong><\/em><\/p>\n\n\n\n<p><img loading=\"lazy\" decoding=\"async\" width=\"10\" height=\"21\" class=\"wp-image-3656\" style=\"width: 10px;\" src=\"http:\/\/kommentatorenblog.de\/wp-content\/uploads\/2020\/09\/shure-55sh-ii-e1601485394796.jpg\" alt=\"\" srcset=\"https:\/\/kommentatorenblog.de\/wp-content\/uploads\/2020\/09\/shure-55sh-ii-e1601485394796.jpg 415w, https:\/\/kommentatorenblog.de\/wp-content\/uploads\/2020\/09\/shure-55sh-ii-e1601485394796-142x300.jpg 142w\" sizes=\"auto, (max-width: 10px) 100vw, 10px\" \/> Jonas Friedrich, Experte: Benedikt H\u00f6wedes<\/p>\n\n\n\n<p>Field-Reporterin: Annika Zimmermann<\/p>\n\n\n\n<p>Moderation: Sebastian Hellmann, Experten: Mario Gomez, Patrick Owomoyela und Josephine Henning, Schiedsrichter-Experte: Wolfgang Stark<\/p>\n\n\n\n<p><span style=\"text-decoration: underline;\">Mittwoch, 27. April 2022, ab 20.30 Uhr (DAZN)<\/span><\/p>\n\n\n\n<p><em><strong>FC Liverpool <strong><em><span><b style=\"font-style: italic;\">\u2013<\/b><\/span><\/em><\/strong> FC Villarreal (21.00 Uhr)<\/strong><\/em><\/p>\n\n\n\n<p><img loading=\"lazy\" decoding=\"async\" width=\"10\" height=\"21\" class=\"wp-image-3656\" style=\"width: 10px;\" src=\"http:\/\/kommentatorenblog.de\/wp-content\/uploads\/2020\/09\/shure-55sh-ii-e1601485394796.jpg\" alt=\"\" srcset=\"https:\/\/kommentatorenblog.de\/wp-content\/uploads\/2020\/09\/shure-55sh-ii-e1601485394796.jpg 415w, https:\/\/kommentatorenblog.de\/wp-content\/uploads\/2020\/09\/shure-55sh-ii-e1601485394796-142x300.jpg 142w\" sizes=\"auto, (max-width: 10px) 100vw, 10px\" \/> Marco Hagemann, Experte: Ralph Gunesch<\/p>\n\n\n\n<p>Moderation: Alex Schl\u00fcter, Field-Reporterin: Laura Wontorra<\/p>\n\n\n\n<hr class=\"wp-block-separator\"\/>\n\n\n\n<p><strong>Europa League \/ Europa Conference League Halbfinale-Hinspiel (RTL\/RTL+)<\/strong><\/p>\n\n\n\n<p><span style=\"text-decoration: underline;\">Donnerstag, <span style=\"text-decoration: underline;\">14. April 2022<\/span>, ab 19.45 Uhr (RTL+)<\/span><\/p>\n\n\n\n<p><strong>&#8222;Matchday&#8220; aus Leipzig<\/strong><\/p>\n\n\n\n<p>Moderation: Anna Kraft, Robby Hunke, Arnd Zeigler und Ansgar Brinkmann, Gast: Sebastian Hotz<\/p>\n\n\n\n<p><span style=\"text-decoration: underline;\">ab 20.15 Uhr (RTL) bzw. ab 20.40 Uhr (RTL+)<\/span><\/p>\n\n\n\n<p><strong><em><span><b style=\"font-style: italic;\">West Ham United \u2013 Eintracht Frankfurt <\/b><\/span>(21.00 Uhr)<\/em><\/strong><\/p>\n\n\n\n<p>RTL: <img loading=\"lazy\" decoding=\"async\" width=\"10\" height=\"21\" class=\"wp-image-3656\" style=\"width: 10px;\" src=\"http:\/\/kommentatorenblog.de\/wp-content\/uploads\/2020\/09\/shure-55sh-ii-e1601485394796.jpg\" alt=\"\" srcset=\"https:\/\/kommentatorenblog.de\/wp-content\/uploads\/2020\/09\/shure-55sh-ii-e1601485394796.jpg 415w, https:\/\/kommentatorenblog.de\/wp-content\/uploads\/2020\/09\/shure-55sh-ii-e1601485394796-142x300.jpg 142w\" sizes=\"auto, (max-width: 10px) 100vw, 10px\" \/> Marco Hagemann, Experte: Steffen Freund, Field-Reporter: Thomas Wagner<\/p>\n\n\n\n<p>RTL+: <img loading=\"lazy\" decoding=\"async\" width=\"10\" height=\"21\" class=\"wp-image-3656\" style=\"width: 10px;\" src=\"http:\/\/kommentatorenblog.de\/wp-content\/uploads\/2020\/09\/shure-55sh-ii-e1601485394796.jpg\" alt=\"\" srcset=\"https:\/\/kommentatorenblog.de\/wp-content\/uploads\/2020\/09\/shure-55sh-ii-e1601485394796.jpg 415w, https:\/\/kommentatorenblog.de\/wp-content\/uploads\/2020\/09\/shure-55sh-ii-e1601485394796-142x300.jpg 142w\" sizes=\"auto, (max-width: 10px) 100vw, 10px\" \/> Klaus Veltman (Einzelspiel), Christian Stra\u00dfburger (Konferenz)<\/p>\n\n\n\n<p>Moderation (RTL): Laura Papendick, Experte: Karl-Heinz Riedle<\/p>\n\n\n\n<p><span style=\"text-decoration: underline;\">ab 20.40 Uhr (RTL+)<\/span><\/p>\n\n\n\n<p><em><strong>RB Leipzig \u2013 Glasgow Rangers (21.00 Uhr)<\/strong><\/em><\/p>\n\n\n\n<p><img loading=\"lazy\" decoding=\"async\" width=\"10\" height=\"21\" class=\"wp-image-3656\" style=\"width: 10px;\" src=\"http:\/\/kommentatorenblog.de\/wp-content\/uploads\/2020\/09\/shure-55sh-ii-e1601485394796.jpg\" alt=\"\" srcset=\"https:\/\/kommentatorenblog.de\/wp-content\/uploads\/2020\/09\/shure-55sh-ii-e1601485394796.jpg 415w, https:\/\/kommentatorenblog.de\/wp-content\/uploads\/2020\/09\/shure-55sh-ii-e1601485394796-142x300.jpg 142w\" sizes=\"auto, (max-width: 10px) 100vw, 10px\" \/> Michael Born (Einzelspiel aus dem Stadion), Christoph Stadtler (Konferenz)<\/p>\n\n\n\n<p>Field-Reporter: Felix G\u00f6rner<\/p>\n\n\n\n<p><em><strong>Leicester City \u2013 AS Rom (21.00 Uhr)<\/strong><\/em><\/p>\n\n\n\n<p><img loading=\"lazy\" decoding=\"async\" width=\"10\" height=\"21\" class=\"wp-image-3656\" style=\"width: 10px;\" src=\"http:\/\/kommentatorenblog.de\/wp-content\/uploads\/2020\/09\/shure-55sh-ii-e1601485394796.jpg\" alt=\"\" srcset=\"https:\/\/kommentatorenblog.de\/wp-content\/uploads\/2020\/09\/shure-55sh-ii-e1601485394796.jpg 415w, https:\/\/kommentatorenblog.de\/wp-content\/uploads\/2020\/09\/shure-55sh-ii-e1601485394796-142x300.jpg 142w\" sizes=\"auto, (max-width: 10px) 100vw, 10px\" \/> Heiko Wasser (Einzelspiel), Christina Graf (Konferenz)<\/p>\n\n\n\n<p><em><strong>Feyenoord Rotterdam \u2013 Olympique Marseille<\/strong><\/em> <em><strong>(21.00 Uhr)<\/strong><\/em><\/p>\n\n\n\n<p><img loading=\"lazy\" decoding=\"async\" width=\"10\" height=\"21\" class=\"wp-image-3656\" style=\"width: 10px;\" src=\"http:\/\/kommentatorenblog.de\/wp-content\/uploads\/2020\/09\/shure-55sh-ii-e1601485394796.jpg\" alt=\"\" srcset=\"https:\/\/kommentatorenblog.de\/wp-content\/uploads\/2020\/09\/shure-55sh-ii-e1601485394796.jpg 415w, https:\/\/kommentatorenblog.de\/wp-content\/uploads\/2020\/09\/shure-55sh-ii-e1601485394796-142x300.jpg 142w\" sizes=\"auto, (max-width: 10px) 100vw, 10px\" \/> Philip Konrad (Einzelspiel), J\u00fcrgen Schmitz (Konferenz)<\/p>\n\n\n\n<hr class=\"wp-block-separator\"\/>\n\n\n\n<p><strong>Freundschaftsspiel<\/strong><\/p>\n\n\n\n<p><span style=\"text-decoration: underline;\">Dienstag, 26. April 2022, ab 17.40 Uhr (ZDF) bzw. ab 17.55 Uhr (Sky)<\/span><\/p>\n\n\n\n<p><strong><em>Borussia Dortmund <span><b style=\"font-style: italic;\">\u2013<\/b><\/span> FC Dynamo Kiew (18.00Uhr)<\/em><\/strong><\/p>\n\n\n\n<p>ZDF: <img loading=\"lazy\" decoding=\"async\" width=\"10\" height=\"21\" class=\"wp-image-3656\" style=\"width: 10px;\" src=\"http:\/\/kommentatorenblog.de\/wp-content\/uploads\/2020\/09\/shure-55sh-ii-e1601485394796.jpg\" alt=\"\" srcset=\"https:\/\/kommentatorenblog.de\/wp-content\/uploads\/2020\/09\/shure-55sh-ii-e1601485394796.jpg 415w, https:\/\/kommentatorenblog.de\/wp-content\/uploads\/2020\/09\/shure-55sh-ii-e1601485394796-142x300.jpg 142w\" sizes=\"auto, (max-width: 10px) 100vw, 10px\" \/> Oliver Schmidt<\/p>\n\n\n\n<p>Sky: <img loading=\"lazy\" decoding=\"async\" width=\"10\" height=\"21\" class=\"wp-image-3656\" style=\"width: 10px;\" src=\"http:\/\/kommentatorenblog.de\/wp-content\/uploads\/2020\/09\/shure-55sh-ii-e1601485394796.jpg\" alt=\"\" srcset=\"https:\/\/kommentatorenblog.de\/wp-content\/uploads\/2020\/09\/shure-55sh-ii-e1601485394796.jpg 415w, https:\/\/kommentatorenblog.de\/wp-content\/uploads\/2020\/09\/shure-55sh-ii-e1601485394796-142x300.jpg 142w\" sizes=\"auto, (max-width: 10px) 100vw, 10px\" \/> <\/p>\n\n\n\n<p>Moderation (ZDF): Katrin M\u00fcller-Hohenstein<\/p>\n\n\n\n<hr class=\"wp-block-separator\"\/>\n\n\n\n<p><strong>Champions League, Halbfinale-Hinspiele (Sky Austria)<\/strong><\/p>\n\n\n\n<p><span style=\"text-decoration: underline;\">Dienstag, 26. April 2022, ab 20.00 Uhr<\/span><\/p>\n\n\n\n<p><em><strong>Manchester City <strong><em><span><b style=\"font-style: italic;\">\u2013<\/b><\/span><\/em><\/strong><\/strong><\/em> <em><strong>Real Madrid (21.00 Uhr)<\/strong><\/em><\/p>\n\n\n\n<p><img loading=\"lazy\" decoding=\"async\" width=\"10\" height=\"21\" class=\"wp-image-3656\" style=\"width: 10px;\" src=\"http:\/\/kommentatorenblog.de\/wp-content\/uploads\/2020\/09\/shure-55sh-ii-e1601485394796.jpg\" alt=\"\" srcset=\"https:\/\/kommentatorenblog.de\/wp-content\/uploads\/2020\/09\/shure-55sh-ii-e1601485394796.jpg 415w, https:\/\/kommentatorenblog.de\/wp-content\/uploads\/2020\/09\/shure-55sh-ii-e1601485394796-142x300.jpg 142w\" sizes=\"auto, (max-width: 10px) 100vw, 10px\" \/> David Eder<\/p>\n\n\n\n<p><span style=\"text-decoration: underline;\">Mittwoch, 27. April 2022, ab 20.00 Uhr (DAZN)<\/span><\/p>\n\n\n\n<p><em><strong>FC Liverpool <strong><em><span><b style=\"font-style: italic;\">\u2013<\/b><\/span><\/em><\/strong> FC Villarreal (21.00 Uhr)<\/strong><\/em><\/p>\n\n\n\n<p><img loading=\"lazy\" decoding=\"async\" width=\"10\" height=\"21\" class=\"wp-image-3656\" style=\"width: 10px;\" src=\"http:\/\/kommentatorenblog.de\/wp-content\/uploads\/2020\/09\/shure-55sh-ii-e1601485394796.jpg\" alt=\"\" srcset=\"https:\/\/kommentatorenblog.de\/wp-content\/uploads\/2020\/09\/shure-55sh-ii-e1601485394796.jpg 415w, https:\/\/kommentatorenblog.de\/wp-content\/uploads\/2020\/09\/shure-55sh-ii-e1601485394796-142x300.jpg 142w\" sizes=\"auto, (max-width: 10px) 100vw, 10px\" \/> Otto Rosenauer<\/p>\n\n\n\n<hr class=\"wp-block-separator\"\/>\n\n\n\n<p><strong>Europa League \/ Europa Conference League Halbfinale-Hinspiel (Sky Austria)<\/strong><\/p>\n\n\n\n<p><span style=\"text-decoration: underline;\">Donnerstag, <span style=\"text-decoration: underline;\">28. April 2022<\/span>, ab 20.00 Uhr <\/span><\/p>\n\n\n\n<p><strong><em><span><b style=\"font-style: italic;\">West Ham United \u2013 Eintracht Frankfurt <\/b><\/span>(21.00 Uhr)<\/em><\/strong><\/p>\n\n\n\n<p><img loading=\"lazy\" decoding=\"async\" width=\"10\" height=\"21\" class=\"wp-image-3656\" style=\"width: 10px;\" src=\"http:\/\/kommentatorenblog.de\/wp-content\/uploads\/2020\/09\/shure-55sh-ii-e1601485394796.jpg\" alt=\"\" srcset=\"https:\/\/kommentatorenblog.de\/wp-content\/uploads\/2020\/09\/shure-55sh-ii-e1601485394796.jpg 415w, https:\/\/kommentatorenblog.de\/wp-content\/uploads\/2020\/09\/shure-55sh-ii-e1601485394796-142x300.jpg 142w\" sizes=\"auto, (max-width: 10px) 100vw, 10px\" \/> Guido Friedrich (Einzelspiel), Philipp Paternina (Konferenz)<\/p>\n\n\n\n<p><em><strong>RB Leipzig \u2013 Glasgow Rangers (21.00 Uhr)<\/strong><\/em><\/p>\n\n\n\n<p><img loading=\"lazy\" decoding=\"async\" width=\"10\" height=\"21\" class=\"wp-image-3656\" style=\"width: 10px;\" src=\"http:\/\/kommentatorenblog.de\/wp-content\/uploads\/2020\/09\/shure-55sh-ii-e1601485394796.jpg\" alt=\"\" srcset=\"https:\/\/kommentatorenblog.de\/wp-content\/uploads\/2020\/09\/shure-55sh-ii-e1601485394796.jpg 415w, https:\/\/kommentatorenblog.de\/wp-content\/uploads\/2020\/09\/shure-55sh-ii-e1601485394796-142x300.jpg 142w\" sizes=\"auto, (max-width: 10px) 100vw, 10px\" \/> Gerhard Krabath (Einzelspiel), David Eder (Konferenz)<\/p>\n\n\n\n<p><em><strong>Leicester City \u2013 AS Rom (21.00 Uhr)<\/strong><\/em><\/p>\n\n\n\n<p><img loading=\"lazy\" decoding=\"async\" width=\"10\" height=\"21\" class=\"wp-image-3656\" style=\"width: 10px;\" src=\"http:\/\/kommentatorenblog.de\/wp-content\/uploads\/2020\/09\/shure-55sh-ii-e1601485394796.jpg\" alt=\"\" srcset=\"https:\/\/kommentatorenblog.de\/wp-content\/uploads\/2020\/09\/shure-55sh-ii-e1601485394796.jpg 415w, https:\/\/kommentatorenblog.de\/wp-content\/uploads\/2020\/09\/shure-55sh-ii-e1601485394796-142x300.jpg 142w\" sizes=\"auto, (max-width: 10px) 100vw, 10px\" \/> Johannes Hofer (Einzelspiel), Gerfried Pr\u00f6ll (Konferenz)<\/p>\n\n\n\n<p><em><strong>Feyenoord Rotterdam \u2013 Olympique Marseille<\/strong><\/em> <em><strong>(21.00 Uhr)<\/strong><\/em><\/p>\n\n\n\n<p><img loading=\"lazy\" decoding=\"async\" width=\"10\" height=\"21\" class=\"wp-image-3656\" style=\"width: 10px;\" src=\"http:\/\/kommentatorenblog.de\/wp-content\/uploads\/2020\/09\/shure-55sh-ii-e1601485394796.jpg\" alt=\"\" srcset=\"https:\/\/kommentatorenblog.de\/wp-content\/uploads\/2020\/09\/shure-55sh-ii-e1601485394796.jpg 415w, https:\/\/kommentatorenblog.de\/wp-content\/uploads\/2020\/09\/shure-55sh-ii-e1601485394796-142x300.jpg 142w\" sizes=\"auto, (max-width: 10px) 100vw, 10px\" \/> Phillip Lautischer (Einzelspiel), Otto Rosenauer (Konferenz)<\/p>\n\n\n\n<p>Moderation: Johannes Brandl, Experte: Alfred Tatar<\/p>\n\n\n\n<hr class=\"wp-block-separator\"\/>\n\n\n\n<p><strong>Die Analyse<\/strong><\/p>\n\n\n\n<p>Am Dienstag startet Prime mit dem prinzipiell attraktiveren der beiden Champions League Halbfinals. Sebastian Hellmann und seine Expertenrunde melden sich aus Manchester zum Duell zwischen Man City gegen Real Madrid. Diese ist besetzt mit Mario Gomez, Josephine Henning und Patrick Owomoyela. &#8222;Owo&#8220; springt im \u00fcbrigen kurzfristig f\u00fcr Matthias Sammer ein, der kurzfristig ausf\u00e4llt. Als Field-Reporterin ist diesmal nur Annika Zimmermann mit dabei, kommentieren werden selbstverst\u00e4ndlich Jonas Friedrich und Benedikt H\u00f6wedes.<\/p>\n\n\n\n<p>Der Mittwoch l\u00e4uft dann wie gewohnt auf DAZN, der FC Villarreal ist zu Gast in Anfield. F\u00fcr DAZN ist leider aber nur eine Person vor Ort. Laura Wontorra f\u00e4ngt die Stimmen vor Ort ein. Aus M\u00fcnchen meldet sich ab 20.30Uhr Alex Schl\u00fcter wie bereits in der Bundesliga am Sonntag gemeinsam mit Ralph Gunesch. Kommentieren wird dann Marco Hagemann.<\/p>\n\n\n\n<p>Marco Hagemann ist das Stichwort. Eben dieser ist nat\u00fcrlich auch in der Europa League im Einsatz. Gemeinsam mit Steffen Freund ist er in London bei der Free-TV Partie zwischen West Ham und Frankfurt im Einsatz. Hier sind nat\u00fcrlich auch Laura Papendick und Kalle Riedle zugegen. Bei RTL+ \u00fcbernimmt Klaus Veltman das Einzelspiel und Christian Stra\u00dfburger die Konferenz.<\/p>\n\n\n\n<p>Die Partie von RB Leipzig gegen die Rangers l\u00e4uft exklusiv auf RTL+, Michael Born k\u00fcmmert sich nicht zum ersten Mal um die Bullen. In der Conference League sind Philip Konrad und Heiko Wasser bei den Einzelspielen im Einsatz. In der Konferenz komplettieren Christoph Stadtler (Leipzig-Rangers), Christina Graf (Leicester-Roma) und J\u00fcrgen Schmitz (Feyenoord-Marseille).<\/p>\n\n\n\n<p>Sportdigital und Serie A liefere ich euch im Laufe des morgigen Tage nach.<\/p>\n\n\n\n<p>Bis dahin!<\/p>\n","protected":false},"excerpt":{"rendered":"<p>N&#8217;Abend Allerseits, So langsam kommen wir in dem Bereich in dem wir immer mehr zum gratulieren kommen, dass m\u00f6chte hier nat\u00fcrlich auch zu Beginn mal machen. Erstmal &#8211; na klar &#8211; dem FC Bayern M\u00fcnchen zum Gewinn der deutschen Meisterschaft aber auch dem 1.FC Magdeburg, der den Aufstieg in die 2.Bundesliga mit einer wahnsinnig starken [&hellip;]<\/p>\n","protected":false},"author":5,"featured_media":0,"comment_status":"open","ping_status":"open","sticky":false,"template":"","format":"standard","meta":{"footnotes":""},"categories":[425],"tags":[],"class_list":["post-12774","post","type-post","status-publish","format-standard","hentry","category-champions-league-und-co"],"_links":{"self":[{"href":"https:\/\/kommentatorenblog.de\/index.php?rest_route=\/wp\/v2\/posts\/12774","targetHints":{"allow":["GET"]}}],"collection":[{"href":"https:\/\/kommentatorenblog.de\/index.php?rest_route=\/wp\/v2\/posts"}],"about":[{"href":"https:\/\/kommentatorenblog.de\/index.php?rest_route=\/wp\/v2\/types\/post"}],"author":[{"embeddable":true,"href":"https:\/\/kommentatorenblog.de\/index.php?rest_route=\/wp\/v2\/users\/5"}],"replies":[{"embeddable":true,"href":"https:\/\/kommentatorenblog.de\/index.php?rest_route=%2Fwp%2Fv2%2Fcomments&post=12774"}],"version-history":[{"count":5,"href":"https:\/\/kommentatorenblog.de\/index.php?rest_route=\/wp\/v2\/posts\/12774\/revisions"}],"predecessor-version":[{"id":12783,"href":"https:\/\/kommentatorenblog.de\/index.php?rest_route=\/wp\/v2\/posts\/12774\/revisions\/12783"}],"wp:attachment":[{"href":"https:\/\/kommentatorenblog.de\/index.php?rest_route=%2Fwp%2Fv2%2Fmedia&parent=12774"}],"wp:term":[{"taxonomy":"category","embeddable":true,"href":"https:\/\/kommentatorenblog.de\/index.php?rest_route=%2Fwp%2Fv2%2Fcategories&post=12774"},{"taxonomy":"post_tag","embeddable":true,"href":"https:\/\/kommentatorenblog.de\/index.php?rest_route=%2Fwp%2Fv2%2Ftags&post=12774"}],"curies":[{"name":"wp","href":"https:\/\/api.w.org\/{rel}","templated":true}]}}