{"id":12824,"date":"2022-05-02T22:08:06","date_gmt":"2022-05-02T20:08:06","guid":{"rendered":"http:\/\/kommentatorenblog.de\/?p=12824"},"modified":"2022-05-03T16:04:02","modified_gmt":"2022-05-03T14:04:02","slug":"halbfinale-die-zweite","status":"publish","type":"post","link":"https:\/\/kommentatorenblog.de\/?p=12824","title":{"rendered":"1253 &#8211; Halbfinale &#8211; die Zweite"},"content":{"rendered":"\n<p>Hallo zusammen,<\/p>\n\n\n\n<p>neben den Halbfinal- R\u00fcckspielen in der Champions League stehen in dieser Woche auch die Halbfinals in der Europa League und der Conference League. Aus deutscher Sicht ist nat\u00fcrlich vor allem die Europa League mit noch zwei deutschen Vereinen sehr interessant. Zumal sich sowohl Eintracht Frankfurt als auch RB Leipzig mit einem 2:1 Sieg (in London) bzw. einem 1:0 Heimsieg (gegen Glasgow) in eine gute Ausgangsposition f\u00fcr eine m\u00f6gliche Finalteilnahme gebracht haben. <\/p>\n\n\n\n<p><strong>Erfolg f\u00fcr RTL<\/strong><\/p>\n\n\n\n<p>Der Weg zum Endspiel nach Sevilla wird sicher kein leichter f\u00fcr die beiden Teams, trotzdem kann man mit Sicherheit sagen, dass sich neben den Fans der deutschen Mannschaften auch RTL sehr \u00fcber eine Finalteilnahme freuen w\u00fcrde. Denn allein schon das Halbfinalhinspiel der Eintracht brachte dem K\u00f6lner TV- Sender eine sehr starke Quote von 5,24 Millionen Zuschauenden im Schnitt sowie einen Marktanteil von 20%. Beim R\u00fcckspiel am Donnerstag k\u00f6nnte eine solche Quote sicher erneut erreicht, oder gar \u00fcbertroffen werden. <\/p>\n\n\n\n<p>So sch\u00f6n die Teilnahme von zwei deutschen Vereinen am Europa League- Halbfinale ist, so bitter ist es auch f\u00fcr die Fans von RB Leipzig. Nach dem CL- Aus ging es f\u00fcr die Leipziger in der Europa League- Zwischenrunde weiter. Dort wurde das Hinspiel im TV bei RTL \u00fcbertragen. Anschlie\u00dfend, sofern mich meine Recherchen nicht t\u00e4uschen, wurden die Spiele von RB &#8222;nur&#8220; noch bei RTL+ gezeigt. Das d\u00fcrfte daran liegen, dass u.a. die Eintracht die gr\u00f6\u00dfere Fanbasis hat und auch bundesweit beliebter sein d\u00fcrfte und aus diesem Grund auch mehr Menschen an die Bildschirme von RTL lockt. Gleichzeitig wird man sich sicher erhoffen bzw. erhofft haben, dass sich Leipzig Fans ein RTL+ Abo holen.<\/p>\n\n\n\n<p><strong>Vorkommnisse in London<\/strong><\/p>\n\n\n\n<p>Wer kein RTL+ besitz, hat wieder die M\u00f6glichkeit, das Spiel im Audiostream des MDRs zu verfolgen. Auch das Spiel der Eintracht wird beim HR im Audiostream aus der Frankfurter Arena \u00fcbertragen.<\/p>\n\n\n\n<p>Beim Hinspiel der Eintracht im Londoner Olympiastadion kam es unterdessen zu unsch\u00f6nen Vorkommnissen bei der \u00dcbertragung des Audiostreams. W\u00e4hrend der Reportage wurden die beiden Reporter, Philipp Hofmeister und Tim Brockmeier, mehrmals von einigen, wenigen, gegnerischen Fans attackiert, bekamen Schl\u00e4ge ab, das Headset wurde vom Kopf gerissen und zudem wurden sie auch noch beleidigt. Dies f\u00fchrte dazu, dass die beiden Reporter von Sicherheitspersonal besch\u00fctzt und in der Halbzeit umgesetzt werden mussten. Auch beim R\u00fcckspiel werden Hofmeister und Brockmeier wieder zum Einsatz kommen, dann hoffentlich ohne irgendwelche Vorkommnisse.<\/p>\n\n\n\n<p>Nun aber die Ansetzungen der Woche!<\/p>\n\n\n\n<hr class=\"wp-block-separator\"\/>\n\n\n\n<p><strong>Die Ansetzungen vom 03.Mai bis zum 05. Mai 2022<\/strong><\/p>\n\n\n\n<p><strong>Champions League, Halbfinale-R\u00fcckspiele<\/strong><\/p>\n\n\n\n<p><span style=\"text-decoration: underline;\">Dienstag, 03. Mai 2022, ab 20.00 Uhr (PrimeVideo)<\/span><\/p>\n\n\n\n<p><em><strong>FC Villareal <strong><em><span><b style=\"font-style: italic;\">\u2013<\/b><\/span><\/em><\/strong><\/strong><\/em> <em><strong>FC Liverpool (21.00 Uhr)<\/strong><\/em><\/p>\n\n\n\n<p><img loading=\"lazy\" decoding=\"async\" width=\"10\" height=\"21\" class=\"wp-image-3656\" style=\"width: 10px;\" src=\"http:\/\/kommentatorenblog.de\/wp-content\/uploads\/2020\/09\/shure-55sh-ii-e1601485394796.jpg\" alt=\"\" srcset=\"https:\/\/kommentatorenblog.de\/wp-content\/uploads\/2020\/09\/shure-55sh-ii-e1601485394796.jpg 415w, https:\/\/kommentatorenblog.de\/wp-content\/uploads\/2020\/09\/shure-55sh-ii-e1601485394796-142x300.jpg 142w\" sizes=\"auto, (max-width: 10px) 100vw, 10px\" \/> Jonas Friedrich, Experte: Benedikt H\u00f6wedes<\/p>\n\n\n\n<p>Field-Reporterin: Annika Zimmermann<\/p>\n\n\n\n<p>Moderation: Sebastian Hellmann, Experten: Mario Gomez, Patrick Owomoyela und Tabea Kemme, Schiedsrichter-Experte: Wolfgang Stark<\/p>\n\n\n\n<p><span style=\"text-decoration: underline;\">Mittwoch, 04. Mai, ab 20.30 Uhr (DAZN)<\/span><\/p>\n\n\n\n<p><em><strong>Real Madrid <strong><em><span><b style=\"font-style: italic;\">\u2013<\/b><\/span><\/em><\/strong> Manchester City (21.00 Uhr)<\/strong><\/em><\/p>\n\n\n\n<p><img loading=\"lazy\" decoding=\"async\" width=\"10\" height=\"21\" class=\"wp-image-3656\" style=\"width: 10px;\" src=\"http:\/\/kommentatorenblog.de\/wp-content\/uploads\/2020\/09\/shure-55sh-ii-e1601485394796.jpg\" alt=\"\" srcset=\"https:\/\/kommentatorenblog.de\/wp-content\/uploads\/2020\/09\/shure-55sh-ii-e1601485394796.jpg 415w, https:\/\/kommentatorenblog.de\/wp-content\/uploads\/2020\/09\/shure-55sh-ii-e1601485394796-142x300.jpg 142w\" sizes=\"auto, (max-width: 10px) 100vw, 10px\" \/> Uli Hebel, Experte: Sandro Wagner<\/p>\n\n\n\n<p>Moderation: Alex Schl\u00fcter, Field-Reporter: Max Siebald<\/p>\n\n\n\n<hr class=\"wp-block-separator\"\/>\n\n\n\n<p><strong>Europa League \/ Europa Conference League Halbfinale-R\u00fcckspiel (RTL\/RTL+)<\/strong><\/p>\n\n\n\n<p><span style=\"text-decoration: underline;\">Donnerstag, <span style=\"text-decoration: underline;\">05. Mai<\/span>, ab 19.45 Uhr (RTL+)<\/span><\/p>\n\n\n\n<p><strong>&#8222;Matchday&#8220; aus Leipzig<\/strong><\/p>\n\n\n\n<p>Moderation: Anna Kraft, Robby Hunke, Arnd Zeigler und Ansgar Brinkmann<\/p>\n\n\n\n<p><span style=\"text-decoration: underline;\">ab 20.15 Uhr (RTL) bzw. ab 20.40 Uhr (RTL+)<\/span><\/p>\n\n\n\n<p><strong><em><span><b style=\"font-style: italic;\">Eintracht Frankfurt \u2013 West Ham United <\/b><\/span>(21.00 Uhr)<\/em><\/strong><\/p>\n\n\n\n<p>RTL: <img loading=\"lazy\" decoding=\"async\" width=\"10\" height=\"21\" class=\"wp-image-3656\" style=\"width: 10px;\" src=\"http:\/\/kommentatorenblog.de\/wp-content\/uploads\/2020\/09\/shure-55sh-ii-e1601485394796.jpg\" alt=\"\" srcset=\"https:\/\/kommentatorenblog.de\/wp-content\/uploads\/2020\/09\/shure-55sh-ii-e1601485394796.jpg 415w, https:\/\/kommentatorenblog.de\/wp-content\/uploads\/2020\/09\/shure-55sh-ii-e1601485394796-142x300.jpg 142w\" sizes=\"auto, (max-width: 10px) 100vw, 10px\" \/> Marco Hagemann, Experte: Steffen Freund, Field-Reporter: Felix G\u00f6rner<\/p>\n\n\n\n<p>RTL+: <img loading=\"lazy\" decoding=\"async\" width=\"10\" height=\"21\" class=\"wp-image-3656\" style=\"width: 10px;\" src=\"http:\/\/kommentatorenblog.de\/wp-content\/uploads\/2020\/09\/shure-55sh-ii-e1601485394796.jpg\" alt=\"\" srcset=\"https:\/\/kommentatorenblog.de\/wp-content\/uploads\/2020\/09\/shure-55sh-ii-e1601485394796.jpg 415w, https:\/\/kommentatorenblog.de\/wp-content\/uploads\/2020\/09\/shure-55sh-ii-e1601485394796-142x300.jpg 142w\" sizes=\"auto, (max-width: 10px) 100vw, 10px\" \/> Christian Stra\u00dfburger (Einzelspiel), Klaus Veltman (Konferenz)<\/p>\n\n\n\n<p>Moderation (RTL): Laura Papendick, Experte: Karl-Heinz Riedle<\/p>\n\n\n\n<p><span style=\"text-decoration: underline;\">ab 20.40 Uhr (RTL+)<\/span><\/p>\n\n\n\n<p><em><strong>Glasgow Rangers \u2013 RB Leipzig (21.00 Uhr)<\/strong><\/em><\/p>\n\n\n\n<p><img loading=\"lazy\" decoding=\"async\" width=\"10\" height=\"21\" class=\"wp-image-3656\" style=\"width: 10px;\" src=\"http:\/\/kommentatorenblog.de\/wp-content\/uploads\/2020\/09\/shure-55sh-ii-e1601485394796.jpg\" alt=\"\" srcset=\"https:\/\/kommentatorenblog.de\/wp-content\/uploads\/2020\/09\/shure-55sh-ii-e1601485394796.jpg 415w, https:\/\/kommentatorenblog.de\/wp-content\/uploads\/2020\/09\/shure-55sh-ii-e1601485394796-142x300.jpg 142w\" sizes=\"auto, (max-width: 10px) 100vw, 10px\" \/> Christoph Stadtler (Einzelspiel), Michael Born (Konferenz)<\/p>\n\n\n\n<p>Field-Reporter: Jonas Gerdes<\/p>\n\n\n\n<p><em><strong>AS Rom \u2013 Leicester City (21.00 Uhr)<\/strong><\/em><\/p>\n\n\n\n<p><img loading=\"lazy\" decoding=\"async\" width=\"10\" height=\"21\" class=\"wp-image-3656\" style=\"width: 10px;\" src=\"http:\/\/kommentatorenblog.de\/wp-content\/uploads\/2020\/09\/shure-55sh-ii-e1601485394796.jpg\" alt=\"\" srcset=\"https:\/\/kommentatorenblog.de\/wp-content\/uploads\/2020\/09\/shure-55sh-ii-e1601485394796.jpg 415w, https:\/\/kommentatorenblog.de\/wp-content\/uploads\/2020\/09\/shure-55sh-ii-e1601485394796-142x300.jpg 142w\" sizes=\"auto, (max-width: 10px) 100vw, 10px\" \/> Christina Graf (Einzelspiel)<\/p>\n\n\n\n<p><em><strong>Olympique Marseille \u2013 Feyenoord Rotterdam<\/strong><\/em> <em><strong>(21.00 Uhr)<\/strong><\/em><\/p>\n\n\n\n<p><img loading=\"lazy\" decoding=\"async\" width=\"10\" height=\"21\" class=\"wp-image-3656\" style=\"width: 10px;\" src=\"http:\/\/kommentatorenblog.de\/wp-content\/uploads\/2020\/09\/shure-55sh-ii-e1601485394796.jpg\" alt=\"\" srcset=\"https:\/\/kommentatorenblog.de\/wp-content\/uploads\/2020\/09\/shure-55sh-ii-e1601485394796.jpg 415w, https:\/\/kommentatorenblog.de\/wp-content\/uploads\/2020\/09\/shure-55sh-ii-e1601485394796-142x300.jpg 142w\" sizes=\"auto, (max-width: 10px) 100vw, 10px\" \/> J\u00fcrgen Schmitz (Einzelspiel)<\/p>\n\n\n\n<hr class=\"wp-block-separator\"\/>\n\n\n\n<p><strong>Frauen-Bundesliga Nachholspiel (Magenta Sport)<\/strong><\/p>\n\n\n\n<p><span style=\"text-decoration: underline;\">Mittwoch, 04. Mai 2022, ab 19.00 Uhr<\/span><\/p>\n\n\n\n<p><em><strong>SGS Essen <strong><em><span><b style=\"font-style: italic;\">\u2013<\/b><\/span><\/em><\/strong><\/strong><\/em> <em><strong>VfL Wolfsburg (19.15 Uhr)<\/strong><\/em><\/p>\n\n\n\n<p><img loading=\"lazy\" decoding=\"async\" width=\"10\" height=\"21\" class=\"wp-image-3656\" style=\"width: 10px;\" src=\"http:\/\/kommentatorenblog.de\/wp-content\/uploads\/2020\/09\/shure-55sh-ii-e1601485394796.jpg\" alt=\"\" srcset=\"https:\/\/kommentatorenblog.de\/wp-content\/uploads\/2020\/09\/shure-55sh-ii-e1601485394796.jpg 415w, https:\/\/kommentatorenblog.de\/wp-content\/uploads\/2020\/09\/shure-55sh-ii-e1601485394796-142x300.jpg 142w\" sizes=\"auto, (max-width: 10px) 100vw, 10px\" \/> Michael Seyberth<\/p>\n\n\n\n<p>Moderation: Kamila Benschop<\/p>\n\n\n\n<hr class=\"wp-block-separator\"\/>\n\n\n\n<p><strong>EFL Championship, Nachholspiel (Sportdigital FUSSBALL)<\/strong><\/p>\n\n\n\n<p><span style=\"text-decoration: underline;\">Dienstag, 03. Mai 2022<\/span><\/p>\n\n\n\n<p><em><strong>AFC Bournemouth <strong><em><span><b style=\"font-style: italic;\">\u2013<\/b><\/span><\/em><\/strong><\/strong><\/em> <em><strong>Nottingham Forest (19.15 Uhr)<\/strong><\/em><\/p>\n\n\n\n<p><img loading=\"lazy\" decoding=\"async\" width=\"10\" height=\"21\" class=\"wp-image-3656\" style=\"width: 10px;\" src=\"http:\/\/kommentatorenblog.de\/wp-content\/uploads\/2020\/09\/shure-55sh-ii-e1601485394796.jpg\" alt=\"\" srcset=\"https:\/\/kommentatorenblog.de\/wp-content\/uploads\/2020\/09\/shure-55sh-ii-e1601485394796.jpg 415w, https:\/\/kommentatorenblog.de\/wp-content\/uploads\/2020\/09\/shure-55sh-ii-e1601485394796-142x300.jpg 142w\" sizes=\"auto, (max-width: 10px) 100vw, 10px\" \/> Jonathan Dreier<\/p>\n\n\n\n<hr class=\"wp-block-separator\"\/>\n\n\n\n<p><strong>Copa Libertadores, Gruppenphase, 4. Spieltag (Sportdigital FUSSBALL)<\/strong><\/p>\n\n\n\n<p><span style=\"text-decoration: underline;\">Donnerstag, 05. Mai 2022<\/span><\/p>\n\n\n\n<p><em><strong>Club Atl\u00e9tico Talleres (ARG) <strong><em><span><b style=\"font-style: italic;\">\u2013<\/b><\/span><\/em><\/strong><\/strong><\/em> <em><strong>Flamengo Rio de Janeiro (BRA) (00.00 Uhr)<\/strong><\/em><\/p>\n\n\n\n<p><img loading=\"lazy\" decoding=\"async\" width=\"10\" height=\"21\" class=\"wp-image-3656\" style=\"width: 10px;\" src=\"http:\/\/kommentatorenblog.de\/wp-content\/uploads\/2020\/09\/shure-55sh-ii-e1601485394796.jpg\" alt=\"\" srcset=\"https:\/\/kommentatorenblog.de\/wp-content\/uploads\/2020\/09\/shure-55sh-ii-e1601485394796.jpg 415w, https:\/\/kommentatorenblog.de\/wp-content\/uploads\/2020\/09\/shure-55sh-ii-e1601485394796-142x300.jpg 142w\" sizes=\"auto, (max-width: 10px) 100vw, 10px\" \/> Hannes Herrmann<\/p>\n\n\n\n<p><em><strong>Club Always Ready (BOL) <strong><em><span><b style=\"font-style: italic;\">\u2013<\/b><\/span><\/em><\/strong><\/strong><\/em> <em><strong>Boca Juniors (ARG) (02.00 Uhr)<\/strong><\/em><\/p>\n\n\n\n<p><img loading=\"lazy\" decoding=\"async\" width=\"10\" height=\"21\" class=\"wp-image-3656\" style=\"width: 10px;\" src=\"http:\/\/kommentatorenblog.de\/wp-content\/uploads\/2020\/09\/shure-55sh-ii-e1601485394796.jpg\" alt=\"\" srcset=\"https:\/\/kommentatorenblog.de\/wp-content\/uploads\/2020\/09\/shure-55sh-ii-e1601485394796.jpg 415w, https:\/\/kommentatorenblog.de\/wp-content\/uploads\/2020\/09\/shure-55sh-ii-e1601485394796-142x300.jpg 142w\" sizes=\"auto, (max-width: 10px) 100vw, 10px\" \/> Christian Blunck<\/p>\n\n\n\n<hr class=\"wp-block-separator\"\/>\n\n\n\n<p><strong>CONCACAF Champions League, Finale (R\u00fcckspiel) (Sportdigital FUSSBALL)<\/strong><\/p>\n\n\n\n<p><span style=\"text-decoration: underline;\">Donnerstag, 05. Mai 2022<\/span><\/p>\n\n\n\n<p><em><strong>Seattle Sounders FC (USA) <strong><em><span><b style=\"font-style: italic;\">\u2013<\/b><\/span><\/em><\/strong><\/strong><\/em> <em><strong>UNAM Pumas (MEX) (04.06 Uhr)<\/strong><\/em><\/p>\n\n\n\n<p><img loading=\"lazy\" decoding=\"async\" width=\"10\" height=\"21\" class=\"wp-image-3656\" style=\"width: 10px;\" src=\"http:\/\/kommentatorenblog.de\/wp-content\/uploads\/2020\/09\/shure-55sh-ii-e1601485394796.jpg\" alt=\"\" srcset=\"https:\/\/kommentatorenblog.de\/wp-content\/uploads\/2020\/09\/shure-55sh-ii-e1601485394796.jpg 415w, https:\/\/kommentatorenblog.de\/wp-content\/uploads\/2020\/09\/shure-55sh-ii-e1601485394796-142x300.jpg 142w\" sizes=\"auto, (max-width: 10px) 100vw, 10px\" \/> Arne Malsch<\/p>\n\n\n\n<hr class=\"wp-block-separator\"\/>\n\n\n\n<p><strong>Champions League, Halbfinale-R\u00fcckspiele (Sky Austria)<\/strong><\/p>\n\n\n\n<p><span style=\"text-decoration: underline;\">Dienstag, 03. Mai 2022, ab 20.00 Uhr<\/span><\/p>\n\n\n\n<p><em><strong>FC Villareal <strong><em><span><b style=\"font-style: italic;\">\u2013<\/b><\/span><\/em><\/strong><\/strong><\/em> <em><strong>FC Liverpool (21.00 Uhr)<\/strong><\/em><\/p>\n\n\n\n<p><img loading=\"lazy\" decoding=\"async\" width=\"10\" height=\"21\" class=\"wp-image-3656\" style=\"width: 10px;\" src=\"http:\/\/kommentatorenblog.de\/wp-content\/uploads\/2020\/09\/shure-55sh-ii-e1601485394796.jpg\" alt=\"\" srcset=\"https:\/\/kommentatorenblog.de\/wp-content\/uploads\/2020\/09\/shure-55sh-ii-e1601485394796.jpg 415w, https:\/\/kommentatorenblog.de\/wp-content\/uploads\/2020\/09\/shure-55sh-ii-e1601485394796-142x300.jpg 142w\" sizes=\"auto, (max-width: 10px) 100vw, 10px\" \/> Philipp Paternina<\/p>\n\n\n\n<p><span style=\"text-decoration: underline;\">Mittwoch, 04. Mai 2022, ab 20.00 Uhr (DAZN)<\/span><\/p>\n\n\n\n<p><em><strong>Real Madrid <strong><em><span><b style=\"font-style: italic;\">\u2013<\/b><\/span><\/em><\/strong> Manchester City (21.00 Uhr)<\/strong><\/em><\/p>\n\n\n\n<p><img loading=\"lazy\" decoding=\"async\" width=\"10\" height=\"21\" class=\"wp-image-3656\" style=\"width: 10px;\" src=\"http:\/\/kommentatorenblog.de\/wp-content\/uploads\/2020\/09\/shure-55sh-ii-e1601485394796.jpg\" alt=\"\" srcset=\"https:\/\/kommentatorenblog.de\/wp-content\/uploads\/2020\/09\/shure-55sh-ii-e1601485394796.jpg 415w, https:\/\/kommentatorenblog.de\/wp-content\/uploads\/2020\/09\/shure-55sh-ii-e1601485394796-142x300.jpg 142w\" sizes=\"auto, (max-width: 10px) 100vw, 10px\" \/> Martin Konrad<\/p>\n\n\n\n<hr class=\"wp-block-separator\"\/>\n\n\n\n<p><strong>Europa League \/ Europa Conference League Halbfinale-R\u00fcckspiel (Sky Austria)<\/strong><\/p>\n\n\n\n<p><span style=\"text-decoration: underline;\">Donnerstag, 5<span style=\"text-decoration: underline;\">. Mai 2022<\/span>, ab 20.15 Uhr <\/span><\/p>\n\n\n\n<p><strong><em><span><b style=\"font-style: italic;\">Glasgow Rangers \u2013 RB Leipzig <\/b><\/span>(21.00 Uhr)<\/em><\/strong><\/p>\n\n\n\n<p><img loading=\"lazy\" decoding=\"async\" width=\"10\" height=\"21\" class=\"wp-image-3656\" style=\"width: 10px;\" src=\"http:\/\/kommentatorenblog.de\/wp-content\/uploads\/2020\/09\/shure-55sh-ii-e1601485394796.jpg\" alt=\"\" srcset=\"https:\/\/kommentatorenblog.de\/wp-content\/uploads\/2020\/09\/shure-55sh-ii-e1601485394796.jpg 415w, https:\/\/kommentatorenblog.de\/wp-content\/uploads\/2020\/09\/shure-55sh-ii-e1601485394796-142x300.jpg 142w\" sizes=\"auto, (max-width: 10px) 100vw, 10px\" \/> Servus TV \u00d6sterreich: Philipp Krummholz<\/p>\n\n\n\n<p><img loading=\"lazy\" decoding=\"async\" width=\"10\" height=\"21\" class=\"wp-image-3656\" style=\"width: 10px;\" src=\"http:\/\/kommentatorenblog.de\/wp-content\/uploads\/2020\/09\/shure-55sh-ii-e1601485394796.jpg\" alt=\"\" srcset=\"https:\/\/kommentatorenblog.de\/wp-content\/uploads\/2020\/09\/shure-55sh-ii-e1601485394796.jpg 415w, https:\/\/kommentatorenblog.de\/wp-content\/uploads\/2020\/09\/shure-55sh-ii-e1601485394796-142x300.jpg 142w\" sizes=\"auto, (max-width: 10px) 100vw, 10px\" \/> Sky Austria: Gerhard Krabath (Einzelspiel), David Eder (Konferenz)<\/p>\n\n\n\n<p>Moderation (Servus TV): Christian Baier, Experte: Sebastian Pr\u00f6dl<\/p>\n\n\n\n<p><em><strong>Eintracht Frankfurt \u2013 West Ham United (21.00 Uhr)<\/strong><\/em><\/p>\n\n\n\n<p><img loading=\"lazy\" decoding=\"async\" width=\"10\" height=\"21\" class=\"wp-image-3656\" style=\"width: 10px;\" src=\"http:\/\/kommentatorenblog.de\/wp-content\/uploads\/2020\/09\/shure-55sh-ii-e1601485394796.jpg\" alt=\"\" srcset=\"https:\/\/kommentatorenblog.de\/wp-content\/uploads\/2020\/09\/shure-55sh-ii-e1601485394796.jpg 415w, https:\/\/kommentatorenblog.de\/wp-content\/uploads\/2020\/09\/shure-55sh-ii-e1601485394796-142x300.jpg 142w\" sizes=\"auto, (max-width: 10px) 100vw, 10px\" \/> Guido Friedrich (Einzelspiel),Philipp Paternina (Konferenz)<\/p>\n\n\n\n<p><em><strong>Olympique Marseille \u2013 Feyenoord Rotterdam<\/strong><\/em><\/p>\n\n\n\n<p><img loading=\"lazy\" decoding=\"async\" width=\"10\" height=\"21\" class=\"wp-image-3656\" style=\"width: 10px;\" src=\"http:\/\/kommentatorenblog.de\/wp-content\/uploads\/2020\/09\/shure-55sh-ii-e1601485394796.jpg\" alt=\"\" srcset=\"https:\/\/kommentatorenblog.de\/wp-content\/uploads\/2020\/09\/shure-55sh-ii-e1601485394796.jpg 415w, https:\/\/kommentatorenblog.de\/wp-content\/uploads\/2020\/09\/shure-55sh-ii-e1601485394796-142x300.jpg 142w\" sizes=\"auto, (max-width: 10px) 100vw, 10px\" \/> Phillip Lautischer (Einzelspiel), Otto Rosenauer (Konferenz)<\/p>\n\n\n\n<p><em><strong>AS Roma \u2013 Leicester City <\/strong><\/em><\/p>\n\n\n\n<p><img loading=\"lazy\" decoding=\"async\" width=\"10\" height=\"21\" class=\"wp-image-3656\" style=\"width: 10px;\" src=\"http:\/\/kommentatorenblog.de\/wp-content\/uploads\/2020\/09\/shure-55sh-ii-e1601485394796.jpg\" alt=\"\" srcset=\"https:\/\/kommentatorenblog.de\/wp-content\/uploads\/2020\/09\/shure-55sh-ii-e1601485394796.jpg 415w, https:\/\/kommentatorenblog.de\/wp-content\/uploads\/2020\/09\/shure-55sh-ii-e1601485394796-142x300.jpg 142w\" sizes=\"auto, (max-width: 10px) 100vw, 10px\" \/>Johannes Hofer (Einzelspiel),  Gerfried Pr\u00f6ll (Konferenz)<\/p>\n\n\n\n<p>Moderation: Johannes Brandl, Experte: Alfred Tatar: ???<\/p>\n\n\n\n<hr class=\"wp-block-separator\"\/>\n\n\n\n<p><strong>Die Analyse<\/strong><\/p>\n\n\n\n<p><strong>Ein letztes Mal Prime<\/strong><\/p>\n\n\n\n<p>Am Dienstag startet Prime aus Villarreal zum erstmal letzten Livespiel in dieser Saison. Grund daf\u00fcr ist, dass das Finale nur auf DAZN und im ZDF zu sehen sein wird. Hier k\u00f6nnen wir aber schon ank\u00fcndigen, dass das Champions League Finale auf DAZN einer sehr gro\u00dfe B\u00fchne kriegen wird. 90 Minuten Vorbericht sind Stand jetzt geplant. Und wie bereits erw\u00e4hnt, meldet sich dann auch das ZDF wieder mit einem Livespiel der Champions League zur\u00fcck. Ihr k\u00f6nnt ja mal in den Kommentare eure Meinung \u00e4u\u00dfern, wer die Finalspiele bei den beiden Sendern kommentieren wird.<\/p>\n\n\n\n<p>Aber zur\u00fcck zu Prime und deren letztes Livespiel in dieser Spielzeit. Ich pers\u00f6nlich kann den \u00dcbertragungen ein gro\u00dfes Kompliment machen. Die umfangreiche Berichterstattung <strong>aus dem Stadion <\/strong>und ein breites Spektrum<strong> <\/strong>an Experten sind hier nur zwei Punkte. Nur eine Sache k\u00f6nnte man aus meiner Sicht noch ausbauen. Die Berichterstattung nach dem Spiel wirkte immer ein bisschen sehr kurz. H\u00f6chstens 2-3 Interviews und wenig Analyse waren mir ein bisschen zu wenig (ganz besonders letzte Woche als nur David Alaba als Interviewgast mit dabei war). Dies h\u00e4ngt nat\u00fcrlich auch mit der Highlight-Show zusammen, die nicht zu sp\u00e4t anfangen sollte.<\/p>\n\n\n\n<p>Nun aber wirklich zur letzten \u00dcbertragung. Sebastian Hellmann und seine Expertenrunde melden sich also aus Villarreal. Diese ist besetzt mit Mario Gomez, Tabea Kemme und Patrick Owomoyela. Leider m\u00fcssen wir also auch in dieser Woche auf Matthias Sammer verzichten. Als Field-Reporterin ist nat\u00fcrlich Annika Zimmermann mit dabei und auch beim Kommentar bleibt mit Jonas Friedrich und Benedikt H\u00f6wedes alles wie gehabt (die beide habe ich in meinem Lob eben vergessen &#8211; sehr guter Job der beiden in dieser Spielzeit).<\/p>\n\n\n\n<p><strong>DAZN komplett aus Madrid<\/strong><\/p>\n\n\n\n<p>DAZN wechselt sein Team im Vergleich zum Halbfinal- Hinspiel am letzten Mittwoch fast komplett. Einzig Alex Schl\u00fcter wird, wie bereits letzten Mittwoch die Moderation des Spiels \u00fcbernehmen. Als Kommentator l\u00f6st Uli Hebel Marco Hagemann ab, an seiner Seite als Experte wird ihn Sandro Wagner begleiten. Die Interviews im Estadio Santiago Bernab\u00e9u wird diesmal Max Siebald f\u00fchren. Doch nicht nur er tritt die Reise nach Madrid an, auch die oben aufgef\u00fchrten Schl\u00fcter, Wagner und Uli Hebel werden ebenfalls die Sendung aus dem Madrider Stadion gestalten. Wir freuen uns drauf!<\/p>\n\n\n\n<p><strong>Deutsche Konferenz<\/strong><\/p>\n\n\n\n<p>Marco Hagemann mag in dieser Woche zwar nicht in der Champions League im Einsatz sein, aber das gilt nat\u00fcrlich nicht f\u00fcr die Europa League. Nat\u00fcrlich ist er gemeinsam mit Steffen Freund in Frankfurt &#8211; Jonas hatte ja bereits vermeldet, dass auch das R\u00fcckspiel der Eintracht im FreeTV zu sehen sein wird, somit kommt das Personal nicht \u00fcberraschend. Hier sind nat\u00fcrlich auch Laura Papendick und Kalle Riedle zugegen. Auf Stimmenfang geht Felix G\u00f6rner. Bei RTL+ \u00fcbernimmt Christian Stra\u00dfburger das Einzelspiel, letzte Woche \u00fcbernahm er die Partie ja noch in der Konferenz.<\/p>\n\n\n\n<p>Konferenz ist das Stichwort, diese wird ein wenig reduziert und zur reinen deutschen Konferenz. In dieser k\u00fcmmern sich mit Klaus Veltman (Frankfurt-West Ham) und Michael Born (Rangers-Leipzig) zwei Erfahrene Leute.<\/p>\n\n\n\n<p>Die Partie von RB Leipzig bei den Rangers l\u00e4uft exklusiv auf RTL+, Kommentator Christoph Stadtler ist allerdings leider nicht im Stadion. Kann man aus meiner Sicht bei einem Europa League Halbfinal-R\u00fcckspiel mit deutscher Beteiligung erwarten. Auf Stimmenfang geht im \u00dcbrigen Jonas Gerdes.<\/p>\n\n\n\n<p>In der Conference League fallen die Konferenzkommentatoren bei den R\u00fcckspielen also weg. Um die jeweiligen Einzelspiele k\u00fcmmern sich mit Christina Graf (Roma-Leicester) und J\u00fcrgen Schmitz (Marseille-Feyenoord) die Konferenzkommentatoren der Hinspiele.<\/p>\n\n\n\n<p>Auch bei RTL k\u00f6nnt ihr ja mal in die Kommentare schreiben, wenn ihr am Mikrofon beim Europa League und Conference League- Finale erwartet.<\/p>\n\n\n\n<p><strong>Nachholer in der Frauen- Buli<\/strong><\/p>\n\n\n\n<p>Am Mittwoch steht zudem noch das Nachholspiel des VfL Wolfsburg bei der SGS Essen an. F\u00fcr die W\u00f6lfinnen geht es nach dem gewonnen Champions League Halbfinal- R\u00fcckspiel und trotz des Ausscheidens in diesem Wettbewerb (da man das Hinspiel 5:1 verlor) in der Liga weiter, um den Kurs auf die deutsche Meisterschaft fortzusetzen. Ein Sieg in Essen w\u00fcrde bedeuten, dass man den Abstand auf den Tabellenzweiten aus M\u00fcnchen auf vier Punkte ausbauen w\u00fcrde und man dadurch n\u00e4chste Woche in Jena die Meisterschaft klar machen k\u00f6nnte. Die Begegnung in Essen gibt es bei Magenta zu sehen, Michael Seyberth wird kommentieren.<\/p>\n\n\n\n<p>Auch sportdigital hat die Woche Fu\u00dfball im Programm, darunter die CONCACAF Champions League, mit dabei u.a. Chistian Blunck und Arne Malsch.<\/p>\n\n\n\n<p>Das wars f\u00fcrs heute, viel Spa\u00df mit dem Fu\u00dfballangebot und den Halbfinalspielen unter der Woche. Am Donnerstag melde ich (Nico) mich dann wieder mit dem 33. Spieltag der Bundesliga und vielem mehr. Bis dahin habt eine ruhige, friedliche Woche!<\/p>\n","protected":false},"excerpt":{"rendered":"<p>Hallo zusammen, neben den Halbfinal- R\u00fcckspielen in der Champions League stehen in dieser Woche auch die Halbfinals in der Europa League und der Conference League. Aus deutscher Sicht ist nat\u00fcrlich vor allem die Europa League mit noch zwei deutschen Vereinen sehr interessant. Zumal sich sowohl Eintracht Frankfurt als auch RB Leipzig mit einem 2:1 Sieg [&hellip;]<\/p>\n","protected":false},"author":11,"featured_media":0,"comment_status":"open","ping_status":"open","sticky":false,"template":"","format":"standard","meta":{"footnotes":""},"categories":[425],"tags":[49,517,263,57,35,615,171,13,104,72,69,86,489,676,75,9,43,279,114,634,350,98,134,151,105],"class_list":["post-12824","post","type-post","status-publish","format-standard","hentry","category-champions-league-und-co","tag-alex-schlueter","tag-anna-kraft","tag-arne-malsch","tag-christian-blunck","tag-christian-strassburger","tag-christina-graf","tag-christoph-stadtler","tag-dazn","tag-hannes-herrmann","tag-jaron-steiner","tag-jonas-friedrich","tag-juergen-schmitz","tag-kamila-benschop","tag-klaus-veltman","tag-laura-papendick","tag-magenta-sport","tag-marco-hagemann","tag-max-siebald","tag-michael-born","tag-michael-seyberth","tag-sandro-wagner","tag-sebastian-hellmann","tag-sportdigital-fussball","tag-steffen-freund","tag-uli-hebel"],"_links":{"self":[{"href":"https:\/\/kommentatorenblog.de\/index.php?rest_route=\/wp\/v2\/posts\/12824","targetHints":{"allow":["GET"]}}],"collection":[{"href":"https:\/\/kommentatorenblog.de\/index.php?rest_route=\/wp\/v2\/posts"}],"about":[{"href":"https:\/\/kommentatorenblog.de\/index.php?rest_route=\/wp\/v2\/types\/post"}],"author":[{"embeddable":true,"href":"https:\/\/kommentatorenblog.de\/index.php?rest_route=\/wp\/v2\/users\/11"}],"replies":[{"embeddable":true,"href":"https:\/\/kommentatorenblog.de\/index.php?rest_route=%2Fwp%2Fv2%2Fcomments&post=12824"}],"version-history":[{"count":16,"href":"https:\/\/kommentatorenblog.de\/index.php?rest_route=\/wp\/v2\/posts\/12824\/revisions"}],"predecessor-version":[{"id":12854,"href":"https:\/\/kommentatorenblog.de\/index.php?rest_route=\/wp\/v2\/posts\/12824\/revisions\/12854"}],"wp:attachment":[{"href":"https:\/\/kommentatorenblog.de\/index.php?rest_route=%2Fwp%2Fv2%2Fmedia&parent=12824"}],"wp:term":[{"taxonomy":"category","embeddable":true,"href":"https:\/\/kommentatorenblog.de\/index.php?rest_route=%2Fwp%2Fv2%2Fcategories&post=12824"},{"taxonomy":"post_tag","embeddable":true,"href":"https:\/\/kommentatorenblog.de\/index.php?rest_route=%2Fwp%2Fv2%2Ftags&post=12824"}],"curies":[{"name":"wp","href":"https:\/\/api.w.org\/{rel}","templated":true}]}}