{"id":12863,"date":"2022-05-09T19:05:09","date_gmt":"2022-05-09T17:05:09","guid":{"rendered":"https:\/\/kommentatorenblog.de\/?p=12863"},"modified":"2022-07-18T22:05:28","modified_gmt":"2022-07-18T20:05:28","slug":"1255","status":"publish","type":"post","link":"https:\/\/kommentatorenblog.de\/?p=12863","title":{"rendered":"1255 &#8211; Entscheidungen und Instagram"},"content":{"rendered":"\n<p>N&#8217;Abend allerseits,<\/p>\n\n\n\n<p>wir biegen beim Fu\u00dfball auf die Zielgeraden der Saison ein, in drei Wochen sind alle Entscheidungen gefallen. Die Problematik als Fan in dieser Phase ist dabei: Auf keinen Fall was verpassen! So geht&#8217;s mir zumindest. Den meisten von euch vermutlich auch(?).<\/p>\n\n\n\n<p>Deshalb als kleine Abhilfe die Zusammenfassung der Situation im Saison-Endspurt in Europas Top-Fu\u00dfball-Nationen: Welche Entscheidungen sind schon gefallen? <mark style=\"background-color:rgba(0, 0, 0, 0)\" class=\"has-inline-color has-vivid-red-color\">Welche Entscheidungen stehen noch an? Und welche Teams sind daran noch beteiligt? (rote Schrift)<\/mark><\/p>\n\n\n\n<figure class=\"wp-block-image size-full\"><a href=\"https:\/\/kommentatorenblog.de\/wp-content\/uploads\/2022\/05\/Endspurt-21-22.png\"><img loading=\"lazy\" decoding=\"async\" width=\"1654\" height=\"2236\" src=\"https:\/\/kommentatorenblog.de\/wp-content\/uploads\/2022\/05\/Endspurt-21-22.png\" alt=\"\" class=\"wp-image-12909\" srcset=\"https:\/\/kommentatorenblog.de\/wp-content\/uploads\/2022\/05\/Endspurt-21-22.png 1654w, https:\/\/kommentatorenblog.de\/wp-content\/uploads\/2022\/05\/Endspurt-21-22-222x300.png 222w, https:\/\/kommentatorenblog.de\/wp-content\/uploads\/2022\/05\/Endspurt-21-22-757x1024.png 757w, https:\/\/kommentatorenblog.de\/wp-content\/uploads\/2022\/05\/Endspurt-21-22-768x1038.png 768w, https:\/\/kommentatorenblog.de\/wp-content\/uploads\/2022\/05\/Endspurt-21-22-1136x1536.png 1136w, https:\/\/kommentatorenblog.de\/wp-content\/uploads\/2022\/05\/Endspurt-21-22-1515x2048.png 1515w\" sizes=\"auto, (max-width: 1654px) 100vw, 1654px\" \/><\/a><figcaption>Stand 09.05., 19:00 Uhr<\/figcaption><\/figure>\n\n\n\n<hr class=\"wp-block-separator\"\/>\n\n\n\n<p>Weil der Saison-Endspurt also vielerorts noch Spannung und viele TV-Highlights bringt, liefern wir euch schon seit Mitte April bei Instagram die t\u00e4glichen Highlights mit allen TV-Ansetzungen. Folgt uns daher gerne bei Instagram:<\/p>\n\n\n\n<div class=\"wp-block-buttons is-layout-flex wp-block-buttons-is-layout-flex\">\n<div class=\"wp-block-button\"><a class=\"wp-block-button__link\" href=\"https:\/\/www.instagram.com\/komm_blog\/\" target=\"_blank\" rel=\"noreferrer noopener\">@komm_blog bei Instagram<\/a><\/div>\n<\/div>\n\n\n\n<hr class=\"wp-block-separator\"\/>\n\n\n\n<p id=\"Ansetzungen\"><strong>Die Ansetzungen vom 10. Mai bis zum 12. Mai 2022<\/strong>:<\/p>\n\n\n\n<hr class=\"wp-block-separator\"\/>\n\n\n\n<p class=\"has-vivid-red-color has-text-color\"><strong>Mehr als ein Fu\u00dfballspiel! (ProSieben)<\/strong><\/p>\n\n\n\n<p><span style=\"text-decoration: underline;\">Mittwoch, 11. Mai 2022, ab 20.15 Uhr<\/span><\/p>\n\n\n\n<p><strong style=\"font-style: italic;\">Borussia M\u00f6nchengladbach <strong><em><span><b style=\"font-style: italic;\">\u2013<\/b><\/span><\/em><\/strong><\/strong> <em><strong>Ukrainische Nationalmannschaft (20.45 Uhr)<\/strong><\/em><br><img loading=\"lazy\" decoding=\"async\" width=\"10\" height=\"21\" class=\"wp-image-3656\" style=\"width: 10px;\" src=\"http:\/\/kommentatorenblog.de\/wp-content\/uploads\/2020\/09\/shure-55sh-ii-e1601485394796.jpg\" alt=\"\" srcset=\"https:\/\/kommentatorenblog.de\/wp-content\/uploads\/2020\/09\/shure-55sh-ii-e1601485394796.jpg 415w, https:\/\/kommentatorenblog.de\/wp-content\/uploads\/2020\/09\/shure-55sh-ii-e1601485394796-142x300.jpg 142w\" sizes=\"auto, (max-width: 10px) 100vw, 10px\" \/> Wolff Fuss<br>Moderation: Matthias Opdenh\u00f6vel<\/p>\n\n\n\n<hr class=\"wp-block-separator\"\/>\n\n\n\n<p class=\"has-vivid-red-color has-text-color\"><strong>Premier League (ENG), Nachholspiele (Sky)<\/strong><\/p>\n\n\n\n<p><span style=\"text-decoration: underline;\">Dienstag, 10. Mai 2022<\/span><\/p>\n\n\n\n<p><strong style=\"font-style: italic;\">Aston Villa <strong><em><span><b style=\"font-style: italic;\">\u2013<\/b><\/span><\/em><\/strong><\/strong> <em><strong>FC Liverpool (21.00 Uhr)<\/strong><\/em><br><img loading=\"lazy\" decoding=\"async\" width=\"10\" height=\"21\" class=\"wp-image-3656\" style=\"width: 10px;\" src=\"http:\/\/kommentatorenblog.de\/wp-content\/uploads\/2020\/09\/shure-55sh-ii-e1601485394796.jpg\" alt=\"\" srcset=\"https:\/\/kommentatorenblog.de\/wp-content\/uploads\/2020\/09\/shure-55sh-ii-e1601485394796.jpg 415w, https:\/\/kommentatorenblog.de\/wp-content\/uploads\/2020\/09\/shure-55sh-ii-e1601485394796-142x300.jpg 142w\" sizes=\"auto, (max-width: 10px) 100vw, 10px\" \/> Wolff Fuss<\/p>\n\n\n\n<p><span style=\"text-decoration: underline;\">Mittwoch, 11. Mai 2022<\/span><\/p>\n\n\n\n<p><em><strong>Leeds United <strong><em><span><b style=\"font-style: italic;\">\u2013<\/b><\/span><\/em><\/strong><\/strong><\/em> <em><strong>FC Chelsea (20.30 Uhr)<\/strong><\/em><br><img loading=\"lazy\" decoding=\"async\" width=\"10\" height=\"21\" class=\"wp-image-3656\" style=\"width: 10px;\" src=\"http:\/\/kommentatorenblog.de\/wp-content\/uploads\/2020\/09\/shure-55sh-ii-e1601485394796.jpg\" alt=\"\" srcset=\"https:\/\/kommentatorenblog.de\/wp-content\/uploads\/2020\/09\/shure-55sh-ii-e1601485394796.jpg 415w, https:\/\/kommentatorenblog.de\/wp-content\/uploads\/2020\/09\/shure-55sh-ii-e1601485394796-142x300.jpg 142w\" sizes=\"auto, (max-width: 10px) 100vw, 10px\" \/> Hannes Herrmann<\/p>\n\n\n\n<p><em><strong>Leicester City <strong><em><span><b style=\"font-style: italic;\">\u2013<\/b><\/span><\/em><\/strong><\/strong><\/em> <em><strong>Norwich City (20.45 Uhr)<\/strong><\/em><br><img loading=\"lazy\" decoding=\"async\" width=\"10\" height=\"21\" class=\"wp-image-3656\" style=\"width: 10px;\" src=\"http:\/\/kommentatorenblog.de\/wp-content\/uploads\/2020\/09\/shure-55sh-ii-e1601485394796.jpg\" alt=\"\" srcset=\"https:\/\/kommentatorenblog.de\/wp-content\/uploads\/2020\/09\/shure-55sh-ii-e1601485394796.jpg 415w, https:\/\/kommentatorenblog.de\/wp-content\/uploads\/2020\/09\/shure-55sh-ii-e1601485394796-142x300.jpg 142w\" sizes=\"auto, (max-width: 10px) 100vw, 10px\" \/> Sascha Roos<\/p>\n\n\n\n<p><em><strong>FC Watford <strong><em><span><b style=\"font-style: italic;\">\u2013<\/b><\/span><\/em><\/strong><\/strong><\/em> <em><strong>FC Everton (20.45 Uhr)<\/strong><\/em><br><img loading=\"lazy\" decoding=\"async\" width=\"10\" height=\"21\" class=\"wp-image-3656\" style=\"width: 10px;\" src=\"http:\/\/kommentatorenblog.de\/wp-content\/uploads\/2020\/09\/shure-55sh-ii-e1601485394796.jpg\" alt=\"\" srcset=\"https:\/\/kommentatorenblog.de\/wp-content\/uploads\/2020\/09\/shure-55sh-ii-e1601485394796.jpg 415w, https:\/\/kommentatorenblog.de\/wp-content\/uploads\/2020\/09\/shure-55sh-ii-e1601485394796-142x300.jpg 142w\" sizes=\"auto, (max-width: 10px) 100vw, 10px\" \/> Markus Gaupp<\/p>\n\n\n\n<p><em><strong>Wolverhampton Wanderers <strong><em><span><b style=\"font-style: italic;\">\u2013<\/b><\/span><\/em><\/strong><\/strong><\/em> <em><strong>Manchester City (21.15 Uhr)<\/strong><\/em><br><img loading=\"lazy\" decoding=\"async\" width=\"10\" height=\"21\" class=\"wp-image-3656\" style=\"width: 10px;\" src=\"http:\/\/kommentatorenblog.de\/wp-content\/uploads\/2020\/09\/shure-55sh-ii-e1601485394796.jpg\" alt=\"\" srcset=\"https:\/\/kommentatorenblog.de\/wp-content\/uploads\/2020\/09\/shure-55sh-ii-e1601485394796.jpg 415w, https:\/\/kommentatorenblog.de\/wp-content\/uploads\/2020\/09\/shure-55sh-ii-e1601485394796-142x300.jpg 142w\" sizes=\"auto, (max-width: 10px) 100vw, 10px\" \/> Uli Hebel<\/p>\n\n\n\n<p><span style=\"text-decoration: underline;\">Donnerstag, 12. Mai 2022<\/span><\/p>\n\n\n\n<p><em><strong>Tottenham Hotspur <strong><em><span><b style=\"font-style: italic;\">\u2013<\/b><\/span><\/em><\/strong><\/strong><\/em> <em><strong>FC Arsenal (20.45 Uhr)<\/strong><\/em><br><img loading=\"lazy\" decoding=\"async\" width=\"10\" height=\"21\" class=\"wp-image-3656\" style=\"width: 10px;\" src=\"http:\/\/kommentatorenblog.de\/wp-content\/uploads\/2020\/09\/shure-55sh-ii-e1601485394796.jpg\" alt=\"\" srcset=\"https:\/\/kommentatorenblog.de\/wp-content\/uploads\/2020\/09\/shure-55sh-ii-e1601485394796.jpg 415w, https:\/\/kommentatorenblog.de\/wp-content\/uploads\/2020\/09\/shure-55sh-ii-e1601485394796-142x300.jpg 142w\" sizes=\"auto, (max-width: 10px) 100vw, 10px\" \/> Joachim Hebel<\/p>\n\n\n\n<hr class=\"wp-block-separator\"\/>\n\n\n\n<p class=\"has-vivid-red-color has-text-color\"><strong>La Liga (ESP), 36. Spieltag (DAZN)<\/strong><\/p>\n\n\n\n<p><span style=\"text-decoration: underline;\">Dienstag, 10. Mai 2022<\/span><\/p>\n\n\n\n<p><span><strong style=\"font-style: italic;\"><span><strong style=\"font-style: italic;\">FC Valencia <\/strong><\/span><strong style=\"font-style: italic;\"><strong><em><span><b style=\"font-style: italic;\">\u2013<\/b><\/span><\/em><\/strong><\/strong> <em><strong>Real Betis (19.00 Uhr)<\/strong><\/em><br><img loading=\"lazy\" decoding=\"async\" width=\"10\" height=\"21\" class=\"wp-image-3656\" style=\"width: 10px;\" src=\"http:\/\/kommentatorenblog.de\/wp-content\/uploads\/2020\/09\/shure-55sh-ii-e1601485394796.jpg\" alt=\"\" srcset=\"https:\/\/kommentatorenblog.de\/wp-content\/uploads\/2020\/09\/shure-55sh-ii-e1601485394796.jpg 415w, https:\/\/kommentatorenblog.de\/wp-content\/uploads\/2020\/09\/shure-55sh-ii-e1601485394796-142x300.jpg 142w\" sizes=\"auto, (max-width: 10px) 100vw, 10px\" \/> <\/strong><\/span>Uwe Morawe<\/p>\n\n\n\n<p><span><strong style=\"font-style: italic;\"><span><strong style=\"font-style: italic;\">FC Barcelona <\/strong><\/span><strong style=\"font-style: italic;\"><strong><em><span><b style=\"font-style: italic;\">\u2013<\/b><\/span><\/em><\/strong><\/strong> <em><strong>Celta Vigo (21.30 Uhr)<\/strong><\/em><br><img loading=\"lazy\" decoding=\"async\" width=\"10\" height=\"21\" class=\"wp-image-3656\" style=\"width: 10px;\" src=\"http:\/\/kommentatorenblog.de\/wp-content\/uploads\/2020\/09\/shure-55sh-ii-e1601485394796.jpg\" alt=\"\" srcset=\"https:\/\/kommentatorenblog.de\/wp-content\/uploads\/2020\/09\/shure-55sh-ii-e1601485394796.jpg 415w, https:\/\/kommentatorenblog.de\/wp-content\/uploads\/2020\/09\/shure-55sh-ii-e1601485394796-142x300.jpg 142w\" sizes=\"auto, (max-width: 10px) 100vw, 10px\" \/> <\/strong><\/span>Marco Hagemann, Experte: Benny Lauth<\/p>\n\n\n\n<p><span style=\"text-decoration: underline;\">Mittwoch, 11. Mai 2022<\/span><\/p>\n\n\n\n<p><span><strong style=\"font-style: italic;\">FC Sevilla<\/strong><\/span><strong style=\"font-style: italic;\"> <strong><em><span><b style=\"font-style: italic;\">\u2013<\/b><\/span><\/em><\/strong><\/strong> <em><strong>RCD Mallorca (20.30 Uhr)<\/strong><\/em><br><img loading=\"lazy\" decoding=\"async\" width=\"10\" height=\"21\" class=\"wp-image-3656\" style=\"width: 10px;\" src=\"http:\/\/kommentatorenblog.de\/wp-content\/uploads\/2020\/09\/shure-55sh-ii-e1601485394796.jpg\" alt=\"\" srcset=\"https:\/\/kommentatorenblog.de\/wp-content\/uploads\/2020\/09\/shure-55sh-ii-e1601485394796.jpg 415w, https:\/\/kommentatorenblog.de\/wp-content\/uploads\/2020\/09\/shure-55sh-ii-e1601485394796-142x300.jpg 142w\" sizes=\"auto, (max-width: 10px) 100vw, 10px\" \/> Andreas Renner<\/p>\n\n\n\n<p><span><strong style=\"font-style: italic;\">FC Elche<\/strong><\/span><strong style=\"font-style: italic;\"> <strong><em><span><b style=\"font-style: italic;\">\u2013<\/b><\/span><\/em><\/strong><\/strong> <em><strong>Atl\u00e9tico Madrid (21.30 Uhr)<\/strong><\/em><br><img loading=\"lazy\" decoding=\"async\" width=\"10\" height=\"21\" class=\"wp-image-3656\" style=\"width: 10px;\" src=\"http:\/\/kommentatorenblog.de\/wp-content\/uploads\/2020\/09\/shure-55sh-ii-e1601485394796.jpg\" alt=\"\" srcset=\"https:\/\/kommentatorenblog.de\/wp-content\/uploads\/2020\/09\/shure-55sh-ii-e1601485394796.jpg 415w, https:\/\/kommentatorenblog.de\/wp-content\/uploads\/2020\/09\/shure-55sh-ii-e1601485394796-142x300.jpg 142w\" sizes=\"auto, (max-width: 10px) 100vw, 10px\" \/> Jan Platte<\/p>\n\n\n\n<p><span style=\"text-decoration: underline;\">Donnerstag, 12. Mai 2022<\/span><\/p>\n\n\n\n<p><span><strong style=\"font-style: italic;\">Rayo Vallecano <\/strong><\/span><strong style=\"font-style: italic;\"><strong><em><span><b style=\"font-style: italic;\">\u2013<\/b><\/span><\/em><\/strong><\/strong> <em><strong>FC Villarreal (20.00 Uhr)<\/strong><\/em><br><img loading=\"lazy\" decoding=\"async\" width=\"10\" height=\"21\" class=\"wp-image-3656\" style=\"width: 10px;\" src=\"http:\/\/kommentatorenblog.de\/wp-content\/uploads\/2020\/09\/shure-55sh-ii-e1601485394796.jpg\" alt=\"\" srcset=\"https:\/\/kommentatorenblog.de\/wp-content\/uploads\/2020\/09\/shure-55sh-ii-e1601485394796.jpg 415w, https:\/\/kommentatorenblog.de\/wp-content\/uploads\/2020\/09\/shure-55sh-ii-e1601485394796-142x300.jpg 142w\" sizes=\"auto, (max-width: 10px) 100vw, 10px\" \/> Tobi Fischbeck<\/p>\n\n\n\n<p><span><strong style=\"font-style: italic;\">Real Madrid<\/strong><\/span><strong style=\"font-style: italic;\"> <strong><em><span><b style=\"font-style: italic;\">\u2013<\/b><\/span><\/em><\/strong><\/strong> <em><strong>UD Levante (21.30 Uhr)<\/strong><\/em><br><img loading=\"lazy\" decoding=\"async\" width=\"10\" height=\"21\" class=\"wp-image-3656\" style=\"width: 10px;\" src=\"http:\/\/kommentatorenblog.de\/wp-content\/uploads\/2020\/09\/shure-55sh-ii-e1601485394796.jpg\" alt=\"\" srcset=\"https:\/\/kommentatorenblog.de\/wp-content\/uploads\/2020\/09\/shure-55sh-ii-e1601485394796.jpg 415w, https:\/\/kommentatorenblog.de\/wp-content\/uploads\/2020\/09\/shure-55sh-ii-e1601485394796-142x300.jpg 142w\" sizes=\"auto, (max-width: 10px) 100vw, 10px\" \/> Jan Platte, Experte: Sascha Bigalke<\/p>\n\n\n\n<hr class=\"wp-block-separator\"\/>\n\n\n\n<p class=\"has-vivid-red-color has-text-color\"><strong>Coppa Italia (ITA), Finale (DAZN)<\/strong><\/p>\n\n\n\n<p><span style=\"text-decoration: underline;\">Mittwoch, 11. Mai 2022<\/span><br><span><strong style=\"font-style: italic;\"><span><strong style=\"font-style: italic;\">Juventus Turin <\/strong><\/span><strong style=\"font-style: italic;\"><strong><em><span><b style=\"font-style: italic;\">\u2013<\/b><\/span><\/em><\/strong><\/strong> <em><strong>Inter Mailand (21.00 Uhr)<\/strong><\/em><br><img loading=\"lazy\" decoding=\"async\" width=\"10\" height=\"21\" class=\"wp-image-3656\" style=\"width: 10px;\" src=\"http:\/\/kommentatorenblog.de\/wp-content\/uploads\/2020\/09\/shure-55sh-ii-e1601485394796.jpg\" alt=\"\" srcset=\"https:\/\/kommentatorenblog.de\/wp-content\/uploads\/2020\/09\/shure-55sh-ii-e1601485394796.jpg 415w, https:\/\/kommentatorenblog.de\/wp-content\/uploads\/2020\/09\/shure-55sh-ii-e1601485394796-142x300.jpg 142w\" sizes=\"auto, (max-width: 10px) 100vw, 10px\" \/> <\/strong><\/span>Carsten Fu\u00df, Experte: Christian Bernhard<\/p>\n\n\n\n<hr class=\"wp-block-separator\"\/>\n\n\n\n<p class=\"has-vivid-red-color has-text-color\"><strong>Ligue 1<\/strong><strong> (FRA), 36. Spieltag (DAZN)<\/strong><\/p>\n\n\n\n<p><span style=\"text-decoration: underline;\">Mittwoch, 11. Mai 2022<\/span><br><span><strong style=\"font-style: italic;\"><span><strong style=\"font-style: italic;\">OGC Nizza <\/strong><\/span><strong style=\"font-style: italic;\"><strong><em><span><b style=\"font-style: italic;\">\u2013<\/b><\/span><\/em><\/strong><\/strong> <em><strong>AS Saint-\u00c9tienne (19.00 Uhr)<\/strong><\/em><br><img loading=\"lazy\" decoding=\"async\" width=\"10\" height=\"21\" class=\"wp-image-3656\" style=\"width: 10px;\" src=\"http:\/\/kommentatorenblog.de\/wp-content\/uploads\/2020\/09\/shure-55sh-ii-e1601485394796.jpg\" alt=\"\" srcset=\"https:\/\/kommentatorenblog.de\/wp-content\/uploads\/2020\/09\/shure-55sh-ii-e1601485394796.jpg 415w, https:\/\/kommentatorenblog.de\/wp-content\/uploads\/2020\/09\/shure-55sh-ii-e1601485394796-142x300.jpg 142w\" sizes=\"auto, (max-width: 10px) 100vw, 10px\" \/> <\/strong><\/span>Simon Sterzer<\/p>\n\n\n\n<hr class=\"wp-block-separator\"\/>\n\n\n\n<p class=\"has-vivid-red-color has-text-color\"><strong>Eredivisie (NED), 33. Spieltag (Sportdigital FUSSBALL)<\/strong><\/p>\n\n\n\n<p><span style=\"text-decoration: underline;\">Mittwoch, 11. Mai 2022<\/span><br><span><strong style=\"font-style: italic;\"><span><strong style=\"font-style: italic;\">Ajax Amsterdam <\/strong><\/span><strong style=\"font-style: italic;\"><strong><em><span><b style=\"font-style: italic;\">\u2013<\/b><\/span><\/em><\/strong><\/strong> <em><strong>SC Heerenveen (20.00 Uhr)<\/strong><\/em><br><img loading=\"lazy\" decoding=\"async\" width=\"10\" height=\"21\" class=\"wp-image-3656\" style=\"width: 10px;\" src=\"http:\/\/kommentatorenblog.de\/wp-content\/uploads\/2020\/09\/shure-55sh-ii-e1601485394796.jpg\" alt=\"\" srcset=\"https:\/\/kommentatorenblog.de\/wp-content\/uploads\/2020\/09\/shure-55sh-ii-e1601485394796.jpg 415w, https:\/\/kommentatorenblog.de\/wp-content\/uploads\/2020\/09\/shure-55sh-ii-e1601485394796-142x300.jpg 142w\" sizes=\"auto, (max-width: 10px) 100vw, 10px\" \/> <\/strong><\/span>Karsten Linke<\/p>\n\n\n\n<hr class=\"wp-block-separator\"\/>\n\n\n\n<p class=\"has-vivid-red-color has-text-color\"><strong>Division 1A (BEL), Playoffs, 4. Spieltag (Sport1+)<\/strong><\/p>\n\n\n\n<p><span style=\"text-decoration: underline;\">Mittwoch, 11. Mai 2022<\/span><br><span><strong style=\"font-style: italic;\"><span><strong style=\"font-style: italic;\">FC Br\u00fcgge <\/strong><\/span><strong style=\"font-style: italic;\"><strong><em><span><b style=\"font-style: italic;\">\u2013<\/b><\/span><\/em><\/strong><\/strong> <em><strong>Royale Union Saint-Gilloise (20.30 Uhr)<\/strong><\/em><br><img loading=\"lazy\" decoding=\"async\" width=\"10\" height=\"21\" class=\"wp-image-3656\" style=\"width: 10px;\" src=\"http:\/\/kommentatorenblog.de\/wp-content\/uploads\/2020\/09\/shure-55sh-ii-e1601485394796.jpg\" alt=\"\" srcset=\"https:\/\/kommentatorenblog.de\/wp-content\/uploads\/2020\/09\/shure-55sh-ii-e1601485394796.jpg 415w, https:\/\/kommentatorenblog.de\/wp-content\/uploads\/2020\/09\/shure-55sh-ii-e1601485394796-142x300.jpg 142w\" sizes=\"auto, (max-width: 10px) 100vw, 10px\" \/> <\/strong><\/span>tba<\/p>\n\n\n\n<hr class=\"wp-block-separator\"\/>\n\n\n\n<p class=\"has-vivid-red-color has-text-color\"><strong>T\u00fcrkiye Kupas\u0131 (TUR), Halbfinal-R\u00fcckspiele (Sportdigital FUSSBALL)<\/strong><\/p>\n\n\n\n<p><span style=\"text-decoration: underline;\">Dienstag, 10. Mai 2022<\/span><br><span><strong style=\"font-style: italic;\"><span><strong style=\"font-style: italic;\">Kayserispor <\/strong><\/span><strong style=\"font-style: italic;\"><strong><em><span><b style=\"font-style: italic;\">\u2013<\/b><\/span><\/em><\/strong><\/strong> <em><strong>Trabzonspor (19.30 Uhr)<\/strong><\/em><br><img loading=\"lazy\" decoding=\"async\" width=\"10\" height=\"21\" class=\"wp-image-3656\" style=\"width: 10px;\" src=\"http:\/\/kommentatorenblog.de\/wp-content\/uploads\/2020\/09\/shure-55sh-ii-e1601485394796.jpg\" alt=\"\" srcset=\"https:\/\/kommentatorenblog.de\/wp-content\/uploads\/2020\/09\/shure-55sh-ii-e1601485394796.jpg 415w, https:\/\/kommentatorenblog.de\/wp-content\/uploads\/2020\/09\/shure-55sh-ii-e1601485394796-142x300.jpg 142w\" sizes=\"auto, (max-width: 10px) 100vw, 10px\" \/> <\/strong><\/span>Karsten Linke<\/p>\n\n\n\n<p><span style=\"text-decoration: underline;\">Mittwoch, 11. Mai 2022<\/span><br><span><strong style=\"font-style: italic;\"><span><strong style=\"font-style: italic;\">Sivasspor <\/strong><\/span><strong style=\"font-style: italic;\"><strong><em><span><b style=\"font-style: italic;\">\u2013<\/b><\/span><\/em><\/strong><\/strong> <em><strong>Alanyaspor (19.30 Uhr<\/strong><\/em><\/strong><em>, im Livestream \/ re-live im TV-Sender ab 22:10 Uhr<\/em><strong style=\"font-style: italic;\"><em><strong>)<\/strong><\/em><br><img loading=\"lazy\" decoding=\"async\" width=\"10\" height=\"21\" class=\"wp-image-3656\" style=\"width: 10px;\" src=\"http:\/\/kommentatorenblog.de\/wp-content\/uploads\/2020\/09\/shure-55sh-ii-e1601485394796.jpg\" alt=\"\" srcset=\"https:\/\/kommentatorenblog.de\/wp-content\/uploads\/2020\/09\/shure-55sh-ii-e1601485394796.jpg 415w, https:\/\/kommentatorenblog.de\/wp-content\/uploads\/2020\/09\/shure-55sh-ii-e1601485394796-142x300.jpg 142w\" sizes=\"auto, (max-width: 10px) 100vw, 10px\" \/> <\/strong><\/span>Christian Blunck<\/p>\n\n\n\n<hr class=\"wp-block-separator\"\/>\n\n\n\n<p class=\"has-vivid-red-color has-text-color\"><strong>Copa de la Liga Profesional (ARG), Viertelfinale (Sportdigital FUSSBALL)<\/strong><\/p>\n\n\n\n<p><span style=\"text-decoration: underline;\">Mittwoch, 11. Mai 2022<\/span><br><span><strong style=\"font-style: italic;\"><span><strong style=\"font-style: italic;\">Racing Club <\/strong><\/span><strong style=\"font-style: italic;\"><strong><em><span><b style=\"font-style: italic;\">\u2013<\/b><\/span><\/em><\/strong><\/strong> <em><strong>CA Aldosivi (00.15 Uhr)<\/strong><\/em><br><img loading=\"lazy\" decoding=\"async\" width=\"10\" height=\"21\" class=\"wp-image-3656\" style=\"width: 10px;\" src=\"http:\/\/kommentatorenblog.de\/wp-content\/uploads\/2020\/09\/shure-55sh-ii-e1601485394796.jpg\" alt=\"\" srcset=\"https:\/\/kommentatorenblog.de\/wp-content\/uploads\/2020\/09\/shure-55sh-ii-e1601485394796.jpg 415w, https:\/\/kommentatorenblog.de\/wp-content\/uploads\/2020\/09\/shure-55sh-ii-e1601485394796-142x300.jpg 142w\" sizes=\"auto, (max-width: 10px) 100vw, 10px\" \/> <\/strong><\/span>J\u00f6rg Steiger<\/p>\n\n\n\n<p><span style=\"text-decoration: underline;\">Donnerstag, 12. Mai 2022<\/span><br><span><strong style=\"font-style: italic;\"><span><strong style=\"font-style: italic;\">Estudiantes de La Plata <\/strong><\/span><strong style=\"font-style: italic;\"><strong><em><span><b style=\"font-style: italic;\">\u2013<\/b><\/span><\/em><\/strong><\/strong> <em><strong>Argentinos Juniors (00.15 Uhr)<\/strong><\/em><br><img loading=\"lazy\" decoding=\"async\" width=\"10\" height=\"21\" class=\"wp-image-3656\" style=\"width: 10px;\" src=\"http:\/\/kommentatorenblog.de\/wp-content\/uploads\/2020\/09\/shure-55sh-ii-e1601485394796.jpg\" alt=\"\" srcset=\"https:\/\/kommentatorenblog.de\/wp-content\/uploads\/2020\/09\/shure-55sh-ii-e1601485394796.jpg 415w, https:\/\/kommentatorenblog.de\/wp-content\/uploads\/2020\/09\/shure-55sh-ii-e1601485394796-142x300.jpg 142w\" sizes=\"auto, (max-width: 10px) 100vw, 10px\" \/> <\/strong><\/span>Christian Blunck<\/p>\n\n\n\n<hr class=\"wp-block-separator\"\/>\n\n\n\n<p class=\"has-vivid-red-color has-text-color\"><strong>A-League (AUS), 25. Spieltag (Sportdigital FUSSBALL)<\/strong><\/p>\n\n\n\n<p><span style=\"text-decoration: underline;\">Dienstag, 10. Mai 2022<\/span><br><span><strong style=\"font-style: italic;\"><span><strong style=\"font-style: italic;\">Brisbane Roar <\/strong><\/span><strong style=\"font-style: italic;\"><strong><em><span><b style=\"font-style: italic;\">\u2013<\/b><\/span><\/em><\/strong><\/strong> <em><strong>Sydney FC (11.05 Uhr)<\/strong><\/em><br><img loading=\"lazy\" decoding=\"async\" width=\"10\" height=\"21\" class=\"wp-image-3656\" style=\"width: 10px;\" src=\"http:\/\/kommentatorenblog.de\/wp-content\/uploads\/2020\/09\/shure-55sh-ii-e1601485394796.jpg\" alt=\"\" srcset=\"https:\/\/kommentatorenblog.de\/wp-content\/uploads\/2020\/09\/shure-55sh-ii-e1601485394796.jpg 415w, https:\/\/kommentatorenblog.de\/wp-content\/uploads\/2020\/09\/shure-55sh-ii-e1601485394796-142x300.jpg 142w\" sizes=\"auto, (max-width: 10px) 100vw, 10px\" \/> <\/strong><\/span>Henrik Hinrichsen<\/p>\n\n\n\n<hr class=\"wp-block-separator\"\/>\n\n\n\n<p class=\"has-vivid-red-color has-text-color\"><strong><code>ANALYSE<\/code><\/strong><\/p>\n\n\n\n<p>Die Analyse m\u00f6chte ich an dieser Stelle kurz halten. Die Tage von Dienstag bis Donnerstag bieten in Deutschland gar keinen Profi-Fu\u00dfball, auch das internationale Gesch\u00e4ft ruht nach packenden Halbfinals bekannterma\u00dfen bis zu den Endspielen. Lediglich einige nationalen Ligen in Europa f\u00fchren ihren Liga-\/Pokal-Wettbewerb fort.<\/p>\n\n\n\n<p>So \u00fcberrascht es nicht, dass Sky und DAZN ihre Top-Kommentatoren w\u00e4hrend der Tage auch dort einsetzen. Wolff Fuss finden wir also in der Premier League wieder, er \u00fcbernimmt er den in Sachen Meisterschaft ins Hintertreffen geratenen FC Liverpool. <br>Fuss&#8216; Pendant bei DAZN k\u00fcmmert sich dagegen um Spanien und die dortigen beiden Partien der Hauptstadtclubs. Am Donnerstag mit Sascha Bigalke an seiner Seite. Ebenfalls doppelt und prominent besetzt hat DAZN den Auftritt des FC Barcelona mit Hagemann und Lauth. Die drei weiteren Partien \u00fcbernehmen Renner, Fischbeck und Morawe.<\/p>\n\n\n\n<p>Zur\u00fcck zur Premier League: Unter der Woche gibt es &#8211; leicht \u00fcberraschend &#8211; trotz Meisterschaftsduell kein &#8222;Match of the Week&#8220; mit Studio, Schmiso und Experte. Die weiteren Nachholspiele verschiedener Spieltag \u00fcbernehmen mit den Hebels, Hannes Herrmann und Markus Gaupp aber keine dem geneigten Premier League-Zuschauer unbekannten Kommentatoren. Einzig der bis dahin wohl aus Miami zur\u00fcckgekehrte Sascha Roos sticht etwas raus. Da am kommenden Wochenende keine Formel 1 und daf\u00fcr alle Spiele in 1. respektive 2. Bundesliga parallel stattfinden (und dazu noch Premier League), w\u00e4re es auch keine \u00dcberraschung, wenn dies nicht sein einziger Fu\u00dfball-Einsatz f\u00fcr diese Woche w\u00e4re..<\/p>\n\n\n\n<p>Gro\u00dfes Highlight in Italien: Das Pokalfinale steht an! Und das auch noch mit dem Derby d&#8217;Italia! F\u00fcr DAZN \u00fcbernehmen Fu\u00df und Bernhard. Zwei Pl\u00e4tze in der F\u00fcnfjahreswertung weiter, stehen auch noch zwei Partien an, die irgendwie mit Pokalfinale zu tun haben. Allerdings ist der Coupe de France schon (f\u00fcr den FC Nantes) entschieden. Jetzt am Mittwoch finden deshalb die Nachholspiele der beiden Finalisten statt. Bei einem davon ist DAZN mit Simon Sterzer dabei.<\/p>\n\n\n\n<p>Pokal auch in der T\u00fcrkei. Hier hat Sportdigital die Halbfinal-R\u00fcckspiele im Programm. Karsten Linke und Christian Blunck \u00fcbernehmen die Partien am Dienstag respektive Mittwoch. Achtung am Mittwoch: Das Match gibt&#8217;s live nur im Stream, weil parallel der Auftritt von Ajax in der Eredivisie (wieder mit Karsten Linke) \u00fcbertragen wird.<\/p>\n\n\n\n<p>Bei weiteren \u00dcbertragungen fehlt teilweise noch die Ansetzung, was im Falle der Copa de la Liga Profesional daran liegt, dass es aus Argentinien noch keine Infos zu den Ansto\u00dfzeiten gibt. Wir erg\u00e4nzen, sobald m\u00f6glich.<\/p>\n\n\n\n<p>Auch wenn das mit dem Kurz-Halten der Analyse nicht ganz geklappt hat: Habt eine gute Woche!<\/p>\n","protected":false},"excerpt":{"rendered":"<p>N&#8217;Abend allerseits, wir biegen beim Fu\u00dfball auf die Zielgeraden der Saison ein, in drei Wochen sind alle Entscheidungen gefallen. Die Problematik als Fan in dieser Phase ist dabei: Auf keinen Fall was verpassen! So geht&#8217;s mir zumindest. Den meisten von euch vermutlich auch(?). Deshalb als kleine Abhilfe die Zusammenfassung der Situation im Saison-Endspurt in Europas [&hellip;]<\/p>\n","protected":false},"author":12,"featured_media":0,"comment_status":"open","ping_status":"open","sticky":false,"template":"","format":"standard","meta":{"footnotes":""},"categories":[429],"tags":[377,166,131,164,57,13,104,726,48,347,58,59,43,121,101,202,361,241,696,22,434,134,152,105,149,107],"class_list":["post-12863","post","type-post","status-publish","format-standard","hentry","category-diverses","tag-andreas-renner","tag-benny-lauth","tag-carsten-fuss","tag-christian-bernhard","tag-christian-blunck","tag-dazn","tag-hannes-herrmann","tag-henrik-hinrichsen","tag-jan-platte","tag-joachim-hebel","tag-joerg-steiger","tag-karsten-linke","tag-marco-hagemann","tag-markus-gaupp","tag-matthias-opdenhoevel","tag-prosieben","tag-sascha-bigalke","tag-sascha-roos","tag-simon-sterzer","tag-sky","tag-sport1-2","tag-sportdigital-fussball","tag-tobi-fischbeck","tag-uli-hebel","tag-uwe-morawe","tag-wolff-fuss"],"_links":{"self":[{"href":"https:\/\/kommentatorenblog.de\/index.php?rest_route=\/wp\/v2\/posts\/12863","targetHints":{"allow":["GET"]}}],"collection":[{"href":"https:\/\/kommentatorenblog.de\/index.php?rest_route=\/wp\/v2\/posts"}],"about":[{"href":"https:\/\/kommentatorenblog.de\/index.php?rest_route=\/wp\/v2\/types\/post"}],"author":[{"embeddable":true,"href":"https:\/\/kommentatorenblog.de\/index.php?rest_route=\/wp\/v2\/users\/12"}],"replies":[{"embeddable":true,"href":"https:\/\/kommentatorenblog.de\/index.php?rest_route=%2Fwp%2Fv2%2Fcomments&post=12863"}],"version-history":[{"count":33,"href":"https:\/\/kommentatorenblog.de\/index.php?rest_route=\/wp\/v2\/posts\/12863\/revisions"}],"predecessor-version":[{"id":12927,"href":"https:\/\/kommentatorenblog.de\/index.php?rest_route=\/wp\/v2\/posts\/12863\/revisions\/12927"}],"wp:attachment":[{"href":"https:\/\/kommentatorenblog.de\/index.php?rest_route=%2Fwp%2Fv2%2Fmedia&parent=12863"}],"wp:term":[{"taxonomy":"category","embeddable":true,"href":"https:\/\/kommentatorenblog.de\/index.php?rest_route=%2Fwp%2Fv2%2Fcategories&post=12863"},{"taxonomy":"post_tag","embeddable":true,"href":"https:\/\/kommentatorenblog.de\/index.php?rest_route=%2Fwp%2Fv2%2Ftags&post=12863"}],"curies":[{"name":"wp","href":"https:\/\/api.w.org\/{rel}","templated":true}]}}