{"id":12949,"date":"2022-05-19T20:05:21","date_gmt":"2022-05-19T18:05:21","guid":{"rendered":"https:\/\/kommentatorenblog.de\/?p=12949"},"modified":"2022-07-18T22:01:59","modified_gmt":"2022-07-18T20:01:59","slug":"1258-finalzeit-ueberall","status":"publish","type":"post","link":"https:\/\/kommentatorenblog.de\/?p=12949","title":{"rendered":"1258 &#8211; Finalzeit. \u00dcberall."},"content":{"rendered":"\n<p>N&#8217;Abend allerseits,<\/p>\n\n\n\n<p>Eintracht! Frankfurt! Europa League-Sieger! Was f\u00fcr ein Wahnsinn! Dieses Spiel, diese Saison. Herzlichen Gl\u00fcckwunsch und auch vielen Dank f\u00fcr diese Reise durch Europa bis zum verdienten Titel an die SGEuropa! In 13 Spielen mit dem FC Barcelona, Betis Sevilla, West Ham oder Olympiakos gemessen &#8211; und dabei ungeschlagen geblieben.<\/p>\n\n\n\n<p>Aus Medien-Sicht m\u00f6chte ich aus diesem Erlebnis &#8222;Eintracht Europa League&#8220; ein Pl\u00e4doyer ableiten: Mehr Spiele im FreeTV! Dass seit dem Viertelfinale alle Spiele der SGE und davor auch schon immerhin drei Matches frei empfangbar f\u00fcr alle waren, trug bestimmt auch zur besonderen Euphorie quer durch Land und Fanlager bei. Wenn dann RTL auch noch die gesamte Crew nach Barcelona oder Sevilla schickt und Thomas Wagner mit Schlusspfiff den Platz st\u00fcrmt, macht es die Stimmung auch vor dem Bildschirm noch besser. <\/p>\n\n\n\n<p>Sicherlich gibt es an der Europa (Conference) League-\u00dcbertragung bei RTL+ (ehemals TV Now) Kritikpunkte. Die m\u00f6chte ich an dieser Stelle aber einfach mal ausklammern in der Freude \u00fcber diese EL-Saison und dar\u00fcber, dass es in diesem Wettbewerb durch FreeTV noch diese Lagerfeuer-Abende im deutschen Sportfernsehen gibt.<\/p>\n\n\n\n<p>Feuer ist auch im Mai! Sp\u00e4testens die Headlines der letzten Beitr\u00e4ge hatten den &#8222;Monat der Entscheidungen&#8220; eingel\u00e4utet, der aus deutscher Sicht mit dem Europa League-Titel der Frankfurter Eintracht schon seinen H\u00f6hepunkt gefunden hat.<br>Aber das soll l\u00e4ngst noch nicht alles sein, quasi \u00fcberall stehen noch Endspiele an.<\/p>\n\n\n\n<p><strong>Deutschland: Finaltag der Amateure<\/strong><\/p>\n\n\n\n<p>Neben den f\u00fcr vier absolute Traditionsvereine wegweisenden Entscheidungen in den Relegationsspielen (R\u00fcckspiele Montag und Dienstag), steht am Samstag der gro\u00dfe Finaltag in der Bundesrepublik an &#8211; sowohl der der Amateure als auch der der Profis. Zu letzterem verabreden sich der SC Freiburg und RB Leipzig am Abend zur gewohnten Ansto\u00dfzeit um 20 Uhr im Berliner Olympiastadion. Das ist gleichzeitig auch das letzte DFB-Pokal-Spiel in diesem Rechte-Zyklus, bevor bekannterma\u00dfen auch das ZDF einer der \u00fcbertragenden Sender wird. Zum Abschluss dieser Saison melden sich mit Sky und der ARD nochmal die Sender, die auch k\u00fcnftig weiter mit dabei sind. Den Ansetzungen vorweggenommen sei, dass Wolff Fuss dabei seinen 5-Spiele-in-5-Stadien-bei-2-Sendern-in-6-Tagen-Masterplan fortf\u00fchrt und Gerd Gottlob sich nach Tom Bartels&#8216; Nominierung f\u00fcrs WM-Finale um das Pokalfinale k\u00fcmmern darf.<\/p>\n\n\n\n<p>Am gesamten Nachmittag hat die ARD bereits den &#8222;Finaltag der Amateure&#8220; im Programm. Die siebenst\u00fcndige \u00dcbertragung zeigt ab 12.05 Uhr die Pokalendspiele aller 21 Landesverb\u00e4nde des DFB und wird lediglich zweimal kurz von der Tagesschau unterbrochen, um dann im Vorlauf des Pokalfinals zu enden. Insgesamt sind die Partien dabei auf vier Ansto\u00dfzeiten aufgeteilt (12.15 Uhr, 14.15 Uhr, 16.15 Uhr und 16.45 Uhr) und werden in gro\u00dfen Konferenzschalten \u00fcbertragen. Alle 21 Konferenz-Kommentatoren der ARD melden sich dabei direkt aus den Stadien! <br>Neben der langen Konferenz hat die Sportschau online auch fast alle Einzelspiele im Livestream im Angebot: 17 von 21 Partien werden auf sportschau.de gestreamt. Die Einzelspielkommentatoren \u00fcbernehmen ihre Spiele aus der Box der zust\u00e4ndigen Landesrundfunkanstalt (d.h. im Sender des MDR f\u00fcr das Sachsenpokalfinale oder des BR f\u00fcr das Bayerische Finale). Im Stadion fangen zu jeder Partie Field-Reporterinnen und -Reporter die Stimmen ein.<br>Sportlich wartet der Finaltag der Amateure neben klassischen Underdog-Geschichten auch mit in der Versenkung verschwundenen Traditionsclubs und Lokalderbys auf. Viel Spa\u00df beim Lesen der Ansetzungen!<\/p>\n\n\n\n<p><strong>England: Eine Meisterschaftskonferenz<\/strong><\/p>\n\n\n\n<p>Auf der Insel sind die Pokalwettbewerbe schon fix, daf\u00fcr bleibt die Liga bis zuletzt spannend. Den Titelkampf nimmt Sky mit einer eigenen Meisterschaftskonferenz ins Programm. Mehr dazu in der Analyse.<br>Im Liga-Finale ist au\u00dferdem noch der letzte Champions League-Platz an Tottenham oder Arsenal zu vergeben und ein dritter Absteiger neben Watford und Norwich zu ermitteln.<\/p>\n\n\n\n<p>Au\u00dferdem dringend zu kl\u00e4ren: Wer folgt den Cottagers und den Cherries in die Premier League? Das Endspiel um diesen Platz findet allerdings erst n\u00e4chste Woche statt. Kultverein Nottingham Forest hat die Chance, zum ersten Mal in diesem Jahrtausend im Oberhaus zu spielen.<\/p>\n\n\n\n<p>Ebenso elektrisierend das Aufstiegsfinale von der League One zur Championship (auch hier spielen die Pl\u00e4tze 3-6 den dritten Aufsteiger aus). Das mag an Tradition und einer Netflix-Serie liegen, denn der AFC Sunderland ist beteiligt. Deshalb wird dieses Match auch bei uns gleich von zwei Sendern (DAZN und Sportdigital) mit Kommentator \u00fcbertragen.<\/p>\n\n\n\n<p><strong>Spanien: Spannung auf Bundesliga-Niveau<\/strong><\/p>\n\n\n\n<p>Weit weniger aufregend ist das Saison-Finale in Spanien. Betis k\u00f6nnte dem sevillanischen Nachbarn noch den CL-Platz nehmen und C\u00e1diz, Mallorca sowie Granada spielen gegen den letzten Abstiegsplatz. Alles andere ist (l\u00e4ngst) entschieden. So in etwa kennen wir das aus der Bundesliga (auch wenn dieses Saisonfinale es ja trotzdem in sich hatte).<\/p>\n\n\n\n<p><strong>Italien: Noch eine Meisterschaftskonferenz<\/strong><\/p>\n\n\n\n<p>Verschiedene Ansto\u00dfzeiten erschweren die Spannung am letzten Spieltag etwas, aber immerhin das mail\u00e4ndische Meisterschafts-Fernduell findet parallel statt. So kann auch DAZN am fr\u00fchen Sonntagabend eine Meisterschaftskonferenz zeigen. Leider ein gro\u00dfes LEIDER: Die Spiele beginnen mit der zweiten Halbzeit der Premier League-Konferenz. Worauf werdet ihr da euren Fokus legen?<\/p>\n\n\n\n<p>Weitere Entscheidungen f\u00fcrs italienische Saisonfinale: die Roma, die Fiorentina und Atalanta spielen einen Europa League- und einen Europa Conference League-Platz unter sich aus. Von den Abstiegsr\u00e4ngen k\u00f6nnten sich sowohl Genau als auch Cagliari noch retten und dadurch Salernitana in die Serie B bringen.<\/p>\n\n\n\n<p><strong>Frankreich: Zeitgleich vieles m\u00f6glich<\/strong><\/p>\n\n\n\n<p>Hier hat der letzte Spieltag &#8211; wie es sich geh\u00f6rt &#8211; nur eine Ansto\u00dfzeit. Das erm\u00f6glicht dramatische Wendungen im Rennen um den zweiten direkten Champions League-Platz, dem Weg in die Quali und &#8222;nur&#8220; dem Europa League-Platz. Monaco, Marseille und Rennes liefern sich ein enges Fernduell, in dem sogar die Tordifferenz eine wichtige Rolle spielen wird. Strasbourg und Nizza machen noch Druck auf die EL-Position. Abgestiegen ist dagegen schon sicher Bordeaux. Mit dem franz\u00f6sischen Rekordmeister Saint-\u00c9tienne droht ein weiterer Traditionsverein zu folgen.<br>Leider macht DAZN &#8211; Stand jetzt &#8211; keine Konferenz. Nur 3 Einzelspiele mit deutschem Kommentar werden diesem Saisonfinale aus meiner Sicht nicht gerecht, zumal jeder Ausgang immer vom Geschehen auf anderen Pl\u00e4tzen abh\u00e4ngt.<\/p>\n\n\n\n<p><strong>Weitere Ligen: Finale in Argentinien<\/strong><\/p>\n\n\n\n<p>In Australien bitten die Melbourne-Clubs am Wochenende die Dritt- bzw. Viertplatzierten der regul\u00e4ren Saison zum Halbfinal-R\u00fcckspiel. Die beiden Sieger bestreiten dann n\u00e4chste Woche das Finale um die Meisterschaft.<\/p>\n\n\n\n<p>Ein Finale hat Argentinien schon dieses Wochenende zu bieten. Zur Europa-freundlichen Ansto\u00dfzeit um 21 Uhr treffen in C\u00f3rdoba die Boca Juniors und Tigre aufeinander. Auch hier berichtet Sportdigital.<\/p>\n\n\n\n<hr class=\"wp-block-separator\"\/>\n\n\n\n<p>Damit ihr an diesem vollen Fu\u00dfball-Wochenende &#8211; das ja u.a. auch noch von den NBA Conference-Finals, der Eishockey-WM, den French Open und der Formel 1 garniert wird &#8211; den \u00dcberblick behaltet, nachfolgend wie gewohnt alle Ansetzungen. Grafisch aufbereitet findet ihr sie nat\u00fcrlich auch t\u00e4glich bei Instagram.<\/p>\n\n\n\n<p>Heute leider der Fokus nur Fu\u00dfball-only, f\u00fcr andere Sportarten (oben kurz angeteasert) bleibt leider kein Platz.<\/p>\n\n\n\n<hr class=\"wp-block-separator\"\/>\n\n\n\n<p id=\"Ansetzungen\"><strong>Die Ansetzungen vom 19. Mai bis zum 23. Mai 2022<\/strong>:<\/p>\n\n\n\n<hr class=\"wp-block-separator\"\/>\n\n\n\n<p class=\"has-vivid-red-color has-text-color\"><strong>DFB-Pokal, Finale (ARD\/Sky)<\/strong><\/p>\n\n\n\n<p><span style=\"text-decoration: underline;\">Samstag, 21. Mai 2022, ab 19.00 Uhr<\/span><\/p>\n\n\n\n<p><strong style=\"font-style: italic;\">SC Freiburg <strong><em><span><b style=\"font-style: italic;\">\u2013<\/b><\/span><\/em><\/strong><\/strong> <em><strong>RB Leipzig (20.00 Uhr)<\/strong><\/em><\/p>\n\n\n\n<p><img loading=\"lazy\" decoding=\"async\" width=\"10\" height=\"21\" class=\"wp-image-3656\" style=\"width: 10px;\" src=\"http:\/\/kommentatorenblog.de\/wp-content\/uploads\/2020\/09\/shure-55sh-ii-e1601485394796.jpg\" alt=\"\" srcset=\"https:\/\/kommentatorenblog.de\/wp-content\/uploads\/2020\/09\/shure-55sh-ii-e1601485394796.jpg 415w, https:\/\/kommentatorenblog.de\/wp-content\/uploads\/2020\/09\/shure-55sh-ii-e1601485394796-142x300.jpg 142w\" sizes=\"auto, (max-width: 10px) 100vw, 10px\" \/> ARD: Gerd Gottlob<br>Field-Reporter:in (ARD): Lennert Brinkhoff, Stephanie M\u00fcller-Spirra<br>Moderation (ARD): Jessy Wellmer, Experte: Bastian Schweinsteiger<\/p>\n\n\n\n<p><img loading=\"lazy\" decoding=\"async\" width=\"10\" height=\"21\" class=\"wp-image-3656\" style=\"width: 10px;\" src=\"http:\/\/kommentatorenblog.de\/wp-content\/uploads\/2020\/09\/shure-55sh-ii-e1601485394796.jpg\" alt=\"\" srcset=\"https:\/\/kommentatorenblog.de\/wp-content\/uploads\/2020\/09\/shure-55sh-ii-e1601485394796.jpg 415w, https:\/\/kommentatorenblog.de\/wp-content\/uploads\/2020\/09\/shure-55sh-ii-e1601485394796-142x300.jpg 142w\" sizes=\"auto, (max-width: 10px) 100vw, 10px\" \/> Sky: Wolff Fuss<br>Field-Reporter:in (Sky): Martin Gro\u00df, Britta Hofmann<br>Moderation (Sky): Michael Leopold, Experte: Lothar Matth\u00e4us, Schiedsrichter-Experte: Alex Feuerherdt<\/p>\n\n\n\n<hr class=\"wp-block-separator\"\/>\n\n\n\n<p class=\"has-vivid-red-color has-text-color\"><strong>Relegation zur Bundesliga \/ 2. Bundesliga (Sat.1\/Sky)<\/strong><\/p>\n\n\n\n<p><span style=\"text-decoration: underline;\">Freitag, 20. Mai 2022, ab 19.30 Uhr (Sat.1) bzw. ab 20.00 Uhr (Sky)<\/span><\/p>\n\n\n\n<p><em>Hinspiel: <\/em><strong style=\"font-style: italic;\">1. FC Kaiserslautern<strong style=\"font-style: italic;\"> <strong><em><span><b style=\"font-style: italic;\">\u2013<\/b><\/span><\/em><\/strong><\/strong> SG Dynamo Dresden<strong><em><span><b style=\"font-style: italic;\"> <\/b><\/span><\/em><\/strong><\/strong><em><strong>(20.30 Uhr)<\/strong><\/em><\/p>\n\n\n\n<p><img loading=\"lazy\" decoding=\"async\" width=\"10\" height=\"21\" class=\"wp-image-3656\" style=\"width: 10px;\" src=\"http:\/\/kommentatorenblog.de\/wp-content\/uploads\/2020\/09\/shure-55sh-ii-e1601485394796.jpg\" alt=\"\" srcset=\"https:\/\/kommentatorenblog.de\/wp-content\/uploads\/2020\/09\/shure-55sh-ii-e1601485394796.jpg 415w, https:\/\/kommentatorenblog.de\/wp-content\/uploads\/2020\/09\/shure-55sh-ii-e1601485394796-142x300.jpg 142w\" sizes=\"auto, (max-width: 10px) 100vw, 10px\" \/> Sat.1: Wolff Fuss<br>Field-Reporter (Sat.1): Matthias Killing<br>Moderation (Sat.1): Matthias Opdenh\u00f6vel, Experte: Stefan Kuntz<\/p>\n\n\n\n<p><img loading=\"lazy\" decoding=\"async\" width=\"10\" height=\"21\" class=\"wp-image-3656\" style=\"width: 10px;\" src=\"http:\/\/kommentatorenblog.de\/wp-content\/uploads\/2020\/09\/shure-55sh-ii-e1601485394796.jpg\" alt=\"\" srcset=\"https:\/\/kommentatorenblog.de\/wp-content\/uploads\/2020\/09\/shure-55sh-ii-e1601485394796.jpg 415w, https:\/\/kommentatorenblog.de\/wp-content\/uploads\/2020\/09\/shure-55sh-ii-e1601485394796-142x300.jpg 142w\" sizes=\"auto, (max-width: 10px) 100vw, 10px\" \/> Sky: Stefan Hempel, Experte: Torsten Mattuschka<br>Field-Reporter (Sky): Alexander Bonengel<\/p>\n\n\n\n<p><span style=\"text-decoration: underline;\">Montag, 23. Mai 2022, ab 19.30 Uhr (Sat.1) bzw. ab 20.00 Uhr (Sky)<\/span><\/p>\n\n\n\n<p><em>R\u00fcckspiel: <\/em><strong style=\"font-style: italic;\">Hamburger SV<\/strong><strong style=\"font-style: italic;\"> <strong><em><span><b style=\"font-style: italic;\">\u2013<\/b><\/span><\/em><\/strong><\/strong> <em><strong>Hertha BSC (20.30 Uhr)<\/strong><\/em><\/p>\n\n\n\n<p><img loading=\"lazy\" decoding=\"async\" width=\"10\" height=\"21\" class=\"wp-image-3656\" style=\"width: 10px;\" src=\"http:\/\/kommentatorenblog.de\/wp-content\/uploads\/2020\/09\/shure-55sh-ii-e1601485394796.jpg\" alt=\"\" srcset=\"https:\/\/kommentatorenblog.de\/wp-content\/uploads\/2020\/09\/shure-55sh-ii-e1601485394796.jpg 415w, https:\/\/kommentatorenblog.de\/wp-content\/uploads\/2020\/09\/shure-55sh-ii-e1601485394796-142x300.jpg 142w\" sizes=\"auto, (max-width: 10px) 100vw, 10px\" \/> Sat.1: Wolff Fuss<br>Field-Reporter (Sat.1): Andrea Kaiser, Matthias Killing<br>Moderation (Sat.1): Matthias Opdenh\u00f6vel, Experte: Stefan Kuntz<\/p>\n\n\n\n<p><img loading=\"lazy\" decoding=\"async\" width=\"10\" height=\"21\" class=\"wp-image-3656\" style=\"width: 10px;\" src=\"http:\/\/kommentatorenblog.de\/wp-content\/uploads\/2020\/09\/shure-55sh-ii-e1601485394796.jpg\" alt=\"\" srcset=\"https:\/\/kommentatorenblog.de\/wp-content\/uploads\/2020\/09\/shure-55sh-ii-e1601485394796.jpg 415w, https:\/\/kommentatorenblog.de\/wp-content\/uploads\/2020\/09\/shure-55sh-ii-e1601485394796-142x300.jpg 142w\" sizes=\"auto, (max-width: 10px) 100vw, 10px\" \/> Sky: Oliver Seidler<br>Field-Reporter (Sky): Stefan Hempel<br>Moderation (Sky): Yannick Erkenbrecher, Experte: Norbert Grudzinski<\/p>\n\n\n\n<hr class=\"wp-block-separator\"\/>\n\n\n\n<p class=\"has-vivid-red-color has-text-color\"><strong>Finaltag der Amateure (ARD)<\/strong><\/p>\n\n\n\n<p><span style=\"text-decoration: underline;\">Samstag, 21. Mai 2022, ab 12.05 Uhr<\/span><\/p>\n\n\n\n<p>Moderation: Julia Scharf, Experte: Thomas Broich<\/p>\n\n\n\n<p><span style=\"text-decoration: underline;\">Ansto\u00df um 12.15 Uhr<\/span><\/p>\n\n\n\n<p><em>Sachsen-Anhalt-Pokal: <\/em><strong style=\"font-style: italic;\">FC Einheit Wernigerode <strong><em><span><b style=\"font-style: italic;\">\u2013<\/b><\/span><\/em><\/strong><\/strong> <em><strong><strong style=\"font-style: italic;\">1. FC Magdeburg<\/strong><\/strong><\/em><br><img loading=\"lazy\" decoding=\"async\" width=\"10\" height=\"21\" class=\"wp-image-3656\" style=\"width: 10px;\" src=\"http:\/\/kommentatorenblog.de\/wp-content\/uploads\/2020\/09\/shure-55sh-ii-e1601485394796.jpg\" alt=\"\" srcset=\"https:\/\/kommentatorenblog.de\/wp-content\/uploads\/2020\/09\/shure-55sh-ii-e1601485394796.jpg 415w, https:\/\/kommentatorenblog.de\/wp-content\/uploads\/2020\/09\/shure-55sh-ii-e1601485394796-142x300.jpg 142w\" sizes=\"auto, (max-width: 10px) 100vw, 10px\" \/> Jeremias Diel (Einzelspiel\/Stream), Stephan Weidling (ARD-Konferenz)<br>Field-Reporterin: Sabrina Bramowski<\/p>\n\n\n\n<p><em>Hamburger Pokal: <\/em><strong style=\"font-style: italic;\">Altona 93 <strong><em><span><b style=\"font-style: italic;\">\u2013<\/b><\/span><\/em><\/strong><\/strong> <em><strong><strong style=\"font-style: italic;\">FC Teutonia 05<\/strong><\/strong><\/em><br><img loading=\"lazy\" decoding=\"async\" width=\"10\" height=\"21\" class=\"wp-image-3656\" style=\"width: 10px;\" src=\"http:\/\/kommentatorenblog.de\/wp-content\/uploads\/2020\/09\/shure-55sh-ii-e1601485394796.jpg\" alt=\"\" srcset=\"https:\/\/kommentatorenblog.de\/wp-content\/uploads\/2020\/09\/shure-55sh-ii-e1601485394796.jpg 415w, https:\/\/kommentatorenblog.de\/wp-content\/uploads\/2020\/09\/shure-55sh-ii-e1601485394796-142x300.jpg 142w\" sizes=\"auto, (max-width: 10px) 100vw, 10px\" \/> Alexander Kobs (Einzelspiel\/Stream), Wilfried Hark (ARD-Konferenz)<br>Field-Reporter: Ben Wozny<\/p>\n\n\n\n<p><em>Hessenpokal: <\/em><strong style=\"font-style: italic;\">TSV Steinbach Haiger <strong><em><span><b style=\"font-style: italic;\">\u2013<\/b><\/span><\/em><\/strong><\/strong> <em><strong><strong style=\"font-style: italic;\">Kickers Offenbach<\/strong><\/strong><\/em><br><img loading=\"lazy\" decoding=\"async\" width=\"10\" height=\"21\" class=\"wp-image-3656\" style=\"width: 10px;\" src=\"http:\/\/kommentatorenblog.de\/wp-content\/uploads\/2020\/09\/shure-55sh-ii-e1601485394796.jpg\" alt=\"\" srcset=\"https:\/\/kommentatorenblog.de\/wp-content\/uploads\/2020\/09\/shure-55sh-ii-e1601485394796.jpg 415w, https:\/\/kommentatorenblog.de\/wp-content\/uploads\/2020\/09\/shure-55sh-ii-e1601485394796-142x300.jpg 142w\" sizes=\"auto, (max-width: 10px) 100vw, 10px\" \/> Ann-Kathrin Rose (Einzelspiel\/Stream), Florian Na\u00df (ARD-Konferenz)<br>Field-Reporterin: Janine Hilpmann<\/p>\n\n\n\n<p><em>Rheinlandpokal: <\/em><strong style=\"font-style: italic;\">FV Engers 07 <strong><em><span><b style=\"font-style: italic;\">\u2013<\/b><\/span><\/em><\/strong><\/strong> <em><strong><strong style=\"font-style: italic;\">FC Blau-Wei\u00df Karbach<\/strong><\/strong><\/em><br><img loading=\"lazy\" decoding=\"async\" width=\"10\" height=\"21\" class=\"wp-image-3656\" style=\"width: 10px;\" src=\"http:\/\/kommentatorenblog.de\/wp-content\/uploads\/2020\/09\/shure-55sh-ii-e1601485394796.jpg\" alt=\"\" srcset=\"https:\/\/kommentatorenblog.de\/wp-content\/uploads\/2020\/09\/shure-55sh-ii-e1601485394796.jpg 415w, https:\/\/kommentatorenblog.de\/wp-content\/uploads\/2020\/09\/shure-55sh-ii-e1601485394796-142x300.jpg 142w\" sizes=\"auto, (max-width: 10px) 100vw, 10px\" \/> Florian Winkler (ARD-Konferenz)<br>Field-Reporter: Jan Ebling<\/p>\n\n\n\n<p><em>Berliner Pokal: <\/em><strong style=\"font-style: italic;\">VSG Altglienicke <strong><em><span><b style=\"font-style: italic;\">\u2013<\/b><\/span><\/em><\/strong><\/strong> <em><strong><strong style=\"font-style: italic;\">FC Viktoria 1889 Berlin<\/strong><\/strong><\/em><br><img loading=\"lazy\" decoding=\"async\" width=\"10\" height=\"21\" class=\"wp-image-3656\" style=\"width: 10px;\" src=\"http:\/\/kommentatorenblog.de\/wp-content\/uploads\/2020\/09\/shure-55sh-ii-e1601485394796.jpg\" alt=\"\" srcset=\"https:\/\/kommentatorenblog.de\/wp-content\/uploads\/2020\/09\/shure-55sh-ii-e1601485394796.jpg 415w, https:\/\/kommentatorenblog.de\/wp-content\/uploads\/2020\/09\/shure-55sh-ii-e1601485394796-142x300.jpg 142w\" sizes=\"auto, (max-width: 10px) 100vw, 10px\" \/> Lars Becker (Einzelspiel\/Stream), Stephanie Baczyk (ARD-Konferenz)<br>Field-Reporter: Uri Zahavi<\/p>\n\n\n\n<p><em>S\u00fcdbadischer Pokal: <\/em><strong style=\"font-style: italic;\">DJK Donaueschingen <strong><em><span><b style=\"font-style: italic;\">\u2013<\/b><\/span><\/em><\/strong><\/strong> <em><strong><strong style=\"font-style: italic;\">SV Oberachern<\/strong><\/strong><\/em><br><img loading=\"lazy\" decoding=\"async\" width=\"10\" height=\"21\" class=\"wp-image-3656\" style=\"width: 10px;\" src=\"http:\/\/kommentatorenblog.de\/wp-content\/uploads\/2020\/09\/shure-55sh-ii-e1601485394796.jpg\" alt=\"\" srcset=\"https:\/\/kommentatorenblog.de\/wp-content\/uploads\/2020\/09\/shure-55sh-ii-e1601485394796.jpg 415w, https:\/\/kommentatorenblog.de\/wp-content\/uploads\/2020\/09\/shure-55sh-ii-e1601485394796-142x300.jpg 142w\" sizes=\"auto, (max-width: 10px) 100vw, 10px\" \/> Michael Bollenbacher (ARD-Konferenz)<br>Field-Reporter: Jens Ottmann<\/p>\n\n\n\n<p><span style=\"text-decoration: underline;\">Ansto\u00df um 14.15 Uhr<\/span><\/p>\n\n\n\n<p><em>Landespokal Schleswig-Holstein: <\/em><strong style=\"font-style: italic;\">TSB Flensburg <strong><em><span><b style=\"font-style: italic;\">\u2013<\/b><\/span><\/em><\/strong><\/strong> <em><strong><strong style=\"font-style: italic;\">VfB L\u00fcbeck<\/strong><\/strong><\/em><br><img loading=\"lazy\" decoding=\"async\" width=\"10\" height=\"21\" class=\"wp-image-3656\" style=\"width: 10px;\" src=\"http:\/\/kommentatorenblog.de\/wp-content\/uploads\/2020\/09\/shure-55sh-ii-e1601485394796.jpg\" alt=\"\" srcset=\"https:\/\/kommentatorenblog.de\/wp-content\/uploads\/2020\/09\/shure-55sh-ii-e1601485394796.jpg 415w, https:\/\/kommentatorenblog.de\/wp-content\/uploads\/2020\/09\/shure-55sh-ii-e1601485394796-142x300.jpg 142w\" sizes=\"auto, (max-width: 10px) 100vw, 10px\" \/> Matz Nickelsen (Einzelspiel\/Stream), Hendrik Deichmann (ARD-Konferenz)<br>Field-Reporterin: Sabrina Braun<\/p>\n\n\n\n<p><em>Brandenburgischer Landespokal: <\/em><strong style=\"font-style: italic;\">VfB 1921 Krieschow <strong><em><span><b style=\"font-style: italic;\">\u2013<\/b><\/span><\/em><\/strong><\/strong> <em><strong>FC <strong style=\"font-style: italic;\">Energie Cottbus<\/strong><\/strong><\/em><br><img loading=\"lazy\" decoding=\"async\" width=\"10\" height=\"21\" class=\"wp-image-3656\" style=\"width: 10px;\" src=\"http:\/\/kommentatorenblog.de\/wp-content\/uploads\/2020\/09\/shure-55sh-ii-e1601485394796.jpg\" alt=\"\" srcset=\"https:\/\/kommentatorenblog.de\/wp-content\/uploads\/2020\/09\/shure-55sh-ii-e1601485394796.jpg 415w, https:\/\/kommentatorenblog.de\/wp-content\/uploads\/2020\/09\/shure-55sh-ii-e1601485394796-142x300.jpg 142w\" sizes=\"auto, (max-width: 10px) 100vw, 10px\" \/> Jakob R\u00fcger (Einzelspiel\/Stream), Max Zobel (ARD-Konferenz)<br>Field-Reporter: Dietmar Teige<\/p>\n\n\n\n<p><em>S\u00fcdwestpokal: <\/em><strong style=\"font-style: italic;\">TSV Schott Mainz <strong><em><span><b style=\"font-style: italic;\">\u2013<\/b><\/span><\/em><\/strong><\/strong> <em><strong><strong style=\"font-style: italic;\">FK 03 Pirmasens<\/strong><\/strong><\/em><br><img loading=\"lazy\" decoding=\"async\" width=\"10\" height=\"21\" class=\"wp-image-3656\" style=\"width: 10px;\" src=\"http:\/\/kommentatorenblog.de\/wp-content\/uploads\/2020\/09\/shure-55sh-ii-e1601485394796.jpg\" alt=\"\" srcset=\"https:\/\/kommentatorenblog.de\/wp-content\/uploads\/2020\/09\/shure-55sh-ii-e1601485394796.jpg 415w, https:\/\/kommentatorenblog.de\/wp-content\/uploads\/2020\/09\/shure-55sh-ii-e1601485394796-142x300.jpg 142w\" sizes=\"auto, (max-width: 10px) 100vw, 10px\" \/> Tom Bartels (ARD-Konferenz)<br>Field-Reporterin: Alex Waidner<\/p>\n\n\n\n<p><em>Th\u00fcringer Landespokal: <\/em><strong style=\"font-style: italic;\">FC Carl Zeiss Jena <strong><em><span><b style=\"font-style: italic;\">\u2013<\/b><\/span><\/em><\/strong><\/strong> <em><strong>Z<strong style=\"font-style: italic;\">FC Meuselwitz<\/strong><\/strong><\/em><br><img loading=\"lazy\" decoding=\"async\" width=\"10\" height=\"21\" class=\"wp-image-3656\" style=\"width: 10px;\" src=\"http:\/\/kommentatorenblog.de\/wp-content\/uploads\/2020\/09\/shure-55sh-ii-e1601485394796.jpg\" alt=\"\" srcset=\"https:\/\/kommentatorenblog.de\/wp-content\/uploads\/2020\/09\/shure-55sh-ii-e1601485394796.jpg 415w, https:\/\/kommentatorenblog.de\/wp-content\/uploads\/2020\/09\/shure-55sh-ii-e1601485394796-142x300.jpg 142w\" sizes=\"auto, (max-width: 10px) 100vw, 10px\" \/> Bodo Boeck (Einzelspiel\/Stream), Alex K\u00fcpper (ARD-Konferenz)<br>Field-Reporter: Christian M\u00fcller<\/p>\n\n\n\n<p><em>Mecklenburg-Vorpommern-Pokal: <\/em><strong style=\"font-style: italic;\">TSG Neustrelitz <strong><em><span><b style=\"font-style: italic;\">\u2013<\/b><\/span><\/em><\/strong><\/strong> <em><strong><strong style=\"font-style: italic;\">Greifswalder FC<\/strong><\/strong><\/em><br><img loading=\"lazy\" decoding=\"async\" width=\"10\" height=\"21\" class=\"wp-image-3656\" style=\"width: 10px;\" src=\"http:\/\/kommentatorenblog.de\/wp-content\/uploads\/2020\/09\/shure-55sh-ii-e1601485394796.jpg\" alt=\"\" srcset=\"https:\/\/kommentatorenblog.de\/wp-content\/uploads\/2020\/09\/shure-55sh-ii-e1601485394796.jpg 415w, https:\/\/kommentatorenblog.de\/wp-content\/uploads\/2020\/09\/shure-55sh-ii-e1601485394796-142x300.jpg 142w\" sizes=\"auto, (max-width: 10px) 100vw, 10px\" \/> Matthias Dr\u00f6ge (Einzelspiel\/Stream), Jan Neumann (ARD-Konferenz)<br>Field-Reporter: Jonas Freudenhammer<\/p>\n\n\n\n<p><em>Saarlandpokal: <\/em><strong style=\"font-style: italic;\">FC 08 Homburg <strong><em><span><b style=\"font-style: italic;\">\u2013<\/b><\/span><\/em><\/strong><\/strong> <em><strong><strong style=\"font-style: italic;\">SV Elversberg<\/strong><\/strong><\/em><br><img loading=\"lazy\" decoding=\"async\" width=\"10\" height=\"21\" class=\"wp-image-3656\" style=\"width: 10px;\" src=\"http:\/\/kommentatorenblog.de\/wp-content\/uploads\/2020\/09\/shure-55sh-ii-e1601485394796.jpg\" alt=\"\" srcset=\"https:\/\/kommentatorenblog.de\/wp-content\/uploads\/2020\/09\/shure-55sh-ii-e1601485394796.jpg 415w, https:\/\/kommentatorenblog.de\/wp-content\/uploads\/2020\/09\/shure-55sh-ii-e1601485394796-142x300.jpg 142w\" sizes=\"auto, (max-width: 10px) 100vw, 10px\" \/> Sven Roland (Einzelspiel\/Stream), Frank Grundhever (ARD-Konferenz)<br>Field-Reporter: Matthew Genest-Sch\u00f6n<\/p>\n\n\n\n<p><em>Badischer Pokal: <\/em><strong style=\"font-style: italic;\">SV Waldhof Mannheim <strong><em><span><b style=\"font-style: italic;\">\u2013<\/b><\/span><\/em><\/strong><\/strong> <em><strong>FC <strong style=\"font-style: italic;\">T\u00fcrkspor Mannheim<\/strong><\/strong><\/em><br><img loading=\"lazy\" decoding=\"async\" width=\"10\" height=\"21\" class=\"wp-image-3656\" style=\"width: 10px;\" src=\"http:\/\/kommentatorenblog.de\/wp-content\/uploads\/2020\/09\/shure-55sh-ii-e1601485394796.jpg\" alt=\"\" srcset=\"https:\/\/kommentatorenblog.de\/wp-content\/uploads\/2020\/09\/shure-55sh-ii-e1601485394796.jpg 415w, https:\/\/kommentatorenblog.de\/wp-content\/uploads\/2020\/09\/shure-55sh-ii-e1601485394796-142x300.jpg 142w\" sizes=\"auto, (max-width: 10px) 100vw, 10px\" \/> Martin Maib\u00fccher (ARD-Konferenz)<br>Field-Reporter: Kersten Eichhorn<\/p>\n\n\n\n<p><span style=\"text-decoration: underline;\">Ansto\u00df um 16.15 Uhr<\/span><\/p>\n\n\n\n<p><em>Landespokal W\u00fcrttemberg: <\/em><strong style=\"font-style: italic;\">SV Stuttgarter Kickers <strong><em><span><b style=\"font-style: italic;\">\u2013<\/b><\/span><\/em><\/strong><\/strong> <em><strong>SSV Ulm 1846<\/strong><\/em><br><img loading=\"lazy\" decoding=\"async\" width=\"10\" height=\"21\" class=\"wp-image-3656\" style=\"width: 10px;\" src=\"http:\/\/kommentatorenblog.de\/wp-content\/uploads\/2020\/09\/shure-55sh-ii-e1601485394796.jpg\" alt=\"\" srcset=\"https:\/\/kommentatorenblog.de\/wp-content\/uploads\/2020\/09\/shure-55sh-ii-e1601485394796.jpg 415w, https:\/\/kommentatorenblog.de\/wp-content\/uploads\/2020\/09\/shure-55sh-ii-e1601485394796-142x300.jpg 142w\" sizes=\"auto, (max-width: 10px) 100vw, 10px\" \/> Daniel G\u00fcnther (Einzelspiel\/Stream), Philipp Sohmer (ARD-Konferenz)<br>Field-Reporter: Andreas K\u00f6stler<\/p>\n\n\n\n<p><em>Mittelrheinpokal: <\/em><strong style=\"font-style: italic;\">SC Fortuna K\u00f6ln <strong><em><span><b style=\"font-style: italic;\">\u2013<\/b><\/span><\/em><\/strong><\/strong> <em><strong><strong style=\"font-style: italic;\">Viktoria K\u00f6ln<\/strong><\/strong><\/em><br><img loading=\"lazy\" decoding=\"async\" width=\"10\" height=\"21\" class=\"wp-image-3656\" style=\"width: 10px;\" src=\"http:\/\/kommentatorenblog.de\/wp-content\/uploads\/2020\/09\/shure-55sh-ii-e1601485394796.jpg\" alt=\"\" srcset=\"https:\/\/kommentatorenblog.de\/wp-content\/uploads\/2020\/09\/shure-55sh-ii-e1601485394796.jpg 415w, https:\/\/kommentatorenblog.de\/wp-content\/uploads\/2020\/09\/shure-55sh-ii-e1601485394796-142x300.jpg 142w\" sizes=\"auto, (max-width: 10px) 100vw, 10px\" \/> Torsten Winkler (Einzelspiel\/Stream), J\u00fcrgen Bergener (ARD-Konferenz)<br>Field-Reporterin: Nesrin Elnabolsy <\/p>\n\n\n\n<p><em>Sachsenpokal: <\/em><strong style=\"font-style: italic;\">Chemnitzer FC <strong><em><span><b style=\"font-style: italic;\">\u2013<\/b><\/span><\/em><\/strong><\/strong> <em><strong>BSG <strong style=\"font-style: italic;\">Chemie Leipzig<\/strong><\/strong><\/em><br><img loading=\"lazy\" decoding=\"async\" width=\"10\" height=\"21\" class=\"wp-image-3656\" style=\"width: 10px;\" src=\"http:\/\/kommentatorenblog.de\/wp-content\/uploads\/2020\/09\/shure-55sh-ii-e1601485394796.jpg\" alt=\"\" srcset=\"https:\/\/kommentatorenblog.de\/wp-content\/uploads\/2020\/09\/shure-55sh-ii-e1601485394796.jpg 415w, https:\/\/kommentatorenblog.de\/wp-content\/uploads\/2020\/09\/shure-55sh-ii-e1601485394796-142x300.jpg 142w\" sizes=\"auto, (max-width: 10px) 100vw, 10px\" \/> Florian Weichert (Einzelspiel\/Stream), Torsten P\u00fcschel (ARD-Konferenz)<br>Field-Reporterin: Felicitas H\u00f6lscher<\/p>\n\n\n\n<p><em>Niederrheinpokal: <\/em><strong style=\"font-style: italic;\">SV Straelen <strong><em><span><b style=\"font-style: italic;\">\u2013<\/b><\/span><\/em><\/strong><\/strong> <em><strong>Wuppertaler SV<\/strong><\/em><br><img loading=\"lazy\" decoding=\"async\" width=\"10\" height=\"21\" class=\"wp-image-3656\" style=\"width: 10px;\" src=\"http:\/\/kommentatorenblog.de\/wp-content\/uploads\/2020\/09\/shure-55sh-ii-e1601485394796.jpg\" alt=\"\" srcset=\"https:\/\/kommentatorenblog.de\/wp-content\/uploads\/2020\/09\/shure-55sh-ii-e1601485394796.jpg 415w, https:\/\/kommentatorenblog.de\/wp-content\/uploads\/2020\/09\/shure-55sh-ii-e1601485394796-142x300.jpg 142w\" sizes=\"auto, (max-width: 10px) 100vw, 10px\" \/> Jan Wochner (Einzelspiel\/Stream), Claus Lufen (ARD-Konferenz)<br>Field-Reporter: Andreas Kramer<\/p>\n\n\n\n<p><span style=\"text-decoration: underline;\">Ansto\u00df um 16.45 Uhr<\/span><\/p>\n\n\n\n<p><em>Bremer Pokal: <\/em><strong style=\"font-style: italic;\">Bremer SV <strong><em><span><b style=\"font-style: italic;\">\u2013<\/b><\/span><\/em><\/strong><\/strong> <em><strong>Leher TS<\/strong><\/em><br><img loading=\"lazy\" decoding=\"async\" width=\"10\" height=\"21\" class=\"wp-image-3656\" style=\"width: 10px;\" src=\"http:\/\/kommentatorenblog.de\/wp-content\/uploads\/2020\/09\/shure-55sh-ii-e1601485394796.jpg\" alt=\"\" srcset=\"https:\/\/kommentatorenblog.de\/wp-content\/uploads\/2020\/09\/shure-55sh-ii-e1601485394796.jpg 415w, https:\/\/kommentatorenblog.de\/wp-content\/uploads\/2020\/09\/shure-55sh-ii-e1601485394796-142x300.jpg 142w\" sizes=\"auto, (max-width: 10px) 100vw, 10px\" \/> Dino Bernabeo (Einzelspiel\/Stream), Stephan Schiffner (ARD-Konferenz)<br>Field-Reporterin: Janna Betten<\/p>\n\n\n\n<p><em>Niedersachsenpokal (Amateure): <\/em><strong style=\"font-style: italic;\">Heeslinger SC <strong><em><span><b style=\"font-style: italic;\">\u2013<\/b><\/span><\/em><\/strong><\/strong> <em><strong>TuS <strong style=\"font-style: italic;\">Blau-Wei\u00df Lohne<\/strong><\/strong><\/em><br><img loading=\"lazy\" decoding=\"async\" width=\"10\" height=\"21\" class=\"wp-image-3656\" style=\"width: 10px;\" src=\"http:\/\/kommentatorenblog.de\/wp-content\/uploads\/2020\/09\/shure-55sh-ii-e1601485394796.jpg\" alt=\"\" srcset=\"https:\/\/kommentatorenblog.de\/wp-content\/uploads\/2020\/09\/shure-55sh-ii-e1601485394796.jpg 415w, https:\/\/kommentatorenblog.de\/wp-content\/uploads\/2020\/09\/shure-55sh-ii-e1601485394796-142x300.jpg 142w\" sizes=\"auto, (max-width: 10px) 100vw, 10px\" \/> Michael Maske (Einzelspiel\/Stream), Patrick Halatsch (ARD-Konferenz)<br>Field-Reporterin: Elli Hyra<\/p>\n\n\n\n<p><em>Westfalenpokal: <\/em><strong style=\"font-style: italic;\">SC Preu\u00dfen M\u00fcnster <strong><em><span><b style=\"font-style: italic;\">\u2013<\/b><\/span><\/em><\/strong><\/strong> <em><strong>SV R\u00f6dinghausen<\/strong><\/em><br><img loading=\"lazy\" decoding=\"async\" width=\"10\" height=\"21\" class=\"wp-image-3656\" style=\"width: 10px;\" src=\"http:\/\/kommentatorenblog.de\/wp-content\/uploads\/2020\/09\/shure-55sh-ii-e1601485394796.jpg\" alt=\"\" srcset=\"https:\/\/kommentatorenblog.de\/wp-content\/uploads\/2020\/09\/shure-55sh-ii-e1601485394796.jpg 415w, https:\/\/kommentatorenblog.de\/wp-content\/uploads\/2020\/09\/shure-55sh-ii-e1601485394796-142x300.jpg 142w\" sizes=\"auto, (max-width: 10px) 100vw, 10px\" \/> Stefan H\u00e4nsel (Einzelspiel\/Stream), Benedikt Brinsa (ARD-Konferenz)<br>Field-Reporter: Tobi Sch\u00e4fer<\/p>\n\n\n\n<p><em>Bayerischer Pokal: <\/em><strong style=\"font-style: italic;\">FV Illertissen <strong><em><span><b style=\"font-style: italic;\">\u2013<\/b><\/span><\/em><\/strong><\/strong> <em><strong>TSV Aubstadt<\/strong><\/em><br><img loading=\"lazy\" decoding=\"async\" width=\"10\" height=\"21\" class=\"wp-image-3656\" style=\"width: 10px;\" src=\"http:\/\/kommentatorenblog.de\/wp-content\/uploads\/2020\/09\/shure-55sh-ii-e1601485394796.jpg\" alt=\"\" srcset=\"https:\/\/kommentatorenblog.de\/wp-content\/uploads\/2020\/09\/shure-55sh-ii-e1601485394796.jpg 415w, https:\/\/kommentatorenblog.de\/wp-content\/uploads\/2020\/09\/shure-55sh-ii-e1601485394796-142x300.jpg 142w\" sizes=\"auto, (max-width: 10px) 100vw, 10px\" \/> Lukas Sch\u00f6nm\u00fcller (Einzelspiel\/Stream), Bernd Schmelzer (ARD-Konferenz)<br>Field-Reporter: Dominik Vischer<\/p>\n\n\n\n<hr class=\"wp-block-separator\"\/>\n\n\n\n<p class=\"has-vivid-red-color has-text-color\"><strong>Women&#8217;s Champions League, Finale (DAZN)<\/strong><\/p>\n\n\n\n<p><span style=\"text-decoration: underline;\">Samstag, 21. Mai 2022<\/span><\/p>\n\n\n\n<p><strong style=\"font-style: italic;\">FC Barcelona <strong><em><span><b style=\"font-style: italic;\">\u2013<\/b><\/span><\/em><\/strong><\/strong> <em><strong><strong style=\"font-style: italic;\">Olympique Lyon<\/strong> (19.00 Uhr)<\/strong><\/em><br><img loading=\"lazy\" decoding=\"async\" width=\"10\" height=\"21\" class=\"wp-image-3656\" style=\"width: 10px;\" src=\"http:\/\/kommentatorenblog.de\/wp-content\/uploads\/2020\/09\/shure-55sh-ii-e1601485394796.jpg\" alt=\"\" srcset=\"https:\/\/kommentatorenblog.de\/wp-content\/uploads\/2020\/09\/shure-55sh-ii-e1601485394796.jpg 415w, https:\/\/kommentatorenblog.de\/wp-content\/uploads\/2020\/09\/shure-55sh-ii-e1601485394796-142x300.jpg 142w\" sizes=\"auto, (max-width: 10px) 100vw, 10px\" \/> Jan Platte, Expertin: Julia Simic<\/p>\n\n\n\n<hr class=\"wp-block-separator\"\/>\n\n\n\n<p class=\"has-vivid-red-color has-text-color\"><strong>Premier League (ENG), 38. Spieltag (Sky)<\/strong><\/p>\n\n\n\n<p><span style=\"text-decoration: underline;\">Sonntag, 22. Mai 2022, ab 16:00 Uhr<\/span><\/p>\n\n\n\n<p>Moderation: Florian Schmidt-Sommerfeld, Experten: Ren\u00e9 Adler, Mladen Petri\u0107<\/p>\n\n\n\n<p><strong style=\"font-style: italic;\">Manchester City <strong><em><span><b style=\"font-style: italic;\">\u2013<\/b><\/span><\/em><\/strong><\/strong> <em><strong><strong style=\"font-style: italic;\">Aston Villa<\/strong> (17.00 Uhr)<\/strong><\/em><br><img loading=\"lazy\" decoding=\"async\" width=\"10\" height=\"21\" class=\"wp-image-3656\" style=\"width: 10px;\" src=\"http:\/\/kommentatorenblog.de\/wp-content\/uploads\/2020\/09\/shure-55sh-ii-e1601485394796.jpg\" alt=\"\" srcset=\"https:\/\/kommentatorenblog.de\/wp-content\/uploads\/2020\/09\/shure-55sh-ii-e1601485394796.jpg 415w, https:\/\/kommentatorenblog.de\/wp-content\/uploads\/2020\/09\/shure-55sh-ii-e1601485394796-142x300.jpg 142w\" sizes=\"auto, (max-width: 10px) 100vw, 10px\" \/> Uli Hebel (Einzelspiel), Toni Tomic und Mladen Petri\u0107 (Meisterkonferenz)<br>Field-Reporter: Raphael Honigstein<\/p>\n\n\n\n<p><strong style=\"font-style: italic;\">FC Liverpool <strong><em><span><b style=\"font-style: italic;\">\u2013<\/b><\/span><\/em><\/strong><\/strong> <em><strong><strong style=\"font-style: italic;\">Wolverhampton Wanderers <\/strong>(17.00 Uhr)<\/strong><\/em><br><img loading=\"lazy\" decoding=\"async\" width=\"10\" height=\"21\" class=\"wp-image-3656\" style=\"width: 10px;\" src=\"http:\/\/kommentatorenblog.de\/wp-content\/uploads\/2020\/09\/shure-55sh-ii-e1601485394796.jpg\" alt=\"\" srcset=\"https:\/\/kommentatorenblog.de\/wp-content\/uploads\/2020\/09\/shure-55sh-ii-e1601485394796.jpg 415w, https:\/\/kommentatorenblog.de\/wp-content\/uploads\/2020\/09\/shure-55sh-ii-e1601485394796-142x300.jpg 142w\" sizes=\"auto, (max-width: 10px) 100vw, 10px\" \/> Joachim Hebel (Einzelspiel), Florian Schmidt-Sommerfeld und Ren\u00e9 Adler (Meisterkonferenz)<br>Field-Reporter: Jesco von Eichmann<\/p>\n\n\n\n<p><strong style=\"font-style: italic;\">FC Burnley <strong><em><span><b style=\"font-style: italic;\">\u2013<\/b><\/span><\/em><\/strong><\/strong> <em><strong><strong style=\"font-style: italic;\">Newcastle United <\/strong>(17.00 Uhr)<\/strong><\/em><br><img loading=\"lazy\" decoding=\"async\" width=\"10\" height=\"21\" class=\"wp-image-3656\" style=\"width: 10px;\" src=\"http:\/\/kommentatorenblog.de\/wp-content\/uploads\/2020\/09\/shure-55sh-ii-e1601485394796.jpg\" alt=\"\" srcset=\"https:\/\/kommentatorenblog.de\/wp-content\/uploads\/2020\/09\/shure-55sh-ii-e1601485394796.jpg 415w, https:\/\/kommentatorenblog.de\/wp-content\/uploads\/2020\/09\/shure-55sh-ii-e1601485394796-142x300.jpg 142w\" sizes=\"auto, (max-width: 10px) 100vw, 10px\" \/> Thomas Wagner (Einzelspiel)<\/p>\n\n\n\n<p><strong style=\"font-style: italic;\">FC Brentford <strong><em><span><b style=\"font-style: italic;\">\u2013<\/b><\/span><\/em><\/strong><\/strong> <em><strong><strong style=\"font-style: italic;\">Leeds United <\/strong>(17.00 Uhr)<\/strong><\/em><br><img loading=\"lazy\" decoding=\"async\" width=\"10\" height=\"21\" class=\"wp-image-3656\" style=\"width: 10px;\" src=\"http:\/\/kommentatorenblog.de\/wp-content\/uploads\/2020\/09\/shure-55sh-ii-e1601485394796.jpg\" alt=\"\" srcset=\"https:\/\/kommentatorenblog.de\/wp-content\/uploads\/2020\/09\/shure-55sh-ii-e1601485394796.jpg 415w, https:\/\/kommentatorenblog.de\/wp-content\/uploads\/2020\/09\/shure-55sh-ii-e1601485394796-142x300.jpg 142w\" sizes=\"auto, (max-width: 10px) 100vw, 10px\" \/> Jaron Steiner (Einzelspiel)<\/p>\n\n\n\n<p><strong style=\"font-style: italic;\">Norwich City <strong><em><span><b style=\"font-style: italic;\">\u2013<\/b><\/span><\/em><\/strong><\/strong> <em><strong><strong style=\"font-style: italic;\">Tottenham Hotspur <\/strong>(17.00 Uhr)<\/strong><\/em><br><img loading=\"lazy\" decoding=\"async\" width=\"10\" height=\"21\" class=\"wp-image-3656\" style=\"width: 10px;\" src=\"http:\/\/kommentatorenblog.de\/wp-content\/uploads\/2020\/09\/shure-55sh-ii-e1601485394796.jpg\" alt=\"\" srcset=\"https:\/\/kommentatorenblog.de\/wp-content\/uploads\/2020\/09\/shure-55sh-ii-e1601485394796.jpg 415w, https:\/\/kommentatorenblog.de\/wp-content\/uploads\/2020\/09\/shure-55sh-ii-e1601485394796-142x300.jpg 142w\" sizes=\"auto, (max-width: 10px) 100vw, 10px\" \/> Markus Gaupp (Einzelspiel)<\/p>\n\n\n\n<p><strong style=\"font-style: italic;\">FC Arsenal <strong><em><span><b style=\"font-style: italic;\">\u2013<\/b><\/span><\/em><\/strong><\/strong> <em><strong><strong style=\"font-style: italic;\">FC Everton <\/strong>(17.00 Uhr)<\/strong><\/em><br><img loading=\"lazy\" decoding=\"async\" width=\"10\" height=\"21\" class=\"wp-image-3656\" style=\"width: 10px;\" src=\"http:\/\/kommentatorenblog.de\/wp-content\/uploads\/2020\/09\/shure-55sh-ii-e1601485394796.jpg\" alt=\"\" srcset=\"https:\/\/kommentatorenblog.de\/wp-content\/uploads\/2020\/09\/shure-55sh-ii-e1601485394796.jpg 415w, https:\/\/kommentatorenblog.de\/wp-content\/uploads\/2020\/09\/shure-55sh-ii-e1601485394796-142x300.jpg 142w\" sizes=\"auto, (max-width: 10px) 100vw, 10px\" \/> Sven Schr\u00f6ter (Einzelspiel)<\/p>\n\n\n\n<hr class=\"wp-block-separator\"\/>\n\n\n\n<p class=\"has-vivid-red-color has-text-color\"><strong>League One (ENG), Aufstiegsfinale (DAZN\/Sportdigital FUSSBALL)<\/strong><\/p>\n\n\n\n<p><span style=\"text-decoration: underline;\">Samstag, 21. Mai 2022<\/span><\/p>\n\n\n\n<p><strong style=\"font-style: italic;\">AFC Sunderland <strong><em><span><b style=\"font-style: italic;\">\u2013<\/b><\/span><\/em><\/strong><\/strong> <em><strong><strong style=\"font-style: italic;\">Wycombe Wanderers<\/strong> (16.00 Uhr)<\/strong><\/em><\/p>\n\n\n\n<p><img loading=\"lazy\" decoding=\"async\" width=\"10\" height=\"21\" class=\"wp-image-3656\" style=\"width: 10px;\" src=\"http:\/\/kommentatorenblog.de\/wp-content\/uploads\/2020\/09\/shure-55sh-ii-e1601485394796.jpg\" alt=\"\" srcset=\"https:\/\/kommentatorenblog.de\/wp-content\/uploads\/2020\/09\/shure-55sh-ii-e1601485394796.jpg 415w, https:\/\/kommentatorenblog.de\/wp-content\/uploads\/2020\/09\/shure-55sh-ii-e1601485394796-142x300.jpg 142w\" sizes=\"auto, (max-width: 10px) 100vw, 10px\" \/> DAZN: Uli Hebel<\/p>\n\n\n\n<p><img loading=\"lazy\" decoding=\"async\" width=\"10\" height=\"21\" class=\"wp-image-3656\" style=\"width: 10px;\" src=\"http:\/\/kommentatorenblog.de\/wp-content\/uploads\/2020\/09\/shure-55sh-ii-e1601485394796.jpg\" alt=\"\" srcset=\"https:\/\/kommentatorenblog.de\/wp-content\/uploads\/2020\/09\/shure-55sh-ii-e1601485394796.jpg 415w, https:\/\/kommentatorenblog.de\/wp-content\/uploads\/2020\/09\/shure-55sh-ii-e1601485394796-142x300.jpg 142w\" sizes=\"auto, (max-width: 10px) 100vw, 10px\" \/> Sportdigital: Marvin Kirsch<\/p>\n\n\n\n<hr class=\"wp-block-separator\"\/>\n\n\n\n<p class=\"has-vivid-red-color has-text-color\"><strong>La Liga (ESP), 38. Spieltag (DAZN)<\/strong><\/p>\n\n\n\n<p><span style=\"text-decoration: underline;\">Freitag, 20. Mai 2022<\/span><\/p>\n\n\n\n<p><strong style=\"font-style: italic;\">Real Madrid <strong><em><span><b style=\"font-style: italic;\">\u2013<\/b><\/span><\/em><\/strong><\/strong> <em><strong><strong style=\"font-style: italic;\">Real Betis<\/strong> (21.00 Uhr)<\/strong><\/em><br><img loading=\"lazy\" decoding=\"async\" width=\"10\" height=\"21\" class=\"wp-image-3656\" style=\"width: 10px;\" src=\"http:\/\/kommentatorenblog.de\/wp-content\/uploads\/2020\/09\/shure-55sh-ii-e1601485394796.jpg\" alt=\"\" srcset=\"https:\/\/kommentatorenblog.de\/wp-content\/uploads\/2020\/09\/shure-55sh-ii-e1601485394796.jpg 415w, https:\/\/kommentatorenblog.de\/wp-content\/uploads\/2020\/09\/shure-55sh-ii-e1601485394796-142x300.jpg 142w\" sizes=\"auto, (max-width: 10px) 100vw, 10px\" \/> Jan Platte, Experte: Michael Hofmann<\/p>\n\n\n\n<p><span style=\"text-decoration: underline;\">Sonntag, 22. Mai 2022<\/span><\/p>\n\n\n\n<p><strong style=\"font-style: italic;\">Deportivo Alav\u00e9s <strong><em><span><b style=\"font-style: italic;\">\u2013<\/b><\/span><\/em><\/strong><\/strong> <em><strong><strong style=\"font-style: italic;\">FC C\u00e1diz<\/strong> (20.00 Uhr)<\/strong><\/em><br><img loading=\"lazy\" decoding=\"async\" width=\"10\" height=\"21\" class=\"wp-image-3656\" style=\"width: 10px;\" src=\"http:\/\/kommentatorenblog.de\/wp-content\/uploads\/2020\/09\/shure-55sh-ii-e1601485394796.jpg\" alt=\"\" srcset=\"https:\/\/kommentatorenblog.de\/wp-content\/uploads\/2020\/09\/shure-55sh-ii-e1601485394796.jpg 415w, https:\/\/kommentatorenblog.de\/wp-content\/uploads\/2020\/09\/shure-55sh-ii-e1601485394796-142x300.jpg 142w\" sizes=\"auto, (max-width: 10px) 100vw, 10px\" \/> Michael Born<\/p>\n\n\n\n<p><strong style=\"font-style: italic;\">FC Granada <strong><em><span><b style=\"font-style: italic;\">\u2013<\/b><\/span><\/em><\/strong><\/strong> <em><strong><strong style=\"font-style: italic;\">Espanyol Barcelona<\/strong> (20.00 Uhr)<\/strong><\/em><br><img loading=\"lazy\" decoding=\"async\" width=\"10\" height=\"21\" class=\"wp-image-3656\" style=\"width: 10px;\" src=\"http:\/\/kommentatorenblog.de\/wp-content\/uploads\/2020\/09\/shure-55sh-ii-e1601485394796.jpg\" alt=\"\" srcset=\"https:\/\/kommentatorenblog.de\/wp-content\/uploads\/2020\/09\/shure-55sh-ii-e1601485394796.jpg 415w, https:\/\/kommentatorenblog.de\/wp-content\/uploads\/2020\/09\/shure-55sh-ii-e1601485394796-142x300.jpg 142w\" sizes=\"auto, (max-width: 10px) 100vw, 10px\" \/> Guido H\u00fcsgen<\/p>\n\n\n\n<p><strong style=\"font-style: italic;\">CA Osasuna <strong><em><span><b style=\"font-style: italic;\">\u2013<\/b><\/span><\/em><\/strong><\/strong> <em><strong><strong style=\"font-style: italic;\">RCD Mallorca<\/strong> (20.00 Uhr)<\/strong><\/em><br><img loading=\"lazy\" decoding=\"async\" width=\"10\" height=\"21\" class=\"wp-image-3656\" style=\"width: 10px;\" src=\"http:\/\/kommentatorenblog.de\/wp-content\/uploads\/2020\/09\/shure-55sh-ii-e1601485394796.jpg\" alt=\"\" srcset=\"https:\/\/kommentatorenblog.de\/wp-content\/uploads\/2020\/09\/shure-55sh-ii-e1601485394796.jpg 415w, https:\/\/kommentatorenblog.de\/wp-content\/uploads\/2020\/09\/shure-55sh-ii-e1601485394796-142x300.jpg 142w\" sizes=\"auto, (max-width: 10px) 100vw, 10px\" \/> David Ploch<\/p>\n\n\n\n<p><strong style=\"font-style: italic;\">FC Barcelona <strong><em><span><b style=\"font-style: italic;\">\u2013<\/b><\/span><\/em><\/strong><\/strong> <em><strong><strong style=\"font-style: italic;\">FC Villarreal<\/strong> (22.00 Uhr)<\/strong><\/em><br><img loading=\"lazy\" decoding=\"async\" width=\"10\" height=\"21\" class=\"wp-image-3656\" style=\"width: 10px;\" src=\"http:\/\/kommentatorenblog.de\/wp-content\/uploads\/2020\/09\/shure-55sh-ii-e1601485394796.jpg\" alt=\"\" srcset=\"https:\/\/kommentatorenblog.de\/wp-content\/uploads\/2020\/09\/shure-55sh-ii-e1601485394796.jpg 415w, https:\/\/kommentatorenblog.de\/wp-content\/uploads\/2020\/09\/shure-55sh-ii-e1601485394796-142x300.jpg 142w\" sizes=\"auto, (max-width: 10px) 100vw, 10px\" \/> Marco Hagemann<\/p>\n\n\n\n<p><strong style=\"font-style: italic;\">Real Sociedad <strong><em><span><b style=\"font-style: italic;\">\u2013<\/b><\/span><\/em><\/strong><\/strong> <em><strong><strong style=\"font-style: italic;\">Atl\u00e9tico Madrid<\/strong> (22.00 Uhr)<\/strong><\/em><br><img loading=\"lazy\" decoding=\"async\" width=\"10\" height=\"21\" class=\"wp-image-3656\" style=\"width: 10px;\" src=\"http:\/\/kommentatorenblog.de\/wp-content\/uploads\/2020\/09\/shure-55sh-ii-e1601485394796.jpg\" alt=\"\" srcset=\"https:\/\/kommentatorenblog.de\/wp-content\/uploads\/2020\/09\/shure-55sh-ii-e1601485394796.jpg 415w, https:\/\/kommentatorenblog.de\/wp-content\/uploads\/2020\/09\/shure-55sh-ii-e1601485394796-142x300.jpg 142w\" sizes=\"auto, (max-width: 10px) 100vw, 10px\" \/> tba<\/p>\n\n\n\n<p><strong style=\"font-style: italic;\">FC Sevilla <strong><em><span><b style=\"font-style: italic;\">\u2013<\/b><\/span><\/em><\/strong><\/strong> <em><strong><strong style=\"font-style: italic;\">Athletic Bilbao<\/strong> (22.00 Uhr)<\/strong><\/em><br><img loading=\"lazy\" decoding=\"async\" width=\"10\" height=\"21\" class=\"wp-image-3656\" style=\"width: 10px;\" src=\"http:\/\/kommentatorenblog.de\/wp-content\/uploads\/2020\/09\/shure-55sh-ii-e1601485394796.jpg\" alt=\"\" srcset=\"https:\/\/kommentatorenblog.de\/wp-content\/uploads\/2020\/09\/shure-55sh-ii-e1601485394796.jpg 415w, https:\/\/kommentatorenblog.de\/wp-content\/uploads\/2020\/09\/shure-55sh-ii-e1601485394796-142x300.jpg 142w\" sizes=\"auto, (max-width: 10px) 100vw, 10px\" \/> tba<\/p>\n\n\n\n<hr class=\"wp-block-separator\"\/>\n\n\n\n<p class=\"has-vivid-red-color has-text-color\"><strong>Serie A (ITA), 38. Spieltag (DAZN)<\/strong><\/p>\n\n\n\n<p><span style=\"text-decoration: underline;\">Freitag, 20. Mai 2022<\/span><\/p>\n\n\n\n<p><strong style=\"font-style: italic;\">FC Turin <strong><em><span><b style=\"font-style: italic;\">\u2013<\/b><\/span><\/em><\/strong><\/strong> <em><strong><strong style=\"font-style: italic;\">AS Rom<\/strong> (20.45 Uhr)<\/strong><\/em><br><img loading=\"lazy\" decoding=\"async\" width=\"10\" height=\"21\" class=\"wp-image-3656\" style=\"width: 10px;\" src=\"http:\/\/kommentatorenblog.de\/wp-content\/uploads\/2020\/09\/shure-55sh-ii-e1601485394796.jpg\" alt=\"\" srcset=\"https:\/\/kommentatorenblog.de\/wp-content\/uploads\/2020\/09\/shure-55sh-ii-e1601485394796.jpg 415w, https:\/\/kommentatorenblog.de\/wp-content\/uploads\/2020\/09\/shure-55sh-ii-e1601485394796-142x300.jpg 142w\" sizes=\"auto, (max-width: 10px) 100vw, 10px\" \/> Julian Engelhard<\/p>\n\n\n\n<p><span style=\"text-decoration: underline;\">Samstag, 21. Mai 2022<\/span><\/p>\n\n\n\n<p><strong style=\"font-style: italic;\">AC Florenz <strong><em><span><b style=\"font-style: italic;\">\u2013<\/b><\/span><\/em><\/strong><\/strong> <em><strong><strong style=\"font-style: italic;\">Juventus Turin<\/strong> (20.45 Uhr)<\/strong><\/em><br><img loading=\"lazy\" decoding=\"async\" width=\"10\" height=\"21\" class=\"wp-image-3656\" style=\"width: 10px;\" src=\"http:\/\/kommentatorenblog.de\/wp-content\/uploads\/2020\/09\/shure-55sh-ii-e1601485394796.jpg\" alt=\"\" srcset=\"https:\/\/kommentatorenblog.de\/wp-content\/uploads\/2020\/09\/shure-55sh-ii-e1601485394796.jpg 415w, https:\/\/kommentatorenblog.de\/wp-content\/uploads\/2020\/09\/shure-55sh-ii-e1601485394796-142x300.jpg 142w\" sizes=\"auto, (max-width: 10px) 100vw, 10px\" \/> Marcel Seufert, Experte: Sascha Bigalke<\/p>\n\n\n\n<p><strong style=\"font-style: italic;\">Atalanta Bergamo <strong><em><span><b style=\"font-style: italic;\">\u2013<\/b><\/span><\/em><\/strong><\/strong> <em><strong><strong style=\"font-style: italic;\">FC Empoli<\/strong> (20.45 Uhr)<\/strong><\/em><br><img loading=\"lazy\" decoding=\"async\" width=\"10\" height=\"21\" class=\"wp-image-3656\" style=\"width: 10px;\" src=\"http:\/\/kommentatorenblog.de\/wp-content\/uploads\/2020\/09\/shure-55sh-ii-e1601485394796.jpg\" alt=\"\" srcset=\"https:\/\/kommentatorenblog.de\/wp-content\/uploads\/2020\/09\/shure-55sh-ii-e1601485394796.jpg 415w, https:\/\/kommentatorenblog.de\/wp-content\/uploads\/2020\/09\/shure-55sh-ii-e1601485394796-142x300.jpg 142w\" sizes=\"auto, (max-width: 10px) 100vw, 10px\" \/> Freddie Schulz<\/p>\n\n\n\n<p><span style=\"text-decoration: underline;\">Sonntag, 22. Mai 2022<\/span><\/p>\n\n\n\n<p>Moderation (Meisterkonferenz): Tobi Wahnschaffe<\/p>\n\n\n\n<p><strong style=\"font-style: italic;\">US Sassuolo <strong><em><span><b style=\"font-style: italic;\">\u2013<\/b><\/span><\/em><\/strong><\/strong> <em><strong><strong style=\"font-style: italic;\">AC Mailand<\/strong> (18.00 Uhr)<\/strong><\/em><br><img loading=\"lazy\" decoding=\"async\" width=\"10\" height=\"21\" class=\"wp-image-3656\" style=\"width: 10px;\" src=\"http:\/\/kommentatorenblog.de\/wp-content\/uploads\/2020\/09\/shure-55sh-ii-e1601485394796.jpg\" alt=\"\" srcset=\"https:\/\/kommentatorenblog.de\/wp-content\/uploads\/2020\/09\/shure-55sh-ii-e1601485394796.jpg 415w, https:\/\/kommentatorenblog.de\/wp-content\/uploads\/2020\/09\/shure-55sh-ii-e1601485394796-142x300.jpg 142w\" sizes=\"auto, (max-width: 10px) 100vw, 10px\" \/> Flo Hauser, Experte: Max Nicu (Einzelspiel), Carsten Fu\u00df (Meisterkonferenz)<\/p>\n\n\n\n<p><strong style=\"font-style: italic;\">Inter Mailand <strong><em><span><b style=\"font-style: italic;\">\u2013<\/b><\/span><\/em><\/strong><\/strong> <em><strong><strong style=\"font-style: italic;\">Sampdoria Genua<\/strong> (18.00 Uhr)<\/strong><\/em><br><img loading=\"lazy\" decoding=\"async\" width=\"10\" height=\"21\" class=\"wp-image-3656\" style=\"width: 10px;\" src=\"http:\/\/kommentatorenblog.de\/wp-content\/uploads\/2020\/09\/shure-55sh-ii-e1601485394796.jpg\" alt=\"\" srcset=\"https:\/\/kommentatorenblog.de\/wp-content\/uploads\/2020\/09\/shure-55sh-ii-e1601485394796.jpg 415w, https:\/\/kommentatorenblog.de\/wp-content\/uploads\/2020\/09\/shure-55sh-ii-e1601485394796-142x300.jpg 142w\" sizes=\"auto, (max-width: 10px) 100vw, 10px\" \/> Uwe Morawe, Experte: Christian Bernhard (Einzelspiel), Mario Rieker (Meisterkonferenz)<\/p>\n\n\n\n<p><strong style=\"font-style: italic;\">US Salernitana <strong><em><span><b style=\"font-style: italic;\">\u2013<\/b><\/span><\/em><\/strong><\/strong> <em><strong><strong style=\"font-style: italic;\">Udinese Calcio <\/strong>(21.00 Uhr)<\/strong><\/em><br><img loading=\"lazy\" decoding=\"async\" width=\"10\" height=\"21\" class=\"wp-image-3656\" style=\"width: 10px;\" src=\"http:\/\/kommentatorenblog.de\/wp-content\/uploads\/2020\/09\/shure-55sh-ii-e1601485394796.jpg\" alt=\"\" srcset=\"https:\/\/kommentatorenblog.de\/wp-content\/uploads\/2020\/09\/shure-55sh-ii-e1601485394796.jpg 415w, https:\/\/kommentatorenblog.de\/wp-content\/uploads\/2020\/09\/shure-55sh-ii-e1601485394796-142x300.jpg 142w\" sizes=\"auto, (max-width: 10px) 100vw, 10px\" \/> Nico Seepe<\/p>\n\n\n\n<p><strong style=\"font-style: italic;\">FC Venedig <strong><em><span><b style=\"font-style: italic;\">\u2013<\/b><\/span><\/em><\/strong><\/strong> <em><strong><strong style=\"font-style: italic;\">Cagliari Calcio <\/strong>(21.00 Uhr)<\/strong><\/em><br><img loading=\"lazy\" decoding=\"async\" width=\"10\" height=\"21\" class=\"wp-image-3656\" style=\"width: 10px;\" src=\"http:\/\/kommentatorenblog.de\/wp-content\/uploads\/2020\/09\/shure-55sh-ii-e1601485394796.jpg\" alt=\"\" srcset=\"https:\/\/kommentatorenblog.de\/wp-content\/uploads\/2020\/09\/shure-55sh-ii-e1601485394796.jpg 415w, https:\/\/kommentatorenblog.de\/wp-content\/uploads\/2020\/09\/shure-55sh-ii-e1601485394796-142x300.jpg 142w\" sizes=\"auto, (max-width: 10px) 100vw, 10px\" \/> Adrian Geiler<\/p>\n\n\n\n<hr class=\"wp-block-separator\"\/>\n\n\n\n<p class=\"has-vivid-red-color has-text-color\"><strong>Ligue 1 (FRA), 38. Spieltag (DAZN)<\/strong><\/p>\n\n\n\n<p><span style=\"text-decoration: underline;\">Samstag, 21. Mai 2022<\/span><\/p>\n\n\n\n<p><strong style=\"font-style: italic;\">Paris Saint-Germain <strong><em><span><b style=\"font-style: italic;\">\u2013<\/b><\/span><\/em><\/strong><\/strong> <em><strong><strong style=\"font-style: italic;\">FC Metz<\/strong> (21.00 Uhr)<\/strong><\/em><br><img loading=\"lazy\" decoding=\"async\" width=\"10\" height=\"21\" class=\"wp-image-3656\" style=\"width: 10px;\" src=\"http:\/\/kommentatorenblog.de\/wp-content\/uploads\/2020\/09\/shure-55sh-ii-e1601485394796.jpg\" alt=\"\" srcset=\"https:\/\/kommentatorenblog.de\/wp-content\/uploads\/2020\/09\/shure-55sh-ii-e1601485394796.jpg 415w, https:\/\/kommentatorenblog.de\/wp-content\/uploads\/2020\/09\/shure-55sh-ii-e1601485394796-142x300.jpg 142w\" sizes=\"auto, (max-width: 10px) 100vw, 10px\" \/> Stefan Galler<\/p>\n\n\n\n<p><strong style=\"font-style: italic;\">RC Lens <strong><em><span><b style=\"font-style: italic;\">\u2013<\/b><\/span><\/em><\/strong><\/strong> <em><strong><strong style=\"font-style: italic;\">AS Monaco<\/strong> (21.00 Uhr)<\/strong><\/em><br><img loading=\"lazy\" decoding=\"async\" width=\"10\" height=\"21\" class=\"wp-image-3656\" style=\"width: 10px;\" src=\"http:\/\/kommentatorenblog.de\/wp-content\/uploads\/2020\/09\/shure-55sh-ii-e1601485394796.jpg\" alt=\"\" srcset=\"https:\/\/kommentatorenblog.de\/wp-content\/uploads\/2020\/09\/shure-55sh-ii-e1601485394796.jpg 415w, https:\/\/kommentatorenblog.de\/wp-content\/uploads\/2020\/09\/shure-55sh-ii-e1601485394796-142x300.jpg 142w\" sizes=\"auto, (max-width: 10px) 100vw, 10px\" \/> Guido H\u00fcsgen, Experte: Alexis Menuge<\/p>\n\n\n\n<p><strong style=\"font-style: italic;\">FC Nantes <strong><em><span><b style=\"font-style: italic;\">\u2013<\/b><\/span><\/em><\/strong><\/strong> <em><strong><strong style=\"font-style: italic;\">AS St. \u00c9tienne<\/strong> (21.00 Uhr)<\/strong><\/em><br><img loading=\"lazy\" decoding=\"async\" width=\"10\" height=\"21\" class=\"wp-image-3656\" style=\"width: 10px;\" src=\"http:\/\/kommentatorenblog.de\/wp-content\/uploads\/2020\/09\/shure-55sh-ii-e1601485394796.jpg\" alt=\"\" srcset=\"https:\/\/kommentatorenblog.de\/wp-content\/uploads\/2020\/09\/shure-55sh-ii-e1601485394796.jpg 415w, https:\/\/kommentatorenblog.de\/wp-content\/uploads\/2020\/09\/shure-55sh-ii-e1601485394796-142x300.jpg 142w\" sizes=\"auto, (max-width: 10px) 100vw, 10px\" \/> Tobi Fischbeck<\/p>\n\n\n\n<hr class=\"wp-block-separator\"\/>\n\n\n\n<p class=\"has-vivid-red-color has-text-color\"><strong>Ligue 2 (FRA), Aufstiegs-Playoffs, Finale (DAZN)<\/strong><\/p>\n\n\n\n<p><span style=\"text-decoration: underline;\">Freitag, 20. Mai 2022<\/span><\/p>\n\n\n\n<p><strong style=\"font-style: italic;\">AJ Auxerre <strong><em><span><b style=\"font-style: italic;\">\u2013<\/b><\/span><\/em><\/strong><\/strong> <em><strong><strong style=\"font-style: italic;\">FC Sochaux <\/strong>(20.30 Uhr)<\/strong><\/em><br><img loading=\"lazy\" decoding=\"async\" width=\"10\" height=\"21\" class=\"wp-image-3656\" style=\"width: 10px;\" src=\"http:\/\/kommentatorenblog.de\/wp-content\/uploads\/2020\/09\/shure-55sh-ii-e1601485394796.jpg\" alt=\"\" srcset=\"https:\/\/kommentatorenblog.de\/wp-content\/uploads\/2020\/09\/shure-55sh-ii-e1601485394796.jpg 415w, https:\/\/kommentatorenblog.de\/wp-content\/uploads\/2020\/09\/shure-55sh-ii-e1601485394796-142x300.jpg 142w\" sizes=\"auto, (max-width: 10px) 100vw, 10px\" \/> Chris Putz<\/p>\n\n\n\n<hr class=\"wp-block-separator\"\/>\n\n\n\n<p class=\"has-vivid-red-color has-text-color\"><strong>Eredivisie (NED), EL-Playoffs, Halbfinal-R\u00fcckspiel (Sportdigital FUSSBALL)<\/strong><\/p>\n\n\n\n<p><span style=\"text-decoration: underline;\">Sonntag, 22. Mai 2022<\/span><\/p>\n\n\n\n<p><strong style=\"font-style: italic;\">AZ Alkmaar <strong><em><span><b style=\"font-style: italic;\">\u2013<\/b><\/span><\/em><\/strong><\/strong> <em><strong><strong style=\"font-style: italic;\">SC Heerenveen <\/strong>(14.30 Uhr)<\/strong><\/em><br><img loading=\"lazy\" decoding=\"async\" width=\"10\" height=\"21\" class=\"wp-image-3656\" style=\"width: 10px;\" src=\"http:\/\/kommentatorenblog.de\/wp-content\/uploads\/2020\/09\/shure-55sh-ii-e1601485394796.jpg\" alt=\"\" srcset=\"https:\/\/kommentatorenblog.de\/wp-content\/uploads\/2020\/09\/shure-55sh-ii-e1601485394796.jpg 415w, https:\/\/kommentatorenblog.de\/wp-content\/uploads\/2020\/09\/shure-55sh-ii-e1601485394796-142x300.jpg 142w\" sizes=\"auto, (max-width: 10px) 100vw, 10px\" \/> Karsten Linke<\/p>\n\n\n\n<p><strong style=\"font-style: italic;\">Vitesse Arnheim <strong><em><span><b style=\"font-style: italic;\">\u2013<\/b><\/span><\/em><\/strong><\/strong> <em><strong><strong style=\"font-style: italic;\">FC Utrecht <\/strong>(18.00 Uhr)<\/strong><\/em><br><img loading=\"lazy\" decoding=\"async\" width=\"10\" height=\"21\" class=\"wp-image-3656\" style=\"width: 10px;\" src=\"http:\/\/kommentatorenblog.de\/wp-content\/uploads\/2020\/09\/shure-55sh-ii-e1601485394796.jpg\" alt=\"\" srcset=\"https:\/\/kommentatorenblog.de\/wp-content\/uploads\/2020\/09\/shure-55sh-ii-e1601485394796.jpg 415w, https:\/\/kommentatorenblog.de\/wp-content\/uploads\/2020\/09\/shure-55sh-ii-e1601485394796-142x300.jpg 142w\" sizes=\"auto, (max-width: 10px) 100vw, 10px\" \/> J\u00f6rg Steiger<\/p>\n\n\n\n<hr class=\"wp-block-separator\"\/>\n\n\n\n<p class=\"has-vivid-red-color has-text-color\"><strong>Division 1A (BEL), Meisterschaftsrunde, 6. Spieltag (Sport1+)<\/strong><\/p>\n\n\n\n<p><span style=\"text-decoration: underline;\">Sonntag, 22. Mai 2022<\/span><\/p>\n\n\n\n<p><strong style=\"font-style: italic;\">FC Br\u00fcgge <strong><em><span><b style=\"font-style: italic;\">\u2013<\/b><\/span><\/em><\/strong><\/strong> <em><strong><strong style=\"font-style: italic;\">RSC Anderlecht <\/strong>(18.30 Uhr)<\/strong><\/em><br><img loading=\"lazy\" decoding=\"async\" width=\"10\" height=\"21\" class=\"wp-image-3656\" style=\"width: 10px;\" src=\"http:\/\/kommentatorenblog.de\/wp-content\/uploads\/2020\/09\/shure-55sh-ii-e1601485394796.jpg\" alt=\"\" srcset=\"https:\/\/kommentatorenblog.de\/wp-content\/uploads\/2020\/09\/shure-55sh-ii-e1601485394796.jpg 415w, https:\/\/kommentatorenblog.de\/wp-content\/uploads\/2020\/09\/shure-55sh-ii-e1601485394796-142x300.jpg 142w\" sizes=\"auto, (max-width: 10px) 100vw, 10px\" \/> tba<\/p>\n\n\n\n<hr class=\"wp-block-separator\"\/>\n\n\n\n<p class=\"has-vivid-red-color has-text-color\"><strong>Ekstraklasa (POL), 34. Spieltag (Sportdigital FUSSBALL)<\/strong><\/p>\n\n\n\n<p><span style=\"text-decoration: underline;\">Samstag, 21. Mai 2022, Stream ab 17.15 Uhr, TV zur 2. Halbzeit<\/span><\/p>\n\n\n\n<p><strong style=\"font-style: italic;\">Lech Posen <strong><em><span><b style=\"font-style: italic;\">\u2013<\/b><\/span><\/em><\/strong><\/strong> <em><strong><strong style=\"font-style: italic;\">Zaglebie Lubin <\/strong>(17.30 Uhr)<\/strong><\/em><br><img loading=\"lazy\" decoding=\"async\" width=\"10\" height=\"21\" class=\"wp-image-3656\" style=\"width: 10px;\" src=\"http:\/\/kommentatorenblog.de\/wp-content\/uploads\/2020\/09\/shure-55sh-ii-e1601485394796.jpg\" alt=\"\" srcset=\"https:\/\/kommentatorenblog.de\/wp-content\/uploads\/2020\/09\/shure-55sh-ii-e1601485394796.jpg 415w, https:\/\/kommentatorenblog.de\/wp-content\/uploads\/2020\/09\/shure-55sh-ii-e1601485394796-142x300.jpg 142w\" sizes=\"auto, (max-width: 10px) 100vw, 10px\" \/> Marcus Radefeld<\/p>\n\n\n\n<hr class=\"wp-block-separator\"\/>\n\n\n\n<p class=\"has-vivid-red-color has-text-color\"><strong>Campeonato Brasileiro (BRA), 7. Spieltag (Sportdigital FUSSBALL)<\/strong><\/p>\n\n\n\n<p><span style=\"text-decoration: underline;\">Samstag, 21. Mai 2022<\/span><\/p>\n\n\n\n<p><strong style=\"font-style: italic;\">Flamengo Rio de Janeiro <strong><em><span><b style=\"font-style: italic;\">\u2013<\/b><\/span><\/em><\/strong><\/strong> <em><strong><strong style=\"font-style: italic;\">Goi\u00e1s EC <\/strong>(21.30 Uhr)<\/strong><\/em><br><img loading=\"lazy\" decoding=\"async\" width=\"10\" height=\"21\" class=\"wp-image-3656\" style=\"width: 10px;\" src=\"http:\/\/kommentatorenblog.de\/wp-content\/uploads\/2020\/09\/shure-55sh-ii-e1601485394796.jpg\" alt=\"\" srcset=\"https:\/\/kommentatorenblog.de\/wp-content\/uploads\/2020\/09\/shure-55sh-ii-e1601485394796.jpg 415w, https:\/\/kommentatorenblog.de\/wp-content\/uploads\/2020\/09\/shure-55sh-ii-e1601485394796-142x300.jpg 142w\" sizes=\"auto, (max-width: 10px) 100vw, 10px\" \/> Karsten Linke<\/p>\n\n\n\n<hr class=\"wp-block-separator\"\/>\n\n\n\n<p class=\"has-vivid-red-color has-text-color\"><strong>Copa de la Liga Profesional (ARG), Finale (Sportdigital FUSSBALL)<\/strong><\/p>\n\n\n\n<p><span style=\"text-decoration: underline;\">Sonntag, 22. Mai 2022<\/span><\/p>\n\n\n\n<p><strong style=\"font-style: italic;\">Boca Juniors <strong><em><span><b style=\"font-style: italic;\">\u2013<\/b><\/span><\/em><\/strong><\/strong> <em><strong><strong style=\"font-style: italic;\">CA Tigre <\/strong>(21.00 Uhr)<\/strong><\/em><br><img loading=\"lazy\" decoding=\"async\" width=\"10\" height=\"21\" class=\"wp-image-3656\" style=\"width: 10px;\" src=\"http:\/\/kommentatorenblog.de\/wp-content\/uploads\/2020\/09\/shure-55sh-ii-e1601485394796.jpg\" alt=\"\" srcset=\"https:\/\/kommentatorenblog.de\/wp-content\/uploads\/2020\/09\/shure-55sh-ii-e1601485394796.jpg 415w, https:\/\/kommentatorenblog.de\/wp-content\/uploads\/2020\/09\/shure-55sh-ii-e1601485394796-142x300.jpg 142w\" sizes=\"auto, (max-width: 10px) 100vw, 10px\" \/> Christian Blunck<\/p>\n\n\n\n<hr class=\"wp-block-separator\"\/>\n\n\n\n<p class=\"has-vivid-red-color has-text-color\"><strong>AFC Cup, Gruppenphase 2. Spieltag (Sportdigital FUSSBALL)<\/strong><\/p>\n\n\n\n<p><span style=\"text-decoration: underline;\">Samstag, 21. Mai 2022<\/span><\/p>\n\n\n\n<p><span style=\"\"><b><i>ATK Mohun Bagan FC (IND) <\/i><\/b><b style=\"font-style: italic; font-weight: bold;\">\u2013<\/b><\/span><em><strong> Bashundhara Kings (BAN)<\/strong><\/em><em><strong><strong style=\"font-style: italic;\"> <\/strong>(13.00 Uhr)<\/strong><\/em><br><img loading=\"lazy\" decoding=\"async\" width=\"10\" height=\"21\" class=\"wp-image-3656\" style=\"width: 10px;\" src=\"http:\/\/kommentatorenblog.de\/wp-content\/uploads\/2020\/09\/shure-55sh-ii-e1601485394796.jpg\" alt=\"\" srcset=\"https:\/\/kommentatorenblog.de\/wp-content\/uploads\/2020\/09\/shure-55sh-ii-e1601485394796.jpg 415w, https:\/\/kommentatorenblog.de\/wp-content\/uploads\/2020\/09\/shure-55sh-ii-e1601485394796-142x300.jpg 142w\" sizes=\"auto, (max-width: 10px) 100vw, 10px\" \/> Jakob Vogel<\/p>\n\n\n\n<hr class=\"wp-block-separator\"\/>\n\n\n\n<p class=\"has-vivid-red-color has-text-color\"><strong>A-League (AUS), Halbfinal-R\u00fcckspiele (Sportdigital FUSSBALL)<\/strong><\/p>\n\n\n\n<p><span style=\"text-decoration: underline;\">Samstag, 21. Mai 2022<\/span><\/p>\n\n\n\n<p><strong style=\"font-style: italic;\">Melbourne Victory <strong><em><span><b style=\"font-style: italic;\">\u2013<\/b><\/span><\/em><\/strong><\/strong> <em><strong><strong style=\"font-style: italic;\">Western United <\/strong>(09.15 Uhr)<\/strong><\/em><br><img loading=\"lazy\" decoding=\"async\" width=\"10\" height=\"21\" class=\"wp-image-3656\" style=\"width: 10px;\" src=\"http:\/\/kommentatorenblog.de\/wp-content\/uploads\/2020\/09\/shure-55sh-ii-e1601485394796.jpg\" alt=\"\" srcset=\"https:\/\/kommentatorenblog.de\/wp-content\/uploads\/2020\/09\/shure-55sh-ii-e1601485394796.jpg 415w, https:\/\/kommentatorenblog.de\/wp-content\/uploads\/2020\/09\/shure-55sh-ii-e1601485394796-142x300.jpg 142w\" sizes=\"auto, (max-width: 10px) 100vw, 10px\" \/> Ulf Kahmke<\/p>\n\n\n\n<p><span style=\"text-decoration: underline;\">Sonntag, 21. Mai 2022<\/span><\/p>\n\n\n\n<p><strong style=\"font-style: italic;\">Melbourne City <strong><em><span><b style=\"font-style: italic;\">\u2013<\/b><\/span><\/em><\/strong><\/strong> <em><strong><strong style=\"font-style: italic;\">Adelaide United <\/strong>(06.05 Uhr)<\/strong><\/em><br><img loading=\"lazy\" decoding=\"async\" width=\"10\" height=\"21\" class=\"wp-image-3656\" style=\"width: 10px;\" src=\"http:\/\/kommentatorenblog.de\/wp-content\/uploads\/2020\/09\/shure-55sh-ii-e1601485394796.jpg\" alt=\"\" srcset=\"https:\/\/kommentatorenblog.de\/wp-content\/uploads\/2020\/09\/shure-55sh-ii-e1601485394796.jpg 415w, https:\/\/kommentatorenblog.de\/wp-content\/uploads\/2020\/09\/shure-55sh-ii-e1601485394796-142x300.jpg 142w\" sizes=\"auto, (max-width: 10px) 100vw, 10px\" \/> Christian Blunck<\/p>\n\n\n\n<hr class=\"wp-block-separator\"\/>\n\n\n\n<p class=\"has-vivid-red-color has-text-color\"><strong>K League (KOR), 14. Spieltag (Sportdigital FUSSBALL)<\/strong><\/p>\n\n\n\n<p><span style=\"text-decoration: underline;\">Sonntag, 22. Mai 2022<\/span><\/p>\n\n\n\n<p><strong style=\"font-style: italic;\">Suwon FC <strong><em><span><b style=\"font-style: italic;\">\u2013<\/b><\/span><\/em><\/strong><\/strong> <em><strong><strong style=\"font-style: italic;\">Jeonbuk FC <\/strong>(12.00 Uhr)<\/strong><\/em><br><img loading=\"lazy\" decoding=\"async\" width=\"10\" height=\"21\" class=\"wp-image-3656\" style=\"width: 10px;\" src=\"http:\/\/kommentatorenblog.de\/wp-content\/uploads\/2020\/09\/shure-55sh-ii-e1601485394796.jpg\" alt=\"\" srcset=\"https:\/\/kommentatorenblog.de\/wp-content\/uploads\/2020\/09\/shure-55sh-ii-e1601485394796.jpg 415w, https:\/\/kommentatorenblog.de\/wp-content\/uploads\/2020\/09\/shure-55sh-ii-e1601485394796-142x300.jpg 142w\" sizes=\"auto, (max-width: 10px) 100vw, 10px\" \/> Marcus Radefeld<\/p>\n\n\n\n<hr class=\"wp-block-separator\"\/>\n\n\n\n<p class=\"has-vivid-red-color has-text-color\"><strong>MLS (USA), 13. Spieltag (Sportdigital FUSSBALL)<\/strong><\/p>\n\n\n\n<p><span style=\"text-decoration: underline;\">Montag, 23. Mai 2022<\/span><\/p>\n\n\n\n<p><strong style=\"font-style: italic;\">Inter Miami <strong><em><span><b style=\"font-style: italic;\">\u2013<\/b><\/span><\/em><\/strong><\/strong> <em><strong><strong style=\"font-style: italic;\">New York Red Bulls <\/strong>(00.08 Uhr)<\/strong><\/em><br><img loading=\"lazy\" decoding=\"async\" width=\"10\" height=\"21\" class=\"wp-image-3656\" style=\"width: 10px;\" src=\"http:\/\/kommentatorenblog.de\/wp-content\/uploads\/2020\/09\/shure-55sh-ii-e1601485394796.jpg\" alt=\"\" srcset=\"https:\/\/kommentatorenblog.de\/wp-content\/uploads\/2020\/09\/shure-55sh-ii-e1601485394796.jpg 415w, https:\/\/kommentatorenblog.de\/wp-content\/uploads\/2020\/09\/shure-55sh-ii-e1601485394796-142x300.jpg 142w\" sizes=\"auto, (max-width: 10px) 100vw, 10px\" \/> Ulf Kahmke<\/p>\n\n\n\n<hr class=\"wp-block-separator\"\/>\n\n\n\n<p class=\"has-vivid-red-color has-text-color\"><strong><code>ANALYSE<\/code><\/strong><\/p>\n\n\n\n<p><strong>Fuss zur\u00fcck beim Pokalfinale!<\/strong><\/p>\n\n\n\n<p>Wie oben schon erw\u00e4hnt, \u00fcbernimmt Gerd Gottlob das Pokalfinale in der ARD. Damit verzeichnet Gottlob seinen zweiten Einsatz in dieser Pokalsaison. Jessy Wellmer (Pokal-Saisoneinsatz Nummer 3) f\u00fchrt mit Bastian Schweinsteiger durch die lange \u00dcbertragung aus dem Berliner Olympiastadion, die dieses Jahr nicht wie gewohnt im &#8222;Sportschau Club&#8220; endet. Diese Sendung wurde ja bekannterma\u00dfen aus &#8222;finanziellen Gr\u00fcnden&#8220; abgesetzt.<\/p>\n\n\n\n<p>F\u00fcr Wolff Fuss bedeutet der Samstagabend eine R\u00fcckkehr zum Pokalfinale nach 8 Jahren. 2014 sa\u00df er zuletzt im Endspiel dieses Wettbewerbs vor dem Mikrofon (damals wie heute f\u00fcr Sky). Danach hatte Kai Dittmann quasi ein Dauer-Abo f\u00fcr das gr\u00f6\u00dfte Spiel im deutschen Vereinsfu\u00dfball und kommentierte seither 5 Finals f\u00fcr den PayTV-Sender. Nur Fritz von Thurn und Taxis sowie Marcel Reif \u00fcbernahmen je einmal in ihrer letzten bzw. vorletzten Saison. Jetzt, nachdem Sky das Champions League-Finale bekannterma\u00dfen nicht mehr im Programm hat, ist es nahezu folgerichtig, dass die Nummer 1 von Sky das einzige verbleibende Endspiel im Profifu\u00dfball bekommt.<br>Doch Fuss f\u00e4hrt nat\u00fcrlich nicht alleine nach Berlin. Im folgen Michael Leopold und Lothar Matth\u00e4us f\u00fcr Vor-, Nach- und Pausenberichte. Auch Schiri-Experte Alex Feuerherdt von Collinas Erben wird mit im Stadion sein. Wie im Ersten gehen zudem auch zwei f\u00fcr Sky auf Stimmenfang: Britta Hofmann und Martin Gro\u00df.<\/p>\n\n\n\n<p>Davor steht in der Sportschau der Finaltag der Amateure an. Zur \u00dcbertragungsart (Konferenz-Kommentatoren im Stadion, 17 Spiele zus\u00e4tzlich im Livestream) wurden oben ja schon ein paar Worte verloren. Julia Scharf und Thomas Broich werden durch den Nachmittag f\u00fchren. In der Konferenz melden sich unter anderem auch Tom Bartels, Florian Na\u00df, Bernd Schmelzer und Stephanie Baczyk.<\/p>\n\n\n\n<p>Zwei Tage sp\u00e4ter findet dann das Relegationsr\u00fcckspiel zur Bundesliga statt. W\u00e4hrend das Sat.1-Team personell unver\u00e4ndert (nur erg\u00e4nzt durch den weiteren Fieldreporter Matthias Killing) auf Sendung gehen wird, rotiert bei Sky Oliver Seidler f\u00fcr Kai Dittmann auf der Kommentatorenposition rein. Die weiteren Ansetzungen aus Unterf\u00f6hring stehen dagegen noch nicht fest.<\/p>\n\n\n\n<p><strong>Meisterschaftskonferenzen<\/strong><\/p>\n\n\n\n<p>In zwei Ligen steht noch ein in Sachen Meisterschaft spannender letzter Spieltag an. Diese Ligen werden von ihren \u00fcbertragenden Sendern mit dieser Spannung gerecht werdenden eigenen Meisterschaftskonferenzen bedacht.<\/p>\n\n\n\n<p>F\u00fcr die Premier League (ManCity einen Punkt vor Liverpool) meldet sich Schmiso mit Ren\u00e9 Adler und Mladen Petric daf\u00fcr sogar mit einer Stunde Vorlauf aus dem gro\u00dfen Studio und geht dann gemeinsam mit Toni Tomic in die Meisterschaftskonferenz. In dieser sind neben den beiden Kommentatoren auch die beiden Experten mit von der Partie. Eine Konferenz mit Co-Kommentatoren also, was ja auch nicht so h\u00e4ufig vorkommt.<br>Neben der Zweier-Konferenz hat Sky noch f\u00fcnf Einzelspiele im Programm. Zwei davon nat\u00fcrlich die Matches von City und dem LFC, die die Hebels \u00fcbernehmen. Weiterhin widmet sich Sky dem Abstiegskampf mit Leeds, Burnley, Sven Schr\u00f6ter und Thomas Wagner. Ob Tottenham die Champions League fix machen kann, \u00fcberpr\u00fcft Markus Gaupp im letzten \u00fcbertragenen Einzelspiel. Dass Konkurrent Arsenal oder der Europa League-Kampf dadurch hinten runterfallen, ist etwas schade.<\/p>\n\n\n\n<p>In Italien \u00fcbernehmen die Meisterschaftskonferenz mit Rieker und Fu\u00df ebenfalls die etatm\u00e4\u00dfigen Serie-A-Spitzenspielkommentatoren. Tobi Wahnschaffe macht den Vorlauf. Morawe\/Bernhard und Hauser\/Nicu begleiten die alles entscheidenden Spiele im Einzelfeed. Insgesamt wird DAZN starke 7 von 10 Letztrundenspiele aus der Liga des Europameisters mit deutschem Kommentar zeigen und hat so alle Entscheidungen live.<\/p>\n\n\n\n<p>Auch ansonsten wird noch viel am Wochenende \u00fcbertragen. Alleine Sportdigital zeigt 11 Livespiele binnen weniger als 48 Stunden.<\/p>\n\n\n\n<hr class=\"wp-block-separator\"\/>\n\n\n\n<p>Habt ein sch\u00f6nes vorletztes Fu\u00dfball-Wochenende in dieser Saison! Am Montag meldet sich Jonas mit einem kleinen Ausblick, was danach noch so ansteht.<\/p>\n","protected":false},"excerpt":{"rendered":"<p>N&#8217;Abend allerseits, Eintracht! Frankfurt! Europa League-Sieger! Was f\u00fcr ein Wahnsinn! Dieses Spiel, diese Saison. Herzlichen Gl\u00fcckwunsch und auch vielen Dank f\u00fcr diese Reise durch Europa bis zum verdienten Titel an die SGEuropa! In 13 Spielen mit dem FC Barcelona, Betis Sevilla, West Ham oder Olympiakos gemessen &#8211; und dabei ungeschlagen geblieben. Aus Medien-Sicht m\u00f6chte ich [&hellip;]<\/p>\n","protected":false},"author":12,"featured_media":0,"comment_status":"open","ping_status":"open","sticky":false,"template":"","format":"standard","meta":{"footnotes":""},"categories":[504],"tags":[598,746,577,759,153,583,767,771,600,19,355,490,527,582,706,73,131,499,164,57,760,636,262,165,13,772,400,776,132,99,89,578,501,420,331,272,155,704,405,464,48,770,774,72,267,274,347,762,58,248,655,315,470,59,765,359,31,205,276,43,503,243,121,95,270,581,764,761,730,101,438,724,593,114,330,88,775,83,769,191,113,497,766,340,84,750,361,306,22,434,52,134,154,777,28,549,773,524,620,575,763,27,247,33,768,152,395,252,273,24,705,402,105,149,502,107,196],"class_list":["post-12949","post","type-post","status-publish","format-standard","hentry","category-dfb-pokal-co","tag-adrian-geiler","tag-alex-feuerherdt","tag-alex-kuepper","tag-alex-waidner","tag-alexis-menuge","tag-andrea-kaiser","tag-andreas-koestler","tag-andreas-kramer","tag-ann-kathrin-rose","tag-ard","tag-bastian-schweinsteiger","tag-ben-wozny","tag-benedikt-brinsa","tag-bernd-schmelzer","tag-bodo-boeck","tag-britta-hofmann","tag-carsten-fuss","tag-chris-putz","tag-christian-bernhard","tag-christian-blunck","tag-christian-mueller","tag-claus-lufen","tag-daniel-guenther","tag-david-ploch","tag-dazn","tag-dino-bernabeo","tag-dominik-vischer","tag-elli-hyra","tag-flo-hauser","tag-florian-nass","tag-florian-schmidt-sommerfeld","tag-florian-weichert","tag-florian-winkler","tag-frank-grundhever","tag-freddie-schulz","tag-gerd-gottlob","tag-guido-huesgen","tag-hendrik-deichmann","tag-jakob-vogel","tag-jan-neumann","tag-jan-platte","tag-jan-wochner","tag-janna-betten","tag-jaron-steiner","tag-jesco-von-eichmann","tag-jessy-wellmer","tag-joachim-hebel","tag-jonas-freudenhammer","tag-joerg-steiger","tag-julia-scharf","tag-julia-simic","tag-julian-engelhard","tag-juergen-bergener","tag-karsten-linke","tag-kersten-eichhorn","tag-lennert-brinkhoff","tag-lothar-matthaeus","tag-lukas-schoenmueller","tag-marcel-seufert","tag-marco-hagemann","tag-marcus-radefeld","tag-mario-rieker","tag-markus-gaupp","tag-martin-gross","tag-martin-maibuecher","tag-marvin-kirsch","tag-matthew-genest-schoen","tag-matthias-droege","tag-matthias-killing","tag-matthias-opdenhoevel","tag-max-nicu","tag-max-zobel","tag-michael-bollenbacher","tag-michael-born","tag-michael-hofmann","tag-michael-leopold","tag-michael-maske","tag-mladen-petric","tag-nesrin-elnabolsy","tag-nico-seepe","tag-oliver-seidler","tag-patrick-halatsch","tag-philipp-sohmer","tag-raphael-honigstein","tag-rene-adler","tag-sabrina-bramowski","tag-sascha-bigalke","tag-sat-1","tag-sky","tag-sport1-2","tag-sportdigital","tag-sportdigital-fussball","tag-stefan-galler","tag-stefan-haensel","tag-stefan-hempel","tag-stefan-kuntz","tag-stephan-schiffner","tag-stephan-weidling","tag-stephanie-baczyk","tag-stephanie-mueller-spirra","tag-sven-roland","tag-sven-schroeter","tag-thomas-broich","tag-thomas-wagner","tag-thorsten-winkler","tag-tobi-fischbeck","tag-tobi-schaefer","tag-tobi-wahnschaffe","tag-tom-bartels","tag-toni-tomic","tag-torsten-pueschel","tag-ulf-kahmke","tag-uli-hebel","tag-uwe-morawe","tag-wilfried-hark","tag-wolff-fuss","tag-yannick-erkenbrecher"],"_links":{"self":[{"href":"https:\/\/kommentatorenblog.de\/index.php?rest_route=\/wp\/v2\/posts\/12949","targetHints":{"allow":["GET"]}}],"collection":[{"href":"https:\/\/kommentatorenblog.de\/index.php?rest_route=\/wp\/v2\/posts"}],"about":[{"href":"https:\/\/kommentatorenblog.de\/index.php?rest_route=\/wp\/v2\/types\/post"}],"author":[{"embeddable":true,"href":"https:\/\/kommentatorenblog.de\/index.php?rest_route=\/wp\/v2\/users\/12"}],"replies":[{"embeddable":true,"href":"https:\/\/kommentatorenblog.de\/index.php?rest_route=%2Fwp%2Fv2%2Fcomments&post=12949"}],"version-history":[{"count":60,"href":"https:\/\/kommentatorenblog.de\/index.php?rest_route=\/wp\/v2\/posts\/12949\/revisions"}],"predecessor-version":[{"id":13324,"href":"https:\/\/kommentatorenblog.de\/index.php?rest_route=\/wp\/v2\/posts\/12949\/revisions\/13324"}],"wp:attachment":[{"href":"https:\/\/kommentatorenblog.de\/index.php?rest_route=%2Fwp%2Fv2%2Fmedia&parent=12949"}],"wp:term":[{"taxonomy":"category","embeddable":true,"href":"https:\/\/kommentatorenblog.de\/index.php?rest_route=%2Fwp%2Fv2%2Fcategories&post=12949"},{"taxonomy":"post_tag","embeddable":true,"href":"https:\/\/kommentatorenblog.de\/index.php?rest_route=%2Fwp%2Fv2%2Ftags&post=12949"}],"curies":[{"name":"wp","href":"https:\/\/api.w.org\/{rel}","templated":true}]}}