{"id":12965,"date":"2022-05-17T20:31:40","date_gmt":"2022-05-17T18:31:40","guid":{"rendered":"http:\/\/kommentatorenblog.de\/?p=12965"},"modified":"2022-05-18T18:08:02","modified_gmt":"2022-05-18T16:08:02","slug":"1257-finale-ohoho","status":"publish","type":"post","link":"https:\/\/kommentatorenblog.de\/?p=12965","title":{"rendered":"1257- Finale ohoho"},"content":{"rendered":"\n<p>Hallo zusammen,<\/p>\n\n\n\n<p>das war sie also die Bundesliga Saison 2021\/22. Ein Ende mit nochmal richtig Action, mit vielen &#8222;Toooorrr in &#8230;.&#8220;- Rufen und auch viel Drama. Ein Spieltag der dem Fu\u00dfball so richtig gut tun d\u00fcrfte. Lange schien die Hertha mit Felix Magath gerettet, man f\u00fchrte gegen den Vizemeister BVB, da half den Stuttgartern auch ihre F\u00fchrung gegen K\u00f6ln nichts. Zwischenzeitlich glichen K\u00f6ln und Dortmund aus, der BVB f\u00fchrte schlie\u00dflich. Doch noch immer alles gleich, die Hertha ist gerettet, der VfB in der Relegation. Doch dann Tooorrr in Stuttgart f\u00fcr den VfB und der VfB war pl\u00f6tzlich gerettet und die Hertha muss in der Relegation ran.<\/p>\n\n\n\n<p><strong>Schalke und Werde zur\u00fcck in der Bundesliga<\/strong><\/p>\n\n\n\n<p>Auch in der 2. Liga ging es nicht ohne Drama. Die Spiele hatten noch nicht mal richtig angefangen, da f\u00fchrte Darmstadt schon, wenig sp\u00e4ter auch Werder und kurz darauf lag der HSV hinten und w\u00e4re damit wieder mal Vierter geworden. Doch die Hanseaten drehten das Spiel und verdr\u00e4ngten Darmstadt noch von Platz drei und haben somit doch noch die M\u00f6glichkeit Werder und Schalke in die Bundesliga zu folgen.<\/p>\n\n\n\n<p><strong>Wolfsburgerinnen jubeln zum 7. Mal &#8211; auch die Eintracht freut sich<\/strong><\/p>\n\n\n\n<p>In der Frauen- Bundesliga hat der VfL Wolfsburg den Meistertitel vor dem FC Bayern geholt. Das war vor diesem Spieltag bereits klar, nicht jedoch, wer den beiden Teams in die Champions League folgen wird. Vor diesem Spieltag belegte den Platz noch Turbine Potsdam, doch durch ihre Niederlage gegen die Bayern und den Frankfurter Sieg, zog die Eintracht noch an Potsdam vorbei und sicherte sich den 3. Platz. Als Absteiger folgt der SC Sand Carl Zeiss Jena in Liga 2, welche aktuell noch spielt, weshalb die Aufsteiger noch nicht feststehen.<\/p>\n\n\n\n<p>Jetzt aber wieder zur Relegation und damit auch zur Hertha, ob der Hauptstadtklub auch n\u00e4chstes Jahr erstklassig sein wird, werden wir am 23. Mai wissen, wenn das R\u00fcckspiel der Relegation stattfindet. Das Hinspiel steht bereits diese Woche Donnerstag an, dann empf\u00e4ngt die Hertha den HSV. Alles weitere zur Begegnung findet ihr unten in der Analyse.<\/p>\n\n\n\n<p><strong>Eintracht im Europapokal<\/strong><\/p>\n\n\n\n<p>Doch bevor es in die Relegation geht, gibt es erstmal ein Finale, zwar eins von vielen in der n\u00e4chsten Zeit, aber eben doch ein besonderes: das Europa League Finale mit der Eintracht aus Frankfurt. Am Mittwoch (!nicht wie \u00fcblich Donnerstags!) ist es soweit, dann treffen die Frankfurter in Sevilla auf den Leipzig- Bezwinger Glasgow Ranger. Das Spiel gibt es nat\u00fcrlich bei RTL zu sehen, alle Infos dazu gibt es unten in der Analyse.<\/p>\n\n\n\n<p>Das Europa League Finale ist eines von vielen Finals in der n\u00e4chsten Zeit, so folgen die DFB- Pokal Finals und Champions League &#8211; Finals der M\u00e4nner und Frauen sowie das Finale der Conference in den n\u00e4chsten zwei Wochen. Alle Ansetzungen dazu, sowie zu den Relegationsspielen findet ihr samt Analyse auch wieder hier bei uns. <\/p>\n\n\n\n<p><strong>Alle Infos hier im Blog und bei Instagram<\/strong><\/p>\n\n\n\n<p>Die t\u00e4glichen Highlights mit allen TV-Ansetzungen gibt es daneben auch auf unserem Instagram- Kanal zu sehen. Hier informieren euch Hannes und Nico, schaut also auch da gerne mal vorbei:<\/p>\n\n\n\n<div class=\"wp-block-buttons is-layout-flex wp-block-buttons-is-layout-flex\">\n<div class=\"wp-block-button\"><a class=\"wp-block-button__link\" href=\"https:\/\/www.instagram.com\/komm_blog\/\" target=\"_blank\" rel=\"noreferrer noopener\">@komm_blog bei Instagram<\/a><\/div>\n<\/div>\n\n\n\n<hr class=\"wp-block-separator\"\/>\n\n\n\n<p>Bevor der Blick nun zu den Ansetzungen geht, m\u00f6chte ich noch auf einen (zuk\u00fcnftig) neuen Streaming- Anbieter schauen: S- Nation Media. Hannes hatte diesen bereits letzte Woche in den Kommentaren erw\u00e4hnt, da S- Nation Media sich ab 2023\/24 die TV- Rechte f\u00fcr die Basketball- Bundesliga gesichert hat. Viele von euch d\u00fcrften S- Nation Media noch nicht kennen, daf\u00fcr aber, wer dahinter steckt. Denn hierbei handelt es sich um einen Sport- Streaming- Anbieter, welcher Ende letzten Jahres von Ex- DFL- Chef Seifert und der Axel Springer SE gegr\u00fcndet wurde. Die Idee dahinter ist, dass man die Sportarten au\u00dferhalb des Fu\u00dfballs in den Vordergrund r\u00fccken und \u00fcbertragen m\u00f6chte. So hat man sich innerhalb von k\u00fcrzester Zeit auch ab der Saison 2023\/24 bereits die TV- Rechte f\u00fcr drei Bundesligen gesichert. Dazu geh\u00f6ren neben Basketball (BBL) auch Volleyball und Tischtennis (bei allen dreien die M\u00e4nner- Bundesliga). Wie zu lesen ist, schielt man auch auf die DEL (Update: Magenta hat die Rechte vorzeitig langfristig verl\u00e4ngert) und die Handball- Bundesliga, wo die Rechte aktuell bei Magenta und Sky liegen. Erstere hat dabei mit der BBL bereits ein TV- Recht, durchaus \u00fcberraschend, an Seiferts Streamingdienst verloren. Ganz so gl\u00fccklich wirkte man dar\u00fcber (verst\u00e4ndlicherweise) bei Magenta nicht.<\/p>\n\n\n\n<p>Neben dem Mehrheitseigner, der Axel Springer SE, scheint es, dass S- Nation Media auch schon einen weiteren (Kooperations-) Partner f\u00fcr seine \u00dcbertragungen gefunden hat. Denn so laufen aktuell Gespr\u00e4che zwischen der ARD und dem Streaminganbieter bez\u00fcglich Sublizenzen der BBL. Dazu lassen die Worte von ARD- Sportchef Axel Balkausky, dass man gerne mit Partner, wie S- Nation Media den Sport voranbringen wolle, vermuten, dass sich eine Kooperation beziehungsweise die Sublizenzierung auch auf weitere Ligen beziehen k\u00f6nnte.<\/p>\n\n\n\n<p>Jetzt aber zu den Ansetzungen der kommenden Tage:<\/p>\n\n\n\n<p id=\"Ansetzungen\"><strong>Die Ansetzungen vom 16. Mai bis zum 19. Mai 2022<\/strong>:<\/p>\n\n\n\n<hr class=\"wp-block-separator\"\/>\n\n\n\n<p class=\"has-vivid-red-color has-text-color\"><strong>Europa League- Finale (RTL\/RTL+)<\/strong><\/p>\n\n\n\n<p><span style=\"text-decoration: underline;\">Mittwoch, 18. Mai 2022, ab 20.15 Uhr (RTL) bzw. ab 19.45 Uhr (RTL+)<\/span><\/p>\n\n\n\n<p><strong style=\"font-style: italic;\">Eintracht Frankfurt <strong><em><span><b style=\"font-style: italic;\">\u2013<\/b><\/span><\/em><\/strong><\/strong> <em><strong>Glasgow Rangers (21.00Uhr)<\/strong><\/em><\/p>\n\n\n\n<p><img loading=\"lazy\" decoding=\"async\" width=\"10\" height=\"21\" class=\"wp-image-3656\" style=\"width: 10px;\" src=\"http:\/\/kommentatorenblog.de\/wp-content\/uploads\/2020\/09\/shure-55sh-ii-e1601485394796.jpg\" alt=\"\" srcset=\"https:\/\/kommentatorenblog.de\/wp-content\/uploads\/2020\/09\/shure-55sh-ii-e1601485394796.jpg 415w, https:\/\/kommentatorenblog.de\/wp-content\/uploads\/2020\/09\/shure-55sh-ii-e1601485394796-142x300.jpg 142w\" sizes=\"auto, (max-width: 10px) 100vw, 10px\" \/> RTL: Marco Hagemann, Experte: Steffen Freund<\/p>\n\n\n\n<p><img loading=\"lazy\" decoding=\"async\" width=\"10\" height=\"21\" class=\"wp-image-3656\" style=\"width: 10px;\" src=\"http:\/\/kommentatorenblog.de\/wp-content\/uploads\/2020\/09\/shure-55sh-ii-e1601485394796.jpg\" alt=\"\" srcset=\"https:\/\/kommentatorenblog.de\/wp-content\/uploads\/2020\/09\/shure-55sh-ii-e1601485394796.jpg 415w, https:\/\/kommentatorenblog.de\/wp-content\/uploads\/2020\/09\/shure-55sh-ii-e1601485394796-142x300.jpg 142w\" sizes=\"auto, (max-width: 10px) 100vw, 10px\" \/> RTL+: Cornelius K\u00fcpper<\/p>\n\n\n\n<p>Moderation (RTL): Laura Papendick, Experte: Karl-Heinz Riedle, Reporter vor Ort: Thomas Wagner, Felix G\u00f6rner<\/p>\n\n\n\n<p>Moderation (RTL+): Anna Kraft, Robby Hunke und Arnd Zeigler, Experte: Ansgar Brinkmann, Gast: Joachim Llambi<\/p>\n\n\n\n<hr class=\"wp-block-separator\"\/>\n\n\n\n<p class=\"has-vivid-red-color has-text-color\"><strong>Relegations- Hinspiel Bundesliga (Sat1\/Sky)<\/strong><\/p>\n\n\n\n<p><span style=\"text-decoration: underline;\">Donnerstag, 19. Mai 2022, ab 19.30 Uhr<\/span><\/p>\n\n\n\n<p><strong><em>Hertha BSC<\/em> <strong><em><span><b style=\"font-style: italic;\">\u2013<\/b><\/span><\/em><\/strong><\/strong> <em><strong>Hamburger SV (20.30 Uhr)<\/strong><\/em><\/p>\n\n\n\n<p><img loading=\"lazy\" decoding=\"async\" width=\"10\" height=\"21\" class=\"wp-image-3656\" style=\"width: 10px;\" src=\"http:\/\/kommentatorenblog.de\/wp-content\/uploads\/2020\/09\/shure-55sh-ii-e1601485394796.jpg\" alt=\"\" srcset=\"https:\/\/kommentatorenblog.de\/wp-content\/uploads\/2020\/09\/shure-55sh-ii-e1601485394796.jpg 415w, https:\/\/kommentatorenblog.de\/wp-content\/uploads\/2020\/09\/shure-55sh-ii-e1601485394796-142x300.jpg 142w\" sizes=\"auto, (max-width: 10px) 100vw, 10px\" \/> Sat 1: Wolff Fuss<\/p>\n\n\n\n<p><img loading=\"lazy\" decoding=\"async\" width=\"10\" height=\"21\" class=\"wp-image-3656\" style=\"width: 10px;\" src=\"http:\/\/kommentatorenblog.de\/wp-content\/uploads\/2020\/09\/shure-55sh-ii-e1601485394796.jpg\" alt=\"\" srcset=\"https:\/\/kommentatorenblog.de\/wp-content\/uploads\/2020\/09\/shure-55sh-ii-e1601485394796.jpg 415w, https:\/\/kommentatorenblog.de\/wp-content\/uploads\/2020\/09\/shure-55sh-ii-e1601485394796-142x300.jpg 142w\" sizes=\"auto, (max-width: 10px) 100vw, 10px\" \/> Sky: Kai Dittmann<\/p>\n\n\n\n<p>Moderation (Sat1): Matthias Opdenh\u00f6vel, Experte: Stefan Kuntz, Field-Reporterin: Andrea Kaiser<\/p>\n\n\n\n<p>Moderation (Sky): Patrick Wasserziehr, Field-Reporter: Martin Gro\u00df<\/p>\n\n\n\n<hr class=\"wp-block-separator\"\/>\n\n\n\n<p class=\"has-vivid-red-color has-text-color\"><strong>Premier League, Nachholspiele (Sky)<\/strong><\/p>\n\n\n\n<p><span style=\"text-decoration: underline;\">Dienstag, 17. Mai 2022<\/span><\/p>\n\n\n\n<p><span><strong style=\"font-style: italic;\"><span><strong style=\"font-style: italic;\">FC Southampton <\/strong><\/span><strong style=\"font-style: italic;\"><strong><em><span><b style=\"font-style: italic;\">\u2013<\/b><\/span><\/em><\/strong><\/strong> <em><strong>FC Liverpool (20.15 Uhr)<\/strong><\/em><\/strong><\/span><\/p>\n\n\n\n<p><span><strong style=\"font-style: italic;\"><img loading=\"lazy\" decoding=\"async\" width=\"10\" height=\"21\" class=\"wp-image-3656\" style=\"width: 10px;\" src=\"http:\/\/kommentatorenblog.de\/wp-content\/uploads\/2020\/09\/shure-55sh-ii-e1601485394796.jpg\" alt=\"\" srcset=\"https:\/\/kommentatorenblog.de\/wp-content\/uploads\/2020\/09\/shure-55sh-ii-e1601485394796.jpg 415w, https:\/\/kommentatorenblog.de\/wp-content\/uploads\/2020\/09\/shure-55sh-ii-e1601485394796-142x300.jpg 142w\" sizes=\"auto, (max-width: 10px) 100vw, 10px\" \/> <\/strong><\/span>Florian Schmidt- Sommerfeld, Experten: Mladen Petric, Raphael Honigstein<\/p>\n\n\n\n<p><span style=\"text-decoration: underline;\">Donnerstag, 19. Mai 2022<\/span><\/p>\n\n\n\n<p><span><strong style=\"font-style: italic;\">FC Everton <\/strong><\/span><strong style=\"font-style: italic;\"><strong><em><span><b style=\"font-style: italic;\">\u2013<\/b><\/span><\/em><\/strong><\/strong> <em><strong>Crystal Palace (20.35 Uhr)<\/strong><\/em><\/p>\n\n\n\n<p><img loading=\"lazy\" decoding=\"async\" width=\"10\" height=\"21\" class=\"wp-image-3656\" style=\"width: 10px;\" src=\"http:\/\/kommentatorenblog.de\/wp-content\/uploads\/2020\/09\/shure-55sh-ii-e1601485394796.jpg\" alt=\"\" srcset=\"https:\/\/kommentatorenblog.de\/wp-content\/uploads\/2020\/09\/shure-55sh-ii-e1601485394796.jpg 415w, https:\/\/kommentatorenblog.de\/wp-content\/uploads\/2020\/09\/shure-55sh-ii-e1601485394796-142x300.jpg 142w\" sizes=\"auto, (max-width: 10px) 100vw, 10px\" \/> Hannes Herrmann<\/p>\n\n\n\n<p><span><strong style=\"font-style: italic;\">FC Chelsea<\/strong><\/span><strong style=\"font-style: italic;\"><strong><em><b style=\"font-style: italic;\">\u2013<\/b><\/em><\/strong><\/strong> <em><strong>Leicester City (20.50 Uhr)<\/strong><\/em><\/p>\n\n\n\n<p><img loading=\"lazy\" decoding=\"async\" width=\"10\" height=\"21\" class=\"wp-image-3656\" style=\"width: 10px;\" src=\"http:\/\/kommentatorenblog.de\/wp-content\/uploads\/2020\/09\/shure-55sh-ii-e1601485394796.jpg\" alt=\"\" srcset=\"https:\/\/kommentatorenblog.de\/wp-content\/uploads\/2020\/09\/shure-55sh-ii-e1601485394796.jpg 415w, https:\/\/kommentatorenblog.de\/wp-content\/uploads\/2020\/09\/shure-55sh-ii-e1601485394796-142x300.jpg 142w\" sizes=\"auto, (max-width: 10px) 100vw, 10px\" \/> Sven Schr\u00f6ter<\/p>\n\n\n\n<p><span><strong style=\"font-style: italic;\">Aston Villa <\/strong><\/span><strong style=\"font-style: italic;\"><strong><em><b style=\"font-style: italic;\">\u2013<\/b><\/em><\/strong><\/strong> <em><strong>FC Burnley (20.50 Uhr)<\/strong><\/em><\/p>\n\n\n\n<p><img loading=\"lazy\" decoding=\"async\" width=\"10\" height=\"21\" class=\"wp-image-3656\" style=\"width: 10px;\" src=\"http:\/\/kommentatorenblog.de\/wp-content\/uploads\/2020\/09\/shure-55sh-ii-e1601485394796.jpg\" alt=\"\" srcset=\"https:\/\/kommentatorenblog.de\/wp-content\/uploads\/2020\/09\/shure-55sh-ii-e1601485394796.jpg 415w, https:\/\/kommentatorenblog.de\/wp-content\/uploads\/2020\/09\/shure-55sh-ii-e1601485394796-142x300.jpg 142w\" sizes=\"auto, (max-width: 10px) 100vw, 10px\" \/> Joachim Hebel<\/p>\n\n\n\n<hr class=\"wp-block-separator\"\/>\n\n\n\n<p class=\"has-vivid-red-color has-text-color\"><strong>Championship, Playoff-Halbfinale R\u00fcckspiel (Sportdigital FUSSBALL)<\/strong><\/p>\n\n\n\n<p><span style=\"text-decoration: underline;\">Dienstag, 17. Mai 2022<\/span><\/p>\n\n\n\n<p><span><strong style=\"font-style: italic;\"><span><strong style=\"font-style: italic;\">Nottingham Forest <\/strong><\/span><strong style=\"font-style: italic;\"><strong><em><span><b style=\"font-style: italic;\">\u2013<\/b><\/span><\/em><\/strong><\/strong> <em><strong>Sheffield United (20.45 Uhr)<\/strong><\/em><\/strong><\/span><span><strong style=\"font-style: italic;\"><br><img loading=\"lazy\" decoding=\"async\" width=\"10\" height=\"21\" class=\"wp-image-3656\" style=\"width: 10px;\" src=\"http:\/\/kommentatorenblog.de\/wp-content\/uploads\/2020\/09\/shure-55sh-ii-e1601485394796.jpg\" alt=\"\" srcset=\"https:\/\/kommentatorenblog.de\/wp-content\/uploads\/2020\/09\/shure-55sh-ii-e1601485394796.jpg 415w, https:\/\/kommentatorenblog.de\/wp-content\/uploads\/2020\/09\/shure-55sh-ii-e1601485394796-142x300.jpg 142w\" sizes=\"auto, (max-width: 10px) 100vw, 10px\" \/> <\/strong><\/span>Arne Malsch<\/p>\n\n\n\n<hr class=\"wp-block-separator\"\/>\n\n\n\n<p class=\"has-vivid-red-color has-text-color\"><strong>A-League, Halbfinal-Hinspiel (Sportdigital FUSSBALL)<\/strong><\/p>\n\n\n\n<p><span style=\"text-decoration: underline;\">Dienstag, 17. Mai 2022<\/span><\/p>\n\n\n\n<p><span><strong style=\"font-style: italic;\"><span><strong style=\"font-style: italic;\">Western United FC <\/strong><\/span><strong style=\"font-style: italic;\"><strong><em><span><b style=\"font-style: italic;\">\u2013<\/b><\/span><\/em><\/strong><\/strong> <em><strong>Melbourne Victory (11.05 Uhr)<\/strong><\/em><br><img loading=\"lazy\" decoding=\"async\" width=\"10\" height=\"21\" class=\"wp-image-3656\" style=\"width: 10px;\" src=\"http:\/\/kommentatorenblog.de\/wp-content\/uploads\/2020\/09\/shure-55sh-ii-e1601485394796.jpg\" alt=\"\" srcset=\"https:\/\/kommentatorenblog.de\/wp-content\/uploads\/2020\/09\/shure-55sh-ii-e1601485394796.jpg 415w, https:\/\/kommentatorenblog.de\/wp-content\/uploads\/2020\/09\/shure-55sh-ii-e1601485394796-142x300.jpg 142w\" sizes=\"auto, (max-width: 10px) 100vw, 10px\" \/> <\/strong><\/span>Christian Blunck<\/p>\n\n\n\n<p><span style=\"text-decoration: underline;\">Mittwoch, 18. Mai 2022<\/span><\/p>\n\n\n\n<p><span><strong style=\"font-style: italic;\"><span><strong style=\"font-style: italic;\">Adelaide United <\/strong><\/span><strong style=\"font-style: italic;\"><strong><em><span><b style=\"font-style: italic;\">\u2013<\/b><\/span><\/em><\/strong><\/strong> <em><strong>Melbourne City (11.05 Uhr)<\/strong><\/em><br><img loading=\"lazy\" decoding=\"async\" width=\"10\" height=\"21\" class=\"wp-image-3656\" style=\"width: 10px;\" src=\"http:\/\/kommentatorenblog.de\/wp-content\/uploads\/2020\/09\/shure-55sh-ii-e1601485394796.jpg\" alt=\"\" srcset=\"https:\/\/kommentatorenblog.de\/wp-content\/uploads\/2020\/09\/shure-55sh-ii-e1601485394796.jpg 415w, https:\/\/kommentatorenblog.de\/wp-content\/uploads\/2020\/09\/shure-55sh-ii-e1601485394796-142x300.jpg 142w\" sizes=\"auto, (max-width: 10px) 100vw, 10px\" \/> <\/strong><\/span>Christian Blunck<\/p>\n\n\n\n<hr class=\"wp-block-separator\"\/>\n\n\n\n<p class=\"has-vivid-red-color has-text-color\"><strong>AFC Cup , Gruppenphase 1. Spieltag (Sportdigital FUSSBALL)<\/strong><\/p>\n\n\n\n<p><span style=\"text-decoration: underline;\">Mittwoch, 18. Mai 2022<\/span><\/p>\n\n\n\n<p><span><strong style=\"font-style: italic;\"><span><strong style=\"font-style: italic;\">Gokulam Kerala (IND) <\/strong><\/span><strong style=\"font-style: italic;\"><strong><em><span><b style=\"font-style: italic;\">\u2013<\/b><\/span><\/em><\/strong><\/strong> <em><strong>ATK Mohun Bagan FC (IND) (13.00 Uhr)<\/strong><\/em><br><img loading=\"lazy\" decoding=\"async\" width=\"10\" height=\"21\" class=\"wp-image-3656\" style=\"width: 10px;\" src=\"http:\/\/kommentatorenblog.de\/wp-content\/uploads\/2020\/09\/shure-55sh-ii-e1601485394796.jpg\" alt=\"\" srcset=\"https:\/\/kommentatorenblog.de\/wp-content\/uploads\/2020\/09\/shure-55sh-ii-e1601485394796.jpg 415w, https:\/\/kommentatorenblog.de\/wp-content\/uploads\/2020\/09\/shure-55sh-ii-e1601485394796-142x300.jpg 142w\" sizes=\"auto, (max-width: 10px) 100vw, 10px\" \/> <\/strong><\/span>tba<\/p>\n\n\n\n<p><span><strong style=\"font-style: italic;\"><span><strong style=\"font-style: italic;\">Al Riffa (BHR) <\/strong><\/span><strong style=\"font-style: italic;\"><strong><em><span><b style=\"font-style: italic;\">\u2013<\/b><\/span><\/em><\/strong><\/strong> <em><strong>Arabi SC (KUW) (17.00 Uhr)<\/strong><\/em><br><img loading=\"lazy\" decoding=\"async\" width=\"10\" height=\"21\" class=\"wp-image-3656\" style=\"width: 10px;\" src=\"http:\/\/kommentatorenblog.de\/wp-content\/uploads\/2020\/09\/shure-55sh-ii-e1601485394796.jpg\" alt=\"\" srcset=\"https:\/\/kommentatorenblog.de\/wp-content\/uploads\/2020\/09\/shure-55sh-ii-e1601485394796.jpg 415w, https:\/\/kommentatorenblog.de\/wp-content\/uploads\/2020\/09\/shure-55sh-ii-e1601485394796-142x300.jpg 142w\" sizes=\"auto, (max-width: 10px) 100vw, 10px\" \/> <\/strong><\/span>tba<\/p>\n\n\n\n<hr class=\"wp-block-separator\"\/>\n\n\n\n<p class=\"has-vivid-red-color has-text-color\"><strong>Copa Libertadores , Gruppenphase 5. Spieltag (Sportdigital FUSSBALL)<\/strong><\/p>\n\n\n\n<p><span style=\"text-decoration: underline;\">Mittwoch, 18. Mai 2022<\/span><\/p>\n\n\n\n<p><span><strong style=\"font-style: italic;\"><span><strong style=\"font-style: italic;\">Bragantino (BRA) <\/strong><\/span><strong style=\"font-style: italic;\"><strong><em><span><b style=\"font-style: italic;\">\u2013<\/b><\/span><\/em><\/strong><\/strong> <em><strong>Estudiantes (ARG) (00.15 Uhr)<\/strong><\/em><br><img loading=\"lazy\" decoding=\"async\" width=\"10\" height=\"21\" class=\"wp-image-3656\" style=\"width: 10px;\" src=\"http:\/\/kommentatorenblog.de\/wp-content\/uploads\/2020\/09\/shure-55sh-ii-e1601485394796.jpg\" alt=\"\" srcset=\"https:\/\/kommentatorenblog.de\/wp-content\/uploads\/2020\/09\/shure-55sh-ii-e1601485394796.jpg 415w, https:\/\/kommentatorenblog.de\/wp-content\/uploads\/2020\/09\/shure-55sh-ii-e1601485394796-142x300.jpg 142w\" sizes=\"auto, (max-width: 10px) 100vw, 10px\" \/> <\/strong><\/span>tba<\/p>\n\n\n\n<p><span><strong style=\"font-style: italic;\"><span><strong style=\"font-style: italic;\">Boca Juniors (ARG) <\/strong><\/span><strong style=\"font-style: italic;\"><strong><em><span><b style=\"font-style: italic;\">\u2013<\/b><\/span><\/em><\/strong><\/strong> <em><strong>Corinthians (BRA) (02.30 Uhr)<\/strong><\/em><br><img loading=\"lazy\" decoding=\"async\" width=\"10\" height=\"21\" class=\"wp-image-3656\" style=\"width: 10px;\" src=\"http:\/\/kommentatorenblog.de\/wp-content\/uploads\/2020\/09\/shure-55sh-ii-e1601485394796.jpg\" alt=\"\" srcset=\"https:\/\/kommentatorenblog.de\/wp-content\/uploads\/2020\/09\/shure-55sh-ii-e1601485394796.jpg 415w, https:\/\/kommentatorenblog.de\/wp-content\/uploads\/2020\/09\/shure-55sh-ii-e1601485394796-142x300.jpg 142w\" sizes=\"auto, (max-width: 10px) 100vw, 10px\" \/> <\/strong><\/span>tba<\/p>\n\n\n\n<hr class=\"wp-block-separator\"\/>\n\n\n\n<p class=\"has-vivid-red-color has-text-color\"><strong><code>ANALYSE<\/code><\/strong><\/p>\n\n\n\n<p><strong>Europa League Finale mit der Eintracht<\/strong><\/p>\n\n\n\n<p>Wie schon bereits im Vorwort erw\u00e4hnt, steht unter der Woche das Endspiel der Europa League an, mit Eintracht Frankfurt. RTL \u00fcbertr\u00e4gt nat\u00fcrlich live. Das Spiel findet aber, Achtung, nicht am Donnerstag, sondern bereits am Mittwoch statt. Das Spiel beginnt um 21 Uhr, die \u00dcbertragung bei RTL startet, wie gewohnt um 20.15 Uhr.<\/p>\n\n\n\n<p>Kommentator der Begegnung wird, wenig \u00fcberraschend Marco Hagemann sein. Sein Co- Kommentator wird, wie immer, Steffen Freund sein. Die beiden melden sich eben wie Moderatorin Laura Papendick und Experte Karl- Heinz Riedle aus dem Stadion in Sevilla.<\/p>\n\n\n\n<p>Bei RTL+ darf Cornelius K\u00fcpper das Finale \u00fcbernehmen. Die Viererkette bei RTL+ mit Gast Joachim Llambi meldet sich diesmal aus dem deutschen Fu\u00dfballmuseum und begleitet von dort aus den Europapokal- Abend. Als Reporter in Sevilla werden Thomas Wagner und Felix G\u00f6rner sein. Christoph K\u00fcppers wird zudem als Reporter f\u00fcr Matchday im Einsatz sein.<\/p>\n\n\n\n<p><strong>Bundesliga Relegation zur\u00fcck im Free TV<\/strong><\/p>\n\n\n\n<p>Nach dem Euro League- Finale ist vor der Relegation. Am Donnerstag geht es dann n\u00e4mlich um den Verbleib bzw. Aufstieg in die Bundesliga, wenn sich Hertha BSC und der HSV duellieren.<\/p>\n\n\n\n<p>Die Partie, sowie die drei weiteren Relegationspartien (1. Liga-2. Liga und 2.Liga- 3. Liga) werden sowohl bei Sky als auch im Free TV bei Sat 1 zu sehen sein. Nachdem im letzten Jahr nur die Relegationsspiele 2.Liga gegen 3. Liga (damals noch beim ZDF) im Free TV zu sehen waren, werden nun wieder alle gezeigt. Es war vor kurzem auch zu lesen, dass die DFL in Zukunft vermehrt ins Free TV bringen k\u00f6nnte.<\/p>\n\n\n\n<p>Jetzt aber zur\u00fcck in die Realit\u00e4t und zu Sat1. Die Moderation des Spiels \u00fcbernimmt wenig \u00fcberraschend Matthias Opdenh\u00f6vel. Genauso wenig \u00fcberrascht Wolf Fuss als Kommentator, und auch Stefan Kuntz als Experte geh\u00f6rt zum Stammteam bei den Bundesliga- \u00dcbertragungen von Sat 1. Vervollst\u00e4ndigt wird das Team durch die Field- Reporterin Andrea Kaiser. Beim Relegationsspiel 2.\/3. Liga \u00fcbernimmt dann Matthias Killing die Position des Field- Reporters.<\/p>\n\n\n\n<p>Die Pay TV- \u00dcbertragung der Relegation \u00fcbernimmt ab dieser Saison wieder Sky, nachdem das Rechtepaket zwischenzeitlich bei DAZN lag. Die Moderation im Berliner Olympiastadion darf Patrick Wasserziehr \u00fcbernehmen. Kommentator wird Kai Dittmann sein, sein Kollege Wolff Fuss ist ja zeitgleich bei Sat1 im Einsatz. Wer die Interviews f\u00fchren wird, werden wir euch nachreichen, sobald wir es wissen <strong>Update: <\/strong>Martin Gro\u00df wird als Fielder im Einsatz sein<\/p>\n\n\n\n<p><strong>Nachholer auf der Insel<\/strong><\/p>\n\n\n\n<p>In der Premier League stehen unterdessen, ein Spieltag vor Schluss, noch einige Nachholspiele an. Sky zeigt eins davon am Dienstag, die anderen drei dann am Donnerstag. Das Spiel am Dienstag erh\u00e4lt dabei Florian Schmidt- Sommerfeld, welcher von Mladen Petric und Raphael Honigstein unterst\u00fctzt wird. Am Donnerstag kommen dann noch Hannes Herrmann, Sven Schr\u00f6ter und Joachim Hebel zum Einsatz.<\/p>\n\n\n\n<p>Sportdigital hat zudem noch einige internationale Spiele im Angebot.<\/p>\n\n\n\n<p>Das solls erstmal gewesen sein f\u00fcr diese Woche. Am Donnerstag meldet sich dann Hannes, u.a. mit dem DFB- Pokal Finale der M\u00e4nner sowie dem Finaltag der Amateure. Euch eine ruhige Woche.<\/p>\n","protected":false},"excerpt":{"rendered":"<p>Hallo zusammen, das war sie also die Bundesliga Saison 2021\/22. Ein Ende mit nochmal richtig Action, mit vielen &#8222;Toooorrr in &#8230;.&#8220;- Rufen und auch viel Drama. Ein Spieltag der dem Fu\u00dfball so richtig gut tun d\u00fcrfte. Lange schien die Hertha mit Felix Magath gerettet, man f\u00fchrte gegen den Vizemeister BVB, da half den Stuttgartern auch [&hellip;]<\/p>\n","protected":false},"author":10,"featured_media":0,"comment_status":"open","ping_status":"open","sticky":false,"template":"","format":"standard","meta":{"footnotes":""},"categories":[429],"tags":[583,263,57,89,104,347,93,43,571,101,94,306,22,134,27,107],"class_list":["post-12965","post","type-post","status-publish","format-standard","hentry","category-diverses","tag-andrea-kaiser","tag-arne-malsch","tag-christian-blunck","tag-florian-schmidt-sommerfeld","tag-hannes-herrmann","tag-joachim-hebel","tag-kai-dittmann","tag-marco-hagemann","tag-matthias-killling","tag-matthias-opdenhoevel","tag-patrick-wasserziehr","tag-sat-1","tag-sky","tag-sportdigital-fussball","tag-sven-schroeter","tag-wolff-fuss"],"_links":{"self":[{"href":"https:\/\/kommentatorenblog.de\/index.php?rest_route=\/wp\/v2\/posts\/12965","targetHints":{"allow":["GET"]}}],"collection":[{"href":"https:\/\/kommentatorenblog.de\/index.php?rest_route=\/wp\/v2\/posts"}],"about":[{"href":"https:\/\/kommentatorenblog.de\/index.php?rest_route=\/wp\/v2\/types\/post"}],"author":[{"embeddable":true,"href":"https:\/\/kommentatorenblog.de\/index.php?rest_route=\/wp\/v2\/users\/10"}],"replies":[{"embeddable":true,"href":"https:\/\/kommentatorenblog.de\/index.php?rest_route=%2Fwp%2Fv2%2Fcomments&post=12965"}],"version-history":[{"count":24,"href":"https:\/\/kommentatorenblog.de\/index.php?rest_route=\/wp\/v2\/posts\/12965\/revisions"}],"predecessor-version":[{"id":13041,"href":"https:\/\/kommentatorenblog.de\/index.php?rest_route=\/wp\/v2\/posts\/12965\/revisions\/13041"}],"wp:attachment":[{"href":"https:\/\/kommentatorenblog.de\/index.php?rest_route=%2Fwp%2Fv2%2Fmedia&parent=12965"}],"wp:term":[{"taxonomy":"category","embeddable":true,"href":"https:\/\/kommentatorenblog.de\/index.php?rest_route=%2Fwp%2Fv2%2Fcategories&post=12965"},{"taxonomy":"post_tag","embeddable":true,"href":"https:\/\/kommentatorenblog.de\/index.php?rest_route=%2Fwp%2Fv2%2Ftags&post=12965"}],"curies":[{"name":"wp","href":"https:\/\/api.w.org\/{rel}","templated":true}]}}