{"id":1297,"date":"2020-01-30T23:13:25","date_gmt":"2020-01-30T23:13:25","guid":{"rendered":"http:\/\/kommentatorenblog.de\/?p=1297"},"modified":"2020-12-30T16:01:47","modified_gmt":"2020-12-30T16:01:47","slug":"1052-ohne-worte","status":"publish","type":"post","link":"https:\/\/kommentatorenblog.de\/?p=1297","title":{"rendered":"1052 &#8211; Ohne Worte"},"content":{"rendered":"\n<p>Ich verzichte hier auf gro\u00dfe Vorworte, nur soviel: Wie ihr mitbekommen habt, m\u00fcssen wir Blogger momentan die Kommentare einzeln freigeben, damit sie hier in der Kommentarsektion erscheinen. Es ist ein trauriger Schritt, aber nachdem ich die Kommentare gelesen habe, die sich bei uns so teilweise im Papierkorb befinden, stehe ich voll hinter dieser Entscheidung. Ich m\u00f6chte mich an dieser Stelle nicht zu sehr auslassen, aber was da teilweise f\u00fcr Bullshit, Beleidigungen (unter aller W\u00fcrde, sorry) und unn\u00fctzes Zeug stand, hat mich schlichtweg sprachlos gemacht. Ich frage mich manchmal ernsthaft, ob manche Leute in ihrem Leben schlichtweg nichts besseres zu tun haben, als hier in der Kommentarsektion eines kleinen, unscheinbaren Blogs den gro\u00dfen Macker spielen zu m\u00fcssen. Ich habe vor einiger Zeit geschrieben, dass ich mich einst \u00fcber jeden Kommentar gefreut habe, sei er nun negativ oder positiv. Mittlerweile schlage ich die Seite auf und sehe P\u00f6beleien und Geschichten, die mit dem Inhalt des Beitrags nichts, aber auch rein Garnichts zu tun haben. Und ja, ich muss zugeben, dass nimmt mir mehr und mehr die Motivation, wenn ich ehrlich bin. Stellt euch vor ihr gebt euch in der Schule riesige M\u00fche f\u00fcr eine Pr\u00e4sentation, recherchiert jede einzelne Internetseite ab, die ihr zu diesem Thema befragen k\u00f6nnt und es kommt nach Abschluss eures Vortrags einfach keinerlei Reaktion &#8211; weder Positives Feedback, noch Verbesserungsvorschl\u00e4ge, noch wird \u00fcber das Thema diskutiert. Nein, stattdessen wird hier gegen meine gesch\u00e4tzten Blogger-Kollegen geschossen und auf\u00b4s \u00fcbelste beleidigt&#8230; Und das sich eine Person mit mehreren Accounts anmeldet und hier munter beleidigt und herump\u00f6belt, ist an Traurigkeit nicht zu \u00fcberbieten. In solchen Momenten mache ich mir echt Gedanken, was solche Menschen sonst in ihrem Leben so treiben, wenn sie nicht gerade dabei sind, einen Kommentar im Kommentatorenblog zu verfassen. Freunde, es ist ern\u00fcchternd. Eigentlich sind wir doch alle aus dem gleichen Grund hier, oder? Wir m\u00f6gen den Sport und m\u00f6chten uns informieren, wer das Spiel des Lieblingsclubs kommentiert. Wir m\u00f6chten uns mit Gleichgesinnten austauschen, deren Meinung h\u00f6ren &#8211; so kontrovers die auch sein mag. Und wenn es einem nicht passt, was einer schreibt, halte ich lieber meine Klappe und lasse das kommentarlos stehen. anstatt jemanden zu beleidigen. Am Ende geht es nur um Fu\u00dfball, dies sollte kein Grund sein, anderen Mitmenschen freundliche W\u00f6rter mit dem Anfangsbuchstaben &#8222;A&#8220; an den Kopf werfen zu m\u00fcssen. <\/p>\n\n\n\n<p>So, dass war jetzt doch etwas mehr als es sein sollte, aber irgendwo musste das ganze mal raus. Ich hebe den Zeigefinger und bitte darum, sich jetzt mal am Riemen zu rei\u00dfen. Nat\u00fcrlich will ich hier nicht alle \u00fcber einen Kamm scheren, es gibt auch Kommentare mancher User, die ich sehr gerne lese. Ich nenne keine Namen, aber diese Personen d\u00fcrfen sich gebauchpinselt f\u00fchlen. <\/p>\n\n\n\n<p><strong>Und jetzt ein kurzer, drastischer Themenwechsel<\/strong><\/p>\n\n\n\n<p>Ich bin ja hier so am ehesten f\u00fcr die Basketball-Sektion zust\u00e4ndig. Ich glaube zum Tod der Legende Kobe Bryant wurde bereits alles gesagt, weswegen ich an dieser Stelle den Hinterbliebenen, wohlwissend das sie diese Zeilen nicht lesen werden, viel Kraft f\u00fcr diese schwere Zeit w\u00fcnsche. Nicht nur der Familie von Kobe und dessen Tochter, sondern selbstverst\u00e4ndlich auch den Hinterbliebenen der anderen Verungl\u00fcckten.<\/p>\n\n\n\n<p>Kobe Bryant hatte seine Karriere bereits beendet, als ich anfing, die NBA aktiv zu verfolgen. Aber logischerweise wusste auch ich recht schnell, wer Bryant ist, was dieser geleistet hatte, was dieser erreicht hatte. Was der Typ, auch au\u00dferhalb des Basketballs f\u00fcr einen Legendenstatus genie\u00dft. Die gro\u00dfe Anteilnahme auch von Sportlern au\u00dferhalb des Basketballs spricht B\u00e4nde. Niemand kann sich vorstellen, wie es den aktuellen Spielern der NBA ergangen sein muss, als sie von dieser Nachricht erfuhren und anschlie\u00dfend auch noch ein Spiel bestreiten mussten. F\u00fcr sehr, sehr viele dieser Athleten war Kobe ein Vorbild, eine Ikone. Eine Legende, die viel zu fr\u00fch von uns gegangen ist. Rest in Peace, Mamba. <\/p>\n\n\n\n<p><strong><em>Die Ansetzungen vom 31. Januar 2020 bis zum<\/em><\/strong> <strong><em>03. Februar 2020<\/em><\/strong><\/p>\n\n\n\n<p><strong><em>Bundesliga, 20. Spieltag<\/em><\/strong><\/p>\n\n\n\n<p><u>Freitag, 31. Januar 2020, ab 20.15 Uhr (DAZN<\/u>)<\/p>\n\n\n\n<p><b><i>Hertha BSC &#8211; <\/i><\/b><strong><em>FC Schalke 04 (20.30 Uhr)<\/em><\/strong><\/p>\n\n\n\n<p>DAZN: Lukas Sch\u00f6nm\u00fcller, Experte: Jonas Hummels<\/p>\n\n\n\n<p>Moderation (DAZN): Alex Schl\u00fcter, Field-Reporter: Daniel Herzog<\/p>\n\n\n\n<p><span style=\"text-decoration: underline;\">Samstag, 01. Februar 2020, ab 14.00 Uhr (Sky)<\/span><\/p>\n\n\n\n<p><strong><em>Borussia Dortmund \u2013 1. FC Union Berlin<\/em><\/strong> <strong><em>(15.30 Uhr)<\/em><\/strong><\/p>\n\n\n\n<p>Sky: Marcus Lindemann (Einzelspiel), Frank Buschmann (Konferenz)<\/p>\n\n\n\n<p>Field-Reporter (Sky): Ecki Heuser<\/p>\n\n\n\n<p><strong><em>Fortuna D\u00fcsseldorf &#8211; Eintracht Frankfurt (15.30 Uhr)<\/em><\/strong><\/p>\n\n\n\n<p>Sky: Tom Bayer (Einzelspiel), Marcel Meinert (Konferenz)<\/p>\n\n\n\n<p>Field-Reporter (Sky): Jens Westen<\/p>\n\n\n\n<p><strong><em>FC Augsburg \u2013 SV Werder Bremen<\/em><\/strong> <strong><em>(15.30 Uhr)<\/em><\/strong><\/p>\n\n\n\n<p>Sky: Jonas Friedrich (Einzelspiel), Florian Schmidt-Sommerfeld (Konferenz)<\/p>\n\n\n\n<p>Field-Reporterin (Sky): Britta Hofmann<\/p>\n\n\n\n<p><strong><em>1. FSV Mainz 05 &#8211; FC Bayern M\u00fcnchen (15.30 Uhr)<\/em><\/strong><\/p>\n\n\n\n<p>Sky: Martin Gro\u00df (Einzelspiel), Hansi K\u00fcpper (Konferenz)<\/p>\n\n\n\n<p>Field-Reporter (Sky): Michael Leopold<\/p>\n\n\n\n<p><strong><em>TSG 1899 Hoffenheim \u2013 Bayer 04 Leverkusen (15.30 Uhr)<\/em><\/strong><\/p>\n\n\n\n<p>Sky: Roland Evers (Einzelspiel), Toni Tomic (Konferenz)<\/p>\n\n\n\n<p>Field-Reporter (Sky): Dirk gro\u00dfe Schlarmann <\/p>\n\n\n\n<p>Moderation (Sky): Esther Sedlaczek,&nbsp;Experte:&nbsp;Dietmar Hamann<\/p>\n\n\n\n<p><span style=\"text-decoration: underline;\">ab 17.30 Uhr (Sky)<\/span><\/p>\n\n\n\n<p><strong><em>RB Leipzig \u2013 Borussia M\u00f6nchengladbach (18.30 Uhr)<\/em><\/strong><\/p>\n\n\n\n<p>Sky: Kai Dittmann<\/p>\n\n\n\n<p>Moderation (Sky): Sebastian Hellmann, Experte: Lothar Matth\u00e4us, Field-Reporter: Patrick Wasserziehr<\/p>\n\n\n\n<p><span style=\"text-decoration: underline;\">Sonntag, 02. Februar 2020, ab 14.30 Uhr (Sky)<\/span><\/p>\n\n\n\n<p><strong><em>1. FC K\u00f6ln \u2013 SC Freiburg (15.30 Uhr)<\/em><\/strong><\/p>\n\n\n\n<p>Sky: Michael Born<\/p>\n\n\n\n<p>Field-Reporter (Sky): Martin Gro\u00df<\/p>\n\n\n\n<p><span style=\"text-decoration: underline;\">ab 17.30 Uhr (Sky)<\/span><\/p>\n\n\n\n<p><strong><em>SC Paderborn \u2013 VfL Wolfsburg (18.00 Uhr)<\/em><\/strong><\/p>\n\n\n\n<p>Sky: Oliver Seidler <\/p>\n\n\n\n<p>Field-Reporter (Sky): Marcus Lindemann<\/p>\n\n\n\n<p>Moderation (Sky):&nbsp;Jessica Libbertz, Experte: Heribert Bruchhagen<\/p>\n\n\n\n<p><strong><em>2. Bundesliga 20. Spieltag<\/em><\/strong><\/p>\n\n\n\n<p><span style=\"text-decoration: underline;\">Freitag, 31. Januar 2020, ab 18.00 Uhr (Sky)<\/span><\/p>\n\n\n\n<p><strong><em>FC Erzgebirge Aue \u2013 Arminia Bielefeld (18.30 Uhr) <\/em><\/strong><\/p>\n\n\n\n<p>Sky: Klaus Veltmann, Interviews: Schalte<\/p>\n\n\n\n<p><strong><em>SSV Jahn Regensburg &#8211; SpVgg Greuther F\u00fcrth (18.30 Uhr)<\/em><\/strong><\/p>\n\n\n\n<p>Sky: J\u00f6rg Dahlmann, Interviews: Schalte<\/p>\n\n\n\n<p>Moderation (Sky): Stefan Hempel<\/p>\n\n\n\n<p><span style=\"text-decoration: underline;\">Samstag, 01. Februar 2020, ab 12.30 Uhr (Sky)<\/span><\/p>\n\n\n\n<p><strong><em>Hannover 96 \u2013 SV Wehen Wiesbaden<\/em><\/strong> <strong><span style=\"text-decoration: underline;\">(<\/span><em>13.00 Uhr)<\/em><\/strong><\/p>\n\n\n\n<p>Sky: Holger Pfandt, Interviews: Schalte<\/p>\n\n\n\n<p><strong><em>Karlsruher SC &#8211; Holstein Kiel (13.00 Uhr)<\/em><\/strong><\/p>\n\n\n\n<p>Sky: Klaus Veltmann<\/p>\n\n\n\n<p><strong><em>FC St. Pauli &#8211; VfB Stuttgart (13.00 Uhr)<\/em><\/strong><\/p>\n\n\n\n<p>Sky: Torsten Kunde<\/p>\n\n\n\n<p>Field-Reporter: Sven T\u00f6llner<\/p>\n\n\n\n<p>Moderation (Sky): Peter Hardenacke<\/p>\n\n\n\n<p><span style=\"text-decoration: underline;\">Sonntag, 02. Februar 2020, ab 13.00 Uhr (Sky)<\/span><\/p>\n\n\n\n<p><strong><em>SV Darmstadt &#8211; VfL Osnabr\u00fcck (13.30 Uhr)<\/em><\/strong><\/p>\n\n\n\n<p>Sky: Sven Haist<\/p>\n\n\n\n<p><strong><em>1. FC Heidenheim &#8211; Dynamo Dresden (13.30 Uhr)<\/em><\/strong><\/p>\n\n\n\n<p>Sky: Ulli Potofski <\/p>\n\n\n\n<p><strong><em>FC N\u00fcrnberg \u2013 SV Sandhausen (13.30 Uhr)<\/em><\/strong><\/p>\n\n\n\n<p>Sky: J\u00fcrgen Schmitz<\/p>\n\n\n\n<p>Field-Reporter (Sky): Christian Akber-Sade<\/p>\n\n\n\n<p>Moderation (Sky): Hartmut von Kameke<\/p>\n\n\n\n<p><span style=\"text-decoration: underline;\">Montag, 03. Februar 2020, ab 20.00 Uhr (Sky)<\/span><\/p>\n\n\n\n<p><strong><em>VfL Bochum &#8211; Hamburger SV (20.30 Uhr)<\/em><\/strong><\/p>\n\n\n\n<p>Sky: Toni Tomic<\/p>\n\n\n\n<p>Field-Reporter (Sky): Dirk gro\u00dfe Schlarmann<\/p>\n\n\n\n<p>Moderation (Sky): Yannick Erkenbrecher <\/p>\n\n\n\n<p><b><i>3. Liga, <\/i><\/b><strong><em>22. Spieltag<\/em><\/strong><\/p>\n\n\n\n<p><span style=\"text-decoration: underline;\">Freitag, 31. Januar 2020, ab 18.30 Uhr (Magenta Sport)<\/span><\/p>\n\n\n\n<p><strong><em>Hallescher FC &#8211; FC Viktoria K\u00f6ln<\/em><\/strong> <strong><em>(19.00 Uhr)<\/em><\/strong><\/p>\n\n\n\n<p>Magenta Sport: Markus Herwig<\/p>\n\n\n\n<p>Moderation (Magenta Sport): Stefanie Blochwitz, Experte: Martin Lanig<\/p>\n\n\n\n<p><span style=\"text-decoration: underline;\">Samstag, 01. Februar 2020, ab 13.45 Uhr (Magenta Sport)<\/span><\/p>\n\n\n\n<p><strong><em>Konferenz (14.00 Uhr)<\/em><\/strong><\/p>\n\n\n\n<p>Magenta Sport: Alexander Klich &amp; Martin Piller<\/p>\n\n\n\n<p><strong><em>SV Meppen &#8211; Chemnitzer FC (14.00 Uhr)<\/em><\/strong><\/p>\n\n\n\n<p>Magenta Sport: Jan Neumann<\/p>\n\n\n\n<p>Moderation (Magenta Sport): Kamila Benschop<\/p>\n\n\n\n<p><strong><em>SpVgg Unterhaching &#8211; KFC Uerdingen (14.00 Uhr)<\/em><\/strong><\/p>\n\n\n\n<p>Magenta Sport: Oskar Heirler<\/p>\n\n\n\n<p>Moderation (Magenta Sport): Basti Schwele<\/p>\n\n\n\n<p><strong><em>FC Ingolstadt &#8211; 1. FC Kaiserslautern (14.00 Uhr)<\/em><\/strong><\/p>\n\n\n\n<p>Magenta Sport: Alexander Kunz<\/p>\n\n\n\n<p>Moderation (Magenta Sport): Simon K\u00f6pfer<\/p>\n\n\n\n<p><strong><em>SC Preu\u00dfen M\u00fcnster &#8211; MSV Duisburg (14.00 Uhr)<\/em><\/strong><\/p>\n\n\n\n<p>Magenta Sport: Stefan Fuckert<\/p>\n\n\n\n<p>Moderation (Magenta Sport): Thomas Wagner<\/p>\n\n\n\n<p><strong><em>Eintracht Braunschweig &#8211; FC Carl Zeiss Jena (14.00 Uhr)<\/em><\/strong><\/p>\n\n\n\n<p>NDR: Patrick Halatsch<br>MDR: ???<br>Magenta Sport: Lenny Leonhardt<\/p>\n\n\n\n<p>Moderation (NDR): Andreas K\u00e4ckell<br>MDR: ???<br>Moderation (Magenta Sport): Gari Paubandt<\/p>\n\n\n\n<p><strong><em>FC Bayern M\u00fcnchen II &#8211; FC Hansa Rostock (14.00 Uhr)<\/em><\/strong><\/p>\n\n\n\n<p>Magenta Sport: Franz B\u00fcchner <\/p>\n\n\n\n<p>Moderation (Magenta Sport): Sascha Bandermann<\/p>\n\n\n\n<p><span style=\"text-decoration: underline;\">Sonntag, 02. Februar 2020, ab 12.45 Uhr (Magenta Sport)<\/span><\/p>\n\n\n\n<p><strong><em>SV Waldhof Mannheim 07 &#8211; 1. FC Magdeburg (13.00 Uhr)<\/em><\/strong><\/p>\n\n\n\n<p>Magenta Sport: Christian Stra\u00dfburger<\/p>\n\n\n\n<p>Moderation (Magenta Sport): Cedric Pick<\/p>\n\n\n\n<p><span style=\"text-decoration: underline;\">ab 13.45 Uhr (Magenta Sport)<\/span><\/p>\n\n\n\n<p><strong><em>FSV Zwickau &#8211; 1860 M\u00fcnchen (14.00 Uhr)<\/em><\/strong><\/p>\n\n\n\n<p>Magenta Sport: Alexander K\u00fcpper<\/p>\n\n\n\n<p>Moderation (Magenta Sport): Stefanie Blochwitz<\/p>\n\n\n\n<p><span style=\"text-decoration: underline;\">Montag, 03. Februar 2020 ab 18.45 Uhr (Magenta Sport)<\/span><\/p>\n\n\n\n<p><strong><em>Sonnenhof Gro\u00dfaspach &#8211; W\u00fcrzburger Kickers (19.00 Uhr)<\/em><\/strong><\/p>\n\n\n\n<p>Magenta Sport: Martin Piller<\/p>\n\n\n\n<p>Moderation (Magenta Sport): Konstantin Klostermann<\/p>\n\n\n\n<p><strong><em>Premier League, 25. Spieltag<\/em><\/strong><\/p>\n\n\n\n<p><span style=\"text-decoration: underline;\">Samstag, 01. Februar 2020, ab 13.20 Uhr (Sky)<\/span><\/p>\n\n\n\n<p><strong><em>Leicester City \u2013&nbsp;FC Chelsea (13.30 Uhr)<\/em><\/strong><\/p>\n\n\n\n<p>Sky: Joachim Hebel<\/p>\n\n\n\n<p><span style=\"text-decoration: underline;\">ab 15.50 Uhr (Sky)<\/span><\/p>\n\n\n\n<p><strong><em>FC&nbsp;Liverpool \u2013&nbsp;FC Southampton (16.00 Uhr)<\/em><\/strong><\/p>\n\n\n\n<p>Sky: Michael Born<\/p>\n\n\n\n<p><span style=\"text-decoration: underline;\">ab 18.20 Uhr (Sky)<\/span><\/p>\n\n\n\n<p><strong><em>Manchester United \u2013&nbsp;Wolverhampton Wanderers (18.30 Uhr)<\/em><\/strong><\/p>\n\n\n\n<p>Sky: Stefan Hempel<\/p>\n\n\n\n<p><span style=\"text-decoration: underline;\">Sonntag, 02. Februar 2020, ab 14.50 Uhr (Sky)<\/span><strong><em> <\/em><\/strong><\/p>\n\n\n\n<p><strong><em>FC Burnley&nbsp;\u2013&nbsp;FC Arsenal (15.00 Uhr)<\/em><\/strong><\/p>\n\n\n\n<p>Sky: Hannes Herrmann<\/p>\n\n\n\n<p><span style=\"text-decoration: underline;\">ab 17.00 Uhr (Sky)<\/span><\/p>\n\n\n\n<p><strong><em>Tottenham Hotspur \u2013&nbsp;Manchester City (17.30 Uhr)<\/em><\/strong><\/p>\n\n\n\n<p>Sky: Florian Schmidt-Sommerfeld, Experte: Mladen Petric<\/p>\n\n\n\n<p><strong><em>Fu\u00dfball International<\/em><\/strong><\/p>\n\n\n\n<p><span style=\"text-decoration: underline;\">Freitag, 31. Januar 2020<\/span><\/p>\n\n\n\n<p>Liga NOS, 19. Spieltag: <strong><em>Benfica Lissabon &#8211; Belenenses Lissabon<\/em><\/strong> <strong><em>(19.45 Uhr)<\/em><\/strong><\/p>\n\n\n\n<p>sportdigital FUSSBALL: Arne Malsch<\/p>\n\n\n\n<p><span style=\"text-decoration: underline;\">Samstag, 01. Februar 2020<\/span><\/p>\n\n\n\n<p>Hyundai A-League, 17. Spieltag: <strong><em>Perth Glory &#8211; Melbourne Victory<\/em><\/strong> <strong><em>(11.30 Uhr)<\/em><\/strong><\/p>\n\n\n\n<p>sportdigital FUSSBALL: J\u00f6rg Steiger<\/p>\n\n\n\n<p>Sky Bet Championship, 30. Spieltag: <strong><em>Hull City &#8211; Brentford<\/em><\/strong> <strong><em>(13.50 Uhr)<\/em><\/strong><\/p>\n\n\n\n<p>sportdigital FUSSBALL: Karsten Linke<\/p>\n\n\n\n<p>Sky Bet Championship, 30. Spieltag: <strong><em>Leeds United &#8211; Wigan Athletic<\/em><\/strong> <strong><em>(15.45 Uhr)<\/em><\/strong><\/p>\n\n\n\n<p>sportdigital FUSSBALL: Florian Obst<\/p>\n\n\n\n<p>La Liga, 22. Spieltag: <strong><em>Real Madrid &#8211; Atletico Madrid (<\/em><\/strong><b><i>16.00 Uhr)<\/i><\/b><\/p>\n\n\n\n<p>DAZN: Jan Platte, Experte. Ralph Gunesch<\/p>\n\n\n\n<p>Moderation (DAZN): Christoph Stadtler<\/p>\n\n\n\n<p>Ligue 1, 22. Spieltag: <strong><em>Paris Saint-Germain &#8211; HSC Montpellier (17.30 Uhr)<\/em><\/strong><\/p>\n\n\n\n<p>DAZN: Stefan Galler, Experte: Alexis Menuge<\/p>\n\n\n\n<p>Liga NOS, 19. Spieltag: <strong><em>Vitoria Setubal &#8211; FC Porto<\/em><\/strong> <strong><em>(18.45 Uhr)<\/em><\/strong><\/p>\n\n\n\n<p>sportdigital FUSSBALL: Christian Blunck<\/p>\n\n\n\n<p>Serie A, 22. Spieltag: <strong><em>Sassuolo &#8211; AS Rom (20.45 Uhr)<\/em><\/strong><\/p>\n\n\n\n<p>DAZN: Matthias Naebers<\/p>\n\n\n\n<p>La Liga, 22. Spieltag: <strong><em>FC Valencia &#8211; Celta Vigo (21.00 Uhr)<\/em><\/strong><\/p>\n\n\n\n<p>DAZN: Uwe Morawe<\/p>\n\n\n\n<p><span style=\"text-decoration: underline;\">Sonntag, 02. Februar 2020<\/span><\/p>\n\n\n\n<p>Serie A, 22. Spieltag: <strong><em>Juventus Turin &#8211; AC Florenz (12.30 Uhr)<\/em><\/strong><\/p>\n\n\n\n<p>DAZN: Carsten Fu\u00df, Experte: Christian Bernhard<\/p>\n\n\n\n<p>Moderation (DAZN): Tobi Wahnschaffe<\/p>\n\n\n\n<p>Serie A, 22. Spieltag: <strong><em>Lazio Rom &#8211; SPAL (15.00 Uhr)<\/em><\/strong><\/p>\n\n\n\n<p>DAZN: Nico Seepe<\/p>\n\n\n\n<p>Serie A, 22. Spieltag: <strong><em>AC Mailand &#8211; Hellas Verona (15.00 Uhr)<\/em><\/strong><\/p>\n\n\n\n<p>DAZN: Claus M\u00fcller<\/p>\n\n\n\n<p>Eredivisie, 21. Spieltag: <strong><em>Ajax Amsterdam &#8211; PSV Eindhoven (16.45 Uhr)<\/em><\/strong><\/p>\n\n\n\n<p>DAZN: Tino Polster, Experte: Jonas Hummels<br>sportdigital FUSSBALL: Karsten Linke<\/p>\n\n\n\n<p>Liga NOS, 19. Spieltag:<strong><em> Sporting Braga &#8211; Sporting Lissabon<\/em><\/strong> <strong><em>(18.15 Uhr)<\/em><\/strong><\/p>\n\n\n\n<p>sportdigital FUSSBALL: Christian Blunck<\/p>\n\n\n\n<p>La Liga, 22. Spieltag: <strong><em>FC Sevilla &#8211; Deportivo Alaves (18.30 Uhr)<\/em><\/strong><\/p>\n\n\n\n<p>DAZN: Flo Hauser<\/p>\n\n\n\n<p>Serie A, 22. Spieltag: <b><i>Udinese &#8211; Inter Mailand (<\/i><\/b><strong><em>20.45 Uhr)<\/em><\/strong><\/p>\n\n\n\n<p>DAZN: Uwe Morawe, Experte: Max Nicu<\/p>\n\n\n\n<p>La Liga, 22. Spieltag: <strong><em>FC Barcelona &#8211; Levante UD (21.00 Uhr)<\/em><\/strong><\/p>\n\n\n\n<p>DAZN: Uli Hebel, Experte: Benny Lauth<\/p>\n\n\n\n<p>Ligue 1, 22. Spieltag: <strong><em>Bordeaux &#8211; Olympique Marseille (21.00 Uhr)<\/em><\/strong><\/p>\n\n\n\n<p>DAZN: Guido H\u00fcsgen<\/p>\n\n\n\n<p><span style=\"text-decoration: underline;\">Montag, 03. Februar 2020 <\/span><\/p>\n\n\n\n<p>Serie A, 22. Spieltag: <strong><em>Sampdoria Genua &#8211; SSC Neapel (20.45 Uhr)<\/em><\/strong><\/p>\n\n\n\n<p>DAZN: Mario Rieker<b><i><br><br><\/i><\/b><strong><em><span style=\"text-decoration: underline;\">Die Analyse<\/span><\/em><\/strong><\/p>\n\n\n\n<p><strong>Aus dem Stadion? Ach was!<\/strong><\/p>\n\n\n\n<p>Der Freitagabend er\u00f6ffnet wie so h\u00e4ufig den Spieltag. Hertha gegen Schake klingt an und f\u00fcr sich nicht einmal so langweilig, f\u00fcr DAZN gibt es aber scheinbar wenige Gr\u00fcnde, aus dem Stadion zu berichten. Lediglich Daniel Herzog ist in Berlin zugegen, der gesamte Rest meldet sich aus der warmen, kuscheligen Box.<\/p>\n\n\n\n<p><strong>Kein Grund zum Stirnrunzeln<\/strong><\/p>\n\n\n\n<p>Das ist das Motto f\u00fcr den Bundesliga-Samstag. Marcus Lindemann darf sich mal wieder den BVB anschauen, Tom Bayer und Jonas Friedrich m\u00fcssen nicht allzu weit reisen, auch Roland Evers h\u00e4lt sich ja des \u00d6fteren in BaW\u00fc auf. Martin Gro\u00df reist mit den Bayern nach Mainz, Kai Dittmann \u00fcbernimmt das Topspiel. \u00dcberraschung: Wolff Fuss hat offenbar frei, so kommt es dazu, dass tats\u00e4chlich Marcel Meinert mal wieder im Oberhaus zu h\u00f6ren ist. Freut mich!<\/p>\n\n\n\n<p><strong>Nordlichter verlassen den Norden<\/strong><\/p>\n\n\n\n<p>Das Motto des Sonntags: Michael Born befindet sich in K\u00f6lle, Oliver Seidler ist in Paderborn. Marcus Lindemann &amp; Martin Gro\u00df, tags zuvor jeweils noch als Kommentatoren im Einzelspiel unterwegs, sind hier als Field-Reporter t\u00e4tig.<\/p>\n\n\n\n<p><strong>Der Blick auf Liga 3<\/strong><\/p>\n\n\n\n<p>Bei Magenta Sport gibt es tats\u00e4chlich nur eine Person, die am kommenden Spieltag doppelt auf dem Bildschirm erscheint. Stefanie Blochwitz ist am Freitag in Halle und am Sonntag in Zwickau.<\/p>\n\n\n\n<p>Viel mehr Anmerkungen habe ich im Moment nicht zu machen, ein sch\u00f6nes Wochenende!<\/p>\n","protected":false},"excerpt":{"rendered":"<p>Ich verzichte hier auf gro\u00dfe Vorworte, nur soviel: Wie ihr mitbekommen habt, m\u00fcssen wir Blogger momentan die Kommentare einzeln freigeben, damit sie hier in der Kommentarsektion erscheinen. Es ist ein trauriger Schritt, aber nachdem ich die Kommentare gelesen habe, die sich bei uns so teilweise im Papierkorb befinden, stehe ich voll hinter dieser Entscheidung. Ich [&hellip;]<\/p>\n","protected":false},"author":4,"featured_media":0,"comment_status":"open","ping_status":"open","sticky":false,"template":"","format":"standard","meta":{"footnotes":""},"categories":[424],"tags":[20,10,60,13,55,179,159,79,158,9,23,127,22,81,134],"class_list":["post-1297","post","type-post","status-publish","format-standard","hentry","category-bundesliga-und-co","tag-2-bundesliga","tag-3-liga","tag-bundesliga","tag-dazn","tag-eredivisie","tag-hyundai-a-league","tag-la-liga","tag-liga-nos","tag-ligue-1","tag-magenta-sport","tag-premier-league","tag-serie-a","tag-sky","tag-sky-bet-championship","tag-sportdigital-fussball"],"_links":{"self":[{"href":"https:\/\/kommentatorenblog.de\/index.php?rest_route=\/wp\/v2\/posts\/1297","targetHints":{"allow":["GET"]}}],"collection":[{"href":"https:\/\/kommentatorenblog.de\/index.php?rest_route=\/wp\/v2\/posts"}],"about":[{"href":"https:\/\/kommentatorenblog.de\/index.php?rest_route=\/wp\/v2\/types\/post"}],"author":[{"embeddable":true,"href":"https:\/\/kommentatorenblog.de\/index.php?rest_route=\/wp\/v2\/users\/4"}],"replies":[{"embeddable":true,"href":"https:\/\/kommentatorenblog.de\/index.php?rest_route=%2Fwp%2Fv2%2Fcomments&post=1297"}],"version-history":[{"count":11,"href":"https:\/\/kommentatorenblog.de\/index.php?rest_route=\/wp\/v2\/posts\/1297\/revisions"}],"predecessor-version":[{"id":1308,"href":"https:\/\/kommentatorenblog.de\/index.php?rest_route=\/wp\/v2\/posts\/1297\/revisions\/1308"}],"wp:attachment":[{"href":"https:\/\/kommentatorenblog.de\/index.php?rest_route=%2Fwp%2Fv2%2Fmedia&parent=1297"}],"wp:term":[{"taxonomy":"category","embeddable":true,"href":"https:\/\/kommentatorenblog.de\/index.php?rest_route=%2Fwp%2Fv2%2Fcategories&post=1297"},{"taxonomy":"post_tag","embeddable":true,"href":"https:\/\/kommentatorenblog.de\/index.php?rest_route=%2Fwp%2Fv2%2Ftags&post=1297"}],"curies":[{"name":"wp","href":"https:\/\/api.w.org\/{rel}","templated":true}]}}