{"id":13142,"date":"2022-06-02T19:25:25","date_gmt":"2022-06-02T17:25:25","guid":{"rendered":"https:\/\/kommentatorenblog.de\/?p=13142"},"modified":"2022-07-18T20:11:25","modified_gmt":"2022-07-18T18:11:25","slug":"1261-fokus-auf-den-rest","status":"publish","type":"post","link":"https:\/\/kommentatorenblog.de\/?p=13142","title":{"rendered":"1261 &#8211; Fokus auf den Rest"},"content":{"rendered":"\n<p>N&#8217;Abend allerseits,<\/p>\n\n\n\n<p>wie jedes Jahr im Mai beansprucht der Fu\u00dfball und seine Saison-Entscheidung die \u00f6ffentliche Wahrnehmung in Sport-Deutschland. Nachdem Jonas <a rel=\"noreferrer noopener\" href=\"https:\/\/kommentatorenblog.de\/?p=12900\" data-type=\"URL\" data-id=\"https:\/\/kommentatorenblog.de\/?p=12900\" target=\"_blank\">k\u00fcrzlich<\/a> auf anstehende Sport-Highlights im Sommer einging, m\u00f6chte ich hier im Vorwort noch kurz den Fokus auf die (Rest-)Saisons in den anderen gr\u00f6\u00dferen TV-Teamsportarten lenken.<\/p>\n\n\n\n<p class=\"has-medium-font-size\"><em><strong>Update<\/strong><\/em><\/p>\n\n\n\n<p>Das Vorwort findet ihr jetzt unter den aktualisierten Ansetzungen f\u00fcr den Zeitraum 07.06-09.06.2022<\/p>\n\n\n\n<p><strong>UEFA Nations League, 2. Spieltag (ZDF)<\/strong><\/p>\n\n\n\n<p><span style=\"text-decoration: underline;\">Dienstag, 07. Juni 2022 (ZDF)<\/span><\/p>\n\n\n\n<p><strong style=\"font-style: italic;\">Deutschland <strong><em><span><b style=\"font-style: italic;\">\u2013<\/b><\/span><\/em><\/strong><\/strong> <em><strong>England (20.45 Uhr)<\/strong><\/em><br><img loading=\"lazy\" decoding=\"async\" width=\"10\" height=\"21\" class=\"wp-image-3656\" style=\"width: 10px;\" src=\"http:\/\/kommentatorenblog.de\/wp-content\/uploads\/2020\/09\/shure-55sh-ii-e1601485394796.jpg\" alt=\"\" srcset=\"https:\/\/kommentatorenblog.de\/wp-content\/uploads\/2020\/09\/shure-55sh-ii-e1601485394796.jpg 415w, https:\/\/kommentatorenblog.de\/wp-content\/uploads\/2020\/09\/shure-55sh-ii-e1601485394796-142x300.jpg 142w\" sizes=\"auto, (max-width: 10px) 100vw, 10px\" \/> Bela Rethy<\/p>\n\n\n\n<p>Moderation: Kathrin M\u00fcller-Hohenstein, Experte: Christoph Kramer<\/p>\n\n\n\n<p>Interviews: Lars Ruthemann und Boris B\u00fcchler<\/p>\n\n\n\n<hr class=\"wp-block-separator is-style-default\"\/>\n\n\n\n<p><strong>UEFA Nations League, 2. Spieltag (DAZN)<\/strong><\/p>\n\n\n\n<p><span style=\"text-decoration: underline;\">Dienstag, 07. Juni 2022<\/span><\/p>\n\n\n\n<p><strong style=\"font-style: italic;\">Italien <strong><em><span><b style=\"font-style: italic;\">\u2013<\/b><\/span><\/em><\/strong><\/strong> <em><strong>Ungarn (20.45 Uhr)<\/strong><\/em><br><img loading=\"lazy\" decoding=\"async\" width=\"10\" height=\"21\" class=\"wp-image-3656\" style=\"width: 10px;\" src=\"http:\/\/kommentatorenblog.de\/wp-content\/uploads\/2020\/09\/shure-55sh-ii-e1601485394796.jpg\" alt=\"\" srcset=\"https:\/\/kommentatorenblog.de\/wp-content\/uploads\/2020\/09\/shure-55sh-ii-e1601485394796.jpg 415w, https:\/\/kommentatorenblog.de\/wp-content\/uploads\/2020\/09\/shure-55sh-ii-e1601485394796-142x300.jpg 142w\" sizes=\"auto, (max-width: 10px) 100vw, 10px\" \/> Flo Hauser<\/p>\n\n\n\n<p><span style=\"text-decoration: underline;\">Mittwoch, 08. Juni 2022<\/span><\/p>\n\n\n\n<p><strong style=\"font-style: italic;\">Belgien <strong><em><span><b style=\"font-style: italic;\">\u2013<\/b><\/span><\/em><\/strong><\/strong> <em><strong>Polen (20.45 Uhr)<\/strong><\/em><br><img loading=\"lazy\" decoding=\"async\" width=\"10\" height=\"21\" class=\"wp-image-3656\" style=\"width: 10px;\" src=\"http:\/\/kommentatorenblog.de\/wp-content\/uploads\/2020\/09\/shure-55sh-ii-e1601485394796.jpg\" alt=\"\" srcset=\"https:\/\/kommentatorenblog.de\/wp-content\/uploads\/2020\/09\/shure-55sh-ii-e1601485394796.jpg 415w, https:\/\/kommentatorenblog.de\/wp-content\/uploads\/2020\/09\/shure-55sh-ii-e1601485394796-142x300.jpg 142w\" sizes=\"auto, (max-width: 10px) 100vw, 10px\" \/> Guido H\u00fcsgen<\/p>\n\n\n\n<p><strong style=\"font-style: italic;\">Wales <strong><em><span><b style=\"font-style: italic;\">\u2013<\/b><\/span><\/em><\/strong><\/strong> <em><strong>Niederlande (20.45 Uhr)<\/strong><\/em><br><img loading=\"lazy\" decoding=\"async\" width=\"10\" height=\"21\" class=\"wp-image-3656\" style=\"width: 10px;\" src=\"http:\/\/kommentatorenblog.de\/wp-content\/uploads\/2020\/09\/shure-55sh-ii-e1601485394796.jpg\" alt=\"\" srcset=\"https:\/\/kommentatorenblog.de\/wp-content\/uploads\/2020\/09\/shure-55sh-ii-e1601485394796.jpg 415w, https:\/\/kommentatorenblog.de\/wp-content\/uploads\/2020\/09\/shure-55sh-ii-e1601485394796-142x300.jpg 142w\" sizes=\"auto, (max-width: 10px) 100vw, 10px\" \/> Chris Putz<\/p>\n\n\n\n<p><strong style=\"font-style: italic;\">Irland<strong><em><span><b style=\"font-style: italic;\">\u2013<\/b><\/span><\/em><\/strong><\/strong> <em><strong>Ukraine (20.45 Uhr)<\/strong><\/em><br><img loading=\"lazy\" decoding=\"async\" width=\"10\" height=\"21\" class=\"wp-image-3656\" style=\"width: 10px;\" src=\"http:\/\/kommentatorenblog.de\/wp-content\/uploads\/2020\/09\/shure-55sh-ii-e1601485394796.jpg\" alt=\"\" srcset=\"https:\/\/kommentatorenblog.de\/wp-content\/uploads\/2020\/09\/shure-55sh-ii-e1601485394796.jpg 415w, https:\/\/kommentatorenblog.de\/wp-content\/uploads\/2020\/09\/shure-55sh-ii-e1601485394796-142x300.jpg 142w\" sizes=\"auto, (max-width: 10px) 100vw, 10px\" \/> Michael Brandes<\/p>\n\n\n\n<p><span style=\"text-decoration: underline;\">Donnerstag, 09. Juni 2022<\/span><\/p>\n\n\n\n<p><strong style=\"font-style: italic;\">Portugal <strong><em><span><b style=\"font-style: italic;\">\u2013<\/b><\/span><\/em><\/strong><\/strong> <em><strong>Tschechien (20.45 Uhr)<\/strong><\/em><br><img loading=\"lazy\" decoding=\"async\" width=\"10\" height=\"21\" class=\"wp-image-3656\" style=\"width: 10px;\" src=\"http:\/\/kommentatorenblog.de\/wp-content\/uploads\/2020\/09\/shure-55sh-ii-e1601485394796.jpg\" alt=\"\" srcset=\"https:\/\/kommentatorenblog.de\/wp-content\/uploads\/2020\/09\/shure-55sh-ii-e1601485394796.jpg 415w, https:\/\/kommentatorenblog.de\/wp-content\/uploads\/2020\/09\/shure-55sh-ii-e1601485394796-142x300.jpg 142w\" sizes=\"auto, (max-width: 10px) 100vw, 10px\" \/> Lukas Sch\u00f6nm\u00fcller<\/p>\n\n\n\n<p><strong style=\"font-style: italic;\">Schweiz <strong><em><span><b style=\"font-style: italic;\">\u2013<\/b><\/span><\/em><\/strong><\/strong> <em><strong>Spanien (20.45 Uhr)<\/strong><\/em><br><img loading=\"lazy\" decoding=\"async\" width=\"10\" height=\"21\" class=\"wp-image-3656\" style=\"width: 10px;\" src=\"http:\/\/kommentatorenblog.de\/wp-content\/uploads\/2020\/09\/shure-55sh-ii-e1601485394796.jpg\" alt=\"\" srcset=\"https:\/\/kommentatorenblog.de\/wp-content\/uploads\/2020\/09\/shure-55sh-ii-e1601485394796.jpg 415w, https:\/\/kommentatorenblog.de\/wp-content\/uploads\/2020\/09\/shure-55sh-ii-e1601485394796-142x300.jpg 142w\" sizes=\"auto, (max-width: 10px) 100vw, 10px\" \/> Nico Seepe<\/p>\n\n\n\n<p><strong style=\"font-style: italic;\">Schweden <strong><em><span><b style=\"font-style: italic;\">\u2013<\/b><\/span><\/em><\/strong><\/strong> <em><strong>Serbien (20.45 Uhr)<\/strong><\/em><br><img loading=\"lazy\" decoding=\"async\" width=\"10\" height=\"21\" class=\"wp-image-3656\" style=\"width: 10px;\" src=\"http:\/\/kommentatorenblog.de\/wp-content\/uploads\/2020\/09\/shure-55sh-ii-e1601485394796.jpg\" alt=\"\" srcset=\"https:\/\/kommentatorenblog.de\/wp-content\/uploads\/2020\/09\/shure-55sh-ii-e1601485394796.jpg 415w, https:\/\/kommentatorenblog.de\/wp-content\/uploads\/2020\/09\/shure-55sh-ii-e1601485394796-142x300.jpg 142w\" sizes=\"auto, (max-width: 10px) 100vw, 10px\" \/> Marcel Seufert<\/p>\n\n\n\n<p><strong style=\"font-style: italic;\">Goalzone<\/strong><em><strong> (20.45 Uhr)<\/strong><\/em><br><img loading=\"lazy\" decoding=\"async\" width=\"10\" height=\"21\" class=\"wp-image-3656\" style=\"width: 10px;\" src=\"http:\/\/kommentatorenblog.de\/wp-content\/uploads\/2020\/09\/shure-55sh-ii-e1601485394796.jpg\" alt=\"\" srcset=\"https:\/\/kommentatorenblog.de\/wp-content\/uploads\/2020\/09\/shure-55sh-ii-e1601485394796.jpg 415w, https:\/\/kommentatorenblog.de\/wp-content\/uploads\/2020\/09\/shure-55sh-ii-e1601485394796-142x300.jpg 142w\" sizes=\"auto, (max-width: 10px) 100vw, 10px\" \/> Moderation: Christoph Stadtler<\/p>\n\n\n\n<hr class=\"wp-block-separator is-style-default\"\/>\n\n\n\n<p class=\"has-black-color has-text-color\"><strong>U21 EM-Qualifikation (ProSieben MAXX)<\/strong><\/p>\n\n\n\n<p><span style=\"text-decoration: underline;\">Dienstag, 07. Juni 2022, ab 17.30 Uhr<\/span><\/p>\n\n\n\n<p><strong style=\"font-style: italic;\">Polen<strong><em><span><b style=\"font-style: italic;\">\u2013<\/b><\/span><\/em><\/strong><\/strong> <em><strong>Deutschland (18.00 Uhr)<\/strong><\/em><br><img loading=\"lazy\" decoding=\"async\" width=\"10\" height=\"21\" class=\"wp-image-3656\" style=\"width: 10px;\" src=\"http:\/\/kommentatorenblog.de\/wp-content\/uploads\/2020\/09\/shure-55sh-ii-e1601485394796.jpg\" alt=\"\" srcset=\"https:\/\/kommentatorenblog.de\/wp-content\/uploads\/2020\/09\/shure-55sh-ii-e1601485394796.jpg 415w, https:\/\/kommentatorenblog.de\/wp-content\/uploads\/2020\/09\/shure-55sh-ii-e1601485394796-142x300.jpg 142w\" sizes=\"auto, (max-width: 10px) 100vw, 10px\" \/> Franz B\u00fcchner<br>Moderation: Christian D\u00fcren, Experte: Ren\u00e9 Adler<\/p>\n\n\n\n<hr class=\"wp-block-separator is-style-default\"\/>\n\n\n\n<hr class=\"wp-block-separator is-style-default\"\/>\n\n\n\n<p class=\"has-black-color has-text-color\"><strong>WM-Qualifikation Playoffs Asien (Sportdigital FUSSBALL)<\/strong><\/p>\n\n\n\n<p><span style=\"text-decoration: underline;\">Dienstag, 07. Juni 2022<\/span><\/p>\n\n\n\n<p><strong style=\"font-style: italic;\">VAE <strong><em><span><b style=\"font-style: italic;\">\u2013<\/b><\/span><\/em><\/strong><\/strong> <em><strong>Australien (20.00 Uhr)<\/strong><\/em><br><img loading=\"lazy\" decoding=\"async\" width=\"10\" height=\"21\" class=\"wp-image-3656\" style=\"width: 10px;\" src=\"http:\/\/kommentatorenblog.de\/wp-content\/uploads\/2020\/09\/shure-55sh-ii-e1601485394796.jpg\" alt=\"\" srcset=\"https:\/\/kommentatorenblog.de\/wp-content\/uploads\/2020\/09\/shure-55sh-ii-e1601485394796.jpg 415w, https:\/\/kommentatorenblog.de\/wp-content\/uploads\/2020\/09\/shure-55sh-ii-e1601485394796-142x300.jpg 142w\" sizes=\"auto, (max-width: 10px) 100vw, 10px\" \/> Christian Blunck<\/p>\n\n\n\n<hr class=\"wp-block-separator is-style-default\"\/>\n\n\n\n<p class=\"has-black-color has-text-color\"><strong>AFC U23 Asien-Cup (Sportdigital FUSSBALL)<\/strong><\/p>\n\n\n\n<p><span style=\"text-decoration: underline;\">Dienstag, 07. Juni 2022<\/span><\/p>\n\n\n\n<p><strong style=\"font-style: italic;\">Australien<strong><em><span><b style=\"font-style: italic;\">\u2013<\/b><\/span><\/em><\/strong><\/strong> <em><strong>Jordanien (15.00 Uhr)<\/strong><\/em><br><img loading=\"lazy\" decoding=\"async\" width=\"10\" height=\"21\" class=\"wp-image-3656\" style=\"width: 10px;\" src=\"http:\/\/kommentatorenblog.de\/wp-content\/uploads\/2020\/09\/shure-55sh-ii-e1601485394796.jpg\" alt=\"\" srcset=\"https:\/\/kommentatorenblog.de\/wp-content\/uploads\/2020\/09\/shure-55sh-ii-e1601485394796.jpg 415w, https:\/\/kommentatorenblog.de\/wp-content\/uploads\/2020\/09\/shure-55sh-ii-e1601485394796-142x300.jpg 142w\" sizes=\"auto, (max-width: 10px) 100vw, 10px\" \/> Jakob Vogel<\/p>\n\n\n\n<p><span style=\"text-decoration: underline;\">Mittwoch, 08. Juni 2022<\/span><\/p>\n\n\n\n<p><strong style=\"font-style: italic;\">S\u00fcdkorea <strong><em><span><b style=\"font-style: italic;\">\u2013<\/b><\/span><\/em><\/strong><\/strong> <em><strong>Thailand (15.00 Uhr)<\/strong><\/em><br><img loading=\"lazy\" decoding=\"async\" width=\"10\" height=\"21\" class=\"wp-image-3656\" style=\"width: 10px;\" src=\"http:\/\/kommentatorenblog.de\/wp-content\/uploads\/2020\/09\/shure-55sh-ii-e1601485394796.jpg\" alt=\"\" srcset=\"https:\/\/kommentatorenblog.de\/wp-content\/uploads\/2020\/09\/shure-55sh-ii-e1601485394796.jpg 415w, https:\/\/kommentatorenblog.de\/wp-content\/uploads\/2020\/09\/shure-55sh-ii-e1601485394796-142x300.jpg 142w\" sizes=\"auto, (max-width: 10px) 100vw, 10px\" \/> Moritz Knorr<\/p>\n\n\n\n<p><span style=\"text-decoration: underline;\">Donnerstag, 09. Juni 2022<\/span><\/p>\n\n\n\n<p><strong style=\"font-style: italic;\">Japan <strong><em><span><b style=\"font-style: italic;\">\u2013<\/b><\/span><\/em><\/strong><\/strong> <em><strong>Tadschikistan (15.00 Uhr)<\/strong><\/em><br><img loading=\"lazy\" decoding=\"async\" width=\"10\" height=\"21\" class=\"wp-image-3656\" style=\"width: 10px;\" src=\"http:\/\/kommentatorenblog.de\/wp-content\/uploads\/2020\/09\/shure-55sh-ii-e1601485394796.jpg\" alt=\"\" srcset=\"https:\/\/kommentatorenblog.de\/wp-content\/uploads\/2020\/09\/shure-55sh-ii-e1601485394796.jpg 415w, https:\/\/kommentatorenblog.de\/wp-content\/uploads\/2020\/09\/shure-55sh-ii-e1601485394796-142x300.jpg 142w\" sizes=\"auto, (max-width: 10px) 100vw, 10px\" \/> Jonathan Dreier<\/p>\n\n\n\n<hr class=\"wp-block-separator is-style-default\"\/>\n\n\n\n<p>Analyse:<br>Am Dienstag steht das zweite von insgesamt vier Nations League- Spielen vor der Sommerpause an. Dieses und auch das n\u00e4chste Heimspiel wird das ZDF \u00fcbertragen. Die Ger\u00fcchte, dass diese Spiele vom Zweiten gezeigt werden, gab es schon l\u00e4nger, die Best\u00e4tigung lies bis Freitag auf sich warten. Die UEFA f\u00fchrt seit dem 31.05 ARD, ZDF, RTL und DAZN als Nations League- Sender, eine Best\u00e4tigung f\u00fcr die sp\u00e4teren Spiele gibt es noch nicht, Ger\u00fcchte jedoch schon, demnach l\u00e4uft Heimspiel im September im Ersten. Jetzt aber zur\u00fcck zur Partie Deutschland- England aus M\u00fcnchen. Kommentieren wird, wie bereits das CL- Finale Bela Rethy, Kathrin M\u00fcller- Hohenstein, die keinen allzu weiten weg in die Allianz Arena hat, l\u00f6st Jochen Breyer als Moderatorin ab, Experte dieses Mal: Christoph Kramer. DAZN hat die Tage auch einige Nations League- Spiele im Angebot, darunter die deutschen Gruppengegner Italien- Ungarn mit Kommentator Flo Hauser. Am Donnerstag gibt es zudem noch eine Goalzone.<\/p>\n\n\n\n<hr class=\"wp-block-separator is-style-default\"\/>\n\n\n\n<p><code><strong>Handball<\/strong><\/code><\/p>\n\n\n\n<p>Den heute begonnenen Spieltag eingerechnet, sind in der HBL <em>(zu sehen bei Sky)<\/em> noch drei Partien f\u00fcr jedes Team bis zur Sommerpause zu absolvieren. Insbesondere f\u00fcr Minden und Balingen geht es dabei gegen den zweiten offenen Abstiegsplatz neben dem heute m\u00f6glicherweise endg\u00fcltig feststehenden Absteiger TuS N-L\u00fcbbecke. Deutlich weiter oben in der Tabelle haben die F\u00fcchse Berlin weiterhin Chancen, Rekordmeister THW Kiel vom zweiten Champions League-Platz zu verdr\u00e4ngen. Einen der beiden Pl\u00e4tze hat indes der souver\u00e4ne Spitzenreiter SC Magdeburg (&#8222;Deutscher Meister wird nur der SCM!&#8220; &#8211; Gr\u00fc\u00dfe an Frank Buschmann) sicher. Mit aktuell 58:4 Punkten reicht am heutigen Abend ein Punkt zur zweiten Meisterschaft der Vereinsgeschichte.<br>Dementsprechend gro\u00df scheint die Vorfreude an der Elbe aber trotzdem nicht, zu tief sitzt noch die Entt\u00e4uschung \u00fcber das denkbar knapp und bitter verlorene Endspiel in der European League am vergangenen Sonntag gegen Benfica Lissabon.<br>Die h\u00f6chste europ\u00e4ische Spielklasse, die EHF Champions League, wird ihren Sieger indes noch im Final4 ausspielen <em>(18.\/19. Juni bei DAZN)<\/em>. KC Veszpr\u00e9m (HUN) v. KS Kielce (POL) und THW Kiel (GER) v. FC Barcelona (ESP) lauten die Halbfinalpartien Mitte Juni in K\u00f6ln.<br>Den Deutschen Pokal (DHB-Pokal) hat Kiel schon gewonnen &#8211; und auch damals dem SCM schon eine Finalniederlage zugef\u00fcgt.<\/p>\n\n\n\n<p><code><strong>Eishockey<\/strong><\/code><\/p>\n\n\n\n<p>Die Eisb\u00e4ren Berlin sind seit gut einem Monat Deutscher Meister, w\u00e4hrend die Krefeld Pinguine aus der DEL abgestiegen sind. Neben Berlin haben sich der EHC M\u00fcnchen, die Grizzlys Wolfsburg und die Straubing Tigers f\u00fcr die Champions Hockey League 2022\/23 qualifiziert.<br>In dieser CHL-Saison war der EHC M\u00fcnchen als Halbfinalist erneut der beste deutsche Club, w\u00e4hrend R\u00f6gle BK (SWE) sich im Finale im M\u00e4rz gegen Tappara (FIN) durchsetzte. <br>Seither war auch noch die WM, die Finnland mit einem Heimsieg beendete.<br>Die US-amerikanische NHL l\u00e4uft dagegen noch <em>(zu sehen bei Sky)<\/em>. Dort befinden wir uns gerade in den Conference Finals, in denen die New York Rangers sowie Colorado Avalanche ihre Serien aktuell mit je einem Sieg gegen Tampa Bay Lightning respektive die Edmonton Oilers anf\u00fchren. Die Sieger der Serien ziehen ins Stanley-Cup-Finale ein.<\/p>\n\n\n\n<p><code><strong>Basketball<\/strong><\/code><\/p>\n\n\n\n<p>Das gro\u00dfe Turnier steht im Basketball noch an: Die EM im September mit Finalrunde in Berlin. Die regul\u00e4re Saison l\u00e4uft hier auch noch. In der BBL <em>(zu sehen bei Magenta Sport)<\/em> befinden wir uns im Halbfinale, wo Bayern-Basketballer die Serie derzeit mit 2:0 gegen Bonn anf\u00fchren und auch BBL-Pokalsieger Alba Berlin beide bisherigen Spiele gegen Ludwigsburg gewinnen konnte. Mit den Fraport Skyliners und den Gie\u00dfen 46ers stehen die beiden Absteiger indes schon fest.<br>Im europ\u00e4ischen Basketball war mit dem FCBB ein weiterer M\u00fcnchner Club der erfolgreichste deutsche; im Viertelfinale der EuroLeague war trotz herausragender Leistung gegen den anderen FCB aus Barcelona Schluss. Am Ende setzte sich Anadolu Efes (TUR) im Endspiel des Final Four gegen Real Madrid (ESP) durch. Den Wettbewerb drunter, den EuroCup, konnte das italienische Team Virtus Bologna f\u00fcr sich entscheiden. Hier schaffte es Ulm auch ins Viertelfinale. <br>In der NBA stehen die Finals noch an. Heute Nacht (Donnerstag auf Freitag) findet das erste Spiel zwischen den Golden State Warriors und den Boston Celtics statt <em>(zu sehen bei DAZN)<\/em>.<\/p>\n\n\n\n<p><code><strong>Volleyball<\/strong><\/code><\/p>\n\n\n\n<p>Im Volleyball ist schon Schluss. Die Frauen-Bundesliga-Meisterinnen kommen vom MTV Stuttgart, nachdem sie sich in den letzten Saisonspielen gegen\u00fcber dem SC Potsdam durchsetzen konnten.<br>Sieger in der M\u00e4nner-VBL sind die Berlin Recycling Volleys nach Finalsieg in f\u00fcnf Spielen gegen den VfB Friedrichshain. Die V-Champions League der Herren sicherte sich Titelverteidiger Zaksa K\u0119dzierzyn-Ko\u017ale (POL), bei den Damen war das Team aus Istanbul (TUR) erfolgreich.<\/p>\n\n\n\n<p>Nun zur\u00fcck vom geschlagenen oder geworfenen zur\u00fcck zum getretenen Ball mit den Ansetzungen f\u00fcr dieses Wochenende.<\/p>\n\n\n\n<hr class=\"wp-block-separator is-style-wide\"\/>\n\n\n\n<p id=\"Ansetzungen\"><strong>Die Ansetzungen vom 03. Juni bis zum 06. Juni 2022<\/strong>:<\/p>\n\n\n\n<hr class=\"wp-block-separator is-style-wide\"\/>\n\n\n\n<p class=\"has-vivid-red-color has-text-color\"><strong>WM-Qualifikation, Playoff-Finale Weg A (DAZN)<\/strong><\/p>\n\n\n\n<p><span style=\"text-decoration: underline;\">Sonntag, 05. Juni 2022 (DAZN)<\/span><\/p>\n\n\n\n<p><strong style=\"font-style: italic;\">Wales <strong><em><span><b style=\"font-style: italic;\">\u2013<\/b><\/span><\/em><\/strong><\/strong> <em><strong>Ukraine (18.00 Uhr)<\/strong><\/em><br><img loading=\"lazy\" decoding=\"async\" width=\"10\" height=\"21\" class=\"wp-image-3656\" style=\"width: 10px;\" src=\"http:\/\/kommentatorenblog.de\/wp-content\/uploads\/2020\/09\/shure-55sh-ii-e1601485394796.jpg\" alt=\"\" srcset=\"https:\/\/kommentatorenblog.de\/wp-content\/uploads\/2020\/09\/shure-55sh-ii-e1601485394796.jpg 415w, https:\/\/kommentatorenblog.de\/wp-content\/uploads\/2020\/09\/shure-55sh-ii-e1601485394796-142x300.jpg 142w\" sizes=\"auto, (max-width: 10px) 100vw, 10px\" \/> Uwe Morawe, Experte: Sascha Bigalke<\/p>\n\n\n\n<hr class=\"wp-block-separator is-style-wide\"\/>\n\n\n\n<p class=\"has-vivid-red-color has-text-color\"><strong>UEFA Nations League, 1.\/2. Spieltag (RTL\/DAZN)<\/strong><\/p>\n\n\n\n<p><span style=\"text-decoration: underline;\">Freitag, 03. Juni 2022 (DAZN)<\/span><\/p>\n\n\n\n<p><strong style=\"font-style: italic;\">Belgien <strong><em><span><b style=\"font-style: italic;\">\u2013<\/b><\/span><\/em><\/strong><\/strong> <em><strong>Niederlande (20.45 Uhr)<\/strong><\/em><br><img loading=\"lazy\" decoding=\"async\" width=\"10\" height=\"21\" class=\"wp-image-3656\" style=\"width: 10px;\" src=\"http:\/\/kommentatorenblog.de\/wp-content\/uploads\/2020\/09\/shure-55sh-ii-e1601485394796.jpg\" alt=\"\" srcset=\"https:\/\/kommentatorenblog.de\/wp-content\/uploads\/2020\/09\/shure-55sh-ii-e1601485394796.jpg 415w, https:\/\/kommentatorenblog.de\/wp-content\/uploads\/2020\/09\/shure-55sh-ii-e1601485394796-142x300.jpg 142w\" sizes=\"auto, (max-width: 10px) 100vw, 10px\" \/> Marcel Seufert, Experte: Michael Hofmann<\/p>\n\n\n\n<p><strong style=\"font-style: italic;\">Kroatien <strong><em><span><b style=\"font-style: italic;\">\u2013<\/b><\/span><\/em><\/strong><\/strong> <em><strong>\u00d6sterreich (20.45 Uhr)<\/strong><\/em><br><img loading=\"lazy\" decoding=\"async\" width=\"10\" height=\"21\" class=\"wp-image-3656\" style=\"width: 10px;\" src=\"http:\/\/kommentatorenblog.de\/wp-content\/uploads\/2020\/09\/shure-55sh-ii-e1601485394796.jpg\" alt=\"\" srcset=\"https:\/\/kommentatorenblog.de\/wp-content\/uploads\/2020\/09\/shure-55sh-ii-e1601485394796.jpg 415w, https:\/\/kommentatorenblog.de\/wp-content\/uploads\/2020\/09\/shure-55sh-ii-e1601485394796-142x300.jpg 142w\" sizes=\"auto, (max-width: 10px) 100vw, 10px\" \/> Stefan Galler<\/p>\n\n\n\n<p><strong style=\"font-style: italic;\">Frankreich <strong><em><span><b style=\"font-style: italic;\">\u2013<\/b><\/span><\/em><\/strong><\/strong> <em><strong>D\u00e4nemark (20.45 Uhr)<\/strong><\/em><br><img loading=\"lazy\" decoding=\"async\" width=\"10\" height=\"21\" class=\"wp-image-3656\" style=\"width: 10px;\" src=\"http:\/\/kommentatorenblog.de\/wp-content\/uploads\/2020\/09\/shure-55sh-ii-e1601485394796.jpg\" alt=\"\" srcset=\"https:\/\/kommentatorenblog.de\/wp-content\/uploads\/2020\/09\/shure-55sh-ii-e1601485394796.jpg 415w, https:\/\/kommentatorenblog.de\/wp-content\/uploads\/2020\/09\/shure-55sh-ii-e1601485394796-142x300.jpg 142w\" sizes=\"auto, (max-width: 10px) 100vw, 10px\" \/> Carsten Fu\u00df<\/p>\n\n\n\n<p><strong style=\"font-style: italic;\">Goalzone<\/strong><em><strong>: <\/strong><\/em>Tobi Wahnschaffe<\/p>\n\n\n\n<p><span style=\"text-decoration: underline;\">Samstag, 04. Juni 2022 (DAZN)<\/span><\/p>\n\n\n\n<p><strong style=\"font-style: italic;\">Ungarn <strong><em><span><b style=\"font-style: italic;\">\u2013<\/b><\/span><\/em><\/strong><\/strong> <em><strong>England (18.00 Uhr)<\/strong><\/em><br><img loading=\"lazy\" decoding=\"async\" width=\"10\" height=\"21\" class=\"wp-image-3656\" style=\"width: 10px;\" src=\"http:\/\/kommentatorenblog.de\/wp-content\/uploads\/2020\/09\/shure-55sh-ii-e1601485394796.jpg\" alt=\"\" srcset=\"https:\/\/kommentatorenblog.de\/wp-content\/uploads\/2020\/09\/shure-55sh-ii-e1601485394796.jpg 415w, https:\/\/kommentatorenblog.de\/wp-content\/uploads\/2020\/09\/shure-55sh-ii-e1601485394796-142x300.jpg 142w\" sizes=\"auto, (max-width: 10px) 100vw, 10px\" \/> Uli Hebel<\/p>\n\n\n\n<p><span style=\"text-decoration: underline;\">ab 20.15 Uhr (RTL)<\/span><\/p>\n\n\n\n<p><strong style=\"font-style: italic;\">Italien <strong><em><span><b style=\"font-style: italic;\">\u2013<\/b><\/span><\/em><\/strong><\/strong> <em><strong>Deutschland (18.00 Uhr)<\/strong><\/em><br><img loading=\"lazy\" decoding=\"async\" width=\"10\" height=\"21\" class=\"wp-image-3656\" style=\"width: 10px;\" src=\"http:\/\/kommentatorenblog.de\/wp-content\/uploads\/2020\/09\/shure-55sh-ii-e1601485394796.jpg\" alt=\"\" srcset=\"https:\/\/kommentatorenblog.de\/wp-content\/uploads\/2020\/09\/shure-55sh-ii-e1601485394796.jpg 415w, https:\/\/kommentatorenblog.de\/wp-content\/uploads\/2020\/09\/shure-55sh-ii-e1601485394796-142x300.jpg 142w\" sizes=\"auto, (max-width: 10px) 100vw, 10px\" \/> Marco Hagemann, Experte: Lothar Matth\u00e4us<br>Moderation: Florian K\u00f6nig<\/p>\n\n\n\n<p><span style=\"text-decoration: underline;\">Sonntag, 05. Juni 2022 (DAZN)<\/span><\/p>\n\n\n\n<p><strong style=\"font-style: italic;\">Tschechien <strong><em><span><b style=\"font-style: italic;\">\u2013<\/b><\/span><\/em><\/strong><\/strong> <em><strong>Spanien (20.45 Uhr)<\/strong><\/em><br><img loading=\"lazy\" decoding=\"async\" width=\"10\" height=\"21\" class=\"wp-image-3656\" style=\"width: 10px;\" src=\"http:\/\/kommentatorenblog.de\/wp-content\/uploads\/2020\/09\/shure-55sh-ii-e1601485394796.jpg\" alt=\"\" srcset=\"https:\/\/kommentatorenblog.de\/wp-content\/uploads\/2020\/09\/shure-55sh-ii-e1601485394796.jpg 415w, https:\/\/kommentatorenblog.de\/wp-content\/uploads\/2020\/09\/shure-55sh-ii-e1601485394796-142x300.jpg 142w\" sizes=\"auto, (max-width: 10px) 100vw, 10px\" \/> Julian Engelhard<\/p>\n\n\n\n<p><strong style=\"font-style: italic;\">Portugal <strong><em><span><b style=\"font-style: italic;\">\u2013<\/b><\/span><\/em><\/strong><\/strong> <em><strong>Schweiz (20.45 Uhr)<\/strong><\/em><br><img loading=\"lazy\" decoding=\"async\" width=\"10\" height=\"21\" class=\"wp-image-3656\" style=\"width: 10px;\" src=\"http:\/\/kommentatorenblog.de\/wp-content\/uploads\/2020\/09\/shure-55sh-ii-e1601485394796.jpg\" alt=\"\" srcset=\"https:\/\/kommentatorenblog.de\/wp-content\/uploads\/2020\/09\/shure-55sh-ii-e1601485394796.jpg 415w, https:\/\/kommentatorenblog.de\/wp-content\/uploads\/2020\/09\/shure-55sh-ii-e1601485394796-142x300.jpg 142w\" sizes=\"auto, (max-width: 10px) 100vw, 10px\" \/> Guido H\u00fcsgen<\/p>\n\n\n\n<p><strong style=\"font-style: italic;\">Schweden <strong><em><span><b style=\"font-style: italic;\">\u2013<\/b><\/span><\/em><\/strong><\/strong> <em><strong>Norwegen (20.45 Uhr)<\/strong><\/em><br><img loading=\"lazy\" decoding=\"async\" width=\"10\" height=\"21\" class=\"wp-image-3656\" style=\"width: 10px;\" src=\"http:\/\/kommentatorenblog.de\/wp-content\/uploads\/2020\/09\/shure-55sh-ii-e1601485394796.jpg\" alt=\"\" srcset=\"https:\/\/kommentatorenblog.de\/wp-content\/uploads\/2020\/09\/shure-55sh-ii-e1601485394796.jpg 415w, https:\/\/kommentatorenblog.de\/wp-content\/uploads\/2020\/09\/shure-55sh-ii-e1601485394796-142x300.jpg 142w\" sizes=\"auto, (max-width: 10px) 100vw, 10px\" \/> Christoph Stadtler<\/p>\n\n\n\n<p><span style=\"text-decoration: underline;\">Montag, 06. Juni 2022 (DAZN)<\/span><\/p>\n\n\n\n<p><strong style=\"font-style: italic;\">Kroatien <strong><em><span><b style=\"font-style: italic;\">\u2013<\/b><\/span><\/em><\/strong><\/strong> <em><strong>Frankreich (20.45 Uhr)<\/strong><\/em><br><img loading=\"lazy\" decoding=\"async\" width=\"10\" height=\"21\" class=\"wp-image-3656\" style=\"width: 10px;\" src=\"http:\/\/kommentatorenblog.de\/wp-content\/uploads\/2020\/09\/shure-55sh-ii-e1601485394796.jpg\" alt=\"\" srcset=\"https:\/\/kommentatorenblog.de\/wp-content\/uploads\/2020\/09\/shure-55sh-ii-e1601485394796.jpg 415w, https:\/\/kommentatorenblog.de\/wp-content\/uploads\/2020\/09\/shure-55sh-ii-e1601485394796-142x300.jpg 142w\" sizes=\"auto, (max-width: 10px) 100vw, 10px\" \/> Matthias Naebers<\/p>\n\n\n\n<p><strong style=\"font-style: italic;\">\u00d6sterreich <strong><em><span><b style=\"font-style: italic;\">\u2013<\/b><\/span><\/em><\/strong><\/strong> <em><strong>D\u00e4nemark (20.45 Uhr)<\/strong><\/em><br><img loading=\"lazy\" decoding=\"async\" width=\"10\" height=\"21\" class=\"wp-image-3656\" style=\"width: 10px;\" src=\"http:\/\/kommentatorenblog.de\/wp-content\/uploads\/2020\/09\/shure-55sh-ii-e1601485394796.jpg\" alt=\"\" srcset=\"https:\/\/kommentatorenblog.de\/wp-content\/uploads\/2020\/09\/shure-55sh-ii-e1601485394796.jpg 415w, https:\/\/kommentatorenblog.de\/wp-content\/uploads\/2020\/09\/shure-55sh-ii-e1601485394796-142x300.jpg 142w\" sizes=\"auto, (max-width: 10px) 100vw, 10px\" \/> Max Gross<\/p>\n\n\n\n<hr class=\"wp-block-separator\"\/>\n\n\n\n<p class=\"has-vivid-red-color has-text-color\"><strong>U21 EM-Qualifikation (Sat.1)<\/strong><\/p>\n\n\n\n<p><span style=\"text-decoration: underline;\">Freitag, 03. Juni 2022, ab 18 Uhr<\/span><\/p>\n\n\n\n<p><strong style=\"font-style: italic;\">Deutschland <strong><em><span><b style=\"font-style: italic;\">\u2013<\/b><\/span><\/em><\/strong><\/strong> <em><strong>Ungarn (18.15 Uhr)<\/strong><\/em><br><img loading=\"lazy\" decoding=\"async\" width=\"10\" height=\"21\" class=\"wp-image-3656\" style=\"width: 10px;\" src=\"http:\/\/kommentatorenblog.de\/wp-content\/uploads\/2020\/09\/shure-55sh-ii-e1601485394796.jpg\" alt=\"\" srcset=\"https:\/\/kommentatorenblog.de\/wp-content\/uploads\/2020\/09\/shure-55sh-ii-e1601485394796.jpg 415w, https:\/\/kommentatorenblog.de\/wp-content\/uploads\/2020\/09\/shure-55sh-ii-e1601485394796-142x300.jpg 142w\" sizes=\"auto, (max-width: 10px) 100vw, 10px\" \/> Uwe Morawe<br>Moderation: Christian D\u00fcren, Experte: Ren\u00e9 Adler<\/p>\n\n\n\n<hr class=\"wp-block-separator is-style-default\"\/>\n\n\n\n<p class=\"has-vivid-red-color has-text-color\"><strong>Aufstieg zur 3. Liga (Magenta Sport\/NDR\/rbb)<\/strong><\/p>\n\n\n\n<p><span style=\"text-decoration: underline;\">Samstag, 04. Juni 2022<\/span><\/p>\n\n\n\n<p><strong style=\"font-style: italic;\">VfB Oldenburg <strong><em><span><b style=\"font-style: italic;\">\u2013<\/b><\/span><\/em><\/strong><\/strong> <em><strong>BFC Dynamo (14.00 Uhr)<\/strong><\/em><br><img loading=\"lazy\" decoding=\"async\" width=\"10\" height=\"21\" class=\"wp-image-3656\" style=\"width: 10px;\" src=\"http:\/\/kommentatorenblog.de\/wp-content\/uploads\/2020\/09\/shure-55sh-ii-e1601485394796.jpg\" alt=\"\" srcset=\"https:\/\/kommentatorenblog.de\/wp-content\/uploads\/2020\/09\/shure-55sh-ii-e1601485394796.jpg 415w, https:\/\/kommentatorenblog.de\/wp-content\/uploads\/2020\/09\/shure-55sh-ii-e1601485394796-142x300.jpg 142w\" sizes=\"auto, (max-width: 10px) 100vw, 10px\" \/> Magenta: tba<\/p>\n\n\n\n<p><img loading=\"lazy\" decoding=\"async\" width=\"10\" height=\"21\" class=\"wp-image-3656\" style=\"width: 10px;\" src=\"http:\/\/kommentatorenblog.de\/wp-content\/uploads\/2020\/09\/shure-55sh-ii-e1601485394796.jpg\" alt=\"\" srcset=\"https:\/\/kommentatorenblog.de\/wp-content\/uploads\/2020\/09\/shure-55sh-ii-e1601485394796.jpg 415w, https:\/\/kommentatorenblog.de\/wp-content\/uploads\/2020\/09\/shure-55sh-ii-e1601485394796-142x300.jpg 142w\" sizes=\"auto, (max-width: 10px) 100vw, 10px\" \/> NDR: Matthias Cammann<br>Moderation (NDR): Ben Wozny<\/p>\n\n\n\n<hr class=\"wp-block-separator is-style-default\"\/>\n\n\n\n<p class=\"has-vivid-red-color has-text-color\"><strong>Campeonato Brasileiro (BRA), 9. Spieltag (Sportdigital FUSSBALL)<\/strong><\/p>\n\n\n\n<p><span style=\"text-decoration: underline;\">Sonntag, 05. Juni 2022<\/span><\/p>\n\n\n\n<p><strong style=\"font-style: italic;\">Palmeiras S\u00e3o Paulo <strong><em><span><b style=\"font-style: italic;\">\u2013<\/b><\/span><\/em><\/strong><\/strong> <em><strong>Atl\u00e9tico Mineiro (21.00 Uhr)<\/strong><\/em><br><img loading=\"lazy\" decoding=\"async\" width=\"10\" height=\"21\" class=\"wp-image-3656\" style=\"width: 10px;\" src=\"http:\/\/kommentatorenblog.de\/wp-content\/uploads\/2020\/09\/shure-55sh-ii-e1601485394796.jpg\" alt=\"\" srcset=\"https:\/\/kommentatorenblog.de\/wp-content\/uploads\/2020\/09\/shure-55sh-ii-e1601485394796.jpg 415w, https:\/\/kommentatorenblog.de\/wp-content\/uploads\/2020\/09\/shure-55sh-ii-e1601485394796-142x300.jpg 142w\" sizes=\"auto, (max-width: 10px) 100vw, 10px\" \/> Karsten Linke<\/p>\n\n\n\n<hr class=\"wp-block-separator is-style-wide\"\/>\n\n\n\n<p class=\"has-vivid-red-color has-text-color\"><strong>Liga Profesional (ARG), 1. Spieltag (Sportdigital FUSSBALL)<\/strong><\/p>\n\n\n\n<p><span style=\"text-decoration: underline;\">Montag, 06. Juni 2022<\/span><\/p>\n\n\n\n<p><strong style=\"font-style: italic;\">Boca Juniors <strong><em><span><b style=\"font-style: italic;\">\u2013<\/b><\/span><\/em><\/strong><\/strong> <em><strong>Arsenal de Sarandi FC (00.00 Uhr)<\/strong><\/em><br><img loading=\"lazy\" decoding=\"async\" width=\"10\" height=\"21\" class=\"wp-image-3656\" style=\"width: 10px;\" src=\"http:\/\/kommentatorenblog.de\/wp-content\/uploads\/2020\/09\/shure-55sh-ii-e1601485394796.jpg\" alt=\"\" srcset=\"https:\/\/kommentatorenblog.de\/wp-content\/uploads\/2020\/09\/shure-55sh-ii-e1601485394796.jpg 415w, https:\/\/kommentatorenblog.de\/wp-content\/uploads\/2020\/09\/shure-55sh-ii-e1601485394796-142x300.jpg 142w\" sizes=\"auto, (max-width: 10px) 100vw, 10px\" \/> Christian Blunck<\/p>\n\n\n\n<hr class=\"wp-block-separator is-style-wide\"\/>\n\n\n\n<p class=\"has-vivid-red-color has-text-color\"><strong>AFC U23 Asien-Cup, 1.\/2. Spieltag (Sportdigital FUSSBALL)<\/strong><\/p>\n\n\n\n<p><span style=\"text-decoration: underline;\">Freitag, 03. Juni 2022<\/span><\/p>\n\n\n\n<p><strong style=\"font-style: italic;\">Vereinigte Arabische Emirate <strong><em><span><b style=\"font-style: italic;\">\u2013<\/b><\/span><\/em><\/strong><\/strong> <em><strong>Japan (15.00 Uhr)<\/strong><\/em><br><img loading=\"lazy\" decoding=\"async\" width=\"10\" height=\"21\" class=\"wp-image-3656\" style=\"width: 10px;\" src=\"http:\/\/kommentatorenblog.de\/wp-content\/uploads\/2020\/09\/shure-55sh-ii-e1601485394796.jpg\" alt=\"\" srcset=\"https:\/\/kommentatorenblog.de\/wp-content\/uploads\/2020\/09\/shure-55sh-ii-e1601485394796.jpg 415w, https:\/\/kommentatorenblog.de\/wp-content\/uploads\/2020\/09\/shure-55sh-ii-e1601485394796-142x300.jpg 142w\" sizes=\"auto, (max-width: 10px) 100vw, 10px\" \/> Jonathan Dreier<\/p>\n\n\n\n<p><strong style=\"font-style: italic;\">Saudi-Arabien <strong><em><span><b style=\"font-style: italic;\">\u2013<\/b><\/span><\/em><\/strong><\/strong> <em><strong>Tadschikistan (17.00 Uhr)<\/strong><\/em><br><img loading=\"lazy\" decoding=\"async\" width=\"10\" height=\"21\" class=\"wp-image-3656\" style=\"width: 10px;\" src=\"http:\/\/kommentatorenblog.de\/wp-content\/uploads\/2020\/09\/shure-55sh-ii-e1601485394796.jpg\" alt=\"\" srcset=\"https:\/\/kommentatorenblog.de\/wp-content\/uploads\/2020\/09\/shure-55sh-ii-e1601485394796.jpg 415w, https:\/\/kommentatorenblog.de\/wp-content\/uploads\/2020\/09\/shure-55sh-ii-e1601485394796-142x300.jpg 142w\" sizes=\"auto, (max-width: 10px) 100vw, 10px\" \/> Henrik Hinrichsen<\/p>\n\n\n\n<p><span style=\"text-decoration: underline;\">Samstag, 04. Juni 2022<\/span><\/p>\n\n\n\n<p><strong style=\"font-style: italic;\">Irak <strong><em><span><b style=\"font-style: italic;\">\u2013<\/b><\/span><\/em><\/strong><\/strong> <em><strong>Australien (15.00 Uhr)<\/strong><\/em><br><img loading=\"lazy\" decoding=\"async\" width=\"10\" height=\"21\" class=\"wp-image-3656\" style=\"width: 10px;\" src=\"http:\/\/kommentatorenblog.de\/wp-content\/uploads\/2020\/09\/shure-55sh-ii-e1601485394796.jpg\" alt=\"\" srcset=\"https:\/\/kommentatorenblog.de\/wp-content\/uploads\/2020\/09\/shure-55sh-ii-e1601485394796.jpg 415w, https:\/\/kommentatorenblog.de\/wp-content\/uploads\/2020\/09\/shure-55sh-ii-e1601485394796-142x300.jpg 142w\" sizes=\"auto, (max-width: 10px) 100vw, 10px\" \/> Jakob Vogel<\/p>\n\n\n\n<p><strong style=\"font-style: italic;\">Katar <strong><em><span><b style=\"font-style: italic;\">\u2013<\/b><\/span><\/em><\/strong><\/strong> <em><strong>Usbekistan (17.00 Uhr)<\/strong><\/em><br><img loading=\"lazy\" decoding=\"async\" width=\"10\" height=\"21\" class=\"wp-image-3656\" style=\"width: 10px;\" src=\"http:\/\/kommentatorenblog.de\/wp-content\/uploads\/2020\/09\/shure-55sh-ii-e1601485394796.jpg\" alt=\"\" srcset=\"https:\/\/kommentatorenblog.de\/wp-content\/uploads\/2020\/09\/shure-55sh-ii-e1601485394796.jpg 415w, https:\/\/kommentatorenblog.de\/wp-content\/uploads\/2020\/09\/shure-55sh-ii-e1601485394796-142x300.jpg 142w\" sizes=\"auto, (max-width: 10px) 100vw, 10px\" \/> Henrik Hinrichsen<\/p>\n\n\n\n<p><strong style=\"font-style: italic;\">Kuwait <strong><em><span><b style=\"font-style: italic;\">\u2013<\/b><\/span><\/em><\/strong><\/strong> <em><strong>Jordanien (19.00 Uhr)<\/strong><\/em><br><img loading=\"lazy\" decoding=\"async\" width=\"10\" height=\"21\" class=\"wp-image-3656\" style=\"width: 10px;\" src=\"http:\/\/kommentatorenblog.de\/wp-content\/uploads\/2020\/09\/shure-55sh-ii-e1601485394796.jpg\" alt=\"\" srcset=\"https:\/\/kommentatorenblog.de\/wp-content\/uploads\/2020\/09\/shure-55sh-ii-e1601485394796.jpg 415w, https:\/\/kommentatorenblog.de\/wp-content\/uploads\/2020\/09\/shure-55sh-ii-e1601485394796-142x300.jpg 142w\" sizes=\"auto, (max-width: 10px) 100vw, 10px\" \/> Manuel Meyer<\/p>\n\n\n\n<p><span style=\"text-decoration: underline;\">Sonntag, 05. Juni 2022<\/span><\/p>\n\n\n\n<p><strong style=\"font-style: italic;\">Vietnam <strong><em><span><b style=\"font-style: italic;\">\u2013<\/b><\/span><\/em><\/strong><\/strong> <em><strong>S\u00fcdkorea (15.00 Uhr)<\/strong><\/em><br><img loading=\"lazy\" decoding=\"async\" width=\"10\" height=\"21\" class=\"wp-image-3656\" style=\"width: 10px;\" src=\"http:\/\/kommentatorenblog.de\/wp-content\/uploads\/2020\/09\/shure-55sh-ii-e1601485394796.jpg\" alt=\"\" srcset=\"https:\/\/kommentatorenblog.de\/wp-content\/uploads\/2020\/09\/shure-55sh-ii-e1601485394796.jpg 415w, https:\/\/kommentatorenblog.de\/wp-content\/uploads\/2020\/09\/shure-55sh-ii-e1601485394796-142x300.jpg 142w\" sizes=\"auto, (max-width: 10px) 100vw, 10px\" \/> Henrik Hinrichsen<\/p>\n\n\n\n<p><strong style=\"font-style: italic;\">Malaysia <strong><em><span><b style=\"font-style: italic;\">\u2013<\/b><\/span><\/em><\/strong><\/strong> <em><strong>Thailand (17.00 Uhr)<\/strong><\/em><br><img loading=\"lazy\" decoding=\"async\" width=\"10\" height=\"21\" class=\"wp-image-3656\" style=\"width: 10px;\" src=\"http:\/\/kommentatorenblog.de\/wp-content\/uploads\/2020\/09\/shure-55sh-ii-e1601485394796.jpg\" alt=\"\" srcset=\"https:\/\/kommentatorenblog.de\/wp-content\/uploads\/2020\/09\/shure-55sh-ii-e1601485394796.jpg 415w, https:\/\/kommentatorenblog.de\/wp-content\/uploads\/2020\/09\/shure-55sh-ii-e1601485394796-142x300.jpg 142w\" sizes=\"auto, (max-width: 10px) 100vw, 10px\" \/> Manuel Meyer<\/p>\n\n\n\n<p><span style=\"text-decoration: underline;\">Montag, 06. Juni 2022<\/span><\/p>\n\n\n\n<p><strong style=\"font-style: italic;\">Japan <strong><em><span><b style=\"font-style: italic;\">\u2013<\/b><\/span><\/em><\/strong><\/strong> <em><strong>Saudi-Arabien (15.00 Uhr)<\/strong><\/em><br><img loading=\"lazy\" decoding=\"async\" width=\"10\" height=\"21\" class=\"wp-image-3656\" style=\"width: 10px;\" src=\"http:\/\/kommentatorenblog.de\/wp-content\/uploads\/2020\/09\/shure-55sh-ii-e1601485394796.jpg\" alt=\"\" srcset=\"https:\/\/kommentatorenblog.de\/wp-content\/uploads\/2020\/09\/shure-55sh-ii-e1601485394796.jpg 415w, https:\/\/kommentatorenblog.de\/wp-content\/uploads\/2020\/09\/shure-55sh-ii-e1601485394796-142x300.jpg 142w\" sizes=\"auto, (max-width: 10px) 100vw, 10px\" \/> Jonathan Dreier<\/p>\n\n\n\n<p><strong style=\"font-style: italic;\">Tadschikistan <strong><em><span><b style=\"font-style: italic;\">\u2013<\/b><\/span><\/em><\/strong><\/strong> <em><strong>Vereinigte Arabische Emirate (17.00 Uhr)<\/strong><\/em><br><img loading=\"lazy\" decoding=\"async\" width=\"10\" height=\"21\" class=\"wp-image-3656\" style=\"width: 10px;\" src=\"http:\/\/kommentatorenblog.de\/wp-content\/uploads\/2020\/09\/shure-55sh-ii-e1601485394796.jpg\" alt=\"\" srcset=\"https:\/\/kommentatorenblog.de\/wp-content\/uploads\/2020\/09\/shure-55sh-ii-e1601485394796.jpg 415w, https:\/\/kommentatorenblog.de\/wp-content\/uploads\/2020\/09\/shure-55sh-ii-e1601485394796-142x300.jpg 142w\" sizes=\"auto, (max-width: 10px) 100vw, 10px\" \/> Henrik Hinrichsen<\/p>\n\n\n\n<hr class=\"wp-block-separator is-style-wide\"\/>\n\n\n\n<p class=\"has-vivid-red-color has-text-color\"><strong><code>Analyse<\/code><\/strong><\/p>\n\n\n\n<p>Im Vorwort bin ich nicht auf den anstehenden 1. Spieltag dieser Nations League-Saison eingegangen. Hat den Grund, dass ich noch kein einziges Spiel dieses Wettbewerbs live verfolgt habe. <br>Nichtsdestotrotz scheint die Nations League ja auch in Deutschland besser anzukommen als das \u00fcbliche Geschimpfe bei Social Media suggeriert. Schlie\u00dflich war der \u00f6ffentliche Aufschrei nach Deutschlands (vermeintlichem) Abstieg schon sehr gro\u00df daf\u00fcr, dass der Wettbewerb ja laut Kritikern (ich geh\u00f6re dazu) nichts z\u00e4hle. Au\u00dferdem schien RTL k\u00fcrzlich recht gl\u00fccklich dar\u00fcber, k\u00fcnftig auch DFB-Spiele in der Nations League zeigen zu d\u00fcrfen. So beginnt der K\u00f6lner Privatsender gleich am Samstag mit dem Klassiker Italien-Deutschland aus Bologna. Sowohl Moderator Florian K\u00f6nig als auch Kommentator Marco Hagemann haben w\u00e4hrend der \u00dcbertragung Rekordnationalspieler Lothar Matth\u00e4us als Experten an ihrer Seite. <\/p>\n\n\n\n<p>Die weiteren Partien mit nicht-deutscher Beteiligung hat DAZN im Programm. Die Spiele der gro\u00dfen Fu\u00dfball-Nationen werden dabei auch mit deutschem Kommentar angeboten. Hier h\u00f6ren wir teilweise die &#8222;\u00fcblichen Verd\u00e4chtigen&#8220;: Uli Hebel bei den Three Lions, w\u00e4hrend Julian Engelhard wie auch sehr oft in der Liga bei den Spaniern zu finden ist und Eishockey-Kommentator Christoph Stadtler nat\u00fcrlich bei den nordischen L\u00e4ndern angesetzt ist. Der Ligue1-Stammkommentator Stefan Galler kommentiert allerdings Kroatien-\u00d6sterreich, w\u00e4hrend parallel Italien-Fachmann Carsten Fu\u00df Frankreichs Partie \u00fcbernimmt. Das Derby Belgien-Niederlande \u00fcbernehmen Marcel Seufert und Michi Hofmann.<\/p>\n\n\n\n<p><strong>Letzter europ\u00e4ischer WM-Platz<\/strong><\/p>\n\n\n\n<p>Deutlich mehr sportliche Bedeutung als die Nations League hat die Paarung Wales-Ukraine, da dort der letzte europ\u00e4ische WM-Platz ausgespielt wird. Uwe Morawe und Sascha Bigalke verfolgen am Mikrofon, wer sich f\u00fcr die Gruppe mit England, Iran und den USA qualifiziert. <br>Mitten im v\u00f6lkerrechtswidrigen russischen \u00dcberfall auf die Ukraine gibt es zwar deutlich Wichtigeres, aber die Spieler wollen &#8211; wie sie selbst sagen &#8211; ihrem Land etwas schenken und einen kleinen Lichtblick geben.<\/p>\n","protected":false},"excerpt":{"rendered":"<p>N&#8217;Abend allerseits, wie jedes Jahr im Mai beansprucht der Fu\u00dfball und seine Saison-Entscheidung die \u00f6ffentliche Wahrnehmung in Sport-Deutschland. Nachdem Jonas k\u00fcrzlich auf anstehende Sport-Highlights im Sommer einging, m\u00f6chte ich hier im Vorwort noch kurz den Fokus auf die (Rest-)Saisons in den anderen gr\u00f6\u00dferen TV-Teamsportarten lenken. Update Das Vorwort findet ihr jetzt unter den aktualisierten Ansetzungen [&hellip;]<\/p>\n","protected":false},"author":12,"featured_media":0,"comment_status":"open","ping_status":"open","sticky":false,"template":"","format":"standard","meta":{"footnotes":""},"categories":[426],"tags":[744,47,490,240,131,499,57,177,544,171,13,418,743,532,132,148,120,155,230,410,726,405,507,315,59,50,741,31,205,9,597,276,43,679,223,283,742,330,715,15,453,191,137,312,84,138,361,306,22,134,154,252,105,149,745,37],"class_list":["post-13142","post","type-post","status-publish","format-standard","hentry","category-laenderspiele","tag-basketball","tag-bela-rethy","tag-ben-wozny","tag-boris-buechler","tag-carsten-fuss","tag-chris-putz","tag-christian-blunck","tag-christian-dueren","tag-christoph-kramer","tag-christoph-stadtler","tag-dazn","tag-del","tag-eishockey","tag-euroleague","tag-flo-hauser","tag-florian-koenig","tag-franz-buechner","tag-guido-huesgen","tag-handball","tag-hbl","tag-henrik-hinrichsen","tag-jakob-vogel","tag-jonathan-dreier","tag-julian-engelhard","tag-karsten-linke","tag-katrin-mueller-hohenstein","tag-lars-ruthemann","tag-lothar-matthaeus","tag-lukas-schoenmueller","tag-magenta-sport","tag-manuel-meyer","tag-marcel-seufert","tag-marco-hagemann","tag-matthias-cammann","tag-matthias-naebers","tag-max-gross","tag-michael-brandes","tag-michael-hofmann","tag-moritz-knorr","tag-ndr","tag-nhl","tag-nico-seepe","tag-prosieben-maxx","tag-rbb","tag-rene-adler","tag-rtl","tag-sascha-bigalke","tag-sat-1","tag-sky","tag-sportdigital-fussball","tag-stefan-galler","tag-tobi-wahnschaffe","tag-uli-hebel","tag-uwe-morawe","tag-volleyball","tag-zdf"],"_links":{"self":[{"href":"https:\/\/kommentatorenblog.de\/index.php?rest_route=\/wp\/v2\/posts\/13142","targetHints":{"allow":["GET"]}}],"collection":[{"href":"https:\/\/kommentatorenblog.de\/index.php?rest_route=\/wp\/v2\/posts"}],"about":[{"href":"https:\/\/kommentatorenblog.de\/index.php?rest_route=\/wp\/v2\/types\/post"}],"author":[{"embeddable":true,"href":"https:\/\/kommentatorenblog.de\/index.php?rest_route=\/wp\/v2\/users\/12"}],"replies":[{"embeddable":true,"href":"https:\/\/kommentatorenblog.de\/index.php?rest_route=%2Fwp%2Fv2%2Fcomments&post=13142"}],"version-history":[{"count":23,"href":"https:\/\/kommentatorenblog.de\/index.php?rest_route=\/wp\/v2\/posts\/13142\/revisions"}],"predecessor-version":[{"id":13321,"href":"https:\/\/kommentatorenblog.de\/index.php?rest_route=\/wp\/v2\/posts\/13142\/revisions\/13321"}],"wp:attachment":[{"href":"https:\/\/kommentatorenblog.de\/index.php?rest_route=%2Fwp%2Fv2%2Fmedia&parent=13142"}],"wp:term":[{"taxonomy":"category","embeddable":true,"href":"https:\/\/kommentatorenblog.de\/index.php?rest_route=%2Fwp%2Fv2%2Fcategories&post=13142"},{"taxonomy":"post_tag","embeddable":true,"href":"https:\/\/kommentatorenblog.de\/index.php?rest_route=%2Fwp%2Fv2%2Ftags&post=13142"}],"curies":[{"name":"wp","href":"https:\/\/api.w.org\/{rel}","templated":true}]}}