{"id":13226,"date":"2022-07-04T17:03:18","date_gmt":"2022-07-04T15:03:18","guid":{"rendered":"http:\/\/kommentatorenblog.de\/?p=13226"},"modified":"2023-06-26T13:31:05","modified_gmt":"2023-06-26T11:31:05","slug":"1263-start-in-die-euro-2022","status":"publish","type":"post","link":"https:\/\/kommentatorenblog.de\/?p=13226","title":{"rendered":"1263 &#8211; Start in die Euro 2022"},"content":{"rendered":"\n<p>Hallo zusammen,<\/p>\n\n\n\n<p>wir sind zur\u00fcck aus unserer Sommerpause, p\u00fcnktlich zum Fu\u00dfball- Gro\u00dfereignis des Sommers, die Europameisterschaften der Frauen startet am Mittwoch. Durch die Corona- Pandemie musste auch sie (wegen der Verschiebung der Herren EM in 2021) um ein Jahr verschoben werden und findet nun diesen Sommer in England statt. Im Folgenden erfahrt ihr einiges \u00fcber das Turnier und die \u00dcbertragungen:<\/p>\n\n\n\n<p><strong>Wie l\u00e4uft die EM ab?<\/strong><\/p>\n\n\n\n<p>Am Mittwoch den 06. Juli startet die EM in England mit dem Er\u00f6ffnungsspiel im Old Trafford. Dann steht die Gruppenphase der insgesamt 16 Teams (in 4 Gruppen) an. Die Gruppenersten und -zweiten qualifizieren sich f\u00fcr das Viertelfinale. Am 31.07 findet dann im Londoner Wembley- Stadion das Finale statt. Die deutsche Mannschaft befindet sich in einer Gruppe mit Spanien, D\u00e4nemark und Finnland und startet am Freitag den 08.07 in Brentford, einem Londoner Stadtteil, in das Turnier.<\/p>\n\n\n\n<p><strong>Wer \u00fcbertr\u00e4gt das Turnier?<\/strong><\/p>\n\n\n\n<p>ARD und ZDF haben die Rechte f\u00fcr die Spiele in Deutschland und werden alle Spiele live \u00fcbertragen, sei es im Hauptprogramm oder als Stream auf sportschau.de und sportstudio.de sowie in den Mediatheken von ARD und ZDF. Daneben hat DAZN Sublizenzen erworben und wird ebenfalls alle Spiele\u00fcbertragen. Diese Vereinbarung gilt f\u00fcr Deutschland und die Spiele werden nur im Stream, nicht aber im linearen TV bei DAZN zu sehen sein. In \u00d6sterreich und der Schweiz werden Spiele bei ORF1 beziehungsweise SRF2 zu sehen sein.<\/p>\n\n\n\n<p><strong>Welche Spiele kann ich im TV sehen?<\/strong><\/p>\n\n\n\n<p>In der Gruppenphase \u00fcbertr\u00e4gt das Erste insgesamt acht Spiele und das Zweite sieben Spiele im TV, darunter das Er\u00f6ffnungsspiel und alle deutschen Partien. Ab dem Viertelfinale sind dann alle Spiele in den Hauptprogrammen geplant. Damit werden zwar nicht alle Spiele im linearen TV zu sehen sei, daf\u00fcr aber im Vergleich zur EM 2017 mehr (Gruppen-)Spiele in den Hauptprogrammen. <\/p>\n\n\n\n<p>ARD und ZDF werden zudem alle Spiele in der ARD bzw. ZDF Mediathek sowie auf sportschau.de bzw. sportstudio.de als Livestream zu Verf\u00fcgung stellen. Auch bei DAZN wird es auf der Plattform alle Spiele als Stream zu sehen geben.<\/p>\n\n\n\n<p><strong>Wann gehen die Spiele los und wann starten die \u00dcbertragungen?<br><\/strong>In der Gruppenphase wird es zwei Ansto\u00dfzeiten geben, einmal um 18.00 Uhr und einmal um 21.00 Uhr (je deutscher Zeit). Die \u00dcbertragungen starten dann bei ARD und ZDF meist um 17.40 Uhr f\u00fcr das fr\u00fche Spiel, bzw. um 20.15 Uhr f\u00fcr das sp\u00e4te Spiel und enden ca. um 23.00 Uhr. Durch die zeitgleich stattfindende Leichtathletik WM kann es w\u00e4hrend der Vorberichterstattung Schalten dorthin geben.<\/p>\n\n\n\n<p>DAZN startet seine \u00dcbertragungen, zumindest zu Beginn der Gruppenphase, jeweils zum Spielbeginn, also um 18 beziehungsweise 21 Uhr.<\/p>\n\n\n\n<p><strong>Wer moderiert und kommentiert?<\/strong><\/p>\n\n\n\n<p>Bei ARD und ZDF sind auch bei dieser Frauen- EM die bekannten Moderatoren im<br>Einsatz: Claus Lufen (ARD) und Sven Voss (ZDF) \u00fcbernehmen diese Rolle und erhalten<br>beide Unterst\u00fctzung von einer Expertin. Im Ersten ist dies, wenig \u00fcberraschend,<br>Nia K\u00fcnzer, welche diese Rolle schon l\u00e4nger inne hat. Das ZDF war in den<br>letzten Jahren ohne feste Expertin unterwegs, hat nun aber kurz vor<br>Turnierbeginn eine neue Expertin pr\u00e4sentiert: Kathrin Lehmann. Lehmann,<br>deutsch- Schweizerin, ist ehemalige Bundesliga- Torh\u00fcterin und schweizer<br>Nationalspielerin und Eishockey- Spielerin. Daneben werden im ZDF auch weitere<br>ehemalige deutsche Nationalspielerin Gespr\u00e4chspartnerinnen, wie Tabea Kemme<br>oder Turid Knaak, zum Einsatz kommen. Die Moderation erfolgt, wie bei der<br>Herren- EM aus dem Studio. Das ZDF meldet sich mit seinem Team aus Mainz, die<br>ARD aus Hamburg (der NDR ist federf\u00fchrend).<\/p>\n\n\n\n<p>Gleich bleiben beim ZDF Kommentatorin Claudia Neumann und Kommentator<br>Norbert Galeske, die die letzten Gro\u00dfereignisse bei den Frauen auf dieser<br>Position bereits begleitet haben. Bei je einem Livestream kommen zudem noch<br>Oliver Schmidt und Gari Paubandt zum Einsatz. In England hat das ZDF zudem noch<br>Katja Streso im Einsatz, welche sich aus dem DFB- Quartier melden wird. Die<br>Interviewerinnen f\u00fcr das Zweite werden Lena Kesting und Franziska M\u00fcllers sein.<\/p>\n\n\n\n<p>Bei der ARD ist als Kommentator Bernd Schmelzer im Einsatz. Er wechselte<br>sich bei den letzten Gro\u00dfereignissen sich immer mit Stephanie Baczyk bei den<br>jeweiligen Spielen ab. Baczyk w\u00e4re wohl auch in diesem Jahr wieder im Einsatz<br>gewesen, f\u00e4llt jedoch aufgrund ihrer Schwangerschaft f\u00fcr das Turnier aus. Die<br>ARD setzt daf\u00fcr auf eine andere Kommentatorin: Christina Graf. Sie wird in<br>diesem Sommer ihr Frauenfu\u00dfball- Deb\u00fct im Ersten geben und dabei auch<br>zeitgleich ihre Generalprobe f\u00fcr die M\u00e4nner- WM im Winter erleben. Denn auch<br>dort kommt sie als Kommentatorin zum Einsatz, und ersetzt, so war es zu lesen,<br>ebenfalls Stephanie Baczyk. Im Stream setzt die ARD auf Jan Neumann, der diese<br>Position schon die letzten Jahre inne hatte, und auf Ann- Kathrin Rose, welche<br>ihr Deb\u00fct bei der Frauen- EM feiert. Der Kommentar im Ersten erfolgt aus den jeweiligen<br>Stadien.<\/p>\n\n\n\n<p>Ebenfalls in England vor Ort werden Ina Kast und Patrick Halatsch sein,<br>welche sich aus dem DFB- Quartier melden werden. Zus\u00e4tzlich werden sie auch<br>Interviews bei den Spielen f\u00fchren. Ebenso wie Sebastian Rieth und Inka<br>Blumensaat. F\u00fcr Rieth und Kast m\u00fcsste es das Deb\u00fct bei einem Fu\u00dfball-<br>Gro\u00dfereignis sein. Sie werden als Interviewer\/in vorwiegend bei den Primetime-<br>Spielen eingesetzt.<\/p>\n\n\n\n<p><strong><em>Die Ansetzungen vom 06. Juli 2022 bis 12. Juli 2022<\/em><\/strong><\/p>\n\n\n\n<p><strong>UEFA Frauen EM 2022 (ARD\/ZDF\/DAZN)<\/strong><\/p>\n\n\n\n<p><span style=\"text-decoration: underline;\">Mittwoch, 06. Juli 2022 ab 20.15 (ARD) ab 21.00 (DAZN)<\/span><\/p>\n\n\n\n<p><strong style=\"font-style: italic;\">England <strong><em><span><b style=\"font-style: italic;\">\u2013<\/b><\/span><\/em><\/strong><\/strong> <em><strong>\u00d6sterreich (21.00 Uhr)<\/strong><\/em> <br><img loading=\"lazy\" decoding=\"async\" width=\"10\" height=\"21\" class=\"wp-image-3656\" style=\"width: 10px;\" src=\"http:\/\/kommentatorenblog.de\/wp-content\/uploads\/2020\/09\/shure-55sh-ii-e1601485394796.jpg\" alt=\"\" srcset=\"https:\/\/kommentatorenblog.de\/wp-content\/uploads\/2020\/09\/shure-55sh-ii-e1601485394796.jpg 415w, https:\/\/kommentatorenblog.de\/wp-content\/uploads\/2020\/09\/shure-55sh-ii-e1601485394796-142x300.jpg 142w\" sizes=\"auto, (max-width: 10px) 100vw, 10px\" \/> ARD: Christina Graf<\/p>\n\n\n\n<p><img loading=\"lazy\" decoding=\"async\" width=\"10\" height=\"21\" class=\"wp-image-3656\" style=\"width: 10px;\" src=\"http:\/\/kommentatorenblog.de\/wp-content\/uploads\/2020\/09\/shure-55sh-ii-e1601485394796.jpg\" alt=\"\" srcset=\"https:\/\/kommentatorenblog.de\/wp-content\/uploads\/2020\/09\/shure-55sh-ii-e1601485394796.jpg 415w, https:\/\/kommentatorenblog.de\/wp-content\/uploads\/2020\/09\/shure-55sh-ii-e1601485394796-142x300.jpg 142w\" sizes=\"auto, (max-width: 10px) 100vw, 10px\" \/> DAZN: Christoph Fetzer<\/p>\n\n\n\n<p>Moderation (ARD): Claus Lufen, Expertin: Nia K\u00fcnzer , Field- Reporter: Sebastian Rieth<\/p>\n\n\n\n<p><span style=\"text-decoration: underline;\">Donnerstag, 07. Juli 2022 (sportschau.de\/DAZN)<\/span><\/p>\n\n\n\n<p><strong style=\"font-style: italic;\">Norwegen <strong><em><span><b style=\"font-style: italic;\">\u2013<\/b><\/span><\/em><\/strong><\/strong> <em><strong>Nordirland (21.00 Uhr)<\/strong><\/em> <br><img loading=\"lazy\" decoding=\"async\" width=\"10\" height=\"21\" class=\"wp-image-3656\" style=\"width: 10px;\" src=\"http:\/\/kommentatorenblog.de\/wp-content\/uploads\/2020\/09\/shure-55sh-ii-e1601485394796.jpg\" alt=\"\" srcset=\"https:\/\/kommentatorenblog.de\/wp-content\/uploads\/2020\/09\/shure-55sh-ii-e1601485394796.jpg 415w, https:\/\/kommentatorenblog.de\/wp-content\/uploads\/2020\/09\/shure-55sh-ii-e1601485394796-142x300.jpg 142w\" sizes=\"auto, (max-width: 10px) 100vw, 10px\" \/> ARD- Stream: Ann- Kathrin Rose<\/p>\n\n\n\n<p><img loading=\"lazy\" decoding=\"async\" width=\"10\" height=\"21\" class=\"wp-image-3656\" style=\"width: 10px;\" src=\"http:\/\/kommentatorenblog.de\/wp-content\/uploads\/2020\/09\/shure-55sh-ii-e1601485394796.jpg\" alt=\"\" srcset=\"https:\/\/kommentatorenblog.de\/wp-content\/uploads\/2020\/09\/shure-55sh-ii-e1601485394796.jpg 415w, https:\/\/kommentatorenblog.de\/wp-content\/uploads\/2020\/09\/shure-55sh-ii-e1601485394796-142x300.jpg 142w\" sizes=\"auto, (max-width: 10px) 100vw, 10px\" \/> DAZN: Freddie Schulz<\/p>\n\n\n\n<p><span style=\"text-decoration: underline;\">Freitag, 08. Juli 2022 ab<span style=\"text-decoration: underline;\"> 17.40 (ZDF) ab 18.00 (DAZN)<\/span><\/span><\/p>\n\n\n\n<p><strong style=\"font-style: italic;\">Spanien <strong><em><span><b style=\"font-style: italic;\">\u2013<\/b><\/span><\/em><\/strong><\/strong> <em><strong>Finnland (18.00 Uhr)<\/strong><\/em> <br><img loading=\"lazy\" decoding=\"async\" width=\"10\" height=\"21\" class=\"wp-image-3656\" style=\"width: 10px;\" src=\"http:\/\/kommentatorenblog.de\/wp-content\/uploads\/2020\/09\/shure-55sh-ii-e1601485394796.jpg\" alt=\"\" srcset=\"https:\/\/kommentatorenblog.de\/wp-content\/uploads\/2020\/09\/shure-55sh-ii-e1601485394796.jpg 415w, https:\/\/kommentatorenblog.de\/wp-content\/uploads\/2020\/09\/shure-55sh-ii-e1601485394796-142x300.jpg 142w\" sizes=\"auto, (max-width: 10px) 100vw, 10px\" \/> ZDF: Oliver Schmidt<\/p>\n\n\n\n<p><img loading=\"lazy\" decoding=\"async\" width=\"10\" height=\"21\" class=\"wp-image-3656\" style=\"width: 10px;\" src=\"http:\/\/kommentatorenblog.de\/wp-content\/uploads\/2020\/09\/shure-55sh-ii-e1601485394796.jpg\" alt=\"\" srcset=\"https:\/\/kommentatorenblog.de\/wp-content\/uploads\/2020\/09\/shure-55sh-ii-e1601485394796.jpg 415w, https:\/\/kommentatorenblog.de\/wp-content\/uploads\/2020\/09\/shure-55sh-ii-e1601485394796-142x300.jpg 142w\" sizes=\"auto, (max-width: 10px) 100vw, 10px\" \/> DAZN: Freddie Schulz<\/p>\n\n\n\n<p>Moderation (ZDF): Sven Voss , Expertin: Kathrin Lehmann , Field- Reporterin: Lena Kesting<\/p>\n\n\n\n<p><strong style=\"font-style: italic;\">Deutschland <strong><em><span><b style=\"font-style: italic;\">\u2013<\/b><\/span><\/em><\/strong><\/strong> <em><strong>D\u00e4nemark (21.00 Uhr)<\/strong><\/em> <br><img loading=\"lazy\" decoding=\"async\" width=\"10\" height=\"21\" class=\"wp-image-3656\" style=\"width: 10px;\" src=\"http:\/\/kommentatorenblog.de\/wp-content\/uploads\/2020\/09\/shure-55sh-ii-e1601485394796.jpg\" alt=\"\" srcset=\"https:\/\/kommentatorenblog.de\/wp-content\/uploads\/2020\/09\/shure-55sh-ii-e1601485394796.jpg 415w, https:\/\/kommentatorenblog.de\/wp-content\/uploads\/2020\/09\/shure-55sh-ii-e1601485394796-142x300.jpg 142w\" sizes=\"auto, (max-width: 10px) 100vw, 10px\" \/> ZDF: Claudia Neumann<\/p>\n\n\n\n<p><img loading=\"lazy\" decoding=\"async\" width=\"10\" height=\"21\" class=\"wp-image-3656\" style=\"width: 10px;\" src=\"http:\/\/kommentatorenblog.de\/wp-content\/uploads\/2020\/09\/shure-55sh-ii-e1601485394796.jpg\" alt=\"\" srcset=\"https:\/\/kommentatorenblog.de\/wp-content\/uploads\/2020\/09\/shure-55sh-ii-e1601485394796.jpg 415w, https:\/\/kommentatorenblog.de\/wp-content\/uploads\/2020\/09\/shure-55sh-ii-e1601485394796-142x300.jpg 142w\" sizes=\"auto, (max-width: 10px) 100vw, 10px\" \/> DAZN:Nico Seepe, Expertin: Navina Omilade<\/p>\n\n\n\n<p>Moderation (ZDF): Sven Voss , Expertin: Kathrin Lehmann, Gast: Turid Knaak , Field- Reporterin: Franziska M\u00fcllers<\/p>\n\n\n\n<p><span style=\"text-decoration: underline;\">Samstag, 09. Juli 2022, ab 17.45 (ARD)<\/span><\/p>\n\n\n\n<p><strong style=\"font-style: italic;\">Portugal <strong><em><span><b style=\"font-style: italic;\">\u2013<\/b><\/span><\/em><\/strong><\/strong> <em><strong>Schweiz (18.00 Uhr)<\/strong><\/em> <br><img loading=\"lazy\" decoding=\"async\" width=\"10\" height=\"21\" class=\"wp-image-3656\" style=\"width: 10px;\" src=\"http:\/\/kommentatorenblog.de\/wp-content\/uploads\/2020\/09\/shure-55sh-ii-e1601485394796.jpg\" alt=\"\" srcset=\"https:\/\/kommentatorenblog.de\/wp-content\/uploads\/2020\/09\/shure-55sh-ii-e1601485394796.jpg 415w, https:\/\/kommentatorenblog.de\/wp-content\/uploads\/2020\/09\/shure-55sh-ii-e1601485394796-142x300.jpg 142w\" sizes=\"auto, (max-width: 10px) 100vw, 10px\" \/> ARD: Christina Graf<\/p>\n\n\n\n<p><img loading=\"lazy\" decoding=\"async\" width=\"10\" height=\"21\" class=\"wp-image-3656\" style=\"width: 10px;\" src=\"http:\/\/kommentatorenblog.de\/wp-content\/uploads\/2020\/09\/shure-55sh-ii-e1601485394796.jpg\" alt=\"\" srcset=\"https:\/\/kommentatorenblog.de\/wp-content\/uploads\/2020\/09\/shure-55sh-ii-e1601485394796.jpg 415w, https:\/\/kommentatorenblog.de\/wp-content\/uploads\/2020\/09\/shure-55sh-ii-e1601485394796-142x300.jpg 142w\" sizes=\"auto, (max-width: 10px) 100vw, 10px\" \/> DAZN: Freddie Schulz<\/p>\n\n\n\n<p>Moderation (ARD): Claus Lufen, Expertin: Nia K\u00fcnzer , Field- Reporterin: ???<\/p>\n\n\n\n<p><span style=\"text-decoration: underline;\"><span style=\"text-decoration: underline;\">Samstag, 09. Juli<\/span> 2022 (sportschau.de\/DAZN)<\/span><\/p>\n\n\n\n<p><strong style=\"font-style: italic;\">Niederlande <strong><em><span><b style=\"font-style: italic;\">\u2013<\/b><\/span><\/em><\/strong><\/strong> <em><strong>Schweden (21.00 Uhr)<\/strong><\/em> <br><img loading=\"lazy\" decoding=\"async\" width=\"10\" height=\"21\" class=\"wp-image-3656\" style=\"width: 10px;\" src=\"http:\/\/kommentatorenblog.de\/wp-content\/uploads\/2020\/09\/shure-55sh-ii-e1601485394796.jpg\" alt=\"\" srcset=\"https:\/\/kommentatorenblog.de\/wp-content\/uploads\/2020\/09\/shure-55sh-ii-e1601485394796.jpg 415w, https:\/\/kommentatorenblog.de\/wp-content\/uploads\/2020\/09\/shure-55sh-ii-e1601485394796-142x300.jpg 142w\" sizes=\"auto, (max-width: 10px) 100vw, 10px\" \/> ARD- Stream: Jan Neumann<\/p>\n\n\n\n<p><img loading=\"lazy\" decoding=\"async\" width=\"10\" height=\"21\" class=\"wp-image-3656\" style=\"width: 10px;\" src=\"http:\/\/kommentatorenblog.de\/wp-content\/uploads\/2020\/09\/shure-55sh-ii-e1601485394796.jpg\" alt=\"\" srcset=\"https:\/\/kommentatorenblog.de\/wp-content\/uploads\/2020\/09\/shure-55sh-ii-e1601485394796.jpg 415w, https:\/\/kommentatorenblog.de\/wp-content\/uploads\/2020\/09\/shure-55sh-ii-e1601485394796-142x300.jpg 142w\" sizes=\"auto, (max-width: 10px) 100vw, 10px\" \/> DAZN: Marcel Seufert<\/p>\n\n\n\n<p><span style=\"text-decoration: underline;\"><span style=\"text-decoration: underline;\">Sonntag, 10. Juli<\/span> 2022 ab 17.50 Uhr (sportschau.de\/DAZN)<\/span><\/p>\n\n\n\n<p><strong style=\"font-style: italic;\">Belgien <strong><em><span><b style=\"font-style: italic;\">\u2013<\/b><\/span><\/em><\/strong><\/strong> <em><strong>Island (18.00 Uhr)<\/strong><\/em> <br><img loading=\"lazy\" decoding=\"async\" width=\"10\" height=\"21\" class=\"wp-image-3656\" style=\"width: 10px;\" src=\"http:\/\/kommentatorenblog.de\/wp-content\/uploads\/2020\/09\/shure-55sh-ii-e1601485394796.jpg\" alt=\"\" srcset=\"https:\/\/kommentatorenblog.de\/wp-content\/uploads\/2020\/09\/shure-55sh-ii-e1601485394796.jpg 415w, https:\/\/kommentatorenblog.de\/wp-content\/uploads\/2020\/09\/shure-55sh-ii-e1601485394796-142x300.jpg 142w\" sizes=\"auto, (max-width: 10px) 100vw, 10px\" \/> ARD- Stream: Ann- Kathrin Rose<\/p>\n\n\n\n<p><img loading=\"lazy\" decoding=\"async\" width=\"10\" height=\"21\" class=\"wp-image-3656\" style=\"width: 10px;\" src=\"http:\/\/kommentatorenblog.de\/wp-content\/uploads\/2020\/09\/shure-55sh-ii-e1601485394796.jpg\" alt=\"\" srcset=\"https:\/\/kommentatorenblog.de\/wp-content\/uploads\/2020\/09\/shure-55sh-ii-e1601485394796.jpg 415w, https:\/\/kommentatorenblog.de\/wp-content\/uploads\/2020\/09\/shure-55sh-ii-e1601485394796-142x300.jpg 142w\" sizes=\"auto, (max-width: 10px) 100vw, 10px\" \/> DAZN: Guido H\u00fcsgen<\/p>\n\n\n\n<p><strong style=\"font-style: italic;\">Frankreich <strong><em><span><b style=\"font-style: italic;\">\u2013<\/b><\/span><\/em><\/strong><\/strong> <em><strong>Italien  (21.00 Uhr)<\/strong><\/em> <br><img loading=\"lazy\" decoding=\"async\" width=\"10\" height=\"21\" class=\"wp-image-3656\" style=\"width: 10px;\" src=\"http:\/\/kommentatorenblog.de\/wp-content\/uploads\/2020\/09\/shure-55sh-ii-e1601485394796.jpg\" alt=\"\" srcset=\"https:\/\/kommentatorenblog.de\/wp-content\/uploads\/2020\/09\/shure-55sh-ii-e1601485394796.jpg 415w, https:\/\/kommentatorenblog.de\/wp-content\/uploads\/2020\/09\/shure-55sh-ii-e1601485394796-142x300.jpg 142w\" sizes=\"auto, (max-width: 10px) 100vw, 10px\" \/> ARD- Stream: Jan Neumann<\/p>\n\n\n\n<p><img loading=\"lazy\" decoding=\"async\" width=\"10\" height=\"21\" class=\"wp-image-3656\" style=\"width: 10px;\" src=\"http:\/\/kommentatorenblog.de\/wp-content\/uploads\/2020\/09\/shure-55sh-ii-e1601485394796.jpg\" alt=\"\" srcset=\"https:\/\/kommentatorenblog.de\/wp-content\/uploads\/2020\/09\/shure-55sh-ii-e1601485394796.jpg 415w, https:\/\/kommentatorenblog.de\/wp-content\/uploads\/2020\/09\/shure-55sh-ii-e1601485394796-142x300.jpg 142w\" sizes=\"auto, (max-width: 10px) 100vw, 10px\" \/> DAZN: Flo Hauser<\/p>\n\n\n\n<p><span style=\"text-decoration: underline;\">Montag, 11. Juli 2022 ab<span style=\"text-decoration: underline;\"> 17.50 (ZDF- Stream) ab 18.00 (DAZN)<\/span><\/span><\/p>\n\n\n\n<p><strong style=\"font-style: italic;\">\u00d6sterreich <strong><em><span><b style=\"font-style: italic;\">\u2013<\/b><\/span><\/em><\/strong><\/strong> <em><strong>Nordirland (18.00 Uhr)<\/strong><\/em> <br><img loading=\"lazy\" decoding=\"async\" width=\"10\" height=\"21\" class=\"wp-image-3656\" style=\"width: 10px;\" src=\"http:\/\/kommentatorenblog.de\/wp-content\/uploads\/2020\/09\/shure-55sh-ii-e1601485394796.jpg\" alt=\"\" srcset=\"https:\/\/kommentatorenblog.de\/wp-content\/uploads\/2020\/09\/shure-55sh-ii-e1601485394796.jpg 415w, https:\/\/kommentatorenblog.de\/wp-content\/uploads\/2020\/09\/shure-55sh-ii-e1601485394796-142x300.jpg 142w\" sizes=\"auto, (max-width: 10px) 100vw, 10px\" \/> ZDF- Stream: Oliver Schmidt<\/p>\n\n\n\n<p><img loading=\"lazy\" decoding=\"async\" width=\"10\" height=\"21\" class=\"wp-image-3656\" style=\"width: 10px;\" src=\"http:\/\/kommentatorenblog.de\/wp-content\/uploads\/2020\/09\/shure-55sh-ii-e1601485394796.jpg\" alt=\"\" srcset=\"https:\/\/kommentatorenblog.de\/wp-content\/uploads\/2020\/09\/shure-55sh-ii-e1601485394796.jpg 415w, https:\/\/kommentatorenblog.de\/wp-content\/uploads\/2020\/09\/shure-55sh-ii-e1601485394796-142x300.jpg 142w\" sizes=\"auto, (max-width: 10px) 100vw, 10px\" \/> DAZN: Marcel Seufert<\/p>\n\n\n\n<p><span style=\"text-decoration: underline;\">Montag, 11. Juli 2022 ab<span style=\"text-decoration: underline;\"> 20.15 (ZDF) ab 21.00 (DAZN)<\/span><\/span><\/p>\n\n\n\n<p><strong style=\"font-style: italic;\">England <strong><em><span><b style=\"font-style: italic;\">\u2013<\/b><\/span><\/em><\/strong><\/strong> <em><strong>Norwegen (21.00 Uhr)<\/strong><\/em> <br><img loading=\"lazy\" decoding=\"async\" width=\"10\" height=\"21\" class=\"wp-image-3656\" style=\"width: 10px;\" src=\"http:\/\/kommentatorenblog.de\/wp-content\/uploads\/2020\/09\/shure-55sh-ii-e1601485394796.jpg\" alt=\"\" srcset=\"https:\/\/kommentatorenblog.de\/wp-content\/uploads\/2020\/09\/shure-55sh-ii-e1601485394796.jpg 415w, https:\/\/kommentatorenblog.de\/wp-content\/uploads\/2020\/09\/shure-55sh-ii-e1601485394796-142x300.jpg 142w\" sizes=\"auto, (max-width: 10px) 100vw, 10px\" \/> ZDF: Claudia Neumann<\/p>\n\n\n\n<p><img loading=\"lazy\" decoding=\"async\" width=\"10\" height=\"21\" class=\"wp-image-3656\" style=\"width: 10px;\" src=\"http:\/\/kommentatorenblog.de\/wp-content\/uploads\/2020\/09\/shure-55sh-ii-e1601485394796.jpg\" alt=\"\" srcset=\"https:\/\/kommentatorenblog.de\/wp-content\/uploads\/2020\/09\/shure-55sh-ii-e1601485394796.jpg 415w, https:\/\/kommentatorenblog.de\/wp-content\/uploads\/2020\/09\/shure-55sh-ii-e1601485394796-142x300.jpg 142w\" sizes=\"auto, (max-width: 10px) 100vw, 10px\" \/> DAZN: Christoph Fetzer<\/p>\n\n\n\n<p>Moderation (ZDF): Sven Voss , Expertin: Kathrin Lehmann , Field- Reporterin: ???<\/p>\n\n\n\n<p><strong>Analyse<\/strong><\/p>\n\n\n\n<p><strong>Eine Menge Deb\u00fcts zum Beginn<\/strong><\/p>\n\n\n\n<p>Am Mittwoch geht es also los mit dem Er\u00f6ffnungsspiel. Ab 20.15 Uhr melden sich Claus Lufen und Nia K\u00fcnzer aus Hamburg f\u00fcr die Vorberichte zur Euro. Ab 21.00 Uhr wird dann Christina Graf aus dem Old Trafford in Manchester \u00fcbernehmen. Nach 2. Liga- Eins\u00e4tzen bei Sky, Europa League bei RTL+ und 3. Liga bzw. Frauen- Bundesliga in den 3. Programmen ist das nun ihr Deb\u00fct im Ersten bei der EM der Frauen. Im Winter folgen dann auch noch Eins\u00e4tze bei der WM der M\u00e4nner. Interviewer in Manchester d\u00fcrfte Sebastian Rieth sein, alternativ k\u00f6nnte aber auch Ina Kast zum Einsatz kommen.<\/p>\n\n\n\n<p>Das Deb\u00fct bei DAZN \u00fcbernimmt am Mittwoch Christoph Fetzer, die \u00dcbertragung wird zu Spielbeginn um 21.00 Uhr starten.<\/p>\n\n\n\n<p>Am Donnerstag steht dann das zweite Gruppenspiel der Gruppe A an. Die ARD \u00fcbertr\u00e4gt diesmal im Stream auf sportschau.de sowie in der ARD Mediathek. Als Kommentatorin \u00fcbernimmt Ann- Kathrin Rose diese Partie. F\u00fcr sie wird es, ebenso wie SWR- Kollegin Graf, die Premiere bei einem Fu\u00dfball- Gro\u00dfereignis der ARD sein. Kommentator bei DAZN ist Freddie Schulz, auch f\u00fcr ihn ist es nat\u00fcrlich die Premiere bei einer Frauen- EM.<\/p>\n\n\n\n<p><strong>Das Zweite startet am Freitag ins Turnier<\/strong><\/p>\n\n\n\n<p>Am Freitag wechselt dann die \u00dcbertragung vom Ersten ins Zweite. Dort begr\u00fc\u00dfen euch ab 17.40 Uhr Sven Voss und die neue ZDF- Expertin Kathrin Lehmann aus dem Studio in Mainz. Ab 18.00 Uhr \u00fcbernimmt dann Norbert Galeske die Partie Spanien gegen Finnland. <strong>Update<\/strong>: Norbert Galeske wird diese Partie nicht kommentieren, f\u00fcr ihn springt Oliver Schmidt ein. Interviewerin in Milton Keynes wird Lena Kesting sein. In der Halbzeitpause wird es eine heute- \u00dcbertragung geben.<\/p>\n\n\n\n<p>Anschlie\u00dfend an das Spiel der deutschen Gruppengegnerinnen geht es weiter mit der Vorberichterstattung der DFB- Damen. Moderator ist nat\u00fcrlich erneut Sven Voss, Expertin Kathrin Lehmann, m\u00f6glicherweise kommt in Turid Knaak eine weitere Gespr\u00e4chspartnerin hinzu. Ebenso wird es Eindr\u00fccke der DFB- Damen von Katja Streso geben.<\/p>\n\n\n\n<p>Ab 21. 00 Uhr steigt dann Claudia Neumann in das Turnier ein und kommentiert das Spiel der Elf von Martina Voss- Tecklenburg. Als Interviewerin feiert Franziska M\u00fcllers zudem ihr Deb\u00fct bei Fu\u00dfballspielen im Zweiten. Auch bei diesem Spiel gibt es eine Unterbrechung in der Halbzeit- Pause, diesmal f\u00fcr ein heute journal.<\/p>\n\n\n\n<p>DAZN ist selbstverst\u00e4ndlich auch bei beiden Partien mit dabei. Die fr\u00fche Partie \u00fcbernimmt Freddie Schulz, sein zweiter EM- Einsatz damit. Danach \u00fcbernimmt Nico Seepe das Spiel des DFB- Teams, Unterst\u00fctzung erh\u00e4lt er dann von Expertin Navina Omilade.<\/p>\n\n\n\n<p><strong>Samstag im Ersten und Stream<\/strong><\/p>\n\n\n\n<p>Samstags geht es dann im Ersten weiter: Die fr\u00fche Partie wird dabei von dem selben Team wie beim Er\u00f6ffnungsspiel am Mittwoch begleitet werden, also Moderator Lufen, Expertin K\u00fcnzer und Kommentatorin Graf. Bei DAZN kommt Freddie Schulz erneut zum Einsatz, zum dritten Mal innerhalb von drei Tagen. Die Partie Schweden- Niederlande \u00fcbernimmt dann Marcel Seufert, auch f\u00fcr ihn ist es eine Premiere. Diese Partie wird es auch im Stream auf sportschau.de zu sehen geben, dann steigt Jan Neumann f\u00fcr die ARD als Kommentator in das Turnier ein.<\/p>\n\n\n\n<p><strong>Sonntags im Stream<\/strong><\/p>\n\n\n\n<p>Sonntags werden dann beide Teams bei der ARD und DAZN im Stream \u00fcbertragen. Die fr\u00fche Partie \u00fcbernehmen Ann- Kathrin Rose (ARD) und Guido H\u00fcsgen. Ab 21.00 Uhr kommentieren dann Jan Neumann (ARD) und Flo Hauser.<\/p>\n\n\n\n<p>Zum Start der neuen Woche, am Montag ist dann das ZDF wieder am Start. Ab 18.00 Uhr meldet sich <s>Norbert Galeske<\/s> Oliver Schmidt (<strong><em>Update<\/em><\/strong>: Norbert Galeske wird auch hier ausfallen) im ZDF Livestream. Ab 20.15 ist dann die Partie England- Norwegen im ZDF- Hauptprogramm zu sehen. Kommentatorin wird Claudia Neumann sein. Die Moderation aus Mainz \u00fcbernimmt wieder Sven Voss mit Expertin Lehmann.<\/p>\n\n\n\n<p>Viel Spa\u00df mit der EM! Am Donnerstag meldet sich dann Justin an dieser Stelle, bis dahin eine gute Woche.<\/p>\n\n\n\n<p><\/p>\n","protected":false},"excerpt":{"rendered":"<p>Hallo zusammen, wir sind zur\u00fcck aus unserer Sommerpause, p\u00fcnktlich zum Fu\u00dfball- Gro\u00dfereignis des Sommers, die Europameisterschaften der Frauen startet am Mittwoch. Durch die Corona- Pandemie musste auch sie (wegen der Verschiebung der Herren EM in 2021) um ein Jahr verschoben werden und findet nun diesen Sommer in England statt. Im Folgenden erfahrt ihr einiges \u00fcber [&hellip;]<\/p>\n","protected":false},"author":10,"featured_media":0,"comment_status":"open","ping_status":"open","sticky":false,"template":"","format":"standard","meta":{"footnotes":""},"categories":[426],"tags":[582,615,302,36,636,13,132,331,155,464,48,737,276,637,709,710,37],"class_list":["post-13226","post","type-post","status-publish","format-standard","hentry","category-laenderspiele","tag-bernd-schmelzer","tag-christina-graf","tag-christoph-fetzer","tag-claudia-neumann","tag-claus-lufen","tag-dazn","tag-flo-hauser","tag-freddie-schulz","tag-guido-huesgen","tag-jan-neumann","tag-jan-platte","tag-kathrin-lehmann","tag-marcel-seufert","tag-nia-kuenzer","tag-norbert-galeske","tag-sven-voss","tag-zdf"],"_links":{"self":[{"href":"https:\/\/kommentatorenblog.de\/index.php?rest_route=\/wp\/v2\/posts\/13226","targetHints":{"allow":["GET"]}}],"collection":[{"href":"https:\/\/kommentatorenblog.de\/index.php?rest_route=\/wp\/v2\/posts"}],"about":[{"href":"https:\/\/kommentatorenblog.de\/index.php?rest_route=\/wp\/v2\/types\/post"}],"author":[{"embeddable":true,"href":"https:\/\/kommentatorenblog.de\/index.php?rest_route=\/wp\/v2\/users\/10"}],"replies":[{"embeddable":true,"href":"https:\/\/kommentatorenblog.de\/index.php?rest_route=%2Fwp%2Fv2%2Fcomments&post=13226"}],"version-history":[{"count":11,"href":"https:\/\/kommentatorenblog.de\/index.php?rest_route=\/wp\/v2\/posts\/13226\/revisions"}],"predecessor-version":[{"id":13248,"href":"https:\/\/kommentatorenblog.de\/index.php?rest_route=\/wp\/v2\/posts\/13226\/revisions\/13248"}],"wp:attachment":[{"href":"https:\/\/kommentatorenblog.de\/index.php?rest_route=%2Fwp%2Fv2%2Fmedia&parent=13226"}],"wp:term":[{"taxonomy":"category","embeddable":true,"href":"https:\/\/kommentatorenblog.de\/index.php?rest_route=%2Fwp%2Fv2%2Fcategories&post=13226"},{"taxonomy":"post_tag","embeddable":true,"href":"https:\/\/kommentatorenblog.de\/index.php?rest_route=%2Fwp%2Fv2%2Ftags&post=13226"}],"curies":[{"name":"wp","href":"https:\/\/api.w.org\/{rel}","templated":true}]}}