{"id":13249,"date":"2022-07-07T13:21:57","date_gmt":"2022-07-07T11:21:57","guid":{"rendered":"http:\/\/kommentatorenblog.de\/?p=13249"},"modified":"2023-02-24T16:34:12","modified_gmt":"2023-02-24T14:34:12","slug":"1264-em-der-frauen-testspiele-dahlmann-comeback","status":"publish","type":"post","link":"https:\/\/kommentatorenblog.de\/?p=13249","title":{"rendered":"1264 &#8211; EM der Frauen, Testspiele &#038; Dahlmann Comeback"},"content":{"rendered":"<p>N&#8217;Abend allerseits,<\/p>\n\n\n<p>Jonas hat am vergangenen Montag bereits einen sehr guten Beitrag zur Europameisterschaft der Frauen ver\u00f6ffentlicht und in diesem waren die Ansetzungen der Spiele von Freitag bis Montag bereits enthalten, daher wird dieser Beitrag quasi nur eine Kopie des Beitrags vom Montag sein, mit dementsprechend nur den Ansetzungen von Freitag bis kommenden Montag. Au\u00dferdem sind in diesem Beitrag zwei Testspiele, die Sky Sport News \u00fcbertragen wird, erg\u00e4nzt, sowie auch die beiden Spiele die J\u00f6rg Dahlmann auf ServusTV kommentieren wird. <\/p>\n\n\n\n<p>Und nun die Ansetzungen:  <\/p>\n\n\n\n<p><strong><em>Die Ansetzungen vom 08. Juli 2022 bis 11. Juli 2022<\/em><\/strong><\/p>\n\n\n\n<p><strong>UEFA Frauen EM 2022 (ARD\/ZDF\/DAZN)<\/strong><\/p>\n\n\n\n<p><span style=\"text-decoration: underline;\">Freitag, 08. Juli 2022 ab<span style=\"text-decoration: underline;\"> 17.40 (ZDF) ab 18.00 (DAZN)<\/span><\/span><\/p>\n\n\n\n<p><strong style=\"font-style: italic;\">Spanien <strong><em><span><b style=\"font-style: italic;\">\u2013<\/b><\/span><\/em><\/strong><\/strong> <em><strong>Finnland (18.00 Uhr)<\/strong><\/em> <br><img loading=\"lazy\" decoding=\"async\" width=\"10\" height=\"21\" class=\"wp-image-3656\" style=\"width: 10px;\" src=\"http:\/\/kommentatorenblog.de\/wp-content\/uploads\/2020\/09\/shure-55sh-ii-e1601485394796.jpg\" alt=\"\" srcset=\"https:\/\/kommentatorenblog.de\/wp-content\/uploads\/2020\/09\/shure-55sh-ii-e1601485394796.jpg 415w, https:\/\/kommentatorenblog.de\/wp-content\/uploads\/2020\/09\/shure-55sh-ii-e1601485394796-142x300.jpg 142w\" sizes=\"auto, (max-width: 10px) 100vw, 10px\" \/> ZDF: Oliver Schmidt<\/p>\n\n\n\n<p><img loading=\"lazy\" decoding=\"async\" width=\"10\" height=\"21\" class=\"wp-image-3656\" style=\"width: 10px;\" src=\"http:\/\/kommentatorenblog.de\/wp-content\/uploads\/2020\/09\/shure-55sh-ii-e1601485394796.jpg\" alt=\"\" srcset=\"https:\/\/kommentatorenblog.de\/wp-content\/uploads\/2020\/09\/shure-55sh-ii-e1601485394796.jpg 415w, https:\/\/kommentatorenblog.de\/wp-content\/uploads\/2020\/09\/shure-55sh-ii-e1601485394796-142x300.jpg 142w\" sizes=\"auto, (max-width: 10px) 100vw, 10px\" \/> DAZN: Freddie Schulz<\/p>\n\n\n\n<p>Moderation (ZDF): Sven Voss , Expertin: Kathrin Lehmann , Field- Reporterin: Lena Kesting<\/p>\n\n\n\n<p><strong style=\"font-style: italic;\">Deutschland <strong><em><span><b style=\"font-style: italic;\">\u2013<\/b><\/span><\/em><\/strong><\/strong> <em><strong>D\u00e4nemark (21.00 Uhr)<\/strong><\/em> <br><img loading=\"lazy\" decoding=\"async\" width=\"10\" height=\"21\" class=\"wp-image-3656\" style=\"width: 10px;\" src=\"http:\/\/kommentatorenblog.de\/wp-content\/uploads\/2020\/09\/shure-55sh-ii-e1601485394796.jpg\" alt=\"\" srcset=\"https:\/\/kommentatorenblog.de\/wp-content\/uploads\/2020\/09\/shure-55sh-ii-e1601485394796.jpg 415w, https:\/\/kommentatorenblog.de\/wp-content\/uploads\/2020\/09\/shure-55sh-ii-e1601485394796-142x300.jpg 142w\" sizes=\"auto, (max-width: 10px) 100vw, 10px\" \/> ZDF: Claudia Neumann<\/p>\n\n\n\n<p><img loading=\"lazy\" decoding=\"async\" width=\"10\" height=\"21\" class=\"wp-image-3656\" style=\"width: 10px;\" src=\"http:\/\/kommentatorenblog.de\/wp-content\/uploads\/2020\/09\/shure-55sh-ii-e1601485394796.jpg\" alt=\"\" srcset=\"https:\/\/kommentatorenblog.de\/wp-content\/uploads\/2020\/09\/shure-55sh-ii-e1601485394796.jpg 415w, https:\/\/kommentatorenblog.de\/wp-content\/uploads\/2020\/09\/shure-55sh-ii-e1601485394796-142x300.jpg 142w\" sizes=\"auto, (max-width: 10px) 100vw, 10px\" \/> DAZN:Nico Seepe, Expertin: Navina Omilade<\/p>\n\n\n\n<p>Moderation (ZDF): Sven Voss , Expertin: Kathrin Lehmann, Gast: Turid Knaak , Field- Reporterin: Franziska M\u00fcllers<\/p>\n\n\n\n<p><span style=\"text-decoration: underline;\">Samstag, 09. Juli 2022, ab 17.45 (ARD)<\/span><\/p>\n\n\n\n<p><strong style=\"font-style: italic;\">Portugal <strong><em><span><b style=\"font-style: italic;\">\u2013<\/b><\/span><\/em><\/strong><\/strong> <em><strong>Schweiz (18.00 Uhr)<\/strong><\/em> <br><img loading=\"lazy\" decoding=\"async\" width=\"10\" height=\"21\" class=\"wp-image-3656\" style=\"width: 10px;\" src=\"http:\/\/kommentatorenblog.de\/wp-content\/uploads\/2020\/09\/shure-55sh-ii-e1601485394796.jpg\" alt=\"\" srcset=\"https:\/\/kommentatorenblog.de\/wp-content\/uploads\/2020\/09\/shure-55sh-ii-e1601485394796.jpg 415w, https:\/\/kommentatorenblog.de\/wp-content\/uploads\/2020\/09\/shure-55sh-ii-e1601485394796-142x300.jpg 142w\" sizes=\"auto, (max-width: 10px) 100vw, 10px\" \/> ARD: Christina Graf<\/p>\n\n\n\n<p><img loading=\"lazy\" decoding=\"async\" width=\"10\" height=\"21\" class=\"wp-image-3656\" style=\"width: 10px;\" src=\"http:\/\/kommentatorenblog.de\/wp-content\/uploads\/2020\/09\/shure-55sh-ii-e1601485394796.jpg\" alt=\"\" srcset=\"https:\/\/kommentatorenblog.de\/wp-content\/uploads\/2020\/09\/shure-55sh-ii-e1601485394796.jpg 415w, https:\/\/kommentatorenblog.de\/wp-content\/uploads\/2020\/09\/shure-55sh-ii-e1601485394796-142x300.jpg 142w\" sizes=\"auto, (max-width: 10px) 100vw, 10px\" \/> DAZN: Freddie Schulz<\/p>\n\n\n\n<p>Moderation (ARD): Claus Lufen, Expertin: Nia K\u00fcnzer , Field- Reporterin: ???<\/p>\n\n\n\n<p><span style=\"text-decoration: underline;\"><span style=\"text-decoration: underline;\">Samstag, 09. Juli<\/span> 2022 (sportschau.de\/DAZN)<\/span><\/p>\n\n\n\n<p><strong style=\"font-style: italic;\">Niederlande <strong><em><span><b style=\"font-style: italic;\">\u2013<\/b><\/span><\/em><\/strong><\/strong> <em><strong>Schweden (21.00 Uhr)<\/strong><\/em> <br><img loading=\"lazy\" decoding=\"async\" width=\"10\" height=\"21\" class=\"wp-image-3656\" style=\"width: 10px;\" src=\"http:\/\/kommentatorenblog.de\/wp-content\/uploads\/2020\/09\/shure-55sh-ii-e1601485394796.jpg\" alt=\"\" srcset=\"https:\/\/kommentatorenblog.de\/wp-content\/uploads\/2020\/09\/shure-55sh-ii-e1601485394796.jpg 415w, https:\/\/kommentatorenblog.de\/wp-content\/uploads\/2020\/09\/shure-55sh-ii-e1601485394796-142x300.jpg 142w\" sizes=\"auto, (max-width: 10px) 100vw, 10px\" \/> ARD- Stream: Jan Neumann<\/p>\n\n\n\n<p><img loading=\"lazy\" decoding=\"async\" width=\"10\" height=\"21\" class=\"wp-image-3656\" style=\"width: 10px;\" src=\"http:\/\/kommentatorenblog.de\/wp-content\/uploads\/2020\/09\/shure-55sh-ii-e1601485394796.jpg\" alt=\"\" srcset=\"https:\/\/kommentatorenblog.de\/wp-content\/uploads\/2020\/09\/shure-55sh-ii-e1601485394796.jpg 415w, https:\/\/kommentatorenblog.de\/wp-content\/uploads\/2020\/09\/shure-55sh-ii-e1601485394796-142x300.jpg 142w\" sizes=\"auto, (max-width: 10px) 100vw, 10px\" \/> DAZN: Marcel Seufert<\/p>\n\n\n\n<p><span style=\"text-decoration: underline;\"><span style=\"text-decoration: underline;\">Sonntag, 10. Juli<\/span> 2022 ab 17.50 Uhr (sportschau.de\/DAZN)<\/span><\/p>\n\n\n\n<p><strong style=\"font-style: italic;\">Belgien <strong><em><span><b style=\"font-style: italic;\">\u2013<\/b><\/span><\/em><\/strong><\/strong> <em><strong>Island (18.00 Uhr)<\/strong><\/em> <br><img loading=\"lazy\" decoding=\"async\" width=\"10\" height=\"21\" class=\"wp-image-3656\" style=\"width: 10px;\" src=\"http:\/\/kommentatorenblog.de\/wp-content\/uploads\/2020\/09\/shure-55sh-ii-e1601485394796.jpg\" alt=\"\" srcset=\"https:\/\/kommentatorenblog.de\/wp-content\/uploads\/2020\/09\/shure-55sh-ii-e1601485394796.jpg 415w, https:\/\/kommentatorenblog.de\/wp-content\/uploads\/2020\/09\/shure-55sh-ii-e1601485394796-142x300.jpg 142w\" sizes=\"auto, (max-width: 10px) 100vw, 10px\" \/> ARD- Stream: Ann- Kathrin Rose<\/p>\n\n\n\n<p><img loading=\"lazy\" decoding=\"async\" width=\"10\" height=\"21\" class=\"wp-image-3656\" style=\"width: 10px;\" src=\"http:\/\/kommentatorenblog.de\/wp-content\/uploads\/2020\/09\/shure-55sh-ii-e1601485394796.jpg\" alt=\"\" srcset=\"https:\/\/kommentatorenblog.de\/wp-content\/uploads\/2020\/09\/shure-55sh-ii-e1601485394796.jpg 415w, https:\/\/kommentatorenblog.de\/wp-content\/uploads\/2020\/09\/shure-55sh-ii-e1601485394796-142x300.jpg 142w\" sizes=\"auto, (max-width: 10px) 100vw, 10px\" \/> DAZN: Guido H\u00fcsgen<\/p>\n\n\n\n<p><strong style=\"font-style: italic;\">Frankreich <strong><em><span><b style=\"font-style: italic;\">\u2013<\/b><\/span><\/em><\/strong><\/strong> <em><strong>Italien  (21.00 Uhr)<\/strong><\/em> <br><img loading=\"lazy\" decoding=\"async\" width=\"10\" height=\"21\" class=\"wp-image-3656\" style=\"width: 10px;\" src=\"http:\/\/kommentatorenblog.de\/wp-content\/uploads\/2020\/09\/shure-55sh-ii-e1601485394796.jpg\" alt=\"\" srcset=\"https:\/\/kommentatorenblog.de\/wp-content\/uploads\/2020\/09\/shure-55sh-ii-e1601485394796.jpg 415w, https:\/\/kommentatorenblog.de\/wp-content\/uploads\/2020\/09\/shure-55sh-ii-e1601485394796-142x300.jpg 142w\" sizes=\"auto, (max-width: 10px) 100vw, 10px\" \/> ARD- Stream: Jan Neumann<\/p>\n\n\n\n<p><img loading=\"lazy\" decoding=\"async\" width=\"10\" height=\"21\" class=\"wp-image-3656\" style=\"width: 10px;\" src=\"http:\/\/kommentatorenblog.de\/wp-content\/uploads\/2020\/09\/shure-55sh-ii-e1601485394796.jpg\" alt=\"\" srcset=\"https:\/\/kommentatorenblog.de\/wp-content\/uploads\/2020\/09\/shure-55sh-ii-e1601485394796.jpg 415w, https:\/\/kommentatorenblog.de\/wp-content\/uploads\/2020\/09\/shure-55sh-ii-e1601485394796-142x300.jpg 142w\" sizes=\"auto, (max-width: 10px) 100vw, 10px\" \/> DAZN: Flo Hauser<\/p>\n\n\n\n<p><span style=\"text-decoration: underline;\">Montag, 11. Juli 2022 ab<span style=\"text-decoration: underline;\"> 17.50 (ZDF- Stream) ab 18.00 (DAZN)<\/span><\/span><\/p>\n\n\n\n<p><strong style=\"font-style: italic;\">\u00d6sterreich <strong><em><span><b style=\"font-style: italic;\">\u2013<\/b><\/span><\/em><\/strong><\/strong> <em><strong>Nordirland (18.00 Uhr)<\/strong><\/em> <br><img loading=\"lazy\" decoding=\"async\" width=\"10\" height=\"21\" class=\"wp-image-3656\" style=\"width: 10px;\" src=\"http:\/\/kommentatorenblog.de\/wp-content\/uploads\/2020\/09\/shure-55sh-ii-e1601485394796.jpg\" alt=\"\" srcset=\"https:\/\/kommentatorenblog.de\/wp-content\/uploads\/2020\/09\/shure-55sh-ii-e1601485394796.jpg 415w, https:\/\/kommentatorenblog.de\/wp-content\/uploads\/2020\/09\/shure-55sh-ii-e1601485394796-142x300.jpg 142w\" sizes=\"auto, (max-width: 10px) 100vw, 10px\" \/> ZDF- Stream: Oliver Schmidt<\/p>\n\n\n\n<p><img loading=\"lazy\" decoding=\"async\" width=\"10\" height=\"21\" class=\"wp-image-3656\" style=\"width: 10px;\" src=\"http:\/\/kommentatorenblog.de\/wp-content\/uploads\/2020\/09\/shure-55sh-ii-e1601485394796.jpg\" alt=\"\" srcset=\"https:\/\/kommentatorenblog.de\/wp-content\/uploads\/2020\/09\/shure-55sh-ii-e1601485394796.jpg 415w, https:\/\/kommentatorenblog.de\/wp-content\/uploads\/2020\/09\/shure-55sh-ii-e1601485394796-142x300.jpg 142w\" sizes=\"auto, (max-width: 10px) 100vw, 10px\" \/> DAZN: Marcel Seufert<\/p>\n\n\n\n<p><span style=\"text-decoration: underline;\">Montag, 11. Juli 2022 ab<span style=\"text-decoration: underline;\"> 20.15 (ZDF) ab 21.00 (DAZN)<\/span><\/span><\/p>\n\n\n\n<p><strong style=\"font-style: italic;\">England <strong><em><span><b style=\"font-style: italic;\">\u2013<\/b><\/span><\/em><\/strong><\/strong> <em><strong>Norwegen (21.00 Uhr)<\/strong><\/em> <br><img loading=\"lazy\" decoding=\"async\" width=\"10\" height=\"21\" class=\"wp-image-3656\" style=\"width: 10px;\" src=\"http:\/\/kommentatorenblog.de\/wp-content\/uploads\/2020\/09\/shure-55sh-ii-e1601485394796.jpg\" alt=\"\" srcset=\"https:\/\/kommentatorenblog.de\/wp-content\/uploads\/2020\/09\/shure-55sh-ii-e1601485394796.jpg 415w, https:\/\/kommentatorenblog.de\/wp-content\/uploads\/2020\/09\/shure-55sh-ii-e1601485394796-142x300.jpg 142w\" sizes=\"auto, (max-width: 10px) 100vw, 10px\" \/> ZDF: Claudia Neumann<\/p>\n\n\n\n<p><img loading=\"lazy\" decoding=\"async\" width=\"10\" height=\"21\" class=\"wp-image-3656\" style=\"width: 10px;\" src=\"http:\/\/kommentatorenblog.de\/wp-content\/uploads\/2020\/09\/shure-55sh-ii-e1601485394796.jpg\" alt=\"\" srcset=\"https:\/\/kommentatorenblog.de\/wp-content\/uploads\/2020\/09\/shure-55sh-ii-e1601485394796.jpg 415w, https:\/\/kommentatorenblog.de\/wp-content\/uploads\/2020\/09\/shure-55sh-ii-e1601485394796-142x300.jpg 142w\" sizes=\"auto, (max-width: 10px) 100vw, 10px\" \/> DAZN: Christoph Fetzer<\/p>\n\n\n\n<p>Moderation (ZDF): Sven Voss , Expertin: Kathrin Lehmann , Field- Reporterin: ???<\/p>\n\n\n\n<hr class=\"wp-block-separator\"\/>\n\n\n\n<p><strong>Testspiele der Saisonvorbereitung (ServusTV)<\/strong><\/p>\n\n\n\n<p><span style=\"text-decoration: underline;\">Freitag, 08. Juli 2022<\/span><\/p>\n\n\n\n<p><strong style=\"font-style: italic;\">1. FC N\u00fcrnberg <strong><em><span><b style=\"font-style: italic;\">\u2013<\/b><\/span><\/em><\/strong><\/strong> <em><strong>FC Arsenal (17.30 Uhr)<\/strong><\/em> <br><img loading=\"lazy\" decoding=\"async\" width=\"10\" height=\"21\" class=\"wp-image-3656\" style=\"width: 10px;\" src=\"http:\/\/kommentatorenblog.de\/wp-content\/uploads\/2020\/09\/shure-55sh-ii-e1601485394796.jpg\" alt=\"\" srcset=\"https:\/\/kommentatorenblog.de\/wp-content\/uploads\/2020\/09\/shure-55sh-ii-e1601485394796.jpg 415w, https:\/\/kommentatorenblog.de\/wp-content\/uploads\/2020\/09\/shure-55sh-ii-e1601485394796-142x300.jpg 142w\" sizes=\"auto, (max-width: 10px) 100vw, 10px\" \/> J\u00f6rg Dahlmann, Co-Kommentator: Martin Driller <\/p>\n\n\n\n<p><span style=\"text-decoration: underline;\">Samstag, 09. Juli 2022<\/span><\/p>\n\n\n\n<p><strong style=\"font-style: italic;\">Besiktas Istanbul <strong><em><span><b style=\"font-style: italic;\">\u2013<\/b><\/span><\/em><\/strong><\/strong> <em><strong>SV Werder Bremen (16.00 Uhr)<\/strong><\/em> <br><img loading=\"lazy\" decoding=\"async\" width=\"10\" height=\"21\" class=\"wp-image-3656\" style=\"width: 10px;\" src=\"http:\/\/kommentatorenblog.de\/wp-content\/uploads\/2020\/09\/shure-55sh-ii-e1601485394796.jpg\" alt=\"\" srcset=\"https:\/\/kommentatorenblog.de\/wp-content\/uploads\/2020\/09\/shure-55sh-ii-e1601485394796.jpg 415w, https:\/\/kommentatorenblog.de\/wp-content\/uploads\/2020\/09\/shure-55sh-ii-e1601485394796-142x300.jpg 142w\" sizes=\"auto, (max-width: 10px) 100vw, 10px\" \/> J\u00f6rg Dahlmann<\/p>\n\n\n\n<hr class=\"wp-block-separator\"\/>\n\n\n\n<p><strong>Testspiele der Saisonvorbereitung (Sky Sport News)<\/strong><\/p>\n\n\n\n<p><span style=\"text-decoration: underline;\">Samstag, 09. Juli 2022, ab<span style=\"text-decoration: underline;\"> 14.45 Uhr<\/span><\/span><\/p>\n\n\n\n<p><strong style=\"font-style: italic;\">Linzer ASK (LASK) <strong><em><span><b style=\"font-style: italic;\">\u2013<\/b><\/span><\/em><\/strong><\/strong> <em><strong>Eintracht Frankfurt (15.00 Uhr)<\/strong><\/em> <br><img loading=\"lazy\" decoding=\"async\" width=\"10\" height=\"21\" class=\"wp-image-3656\" style=\"width: 10px;\" src=\"http:\/\/kommentatorenblog.de\/wp-content\/uploads\/2020\/09\/shure-55sh-ii-e1601485394796.jpg\" alt=\"\" srcset=\"https:\/\/kommentatorenblog.de\/wp-content\/uploads\/2020\/09\/shure-55sh-ii-e1601485394796.jpg 415w, https:\/\/kommentatorenblog.de\/wp-content\/uploads\/2020\/09\/shure-55sh-ii-e1601485394796-142x300.jpg 142w\" sizes=\"auto, (max-width: 10px) 100vw, 10px\" \/> Joachim Hebel <\/p>\n\n\n\n<p><span style=\"text-decoration: underline;\"><span style=\"text-decoration: underline;\">ab 16.55 Uhr<\/span><\/span><\/p>\n\n\n\n<p><strong style=\"font-style: italic;\">Dynamo Dresden <strong><em><span><b style=\"font-style: italic;\">\u2013<\/b><\/span><\/em><\/strong><\/strong> <em><strong>Borussia Dortmund (17.00 Uhr)<\/strong><\/em> <br><img loading=\"lazy\" decoding=\"async\" width=\"10\" height=\"21\" class=\"wp-image-3656\" style=\"width: 10px;\" src=\"http:\/\/kommentatorenblog.de\/wp-content\/uploads\/2020\/09\/shure-55sh-ii-e1601485394796.jpg\" alt=\"\" srcset=\"https:\/\/kommentatorenblog.de\/wp-content\/uploads\/2020\/09\/shure-55sh-ii-e1601485394796.jpg 415w, https:\/\/kommentatorenblog.de\/wp-content\/uploads\/2020\/09\/shure-55sh-ii-e1601485394796-142x300.jpg 142w\" sizes=\"auto, (max-width: 10px) 100vw, 10px\" \/> tba <\/p>\n\n\n\n<hr class=\"wp-block-separator\"\/>\n\n\n\n<p><strong>Analyse<\/strong><\/p>\n\n\n\n<p><em>Wie bereits erw\u00e4hnt, da in Jonas&#8216; Beitrag vom Montag bereits die Analyse der Spiele von Freitag bis Montag enthalten war, habe ich den Text einfach \u00fcbernommen und nicht noch einmal einen neuen verfasst, da dies dann mMn nicht n\u00f6tig ist.  <\/em><\/p>\n\n\n\n<p><strong>Das Zweite startet am Freitag ins Turnier<\/strong><\/p>\n\n\n\n<p>Am Freitag wechselt dann die \u00dcbertragung vom Ersten ins Zweite. Dort begr\u00fc\u00dfen euch ab 17.40 Uhr Sven Voss und die neue ZDF- Expertin Kathrin Lehmann aus dem Studio in Mainz. Ab 18.00 Uhr \u00fcbernimmt dann Norbert Galeske die Partie Spanien gegen Finnland. <strong>Update<\/strong>: Norbert Galeske wird diese Partie nicht kommentieren, f\u00fcr ihn springt Oliver Schmidt ein. Interviewerin in Milton Keynes wird Lena Kesting sein. In der Halbzeitpause wird es eine heute- \u00dcbertragung geben.<\/p>\n\n\n\n<p>Anschlie\u00dfend an das Spiel der deutschen Gruppengegnerinnen geht es weiter mit der Vorberichterstattung der DFB- Damen. Moderator ist nat\u00fcrlich erneut Sven Voss, Expertin Kathrin Lehmann, m\u00f6glicherweise kommt in Turid Knaak eine weitere Gespr\u00e4chspartnerin hinzu. Ebenso wird es Eindr\u00fccke der DFB- Damen von Katja Streso geben.<\/p>\n\n\n\n<p>Ab 21. 00 Uhr steigt dann Claudia Neumann in das Turnier ein und kommentiert das Spiel der Elf von Martina Voss- Tecklenburg. Als Interviewerin feiert Franziska M\u00fcllers zudem ihr Deb\u00fct bei Fu\u00dfballspielen im Zweiten. Auch bei diesem Spiel gibt es eine Unterbrechung in der Halbzeit- Pause, diesmal f\u00fcr ein heute journal.<\/p>\n\n\n\n<p>DAZN ist selbstverst\u00e4ndlich auch bei beiden Partien mit dabei. Die fr\u00fche Partie \u00fcbernimmt Freddie Schulz, sein zweiter EM- Einsatz damit. Danach \u00fcbernimmt Nico Seepe das Spiel des DFB- Teams, Unterst\u00fctzung erh\u00e4lt er dann von Expertin Navina Omilade.<\/p>\n\n\n\n<p><strong>Samstag im Ersten und Stream<\/strong><\/p>\n\n\n\n<p>Samstags geht es dann im Ersten weiter: Die fr\u00fche Partie wird dabei von dem selben Team wie beim Er\u00f6ffnungsspiel am Mittwoch begleitet werden, also Moderator Lufen, Expertin K\u00fcnzer und Kommentatorin Graf. Bei DAZN kommt Freddie Schulz erneut zum Einsatz, zum dritten Mal innerhalb von drei Tagen. Die Partie Schweden- Niederlande \u00fcbernimmt dann Marcel Seufert, auch f\u00fcr ihn ist es eine Premiere. Diese Partie wird es auch im Stream auf sportschau.de zu sehen geben, dann steigt Jan Neumann f\u00fcr die ARD als Kommentator in das Turnier ein.<\/p>\n\n\n\n<p><strong>Sonntags im Stream<\/strong><\/p>\n\n\n\n<p>Sonntags werden dann beide Teams bei der ARD und DAZN im Stream \u00fcbertragen. Die fr\u00fche Partie \u00fcbernehmen Ann- Kathrin Rose (ARD) und Guido H\u00fcsgen. Ab 21.00 Uhr kommentieren dann Jan Neumann (ARD) und Flo Hauser.<\/p>\n\n\n\n<p>Zum Start der neuen Woche, am Montag ist dann das ZDF wieder am Start. Ab 18.00 Uhr meldet sich <s>Norbert Galeske<\/s> Oliver Schmidt (<strong><em>Update<\/em><\/strong>: Norbert Galeske wird auch hier ausfallen) im ZDF Livestream. Ab 20.15 ist dann die Partie England- Norwegen im ZDF- Hauptprogramm zu sehen. Kommentatorin wird Claudia Neumann sein. Die Moderation aus Mainz \u00fcbernimmt wieder Sven Voss mit Expertin Lehmann.<\/p>\n\n\n\n<p>Testspiele bei ServusTV: Ich wei\u00df, dass ServusTV ein \u00f6sterreichischer Sender ist, aber ich wollte die Testspiele vom 1. FC N\u00fcrnberg und Werder Bremen deshalb mit reinnehmen, weil diese von J\u00f6rg Dahlmann kommentiert werden. Sprich, Comeback f\u00fcr ihn, freut mich im \u00fcbrigen sehr! (Edit: die Spiele laufen bei ServusTV Deutschland.) <\/p>\n\n\n\n<p>Testspiele bei SSN: Am Samstag trifft erst Eintracht Frankfurt um 15:00 Uhr auf den LASK und zwei Stunden sp\u00e4ter der BVB auf Dynamo Dresden im Rudolf-Harbig-Stadion. Sky Sport News wird die beiden Spiele live \u00fcbertragen mit 15 bzw. f\u00fcnf Minuten Vorbericht. <\/p>\n\n\n\n<p>Nur zur Info, es werden au\u00dferdem noch einige Testspiele von Bundesligisten auf den jeweiligen YouTube-Kan\u00e4len der Vereine \u00fcbertragen (z.B. Paderborn-Bochum, Cottbus-Hertha, St. Gallen-Freiburg, usw). <\/p>\n\n\n\n<p>Das war&#8217;s dann auch schon wieder: Ich w\u00fcnsche euch eine sch\u00f6ne und vor allem sportliche Woche und viel Spa\u00df bei der EM bzw. den Testspielen! <\/p>\n","protected":false},"excerpt":{"rendered":"<p>N&#8217;Abend allerseits, Jonas hat am vergangenen Montag bereits einen sehr guten Beitrag zur Europameisterschaft der Frauen ver\u00f6ffentlicht und in diesem waren die Ansetzungen der Spiele von Freitag bis Montag bereits enthalten, daher wird dieser Beitrag quasi nur eine Kopie des Beitrags vom Montag sein, mit dementsprechend nur den Ansetzungen von Freitag bis kommenden Montag. Au\u00dferdem [&hellip;]<\/p>\n","protected":false},"author":7,"featured_media":0,"comment_status":"open","ping_status":"open","sticky":false,"template":"","format":"standard","meta":{"footnotes":""},"categories":[426],"tags":[600,615,302,36,636,132,331,155,464,26,737,276,637,191,109,336,710],"class_list":["post-13249","post","type-post","status-publish","format-standard","hentry","category-laenderspiele","tag-ann-kathrin-rose","tag-christina-graf","tag-christoph-fetzer","tag-claudia-neumann","tag-claus-lufen","tag-flo-hauser","tag-freddie-schulz","tag-guido-huesgen","tag-jan-neumann","tag-joerg-dahlmann","tag-kathrin-lehmann","tag-marcel-seufert","tag-nia-kuenzer","tag-nico-seepe","tag-oliver-schmidt","tag-sky-sport-news","tag-sven-voss"],"_links":{"self":[{"href":"https:\/\/kommentatorenblog.de\/index.php?rest_route=\/wp\/v2\/posts\/13249","targetHints":{"allow":["GET"]}}],"collection":[{"href":"https:\/\/kommentatorenblog.de\/index.php?rest_route=\/wp\/v2\/posts"}],"about":[{"href":"https:\/\/kommentatorenblog.de\/index.php?rest_route=\/wp\/v2\/types\/post"}],"author":[{"embeddable":true,"href":"https:\/\/kommentatorenblog.de\/index.php?rest_route=\/wp\/v2\/users\/7"}],"replies":[{"embeddable":true,"href":"https:\/\/kommentatorenblog.de\/index.php?rest_route=%2Fwp%2Fv2%2Fcomments&post=13249"}],"version-history":[{"count":12,"href":"https:\/\/kommentatorenblog.de\/index.php?rest_route=\/wp\/v2\/posts\/13249\/revisions"}],"predecessor-version":[{"id":13264,"href":"https:\/\/kommentatorenblog.de\/index.php?rest_route=\/wp\/v2\/posts\/13249\/revisions\/13264"}],"wp:attachment":[{"href":"https:\/\/kommentatorenblog.de\/index.php?rest_route=%2Fwp%2Fv2%2Fmedia&parent=13249"}],"wp:term":[{"taxonomy":"category","embeddable":true,"href":"https:\/\/kommentatorenblog.de\/index.php?rest_route=%2Fwp%2Fv2%2Fcategories&post=13249"},{"taxonomy":"post_tag","embeddable":true,"href":"https:\/\/kommentatorenblog.de\/index.php?rest_route=%2Fwp%2Fv2%2Ftags&post=13249"}],"curies":[{"name":"wp","href":"https:\/\/api.w.org\/{rel}","templated":true}]}}