{"id":13265,"date":"2022-07-11T18:38:49","date_gmt":"2022-07-11T16:38:49","guid":{"rendered":"http:\/\/kommentatorenblog.de\/?p=13265"},"modified":"2023-02-24T16:34:02","modified_gmt":"2023-02-24T14:34:02","slug":"1265-gibt-es-den-naechsten-magischen-auftritt-unserer-dfb-damen","status":"publish","type":"post","link":"https:\/\/kommentatorenblog.de\/?p=13265","title":{"rendered":"1265 &#8211; Gibt es den n\u00e4chsten magischen Auftritt unserer DFB-Damen?"},"content":{"rendered":"\n<p>N&#8217;Abend allerseits,<\/p>\n\n\n\n<p>Beitrag Nr.3 zur Europameisterschaft der Frauen steht an, viel neues gibt es mMn nicht zu erz\u00e4hlen, deshalb sofort der Blick auf die Ansetzungen, die ebenfalls nichts neues, au\u00dfergew\u00f6hnliches bzw. \u00fcberraschendes aufzeigen werden. <\/p>\n\n\n\n<p>Am Donnerstag gibt es f\u00fcr euch dann den Beitrag zum 2. Liga-Start. <\/p>\n\n\n\n<hr class=\"wp-block-separator\"\/>\n\n\n\n<p><strong><em>Die Ansetzungen vom 12. Juli 2022 bis 14. Juli 2022<\/em><\/strong><\/p>\n\n\n\n<p><strong>UEFA Frauen EM 2022, Gruppenphase, 2. Spieltag (ARD\/ZDF\/DAZN)<\/strong><\/p>\n\n\n\n<p><span style=\"text-decoration: underline;\">Dienstag, 12. Juli 2022, ab 17.40 (ARD) ab 18.00 (DAZN)<\/span><\/p>\n\n\n\n<p><strong style=\"font-style: italic;\">D\u00e4nemark <strong><em><span><b style=\"font-style: italic;\">\u2013<\/b><\/span><\/em><\/strong><\/strong> <em><strong>Finnland (18.00 Uhr)<\/strong><\/em> <br><img loading=\"lazy\" decoding=\"async\" width=\"10\" height=\"21\" class=\"wp-image-3656\" style=\"width: 10px;\" src=\"http:\/\/kommentatorenblog.de\/wp-content\/uploads\/2020\/09\/shure-55sh-ii-e1601485394796.jpg\" alt=\"\" srcset=\"https:\/\/kommentatorenblog.de\/wp-content\/uploads\/2020\/09\/shure-55sh-ii-e1601485394796.jpg 415w, https:\/\/kommentatorenblog.de\/wp-content\/uploads\/2020\/09\/shure-55sh-ii-e1601485394796-142x300.jpg 142w\" sizes=\"auto, (max-width: 10px) 100vw, 10px\" \/> ARD: Christina Graf <\/p>\n\n\n\n<p><img loading=\"lazy\" decoding=\"async\" width=\"10\" height=\"21\" class=\"wp-image-3656\" style=\"width: 10px;\" src=\"http:\/\/kommentatorenblog.de\/wp-content\/uploads\/2020\/09\/shure-55sh-ii-e1601485394796.jpg\" alt=\"\" srcset=\"https:\/\/kommentatorenblog.de\/wp-content\/uploads\/2020\/09\/shure-55sh-ii-e1601485394796.jpg 415w, https:\/\/kommentatorenblog.de\/wp-content\/uploads\/2020\/09\/shure-55sh-ii-e1601485394796-142x300.jpg 142w\" sizes=\"auto, (max-width: 10px) 100vw, 10px\" \/> DAZN: Guido H\u00fcsgen<\/p>\n\n\n\n<p>Moderation (ARD): Claus Lufen, Expertin: Nia K\u00fcnzer<\/p>\n\n\n\n<p><span style=\"text-decoration: underline;\">ab 20.15 (ARD), ab 20.40 (DAZN)<\/span><\/p>\n\n\n\n<p><strong style=\"font-style: italic;\">Deutschland <strong><em><span><b style=\"font-style: italic;\">\u2013<\/b><\/span><\/em><\/strong><\/strong> <em><strong>Spanien (21.00 Uhr)<\/strong><\/em> <br><img loading=\"lazy\" decoding=\"async\" width=\"10\" height=\"21\" class=\"wp-image-3656\" style=\"width: 10px;\" src=\"http:\/\/kommentatorenblog.de\/wp-content\/uploads\/2020\/09\/shure-55sh-ii-e1601485394796.jpg\" alt=\"\" srcset=\"https:\/\/kommentatorenblog.de\/wp-content\/uploads\/2020\/09\/shure-55sh-ii-e1601485394796.jpg 415w, https:\/\/kommentatorenblog.de\/wp-content\/uploads\/2020\/09\/shure-55sh-ii-e1601485394796-142x300.jpg 142w\" sizes=\"auto, (max-width: 10px) 100vw, 10px\" \/> ARD: Bernd Schmelzer<\/p>\n\n\n\n<p><img loading=\"lazy\" decoding=\"async\" width=\"10\" height=\"21\" class=\"wp-image-3656\" style=\"width: 10px;\" src=\"http:\/\/kommentatorenblog.de\/wp-content\/uploads\/2020\/09\/shure-55sh-ii-e1601485394796.jpg\" alt=\"\" srcset=\"https:\/\/kommentatorenblog.de\/wp-content\/uploads\/2020\/09\/shure-55sh-ii-e1601485394796.jpg 415w, https:\/\/kommentatorenblog.de\/wp-content\/uploads\/2020\/09\/shure-55sh-ii-e1601485394796-142x300.jpg 142w\" sizes=\"auto, (max-width: 10px) 100vw, 10px\" \/> DAZN: Jan Platte, Expertin: Navina Omilade<\/p>\n\n\n\n<p>Moderation (ARD): Claus Lufen, Expertin: Nia K\u00fcnzer<\/p>\n\n\n\n<p><span style=\"text-decoration: underline;\">Mittwoch, 13. Juli 2022, ab 17.40 Uhr (ZDF), ab 18.00 Uhr (DAZN)<\/span><\/p>\n\n\n\n<p><strong style=\"font-style: italic;\">Schweden <strong><em><span><b style=\"font-style: italic;\">\u2013<\/b><\/span><\/em><\/strong><\/strong> <em><strong>Schweiz (18.00 Uhr)<\/strong><\/em> <br><img loading=\"lazy\" decoding=\"async\" width=\"10\" height=\"21\" class=\"wp-image-3656\" style=\"width: 10px;\" src=\"http:\/\/kommentatorenblog.de\/wp-content\/uploads\/2020\/09\/shure-55sh-ii-e1601485394796.jpg\" alt=\"\" srcset=\"https:\/\/kommentatorenblog.de\/wp-content\/uploads\/2020\/09\/shure-55sh-ii-e1601485394796.jpg 415w, https:\/\/kommentatorenblog.de\/wp-content\/uploads\/2020\/09\/shure-55sh-ii-e1601485394796-142x300.jpg 142w\" sizes=\"auto, (max-width: 10px) 100vw, 10px\" \/> ZDF: Martin Schneider<\/p>\n\n\n\n<p><img loading=\"lazy\" decoding=\"async\" width=\"10\" height=\"21\" class=\"wp-image-3656\" style=\"width: 10px;\" src=\"http:\/\/kommentatorenblog.de\/wp-content\/uploads\/2020\/09\/shure-55sh-ii-e1601485394796.jpg\" alt=\"\" srcset=\"https:\/\/kommentatorenblog.de\/wp-content\/uploads\/2020\/09\/shure-55sh-ii-e1601485394796.jpg 415w, https:\/\/kommentatorenblog.de\/wp-content\/uploads\/2020\/09\/shure-55sh-ii-e1601485394796-142x300.jpg 142w\" sizes=\"auto, (max-width: 10px) 100vw, 10px\" \/> DAZN: Guido H\u00fcsgen<\/p>\n\n\n\n<p>Moderation (ZDF): Sven Voss, Expertin: Kathrin Lehmann<\/p>\n\n\n\n<p><span style=\"text-decoration: underline;\">ab 20.15 Uhr (ZDF), ab 21.00 Uhr (DAZN)<\/span><\/p>\n\n\n\n<p><strong style=\"font-style: italic;\">Niederlande <strong><em><span><b style=\"font-style: italic;\">\u2013<\/b><\/span><\/em><\/strong><\/strong> <em><strong>Portugal (21.00 Uhr)<\/strong><\/em> <br><img loading=\"lazy\" decoding=\"async\" width=\"10\" height=\"21\" class=\"wp-image-3656\" style=\"width: 10px;\" src=\"http:\/\/kommentatorenblog.de\/wp-content\/uploads\/2020\/09\/shure-55sh-ii-e1601485394796.jpg\" alt=\"\" srcset=\"https:\/\/kommentatorenblog.de\/wp-content\/uploads\/2020\/09\/shure-55sh-ii-e1601485394796.jpg 415w, https:\/\/kommentatorenblog.de\/wp-content\/uploads\/2020\/09\/shure-55sh-ii-e1601485394796-142x300.jpg 142w\" sizes=\"auto, (max-width: 10px) 100vw, 10px\" \/> ZDF: Claudia Neumann<\/p>\n\n\n\n<p><img loading=\"lazy\" decoding=\"async\" width=\"10\" height=\"21\" class=\"wp-image-3656\" style=\"width: 10px;\" src=\"http:\/\/kommentatorenblog.de\/wp-content\/uploads\/2020\/09\/shure-55sh-ii-e1601485394796.jpg\" alt=\"\" srcset=\"https:\/\/kommentatorenblog.de\/wp-content\/uploads\/2020\/09\/shure-55sh-ii-e1601485394796.jpg 415w, https:\/\/kommentatorenblog.de\/wp-content\/uploads\/2020\/09\/shure-55sh-ii-e1601485394796-142x300.jpg 142w\" sizes=\"auto, (max-width: 10px) 100vw, 10px\" \/> DAZN: Marcel Seufert<\/p>\n\n\n\n<p>Moderation (ZDF): Sven Voss, Expertin: Kathrin Lehmann<\/p>\n\n\n\n<p><span style=\"text-decoration: underline;\">Donnerstag, 14. Juli 2022, ab<span style=\"text-decoration: underline;\"> 17.45 (ARD) ab 18.00 (DAZN)<\/span><\/span><\/p>\n\n\n\n<p><strong style=\"font-style: italic;\">Italien <strong><em><span><b style=\"font-style: italic;\">\u2013<\/b><\/span><\/em><\/strong><\/strong> <em><strong>Island (18.00 Uhr)<\/strong><\/em> <br><img loading=\"lazy\" decoding=\"async\" width=\"10\" height=\"21\" class=\"wp-image-3656\" style=\"width: 10px;\" src=\"http:\/\/kommentatorenblog.de\/wp-content\/uploads\/2020\/09\/shure-55sh-ii-e1601485394796.jpg\" alt=\"\" srcset=\"https:\/\/kommentatorenblog.de\/wp-content\/uploads\/2020\/09\/shure-55sh-ii-e1601485394796.jpg 415w, https:\/\/kommentatorenblog.de\/wp-content\/uploads\/2020\/09\/shure-55sh-ii-e1601485394796-142x300.jpg 142w\" sizes=\"auto, (max-width: 10px) 100vw, 10px\" \/> ARD: Bernd Schmelzer<\/p>\n\n\n\n<p><img loading=\"lazy\" decoding=\"async\" width=\"10\" height=\"21\" class=\"wp-image-3656\" style=\"width: 10px;\" src=\"http:\/\/kommentatorenblog.de\/wp-content\/uploads\/2020\/09\/shure-55sh-ii-e1601485394796.jpg\" alt=\"\" srcset=\"https:\/\/kommentatorenblog.de\/wp-content\/uploads\/2020\/09\/shure-55sh-ii-e1601485394796.jpg 415w, https:\/\/kommentatorenblog.de\/wp-content\/uploads\/2020\/09\/shure-55sh-ii-e1601485394796-142x300.jpg 142w\" sizes=\"auto, (max-width: 10px) 100vw, 10px\" \/> DAZN: Guido H\u00fcsgen<\/p>\n\n\n\n<p>Moderation (ARD): Claus Lufen, Expertin: Nia K\u00fcnzer<\/p>\n\n\n\n<p><span style=\"text-decoration: underline;\">ab<span style=\"text-decoration: underline;\"> 20.15 (ARD) ab 21.00 (DAZN)<\/span><\/span><\/p>\n\n\n\n<p><strong style=\"font-style: italic;\">Frankreich <strong><em><span><b style=\"font-style: italic;\">\u2013<\/b><\/span><\/em><\/strong><\/strong> <em><strong>Belgien (21.00 Uhr)<\/strong><\/em> <br><img loading=\"lazy\" decoding=\"async\" width=\"10\" height=\"21\" class=\"wp-image-3656\" style=\"width: 10px;\" src=\"http:\/\/kommentatorenblog.de\/wp-content\/uploads\/2020\/09\/shure-55sh-ii-e1601485394796.jpg\" alt=\"\" srcset=\"https:\/\/kommentatorenblog.de\/wp-content\/uploads\/2020\/09\/shure-55sh-ii-e1601485394796.jpg 415w, https:\/\/kommentatorenblog.de\/wp-content\/uploads\/2020\/09\/shure-55sh-ii-e1601485394796-142x300.jpg 142w\" sizes=\"auto, (max-width: 10px) 100vw, 10px\" \/> ARD: Christina Graf<\/p>\n\n\n\n<p><img loading=\"lazy\" decoding=\"async\" width=\"10\" height=\"21\" class=\"wp-image-3656\" style=\"width: 10px;\" src=\"http:\/\/kommentatorenblog.de\/wp-content\/uploads\/2020\/09\/shure-55sh-ii-e1601485394796.jpg\" alt=\"\" srcset=\"https:\/\/kommentatorenblog.de\/wp-content\/uploads\/2020\/09\/shure-55sh-ii-e1601485394796.jpg 415w, https:\/\/kommentatorenblog.de\/wp-content\/uploads\/2020\/09\/shure-55sh-ii-e1601485394796-142x300.jpg 142w\" sizes=\"auto, (max-width: 10px) 100vw, 10px\" \/> DAZN: Flo Hauser<\/p>\n\n\n\n<p>Moderation (ARD): Claus Lufen, Expertin: Nia K\u00fcnzer<\/p>\n\n\n\n<hr class=\"wp-block-separator\"\/>\n\n\n\n<p><strong>Analyse<\/strong><\/p>\n\n\n\n<p><strong>Montag: <\/strong><\/p>\n\n\n\n<p>Die Namen des heutigen Montags, die auch zum 2. Spieltag der Gruppenphase geh\u00f6ren, nehme ich hier in der Analyse auch noch kurz auf, sind aber ebenfalls in meinem vorherigen Beitrag in den Ansetzungen enthalten. Das fr\u00fche Spiel des Montags, \u00d6sterreich gegen Nordirland, \u00fcbernimmt Oliver Schmidt im Stream und am Abend kommentiert Claudia Neumann live im ZDF. Die Moderation wird euch auch bereits bekannt sein. Auf DAZN kommen Marcel Seufert und Christoph Fetzer zum Einsatz. <\/p>\n\n\n\n<p><strong>Dienstag: <\/strong><\/p>\n\n\n\n<p>Am Dienstag ist dann neben DAZN die ARD dran und \u00fcbertr\u00e4gt beide Spiele des Tages live im Ersten. Die ARD steigt um 17.40 Uhr in die \u00dcbertragung ein und sendet damit im Anschluss an die Tour de France \u00dcbertagung sowie einer Ausgabe der Tagesschau. Dabei zeigt die ARD erstmals bei diesem Turnier zwei Spiele an einem Tag im TV. Die Moderation \u00fcbernimmt jeweils Claus Lufen, begleitet von Nia K\u00fcnzer. Kommentiert wird das fr\u00fche Spiel aus der Deutschland-Gruppe von Christina Graf, ihr dritter Einsatz bei diesem Turnier.<\/p>\n\n\n\n<p>Nach der 20 Uhr-Tagesschau geht es dann weiter mit der Vorberichterstattung auf das zweite Spiel des DFB-Teams, w\u00e4hrend der man auch in das Stadion schalten wird. Die Position im Stadion k\u00f6nnte diesmal Ina Kast \u00fcbernehmen, alternativ w\u00e4re auch Sebastian Rieth (wie beim Er\u00f6ffnungsspiel) m\u00f6glich. Sofern wir mehr wissen, informieren wir euch in den Kommentaren. Der Kommentator in der ARD f\u00fcr das Duell Deutschland-Spanien wird Bernd Schmelzer sein, sein erster Einsatz bei dieser Euro. Im Anschluss an die \u00dcbertragung strahlt das Erste zudem noch die Doku &#8222;Born for this \u2013 Mehr als Fu\u00dfball&#8220; \u00fcber die DFB- Damen aus, welche es zudem auch bei Sky und Magenta zu sehen gibt.<\/p>\n\n\n\n<p>Bei DAZN darf Guido H\u00fcsgen bereits um 18:00 Uhr ans Mikrofon. Das Duo Jan Platte &amp; Navina Omilade begleitet bereits ab 20.40 Uhr das Deutsche Team bei ihrem zweiten Auftritt, der hoffe ich mal genau so \u00fcberzeugend wie am vergangenen Freitag wird. Im Vergleich zum ersten Deutschland-Spiel gibt es dabei nur auf der Kommentatoren-Position Ver\u00e4nderungen, Platte rotiert f\u00fcr Seepe rein, Expertin bleibt Omilade.<\/p>\n\n\n\n<p><strong>Mittwoch: <\/strong><\/p>\n\n\n\n<p>Mittwoch ist dann wieder ZDF-Zeit. Schweden trifft im fr\u00fchen Spiel auf die Schweiz und die Niederlande auf Portugal. <s>Ersteres Spiel wird von Claudia Neumann kommentiert, die also von Brighton nach Sheffield reisen darf. Die Niederlande gegen Portugal ist dann eine Sache f\u00fcr Norbert Galeske<\/s>. Die Partie w\u00e4re eigentlich von Claudia Neumann kommentiert worden. Allerdings f\u00e4llt Norbert Galeske auch hier aus, weshalb Neumann auf die 21 Uhr Begegnung rutscht. Die Partie Niederlande gegen Portugal wird aber nicht erneut von Oliver Schmidt \u00fcbernommen, sondern diesmal von Martin Schneider, der bereits Kommentator bei der M\u00e4nner-EM im letzten Jahr war. Durch die Sendung f\u00fchren wie gewohnt Moderator Sven Voss und Expertin Kathrin Lehmann, zudem ist DAZN-Expertin Omilade zu Gast. F\u00fcr DAZN sind wie bei dieser EM schon \u00f6fter Guido H\u00fcsgen bzw. Marcel Seufert im Einsatz.  <\/p>\n\n\n\n<p><strong>Donnerstag: <\/strong><\/p>\n\n\n\n<p>Donnerstag hei\u00dft es dann wieder Sendezeit f\u00fcr Bernd Schmelzer, Christina Graf, Claus Lufen, Nia K\u00fcnzer, genauso wie f\u00fcr Guido H\u00fcsgen und Flo Hauser. \u00dcberrascht nicht, oder? <\/p>\n\n\n\n<p>Das war&#8217;s dann auch schon wieder, ich w\u00fcnsche euch eine sch\u00f6ne, aber vor allem sportliche Woche!! <\/p>\n","protected":false},"excerpt":{"rendered":"<p>N&#8217;Abend allerseits, Beitrag Nr.3 zur Europameisterschaft der Frauen steht an, viel neues gibt es mMn nicht zu erz\u00e4hlen, deshalb sofort der Blick auf die Ansetzungen, die ebenfalls nichts neues, au\u00dfergew\u00f6hnliches bzw. \u00fcberraschendes aufzeigen werden. Am Donnerstag gibt es f\u00fcr euch dann den Beitrag zum 2. Liga-Start. Die Ansetzungen vom 12. Juli 2022 bis 14. Juli [&hellip;]<\/p>\n","protected":false},"author":7,"featured_media":0,"comment_status":"open","ping_status":"open","sticky":false,"template":"","format":"standard","meta":{"footnotes":""},"categories":[426],"tags":[582,615,36,636,132,155,48,737,276,738,637,709,710],"class_list":["post-13265","post","type-post","status-publish","format-standard","hentry","category-laenderspiele","tag-bernd-schmelzer","tag-christina-graf","tag-claudia-neumann","tag-claus-lufen","tag-flo-hauser","tag-guido-huesgen","tag-jan-platte","tag-kathrin-lehmann","tag-marcel-seufert","tag-navina-omilade","tag-nia-kuenzer","tag-norbert-galeske","tag-sven-voss"],"_links":{"self":[{"href":"https:\/\/kommentatorenblog.de\/index.php?rest_route=\/wp\/v2\/posts\/13265","targetHints":{"allow":["GET"]}}],"collection":[{"href":"https:\/\/kommentatorenblog.de\/index.php?rest_route=\/wp\/v2\/posts"}],"about":[{"href":"https:\/\/kommentatorenblog.de\/index.php?rest_route=\/wp\/v2\/types\/post"}],"author":[{"embeddable":true,"href":"https:\/\/kommentatorenblog.de\/index.php?rest_route=\/wp\/v2\/users\/7"}],"replies":[{"embeddable":true,"href":"https:\/\/kommentatorenblog.de\/index.php?rest_route=%2Fwp%2Fv2%2Fcomments&post=13265"}],"version-history":[{"count":15,"href":"https:\/\/kommentatorenblog.de\/index.php?rest_route=\/wp\/v2\/posts\/13265\/revisions"}],"predecessor-version":[{"id":13287,"href":"https:\/\/kommentatorenblog.de\/index.php?rest_route=\/wp\/v2\/posts\/13265\/revisions\/13287"}],"wp:attachment":[{"href":"https:\/\/kommentatorenblog.de\/index.php?rest_route=%2Fwp%2Fv2%2Fmedia&parent=13265"}],"wp:term":[{"taxonomy":"category","embeddable":true,"href":"https:\/\/kommentatorenblog.de\/index.php?rest_route=%2Fwp%2Fv2%2Fcategories&post=13265"},{"taxonomy":"post_tag","embeddable":true,"href":"https:\/\/kommentatorenblog.de\/index.php?rest_route=%2Fwp%2Fv2%2Ftags&post=13265"}],"curies":[{"name":"wp","href":"https:\/\/api.w.org\/{rel}","templated":true}]}}