{"id":13291,"date":"2022-07-14T21:55:12","date_gmt":"2022-07-14T19:55:12","guid":{"rendered":"http:\/\/kommentatorenblog.de\/?p=13291"},"modified":"2022-07-15T15:40:51","modified_gmt":"2022-07-15T13:40:51","slug":"1266-halbzeit-der-em-und-start-im-unterhaus","status":"publish","type":"post","link":"https:\/\/kommentatorenblog.de\/?p=13291","title":{"rendered":"1266 &#8211; Halbzeit der EM und Start im Unterhaus"},"content":{"rendered":"\n<p>N&#8217;Abend allerseits,<\/p>\n\n\n\n<p>erstmal freue ich mich wieder mal wieder einen Beitrag zu machen. Nach gut zwei Monaten Pause ist es endlich mal wieder so weit. In meiner Funktion als &#8222;Chefredakteur&#8220; will ich in diesem Beitrag einen \u00dcberblick geben, was in der kommenden Saison geplant ist. Nachdem ich im Rahmen des Blogs noch keine Gelegenheit hatte, m\u00f6chte ich in aller Erste Linie Erik danken, der Mitte Mai seinen letzten Beitrag, nach knapp drei Jahren im Team, hatte. Somit bin ich &#8211; Sachen gibts &#8211; der Dienst\u00e4lteste des aktiven Teams. Eben dieses Blogger Team bildet sich im \u00dcbrigen aus Hannes, Jonas, Justin, Tim und meiner Wenigkeit. Dennis &#8211; hier wurde ich ja hin und wieder gefragt &#8211; ist noch offiziell Teil des Teams, hat aber keinerlei Kapazit\u00e4ten mehr f\u00fcr Beitr\u00e4ge. Wenn sich die Chance ergibt, wird er sich aber mit einem Beitrag verabschieden. <\/p>\n\n\n\n<p>Doch was planen wir f\u00fcr die kommende Saison? In aller erste Linie wird es wie gehabt jeden Donnerstag und fast jeden Montag einen neuen Beitrag geben. Doch auch rundherum habe ich mir\/ haben wir uns in unserer Sommerpause (die nach gef\u00fchlten drei Jahren durchhbloggen auch dringend n\u00f6tig war) Gedanken gemacht. In Sachen Interviews und auch anderen Dingen k\u00f6nnte ohne zu viel versprechen, in dieser Saison mehr kommen.<\/p>\n\n\n\n<p>Doch wollen wir mal weg vom Organisatorischen kommen und uns mit dem Alltagsgesch\u00e4ft besch\u00e4ftigen. Die Europameisterschaft in England hat mit Abschluss des heutigen Donnerstags bereits die H\u00e4lfte der Spiele gespielt und scheint quotentechnisch zu \u00fcberzeugen. Das zweite deutsche Spiel gegen Spanien brachte der ARD 8,02 Millionen Zusehende und einen \u00fcberragenden Marktanteil von sehr starken 34,3 Prozent. Vielleicht sorgen solche Quoten ja daf\u00fcr, dass ab der WM der Frauen im Jahr 2023 s\u00e4mtliche Spiele live im TV gezeigt werden. Als f\u00e4llig sehe ich dies allemal. <\/p>\n\n\n\n<p>Am 3.Spieltag sieht es bez\u00fcglich TV \u00fcberschaubar aus, da Parallelspiele der Gruppen jeweils zeitgleich stattfinden, gibt es nur vier Ansto\u00dfzeiten. Die ARD (am Freitag) bzw. das ZDF (am Samstag) zeigen jeweils ein Spiel im TV, das jeweils verbleibende Gruppenspiel wird im Livestream gezeigt &#8211; hier gibt es dann auch alle Spiele vom Sonntag und Montag zu sehen. Zwei Spiele im TV Programm halte ich zumindest mal f\u00fcr ausbauf\u00e4hig.<\/p>\n\n\n\n<p>Doch neben der EM startet am Freitag auch die 2.Bundesliga in die neue Saison. Prominenz hat man mit Schalke und dem Bremen zwar verloren, daf\u00fcr kommt mit Kaiserslautern, Magdeburg garantierte Stimmung aus Liga drei hinzu und auch die Arminia aus Bielefeld ist sicherlich keine schlechte Verst\u00e4rkung. Zu den \u00fcbertragenden Sendern brauche ich nicht viel zu sagen, alles bleibt gleich &#8211; also m\u00fcssen wir leider weiterhin auf richtige Konferenzen und dem Kommentar aus dem Stadion warten. <\/p>\n\n\n\n<p>Doch nun aber wirklich zum eingemachten!<\/p>\n\n\n\n<hr class=\"wp-block-separator\"\/>\n\n\n\n<p><strong><em>Die Ansetzungen vom 15. Juli 2022 bis 18. Juli 2022<\/em><\/strong><\/p>\n\n\n\n<p><strong>UEFA Frauen EM 2022, Gruppenphase, 3. Spieltag (ARD\/ZDF\/DAZN)<\/strong><\/p>\n\n\n\n<p><span style=\"text-decoration: underline;\">Freitag, 15. Juli 2022, <span style=\"text-decoration: underline;\">ab 20.15Uhr (ARD), ab 21.00Uhr (DAZN)<\/span><\/span><\/p>\n\n\n\n<p><strong style=\"font-style: italic;\">\u00d6sterreich <strong><em><span><b style=\"font-style: italic;\">\u2013<\/b><\/span><\/em><\/strong><\/strong> <em><strong>Norwegen (21.00 Uhr)<\/strong><\/em> <br><img loading=\"lazy\" decoding=\"async\" width=\"10\" height=\"21\" class=\"wp-image-3656\" style=\"width: 10px;\" src=\"http:\/\/kommentatorenblog.de\/wp-content\/uploads\/2020\/09\/shure-55sh-ii-e1601485394796.jpg\" alt=\"\" srcset=\"https:\/\/kommentatorenblog.de\/wp-content\/uploads\/2020\/09\/shure-55sh-ii-e1601485394796.jpg 415w, https:\/\/kommentatorenblog.de\/wp-content\/uploads\/2020\/09\/shure-55sh-ii-e1601485394796-142x300.jpg 142w\" sizes=\"auto, (max-width: 10px) 100vw, 10px\" \/> ARD: Bernd Schmelzer<br><img loading=\"lazy\" decoding=\"async\" width=\"10\" height=\"21\" class=\"wp-image-3656\" style=\"width: 10px;\" src=\"http:\/\/kommentatorenblog.de\/wp-content\/uploads\/2020\/09\/shure-55sh-ii-e1601485394796.jpg\" alt=\"\" srcset=\"https:\/\/kommentatorenblog.de\/wp-content\/uploads\/2020\/09\/shure-55sh-ii-e1601485394796.jpg 415w, https:\/\/kommentatorenblog.de\/wp-content\/uploads\/2020\/09\/shure-55sh-ii-e1601485394796-142x300.jpg 142w\" sizes=\"auto, (max-width: 10px) 100vw, 10px\" \/> DAZN: Christoph Fetzer<\/p>\n\n\n\n<p><strong style=\"font-style: italic;\">Nordirland <strong><em><span><b style=\"font-style: italic;\">\u2013<\/b><\/span><\/em><\/strong><\/strong> <em><strong>England (21.00 Uhr)<\/strong><\/em> <br><img loading=\"lazy\" decoding=\"async\" width=\"10\" height=\"21\" class=\"wp-image-3656\" style=\"width: 10px;\" src=\"http:\/\/kommentatorenblog.de\/wp-content\/uploads\/2020\/09\/shure-55sh-ii-e1601485394796.jpg\" alt=\"\" srcset=\"https:\/\/kommentatorenblog.de\/wp-content\/uploads\/2020\/09\/shure-55sh-ii-e1601485394796.jpg 415w, https:\/\/kommentatorenblog.de\/wp-content\/uploads\/2020\/09\/shure-55sh-ii-e1601485394796-142x300.jpg 142w\" sizes=\"auto, (max-width: 10px) 100vw, 10px\" \/> ARD-Livestream: Jan Neumann<br><img loading=\"lazy\" decoding=\"async\" width=\"10\" height=\"21\" class=\"wp-image-3656\" style=\"width: 10px;\" src=\"http:\/\/kommentatorenblog.de\/wp-content\/uploads\/2020\/09\/shure-55sh-ii-e1601485394796.jpg\" alt=\"\" srcset=\"https:\/\/kommentatorenblog.de\/wp-content\/uploads\/2020\/09\/shure-55sh-ii-e1601485394796.jpg 415w, https:\/\/kommentatorenblog.de\/wp-content\/uploads\/2020\/09\/shure-55sh-ii-e1601485394796-142x300.jpg 142w\" sizes=\"auto, (max-width: 10px) 100vw, 10px\" \/> DAZN: Guido H\u00fcsgen<\/p>\n\n\n\n<p>Moderation (ARD): Claus Lufen, Expertin: Nia K\u00fcnzer<\/p>\n\n\n\n<p><span style=\"text-decoration: underline;\">Samstag, 16. Juli 2022, ab 20.15Uhr (ZDF), ab 20.40 Uhr (DAZN)<\/span><\/p>\n\n\n\n<p><strong style=\"font-style: italic;\">Finnland <strong><em><span><b style=\"font-style: italic;\">\u2013<\/b><\/span><\/em><\/strong><\/strong> <em><strong>Deutschland (21.00 Uhr)<\/strong><\/em><br><img loading=\"lazy\" decoding=\"async\" width=\"10\" height=\"21\" class=\"wp-image-3656\" style=\"width: 10px;\" src=\"http:\/\/kommentatorenblog.de\/wp-content\/uploads\/2020\/09\/shure-55sh-ii-e1601485394796.jpg\" alt=\"\" srcset=\"https:\/\/kommentatorenblog.de\/wp-content\/uploads\/2020\/09\/shure-55sh-ii-e1601485394796.jpg 415w, https:\/\/kommentatorenblog.de\/wp-content\/uploads\/2020\/09\/shure-55sh-ii-e1601485394796-142x300.jpg 142w\" sizes=\"auto, (max-width: 10px) 100vw, 10px\" \/> ZDF: Claudia Neumann<br><img loading=\"lazy\" decoding=\"async\" width=\"10\" height=\"21\" class=\"wp-image-3656\" style=\"width: 10px;\" src=\"http:\/\/kommentatorenblog.de\/wp-content\/uploads\/2020\/09\/shure-55sh-ii-e1601485394796.jpg\" alt=\"\" srcset=\"https:\/\/kommentatorenblog.de\/wp-content\/uploads\/2020\/09\/shure-55sh-ii-e1601485394796.jpg 415w, https:\/\/kommentatorenblog.de\/wp-content\/uploads\/2020\/09\/shure-55sh-ii-e1601485394796-142x300.jpg 142w\" sizes=\"auto, (max-width: 10px) 100vw, 10px\" \/> DAZN: Jan Platte, Expertin: Navina Omilade<\/p>\n\n\n\n<p><strong style=\"font-style: italic;\">D\u00e4nemark <strong><em><span><b style=\"font-style: italic;\">\u2013<\/b><\/span><\/em><\/strong><\/strong> <em><strong>Spanien (21.00 Uhr)<\/strong><\/em> <br><img loading=\"lazy\" decoding=\"async\" width=\"10\" height=\"21\" class=\"wp-image-3656\" style=\"width: 10px;\" src=\"http:\/\/kommentatorenblog.de\/wp-content\/uploads\/2020\/09\/shure-55sh-ii-e1601485394796.jpg\" alt=\"\" srcset=\"https:\/\/kommentatorenblog.de\/wp-content\/uploads\/2020\/09\/shure-55sh-ii-e1601485394796.jpg 415w, https:\/\/kommentatorenblog.de\/wp-content\/uploads\/2020\/09\/shure-55sh-ii-e1601485394796-142x300.jpg 142w\" sizes=\"auto, (max-width: 10px) 100vw, 10px\" \/> ZDF-Livestream: Martin Schneider<br><img loading=\"lazy\" decoding=\"async\" width=\"10\" height=\"21\" class=\"wp-image-3656\" style=\"width: 10px;\" src=\"http:\/\/kommentatorenblog.de\/wp-content\/uploads\/2020\/09\/shure-55sh-ii-e1601485394796.jpg\" alt=\"\" srcset=\"https:\/\/kommentatorenblog.de\/wp-content\/uploads\/2020\/09\/shure-55sh-ii-e1601485394796.jpg 415w, https:\/\/kommentatorenblog.de\/wp-content\/uploads\/2020\/09\/shure-55sh-ii-e1601485394796-142x300.jpg 142w\" sizes=\"auto, (max-width: 10px) 100vw, 10px\" \/> DAZN: Guido H\u00fcsgen<\/p>\n\n\n\n<p>Moderation (ZDF): Sven Voss, Expertin: Kathrin Lehmann<\/p>\n\n\n\n<p><span style=\"text-decoration: underline;\">Sonntag, 17. Juli 2022, ab<span style=\"text-decoration: underline;\"> 17.50 (ZDF-Livestream) ab 18.00 (DAZN)<\/span><\/span><\/p>\n\n\n\n<p><strong style=\"font-style: italic;\">Schweden <strong><em><span><b style=\"font-style: italic;\">\u2013<\/b><\/span><\/em><\/strong><\/strong> <em><strong>Portugal (18.00 Uhr)<\/strong><\/em><br><img loading=\"lazy\" decoding=\"async\" width=\"10\" height=\"21\" class=\"wp-image-3656\" style=\"width: 10px;\" src=\"http:\/\/kommentatorenblog.de\/wp-content\/uploads\/2020\/09\/shure-55sh-ii-e1601485394796.jpg\" alt=\"\" srcset=\"https:\/\/kommentatorenblog.de\/wp-content\/uploads\/2020\/09\/shure-55sh-ii-e1601485394796.jpg 415w, https:\/\/kommentatorenblog.de\/wp-content\/uploads\/2020\/09\/shure-55sh-ii-e1601485394796-142x300.jpg 142w\" sizes=\"auto, (max-width: 10px) 100vw, 10px\" \/> ZDF-Livestream: Gari Paubandt<br><img loading=\"lazy\" decoding=\"async\" width=\"10\" height=\"21\" class=\"wp-image-3656\" style=\"width: 10px;\" src=\"http:\/\/kommentatorenblog.de\/wp-content\/uploads\/2020\/09\/shure-55sh-ii-e1601485394796.jpg\" alt=\"\" srcset=\"https:\/\/kommentatorenblog.de\/wp-content\/uploads\/2020\/09\/shure-55sh-ii-e1601485394796.jpg 415w, https:\/\/kommentatorenblog.de\/wp-content\/uploads\/2020\/09\/shure-55sh-ii-e1601485394796-142x300.jpg 142w\" sizes=\"auto, (max-width: 10px) 100vw, 10px\" \/> DAZN: Christoph Fetzer<\/p>\n\n\n\n<p><strong style=\"font-style: italic;\">Schweiz <strong><em><span><b style=\"font-style: italic;\">\u2013<\/b><\/span><\/em><\/strong><\/strong> <em><strong>Niederlande (18.00 Uhr)<\/strong><\/em> <br><img loading=\"lazy\" decoding=\"async\" width=\"10\" height=\"21\" class=\"wp-image-3656\" style=\"width: 10px;\" src=\"http:\/\/kommentatorenblog.de\/wp-content\/uploads\/2020\/09\/shure-55sh-ii-e1601485394796.jpg\" alt=\"\" srcset=\"https:\/\/kommentatorenblog.de\/wp-content\/uploads\/2020\/09\/shure-55sh-ii-e1601485394796.jpg 415w, https:\/\/kommentatorenblog.de\/wp-content\/uploads\/2020\/09\/shure-55sh-ii-e1601485394796-142x300.jpg 142w\" sizes=\"auto, (max-width: 10px) 100vw, 10px\" \/> ZDF-Livestream: Oliver Schmidt<br><img loading=\"lazy\" decoding=\"async\" width=\"10\" height=\"21\" class=\"wp-image-3656\" style=\"width: 10px;\" src=\"http:\/\/kommentatorenblog.de\/wp-content\/uploads\/2020\/09\/shure-55sh-ii-e1601485394796.jpg\" alt=\"\" srcset=\"https:\/\/kommentatorenblog.de\/wp-content\/uploads\/2020\/09\/shure-55sh-ii-e1601485394796.jpg 415w, https:\/\/kommentatorenblog.de\/wp-content\/uploads\/2020\/09\/shure-55sh-ii-e1601485394796-142x300.jpg 142w\" sizes=\"auto, (max-width: 10px) 100vw, 10px\" \/> DAZN: Marcel Seufert<\/p>\n\n\n\n<p><span style=\"text-decoration: underline;\">Montag, 18. Juli 2022, ab<span style=\"text-decoration: underline;\"> 20.50 (ZDF-Livestream) ab 21.00 (DAZN)<\/span><\/span><\/p>\n\n\n\n<p><strong style=\"font-style: italic;\">Italien <strong><em><span><b style=\"font-style: italic;\">\u2013<\/b><\/span><\/em><\/strong><\/strong> <em><strong>Belgien (21.00 Uhr)<\/strong><\/em><br><img loading=\"lazy\" decoding=\"async\" width=\"10\" height=\"21\" class=\"wp-image-3656\" style=\"width: 10px;\" src=\"http:\/\/kommentatorenblog.de\/wp-content\/uploads\/2020\/09\/shure-55sh-ii-e1601485394796.jpg\" alt=\"\" srcset=\"https:\/\/kommentatorenblog.de\/wp-content\/uploads\/2020\/09\/shure-55sh-ii-e1601485394796.jpg 415w, https:\/\/kommentatorenblog.de\/wp-content\/uploads\/2020\/09\/shure-55sh-ii-e1601485394796-142x300.jpg 142w\" sizes=\"auto, (max-width: 10px) 100vw, 10px\" \/> ZDF-Livestream: Norbert Galeske<br><img loading=\"lazy\" decoding=\"async\" width=\"10\" height=\"21\" class=\"wp-image-3656\" style=\"width: 10px;\" src=\"http:\/\/kommentatorenblog.de\/wp-content\/uploads\/2020\/09\/shure-55sh-ii-e1601485394796.jpg\" alt=\"\" srcset=\"https:\/\/kommentatorenblog.de\/wp-content\/uploads\/2020\/09\/shure-55sh-ii-e1601485394796.jpg 415w, https:\/\/kommentatorenblog.de\/wp-content\/uploads\/2020\/09\/shure-55sh-ii-e1601485394796-142x300.jpg 142w\" sizes=\"auto, (max-width: 10px) 100vw, 10px\" \/> DAZN: Flo Hauser<\/p>\n\n\n\n<p><strong style=\"font-style: italic;\">Island <strong><em><span><b style=\"font-style: italic;\">\u2013<\/b><\/span><\/em><\/strong><\/strong> <em><strong>Frankreich (21.00 Uhr)<\/strong><\/em> <br><img loading=\"lazy\" decoding=\"async\" width=\"10\" height=\"21\" class=\"wp-image-3656\" style=\"width: 10px;\" src=\"http:\/\/kommentatorenblog.de\/wp-content\/uploads\/2020\/09\/shure-55sh-ii-e1601485394796.jpg\" alt=\"\" srcset=\"https:\/\/kommentatorenblog.de\/wp-content\/uploads\/2020\/09\/shure-55sh-ii-e1601485394796.jpg 415w, https:\/\/kommentatorenblog.de\/wp-content\/uploads\/2020\/09\/shure-55sh-ii-e1601485394796-142x300.jpg 142w\" sizes=\"auto, (max-width: 10px) 100vw, 10px\" \/> ZDF-Livestream: Claudia Neumann<br><img loading=\"lazy\" decoding=\"async\" width=\"10\" height=\"21\" class=\"wp-image-3656\" style=\"width: 10px;\" src=\"http:\/\/kommentatorenblog.de\/wp-content\/uploads\/2020\/09\/shure-55sh-ii-e1601485394796.jpg\" alt=\"\" srcset=\"https:\/\/kommentatorenblog.de\/wp-content\/uploads\/2020\/09\/shure-55sh-ii-e1601485394796.jpg 415w, https:\/\/kommentatorenblog.de\/wp-content\/uploads\/2020\/09\/shure-55sh-ii-e1601485394796-142x300.jpg 142w\" sizes=\"auto, (max-width: 10px) 100vw, 10px\" \/> DAZN: Nico Seepe<\/p>\n\n\n\n<hr class=\"wp-block-separator\"\/>\n\n\n\n<p><strong>2<\/strong>. <strong>Bundesliga, 01. Spieltag<\/strong><\/p>\n\n\n\n<p><span style=\"text-decoration: underline;\">Freitag, 15. Juli 2022, ab 19.00 Uhr (SAT.1) bzw. ab 20.00 Uhr (Sky)<\/span> <\/p>\n\n\n\n<p><strong><em>1.FC Kaiserslautern \u2013 Hannover 96 (20.30 Uhr) <\/em><\/strong><\/p>\n\n\n\n<p>SAT.1: <img loading=\"lazy\" decoding=\"async\" width=\"10\" height=\"21\" class=\"wp-image-3656\" style=\"width: 10px;\" src=\"http:\/\/kommentatorenblog.de\/wp-content\/uploads\/2020\/09\/shure-55sh-ii-e1601485394796.jpg\" alt=\"\" srcset=\"https:\/\/kommentatorenblog.de\/wp-content\/uploads\/2020\/09\/shure-55sh-ii-e1601485394796.jpg 415w, https:\/\/kommentatorenblog.de\/wp-content\/uploads\/2020\/09\/shure-55sh-ii-e1601485394796-142x300.jpg 142w\" sizes=\"auto, (max-width: 10px) 100vw, 10px\" \/> Wolff Fuss, Field-Reporter: Matthias Killing<\/p>\n\n\n\n<p>Sky: <img loading=\"lazy\" decoding=\"async\" width=\"10\" height=\"21\" class=\"wp-image-3656\" style=\"width: 10px;\" src=\"http:\/\/kommentatorenblog.de\/wp-content\/uploads\/2020\/09\/shure-55sh-ii-e1601485394796.jpg\" alt=\"\" srcset=\"https:\/\/kommentatorenblog.de\/wp-content\/uploads\/2020\/09\/shure-55sh-ii-e1601485394796.jpg 415w, https:\/\/kommentatorenblog.de\/wp-content\/uploads\/2020\/09\/shure-55sh-ii-e1601485394796-142x300.jpg 142w\" sizes=\"auto, (max-width: 10px) 100vw, 10px\" \/> Klaus Veltman, Field-Reporter: Alexander Bonengel<\/p>\n\n\n\n<p>Moderation (SAT.1): Matthias Opdenh\u00f6vel, Experte: Stefan Kuntz<\/p>\n\n\n\n<p>Moderation (Sky): Hartmut von Kameke, Experte: Torsten Mattuschka<\/p>\n\n\n\n<p><span style=\"text-decoration: underline;\">Samstag, 16. Juli 2022, ab 12.30 Uhr (Sky)<\/span><\/p>\n\n\n\n<p><strong><em>Konferenz (13.00Uhr)<\/em><\/strong><\/p>\n\n\n\n<p><img loading=\"lazy\" decoding=\"async\" width=\"10\" height=\"21\" class=\"wp-image-3656\" style=\"width: 10px;\" src=\"http:\/\/kommentatorenblog.de\/wp-content\/uploads\/2020\/09\/shure-55sh-ii-e1601485394796.jpg\" alt=\"\" srcset=\"https:\/\/kommentatorenblog.de\/wp-content\/uploads\/2020\/09\/shure-55sh-ii-e1601485394796.jpg 415w, https:\/\/kommentatorenblog.de\/wp-content\/uploads\/2020\/09\/shure-55sh-ii-e1601485394796-142x300.jpg 142w\" sizes=\"auto, (max-width: 10px) 100vw, 10px\" \/> Markus Gaupp (Fokus auf STP-FCN)<\/p>\n\n\n\n<p><strong><em>1.FC St.Pauli \u2013&nbsp;1.FC N\u00fcrnberg (13.00 Uhr)<\/em><\/strong><\/p>\n\n\n\n<p><img loading=\"lazy\" decoding=\"async\" width=\"10\" height=\"21\" class=\"wp-image-3656\" style=\"width: 10px;\" src=\"http:\/\/kommentatorenblog.de\/wp-content\/uploads\/2020\/09\/shure-55sh-ii-e1601485394796.jpg\" alt=\"\" srcset=\"https:\/\/kommentatorenblog.de\/wp-content\/uploads\/2020\/09\/shure-55sh-ii-e1601485394796.jpg 415w, https:\/\/kommentatorenblog.de\/wp-content\/uploads\/2020\/09\/shure-55sh-ii-e1601485394796-142x300.jpg 142w\" sizes=\"auto, (max-width: 10px) 100vw, 10px\" \/> Hansi K\u00fcpper, Field-Reporter: Marcus J\u00fcrgensen<\/p>\n\n\n\n<p><strong><em>SpVgg Greuther F\u00fcrth \u2013 Holstein Kiel<\/em><\/strong> <strong><em>(13.30 Uhr)<\/em><\/strong><\/p>\n\n\n\n<p><img loading=\"lazy\" decoding=\"async\" width=\"10\" height=\"21\" class=\"wp-image-3656\" style=\"width: 10px;\" src=\"http:\/\/kommentatorenblog.de\/wp-content\/uploads\/2020\/09\/shure-55sh-ii-e1601485394796.jpg\" alt=\"\" srcset=\"https:\/\/kommentatorenblog.de\/wp-content\/uploads\/2020\/09\/shure-55sh-ii-e1601485394796.jpg 415w, https:\/\/kommentatorenblog.de\/wp-content\/uploads\/2020\/09\/shure-55sh-ii-e1601485394796-142x300.jpg 142w\" sizes=\"auto, (max-width: 10px) 100vw, 10px\" \/> Sven Schr\u00f6ter, Interviews: Schalte<\/p>\n\n\n\n<p><strong><em>SV Sandhausen \u2013&nbsp;Arminia Bielefeld<\/em><\/strong> <strong><em>(13.30 Uhr)<\/em><\/strong><\/p>\n\n\n\n<p><img loading=\"lazy\" decoding=\"async\" width=\"10\" height=\"21\" class=\"wp-image-3656\" style=\"width: 10px;\" src=\"http:\/\/kommentatorenblog.de\/wp-content\/uploads\/2020\/09\/shure-55sh-ii-e1601485394796.jpg\" alt=\"\" srcset=\"https:\/\/kommentatorenblog.de\/wp-content\/uploads\/2020\/09\/shure-55sh-ii-e1601485394796.jpg 415w, https:\/\/kommentatorenblog.de\/wp-content\/uploads\/2020\/09\/shure-55sh-ii-e1601485394796-142x300.jpg 142w\" sizes=\"auto, (max-width: 10px) 100vw, 10px\" \/> J\u00fcrgen Schmitz, Interviews: Schalte <\/p>\n\n\n\n<p><strong><em>SSV Jahn Regensburg \u2013 SV Darmstadt 98 (13.30 Uhr)<\/em><\/strong><\/p>\n\n\n\n<p><img loading=\"lazy\" decoding=\"async\" width=\"10\" height=\"21\" class=\"wp-image-3656\" style=\"width: 10px;\" src=\"http:\/\/kommentatorenblog.de\/wp-content\/uploads\/2020\/09\/shure-55sh-ii-e1601485394796.jpg\" alt=\"\" srcset=\"https:\/\/kommentatorenblog.de\/wp-content\/uploads\/2020\/09\/shure-55sh-ii-e1601485394796.jpg 415w, https:\/\/kommentatorenblog.de\/wp-content\/uploads\/2020\/09\/shure-55sh-ii-e1601485394796-142x300.jpg 142w\" sizes=\"auto, (max-width: 10px) 100vw, 10px\" \/> Florian Malburg<\/p>\n\n\n\n<p>Moderation: Katharina Kleinfeldt<\/p>\n\n\n\n<p><span style=\"text-decoration: underline;\">ab 19.30Uhr (SPORT1)\/ bzw. ab 20.00Uhr (Sky)<\/span><\/p>\n\n\n\n<p><strong><em>1.FC Magdeburg \u2013&nbsp;Fortuna D\u00fcsseldorf <\/em><\/strong><strong><em>(20.30 Uhr)<\/em><\/strong><\/p>\n\n\n\n<p>SPORT1: <img loading=\"lazy\" decoding=\"async\" width=\"10\" height=\"21\" class=\"wp-image-3656\" style=\"width: 10px;\" src=\"http:\/\/kommentatorenblog.de\/wp-content\/uploads\/2020\/09\/shure-55sh-ii-e1601485394796.jpg\" alt=\"\" srcset=\"https:\/\/kommentatorenblog.de\/wp-content\/uploads\/2020\/09\/shure-55sh-ii-e1601485394796.jpg 415w, https:\/\/kommentatorenblog.de\/wp-content\/uploads\/2020\/09\/shure-55sh-ii-e1601485394796-142x300.jpg 142w\" sizes=\"auto, (max-width: 10px) 100vw, 10px\" \/> Oliver Forster, Field-Reporter: Fabian Greve<\/p>\n\n\n\n<p>Sky: <img loading=\"lazy\" decoding=\"async\" width=\"10\" height=\"21\" class=\"wp-image-3656\" style=\"width: 10px;\" src=\"http:\/\/kommentatorenblog.de\/wp-content\/uploads\/2020\/09\/shure-55sh-ii-e1601485394796.jpg\" alt=\"\" srcset=\"https:\/\/kommentatorenblog.de\/wp-content\/uploads\/2020\/09\/shure-55sh-ii-e1601485394796.jpg 415w, https:\/\/kommentatorenblog.de\/wp-content\/uploads\/2020\/09\/shure-55sh-ii-e1601485394796-142x300.jpg 142w\" sizes=\"auto, (max-width: 10px) 100vw, 10px\" \/> Stefan Hempel, Experte: Torsten Mattuschka <\/p>\n\n\n\n<p>Moderation (SPORT1): Ruth Hofmann, Experte: Maik Franz<\/p>\n\n\n\n<p><span style=\"text-decoration: underline;\">Sonntag, 17. Juli 2021, ab 13.00 Uhr (Sky)<\/span><\/p>\n\n\n\n<p><strong><em>Konferenz (13.30Uhr)<\/em><\/strong><\/p>\n\n\n\n<p><img loading=\"lazy\" decoding=\"async\" width=\"10\" height=\"21\" class=\"wp-image-3656\" style=\"width: 10px;\" src=\"http:\/\/kommentatorenblog.de\/wp-content\/uploads\/2020\/09\/shure-55sh-ii-e1601485394796.jpg\" alt=\"\" srcset=\"https:\/\/kommentatorenblog.de\/wp-content\/uploads\/2020\/09\/shure-55sh-ii-e1601485394796.jpg 415w, https:\/\/kommentatorenblog.de\/wp-content\/uploads\/2020\/09\/shure-55sh-ii-e1601485394796-142x300.jpg 142w\" sizes=\"auto, (max-width: 10px) 100vw, 10px\" \/> J\u00fcrgen Schmitz (Fokus auf EBS-HSV)<\/p>\n\n\n\n<p><strong><em>Eintracht Braunschweig \u2013&nbsp;Hamburger SV (13.30 Uhr)<\/em><\/strong><\/p>\n\n\n\n<p><img loading=\"lazy\" decoding=\"async\" width=\"10\" height=\"21\" class=\"wp-image-3656\" style=\"width: 10px;\" src=\"http:\/\/kommentatorenblog.de\/wp-content\/uploads\/2020\/09\/shure-55sh-ii-e1601485394796.jpg\" alt=\"\" srcset=\"https:\/\/kommentatorenblog.de\/wp-content\/uploads\/2020\/09\/shure-55sh-ii-e1601485394796.jpg 415w, https:\/\/kommentatorenblog.de\/wp-content\/uploads\/2020\/09\/shure-55sh-ii-e1601485394796-142x300.jpg 142w\" sizes=\"auto, (max-width: 10px) 100vw, 10px\" \/> Hansi K\u00fcpper, Field-Reporter: Marcus J\u00fcrgensen<\/p>\n\n\n\n<p><strong><em>SC Paderborn \u2013&nbsp;Karlsruher SC<\/em><\/strong> <strong><em>(13.30 Uhr)<\/em><\/strong><\/p>\n\n\n\n<p><img loading=\"lazy\" decoding=\"async\" width=\"10\" height=\"21\" class=\"wp-image-3656\" style=\"width: 10px;\" src=\"http:\/\/kommentatorenblog.de\/wp-content\/uploads\/2020\/09\/shure-55sh-ii-e1601485394796.jpg\" alt=\"\" srcset=\"https:\/\/kommentatorenblog.de\/wp-content\/uploads\/2020\/09\/shure-55sh-ii-e1601485394796.jpg 415w, https:\/\/kommentatorenblog.de\/wp-content\/uploads\/2020\/09\/shure-55sh-ii-e1601485394796-142x300.jpg 142w\" sizes=\"auto, (max-width: 10px) 100vw, 10px\" \/> Joachim Hebel, Interviews: Schalte<\/p>\n\n\n\n<p><strong><em>Hansa Rostock \u2013&nbsp;1.FC Heidenheim (13.30 Uhr)<\/em><\/strong><\/p>\n\n\n\n<p><img loading=\"lazy\" decoding=\"async\" width=\"10\" height=\"21\" class=\"wp-image-3656\" style=\"width: 10px;\" src=\"http:\/\/kommentatorenblog.de\/wp-content\/uploads\/2020\/09\/shure-55sh-ii-e1601485394796.jpg\" alt=\"\" srcset=\"https:\/\/kommentatorenblog.de\/wp-content\/uploads\/2020\/09\/shure-55sh-ii-e1601485394796.jpg 415w, https:\/\/kommentatorenblog.de\/wp-content\/uploads\/2020\/09\/shure-55sh-ii-e1601485394796-142x300.jpg 142w\" sizes=\"auto, (max-width: 10px) 100vw, 10px\" \/> Ulli Potofski<\/p>\n\n\n\n<p>Moderation: Nele Schenker<\/p>\n\n\n\n<hr class=\"wp-block-separator\"\/>\n\n\n\n<p><strong>Internationaler Fussball (Sportdigital Fussball)<\/strong><\/p>\n\n\n\n<p><span style=\"text-decoration: underline;\">Freitag, 15. Juli 2022<\/span><\/p>\n\n\n\n<p>Copa do Brasil, Achtelfinale, R\u00fcckspiel: <strong><em>Palmeiras \u2013 FC S\u00e3o Paulo (01.00Uhr)<\/em><\/strong><\/p>\n\n\n\n<p><img loading=\"lazy\" decoding=\"async\" width=\"10\" height=\"21\" class=\"wp-image-3656\" style=\"width: 10px;\" src=\"http:\/\/kommentatorenblog.de\/wp-content\/uploads\/2020\/09\/shure-55sh-ii-e1601485394796.jpg\" alt=\"\" srcset=\"https:\/\/kommentatorenblog.de\/wp-content\/uploads\/2020\/09\/shure-55sh-ii-e1601485394796.jpg 415w, https:\/\/kommentatorenblog.de\/wp-content\/uploads\/2020\/09\/shure-55sh-ii-e1601485394796-142x300.jpg 142w\" sizes=\"auto, (max-width: 10px) 100vw, 10px\" \/> Karsten Linke<\/p>\n\n\n\n<p>Testspiel: <em style=\"font-weight: bold;\"><strong>Benfica Lissabon \u2013 OGC Nizza (22.00Uhr)<\/strong><\/em><\/p>\n\n\n\n<p><img loading=\"lazy\" decoding=\"async\" width=\"10\" height=\"21\" class=\"wp-image-3656\" style=\"width: 10px;\" src=\"http:\/\/kommentatorenblog.de\/wp-content\/uploads\/2020\/09\/shure-55sh-ii-e1601485394796.jpg\" alt=\"\" srcset=\"https:\/\/kommentatorenblog.de\/wp-content\/uploads\/2020\/09\/shure-55sh-ii-e1601485394796.jpg 415w, https:\/\/kommentatorenblog.de\/wp-content\/uploads\/2020\/09\/shure-55sh-ii-e1601485394796-142x300.jpg 142w\" sizes=\"auto, (max-width: 10px) 100vw, 10px\" \/> Karsten Linke<\/p>\n\n\n\n<p><span style=\"text-decoration: underline;\">Samstag, 16. Juli 2022<\/span><\/p>\n\n\n\n<p>J. League, 22. Spieltag: <strong><em><strong>Nagoya Grampus \u2013 Kawasaki Frontale<\/strong> (12.00Uhr)<\/em><\/strong><\/p>\n\n\n\n<p><img loading=\"lazy\" decoding=\"async\" width=\"10\" height=\"21\" class=\"wp-image-3656\" style=\"width: 10px;\" src=\"http:\/\/kommentatorenblog.de\/wp-content\/uploads\/2020\/09\/shure-55sh-ii-e1601485394796.jpg\" alt=\"\" srcset=\"https:\/\/kommentatorenblog.de\/wp-content\/uploads\/2020\/09\/shure-55sh-ii-e1601485394796.jpg 415w, https:\/\/kommentatorenblog.de\/wp-content\/uploads\/2020\/09\/shure-55sh-ii-e1601485394796-142x300.jpg 142w\" sizes=\"auto, (max-width: 10px) 100vw, 10px\" \/> Karsten Linke<\/p>\n\n\n\n<p>Ekstraklasa, 1.Spieltag: <em><strong>Lech Posen \u2013 Stal Mielec (15.00Uhr)<\/strong><\/em><\/p>\n\n\n\n<p><img loading=\"lazy\" decoding=\"async\" width=\"10\" height=\"21\" class=\"wp-image-3656\" style=\"width: 10px;\" src=\"http:\/\/kommentatorenblog.de\/wp-content\/uploads\/2020\/09\/shure-55sh-ii-e1601485394796.jpg\" alt=\"\" srcset=\"https:\/\/kommentatorenblog.de\/wp-content\/uploads\/2020\/09\/shure-55sh-ii-e1601485394796.jpg 415w, https:\/\/kommentatorenblog.de\/wp-content\/uploads\/2020\/09\/shure-55sh-ii-e1601485394796-142x300.jpg 142w\" sizes=\"auto, (max-width: 10px) 100vw, 10px\" \/> Jakob Vogel<\/p>\n\n\n\n<p>Campeonato Brasileiro, 17. Spieltag: <em><strong><strong>Athletico Paranaense \u2013 Internacional<\/strong> (15.00Uhr)<\/strong><\/em><\/p>\n\n\n\n<p><img loading=\"lazy\" decoding=\"async\" width=\"10\" height=\"21\" class=\"wp-image-3656\" style=\"width: 10px;\" src=\"http:\/\/kommentatorenblog.de\/wp-content\/uploads\/2020\/09\/shure-55sh-ii-e1601485394796.jpg\" alt=\"\" srcset=\"https:\/\/kommentatorenblog.de\/wp-content\/uploads\/2020\/09\/shure-55sh-ii-e1601485394796.jpg 415w, https:\/\/kommentatorenblog.de\/wp-content\/uploads\/2020\/09\/shure-55sh-ii-e1601485394796-142x300.jpg 142w\" sizes=\"auto, (max-width: 10px) 100vw, 10px\" \/> Karsten Linke<\/p>\n\n\n\n<p><span style=\"text-decoration: underline;\">Sonntag, 17. Juli 2022<\/span><\/p>\n\n\n\n<p>Liga Profesional, 8. Spieltag: <strong><em><strong>Boca Juniors \u2013 Talleres de Cordoba <\/strong>(01.15Uhr)<\/em><\/strong><\/p>\n\n\n\n<p><img loading=\"lazy\" decoding=\"async\" width=\"10\" height=\"21\" class=\"wp-image-3656\" style=\"width: 10px;\" src=\"http:\/\/kommentatorenblog.de\/wp-content\/uploads\/2020\/09\/shure-55sh-ii-e1601485394796.jpg\" alt=\"\" srcset=\"https:\/\/kommentatorenblog.de\/wp-content\/uploads\/2020\/09\/shure-55sh-ii-e1601485394796.jpg 415w, https:\/\/kommentatorenblog.de\/wp-content\/uploads\/2020\/09\/shure-55sh-ii-e1601485394796-142x300.jpg 142w\" sizes=\"auto, (max-width: 10px) 100vw, 10px\" \/> Henrik Hinrichsen<\/p>\n\n\n\n<p>Testspiel: <em><strong>Benfica Lissabon \u2013 FC Fulham (21.00Uhr)<\/strong><\/em><\/p>\n\n\n\n<p><img loading=\"lazy\" decoding=\"async\" width=\"10\" height=\"21\" class=\"wp-image-3656\" style=\"width: 10px;\" src=\"http:\/\/kommentatorenblog.de\/wp-content\/uploads\/2020\/09\/shure-55sh-ii-e1601485394796.jpg\" alt=\"\" srcset=\"https:\/\/kommentatorenblog.de\/wp-content\/uploads\/2020\/09\/shure-55sh-ii-e1601485394796.jpg 415w, https:\/\/kommentatorenblog.de\/wp-content\/uploads\/2020\/09\/shure-55sh-ii-e1601485394796-142x300.jpg 142w\" sizes=\"auto, (max-width: 10px) 100vw, 10px\" \/> Karsten Linke<\/p>\n\n\n\n<p>MLS, 21. Spieltag: <em><strong><strong>New York Red Bulls \u2013 New York City FC <\/strong>(22.55Uhr)<\/strong><\/em><\/p>\n\n\n\n<p><img loading=\"lazy\" decoding=\"async\" width=\"10\" height=\"21\" class=\"wp-image-3656\" style=\"width: 10px;\" src=\"http:\/\/kommentatorenblog.de\/wp-content\/uploads\/2020\/09\/shure-55sh-ii-e1601485394796.jpg\" alt=\"\" srcset=\"https:\/\/kommentatorenblog.de\/wp-content\/uploads\/2020\/09\/shure-55sh-ii-e1601485394796.jpg 415w, https:\/\/kommentatorenblog.de\/wp-content\/uploads\/2020\/09\/shure-55sh-ii-e1601485394796-142x300.jpg 142w\" sizes=\"auto, (max-width: 10px) 100vw, 10px\" \/> Henrik Henrichsen<\/p>\n\n\n\n<p><span style=\"text-decoration: underline;\">Montag, 18. Juli 2022<\/span><\/p>\n\n\n\n<p>Ekstraklasa, 1.Spieltag: <em><strong><strong>G\u00f3rnik Zabrze \u2013 Cracovia Krakau<\/strong><\/strong><\/em> <em><strong>(19.00Uhr)<\/strong><\/em><\/p>\n\n\n\n<p><img loading=\"lazy\" decoding=\"async\" width=\"10\" height=\"21\" class=\"wp-image-3656\" style=\"width: 10px;\" src=\"http:\/\/kommentatorenblog.de\/wp-content\/uploads\/2020\/09\/shure-55sh-ii-e1601485394796.jpg\" alt=\"\" srcset=\"https:\/\/kommentatorenblog.de\/wp-content\/uploads\/2020\/09\/shure-55sh-ii-e1601485394796.jpg 415w, https:\/\/kommentatorenblog.de\/wp-content\/uploads\/2020\/09\/shure-55sh-ii-e1601485394796-142x300.jpg 142w\" sizes=\"auto, (max-width: 10px) 100vw, 10px\" \/> Karsten Linke<\/p>\n\n\n\n<p>Testspiel: <em><strong><strong>AS Rom \u2013 Sporting Lissabon <\/strong>(21.00Uhr)<\/strong><\/em><\/p>\n\n\n\n<p><img loading=\"lazy\" decoding=\"async\" width=\"10\" height=\"21\" class=\"wp-image-3656\" style=\"width: 10px;\" src=\"http:\/\/kommentatorenblog.de\/wp-content\/uploads\/2020\/09\/shure-55sh-ii-e1601485394796.jpg\" alt=\"\" srcset=\"https:\/\/kommentatorenblog.de\/wp-content\/uploads\/2020\/09\/shure-55sh-ii-e1601485394796.jpg 415w, https:\/\/kommentatorenblog.de\/wp-content\/uploads\/2020\/09\/shure-55sh-ii-e1601485394796-142x300.jpg 142w\" sizes=\"auto, (max-width: 10px) 100vw, 10px\" \/> Jonathan Dreier<\/p>\n\n\n\n<hr class=\"wp-block-separator\"\/>\n\n\n\n<p><strong>Analyse<\/strong><\/p>\n\n\n\n<p>Am Freitag \u00fcbernimmt die ARD, dies wird das einzige Sendetag am 3.Spieltag sein, sonst \u00fcbernimmt komplett das ZDF. Claus Lufen und Nia K\u00fcnzer melden sich ab 20.15Uhr aus dem Studio und stimmen auf die Partien aus Gruppe A ein. Im Hauptprogramm l\u00e4uft dabei D\u00e4nemark gegen Finnland, Bernd Schmelzer kommentiert, w\u00e4hrend Jan Neumann im Livestream das Parallelspiel \u00fcbernimmt. Bei DAZN sind Christoph Fetzer und Guido H\u00fcsgen im Einsatz. Samstag liegt dann der volle Fokus auf der Partie von Deutschland, Claudia Neumann kommentiert f\u00fcr das ZDF und bei DAZN das gewohnte Duo Jan Platte und Navina Omilade. Am Sonntag und Montag gibts dann die freie Auswahl zwischen den ZDF und den DAZN Streams, stand jetzt gibts m\u00f6glicherweise Einsatz eins f\u00fcr Norbert Galeske. Mal schauen&#8230;<\/p>\n\n\n\n<p>Die 2.Bundesliga startet in Kaiserslautern, Hannover 96 ist zu Gast. Das Auftaktspiel zeigt neben Sky nat\u00fcrlich auch SAT1. Das Trio Fuss, Opdenh\u00f6vel und Kuntz bleibt beim Privatsender unver\u00e4ndert, Matthias Killing als Fielder ist auch nichts Neues. Bei Sky \u00fcbernimmt wie letztes Jahr Hartmut von Kameke gemeinsam mit Torsten Mattuschka die Moderation des Auftaktspiels, kommentieren wird dann Klaus Veltman (aus dem Stadion), w\u00e4hrend Alexander Bonengel Stimmen einsammelt. <\/p>\n\n\n\n<p>Am Samstag gibt es dann wieder die Neue &#8211; aber zugleich alte &#8211; Ansto\u00dfzeit um 13Uhr. Ausnahmsweise auch mal mit vier Spielen gleichzeitig. Im Einsatz ist Markus Gaupp in der Konferenz und Hansi K\u00fcpper im beim wohl renommiertesten Einzelspiel mit Pauli gegen N\u00fcrnberg. Ansonsten sind Sven Schr\u00f6ter und J\u00fcrgen Schmitz f\u00fcr die Absteiger verantwortlich und Flo Malburg schaut auf Regensburg gegen Darmstadt. Sonntag \u00fcbernimmt dann J\u00fcrgen Schmitz die Konferenz, w\u00e4hrend Hansi K\u00fcpper, Jogi Hebel und Ulli Potofski die Einzelspiele \u00fcbernehmen, auff\u00e4llig ist das Fehlen von Torsten Kunde.<\/p>\n\n\n\n<p>Das Topspiel wollen wir nat\u00fcrlich auch nicht vergessen, Hempel und Mattuschka besuchen mit Magdeburg auch mal einen neuen Fleck, bei SPORT1 kommentiert Oliver Forster mit dem Maik Franz der Ehemalige Leiter des Lizenzbereichs  von Magdeburg. <\/p>\n\n\n\n<p>Auch Sportdigital hat noch einiges im Petto, unter anderem ist Karsten Linke sechsmal im Einsatz. Bis dahin, habt ein sch\u00f6nes Wochenende und trinkt beim hei\u00dfen Wetter reichlich Wasser!<\/p>\n","protected":false},"excerpt":{"rendered":"<p>N&#8217;Abend allerseits, erstmal freue ich mich wieder mal wieder einen Beitrag zu machen. Nach gut zwei Monaten Pause ist es endlich mal wieder so weit. In meiner Funktion als &#8222;Chefredakteur&#8220; will ich in diesem Beitrag einen \u00dcberblick geben, was in der kommenden Saison geplant ist. Nachdem ich im Rahmen des Blogs noch keine Gelegenheit hatte, [&hellip;]<\/p>\n","protected":false},"author":5,"featured_media":0,"comment_status":"open","ping_status":"open","sticky":false,"template":"","format":"standard","meta":{"footnotes":""},"categories":[424,426],"tags":[414,19,582,302,36,13,592,132,308,32,155,25,211,464,48,347,86,585,737,676,739,494,121,38,571,101,738,191,709,183,109,76,22,28,549,27,710,87,346,289,107,37],"class_list":["post-13291","post","type-post","status-publish","format-standard","hentry","category-bundesliga-und-co","category-laenderspiele","tag-alexander-bonengel","tag-ard","tag-bernd-schmelzer","tag-christoph-fetzer","tag-claudia-neumann","tag-dazn","tag-fabian-greve","tag-flo-hauser","tag-florian-malburg","tag-gari-paubandt","tag-guido-huesgen","tag-hansi-kuepper","tag-hartmut-von-kameke","tag-jan-neumann","tag-jan-platte","tag-joachim-hebel","tag-juergen-schmitz","tag-katharina-kleinfeldt","tag-kathrin-lehmann","tag-klaus-veltman","tag-maik-frantz","tag-marcus-juergensen","tag-markus-gaupp","tag-martin-schneider","tag-matthias-killling","tag-matthias-opdenhoevel","tag-navina-omilade","tag-nico-seepe","tag-norbert-galeske","tag-oliver-forster","tag-oliver-schmidt","tag-ruth-hofmann","tag-sky","tag-stefan-hempel","tag-stefan-kuntz","tag-sven-schroeter","tag-sven-voss","tag-torsten-kunde","tag-torsten-mattuschka","tag-ulli-potofski","tag-wolff-fuss","tag-zdf"],"_links":{"self":[{"href":"https:\/\/kommentatorenblog.de\/index.php?rest_route=\/wp\/v2\/posts\/13291","targetHints":{"allow":["GET"]}}],"collection":[{"href":"https:\/\/kommentatorenblog.de\/index.php?rest_route=\/wp\/v2\/posts"}],"about":[{"href":"https:\/\/kommentatorenblog.de\/index.php?rest_route=\/wp\/v2\/types\/post"}],"author":[{"embeddable":true,"href":"https:\/\/kommentatorenblog.de\/index.php?rest_route=\/wp\/v2\/users\/5"}],"replies":[{"embeddable":true,"href":"https:\/\/kommentatorenblog.de\/index.php?rest_route=%2Fwp%2Fv2%2Fcomments&post=13291"}],"version-history":[{"count":10,"href":"https:\/\/kommentatorenblog.de\/index.php?rest_route=\/wp\/v2\/posts\/13291\/revisions"}],"predecessor-version":[{"id":13308,"href":"https:\/\/kommentatorenblog.de\/index.php?rest_route=\/wp\/v2\/posts\/13291\/revisions\/13308"}],"wp:attachment":[{"href":"https:\/\/kommentatorenblog.de\/index.php?rest_route=%2Fwp%2Fv2%2Fmedia&parent=13291"}],"wp:term":[{"taxonomy":"category","embeddable":true,"href":"https:\/\/kommentatorenblog.de\/index.php?rest_route=%2Fwp%2Fv2%2Fcategories&post=13291"},{"taxonomy":"post_tag","embeddable":true,"href":"https:\/\/kommentatorenblog.de\/index.php?rest_route=%2Fwp%2Fv2%2Ftags&post=13291"}],"curies":[{"name":"wp","href":"https:\/\/api.w.org\/{rel}","templated":true}]}}