{"id":133,"date":"2019-08-08T14:56:05","date_gmt":"2019-08-08T13:56:05","guid":{"rendered":"http:\/\/kommentatorenblog.de\/?p=133"},"modified":"2021-02-28T22:11:36","modified_gmt":"2021-02-28T21:11:36","slug":"1006-grosskampftag","status":"publish","type":"post","link":"https:\/\/kommentatorenblog.de\/?p=133","title":{"rendered":"1006 &#8211; Gro\u00dfkampftag"},"content":{"rendered":"\n<p>N\u2018Abend allerseits, <\/p>\n\n\n\n<p>das DFB-Pokal Wochenende ist f\u00fcr alle beteiligten ein Gro\u00dfkampftag beziehungsweise eher ein Gro\u00dfkampfwochenende. Die wichtigsten Infos gibt\u2019s in einer ausf\u00fchrlichen Analyse.<\/p>\n\n\n\n<p><strong><span style=\"text-decoration: underline;\"><em>Die Ansetzungen vom 09. August 2019 bis zum 12. August 2019<\/em><\/span><\/strong><\/p>\n\n\n\n<p><strong>DFB-Pokal, 1. Runde<\/strong><\/p>\n\n\n\n<p><span style=\"text-decoration: underline;\">Freitag, 09.08.2019, ab 20.15 Uhr (Sky) und ab 18.30 Uhr (Sport1)<\/span><\/p>\n\n\n\n<p><strong><em>KFC Uerdingen &#8211; Borussia Dortmund (20.45 Uhr)<\/em><\/strong><\/p>\n\n\n\n<p>Sky: Marcus Lindemann (Einzelspiel), Hansi K\u00fcpper (Konferenz), Field-Reporter: Jesco von Eichmann <\/p>\n\n\n\n<p>Sport1: Markus H\u00f6hner (Kommentar), Stefan Effenberg (Co-Kommentar), Field-Reporter: Laura Papendick<\/p>\n\n\n\n<p><strong><em>SV Sandhausen &#8211; Borussia M`Gladbach (20.45 Uhr) <\/em><\/strong><\/p>\n\n\n\n<p>Sky: Jonas Friedrich (Einzelspiel), Markus Gaupp (Konferenz), Field-Reporter: Christopher Lymberopoulos<\/p>\n\n\n\n<p><strong><em>FC Ingolstadt &#8211; 1.FC N\u00fcrnberg (20.45 Uhr)<\/em><\/strong><\/p>\n\n\n\n<p>Sky: Jaron Steiner (Einzelspiel), Sven Schr\u00f6ter (Konferenz)<\/p>\n\n\n\n<p>Moderation (Sky): Britta Hofmann<\/p>\n\n\n\n<p>Moderation (Sport1): Jochen Stutzky, Ruth Hofmann, Experte: Thomas Berthold<\/p>\n\n\n\n<p><span style=\"text-decoration: underline;\">Samstag, 10.08.2019, ab 14.30 Uhr (Sky)<\/span><\/p>\n\n\n\n<p><strong><em>SV Drochtersen\/Assel &#8211; FC Schalke 04 (15.30 Uhr)<\/em><\/strong><\/p>\n\n\n\n<p>Sky: Michael Born (Einzelspiel), Frank Buschmann (Konferenz), Field-Reporter: Marcus J\u00fcrgensen <\/p>\n\n\n\n<p><strong><em>1.FC Kaiserslautern &#8211; 1.FSV Mainz 05 (15.30 Uhr)<\/em><\/strong><\/p>\n\n\n\n<p>Sky: Roland Evers (Einzelspiel), Michael Leopold (Konferenz)<\/p>\n\n\n\n<p><strong><em>Alemannia Aachen &#8211; Bayer Leverkusen (15.30 Uhr)<\/em><\/strong><\/p>\n\n\n\n<p>Sky: J\u00fcrgen Schmitz (Einzelspiel), Tom Bayer (Konferenz)<\/p>\n\n\n\n<p><strong><em>1.FC Magdeburg &#8211; SC Freiburg (15.30 Uhr)<\/em><\/strong><\/p>\n\n\n\n<p>Sky: Torsten Kunde (Einzelspiel), Markus G\u00f6tz (Konferenz)<\/p>\n\n\n\n<p><strong><em>FC 08 Villingen &#8211; Fortuna D\u00fcsseldorf (15.30 Uhr)<\/em><\/strong><\/p>\n\n\n\n<p>Sky: Klaus Veltmann&nbsp;(Einzelspiel), Holger Pfandt (Konferenz)<\/p>\n\n\n\n<p><strong><em>SC Verl &#8211; FC Augsburg (15.30 Uhr)<\/em><\/strong><\/p>\n\n\n\n<p>Sky: Oliver Seidler (Einzelspiel), Hansi K\u00fcpper (Konferenz)<\/p>\n\n\n\n<p><strong><em>TuS Dassendorf &#8211; Dynamo Dresden (15.30 Uhr)<\/em><\/strong><\/p>\n\n\n\n<p>Sky: Karsten Petrzika (Einzelspiel), Florian Schmidt-Sommerfeld (Konferenz)<\/p>\n\n\n\n<p><strong><em>FC Viktoria 1899 Berlin &#8211; Arminia Bielefeld (15.30 Uhr)<\/em><\/strong><\/p>\n\n\n\n<p>Sky: Patrick Wasserziehr (Einzelspiel), J\u00f6rg Dahlmann (Konferenz)<\/p>\n\n\n\n<p><strong><em>Wacker Nordhausen &#8211; Erzgebirge Aue (15.30 Uhr)<\/em><\/strong><\/p>\n\n\n\n<p>Sky: Heiko Mallwitz (Einzelspiel), Martin Weinberger (Konferenz)<\/p>\n\n\n\n<p><span style=\"text-decoration: underline;\">ab 18.15 Uhr (Sky)<\/span><\/p>\n\n\n\n<p><strong><em>W\u00fcrzburger Kickers &#8211; TSG 1899 Hoffenheim (18.30 Uhr)<\/em><\/strong><\/p>\n\n\n\n<p> Sky: Martin Gro\u00df (Einzelspiel), Jonas Friedrich (Konferenz)  <\/p>\n\n\n\n<p><strong><em>KSV Baunatal &#8211; VfL Bochum (18.30 Uhr) <\/em><\/strong><\/p>\n\n\n\n<p>Sky: Marcus Lindemann (Einzelspiel), Stefan Hempel (Konferenz)<\/p>\n\n\n\n<p><strong><em>SSV Ulm 1846 &#8211; 1. FC Heidenheim (18.30 Uhr)<\/em><\/strong><\/p>\n\n\n\n<p>Sky: Ulli Potofski (Einzelspiel), Markus Gaupp (Konferenz)<\/p>\n\n\n\n<p><span style=\"text-decoration: underline;\">ab 20.30 Uhr (Sky)<\/span><\/p>\n\n\n\n<p><em><strong>Atlas Delmenhorst &#8211; SV Werder Bremen<\/strong><\/em> <em><strong>(20.45 Uhr)<\/strong><\/em><\/p>\n\n\n\n<p>Sky: Wolff Fuss (Einzelspiel), Holger Pfandt (Konferenz), Field-Reporter: Jurek Rohrberg<\/p>\n\n\n\n<p>Moderation (Sky): Britta Hofmann<\/p>\n\n\n\n<p><span style=\"text-decoration: underline;\">Sonntag, 11.08.2019, ab 14.30 Uhr<\/span> <\/p>\n\n\n\n<p><strong><em>Waldhof Mannheim &#8211; Eintracht Frankfurt (15.30 Uhr)<\/em><\/strong><\/p>\n\n\n\n<p>Sky: Klaus Veltmann (Einzelspiel), Wolff Fuss (Konferenz)<\/p>\n\n\n\n<p><strong><em>VfL Osnabr\u00fcck &#8211; RB Leipzig (15.30 Uhr) <\/em><\/strong><\/p>\n\n\n\n<p>Sky: Patrick Wasserziehr (Einzelspiel), Hansi K\u00fcpper (Konferenz)<\/p>\n\n\n\n<p><strong><em>VfB Eichst\u00e4tt &#8211; Hertha BSC (15.30 Uhr) <\/em><\/strong><\/p>\n\n\n\n<p>Sky: Sven Haist (Einzelspiel), Markus Gaupp (Konferenz)<\/p>\n\n\n\n<p><strong><em>Germania Halberstadt &#8211; 1.FC Union Berlin (15.30 Uhr) <\/em><\/strong><\/p>\n\n\n\n<p>Sky: Oliver Seidler (Einzelspiel), Toni Tomic (Konferenz) <\/p>\n\n\n\n<p><strong><em>SV R\u00f6dinghausen &#8211; SC Paderborn (15.30 Uhr) <\/em><\/strong><\/p>\n\n\n\n<p>Sky: J\u00fcrgen Schmitz (Einzelspiel), Sven Schr\u00f6ter (Konferenz) <\/p>\n\n\n\n<p><strong><em>VfB L\u00fcbeck &#8211; FC St. Pauli (15.30 Uhr)<\/em><\/strong><\/p>\n\n\n\n<p>Sky: Michael Born (Einzelspiel), Jonas Friedrich (Konferenz)<\/p>\n\n\n\n<p><strong><em>1.FC Saarbr\u00fccken &#8211; Jahn Regensburg (15.30 Uhr)<\/em><\/strong><\/p>\n\n\n\n<p>Sky: Ulli Potofski (Einzelspiel), Tom Bayer (Konferenz) <\/p>\n\n\n\n<p><em><strong>FC Oberneuland &#8211; SV Darmstadt 98 (15.30 Uhr)<\/strong><\/em><\/p>\n\n\n\n<p>Sky: Torsten Kunde (Einzelspiel), Markus G\u00f6tz (Konferenz) <\/p>\n\n\n\n<p><strong><em>FSV Salmrohr &#8211; Holstein Kiel (15.30 Uhr)<\/em><\/strong><\/p>\n\n\n\n<p>Sky: Roland Evers (Einzelspiel), Heiko Mallwitz (Konferenz) <\/p>\n\n\n\n<p><span style=\"text-decoration: underline;\">ab 18.15 Uhr<\/span><\/p>\n\n\n\n<p><strong><em>Chemnitzer FC &#8211; Hamburger SV (18.30 Uhr)<\/em><\/strong><\/p>\n\n\n\n<p>Sky: Karsten Petrzika (Einzelspiel), Frank Buschmann (Konferenz),  Field-Reporter: Jurek Rohrberg <\/p>\n\n\n\n<p><strong><em>MSV Duisburg &#8211; SpVgg Greuther F\u00fcrth (18.30 Uhr)<\/em><\/strong><\/p>\n\n\n\n<p>Sky: Stefan Hempel (Einzelspiel), J\u00f6rg Dahlmann (Konferenz)<\/p>\n\n\n\n<p><strong><em>SV Wehen Wiesbaden &#8211; 1. FC K\u00f6ln (18.30 Uhr)<\/em><\/strong><\/p>\n\n\n\n<p>Sky: Martin Gro\u00df (Einzelspiel), Holger Pfandt (Konferenz) <\/p>\n\n\n\n<p>Moderation (Sky): Esther Sedlaczek<\/p>\n\n\n\n<p><span style=\"text-decoration: underline;\">Montag, 12.08.2019, ab 18.00 Uhr (Sky) <\/span><\/p>\n\n\n\n<p><strong><em>Hallescher FC &#8211; VfL Wolfsburg (18.30 Uhr)<\/em><\/strong><\/p>\n\n\n\n<p>Sky: Michael Born (Einzelspiel), Florian Schmidt-Sommerfeld (Konferenz) <\/p>\n\n\n\n<p><strong><em>Hansa Rostock &#8211; VfB Stuttgart (18.30 Uhr)<\/em><\/strong><\/p>\n\n\n\n<p>Sky: Marcel Meinert (Einzelspiel), Holger Pfandt (Konferenz), Field-Reporter: Hannes Jakobi <\/p>\n\n\n\n<p><strong><em>Karlsruher SC &#8211; Hannover 96 (18.30 Uhr)<\/em><\/strong><\/p>\n\n\n\n<p>Sky: Sven Haist (Einzelspiel), J\u00f6rg Dahlmann (Konferenz) <\/p>\n\n\n\n<p><span style=\"text-decoration: underline;\">ab 20.30 Uhr (Sky) und ab 20.15 Uhr (ARD) <\/span><\/p>\n\n\n\n<p><strong><em>FC Energie Cottbus &#8211; FC Bayern M\u00fcnchen (20.45 Uhr) <\/em><\/strong><\/p>\n\n\n\n<p>Sky: Martin Gro\u00df (Einzelspiel), Roland Evers (Konferenz), Field-Reporter: Torben Hoffmann <\/p>\n\n\n\n<p>ARD: Florian Na\u00df (Kommentar), Field-Reporter: Markus Othmer, Christian Dexne <\/p>\n\n\n\n<p>Moderation (Sky): Sebastian Hellmann<\/p>\n\n\n\n<p>Moderation (ARD): Matthias Opdenh\u00f6vel, Experte: Thomas Broich <\/p>\n\n\n\n<p><\/p>\n\n\n\n<p><strong>Premier League, 1. Spieltag<\/strong><\/p>\n\n\n\n<p><span style=\"text-decoration: underline;\">Freitag, 09.08.2019, ab 20.00 Uhr (Sky)<\/span><\/p>\n\n\n\n<p><strong><em>FC Liverpool &#8211; Norwich City (21.00 Uhr)<\/em><\/strong><\/p>\n\n\n\n<p>Sky: Wolff Fuss (Kommentar), Field-Reporter: Sven T\u00f6llner<\/p>\n\n\n\n<p>Moderation (Sky): Michael Leopold, Experte: Erik Meijer <\/p>\n\n\n\n<p><span style=\"text-decoration: underline;\">Samstag, 10.08.2019, ab 13.20 Uhr (Sky)<\/span><\/p>\n\n\n\n<p><strong><em>West Ham United &#8211; Manchester City (13.30 Uhr)<\/em><\/strong><\/p>\n\n\n\n<p>Sky: Toni Tomic <\/p>\n\n\n\n<p><strong><em>Crystal Palace &#8211; FC Everton (16.00 Uhr)<\/em><\/strong><\/p>\n\n\n\n<p>Sky: Sven Haist  <\/p>\n\n\n\n<p><strong><em>Tottenham Hotspur &#8211; Aston Villa (18.30 Uhr)<\/em><\/strong><\/p>\n\n\n\n<p>Sky: Jogi Hebel<\/p>\n\n\n\n<p><span style=\"text-decoration: underline;\">Sonntag, 11.08.2019, ab 14.50 Uhr (Sky)<\/span><\/p>\n\n\n\n<p><strong><em>Newcastle United &#8211; FC Arsenal (15.00 Uhr)<\/em><\/strong><\/p>\n\n\n\n<p>Sky: Hannes Herrmann <\/p>\n\n\n\n<p><span style=\"text-decoration: underline;\">ab 17.00 Uhr (Sky) <strong><em>-Match of the week-<\/em><\/strong><\/span><\/p>\n\n\n\n<p><strong><em>Manchester United &#8211; FC Chelsea (17.30 Uhr)<\/em><\/strong><\/p>\n\n\n\n<p>Sky: Florian Schmidt-Sommerfeld, Experte: Ren\u00e9 Adler <\/p>\n\n\n\n<p><\/p>\n\n\n\n<p><strong><em>Fu\u00dfball International<\/em><\/strong><\/p>\n\n\n\n<p><span style=\"text-decoration: underline;\">Freitag, 09.08.2019<\/span><\/p>\n\n\n\n<p>Ligue1 (1. Spieltag): <strong><em>AS Monaco &#8211; Olympique Lyon (20.45 Uhr)<\/em><\/strong><\/p>\n\n\n\n<p>DAZN: Stefan Galler (Kommentar), Alexis Menuge (Co-Kommentar)<\/p>\n\n\n\n<p><span style=\"text-decoration: underline;\">Samstag, 10.08.2019<\/span><\/p>\n\n\n\n<p>Sky Bet Championship (2. Spieltag): <strong><em> Leeds United &#8211; Nottingham Forest (13.30 Uhr)<\/em><\/strong><\/p>\n\n\n\n<p>sportdigital: Karsten Linke<\/p>\n\n\n\n<p>DAZN: Uli Hebel <\/p>\n\n\n\n<p>Sky Bet Championship (2. Spieltag): <strong><em>Queens Park Rangers &#8211; Huddersfield Town (16.00 Uhr)<\/em><\/strong><\/p>\n\n\n\n<p>sportdigital: Christian Blunck <\/p>\n\n\n\n<p>Eredivisie (2. Spieltag): <strong><em>Ajax Amsterdam &#8211; FC Emmen (19.45 Uhr)<\/em><\/strong><\/p>\n\n\n\n<p>sportdigital: Karsten Linke <\/p>\n\n\n\n<p> Liga NOS (1. Spieltag):  <em><strong>Benfica Lissabon &#8211; Pacos de Ferreira (22.30 Uhr)<\/strong><\/em><\/p>\n\n\n\n<p>sportdigital: Arne Malsch <\/p>\n\n\n\n<p>DAZN: Marcel Seufert<\/p>\n\n\n\n<p><span style=\"text-decoration: underline;\">Sonntag, 11.08.2019<\/span><\/p>\n\n\n\n<p>Chinese Super League (23. Spieltag):  <strong><em>Beijing Guoan &#8211; Guangzhou Evergrande (13.35 Uhr)<\/em><\/strong><\/p>\n\n\n\n<p>sportdigital: Florian Obst <\/p>\n\n\n\n<p>Liga NOS (1. Spieltag):  <strong><em>Maritimo Funchal &#8211; Sporting Lissabon (19.30 Uhr)<\/em><\/strong><\/p>\n\n\n\n<p>sportdigital: J\u00f6rg Steiger <\/p>\n\n\n\n<p><span style=\"text-decoration: underline;\">Montag, 12.08.2019<\/span><\/p>\n\n\n\n<p>Ekstraklasa (4. Spieltag):  <strong><em>Lechia Gdansk &#8211; Jagiellonia Bialystok (18.00 Uhr)<\/em><\/strong><\/p>\n\n\n\n<p>sportdigital: Hannes Hermann <\/p>\n\n\n\n<p><\/p>\n\n\n\n<p><strong><em>Die Analyse <\/em><\/strong><\/p>\n\n\n\n<p>Einige Fakten vorweg: Alle Einzelspielkommentatoren der jeweiligen Sender sind live vor Ort. Sky setzt zudem bei den &#8222;wichtigen&#8220; Begegnungen zus\u00e4tzlich auf einen Reporter von SkySportNews. Es bleibt abzuwarten, inwiefern die SSN-Leute auch innerhalb des Stadions aktiv werden. Schalten sind auf jeden Fall geplant. Kai Dittmann fehlt komplett in den Ansetzungen.<\/p>\n\n\n\n<p>Wir starten chronologisch mit den Ansetzungen des DFB-Pokals. Das Topspiel am Freitag ist die Partie zwischen KFC Uerdingen und Borussia Dortmund. Neben Sky \u00fcbertr\u00e4gt erstmals auch Sport1, das von der ersten Hauptrunde bis zum Viertelfinale je eine Spitzenpartie live im Free-TV zeigt. Stutzky und Hofmann melden sich mit Thomas Berthold aus dem Studio in Ismaning. Papendick, H\u00f6hner und Experte Stefan Effenberg bilden das Trio aus dem Stadion. Mit einem \u00dcbertragungsbeginn \u00fcber zwei Stunden vor dem Anpfiff \u00e4hnelt das Konzept den zur\u00fcckliegenden Europa League &#8211; \u00dcbertragungen des Senders. Beim Personal wird Sport1 in dieser Pokalsaison auf Kontinuit\u00e4t setzen. Kontinuierlich bekommt es Marcus Lindemann in den letzten Jahren mit Borussia Dortmund zu tun &#8211; Saisoneinstieg f\u00fcr den geb\u00fcrtigen Wuppertaler morgen Abend in D\u00fcsseldorf. Jonas Friedrich reist von M\u00fcnchen nach Sandhausen. Der Weg f\u00fcr SSN-Mann Jaron Steiner ist nicht ganz so lang &#8211; Ingolstadt hei\u00dft das berufliche Ziel. Der ersten &#8222;richtige Konferenz&#8220; dieser Saison widmen sich K\u00fcpper, Gaupp und Schr\u00f6ter. <\/p>\n\n\n\n<p>Beweise, dass bei Sky ein DFB-Pokal-Wochenende ansteht, liefert erst der Samstag. Konferenzeinsatz f\u00fcr Michael Leopold, nachdem er Tags zuvor noch in Liverpool weilt. SSN-Redakteur Martin Weinberger darf ebenfalls in der Konferenz ran. Genauso wie Moderator und Tenniskommentator Stefan Hempel. Dar\u00fcber hinaus kommt es zu Einzelspieleins\u00e4tzen f\u00fcr Mallwitz und Petrzika, mittlerweile haupts\u00e4chlich beim Handball t\u00e4tig, sowie f\u00fcr Sky90-Mann Patrick Wasserziehr &#8211; alles regional nat\u00fcrlich.Zwei Konferenzeins\u00e4tze hat Holger Pfandt zu verzeichnen. Britta Hofmann moderiert die Sendungen am Freitag und am Samstag. <\/p>\n\n\n\n<p>Ihr Moderationscomeback am Sonntag gibt Esther Sedlaczek. Die klassischen Konferenzeins\u00e4tze am Sonntag gibt\u00b4s weiterhin f\u00fcr Bayer, Dahlmann, Tomic, K\u00fcpper, Pfandt, Friedrich und den j\u00fcngst &#8222;bef\u00f6rderten&#8220; Friedrich, die teils auch am Samstag schon am Start waren. <\/p>\n\n\n\n<p>Montags reist Meinert an die Ostsee nach Rostock. Seinen vierten Konferenzeinsatz hat Pfandt, falls er am Samstag doppelt ran muss. Sein Saisondeb\u00fct feiert Sebastian Hellmann als Moderator. Das Topspiel am Montag zwischen Energie Cottbus und Bayern M\u00fcnchen zeigen Sky und ARD. Martin Gro\u00df und Torben Hoffman treibt\u00b4s f\u00fcr Sky in den Osten der Republik. Matthias Opdenh\u00f6vel und Thomas Broich, der bei seinem j\u00fcngsten Auftritt bei der U21-EM die ARD-Chefs wohl \u00fcberzeugen konnte, melden sich ab 20.15 Uhr aus dem Stadion der Freundschaft. \u00dcberraschung: Radsportexperte Florian Na\u00df kommentiert. Christoph Metzelder fehlt als Experte. Interviewer f\u00fcr die ARD sind Markus Othmer (BR) und Christian Dexne (RBB).<\/p>\n\n\n\n<p>Zum Start der Premier League setzt Sky bekannterma\u00dfen auf \u201ehochkar\u00e4tiges\u201c Personal. Bereits eine Stunde vor Anpfiff melden sich Michael Leopold und Erik Meijer live von der Anfield Road. Sky will die R\u00fcckkehr der Premier League geb\u00fchrend feiern &#8211; absolut verst\u00e4ndlich. Nicht gerechnet h\u00e4tte ich mit Field-Reporter Sven T\u00f6llner. Standesgem\u00e4\u00df dagegen ist der Einsatz von Wolff Fuss. Mal schauen auf wie viele PL-Eins\u00e4tze er es in dieser Spielzeit bringen wird. Mal schauen wie oft Sky einen Field-Reporter vor Ort einsetzt. Schlie\u00dflich kann man ja auch auf die Ressourcen des britischen Mutterkonzerns zur\u00fcckgreifen. Samstag kommen Toni Tomic, Sven Haist und Neuzugang Jogi Hebel zum Zug. Alle weisen Premier League Erfahrungen auf. Sven Haist, der in London lebt, sitzt am n\u00e4hsten an der Quelle. Sonntag greift mit Hannes Herrmann ein weiterer Neuling ins Geschehen ein. Laut sportdigital ist Herrmann nun fester Bestandteil des Sky-Teams, der aber weiterhin auch f\u00fcr sportdigital arbeiten wird. Beweis gef\u00e4llig: Montag kommentiert Herrmann die Extraklasa f\u00fcr den Hamburger Fernsehsender. Hannes Herrmann quasi der erste\/einzige Sky-Kommentator, der Fu\u00dfball auch auf einem anderen Sender kommentiert. Beim Match of the week haben wir nun Sonntags ab 17.00 Uhr immer ein Date mit Schmiso. Experten an dessen Seite sind Adler, Petric oder Meijer. Die restlichen drei Premier League Partien gibt es Re-Live auf SkySport mit deutschem Kommentar zu sehen. Hannes Herrmann, Jogi Hebel und Sven Schr\u00f6ter \u00fcbernehmen jeweils eine Begegnung. Ich denke, dass die Premier League auch haupts\u00e4chlich von diesen sieben Kommentatoren begleitet wird. Bei Friedrich, Evers und Meinert spekuliere ich ebenfalls auf Eins\u00e4tze in Englands h\u00f6chster Spielklasse.<\/p>\n\n\n\n<p>Im Internationalen Fu\u00dfball gibt es nichts auff\u00e4lliges. DAZN und sportdigital schicken bekannte Namen ins Rennen. Hannes Herrmann\u00b4s Einsatz bei sportdigital ist bereits erw\u00e4hnt.<\/p>\n\n\n\n<p>Sch\u00f6nes Fu\u00dfballwochenende!<\/p>\n\n\n\n<p><\/p>\n\n\n\n<p><\/p>\n\n\n\n<p><\/p>\n","protected":false},"excerpt":{"rendered":"<p>N\u2018Abend allerseits, das DFB-Pokal Wochenende ist f\u00fcr alle beteiligten ein Gro\u00dfkampftag beziehungsweise eher ein Gro\u00dfkampfwochenende. Die wichtigsten Infos gibt\u2019s in einer ausf\u00fchrlichen Analyse. Die Ansetzungen vom 09. August 2019 bis zum 12. August 2019 DFB-Pokal, 1. Runde Freitag, 09.08.2019, ab 20.15 Uhr (Sky) und ab 18.30 Uhr (Sport1) KFC Uerdingen &#8211; Borussia Dortmund (20.45 Uhr) [&hellip;]<\/p>\n","protected":false},"author":3,"featured_media":0,"comment_status":"open","ping_status":"open","sticky":false,"template":"","format":"standard","meta":{"footnotes":""},"categories":[504],"tags":[19,73,56,13,65,82,97,78,99,89,61,104,92,90,72,74,103,69,86,93,91,75,79,80,70,67,95,71,101,88,83,94,23,84,45,76,98,22,81,66,52,68,28,96,102,77,85,24,87],"class_list":["post-133","post","type-post","status-publish","format-standard","hentry","category-dfb-pokal-co","tag-ard","tag-britta-hofmann","tag-chinese-super-league","tag-dazn","tag-dfb-pokal","tag-erik-meijer","tag-esther-sedlaczek","tag-extraklasa","tag-florian-nass","tag-florian-schmidt-sommerfeld","tag-frank-buschmann","tag-hannes-herrmann","tag-heiko-mallwitz","tag-holger-pfandt","tag-jaron-steiner","tag-jochen-stutzky","tag-jogi-hebel","tag-jonas-friedrich","tag-juergen-schmitz","tag-kai-dittmann","tag-karsten-petrzika","tag-laura-papendick","tag-liga-nos","tag-ligue1","tag-marcel-meinert","tag-markus-hoehner","tag-martin-gross","tag-martin-weinberger","tag-matthias-opdenhoevel","tag-michael-leopold","tag-mladen-petric","tag-patrick-wasserziehr","tag-premier-league","tag-rene-adler","tag-roland-evers","tag-ruth-hofmann","tag-sebastian-hellmann","tag-sky","tag-sky-bet-championship","tag-sport1","tag-sportdigital","tag-stefan-effenberg","tag-stefan-hempel","tag-sven-haist","tag-sven-toellner","tag-thomas-berthold","tag-tom-bayer","tag-toni-tomic","tag-torsten-kunde"],"_links":{"self":[{"href":"https:\/\/kommentatorenblog.de\/index.php?rest_route=\/wp\/v2\/posts\/133","targetHints":{"allow":["GET"]}}],"collection":[{"href":"https:\/\/kommentatorenblog.de\/index.php?rest_route=\/wp\/v2\/posts"}],"about":[{"href":"https:\/\/kommentatorenblog.de\/index.php?rest_route=\/wp\/v2\/types\/post"}],"author":[{"embeddable":true,"href":"https:\/\/kommentatorenblog.de\/index.php?rest_route=\/wp\/v2\/users\/3"}],"replies":[{"embeddable":true,"href":"https:\/\/kommentatorenblog.de\/index.php?rest_route=%2Fwp%2Fv2%2Fcomments&post=133"}],"version-history":[{"count":28,"href":"https:\/\/kommentatorenblog.de\/index.php?rest_route=\/wp\/v2\/posts\/133\/revisions"}],"predecessor-version":[{"id":163,"href":"https:\/\/kommentatorenblog.de\/index.php?rest_route=\/wp\/v2\/posts\/133\/revisions\/163"}],"wp:attachment":[{"href":"https:\/\/kommentatorenblog.de\/index.php?rest_route=%2Fwp%2Fv2%2Fmedia&parent=133"}],"wp:term":[{"taxonomy":"category","embeddable":true,"href":"https:\/\/kommentatorenblog.de\/index.php?rest_route=%2Fwp%2Fv2%2Fcategories&post=133"},{"taxonomy":"post_tag","embeddable":true,"href":"https:\/\/kommentatorenblog.de\/index.php?rest_route=%2Fwp%2Fv2%2Ftags&post=133"}],"curies":[{"name":"wp","href":"https:\/\/api.w.org\/{rel}","templated":true}]}}