{"id":13310,"date":"2022-07-18T19:56:56","date_gmt":"2022-07-18T17:56:56","guid":{"rendered":"https:\/\/kommentatorenblog.de\/?p=13310"},"modified":"2022-07-20T14:49:01","modified_gmt":"2022-07-20T12:49:01","slug":"1267-ab-in-die-knockouts","status":"publish","type":"post","link":"https:\/\/kommentatorenblog.de\/?p=13310","title":{"rendered":"1267 &#8211; Ab in die Knockouts"},"content":{"rendered":"\n<p>N&#8217;Abend allerseits,<\/p>\n\n\n\n<p>das deutsche Nationalteam hat seine Gruppe C bei der Euro 2022 imposant gemeistert und steht ohne Punktverlust und ohne Gegentor in der n\u00e4chsten Runde. Dort muss die Siegesserie der DFB-Frauen nat\u00fcrlich weitergehen, denn gegen die \u00d6sterreicherinnen steht das erste K.O.-Runden-Spiel an. Auch ansonsten ist der Kreis der Favoritinnen nach der Vorrunde nicht unbedingt kleiner geworden. Freuen wir uns auf die n\u00e4chsten Runde(n) der EM, die ab Mittwoch ansteht\/anstehen!<\/p>\n\n\n\n<p>Deutlich kleiner wird der Favoritenkreis in der Herren-Bundesliga sein, wenn die am ersten Augustwochenende <em>(zu sehen bei Sky Sport Bundesliga, DAZN und Sat.1) <\/em>zur\u00fcckkehrt. Die Saison wird am 05. August vom Gastspiel der Bayern in Frankfurt er\u00f6ffnet. Eine Woche zuvor steht die erste Pokalrunde <em>(zu sehen bei Sky Sport Mix, ARD und ZDF)<\/em> an. Die 2. Bundesliga <em>(zu sehen bei Sky Sport Bundesliga und Sport1) <\/em>l\u00e4uft schon, die 3. Liga <em>(zu sehen bei Magenta Sport und den dritten Programmen) <\/em>startet an diesem Wochenende mit Osnabr\u00fcck-Duisburg.<\/p>\n\n\n\n<p>Werfen wir noch einen kurzen Blick auf die R\u00fcckkehr-Termine der anderen europ\u00e4ischen Topligen: Auch die Premier League <em>(zu sehen bei Sky Sport Premier League)<\/em> geht zeitgleich mit der Bundesliga am ersten Augustwochenende mit dem Freitags-Auftaktspiel Crystal Palace-Arsenal zur\u00fcck in die Spur. Der fr\u00fche Saisonstart liegt nat\u00fcrlich auch hier an der anstehenden langen Unterbrechung wegen der Winter-WM. Der EFL Cup <em>(zu sehen bei DAZN) <\/em>hat seine erste Runde in der folgenden Augustwoche, der FA Cup startet traditionell sp\u00e4ter. Die EFL Championship <em>(zu sehen bei Sportdigital)<\/em> geht schon am Freitag in die Spielzeit.<\/p>\n\n\n\n<p>La Liga <em>(zu sehen bei DAZN) <\/em>startet am 12. August mit Osasuna-Sevilla in die neue Saison, der Copa del Rey <em>(zu sehen bei DAZN) <\/em>dagegen erst im Winter. Am gleichen Wochenende wie Spanien geht&#8217;s auch in der Liga des Herren-Europameisters wieder los: Meister Milan er\u00f6ffnet am Samstag, 13. August gegen Udinese den Spielbetrieb der Serie A <em>(zu sehen bei DAZN). <\/em>Im italienischen Pokal steht n\u00e4chstes Wochenende die Vorrunde an, ab 05. August folgt die 1. Hauptrunde.<br>An diesem Datum startet auch die Liga des amtierenden Weltmeisters: Das Er\u00f6ffnungsspiel der Ligue 1 <em>(zu sehen bei DAZN) <\/em>wird Lyon-Ajaccio sein. Ebenfalls am 05. August geht&#8217;s in der niederl\u00e4ndischen Eredivisie <em>(zu sehen bei Sportdigital) <\/em>mit Heerenveen-Sparta los. Auch Portugals Primeira Liga <em>(zu sehen bei Sportdigital)<\/em> tr\u00e4gt Spieltag 1 am ersten Augustwochenende aus.<br>\u00d6sterreich startet dagegen schon an diesem Freitag in die neue Bundesliga-Saison <em>(zu sehen bei Sky Sport Austria)<\/em>, wenn Meister Salzburg die Austria aus Wien empf\u00e4ngt. <\/p>\n\n\n\n<p>Nun zur\u00fcck zu dem, was die Tage davor ansteht:<\/p>\n\n\n\n<h4 class=\"wp-block-heading\">Die Ansetzungen vom 19. Juli 2022 bis 21. Juli 2022:<\/h4>\n\n\n\n<hr class=\"wp-block-separator is-style-default\"\/>\n\n\n\n<p><strong>UEFA Frauen-EM 2022, Viertelfinale (ARD\/ZDF\/DAZN)<\/strong><\/p>\n\n\n\n<p><span style=\"text-decoration: underline;\">Mittwoch, 20. Juli 2022, <span style=\"text-decoration: underline;\">ab 20.15 Uhr (ZDF), ab 20.40 Uhr (DAZN)<\/span><\/span><\/p>\n\n\n\n<p><strong style=\"font-style: italic;\">England <strong><em><span><b style=\"font-style: italic;\">\u2013<\/b><\/span><\/em><\/strong><\/strong> <em><strong>Spanien (21.00 Uhr)<\/strong><\/em> <br><img loading=\"lazy\" decoding=\"async\" width=\"10\" height=\"21\" class=\"wp-image-3656\" style=\"width: 10px;\" src=\"http:\/\/kommentatorenblog.de\/wp-content\/uploads\/2020\/09\/shure-55sh-ii-e1601485394796.jpg\" alt=\"\" srcset=\"https:\/\/kommentatorenblog.de\/wp-content\/uploads\/2020\/09\/shure-55sh-ii-e1601485394796.jpg 415w, https:\/\/kommentatorenblog.de\/wp-content\/uploads\/2020\/09\/shure-55sh-ii-e1601485394796-142x300.jpg 142w\" sizes=\"auto, (max-width: 10px) 100vw, 10px\" \/> ZDF: Claudia Neumann<br><img loading=\"lazy\" decoding=\"async\" width=\"10\" height=\"21\" class=\"wp-image-3656\" style=\"width: 10px;\" src=\"http:\/\/kommentatorenblog.de\/wp-content\/uploads\/2020\/09\/shure-55sh-ii-e1601485394796.jpg\" alt=\"\" srcset=\"https:\/\/kommentatorenblog.de\/wp-content\/uploads\/2020\/09\/shure-55sh-ii-e1601485394796.jpg 415w, https:\/\/kommentatorenblog.de\/wp-content\/uploads\/2020\/09\/shure-55sh-ii-e1601485394796-142x300.jpg 142w\" sizes=\"auto, (max-width: 10px) 100vw, 10px\" \/> DAZN: Christoph Fetzer, Expertin: Verena Schweers<br>Moderation (ZDF): Sven Voss, Expertin: Kathrin Lehmann<\/p>\n\n\n\n<p><span style=\"text-decoration: underline;\">Donnerstag, 21. Juli 2022, <span style=\"text-decoration: underline;\">ab 20.15 Uhr (ARD), ab 20.40 Uhr (DAZN)<\/span><\/span><\/p>\n\n\n\n<p><strong style=\"font-style: italic;\">Deutschland <strong><em><span><b style=\"font-style: italic;\">\u2013<\/b><\/span><\/em><\/strong><\/strong> <em><strong>\u00d6sterreich (21.00 Uhr)<\/strong><\/em> <br><img loading=\"lazy\" decoding=\"async\" width=\"10\" height=\"21\" class=\"wp-image-3656\" style=\"width: 10px;\" src=\"http:\/\/kommentatorenblog.de\/wp-content\/uploads\/2020\/09\/shure-55sh-ii-e1601485394796.jpg\" alt=\"\" srcset=\"https:\/\/kommentatorenblog.de\/wp-content\/uploads\/2020\/09\/shure-55sh-ii-e1601485394796.jpg 415w, https:\/\/kommentatorenblog.de\/wp-content\/uploads\/2020\/09\/shure-55sh-ii-e1601485394796-142x300.jpg 142w\" sizes=\"auto, (max-width: 10px) 100vw, 10px\" \/> ARD: Christina Graf<br><img loading=\"lazy\" decoding=\"async\" width=\"10\" height=\"21\" class=\"wp-image-3656\" style=\"width: 10px;\" src=\"http:\/\/kommentatorenblog.de\/wp-content\/uploads\/2020\/09\/shure-55sh-ii-e1601485394796.jpg\" alt=\"\" srcset=\"https:\/\/kommentatorenblog.de\/wp-content\/uploads\/2020\/09\/shure-55sh-ii-e1601485394796.jpg 415w, https:\/\/kommentatorenblog.de\/wp-content\/uploads\/2020\/09\/shure-55sh-ii-e1601485394796-142x300.jpg 142w\" sizes=\"auto, (max-width: 10px) 100vw, 10px\" \/> DAZN: Jan Platte, Expertin: Verena Schweers<br>Moderation (ARD): Claus Lufen, Expertin: Nia K\u00fcnzer<\/p>\n\n\n\n<p><span style=\"text-decoration: underline;\">Freitag, 22. Juli 2022, <span style=\"text-decoration: underline;\">ab 20.15 Uhr (ARD), ab 20.40 Uhr (DAZN)<\/span><\/span><\/p>\n\n\n\n<p><strong style=\"font-style: italic;\">Schweden <strong><em><span><b style=\"font-style: italic;\">\u2013<\/b><\/span><\/em><\/strong><\/strong> <em><strong>Belgien (21.00 Uhr)<\/strong><\/em> <br><img loading=\"lazy\" decoding=\"async\" width=\"10\" height=\"21\" class=\"wp-image-3656\" style=\"width: 10px;\" src=\"http:\/\/kommentatorenblog.de\/wp-content\/uploads\/2020\/09\/shure-55sh-ii-e1601485394796.jpg\" alt=\"\" srcset=\"https:\/\/kommentatorenblog.de\/wp-content\/uploads\/2020\/09\/shure-55sh-ii-e1601485394796.jpg 415w, https:\/\/kommentatorenblog.de\/wp-content\/uploads\/2020\/09\/shure-55sh-ii-e1601485394796-142x300.jpg 142w\" sizes=\"auto, (max-width: 10px) 100vw, 10px\" \/> ARD: Bernd Schmelzer<br><img loading=\"lazy\" decoding=\"async\" width=\"10\" height=\"21\" class=\"wp-image-3656\" style=\"width: 10px;\" src=\"http:\/\/kommentatorenblog.de\/wp-content\/uploads\/2020\/09\/shure-55sh-ii-e1601485394796.jpg\" alt=\"\" srcset=\"https:\/\/kommentatorenblog.de\/wp-content\/uploads\/2020\/09\/shure-55sh-ii-e1601485394796.jpg 415w, https:\/\/kommentatorenblog.de\/wp-content\/uploads\/2020\/09\/shure-55sh-ii-e1601485394796-142x300.jpg 142w\" sizes=\"auto, (max-width: 10px) 100vw, 10px\" \/> DAZN: Flo Hauser<br>Moderation (ARD): Claus Lufen, Expertin: Nia K\u00fcnzer<\/p>\n\n\n\n<p><span style=\"text-decoration: underline;\">Samstag, 23. Juli 2022, <span style=\"text-decoration: underline;\">ab 20.15 Uhr (ZDF), ab 20.40 Uhr (DAZN)<\/span><\/span><\/p>\n\n\n\n<p><strong style=\"font-style: italic;\">Frankreich <strong><em><span><b style=\"font-style: italic;\">\u2013<\/b><\/span><\/em><\/strong><\/strong> <em><strong>Niederlande (21.00 Uhr)<\/strong><\/em> <br><img loading=\"lazy\" decoding=\"async\" width=\"10\" height=\"21\" class=\"wp-image-3656\" style=\"width: 10px;\" src=\"http:\/\/kommentatorenblog.de\/wp-content\/uploads\/2020\/09\/shure-55sh-ii-e1601485394796.jpg\" alt=\"\" srcset=\"https:\/\/kommentatorenblog.de\/wp-content\/uploads\/2020\/09\/shure-55sh-ii-e1601485394796.jpg 415w, https:\/\/kommentatorenblog.de\/wp-content\/uploads\/2020\/09\/shure-55sh-ii-e1601485394796-142x300.jpg 142w\" sizes=\"auto, (max-width: 10px) 100vw, 10px\" \/> ZDF: Martin Schneider<br><img loading=\"lazy\" decoding=\"async\" width=\"10\" height=\"21\" class=\"wp-image-3656\" style=\"width: 10px;\" src=\"http:\/\/kommentatorenblog.de\/wp-content\/uploads\/2020\/09\/shure-55sh-ii-e1601485394796.jpg\" alt=\"\" srcset=\"https:\/\/kommentatorenblog.de\/wp-content\/uploads\/2020\/09\/shure-55sh-ii-e1601485394796.jpg 415w, https:\/\/kommentatorenblog.de\/wp-content\/uploads\/2020\/09\/shure-55sh-ii-e1601485394796-142x300.jpg 142w\" sizes=\"auto, (max-width: 10px) 100vw, 10px\" \/> DAZN: Marcel Seufert<br>Moderation (ZDF): Sven Voss, Expertin: Kathrin Lehmann<\/p>\n\n\n\n<hr class=\"wp-block-separator is-style-default\"\/>\n\n\n\n<h4 class=\"wp-block-heading\"><strong>Die Analyse<\/strong><\/h4>\n\n\n\n<p>Den Auftritt des deutschen Teams bei der Euro kommentiert diesmal Christina Graf aus Brentford, nachdem ihr ARD-Kollege Bernd Schmelzer den ersten DFB-Auftritt im Ersten \u00fcbernommen hatte. Bei den beiden anderen bisherigen Deutschland-Spielen war ja Claudia Neumann f\u00fcrs ZDF im Einsatz. Neumann wird in dieser Runde vom Spiel zwischen den oft als Mitfavoritinnen genannten Spanierinnen und den Gastgeberinnen berichten.<br>Das zweite Viertelfinal-Spiel im Zweiten \u00fcbernimmt Martin Schneider. Norbert Galeske ist weiterhin nicht zur\u00fcck. Bleibt das vierte Spiel der ersten K.O.-Runde f\u00fcr Bernd Schmelzer, das die Schwedinnen gegen Belgien am Freitag in Leigh bestreiten werden.<\/p>\n\n\n\n<p>Die Moderations- und Expertinnen-Teams in den \u00d6ffentlich-Rechtlichen bleiben unver\u00e4ndert. Voss\/Lehmann \u00fcbernehmen am Mittwoch und Samstag, Lufen\/K\u00fcnzer Donnerstag und Freitag.<\/p>\n\n\n\n<p>Im Halbfinale hat \u00fcbrigens das ZDF wieder das Erstwahlrecht und w\u00fcrde im Falle eines Weiterkommens des Frauen-Nationalteams nat\u00fcrlich die Partie Deutschland gegen Frankreich oder die Niederlande am kommenden Mittwoch aus Milton Keynes w\u00e4hlen.<\/p>\n\n\n\n<p><strong>Gewohnte Stimmen bei DAZN<\/strong><\/p>\n\n\n\n<p>Diese Auswahl der Spiele bleibt DAZN bekanntlich erspart; der Streamingdienst zeigt alle Spiele der Europameisterschaft. Beim Spiel der deutschen Elf ist dabei erneut Jan Platte im Einsatz, hat dieses Mal anstelle von Navina Omilade die 47-malige Nationalspielerin Verena Schweers als Co-Kommentatorin und Expertin an seiner Seite. Omilade schrieb gestern auch bei Instagram: &#8222;Es war mir eine gro\u00dfe Freude, die Gruppenspiele unserer deutschen Mannschaft als Co-Kommentatorin @dazn_de begleiten zu d\u00fcrfen.&#8220;<\/p>\n\n\n\n<p>Das restlichen drei Spiele \u00fcbernehmen mit Christoph Fetzer, Flo Hauser und Marcel Seufert bisher schon h\u00e4ufiger in dieser EM eingesetzte Kommentatoren.<\/p>\n\n\n\n<p>Ansonsten stehen in dieser Woche der Saisonvorbereitung noch etliche Testspiele auf dem Programm, die von verschiedensten Sendern gezeigt werden. Seht es mir nach, dass ich diese nicht im Beitrag aufliste. Das hat nichts mit fehlender Zeit zu tun (die h\u00e4tte ich wegen Corona-Quarant\u00e4ne aktuell auch genug), sondern mit der Bedeutung dieser Spiele &#8211; zumal die Matches\/Cups nicht selten Sponsorenveranstaltungen sind und die Spieler dann mit irgendwelchen umgebundenen Kameras \u00fcbers Feld laufen.<br>Sobald im deutschen Sportfernsehen die \u00dcbertragungen in- und ausl\u00e4ndischer Fu\u00dfballwettbewerbe ansteht, finden diese nat\u00fcrlich wieder Einzug in die Auflistungen der Ansetzungen. <\/p>\n\n\n\n<p>Habt eine sch\u00f6ne Woche!<\/p>\n","protected":false},"excerpt":{"rendered":"<p>N&#8217;Abend allerseits, das deutsche Nationalteam hat seine Gruppe C bei der Euro 2022 imposant gemeistert und steht ohne Punktverlust und ohne Gegentor in der n\u00e4chsten Runde. Dort muss die Siegesserie der DFB-Frauen nat\u00fcrlich weitergehen, denn gegen die \u00d6sterreicherinnen steht das erste K.O.-Runden-Spiel an. Auch ansonsten ist der Kreis der Favoritinnen nach der Vorrunde nicht unbedingt [&hellip;]<\/p>\n","protected":false},"author":12,"featured_media":0,"comment_status":"open","ping_status":"open","sticky":false,"template":"","format":"standard","meta":{"footnotes":""},"categories":[426],"tags":[19,582,615,302,36,636,13,132,48,737,276,38,637,710,740,37],"class_list":["post-13310","post","type-post","status-publish","format-standard","hentry","category-laenderspiele","tag-ard","tag-bernd-schmelzer","tag-christina-graf","tag-christoph-fetzer","tag-claudia-neumann","tag-claus-lufen","tag-dazn","tag-flo-hauser","tag-jan-platte","tag-kathrin-lehmann","tag-marcel-seufert","tag-martin-schneider","tag-nia-kuenzer","tag-sven-voss","tag-verena-schweers","tag-zdf"],"_links":{"self":[{"href":"https:\/\/kommentatorenblog.de\/index.php?rest_route=\/wp\/v2\/posts\/13310","targetHints":{"allow":["GET"]}}],"collection":[{"href":"https:\/\/kommentatorenblog.de\/index.php?rest_route=\/wp\/v2\/posts"}],"about":[{"href":"https:\/\/kommentatorenblog.de\/index.php?rest_route=\/wp\/v2\/types\/post"}],"author":[{"embeddable":true,"href":"https:\/\/kommentatorenblog.de\/index.php?rest_route=\/wp\/v2\/users\/12"}],"replies":[{"embeddable":true,"href":"https:\/\/kommentatorenblog.de\/index.php?rest_route=%2Fwp%2Fv2%2Fcomments&post=13310"}],"version-history":[{"count":10,"href":"https:\/\/kommentatorenblog.de\/index.php?rest_route=\/wp\/v2\/posts\/13310\/revisions"}],"predecessor-version":[{"id":13365,"href":"https:\/\/kommentatorenblog.de\/index.php?rest_route=\/wp\/v2\/posts\/13310\/revisions\/13365"}],"wp:attachment":[{"href":"https:\/\/kommentatorenblog.de\/index.php?rest_route=%2Fwp%2Fv2%2Fmedia&parent=13310"}],"wp:term":[{"taxonomy":"category","embeddable":true,"href":"https:\/\/kommentatorenblog.de\/index.php?rest_route=%2Fwp%2Fv2%2Fcategories&post=13310"},{"taxonomy":"post_tag","embeddable":true,"href":"https:\/\/kommentatorenblog.de\/index.php?rest_route=%2Fwp%2Fv2%2Ftags&post=13310"}],"curies":[{"name":"wp","href":"https:\/\/api.w.org\/{rel}","templated":true}]}}