{"id":13370,"date":"2022-07-21T16:03:18","date_gmt":"2022-07-21T14:03:18","guid":{"rendered":"http:\/\/kommentatorenblog.de\/?p=13370"},"modified":"2023-02-24T16:33:51","modified_gmt":"2023-02-24T14:33:51","slug":"1268-noch-mehr-ligafussball","status":"publish","type":"post","link":"https:\/\/kommentatorenblog.de\/?p=13370","title":{"rendered":"1268\u2013 Noch mehr Ligafu\u00dfball"},"content":{"rendered":"<p>N&#8217;Abend Allerseits!<\/p>\n<p>\u00a0<\/p>\n<p>An diesem Wochenende beginnt die Saison auch in Liga 3. Magenta und die ARD sind wie gewohnt wieder mit am Ball. Letztere sogar zur Feier des ersten Spieltages mit einer Partie im Hauptprogramm.\u00a0<\/p>\n<p>Ich m\u00f6chte den Ligastart zum Anlass nehmen, etwas ausf\u00fchrlicher auf den Wettbewerb zu schauen.\u00a0<\/p>\n<p>Zun\u00e4chst die \u00dcbertragungen:\u00a0<\/p>\n<p>Die ARD zeigt ausgew\u00e4hlte Spiele in ihren dritten Programmen und im Livestream, dabei kommt es schon mal vor, dass auch ein Spiel auf zwei Sendern l\u00e4uft, mit jeweils regionalem Kommentar. Das war hier auch schon mal Thema im Blog, ich halte das f\u00fcr diesen Wettbewerb auch f\u00fcr sinnvoll.<\/p>\n<p>Die \u00dcbertragungen von Magenta sind meiner Meinung nach Erstklassik. Es gibt zu jedem Spiel einen eigenen Vorlauf, Kommentator und ModeratorInnen sind im Stadion, wichtige Statements werden vor und nach dem Spiel eingefangen, die Qualit\u00e4t des Streams stimmt!\u00a0<\/p>\n<p>Die Konferenz ist durch die zwei Kommentatoren bzw. seit Kurzem durch Kommentator und Experten, recht gut gemacht, kein Vergleich zur GoalZone aus Euro League Zeiten bei DAZN, wie ich finde.\u00a0<\/p>\n<p>Alles in allem bekommt man hier f\u00fcr sein Geld wirklich eine Top Qualit\u00e4t geboten (nat\u00fcrlich subjektive Meinung, ich kriege keine Provision von Magenta :-),). Aber ich finde, wenn etwas gut gemacht ist, kann man das auch mal loben, genau so, wie wir auch nicht so gute Entwicklungen immer wieder mal kritisieren.<\/p>\n<p>\u00a0<\/p>\n<p>Zur\u00fcck zur Liga:\u00a0<\/p>\n<p>Sie Startet also am 22. Juli 2022 und Endet mit dem 38. Spieltag am 27. Mai 2023.<\/p>\n<p>Mitte November pausiert die Liga, mitte Januar wird sie fortgesetzt. Die WM bringt auch hier den Spielplan durcheinander.<\/p>\n<p>Wer ist neu Dabei?<\/p>\n<p>Aus der Regionalliga West der Traditionsverein RW Essen, aus dem Norden Oldenburg, die sich in der Relegation gegen den BFC Dynamo durchgesetzt haben. Au\u00dferdem die SV Elversberg 07 aus der Regionalliga S\u00fcdwest und die SpVgg. Bayreuth aus Bayern. Dazu gesellen sich naturgem\u00e4\u00df die Absteiger der 2. Liga Dresden, Aue und Ingolstadt.\u00a0<\/p>\n<p>\u00a0<\/p>\n<p>Wer ist Favorit?\u00a0<\/p>\n<p>Eben jene Absteiger, die alles f\u00fcr den direkten Wiederaufstieg tun werden. Au\u00dferdem ist 1860 immer ein Anw\u00e4rter auf einen Spitzenplatz. Der Kicker handelt auch noch die Saarbr\u00fccker und Waldhof Mannheim. Aber \u00e4hnlich wie in Liga 2 h\u00e4lt auch Liga 3 immer wieder \u00dcberraschungen bereit und ist oft wahnsinnig eng. Der FCK zum Beispiel hat sich in zwei Jahren vom Abstiegskandidaten zum Aufsteiger gemausert, Verl als Neuling eine sehr gute Saison gespielt und der MSV unerwartet schlecht abgeschnitten&#8230; Also auch in diesem Jahr alles drin denke ich!\u00a0<\/p>\n<p>\u00a0<\/p>\n<p>Euch jedenfalls viel Spa\u00df an diesem Fu\u00dfballwochenende, bei dem nicht nur Liga 3 ansteht. Sport1 hat am Samstag einige Testspiele im Programm, leider ohne Ansetzungen, die Viertelfinals sind in vollem Gange und international geht es auch langsam wieder los.\u00a0<\/p>\n<p>Die Konferenzkommentatoren in Liga 2 habe ich Stand jetzt noch nicht, werden aber entweder von mir oder von euch nachgereicht!\u00a0<\/p>\n\n\n<p><em><strong>Die Ansetzungen vom 22. Juli bis 25. Juli 2022<\/strong><\/em><\/p>\n\n\n\n<hr class=\"wp-block-separator\"\/>\n\n\n\n<p><strong>2. Bundesliga (2. Spieltag)<\/strong><\/p>\n\n\n\n<p><span style=\"text-decoration: underline;\">Freitag, 22. Juli 2022 ab 18.00 Uhr (Sky)<\/span><\/p>\n\n\n\n<p><em><strong>Konferenz:<\/strong><\/em> <img loading=\"lazy\" decoding=\"async\" width=\"10\" height=\"21\" class=\"wp-image-3656\" style=\"width: 10px;\" src=\"http:\/\/kommentatorenblog.de\/wp-content\/uploads\/2020\/09\/shure-55sh-ii-e1601485394796.jpg\" alt=\"\" srcset=\"https:\/\/kommentatorenblog.de\/wp-content\/uploads\/2020\/09\/shure-55sh-ii-e1601485394796.jpg 415w, https:\/\/kommentatorenblog.de\/wp-content\/uploads\/2020\/09\/shure-55sh-ii-e1601485394796-142x300.jpg 142w\" sizes=\"auto, (max-width: 10px) 100vw, 10px\" \/> Klaus Veltman (F95-SCP)<\/p>\n\n\n\n<p><em><strong>Fortuna D\u00fcsseldorf \u2013 SC Paderborn 07 (18.30 Uhr)<\/strong><\/em><\/p>\n\n\n\n<p><img loading=\"lazy\" decoding=\"async\" width=\"10\" height=\"21\" class=\"wp-image-3656\" style=\"width: 10px;\" src=\"http:\/\/kommentatorenblog.de\/wp-content\/uploads\/2020\/09\/shure-55sh-ii-e1601485394796.jpg\" alt=\"\" srcset=\"https:\/\/kommentatorenblog.de\/wp-content\/uploads\/2020\/09\/shure-55sh-ii-e1601485394796.jpg 415w, https:\/\/kommentatorenblog.de\/wp-content\/uploads\/2020\/09\/shure-55sh-ii-e1601485394796-142x300.jpg 142w\" sizes=\"auto, (max-width: 10px) 100vw, 10px\" \/> Joachim Hebel <\/p>\n\n\n\n<p><strong><em>SV Darmstadt 98 \u2013 SV Sandhausen (18.30 Uhr)<\/em><\/strong><\/p>\n\n\n\n<p><img loading=\"lazy\" decoding=\"async\" width=\"10\" height=\"21\" class=\"wp-image-3656\" style=\"width: 10px;\" src=\"http:\/\/kommentatorenblog.de\/wp-content\/uploads\/2020\/09\/shure-55sh-ii-e1601485394796.jpg\" alt=\"\" srcset=\"https:\/\/kommentatorenblog.de\/wp-content\/uploads\/2020\/09\/shure-55sh-ii-e1601485394796.jpg 415w, https:\/\/kommentatorenblog.de\/wp-content\/uploads\/2020\/09\/shure-55sh-ii-e1601485394796-142x300.jpg 142w\" sizes=\"auto, (max-width: 10px) 100vw, 10px\" \/> Sven Schr\u00f6ter<\/p>\n\n\n\n<p>Moderation: Nele Schenker<\/p>\n\n\n\n<hr class=\"wp-block-separator\"\/>\n\n\n\n<p> <\/p>\n\n\n\n<p><span style=\"text-decoration: underline;\">Samstag, 23. Juli 2022 ab 12.30 Uhr (Sky)<\/span><\/p>\n\n\n\n<p><em><strong>Konferenz: <\/strong><\/em><img loading=\"lazy\" decoding=\"async\" width=\"10\" height=\"21\" class=\"wp-image-3656\" style=\"width: 10px;\" src=\"http:\/\/kommentatorenblog.de\/wp-content\/uploads\/2020\/09\/shure-55sh-ii-e1601485394796.jpg\" alt=\"\" srcset=\"https:\/\/kommentatorenblog.de\/wp-content\/uploads\/2020\/09\/shure-55sh-ii-e1601485394796.jpg 415w, https:\/\/kommentatorenblog.de\/wp-content\/uploads\/2020\/09\/shure-55sh-ii-e1601485394796-142x300.jpg 142w\" sizes=\"auto, (max-width: 10px) 100vw, 10px\" \/> Torsten Kunde (FCN-F\u00fcrth)<\/p>\n\n\n\n<p><strong><em>1. FC N\u00fcrnberg \u2013 Spielvereinigung Greuther F\u00fcrth (13.00 Uhr)<\/em><\/strong><\/p>\n\n\n\n<p><img loading=\"lazy\" decoding=\"async\" width=\"10\" height=\"21\" class=\"wp-image-3656\" style=\"width: 10px;\" src=\"http:\/\/kommentatorenblog.de\/wp-content\/uploads\/2020\/09\/shure-55sh-ii-e1601485394796.jpg\" alt=\"\" srcset=\"https:\/\/kommentatorenblog.de\/wp-content\/uploads\/2020\/09\/shure-55sh-ii-e1601485394796.jpg 415w, https:\/\/kommentatorenblog.de\/wp-content\/uploads\/2020\/09\/shure-55sh-ii-e1601485394796-142x300.jpg 142w\" sizes=\"auto, (max-width: 10px) 100vw, 10px\" \/> Klaus Veltman<\/p>\n\n\n\n<p>Field-Reporter: Karsten Petrzika <\/p>\n\n\n\n<p><em><strong>Holstein Kiel \u2013 1. FC Kaiserslautern (13.00 Uhr)<\/strong><\/em><\/p>\n\n\n\n<p><img loading=\"lazy\" decoding=\"async\" width=\"10\" height=\"21\" class=\"wp-image-3656\" style=\"width: 10px;\" src=\"http:\/\/kommentatorenblog.de\/wp-content\/uploads\/2020\/09\/shure-55sh-ii-e1601485394796.jpg\" alt=\"\" srcset=\"https:\/\/kommentatorenblog.de\/wp-content\/uploads\/2020\/09\/shure-55sh-ii-e1601485394796.jpg 415w, https:\/\/kommentatorenblog.de\/wp-content\/uploads\/2020\/09\/shure-55sh-ii-e1601485394796-142x300.jpg 142w\" sizes=\"auto, (max-width: 10px) 100vw, 10px\" \/> Hansi K\u00fcpper<\/p>\n\n\n\n<p>Field-Reporter: Yannick Erkenbrecher <\/p>\n\n\n\n<p><em><strong>1. FC Heidenheim \u2013 Eintracht Braunschweig (13.00 Uhr)<\/strong><\/em><\/p>\n\n\n\n<p><img loading=\"lazy\" decoding=\"async\" width=\"10\" height=\"21\" class=\"wp-image-3656\" style=\"width: 10px;\" src=\"http:\/\/kommentatorenblog.de\/wp-content\/uploads\/2020\/09\/shure-55sh-ii-e1601485394796.jpg\" alt=\"\" srcset=\"https:\/\/kommentatorenblog.de\/wp-content\/uploads\/2020\/09\/shure-55sh-ii-e1601485394796.jpg 415w, https:\/\/kommentatorenblog.de\/wp-content\/uploads\/2020\/09\/shure-55sh-ii-e1601485394796-142x300.jpg 142w\" sizes=\"auto, (max-width: 10px) 100vw, 10px\" \/> Markus Gaupp<\/p>\n\n\n\n<p>Moderation: Katharina Kleinfeldt<\/p>\n\n\n\n<p><span style=\"text-decoration: underline;\">ab 19.30 Uhr (SPORT1) bzw. ab 20.00 Uhr (Sky)<\/span><\/p>\n\n\n\n<p><em><strong>Hannover 96 \u2013 FC St. Pauli (20.30 Uhr)<\/strong><\/em><\/p>\n\n\n\n<p>SPORT1: <img loading=\"lazy\" decoding=\"async\" width=\"10\" height=\"21\" class=\"wp-image-3656\" style=\"width: 10px;\" src=\"http:\/\/kommentatorenblog.de\/wp-content\/uploads\/2020\/09\/shure-55sh-ii-e1601485394796.jpg\" alt=\"\" srcset=\"https:\/\/kommentatorenblog.de\/wp-content\/uploads\/2020\/09\/shure-55sh-ii-e1601485394796.jpg 415w, https:\/\/kommentatorenblog.de\/wp-content\/uploads\/2020\/09\/shure-55sh-ii-e1601485394796-142x300.jpg 142w\" sizes=\"auto, (max-width: 10px) 100vw, 10px\" \/> Markus H\u00f6hner; Experte: Peter Neururer <\/p>\n\n\n\n<p>Field-Reporter: Fabian Greve <\/p>\n\n\n\n<p>Moderation: Ruth Hofman <\/p>\n\n\n\n<p>Sky: <img loading=\"lazy\" decoding=\"async\" width=\"10\" height=\"21\" class=\"wp-image-3656\" style=\"width: 10px;\" src=\"http:\/\/kommentatorenblog.de\/wp-content\/uploads\/2020\/09\/shure-55sh-ii-e1601485394796.jpg\" alt=\"\" srcset=\"https:\/\/kommentatorenblog.de\/wp-content\/uploads\/2020\/09\/shure-55sh-ii-e1601485394796.jpg 415w, https:\/\/kommentatorenblog.de\/wp-content\/uploads\/2020\/09\/shure-55sh-ii-e1601485394796-142x300.jpg 142w\" sizes=\"auto, (max-width: 10px) 100vw, 10px\" \/> Stefan Hempel; Experte: Torsten Mattuschka<\/p>\n\n\n\n<hr class=\"wp-block-separator\"\/>\n\n\n\n<p><span style=\"text-decoration: underline;\">Sonntag, 24. Juli 2022 ab 13.00 Uhr (Sky)<\/span><\/p>\n\n\n\n<p><em><strong>Konferenz: <\/strong><\/em><img loading=\"lazy\" decoding=\"async\" width=\"10\" height=\"21\" class=\"wp-image-3656\" style=\"width: 10px;\" src=\"http:\/\/kommentatorenblog.de\/wp-content\/uploads\/2020\/09\/shure-55sh-ii-e1601485394796.jpg\" alt=\"\" srcset=\"https:\/\/kommentatorenblog.de\/wp-content\/uploads\/2020\/09\/shure-55sh-ii-e1601485394796.jpg 415w, https:\/\/kommentatorenblog.de\/wp-content\/uploads\/2020\/09\/shure-55sh-ii-e1601485394796-142x300.jpg 142w\" sizes=\"auto, (max-width: 10px) 100vw, 10px\" \/> Torsten Kunde (HSV-HRO)<\/p>\n\n\n\n<p><em><strong>Hamburger SV \u2013 FC Hansa Rostock (13.30 Uhr)<\/strong><\/em><\/p>\n\n\n\n<p><img loading=\"lazy\" decoding=\"async\" width=\"10\" height=\"21\" class=\"wp-image-3656\" style=\"width: 10px;\" src=\"http:\/\/kommentatorenblog.de\/wp-content\/uploads\/2020\/09\/shure-55sh-ii-e1601485394796.jpg\" alt=\"\" srcset=\"https:\/\/kommentatorenblog.de\/wp-content\/uploads\/2020\/09\/shure-55sh-ii-e1601485394796.jpg 415w, https:\/\/kommentatorenblog.de\/wp-content\/uploads\/2020\/09\/shure-55sh-ii-e1601485394796-142x300.jpg 142w\" sizes=\"auto, (max-width: 10px) 100vw, 10px\" \/> Klaus Veltman<\/p>\n\n\n\n<p>Field-Reporter: Sven T\u00f6llner<\/p>\n\n\n\n<p><em><strong>DSC Arminia Bielefeld \u2013 SSV Jahn Regensburg (13.30 Uhr)<\/strong><\/em><\/p>\n\n\n\n<p><img loading=\"lazy\" decoding=\"async\" width=\"10\" height=\"21\" class=\"wp-image-3656\" style=\"width: 10px;\" src=\"http:\/\/kommentatorenblog.de\/wp-content\/uploads\/2020\/09\/shure-55sh-ii-e1601485394796.jpg\" alt=\"\" srcset=\"https:\/\/kommentatorenblog.de\/wp-content\/uploads\/2020\/09\/shure-55sh-ii-e1601485394796.jpg 415w, https:\/\/kommentatorenblog.de\/wp-content\/uploads\/2020\/09\/shure-55sh-ii-e1601485394796-142x300.jpg 142w\" sizes=\"auto, (max-width: 10px) 100vw, 10px\" \/> Hansi K\u00fcpper<\/p>\n\n\n\n<p><strong><em>Karlsruher SC \u2013 1. FC Magdeburg (13.30 Uhr)<\/em><\/strong><\/p>\n\n\n\n<p><img loading=\"lazy\" decoding=\"async\" width=\"10\" height=\"21\" class=\"wp-image-3656\" style=\"width: 10px;\" src=\"http:\/\/kommentatorenblog.de\/wp-content\/uploads\/2020\/09\/shure-55sh-ii-e1601485394796.jpg\" alt=\"\" srcset=\"https:\/\/kommentatorenblog.de\/wp-content\/uploads\/2020\/09\/shure-55sh-ii-e1601485394796.jpg 415w, https:\/\/kommentatorenblog.de\/wp-content\/uploads\/2020\/09\/shure-55sh-ii-e1601485394796-142x300.jpg 142w\" sizes=\"auto, (max-width: 10px) 100vw, 10px\" \/> Christian Stra\u00dfburger <\/p>\n\n\n\n<p>Moderation: Hartmut von Kameke<\/p>\n\n\n\n<hr class=\"wp-block-separator\"\/>\n\n\n\n<p><strong>3. Liga (1. Spieltag)<\/strong><\/p>\n\n\n\n<p><span style=\"text-decoration: underline;\">Freitag, 22. Juli 2022 ab 18.30 Uhr (Magenta)<\/span><\/p>\n\n\n\n<p><em><strong>VfL Osnabr\u00fcck \u2013 MSV Duisburg (19.00 Uhr)<\/strong><\/em><\/p>\n\n\n\n<p><img loading=\"lazy\" decoding=\"async\" width=\"10\" height=\"21\" class=\"wp-image-3656\" style=\"width: 10px;\" src=\"http:\/\/kommentatorenblog.de\/wp-content\/uploads\/2020\/09\/shure-55sh-ii-e1601485394796.jpg\" alt=\"\" srcset=\"https:\/\/kommentatorenblog.de\/wp-content\/uploads\/2020\/09\/shure-55sh-ii-e1601485394796.jpg 415w, https:\/\/kommentatorenblog.de\/wp-content\/uploads\/2020\/09\/shure-55sh-ii-e1601485394796-142x300.jpg 142w\" sizes=\"auto, (max-width: 10px) 100vw, 10px\" \/> Christian Stra\u00dfburger <\/p>\n\n\n\n<p>Moderation: Thomas Wagner; Experte: Rudi Bommer<\/p>\n\n\n\n<hr class=\"wp-block-separator\"\/>\n\n\n\n<p><span style=\"text-decoration: underline;\">Samstag, 23. Juli 2022 ab 13.45 Uhr (Magenta\/ARD\/NDR)<\/span><\/p>\n\n\n\n<p><em><strong>SG Dynamo Dresden \u2013 TSV 1860 M\u00fcnchen (14.00 Uhr)<\/strong><\/em><\/p>\n\n\n\n<p>ARD: <img loading=\"lazy\" decoding=\"async\" width=\"10\" height=\"21\" class=\"wp-image-3656\" style=\"width: 10px;\" src=\"http:\/\/kommentatorenblog.de\/wp-content\/uploads\/2020\/09\/shure-55sh-ii-e1601485394796.jpg\" alt=\"\" srcset=\"https:\/\/kommentatorenblog.de\/wp-content\/uploads\/2020\/09\/shure-55sh-ii-e1601485394796.jpg 415w, https:\/\/kommentatorenblog.de\/wp-content\/uploads\/2020\/09\/shure-55sh-ii-e1601485394796-142x300.jpg 142w\" sizes=\"auto, (max-width: 10px) 100vw, 10px\" \/> Eik Galley; Experte: Thomas Broich <\/p>\n\n\n\n<p>Moderation: Esther Sedlaczek <\/p>\n\n\n\n<p>Magenta: <img loading=\"lazy\" decoding=\"async\" width=\"10\" height=\"21\" class=\"wp-image-3656\" style=\"width: 10px;\" src=\"http:\/\/kommentatorenblog.de\/wp-content\/uploads\/2020\/09\/shure-55sh-ii-e1601485394796.jpg\" alt=\"\" srcset=\"https:\/\/kommentatorenblog.de\/wp-content\/uploads\/2020\/09\/shure-55sh-ii-e1601485394796.jpg 415w, https:\/\/kommentatorenblog.de\/wp-content\/uploads\/2020\/09\/shure-55sh-ii-e1601485394796-142x300.jpg 142w\" sizes=\"auto, (max-width: 10px) 100vw, 10px\" \/>Andreas Mann<\/p>\n\n\n\n<p>Moderation: Anett Sattler <\/p>\n\n\n\n<p><em><strong>VfB Oldenburg \u2013 SV Meppen (14.00 Uhr)<\/strong><\/em><\/p>\n\n\n\n<p>NDR: <img loading=\"lazy\" decoding=\"async\" width=\"10\" height=\"21\" class=\"wp-image-3656\" style=\"width: 10px;\" src=\"http:\/\/kommentatorenblog.de\/wp-content\/uploads\/2020\/09\/shure-55sh-ii-e1601485394796.jpg\" alt=\"\" srcset=\"https:\/\/kommentatorenblog.de\/wp-content\/uploads\/2020\/09\/shure-55sh-ii-e1601485394796.jpg 415w, https:\/\/kommentatorenblog.de\/wp-content\/uploads\/2020\/09\/shure-55sh-ii-e1601485394796-142x300.jpg 142w\" sizes=\"auto, (max-width: 10px) 100vw, 10px\" \/> Matthias Cammann; Moderation: Sina Braun<\/p>\n\n\n\n<p>Magenta: <img loading=\"lazy\" decoding=\"async\" width=\"10\" height=\"21\" class=\"wp-image-3656\" style=\"width: 10px;\" src=\"http:\/\/kommentatorenblog.de\/wp-content\/uploads\/2020\/09\/shure-55sh-ii-e1601485394796.jpg\" alt=\"\" srcset=\"https:\/\/kommentatorenblog.de\/wp-content\/uploads\/2020\/09\/shure-55sh-ii-e1601485394796.jpg 415w, https:\/\/kommentatorenblog.de\/wp-content\/uploads\/2020\/09\/shure-55sh-ii-e1601485394796-142x300.jpg 142w\" sizes=\"auto, (max-width: 10px) 100vw, 10px\" \/>Mike M\u00fcnkel; Moderation: Gari Paubandt <\/p>\n\n\n\n<p><em><strong>Konferenz: <\/strong><\/em><\/p>\n\n\n\n<p><img loading=\"lazy\" decoding=\"async\" width=\"10\" height=\"21\" class=\"wp-image-3656\" style=\"width: 10px;\" src=\"http:\/\/kommentatorenblog.de\/wp-content\/uploads\/2020\/09\/shure-55sh-ii-e1601485394796.jpg\" alt=\"\" srcset=\"https:\/\/kommentatorenblog.de\/wp-content\/uploads\/2020\/09\/shure-55sh-ii-e1601485394796.jpg 415w, https:\/\/kommentatorenblog.de\/wp-content\/uploads\/2020\/09\/shure-55sh-ii-e1601485394796-142x300.jpg 142w\" sizes=\"auto, (max-width: 10px) 100vw, 10px\" \/> Sascha Bandermann; Experte: Steven Ruprecht<\/p>\n\n\n\n<p><span style=\"text-decoration: underline;\">ab 14.00 Uhr (Magenta)<\/span><\/p>\n\n\n\n<p><em><strong>1. FC Saarbr\u00fccken \u2013 SC Verl <\/strong><\/em><img loading=\"lazy\" decoding=\"async\" width=\"10\" height=\"21\" class=\"wp-image-3656\" style=\"width: 10px;\" src=\"http:\/\/kommentatorenblog.de\/wp-content\/uploads\/2020\/09\/shure-55sh-ii-e1601485394796.jpg\" alt=\"\" srcset=\"https:\/\/kommentatorenblog.de\/wp-content\/uploads\/2020\/09\/shure-55sh-ii-e1601485394796.jpg 415w, https:\/\/kommentatorenblog.de\/wp-content\/uploads\/2020\/09\/shure-55sh-ii-e1601485394796-142x300.jpg 142w\" sizes=\"auto, (max-width: 10px) 100vw, 10px\" \/><\/p>\n\n\n\n<p><img loading=\"lazy\" decoding=\"async\" width=\"10\" height=\"21\" class=\"wp-image-3656\" style=\"width: 10px;\" src=\"http:\/\/kommentatorenblog.de\/wp-content\/uploads\/2020\/09\/shure-55sh-ii-e1601485394796.jpg\" alt=\"\" srcset=\"https:\/\/kommentatorenblog.de\/wp-content\/uploads\/2020\/09\/shure-55sh-ii-e1601485394796.jpg 415w, https:\/\/kommentatorenblog.de\/wp-content\/uploads\/2020\/09\/shure-55sh-ii-e1601485394796-142x300.jpg 142w\" sizes=\"auto, (max-width: 10px) 100vw, 10px\" \/> Julian Engelhardt <\/p>\n\n\n\n<p>Moderation: Kamila Benschop <\/p>\n\n\n\n<p><em><strong>FC Ingolstadt 04 \u2013 Spielvereinigung Bayreuth <\/strong><\/em><\/p>\n\n\n\n<p><img loading=\"lazy\" decoding=\"async\" width=\"10\" height=\"21\" class=\"wp-image-3656\" style=\"width: 10px;\" src=\"http:\/\/kommentatorenblog.de\/wp-content\/uploads\/2020\/09\/shure-55sh-ii-e1601485394796.jpg\" alt=\"\" srcset=\"https:\/\/kommentatorenblog.de\/wp-content\/uploads\/2020\/09\/shure-55sh-ii-e1601485394796.jpg 415w, https:\/\/kommentatorenblog.de\/wp-content\/uploads\/2020\/09\/shure-55sh-ii-e1601485394796-142x300.jpg 142w\" sizes=\"auto, (max-width: 10px) 100vw, 10px\" \/> Franz B\u00fcchner <\/p>\n\n\n\n<p>Moderation: Alexander K\u00fcpper<\/p>\n\n\n\n<p><em><strong>Rot-Weiss Essen \u2013 SV Elversberg 07 <\/strong><\/em><\/p>\n\n\n\n<p><img loading=\"lazy\" decoding=\"async\" width=\"10\" height=\"21\" class=\"wp-image-3656\" style=\"width: 10px;\" src=\"http:\/\/kommentatorenblog.de\/wp-content\/uploads\/2020\/09\/shure-55sh-ii-e1601485394796.jpg\" alt=\"\" srcset=\"https:\/\/kommentatorenblog.de\/wp-content\/uploads\/2020\/09\/shure-55sh-ii-e1601485394796.jpg 415w, https:\/\/kommentatorenblog.de\/wp-content\/uploads\/2020\/09\/shure-55sh-ii-e1601485394796-142x300.jpg 142w\" sizes=\"auto, (max-width: 10px) 100vw, 10px\" \/> Christian Stra\u00dfburger <\/p>\n\n\n\n<p>Moderation: Cedric Pick <\/p>\n\n\n\n<p><em><strong>SV Waldhof Mannheim \u2013 FC Viktoria K\u00f6ln <\/strong><\/em><\/p>\n\n\n\n<p><img loading=\"lazy\" decoding=\"async\" width=\"10\" height=\"21\" class=\"wp-image-3656\" style=\"width: 10px;\" src=\"http:\/\/kommentatorenblog.de\/wp-content\/uploads\/2020\/09\/shure-55sh-ii-e1601485394796.jpg\" alt=\"\" srcset=\"https:\/\/kommentatorenblog.de\/wp-content\/uploads\/2020\/09\/shure-55sh-ii-e1601485394796.jpg 415w, https:\/\/kommentatorenblog.de\/wp-content\/uploads\/2020\/09\/shure-55sh-ii-e1601485394796-142x300.jpg 142w\" sizes=\"auto, (max-width: 10px) 100vw, 10px\" \/> Philip Konrad <\/p>\n\n\n\n<p>Moderation: Tobi Sch\u00e4fer<\/p>\n\n\n\n<hr class=\"wp-block-separator\"\/>\n\n\n\n<p><span style=\"text-decoration: underline;\">Sonntag, 24. Juli 2022 ab 12.45 Uhr (Magenta)<\/span><\/p>\n\n\n\n<p><em><strong>SC Freiburg II \u2013 FC Erzgebirge Aue (13.00 Uhr)<\/strong><\/em><\/p>\n\n\n\n<p><img loading=\"lazy\" decoding=\"async\" width=\"10\" height=\"21\" class=\"wp-image-3656\" style=\"width: 10px;\" src=\"http:\/\/kommentatorenblog.de\/wp-content\/uploads\/2020\/09\/shure-55sh-ii-e1601485394796.jpg\" alt=\"\" srcset=\"https:\/\/kommentatorenblog.de\/wp-content\/uploads\/2020\/09\/shure-55sh-ii-e1601485394796.jpg 415w, https:\/\/kommentatorenblog.de\/wp-content\/uploads\/2020\/09\/shure-55sh-ii-e1601485394796-142x300.jpg 142w\" sizes=\"auto, (max-width: 10px) 100vw, 10px\" \/> Oskar Heirler <\/p>\n\n\n\n<p>Moderation: Kevin Gerwin <\/p>\n\n\n\n<p><span style=\"text-decoration: underline;\">ab 13.45 Uhr<\/span><\/p>\n\n\n\n<p><em><strong>FSV Zwickau \u2013 Hallescher FC (14.00 Uhr)<\/strong><\/em><\/p>\n\n\n\n<p><img loading=\"lazy\" decoding=\"async\" width=\"10\" height=\"21\" class=\"wp-image-3656\" style=\"width: 10px;\" src=\"http:\/\/kommentatorenblog.de\/wp-content\/uploads\/2020\/09\/shure-55sh-ii-e1601485394796.jpg\" alt=\"\" srcset=\"https:\/\/kommentatorenblog.de\/wp-content\/uploads\/2020\/09\/shure-55sh-ii-e1601485394796.jpg 415w, https:\/\/kommentatorenblog.de\/wp-content\/uploads\/2020\/09\/shure-55sh-ii-e1601485394796-142x300.jpg 142w\" sizes=\"auto, (max-width: 10px) 100vw, 10px\" \/> Markus Herwig <\/p>\n\n\n\n<p>Moderation: Stefanie Blochwitz<\/p>\n\n\n\n<hr class=\"wp-block-separator\"\/>\n\n\n\n<p><span style=\"text-decoration: underline;\">Montag, 25. Juli 2022 ab 18.45 Uhr (Magenta)<\/span><\/p>\n\n\n\n<p><em><strong>SV Wehen Wiesbaden \u2013 Borussia Dortmund II (19.00 Uhr)<\/strong><\/em><\/p>\n\n\n\n<p><img loading=\"lazy\" decoding=\"async\" width=\"10\" height=\"21\" class=\"wp-image-3656\" style=\"width: 10px;\" src=\"http:\/\/kommentatorenblog.de\/wp-content\/uploads\/2020\/09\/shure-55sh-ii-e1601485394796.jpg\" alt=\"\" srcset=\"https:\/\/kommentatorenblog.de\/wp-content\/uploads\/2020\/09\/shure-55sh-ii-e1601485394796.jpg 415w, https:\/\/kommentatorenblog.de\/wp-content\/uploads\/2020\/09\/shure-55sh-ii-e1601485394796-142x300.jpg 142w\" sizes=\"auto, (max-width: 10px) 100vw, 10px\" \/> Markus H\u00f6hner <\/p>\n\n\n\n<p>Moderation: Konstantin Klostermann<\/p>\n\n\n\n<hr class=\"wp-block-separator\"\/>\n\n\n\n<p><strong>Internationaler Fu\u00dfball (SPORTDIGITALFUSSBALL)<\/strong><\/p>\n\n\n\n<hr class=\"wp-block-separator\"\/>\n\n\n\n<p><strong>Ekstraklasa (2. Spieltag)<\/strong><\/p>\n\n\n\n<p><span style=\"text-decoration: underline;\">Samstag, 23. Juli 2022 ab 20.00 Uhr <\/span><\/p>\n\n\n\n<p><em><strong>Legia Warschau \u2013 Zaglebie Lubin <\/strong><\/em><\/p>\n\n\n\n<p><img loading=\"lazy\" decoding=\"async\" width=\"10\" height=\"21\" class=\"wp-image-3656\" style=\"width: 10px;\" src=\"http:\/\/kommentatorenblog.de\/wp-content\/uploads\/2020\/09\/shure-55sh-ii-e1601485394796.jpg\" alt=\"\" srcset=\"https:\/\/kommentatorenblog.de\/wp-content\/uploads\/2020\/09\/shure-55sh-ii-e1601485394796.jpg 415w, https:\/\/kommentatorenblog.de\/wp-content\/uploads\/2020\/09\/shure-55sh-ii-e1601485394796-142x300.jpg 142w\" sizes=\"auto, (max-width: 10px) 100vw, 10px\" \/> Karsten Linke<\/p>\n\n\n\n<hr class=\"wp-block-separator\"\/>\n\n\n\n<p><span style=\"text-decoration: underline;\">Sonntag, 24. Juli 2022 ab 17.30 Uhr <\/span><\/p>\n\n\n\n<p><strong><em>Slask Wroclaw \u2013 Pogon Szczecin <\/em><\/strong><\/p>\n\n\n\n<p><img loading=\"lazy\" decoding=\"async\" width=\"10\" height=\"21\" class=\"wp-image-3656\" style=\"width: 10px;\" src=\"http:\/\/kommentatorenblog.de\/wp-content\/uploads\/2020\/09\/shure-55sh-ii-e1601485394796.jpg\" alt=\"\" srcset=\"https:\/\/kommentatorenblog.de\/wp-content\/uploads\/2020\/09\/shure-55sh-ii-e1601485394796.jpg 415w, https:\/\/kommentatorenblog.de\/wp-content\/uploads\/2020\/09\/shure-55sh-ii-e1601485394796-142x300.jpg 142w\" sizes=\"auto, (max-width: 10px) 100vw, 10px\" \/> Karsten Linke<\/p>\n\n\n\n<hr class=\"wp-block-separator\"\/>\n\n\n\n<p><strong>MLS (22. Spieltag)<\/strong><\/p>\n\n\n\n<p><span style=\"text-decoration: underline;\">Sonntag, 24. Juli 2022 ab 01.08 Uhr <\/span><\/p>\n\n\n\n<p><em><strong>New York City FC \u2013 Inter Miami <\/strong><\/em><\/p>\n\n\n\n<p><img loading=\"lazy\" decoding=\"async\" width=\"10\" height=\"21\" class=\"wp-image-3656\" style=\"width: 10px;\" src=\"http:\/\/kommentatorenblog.de\/wp-content\/uploads\/2020\/09\/shure-55sh-ii-e1601485394796.jpg\" alt=\"\" srcset=\"https:\/\/kommentatorenblog.de\/wp-content\/uploads\/2020\/09\/shure-55sh-ii-e1601485394796.jpg 415w, https:\/\/kommentatorenblog.de\/wp-content\/uploads\/2020\/09\/shure-55sh-ii-e1601485394796-142x300.jpg 142w\" sizes=\"auto, (max-width: 10px) 100vw, 10px\" \/> Henrik Hinrichsen<\/p>\n\n\n\n<hr class=\"wp-block-separator\"\/>\n\n\n\n<p><strong>Liga Profesional (10. Spieltag)<\/strong><\/p>\n\n\n\n<p>Sonntag, 24. Juli 2022 ab 20.30 Uhr<\/p>\n\n\n\n<p><em><strong>CA Aldosivi \u2013 CA River Plate <\/strong><\/em><\/p>\n\n\n\n<p><img loading=\"lazy\" decoding=\"async\" width=\"10\" height=\"21\" class=\"wp-image-3656\" style=\"width: 10px;\" src=\"http:\/\/kommentatorenblog.de\/wp-content\/uploads\/2020\/09\/shure-55sh-ii-e1601485394796.jpg\" alt=\"\" srcset=\"https:\/\/kommentatorenblog.de\/wp-content\/uploads\/2020\/09\/shure-55sh-ii-e1601485394796.jpg 415w, https:\/\/kommentatorenblog.de\/wp-content\/uploads\/2020\/09\/shure-55sh-ii-e1601485394796-142x300.jpg 142w\" sizes=\"auto, (max-width: 10px) 100vw, 10px\" \/> Jonathan Dreier<\/p>\n\n\n\n<hr class=\"wp-block-separator\"\/>\n\n\n\n<p><strong>Campeonato Brasileiro (19. Spieltag) <\/strong><\/p>\n\n\n\n<p><span style=\"text-decoration: underline;\">Sonntag, 24. Juli 2022 ab 23.00 Uhr<\/span><\/p>\n\n\n\n<p><strong><em>Atletico Mineiro \u2013 Corinthians <\/em><\/strong><\/p>\n\n\n\n<p><img loading=\"lazy\" decoding=\"async\" width=\"10\" height=\"21\" class=\"wp-image-3656\" style=\"width: 10px;\" src=\"http:\/\/kommentatorenblog.de\/wp-content\/uploads\/2020\/09\/shure-55sh-ii-e1601485394796.jpg\" alt=\"\" srcset=\"https:\/\/kommentatorenblog.de\/wp-content\/uploads\/2020\/09\/shure-55sh-ii-e1601485394796.jpg 415w, https:\/\/kommentatorenblog.de\/wp-content\/uploads\/2020\/09\/shure-55sh-ii-e1601485394796-142x300.jpg 142w\" sizes=\"auto, (max-width: 10px) 100vw, 10px\" \/> Ulf Kahmke<\/p>\n\n\n\n<hr class=\"wp-block-separator\"\/>\n\n\n\n<p><strong>Admiral)<\/strong><\/p>\n\n\n\n<p><strong> Bundesliga 1. Runde <\/strong>(Sky)<\/p>\n\n\n\n<p><span style=\"text-decoration: underline;\">Freitag, 22. Juli 2022 ab 19.00 Uhr<\/span><\/p>\n\n\n\n<p><em><strong>FC Red Bull Salzburg \u2013 FK Austria Wien (20.30 Uhr)<\/strong><\/em><\/p>\n\n\n\n<p><img loading=\"lazy\" decoding=\"async\" width=\"10\" height=\"21\" class=\"wp-image-3656\" style=\"width: 10px;\" src=\"http:\/\/kommentatorenblog.de\/wp-content\/uploads\/2020\/09\/shure-55sh-ii-e1601485394796.jpg\" alt=\"\" srcset=\"https:\/\/kommentatorenblog.de\/wp-content\/uploads\/2020\/09\/shure-55sh-ii-e1601485394796.jpg 415w, https:\/\/kommentatorenblog.de\/wp-content\/uploads\/2020\/09\/shure-55sh-ii-e1601485394796-142x300.jpg 142w\" sizes=\"auto, (max-width: 10px) 100vw, 10px\" \/> Gerfried Pr\u00f6ll <\/p>\n\n\n\n<p><span style=\"text-decoration: underline;\">Samstag, 23. Juli 2022 ab 16.15 Uhr<\/span><\/p>\n\n\n\n<p><em><strong>LASK \u2013 Austria Klagenfurt (17.00 Uhr)<\/strong><\/em><\/p>\n\n\n\n<p><img loading=\"lazy\" decoding=\"async\" width=\"10\" height=\"21\" class=\"wp-image-3656\" style=\"width: 10px;\" src=\"http:\/\/kommentatorenblog.de\/wp-content\/uploads\/2020\/09\/shure-55sh-ii-e1601485394796.jpg\" alt=\"\" srcset=\"https:\/\/kommentatorenblog.de\/wp-content\/uploads\/2020\/09\/shure-55sh-ii-e1601485394796.jpg 415w, https:\/\/kommentatorenblog.de\/wp-content\/uploads\/2020\/09\/shure-55sh-ii-e1601485394796-142x300.jpg 142w\" sizes=\"auto, (max-width: 10px) 100vw, 10px\" \/> Philipp Paternina <\/p>\n\n\n\n<p><em><strong>Wolfsberger AC \u2013 SK Sturm Graz (19.00 Uhr)<\/strong><\/em><\/p>\n\n\n\n<p><img loading=\"lazy\" decoding=\"async\" width=\"10\" height=\"21\" class=\"wp-image-3656\" style=\"width: 10px;\" src=\"http:\/\/kommentatorenblog.de\/wp-content\/uploads\/2020\/09\/shure-55sh-ii-e1601485394796.jpg\" alt=\"\" srcset=\"https:\/\/kommentatorenblog.de\/wp-content\/uploads\/2020\/09\/shure-55sh-ii-e1601485394796.jpg 415w, https:\/\/kommentatorenblog.de\/wp-content\/uploads\/2020\/09\/shure-55sh-ii-e1601485394796-142x300.jpg 142w\" sizes=\"auto, (max-width: 10px) 100vw, 10px\" \/> David Eder <\/p>\n\n\n\n<p><span style=\"text-decoration: underline;\">Sonntag, 24. Juli 2022 ab 16.00 Uhr <\/span><\/p>\n\n\n\n<p><em><strong>SK Rapid Wien \u2013 SV Ried (17.00 Uhr)<\/strong><\/em><\/p>\n\n\n\n<p><img loading=\"lazy\" decoding=\"async\" width=\"10\" height=\"21\" class=\"wp-image-3656\" style=\"width: 10px;\" src=\"http:\/\/kommentatorenblog.de\/wp-content\/uploads\/2020\/09\/shure-55sh-ii-e1601485394796.jpg\" alt=\"\" srcset=\"https:\/\/kommentatorenblog.de\/wp-content\/uploads\/2020\/09\/shure-55sh-ii-e1601485394796.jpg 415w, https:\/\/kommentatorenblog.de\/wp-content\/uploads\/2020\/09\/shure-55sh-ii-e1601485394796-142x300.jpg 142w\" sizes=\"auto, (max-width: 10px) 100vw, 10px\" \/> Martin Konrad (Einzelspiel); Guido Friedrich (Konferenz)<\/p>\n\n\n\n<p><em><strong>SC Austria Lustenau \u2013 WSG Tirol (17.00)<\/strong><\/em><\/p>\n\n\n\n<p><img loading=\"lazy\" decoding=\"async\" width=\"10\" height=\"21\" class=\"wp-image-3656\" style=\"width: 10px;\" src=\"http:\/\/kommentatorenblog.de\/wp-content\/uploads\/2020\/09\/shure-55sh-ii-e1601485394796.jpg\" alt=\"\" srcset=\"https:\/\/kommentatorenblog.de\/wp-content\/uploads\/2020\/09\/shure-55sh-ii-e1601485394796.jpg 415w, https:\/\/kommentatorenblog.de\/wp-content\/uploads\/2020\/09\/shure-55sh-ii-e1601485394796-142x300.jpg 142w\" sizes=\"auto, (max-width: 10px) 100vw, 10px\" \/> Charly Leitner (Einzelspiel); Gerfried Pr\u00f6ll (Konferenz)<\/p>\n\n\n\n<p><em><strong>TSV Hartberg \u2013 SCR Altach (17.00 Uhr) <\/strong><\/em><\/p>\n\n\n\n<p><img loading=\"lazy\" decoding=\"async\" width=\"10\" height=\"21\" class=\"wp-image-3656\" style=\"width: 10px;\" src=\"http:\/\/kommentatorenblog.de\/wp-content\/uploads\/2020\/09\/shure-55sh-ii-e1601485394796.jpg\" alt=\"\" srcset=\"https:\/\/kommentatorenblog.de\/wp-content\/uploads\/2020\/09\/shure-55sh-ii-e1601485394796.jpg 415w, https:\/\/kommentatorenblog.de\/wp-content\/uploads\/2020\/09\/shure-55sh-ii-e1601485394796-142x300.jpg 142w\" sizes=\"auto, (max-width: 10px) 100vw, 10px\" \/> David Eder (Einzelspiel); Philipp Paternina (Konferenz)<\/p>\n\n\n\n<hr class=\"wp-block-separator\"\/>\n\n\n\n<p> <\/p>\n\n\n\n<p><strong>Testspiele (SPORT1)<\/strong><\/p>\n\n\n\n<p><span style=\"text-decoration: underline;\">Samstag, 23. Juli 2022 <\/span><\/p>\n\n\n\n<p><em><strong>Eintracht Frankfurt \u2013 Ajax Amsterdam (14.55)<\/strong><\/em><\/p>\n\n\n\n<p><img loading=\"lazy\" decoding=\"async\" width=\"10\" height=\"21\" class=\"wp-image-3656\" style=\"width: 10px;\" src=\"http:\/\/kommentatorenblog.de\/wp-content\/uploads\/2020\/09\/shure-55sh-ii-e1601485394796.jpg\" alt=\"\" srcset=\"https:\/\/kommentatorenblog.de\/wp-content\/uploads\/2020\/09\/shure-55sh-ii-e1601485394796.jpg 415w, https:\/\/kommentatorenblog.de\/wp-content\/uploads\/2020\/09\/shure-55sh-ii-e1601485394796-142x300.jpg 142w\" sizes=\"auto, (max-width: 10px) 100vw, 10px\" \/> tba<\/p>\n\n\n\n<p><em><strong>Union Berlin \u2013 Nottingham Forest (16.55 Uhr)<\/strong><\/em><\/p>\n\n\n\n<p><img loading=\"lazy\" decoding=\"async\" width=\"10\" height=\"21\" class=\"wp-image-3656\" style=\"width: 10px;\" src=\"http:\/\/kommentatorenblog.de\/wp-content\/uploads\/2020\/09\/shure-55sh-ii-e1601485394796.jpg\" alt=\"\" srcset=\"https:\/\/kommentatorenblog.de\/wp-content\/uploads\/2020\/09\/shure-55sh-ii-e1601485394796.jpg 415w, https:\/\/kommentatorenblog.de\/wp-content\/uploads\/2020\/09\/shure-55sh-ii-e1601485394796-142x300.jpg 142w\" sizes=\"auto, (max-width: 10px) 100vw, 10px\" \/> tba <\/p>\n\n\n\n<hr class=\"wp-block-separator\"\/>\n\n\n\n<p><strong><em>Die Analyse<\/em><\/strong><em><strong>:<\/strong><\/em><\/p>\n\n\n\n<p>F\u00e4llt heute aus gegebenen Anlass kurz aus. Keine \u00dcberraschungen in Liga 2: Hebel und Schr\u00f6ter starten in den Freitag, Samstag und Sonntag \u00fcbernehmen die \u00fcblichen Verd\u00e4chtigen. <\/p>\n\n\n\n<p>\u00c4hnliches Bild in Liga 3: Christian Stra\u00dfburger ist an diesem Wochenende sowohl f\u00fcr Sky als auch f\u00fcr Magenta unterwegs. Er bekommt das Auftaktspiel in Osnabr\u00fcck und wird am Sonntag das Stadion gegen die Box eintauschen und vom Aufgalopp des Aufsteigers in Karlsruhe berichten. Ansonsten auch hier nichts ungew\u00f6hnliches bei den Ansetzungen. Philip Konrad w\u00e4re eventuell zu nennen, ich habe noch kein Spiel von ihm gesehen, er war ja letzte Saison f\u00fcr RTLplus am Mikrofon und begleitet nun auch Liga 3.<\/p>\n\n\n\n<p>Um die polnische Liga k\u00fcmmert sich am Wochenende Karsten Linke bei Sportdigital, auch hier bei den \u00fcbrigen Ansetzungen keine Auff\u00e4lligkeiten.<\/p>\n\n\n\n<p>Wer Miro Klose bei seiner neuen Arbeit sehen will, der sollte am Sonntag SKYSPORTAUSTRIA einschalten, dort ist unser ehemalige Goalgetter als Chefcoach des SCR Altach gefordert. Die Vorbereitung hat schon gezeigt, die Saison d\u00fcrfte kein Spaziergang werden.<\/p>\n\n\n\n<p>Zu den Testspielen auf Sport1 habe ich bis jetzt keine Infos. Falls ihr in die Spiele reinschaut, lasst es uns in den Kommentaren wissen! <\/p>\n\n\n\n<p>In diesem Sinne w\u00fcnsche ich euch ein sch\u00f6nes Wochenende!     <\/p>\n\n\n\n<p><span style=\"text-decoration: underline;\"> <\/span><img loading=\"lazy\" decoding=\"async\" width=\"10\" height=\"21\" class=\"wp-image-3656\" style=\"width: 10px;\" src=\"http:\/\/kommentatorenblog.de\/wp-content\/uploads\/2020\/09\/shure-55sh-ii-e1601485394796.jpg\" alt=\"\" srcset=\"https:\/\/kommentatorenblog.de\/wp-content\/uploads\/2020\/09\/shure-55sh-ii-e1601485394796.jpg 415w, https:\/\/kommentatorenblog.de\/wp-content\/uploads\/2020\/09\/shure-55sh-ii-e1601485394796-142x300.jpg 142w\" sizes=\"auto, (max-width: 10px) 100vw, 10px\" \/><\/p>\n","protected":false},"excerpt":{"rendered":"<p>N&#8217;Abend Allerseits! \u00a0 An diesem Wochenende beginnt die Saison auch in Liga 3. Magenta und die ARD sind wie gewohnt wieder mit am Ball. Letztere sogar zur Feier des ersten Spieltages mit einer Partie im Hauptprogramm.\u00a0 Ich m\u00f6chte den Ligastart zum Anlass nehmen, etwas ausf\u00fchrlicher auf den Wettbewerb zu schauen.\u00a0 Zun\u00e4chst die \u00dcbertragungen:\u00a0 Die ARD [&hellip;]<\/p>\n","protected":false},"author":13,"featured_media":0,"comment_status":"open","ping_status":"open","sticky":false,"template":"","format":"standard","meta":{"footnotes":""},"categories":[429],"tags":[20,10,163,216,46,256,35,462,97,120,32,25,211,726,347,507,315,489,59,585,491,53,378,9,121,118,67,679,409,369,293,601,690,233,76,12,498,22,66,52,134,28,135,673,27,247,33,395,346,402],"class_list":["post-13370","post","type-post","status-publish","format-standard","hentry","category-diverses","tag-2-bundesliga","tag-3-liga","tag-alexander-kuepper","tag-andreas-mann","tag-anett-sattler","tag-cedric-pick","tag-christian-strassburger","tag-eik-galley","tag-esther-sedlaczek","tag-franz-buechner","tag-gari-paubandt","tag-hansi-kuepper","tag-hartmut-von-kameke","tag-henrik-hinrichsen","tag-joachim-hebel","tag-jonathan-dreier","tag-julian-engelhard","tag-kamila-benschop","tag-karsten-linke","tag-katharina-kleinfeldt","tag-kevin-gerwin","tag-klaus-veltmann","tag-konstantin-klostermann","tag-magenta-sport","tag-markus-gaupp","tag-markus-herwig","tag-markus-hoehner","tag-matthias-cammann","tag-mike-muenkel","tag-nele-schenker","tag-oskar-heirler","tag-peter-neururer","tag-philip-konrad","tag-rudi-bommer","tag-ruth-hofmann","tag-sascha-bandermann","tag-sina-braun","tag-sky","tag-sport1","tag-sportdigital","tag-sportdigital-fussball","tag-stefan-hempel","tag-stefanie-blochwitz","tag-steven-ruprecht","tag-sven-schroeter","tag-thomas-broich","tag-thomas-wagner","tag-tobi-schaefer","tag-torsten-mattuschka","tag-ulf-kahmke"],"_links":{"self":[{"href":"https:\/\/kommentatorenblog.de\/index.php?rest_route=\/wp\/v2\/posts\/13370","targetHints":{"allow":["GET"]}}],"collection":[{"href":"https:\/\/kommentatorenblog.de\/index.php?rest_route=\/wp\/v2\/posts"}],"about":[{"href":"https:\/\/kommentatorenblog.de\/index.php?rest_route=\/wp\/v2\/types\/post"}],"author":[{"embeddable":true,"href":"https:\/\/kommentatorenblog.de\/index.php?rest_route=\/wp\/v2\/users\/13"}],"replies":[{"embeddable":true,"href":"https:\/\/kommentatorenblog.de\/index.php?rest_route=%2Fwp%2Fv2%2Fcomments&post=13370"}],"version-history":[{"count":13,"href":"https:\/\/kommentatorenblog.de\/index.php?rest_route=\/wp\/v2\/posts\/13370\/revisions"}],"predecessor-version":[{"id":13390,"href":"https:\/\/kommentatorenblog.de\/index.php?rest_route=\/wp\/v2\/posts\/13370\/revisions\/13390"}],"wp:attachment":[{"href":"https:\/\/kommentatorenblog.de\/index.php?rest_route=%2Fwp%2Fv2%2Fmedia&parent=13370"}],"wp:term":[{"taxonomy":"category","embeddable":true,"href":"https:\/\/kommentatorenblog.de\/index.php?rest_route=%2Fwp%2Fv2%2Fcategories&post=13370"},{"taxonomy":"post_tag","embeddable":true,"href":"https:\/\/kommentatorenblog.de\/index.php?rest_route=%2Fwp%2Fv2%2Ftags&post=13370"}],"curies":[{"name":"wp","href":"https:\/\/api.w.org\/{rel}","templated":true}]}}