{"id":13399,"date":"2022-07-25T17:35:59","date_gmt":"2022-07-25T15:35:59","guid":{"rendered":"http:\/\/kommentatorenblog.de\/?p=13399"},"modified":"2023-02-24T16:33:34","modified_gmt":"2023-02-24T14:33:34","slug":"1269-die-ruhe-vor-dem-sturm","status":"publish","type":"post","link":"https:\/\/kommentatorenblog.de\/?p=13399","title":{"rendered":"1269 \u2013 Die Ruhe vor dem Sturm"},"content":{"rendered":"\n<p>N&#8217;Abend Allerseits!<\/p>\n\n\n\n<hr class=\"wp-block-separator\"\/>\n\n\n\n<p>Der Countdown zum gro\u00dfen Fu\u00dfballfest auf Sky, die erste Hauptrunde des DFB-Pokals, l\u00e4uft. Bevor wir am Donnerstag einen Blick auf das Programm geben, das uns ab Freitag geboten wird, gibt es unter der Woche nur ein gro\u00dfes Thema, n\u00e4mlich die Halbfinalspiele der Frauen Euro 2022 in England. <\/p>\n\n\n\n<p>Die Paarungen stehen nun fest, am Dienstag meldet sich die ARD mit dem Spiel England \u2013 Schweden aus Sheffield. <\/p>\n\n\n\n<p>Eine Gelegenheit f\u00fcr mich, mal etwas genauer auf die Schwedinnen zu schauen. Diese hatten sich am Freitagabend im Regen gegen   die \u00dcberraschungsmannschaft aus Belgien durchgesetzt. Allerdings weniger deutlich, als vermutet, \u00e4hnlich wie bereits Deutschland zuvor gegen \u00d6sterreich.<\/p>\n\n\n\n<p>Das lag vor allem an der \u00fcberragenden belgischen Torh\u00fcterin Nicky Evrard. <\/p>\n\n\n\n<p>Nach 25 Minuten w\u00e4hnten sich die Schwedinnen bereits im Gl\u00fcck, eine umstrittene Abseits-Entscheidung machte den Jubel allerdings zunichte. Erst in Minute 92 gelang der knappe 1:0 Sieg nach einer Ecke konnte Evrard nur noch mit dem Fu\u00df abwehren, direkt auf Linda Sembrant, die aus kurzer Distanz traf.<\/p>\n\n\n\n<p>Damit schafft es Schweden zum neunten mal unter die Top 4 einer Wm, den Titel konnten die Skandinavierinnen allerdings erst ein mal mit nach Hause nehmen (1984). <\/p>\n\n\n\n<p>Allerdings kommt der Erfolg nicht ganz \u00fcberraschend. Schweden hat einen erfahrenen Kader, zehn Spielerinnen haben bereits jeweils mehr als 120 L\u00e4nderspiele absolviert. Zudem haben sie in fast identischer Besetzung 2021 die Silbermedaille bei den olympischen Spielen geholt. Sie mussten sich im Finale lediglich Kanada im Elfmeterschie\u00dfen geschlagen geben. Damit wiederholten sie den Erfolg von Olympia 2016, dort gewannen sie ebenfalls Silber<\/p>\n\n\n\n<p>Bei der WM 2019 war f\u00fcr Schweden im Halbfinale Schluss. Das Team verlor gegen die Niederlande knapp mit 0:1, setzte sich im Spiel um Platz 3 allerdings mit 2:1 durch. <\/p>\n\n\n\n<p>Gegnerinnen waren damals wie heute die Engl\u00e4nderinnen. Also Spannung am Dienstag ist bestimmt vorprogrammiert.<\/p>\n\n\n\n<p>Das Spiel der DFB-Elf gegen Frankreich steigt dann am Mittwoch in Milton Keynes. Das Finale erwartet uns dann am Sonntag. <\/p>\n\n\n\n<p>Soweit erstmal mein kleines Schlaglicht auf die Frauen-Euro. Ich werde mir die Spiele definitiv ansehen. Leider habe ich bis jetzt erst Deutschland vs. \u00d6sterreich verfolgt, die DAZN-\u00dcbertragung hat mir sehr gut gefallen. <\/p>\n\n\n\n<p>Was haben wir sonst noch? Nicht viel, eventuell einige Testspiele? Lasst es mich in den Kommentaren wissen! <\/p>\n\n\n\n<p>Zudem sind R\u00fcckspiele der CL, ECL und EL Quali angesetzt. Hier \u00fcbertr\u00e4gt aus deutscher Sicht lediglich Sportdigital eines, Ansetzung wird nachgereicht. <\/p>\n\n\n\n<p>In diesem Sinne w\u00fcnsche ich euch viel Spa\u00df bei der Frauen Euro! Bleibt gesund und habt einen guten Wochenstart! <\/p>\n\n\n\n<hr class=\"wp-block-separator\"\/>\n\n\n\n<p><strong><em>Die Ansetzungen vom 26. Juli bis zum 28. Juli 2022<\/em><\/strong><\/p>\n\n\n\n<hr class=\"wp-block-separator\"\/>\n\n\n\n<p><strong>Frauen Fu\u00dfball Europameisterschaft (Halbfinale)<\/strong><\/p>\n\n\n\n<p><span style=\"text-decoration: underline;\">Dienstag, 26. Juli 2022 ab 20.15 Uhr (ARD) bzw. ab 20.40 Uhr (DAZN)<\/span><\/p>\n\n\n\n<p><em><strong>England \u2013 Schweden (21.00 Uhr)<\/strong><\/em><\/p>\n\n\n\n<p>ARD: <img loading=\"lazy\" decoding=\"async\" width=\"10\" height=\"21\" class=\"wp-image-3656\" style=\"width: 10px;\" src=\"http:\/\/kommentatorenblog.de\/wp-content\/uploads\/2020\/09\/shure-55sh-ii-e1601485394796.jpg\" alt=\"\" srcset=\"https:\/\/kommentatorenblog.de\/wp-content\/uploads\/2020\/09\/shure-55sh-ii-e1601485394796.jpg 415w, https:\/\/kommentatorenblog.de\/wp-content\/uploads\/2020\/09\/shure-55sh-ii-e1601485394796-142x300.jpg 142w\" sizes=\"auto, (max-width: 10px) 100vw, 10px\" \/> Bernd Schmelzer; Expertin: Nia K\u00fcnzer<\/p>\n\n\n\n<p>Moderation: Claus Lufen <\/p>\n\n\n\n<p>DAZN: <img loading=\"lazy\" decoding=\"async\" width=\"10\" height=\"21\" class=\"wp-image-3656\" style=\"width: 10px;\" src=\"http:\/\/kommentatorenblog.de\/wp-content\/uploads\/2020\/09\/shure-55sh-ii-e1601485394796.jpg\" alt=\"\" srcset=\"https:\/\/kommentatorenblog.de\/wp-content\/uploads\/2020\/09\/shure-55sh-ii-e1601485394796.jpg 415w, https:\/\/kommentatorenblog.de\/wp-content\/uploads\/2020\/09\/shure-55sh-ii-e1601485394796-142x300.jpg 142w\" sizes=\"auto, (max-width: 10px) 100vw, 10px\" \/> Nico Seepe; Expertin: Laura Benkarth<\/p>\n\n\n\n<hr class=\"wp-block-separator\"\/>\n\n\n\n<p><span style=\"text-decoration: underline;\">Mittwoch, 27. Juli 2022 ab 20.15 Uhr (ZDF) bzw. ab 20.40 Uhr (DAZN)<\/span><\/p>\n\n\n\n<p><em><strong>Deutschland \u2013 Frankreich (21.00 Uhr)<\/strong><\/em><\/p>\n\n\n\n<p>ZDF: <img loading=\"lazy\" decoding=\"async\" width=\"10\" height=\"21\" class=\"wp-image-3656\" style=\"width: 10px;\" src=\"http:\/\/kommentatorenblog.de\/wp-content\/uploads\/2020\/09\/shure-55sh-ii-e1601485394796.jpg\" alt=\"\" srcset=\"https:\/\/kommentatorenblog.de\/wp-content\/uploads\/2020\/09\/shure-55sh-ii-e1601485394796.jpg 415w, https:\/\/kommentatorenblog.de\/wp-content\/uploads\/2020\/09\/shure-55sh-ii-e1601485394796-142x300.jpg 142w\" sizes=\"auto, (max-width: 10px) 100vw, 10px\" \/> Claudia Neumann; Expertin: Kathrin Lehmann<\/p>\n\n\n\n<p>Moderation: Sven Voss <\/p>\n\n\n\n<p>DAZN: <img loading=\"lazy\" decoding=\"async\" width=\"10\" height=\"21\" class=\"wp-image-3656\" style=\"width: 10px;\" src=\"http:\/\/kommentatorenblog.de\/wp-content\/uploads\/2020\/09\/shure-55sh-ii-e1601485394796.jpg\" alt=\"\" srcset=\"https:\/\/kommentatorenblog.de\/wp-content\/uploads\/2020\/09\/shure-55sh-ii-e1601485394796.jpg 415w, https:\/\/kommentatorenblog.de\/wp-content\/uploads\/2020\/09\/shure-55sh-ii-e1601485394796-142x300.jpg 142w\" sizes=\"auto, (max-width: 10px) 100vw, 10px\" \/> Jan Platte; Expertin: Laura Benkarth <\/p>\n\n\n\n<hr class=\"wp-block-separator\"\/>\n\n\n\n<p><strong>UEFA Champions League 2. Qualifikationsrunde (R\u00fcckspiele)<\/strong><\/p>\n\n\n\n<p><span style=\"text-decoration: underline;\">Mittwoch, 27. Juli 2022 ab 18.50 Uhr (SportdigitalFUSSBALL)<\/span><\/p>\n\n\n\n<p><em><strong>Fenerbahce Istanbul \u2013 Dynamo Kiew ((0:0)<\/strong><\/em><\/p>\n\n\n\n<p><img loading=\"lazy\" decoding=\"async\" width=\"10\" height=\"21\" class=\"wp-image-3656\" style=\"width: 10px;\" src=\"http:\/\/kommentatorenblog.de\/wp-content\/uploads\/2020\/09\/shure-55sh-ii-e1601485394796.jpg\" alt=\"\" srcset=\"https:\/\/kommentatorenblog.de\/wp-content\/uploads\/2020\/09\/shure-55sh-ii-e1601485394796.jpg 415w, https:\/\/kommentatorenblog.de\/wp-content\/uploads\/2020\/09\/shure-55sh-ii-e1601485394796-142x300.jpg 142w\" sizes=\"auto, (max-width: 10px) 100vw, 10px\" \/> ???<\/p>\n\n\n\n<hr class=\"wp-block-separator\"\/>\n\n\n\n<p><strong><em>Die Analyse<\/em><\/strong><em><strong>:<\/strong><\/em><\/p>\n\n\n\n<hr class=\"wp-block-separator\"\/>\n\n\n\n<p>F\u00e4llt auch heute Anlassbezogen kurz aus.<\/p>\n\n\n\n<p>Weder bei DAZN noch bei ARD und ZDF \u00fcberrascht das Personal an den Mikros. <\/p>\n\n\n\n<p>Das CL R\u00fcckspiel wird in \u00d6sterreich mit besonderem Augenmerk verfolgt, spielt der Sieger als n\u00e4chstes doch gegen Sturm Graz. Das torlose Hinspiel kommentierte Jonathan Dreier, ob er f\u00fcr die Hamburger auch das R\u00fcckspiel begleiten wird, trage ich noch nach. <\/p>\n\n\n\n<p>Soweit so gut. Wenn euch noch Spiele \u00fcber den Weg laufen, immer her damit! <\/p>\n","protected":false},"excerpt":{"rendered":"<p>N&#8217;Abend Allerseits! Der Countdown zum gro\u00dfen Fu\u00dfballfest auf Sky, die erste Hauptrunde des DFB-Pokals, l\u00e4uft. Bevor wir am Donnerstag einen Blick auf das Programm geben, das uns ab Freitag geboten wird, gibt es unter der Woche nur ein gro\u00dfes Thema, n\u00e4mlich die Halbfinalspiele der Frauen Euro 2022 in England. Die Paarungen stehen nun fest, am [&hellip;]<\/p>\n","protected":false},"author":13,"featured_media":0,"comment_status":"open","ping_status":"open","sticky":false,"template":"","format":"standard","meta":{"footnotes":""},"categories":[429],"tags":[19,582,36,636,13,48,637,191,134,710,37],"class_list":["post-13399","post","type-post","status-publish","format-standard","hentry","category-diverses","tag-ard","tag-bernd-schmelzer","tag-claudia-neumann","tag-claus-lufen","tag-dazn","tag-jan-platte","tag-nia-kuenzer","tag-nico-seepe","tag-sportdigital-fussball","tag-sven-voss","tag-zdf"],"_links":{"self":[{"href":"https:\/\/kommentatorenblog.de\/index.php?rest_route=\/wp\/v2\/posts\/13399","targetHints":{"allow":["GET"]}}],"collection":[{"href":"https:\/\/kommentatorenblog.de\/index.php?rest_route=\/wp\/v2\/posts"}],"about":[{"href":"https:\/\/kommentatorenblog.de\/index.php?rest_route=\/wp\/v2\/types\/post"}],"author":[{"embeddable":true,"href":"https:\/\/kommentatorenblog.de\/index.php?rest_route=\/wp\/v2\/users\/13"}],"replies":[{"embeddable":true,"href":"https:\/\/kommentatorenblog.de\/index.php?rest_route=%2Fwp%2Fv2%2Fcomments&post=13399"}],"version-history":[{"count":6,"href":"https:\/\/kommentatorenblog.de\/index.php?rest_route=\/wp\/v2\/posts\/13399\/revisions"}],"predecessor-version":[{"id":13406,"href":"https:\/\/kommentatorenblog.de\/index.php?rest_route=\/wp\/v2\/posts\/13399\/revisions\/13406"}],"wp:attachment":[{"href":"https:\/\/kommentatorenblog.de\/index.php?rest_route=%2Fwp%2Fv2%2Fmedia&parent=13399"}],"wp:term":[{"taxonomy":"category","embeddable":true,"href":"https:\/\/kommentatorenblog.de\/index.php?rest_route=%2Fwp%2Fv2%2Fcategories&post=13399"},{"taxonomy":"post_tag","embeddable":true,"href":"https:\/\/kommentatorenblog.de\/index.php?rest_route=%2Fwp%2Fv2%2Ftags&post=13399"}],"curies":[{"name":"wp","href":"https:\/\/api.w.org\/{rel}","templated":true}]}}