{"id":13491,"date":"2022-08-08T14:22:34","date_gmt":"2022-08-08T12:22:34","guid":{"rendered":"http:\/\/kommentatorenblog.de\/?p=13491"},"modified":"2023-01-02T16:39:19","modified_gmt":"2023-01-02T14:39:19","slug":"1272-eintracht-frankfurt-goes-helsinki","status":"publish","type":"post","link":"https:\/\/kommentatorenblog.de\/?p=13491","title":{"rendered":"1272 &#8211; Eintracht Frankfurt goes Helsinki"},"content":{"rendered":"\n<p>N&#8217;Abend allerseits, <\/p>\n\n\n\n<p>nicht nur bei den Fans von Eintracht Frankfurt ist die Vorfreude auf das Duell um den Supercup in Helsinki riesengro\u00df, auch viele weitere Fu\u00dfballfans sind gespannt ob die Eintracht Wiedergutmachung nach dem Bundesligastart betreiben kann, auch wenn Real Madrid kein ganz so einfacher Gegner sein wird. Aber klar ist, dass es ein Highlight f\u00fcr die Eintracht sein wird, denn gegen Real Madrid tritt man nicht allzu oft an&#8230;<\/p>\n\n\n\n<p>Die Eintracht kann bzw. wird am Mittwochabend ein weiteres Kapitel der magischen europ\u00e4ischen N\u00e4chte f\u00fcr Frankfurts Vereinsgeschichte schreiben. Der Gegner ist wie erw\u00e4hnt kein geringerer als Real Madrid, der Champions League Sieger. Knapp zw\u00f6lf Wochen nach dem Europa League Titel in Sevilla gibt es die n\u00e4chste M\u00f6glichkeit auf einen Triumpf f\u00fcr die Eintracht. Folgt auf Pokalsieg 2018 und Europa League Sieg 2022 der Gewinn des Supercups? Was auf jeden Fall fest steht ist, dass Eintracht Frankfurt nat\u00fcrlich Au\u00dfenseiter ist, aber mit Chancen auf eine \u00dcberraschung, wenn es denn \u00fcberhaupt noch eine w\u00e4re, denn die Frankfurter haben schon sehr oft bewiesen, dass sie es drauf haben und \u00fcber sich hinaus wachsen k\u00f6nnen. <\/p>\n\n\n\n<p>Eintracht Frankfurt w\u00e4re die dritte deutsche Mannschaft die den Supercup je gewinnen konnte, zuvor war es zweimal der FC Bayern. Im letzten Jahr hie\u00df der Sieger im \u00fcbrigen FC Chelsea, der im Elfmeterschie\u00dfen Villarreal bezwang. Ich bin ehrlich, ein Spiel das im Elfmeterschie\u00dfen endet, w\u00fcrde ich sofort unterschreiben und ich nehme mal an Kevin Trapp und die Eintracht Fans auch. <\/p>\n\n\n\n<p>Apropos Fans: in das Olympiastadion Helsinkis, der Hauptstadt Finnlands, passen &#8222;nur&#8220; 31.500 Zuschauer was ich sehr schade finde. Die UEFA hat im \u00fcbrigen dieses Stadion gew\u00e4hlt, weil wie in den vergangenen Jahren auch schon der Supercup in einem Land stattfinden soll, das etwas weniger Aufmerksamkeit im europ\u00e4ischen Fu\u00dfballgesch\u00e4ft bekommt und durch den Supercup soll sich dies \u00e4ndern. Aber sind wir ehrlich, bis auf die finnische Nationalmannschaft bei der Europameisterschaft im letzten Jahr wird wohl in der Allgemeinheit nicht so viel finnischer Fu\u00dfball konsumiert, und ich denke da wird ein Spiel in Helsinki nicht viel dran \u00e4ndern. Von diesem Konzept der UEFA kann man halten was man will, auf der einen Seite verstehe ich den Hintergedanken dabei, aber auf der anderen Seite w\u00e4re dieses Duell in einem gr\u00f6\u00dferen Stadion noch ein wenig reizvoller, wie ich finde. Wie auch immer. <\/p>\n\n\n\n<p>Falls im \u00fcbrigen ein paar Frankfurter unter unseren Lesern sind, die nach Helsinki reisen, denkt dran das Spiel f\u00e4ngt erst um 22:00 Uhr Ortszeit an und nicht schon 60 Minuten fr\u00fcher, sowie bei uns 21:00 Uhr MESZ. \ud83d\ude09 <\/p>\n\n\n\n<p>\u00dcbertragen wird das Spiel von, ihr werdet es auch gleich in den Ansetzungen sehen, DAZN sowie RTL, zweitgenannter erhielt eine Sublizenz. Und wenn wir schon dabei sind, folgen jetzt die Ansetzungen inkl. die der 3. Liga, Carabao Cup und Sportdigital FUSSBALL.<\/p>\n\n\n\n<p>Eine kurze Umfrage noch: <\/p>\n\n\n\n<p>Werdet ihr das Spiel verfolgen, wenn ja wo, bei DAZN oder RTL? <\/p>\n\n\n\n<p>Und was glaubt ihr, ist die Eintracht nach vergangenem Freitag in der Lage Real Madrid zu bezwingen oder k\u00f6nnte es erneut einen entt\u00e4uschenden Abend f\u00fcr Oliver Glasner und sein Team geben? <\/p>\n\n\n\n<p>Gerne damit in die Kommentare! <\/p>\n\n\n\n<hr class=\"wp-block-separator\"\/>\n\n\n\n<p><strong>Die Ansetzungen vom 9. August 2022 bis zum 11. August 2022 <\/strong><\/p>\n\n\n\n<hr class=\"wp-block-separator\"\/>\n\n\n\n<p><strong>UEFA-Supercup 2022 in Helsinki <\/strong><\/p>\n\n\n\n<p><span style=\"text-decoration: underline;\">Mittwoch, 10. August 2022 ab 20.15 Uhr (RTL\/DAZN)<\/span><\/p>\n\n\n\n<p><em><strong>Real Madrid \u2013 Eintracht Frankfurt (21.00 Uhr)<\/strong><\/em><\/p>\n\n\n\n<p>RTL: <img loading=\"lazy\" decoding=\"async\" width=\"10\" height=\"21\" class=\"wp-image-3656\" style=\"width: 10px;\" src=\"http:\/\/kommentatorenblog.de\/wp-content\/uploads\/2020\/09\/shure-55sh-ii-e1601485394796.jpg\" alt=\"\" srcset=\"https:\/\/kommentatorenblog.de\/wp-content\/uploads\/2020\/09\/shure-55sh-ii-e1601485394796.jpg 415w, https:\/\/kommentatorenblog.de\/wp-content\/uploads\/2020\/09\/shure-55sh-ii-e1601485394796-142x300.jpg 142w\" sizes=\"auto, (max-width: 10px) 100vw, 10px\" \/> Marco Hagemann, Co-Kommentator: Steffen Freund  <\/p>\n\n\n\n<p>Field-Reporter\/in: Laura Papendick &amp; Thomas Wagner<\/p>\n\n\n\n<p>Moderation: Florian K\u00f6nig, Experte: Lothar Matth\u00e4us <\/p>\n\n\n\n<p>DAZN: <img loading=\"lazy\" decoding=\"async\" width=\"10\" height=\"21\" class=\"wp-image-3656\" style=\"width: 10px;\" src=\"http:\/\/kommentatorenblog.de\/wp-content\/uploads\/2020\/09\/shure-55sh-ii-e1601485394796.jpg\" alt=\"\" srcset=\"https:\/\/kommentatorenblog.de\/wp-content\/uploads\/2020\/09\/shure-55sh-ii-e1601485394796.jpg 415w, https:\/\/kommentatorenblog.de\/wp-content\/uploads\/2020\/09\/shure-55sh-ii-e1601485394796-142x300.jpg 142w\" sizes=\"auto, (max-width: 10px) 100vw, 10px\" \/> Jan Platte <\/p>\n\n\n\n<p>Field-Reporter: Daniel Herzog<\/p>\n\n\n\n<p>Moderation: Laura Wontorra, Experte: Sami Khedira<\/p>\n\n\n\n<hr class=\"wp-block-separator\"\/>\n\n\n\n<p><strong>3. Liga (3. Spieltag)<\/strong><\/p>\n\n\n\n<p><span style=\"text-decoration: underline;\">Dienstag, 9. August 2022 ab 18.15 Uhr (Magenta Sport)<\/span><\/p>\n\n\n\n<p><em><strong>VfB Oldenburg \u2013 SV Elversberg (18.30 Uhr)<\/strong><\/em><\/p>\n\n\n\n<p><img loading=\"lazy\" decoding=\"async\" width=\"10\" height=\"21\" class=\"wp-image-3656\" style=\"width: 10px;\" src=\"http:\/\/kommentatorenblog.de\/wp-content\/uploads\/2020\/09\/shure-55sh-ii-e1601485394796.jpg\" alt=\"\" srcset=\"https:\/\/kommentatorenblog.de\/wp-content\/uploads\/2020\/09\/shure-55sh-ii-e1601485394796.jpg 415w, https:\/\/kommentatorenblog.de\/wp-content\/uploads\/2020\/09\/shure-55sh-ii-e1601485394796-142x300.jpg 142w\" sizes=\"auto, (max-width: 10px) 100vw, 10px\" \/> Mike M\u00fcnkel<\/p>\n\n\n\n<p>Moderation: Michael Augustin<\/p>\n\n\n\n<p><span style=\"text-decoration: underline;\">ab 18.45 Uhr (Magenta Sport)<\/span><\/p>\n\n\n\n<p><strong><em>Konferenz: <img loading=\"lazy\" decoding=\"async\" width=\"10\" height=\"21\" class=\"wp-image-3656\" style=\"width: 10px;\" src=\"http:\/\/kommentatorenblog.de\/wp-content\/uploads\/2020\/09\/shure-55sh-ii-e1601485394796.jpg\" alt=\"\" srcset=\"https:\/\/kommentatorenblog.de\/wp-content\/uploads\/2020\/09\/shure-55sh-ii-e1601485394796.jpg 415w, https:\/\/kommentatorenblog.de\/wp-content\/uploads\/2020\/09\/shure-55sh-ii-e1601485394796-142x300.jpg 142w\" sizes=\"auto, (max-width: 10px) 100vw, 10px\" \/><\/em><\/strong> Alexander Klich, Experte: Steven Ruprecht<\/p>\n\n\n\n<p><em><strong>TSV 1860 M\u00fcnchen \u2013 SV Meppen (19.00 Uhr)<\/strong><\/em><\/p>\n\n\n\n<p><img loading=\"lazy\" decoding=\"async\" width=\"10\" height=\"21\" class=\"wp-image-3656\" style=\"width: 10px;\" src=\"http:\/\/kommentatorenblog.de\/wp-content\/uploads\/2020\/09\/shure-55sh-ii-e1601485394796.jpg\" alt=\"\" srcset=\"https:\/\/kommentatorenblog.de\/wp-content\/uploads\/2020\/09\/shure-55sh-ii-e1601485394796.jpg 415w, https:\/\/kommentatorenblog.de\/wp-content\/uploads\/2020\/09\/shure-55sh-ii-e1601485394796-142x300.jpg 142w\" sizes=\"auto, (max-width: 10px) 100vw, 10px\" \/> Oskar Heirler<\/p>\n\n\n\n<p>Moderation: Sascha Bandermann<\/p>\n\n\n\n<p><em><strong>FSV Zwickau \u2013 MSV Duisburg (19.00 Uhr)<\/strong><\/em><\/p>\n\n\n\n<p><img loading=\"lazy\" decoding=\"async\" width=\"10\" height=\"21\" class=\"wp-image-3656\" style=\"width: 10px;\" src=\"http:\/\/kommentatorenblog.de\/wp-content\/uploads\/2020\/09\/shure-55sh-ii-e1601485394796.jpg\" alt=\"\" srcset=\"https:\/\/kommentatorenblog.de\/wp-content\/uploads\/2020\/09\/shure-55sh-ii-e1601485394796.jpg 415w, https:\/\/kommentatorenblog.de\/wp-content\/uploads\/2020\/09\/shure-55sh-ii-e1601485394796-142x300.jpg 142w\" sizes=\"auto, (max-width: 10px) 100vw, 10px\" \/> Lenny Leonhardt<\/p>\n\n\n\n<p>Moderation: Stefanie Blochwitz<\/p>\n\n\n\n<p><em><strong>Rot-Weiss Essen \u2013 <\/strong><\/em><strong><em>Viktoria K\u00f6ln (19.00 Uhr)<\/em><\/strong><\/p>\n\n\n\n<p><img loading=\"lazy\" decoding=\"async\" width=\"10\" height=\"21\" class=\"wp-image-3656\" style=\"width: 10px;\" src=\"http:\/\/kommentatorenblog.de\/wp-content\/uploads\/2020\/09\/shure-55sh-ii-e1601485394796.jpg\" alt=\"\" srcset=\"https:\/\/kommentatorenblog.de\/wp-content\/uploads\/2020\/09\/shure-55sh-ii-e1601485394796.jpg 415w, https:\/\/kommentatorenblog.de\/wp-content\/uploads\/2020\/09\/shure-55sh-ii-e1601485394796-142x300.jpg 142w\" sizes=\"auto, (max-width: 10px) 100vw, 10px\" \/> Markus H\u00f6hner<\/p>\n\n\n\n<p>Moderation: Konstantin Klostermann<\/p>\n\n\n\n<p><em><strong>SC Freiburg II \u2013 Hallescher FC (19.00 Uhr)<\/strong><\/em><\/p>\n\n\n\n<p><img loading=\"lazy\" decoding=\"async\" width=\"10\" height=\"21\" class=\"wp-image-3656\" style=\"width: 10px;\" src=\"http:\/\/kommentatorenblog.de\/wp-content\/uploads\/2020\/09\/shure-55sh-ii-e1601485394796.jpg\" alt=\"\" srcset=\"https:\/\/kommentatorenblog.de\/wp-content\/uploads\/2020\/09\/shure-55sh-ii-e1601485394796.jpg 415w, https:\/\/kommentatorenblog.de\/wp-content\/uploads\/2020\/09\/shure-55sh-ii-e1601485394796-142x300.jpg 142w\" sizes=\"auto, (max-width: 10px) 100vw, 10px\" \/> Martin Piller<\/p>\n\n\n\n<p>Moderation: Simon K\u00f6pfer<\/p>\n\n\n\n<p><span style=\"text-decoration: underline;\">Mittwoch, 10. August 2022 ab 18.45 Uhr (Magenta Sport)<\/span><\/p>\n\n\n\n<p><strong><em>Konferenz: <img loading=\"lazy\" decoding=\"async\" width=\"10\" height=\"21\" class=\"wp-image-3656\" style=\"width: 10px;\" src=\"http:\/\/kommentatorenblog.de\/wp-content\/uploads\/2020\/09\/shure-55sh-ii-e1601485394796.jpg\" alt=\"\" srcset=\"https:\/\/kommentatorenblog.de\/wp-content\/uploads\/2020\/09\/shure-55sh-ii-e1601485394796.jpg 415w, https:\/\/kommentatorenblog.de\/wp-content\/uploads\/2020\/09\/shure-55sh-ii-e1601485394796-142x300.jpg 142w\" sizes=\"auto, (max-width: 10px) 100vw, 10px\" \/><\/em><\/strong> Sascha Bandermann, Experte: Steven Ruprecht<\/p>\n\n\n\n<p><em><strong>SV Waldhof Mannheim \u2013 Erzgebirge Aue (19.00 Uhr)<\/strong><\/em><\/p>\n\n\n\n<p><img loading=\"lazy\" decoding=\"async\" width=\"10\" height=\"21\" class=\"wp-image-3656\" style=\"width: 10px;\" src=\"http:\/\/kommentatorenblog.de\/wp-content\/uploads\/2020\/09\/shure-55sh-ii-e1601485394796.jpg\" alt=\"\" srcset=\"https:\/\/kommentatorenblog.de\/wp-content\/uploads\/2020\/09\/shure-55sh-ii-e1601485394796.jpg 415w, https:\/\/kommentatorenblog.de\/wp-content\/uploads\/2020\/09\/shure-55sh-ii-e1601485394796-142x300.jpg 142w\" sizes=\"auto, (max-width: 10px) 100vw, 10px\" \/> Christian Stra\u00dfburger<\/p>\n\n\n\n<p>Moderation: Stefan Fuckert, Experte: Thomas Kraus<\/p>\n\n\n\n<p><em><strong>VfL Osnabr\u00fcck \u2013 FC Ingolstadt (19.00 Uhr)<\/strong><\/em><\/p>\n\n\n\n<p><img loading=\"lazy\" decoding=\"async\" width=\"10\" height=\"21\" class=\"wp-image-3656\" style=\"width: 10px;\" src=\"http:\/\/kommentatorenblog.de\/wp-content\/uploads\/2020\/09\/shure-55sh-ii-e1601485394796.jpg\" alt=\"\" srcset=\"https:\/\/kommentatorenblog.de\/wp-content\/uploads\/2020\/09\/shure-55sh-ii-e1601485394796.jpg 415w, https:\/\/kommentatorenblog.de\/wp-content\/uploads\/2020\/09\/shure-55sh-ii-e1601485394796-142x300.jpg 142w\" sizes=\"auto, (max-width: 10px) 100vw, 10px\" \/> Gari Paubandt<\/p>\n\n\n\n<p>Moderation: Konstantin Klostermann <\/p>\n\n\n\n<p><em><strong>Dynamo Dresden \u2013 SC Verl (19.00 Uhr)<\/strong><\/em><\/p>\n\n\n\n<p><img loading=\"lazy\" decoding=\"async\" width=\"10\" height=\"21\" class=\"wp-image-3656\" style=\"width: 10px;\" src=\"http:\/\/kommentatorenblog.de\/wp-content\/uploads\/2020\/09\/shure-55sh-ii-e1601485394796.jpg\" alt=\"\" srcset=\"https:\/\/kommentatorenblog.de\/wp-content\/uploads\/2020\/09\/shure-55sh-ii-e1601485394796.jpg 415w, https:\/\/kommentatorenblog.de\/wp-content\/uploads\/2020\/09\/shure-55sh-ii-e1601485394796-142x300.jpg 142w\" sizes=\"auto, (max-width: 10px) 100vw, 10px\" \/> Markus Herwig<\/p>\n\n\n\n<p>Moderation: Stefanie Blochwitz<\/p>\n\n\n\n<p><em><strong>1. FC Saarbr\u00fccken \u2013 <\/strong><\/em><strong><em>Borussia Dortmund II (19.00 Uhr)<\/em><\/strong><\/p>\n\n\n\n<p><img loading=\"lazy\" decoding=\"async\" width=\"10\" height=\"21\" class=\"wp-image-3656\" style=\"width: 10px;\" src=\"http:\/\/kommentatorenblog.de\/wp-content\/uploads\/2020\/09\/shure-55sh-ii-e1601485394796.jpg\" alt=\"\" srcset=\"https:\/\/kommentatorenblog.de\/wp-content\/uploads\/2020\/09\/shure-55sh-ii-e1601485394796.jpg 415w, https:\/\/kommentatorenblog.de\/wp-content\/uploads\/2020\/09\/shure-55sh-ii-e1601485394796-142x300.jpg 142w\" sizes=\"auto, (max-width: 10px) 100vw, 10px\" \/> Phillip Konrad<\/p>\n\n\n\n<p>Moderation: Cedric Pick<\/p>\n\n\n\n<p><em><strong>SV Wehen Wiesbaden \u2013 SpVgg Bayreuth (19.00 Uhr)<\/strong><\/em><\/p>\n\n\n\n<p><img loading=\"lazy\" decoding=\"async\" width=\"10\" height=\"21\" class=\"wp-image-3656\" style=\"width: 10px;\" src=\"http:\/\/kommentatorenblog.de\/wp-content\/uploads\/2020\/09\/shure-55sh-ii-e1601485394796.jpg\" alt=\"\" srcset=\"https:\/\/kommentatorenblog.de\/wp-content\/uploads\/2020\/09\/shure-55sh-ii-e1601485394796.jpg 415w, https:\/\/kommentatorenblog.de\/wp-content\/uploads\/2020\/09\/shure-55sh-ii-e1601485394796-142x300.jpg 142w\" sizes=\"auto, (max-width: 10px) 100vw, 10px\" \/> Julian Engelhard<\/p>\n\n\n\n<p>Moderation: Kamila Benschop<\/p>\n\n\n\n<hr class=\"wp-block-separator\"\/>\n\n\n\n<p><strong>Carabao Cup, 1. Runde (DAZN)<\/strong><\/p>\n\n\n\n<p><span style=\"text-decoration: underline;\">Dienstag, 9. August 2022<\/span><\/p>\n\n\n\n<p><em><strong>Charlton Athletic \u2013 Queens Park Rangers (20.45 Uhr)<\/strong><\/em><\/p>\n\n\n\n<p><img loading=\"lazy\" decoding=\"async\" width=\"10\" height=\"21\" class=\"wp-image-3656\" style=\"width: 10px;\" src=\"http:\/\/kommentatorenblog.de\/wp-content\/uploads\/2020\/09\/shure-55sh-ii-e1601485394796.jpg\" alt=\"\" srcset=\"https:\/\/kommentatorenblog.de\/wp-content\/uploads\/2020\/09\/shure-55sh-ii-e1601485394796.jpg 415w, https:\/\/kommentatorenblog.de\/wp-content\/uploads\/2020\/09\/shure-55sh-ii-e1601485394796-142x300.jpg 142w\" sizes=\"auto, (max-width: 10px) 100vw, 10px\" \/> Marcel Seufert<\/p>\n\n\n\n<p><em><strong>Bradford \u2013 Hull City (20.45 Uhr)<\/strong><\/em><\/p>\n\n\n\n<p><img loading=\"lazy\" decoding=\"async\" width=\"10\" height=\"21\" class=\"wp-image-3656\" style=\"width: 10px;\" src=\"http:\/\/kommentatorenblog.de\/wp-content\/uploads\/2020\/09\/shure-55sh-ii-e1601485394796.jpg\" alt=\"\" srcset=\"https:\/\/kommentatorenblog.de\/wp-content\/uploads\/2020\/09\/shure-55sh-ii-e1601485394796.jpg 415w, https:\/\/kommentatorenblog.de\/wp-content\/uploads\/2020\/09\/shure-55sh-ii-e1601485394796-142x300.jpg 142w\" sizes=\"auto, (max-width: 10px) 100vw, 10px\" \/> Christoph Stadtler<\/p>\n\n\n\n<p><span style=\"text-decoration: underline;\">Mittwoch, 10. August 2022<\/span><\/p>\n\n\n\n<p><em><strong>Sheffield Wednesday \u2013 AFC Sunderland (20.45 Uhr)<\/strong><\/em><\/p>\n\n\n\n<p><img loading=\"lazy\" decoding=\"async\" width=\"10\" height=\"21\" class=\"wp-image-3656\" style=\"width: 10px;\" src=\"http:\/\/kommentatorenblog.de\/wp-content\/uploads\/2020\/09\/shure-55sh-ii-e1601485394796.jpg\" alt=\"\" srcset=\"https:\/\/kommentatorenblog.de\/wp-content\/uploads\/2020\/09\/shure-55sh-ii-e1601485394796.jpg 415w, https:\/\/kommentatorenblog.de\/wp-content\/uploads\/2020\/09\/shure-55sh-ii-e1601485394796-142x300.jpg 142w\" sizes=\"auto, (max-width: 10px) 100vw, 10px\" \/> Uli Hebel<\/p>\n\n\n\n<hr class=\"wp-block-separator\"\/>\n\n\n\n<p><strong>Fu\u00dfball International (Sportdigital FUSSBALL)<\/strong>:<\/p>\n\n\n\n<hr class=\"wp-block-separator\"\/>\n\n\n\n<p><strong>AFC Cup (Zonen-Halbfinale)<\/strong><\/p>\n\n\n\n<p><span style=\"text-decoration: underline;\">Dienstag, 9. August 2022 <\/span><\/p>\n\n\n\n<p><em><strong>PSM Makassar \u2013 Kedah Darul Aman FC (13.00 Uhr)<\/strong><\/em><\/p>\n\n\n\n<p><img loading=\"lazy\" decoding=\"async\" width=\"10\" height=\"21\" class=\"wp-image-3656\" style=\"width: 10px;\" src=\"http:\/\/kommentatorenblog.de\/wp-content\/uploads\/2020\/09\/shure-55sh-ii-e1601485394796.jpg\" alt=\"\" srcset=\"https:\/\/kommentatorenblog.de\/wp-content\/uploads\/2020\/09\/shure-55sh-ii-e1601485394796.jpg 415w, https:\/\/kommentatorenblog.de\/wp-content\/uploads\/2020\/09\/shure-55sh-ii-e1601485394796-142x300.jpg 142w\" sizes=\"auto, (max-width: 10px) 100vw, 10px\" \/> Henrik Hinrichsen<\/p>\n\n\n\n<p><span style=\"text-decoration: underline;\">Mittwoch, 10. August 2022 <\/span><\/p>\n\n\n\n<p><em><strong>Viettel FC \u2013 Kuala Lumpur City FC (13.00 Uhr)<\/strong><\/em><\/p>\n\n\n\n<p><img loading=\"lazy\" decoding=\"async\" width=\"10\" height=\"21\" class=\"wp-image-3656\" style=\"width: 10px;\" src=\"http:\/\/kommentatorenblog.de\/wp-content\/uploads\/2020\/09\/shure-55sh-ii-e1601485394796.jpg\" alt=\"\" srcset=\"https:\/\/kommentatorenblog.de\/wp-content\/uploads\/2020\/09\/shure-55sh-ii-e1601485394796.jpg 415w, https:\/\/kommentatorenblog.de\/wp-content\/uploads\/2020\/09\/shure-55sh-ii-e1601485394796-142x300.jpg 142w\" sizes=\"auto, (max-width: 10px) 100vw, 10px\" \/> Manuel Meyer<\/p>\n\n\n\n<hr class=\"wp-block-separator\"\/>\n\n\n\n<p><strong>UEFA Champions League (3. Qualifikationsrunde, R\u00fcckspiel)  <\/strong><\/p>\n\n\n\n<p><span style=\"text-decoration: underline;\">Dienstag, 9. August 2022<\/span><\/p>\n\n\n\n<p><em><strong>PSV Eindhoven \u2013 AS Monaco (20.30 Uhr) <\/strong><\/em><\/p>\n\n\n\n<p><img loading=\"lazy\" decoding=\"async\" width=\"10\" height=\"21\" class=\"wp-image-3656\" style=\"width: 10px;\" src=\"http:\/\/kommentatorenblog.de\/wp-content\/uploads\/2020\/09\/shure-55sh-ii-e1601485394796.jpg\" alt=\"\" srcset=\"https:\/\/kommentatorenblog.de\/wp-content\/uploads\/2020\/09\/shure-55sh-ii-e1601485394796.jpg 415w, https:\/\/kommentatorenblog.de\/wp-content\/uploads\/2020\/09\/shure-55sh-ii-e1601485394796-142x300.jpg 142w\" sizes=\"auto, (max-width: 10px) 100vw, 10px\" \/> Jonathan Dreier<\/p>\n\n\n\n<hr class=\"wp-block-separator\"\/>\n\n\n\n<p><strong>CONMEBOL Libertadores (Viertelfinale, R\u00fcckspiel) <\/strong><\/p>\n\n\n\n<p><span style=\"text-decoration: underline;\">Donnerstag, 11. August 2022<\/span><\/p>\n\n\n\n<p><em><strong>Palmeiras<\/strong><\/em><strong><em> \u2013 Atletico Mineiro (02.30 Uhr)<\/em><\/strong><\/p>\n\n\n\n<p><img loading=\"lazy\" decoding=\"async\" width=\"10\" height=\"21\" class=\"wp-image-3656\" style=\"width: 10px;\" src=\"http:\/\/kommentatorenblog.de\/wp-content\/uploads\/2020\/09\/shure-55sh-ii-e1601485394796.jpg\" alt=\"\" srcset=\"https:\/\/kommentatorenblog.de\/wp-content\/uploads\/2020\/09\/shure-55sh-ii-e1601485394796.jpg 415w, https:\/\/kommentatorenblog.de\/wp-content\/uploads\/2020\/09\/shure-55sh-ii-e1601485394796-142x300.jpg 142w\" sizes=\"auto, (max-width: 10px) 100vw, 10px\" \/> Karsten Linke <\/p>\n\n\n\n<hr class=\"wp-block-separator\"\/>\n\n\n\n<p><strong>Die Analyse:<\/strong><\/p>\n\n\n\n<p><em>UEFA-Supercup<\/em><\/p>\n\n\n\n<p>\u00dcber den Supercup habe ich im Vorwort schon einiges geschrieben, auch wer ihn \u00fcbertragen wird. DAZN sowie RTL sind beide jeweils ab 20.15 Uhr von vor Ort auf Sendung. <\/p>\n\n\n\n<p>Die DAZN-Crew besteht aus Moderatorin Laura Wontorra, die sich ja vergangenen Freitag bereits mit der Eintracht besch\u00e4ftigte, Experte Sami Khedira, der nach dem Champions League Finale im Mai zu seinem zweiten Einsatz als DAZN-Experte kommen wird, Kommentator Jan Platte und Daniel Herzog, der die Interviews f\u00fchren darf. <\/p>\n\n\n\n<p>Bei RTL gibt es beim On-Air Personal eine Person mehr als bei DAZN: Moderieren wird Florian K\u00f6nig zusammen mit Experte Lothar Matth\u00e4us, kommentieren wird das Duo Hagemann\/Freund und RTL hat zwei Field-Reporter mit dabei, Laura Papendick und Thomas Wagner. Mehr gibt es zum UEFA-Supercup dann auch nicht zu erz\u00e4hlen&#8230;<\/p>\n\n\n\n<p><em>3. Liga <\/em><\/p>\n\n\n\n<p>Weiter geht&#8217;s mit der englischen Woche der 3. Liga: die startet am Dienstag um 18.30 Uhr in Oldenburg mit Moderator Michael Augustin und Kommentator Mike M\u00fcnkel. Eine halbe Stunde sp\u00e4ter beginnen dann vier weitere Partien, die in der Konferenz von Alex Klich betreut werden. Zu den Einzelspielen: Bandermann\/Heirler sind an der Gr\u00fcnwalder Stra\u00dfe zugegen, Klostermann\/H\u00f6hner an der Hafenstra\u00dfe in Essen, Stefanie Blochwitz und Lenny Leonhardt begleiten den MSV Duisburg bei seinem Ausw\u00e4rtsspiel in Zwickau und zu guter Letzt Simon K\u00f6pfer und Martin Piller moderieren bzw. kommentieren aus dem Dreisamstadion in Freiburg. <\/p>\n\n\n\n<p>Am Mittwoch gibt es dann ab 19.00 Uhr f\u00fcnf Spiele parallel. In der Konferenz ist der Mann im Einsatz, der Tags zuvor noch auf Giesings-H\u00f6hen unterwegs war, die Rede ist von Sascha Bandermann. Schauen wir in die Stadien sehen wir Stefan Fuckert, Christian Stra\u00dfburger und Experte Thomas Kraus beim Topspiel in Mannheim, Julian Engelhard und Kamila Benschop sind in der BRITA-Arena zu Wiesbaden zugegen, Kommentator Markus Herwig ist derweil zusammen mit Stefanie Blochwitz im Rudolf-Harbig-Stadion Dresdens unterwegs, Phillip Konrad und Cedric Pick melden sich aus Saarbr\u00fccken und last but not least gibt es einen Doppeleinsatz f\u00fcr Konstantin Klostermann, der zusammen mit Gari Paubandt an der Bremer Br\u00fccke zu Gast sein darf. <\/p>\n\n\n\n<p><em>Carabao Cup &amp; Sportdigital FUSSBALL<\/em><\/p>\n\n\n\n<p>Was gibt es sonst noch zu schauen? Auf DAZN laufen am Dienstag und Mittwoch insgesamt drei Spiele der ersten Runde des Carabao Cups, welche kommentiert werden von Marcel Seufert, Christoph Stadtler und na klar, Uli Hebel. Au\u00dferdem gibt es noch Spiele bei Sportdigital FUSSBALL zu sehen, welche seht ihr ja oben in den Ansetzungen. <\/p>\n\n\n\n<p>So, das war&#8217;s dann auch schon wieder f\u00fcr heute, ich w\u00fcnsche euch eine sportliche und vor allem sch\u00f6ne Woche, bis bald und Tschau! <\/p>\n","protected":false},"excerpt":{"rendered":"<p>N&#8217;Abend allerseits, nicht nur bei den Fans von Eintracht Frankfurt ist die Vorfreude auf das Duell um den Supercup in Helsinki riesengro\u00df, auch viele weitere Fu\u00dfballfans sind gespannt ob die Eintracht Wiedergutmachung nach dem Bundesligastart betreiben kann, auch wenn Real Madrid kein ganz so einfacher Gegner sein wird. Aber klar ist, dass es ein Highlight [&hellip;]<\/p>\n","protected":false},"author":7,"featured_media":0,"comment_status":"open","ping_status":"open","sticky":false,"template":"","format":"standard","meta":{"footnotes":""},"categories":[425],"tags":[232,256,35,171,212,148,32,726,48,507,315,489,59,378,75,44,294,31,597,276,43,118,67,130,383,409,293,690,732,12,415,394,135,151,673,833,33,105],"class_list":["post-13491","post","type-post","status-publish","format-standard","hentry","category-champions-league-und-co","tag-alexander-klich","tag-cedric-pick","tag-christian-strassburger","tag-christoph-stadtler","tag-daniel-herzog","tag-florian-koenig","tag-gari-paubandt","tag-henrik-hinrichsen","tag-jan-platte","tag-jonathan-dreier","tag-julian-engelhard","tag-kamila-benschop","tag-karsten-linke","tag-konstantin-klostermann","tag-laura-papendick","tag-laura-wontorra","tag-lenny-leonhardt","tag-lothar-matthaeus","tag-manuel-meyer","tag-marcel-seufert","tag-marco-hagemann","tag-markus-herwig","tag-markus-hoehner","tag-martin-piller","tag-michael-augustin","tag-mike-muenkel","tag-oskar-heirler","tag-philip-konrad","tag-sami-khedira","tag-sascha-bandermann","tag-simon-koepfer","tag-stefan-fuckert","tag-stefanie-blochwitz","tag-steffen-freund","tag-steven-ruprecht","tag-thomas-kraus","tag-thomas-wagner","tag-uli-hebel"],"_links":{"self":[{"href":"https:\/\/kommentatorenblog.de\/index.php?rest_route=\/wp\/v2\/posts\/13491","targetHints":{"allow":["GET"]}}],"collection":[{"href":"https:\/\/kommentatorenblog.de\/index.php?rest_route=\/wp\/v2\/posts"}],"about":[{"href":"https:\/\/kommentatorenblog.de\/index.php?rest_route=\/wp\/v2\/types\/post"}],"author":[{"embeddable":true,"href":"https:\/\/kommentatorenblog.de\/index.php?rest_route=\/wp\/v2\/users\/7"}],"replies":[{"embeddable":true,"href":"https:\/\/kommentatorenblog.de\/index.php?rest_route=%2Fwp%2Fv2%2Fcomments&post=13491"}],"version-history":[{"count":40,"href":"https:\/\/kommentatorenblog.de\/index.php?rest_route=\/wp\/v2\/posts\/13491\/revisions"}],"predecessor-version":[{"id":13531,"href":"https:\/\/kommentatorenblog.de\/index.php?rest_route=\/wp\/v2\/posts\/13491\/revisions\/13531"}],"wp:attachment":[{"href":"https:\/\/kommentatorenblog.de\/index.php?rest_route=%2Fwp%2Fv2%2Fmedia&parent=13491"}],"wp:term":[{"taxonomy":"category","embeddable":true,"href":"https:\/\/kommentatorenblog.de\/index.php?rest_route=%2Fwp%2Fv2%2Fcategories&post=13491"},{"taxonomy":"post_tag","embeddable":true,"href":"https:\/\/kommentatorenblog.de\/index.php?rest_route=%2Fwp%2Fv2%2Ftags&post=13491"}],"curies":[{"name":"wp","href":"https:\/\/api.w.org\/{rel}","templated":true}]}}