{"id":13579,"date":"2022-08-22T17:57:19","date_gmt":"2022-08-22T15:57:19","guid":{"rendered":"http:\/\/kommentatorenblog.de\/?p=13579"},"modified":"2023-01-02T16:38:54","modified_gmt":"2023-01-02T14:38:54","slug":"1276-tv-rechte-und-european-championships","status":"publish","type":"post","link":"https:\/\/kommentatorenblog.de\/?p=13579","title":{"rendered":"1276 &#8211; TV- Rechte und European Championships"},"content":{"rendered":"\n<p>Hallo zusammen,<\/p>\n\n\n\n<p>am Sonntag ging in M\u00fcnchen eines der gr\u00f6\u00dften Sportevents in Deutschland in den letzten Jahren zu Ende, die European Championships. Sowohl vor dem Bildschirm, als auch an den Wettkampfst\u00e4tten wurde das Event sehr gut von den Zuschauerinnen und Zuschauern angenommen. Einzig im Olympiastadion h\u00e4tte man sich hier und da doch den ein oder anderen Zuschauer mehr gew\u00fcnscht.<\/p>\n\n\n\n<p>Nichtsdestotrotz kann man die Veranstaltung in M\u00fcnchen als Erfolg sehen, und auch \u00fcber eine Olympiabewerbung in Deutschland nachdenken. Mit M\u00fcnchen und Berlin jeweils mit Umgebung oder Rhein-Ruhr h\u00e4tte man im Sommer Orte\/Regionen mit entsprechender Infrastruktur. F\u00fcr den Winter k\u00e4me Garmisch-Partenkirchen\/Berchtesgadener Land mit M\u00fcnchen in Betracht. M\u00fcnchen und Berlin alleine d\u00fcrften im Sommer mit der Gr\u00f6\u00dfe Olympias vielleicht Probleme bekommen, aber mit &#8222;Partnerst\u00e4dten&#8220; wie Augsburg, Stuttgart bzw. Potsdam, Leipzig,&#8230; k\u00f6nnte dies durchaus m\u00f6glich sein.<\/p>\n\n\n\n<p><strong>Was kommt nach M\u00fcnchen 2022?<\/strong><\/p>\n\n\n\n<p>Wie es mit den European Championships weitergeht, ist unterdessen noch nicht ganz sicher. Die M\u00f6glichkeit auf Bewerbung f\u00fcr 2026 gibt es,  auch wenn die Leichtathletik sich daraus wieder losl\u00f6sen m\u00f6chte und Schwimmen dieses Jahr nicht Teil der EC war. Das k\u00f6nnte durch die Veranstaltung vor Herausforderungen stellen, vielleicht werden die Europameisterschaften aber \u00e4hnlich wie beim Schwimmen in Zukunft nur an anderem Ort zur selben Zeit ausgetragen. Man sollte sich bem\u00fchen, das Event beizubehalten, M\u00fcnchen hat gezeigt warum.<\/p>\n\n\n\n<p>Da dies, aufgrund fehlender Zeit, mein erster Beitrag seit l\u00e4ngerer Zeit ist, der letzte stammte von der Euro 2022 m\u00f6chte ich kurz zur\u00fcckblicken und an diesen ankn\u00fcpfen: Denn damals kam ja auch die Frage nach dem Interesse der EM der Frauen auf.&nbsp;Deshalb hier mal kurz die ARD- Quoten des Finals:&nbsp;17,90mio Zuschauer&nbsp;64,8 % Markanteil beim gesamt Publikum. Bei der Zielgruppe (14-49 Jahre) waren es sogar 71%, und an der Spitze bis zu 22 mio Zuschauenden laut der ARD (Quelle:<a href=\"https:\/\/www.dwdl.de\/zahlenzentrale\/89008\/traumquote_emfinale_bringt_allzeitrekord_fuer_den_frauenfussball\/\">https:\/\/www.dwdl.de\/zahlenzentrale\/89008\/traumquote_emfinale_bringt_allzeitrekord_fuer_den_frauenfussball\/<\/a>).<\/p>\n\n\n\n<p><strong>Nach der EM ist vor der WM und auch der Bundesliga<\/strong><\/p>\n\n\n\n<p>Im n\u00e4chsten Jahr steht dann auch schon das n\u00e4chste Gro\u00dfereignis bei den Frauen an: Die WM in Australien und Neuseeland. Problematisch f\u00fcr solch gute TV- Quoten k\u00f6nnten dann die Ansto\u00dfzeiten werden, da Australien und Neuseeland uns zwischen acht bis zehn Stunden voraus sind.<\/p>\n\n\n\n<p>Nicht untergehen darf aber in der Zwischenzeit die heimische Liga und auch der DFB- Pokal (der an diesem Wochenende begann, allerdings noch ohne die Erstligisten). Durch die EM ist der Liga- Start sehr sp\u00e4t, erst Mitte September geht es los, aber dann so richtig: Das Er\u00f6ffnungsspiel gibt es Freitagabend im Frankfurter Waldstadion, wenn die Eintracht den FC Bayern M\u00fcnchen empf\u00e4ngt, zu sehen, live bei Eurosport, oder im Stadion. Die Woche darauf gibt es dann (am 26.09) zur Sportschau- Sendezeit die Partie Hoffenheim- Wolfsburg live im Ersten. Dann gilt es den Schwung aus der EM bestm\u00f6glich mit in die Liga, die Stadien und vor den TV- Bildschirm zu nehmen.<\/p>\n\n\n\n<p>Die \u00dcbertragungen in dieser Saison werden dabei \u00e4hnlich sein zu der letzten Saison: Magenta zeigt alle Spiele live, Eurosport meist am Freitag und auch die ARD hat das Recht auf ein Spiel pro Spieltag. In der letzten Saison \u00fcbertrug man dabei einmal im Ersten, mehrmals in den Dritten (NDR, SWR, rbb, BR) oder als Stream auf sportschau.de. Zudem gab es einige Zusammenfassungen in der Sportschau am Samstag und Sonntag. \u00c4hnliches kann man in dieser Saison auch erwarten, w\u00fcnschenswert w\u00e4re sicher, dass mehr Partien auch noch im linearen TV laufen und zudem die Anzahl an Sportschau- Zusammenfassungen zunimmt. Und vor allem, dass bei den Sendern die Bundesliga nicht untergeht w\u00e4hrend der M\u00e4nner &#8211; WM, denn die Frauen spielen bis Mitte Dezember weiter. Das k\u00f6nnte sowohl f\u00fcr den Fu\u00dfball der Frauen als auch den Wintersport medial gesehen eine Herausforderung werden.<\/p>\n\n\n\n<p><strong>Neue TV- Rechte ab n\u00e4chster Saison<\/strong><\/p>\n\n\n\n<p>Ab n\u00e4chster Saison kann sich die TV- Situation aber durchaus \u00e4ndern, denn aktuell l\u00e4uft die TV- Ausschreibung f\u00fcr die Bundesliga der Frauen und der 3. Liga. Zeitgleich, aber in getrennten Paketen. Dabei werden sowohl Pay-TV, Free-TV und Highlight- Pakete ausgeschrieben, wobei es unterschiedliche Szenarien, wie viele Spiele es im Free-TV geben wird. In der Bundesliga, so hei\u00dft es in einem Artikel der Sport Bild, k\u00f6nnte es bis zu 44 Spiele, als zwei pro Spieltag, frei empfangbar geben. Bei der 3. Liga gibt es laut dem Kicker eine gro\u00dfe Spannbreite, von nur noch 10 Spielen, \u00fcber die aktuellen 86 bis zu 114 Spiele sind hier frei empfangbar m\u00f6glich.<\/p>\n\n\n\n<p>Hier ist es also nicht nur spannend, wer sich die Rechte schnappt, sondern auch wie viele noch frei empfangbar sein werden. Im Interesse des Fu\u00dfballs und der Fans w\u00e4re es nat\u00fcrlich, wenn es so viele wie m\u00f6glich sind.<\/p>\n\n\n\n<p><strong>Wer schnappt sich welche Rechte?<\/strong><\/p>\n\n\n\n<p>In Liga 3 kann ich mir gut vorstellen, dass Magenta und die ARD weiterhin Interesse an ihren aktuellen Paketen haben werden. F\u00fcr weniger Free-TV- Spiele k\u00f6nnten hier auch weitere Anbieter in die Verlosung hineinkommen.<\/p>\n\n\n\n<p>Bei der Bundesliga der Frauen konnte man als Interessenten f\u00fcr die frei empfangbaren Spiele schon ARD und ZDF, Eurosport, Sport1 sowie ProSiebenSat1 lesen. Im PayTV- Bereich \u00e4u\u00dferte Sky ja bereits sein Interesse, auch hier d\u00fcrfte Magenta Interesse haben, DAZN eventuell auch, wobei alle Spiele f\u00fcr den Sender zu viel sein d\u00fcrften.<\/p>\n\n\n\n<p>Daneben darf nicht vergessen werden, dass auch die TV- Rechte f\u00fcr die Nationalmannschaft der Frauen nun gesondert und nicht mehr in dem 3.Liga\/Bundesliga Frauen- Paket vergeben werden. Aktuell liegen die Rechte noch bei ARD und ZDF. Selbiges galt f\u00fcr die Gro\u00dfereignisse bei den Frauen in den letzten Jahren. F\u00fcr die WM 2023 werden auch hier die Rechte neu vergeben.<\/p>\n\n\n\n<p>Es kann sich also Recht- technisch einiges bei den Frauen \u00e4ndern, oder auch nicht, je nach dem, wer sich die Recht sichert. Mit Blick auf dem Erfolg der DFB- Frauen bei der EM kam man wohl sagen, dass dieser den Preis durchaus ein gesteigert haben d\u00fcrfte.<\/p>\n\n\n\n<hr class=\"wp-block-separator\"\/>\n\n\n\n<p><strong><em>Die Ansetzungen vom 23. August 2022 bis zum 25 August 2022 <\/em><\/strong><\/p>\n\n\n\n<hr class=\"wp-block-separator\"\/>\n\n\n\n<p><strong>DFB- Pokal der Frauen, 1. Runde (Sky)<\/strong><\/p>\n\n\n\n<p><span style=\"text-decoration: underline;\">Montag, 22. August 2022, ab 17.45 Uhr<\/span><\/p>\n\n\n\n<p><em><strong>Holstein Kiel \u2013 VfL Bochum (18.01 Uhr)<\/strong><\/em><\/p>\n\n\n\n<p><img loading=\"lazy\" decoding=\"async\" width=\"10\" height=\"21\" class=\"wp-image-3656\" style=\"width: 10px;\" src=\"http:\/\/kommentatorenblog.de\/wp-content\/uploads\/2020\/09\/shure-55sh-ii-e1601485394796.jpg\" alt=\"\" srcset=\"https:\/\/kommentatorenblog.de\/wp-content\/uploads\/2020\/09\/shure-55sh-ii-e1601485394796.jpg 415w, https:\/\/kommentatorenblog.de\/wp-content\/uploads\/2020\/09\/shure-55sh-ii-e1601485394796-142x300.jpg 142w\" sizes=\"auto, (max-width: 10px) 100vw, 10px\" \/> Hannes Herrmann<\/p>\n\n\n\n<p>Moderation: Nele Schenker<\/p>\n\n\n\n<p><strong>UEFA Champions League Playoff-R\u00fcckspiele <\/strong><\/p>\n\n\n\n<p><span style=\"text-decoration: underline;\">Dienstag, 23. August 2022 ab 20.30 Uhr (Prime Video exklusives Einzelspiel)<\/span><\/p>\n\n\n\n<p><em><strong>Benfica Lissabon \u2013 Dynamo Kiew (21.00 Uhr)<\/strong><\/em><\/p>\n\n\n\n<p><img loading=\"lazy\" decoding=\"async\" width=\"10\" height=\"21\" class=\"wp-image-3656\" style=\"width: 10px;\" src=\"http:\/\/kommentatorenblog.de\/wp-content\/uploads\/2020\/09\/shure-55sh-ii-e1601485394796.jpg\" alt=\"\" srcset=\"https:\/\/kommentatorenblog.de\/wp-content\/uploads\/2020\/09\/shure-55sh-ii-e1601485394796.jpg 415w, https:\/\/kommentatorenblog.de\/wp-content\/uploads\/2020\/09\/shure-55sh-ii-e1601485394796-142x300.jpg 142w\" sizes=\"auto, (max-width: 10px) 100vw, 10px\" \/> Jonas Friedrich; Experte: Benedikt H\u00f6wedes <\/p>\n\n\n\n<p>Moderation: Sebastian Hellmann, Interviews Annika Zimmermann<\/p>\n\n\n\n<p>ExpertInnen: Patrick Owomoyela, Kim Kulig<\/p>\n\n\n\n<p><span style=\"text-decoration: underline;\">ab 21.00 Uhr (DAZN)<\/span><\/p>\n\n\n\n<p><em><strong>Roter Stern Belgrad \u2013 Maccabi Haifa <\/strong><\/em><\/p>\n\n\n\n<p><img loading=\"lazy\" decoding=\"async\" width=\"10\" height=\"21\" class=\"wp-image-3656\" style=\"width: 10px;\" src=\"http:\/\/kommentatorenblog.de\/wp-content\/uploads\/2020\/09\/shure-55sh-ii-e1601485394796.jpg\" alt=\"\" srcset=\"https:\/\/kommentatorenblog.de\/wp-content\/uploads\/2020\/09\/shure-55sh-ii-e1601485394796.jpg 415w, https:\/\/kommentatorenblog.de\/wp-content\/uploads\/2020\/09\/shure-55sh-ii-e1601485394796-142x300.jpg 142w\" sizes=\"auto, (max-width: 10px) 100vw, 10px\" \/> Mario Rieker<\/p>\n\n\n\n<p><em><strong>Pilsen \u2013 Qarabag<\/strong><\/em><\/p>\n\n\n\n<p><img loading=\"lazy\" decoding=\"async\" width=\"10\" height=\"21\" class=\"wp-image-3656\" style=\"width: 10px;\" src=\"http:\/\/kommentatorenblog.de\/wp-content\/uploads\/2020\/09\/shure-55sh-ii-e1601485394796.jpg\" alt=\"\" srcset=\"https:\/\/kommentatorenblog.de\/wp-content\/uploads\/2020\/09\/shure-55sh-ii-e1601485394796.jpg 415w, https:\/\/kommentatorenblog.de\/wp-content\/uploads\/2020\/09\/shure-55sh-ii-e1601485394796-142x300.jpg 142w\" sizes=\"auto, (max-width: 10px) 100vw, 10px\" \/> Guido H\u00fcsgen<\/p>\n\n\n\n<p><span style=\"text-decoration: underline;\">Mittwoch, 24. August ab 21.00 Uhr (DAZN)<\/span><\/p>\n\n\n\n<p><em><strong>PSV Eindhoven \u2013 Glasgow Rangers<\/strong><\/em><\/p>\n\n\n\n<p><img loading=\"lazy\" decoding=\"async\" width=\"10\" height=\"21\" class=\"wp-image-3656\" style=\"width: 10px;\" src=\"http:\/\/kommentatorenblog.de\/wp-content\/uploads\/2020\/09\/shure-55sh-ii-e1601485394796.jpg\" alt=\"\" srcset=\"https:\/\/kommentatorenblog.de\/wp-content\/uploads\/2020\/09\/shure-55sh-ii-e1601485394796.jpg 415w, https:\/\/kommentatorenblog.de\/wp-content\/uploads\/2020\/09\/shure-55sh-ii-e1601485394796-142x300.jpg 142w\" sizes=\"auto, (max-width: 10px) 100vw, 10px\" \/> Max Siebald<\/p>\n\n\n\n<p><em><strong>Trabzonspor \u2013 FC Kopenhagen <\/strong><\/em><\/p>\n\n\n\n<p><img loading=\"lazy\" decoding=\"async\" width=\"10\" height=\"21\" class=\"wp-image-3656\" style=\"width: 10px;\" src=\"http:\/\/kommentatorenblog.de\/wp-content\/uploads\/2020\/09\/shure-55sh-ii-e1601485394796.jpg\" alt=\"\" srcset=\"https:\/\/kommentatorenblog.de\/wp-content\/uploads\/2020\/09\/shure-55sh-ii-e1601485394796.jpg 415w, https:\/\/kommentatorenblog.de\/wp-content\/uploads\/2020\/09\/shure-55sh-ii-e1601485394796-142x300.jpg 142w\" sizes=\"auto, (max-width: 10px) 100vw, 10px\" \/> Tom Kirsten<\/p>\n\n\n\n<p><em><strong>Dinamo Zagreb \u2013 Bod\u00f6\/Glimt <\/strong><\/em><\/p>\n\n\n\n<p><img loading=\"lazy\" decoding=\"async\" width=\"10\" height=\"21\" class=\"wp-image-3656\" style=\"width: 10px;\" src=\"http:\/\/kommentatorenblog.de\/wp-content\/uploads\/2020\/09\/shure-55sh-ii-e1601485394796.jpg\" alt=\"\" srcset=\"https:\/\/kommentatorenblog.de\/wp-content\/uploads\/2020\/09\/shure-55sh-ii-e1601485394796.jpg 415w, https:\/\/kommentatorenblog.de\/wp-content\/uploads\/2020\/09\/shure-55sh-ii-e1601485394796-142x300.jpg 142w\" sizes=\"auto, (max-width: 10px) 100vw, 10px\" \/> Chris Putz<\/p>\n\n\n\n<hr class=\"wp-block-separator\"\/>\n\n\n\n<p><strong>Europa-Conference-League<\/strong> Playoff-R\u00fcckspiel<\/p>\n\n\n\n<p><span style=\"text-decoration: underline;\">Donnerstag, 25. August ab 18.45 Uhr (RTL+)<\/span><\/p>\n\n\n\n<p><em><strong><em><strong>Feh\u00e9rv\u00e1r FC<\/strong><\/em> \u2013 1.FC K\u00f6ln (19.00 Uhr)<\/strong><\/em><\/p>\n\n\n\n<p><img loading=\"lazy\" decoding=\"async\" width=\"10\" height=\"21\" class=\"wp-image-3656\" style=\"width: 10px;\" src=\"http:\/\/kommentatorenblog.de\/wp-content\/uploads\/2020\/09\/shure-55sh-ii-e1601485394796.jpg\" alt=\"\" srcset=\"https:\/\/kommentatorenblog.de\/wp-content\/uploads\/2020\/09\/shure-55sh-ii-e1601485394796.jpg 415w, https:\/\/kommentatorenblog.de\/wp-content\/uploads\/2020\/09\/shure-55sh-ii-e1601485394796-142x300.jpg 142w\" sizes=\"auto, (max-width: 10px) 100vw, 10px\" \/> Cornelius K\u00fcpper<br>Interviews: Thomas Wagner<\/p>\n\n\n\n<hr class=\"wp-block-separator\"\/>\n\n\n\n<p><strong>Carabao Cup (DAZN)<\/strong><\/p>\n\n\n\n<p><span style=\"text-decoration: underline;\">Dienstag, 23. August ab 20,45 Uhr <\/span><\/p>\n\n\n\n<p><em><strong>Bolton \u2013 Aston Villa (20.45 Uhr)<\/strong><\/em><\/p>\n\n\n\n<p><img loading=\"lazy\" decoding=\"async\" width=\"10\" height=\"21\" class=\"wp-image-3656\" style=\"width: 10px;\" src=\"http:\/\/kommentatorenblog.de\/wp-content\/uploads\/2020\/09\/shure-55sh-ii-e1601485394796.jpg\" alt=\"\" srcset=\"https:\/\/kommentatorenblog.de\/wp-content\/uploads\/2020\/09\/shure-55sh-ii-e1601485394796.jpg 415w, https:\/\/kommentatorenblog.de\/wp-content\/uploads\/2020\/09\/shure-55sh-ii-e1601485394796-142x300.jpg 142w\" sizes=\"auto, (max-width: 10px) 100vw, 10px\" \/> Michael Born<\/p>\n\n\n\n<p><em><strong>Fleetwood \u2013 Everton (20,45 Uhr)<\/strong><\/em><\/p>\n\n\n\n<p><img loading=\"lazy\" decoding=\"async\" width=\"10\" height=\"21\" class=\"wp-image-3656\" style=\"width: 10px;\" src=\"http:\/\/kommentatorenblog.de\/wp-content\/uploads\/2020\/09\/shure-55sh-ii-e1601485394796.jpg\" alt=\"\" srcset=\"https:\/\/kommentatorenblog.de\/wp-content\/uploads\/2020\/09\/shure-55sh-ii-e1601485394796.jpg 415w, https:\/\/kommentatorenblog.de\/wp-content\/uploads\/2020\/09\/shure-55sh-ii-e1601485394796-142x300.jpg 142w\" sizes=\"auto, (max-width: 10px) 100vw, 10px\" \/> Uli Hebel<\/p>\n\n\n\n<p><span style=\"text-decoration: underline;\">Mittwoch, 24. August ab 20,45 Uhr <\/span><\/p>\n\n\n\n<p><em><strong>Tranmere \u2013 Newcastle United (20.45 Uhr)<\/strong><\/em><\/p>\n\n\n\n<p><img loading=\"lazy\" decoding=\"async\" width=\"10\" height=\"21\" class=\"wp-image-3656\" style=\"width: 10px;\" src=\"http:\/\/kommentatorenblog.de\/wp-content\/uploads\/2020\/09\/shure-55sh-ii-e1601485394796.jpg\" alt=\"\" srcset=\"https:\/\/kommentatorenblog.de\/wp-content\/uploads\/2020\/09\/shure-55sh-ii-e1601485394796.jpg 415w, https:\/\/kommentatorenblog.de\/wp-content\/uploads\/2020\/09\/shure-55sh-ii-e1601485394796-142x300.jpg 142w\" sizes=\"auto, (max-width: 10px) 100vw, 10px\" \/> Christoph Stadtler<\/p>\n\n\n\n<hr class=\"wp-block-separator\"\/>\n\n\n\n<p><strong>Internationaler Fu\u00dfbal (SportdigitalFUSSBALL)<\/strong><\/p>\n\n\n\n<p><span style=\"text-decoration: underline;\">Mittwoch, 24. August 2022 ab 21.30 Uhr  <\/span><\/p>\n\n\n\n<p><em><strong>FC Barcelona <em>\u2013 <\/em>Manchester City <\/strong><\/em><\/p>\n\n\n\n<p><img loading=\"lazy\" decoding=\"async\" width=\"10\" height=\"21\" class=\"wp-image-3656\" style=\"width: 10px;\" src=\"http:\/\/kommentatorenblog.de\/wp-content\/uploads\/2020\/09\/shure-55sh-ii-e1601485394796.jpg\" alt=\"\" srcset=\"https:\/\/kommentatorenblog.de\/wp-content\/uploads\/2020\/09\/shure-55sh-ii-e1601485394796.jpg 415w, https:\/\/kommentatorenblog.de\/wp-content\/uploads\/2020\/09\/shure-55sh-ii-e1601485394796-142x300.jpg 142w\" sizes=\"auto, (max-width: 10px) 100vw, 10px\" \/> Karsten Linke<\/p>\n\n\n\n<hr class=\"wp-block-separator\"\/>\n\n\n\n<p><strong>Copa do Brasil (Halbfinale, Hinspiel)<\/strong><\/p>\n\n\n\n<p><span style=\"text-decoration: underline;\">Donnerstag, 25. August 2022 ab 00.30 Uhr<\/span><\/p>\n\n\n\n<p><em><strong>Fluminese \u2013 Corinthians <\/strong><\/em><\/p>\n\n\n\n<p><img loading=\"lazy\" decoding=\"async\" width=\"10\" height=\"21\" class=\"wp-image-3656\" style=\"width: 10px;\" src=\"http:\/\/kommentatorenblog.de\/wp-content\/uploads\/2020\/09\/shure-55sh-ii-e1601485394796.jpg\" alt=\"\" srcset=\"https:\/\/kommentatorenblog.de\/wp-content\/uploads\/2020\/09\/shure-55sh-ii-e1601485394796.jpg 415w, https:\/\/kommentatorenblog.de\/wp-content\/uploads\/2020\/09\/shure-55sh-ii-e1601485394796-142x300.jpg 142w\" sizes=\"auto, (max-width: 10px) 100vw, 10px\" \/> Christian Blunck<\/p>\n\n\n\n<p><span style=\"text-decoration: underline;\"> ab 02.30 Uhr<\/span><\/p>\n\n\n\n<p><em><strong>FC Sao Paulo \u2013 Flamengo <\/strong><\/em><\/p>\n\n\n\n<p><img loading=\"lazy\" decoding=\"async\" width=\"10\" height=\"21\" class=\"wp-image-3656\" style=\"width: 10px;\" src=\"http:\/\/kommentatorenblog.de\/wp-content\/uploads\/2020\/09\/shure-55sh-ii-e1601485394796.jpg\" alt=\"\" srcset=\"https:\/\/kommentatorenblog.de\/wp-content\/uploads\/2020\/09\/shure-55sh-ii-e1601485394796.jpg 415w, https:\/\/kommentatorenblog.de\/wp-content\/uploads\/2020\/09\/shure-55sh-ii-e1601485394796-142x300.jpg 142w\" sizes=\"auto, (max-width: 10px) 100vw, 10px\" \/> Arne Malsch<\/p>\n\n\n\n<hr class=\"wp-block-separator\"\/>\n\n\n\n<hr class=\"wp-block-separator\"\/>\n\n\n\n<p><strong><em>Die Analyse: <\/em><\/strong><\/p>\n\n\n\n<p>Am Montagabend steht noch ein letztes Spiel der ersten Runde im DFB- Pokal der Frauen an, Sky \u00fcbertr\u00e4gt dieses Spiel live, die Crew ist dabei aus den letztj\u00e4hrigen \u00dcbertragungen bekannt.<\/p>\n\n\n\n<p><strong>Amazon einmal &#8211; DAZN f\u00fcnfmal <\/strong><\/p>\n\n\n\n<p>Ab Dienstag geht es dann mit den CL- Playoffs, ohne deutsche Beteiligung, aber mit jeder Menge \u00dcbertragungen weiter. Amazon hat, wie bereits letzte Woche, ein Spiel. Diesmal ist es die Begegnung zwischen Benfica und Kiew. Amazon ist wieder mit gro\u00dfem Team dabei. Im Vergleich zu letzter Woche l\u00f6st Kulig Josephine Hennig ab, ansonsten bleibt das Team unver\u00e4ndert. Die Crew um Sebastian Hellmann meldet sich aus K\u00f6ln, Annika Zimmermann f\u00fchrt Interviews vor Ort.<\/p>\n\n\n\n<p>Auch DAZN hat wieder Partien im Angebot, f\u00fcnf St\u00fcck sind es insgesamt, davon zwei am Dienstag und drei am Mittwoch. Dabei kann ich Tims Worte von letzter Woche zitieren: Die Playoffs laufen bei DAZN noch auf Sparflamme, keine Konferenz und Vorberichterstattung. <\/p>\n\n\n\n<p>Am Freitag gibt es \u00fcbrigens die CL- Auslosung, und die wird gleich mehrfach \u00fcbertragen, bei Prime mit Jonas Friedrich, bei DAZN mit Christoph Stadtler und Sebastian Knei\u00dfl und im ZDF- Stream mit Bela Rethy.<\/p>\n\n\n\n<p><strong>K\u00f6ln diesmal bei RTL+<\/strong><\/p>\n\n\n\n<p>Auch bei RTL l\u00e4uft die \u00dcbertragung des Conference- Qualifikationsspiels auf Sparflamme und nur bei RTL+ und nicht, wie letzte Woche bei RTL. Au\u00dferdem zu beachten, die fr\u00fchere Ansto\u00dfzeit, bereits um 19.00 Uhr geht es los, dann meldet sich Kommentator Cornelius K\u00fcpper aus K\u00f6ln. F\u00fcr Interviews am Spielfeldrand steht Thomas Wagner.<\/p>\n\n\n\n<p>Neben den Playoffs hat DAZN auch noch drei Partien aus dem englischen Pokal im Angebot. Es kommentieren Michael Born und Uli Hebel am Dienstag und Christoph Stadtler am Mittwoch.<\/p>\n\n\n\n<p>Am Donnerstag meldet sich dann hier Hannes mit dem Beitrag zum n\u00e4chsten Spieltag in der Fu\u00dfball- Bundesliga. Bis dahin eine sch\u00f6ne Woche euch!<\/p>\n\n\n\n<p><\/p>\n","protected":false},"excerpt":{"rendered":"<p>Hallo zusammen, am Sonntag ging in M\u00fcnchen eines der gr\u00f6\u00dften Sportevents in Deutschland in den letzten Jahren zu Ende, die European Championships. Sowohl vor dem Bildschirm, als auch an den Wettkampfst\u00e4tten wurde das Event sehr gut von den Zuschauerinnen und Zuschauern angenommen. Einzig im Olympiastadion h\u00e4tte man sich hier und da doch den ein oder [&hellip;]<\/p>\n","protected":false},"author":10,"featured_media":0,"comment_status":"open","ping_status":"open","sticky":false,"template":"","format":"standard","meta":{"footnotes":""},"categories":[429],"tags":[13,69,134,105],"class_list":["post-13579","post","type-post","status-publish","format-standard","hentry","category-diverses","tag-dazn","tag-jonas-friedrich","tag-sportdigital-fussball","tag-uli-hebel"],"_links":{"self":[{"href":"https:\/\/kommentatorenblog.de\/index.php?rest_route=\/wp\/v2\/posts\/13579","targetHints":{"allow":["GET"]}}],"collection":[{"href":"https:\/\/kommentatorenblog.de\/index.php?rest_route=\/wp\/v2\/posts"}],"about":[{"href":"https:\/\/kommentatorenblog.de\/index.php?rest_route=\/wp\/v2\/types\/post"}],"author":[{"embeddable":true,"href":"https:\/\/kommentatorenblog.de\/index.php?rest_route=\/wp\/v2\/users\/10"}],"replies":[{"embeddable":true,"href":"https:\/\/kommentatorenblog.de\/index.php?rest_route=%2Fwp%2Fv2%2Fcomments&post=13579"}],"version-history":[{"count":8,"href":"https:\/\/kommentatorenblog.de\/index.php?rest_route=\/wp\/v2\/posts\/13579\/revisions"}],"predecessor-version":[{"id":13608,"href":"https:\/\/kommentatorenblog.de\/index.php?rest_route=\/wp\/v2\/posts\/13579\/revisions\/13608"}],"wp:attachment":[{"href":"https:\/\/kommentatorenblog.de\/index.php?rest_route=%2Fwp%2Fv2%2Fmedia&parent=13579"}],"wp:term":[{"taxonomy":"category","embeddable":true,"href":"https:\/\/kommentatorenblog.de\/index.php?rest_route=%2Fwp%2Fv2%2Fcategories&post=13579"},{"taxonomy":"post_tag","embeddable":true,"href":"https:\/\/kommentatorenblog.de\/index.php?rest_route=%2Fwp%2Fv2%2Ftags&post=13579"}],"curies":[{"name":"wp","href":"https:\/\/api.w.org\/{rel}","templated":true}]}}