{"id":1364,"date":"2020-02-06T14:17:32","date_gmt":"2020-02-06T14:17:32","guid":{"rendered":"http:\/\/kommentatorenblog.de\/?p=1364"},"modified":"2021-07-10T11:31:36","modified_gmt":"2021-07-10T09:31:36","slug":"1054-steile-these-und-irres-fussballwochenende","status":"publish","type":"post","link":"https:\/\/kommentatorenblog.de\/?p=1364","title":{"rendered":"1054 \u2013 Steile These und irres Fu\u00dfballwochenende!"},"content":{"rendered":"\n<p>N\u00b4Abend allerseits, <\/p>\n\n\n\n<p>am Dienstag entschied ich mich wie fast immer im <strong>DFB-Pokal <\/strong>f\u00fcr die <strong>ARD<\/strong>. Keine Entscheidung gegen <strong>Sky<\/strong>, aber das HD-Bild bei ARD ist einfach besser. Es w\u00fcrde mich interessieren, ob das bei euch auch so ist &#8211; bzw., habt ihr da mal drauf geachtet? Au\u00dferdem erfreue ich mich immer an gro\u00dfen Produktionen mit Moderator, Field-Reporter, Experte &amp; Co. Naja, zus\u00e4tzlich war ich ausnahmsweise auf einen Stream via Internet angewiesen. Der ARD-Livestream ist hier die bessere Wahl. Das wird die Mehrheit hier auch wissen. Auf meinem Handy mache ich \u00fcbrigens immer W-LAN und Mobile Daten aus, wenn ich ein Spiel \u00fcber Internet schaue. Zu oft bin ich einfach \u201eentt\u00e4uscht\u201c worden, weil ich schon vorher \u00fcber Tore Bescheid wusste. Alte Leier &#8211; habe ich an dieser Stelle zuletzt schon ausgef\u00fchrt. <br><br>Worauf wollte ich eigentlich hinaus? Eine kurze <strong>Einsch\u00e4tzung zur ARD-\u00dcbertragung <\/strong>zwischen Bremen und Dortmund und eine steile These zum Kommentator. <br><strong>Bommes und Broich<\/strong> fand ich stark. Insbesondere Bommes gef\u00e4llt mir jedes Mal besser. Broich stand ich anfangs skeptisch gegen\u00fcber. Ja, der Ausdruck mit geil&amp;Co ist vielleicht f\u00fcr das ARD-Publikum nicht immer \u201eangemessen\u201c. Der Kerl hat aber schlichtweg eine Menge Ahnung von Fu\u00dfball &#8211; in allen Facetten. Und er wei\u00df das Spiel immer fachlich korrekt einzuordnen. Die Interviews der Field-Reporter haben mich jetzt nicht g\u00e4nzlich \u00fcberzeugt. <strong>Bergener <\/strong>argumentierte immer wieder mit den je 5 Toren in den letzten drei Spielen &#8211; langweilig und nicht zielf\u00fchrend. Hummels hat dann einfach trotzdem seine Meinung kundgetan, ohne vollends auf die Fragen des WDR-Manns einzugehen. Mit Janna <strong>Betten <\/strong>werde ich irgendwie \u00fcberhaupt nicht warm. Das wirkt emotionslos und auswendig gelernt. Da fehlt mir teils der Bezug zu den vorherigen Aussagen des Spielers &#8211; meine Meinung. Jetzt zu <strong>Gerd Gottlob<\/strong>. Mir ist aufgefallen, dass er sich im Kommentar \u00f6fters versprochen und nach den richtigen W\u00f6rtern gesucht hat. Das Zusammenspiel mit Broich ist aus meiner Sicht auch ausbauf\u00e4hig. <br><br><strong>Meine These<\/strong>: Reportern wie Gottlob fehlt die <strong>Matchpraxis<\/strong>. Klammern wir mal das Abschiedsspiel von Rafael van der Vaart aus: Wie viele Live-Spiele kommentiert der NDR-Sportchef im Jahr? Bei einem Jahr ohne WM\/EM sind das maximal f\u00fcnf?! F\u00fcr mich bei ihm zu wenige, um die \u201emaximale Leistung\u201c zu erbringen. Nat\u00fcrlich existiert auch die andere Extreme. Kommentatoren h\u00f6ren wir zu oft, bzw. bei Sendern fehlt die gute Mischung.<\/p>\n\n\n\n<p>Denkt jemand \u00e4hnlich wie ich \u00fcber den Kommentar von Gottlob? Wie steht ihr zur \u201eMatchpraxis\u201c bei Kommentatoren? Wie ist die perfekte Mischung? Schreibt es mir in die Kommentare! Und hier die Dosis eines XXL-Wochenendes!<\/p>\n\n\n\n<p><\/p>\n\n\n\n<p><strong><em>Die Ansetzungen vom 07. Februar 2020 bis zum<\/em><\/strong> <strong><em>10. Februar 2020<\/em><\/strong><\/p>\n\n\n\n<p><strong><em>Bundesliga, 21. Spieltag<\/em><\/strong><\/p>\n\n\n\n<p><span style=\"text-decoration: underline;\">Freitag, 07. Februar 2020, ab 20.15 Uhr (DAZN)<\/span><\/p>\n\n\n\n<p><strong><em>Eintracht Frankfurt \u2013 <\/em><\/strong><strong><em>FC Augsburg (20.30 Uhr)<\/em><\/strong><\/p>\n\n\n\n<p>DAZN: Robby Hunke, Experte: Sebastian Knei\u00dfl<\/p>\n\n\n\n<p>Moderation (DAZN): Tobi Wahnschaffe, Field-Reporter: Sebastian Benesch<\/p>\n\n\n\n<p><span style=\"text-decoration: underline;\">Samstag, 08. Februar 2020, ab 14.00 Uhr (Sky)<\/span><\/p>\n\n\n\n<p><strong><em>FC Schalke 04 \u2013 SC Paderborn 07 <\/em><\/strong><strong><em>(15.30 Uhr)<\/em><\/strong><\/p>\n\n\n\n<p>Sky: Kai Dittmann (Einzelspiel), Wolff Fuss (Konferenz)<\/p>\n\n\n\n<p>Field-Reporter: Martin Gro\u00df<\/p>\n\n\n\n<p><strong><em>SV Werder Bremen \u2013 1.FC Union Berlin (15.30 Uhr)<\/em><\/strong><\/p>\n\n\n\n<p>Sky: Marcus Lindemann (Einzelspiel), Tom Bayer (Konferenz)<\/p>\n\n\n\n<p>Field-Reporter: Jens Westen <\/p>\n\n\n\n<p><strong><em>Hertha BSC \u2013 1.FSV Mainz 05 <\/em><\/strong><strong><em>(15.30 Uhr)<\/em><\/strong><\/p>\n\n\n\n<p>Sky: Roland Evers (Einzelspiel), Hansi K\u00fcpper (Konferenz)<\/p>\n\n\n\n<p>Field-Reporterin: Ulli Potofski <\/p>\n\n\n\n<p><strong><em>VfL Wolfsburg \u2013 Fortuna D\u00fcsseldorf (15.30 Uhr)<\/em><\/strong><\/p>\n\n\n\n<p>Sky: Oliver Seidler (Einzelspiel), Markus G\u00f6tz (Konferenz)<\/p>\n\n\n\n<p>Field-Reporterin: Jessica Libbertz<\/p>\n\n\n\n<p><strong><em>SC Freiburg \u2013 <\/em><\/strong> <strong><em>TSG 1899 Hoffenheim<\/em><\/strong> <strong><em>(15.30 Uhr)<\/em><\/strong><\/p>\n\n\n\n<p>Sky: Jonas Friedrich (Einzelspiel), Holger Pfandt (Konferenz)<\/p>\n\n\n\n<p>Field-Reporter: Stefan Hempel <\/p>\n\n\n\n<p>Moderation (Sky): Esther Sedlaczek, Experte:&nbsp;Didi Hamann<\/p>\n\n\n\n<p><span style=\"text-decoration: underline;\">ab 17.30 Uhr (Sky)<\/span><\/p>\n\n\n\n<p><strong><em>Bayer 04 Leverkusen \u2013 Borussia Dortmund (18.30 Uhr)<\/em><\/strong><\/p>\n\n\n\n<p>Sky: Frank Buschmann<\/p>\n\n\n\n<p>Moderation (Sky): Sebastian Hellmann, Experte: Lothar Matth\u00e4us, Field-Reporter: Ecki Heuser <\/p>\n\n\n\n<p><span style=\"text-decoration: underline;\">Sonntag, 09. Februar 2020, ab 14.30 Uhr (Sky)<\/span><\/p>\n\n\n\n<p><strong><em>Borussia M\u00b4Gladbach \u2013 <\/em><\/strong><strong><em>1. FC K\u00f6ln <\/em><\/strong><strong><em>(15.30 Uhr)<\/em><\/strong><\/p>\n\n\n\n<p>Sky: Martin Gro\u00df<\/p>\n\n\n\n<p>Field-Reporter: Marcus Lindemann <\/p>\n\n\n\n<p>Moderation (Sky): Britta Hofmann, Experte: Ewald Lienen<\/p>\n\n\n\n<p><span style=\"text-decoration: underline;\">ab 17.30 Uhr (Sky)<\/span><\/p>\n\n\n\n<p><strong><em>FC Bayern M\u00fcnchen<\/em><\/strong> <strong><em>\u2013 <\/em><\/strong><strong><em>RB Leipzig<\/em><\/strong><strong><em> (18.00 Uhr)<\/em><\/strong><\/p>\n\n\n\n<p>Sky: Wolff Fuss, Field-Reporterin: Esther Sedlaczek<\/p>\n\n\n\n<p>Moderation (Sky): Sebastian Hellmann, Experte: Didi Hamann   <\/p>\n\n\n\n<p><strong>Sky 90 live aus der Allianz Arena: <\/strong><\/p>\n\n\n\n<p>Moderation (Sky): Patrick Wasserziehr<\/p>\n\n\n\n<p>G\u00e4ste: Didi Hamann, Mark van Bommel, Marcel Reif, tba<\/p>\n\n\n\n<p><strong><em>2. Bundesliga 21. Spieltag<\/em><\/strong><\/p>\n\n\n\n<p><span style=\"text-decoration: underline;\">Freitag, 07. Februar 2020, ab 18.00 Uhr (Sky)<\/span><\/p>\n\n\n\n<p><strong><em>Dynamo Dresden \u2013 SV Darmstadt 98 (18.30 Uhr) <\/em><\/strong><\/p>\n\n\n\n<p>Sky: Ulli Potofski, Field-Reporterin: Nele Schenker <\/p>\n\n\n\n<p><strong><em>SV Sandhausen \u2013 1.FC Heidenheim (18.30 Uhr)<\/em><\/strong><\/p>\n\n\n\n<p>Sky: Sven Haist, Interviews: Schalte <\/p>\n\n\n\n<p>Moderation (Sky): Stefan Hempel<\/p>\n\n\n\n<p><span style=\"text-decoration: underline;\">Samstag, 08. Februar 2020, ab 12.30 Uhr (Sky)<\/span><\/p>\n\n\n\n<p><strong><em>Hamburger SV \u2013 Karlsruher SC <\/em><\/strong><strong>(<em>13.00 Uhr)<\/em><\/strong><\/p>\n\n\n\n<p>Sky: Klaus Veltmann, Field-Reporter: Jurek Rohrberg<\/p>\n\n\n\n<p><strong><em>VfB Stuttgart \u2013 Erzgebirge Aue (13.00 Uhr)<\/em><\/strong><\/p>\n\n\n\n<p>Sky: Florian Schmidt-Sommerfeld, Interviews: Schalte <\/p>\n\n\n\n<p><strong><em>VfL Osnabr\u00fcck \u2013 1.FC N\u00fcrnberg (13.00 Uhr)<\/em><\/strong><\/p>\n\n\n\n<p>Sky: Torsten Kunde<\/p>\n\n\n\n<p>Moderation (Sky): Peter Hardenacke<\/p>\n\n\n\n<p><span style=\"text-decoration: underline;\">Sonntag, 09. Februar 2020, ab 13.00 Uhr (Sky)<\/span><\/p>\n\n\n\n<p><strong><em>Arminia Bielefeld \u2013 <\/em><\/strong> <strong><em>Jahn Regensburg<\/em><\/strong> <strong><em>(13.30 Uhr)<\/em><\/strong><\/p>\n\n\n\n<p>Sky: J\u00fcrgen Schmitz, Field-Reporter: Dirk grosse Schlarmann<\/p>\n\n\n\n<p><strong><em>SpVgg Greuther F\u00fcrth \u2013 Hannover 96 (13.30 Uhr)<\/em><\/strong><\/p>\n\n\n\n<p>Sky: Holger Pfandt, Interviews: Schalte<\/p>\n\n\n\n<p><strong><em>SV Wehen Wiesbaden \u2013 VfL Bochum (13.30 Uhr)<\/em><\/strong><\/p>\n\n\n\n<p>Sky: Klaus Veltmann<\/p>\n\n\n\n<p>Moderation (Sky): Hartmut von Kameke<\/p>\n\n\n\n<p><span style=\"text-decoration: underline;\">Montag, 10. Februar 2020, ab 20.00 Uhr (Sky)<\/span><\/p>\n\n\n\n<p><strong><em>Holstein Kiel \u2013 FC. St. Pauli (20.30 Uhr)<\/em><\/strong><\/p>\n\n\n\n<p>Sky: Michael Born <\/p>\n\n\n\n<p>Field-Reporter: Sven T\u00f6llner <\/p>\n\n\n\n<p>Moderation (Sky): Yannick Erkenbrecher <\/p>\n\n\n\n<p><strong><em>3. Liga, <\/em><\/strong><strong><em>22. Spieltag<\/em><\/strong><\/p>\n\n\n\n<p><span style=\"text-decoration: underline;\">Freitag, 07. Februar 2020, ab 18.30 Uhr (Magenta Sport)<\/span><\/p>\n\n\n\n<p><strong><em>MSV Duisburg \u2013 Eintracht Braunschweig <\/em><\/strong><strong><em>(19.00 Uhr)<\/em><\/strong><\/p>\n\n\n\n<p>Magenta Sport: Christian Stra\u00dfburger <\/p>\n\n\n\n<p>Moderation (Magenta Sport): Thomas Wagner, Experte: Rudi Bommer<\/p>\n\n\n\n<p><span style=\"text-decoration: underline;\">Samstag, 08. Februar 2020, ab 13.45 Uhr (Magenta Sport)<\/span><\/p>\n\n\n\n<p><strong><em>Konferenz (14.00 Uhr)<\/em><\/strong><\/p>\n\n\n\n<p>Magenta Sport: Alexander Klich &amp; Martin Piller<\/p>\n\n\n\n<p><strong><em>TSV 1860 M\u00fcnchen \u2013 SV Waldhof Mannheim 07 (14.00 Uhr)<\/em><\/strong><\/p>\n\n\n\n<p>Magenta Sport: Franz B\u00fcchner<\/p>\n\n\n\n<p>Moderation (Magenta Sport): Sascha Bandermann<\/p>\n\n\n\n<p><strong><em>1.FC Kaiserslautern \u2013 SC Preu\u00dfen M\u00fcnster (14.00 Uhr)<\/em><\/strong><\/p>\n\n\n\n<p>Magenta Sport: Alex Kunz<\/p>\n\n\n\n<p>Moderation (Magenta Sport): Holger Speckhahn<\/p>\n\n\n\n<p><strong><em>KFC Uerdingen \u2013 SG Sonnenhof Gro\u00dfaspach(14.00 Uhr)<\/em><\/strong><\/p>\n\n\n\n<p>Magenta Sport: Markus H\u00f6hner <\/p>\n\n\n\n<p>Moderation (Magenta Sport): Cedric Pick<\/p>\n\n\n\n<p><strong><em>Viktoria K\u00f6ln \u2013 FC Bayern M\u00fcnchen II (14.00 Uhr)<\/em><\/strong><\/p>\n\n\n\n<p>Magenta Sport: Christian Stra\u00dfburger <\/p>\n\n\n\n<p>Moderation (Magenta Sport): Thomas Wagner<\/p>\n\n\n\n<p><strong><em>1.FC Magdeburg \u2013 SV Meppen (14.00 Uhr)<\/em><\/strong><\/p>\n\n\n\n<p>MDR: Andreas Mann<br>Magenta Sport: Lenny Leonhardt<\/p>\n\n\n\n<p>Moderation (MDR): Ren\u00e9 Kindermann, Experte: Lutz Lindemann <br>Moderation (Magenta Sport): Stefanie Blochwitz<\/p>\n\n\n\n<p><strong><em>FC Hansa Rostock<\/em><\/strong><strong><em> \u2013 SpVgg Unterhaching (14.00 Uhr)<\/em><\/strong><\/p>\n\n\n\n<p>NDR: Jan Neumann                                                                                                                Magenta Sport: Edgar Mielke               <\/p>\n\n\n\n<p>Moderation (NDR): Ina Knast                                                                                Moderation (Magenta Sport): Gari Paubandt <\/p>\n\n\n\n<p><span style=\"text-decoration: underline;\">Sonntag, 09. Februar 2020, ab 12.45 Uhr (Magenta Sport)<\/span><\/p>\n\n\n\n<p><strong><em>W\u00fcrzburger Kickers \u2013 FC Ingolstadt (13.00 Uhr)<\/em><\/strong><\/p>\n\n\n\n<p>Magenta Sport: Basti Schwele<\/p>\n\n\n\n<p>Moderation (Magenta Sport): Stefan Fuckert<\/p>\n\n\n\n<p><span style=\"text-decoration: underline;\">ab 13.45 Uhr (Magenta Sport)<\/span><\/p>\n\n\n\n<p><strong><em>Chemnitzer FC \u2013 Hallerscher FC (14.00 Uhr)<\/em><\/strong><\/p>\n\n\n\n<p>Magenta Sport: Andreas Mann<\/p>\n\n\n\n<p>Moderation (Magenta Sport): Alexander K\u00fcpper <\/p>\n\n\n\n<p><span style=\"text-decoration: underline;\">Montag, 10. Februar 2020 ab 18.45 Uhr (Magenta Sport)<\/span><\/p>\n\n\n\n<p><strong><em>FC<\/em><\/strong> <strong><em>Carl Zeiss Jena \u2013 FSV Zwickau (19.00 Uhr)<\/em><\/strong><\/p>\n\n\n\n<p>Magenta Sport: Andreas Mann<\/p>\n\n\n\n<p>Moderation (Magenta Sport): Stefanie Blochwitz<\/p>\n\n\n\n<p><strong>Regionalliga Nordost, 21. Spieltag<\/strong><\/p>\n\n\n\n<p><strong><em>FC Energie Cottbus \u2013 1.FC Lok Leipzig (16.00 Uhr)<\/em><\/strong><\/p>\n\n\n\n<p>MDR: Torsten P\u00fcschel, Experte: Lutz Lindemann<\/p>\n\n\n\n<p><strong>Premier League, 26. Spieltag<\/strong><\/p>\n\n\n\n<p><span style=\"text-decoration: underline;\">Samstag, 81. Februar 2020, ab 13.20 Uhr (Sky)<\/span><\/p>\n\n\n\n<p><strong><em>FC Everton \u2013 Crystal Palace (13.30 Uhr)<\/em><\/strong><\/p>\n\n\n\n<p>Sky: Hannes Herrmann<\/p>\n\n\n\n<p><span style=\"text-decoration: underline;\">ab 18.20 Uhr (Sky)<\/span><\/p>\n\n\n\n<p><strong><em>Brighton &amp; Hove Albion \u2013 FC Watford (18.30 Uhr)<\/em><\/strong><\/p>\n\n\n\n<p>Sky: Markus Gaupp<\/p>\n\n\n\n<p><span style=\"text-decoration: underline;\">Sonntag, 09. Februar 2020, ab 14.50 Uhr (Sky)<\/span><\/p>\n\n\n\n<p><strong><em>Sheffield United \u2013 AFC Bournemouth (15.00 Uhr)<\/em><\/strong><\/p>\n\n\n\n<p>Sky: Jogi Hebel<\/p>\n\n\n\n<p><span style=\"text-decoration: underline;\">ab 17.20 Uhr (Sky)<\/span><\/p>\n\n\n\n<p><strong><em>Manchester City<\/em><\/strong><strong><em> \u2013 West Ham United (17.30 Uhr)<\/em><\/strong><\/p>\n\n\n\n<p>Sky: Marcel Meinert<\/p>\n\n\n\n<p><strong><em>Fu\u00dfball International<\/em><\/strong><\/p>\n\n\n\n<p><span style=\"text-decoration: underline;\">Freitag, 07. Februar 2020<\/span><\/p>\n\n\n\n<p>Hyundai A-League, 18. Spieltag: <strong><em>Melbourne City \u2013 Melbourne Victory<\/em><\/strong> <strong><em>(09.36 Uhr)<\/em><\/strong><\/p>\n\n\n\n<p>sportdigital FUSSBALL: Ulf Kahmke<\/p>\n\n\n\n<p>Sky Bet Championship, 31. Spieltag: <strong><em>Bristol City \u2013 Birmingham City <\/em><\/strong><strong><em>(20.45 Uhr)<\/em><\/strong><\/p>\n\n\n\n<p>sportdigital FUSSBALL: Florian Obst<\/p>\n\n\n\n<p>Serie A, 23. Spieltag: <strong><em>AS Rom \u2013 Bologna (20.45 Uhr)<\/em><\/strong><\/p>\n\n\n\n<p>DAZN: Carsten Fu\u00df<\/p>\n\n\n\n<p><span style=\"text-decoration: underline;\">Samstag, 08. Februar 2020<\/span><\/p>\n\n\n\n<p>Serie A, 23. Spieltag: <strong><em>AC Florenz \u2013 Atalanta Bergamo (15.00 Uhr)<\/em><\/strong><\/p>\n\n\n\n<p>DAZN: Nico Seepe, Experte: Max Nicu <\/p>\n\n\n\n<p>Sky Bet Championship, 31. Spieltag: <strong><em>FC Reading \u2013 Hull City <\/em><\/strong><strong><em>(16.00 Uhr)<\/em><\/strong><\/p>\n\n\n\n<p>sportdigital FUSSBALL: Christian Blunck<\/p>\n\n\n\n<p>La Liga, 23. Spieltag: <strong><em>FC Getafe<\/em><\/strong> <strong><em>\u2013<\/em><\/strong> <strong><em>FC Valencia (16.00 Uhr)<\/em><\/strong><\/p>\n\n\n\n<p>DAZN: Tobi Fischbeck <\/p>\n\n\n\n<p>Ligue 1, 24. Spieltag: <strong><em>Olympique Marseille \u2013 FC Toulouse (17.30 Uhr)<\/em><\/strong><\/p>\n\n\n\n<p>DAZN: Martin Sedlaczek<\/p>\n\n\n\n<p>Sky Bet Championship, 31. Spieltag: <strong><em>Nottingham Forest \u2013 <\/em><\/strong><strong><em>Leeds United<\/em><\/strong> <strong><em>(18.30 Uhr)<\/em><\/strong><\/p>\n\n\n\n<p>sportdigital FUSSBALL: Florian Obst<\/p>\n\n\n\n<p>Eredivisie, 22. Spieltag: <strong><em>PSV Eindhoven \u2013 Willem II Tilburg (19.45 Uhr)<\/em><\/strong><\/p>\n\n\n\n<p>sportdigital FUSSBALL (Livestream): Karsten Linke<\/p>\n\n\n\n<p>Serie A, 23. Spieltag: <strong><em>Hellas Verona \u2013 Juventus Turin (20.45 Uhr)<\/em><\/strong><\/p>\n\n\n\n<p>DAZN: Carsten Fu\u00df, Experte: Christian Bernhard<\/p>\n\n\n\n<p>La Liga, 23. Spieltag: <strong><em>Atl\u00e9tico Madrid \u2013<\/em><\/strong> <strong><em>Granada CF (21.00 Uhr)<\/em><\/strong><\/p>\n\n\n\n<p>DAZN: Julian Engelhard<\/p>\n\n\n\n<p>Liga NOS, 20. Spieltag: <strong><em>FC Porto \u2013 Benfica Lissabon (21.30 Uhr)<\/em><\/strong><\/p>\n\n\n\n<p>sportdigital FUSSBALL: J\u00f6rg Steiger<\/p>\n\n\n\n<p>DAZN: Uli Hebel, Experte: Michi Hofmann <\/p>\n\n\n\n<p><span style=\"text-decoration: underline;\">Sonntag, 09. Februar 2020<\/span><\/p>\n\n\n\n<p>Eredivisie, 22. Spieltag: <strong><em>FC Utrecht \u2013 Ajax Amsterdam (12.30 Uhr)<\/em><\/strong><\/p>\n\n\n\n<p>sportdigital FUSSBALL: Karsten Linke<\/p>\n\n\n\n<p>Eredivisie, 22. Spieltag: <strong><em>AZ Alkmaar \u2013 Feyenoord Rotterdam (14.30 Uhr)<\/em><\/strong><\/p>\n\n\n\n<p>sportdigital FUSSBALL: J\u00f6rg Steiger<\/p>\n\n\n\n<p>Serie A, 23. Spieltag: <strong><em>SSC Neapel \u2013 US Lecce (15.00 Uhr)<\/em><\/strong><\/p>\n\n\n\n<p>DAZN: Julian Engelhard<\/p>\n\n\n\n<p>La Liga, 23. Spieltag: <strong><em>Osasuna \u2013 Real Madrid (16.00 Uhr)<\/em><\/strong><\/p>\n\n\n\n<p>DAZN: Daniel G\u00fcnther, Experte: Ralph Gunesch <\/p>\n\n\n\n<p>Ekstraklasa, 21. Spieltag: <strong><em>Legia Warschau \u2013  LKS Lodz (17.30 Uhr)<\/em><\/strong><\/p>\n\n\n\n<p>sportdigital FUSSBALL: Christian Blunck<\/p>\n\n\n\n<p>La Liga, 23. Spieltag: <strong><em>Celta Vigo \u2013 FC Sevilla (18.30 Uhr)<\/em><\/strong><\/p>\n\n\n\n<p>DAZN: Tino Polster <\/p>\n\n\n\n<p>Liga NOS, 20. Spieltag:<strong><em> <\/em><\/strong> <strong><em>Sporting Lissabon<\/em><\/strong><strong><em> \u2013 Portimonense SC <\/em><\/strong><strong><em>(zweite Halbzeit, ab 19.30 Uhr)<\/em><\/strong><\/p>\n\n\n\n<p>sportdigital FUSSBALL: J\u00f6rg Steiger <\/p>\n\n\n\n<p>Serie A, 23. Spieltag:<strong><em> Inter Mailand<\/em><\/strong><strong><em> \u2013 AC Mailand (20.45 Uhr)<\/em><\/strong><\/p>\n\n\n\n<p>DAZN: Marco Hagemann, Experte: Christian Bernhard<\/p>\n\n\n\n<p>Moderation (DAZN): Tobi Wahnschaffe<\/p>\n\n\n\n<p>La Liga, 23. Spieltag: <strong><em>Real Betis \u2013 <\/em><\/strong><strong><em>FC Barcelona<\/em><\/strong> <strong><em>(21.00 Uhr)<\/em><\/strong><\/p>\n\n\n\n<p>DAZN: Jan Platte, Experte: Sebastian Knei\u00dfl<\/p>\n\n\n\n<p>Ligue 1, 24. Spieltag: <strong><em>Paris Saint-Germain \u2013 Olympique Lyon (21.00 Uhr)<\/em><\/strong><\/p>\n\n\n\n<p>DAZN: Stefan Galler, Experte: Alexis Menuge<\/p>\n\n\n\n<p><strong>Die Analyse<\/strong><\/p>\n\n\n\n<p><strong>DAZN wieder aus der Box<\/strong><\/p>\n\n\n\n<p>Die Aufstellung ohne <strong>Alexander Schl\u00fcter<\/strong> verr\u00e4t quasi schon, dass sich Moderator, Kommentator und Experte des Streamingdienstes bei der \u00dcbertragung des Spiels zwischen Frankfurt und Augsburg aus der <strong>Box <\/strong>in Ismaning melden. Daniel Herzog bekommt diese Woche eine Pause. <strong>Sebastian Benesch <\/strong>ist dran und reist nach Frankfurt, um die Interviews in der Commerzbank-Arena zu f\u00fchren. <\/p>\n\n\n\n<p><strong>Konferenz ohne die &#8222;Gro\u00dfen&#8220;, NRW-Topspiel f\u00fcr Buschmann<\/strong><\/p>\n\n\n\n<p>In der <strong>Konferenz <\/strong>am Samstag fehlen die &#8222;gro\u00dfen Namen&#8220;. Die Top-5 der Bundesliga spielt Samstagabend bzw. Sonntag. Schalke, auf Platz sechs in der Tabelle, bekommt es um 15.30 Uhr mit Paderborn zu tun. Hier greift Sky auf der Kommentatorenposition auf  &#8222;gro\u00dfe Namen&#8220; zur\u00fcck. Dittmann fliegt am Samstag in den Westen. Fuss \u00fcbernimmt in der Konferenz aus Unterf\u00f6hring. Zu Sky\u2019s Nummer 1 gesellen sich Bayer, K\u00fcpper, G\u00f6tz und Pfandt &#8211; pure Erfahrung. Die weiteren <strong>Einzelspielkommentatoren <\/strong>des Samstags haben auch teils l\u00e4ngere Anreisen. Evers von M\u00fcnchen nach Berlin. Friedrich von M\u00fcnchen nach Freiburg. Lindemann aus dem Bergischen Land nach Bremen. Die k\u00fcrzeste Anreise hat Oliver Seidler. Von Hannover und Umgebung ist es nicht allzu weit nach Wolfsburg. <strong>Zu den Interviewern: <\/strong>Sedlaczek ist in der alten Heimat Berlin zugange. Libbertz reist vom S\u00fcden nach Wolfsburg, Hempel von Franken in den Breisgau, Gro\u00df bleibt im Westen und Westen im Norden :-).<\/p>\n\n\n\n<p>Das <strong>Topspiel<\/strong> kommentiert mal wieder Frank Buschmann. Field-Reporter Ecki Heuser f\u00fchrt die Interviews &#8211; nur diesmal nicht mit Marco Reus. Ich schaue bei der Begegnung mal ein bisschen hinter die Kulissen des &#8222;Werkselfradios&#8220;. Hier kommentiert Cedric Pick, der Stunden zuvor noch f\u00fcr Magenta Sport die Drittliga-Begegnung zwischen Uerdingen und Gro\u00dfaspach moderieren wird. Ich freue mich drauf!<\/p>\n\n\n\n<p><strong>Rheinisches Derby und Topspiel in M\u00fcnchen <\/strong><\/p>\n\n\n\n<p>Im Vergleich zu letztem Sonntag erfreut sich Sky wohl an den Ansetzungen der DFL. Wir starten mit dem <strong>Rheinischen Derby<\/strong>. Mittlerweile ist es vielleicht das brisanteste Duell im deutschen Fu\u00dfball. Bei einigen der letzten Auflagen hatte es ja Ausschreitungen gegeben. F\u00fcr NRWler Martin Gro\u00df ist es ein Heimspiel. Folglich ist er f\u00fcr mich der richtige Kandidat f\u00fcr diese Partie. Interviews am Niederrhein f\u00fchrt Marcus Lindemann. Samstag Kommetar, Sonntag Field &#8211; mittlerweile Standard bei Lindemann. <\/p>\n\n\n\n<p>Beim <strong>Spiel in M\u00fcnchen<\/strong> ist Sky mit einem Topspielsetup am Start. Die Partie wird wenig \u00fcberraschend von Wolff Fuss kommentiert. Sky Experte Didi Hamann und Moderator Michael Leopold melden sich ab 17.30 Uhr live aus der Allianz Arena. Field-Reporterin ist Esther Sedlaczek, die meiner Meinung nach erstmals nach der Babypause, zwei Eins\u00e4tze am Wochenende zu verzeichnen hat. <\/p>\n\n\n\n<p><strong>Eine &#8222;besondere Ausgabe&#8220; Sky90<\/strong> <\/p>\n\n\n\n<p>Sky 90 meldet sich dieses Wochenende nicht aus dem Studio, sondern vom Wort des Spitzenspiels. Van Bommel, Reif und Hamann stehen bereits als G\u00e4ste fest. Vielleicht wird einer der Verantwortlichen von Bayern oder Leipzig die Runde noch er\u00e4nzen. Wir freuen uns auf diese einmalige Produktion. <\/p>\n\n\n\n<p><strong>Keine \u00dcberraschungen in der 2. Bundesliga<\/strong><\/p>\n\n\n\n<p>Mit Blick auf die <strong>Kommentatoren-Ansetzungen <\/strong>in der 2.Bundesliga l\u00e4sst sich festhalten: Keine \u00dcberraschungen!<\/p>\n\n\n\n<p>SSN-Moderatorin Nele Schenker reist am Freitag nach Dresden. Jurek Rohrberg bleibt in Hamburg und Schlarmann ist wieder in Bielefeld. Beim Montagsspiel ist Sven T\u00f6llner f\u00fcr die Interviews ist zust\u00e4ndig. Und die Ansetzung von Michael Born ist geographisch logisch. <\/p>\n\n\n\n<p><strong>Zweimal das Team Stra\u00dfburger\/<\/strong> <strong>Wagner bei Magenta Sport<\/strong><\/p>\n\n\n\n<p>Der 22.Spieltag startet bei Magenta Sport mit der Partie zwischen Duisburg und Braunschweig &#8211; erster Einsatz f\u00fcr Team <strong>Stra\u00dfburger\/ Wagner<\/strong>! Rudi Bommer kehrt als Experte zur\u00fcck, nachdem letzte Woche Martin Lanig im Einsatz war. Ich freue mich, dass ich die Produktion besuchen darf. Ich drehe ein bisschen hinter den Kulissen und denke, dass wir euch das Endprodukt bald hier im Blog zeigen werden. Seid gespannt! <\/p>\n\n\n\n<p>Einsatz Nummer zwei feiern Stra\u00dfburger und Wagner am <strong>Samstag <\/strong>in K\u00f6ln, im Sportpark H\u00f6henberg. B\u00fcchner\/Bandermann in M\u00fcnchen und H\u00f6hner\/Pick in NRW &#8211; ergibt auch Sinn. Speckhahn und Kunz haben hingegen l\u00e4ngere Anreisen als ihre Kollegen. <\/p>\n\n\n\n<p><strong>Ein Dreisatz, oder so \u00e4hnlich \ud83d\ude42 &#8211; Kilometer, Motorsport, Osten<\/strong><\/p>\n\n\n\n<p>Bei den Dritten sind diese Woche nur der MDR und der NDR\/Radio Bremen TV am Start. NDR und Radio Bremen zeigen die Begegnung Rostock gegen Unterhaching. Ins Knast moderiert. Andreas K\u00e4ckell hat diese Woche wohl frei. \u00dcber 790 km liegen zwischen den beiden Stadien &#8211; Gibt\u00b4s ne l\u00e4ngere Strecke zur Anreise in Fu\u00dfball-Deutschland? Ja. beispielsweise beim Duell Kiel gegen Regensburg! Ende des Exkurses! Gari Paubandt und Edgar Mielke, die beide eine hohe Affinit\u00e4t zu Motorsport besitzen :-), haben auf jeden Fall eine k\u00fcrzere Anreise, als die Fans der aus Haching. Magdeburg und Meppen liegen indes n\u00e4her aneinander. Der junge Lenny Leonhardt und Stefanie Blochwitz bleiben im Osten und sind im Einsatz f\u00fcr Magenta Sport. Andreas Mann, der an den darauffolgenden Tagen noch bei Magenta Sport eine gro\u00dfe Rolle spielen wird, \u00fcbernimmt den Kommentar f\u00fcr den Mitteldeutschen Rundfunk.<\/p>\n\n\n\n<p><strong>Sonntag<\/strong> ist Basti Schwele, die Stimme des deutschen Eishockey (Ich glaube, dass darf man mittlerweile so behaupten), mal wieder beim Fu\u00dfball eingeteilt. W\u00fcrzburg ist das Ziel. Stefan Fuckert moderiert und &#8222;k\u00e4mpft&#8220; mit einer l\u00e4ngeren Anreise aus dem Rheinland. Es folgt der Doppelpack aus dem Osten Deutschlands (Chemnitz und  mit Kommentator Andreas Mann. Sonntag moderiert Alexander K\u00fcpper in Chemnitz und Jena). <strong>Montag <\/strong>kommt Stefanie Blochwitz zu ihrem zweiten Einsatz am Wochenende.<\/p>\n\n\n\n<p><strong>Kleine Dosis Premier League<\/strong><\/p>\n\n\n\n<p>Um den Klubs eine Art <strong>Winterpause <\/strong>zu verschaffen, ist der <strong>26. Spieltag <\/strong>der Premier League aufgeteilt. Deshalb auch der Verzicht von J\u00fcrgen Klopp auf den FA-Cup. Ihr werdet es mitbekommen haben. Dieses Wochenende ist mit Manchester City nur eins der Spitzenteams im Einsatz. Geringere Wertsch\u00e4tzung hat der Spieltag wohl bei Sky. Das <strong>&#8222;Match of the week&#8220; entf\u00e4llt<\/strong>. Die vier Partien gibt\u00b4s Samstag und Sonntag ohne Experten, daf\u00fcr mit den \u00fcblichen Verd\u00e4chtigen Herrmann, Hebel, Gaupp und Meinert. Das passt trotzdem!<\/p>\n\n\n\n<p><strong>Internationaler Fu\u00dfball &#8211; Was will das Fu\u00dfballherz mehr?!<\/strong><\/p>\n\n\n\n<p>Der Spieltag startet am <strong>Freitag <\/strong>ruhig und ohne gro\u00dfe \u00dcberraschungen. <strong>Samstag<\/strong> hingegen nimmt das Ganze hingegen Fahrt auf. Um 21.30 Uhr ist der <strong>O Cl\u00e1ssico <\/strong>in Portugal angesetzt. Porto empf\u00e4ngt Benfica. Karsten Linke (sportdigital FUSSBALL) bzw. Uli Hebel und Michi Hofmann (DAZN) freuen sich, wenn ihr einschaltet. Carsten Fu\u00df kommt bei der Partie von Juventus zu seinem zweiten Einsatz in der Serie A. Kein Matthias Naebers, sondern mit Julian Engelhard sitzt bei Atl\u00e9tico ein Kommentator am Mikro, der in letzter Zeit kaum zum Einsatz kam. Dieses Wochenende stehen direkt zwei Eins\u00e4tze im Dienstplan. Sonntag h\u00f6ren wir ihn bei Neapel. <\/p>\n\n\n\n<p><strong>Apropo Sonntag<\/strong><\/p>\n\n\n\n<p>1. Kampf um den zweiten Champions League &#8211; Platz in den Niederlanden: <strong>Alkmaar (2) empf\u00e4ngt Feyenoord (3)<\/strong>.<\/p>\n\n\n\n<p>2. <strong>Derby della Madonnina<\/strong>: Stadtderby in Mailand zwischen AC und Inter.<\/p>\n\n\n\n<p>3. Kann <strong>Lyon <\/strong>das erste Mal seit 13 Jahren wieder ein Ligaspiel <strong>in Paris <\/strong>gewinnen?<\/p>\n\n\n\n<p>4. <strong>Real und Barca <\/strong>ausw\u00e4rts gefordert!<\/p>\n\n\n\n<p>Die 1. kommentiert f\u00fcr euch J\u00f6rg Steiger. Diese Woche der Mann f\u00fcr die Topspiele bei sportdigital FUSSBALL. Um Nummer 2 k\u00fcmmern sich Hagemann, Wahnschaffe und Bernhard. Fu\u00df wird quasi mit zwei anderen Serie A &#8211; Partien &#8222;abgefr\u00fchst\u00fcckt&#8220;. Zu 3. The same procedure as every time :-). La Liga gibt\u00b4s mit den Duos G\u00fcnther\/Gunesch und Platte\/Knei\u00dfl. H\u00f6rt sich alles gut an.<\/p>\n\n\n\n<p>Wir w\u00fcnschen ein geiles Fu\u00dfballwochenende!<\/p>\n\n\n\n<p><\/p>\n","protected":false},"excerpt":{"rendered":"<p>N\u00b4Abend allerseits, am Dienstag entschied ich mich wie fast immer im DFB-Pokal f\u00fcr die ARD. Keine Entscheidung gegen Sky, aber das HD-Bild bei ARD ist einfach besser. Es w\u00fcrde mich interessieren, ob das bei euch auch so ist &#8211; bzw., habt ihr da mal drauf geachtet? Au\u00dferdem erfreue ich mich immer an gro\u00dfen Produktionen mit [&hellip;]<\/p>\n","protected":false},"author":3,"featured_media":0,"comment_status":"closed","ping_status":"open","sticky":false,"template":"","format":"standard","meta":{"footnotes":""},"categories":[424],"tags":[20,10,216,257,115,131,256,164,35,13,254,30,119,251,55,220,61,32,179,159,79,158,9,43,95,17,15,258,94,23,253,162,222,127,22,255,81,134,252,107],"class_list":["post-1364","post","type-post","status-publish","format-standard","hentry","category-bundesliga-und-co","tag-2-bundesliga","tag-3-liga","tag-andreas-mann","tag-basti-schwele","tag-1-bundesliga","tag-carsten-fuss","tag-cedric-pick","tag-christian-bernhard","tag-christian-strassburger","tag-dazn","tag-derby-della-madonnina","tag-didi-hamann","tag-edgar-mielke","tag-ekstraklasa","tag-eredivisie","tag-florian-obst","tag-frank-buschmann","tag-gari-paubandt","tag-hyundai-a-league","tag-la-liga","tag-liga-nos","tag-ligue-1","tag-magenta-sport","tag-marco-hagemann","tag-martin-gross","tag-mdr","tag-ndr","tag-o-classico","tag-patrick-wasserziehr","tag-premier-league","tag-rheinisches-derby","tag-robby-hunke","tag-sebastian-kneissl","tag-serie-a","tag-sky","tag-sky-90","tag-sky-bet-championship","tag-sportdigital-fussball","tag-tobi-wahnschaffe","tag-wolff-fuss"],"_links":{"self":[{"href":"https:\/\/kommentatorenblog.de\/index.php?rest_route=\/wp\/v2\/posts\/1364","targetHints":{"allow":["GET"]}}],"collection":[{"href":"https:\/\/kommentatorenblog.de\/index.php?rest_route=\/wp\/v2\/posts"}],"about":[{"href":"https:\/\/kommentatorenblog.de\/index.php?rest_route=\/wp\/v2\/types\/post"}],"author":[{"embeddable":true,"href":"https:\/\/kommentatorenblog.de\/index.php?rest_route=\/wp\/v2\/users\/3"}],"replies":[{"embeddable":true,"href":"https:\/\/kommentatorenblog.de\/index.php?rest_route=%2Fwp%2Fv2%2Fcomments&post=1364"}],"version-history":[{"count":132,"href":"https:\/\/kommentatorenblog.de\/index.php?rest_route=\/wp\/v2\/posts\/1364\/revisions"}],"predecessor-version":[{"id":1507,"href":"https:\/\/kommentatorenblog.de\/index.php?rest_route=\/wp\/v2\/posts\/1364\/revisions\/1507"}],"wp:attachment":[{"href":"https:\/\/kommentatorenblog.de\/index.php?rest_route=%2Fwp%2Fv2%2Fmedia&parent=1364"}],"wp:term":[{"taxonomy":"category","embeddable":true,"href":"https:\/\/kommentatorenblog.de\/index.php?rest_route=%2Fwp%2Fv2%2Fcategories&post=1364"},{"taxonomy":"post_tag","embeddable":true,"href":"https:\/\/kommentatorenblog.de\/index.php?rest_route=%2Fwp%2Fv2%2Ftags&post=1364"}],"curies":[{"name":"wp","href":"https:\/\/api.w.org\/{rel}","templated":true}]}}