{"id":13662,"date":"2022-09-05T14:09:35","date_gmt":"2022-09-05T12:09:35","guid":{"rendered":"http:\/\/kommentatorenblog.de\/?p=13662"},"modified":"2022-09-05T20:54:47","modified_gmt":"2022-09-05T18:54:47","slug":"1280-es-wird-auf-und-abgespeckt","status":"publish","type":"post","link":"https:\/\/kommentatorenblog.de\/?p=13662","title":{"rendered":"1280 &#8211; Es wird auf und abgespeckt"},"content":{"rendered":"\n<p>N&#8217;Abend allerseits,<\/p>\n\n\n\n<p>Endlich ist es so weit, der Europokal ist zur\u00fcck, bevor wir uns aber dem widmen, w\u00fcrden wir uns freuen, wenn ihr an einer Uni-Umfrage von unserem ehemaligen Blogger Erik mitmachen w\u00fcrdet. Die Umfrage dauert auch h\u00f6chstens f\u00fcnf Minuten und thematisch passt sie hier auch sehr gut rein. Es geht um Fu\u00dfball-\u00dcbertragungen und auch um Abos. Den <a rel=\"noreferrer noopener\" href=\"https:\/\/ww3.unipark.de\/uc\/Fussball_Uebertragung\/\" target=\"_blank\">Link <\/a>gibts hier! Einzige Bedingung, ihr m\u00fcsst mindestens 18 Jahre sein.<\/p>\n\n\n\n<p>Nun aber zum Europapokal, die zweite Saison der momentanen Rechteperiode der drei Wettbewerbe startet. Daher gibts zwar nicht so viel neues wie letztes Jahr, aber rein von den \u00dcbertragungen wird sich doch etwas ver\u00e4ndern.<\/p>\n\n\n\n<p>Starten wir hier mit Prime. Hier wird ein wenig abgespeckt. So gibt es einen verk\u00fcrzten Vorlauf im Vergleich zur letzten Gruppenphase, einen Experten weniger im Stadion und auch bei der Highlight-Show. Nichtsdestotrotz ist das Paket aber immer noch riesig und lohnt sich aus meiner Sicht (Nico) immer noch. Denn weiterhin kommt eine umfangreiche Berichterstattung aus dem Stadion, was will man mehr&#8230;.<\/p>\n\n\n\n<p>Prime speckt also ab, dieser geht aber nicht verloren sondern wird bei DAZN draufgepackt. Die Neuerung der deutschen Konferenz (falls mehr als ein deutsches Spiel parallel l\u00e4uft) ist hinl\u00e4nglich bekannt. Bis zur Saison 17\/18 gab es diese ja noch bei Sky, nun ist sie endlich zur\u00fcck (ganz besonders toll, da es ja erstmals f\u00fcnf deutsche Mannschaften in der K\u00f6nigsklasse gibt). Noch gr\u00f6\u00dfer ist aber eine andere Ver\u00e4nderung. So wird \u00e4hnlich wie in der Bundesliga in Sachen vor Ort Berichterstattung ausgebaut. Mindestens ein Spiel pro Tag bekommt eine ausf\u00fchrliche Vorberichterstattung (45Minuten) und wird aus dem Stadion \u00fcbertragen und kommentiert. Somit werden mindestens zwei Spiele aus dem Stadion \u00fcbertragen, mit Blick auf die ersten beiden Spieltag sei hier aber das &#8222;mindestens&#8220; stark betont. Tolle Entwicklung von DAZN &#8211; wie ich finde. <\/p>\n\n\n\n<p>Bei der Europa League und Conference League gibt es auch ein paar \u00c4nderungen bei RTL, diese gibts in der Analyse. Bevor wir jetzt aber wirklich zu den Ansetzungen kommen, danke ich noch Jonas f\u00fcr das Einf\u00fcgen vom Gro\u00dfteil der Ansetzungen und auch der Analyse der Europa\/Conference League.<\/p>\n\n\n\n<p>Jetzt aber die Ansetzungen des 1.Spieltags vom Europapokal!<\/p>\n\n\n\n<hr class=\"wp-block-separator\"\/>\n\n\n\n<p><strong><em>Die Ansetzungen vom 06. September bis zum 08. September 202<\/em>2<\/strong><\/p>\n\n\n\n<p><strong>WM- Qualifikation Damen, 10. Spieltag<\/strong><\/p>\n\n\n\n<p><span style=\"text-decoration: underline;\">Dienstag, 06. September 2022, ab 18.15 Uhr (ARD one)<\/span><\/p>\n\n\n\n<p><em><strong>Bulgarien \u2013 Deutschland (18.30 Uhr)<\/strong><\/em><\/p>\n\n\n\n<p><img loading=\"lazy\" decoding=\"async\" width=\"10\" height=\"21\" class=\"wp-image-3656\" style=\"width: 10px;\" src=\"http:\/\/kommentatorenblog.de\/wp-content\/uploads\/2020\/09\/shure-55sh-ii-e1601485394796.jpg\" alt=\"\" srcset=\"https:\/\/kommentatorenblog.de\/wp-content\/uploads\/2020\/09\/shure-55sh-ii-e1601485394796.jpg 415w, https:\/\/kommentatorenblog.de\/wp-content\/uploads\/2020\/09\/shure-55sh-ii-e1601485394796-142x300.jpg 142w\" sizes=\"auto, (max-width: 10px) 100vw, 10px\" \/> Bernd Schmelzer<\/p>\n\n\n\n<p>Moderator: Claus Lufen, Field- Reporter: Patrick Halatsch<\/p>\n\n\n\n<p><strong>Champions League Gruppenphase, 01. Spieltag<\/strong><\/p>\n\n\n\n<p><span style=\"text-decoration: underline;\">Dienstag, 06. September 2022, ab 18.00 Uhr (PrimeVideo &#8211; exklusives Einzelspiel)<\/span><\/p>\n\n\n\n<p><em><strong>Borussia Dortmund \u2013 FC Kopenhagen (18.45 Uhr)<\/strong><\/em><\/p>\n\n\n\n<p><img loading=\"lazy\" decoding=\"async\" width=\"10\" height=\"21\" class=\"wp-image-3656\" style=\"width: 10px;\" src=\"http:\/\/kommentatorenblog.de\/wp-content\/uploads\/2020\/09\/shure-55sh-ii-e1601485394796.jpg\" alt=\"\" srcset=\"https:\/\/kommentatorenblog.de\/wp-content\/uploads\/2020\/09\/shure-55sh-ii-e1601485394796.jpg 415w, https:\/\/kommentatorenblog.de\/wp-content\/uploads\/2020\/09\/shure-55sh-ii-e1601485394796-142x300.jpg 142w\" sizes=\"auto, (max-width: 10px) 100vw, 10px\" \/> Jonas Friedrich, Experte: Benedikt H\u00f6wedes<\/p>\n\n\n\n<p>Field-Reporter: Annika Zimmermann, Sebastian Benesch<\/p>\n\n\n\n<p>Moderation (Stadion): Sebastian Hellmann, Experten: Matthias Sammer, Tabea Kemme, Schiedsrichter-Experte: Wolfgang Stark<\/p>\n\n\n\n<p><strong>Highlight-Show (23.00Uhr)<\/strong><\/p>\n\n\n\n<p>Moderation: Lena Cassel, Experte: Patrick Owomoyela<\/p>\n\n\n\n<p><span style=\"text-decoration: underline;\">ab 18.30 Uhr (DAZN)<\/span><\/p>\n\n\n\n<p><em><strong>Dinamo Zagreb \u2013 FC Chelsea (18.45 Uhr)<\/strong><\/em><\/p>\n\n\n\n<p><img loading=\"lazy\" decoding=\"async\" width=\"10\" height=\"21\" class=\"wp-image-3656\" style=\"width: 10px;\" src=\"http:\/\/kommentatorenblog.de\/wp-content\/uploads\/2020\/09\/shure-55sh-ii-e1601485394796.jpg\" alt=\"\" srcset=\"https:\/\/kommentatorenblog.de\/wp-content\/uploads\/2020\/09\/shure-55sh-ii-e1601485394796.jpg 415w, https:\/\/kommentatorenblog.de\/wp-content\/uploads\/2020\/09\/shure-55sh-ii-e1601485394796-142x300.jpg 142w\" sizes=\"auto, (max-width: 10px) 100vw, 10px\" \/> Franz B\u00fcchner<\/p>\n\n\n\n<p><span style=\"text-decoration: underline;\">ab 20.15Uhr (DAZN)<\/span> <\/p>\n\n\n\n<p><strong><em>RB Leipzig \u2013 FC Shakhtar Donetsk (21.00 Uhr)<\/em><\/strong><\/p>\n\n\n\n<p><img loading=\"lazy\" decoding=\"async\" width=\"10\" height=\"21\" class=\"wp-image-3656\" style=\"width: 10px;\" src=\"http:\/\/kommentatorenblog.de\/wp-content\/uploads\/2020\/09\/shure-55sh-ii-e1601485394796.jpg\" alt=\"\" srcset=\"https:\/\/kommentatorenblog.de\/wp-content\/uploads\/2020\/09\/shure-55sh-ii-e1601485394796.jpg 415w, https:\/\/kommentatorenblog.de\/wp-content\/uploads\/2020\/09\/shure-55sh-ii-e1601485394796-142x300.jpg 142w\" sizes=\"auto, (max-width: 10px) 100vw, 10px\" \/> Lukas Sch\u00f6nm\u00fcller, Experte: Sebastian Knei\u00dfl (Einzelspiel), Michael Born (Konferenz)<\/p>\n\n\n\n<p>Moderation: Alex Schl\u00fcter, Field-Reporter: Daniel Herzog<\/p>\n\n\n\n<p><span style=\"text-decoration: underline;\">ab 20.45Uhr (DAZN)<\/span><\/p>\n\n\n\n<p><strong><em>Paris Saint-Germain \u2013 Juventus Turin (21.00 Uhr)<\/em><\/strong><\/p>\n\n\n\n<p><img loading=\"lazy\" decoding=\"async\" width=\"10\" height=\"21\" class=\"wp-image-3656\" style=\"width: 10px;\" src=\"http:\/\/kommentatorenblog.de\/wp-content\/uploads\/2020\/09\/shure-55sh-ii-e1601485394796.jpg\" alt=\"\" srcset=\"https:\/\/kommentatorenblog.de\/wp-content\/uploads\/2020\/09\/shure-55sh-ii-e1601485394796.jpg 415w, https:\/\/kommentatorenblog.de\/wp-content\/uploads\/2020\/09\/shure-55sh-ii-e1601485394796-142x300.jpg 142w\" sizes=\"auto, (max-width: 10px) 100vw, 10px\" \/> Freddy Harder, Experte: Christian Bernhard (Einzelspiel), Carsten Fu\u00df (Konferenz)<\/p>\n\n\n\n<p><strong><em>FC Sevilla \u2013 Manchester City (21.00 Uhr)<\/em><\/strong><\/p>\n\n\n\n<p><img loading=\"lazy\" decoding=\"async\" width=\"10\" height=\"21\" class=\"wp-image-3656\" style=\"width: 10px;\" src=\"http:\/\/kommentatorenblog.de\/wp-content\/uploads\/2020\/09\/shure-55sh-ii-e1601485394796.jpg\" alt=\"\" srcset=\"https:\/\/kommentatorenblog.de\/wp-content\/uploads\/2020\/09\/shure-55sh-ii-e1601485394796.jpg 415w, https:\/\/kommentatorenblog.de\/wp-content\/uploads\/2020\/09\/shure-55sh-ii-e1601485394796-142x300.jpg 142w\" sizes=\"auto, (max-width: 10px) 100vw, 10px\" \/> Adrian Geiler (Einzelspiel), Daniel G\u00fcnther (Konferenz)<\/p>\n\n\n\n<p><strong><em>FC Salzburg \u2013 AC Mailand (21.00 Uhr)<\/em><\/strong><\/p>\n\n\n\n<p><img loading=\"lazy\" decoding=\"async\" width=\"10\" height=\"21\" class=\"wp-image-3656\" style=\"width: 10px;\" src=\"http:\/\/kommentatorenblog.de\/wp-content\/uploads\/2020\/09\/shure-55sh-ii-e1601485394796.jpg\" alt=\"\" srcset=\"https:\/\/kommentatorenblog.de\/wp-content\/uploads\/2020\/09\/shure-55sh-ii-e1601485394796.jpg 415w, https:\/\/kommentatorenblog.de\/wp-content\/uploads\/2020\/09\/shure-55sh-ii-e1601485394796-142x300.jpg 142w\" sizes=\"auto, (max-width: 10px) 100vw, 10px\" \/> Max Gross, Experte: Sascha Bigalke (Einzelspiel), Flo Hauser (Konferenz)<\/p>\n\n\n\n<p><strong><em>Celtic Glasgow \u2013 Real Madrid (21.00 Uhr)<\/em><\/strong><\/p>\n\n\n\n<p><img loading=\"lazy\" decoding=\"async\" width=\"10\" height=\"21\" class=\"wp-image-3656\" style=\"width: 10px;\" src=\"http:\/\/kommentatorenblog.de\/wp-content\/uploads\/2020\/09\/shure-55sh-ii-e1601485394796.jpg\" alt=\"\" srcset=\"https:\/\/kommentatorenblog.de\/wp-content\/uploads\/2020\/09\/shure-55sh-ii-e1601485394796.jpg 415w, https:\/\/kommentatorenblog.de\/wp-content\/uploads\/2020\/09\/shure-55sh-ii-e1601485394796-142x300.jpg 142w\" sizes=\"auto, (max-width: 10px) 100vw, 10px\" \/> Andreas Renner (Einzelspiel), Uwe Morawe (Konferenz)<\/p>\n\n\n\n<p><strong><em>Benfica Lissabon \u2013 Maccabi Haifa FC (21.00 Uhr)<\/em><\/strong><\/p>\n\n\n\n<p><img loading=\"lazy\" decoding=\"async\" width=\"10\" height=\"21\" class=\"wp-image-3656\" style=\"width: 10px;\" src=\"http:\/\/kommentatorenblog.de\/wp-content\/uploads\/2020\/09\/shure-55sh-ii-e1601485394796.jpg\" alt=\"\" srcset=\"https:\/\/kommentatorenblog.de\/wp-content\/uploads\/2020\/09\/shure-55sh-ii-e1601485394796.jpg 415w, https:\/\/kommentatorenblog.de\/wp-content\/uploads\/2020\/09\/shure-55sh-ii-e1601485394796-142x300.jpg 142w\" sizes=\"auto, (max-width: 10px) 100vw, 10px\" \/> Guido H\u00fcsgen (Einzelspiel), Jogi Hebel (Konferenz)<\/p>\n\n\n\n<p>Moderation (DAZN): Tobi Wahnschaffe<\/p>\n\n\n\n<p><span style=\"text-decoration: underline;\">Mittwoch, 15. September 2022, ab 18.00 Uhr (DAZN)<\/span><\/p>\n\n\n\n<p><strong><em>Eintracht Frankfurt \u2013 Sporting Lissabon (18.45Uhr)<\/em><\/strong><\/p>\n\n\n\n<p><img loading=\"lazy\" decoding=\"async\" width=\"10\" height=\"21\" class=\"wp-image-3656\" style=\"width: 10px;\" src=\"http:\/\/kommentatorenblog.de\/wp-content\/uploads\/2020\/09\/shure-55sh-ii-e1601485394796.jpg\" alt=\"\" srcset=\"https:\/\/kommentatorenblog.de\/wp-content\/uploads\/2020\/09\/shure-55sh-ii-e1601485394796.jpg 415w, https:\/\/kommentatorenblog.de\/wp-content\/uploads\/2020\/09\/shure-55sh-ii-e1601485394796-142x300.jpg 142w\" sizes=\"auto, (max-width: 10px) 100vw, 10px\" \/> Marco Hagemann, Experte: Sandro Wagner (Einzelspiel), Michael Born (Konferenz),<\/p>\n\n\n\n<p>Moderation: Alex Schl\u00fcter, Field-Reporter: Daniel Herzog<\/p>\n\n\n\n<p><span style=\"text-decoration: underline;\">ab 18.30 Uhr (DAZN)<\/span><\/p>\n\n\n\n<p><strong><em>Ajax Amsterdam \u2013 Glasgow Rangers (18.45 Uhr)<\/em><\/strong><\/p>\n\n\n\n<p><img loading=\"lazy\" decoding=\"async\" width=\"10\" height=\"21\" class=\"wp-image-3656\" style=\"width: 10px;\" src=\"http:\/\/kommentatorenblog.de\/wp-content\/uploads\/2020\/09\/shure-55sh-ii-e1601485394796.jpg\" alt=\"\" srcset=\"https:\/\/kommentatorenblog.de\/wp-content\/uploads\/2020\/09\/shure-55sh-ii-e1601485394796.jpg 415w, https:\/\/kommentatorenblog.de\/wp-content\/uploads\/2020\/09\/shure-55sh-ii-e1601485394796-142x300.jpg 142w\" sizes=\"auto, (max-width: 10px) 100vw, 10px\" \/> Matthias Naebers (Einzelspiel), Andreas Renner (Konferenz)<\/p>\n\n\n\n<p><span style=\"text-decoration: underline;\">ab 20.00 Uhr (DAZN)<\/span> <\/p>\n\n\n\n<p><strong><em><em><strong>Inter Mailand \u2013 FC Bayern M\u00fcnchen<\/strong><\/em> (21.00 Uhr)<\/em><\/strong><\/p>\n\n\n\n<p><img loading=\"lazy\" decoding=\"async\" width=\"10\" height=\"21\" class=\"wp-image-3656\" style=\"width: 10px;\" src=\"http:\/\/kommentatorenblog.de\/wp-content\/uploads\/2020\/09\/shure-55sh-ii-e1601485394796.jpg\" alt=\"\" srcset=\"https:\/\/kommentatorenblog.de\/wp-content\/uploads\/2020\/09\/shure-55sh-ii-e1601485394796.jpg 415w, https:\/\/kommentatorenblog.de\/wp-content\/uploads\/2020\/09\/shure-55sh-ii-e1601485394796-142x300.jpg 142w\" sizes=\"auto, (max-width: 10px) 100vw, 10px\" \/> Uli Hebel, Experte: Michael Ballack (Einzelspiel), Lukas Sch\u00f6nm\u00fcller (Konferenz), Flo Hauser (deutsche Konferenz)<\/p>\n\n\n\n<p>Moderation: Laura Wontorra, Field-Reporter: Max Siebald<\/p>\n\n\n\n<p><span style=\"text-decoration: underline;\">ab 20.00 Uhr (DAZN)<\/span> <\/p>\n\n\n\n<p><strong><em><strong><em>FC Br\u00fcgge \u2013 Bayer 04 Leverkusen <\/em><\/strong>(21.00 Uhr)<\/em><\/strong><\/p>\n\n\n\n<p><img loading=\"lazy\" decoding=\"async\" width=\"10\" height=\"21\" class=\"wp-image-3656\" style=\"width: 10px;\" src=\"http:\/\/kommentatorenblog.de\/wp-content\/uploads\/2020\/09\/shure-55sh-ii-e1601485394796.jpg\" alt=\"\" srcset=\"https:\/\/kommentatorenblog.de\/wp-content\/uploads\/2020\/09\/shure-55sh-ii-e1601485394796.jpg 415w, https:\/\/kommentatorenblog.de\/wp-content\/uploads\/2020\/09\/shure-55sh-ii-e1601485394796-142x300.jpg 142w\" sizes=\"auto, (max-width: 10px) 100vw, 10px\" \/> Freddy Harder, Experte Benny Lauth (Einzelspiel), Adrian Geiler (Konferenz), Nico Seepe (deutsche Konferenz)<\/p>\n\n\n\n<p>Field-Reporterin: Ann-Sophie Kimmel<\/p>\n\n\n\n<p><strong><em>SSC Neapel \u2013 FC Liverpool (21.00 Uhr)<\/em><\/strong><\/p>\n\n\n\n<p><img loading=\"lazy\" decoding=\"async\" width=\"10\" height=\"21\" class=\"wp-image-3656\" style=\"width: 10px;\" src=\"http:\/\/kommentatorenblog.de\/wp-content\/uploads\/2020\/09\/shure-55sh-ii-e1601485394796.jpg\" alt=\"\" srcset=\"https:\/\/kommentatorenblog.de\/wp-content\/uploads\/2020\/09\/shure-55sh-ii-e1601485394796.jpg 415w, https:\/\/kommentatorenblog.de\/wp-content\/uploads\/2020\/09\/shure-55sh-ii-e1601485394796-142x300.jpg 142w\" sizes=\"auto, (max-width: 10px) 100vw, 10px\" \/> Joachim Hebel, Experte: Jonas Hummels (Einzelspiel), Mario Rieker (Konferenz)<\/p>\n\n\n\n<p><strong><em>FC Barcelona \u2013 Viktoria Pilsen (21.00 Uhr)<\/em><\/strong><\/p>\n\n\n\n<p><img loading=\"lazy\" decoding=\"async\" width=\"10\" height=\"21\" class=\"wp-image-3656\" style=\"width: 10px;\" src=\"http:\/\/kommentatorenblog.de\/wp-content\/uploads\/2020\/09\/shure-55sh-ii-e1601485394796.jpg\" alt=\"\" srcset=\"https:\/\/kommentatorenblog.de\/wp-content\/uploads\/2020\/09\/shure-55sh-ii-e1601485394796.jpg 415w, https:\/\/kommentatorenblog.de\/wp-content\/uploads\/2020\/09\/shure-55sh-ii-e1601485394796-142x300.jpg 142w\" sizes=\"auto, (max-width: 10px) 100vw, 10px\" \/> Uwe Morawe (Einzelspiel), Tom Kirsten (Konferenz)<\/p>\n\n\n\n<p><strong><em>Atl\u00e9tico Madrid \u2013 FC Porto (21.00 Uhr)<\/em><\/strong><\/p>\n\n\n\n<p><img loading=\"lazy\" decoding=\"async\" width=\"10\" height=\"21\" class=\"wp-image-3656\" style=\"width: 10px;\" src=\"http:\/\/kommentatorenblog.de\/wp-content\/uploads\/2020\/09\/shure-55sh-ii-e1601485394796.jpg\" alt=\"\" srcset=\"https:\/\/kommentatorenblog.de\/wp-content\/uploads\/2020\/09\/shure-55sh-ii-e1601485394796.jpg 415w, https:\/\/kommentatorenblog.de\/wp-content\/uploads\/2020\/09\/shure-55sh-ii-e1601485394796-142x300.jpg 142w\" sizes=\"auto, (max-width: 10px) 100vw, 10px\" \/> Ruben Zimmermann (Einzelspiel), Daniel G\u00fcnther (Konferenz)<\/p>\n\n\n\n<p><strong><em>Tottenham Hotspur \u2013 Olympique Marseille (21.00 Uhr)<\/em><\/strong><\/p>\n\n\n\n<p><img loading=\"lazy\" decoding=\"async\" width=\"10\" height=\"21\" class=\"wp-image-3656\" style=\"width: 10px;\" src=\"http:\/\/kommentatorenblog.de\/wp-content\/uploads\/2020\/09\/shure-55sh-ii-e1601485394796.jpg\" alt=\"\" srcset=\"https:\/\/kommentatorenblog.de\/wp-content\/uploads\/2020\/09\/shure-55sh-ii-e1601485394796.jpg 415w, https:\/\/kommentatorenblog.de\/wp-content\/uploads\/2020\/09\/shure-55sh-ii-e1601485394796-142x300.jpg 142w\" sizes=\"auto, (max-width: 10px) 100vw, 10px\" \/> Stefan Galler (Einzelspiel), Oliver Forster (Konferenz)<\/p>\n\n\n\n<p>Moderation (Konferenz): Christoph Stadtler<\/p>\n\n\n\n<hr class=\"wp-block-separator\"\/>\n\n\n\n<p><strong>Europa League\/Europa Conference League Gruppenphase, 01. Spieltag (RTL)<\/strong><\/p>\n\n\n\n<p><span style=\"text-decoration: underline;\">Donnerstag, 08. September 2022, ab 17.30 Uhr (RTL+)<\/span><\/p>\n\n\n\n<p><strong><em>OGC Nizza<\/em><\/strong>&nbsp;<strong><em>\u2013<\/em><\/strong>&nbsp;<strong><em>1.FC K\u00f6ln (18.45 Uhr)<\/em><\/strong><\/p>\n\n\n\n<p><img loading=\"lazy\" decoding=\"async\" width=\"10\" height=\"21\" class=\"wp-image-3656\" style=\"width: 10px;\" src=\"http:\/\/kommentatorenblog.de\/wp-content\/uploads\/2020\/09\/shure-55sh-ii-e1601485394796.jpg\" alt=\"\" srcset=\"https:\/\/kommentatorenblog.de\/wp-content\/uploads\/2020\/09\/shure-55sh-ii-e1601485394796.jpg 415w, https:\/\/kommentatorenblog.de\/wp-content\/uploads\/2020\/09\/shure-55sh-ii-e1601485394796-142x300.jpg 142w\" sizes=\"auto, (max-width: 10px) 100vw, 10px\" \/> Robert Hunke (Einzelspiel), Cornelius K\u00fcpper (Konferenz)<\/p>\n\n\n\n<p>Field- Reporter Jan Krebs<\/p>\n\n\n\n<p><strong><em>1.FC Union Berlin <strong><em>\u2013<\/em><\/strong>&nbsp;Royale Union Saint-Gilloise (18.45 Uhr)<\/em><\/strong><\/p>\n\n\n\n<p><img loading=\"lazy\" decoding=\"async\" width=\"10\" height=\"21\" class=\"wp-image-3656\" style=\"width: 10px;\" src=\"http:\/\/kommentatorenblog.de\/wp-content\/uploads\/2020\/09\/shure-55sh-ii-e1601485394796.jpg\" alt=\"\" srcset=\"https:\/\/kommentatorenblog.de\/wp-content\/uploads\/2020\/09\/shure-55sh-ii-e1601485394796.jpg 415w, https:\/\/kommentatorenblog.de\/wp-content\/uploads\/2020\/09\/shure-55sh-ii-e1601485394796-142x300.jpg 142w\" sizes=\"auto, (max-width: 10px) 100vw, 10px\" \/> Christina Graf (Einzelspiel), Michael Born (Konferenz)<\/p>\n\n\n\n<p><strong><em>FC Z\u00fcrich<\/em><\/strong>&nbsp;<strong><em>\u2013<\/em><\/strong>&nbsp;<strong><em>FC Arsenal (18.45 Uhr<\/em><\/strong><\/p>\n\n\n\n<p><img loading=\"lazy\" decoding=\"async\" width=\"10\" height=\"21\" class=\"wp-image-3656\" style=\"width: 10px;\" src=\"http:\/\/kommentatorenblog.de\/wp-content\/uploads\/2020\/09\/shure-55sh-ii-e1601485394796.jpg\" alt=\"\" srcset=\"https:\/\/kommentatorenblog.de\/wp-content\/uploads\/2020\/09\/shure-55sh-ii-e1601485394796.jpg 415w, https:\/\/kommentatorenblog.de\/wp-content\/uploads\/2020\/09\/shure-55sh-ii-e1601485394796-142x300.jpg 142w\" sizes=\"auto, (max-width: 10px) 100vw, 10px\" \/> Florian von Stackelberg (Einzelspiel), Alexander K\u00fcpper (Konferenz)<\/p>\n\n\n\n<p><strong><em>Fenerbahce SK <strong><em>\u2013<\/em><\/strong>&nbsp;Dynamo Kiew (18.45 Uhr)<\/em><\/strong><\/p>\n\n\n\n<p><img loading=\"lazy\" decoding=\"async\" width=\"10\" height=\"21\" class=\"wp-image-3656\" style=\"width: 10px;\" src=\"http:\/\/kommentatorenblog.de\/wp-content\/uploads\/2020\/09\/shure-55sh-ii-e1601485394796.jpg\" alt=\"\" srcset=\"https:\/\/kommentatorenblog.de\/wp-content\/uploads\/2020\/09\/shure-55sh-ii-e1601485394796.jpg 415w, https:\/\/kommentatorenblog.de\/wp-content\/uploads\/2020\/09\/shure-55sh-ii-e1601485394796-142x300.jpg 142w\" sizes=\"auto, (max-width: 10px) 100vw, 10px\" \/> Julian Engelhard (Einzelspiel), Heiko Wasser (Konferenz)<\/p>\n\n\n\n<p><strong><em>Ludogorez Rasgrad <strong><em>\u2013<\/em><\/strong>&nbsp;AS Rom (18.45 Uhr)<\/em><\/strong><\/p>\n\n\n\n<p><img loading=\"lazy\" decoding=\"async\" width=\"10\" height=\"21\" class=\"wp-image-3656\" style=\"width: 10px;\" src=\"http:\/\/kommentatorenblog.de\/wp-content\/uploads\/2020\/09\/shure-55sh-ii-e1601485394796.jpg\" alt=\"\" srcset=\"https:\/\/kommentatorenblog.de\/wp-content\/uploads\/2020\/09\/shure-55sh-ii-e1601485394796.jpg 415w, https:\/\/kommentatorenblog.de\/wp-content\/uploads\/2020\/09\/shure-55sh-ii-e1601485394796-142x300.jpg 142w\" sizes=\"auto, (max-width: 10px) 100vw, 10px\" \/> Tim Hemmrich (Konferenz)<\/p>\n\n\n\n<p><span style=\"text-decoration: underline;\">ab 20.15 Uhr (RTL) bzw. ab 20.40 Uhr (RTL+)<\/span><\/p>\n\n\n\n<p><strong><em>SC Freiburg <strong><em>\u2013<\/em><\/strong>Qarabag FK (21.00 Uhr)<\/em><\/strong><\/p>\n\n\n\n<p>RTL: <img loading=\"lazy\" decoding=\"async\" width=\"10\" height=\"21\" class=\"wp-image-3656\" style=\"width: 10px;\" src=\"http:\/\/kommentatorenblog.de\/wp-content\/uploads\/2020\/09\/shure-55sh-ii-e1601485394796.jpg\" alt=\"\" srcset=\"https:\/\/kommentatorenblog.de\/wp-content\/uploads\/2020\/09\/shure-55sh-ii-e1601485394796.jpg 415w, https:\/\/kommentatorenblog.de\/wp-content\/uploads\/2020\/09\/shure-55sh-ii-e1601485394796-142x300.jpg 142w\" sizes=\"auto, (max-width: 10px) 100vw, 10px\" \/> Marco Hagemann, Experte: Steffen Freund, Field-Reporter: Thomas Wagner<\/p>\n\n\n\n<p>RTL+ <img loading=\"lazy\" decoding=\"async\" width=\"10\" height=\"21\" class=\"wp-image-3656\" style=\"width: 10px;\" src=\"http:\/\/kommentatorenblog.de\/wp-content\/uploads\/2020\/09\/shure-55sh-ii-e1601485394796.jpg\" alt=\"\" srcset=\"https:\/\/kommentatorenblog.de\/wp-content\/uploads\/2020\/09\/shure-55sh-ii-e1601485394796.jpg 415w, https:\/\/kommentatorenblog.de\/wp-content\/uploads\/2020\/09\/shure-55sh-ii-e1601485394796-142x300.jpg 142w\" sizes=\"auto, (max-width: 10px) 100vw, 10px\" \/> Stefan Galler (Einzelspiel), Klaus Veltman (Konferenz)<\/p>\n\n\n\n<p>Moderation (RTL): Laura Papendick, Experte: Karl-Heinz Riedle, Lothar Matth\u00e4us<\/p>\n\n\n\n<p><span style=\"text-decoration: underline;\">ab 20.40 Uhr (RTL+)<\/span><\/p>\n\n\n\n<p><strong><em>Manchester United <strong><em>\u2013<\/em><\/strong> Real Sociedad San Sebastian<\/em><\/strong> <strong><em>(21.00 Uhr)<\/em><\/strong><\/p>\n\n\n\n<p><img loading=\"lazy\" decoding=\"async\" width=\"10\" height=\"21\" class=\"wp-image-3656\" style=\"width: 10px;\" src=\"http:\/\/kommentatorenblog.de\/wp-content\/uploads\/2020\/09\/shure-55sh-ii-e1601485394796.jpg\" alt=\"\" srcset=\"https:\/\/kommentatorenblog.de\/wp-content\/uploads\/2020\/09\/shure-55sh-ii-e1601485394796.jpg 415w, https:\/\/kommentatorenblog.de\/wp-content\/uploads\/2020\/09\/shure-55sh-ii-e1601485394796-142x300.jpg 142w\" sizes=\"auto, (max-width: 10px) 100vw, 10px\" \/> Christoph Stadtler (Einzelspiel), Christian Stra\u00dfburger (Konferenz)<\/p>\n\n\n\n<p><strong><em>Lazio Rom <strong><em>\u2013<\/em><\/strong> Feyenoord Rotterdam (21.00 Uhr)<\/em><\/strong><\/p>\n\n\n\n<p><img loading=\"lazy\" decoding=\"async\" width=\"10\" height=\"21\" class=\"wp-image-3656\" style=\"width: 10px;\" src=\"http:\/\/kommentatorenblog.de\/wp-content\/uploads\/2020\/09\/shure-55sh-ii-e1601485394796.jpg\" alt=\"\" srcset=\"https:\/\/kommentatorenblog.de\/wp-content\/uploads\/2020\/09\/shure-55sh-ii-e1601485394796.jpg 415w, https:\/\/kommentatorenblog.de\/wp-content\/uploads\/2020\/09\/shure-55sh-ii-e1601485394796-142x300.jpg 142w\" sizes=\"auto, (max-width: 10px) 100vw, 10px\" \/> Alexander Klich (Einzelspiel), J\u00fcrgen Schmitz (Konferenz)<\/p>\n\n\n\n<p><strong><em>Ferencvaros Budapest <strong><em>\u2013<\/em><\/strong> Trabzonspor (21.00 Uhr)<\/em><\/strong><\/p>\n\n\n\n<p><img loading=\"lazy\" decoding=\"async\" width=\"10\" height=\"21\" class=\"wp-image-3656\" style=\"width: 10px;\" src=\"http:\/\/kommentatorenblog.de\/wp-content\/uploads\/2020\/09\/shure-55sh-ii-e1601485394796.jpg\" alt=\"\" srcset=\"https:\/\/kommentatorenblog.de\/wp-content\/uploads\/2020\/09\/shure-55sh-ii-e1601485394796.jpg 415w, https:\/\/kommentatorenblog.de\/wp-content\/uploads\/2020\/09\/shure-55sh-ii-e1601485394796-142x300.jpg 142w\" sizes=\"auto, (max-width: 10px) 100vw, 10px\" \/> Frederick Schulz (Einzelspiel), Philip Konrad (Konferenz)<\/p>\n\n\n\n<p><strong><em>Roter Stern Belgrad <strong><em>\u2013<\/em><\/strong> AS Monaco&nbsp;(21.00 Uhr)<\/em><\/strong><\/p>\n\n\n\n<p><img loading=\"lazy\" decoding=\"async\" width=\"10\" height=\"21\" class=\"wp-image-3656\" style=\"width: 10px;\" src=\"http:\/\/kommentatorenblog.de\/wp-content\/uploads\/2020\/09\/shure-55sh-ii-e1601485394796.jpg\" alt=\"\" srcset=\"https:\/\/kommentatorenblog.de\/wp-content\/uploads\/2020\/09\/shure-55sh-ii-e1601485394796.jpg 415w, https:\/\/kommentatorenblog.de\/wp-content\/uploads\/2020\/09\/shure-55sh-ii-e1601485394796-142x300.jpg 142w\" sizes=\"auto, (max-width: 10px) 100vw, 10px\" \/> Stefan Fuckert (Konferenz)<\/p>\n\n\n\n<p>Moderation(RTL+): Anna Kraft, Arnd Zeigler und Ansgar Brinkmann<\/p>\n\n\n\n<hr class=\"wp-block-separator\"\/>\n\n\n\n<p><strong>Youth League Gruppenphase, 01. Spieltag<\/strong><\/p>\n\n\n\n<p><span style=\"text-decoration: underline;\">Mittwoch, 07. September 2022, ab 16.00 Uhr (DAZN)<\/span><\/p>\n\n\n\n<p><strong><em>Inter Mailand U19 \u2013 FC Bayern U19 (16.00Uhr)<\/em><\/strong><\/p>\n\n\n\n<p><img loading=\"lazy\" decoding=\"async\" width=\"10\" height=\"21\" class=\"wp-image-3656\" style=\"width: 10px;\" src=\"http:\/\/kommentatorenblog.de\/wp-content\/uploads\/2020\/09\/shure-55sh-ii-e1601485394796.jpg\" alt=\"\" srcset=\"https:\/\/kommentatorenblog.de\/wp-content\/uploads\/2020\/09\/shure-55sh-ii-e1601485394796.jpg 415w, https:\/\/kommentatorenblog.de\/wp-content\/uploads\/2020\/09\/shure-55sh-ii-e1601485394796-142x300.jpg 142w\" sizes=\"auto, (max-width: 10px) 100vw, 10px\" \/> Fabi Pavlakovic<\/p>\n\n\n\n<hr class=\"wp-block-separator\"\/>\n\n\n\n<p><strong>Internationaler Fussball<\/strong> (Sportdigital)<\/p>\n\n\n\n<hr class=\"wp-block-separator\"\/>\n\n\n\n<p><strong>AFC Cup, (Inter-) Zone-Halbfinale<\/strong><\/p>\n\n\n\n<p><span style=\"text-decoration: underline;\">Dienstag, 06. September 2022<\/span><\/p>\n\n\n\n<p><strong><em>PFC Sogdiana &#8211; Eastern Long Lions (15.00Uhr)<\/em><\/strong><\/p>\n\n\n\n<p><img loading=\"lazy\" decoding=\"async\" width=\"10\" height=\"21\" class=\"wp-image-3656\" style=\"width: 10px;\" src=\"http:\/\/kommentatorenblog.de\/wp-content\/uploads\/2020\/09\/shure-55sh-ii-e1601485394796.jpg\" alt=\"\" srcset=\"https:\/\/kommentatorenblog.de\/wp-content\/uploads\/2020\/09\/shure-55sh-ii-e1601485394796.jpg 415w, https:\/\/kommentatorenblog.de\/wp-content\/uploads\/2020\/09\/shure-55sh-ii-e1601485394796-142x300.jpg 142w\" sizes=\"auto, (max-width: 10px) 100vw, 10px\" \/> Jakob Vogel<\/p>\n\n\n\n<p><strong><em>East Riffa (BHR) &#8211; Al Riffa (19.00Uhr)<\/em><\/strong><\/p>\n\n\n\n<p><img loading=\"lazy\" decoding=\"async\" width=\"10\" height=\"21\" class=\"wp-image-3656\" style=\"width: 10px;\" src=\"http:\/\/kommentatorenblog.de\/wp-content\/uploads\/2020\/09\/shure-55sh-ii-e1601485394796.jpg\" alt=\"\" srcset=\"https:\/\/kommentatorenblog.de\/wp-content\/uploads\/2020\/09\/shure-55sh-ii-e1601485394796.jpg 415w, https:\/\/kommentatorenblog.de\/wp-content\/uploads\/2020\/09\/shure-55sh-ii-e1601485394796-142x300.jpg 142w\" sizes=\"auto, (max-width: 10px) 100vw, 10px\" \/> Marcus Radefeld<\/p>\n\n\n\n<p><span style=\"text-decoration: underline;\">Mittwoch, 07. September 2022<\/span><\/p>\n\n\n\n<p><strong><em>ATK Mohun Bagan FC &#8211; Kuala Lumpur City FC (15.30Uhr)<\/em><\/strong><\/p>\n\n\n\n<p><img loading=\"lazy\" decoding=\"async\" width=\"10\" height=\"21\" class=\"wp-image-3656\" style=\"width: 10px;\" src=\"http:\/\/kommentatorenblog.de\/wp-content\/uploads\/2020\/09\/shure-55sh-ii-e1601485394796.jpg\" alt=\"\" srcset=\"https:\/\/kommentatorenblog.de\/wp-content\/uploads\/2020\/09\/shure-55sh-ii-e1601485394796.jpg 415w, https:\/\/kommentatorenblog.de\/wp-content\/uploads\/2020\/09\/shure-55sh-ii-e1601485394796-142x300.jpg 142w\" sizes=\"auto, (max-width: 10px) 100vw, 10px\" \/> Henrik Hinrichsen<\/p>\n\n\n\n<hr class=\"wp-block-separator\"\/>\n\n\n\n<p><strong>CONMEBOL Libertadores, Halbfinale, R\u00fcckspiel<\/strong><\/p>\n\n\n\n<p><span style=\"text-decoration: underline;\">Mittwoch, 07. September 2022<\/span><\/p>\n\n\n\n<p><strong><em>Palmeiras &#8211; Athletico Paranaense (02.30Uhr)<\/em><\/strong><\/p>\n\n\n\n<p><img loading=\"lazy\" decoding=\"async\" width=\"10\" height=\"21\" class=\"wp-image-3656\" style=\"width: 10px;\" src=\"http:\/\/kommentatorenblog.de\/wp-content\/uploads\/2020\/09\/shure-55sh-ii-e1601485394796.jpg\" alt=\"\" srcset=\"https:\/\/kommentatorenblog.de\/wp-content\/uploads\/2020\/09\/shure-55sh-ii-e1601485394796.jpg 415w, https:\/\/kommentatorenblog.de\/wp-content\/uploads\/2020\/09\/shure-55sh-ii-e1601485394796-142x300.jpg 142w\" sizes=\"auto, (max-width: 10px) 100vw, 10px\" \/> Christian Blunck<\/p>\n\n\n\n<p><span style=\"text-decoration: underline;\">Donnerstag, 08. September 2022<\/span><\/p>\n\n\n\n<p><strong><em>Flamengo &#8211; Velez Sarsfield (02.30Uhr)<\/em><\/strong><\/p>\n\n\n\n<p><img loading=\"lazy\" decoding=\"async\" width=\"10\" height=\"21\" class=\"wp-image-3656\" style=\"width: 10px;\" src=\"http:\/\/kommentatorenblog.de\/wp-content\/uploads\/2020\/09\/shure-55sh-ii-e1601485394796.jpg\" alt=\"\" srcset=\"https:\/\/kommentatorenblog.de\/wp-content\/uploads\/2020\/09\/shure-55sh-ii-e1601485394796.jpg 415w, https:\/\/kommentatorenblog.de\/wp-content\/uploads\/2020\/09\/shure-55sh-ii-e1601485394796-142x300.jpg 142w\" sizes=\"auto, (max-width: 10px) 100vw, 10px\" \/> Arne Malsch<\/p>\n\n\n\n<hr class=\"wp-block-separator\"\/>\n\n\n\n<p><strong>Campeonato Brasileiro, 26. Spieltag<\/strong><\/p>\n\n\n\n<p><span style=\"text-decoration: underline;\">Mittwoch, 07. September 2022<\/span><\/p>\n\n\n\n<p><strong><em>Atletico Mineiro &#8211; Red Bull Bragantino (22.00Uhr)<\/em><\/strong><\/p>\n\n\n\n<p><img loading=\"lazy\" decoding=\"async\" width=\"10\" height=\"21\" class=\"wp-image-3656\" style=\"width: 10px;\" src=\"http:\/\/kommentatorenblog.de\/wp-content\/uploads\/2020\/09\/shure-55sh-ii-e1601485394796.jpg\" alt=\"\" srcset=\"https:\/\/kommentatorenblog.de\/wp-content\/uploads\/2020\/09\/shure-55sh-ii-e1601485394796.jpg 415w, https:\/\/kommentatorenblog.de\/wp-content\/uploads\/2020\/09\/shure-55sh-ii-e1601485394796-142x300.jpg 142w\" sizes=\"auto, (max-width: 10px) 100vw, 10px\" \/> Karsten Linke<\/p>\n\n\n\n<hr class=\"wp-block-separator\"\/>\n\n\n\n<p><strong>Die Analyse<\/strong><\/p>\n\n\n\n<p>Am Dienstag steht das letzte WM- Qualifikationsspiel der DFB- Frauen in Bulgarien an. Die Ansto\u00dfzeit ist dabei ungew\u00f6hnlich: um 18.30 Uhr wird die Partie angepfiffen und ist in one zu sehen. Urspr\u00fcnglich war die Partie f\u00fcr 16.00 Uhr geplant und w\u00e4re im Ersten gelaufen, durch den Ansto\u00df um 18.30 und damit einhergehender Kollision mit der 20 Uhr- Tagesschau gibt es die Partie in one zu sehen. Los geht die \u00dcbertragung um 18.15 Uhr mit Moderator Claus Lufen, kommentieren wird, wie beim EM- Finale Bernd Schmelzer live aus Sofia und die Interviews im Stadion f\u00fchrt Patrick Halatsch.<\/p>\n\n\n\n<p><strong>Start in die Champions League- Saison<\/strong><\/p>\n\n\n\n<p>In der Champions League Saison starten wir mit Prime, die erstmals in ihrer Geschichte (klingt mit Blick darauf, dass es erst die zweite Gruppenphase ist, die Prime \u00fcbertr\u00e4gt, spektakul\u00e4rer als es ist) ein Spiel der fr\u00fchen Ansto\u00dfzeit zeigen. Grund daf\u00fcr ist, dass sich der Gro\u00dfkonzern mehr Zuschauer vom BVB als von RB Leipzig erwartet. Die Vorberichterstattung f\u00e4llt daher auch ein bisschen k\u00fcrzer aus, Sebastian Hellmann meldet sich zusammen mit Tabea Kemme und Matthias Sammer aus dem Signal-Iduna-Park. Schiri-Experte Stark schaltet sich dagegen aus dem K\u00f6lner Stadion dazu, sollte es zu strittigen Entscheidungen kommen. Kommentiert wird das Spiel, wie gewohnt von Jonas Friedrich und dem Ex- Schalker Benedikt H\u00f6wedes. Die Highlight-Show (mit wie gesagt nur noch einem Experten) startet dann ab 23Uhr mit Lena Cassel und Patrick Owomoyela. Cassel k\u00f6nnte der ein oder andere noch aus dem &#8222;Mainzer Keller&#8220; kennen.<\/p>\n\n\n\n<p>Parallel \u00fcbertr\u00e4gt DAZN Zagreb gegen Chelsea, Franz B\u00fcchner kommentiert. Eine Konferenz gibt es logischerweise nicht. <\/p>\n\n\n\n<p>Die sp\u00e4te Ansto\u00dfzeit gibt es dann aber daf\u00fcr vollumf\u00e4nglich auf DAZN. Selbstverst\u00e4ndlich mit Fokus auf Leipzig gegen Donetsk. Hier melden sich ab 20.15Uhr Alex Schl\u00fcter und Sebastian Knei\u00dfl vom Spielfeldrand. Kommentieren wird Lukas Sch\u00f6nm\u00fcller, nach Bochum gegen Bayern sein &#8211; meine ich &#8211; erst zweiter Einsatz in dieser Saison. Field-Reporter ist Daniel Herzog. Die weiteren Spiele sind ohne deutsche Beteiligung und werden somit alle aus den Boxen kommentiert. Hierbei sticht nat\u00fcrlich die Partie zwischen Paris und Juventus Turin heraus, Freddy Harder \u00fcbernimmt mit Italien-Experte Christian Bernhard. Andreas Renner, Adrian Geiler, Max Gross und Guido H\u00fcsgen k\u00fcmmern sich um die weiteren Spiele. In der Konferenz bekommt es wie so oft auf internationaler Ebene Michael Born mit RB zu tun. Ansonsten schaut sich Carsten Fu\u00df Juve in Paris an, Daniel G\u00fcnther und Jogi Hebel sind erstmals in dieser Saison f\u00fcr DAZN im Einsatz (beide sind ja generell nur f\u00fcr die CL bei DAZN). Uwe Morawe und Flo Hauser komplettieren.<\/p>\n\n\n\n<p>Den Mittwoch mit drei deutschen Teams \u00fcbertr\u00e4gt dann logischerweise komplett DAZN. Zur fr\u00fchen Ansto\u00dfzeit startet Eintracht Frankfurt mit einem Heimspiel gegen Sporting in die Champions League, gute Stimmung sollte im Deutsche-Bank-Park garantiert sein. Alex Schl\u00fcter und Daniel Herzog verzeichnen einen Doppeleinsatz und reisen von Leipzig nach Frankfurt. Sandro Wagner st\u00f6\u00dft als Experte dazu und wird erst an der Seite von Alex Schl\u00fcter durch den dreiviertelst\u00fcndigen Vorlauf f\u00fchren und im Anschluss mit Marco Hagemann kommentieren. Hagemann und die Eintracht im Europapokal sind bekannterma\u00dfen ein Erfolgsduo. In der Konferenz \u00fcbernimmt wieder Michael Born das deutsche Spiel und f\u00fchrt mit Andreas Renner durch den Vorabend. <\/p>\n\n\n\n<p>Zur sp\u00e4ten Ansto\u00dfzeit k\u00f6nnen wir uns dann auf eine deutsche Konferenz freuen, Bayern und Leverkusen sind parallel in Mailand bzw. Br\u00fcgge unterwegs. Flo Hauser und Nico Seepe f\u00fchren durch die deutsche Konferenz. Nat\u00fcrlich sind aber auch beide Spiele auch einzeln zu sehen. Laura Wontorra und Michael Ballack gehen auf Reisen nach Mailand und melden sich ab 20.15Uhr aus San Siro. Kommentieren wird dann Uli Hebel w\u00e4hrend Max Siebald auf Stimmenfang geht. Beim Leverkusen-Spiel gibt es folglich keinen Vorlauf, Kommentator Freddy Harder und Experte Benny Lauth melden sich an diesem Spieltag auch nur aus M\u00fcnchen (im Stadion ist allerdings Ann-Sophie Kimmel als Field-Reporterin). Somit ist DAZN also bei drei von vier Spielen mit deutschen vor Ort, definitiv ein Schritt nach vorne der an Spieltag zwei mit der 100%-vor Ort Quote nochmals getoppt werden wird &#8211; kleiner Spoiler f\u00fcr n\u00e4chste Woche.<\/p>\n\n\n\n<p>Bei den weiteren Einzelspielen gibt es noch ein Spiel mit Experten, Napoli gegen Liverpool mit Jogi Hebel und Jonas Hummels. In der gro\u00dfen Konferenz \u00fcbernimmt die Partie dann \u00fcbrigens Mario Rieker w\u00e4hrend sich Lukas Sch\u00f6nm\u00fcller und Adrian Geiler um Bayern und Leverkusen k\u00fcmmern. Komplettiert wird Runde von Tom Kirsten, Daniel G\u00fcnther und Oliver Forster. Ohne Einsatz bleiben in dieser Woche Jan Platte und Sami Khedira.<\/p>\n\n\n\n<p><strong>F\u00fcr RTL gehts nach Freiburg<\/strong><\/p>\n\n\n\n<p>Europa League und Conference League gibt es in dieser Saison weiterhin bei RTL beziehungsweise RTL+. Neu ab dieser Saison, in DAZN- Bars gibt es dank einer Kooperation nun auch alle RTL+ &#8211; Spiele zu sehen.<\/p>\n\n\n\n<p>Am ersten Spieltag hat sich RTL als Free-TV-Spiel die Heimpartie des SC Freiburgs ausgesucht, die einzige Partie der drei deutschen Teams, die um 21.00 Uhr angepfiffen wird. Dann werden sowohl Marco Hagemann als Steffen Freund am Mikrofon zu h\u00f6ren sein. Die beiden kehren also, wenig \u00fcberraschend, ans RTL- Mikrofon zur\u00fcck, nachdem  Cornelius K\u00fcpper noch die Conference- Quali des 1.FC K\u00f6ln im TV kommentieren durfte.<\/p>\n\n\n\n<p>Bei den Vorberichten st\u00f6\u00dft daf\u00fcr ein neues, alt bekanntes Gesicht hinzu: Lothar Matth\u00e4us wird nun auch RTL-Europa-Experte und vervollst\u00e4ndigt das Team um Papendick und Riedle. Damit hat nun auch RTL mehrere Experten bei einem Spiel im Einsatz. F\u00fcr die Interviews ist Thomas Wagner im Freiburger-Stadion.<\/p>\n\n\n\n<p><strong>RTL+ mit je 5 Partien<\/strong><\/p>\n\n\n\n<p>RTL+ startet die Gruppenphase mit zehn Partien, verteilt auf die 2 Ansto\u00dfzeiten werden dabei jeweils 5 Partien parallel gezeigt. Dabei werden zwei Spiele, einmal um 18.45 Uhr und einmal um 21 Uhr nur in der Konferenz und nicht aber in voller L\u00e4nge zu sehen sein. Die Konferenz wird dabei, wie zum Ende der letzten Saison, mit eigenem Kommentator f\u00fcr jedes Spiel besetzt. M\u00f6gliches wird das dadurch, dass das Kommentatorin und Kommentatoren-Team von RTL+ jetzt auch deutlich gr\u00f6\u00dfer, ist (um die 20) als zu Beginn der letzten Saison (da waren es nur 7).<\/p>\n\n\n\n<p><strong>K\u00f6ln und Union bei RTL+<\/strong><\/p>\n\n\n\n<p>Wie bereits in der letzten Saison geh\u00f6ren auch Michael Born und Cornelius K\u00fcpper zum Team und werden in der Konferenz die beiden deutschen Partien am fr\u00fchen Abend, Union Berlin beziehungsweise 1.FC K\u00f6ln, \u00fcbernehmen. Dazu wird auch K\u00fcppers Bruder Alexander wieder Teil der Konferenz sein und Z\u00fcrich- Arsenal kommentieren, weitere Konferenz- Kommentatoren an diesem Spieltag sind Heiko Wasser und Tim Hemmrich.<\/p>\n\n\n\n<p><strong>Hunke-R\u00fcckkehr bei RTL+<\/strong><\/p>\n\n\n\n<p>Die deutschen Einzelspiele am fr\u00fchen Abend \u00fcbernehmen Christina Graf (Union) und Robert Hunke (K\u00f6ln). F\u00fcr Hunke ist es dabei die R\u00fcckkehr an das Kommentatoren- Pult im deutschen Fernsehen, nachdem er davor zum Team der Viererkette bei RTL+ geh\u00f6rte. Ab 21 Uhr zeigt dann RTL+ auch das Freiburg- Spiel im Einzelstream, und stattet dies auch wieder mit eigenem Kommentator (Stefan Galler) aus. In der Konferenz \u00fcbernimmt Klaus Veltman die Partie, weitere Kommentatoren der Konferenz sind u.a. Christian Stra\u00dfburger und J\u00fcrgen Schmitz. Umrahmt werden die Partien bei RTL+ von Matchday, welche wieder von Anna Kraft moderiert wird, aber &#8222;nur&#8220; noch 2 Experten mit Arnd Zeigler und Ansgar Brinkmann umfasst. Als Field- Reporter schickt man im \u00dcbrigen bei RTL+ Jan Krebs nach Nizza, niemanden aber nach Berlin. In Freiburg geht, wie bereits erw\u00e4hnt, Thomas Wagner auf Stimmenfang.<\/p>\n\n\n\n<p>International ist ansonsten noch so einiges los, Fabi Pavlakovic \u00fcbernimmt bei DAZN die Youth League- Partie der Bayern und auch sportdigital hat noch einige Partien im Angebot. Dazu geh\u00f6ren der AFC Cup mit Radefeld und Vogel als Kommentatoren oder die CONMEBOL Lobertadores, wo mit Christian Blunck und Arne Malsch ebenfalls bekannte Namen im Einsatz sind.<\/p>\n\n\n\n<p>Das wars f\u00fcr heute, habt viel Spa\u00df mit dem ersten Europapokalspieltag und schmettert eure Meinung zu den Ansetzungen gerne in die Kommentare!<\/p>\n\n\n\n<p>Am Donnerstag gibts dann den n\u00e4chsten Beitrag, u.a. zur Bundesliga-<\/p>\n\n\n\n<p><\/p>\n","protected":false},"excerpt":{"rendered":"<p>N&#8217;Abend allerseits, Endlich ist es so weit, der Europokal ist zur\u00fcck, bevor wir uns aber dem widmen, w\u00fcrden wir uns freuen, wenn ihr an einer Uni-Umfrage von unserem ehemaligen Blogger Erik mitmachen w\u00fcrdet. Die Umfrage dauert auch h\u00f6chstens f\u00fcnf Minuten und thematisch passt sie hier auch sehr gut rein. Es geht um Fu\u00dfball-\u00dcbertragungen und auch [&hellip;]<\/p>\n","protected":false},"author":11,"featured_media":0,"comment_status":"open","ping_status":"open","sticky":false,"template":"","format":"standard","meta":{"footnotes":""},"categories":[425],"tags":[598,34,49,163,377,517,582,131,35,615,171,636,262,212,13,132,703,120,295,702,155,616,103,69,315,86,676,75,44,205,43,243,223,283,114,191,183,690,853,138,656,301,350,98,394,154,854,252,200,105,149],"class_list":["post-13662","post","type-post","status-publish","format-standard","hentry","category-champions-league-und-co","tag-adrian-geiler","tag-alex-klich","tag-alex-schlueter","tag-alexander-kuepper","tag-andreas-renner","tag-anna-kraft","tag-bernd-schmelzer","tag-carsten-fuss","tag-christian-strassburger","tag-christina-graf","tag-christoph-stadtler","tag-claus-lufen","tag-daniel-guenther","tag-daniel-herzog","tag-dazn","tag-flo-hauser","tag-florian-von-stackelberg","tag-franz-buechner","tag-freddy-harder","tag-frederick-schulz","tag-guido-huesgen","tag-heiko-wasser","tag-jogi-hebel","tag-jonas-friedrich","tag-julian-engelhard","tag-juergen-schmitz","tag-klaus-veltman","tag-laura-papendick","tag-laura-wontorra","tag-lukas-schoenmueller","tag-marco-hagemann","tag-mario-rieker","tag-matthias-naebers","tag-max-gross","tag-michael-born","tag-nico-seepe","tag-oliver-forster","tag-philip-konrad","tag-robert-hunke","tag-rtl","tag-rtl-2","tag-ruben-zimmermann","tag-sandro-wagner","tag-sebastian-hellmann","tag-stefan-fuckert","tag-stefan-galler","tag-tim-hemmrich","tag-tobi-wahnschaffe","tag-tom-kirsten","tag-uli-hebel","tag-uwe-morawe"],"_links":{"self":[{"href":"https:\/\/kommentatorenblog.de\/index.php?rest_route=\/wp\/v2\/posts\/13662","targetHints":{"allow":["GET"]}}],"collection":[{"href":"https:\/\/kommentatorenblog.de\/index.php?rest_route=\/wp\/v2\/posts"}],"about":[{"href":"https:\/\/kommentatorenblog.de\/index.php?rest_route=\/wp\/v2\/types\/post"}],"author":[{"embeddable":true,"href":"https:\/\/kommentatorenblog.de\/index.php?rest_route=\/wp\/v2\/users\/11"}],"replies":[{"embeddable":true,"href":"https:\/\/kommentatorenblog.de\/index.php?rest_route=%2Fwp%2Fv2%2Fcomments&post=13662"}],"version-history":[{"count":17,"href":"https:\/\/kommentatorenblog.de\/index.php?rest_route=\/wp\/v2\/posts\/13662\/revisions"}],"predecessor-version":[{"id":13731,"href":"https:\/\/kommentatorenblog.de\/index.php?rest_route=\/wp\/v2\/posts\/13662\/revisions\/13731"}],"wp:attachment":[{"href":"https:\/\/kommentatorenblog.de\/index.php?rest_route=%2Fwp%2Fv2%2Fmedia&parent=13662"}],"wp:term":[{"taxonomy":"category","embeddable":true,"href":"https:\/\/kommentatorenblog.de\/index.php?rest_route=%2Fwp%2Fv2%2Fcategories&post=13662"},{"taxonomy":"post_tag","embeddable":true,"href":"https:\/\/kommentatorenblog.de\/index.php?rest_route=%2Fwp%2Fv2%2Ftags&post=13662"}],"curies":[{"name":"wp","href":"https:\/\/api.w.org\/{rel}","templated":true}]}}