{"id":13732,"date":"2022-09-08T18:56:43","date_gmt":"2022-09-08T16:56:43","guid":{"rendered":"http:\/\/kommentatorenblog.de\/?p=13732"},"modified":"2022-11-18T23:07:18","modified_gmt":"2022-11-18T21:07:18","slug":"1281-einmal-audio-vieles-drin","status":"publish","type":"post","link":"https:\/\/kommentatorenblog.de\/?p=13732","title":{"rendered":"1281- Einmal Audio- vieles drin"},"content":{"rendered":"\n<p>Hallo zusammen,<\/p>\n\n\n\n<p>da in den letzten Tagen einige Kommentare zu dem Thema Auflistung der ARD- Audiostreams kamen, werden wir uns hier mal diesem Thema widmen. Zuerst einmal: Wir werden weiterhin die Reporterinnen und Reporter der ARD Audiostreams nicht hier auflisten. Wieso?<\/p>\n\n\n\n<p>Das hat einige Gr\u00fcnde. Dazu z\u00e4hlt, dass sich der Kommentatorenblog sich den Fu\u00dfball- \u00dcbertragungen, wie auch auf unserer Startseite zu sehen, im TV widmet. Und vor allem auch, weil wir schlicht weg nicht die Zeit haben, noch mehr Partien bzw. Personal aufzulisten, als wir es aktuell schon tun.<\/p>\n\n\n\n<p>Nichtsdestotrotz d\u00fcrft ihr nat\u00fcrlich weiterhin gerne hin und wieder Fragen zu den Ansetzungen einzelner Partien stellen. Wir werden dann versuchen, diese zu beantworten. Denn das ist auch so ein Punkt, wir haben nicht immer alle Ansetzungen oder wissen nicht, wer im Radio, Einzelstream oder der Konferenz eingesetzt wird.<\/p>\n\n\n\n<p><strong>Fu\u00dfball live zum H\u00f6ren &#8211; viele Wettbewerbe &#8211; alles kostenlos<\/strong><\/p>\n\n\n\n<p>Jetzt werfen wir aber mal einen Blick auf das Audio- Fu\u00dfballangebot, denn in Zeiten, wo es viele verschiedene Abos braucht um alle Wettbewerbe zu verfolgen sind die Audiostreams eine echte Alternative, zumal das Angebot der ARD kostenlos ist und nahezu alles abdeckt und der Kommentar meist aus dem Stadion erfolgt.<\/p>\n\n\n\n<p><strong>Was und wo gibt es?<\/strong><\/p>\n\n\n\n<p>Es gibt verschiedene Audio- Angebote in der ARD, dass bekannteste ist wohl die ARD- Bundesliga- Konferenz:<\/p>\n\n\n\n<p><em>Die Bundesliga- Konferenz der ARD- Radiowellen<\/em><\/p>\n\n\n\n<ul class=\"wp-block-list\"><li>Was: Eine Radiokonferenz von den Spielen der 1. Bundesliga, unterteilt in eine Halbzeitkonferenz, die um 16.08 Uhr startet und eine Schlusskonferenz, mit Start um 16.55 Uhr. Dabei wird zwischen den einzelnen Sportpl\u00e4tzen hin und hergeschalten<\/li><li>Wo: ARD- Radiowellen: u.a. WDR2, NDR2, SWR1, Bayern1, Bremen1, radioeins, MDR1 Sachsen, SR3<\/li><\/ul>\n\n\n\n<p>Dazu wird in den verschiedenen Radiowellen zu unterschiedlichen Zeitpunkten immer wieder in die Stadien gefallen, sei es, wenn ein Tor gefallen ist oder zur Bewertung der aktuellen Spielsituation. Da die ARD seit letzter Saison auch die Rechte f\u00fcr die Verbreitung der Spiele \u00fcber das Internet als Netcast hat, gibt es auch hier eine Konferenz:<\/p>\n\n\n\n<p><em>Die Konferenz als Netcast<\/em><\/p>\n\n\n\n<ul class=\"wp-block-list\"><li>Was: Die ARD- Bundesliga- Konferenz \u00fcber 90min, mit den selben Reporterinnen und Reportern wie in der Radiokonferenz. <\/li><li>Wann: jeden Samstag ab 15.20 Uhr<\/li><li>Wo: sportschau.de, ARD Audiothek, WDR Event, verschiedene Radio-Apps (z.B. SWR1 &amp; 3)<\/li><\/ul>\n\n\n\n<p>Daneben werden auch alle Spiele der 1. &amp; 2. Bundesliga, im DFB- Pokal und der Champions League in voller L\u00e4nge angeboten:<\/p>\n\n\n\n<p><em>Einzelspiel &#8211; Netcast<\/em><\/p>\n\n\n\n<ul class=\"wp-block-list\"><li>Was: Alle Spiele der 1. &amp; 2. Bundesliga sowie im DFB- Pokal und Champions League live in voller L\u00e4nge als Audiostream<\/li><li>Wann: zwischen 5 bis 10 Minuten vor Anpfiff startet die \u00dcbertragung<\/li><li>Wo: sportschau.de, ARD Audiothek, WDR Event<\/li><\/ul>\n\n\n\n<p>Dar\u00fcber hinaus gibt es auch in Liga 2 und im DFB- Pokal Konferenzen, wenn es mehrere Spiele gleichzeitig gibt. Hier werden jedoch meist keine extra Reporterinnen und Reporter f\u00fcr, sondern es wird zwischen den Einzelspielreporterinnen und -reportern hin- und hergeschaltet. Die daf\u00fcr mit   Extra-Technik ausgestattet wurden. Sollten in der Champions League zwei deutsche Teams zeitgleich spielen, wird es auch zwischen diesen Partien eine Konferenz geben, dann aber mit eigenem Kommentar. Einzelstreams k\u00f6nnen hier, ebenso wie im DFB- Pokal zus\u00e4tzlich auch noch im Radio, wie z.B. bei BR24, MDR Aktuell, NDR Info oder hr info laufen. Au\u00dferdem gibt es bei verschiedenen Radiowellen sowohl in Liga 2, DFB- Pokal aber auch der Champions League Schalten in die jeweiligen Stadien.<\/p>\n\n\n\n<p><em>Europa League-  \u00dcbertragungen<\/em><\/p>\n\n\n\n<p>In der Europa League gibt es kein einheitliches Angebot, sondern unterscheidet sich zwischen den Landesrundfunkanstalten. Der RBB wird einen Audiostream aller Union- Gruppenspiele anbieten, bei den Spielen des SC Freiburgs ist dies noch nicht der Fall, es kann aber sein, dass dies von Seiten des SWRs noch angeboten wird. Daf\u00fcr gibt es hier Einblendungen in SWR1, am Donnerstag macht dies Julia Metzner. Beim 1.FC K\u00f6ln ist mir bisher kein Audiostream bekannt, daf\u00fcr d\u00fcrfte es auch hier Einblendungen bei WDR2 geben.<\/p>\n\n\n\n<p><em>Nationalmannschaft Herren<\/em><\/p>\n\n\n\n<p>Hier gibt es sowohl in diversen Radiowellen der ARD Einblendungen von den Spielen, aber auch eine Radiovollreportage \u00fcber 90min, die es auch als Netcast auf sportschau.de zu h\u00f6ren gibt.<\/p>\n\n\n\n<p><em>Bundesliga, Champions League und Nationalmannschaft der Frauen<\/em><\/p>\n\n\n\n<p>Hier gibt es bisher kein so umfassendes Audio- Angebot. Bei der Nationalmannschaft gibt es in den Radiowellen Schalten ins Stadion sowie Zusammenfassungen nach Abpfiff. In der Champions League gab es letztes Jahr von den Viertelfinal- (Bayern) bzw. Halbfinalbegegnungen (Wolfsburg) Netcasts. Bei SWR1 Stadion z.B. werden die S\u00fcdwest- Vereine ab dieser Saison so behandelt wie die 2. Liga- S\u00fcdwest- Klubs, d.h., spielen die Vereine an diesem Tag, sind sie Teil der Sendung.<\/p>\n\n\n\n<p><strong>Wer moderiert und kommentiert im Radio und Netcast?<\/strong><\/p>\n\n\n\n<p class=\"has-small-font-size\"><em>Kein Anspruch auf Vollst\u00e4ndigkeit<\/em><\/p>\n\n\n\n<p><em>Moderation (Netcast)<\/em><\/p>\n\n\n\n<p>Desir\u00e9e Krause, Lisa Tellers, Julia Kleine, Julian Ferber<\/p>\n\n\n\n<p><em>WDR<\/em><\/p>\n\n\n\n<p>Armin Lehmann, Holger Dahl, Marc Eschweiler, Christian Schulze, Jan Wochner, Stefan H\u00e4nsel, Luise Kropff, Anne van Eickels, Sara Schwedmann, Jens Walbrodt, Stephan Kau\u00dfen, Burkhard Hupe, Tim Wichmann, Daniel Neuhaus, Dorian Aust<\/p>\n\n\n\n<p><em>SWR<\/em><\/p>\n\n\n\n<p>Julia Metzner, Jens- J\u00f6rg Rieck, Florian Winkler, Stefan Kersthold, Detlev Lindner, G\u00fcnther Schroth, Patrick Schmid, Ann- Kathrin Rose, Christina Graf, Kersten Eichhorn, Daniel G\u00fcnther, Lukas Stauss, Achim Scheu<\/p>\n\n\n\n<p><em>NDR<\/em><\/p>\n\n\n\n<p>Michael Augustin, Holger Gerska, Alexander Bleick, Moritz Cassalette, J\u00f6rg Tegelh\u00fctter, Ina Kast, Thorsten Iffland, Moritz K\u00fchn, Stefan Grothoff, Fabian Wittke, Burkhard Tillner, Mats Nickelsen, Matthias Dr\u00f6ge, Kristoffer Klein, Lars Pegelow, J\u00f6rg Naroska, Jan Didjurgeit, Finn- Ole Martin, Robert Witt, Albrecht Breitschuh, Norman Narwe, Clemens Paulsen Hendrik L\u00fcckhoff, Cedric Broschert, Jens Gideon, Tiede Thedinga, Jan M\u00f6ller, Tobias Blanck, Patric Seibel, Rudi Dautwitz, Lars Gr\u00fcning<\/p>\n\n\n\n<p><em>MDR<\/em><\/p>\n\n\n\n<p>Thomas Kunze, Thorsten vom Wege, Jan G\u00fcnther, Philipp Wei\u00dfkirch, Sven Herold, Florian Eib, Jeremias Diel, Frank Martin, Jens Lampe, Florian Weichert, Roland K\u00fchnke, Andreas H\u00f6nig, Raimo Hinsdorf<\/p>\n\n\n\n<p><em>BR<\/em><\/p>\n\n\n\n<p>Andre Siems, Philipp Eger, Edgar Endres, Marcel Seufert, Daniel Gahn, Thomas Kattenbeck, Michael K\u00fcster, Oliver Tubenauer, Christian Klug, Patricia Gabor, Taufig Khalil, Bernd Schmelzer, Florian Eckl, Erich Wartusch, Martin Raspe, Florian Hecht, Ulrich Knapp<\/p>\n\n\n\n<p><em>RBB<\/em><\/p>\n\n\n\n<p>Jakob R\u00fcger, Lars Becker, Tabea Kunze, Stephanie Baczyk, Nikolaus Hillmann, Guido Ringel, Philipp H\u00f6ppner, Andreas Friebel<\/p>\n\n\n\n<p><em>HR<\/em><\/p>\n\n\n\n<p>Martina Knief, Philipp Hofmeister, Tim Brockmeier, Dirk Schmidt, Matthies Hohm, Sven Litzenberg, Peter S\u00e4nger<\/p>\n\n\n\n<p><em>Radio Bremen<\/em><\/p>\n\n\n\n<p>Heiko Neugebauer, Olaf Rathje, Matthias Arians, Daniel Hasselbach, Dino Bernabeo, Felix Gerhardt, Axel Pusitzky<\/p>\n\n\n\n<p><em>SR<\/em><\/p>\n\n\n\n<p>Sven Roland, Thomas Wollscheid<\/p>\n\n\n\n<hr class=\"wp-block-separator is-style-default\"\/>\n\n\n\n<h5 class=\"wp-block-heading\"><strong>Die Ansetzungen vom 09. September 2022 bis 12. September 2022<\/strong><\/h5>\n\n\n\n<hr class=\"wp-block-separator is-style-default\"\/>\n\n\n\n<hr class=\"wp-block-separator is-style-default\"\/>\n\n\n\n<p><strong>Bundesliga, 6. Spieltag (Sky\/DAZN)<\/strong><\/p>\n\n\n\n<p><u>Freitag, 09. September 2022, <\/u><span style=\"text-decoration: underline;\"><span style=\"text-decoration: underline;\">ab 19.45 Uhr (DAZN)<\/span><\/span><\/p>\n\n\n\n<p><strong style=\"font-style: italic;\">SV Werder Bremen <strong><em><span><b style=\"font-style: italic;\">\u2013<\/b><\/span><\/em><\/strong><\/strong> <em><strong>FC Augsburg (20.30 Uhr)<\/strong><\/em> <br><img loading=\"lazy\" decoding=\"async\" width=\"10\" height=\"21\" class=\"wp-image-3656\" style=\"width: 10px;\" src=\"http:\/\/kommentatorenblog.de\/wp-content\/uploads\/2020\/09\/shure-55sh-ii-e1601485394796.jpg\" alt=\"\" srcset=\"https:\/\/kommentatorenblog.de\/wp-content\/uploads\/2020\/09\/shure-55sh-ii-e1601485394796.jpg 415w, https:\/\/kommentatorenblog.de\/wp-content\/uploads\/2020\/09\/shure-55sh-ii-e1601485394796-142x300.jpg 142w\" sizes=\"auto, (max-width: 10px) 100vw, 10px\" \/> Michael Born, Experte: Jonas Hummels<br>Moderation: Mario Rieker<\/p>\n\n\n\n<p><u>Samstag, 10. September 2022, <\/u><span style=\"text-decoration: underline;\"><span style=\"text-decoration: underline;\">ab 14.00 Uhr (Sky)<\/span><\/span><\/p>\n\n\n\n<p><em><strong style=\"font-style: italic;\">FC Bayern M\u00fcnchen <strong><span><b style=\"font-style: italic;\">\u2013<\/b><\/span><\/strong><\/strong> <strong>VfB Stuttgart (15.30 Uhr)<\/strong><\/em> <br><img loading=\"lazy\" decoding=\"async\" width=\"10\" height=\"21\" class=\"wp-image-3656\" style=\"width: 10px;\" src=\"http:\/\/kommentatorenblog.de\/wp-content\/uploads\/2020\/09\/shure-55sh-ii-e1601485394796.jpg\" alt=\"\" srcset=\"https:\/\/kommentatorenblog.de\/wp-content\/uploads\/2020\/09\/shure-55sh-ii-e1601485394796.jpg 415w, https:\/\/kommentatorenblog.de\/wp-content\/uploads\/2020\/09\/shure-55sh-ii-e1601485394796-142x300.jpg 142w\" sizes=\"auto, (max-width: 10px) 100vw, 10px\" \/> Jonas Friedrich, Konferenz: Frank Buschmann<br>Field-Reporter: Torben Hofmann<\/p>\n\n\n\n<p><strong style=\"font-style: italic;\">RB Leipzig <strong><em><span><b style=\"font-style: italic;\">\u2013<\/b><\/span><\/em><\/strong><\/strong> <em><strong>Borussia Dortmund (15.30 Uhr)<\/strong><\/em> <br><img loading=\"lazy\" decoding=\"async\" width=\"10\" height=\"21\" class=\"wp-image-3656\" style=\"width: 10px;\" src=\"http:\/\/kommentatorenblog.de\/wp-content\/uploads\/2020\/09\/shure-55sh-ii-e1601485394796.jpg\" alt=\"\" srcset=\"https:\/\/kommentatorenblog.de\/wp-content\/uploads\/2020\/09\/shure-55sh-ii-e1601485394796.jpg 415w, https:\/\/kommentatorenblog.de\/wp-content\/uploads\/2020\/09\/shure-55sh-ii-e1601485394796-142x300.jpg 142w\" sizes=\"auto, (max-width: 10px) 100vw, 10px\" \/> Oliver Seidler, Konferenz: Kai Dittmann<br>Field-Reporter: Patrick Wasserziehr<\/p>\n\n\n\n<p><strong style=\"font-style: italic;\">Hertha BSC <strong><em><span><b style=\"font-style: italic;\">\u2013<\/b><\/span><\/em><\/strong><\/strong> <em><strong>Bayer Leverkusen  (15.30 Uhr)<\/strong><\/em> <br><img loading=\"lazy\" decoding=\"async\" width=\"10\" height=\"21\" class=\"wp-image-3656\" style=\"width: 10px;\" src=\"http:\/\/kommentatorenblog.de\/wp-content\/uploads\/2020\/09\/shure-55sh-ii-e1601485394796.jpg\" alt=\"\" srcset=\"https:\/\/kommentatorenblog.de\/wp-content\/uploads\/2020\/09\/shure-55sh-ii-e1601485394796.jpg 415w, https:\/\/kommentatorenblog.de\/wp-content\/uploads\/2020\/09\/shure-55sh-ii-e1601485394796-142x300.jpg 142w\" sizes=\"auto, (max-width: 10px) 100vw, 10px\" \/> Torsten Kunde, Konferenz: Roland Evers<br>Field-Reporter: Jens Westen<\/p>\n\n\n\n<p><strong><em>Eintracht Frankfurt<\/em> <strong><em><span><b style=\"font-style: italic;\">\u2013<\/b><\/span><\/em><\/strong><\/strong> <em><strong>VfL Wolfsburg (15.30 Uhr)<\/strong><\/em> <br><img loading=\"lazy\" decoding=\"async\" width=\"10\" height=\"21\" class=\"wp-image-3656\" style=\"width: 10px;\" src=\"http:\/\/kommentatorenblog.de\/wp-content\/uploads\/2020\/09\/shure-55sh-ii-e1601485394796.jpg\" alt=\"\" srcset=\"https:\/\/kommentatorenblog.de\/wp-content\/uploads\/2020\/09\/shure-55sh-ii-e1601485394796.jpg 415w, https:\/\/kommentatorenblog.de\/wp-content\/uploads\/2020\/09\/shure-55sh-ii-e1601485394796-142x300.jpg 142w\" sizes=\"auto, (max-width: 10px) 100vw, 10px\" \/> Klaus Veltman, Konferenz: Hansi K\u00fcpper<br>Field-Reporter: Ulli Potofski<\/p>\n\n\n\n<p><strong><em>TSG 1899 Hoffenheim<\/em> <strong><em><span><b style=\"font-style: italic;\">\u2013<\/b><\/span><\/em><\/strong><\/strong> <em><strong>FSV Mainz 05 (15.30 Uhr)<\/strong><\/em> <br><img loading=\"lazy\" decoding=\"async\" width=\"10\" height=\"21\" class=\"wp-image-3656\" style=\"width: 10px;\" src=\"http:\/\/kommentatorenblog.de\/wp-content\/uploads\/2020\/09\/shure-55sh-ii-e1601485394796.jpg\" alt=\"\" srcset=\"https:\/\/kommentatorenblog.de\/wp-content\/uploads\/2020\/09\/shure-55sh-ii-e1601485394796.jpg 415w, https:\/\/kommentatorenblog.de\/wp-content\/uploads\/2020\/09\/shure-55sh-ii-e1601485394796-142x300.jpg 142w\" sizes=\"auto, (max-width: 10px) 100vw, 10px\" \/> Marcus Lindemann, Konferenz: Martin Gro\u00df<br>Field-Reporterin: Viola Weiss<\/p>\n\n\n\n<p>Moderation: Britta Hofmann, Experten: Dietmar Hamann <\/p>\n\n\n\n<p><span style=\"text-decoration: underline;\"><span style=\"text-decoration: underline;\">ab 17.30 Uhr (Sky)<\/span><\/span><\/p>\n\n\n\n<p><strong><em>FC Schalke 04<\/em> <strong><em><span><b style=\"font-style: italic;\">\u2013<\/b><\/span><\/em><\/strong><\/strong> <em><strong>VfL Bochum (18.30 Uhr)<\/strong><\/em> <br><img loading=\"lazy\" decoding=\"async\" width=\"10\" height=\"21\" class=\"wp-image-3656\" style=\"width: 10px;\" src=\"http:\/\/kommentatorenblog.de\/wp-content\/uploads\/2020\/09\/shure-55sh-ii-e1601485394796.jpg\" alt=\"\" srcset=\"https:\/\/kommentatorenblog.de\/wp-content\/uploads\/2020\/09\/shure-55sh-ii-e1601485394796.jpg 415w, https:\/\/kommentatorenblog.de\/wp-content\/uploads\/2020\/09\/shure-55sh-ii-e1601485394796-142x300.jpg 142w\" sizes=\"auto, (max-width: 10px) 100vw, 10px\" \/> Wolff Fuss<br>Field-Reporterin: Nele Schenker<br>Moderation: Sebastian Hellmann, Expert:innen: Julia Simic und Lothar Matth\u00e4us<\/p>\n\n\n\n<p><u>Sonntag, 11. September 2022, <\/u><span style=\"text-decoration: underline;\"><span style=\"text-decoration: underline;\">ab 14.45 Uhr (DAZN)<\/span><\/span><\/p>\n\n\n\n<p><strong style=\"font-style: italic;\">1.FC K\u00f6ln <strong><em><span><b style=\"font-style: italic;\">\u2013<\/b><\/span><\/em><\/strong><\/strong> <em><strong>1.FC Union Berlin (15.30 Uhr)<\/strong><\/em> <br><img loading=\"lazy\" decoding=\"async\" width=\"10\" height=\"21\" class=\"wp-image-3656\" style=\"width: 10px;\" src=\"http:\/\/kommentatorenblog.de\/wp-content\/uploads\/2020\/09\/shure-55sh-ii-e1601485394796.jpg\" alt=\"\" srcset=\"https:\/\/kommentatorenblog.de\/wp-content\/uploads\/2020\/09\/shure-55sh-ii-e1601485394796.jpg 415w, https:\/\/kommentatorenblog.de\/wp-content\/uploads\/2020\/09\/shure-55sh-ii-e1601485394796-142x300.jpg 142w\" sizes=\"auto, (max-width: 10px) 100vw, 10px\" \/> Uli Hebel, Experte: Sebastian Knei\u00dfl<br>Moderation: Laura Wontorra, Field-Reporter: Sascha Bacinski<\/p>\n\n\n\n<p><span style=\"text-decoration: underline;\"><span style=\"text-decoration: underline;\">ab 16.45 Uhr (DAZN)<\/span><\/span><\/p>\n\n\n\n<p><strong style=\"font-style: italic;\">SC Freiburg <strong><em><span><b style=\"font-style: italic;\">\u2013<\/b><\/span><\/em><\/strong><\/strong> <em><strong>Borussia M\u00f6nchengladbach (17.30 Uhr)<\/strong><\/em> <br><img loading=\"lazy\" decoding=\"async\" width=\"10\" height=\"21\" class=\"wp-image-3656\" style=\"width: 10px;\" src=\"http:\/\/kommentatorenblog.de\/wp-content\/uploads\/2020\/09\/shure-55sh-ii-e1601485394796.jpg\" alt=\"\" srcset=\"https:\/\/kommentatorenblog.de\/wp-content\/uploads\/2020\/09\/shure-55sh-ii-e1601485394796.jpg 415w, https:\/\/kommentatorenblog.de\/wp-content\/uploads\/2020\/09\/shure-55sh-ii-e1601485394796-142x300.jpg 142w\" sizes=\"auto, (max-width: 10px) 100vw, 10px\" \/> Max Siebald, Experte: Benny Lauth<br>Moderation: Freddy Harder<\/p>\n\n\n\n<hr class=\"wp-block-separator is-style-default\"\/>\n\n\n\n<p><strong>2. Bundesliga, 8. Spieltag (Sky\/Sport1)<\/strong><\/p>\n\n\n\n<p><u>Freitag, 9. September 2022, <\/u><span style=\"text-decoration: underline;\"><span style=\"text-decoration: underline;\">ab 18.00 Uhr (Sky)<\/span><\/span><\/p>\n\n\n\n<p><strong><em>Konferenz: <\/em><\/strong><img loading=\"lazy\" decoding=\"async\" width=\"10\" height=\"21\" class=\"wp-image-3656\" style=\"width: 10px;\" src=\"http:\/\/kommentatorenblog.de\/wp-content\/uploads\/2020\/09\/shure-55sh-ii-e1601485394796.jpg\" alt=\"\" srcset=\"https:\/\/kommentatorenblog.de\/wp-content\/uploads\/2020\/09\/shure-55sh-ii-e1601485394796.jpg 415w, https:\/\/kommentatorenblog.de\/wp-content\/uploads\/2020\/09\/shure-55sh-ii-e1601485394796-142x300.jpg 142w\" sizes=\"auto, (max-width: 10px) 100vw, 10px\" \/> ??? (Fokus auf tba)<\/p>\n\n\n\n<p><strong style=\"font-style: italic;\">Holstein Kiel <strong><em><span><b style=\"font-style: italic;\">\u2013<\/b><\/span><\/em><\/strong><\/strong> <em><strong>Hamburger SV (18.30 Uhr)<\/strong><\/em> <br><img loading=\"lazy\" decoding=\"async\" width=\"10\" height=\"21\" class=\"wp-image-3656\" style=\"width: 10px;\" src=\"http:\/\/kommentatorenblog.de\/wp-content\/uploads\/2020\/09\/shure-55sh-ii-e1601485394796.jpg\" alt=\"\" srcset=\"https:\/\/kommentatorenblog.de\/wp-content\/uploads\/2020\/09\/shure-55sh-ii-e1601485394796.jpg 415w, https:\/\/kommentatorenblog.de\/wp-content\/uploads\/2020\/09\/shure-55sh-ii-e1601485394796-142x300.jpg 142w\" sizes=\"auto, (max-width: 10px) 100vw, 10px\" \/> Marcel Meinert<br>Field-Reporter: Marcus J\u00fcrgensen<\/p>\n\n\n\n<p><em><strong>1. FC N\u00fcrnberg<\/strong><\/em><strong style=\"font-style: italic;\"> <strong><em><span><b style=\"font-style: italic;\">\u2013<\/b><\/span><\/em><\/strong><\/strong> <em><strong>Arminia Bielefeld (18.30 Uhr)<\/strong><\/em> <br><img loading=\"lazy\" decoding=\"async\" width=\"10\" height=\"21\" class=\"wp-image-3656\" style=\"width: 10px;\" src=\"http:\/\/kommentatorenblog.de\/wp-content\/uploads\/2020\/09\/shure-55sh-ii-e1601485394796.jpg\" alt=\"\" srcset=\"https:\/\/kommentatorenblog.de\/wp-content\/uploads\/2020\/09\/shure-55sh-ii-e1601485394796.jpg 415w, https:\/\/kommentatorenblog.de\/wp-content\/uploads\/2020\/09\/shure-55sh-ii-e1601485394796-142x300.jpg 142w\" sizes=\"auto, (max-width: 10px) 100vw, 10px\" \/> Hansi K\u00fcpper<br>Field- Reporter: Christian Akber- Sade<\/p>\n\n\n\n<p>Moderation: Katharina Kleinfeldt<\/p>\n\n\n\n<p><u>Samstag, 10. September 2022, <\/u><span style=\"text-decoration: underline;\"><span style=\"text-decoration: underline;\">ab 12.30 Uhr (Sky)<\/span><\/span><\/p>\n\n\n\n<p><strong><em>Konferenz: <\/em><\/strong><img loading=\"lazy\" decoding=\"async\" width=\"10\" height=\"21\" class=\"wp-image-3656\" style=\"width: 10px;\" src=\"http:\/\/kommentatorenblog.de\/wp-content\/uploads\/2020\/09\/shure-55sh-ii-e1601485394796.jpg\" alt=\"\" srcset=\"https:\/\/kommentatorenblog.de\/wp-content\/uploads\/2020\/09\/shure-55sh-ii-e1601485394796.jpg 415w, https:\/\/kommentatorenblog.de\/wp-content\/uploads\/2020\/09\/shure-55sh-ii-e1601485394796-142x300.jpg 142w\" sizes=\"auto, (max-width: 10px) 100vw, 10px\" \/>  (Fokus auf tba)<\/p>\n\n\n\n<p><strong style=\"font-style: italic;\">Hannover 96 <strong><em><span><b style=\"font-style: italic;\">\u2013<\/b><\/span><\/em><\/strong><\/strong> <em><strong>Eintracht Braunschweig (13.00 Uhr)<\/strong><\/em> <br><img loading=\"lazy\" decoding=\"async\" width=\"10\" height=\"21\" class=\"wp-image-3656\" style=\"width: 10px;\" src=\"http:\/\/kommentatorenblog.de\/wp-content\/uploads\/2020\/09\/shure-55sh-ii-e1601485394796.jpg\" alt=\"\" srcset=\"https:\/\/kommentatorenblog.de\/wp-content\/uploads\/2020\/09\/shure-55sh-ii-e1601485394796.jpg 415w, https:\/\/kommentatorenblog.de\/wp-content\/uploads\/2020\/09\/shure-55sh-ii-e1601485394796-142x300.jpg 142w\" sizes=\"auto, (max-width: 10px) 100vw, 10px\" \/> Markus Gaupp<br>Interviews: Sven T\u00f6llner<\/p>\n\n\n\n<p><strong style=\"font-style: italic;\">SC Paderborn 07 <strong><em><span><b style=\"font-style: italic;\">\u2013<\/b><\/span><\/em><\/strong><\/strong> <em><strong>Jahn Regensburg(13.00 Uhr)<\/strong><\/em> <br><img loading=\"lazy\" decoding=\"async\" width=\"10\" height=\"21\" class=\"wp-image-3656\" style=\"width: 10px;\" src=\"http:\/\/kommentatorenblog.de\/wp-content\/uploads\/2020\/09\/shure-55sh-ii-e1601485394796.jpg\" alt=\"\" srcset=\"https:\/\/kommentatorenblog.de\/wp-content\/uploads\/2020\/09\/shure-55sh-ii-e1601485394796.jpg 415w, https:\/\/kommentatorenblog.de\/wp-content\/uploads\/2020\/09\/shure-55sh-ii-e1601485394796-142x300.jpg 142w\" sizes=\"auto, (max-width: 10px) 100vw, 10px\" \/> Sven Schr\u00f6ter<br>Interviews: Schalte<\/p>\n\n\n\n<p><strong style=\"font-style: italic;\">Karlsruher SC <strong><em><span><b style=\"font-style: italic;\">\u2013<\/b><\/span><\/em><\/strong><\/strong> <em><strong>1.FC Heidenheim (13.00 Uhr)<\/strong><\/em> <br><img loading=\"lazy\" decoding=\"async\" width=\"10\" height=\"21\" class=\"wp-image-3656\" style=\"width: 10px;\" src=\"http:\/\/kommentatorenblog.de\/wp-content\/uploads\/2020\/09\/shure-55sh-ii-e1601485394796.jpg\" alt=\"\" srcset=\"https:\/\/kommentatorenblog.de\/wp-content\/uploads\/2020\/09\/shure-55sh-ii-e1601485394796.jpg 415w, https:\/\/kommentatorenblog.de\/wp-content\/uploads\/2020\/09\/shure-55sh-ii-e1601485394796-142x300.jpg 142w\" sizes=\"auto, (max-width: 10px) 100vw, 10px\" \/> J\u00fcrgen Schmitz<\/p>\n\n\n\n<p>Moderation: Yannick Erkenbrecher<\/p>\n\n\n\n<p><span style=\"text-decoration: underline;\"><span style=\"text-decoration: underline;\">ab 19.30 Uhr (Sport1) bzw. ab 20.00 Uhr (Sky)<\/span><\/span><\/p>\n\n\n\n<p><strong style=\"font-style: italic;\">Fortuna D\u00fcsseldorf <strong><em><span><b style=\"font-style: italic;\">\u2013<\/b><\/span><\/em><\/strong><\/strong> <em><strong>Hansa Rostock (20.30 Uhr)<\/strong><\/em> <\/p>\n\n\n\n<p>Sport1: <img loading=\"lazy\" decoding=\"async\" width=\"10\" height=\"21\" class=\"wp-image-3656\" style=\"width: 10px;\" src=\"http:\/\/kommentatorenblog.de\/wp-content\/uploads\/2020\/09\/shure-55sh-ii-e1601485394796.jpg\" alt=\"\" srcset=\"https:\/\/kommentatorenblog.de\/wp-content\/uploads\/2020\/09\/shure-55sh-ii-e1601485394796.jpg 415w, https:\/\/kommentatorenblog.de\/wp-content\/uploads\/2020\/09\/shure-55sh-ii-e1601485394796-142x300.jpg 142w\" sizes=\"auto, (max-width: 10px) 100vw, 10px\" \/> Markus H\u00f6hner, Experte: Norbert Meier<br>Moderation (Sport1): Ruth Hofmann, Field-Reporter: Oliver M\u00fcller<\/p>\n\n\n\n<p>Sky: <img loading=\"lazy\" decoding=\"async\" width=\"10\" height=\"21\" class=\"wp-image-3656\" style=\"width: 10px;\" src=\"http:\/\/kommentatorenblog.de\/wp-content\/uploads\/2020\/09\/shure-55sh-ii-e1601485394796.jpg\" alt=\"\" srcset=\"https:\/\/kommentatorenblog.de\/wp-content\/uploads\/2020\/09\/shure-55sh-ii-e1601485394796.jpg 415w, https:\/\/kommentatorenblog.de\/wp-content\/uploads\/2020\/09\/shure-55sh-ii-e1601485394796-142x300.jpg 142w\" sizes=\"auto, (max-width: 10px) 100vw, 10px\" \/> Stefan Hempel, Experte: Torsten Mattuschka<\/p>\n\n\n\n<p><u>Sonntag, 11. September 2022, <\/u><span style=\"text-decoration: underline;\"><span style=\"text-decoration: underline;\">ab 13.00 Uhr (Sky)<\/span><\/span><\/p>\n\n\n\n<p><strong><em>Konferenz: <\/em><\/strong><img loading=\"lazy\" decoding=\"async\" width=\"10\" height=\"21\" class=\"wp-image-3656\" style=\"width: 10px;\" src=\"http:\/\/kommentatorenblog.de\/wp-content\/uploads\/2020\/09\/shure-55sh-ii-e1601485394796.jpg\" alt=\"\" srcset=\"https:\/\/kommentatorenblog.de\/wp-content\/uploads\/2020\/09\/shure-55sh-ii-e1601485394796.jpg 415w, https:\/\/kommentatorenblog.de\/wp-content\/uploads\/2020\/09\/shure-55sh-ii-e1601485394796-142x300.jpg 142w\" sizes=\"auto, (max-width: 10px) 100vw, 10px\" \/> Markus Gaupp (Fokus auf ???)<\/p>\n\n\n\n<p><strong style=\"font-style: italic;\"><em><strong>1. FC Kaiserslautern<\/strong><\/em> <strong><em><span><b style=\"font-style: italic;\">\u2013<\/b><\/span><\/em><\/strong><\/strong> <em><strong><strong style=\"font-style: italic;\">SV Darmstadt 98<\/strong>(13.30 Uhr)<\/strong><\/em> <br><img loading=\"lazy\" decoding=\"async\" width=\"10\" height=\"21\" class=\"wp-image-3656\" style=\"width: 10px;\" src=\"http:\/\/kommentatorenblog.de\/wp-content\/uploads\/2020\/09\/shure-55sh-ii-e1601485394796.jpg\" alt=\"\" srcset=\"https:\/\/kommentatorenblog.de\/wp-content\/uploads\/2020\/09\/shure-55sh-ii-e1601485394796.jpg 415w, https:\/\/kommentatorenblog.de\/wp-content\/uploads\/2020\/09\/shure-55sh-ii-e1601485394796-142x300.jpg 142w\" sizes=\"auto, (max-width: 10px) 100vw, 10px\" \/> Oliver Seidler<br>Field- Reporter Ulli Potofski<\/p>\n\n\n\n<p><strong style=\"font-style: italic;\">FC St Pauli <strong><em><span><b style=\"font-style: italic;\">\u2013<\/b><\/span><\/em><\/strong><\/strong> <em><strong>SV Sandhausen (13.30 Uhr)<\/strong><\/em> <br><img loading=\"lazy\" decoding=\"async\" width=\"10\" height=\"21\" class=\"wp-image-3656\" style=\"width: 10px;\" src=\"http:\/\/kommentatorenblog.de\/wp-content\/uploads\/2020\/09\/shure-55sh-ii-e1601485394796.jpg\" alt=\"\" srcset=\"https:\/\/kommentatorenblog.de\/wp-content\/uploads\/2020\/09\/shure-55sh-ii-e1601485394796.jpg 415w, https:\/\/kommentatorenblog.de\/wp-content\/uploads\/2020\/09\/shure-55sh-ii-e1601485394796-142x300.jpg 142w\" sizes=\"auto, (max-width: 10px) 100vw, 10px\" \/> Marcel Meinert<br>Interviews: Marcus J\u00fcrgensen<\/p>\n\n\n\n<p><em><strong>1.FC Magdeburg<\/strong><\/em><strong style=\"font-style: italic;\"> <strong><em><span><b style=\"font-style: italic;\">\u2013<\/b><\/span><\/em><\/strong><\/strong> <em><strong>SpVgg Greuther F\u00fcrth (13.30 Uhr)<\/strong><\/em> <br><img loading=\"lazy\" decoding=\"async\" width=\"10\" height=\"21\" class=\"wp-image-3656\" style=\"width: 10px;\" src=\"http:\/\/kommentatorenblog.de\/wp-content\/uploads\/2020\/09\/shure-55sh-ii-e1601485394796.jpg\" alt=\"\" srcset=\"https:\/\/kommentatorenblog.de\/wp-content\/uploads\/2020\/09\/shure-55sh-ii-e1601485394796.jpg 415w, https:\/\/kommentatorenblog.de\/wp-content\/uploads\/2020\/09\/shure-55sh-ii-e1601485394796-142x300.jpg 142w\" sizes=\"auto, (max-width: 10px) 100vw, 10px\" \/> Sven Schr\u00f6ter<\/p>\n\n\n\n<p>Moderation: Yannick Erkenbrecher<\/p>\n\n\n\n<p><strong>DFB- Pokal Frauen, 2. Runde (Sky)<\/strong><\/p>\n\n\n\n<p><u>Montag, 12. September 2022, <\/u><span style=\"text-decoration: underline;\"><span style=\"text-decoration: underline;\">ab 18.15 Uhr<\/span><\/span><\/p>\n\n\n\n<p><strong style=\"font-style: italic;\">FC Ingolstadt <strong><em><span><b style=\"font-style: italic;\">\u2013<\/b><\/span><\/em><\/strong><\/strong> <em><strong><strong style=\"font-style: italic;\">FC Bayern M\u00fcnchen<\/strong> (18.30 Uhr)<\/strong><\/em> <br><img loading=\"lazy\" decoding=\"async\" width=\"10\" height=\"21\" class=\"wp-image-3656\" style=\"width: 10px;\" src=\"http:\/\/kommentatorenblog.de\/wp-content\/uploads\/2020\/09\/shure-55sh-ii-e1601485394796.jpg\" alt=\"\" srcset=\"https:\/\/kommentatorenblog.de\/wp-content\/uploads\/2020\/09\/shure-55sh-ii-e1601485394796.jpg 415w, https:\/\/kommentatorenblog.de\/wp-content\/uploads\/2020\/09\/shure-55sh-ii-e1601485394796-142x300.jpg 142w\" sizes=\"auto, (max-width: 10px) 100vw, 10px\" \/> Hannes Herrmann<br>Moderation: Nele Schenker, Expertin Verena Schweers<\/p>\n\n\n\n<hr class=\"wp-block-separator is-style-default\"\/>\n\n\n\n<p><strong>3. Liga, 9. Spieltag (MagentaSport\/BR\/SWR\/SR)<\/strong><\/p>\n\n\n\n<p><u>Freitag, 09. September 2022, <\/u><span style=\"text-decoration: underline;\"><span style=\"text-decoration: underline;\">ab 18.30 Uhr (Magenta)<\/span><\/span><\/p>\n\n\n\n<p><strong style=\"font-style: italic;\">VfL Osnabr\u00fcck <strong><em><span><b style=\"font-style: italic;\">\u2013<\/b><\/span><\/em><\/strong><\/strong> <em><strong><strong style=\"font-style: italic;\">Rot-Weiss Essen<\/strong> (19.00 Uhr)<\/strong><\/em> <br><img loading=\"lazy\" decoding=\"async\" width=\"10\" height=\"21\" class=\"wp-image-3656\" style=\"width: 10px;\" src=\"http:\/\/kommentatorenblog.de\/wp-content\/uploads\/2020\/09\/shure-55sh-ii-e1601485394796.jpg\" alt=\"\" srcset=\"https:\/\/kommentatorenblog.de\/wp-content\/uploads\/2020\/09\/shure-55sh-ii-e1601485394796.jpg 415w, https:\/\/kommentatorenblog.de\/wp-content\/uploads\/2020\/09\/shure-55sh-ii-e1601485394796-142x300.jpg 142w\" sizes=\"auto, (max-width: 10px) 100vw, 10px\" \/> Christian Stra\u00dfburger<br>Moderation: Konstantin Klostermann, Experte: Daniel Flottmann<\/p>\n\n\n\n<p><u>Samstag, 10. September 2022, <\/u><span style=\"text-decoration: underline;\"><span style=\"text-decoration: underline;\">ab 13.45 Uhr (Magenta)<\/span><\/span><\/p>\n\n\n\n<p><strong><em>Konferenz: <\/em><\/strong><img loading=\"lazy\" decoding=\"async\" width=\"10\" height=\"21\" class=\"wp-image-3656\" style=\"width: 10px;\" src=\"http:\/\/kommentatorenblog.de\/wp-content\/uploads\/2020\/09\/shure-55sh-ii-e1601485394796.jpg\" alt=\"\" srcset=\"https:\/\/kommentatorenblog.de\/wp-content\/uploads\/2020\/09\/shure-55sh-ii-e1601485394796.jpg 415w, https:\/\/kommentatorenblog.de\/wp-content\/uploads\/2020\/09\/shure-55sh-ii-e1601485394796-142x300.jpg 142w\" sizes=\"auto, (max-width: 10px) 100vw, 10px\" \/> Sascha Bandermann, Experte: Steven Ruprecht (14 Uhr)<\/p>\n\n\n\n<p><strong style=\"font-style: italic;\"><em><strong>Borussia Dortmund II<\/strong><\/em> <strong><em><span><b style=\"font-style: italic;\">\u2013<\/b><\/span><\/em><\/strong><\/strong> <em><strong>VfB Oldenburg (14.00 Uhr)<\/strong><\/em> <br><img loading=\"lazy\" decoding=\"async\" width=\"10\" height=\"21\" class=\"wp-image-3656\" style=\"width: 10px;\" src=\"http:\/\/kommentatorenblog.de\/wp-content\/uploads\/2020\/09\/shure-55sh-ii-e1601485394796.jpg\" alt=\"\" srcset=\"https:\/\/kommentatorenblog.de\/wp-content\/uploads\/2020\/09\/shure-55sh-ii-e1601485394796.jpg 415w, https:\/\/kommentatorenblog.de\/wp-content\/uploads\/2020\/09\/shure-55sh-ii-e1601485394796-142x300.jpg 142w\" sizes=\"auto, (max-width: 10px) 100vw, 10px\" \/> Mike M\u00fcnkel<br>Moderation: Kamilla Benschop<\/p>\n\n\n\n<p><strong style=\"font-style: italic;\"><em><strong>FC Viktoria K\u00f6ln 1904<\/strong><\/em> <strong><em><span><b style=\"font-style: italic;\">\u2013<\/b><\/span><\/em><\/strong><\/strong> <em><strong>Hallescher FC (14.00 Uhr)<\/strong><\/em> <br><img loading=\"lazy\" decoding=\"async\" width=\"10\" height=\"21\" class=\"wp-image-3656\" style=\"width: 10px;\" src=\"http:\/\/kommentatorenblog.de\/wp-content\/uploads\/2020\/09\/shure-55sh-ii-e1601485394796.jpg\" alt=\"\" srcset=\"https:\/\/kommentatorenblog.de\/wp-content\/uploads\/2020\/09\/shure-55sh-ii-e1601485394796.jpg 415w, https:\/\/kommentatorenblog.de\/wp-content\/uploads\/2020\/09\/shure-55sh-ii-e1601485394796-142x300.jpg 142w\" sizes=\"auto, (max-width: 10px) 100vw, 10px\" \/> Christian Stra\u00dfburger<br>Moderation: Thomas Wagner<\/p>\n\n\n\n<p><strong style=\"font-style: italic;\">SV Elversberg <strong><em><span><b style=\"font-style: italic;\">\u2013<\/b><\/span><\/em><\/strong><\/strong> <em><strong><strong style=\"font-style: italic;\">TSV 1860 M\u00fcnchen <\/strong> (14.00 Uhr)<\/strong><\/em> <br><img loading=\"lazy\" decoding=\"async\" width=\"10\" height=\"21\" class=\"wp-image-3656\" style=\"width: 10px;\" src=\"http:\/\/kommentatorenblog.de\/wp-content\/uploads\/2020\/09\/shure-55sh-ii-e1601485394796.jpg\" alt=\"\" srcset=\"https:\/\/kommentatorenblog.de\/wp-content\/uploads\/2020\/09\/shure-55sh-ii-e1601485394796.jpg 415w, https:\/\/kommentatorenblog.de\/wp-content\/uploads\/2020\/09\/shure-55sh-ii-e1601485394796-142x300.jpg 142w\" sizes=\"auto, (max-width: 10px) 100vw, 10px\" \/> Julian Engelhard<br>Moderation: Tobi Sch\u00e4fer<\/p>\n\n\n\n<p><strong style=\"font-style: italic;\">SV Wehen Wiesbaden <strong><em><span><b style=\"font-style: italic;\">\u2013<\/b><\/span><\/em><\/strong><\/strong> <em><strong><strong style=\"font-style: italic;\">SC Freiburg II <\/strong> (14.00 Uhr)<\/strong><\/em> <br><img loading=\"lazy\" decoding=\"async\" width=\"10\" height=\"21\" class=\"wp-image-3656\" style=\"width: 10px;\" src=\"http:\/\/kommentatorenblog.de\/wp-content\/uploads\/2020\/09\/shure-55sh-ii-e1601485394796.jpg\" alt=\"\" srcset=\"https:\/\/kommentatorenblog.de\/wp-content\/uploads\/2020\/09\/shure-55sh-ii-e1601485394796.jpg 415w, https:\/\/kommentatorenblog.de\/wp-content\/uploads\/2020\/09\/shure-55sh-ii-e1601485394796-142x300.jpg 142w\" sizes=\"auto, (max-width: 10px) 100vw, 10px\" \/> Alex Kunz<br>Moderation: Holger Speckhahn<\/p>\n\n\n\n<p><span style=\"text-decoration: underline;\"><span style=\"text-decoration: underline;\">ab 13.45 Uhr (Magenta)<\/span> bzw. ab 14.00 Uhr (BR\/SWR)<\/span><\/p>\n\n\n\n<p><strong style=\"font-style: italic;\">FC Ingolstadt <strong><em><span><b style=\"font-style: italic;\">\u2013<\/b><\/span><\/em><\/strong><\/strong> <em><strong>Waldhof Mannheim (14.00 Uhr)<\/strong><\/em> <\/p>\n\n\n\n<p>Magenta: <img loading=\"lazy\" decoding=\"async\" width=\"10\" height=\"21\" class=\"wp-image-3656\" style=\"width: 10px;\" src=\"http:\/\/kommentatorenblog.de\/wp-content\/uploads\/2020\/09\/shure-55sh-ii-e1601485394796.jpg\" alt=\"\" srcset=\"https:\/\/kommentatorenblog.de\/wp-content\/uploads\/2020\/09\/shure-55sh-ii-e1601485394796.jpg 415w, https:\/\/kommentatorenblog.de\/wp-content\/uploads\/2020\/09\/shure-55sh-ii-e1601485394796-142x300.jpg 142w\" sizes=\"auto, (max-width: 10px) 100vw, 10px\" \/> Oskar Heirler<br>Moderation (Magenta): Alexander Klich<\/p>\n\n\n\n<p>BR\/SWR: <img loading=\"lazy\" decoding=\"async\" width=\"10\" height=\"21\" class=\"wp-image-3656\" style=\"width: 10px;\" src=\"http:\/\/kommentatorenblog.de\/wp-content\/uploads\/2020\/09\/shure-55sh-ii-e1601485394796.jpg\" alt=\"\" srcset=\"https:\/\/kommentatorenblog.de\/wp-content\/uploads\/2020\/09\/shure-55sh-ii-e1601485394796.jpg 415w, https:\/\/kommentatorenblog.de\/wp-content\/uploads\/2020\/09\/shure-55sh-ii-e1601485394796-142x300.jpg 142w\" sizes=\"auto, (max-width: 10px) 100vw, 10px\" \/> Lukas Sch\u00f6nm\u00fcller<br>Moderation (BR\/SWR): Markus Othmer<\/p>\n\n\n\n<p><span style=\"text-decoration: underline;\"><span style=\"text-decoration: underline;\">ab 13.45 Uhr (Magenta)<\/span> bzw. ab 14.00 Uhr (SR)<\/span><\/p>\n\n\n\n<p><strong style=\"font-style: italic;\">SpVgg Bayreuth <strong><em><span><b style=\"font-style: italic;\">\u2013<\/b><\/span><\/em><\/strong><\/strong> <em><strong>1.FC Saarbr\u00fccken (14.00 Uhr)<\/strong><\/em> <\/p>\n\n\n\n<p>Magenta: <img loading=\"lazy\" decoding=\"async\" width=\"10\" height=\"21\" class=\"wp-image-3656\" style=\"width: 10px;\" src=\"http:\/\/kommentatorenblog.de\/wp-content\/uploads\/2020\/09\/shure-55sh-ii-e1601485394796.jpg\" alt=\"\" srcset=\"https:\/\/kommentatorenblog.de\/wp-content\/uploads\/2020\/09\/shure-55sh-ii-e1601485394796.jpg 415w, https:\/\/kommentatorenblog.de\/wp-content\/uploads\/2020\/09\/shure-55sh-ii-e1601485394796-142x300.jpg 142w\" sizes=\"auto, (max-width: 10px) 100vw, 10px\" \/> Martin Piller<br>Moderation (Magenta): Alexander K\u00fcpper<\/p>\n\n\n\n<p>SR: <img loading=\"lazy\" decoding=\"async\" width=\"10\" height=\"21\" class=\"wp-image-3656\" style=\"width: 10px;\" src=\"http:\/\/kommentatorenblog.de\/wp-content\/uploads\/2020\/09\/shure-55sh-ii-e1601485394796.jpg\" alt=\"\" srcset=\"https:\/\/kommentatorenblog.de\/wp-content\/uploads\/2020\/09\/shure-55sh-ii-e1601485394796.jpg 415w, https:\/\/kommentatorenblog.de\/wp-content\/uploads\/2020\/09\/shure-55sh-ii-e1601485394796-142x300.jpg 142w\" sizes=\"auto, (max-width: 10px) 100vw, 10px\" \/> Peter Sauer<br>Moderation (SR): Carmen Bachmann<\/p>\n\n\n\n<p><u>Sonntag, 11. September 2022, <\/u><span style=\"text-decoration: underline;\"><span style=\"text-decoration: underline;\">ab 12.45 Uhr (Magenta)<\/span><\/span><\/p>\n\n\n\n<p><strong style=\"font-style: italic;\">MSV Duisburg <strong><em><span><b style=\"font-style: italic;\">\u2013<\/b><\/span><\/em><\/strong><\/strong> <em><strong>Dynamo Dresden (13.00 Uhr)<\/strong><\/em> <br><img loading=\"lazy\" decoding=\"async\" width=\"10\" height=\"21\" class=\"wp-image-3656\" style=\"width: 10px;\" src=\"http:\/\/kommentatorenblog.de\/wp-content\/uploads\/2020\/09\/shure-55sh-ii-e1601485394796.jpg\" alt=\"\" srcset=\"https:\/\/kommentatorenblog.de\/wp-content\/uploads\/2020\/09\/shure-55sh-ii-e1601485394796.jpg 415w, https:\/\/kommentatorenblog.de\/wp-content\/uploads\/2020\/09\/shure-55sh-ii-e1601485394796-142x300.jpg 142w\" sizes=\"auto, (max-width: 10px) 100vw, 10px\" \/> Markus H\u00f6hner<br>Moderation: Thomas Wagner<\/p>\n\n\n\n<p><span style=\"text-decoration: underline;\"><span style=\"text-decoration: underline;\">ab 13.45 Uhr (Magenta)<\/span><\/span><\/p>\n\n\n\n<p><strong style=\"font-style: italic;\">FC Erzgebirge Aue <strong><em><span><b style=\"font-style: italic;\">\u2013<\/b><\/span><\/em><\/strong><\/strong> <em><strong>FSV Zwickau (14.00 Uhr)<\/strong><\/em> <br><img loading=\"lazy\" decoding=\"async\" width=\"10\" height=\"21\" class=\"wp-image-3656\" style=\"width: 10px;\" src=\"http:\/\/kommentatorenblog.de\/wp-content\/uploads\/2020\/09\/shure-55sh-ii-e1601485394796.jpg\" alt=\"\" srcset=\"https:\/\/kommentatorenblog.de\/wp-content\/uploads\/2020\/09\/shure-55sh-ii-e1601485394796.jpg 415w, https:\/\/kommentatorenblog.de\/wp-content\/uploads\/2020\/09\/shure-55sh-ii-e1601485394796-142x300.jpg 142w\" sizes=\"auto, (max-width: 10px) 100vw, 10px\" \/> Andreas Mann<br>Moderation: Stefanie Blochwitz<\/p>\n\n\n\n<p><u>Montag, 12. September 2022, <\/u><span style=\"text-decoration: underline;\"><span style=\"text-decoration: underline;\">ab 18.45 Uhr (Magenta)<\/span><\/span><\/p>\n\n\n\n<p><strong style=\"font-style: italic;\">SC Verl <strong><em><span><b style=\"font-style: italic;\">\u2013<\/b><\/span><\/em><\/strong><\/strong> <em><strong>SV Meppen (19.00 Uhr)<\/strong><\/em> <br><img loading=\"lazy\" decoding=\"async\" width=\"10\" height=\"21\" class=\"wp-image-3656\" style=\"width: 10px;\" src=\"http:\/\/kommentatorenblog.de\/wp-content\/uploads\/2020\/09\/shure-55sh-ii-e1601485394796.jpg\" alt=\"\" srcset=\"https:\/\/kommentatorenblog.de\/wp-content\/uploads\/2020\/09\/shure-55sh-ii-e1601485394796.jpg 415w, https:\/\/kommentatorenblog.de\/wp-content\/uploads\/2020\/09\/shure-55sh-ii-e1601485394796-142x300.jpg 142w\" sizes=\"auto, (max-width: 10px) 100vw, 10px\" \/> Julian Engelhard<br>Moderation: Gari Paubandt<\/p>\n\n\n\n<hr class=\"wp-block-separator is-style-default\"\/>\n\n\n\n<p><strong>Premier League (ENG), 7. Spieltag (Sky)<\/strong> Spieltagabsage aufgrund des Todes von Queen Elizabeth II<\/p>\n\n\n\n<p><u>Samstag, 10. September 2022, <\/u><span style=\"text-decoration: underline;\"><span style=\"text-decoration: underline;\">ab 13.20 Uhr<\/span><\/span><\/p>\n\n\n\n<p><s><strong style=\"font-style: italic;\">FC Fulham <strong><em><span><b style=\"font-style: italic;\">\u2013<\/b><\/span><\/em><\/strong><\/strong> <em><strong>FC Chelsea (13.30 Uhr)<\/strong><\/em> <\/s><br><img loading=\"lazy\" decoding=\"async\" width=\"10\" height=\"21\" class=\"wp-image-3656\" style=\"width: 10px;\" src=\"http:\/\/kommentatorenblog.de\/wp-content\/uploads\/2020\/09\/shure-55sh-ii-e1601485394796.jpg\" alt=\"\" srcset=\"https:\/\/kommentatorenblog.de\/wp-content\/uploads\/2020\/09\/shure-55sh-ii-e1601485394796.jpg 415w, https:\/\/kommentatorenblog.de\/wp-content\/uploads\/2020\/09\/shure-55sh-ii-e1601485394796-142x300.jpg 142w\" sizes=\"auto, (max-width: 10px) 100vw, 10px\" \/> Uli Hebel<\/p>\n\n\n\n<p><span style=\"text-decoration: underline;\"><span style=\"text-decoration: underline;\">ab 15.50 Uhr<\/span><\/span><\/p>\n\n\n\n<p><s><strong style=\"font-style: italic;\">FC Liverpool <strong><em><span><b style=\"font-style: italic;\">\u2013<\/b><\/span><\/em><\/strong><\/strong> <em><strong><strong style=\"font-style: italic;\">Wolverhampton Wanderers<\/strong> (16.00 Uhr)<\/strong><\/em> <\/s><br><img loading=\"lazy\" decoding=\"async\" width=\"10\" height=\"21\" class=\"wp-image-3656\" style=\"width: 10px;\" src=\"http:\/\/kommentatorenblog.de\/wp-content\/uploads\/2020\/09\/shure-55sh-ii-e1601485394796.jpg\" alt=\"\" srcset=\"https:\/\/kommentatorenblog.de\/wp-content\/uploads\/2020\/09\/shure-55sh-ii-e1601485394796.jpg 415w, https:\/\/kommentatorenblog.de\/wp-content\/uploads\/2020\/09\/shure-55sh-ii-e1601485394796-142x300.jpg 142w\" sizes=\"auto, (max-width: 10px) 100vw, 10px\" \/> Hannes Herrmann<\/p>\n\n\n\n<p><s><strong style=\"font-style: italic;\"><em><strong>AFC Bournemouth<\/strong><\/em> <strong><em><span><b style=\"font-style: italic;\">\u2013<\/b><\/span><\/em><\/strong><\/strong> <em><strong><strong style=\"font-style: italic;\">Brighton &amp; Hove Albion<\/strong> (16.00 Uhr)<\/strong><\/em> <\/s><br><img loading=\"lazy\" decoding=\"async\" width=\"10\" height=\"21\" class=\"wp-image-3656\" style=\"width: 10px;\" src=\"http:\/\/kommentatorenblog.de\/wp-content\/uploads\/2020\/09\/shure-55sh-ii-e1601485394796.jpg\" alt=\"\" srcset=\"https:\/\/kommentatorenblog.de\/wp-content\/uploads\/2020\/09\/shure-55sh-ii-e1601485394796.jpg 415w, https:\/\/kommentatorenblog.de\/wp-content\/uploads\/2020\/09\/shure-55sh-ii-e1601485394796-142x300.jpg 142w\" sizes=\"auto, (max-width: 10px) 100vw, 10px\" \/> Paul H\u00e4user<\/p>\n\n\n\n<p><span style=\"text-decoration: underline;\"><span style=\"text-decoration: underline;\">ab 18.00 Uhr<\/span><\/span><\/p>\n\n\n\n<p><s><strong style=\"font-style: italic;\"><em><strong>Manchester City<\/strong><\/em> <strong><em><span><b style=\"font-style: italic;\">\u2013<\/b><\/span><\/em><\/strong><\/strong> <em><strong>Tottenham Hotspur (18.30 Uhr)<\/strong><\/em> <\/s><br><img loading=\"lazy\" decoding=\"async\" width=\"10\" height=\"21\" class=\"wp-image-3656\" style=\"width: 10px;\" src=\"http:\/\/kommentatorenblog.de\/wp-content\/uploads\/2020\/09\/shure-55sh-ii-e1601485394796.jpg\" alt=\"\" srcset=\"https:\/\/kommentatorenblog.de\/wp-content\/uploads\/2020\/09\/shure-55sh-ii-e1601485394796.jpg 415w, https:\/\/kommentatorenblog.de\/wp-content\/uploads\/2020\/09\/shure-55sh-ii-e1601485394796-142x300.jpg 142w\" sizes=\"auto, (max-width: 10px) 100vw, 10px\" \/> Joachim Hebel, Experten: Mladen Petric, Field- Reporter: Raphael Honigstein.<\/p>\n\n\n\n<p><span style=\"text-decoration: underline;\"><span style=\"text-decoration: underline;\">Sonntag,11. September ab 14.50 Uhr<\/span><\/span><\/p>\n\n\n\n<p><s><strong style=\"font-style: italic;\">FC Arsenal <strong><em><span><b style=\"font-style: italic;\">\u2013<\/b><\/span><\/em><\/strong><\/strong> <em><strong>FC Everton (15.00 Uhr)<\/strong><\/em> <\/s><br><img loading=\"lazy\" decoding=\"async\" width=\"10\" height=\"21\" class=\"wp-image-3656\" style=\"width: 10px;\" src=\"http:\/\/kommentatorenblog.de\/wp-content\/uploads\/2020\/09\/shure-55sh-ii-e1601485394796.jpg\" alt=\"\" srcset=\"https:\/\/kommentatorenblog.de\/wp-content\/uploads\/2020\/09\/shure-55sh-ii-e1601485394796.jpg 415w, https:\/\/kommentatorenblog.de\/wp-content\/uploads\/2020\/09\/shure-55sh-ii-e1601485394796-142x300.jpg 142w\" sizes=\"auto, (max-width: 10px) 100vw, 10px\" \/> Roland Evers<\/p>\n\n\n\n<p><s><strong style=\"font-style: italic;\">West Ham United <strong><em><span><b style=\"font-style: italic;\">\u2013<\/b><\/span><\/em><\/strong><\/strong> <em><strong>Newcastle United (15.00Uhr)<\/strong><\/em> <\/s><br><img loading=\"lazy\" decoding=\"async\" width=\"10\" height=\"21\" class=\"wp-image-3656\" style=\"width: 10px;\" src=\"http:\/\/kommentatorenblog.de\/wp-content\/uploads\/2020\/09\/shure-55sh-ii-e1601485394796.jpg\" alt=\"\" srcset=\"https:\/\/kommentatorenblog.de\/wp-content\/uploads\/2020\/09\/shure-55sh-ii-e1601485394796.jpg 415w, https:\/\/kommentatorenblog.de\/wp-content\/uploads\/2020\/09\/shure-55sh-ii-e1601485394796-142x300.jpg 142w\" sizes=\"auto, (max-width: 10px) 100vw, 10px\" \/> Florian Malburg<\/p>\n\n\n\n<p><s><strong style=\"font-style: italic;\">Crystal Palace <strong><em><span><b style=\"font-style: italic;\">\u2013<\/b><\/span><\/em><\/strong><\/strong> <em><strong>Manchester United (17.30 Uhr)<\/strong><\/em> <\/s><br><img loading=\"lazy\" decoding=\"async\" width=\"10\" height=\"21\" class=\"wp-image-3656\" style=\"width: 10px;\" src=\"http:\/\/kommentatorenblog.de\/wp-content\/uploads\/2020\/09\/shure-55sh-ii-e1601485394796.jpg\" alt=\"\" srcset=\"https:\/\/kommentatorenblog.de\/wp-content\/uploads\/2020\/09\/shure-55sh-ii-e1601485394796.jpg 415w, https:\/\/kommentatorenblog.de\/wp-content\/uploads\/2020\/09\/shure-55sh-ii-e1601485394796-142x300.jpg 142w\" sizes=\"auto, (max-width: 10px) 100vw, 10px\" \/> Joachim Hebel<\/p>\n\n\n\n<p><s><strong style=\"font-style: italic;\">Leeds United <strong><em><span><b style=\"font-style: italic;\">\u2013<\/b><\/span><\/em><\/strong><\/strong> <em><strong>Nottingham Forest (21.00 Uhr)<\/strong><\/em> <\/s><br><img loading=\"lazy\" decoding=\"async\" width=\"10\" height=\"21\" class=\"wp-image-3656\" style=\"width: 10px;\" src=\"http:\/\/kommentatorenblog.de\/wp-content\/uploads\/2020\/09\/shure-55sh-ii-e1601485394796.jpg\" alt=\"\" srcset=\"https:\/\/kommentatorenblog.de\/wp-content\/uploads\/2020\/09\/shure-55sh-ii-e1601485394796.jpg 415w, https:\/\/kommentatorenblog.de\/wp-content\/uploads\/2020\/09\/shure-55sh-ii-e1601485394796-142x300.jpg 142w\" sizes=\"auto, (max-width: 10px) 100vw, 10px\" \/> Sven Schr\u00f6ter<\/p>\n\n\n\n<hr class=\"wp-block-separator is-style-default\"\/>\n\n\n\n<hr class=\"wp-block-separator is-style-default\"\/>\n\n\n\n<p><strong>LaLiga (ESP), 5. Spieltag (DAZN)<\/strong><\/p>\n\n\n\n<p><u>Samstag, 10. September 2022<\/u><\/p>\n\n\n\n<p><strong style=\"font-style: italic;\">Cadiz <strong><em><span><b style=\"font-style: italic;\">\u2013<\/b><\/span><\/em><\/strong><\/strong> <em><strong>FC Barcelona (18.30 Uhr)<\/strong><\/em> <br><img loading=\"lazy\" decoding=\"async\" width=\"10\" height=\"21\" class=\"wp-image-3656\" style=\"width: 10px;\" src=\"http:\/\/kommentatorenblog.de\/wp-content\/uploads\/2020\/09\/shure-55sh-ii-e1601485394796.jpg\" alt=\"\" srcset=\"https:\/\/kommentatorenblog.de\/wp-content\/uploads\/2020\/09\/shure-55sh-ii-e1601485394796.jpg 415w, https:\/\/kommentatorenblog.de\/wp-content\/uploads\/2020\/09\/shure-55sh-ii-e1601485394796-142x300.jpg 142w\" sizes=\"auto, (max-width: 10px) 100vw, 10px\" \/> Uwe Morawe, Experte: Michael Hofmann<\/p>\n\n\n\n<p><strong style=\"font-style: italic;\"><em><strong>Atl\u00e9tico Madrid<\/strong><\/em> <strong><em><span><b style=\"font-style: italic;\">\u2013<\/b><\/span><\/em><\/strong><\/strong> <em><strong>Celta Vigo (21.00 Uhr)<\/strong><\/em> <br><img loading=\"lazy\" decoding=\"async\" width=\"10\" height=\"21\" class=\"wp-image-3656\" style=\"width: 10px;\" src=\"http:\/\/kommentatorenblog.de\/wp-content\/uploads\/2020\/09\/shure-55sh-ii-e1601485394796.jpg\" alt=\"\" srcset=\"https:\/\/kommentatorenblog.de\/wp-content\/uploads\/2020\/09\/shure-55sh-ii-e1601485394796.jpg 415w, https:\/\/kommentatorenblog.de\/wp-content\/uploads\/2020\/09\/shure-55sh-ii-e1601485394796-142x300.jpg 142w\" sizes=\"auto, (max-width: 10px) 100vw, 10px\" \/> David Ploch<\/p>\n\n\n\n<p><u>Sonntag, 11. September 2022<\/u><\/p>\n\n\n\n<p><strong style=\"font-style: italic;\">Real Madrid <strong><em><span><b style=\"font-style: italic;\">\u2013<\/b><\/span><\/em><\/strong><\/strong> <em><strong>Mallorca (14.00 Uhr)<\/strong><\/em> <br><img loading=\"lazy\" decoding=\"async\" width=\"10\" height=\"21\" class=\"wp-image-3656\" style=\"width: 10px;\" src=\"http:\/\/kommentatorenblog.de\/wp-content\/uploads\/2020\/09\/shure-55sh-ii-e1601485394796.jpg\" alt=\"\" srcset=\"https:\/\/kommentatorenblog.de\/wp-content\/uploads\/2020\/09\/shure-55sh-ii-e1601485394796.jpg 415w, https:\/\/kommentatorenblog.de\/wp-content\/uploads\/2020\/09\/shure-55sh-ii-e1601485394796-142x300.jpg 142w\" sizes=\"auto, (max-width: 10px) 100vw, 10px\" \/> David Ploch, Experte: Michael Hofmann<\/p>\n\n\n\n<p><strong style=\"font-style: italic;\">Real Betis <strong><em><span><b style=\"font-style: italic;\">\u2013<\/b><\/span><\/em><\/strong><\/strong> <em><strong>FC Villareal (21.00 Uhr)<\/strong><\/em> <br><img loading=\"lazy\" decoding=\"async\" width=\"10\" height=\"21\" class=\"wp-image-3656\" style=\"width: 10px;\" src=\"http:\/\/kommentatorenblog.de\/wp-content\/uploads\/2020\/09\/shure-55sh-ii-e1601485394796.jpg\" alt=\"\" srcset=\"https:\/\/kommentatorenblog.de\/wp-content\/uploads\/2020\/09\/shure-55sh-ii-e1601485394796.jpg 415w, https:\/\/kommentatorenblog.de\/wp-content\/uploads\/2020\/09\/shure-55sh-ii-e1601485394796-142x300.jpg 142w\" sizes=\"auto, (max-width: 10px) 100vw, 10px\" \/> Christoph Stadtler<\/p>\n\n\n\n<hr class=\"wp-block-separator is-style-default\"\/>\n\n\n\n<p><strong>Serie A (ITA), 5. Spieltag (DAZN)<\/strong><\/p>\n\n\n\n<p><u>Samstag, 10. September 2022<\/u><\/p>\n\n\n\n<p><strong style=\"font-style: italic;\"><em><strong>SSC Neapel<\/strong><\/em><strong><em><span><b style=\"font-style: italic;\">\u2013<\/b><\/span><\/em><\/strong><\/strong> <em><strong>Spezia (15.00 Uhr)<\/strong><\/em> <br><img loading=\"lazy\" decoding=\"async\" width=\"10\" height=\"21\" class=\"wp-image-3656\" style=\"width: 10px;\" src=\"http:\/\/kommentatorenblog.de\/wp-content\/uploads\/2020\/09\/shure-55sh-ii-e1601485394796.jpg\" alt=\"\" srcset=\"https:\/\/kommentatorenblog.de\/wp-content\/uploads\/2020\/09\/shure-55sh-ii-e1601485394796.jpg 415w, https:\/\/kommentatorenblog.de\/wp-content\/uploads\/2020\/09\/shure-55sh-ii-e1601485394796-142x300.jpg 142w\" sizes=\"auto, (max-width: 10px) 100vw, 10px\" \/> Claus M\u00fcller<\/p>\n\n\n\n<p><strong style=\"font-style: italic;\"><em><strong>Inter Mailand<\/strong><\/em> <strong><em><span><b style=\"font-style: italic;\">\u2013<\/b><\/span><\/em><\/strong><\/strong> <em><strong>FC Turin (18.00 Uhr)<\/strong><\/em> <br><img loading=\"lazy\" decoding=\"async\" width=\"10\" height=\"21\" class=\"wp-image-3656\" style=\"width: 10px;\" src=\"http:\/\/kommentatorenblog.de\/wp-content\/uploads\/2020\/09\/shure-55sh-ii-e1601485394796.jpg\" alt=\"\" srcset=\"https:\/\/kommentatorenblog.de\/wp-content\/uploads\/2020\/09\/shure-55sh-ii-e1601485394796.jpg 415w, https:\/\/kommentatorenblog.de\/wp-content\/uploads\/2020\/09\/shure-55sh-ii-e1601485394796-142x300.jpg 142w\" sizes=\"auto, (max-width: 10px) 100vw, 10px\" \/> Nico Seepe, Experte: Max Nicu<\/p>\n\n\n\n<p><strong style=\"font-style: italic;\">Sampdoria <strong><em><span><b style=\"font-style: italic;\">\u2013<\/b><\/span><\/em><\/strong><\/strong> <em><strong>AC Mailand (20.45 Uhr)<\/strong><\/em> <br><img loading=\"lazy\" decoding=\"async\" width=\"10\" height=\"21\" class=\"wp-image-3656\" style=\"width: 10px;\" src=\"http:\/\/kommentatorenblog.de\/wp-content\/uploads\/2020\/09\/shure-55sh-ii-e1601485394796.jpg\" alt=\"\" srcset=\"https:\/\/kommentatorenblog.de\/wp-content\/uploads\/2020\/09\/shure-55sh-ii-e1601485394796.jpg 415w, https:\/\/kommentatorenblog.de\/wp-content\/uploads\/2020\/09\/shure-55sh-ii-e1601485394796-142x300.jpg 142w\" sizes=\"auto, (max-width: 10px) 100vw, 10px\" \/> Andreas Renner<\/p>\n\n\n\n<p><u>Sonntag, 11. September 2022<\/u><\/p>\n\n\n\n<p><strong style=\"font-style: italic;\">Juventus Turin <strong><em><span><b style=\"font-style: italic;\">\u2013<\/b><\/span><\/em><\/strong><\/strong> <em><strong>Salernitana (20.45 Uhr)<\/strong><\/em> <br><img loading=\"lazy\" decoding=\"async\" width=\"10\" height=\"21\" class=\"wp-image-3656\" style=\"width: 10px;\" src=\"http:\/\/kommentatorenblog.de\/wp-content\/uploads\/2020\/09\/shure-55sh-ii-e1601485394796.jpg\" alt=\"\" srcset=\"https:\/\/kommentatorenblog.de\/wp-content\/uploads\/2020\/09\/shure-55sh-ii-e1601485394796.jpg 415w, https:\/\/kommentatorenblog.de\/wp-content\/uploads\/2020\/09\/shure-55sh-ii-e1601485394796-142x300.jpg 142w\" sizes=\"auto, (max-width: 10px) 100vw, 10px\" \/> Carsten Fu\u00df<\/p>\n\n\n\n<hr class=\"wp-block-separator is-style-default\"\/>\n\n\n\n<p><strong>Ligue 1 (FRA), 5. Spieltag (DAZN)<\/strong><\/p>\n\n\n\n<p><u>Samstag, 10. September 2022<\/u><\/p>\n\n\n\n<p><strong style=\"font-style: italic;\"><em><strong>Paris Saint-Germain<\/strong><\/em> <strong><em><span><b style=\"font-style: italic;\">\u2013<\/b><\/span><\/em><\/strong><\/strong> <em><strong>Brest (17.00 Uhr)<\/strong><\/em> <br><img loading=\"lazy\" decoding=\"async\" width=\"10\" height=\"21\" class=\"wp-image-3656\" style=\"width: 10px;\" src=\"http:\/\/kommentatorenblog.de\/wp-content\/uploads\/2020\/09\/shure-55sh-ii-e1601485394796.jpg\" alt=\"\" srcset=\"https:\/\/kommentatorenblog.de\/wp-content\/uploads\/2020\/09\/shure-55sh-ii-e1601485394796.jpg 415w, https:\/\/kommentatorenblog.de\/wp-content\/uploads\/2020\/09\/shure-55sh-ii-e1601485394796-142x300.jpg 142w\" sizes=\"auto, (max-width: 10px) 100vw, 10px\" \/> Michael Seyberth<\/p>\n\n\n\n<p><strong style=\"font-style: italic;\">Olympique Marseille <strong><em><span><b style=\"font-style: italic;\">\u2013<\/b><\/span><\/em><\/strong><\/strong> <em><strong>OSC Lille (21.00 Uhr)<\/strong><\/em> <br><img loading=\"lazy\" decoding=\"async\" width=\"10\" height=\"21\" class=\"wp-image-3656\" style=\"width: 10px;\" src=\"http:\/\/kommentatorenblog.de\/wp-content\/uploads\/2020\/09\/shure-55sh-ii-e1601485394796.jpg\" alt=\"\" srcset=\"https:\/\/kommentatorenblog.de\/wp-content\/uploads\/2020\/09\/shure-55sh-ii-e1601485394796.jpg 415w, https:\/\/kommentatorenblog.de\/wp-content\/uploads\/2020\/09\/shure-55sh-ii-e1601485394796-142x300.jpg 142w\" sizes=\"auto, (max-width: 10px) 100vw, 10px\" \/> Simon Sterzer<\/p>\n\n\n\n<p><u>Sonntag, 11. September 2022<\/u><\/p>\n\n\n\n<p><strong style=\"font-style: italic;\">AS Monaco <strong><em><span><b style=\"font-style: italic;\">\u2013<\/b><\/span><\/em><\/strong><\/strong> <em><strong>Olympique Lyon (20.45 Uhr)<\/strong><\/em> <br><img loading=\"lazy\" decoding=\"async\" width=\"10\" height=\"21\" class=\"wp-image-3656\" style=\"width: 10px;\" src=\"http:\/\/kommentatorenblog.de\/wp-content\/uploads\/2020\/09\/shure-55sh-ii-e1601485394796.jpg\" alt=\"\" srcset=\"https:\/\/kommentatorenblog.de\/wp-content\/uploads\/2020\/09\/shure-55sh-ii-e1601485394796.jpg 415w, https:\/\/kommentatorenblog.de\/wp-content\/uploads\/2020\/09\/shure-55sh-ii-e1601485394796-142x300.jpg 142w\" sizes=\"auto, (max-width: 10px) 100vw, 10px\" \/> Stefan Galler, Experte Alexis Mengue<\/p>\n\n\n\n<hr class=\"wp-block-separator is-style-default\"\/>\n\n\n\n<p><strong>Eredivisie (NED), 5. Spieltag (Sportdigital FUSSBALL)<\/strong><\/p>\n\n\n\n<p><u>Samstag, 10. September 2022<\/u><\/p>\n\n\n\n<p><strong style=\"font-style: italic;\">Ajax Amsterdam <strong><em><span><b style=\"font-style: italic;\">\u2013<\/b><\/span><\/em><\/strong><\/strong> <em><strong>SC Heerenveen (18.45 Uhr)<\/strong><\/em> <br><img loading=\"lazy\" decoding=\"async\" width=\"10\" height=\"21\" class=\"wp-image-3656\" style=\"width: 10px;\" src=\"http:\/\/kommentatorenblog.de\/wp-content\/uploads\/2020\/09\/shure-55sh-ii-e1601485394796.jpg\" alt=\"\" srcset=\"https:\/\/kommentatorenblog.de\/wp-content\/uploads\/2020\/09\/shure-55sh-ii-e1601485394796.jpg 415w, https:\/\/kommentatorenblog.de\/wp-content\/uploads\/2020\/09\/shure-55sh-ii-e1601485394796-142x300.jpg 142w\" sizes=\"auto, (max-width: 10px) 100vw, 10px\" \/> Marvin Kirsch<\/p>\n\n\n\n<p><u>Sonntag, 11. September 2022<\/u><\/p>\n\n\n\n<p><strong style=\"font-style: italic;\">PSV Eindhoven <strong><em><span><b style=\"font-style: italic;\">\u2013<\/b><\/span><\/em><\/strong><\/strong> <em><strong>RKC Waalwijk (14.30Uhr)<\/strong><\/em> <br><img loading=\"lazy\" decoding=\"async\" width=\"10\" height=\"21\" class=\"wp-image-3656\" style=\"width: 10px;\" src=\"http:\/\/kommentatorenblog.de\/wp-content\/uploads\/2020\/09\/shure-55sh-ii-e1601485394796.jpg\" alt=\"\" srcset=\"https:\/\/kommentatorenblog.de\/wp-content\/uploads\/2020\/09\/shure-55sh-ii-e1601485394796.jpg 415w, https:\/\/kommentatorenblog.de\/wp-content\/uploads\/2020\/09\/shure-55sh-ii-e1601485394796-142x300.jpg 142w\" sizes=\"auto, (max-width: 10px) 100vw, 10px\" \/> Karsten Linke<\/p>\n\n\n\n<p><strong style=\"font-style: italic;\">Feyenoord Rotterdam <strong><em><span><b style=\"font-style: italic;\">\u2013<\/b><\/span><\/em><\/strong><\/strong> <em><strong>Sparta Rotterdam (20.00 Uhr)<\/strong><\/em> <br><img loading=\"lazy\" decoding=\"async\" width=\"10\" height=\"21\" class=\"wp-image-3656\" style=\"width: 10px;\" src=\"http:\/\/kommentatorenblog.de\/wp-content\/uploads\/2020\/09\/shure-55sh-ii-e1601485394796.jpg\" alt=\"\" srcset=\"https:\/\/kommentatorenblog.de\/wp-content\/uploads\/2020\/09\/shure-55sh-ii-e1601485394796.jpg 415w, https:\/\/kommentatorenblog.de\/wp-content\/uploads\/2020\/09\/shure-55sh-ii-e1601485394796-142x300.jpg 142w\" sizes=\"auto, (max-width: 10px) 100vw, 10px\" \/> Ulf Kahmke<\/p>\n\n\n\n<hr class=\"wp-block-separator\"\/>\n\n\n\n<p><strong>Primeira Liga (POR), 6. Spieltag (Sportdigital FUSSBALL)<\/strong><\/p>\n\n\n\n<p><u><u>Samstag, 10. September 2022<\/u><\/u><\/p>\n\n\n\n<p><strong style=\"font-style: italic;\">FC Famalicao <strong><em><span><b style=\"font-style: italic;\">\u2013<\/b><\/span><\/em><\/strong><\/strong> <em><strong>Benfica Lissabon (16.30 Uhr)<\/strong><\/em> <br><img loading=\"lazy\" decoding=\"async\" width=\"10\" height=\"21\" class=\"wp-image-3656\" style=\"width: 10px;\" src=\"http:\/\/kommentatorenblog.de\/wp-content\/uploads\/2020\/09\/shure-55sh-ii-e1601485394796.jpg\" alt=\"\" srcset=\"https:\/\/kommentatorenblog.de\/wp-content\/uploads\/2020\/09\/shure-55sh-ii-e1601485394796.jpg 415w, https:\/\/kommentatorenblog.de\/wp-content\/uploads\/2020\/09\/shure-55sh-ii-e1601485394796-142x300.jpg 142w\" sizes=\"auto, (max-width: 10px) 100vw, 10px\" \/> Karsten Linke<\/p>\n\n\n\n<p><strong style=\"font-style: italic;\">FC Porto <strong><em><span><b style=\"font-style: italic;\">\u2013<\/b><\/span><\/em><\/strong><\/strong> <em><strong>GD Chaves (21.30 Uhr)<\/strong><\/em> <br><img loading=\"lazy\" decoding=\"async\" width=\"10\" height=\"21\" class=\"wp-image-3656\" style=\"width: 10px;\" src=\"http:\/\/kommentatorenblog.de\/wp-content\/uploads\/2020\/09\/shure-55sh-ii-e1601485394796.jpg\" alt=\"\" srcset=\"https:\/\/kommentatorenblog.de\/wp-content\/uploads\/2020\/09\/shure-55sh-ii-e1601485394796.jpg 415w, https:\/\/kommentatorenblog.de\/wp-content\/uploads\/2020\/09\/shure-55sh-ii-e1601485394796-142x300.jpg 142w\" sizes=\"auto, (max-width: 10px) 100vw, 10px\" \/> Christian Blunck<\/p>\n\n\n\n<hr class=\"wp-block-separator is-style-default\"\/>\n\n\n\n<hr class=\"wp-block-separator is-style-default\"\/>\n\n\n\n<p><strong><code>ANALYSE<\/code><\/strong><\/p>\n\n\n\n<p>Mittlerweile steht schon wieder der 6. Spieltag der Bundesliga- Saison 2022\/23 an, und dieser f\u00fchrt die DAZN- Crew am Freitagabend nach Bremen ins Weserstadion zu der Partie von Werder gegen den FCA. Waren letzte Woche Freitag noch Laura Wontorra und Michael Ballack im Einsatz, \u00fcbernehmen diesmal Mario Rieker und Jonas Hummels. Kommentator wird Uli Hebel sein. UPDATE: Michael Born \u00fcbernimmt f\u00fcr Uli Hebel, der \u00fcbernimmt daf\u00fcr sie Sonntagspartie von Born<\/p>\n\n\n\n<p>Samstag- Nachmittag ist nat\u00fcrlich wieder Bundesliga- Konferenz- Zeit bei Sky und die hat auch richtig was zu bieten: alle 5 CL-Teilnehmer sind im Einsatz. Es ist das erste Mal in dieser Saison, dass alle 5 Teams zur selben Uhrzeit spielen. Meist fehlten die Bayern, die erst zum zweiten Mal um 15.30 Uhr am Samstag zum Einsatz kommen. \u201eSaisondeb\u00fct\u201c war \u00fcbrigens letzte Woche das 1:1 bei Union. Diesmal empfangen die M\u00fcnchner daheim den VfB zum Derby. Eine Partie f\u00fcr Jonas Friedrich, der damit, wie bereits letzte Woche den VfB \u00fcber 90 Minuten lang kommentieren wird . Nach Leipzig f\u00fchrt dagegen der Weg von Oliver Seidler. Torsten Kunde meldet sich aus Berlin von den Tabellennachbarn Hertha und Leverkusen.<\/p>\n\n\n\n<p>Klaus Veltman gr\u00fc\u00dft aus Frankfurt, wo die Eintracht den VfL mit Niko Kovac empf\u00e4ngt. Und aus dem S\u00fcdwesten meldet sich noch Marcus Lindemann mit Field- Reporterin Viola Weiss.<\/p>\n\n\n\n<p>Die Konferenz ist wieder bekannt bei Sky besetzt, so kommt Frank Buschmann wieder zum Einsatz und bekommt das Derby Bayern- VfB. Kai Dittmann \u00fcbernimmt die Partie des Tabellenzweiten Dortmund gegen die kriselnden Leipziger. Vervollst\u00e4ndigt wird die Konferenz durch Roland Evers und Hansi K\u00fcpper sowie Martin Gro\u00df, der seinen dritten Konferenz- Einsatz in Folge hat. Die Moderation \u00fcbernimmt Britta Hofmann von Michael Leopold. Experte wird wieder Didi Hamann sein, diesmal wieder als alleiniger Experte.<\/p>\n\n\n\n<p><strong>Keine Wechsel beim Abendspiel<\/strong><\/p>\n\n\n\n<p>Am Abend steht dann, das sogenannte Topspiel an. \u00dcber den Begriff Topspiel darf man bei der Partie Schalke gegen Bochum, Tabellenplatz 15 gegen 18, durchaus streiten. Da d\u00fcrfte die Partie der Bayern und RB- BVB und vor allem das Sonntagsspiel Freiburg Gladbach doch eher diesen Titel tragen. Nichtsdestotrotz \u00fcbernimmt Wolff Fuss die Partie auf Schalke. Auch daneben \u00e4ndert sich nichts bei Sky: Sebastian Hellmann moderiert und analysiert die Begegnung mit Lothar Matth\u00e4us und Julia Simic. Also weiterhin keine Tabea Kemme, welche zuletzt am Dienstag bei Prime im Einsatz war. Wie zu lesen war, war ein Einsatz bisher aus terminlichen Gr\u00fcnden nicht m\u00f6glich und soll auch erst im Oktober erfolgen. Interviewerin ist, ebenfalls wie letzte Woche, Nele Schenker<\/p>\n\n\n\n<p><strong>Europa (Conference) League- Teams bei DAZN<\/strong><\/p>\n\n\n\n<p>Weiter zu DAZN am Sonntag, die zwei interessante Partien im Angebot haben. Los geht es mit dem Duell der Europa (Conference) League- Teilnehmer 1.FC K\u00f6ln gegen Union. F\u00fcr DAZN melden sich aus K\u00f6ln Laura Wontorra mit Experte Sebastian Knei\u00dfl und Kommentator Michael Born.<\/p>\n\n\n\n<p>Sp\u00e4ter steht dann das, von mir bereits erw\u00e4hnte, Spiel SC Freiburg gegen Borussia M\u00f6nchengladbach an. Hier darf Max Siebald ran. Es ist sein erster Bundesliga- Einsatz aus dem Stadion, und dann gleich beim Tabellenf\u00fchrer. Moderieren wird Freddy Harder, der auch zeitgleich f\u00fcr die Interviews zust\u00e4ndig ist.<\/p>\n\n\n\n<p>In Liga 2 startet Hansi K\u00fcpper am Freitag in sein Fu\u00dfball- Wochenende mit der Partie N\u00fcrnberg- Bielefeld, ehe er am Samstag eine Liga h\u00f6her in der Konferenz eingesetzt wird. Das Spiel des HSV gegen Kiel \u00fcbernimmt Marcel Meinert. Im Stadion in Kiel f\u00fchrt Marcus J\u00fcrgensen die Interviews, am Sonntag wird er dann beim FC St Pauli die Interviews f\u00fchren. Am Samstag sind dann Gaupp, Schr\u00f6ter und Schmitz die Einzelspiel- Kommentatoren. Abends bei Sky das gewohnte Bild mit Hempel und Mattuschka. Bei Sport1 gibt es dagegen nahezu einen Komplettwechsel: Lediglich Kommentator H\u00f6hner bleibt, daf\u00fcr wird dabei Ruth Hofmann als Moderatorin.<\/p>\n\n\n\n<p>UPDATE: Am Montag steht dann noch das letzte 2. Rundenspiel im DFB- Pokal der Frauen an. Sky \u00fcbertr\u00e4gt die Partie Ingolstadt gegen die Bayern, nat\u00fcrlich mit Kommentator Hannes Herrmann. Moderation k\u00f6nnen wir nicht sicher best\u00e4tigen, w\u00e4re aber keine \u00dcberraschung, wenn Nele Schenker das \u00fcbernimmt (Update 2: sie moderiert). Expertin an ihrer Seite ist die ehemalige Bayern- Spielerin Schweers. <\/p>\n\n\n\n<p>Die 3.Liga startet mit dem Duell Osnabr\u00fcck gegen RWE in den Spieltag. Kommentieren wird Christian Stra\u00dfburger, der zudem noch am Samstag zum Einsatz kommen wird. Sonntag sind wieder Stefanie Blochwitz und Andreas Mann im Duo f\u00fcr Magenta im Einsatz. Die dritten Programme haben in dieser Woche zwei Spiele im Angebot, SWR und BR sind bei der Partie Ingolstadt- Mannheim dabei und der SR \u00fcbertr\u00e4gt das Spiel der Saarbr\u00fccker. Durch den Aufstieg von Elversberg hat der SR in der, noch jungen Saison, schon einige Spiele \u00fcbertragen. <s>Bei Sky gibt es am Samstag insgesamt vier PL-Partien zu sehen, Das Topspiel \u00fcbernimmt diese Woche Joachim Hebel, nachdem Toni Tomic hier letzte Woche Florian Schmidt- Sommerfeld vertreten hat.<\/s> <strong>Update <\/strong>Aufgrund des Todes von Queen Elizabeth II wurden alle PL- Spiele an diesem Spieltag abgesagt<\/p>\n\n\n\n<p>DAZN hat wie gewohnt Ligue 1, La Liga und Serie A im Angebot, bei Sportdigital gibt es u.a. Fu\u00dfball aus den Niederlanden und Portugal.<\/p>\n\n\n\n<p>Das wars f\u00fcr diese Woche, ein sch\u00f6nes Wochenende. Der n\u00e4chste Beitrag folgt am Montag.<\/p>\n\n\n\n<p><\/p>\n","protected":false},"excerpt":{"rendered":"<p>Hallo zusammen, da in den letzten Tagen einige Kommentare zu dem Thema Auflistung der ARD- Audiostreams kamen, werden wir uns hier mal diesem Thema widmen. Zuerst einmal: Wir werden weiterhin die Reporterinnen und Reporter der ARD Audiostreams nicht hier auflisten. Wieso? Das hat einige Gr\u00fcnde. Dazu z\u00e4hlt, dass sich der Kommentatorenblog sich den Fu\u00dfball- \u00dcbertragungen, [&hellip;]<\/p>\n","protected":false},"author":10,"featured_media":0,"comment_status":"open","ping_status":"open","sticky":false,"template":"","format":"standard","meta":{"footnotes":""},"categories":[424],"tags":[292,163,216,73,35,171,165,13,308,61,295,104,25,347,69,315,86,93,489,676,44,205,9,70,43,243,121,67,250,95,857,279,114,409,113,293,606,45,76,98,22,134,28,27,33,87,105,149,107],"class_list":["post-13732","post","type-post","status-publish","format-standard","hentry","category-bundesliga-und-co","tag-alex-kunz","tag-alexander-kuepper","tag-andreas-mann","tag-britta-hofmann","tag-christian-strassburger","tag-christoph-stadtler","tag-david-ploch","tag-dazn","tag-florian-malburg","tag-frank-buschmann","tag-freddy-harder","tag-hannes-herrmann","tag-hansi-kuepper","tag-joachim-hebel","tag-jonas-friedrich","tag-julian-engelhard","tag-juergen-schmitz","tag-kai-dittmann","tag-kamila-benschop","tag-klaus-veltman","tag-laura-wontorra","tag-lukas-schoenmueller","tag-magenta-sport","tag-marcel-meinert","tag-marco-hagemann","tag-mario-rieker","tag-markus-gaupp","tag-markus-hoehner","tag-markus-othmer","tag-martin-gross","tag-martin-kuepper","tag-max-siebald","tag-michael-born","tag-mike-muenkel","tag-oliver-seidler","tag-oskar-heirler","tag-paul-haeuser","tag-roland-evers","tag-ruth-hofmann","tag-sebastian-hellmann","tag-sky","tag-sportdigital-fussball","tag-stefan-hempel","tag-sven-schroeter","tag-thomas-wagner","tag-torsten-kunde","tag-uli-hebel","tag-uwe-morawe","tag-wolff-fuss"],"_links":{"self":[{"href":"https:\/\/kommentatorenblog.de\/index.php?rest_route=\/wp\/v2\/posts\/13732","targetHints":{"allow":["GET"]}}],"collection":[{"href":"https:\/\/kommentatorenblog.de\/index.php?rest_route=\/wp\/v2\/posts"}],"about":[{"href":"https:\/\/kommentatorenblog.de\/index.php?rest_route=\/wp\/v2\/types\/post"}],"author":[{"embeddable":true,"href":"https:\/\/kommentatorenblog.de\/index.php?rest_route=\/wp\/v2\/users\/10"}],"replies":[{"embeddable":true,"href":"https:\/\/kommentatorenblog.de\/index.php?rest_route=%2Fwp%2Fv2%2Fcomments&post=13732"}],"version-history":[{"count":27,"href":"https:\/\/kommentatorenblog.de\/index.php?rest_route=\/wp\/v2\/posts\/13732\/revisions"}],"predecessor-version":[{"id":13770,"href":"https:\/\/kommentatorenblog.de\/index.php?rest_route=\/wp\/v2\/posts\/13732\/revisions\/13770"}],"wp:attachment":[{"href":"https:\/\/kommentatorenblog.de\/index.php?rest_route=%2Fwp%2Fv2%2Fmedia&parent=13732"}],"wp:term":[{"taxonomy":"category","embeddable":true,"href":"https:\/\/kommentatorenblog.de\/index.php?rest_route=%2Fwp%2Fv2%2Fcategories&post=13732"},{"taxonomy":"post_tag","embeddable":true,"href":"https:\/\/kommentatorenblog.de\/index.php?rest_route=%2Fwp%2Fv2%2Ftags&post=13732"}],"curies":[{"name":"wp","href":"https:\/\/api.w.org\/{rel}","templated":true}]}}