{"id":13772,"date":"2022-09-12T21:36:43","date_gmt":"2022-09-12T19:36:43","guid":{"rendered":"http:\/\/kommentatorenblog.de\/?p=13772"},"modified":"2022-10-12T12:07:20","modified_gmt":"2022-10-12T10:07:20","slug":"1282-europapokal-die-zweite","status":"publish","type":"post","link":"https:\/\/kommentatorenblog.de\/?p=13772","title":{"rendered":"1282 &#8211; Europapokal, die Zweite"},"content":{"rendered":"\n<p>Hallo zusammen,<\/p>\n\n\n\n<p>aus Zeitgr\u00fcnden gibt es den heutigen Beitrag in k\u00fcrzere Form. Trotzdem haben wir jede Menge Fu\u00dfball im Angebot, denn es sind ja acht deutsche Teams im Europa- Einsatz. Drei am Dienstag, zwei am Mittwoch und nochmal drei am Donnerstag. Die Aufteilung ist dabei unver\u00e4ndert: Dienstag 1x Prime, 2 x DAZN, Mittwoch 2 x DAZN und Donnerstag 1x RTL und 3 x RTL+ (da das RTL- Spiel ja auch dort l\u00e4uft). Im \u00dcbrigen werden alle deutschen CL- Spiele aus dem Stadion kommentiert.<\/p>\n\n\n\n<p>F\u00fcr die, die nicht alle entsprechenden Abos haben, hier nochmal, wie im letzten Beitrag erw\u00e4hnt, der Hinweis auf die Audiostreams. Hier nochmal das Angebot der ARD:<\/p>\n\n\n\n<p><em>Einzelspiel &#8211; Netcast<\/em><\/p>\n\n\n\n<ul class=\"wp-block-list\"><li>Was:  Champions League live in voller L\u00e4nge als Audiostream<\/li><li>Wann: zwischen 5 bis 10 Minuten vor Anpfiff startet die \u00dcbertragung<\/li><li>Wo: sportschau.de, ARD Audiothek, WDR Event, hr-info, BR24, MDR Aktuell<\/li><\/ul>\n\n\n\n<p><em>Konferenz &#8211; Netcast<\/em><\/p>\n\n\n\n<ul class=\"wp-block-list\"><li>Was:  Konferenz der deutschen Spiele \u00fcber 90min<\/li><li>Wann: zwischen 5 bis 10 Minuten vor Anpfiff startet die \u00dcbertragung<\/li><li>Wo: sportschau.de, ARD Audiothek, WDR Event<\/li><\/ul>\n\n\n\n<p>Es gibt also sowohl Dienstag als auch Mittwoch alle Spiele in voller L\u00e4nge, sowie jeweils eine Konferenz der deutschen Spiele. Am Donnerstag gibt es zudem einen Audiostream von Union aus der Europa League.<\/p>\n\n\n\n<p>Jetzt aber die Ansetzungen des 2.Spieltags vom Europapokal!<\/p>\n\n\n\n<hr class=\"wp-block-separator\"\/>\n\n\n\n<p><strong><em>Die Ansetzungen vom 13. September bis zum 15. September 202<\/em>2<\/strong><\/p>\n\n\n\n<p><strong>Champions League Gruppenphase, 02. Spieltag<\/strong><\/p>\n\n\n\n<p><span style=\"text-decoration: underline;\">Dienstag, 13. September 2022, ab 20.00 Uhr (PrimeVideo &#8211; exklusives Einzelspiel)<\/span><\/p>\n\n\n\n<p><em><strong>FC Bayern M\u00fcnchen \u2013 FC Barcelona (21.00 Uhr)<\/strong><\/em><\/p>\n\n\n\n<p><img loading=\"lazy\" decoding=\"async\" width=\"10\" height=\"21\" class=\"wp-image-3656\" style=\"width: 10px;\" src=\"http:\/\/kommentatorenblog.de\/wp-content\/uploads\/2020\/09\/shure-55sh-ii-e1601485394796.jpg\" alt=\"\" srcset=\"https:\/\/kommentatorenblog.de\/wp-content\/uploads\/2020\/09\/shure-55sh-ii-e1601485394796.jpg 415w, https:\/\/kommentatorenblog.de\/wp-content\/uploads\/2020\/09\/shure-55sh-ii-e1601485394796-142x300.jpg 142w\" sizes=\"auto, (max-width: 10px) 100vw, 10px\" \/> Jonas Friedrich, Experte: Benedikt H\u00f6wedes<\/p>\n\n\n\n<p>Field-Reporter: Annika Zimmermann, Sebastian Benesch<\/p>\n\n\n\n<p>Moderation (Stadion): Sebastian Hellmann, Experten: Matthias Sammer, JosephineHenning &amp;Mario Gomez Schiedsrichter-Experte: Wolfgang Stark<\/p>\n\n\n\n<p><strong>Highlight-Show (23.00Uhr)<\/strong><\/p>\n\n\n\n<p>Moderation: Lena Cassel, Experte: Patrick Owomoyela<\/p>\n\n\n\n<p><span style=\"text-decoration: underline;\">ab 18.15 Uhr (DAZN)<\/span><\/p>\n\n\n\n<p><em><strong>Pilsen \u2013 Inter Mailand (18.45 Uhr)<\/strong><\/em><\/p>\n\n\n\n<p><img loading=\"lazy\" decoding=\"async\" width=\"10\" height=\"21\" class=\"wp-image-3656\" style=\"width: 10px;\" src=\"http:\/\/kommentatorenblog.de\/wp-content\/uploads\/2020\/09\/shure-55sh-ii-e1601485394796.jpg\" alt=\"\" srcset=\"https:\/\/kommentatorenblog.de\/wp-content\/uploads\/2020\/09\/shure-55sh-ii-e1601485394796.jpg 415w, https:\/\/kommentatorenblog.de\/wp-content\/uploads\/2020\/09\/shure-55sh-ii-e1601485394796-142x300.jpg 142w\" sizes=\"auto, (max-width: 10px) 100vw, 10px\" \/> Stefan Galler (Einzelspiel), Mario Rieker (Konferenz)<\/p>\n\n\n\n<p><em><strong>Sporting \u2013 Tottenham Hotspur (18.45 Uhr)<\/strong><\/em><\/p>\n\n\n\n<p><img loading=\"lazy\" decoding=\"async\" width=\"10\" height=\"21\" class=\"wp-image-3656\" style=\"width: 10px;\" src=\"http:\/\/kommentatorenblog.de\/wp-content\/uploads\/2020\/09\/shure-55sh-ii-e1601485394796.jpg\" alt=\"\" srcset=\"https:\/\/kommentatorenblog.de\/wp-content\/uploads\/2020\/09\/shure-55sh-ii-e1601485394796.jpg 415w, https:\/\/kommentatorenblog.de\/wp-content\/uploads\/2020\/09\/shure-55sh-ii-e1601485394796-142x300.jpg 142w\" sizes=\"auto, (max-width: 10px) 100vw, 10px\" \/> Adrian Geiler(Einzelspiel), Uwe Morawe (Konferenz)<\/p>\n\n\n\n<p><span style=\"text-decoration: underline;\">ab 21.00Uhr (DAZN)<\/span> <\/p>\n\n\n\n<p><strong><em>Olympique Marseille \u2013 Eintracht Frankfurt(21.00 Uhr)<\/em><\/strong><\/p>\n\n\n\n<p><img loading=\"lazy\" decoding=\"async\" width=\"10\" height=\"21\" class=\"wp-image-3656\" style=\"width: 10px;\" src=\"http:\/\/kommentatorenblog.de\/wp-content\/uploads\/2020\/09\/shure-55sh-ii-e1601485394796.jpg\" alt=\"\" srcset=\"https:\/\/kommentatorenblog.de\/wp-content\/uploads\/2020\/09\/shure-55sh-ii-e1601485394796.jpg 415w, https:\/\/kommentatorenblog.de\/wp-content\/uploads\/2020\/09\/shure-55sh-ii-e1601485394796-142x300.jpg 142w\" sizes=\"auto, (max-width: 10px) 100vw, 10px\" \/> Marco Hagemann, Experte: Sebastian Knei\u00dfl (Einzelspiel), Jan Platte (Konferenz), Freddy Harder (deutsche Konferenz)<\/p>\n\n\n\n<p>Interviews: Max Siebald<\/p>\n\n\n\n<p><strong><em>Bayer 04 Leverkusen \u2013 Atletico Madrid (21.00 Uhr)<\/em><\/strong><\/p>\n\n\n\n<p><img loading=\"lazy\" decoding=\"async\" width=\"10\" height=\"21\" class=\"wp-image-3656\" style=\"width: 10px;\" src=\"http:\/\/kommentatorenblog.de\/wp-content\/uploads\/2020\/09\/shure-55sh-ii-e1601485394796.jpg\" alt=\"\" srcset=\"https:\/\/kommentatorenblog.de\/wp-content\/uploads\/2020\/09\/shure-55sh-ii-e1601485394796.jpg 415w, https:\/\/kommentatorenblog.de\/wp-content\/uploads\/2020\/09\/shure-55sh-ii-e1601485394796-142x300.jpg 142w\" sizes=\"auto, (max-width: 10px) 100vw, 10px\" \/> Michael Born Experte: Benny Lauth (Einzelspiel), Flo Hauser (Konferenz) Lukas Sch\u00f6nm\u00fcller (deutsche Konferenz)<\/p>\n\n\n\n<p><strong><em>FC Liverpool \u2013 Ajax Amsterdam (21.00 Uhr)<\/em><\/strong><\/p>\n\n\n\n<p><img loading=\"lazy\" decoding=\"async\" width=\"10\" height=\"21\" class=\"wp-image-3656\" style=\"width: 10px;\" src=\"http:\/\/kommentatorenblog.de\/wp-content\/uploads\/2020\/09\/shure-55sh-ii-e1601485394796.jpg\" alt=\"\" srcset=\"https:\/\/kommentatorenblog.de\/wp-content\/uploads\/2020\/09\/shure-55sh-ii-e1601485394796.jpg 415w, https:\/\/kommentatorenblog.de\/wp-content\/uploads\/2020\/09\/shure-55sh-ii-e1601485394796-142x300.jpg 142w\" sizes=\"auto, (max-width: 10px) 100vw, 10px\" \/> Jogi Hebel, Experte Sascha Bigalke(Einzelspiel), Nico Seepe (Konferenz)<\/p>\n\n\n\n<p><strong><em>FC Porto \u2013 FC Br\u00fcgge (21.00 Uhr)<\/em><\/strong><\/p>\n\n\n\n<p><img loading=\"lazy\" decoding=\"async\" width=\"10\" height=\"21\" class=\"wp-image-3656\" style=\"width: 10px;\" src=\"http:\/\/kommentatorenblog.de\/wp-content\/uploads\/2020\/09\/shure-55sh-ii-e1601485394796.jpg\" alt=\"\" srcset=\"https:\/\/kommentatorenblog.de\/wp-content\/uploads\/2020\/09\/shure-55sh-ii-e1601485394796.jpg 415w, https:\/\/kommentatorenblog.de\/wp-content\/uploads\/2020\/09\/shure-55sh-ii-e1601485394796-142x300.jpg 142w\" sizes=\"auto, (max-width: 10px) 100vw, 10px\" \/> Carsten Fu\u00df (Einzelspiel), Marcel Seufert (Konferenz)<\/p>\n\n\n\n<p>Moderation (DAZN): Tobi Wahnschaffe<\/p>\n\n\n\n<p><span style=\"text-decoration: underline;\">Mittwoch, 15. September 2022, ab 18.15 Uhr (DAZN)<\/span><\/p>\n\n\n\n<p><strong><em>AC Mailand \u2013 Dinamo Zagreb (18.45Uhr)<\/em><\/strong><\/p>\n\n\n\n<p><img loading=\"lazy\" decoding=\"async\" width=\"10\" height=\"21\" class=\"wp-image-3656\" style=\"width: 10px;\" src=\"http:\/\/kommentatorenblog.de\/wp-content\/uploads\/2020\/09\/shure-55sh-ii-e1601485394796.jpg\" alt=\"\" srcset=\"https:\/\/kommentatorenblog.de\/wp-content\/uploads\/2020\/09\/shure-55sh-ii-e1601485394796.jpg 415w, https:\/\/kommentatorenblog.de\/wp-content\/uploads\/2020\/09\/shure-55sh-ii-e1601485394796-142x300.jpg 142w\" sizes=\"auto, (max-width: 10px) 100vw, 10px\" \/> Guido H\u00fcsgen(Einzelspiel), Oliver Forster (Konferenz),<\/p>\n\n\n\n<p><em style=\"\"><b>Scha<\/b><\/em><strong><em>chtor Donezk \u2013 Celtic Glasgow(18.45 Uhr) <\/em><\/strong><\/p>\n\n\n\n<p><img loading=\"lazy\" decoding=\"async\" width=\"10\" height=\"21\" class=\"wp-image-3656\" style=\"width: 10px;\" src=\"http:\/\/kommentatorenblog.de\/wp-content\/uploads\/2020\/09\/shure-55sh-ii-e1601485394796.jpg\" alt=\"\" srcset=\"https:\/\/kommentatorenblog.de\/wp-content\/uploads\/2020\/09\/shure-55sh-ii-e1601485394796.jpg 415w, https:\/\/kommentatorenblog.de\/wp-content\/uploads\/2020\/09\/shure-55sh-ii-e1601485394796-142x300.jpg 142w\" sizes=\"auto, (max-width: 10px) 100vw, 10px\" \/> Franz B\u00fcchner (Einzelspiel), Andreas Renner (Konferenz)<\/p>\n\n\n\n<p><span style=\"text-decoration: underline;\">ab 20.15 Uhr (DAZN)<\/span> <\/p>\n\n\n\n<p><strong><em><em><strong>Manchester City \u2013 <\/strong><\/em>Borussia Dortmund(21.00 Uhr)<\/em><\/strong><\/p>\n\n\n\n<p><img loading=\"lazy\" decoding=\"async\" width=\"10\" height=\"21\" class=\"wp-image-3656\" style=\"width: 10px;\" src=\"http:\/\/kommentatorenblog.de\/wp-content\/uploads\/2020\/09\/shure-55sh-ii-e1601485394796.jpg\" alt=\"\" srcset=\"https:\/\/kommentatorenblog.de\/wp-content\/uploads\/2020\/09\/shure-55sh-ii-e1601485394796.jpg 415w, https:\/\/kommentatorenblog.de\/wp-content\/uploads\/2020\/09\/shure-55sh-ii-e1601485394796-142x300.jpg 142w\" sizes=\"auto, (max-width: 10px) 100vw, 10px\" \/> Jan Platte, Experte: Sami Khedira (Einzelspiel),Flo Hauser(Konferenz), Lukas Sch\u00f6nm\u00fcller(deutsche Konferenz)<\/p>\n\n\n\n<p>Moderation: Alex Schl\u00fcter, Field-Reporter: Daniel Herzog <\/p>\n\n\n\n<p><span style=\"text-decoration: underline;\">ab 21.00 Uhr (DAZN)<\/span> <\/p>\n\n\n\n<p><strong><em><strong><em>Real Madrid \u2013 <\/em><\/strong>RB Leipzig(21.00 Uhr)<\/em><\/strong><\/p>\n\n\n\n<p><img loading=\"lazy\" decoding=\"async\" width=\"10\" height=\"21\" class=\"wp-image-3656\" style=\"width: 10px;\" src=\"http:\/\/kommentatorenblog.de\/wp-content\/uploads\/2020\/09\/shure-55sh-ii-e1601485394796.jpg\" alt=\"\" srcset=\"https:\/\/kommentatorenblog.de\/wp-content\/uploads\/2020\/09\/shure-55sh-ii-e1601485394796.jpg 415w, https:\/\/kommentatorenblog.de\/wp-content\/uploads\/2020\/09\/shure-55sh-ii-e1601485394796-142x300.jpg 142w\" sizes=\"auto, (max-width: 10px) 100vw, 10px\" \/> Uli Hebel, Experte Jonas Hummels (Einzelspiel), Michael Born (Konferenz), Max Siebald (deutsche Konferenz)<\/p>\n\n\n\n<p>Field-Reporter: Andres Veredas<\/p>\n\n\n\n<p><strong><em>FC Chelsea \u2013 FC Salzburg (21.00 Uhr)<\/em><\/strong><\/p>\n\n\n\n<p><img loading=\"lazy\" decoding=\"async\" width=\"10\" height=\"21\" class=\"wp-image-3656\" style=\"width: 10px;\" src=\"http:\/\/kommentatorenblog.de\/wp-content\/uploads\/2020\/09\/shure-55sh-ii-e1601485394796.jpg\" alt=\"\" srcset=\"https:\/\/kommentatorenblog.de\/wp-content\/uploads\/2020\/09\/shure-55sh-ii-e1601485394796.jpg 415w, https:\/\/kommentatorenblog.de\/wp-content\/uploads\/2020\/09\/shure-55sh-ii-e1601485394796-142x300.jpg 142w\" sizes=\"auto, (max-width: 10px) 100vw, 10px\" \/> Max Gross Experte: Ralph Gunesch(Einzelspiel), Marcel Seufert (Konferenz)<\/p>\n\n\n\n<p><strong><em>Juventus Turin \u2013 Benfica Lissabon (21.00 Uhr)<\/em><\/strong><\/p>\n\n\n\n<p><img loading=\"lazy\" decoding=\"async\" width=\"10\" height=\"21\" class=\"wp-image-3656\" style=\"width: 10px;\" src=\"http:\/\/kommentatorenblog.de\/wp-content\/uploads\/2020\/09\/shure-55sh-ii-e1601485394796.jpg\" alt=\"\" srcset=\"https:\/\/kommentatorenblog.de\/wp-content\/uploads\/2020\/09\/shure-55sh-ii-e1601485394796.jpg 415w, https:\/\/kommentatorenblog.de\/wp-content\/uploads\/2020\/09\/shure-55sh-ii-e1601485394796-142x300.jpg 142w\" sizes=\"auto, (max-width: 10px) 100vw, 10px\" \/> Carsten Fu\u00df (Einzelspiel), Adrian Geiler (Konferenz)<\/p>\n\n\n\n<p><strong><em>Glasgow Rangers \u2013 SSC Neapel (21.00 Uhr)<\/em><\/strong><\/p>\n\n\n\n<p><img loading=\"lazy\" decoding=\"async\" width=\"10\" height=\"21\" class=\"wp-image-3656\" style=\"width: 10px;\" src=\"http:\/\/kommentatorenblog.de\/wp-content\/uploads\/2020\/09\/shure-55sh-ii-e1601485394796.jpg\" alt=\"\" srcset=\"https:\/\/kommentatorenblog.de\/wp-content\/uploads\/2020\/09\/shure-55sh-ii-e1601485394796.jpg 415w, https:\/\/kommentatorenblog.de\/wp-content\/uploads\/2020\/09\/shure-55sh-ii-e1601485394796-142x300.jpg 142w\" sizes=\"auto, (max-width: 10px) 100vw, 10px\" \/> Matthias Naebers (Einzelspiel), Tom Kirsten (Konferenz)<\/p>\n\n\n\n<p><em style=\"\"><b>Mac<\/b><\/em><strong><em>cabi Haifa \u2013 Paris Saint- Germain (21.00 Uhr)<\/em><\/strong><\/p>\n\n\n\n<p><img loading=\"lazy\" decoding=\"async\" width=\"10\" height=\"21\" class=\"wp-image-3656\" style=\"width: 10px;\" src=\"http:\/\/kommentatorenblog.de\/wp-content\/uploads\/2020\/09\/shure-55sh-ii-e1601485394796.jpg\" alt=\"\" srcset=\"https:\/\/kommentatorenblog.de\/wp-content\/uploads\/2020\/09\/shure-55sh-ii-e1601485394796.jpg 415w, https:\/\/kommentatorenblog.de\/wp-content\/uploads\/2020\/09\/shure-55sh-ii-e1601485394796-142x300.jpg 142w\" sizes=\"auto, (max-width: 10px) 100vw, 10px\" \/> Daniel G\u00fcnther (Einzelspiel), Uwe Morawe(Konferenz)<\/p>\n\n\n\n<p><strong><em>FC Kopenhagen \u2014 FC Sevilla (21.00 Uhr)<\/em><\/strong><\/p>\n\n\n\n<p><img loading=\"lazy\" decoding=\"async\" width=\"10\" height=\"21\" class=\"wp-image-3656\" style=\"width: 10px;\" src=\"http:\/\/kommentatorenblog.de\/wp-content\/uploads\/2020\/09\/shure-55sh-ii-e1601485394796.jpg\" alt=\"\" srcset=\"https:\/\/kommentatorenblog.de\/wp-content\/uploads\/2020\/09\/shure-55sh-ii-e1601485394796.jpg 415w, https:\/\/kommentatorenblog.de\/wp-content\/uploads\/2020\/09\/shure-55sh-ii-e1601485394796-142x300.jpg 142w\" sizes=\"auto, (max-width: 10px) 100vw, 10px\" \/> Freddie Schulz (Einzelspiel), Ruben Zimmermann (Konferenz)<\/p>\n\n\n\n<p>Moderation (Konferenz): Tobi Wahnschaffe, Experte Michael Ballack (deutsche Konferenz)<\/p>\n\n\n\n<hr class=\"wp-block-separator\"\/>\n\n\n\n<p><strong>Europa League\/Europa Conference League Gruppenphase, 02. Spieltag (RTL)<\/strong><\/p>\n\n\n\n<p><span style=\"text-decoration: underline;\">Donnerstag, 15. September 2022, ab 17.30 Uhr (RTL+)<\/span><\/p>\n\n\n\n<p><em><strong>Olympiakos Pir\u00e4us <\/strong><\/em><strong><em>\u2013<\/em><\/strong>&nbsp;<strong><em>SC Freiburg(18.45 Uhr)<\/em><\/strong><\/p>\n\n\n\n<p><img loading=\"lazy\" decoding=\"async\" width=\"10\" height=\"21\" class=\"wp-image-3656\" style=\"width: 10px;\" src=\"http:\/\/kommentatorenblog.de\/wp-content\/uploads\/2020\/09\/shure-55sh-ii-e1601485394796.jpg\" alt=\"\" srcset=\"https:\/\/kommentatorenblog.de\/wp-content\/uploads\/2020\/09\/shure-55sh-ii-e1601485394796.jpg 415w, https:\/\/kommentatorenblog.de\/wp-content\/uploads\/2020\/09\/shure-55sh-ii-e1601485394796-142x300.jpg 142w\" sizes=\"auto, (max-width: 10px) 100vw, 10px\" \/> Frederick Schulz (Einzelspiel), Klaus Veltman (Konferenz)<\/p>\n\n\n\n<p><strong><em>FC Sheriff Tiraspol \u2013&nbsp;Manchester United (18.45 Uhr)<\/em><\/strong><\/p>\n\n\n\n<p><img loading=\"lazy\" decoding=\"async\" width=\"10\" height=\"21\" class=\"wp-image-3656\" style=\"width: 10px;\" src=\"http:\/\/kommentatorenblog.de\/wp-content\/uploads\/2020\/09\/shure-55sh-ii-e1601485394796.jpg\" alt=\"\" srcset=\"https:\/\/kommentatorenblog.de\/wp-content\/uploads\/2020\/09\/shure-55sh-ii-e1601485394796.jpg 415w, https:\/\/kommentatorenblog.de\/wp-content\/uploads\/2020\/09\/shure-55sh-ii-e1601485394796-142x300.jpg 142w\" sizes=\"auto, (max-width: 10px) 100vw, 10px\" \/> Oliver Seidler (Einzelspiel), Heiko Wa\u00dfer (Konferenz)<\/p>\n\n\n\n<p><strong><em>Feyenoord Rooterdam <strong><em>\u2013<\/em><\/strong>&nbsp;Sturm Graz (18.45 Uhr)<\/em><\/strong><\/p>\n\n\n\n<p><img loading=\"lazy\" decoding=\"async\" width=\"10\" height=\"21\" class=\"wp-image-3656\" style=\"width: 10px;\" src=\"http:\/\/kommentatorenblog.de\/wp-content\/uploads\/2020\/09\/shure-55sh-ii-e1601485394796.jpg\" alt=\"\" srcset=\"https:\/\/kommentatorenblog.de\/wp-content\/uploads\/2020\/09\/shure-55sh-ii-e1601485394796.jpg 415w, https:\/\/kommentatorenblog.de\/wp-content\/uploads\/2020\/09\/shure-55sh-ii-e1601485394796-142x300.jpg 142w\" sizes=\"auto, (max-width: 10px) 100vw, 10px\" \/> Alexander Klich (Einzelspiel), Timo Latsch (Konferenz)<\/p>\n\n\n\n<p><span style=\"text-decoration: underline;\">ab 20.15 Uhr (RTL) bzw. ab 20.40 Uhr (RTL+)<\/span><\/p>\n\n\n\n<p><strong><em>1.FC K\u00f6ln <strong><em>\u2013<\/em><\/strong>1.FC Slovacko (21.00 Uhr)<\/em><\/strong><\/p>\n\n\n\n<p>RTL: <img loading=\"lazy\" decoding=\"async\" width=\"10\" height=\"21\" class=\"wp-image-3656\" style=\"width: 10px;\" src=\"http:\/\/kommentatorenblog.de\/wp-content\/uploads\/2020\/09\/shure-55sh-ii-e1601485394796.jpg\" alt=\"\" srcset=\"https:\/\/kommentatorenblog.de\/wp-content\/uploads\/2020\/09\/shure-55sh-ii-e1601485394796.jpg 415w, https:\/\/kommentatorenblog.de\/wp-content\/uploads\/2020\/09\/shure-55sh-ii-e1601485394796-142x300.jpg 142w\" sizes=\"auto, (max-width: 10px) 100vw, 10px\" \/> Marco Hagemann, Experte: Steffen Freund, Field-Reporter: ???<\/p>\n\n\n\n<p>RTL+ <img loading=\"lazy\" decoding=\"async\" width=\"10\" height=\"21\" class=\"wp-image-3656\" style=\"width: 10px;\" src=\"http:\/\/kommentatorenblog.de\/wp-content\/uploads\/2020\/09\/shure-55sh-ii-e1601485394796.jpg\" alt=\"\" srcset=\"https:\/\/kommentatorenblog.de\/wp-content\/uploads\/2020\/09\/shure-55sh-ii-e1601485394796.jpg 415w, https:\/\/kommentatorenblog.de\/wp-content\/uploads\/2020\/09\/shure-55sh-ii-e1601485394796-142x300.jpg 142w\" sizes=\"auto, (max-width: 10px) 100vw, 10px\" \/> Robert Hunke (Einzelspiel), Christoph Stadtler (Konferenz)<\/p>\n\n\n\n<p>Moderation (RTL): Laura Papendick, Experte:Lothar Matth\u00e4us<\/p>\n\n\n\n<p><span style=\"text-decoration: underline;\">ab 20.40 Uhr (RTL+)<\/span><\/p>\n\n\n\n<p><strong><em>Sporting Braga \u2013 Union Berlin <\/em><\/strong><strong><em>(21.00 Uhr)<\/em><\/strong><\/p>\n\n\n\n<p><img loading=\"lazy\" decoding=\"async\" width=\"10\" height=\"21\" class=\"wp-image-3656\" style=\"width: 10px;\" src=\"http:\/\/kommentatorenblog.de\/wp-content\/uploads\/2020\/09\/shure-55sh-ii-e1601485394796.jpg\" alt=\"\" srcset=\"https:\/\/kommentatorenblog.de\/wp-content\/uploads\/2020\/09\/shure-55sh-ii-e1601485394796.jpg 415w, https:\/\/kommentatorenblog.de\/wp-content\/uploads\/2020\/09\/shure-55sh-ii-e1601485394796-142x300.jpg 142w\" sizes=\"auto, (max-width: 10px) 100vw, 10px\" \/> Cornelius K\u00fcpper (Einzelspiel), Michael Born (Konferenz)<\/p>\n\n\n\n<p><strong><em><s>FC Arsenal <strong><em>\u2013<\/em><\/strong> PSV Eindhoven (21.00 Uhr)<\/s><\/em><\/strong><\/p>\n\n\n\n<p><img loading=\"lazy\" decoding=\"async\" width=\"10\" height=\"21\" class=\"wp-image-3656\" style=\"width: 10px;\" src=\"http:\/\/kommentatorenblog.de\/wp-content\/uploads\/2020\/09\/shure-55sh-ii-e1601485394796.jpg\" alt=\"\" srcset=\"https:\/\/kommentatorenblog.de\/wp-content\/uploads\/2020\/09\/shure-55sh-ii-e1601485394796.jpg 415w, https:\/\/kommentatorenblog.de\/wp-content\/uploads\/2020\/09\/shure-55sh-ii-e1601485394796-142x300.jpg 142w\" sizes=\"auto, (max-width: 10px) 100vw, 10px\" \/> Julian Engelhard (Einzelspiel), Alexander K\u00fcpper(Konferenz)<\/p>\n\n\n\n<p><strong><em>Stade Rennes \u2013 Fenerbahce Istanbul (21.00 Uhr)<\/em><\/strong><\/p>\n\n\n\n<p><img loading=\"lazy\" decoding=\"async\" width=\"10\" height=\"21\" class=\"wp-image-3656\" style=\"width: 10px;\" src=\"http:\/\/kommentatorenblog.de\/wp-content\/uploads\/2020\/09\/shure-55sh-ii-e1601485394796.jpg\" alt=\"\" srcset=\"https:\/\/kommentatorenblog.de\/wp-content\/uploads\/2020\/09\/shure-55sh-ii-e1601485394796.jpg 415w, https:\/\/kommentatorenblog.de\/wp-content\/uploads\/2020\/09\/shure-55sh-ii-e1601485394796-142x300.jpg 142w\" sizes=\"auto, (max-width: 10px) 100vw, 10px\" \/> Stefan Galler (Einzelspiel), J\u00fcrgen Schmitz (Konferenz)<\/p>\n\n\n\n<p><strong><em>Istanbul Basaksehir \u2013 AC Florenz (21.00 Uhr)<\/em><\/strong><\/p>\n\n\n\n<p><img loading=\"lazy\" decoding=\"async\" width=\"10\" height=\"21\" class=\"wp-image-3656\" style=\"width: 10px;\" src=\"http:\/\/kommentatorenblog.de\/wp-content\/uploads\/2020\/09\/shure-55sh-ii-e1601485394796.jpg\" alt=\"\" srcset=\"https:\/\/kommentatorenblog.de\/wp-content\/uploads\/2020\/09\/shure-55sh-ii-e1601485394796.jpg 415w, https:\/\/kommentatorenblog.de\/wp-content\/uploads\/2020\/09\/shure-55sh-ii-e1601485394796-142x300.jpg 142w\" sizes=\"auto, (max-width: 10px) 100vw, 10px\" \/> Christian Stra\u00dfburger (Konferenz)<\/p>\n\n\n\n<p>Moderation(RTL+): Anna Kraft, Arnd Zeigler und Ansgar Brinkmann<\/p>\n\n\n\n<hr class=\"wp-block-separator\"\/>\n\n\n\n<hr class=\"wp-block-separator\"\/>\n\n\n\n<p><strong>Die Analyse<\/strong><\/p>\n\n\n\n<p><strong>Prime zur\u00fcck um 21.00 Uhr<\/strong><\/p>\n\n\n\n<p>2. Spieltag der CL, Prime hat nat\u00fcrlich wieder das Dienstagsspiel, jetzt am Abend ab 20.00 Die Vorberichterstattung \u00fcbernimmt Sebastian Hellmann. Er meldet sich zusammen mit Josephine Henning, Mario Gomez und Matthias Sammer aus der Allianz Arena.  Schiri-Experte Stark schaltet sich dagegen aus dem K\u00f6lner Studiodazu, sollte es zu strittigen Entscheidungen kommen. Kommentiert wird das Spiel, wie gewohnt von Jonas Friedrich und dem Ex- Schalker Benedikt H\u00f6wedes. Die Highlight-Show (mit wie gesagt nur noch einem Experten) startet dann ab 23Uhr mit Lena Cassel und Patrick Owomoyela. Cassel k\u00f6nnte der ein oder andere noch aus dem &#8222;Mainzer Keller&#8220; kennen.<\/p>\n\n\n\n<p><strong>Zweimal deutsche Konferenz bei DAZN<\/strong><\/p>\n\n\n\n<p>Bei DAZN gibt es ab 21.00 Uhr zwei weitere deutsche Teams im Einsatz &#8211; der Europa League- Sieg der Eintracht machts m\u00f6glich. Dadurch wird es dann neben der &#8222;normalen&#8220;, alle Spiele umfassenden Konferenz auch wieder eine deutsche Konferenz geben. Aber Achtung, die umfasst nur die beiden DAZN- Spiele, nicht aber das Bayern- Spiel. Das ist ein bisschen schade f\u00fcr den Fan &#8211; aber der Rechtelage geschuldet. Beim Eintracht- Spiel ist das DAZN- Team vor Ort, hier kommentiert Marco Hagemann zusammen mit Sebastian Knei\u00dfl. F\u00fcr die Interviews ist Max Siebald zust\u00e4ndig. Beim Spiel<s> von Leverkusen k\u00f6nnen wir es aktuell nicht sicher sagen, w\u00fcrden es aber nachliefern.<\/s> von Leverkusen meldet sich Kommentator Michael Born zusammen mit Experte Benny Lauth aus der Bayer- Arena. Einen Field-Reporter scheint es jedoch nicht zu geben.<\/p>\n\n\n\n<p>Mittwochs gibt es erneut zwei deutsche Spiele am sp\u00e4ten Abend und damit gibt es neben der &#8222;normalen&#8220; Konferenz auch eine Konferenz der beiden deutschen Partien. Letztere wird von Lukas Sch\u00f6nm\u00fcller (BVB) und Max Siebald (RB) \u00fcbernommen, ebenso ist Michael Ballack bei der Konferenz im Einsatz. Die Einzelspiele der deutschen Teams kommen auch diesmal aus dem Stadion. Zur Partie des BVBs in Manchester schickt man dabei in Alex Schl\u00fcter den einzigen Einzelspiel- Moderator. Mit ihm auf die Reise gehen Jan Platte und Experte Sami Khedira. Die Partie von Leipzig bei den K\u00f6niglichen \u00fcbernimmt Uli Hebel, an seiner Seite Jonas Hummels als Experte. Auf Stimmenfang in Madrid geht Andres Veredas.<\/p>\n\n\n\n<p><strong>RTL sendet aus der Heimat<\/strong><\/p>\n\n\n\n<p>Am Donnerstag steht dann wieder Europa und Conference League an. Der Sender hat sich diesmal f\u00fcr seine Heimatstadt entschieden und zeigt das Spiel des Effzehs. Das RTL- Team hat nahezu keine \u00dcberraschungen. Einzige Ausnahme: Das Experten-Team besteht diesmal nur aus Lothar Matth\u00e4us. Bei RTL+ \u00fcbernimmt, wenn ich mich nicht t\u00e4usche, wie letzte Woche, Robby Hunke die K\u00f6lner. Die Partie der Freiburger und der Unioner gibts nur bei RTL+ zu sehen. Einzelspiel- Kommentatoren sind dabei Freddie Schulz (SCF) und Cornelius K\u00fcpper (Union), in der Konferenz \u00fcbernehmen Klaus Veltman, Christoph Stadtler und Michael Born die deutschen Partien. F\u00fcr Born ist es der dritte Einsatz in drei Tagen.<\/p>\n\n\n\n<p>Das wars f\u00fcr heute, habt viel Spa\u00df mit dem zweiten Europapokalspieltag und schmettert eure Meinung zu den Ansetzungen gerne in die Kommentare!<\/p>\n\n\n\n<p>Am Donnerstag gibts dann den n\u00e4chsten Beitrag, u.a. zum Saisonstart der Bundesliga der Frauen und vielem mehr.<\/p>\n\n\n\n<p><\/p>\n","protected":false},"excerpt":{"rendered":"<p>Hallo zusammen, aus Zeitgr\u00fcnden gibt es den heutigen Beitrag in k\u00fcrzere Form. Trotzdem haben wir jede Menge Fu\u00dfball im Angebot, denn es sind ja acht deutsche Teams im Europa- Einsatz. Drei am Dienstag, zwei am Mittwoch und nochmal drei am Donnerstag. Die Aufteilung ist dabei unver\u00e4ndert: Dienstag 1x Prime, 2 x DAZN, Mittwoch 2 x [&hellip;]<\/p>\n","protected":false},"author":10,"featured_media":0,"comment_status":"open","ping_status":"open","sticky":false,"template":"","format":"standard","meta":{"footnotes":""},"categories":[425],"tags":[],"class_list":["post-13772","post","type-post","status-publish","format-standard","hentry","category-champions-league-und-co"],"_links":{"self":[{"href":"https:\/\/kommentatorenblog.de\/index.php?rest_route=\/wp\/v2\/posts\/13772","targetHints":{"allow":["GET"]}}],"collection":[{"href":"https:\/\/kommentatorenblog.de\/index.php?rest_route=\/wp\/v2\/posts"}],"about":[{"href":"https:\/\/kommentatorenblog.de\/index.php?rest_route=\/wp\/v2\/types\/post"}],"author":[{"embeddable":true,"href":"https:\/\/kommentatorenblog.de\/index.php?rest_route=\/wp\/v2\/users\/10"}],"replies":[{"embeddable":true,"href":"https:\/\/kommentatorenblog.de\/index.php?rest_route=%2Fwp%2Fv2%2Fcomments&post=13772"}],"version-history":[{"count":24,"href":"https:\/\/kommentatorenblog.de\/index.php?rest_route=\/wp\/v2\/posts\/13772\/revisions"}],"predecessor-version":[{"id":13800,"href":"https:\/\/kommentatorenblog.de\/index.php?rest_route=\/wp\/v2\/posts\/13772\/revisions\/13800"}],"wp:attachment":[{"href":"https:\/\/kommentatorenblog.de\/index.php?rest_route=%2Fwp%2Fv2%2Fmedia&parent=13772"}],"wp:term":[{"taxonomy":"category","embeddable":true,"href":"https:\/\/kommentatorenblog.de\/index.php?rest_route=%2Fwp%2Fv2%2Fcategories&post=13772"},{"taxonomy":"post_tag","embeddable":true,"href":"https:\/\/kommentatorenblog.de\/index.php?rest_route=%2Fwp%2Fv2%2Ftags&post=13772"}],"curies":[{"name":"wp","href":"https:\/\/api.w.org\/{rel}","templated":true}]}}