{"id":13835,"date":"2022-09-29T18:14:20","date_gmt":"2022-09-29T16:14:20","guid":{"rendered":"http:\/\/kommentatorenblog.de\/?p=13835"},"modified":"2022-10-01T17:09:44","modified_gmt":"2022-10-01T15:09:44","slug":"1285-der-doppelte-schweinsteiger","status":"publish","type":"post","link":"https:\/\/kommentatorenblog.de\/?p=13835","title":{"rendered":"1285 &#8211; Der doppelte Schweinsteiger"},"content":{"rendered":"\n<p>Hallo zusammen, <\/p>\n\n\n\n<p>im letzten Beitrag hat sich Hannes bereits der Winter-WM 2022 , der Situation und den Problemen vor Ort angenommen. Dabei kam auch die Frage auf, inwieweit dies bei der Berichterstattung  Rolle sein wird. Denn der Spagat dazwischen und dem Sport wird nicht so einfach, aber notwendig, sein. Bei der ARD ist schon bekannt, dass es eine Art Talk- Format, \u00e4hnlich dem Sportschau Thema, geben wird, welches am Abend nach den Spielen gezeigt wird. <\/p>\n\n\n\n<p>Beim ZDF ist aktuell von einem solchen Format noch nichst bekannt, daf\u00fcr aber wird es Ende September bei ZDFinfo eine Doku zu den Hintergr\u00fcnden des Gastgeberlandes geben und Ende Oktober wird es im Anschluss an die Wintersport- \u00dcbertragungen Magazine zur WM geben, ebenso bereiste Jochen Breyer f\u00fcr einen Dokudreh die Austragungsorte im Sommer. Es d\u00fcrfte also bei beiden \u00f6ffentlich- rechtlichen Sendern, \u00e4hnlich wie bei den olympischen Spielen dieses Jahr, immer wieder Berichte au\u00dferhalb des Sports geben. Auch Magenta hat bereits eine Doku \u00fcber das Gastgeberland der Winter- WM angek\u00fcndigt. Genaueres d\u00fcrfte dann in den n\u00e4chsten Wochen bekannt werden.<\/p>\n\n\n\n<p><strong>Das Personal<\/strong><\/p>\n\n\n\n<p><strong>ARD<\/strong><\/p>\n\n\n\n<p><em>Moderation: <\/em>Esther Sedlaczek (Stadion), Alexander Bommes, Julia Scharf (beide Studio), Jessy Wellmer (Talk)<\/p>\n\n\n\n<p><em>Experte<\/em>: Bastian Schweinsteiger, Thomas Broich, Sami Khedira, Thomas Hitzlsperger, Almuth Schult<em> <\/em><\/p>\n\n\n\n<p><em>Kommentar: <\/em>Tom Bartels, Gerd Gottlob, Christina Graf, Florian Na\u00df<\/p>\n\n\n\n<p><em>DFB- Quartier:<\/em> Lea Wagner<\/p>\n\n\n\n<p><strong>ZDF<\/strong><\/p>\n\n\n\n<p><em>Moderation: <\/em>Jochen Breyer, Kathrin M\u00fcller- Hohenstein, <em>Experte:<\/em> Per Mertesacker<\/p>\n\n\n\n<p><em>Kommentar:<\/em> Claudia Neumann, Bela Rethy, Oliver Schmidt, Martin Schneider<\/p>\n\n\n\n<p><em>DFB- Quartier: <\/em>Sven Voss<\/p>\n\n\n\n<p><strong>Magenta Sport<\/strong><\/p>\n\n\n\n<p><em>Moderation: <\/em>Johannes B. Kerner,<em> <\/em>Sascha Bandermann, Anett Sattler, Anna Kraft, Jan Henkel (Taktik), Paul Fischer (Social-Media)<\/p>\n\n\n\n<p><em>Experte:<\/em> Michael Ballack, Tabea Kemme, Fredi Bobic, Javi Martinez, Lars Stindl, Martin Demicheles, Schiri- Experte: Patrick Ittrich<\/p>\n\n\n\n<p><em>Kommentar:<\/em> Wolff Fuss, Marco Hagemann, Jan Platte, Jonas Friedrich, Markus H\u00f6hner, Christian Stra\u00dfburger, Alexander Klich, Christina Rann<\/p>\n\n\n\n<p>Taktik-Team: Benni Zander (Kommentator Taktik-Feed), Tobias Schweinsteiger und Manuel Baum (Taktik-Experten)<\/p>\n\n\n\n<p><em>DFB- Quartier: <\/em>Thomas Wagner,<em> Field- Reporterin<\/em>: Anna Sara Lange<\/p>\n\n\n\n<p><strong>Scharf, Graf und Khedira neu im Ersten<\/strong><\/p>\n\n\n\n<p>Das bereits erw\u00e4hnte &#8222;WM-Sportschau- Thema&#8220; im Ersten wird von Jessy Wellmer moderiert, die ja auch die Moderatorin von den &#8222;normalen&#8220; Sportschau-Thema- Sendungen ist. Nachdem sie bei der Euro 2020 also noch aus dem Stadion berichtet hat, geht es f\u00fcr sie diesmal ins Studio. F\u00fcr sie wird sich dann Esther Sedlaczek aus dem Stadion melden, zusammen mit dem ARD- Experten Bastian Schweinsteiger. Die restlichen Spiele, bis zu vier pro Tag k\u00f6nnen es sein, werden aus dem Studio in Mainz moderiert. Hier \u00fcbernehmen Alexander Bommes und, neu, Julia Scharf, welche meist die Fr\u00fchschicht \u00fcbernimmt. Daneben sind auch schon die weiteren Experten und Expertin fix. So kommt Thomas Broich wieder zum Einsatz. Dazu gibt es wieder eine Talk- Runde mit Bommes, zu der neben Almuth Schult auch Thomas Hitzlsperger, bei seinem ARD- Comeback, und, wie schon lange gemunkelt wurde, Sami Khedira geh\u00f6ren wird.<\/p>\n\n\n\n<p><strong>Wenig Ver\u00e4nderung im Zweiten<\/strong><\/p>\n\n\n\n<p>Beim ZDF scheint es beim Kommentar und der Moderation keine Ver\u00e4nderung im Vergleich zur Euro 2020 zu geben. Als Moderator bzw. Moderation sind Breyer und M\u00fcller- Hohenstein best\u00e4tigt, sie werden aus Mainz durch die Sendung f\u00fchren, mit dabei als Experte Per Mertesacker und wohl auch wieder auch Christoph Kramer. F\u00fcr das DFB- Quartier ist Sven Voss eingeplant.<\/p>\n\n\n\n<p><strong>Viel bekanntes bei Magenta<\/strong><\/p>\n\n\n\n<p>Nun zum letzten \u00fcbertragenden Sender, Magenta Sport, die j\u00fcngst ihr Team vorstellten. Dabei waren viele bekannte Gesichter der letzten Euro. Hauptmoderator wird dabei auch wieder Johannes B. Kerner sein, ebenso f\u00fcr die die Moderation der Live- Spiele sind Anett Sattler und Sascha Bandermann im Einsatz. Als Kommentator kommt, wie schon l\u00e4nger bekannt Wolff Fuss zum Einsatz, der bei Magenta die Topspiele \u00fcbernehmen wird und dabei auch vor Ort ist. Mit Platte, Zander, Stra\u00dfburger, Hagemann und H\u00f6hner ist weiteres Personal der Euro im Einsatz. Zus\u00e4tzlich werden auch Jonas Friedrich und Christina Rann Spiele kommentieren. F\u00fcr Rann, die beim Sky- Kommentatorinnen- Casting 2012 in die Top 3 kam, d\u00fcrfte es (wenn wir uns nicht t\u00e4uschen) ihr Kommentatorinnen- Deb\u00fct sein. Abgerundet wird das Team von einigen Experten und einer Expertin (Tabea Kemme), von denen u.a. bereits Michael Ballack und Fredi Bobic letztes Jahr dabei waren. Mit Javi Martinez st\u00f6\u00dft zudem ein Experte dazu, der aktuell in der Liga des WM- Gastgebers spielt und von vor Ort Eindr\u00fccke geben wird. Neben den Live-\u00dcbertragungen bietet Magenta Sport zudem noch einiges mehr um die WM rum an, sei es die Taktik- Analyse mit Jan Henkel und u.a. Tobias Schweinsteiger, der also wie Bruder Bastian bei dieser WM Experte sein wird, oder eine WM Lounge mit Anna Kraft.<\/p>\n\n\n\n<h5 class=\"wp-block-heading\"><strong>Die Ansetzungen vom 30. September 2022 bis 03 Oktober 2022<\/strong><\/h5>\n\n\n\n<hr class=\"wp-block-separator is-style-default\"\/>\n\n\n\n<p><strong>Bundesliga, 8. Spieltag(DAZN\/Sky)<\/strong><\/p>\n\n\n\n<p><u>Freitag, 30. September 2022, <\/u><span style=\"text-decoration: underline;\"><span style=\"text-decoration: underline;\">ab 19.45 Uhr (DAZN)<\/span><\/span><\/p>\n\n\n\n<p><strong style=\"font-style: italic;\">FC Bayern M\u00fcnchen <strong><em><span><b style=\"font-style: italic;\">\u2013<\/b><\/span><\/em><\/strong><\/strong> <em><strong>Bayer 04 Leverkusen (20.30 Uhr)<\/strong><\/em> <\/p>\n\n\n\n<p><img loading=\"lazy\" decoding=\"async\" width=\"10\" height=\"21\" class=\"wp-image-3656\" style=\"width: 10px;\" src=\"http:\/\/kommentatorenblog.de\/wp-content\/uploads\/2020\/09\/shure-55sh-ii-e1601485394796.jpg\" alt=\"\" srcset=\"https:\/\/kommentatorenblog.de\/wp-content\/uploads\/2020\/09\/shure-55sh-ii-e1601485394796.jpg 415w, https:\/\/kommentatorenblog.de\/wp-content\/uploads\/2020\/09\/shure-55sh-ii-e1601485394796-142x300.jpg 142w\" sizes=\"auto, (max-width: 10px) 100vw, 10px\" \/> Marco Hagemann, Experte: Sebastian Knei\u00dfl<\/p>\n\n\n\n<p>Moderation: Alex Schl\u00fcter, Field- Reporter: Daniel Herzog<\/p>\n\n\n\n<p><u>Samstag, 01.Oktober 2022, <\/u><span style=\"text-decoration: underline;\"><span style=\"text-decoration: underline;\">ab 14.00 Uhr (Sky)<\/span><\/span><\/p>\n\n\n\n<p><em><strong style=\"font-style: italic;\">SC Freiburg <strong style=\"font-style: italic;\"><strong><em><span><b style=\"font-style: italic;\">\u2013<\/b><\/span><\/em><\/strong><\/strong> FSV Mainz 05<\/strong><strong> (15.30 Uhr)<\/strong><\/em> <\/p>\n\n\n\n<p><img loading=\"lazy\" decoding=\"async\" width=\"10\" height=\"21\" class=\"wp-image-3656\" style=\"width: 10px;\" src=\"http:\/\/kommentatorenblog.de\/wp-content\/uploads\/2020\/09\/shure-55sh-ii-e1601485394796.jpg\" alt=\"\" srcset=\"https:\/\/kommentatorenblog.de\/wp-content\/uploads\/2020\/09\/shure-55sh-ii-e1601485394796.jpg 415w, https:\/\/kommentatorenblog.de\/wp-content\/uploads\/2020\/09\/shure-55sh-ii-e1601485394796-142x300.jpg 142w\" sizes=\"auto, (max-width: 10px) 100vw, 10px\" \/> Hansi K\u00fcpper(Einzelspiel), Jonas Friedrich (Konferenz)<\/p>\n\n\n\n<p>Field-Reporter: Torben Hoffmann<\/p>\n\n\n\n<p><em><strong style=\"font-style: italic;\">1.FC K\u00f6ln <strong style=\"font-style: italic;\"><strong><em><span><b style=\"font-style: italic;\">\u2013<\/b><\/span><\/em><\/strong><\/strong> Borussia Dortmund<\/strong><strong> (15.30 Uhr)<\/strong> <\/em><\/p>\n\n\n\n<p><img loading=\"lazy\" decoding=\"async\" width=\"10\" height=\"21\" class=\"wp-image-3656\" style=\"width: 10px;\" src=\"http:\/\/kommentatorenblog.de\/wp-content\/uploads\/2020\/09\/shure-55sh-ii-e1601485394796.jpg\" alt=\"\" srcset=\"https:\/\/kommentatorenblog.de\/wp-content\/uploads\/2020\/09\/shure-55sh-ii-e1601485394796.jpg 415w, https:\/\/kommentatorenblog.de\/wp-content\/uploads\/2020\/09\/shure-55sh-ii-e1601485394796-142x300.jpg 142w\" sizes=\"auto, (max-width: 10px) 100vw, 10px\" \/> Marcus Lindemann (Einzelspiel), Kai Dittmann (Konferenz)<\/p>\n\n\n\n<p>Field-Reporter: Martin Gro\u00df<\/p>\n\n\n\n<p><em><strong style=\"font-style: italic;\">VfL Wolfsburg <strong style=\"font-style: italic;\"><strong><em><span><b style=\"font-style: italic;\">\u2013<\/b><\/span><\/em><\/strong><\/strong> <em><strong style=\"font-style: italic;\">VfB Stuttgart<\/strong><\/em><\/strong><strong> (15.30 Uhr)<\/strong> <\/em><\/p>\n\n\n\n<p><img loading=\"lazy\" decoding=\"async\" width=\"10\" height=\"21\" class=\"wp-image-3656\" style=\"width: 10px;\" src=\"http:\/\/kommentatorenblog.de\/wp-content\/uploads\/2020\/09\/shure-55sh-ii-e1601485394796.jpg\" alt=\"\" srcset=\"https:\/\/kommentatorenblog.de\/wp-content\/uploads\/2020\/09\/shure-55sh-ii-e1601485394796.jpg 415w, https:\/\/kommentatorenblog.de\/wp-content\/uploads\/2020\/09\/shure-55sh-ii-e1601485394796-142x300.jpg 142w\" sizes=\"auto, (max-width: 10px) 100vw, 10px\" \/> Marcel Meinert (Einzelspiel), Oliver Seidler (Konferenz)<\/p>\n\n\n\n<p>Field-Reporter: Ulli Potofski<\/p>\n\n\n\n<p><strong><em>Eintracht Frankfurt <strong style=\"font-style: italic;\"><strong><em><span><b style=\"font-style: italic;\">\u2013<\/b><\/span><\/em><\/strong><\/strong> Union Berlin<\/em><\/strong><em><strong> (15.30 Uhr)<\/strong><\/em> <\/p>\n\n\n\n<p><img loading=\"lazy\" decoding=\"async\" width=\"10\" height=\"21\" class=\"wp-image-3656\" style=\"width: 10px;\" src=\"http:\/\/kommentatorenblog.de\/wp-content\/uploads\/2020\/09\/shure-55sh-ii-e1601485394796.jpg\" alt=\"\" srcset=\"https:\/\/kommentatorenblog.de\/wp-content\/uploads\/2020\/09\/shure-55sh-ii-e1601485394796.jpg 415w, https:\/\/kommentatorenblog.de\/wp-content\/uploads\/2020\/09\/shure-55sh-ii-e1601485394796-142x300.jpg 142w\" sizes=\"auto, (max-width: 10px) 100vw, 10px\" \/> Klaus Veltman (Einzelspiel), Frank Buschmann (Konferenz)<\/p>\n\n\n\n<p>Field-Reporter: Patrick Wasserziehr<\/p>\n\n\n\n<p><strong style=\"font-style: italic;\">RB Leipzig <strong><em><span><b style=\"font-style: italic;\">\u2013<\/b><\/span><\/em><\/strong><\/strong> <em><strong>VfL Bochum (15.30 Uhr)<\/strong><\/em> <\/p>\n\n\n\n<p><img loading=\"lazy\" decoding=\"async\" width=\"10\" height=\"21\" class=\"wp-image-3656\" style=\"width: 10px;\" src=\"http:\/\/kommentatorenblog.de\/wp-content\/uploads\/2020\/09\/shure-55sh-ii-e1601485394796.jpg\" alt=\"\" srcset=\"https:\/\/kommentatorenblog.de\/wp-content\/uploads\/2020\/09\/shure-55sh-ii-e1601485394796.jpg 415w, https:\/\/kommentatorenblog.de\/wp-content\/uploads\/2020\/09\/shure-55sh-ii-e1601485394796-142x300.jpg 142w\" sizes=\"auto, (max-width: 10px) 100vw, 10px\" \/> Torsten Kunde (Einzelspiel) Florian Schmidt- Sommerfeld (Konferenz)<\/p>\n\n\n\n<p>Field-Reporter: Yannick Erkenbrecher<\/p>\n\n\n\n<p>Moderation: Britta Hofmann, Experten: Dietmar Hamann und Erik Meijer<\/p>\n\n\n\n<p><span style=\"text-decoration: underline;\"><span style=\"text-decoration: underline;\">ab 17.30 Uhr (Sky)<\/span><\/span><\/p>\n\n\n\n<p><strong><em>SV Werder Bremen<\/em> <strong><em><span><b style=\"font-style: italic;\">\u2013<\/b><\/span><\/em><\/strong><\/strong> <em><strong><strong><em>Borussia M\u00f6nchengladbach<\/em><\/strong> (18.30 Uhr)<\/strong><\/em> <\/p>\n\n\n\n<p><img loading=\"lazy\" decoding=\"async\" width=\"10\" height=\"21\" class=\"wp-image-3656\" style=\"width: 10px;\" src=\"http:\/\/kommentatorenblog.de\/wp-content\/uploads\/2020\/09\/shure-55sh-ii-e1601485394796.jpg\" alt=\"\" srcset=\"https:\/\/kommentatorenblog.de\/wp-content\/uploads\/2020\/09\/shure-55sh-ii-e1601485394796.jpg 415w, https:\/\/kommentatorenblog.de\/wp-content\/uploads\/2020\/09\/shure-55sh-ii-e1601485394796-142x300.jpg 142w\" sizes=\"auto, (max-width: 10px) 100vw, 10px\" \/> Wolff Fuss<\/p>\n\n\n\n<p>Field-Reporter: Michael Leopold<\/p>\n\n\n\n<p>Moderation: Sebastian Hellmann, Expertin und Experte: Tabea Kemme und Lothar Matth\u00e4us<\/p>\n\n\n\n<p><u>Sonntag,02.Oktober 2022, <\/u><span style=\"text-decoration: underline;\"><span style=\"text-decoration: underline;\">ab 14.45 Uhr (DAZN)<\/span><\/span><\/p>\n\n\n\n<p><strong style=\"font-style: italic;\">Hertha BSC Berlin <strong><em><span><b style=\"font-style: italic;\">\u2013<\/b><\/span><\/em><\/strong><\/strong> <em><strong>TSG 1899 Hoffenheim (15.30 Uhr)<\/strong><\/em> <\/p>\n\n\n\n<p><img loading=\"lazy\" decoding=\"async\" width=\"10\" height=\"21\" class=\"wp-image-3656\" style=\"width: 10px;\" src=\"http:\/\/kommentatorenblog.de\/wp-content\/uploads\/2020\/09\/shure-55sh-ii-e1601485394796.jpg\" alt=\"\" srcset=\"https:\/\/kommentatorenblog.de\/wp-content\/uploads\/2020\/09\/shure-55sh-ii-e1601485394796.jpg 415w, https:\/\/kommentatorenblog.de\/wp-content\/uploads\/2020\/09\/shure-55sh-ii-e1601485394796-142x300.jpg 142w\" sizes=\"auto, (max-width: 10px) 100vw, 10px\" \/> Mario Rieker, Experte: Benny Lauth<\/p>\n\n\n\n<p>Moderation: Tobi Wahnschaffe<\/p>\n\n\n\n<p><span style=\"text-decoration: underline;\"><span style=\"text-decoration: underline;\">ab 16.45 Uhr (DAZN)<\/span><\/span><\/p>\n\n\n\n<p><strong style=\"font-style: italic;\"><em>FC Schalke<\/em> <strong><em><span><b style=\"font-style: italic;\">\u2013<\/b><\/span><\/em><\/strong><\/strong> <em><strong>FC Augsburg (17.30 Uhr)<\/strong><\/em> <\/p>\n\n\n\n<p><img loading=\"lazy\" decoding=\"async\" width=\"10\" height=\"21\" class=\"wp-image-3656\" style=\"width: 10px;\" src=\"http:\/\/kommentatorenblog.de\/wp-content\/uploads\/2020\/09\/shure-55sh-ii-e1601485394796.jpg\" alt=\"\" srcset=\"https:\/\/kommentatorenblog.de\/wp-content\/uploads\/2020\/09\/shure-55sh-ii-e1601485394796.jpg 415w, https:\/\/kommentatorenblog.de\/wp-content\/uploads\/2020\/09\/shure-55sh-ii-e1601485394796-142x300.jpg 142w\" sizes=\"auto, (max-width: 10px) 100vw, 10px\" \/> Freddy Harder, Experte: Seb Knei\u00dfl<\/p>\n\n\n\n<p>Moderation: Daniel Herzog Field-Reportin: Ann-Sophie Kimmel<\/p>\n\n\n\n<p><strong>2. Bundesliga, 8. Spieltag (Sky\/Sport1)<\/strong><\/p>\n\n\n\n<p><u>Freitag, 30. September 2022, <\/u><span style=\"text-decoration: underline;\"><span style=\"text-decoration: underline;\">ab 18.00 Uhr (Sky)<\/span><\/span><\/p>\n\n\n\n<p><strong><em>Konferenz: <\/em><\/strong><img loading=\"lazy\" decoding=\"async\" width=\"10\" height=\"21\" class=\"wp-image-3656\" style=\"width: 10px;\" src=\"http:\/\/kommentatorenblog.de\/wp-content\/uploads\/2020\/09\/shure-55sh-ii-e1601485394796.jpg\" alt=\"\" srcset=\"https:\/\/kommentatorenblog.de\/wp-content\/uploads\/2020\/09\/shure-55sh-ii-e1601485394796.jpg 415w, https:\/\/kommentatorenblog.de\/wp-content\/uploads\/2020\/09\/shure-55sh-ii-e1601485394796-142x300.jpg 142w\" sizes=\"auto, (max-width: 10px) 100vw, 10px\" \/> ??? (Fokus auf tba)<\/p>\n\n\n\n<p><strong style=\"font-style: italic;\">Hannover 96 <strong><em><span><b style=\"font-style: italic;\">\u2013<\/b><\/span><\/em><\/strong><\/strong> <em><strong>Hamburger SV (18.30 Uhr)<\/strong><\/em> <br><img loading=\"lazy\" decoding=\"async\" width=\"10\" height=\"21\" class=\"wp-image-3656\" style=\"width: 10px;\" src=\"http:\/\/kommentatorenblog.de\/wp-content\/uploads\/2020\/09\/shure-55sh-ii-e1601485394796.jpg\" alt=\"\" srcset=\"https:\/\/kommentatorenblog.de\/wp-content\/uploads\/2020\/09\/shure-55sh-ii-e1601485394796.jpg 415w, https:\/\/kommentatorenblog.de\/wp-content\/uploads\/2020\/09\/shure-55sh-ii-e1601485394796-142x300.jpg 142w\" sizes=\"auto, (max-width: 10px) 100vw, 10px\" \/> Martin Gro\u00df <br>Field-Reporter: Sven T\u00f6llner<\/p>\n\n\n\n<p><em><strong>SC Paderborn<\/strong><\/em><strong style=\"font-style: italic;\"> <strong><em><span><b style=\"font-style: italic;\">\u2013<\/b><\/span><\/em><\/strong><\/strong> <em><strong>SV Darmstadt 98(18.30 Uhr)<\/strong><\/em> <br><img loading=\"lazy\" decoding=\"async\" width=\"10\" height=\"21\" class=\"wp-image-3656\" style=\"width: 10px;\" src=\"http:\/\/kommentatorenblog.de\/wp-content\/uploads\/2020\/09\/shure-55sh-ii-e1601485394796.jpg\" alt=\"\" srcset=\"https:\/\/kommentatorenblog.de\/wp-content\/uploads\/2020\/09\/shure-55sh-ii-e1601485394796.jpg 415w, https:\/\/kommentatorenblog.de\/wp-content\/uploads\/2020\/09\/shure-55sh-ii-e1601485394796-142x300.jpg 142w\" sizes=\"auto, (max-width: 10px) 100vw, 10px\" \/> Christian Stra\u00dfburger<br>Interviews: Schalte<\/p>\n\n\n\n<p>Moderation: Hartmut von Kameke<\/p>\n\n\n\n<p><u>Samstag, 01.Oktober 2022, <\/u><span style=\"text-decoration: underline;\"><span style=\"text-decoration: underline;\">ab 12.30 Uhr (Sky)<\/span><\/span><\/p>\n\n\n\n<p><strong><em>Konferenz: <\/em><\/strong><img loading=\"lazy\" decoding=\"async\" width=\"10\" height=\"21\" class=\"wp-image-3656\" style=\"width: 10px;\" src=\"http:\/\/kommentatorenblog.de\/wp-content\/uploads\/2020\/09\/shure-55sh-ii-e1601485394796.jpg\" alt=\"\" srcset=\"https:\/\/kommentatorenblog.de\/wp-content\/uploads\/2020\/09\/shure-55sh-ii-e1601485394796.jpg 415w, https:\/\/kommentatorenblog.de\/wp-content\/uploads\/2020\/09\/shure-55sh-ii-e1601485394796-142x300.jpg 142w\" sizes=\"auto, (max-width: 10px) 100vw, 10px\" \/>  (Fokus auf tba)<\/p>\n\n\n\n<p><strong style=\"font-style: italic;\">Fortuna D\u00fcsseldorf <strong><em><span><b style=\"font-style: italic;\">\u2013<\/b><\/span><\/em><\/strong><\/strong> <em><strong>Armina Bielefeld (13.00 Uhr)<\/strong><\/em> <br><img loading=\"lazy\" decoding=\"async\" width=\"10\" height=\"21\" class=\"wp-image-3656\" style=\"width: 10px;\" src=\"http:\/\/kommentatorenblog.de\/wp-content\/uploads\/2020\/09\/shure-55sh-ii-e1601485394796.jpg\" alt=\"\" srcset=\"https:\/\/kommentatorenblog.de\/wp-content\/uploads\/2020\/09\/shure-55sh-ii-e1601485394796.jpg 415w, https:\/\/kommentatorenblog.de\/wp-content\/uploads\/2020\/09\/shure-55sh-ii-e1601485394796-142x300.jpg 142w\" sizes=\"auto, (max-width: 10px) 100vw, 10px\" \/> Roland Evers<br>Interviews: Dirk gro\u00dfe Schlarmann<\/p>\n\n\n\n<p><strong style=\"font-style: italic;\">Holstein Kiel <strong><em><span><b style=\"font-style: italic;\">\u2013<\/b><\/span><\/em><\/strong><\/strong> <em><strong>Hansa Rostock (13.00 Uhr)<\/strong><\/em> <br><img loading=\"lazy\" decoding=\"async\" width=\"10\" height=\"21\" class=\"wp-image-3656\" style=\"width: 10px;\" src=\"http:\/\/kommentatorenblog.de\/wp-content\/uploads\/2020\/09\/shure-55sh-ii-e1601485394796.jpg\" alt=\"\" srcset=\"https:\/\/kommentatorenblog.de\/wp-content\/uploads\/2020\/09\/shure-55sh-ii-e1601485394796.jpg 415w, https:\/\/kommentatorenblog.de\/wp-content\/uploads\/2020\/09\/shure-55sh-ii-e1601485394796-142x300.jpg 142w\" sizes=\"auto, (max-width: 10px) 100vw, 10px\" \/> Sven Schr\u00f6ter<br>Interviews: Schalte<\/p>\n\n\n\n<p><strong style=\"font-style: italic;\">SpVgg Greuther F\u00fcrth <strong><em><span><b style=\"font-style: italic;\">\u2013<\/b><\/span><\/em><\/strong><\/strong> <em><strong>SV Sandhausen (13.00 Uhr)<\/strong><\/em> <br><img loading=\"lazy\" decoding=\"async\" width=\"10\" height=\"21\" class=\"wp-image-3656\" style=\"width: 10px;\" src=\"http:\/\/kommentatorenblog.de\/wp-content\/uploads\/2020\/09\/shure-55sh-ii-e1601485394796.jpg\" alt=\"\" srcset=\"https:\/\/kommentatorenblog.de\/wp-content\/uploads\/2020\/09\/shure-55sh-ii-e1601485394796.jpg 415w, https:\/\/kommentatorenblog.de\/wp-content\/uploads\/2020\/09\/shure-55sh-ii-e1601485394796-142x300.jpg 142w\" sizes=\"auto, (max-width: 10px) 100vw, 10px\" \/> Markus Gaupp<\/p>\n\n\n\n<p>Interviews: Schalte<\/p>\n\n\n\n<p>Moderation: Katharina Kleinfeldt<\/p>\n\n\n\n<p><span style=\"text-decoration: underline;\"><span style=\"text-decoration: underline;\">ab 19.30 Uhr (Sport1) bzw. ab 20.00 Uhr (Sky)<\/span><\/span><\/p>\n\n\n\n<p><strong style=\"font-style: italic;\">FC St Pauli <strong><em><span><b style=\"font-style: italic;\">\u2013<\/b><\/span><\/em><\/strong><\/strong> <em><strong>1.FC Heidenheim (20.30 Uhr)<\/strong><\/em> <\/p>\n\n\n\n<p>Sport1: <img loading=\"lazy\" decoding=\"async\" width=\"10\" height=\"21\" class=\"wp-image-3656\" style=\"width: 10px;\" src=\"http:\/\/kommentatorenblog.de\/wp-content\/uploads\/2020\/09\/shure-55sh-ii-e1601485394796.jpg\" alt=\"\" srcset=\"https:\/\/kommentatorenblog.de\/wp-content\/uploads\/2020\/09\/shure-55sh-ii-e1601485394796.jpg 415w, https:\/\/kommentatorenblog.de\/wp-content\/uploads\/2020\/09\/shure-55sh-ii-e1601485394796-142x300.jpg 142w\" sizes=\"auto, (max-width: 10px) 100vw, 10px\" \/> Markus H\u00f6hner, Experte: Norbert Meier<br>Moderation (Sport1): Ruth Hofmann, Field-Reporter: Oliver M\u00fcller<\/p>\n\n\n\n<p>Sky: <img loading=\"lazy\" decoding=\"async\" width=\"10\" height=\"21\" class=\"wp-image-3656\" style=\"width: 10px;\" src=\"http:\/\/kommentatorenblog.de\/wp-content\/uploads\/2020\/09\/shure-55sh-ii-e1601485394796.jpg\" alt=\"\" srcset=\"https:\/\/kommentatorenblog.de\/wp-content\/uploads\/2020\/09\/shure-55sh-ii-e1601485394796.jpg 415w, https:\/\/kommentatorenblog.de\/wp-content\/uploads\/2020\/09\/shure-55sh-ii-e1601485394796-142x300.jpg 142w\" sizes=\"auto, (max-width: 10px) 100vw, 10px\" \/> Stefan Hempel, Experte: Torsten Mattuschka<\/p>\n\n\n\n<p><u>Sonntag, 02. Oktober 2022, <\/u><span style=\"text-decoration: underline;\"><span style=\"text-decoration: underline;\">ab 13.00 Uhr (Sky)<\/span><\/span><\/p>\n\n\n\n<p><strong><em>Konferenz: <\/em><\/strong><img loading=\"lazy\" decoding=\"async\" width=\"10\" height=\"21\" class=\"wp-image-3656\" style=\"width: 10px;\" src=\"http:\/\/kommentatorenblog.de\/wp-content\/uploads\/2020\/09\/shure-55sh-ii-e1601485394796.jpg\" alt=\"\" srcset=\"https:\/\/kommentatorenblog.de\/wp-content\/uploads\/2020\/09\/shure-55sh-ii-e1601485394796.jpg 415w, https:\/\/kommentatorenblog.de\/wp-content\/uploads\/2020\/09\/shure-55sh-ii-e1601485394796-142x300.jpg 142w\" sizes=\"auto, (max-width: 10px) 100vw, 10px\" \/> Markus Gaupp (Fokus auf ???)<\/p>\n\n\n\n<p><strong style=\"font-style: italic;\"><em><strong>1. FC Kaiserslautern<\/strong><\/em> <strong><em><span><b style=\"font-style: italic;\">\u2013<\/b><\/span><\/em><\/strong><\/strong> <em><strong><strong style=\"font-style: italic;\">Eintracht Braunschweig<\/strong>(13.30 Uhr)<\/strong><\/em> <br><img loading=\"lazy\" decoding=\"async\" width=\"10\" height=\"21\" class=\"wp-image-3656\" style=\"width: 10px;\" src=\"http:\/\/kommentatorenblog.de\/wp-content\/uploads\/2020\/09\/shure-55sh-ii-e1601485394796.jpg\" alt=\"\" srcset=\"https:\/\/kommentatorenblog.de\/wp-content\/uploads\/2020\/09\/shure-55sh-ii-e1601485394796.jpg 415w, https:\/\/kommentatorenblog.de\/wp-content\/uploads\/2020\/09\/shure-55sh-ii-e1601485394796-142x300.jpg 142w\" sizes=\"auto, (max-width: 10px) 100vw, 10px\" \/> Christian Stra\u00dfburger<br>Field- Reporter <\/p>\n\n\n\n<p><strong style=\"font-style: italic;\">Karlsruher SC <strong><em><span><b style=\"font-style: italic;\">\u2013<\/b><\/span><\/em><\/strong><\/strong> <em><strong>1.FC N\u00fcrnberg (13.30 Uhr)<\/strong><\/em> <br><img loading=\"lazy\" decoding=\"async\" width=\"10\" height=\"21\" class=\"wp-image-3656\" style=\"width: 10px;\" src=\"http:\/\/kommentatorenblog.de\/wp-content\/uploads\/2020\/09\/shure-55sh-ii-e1601485394796.jpg\" alt=\"\" srcset=\"https:\/\/kommentatorenblog.de\/wp-content\/uploads\/2020\/09\/shure-55sh-ii-e1601485394796.jpg 415w, https:\/\/kommentatorenblog.de\/wp-content\/uploads\/2020\/09\/shure-55sh-ii-e1601485394796-142x300.jpg 142w\" sizes=\"auto, (max-width: 10px) 100vw, 10px\" \/> Oliver Seidler<br>Interviews: Schalte<\/p>\n\n\n\n<p><em><strong>1.FC Magdeburg<\/strong><\/em><strong style=\"font-style: italic;\"> <strong><em><span><b style=\"font-style: italic;\">\u2013<\/b><\/span><\/em><\/strong><\/strong> <em><strong>SSV Jahn Regensburg (13.30 Uhr)<\/strong><\/em> <br><img loading=\"lazy\" decoding=\"async\" width=\"10\" height=\"21\" class=\"wp-image-3656\" style=\"width: 10px;\" src=\"http:\/\/kommentatorenblog.de\/wp-content\/uploads\/2020\/09\/shure-55sh-ii-e1601485394796.jpg\" alt=\"\" srcset=\"https:\/\/kommentatorenblog.de\/wp-content\/uploads\/2020\/09\/shure-55sh-ii-e1601485394796.jpg 415w, https:\/\/kommentatorenblog.de\/wp-content\/uploads\/2020\/09\/shure-55sh-ii-e1601485394796-142x300.jpg 142w\" sizes=\"auto, (max-width: 10px) 100vw, 10px\" \/> Sven Schr\u00f6ter<\/p>\n\n\n\n<p>Moderation: Yannick Erkenbrecher<\/p>\n\n\n\n<p><strong>Bundesliga der Frauen, 3. Spieltag(Magenta Sport\/Eurosport)<\/strong><\/p>\n\n\n\n<p><u>Freitag, 30. September 2022, <\/u><span style=\"text-decoration: underline;\"><span style=\"text-decoration: underline;\">ab 19.00 Uhr (Magenta Sport\/Eurosport)<\/span><\/span><\/p>\n\n\n\n<p><strong style=\"font-style: italic;\">VfL Wolfsburg <strong><em><span><b style=\"font-style: italic;\">\u2013<\/b><\/span><\/em><\/strong><\/strong> <em><strong>Bayer 04 Leverkusen (19.15 Uhr)<\/strong><\/em> <\/p>\n\n\n\n<p><img loading=\"lazy\" decoding=\"async\" width=\"10\" height=\"21\" class=\"wp-image-3656\" style=\"width: 10px;\" src=\"http:\/\/kommentatorenblog.de\/wp-content\/uploads\/2020\/09\/shure-55sh-ii-e1601485394796.jpg\" alt=\"\" srcset=\"https:\/\/kommentatorenblog.de\/wp-content\/uploads\/2020\/09\/shure-55sh-ii-e1601485394796.jpg 415w, https:\/\/kommentatorenblog.de\/wp-content\/uploads\/2020\/09\/shure-55sh-ii-e1601485394796-142x300.jpg 142w\" sizes=\"auto, (max-width: 10px) 100vw, 10px\" \/> Magenta: Michael Seyberth<\/p>\n\n\n\n<p><img loading=\"lazy\" decoding=\"async\" width=\"10\" height=\"21\" class=\"wp-image-3656\" style=\"width: 10px;\" src=\"http:\/\/kommentatorenblog.de\/wp-content\/uploads\/2020\/09\/shure-55sh-ii-e1601485394796.jpg\" alt=\"\" srcset=\"https:\/\/kommentatorenblog.de\/wp-content\/uploads\/2020\/09\/shure-55sh-ii-e1601485394796.jpg 415w, https:\/\/kommentatorenblog.de\/wp-content\/uploads\/2020\/09\/shure-55sh-ii-e1601485394796-142x300.jpg 142w\" sizes=\"auto, (max-width: 10px) 100vw, 10px\" \/> Eurosport: Markus Theil<\/p>\n\n\n\n<p><u>Samstag, 01.Oktober 2022, <\/u><span style=\"text-decoration: underline;\"><span style=\"text-decoration: underline;\">ab 12.45 Uhr (Magenta Sport)<\/span><\/span><\/p>\n\n\n\n<p><em><strong style=\"font-style: italic;\">1.FC K\u00f6ln <strong style=\"font-style: italic;\"><strong><em><span><b style=\"font-style: italic;\">\u2013<\/b><\/span><\/em><\/strong><\/strong> 1.FFC Turbine Potsdam<\/strong><strong> (13.00 Uhr)<\/strong><\/em> <\/p>\n\n\n\n<p><img loading=\"lazy\" decoding=\"async\" width=\"10\" height=\"21\" class=\"wp-image-3656\" style=\"width: 10px;\" src=\"http:\/\/kommentatorenblog.de\/wp-content\/uploads\/2020\/09\/shure-55sh-ii-e1601485394796.jpg\" alt=\"\" srcset=\"https:\/\/kommentatorenblog.de\/wp-content\/uploads\/2020\/09\/shure-55sh-ii-e1601485394796.jpg 415w, https:\/\/kommentatorenblog.de\/wp-content\/uploads\/2020\/09\/shure-55sh-ii-e1601485394796-142x300.jpg 142w\" sizes=\"auto, (max-width: 10px) 100vw, 10px\" \/> Oskar Heirler<\/p>\n\n\n\n<p><u>Sonntag,02.Oktober 2022, <\/u><span style=\"text-decoration: underline;\"><span style=\"text-decoration: underline;\">ab 12.45 Uhr)<\/span><\/span><\/p>\n\n\n\n<p><em><strong style=\"font-style: italic;\">Eintracht Frankfurt <strong style=\"font-style: italic;\"><strong><em><span><b style=\"font-style: italic;\">\u2013<\/b><\/span><\/em><\/strong><\/strong> SV Werder Bremen<\/strong><strong>(13.00 Uhr)<\/strong> <\/em><\/p>\n\n\n\n<p><img loading=\"lazy\" decoding=\"async\" width=\"10\" height=\"21\" class=\"wp-image-3656\" style=\"width: 10px;\" src=\"http:\/\/kommentatorenblog.de\/wp-content\/uploads\/2020\/09\/shure-55sh-ii-e1601485394796.jpg\" alt=\"\" srcset=\"https:\/\/kommentatorenblog.de\/wp-content\/uploads\/2020\/09\/shure-55sh-ii-e1601485394796.jpg 415w, https:\/\/kommentatorenblog.de\/wp-content\/uploads\/2020\/09\/shure-55sh-ii-e1601485394796-142x300.jpg 142w\" sizes=\"auto, (max-width: 10px) 100vw, 10px\" \/> Michael Seyberth<\/p>\n\n\n\n<p><em><strong style=\"font-style: italic;\">SV Meppen <strong style=\"font-style: italic;\"><strong><em><span><b style=\"font-style: italic;\">\u2013<\/b><\/span><\/em><\/strong><\/strong> <em><strong style=\"font-style: italic;\">TSG 1899 Hoffenheim<\/strong><\/em><\/strong><strong> (13.00 Uhr)<\/strong> <\/em><\/p>\n\n\n\n<p><img loading=\"lazy\" decoding=\"async\" width=\"10\" height=\"21\" class=\"wp-image-3656\" style=\"width: 10px;\" src=\"http:\/\/kommentatorenblog.de\/wp-content\/uploads\/2020\/09\/shure-55sh-ii-e1601485394796.jpg\" alt=\"\" srcset=\"https:\/\/kommentatorenblog.de\/wp-content\/uploads\/2020\/09\/shure-55sh-ii-e1601485394796.jpg 415w, https:\/\/kommentatorenblog.de\/wp-content\/uploads\/2020\/09\/shure-55sh-ii-e1601485394796-142x300.jpg 142w\" sizes=\"auto, (max-width: 10px) 100vw, 10px\" \/> Simon K\u00f6pfer<\/p>\n\n\n\n<p><strong><em>MSV Duisburg <strong style=\"font-style: italic;\"><strong><em><span><b style=\"font-style: italic;\">\u2013<\/b><\/span><\/em><\/strong><\/strong> FC Bayern M\u00fcnchen<\/em><\/strong><em><strong> (16.00 Uhr)<\/strong><\/em> <\/p>\n\n\n\n<p><img loading=\"lazy\" decoding=\"async\" width=\"10\" height=\"21\" class=\"wp-image-3656\" style=\"width: 10px;\" src=\"http:\/\/kommentatorenblog.de\/wp-content\/uploads\/2020\/09\/shure-55sh-ii-e1601485394796.jpg\" alt=\"\" srcset=\"https:\/\/kommentatorenblog.de\/wp-content\/uploads\/2020\/09\/shure-55sh-ii-e1601485394796.jpg 415w, https:\/\/kommentatorenblog.de\/wp-content\/uploads\/2020\/09\/shure-55sh-ii-e1601485394796-142x300.jpg 142w\" sizes=\"auto, (max-width: 10px) 100vw, 10px\" \/>Antonia Engelhardt<\/p>\n\n\n\n<p>Moderation: Kamila Benschop<\/p>\n\n\n\n<p><strong style=\"font-style: italic;\">SC Freiburg <strong><em><span><b style=\"font-style: italic;\">\u2013<\/b><\/span><\/em><\/strong><\/strong> <em><strong>SGS Essen (16.00 Uhr)<\/strong><\/em> <\/p>\n\n\n\n<p><img loading=\"lazy\" decoding=\"async\" width=\"10\" height=\"21\" class=\"wp-image-3656\" style=\"width: 10px;\" src=\"http:\/\/kommentatorenblog.de\/wp-content\/uploads\/2020\/09\/shure-55sh-ii-e1601485394796.jpg\" alt=\"\" srcset=\"https:\/\/kommentatorenblog.de\/wp-content\/uploads\/2020\/09\/shure-55sh-ii-e1601485394796.jpg 415w, https:\/\/kommentatorenblog.de\/wp-content\/uploads\/2020\/09\/shure-55sh-ii-e1601485394796-142x300.jpg 142w\" sizes=\"auto, (max-width: 10px) 100vw, 10px\" \/> Martin Piller<\/p>\n\n\n\n<p><strong>3. Liga, (Magenta Sport\/ Dritte Programme)<\/strong><\/p>\n\n\n\n<p><u>Freitag, 30. September 2022, <\/u><span style=\"text-decoration: underline;\"><span style=\"text-decoration: underline;\">ab 18.30 Uhr (Magenta Sport)<\/span><\/span><\/p>\n\n\n\n<p><strong style=\"font-style: italic;\">FC Erzgebirge Aue <strong><em><span><b style=\"font-style: italic;\">\u2013<\/b><\/span><\/em><\/strong><\/strong> <em><strong>SV Meppen (19.00 Uhr)<\/strong><\/em> <\/p>\n\n\n\n<p><img loading=\"lazy\" decoding=\"async\" width=\"10\" height=\"21\" class=\"wp-image-3656\" style=\"width: 10px;\" src=\"http:\/\/kommentatorenblog.de\/wp-content\/uploads\/2020\/09\/shure-55sh-ii-e1601485394796.jpg\" alt=\"\" srcset=\"https:\/\/kommentatorenblog.de\/wp-content\/uploads\/2020\/09\/shure-55sh-ii-e1601485394796.jpg 415w, https:\/\/kommentatorenblog.de\/wp-content\/uploads\/2020\/09\/shure-55sh-ii-e1601485394796-142x300.jpg 142w\" sizes=\"auto, (max-width: 10px) 100vw, 10px\" \/> Lenny Leonhardt<\/p>\n\n\n\n<p>Moderation: Anett Sattler<\/p>\n\n\n\n<p><u>Samstag, 01.Oktober 2022, <\/u><span style=\"text-decoration: underline;\"><span style=\"text-decoration: underline;\">ab 13.45 Uhr (Magenta Sport\/3. Programme)<\/span><\/span><\/p>\n\n\n\n<p><em><strong style=\"font-style: italic;\">Vfl Osnabr\u00fcck <strong style=\"font-style: italic;\"><strong><em><span><b style=\"font-style: italic;\">\u2013<\/b><\/span><\/em><\/strong><\/strong> Waldhof Mannheim<\/strong><strong> (14.00 Uhr)<\/strong><\/em> <\/p>\n\n\n\n<p><img loading=\"lazy\" decoding=\"async\" width=\"10\" height=\"21\" class=\"wp-image-3656\" style=\"width: 10px;\" src=\"http:\/\/kommentatorenblog.de\/wp-content\/uploads\/2020\/09\/shure-55sh-ii-e1601485394796.jpg\" alt=\"\" srcset=\"https:\/\/kommentatorenblog.de\/wp-content\/uploads\/2020\/09\/shure-55sh-ii-e1601485394796.jpg 415w, https:\/\/kommentatorenblog.de\/wp-content\/uploads\/2020\/09\/shure-55sh-ii-e1601485394796-142x300.jpg 142w\" sizes=\"auto, (max-width: 10px) 100vw, 10px\" \/> Magenta: Gari Paubandt<\/p>\n\n\n\n<p><img loading=\"lazy\" decoding=\"async\" width=\"10\" height=\"21\" class=\"wp-image-3656\" style=\"width: 10px;\" src=\"http:\/\/kommentatorenblog.de\/wp-content\/uploads\/2020\/09\/shure-55sh-ii-e1601485394796.jpg\" alt=\"\" srcset=\"https:\/\/kommentatorenblog.de\/wp-content\/uploads\/2020\/09\/shure-55sh-ii-e1601485394796.jpg 415w, https:\/\/kommentatorenblog.de\/wp-content\/uploads\/2020\/09\/shure-55sh-ii-e1601485394796-142x300.jpg 142w\" sizes=\"auto, (max-width: 10px) 100vw, 10px\" \/> NDR\/SWR: Michael Augustin <\/p>\n\n\n\n<p>Moderation (Magenta): Tobi Sch\u00e4fer<\/p>\n\n\n\n<p>Moderation (NDR): Ben Wozny <\/p>\n\n\n\n<p><em><strong style=\"font-style: italic;\">SpVgg Bayreuth <strong style=\"font-style: italic;\"><strong><em><span><b style=\"font-style: italic;\">\u2013<\/b><\/span><\/em><\/strong><\/strong> Dynamo Dresden<\/strong><strong> (14.00 Uhr)<\/strong><\/em> <\/p>\n\n\n\n<p><img loading=\"lazy\" decoding=\"async\" width=\"10\" height=\"21\" class=\"wp-image-3656\" style=\"width: 10px;\" src=\"http:\/\/kommentatorenblog.de\/wp-content\/uploads\/2020\/09\/shure-55sh-ii-e1601485394796.jpg\" alt=\"\" srcset=\"https:\/\/kommentatorenblog.de\/wp-content\/uploads\/2020\/09\/shure-55sh-ii-e1601485394796.jpg 415w, https:\/\/kommentatorenblog.de\/wp-content\/uploads\/2020\/09\/shure-55sh-ii-e1601485394796-142x300.jpg 142w\" sizes=\"auto, (max-width: 10px) 100vw, 10px\" \/> Magenta: Martin Piller<\/p>\n\n\n\n<p><img loading=\"lazy\" decoding=\"async\" width=\"10\" height=\"21\" class=\"wp-image-3656\" style=\"width: 10px;\" src=\"http:\/\/kommentatorenblog.de\/wp-content\/uploads\/2020\/09\/shure-55sh-ii-e1601485394796.jpg\" alt=\"\" srcset=\"https:\/\/kommentatorenblog.de\/wp-content\/uploads\/2020\/09\/shure-55sh-ii-e1601485394796.jpg 415w, https:\/\/kommentatorenblog.de\/wp-content\/uploads\/2020\/09\/shure-55sh-ii-e1601485394796-142x300.jpg 142w\" sizes=\"auto, (max-width: 10px) 100vw, 10px\" \/> MDR: Stephan Weidling<\/p>\n\n\n\n<p><img loading=\"lazy\" decoding=\"async\" width=\"10\" height=\"21\" class=\"wp-image-3656\" style=\"width: 10px;\" src=\"http:\/\/kommentatorenblog.de\/wp-content\/uploads\/2020\/09\/shure-55sh-ii-e1601485394796.jpg\" alt=\"\" srcset=\"https:\/\/kommentatorenblog.de\/wp-content\/uploads\/2020\/09\/shure-55sh-ii-e1601485394796.jpg 415w, https:\/\/kommentatorenblog.de\/wp-content\/uploads\/2020\/09\/shure-55sh-ii-e1601485394796-142x300.jpg 142w\" sizes=\"auto, (max-width: 10px) 100vw, 10px\" \/> BR: Andre Siems<\/p>\n\n\n\n<p>Moderation (Magenta): Alexander K\u00fcpper<\/p>\n\n\n\n<p>Moderation (MDR): Eike Papsdorf<\/p>\n\n\n\n<p>Moderation (BR): Julia B\u00fcchler <\/p>\n\n\n\n<p><em><strong style=\"font-style: italic;\">SV Elversberg <strong style=\"font-style: italic;\"><strong><em><span><b style=\"font-style: italic;\">\u2013<\/b><\/span><\/em><\/strong><\/strong> SC Verl<\/strong><strong> (14.00 Uhr)<\/strong><\/em> <\/p>\n\n\n\n<p><img loading=\"lazy\" decoding=\"async\" width=\"10\" height=\"21\" class=\"wp-image-3656\" style=\"width: 10px;\" src=\"http:\/\/kommentatorenblog.de\/wp-content\/uploads\/2020\/09\/shure-55sh-ii-e1601485394796.jpg\" alt=\"\" srcset=\"https:\/\/kommentatorenblog.de\/wp-content\/uploads\/2020\/09\/shure-55sh-ii-e1601485394796.jpg 415w, https:\/\/kommentatorenblog.de\/wp-content\/uploads\/2020\/09\/shure-55sh-ii-e1601485394796-142x300.jpg 142w\" sizes=\"auto, (max-width: 10px) 100vw, 10px\" \/> Magenta: Alex Kunz<\/p>\n\n\n\n<p><img loading=\"lazy\" decoding=\"async\" width=\"10\" height=\"21\" class=\"wp-image-3656\" style=\"width: 10px;\" src=\"http:\/\/kommentatorenblog.de\/wp-content\/uploads\/2020\/09\/shure-55sh-ii-e1601485394796.jpg\" alt=\"\" srcset=\"https:\/\/kommentatorenblog.de\/wp-content\/uploads\/2020\/09\/shure-55sh-ii-e1601485394796.jpg 415w, https:\/\/kommentatorenblog.de\/wp-content\/uploads\/2020\/09\/shure-55sh-ii-e1601485394796-142x300.jpg 142w\" sizes=\"auto, (max-width: 10px) 100vw, 10px\" \/> SR: Frank Grundhever <\/p>\n\n\n\n<p>Moderation (Magenta): Sascha Bandermann<\/p>\n\n\n\n<p>Moderation (SR): Carmen Bachmann<\/p>\n\n\n\n<p><u>Samstag, 01.Oktober 2022, <\/u><span style=\"text-decoration: underline;\"><span style=\"text-decoration: underline;\">ab 13.45 Uhr (Magenta Sport)<\/span><\/span><\/p>\n\n\n\n<p><em><strong style=\"font-style: italic;\">Konferenz <\/strong><strong>(14.00 Uhr)<\/strong> <\/em><\/p>\n\n\n\n<p><img loading=\"lazy\" decoding=\"async\" width=\"10\" height=\"21\" class=\"wp-image-3656\" style=\"width: 10px;\" src=\"http:\/\/kommentatorenblog.de\/wp-content\/uploads\/2020\/09\/shure-55sh-ii-e1601485394796.jpg\" alt=\"\" srcset=\"https:\/\/kommentatorenblog.de\/wp-content\/uploads\/2020\/09\/shure-55sh-ii-e1601485394796.jpg 415w, https:\/\/kommentatorenblog.de\/wp-content\/uploads\/2020\/09\/shure-55sh-ii-e1601485394796-142x300.jpg 142w\" sizes=\"auto, (max-width: 10px) 100vw, 10px\" \/> Christian Stra\u00dfburger, Experte Martin Harnik<\/p>\n\n\n\n<p><em><strong style=\"font-style: italic;\">1.FC Saarbr\u00fccken <strong style=\"font-style: italic;\"><strong><em><span><b style=\"font-style: italic;\">\u2013<\/b><\/span><\/em><\/strong><\/strong> SC Freiburg II<\/strong><strong>(14.00 Uhr)<\/strong> <\/em><\/p>\n\n\n\n<p><img loading=\"lazy\" decoding=\"async\" width=\"10\" height=\"21\" class=\"wp-image-3656\" style=\"width: 10px;\" src=\"http:\/\/kommentatorenblog.de\/wp-content\/uploads\/2020\/09\/shure-55sh-ii-e1601485394796.jpg\" alt=\"\" srcset=\"https:\/\/kommentatorenblog.de\/wp-content\/uploads\/2020\/09\/shure-55sh-ii-e1601485394796.jpg 415w, https:\/\/kommentatorenblog.de\/wp-content\/uploads\/2020\/09\/shure-55sh-ii-e1601485394796-142x300.jpg 142w\" sizes=\"auto, (max-width: 10px) 100vw, 10px\" \/> Philip Konrad<\/p>\n\n\n\n<p>Moderation: Kevin Gerwin<\/p>\n\n\n\n<p><em><strong style=\"font-style: italic;\">Borussia Dortmund II <strong style=\"font-style: italic;\"><strong><em><span><b style=\"font-style: italic;\">\u2013<\/b><\/span><\/em><\/strong><\/strong> TSV 1860 M\u00fcnchen<\/strong><strong>(14.00 Uhr)<\/strong> <\/em><\/p>\n\n\n\n<p><img loading=\"lazy\" decoding=\"async\" width=\"10\" height=\"21\" class=\"wp-image-3656\" style=\"width: 10px;\" src=\"http:\/\/kommentatorenblog.de\/wp-content\/uploads\/2020\/09\/shure-55sh-ii-e1601485394796.jpg\" alt=\"\" srcset=\"https:\/\/kommentatorenblog.de\/wp-content\/uploads\/2020\/09\/shure-55sh-ii-e1601485394796.jpg 415w, https:\/\/kommentatorenblog.de\/wp-content\/uploads\/2020\/09\/shure-55sh-ii-e1601485394796-142x300.jpg 142w\" sizes=\"auto, (max-width: 10px) 100vw, 10px\" \/> Julian Engelhard<\/p>\n\n\n\n<p>Moderation: Thomas Wagner<\/p>\n\n\n\n<p><em><strong style=\"font-style: italic;\">MSV Duisburg <strong style=\"font-style: italic;\"><strong><em><span><b style=\"font-style: italic;\">\u2013<\/b><\/span><\/em><\/strong><\/strong> Hallescher FC<\/strong><strong>(14.00 Uhr)<\/strong> <\/em><\/p>\n\n\n\n<p><img loading=\"lazy\" decoding=\"async\" width=\"10\" height=\"21\" class=\"wp-image-3656\" style=\"width: 10px;\" src=\"http:\/\/kommentatorenblog.de\/wp-content\/uploads\/2020\/09\/shure-55sh-ii-e1601485394796.jpg\" alt=\"\" srcset=\"https:\/\/kommentatorenblog.de\/wp-content\/uploads\/2020\/09\/shure-55sh-ii-e1601485394796.jpg 415w, https:\/\/kommentatorenblog.de\/wp-content\/uploads\/2020\/09\/shure-55sh-ii-e1601485394796-142x300.jpg 142w\" sizes=\"auto, (max-width: 10px) 100vw, 10px\" \/> Stefan Fuckert<\/p>\n\n\n\n<p>Moderation: Kamila Benschop<\/p>\n\n\n\n<p><u>Sonntag, 02.Oktober 2022, <\/u><span style=\"text-decoration: underline;\"><span style=\"text-decoration: underline;\">ab 12.45 Uhr)<\/span><\/span><\/p>\n\n\n\n<p><em><strong style=\"font-style: italic;\">FC Viktoria K\u00f6ln <strong style=\"font-style: italic;\"><strong><em><span><b style=\"font-style: italic;\">\u2013<\/b><\/span><\/em><\/strong><\/strong> VfB Oldenburg <\/strong><strong>(13.00 Uhr)<\/strong> <\/em><\/p>\n\n\n\n<p><img loading=\"lazy\" decoding=\"async\" width=\"10\" height=\"21\" class=\"wp-image-3656\" style=\"width: 10px;\" src=\"http:\/\/kommentatorenblog.de\/wp-content\/uploads\/2020\/09\/shure-55sh-ii-e1601485394796.jpg\" alt=\"\" srcset=\"https:\/\/kommentatorenblog.de\/wp-content\/uploads\/2020\/09\/shure-55sh-ii-e1601485394796.jpg 415w, https:\/\/kommentatorenblog.de\/wp-content\/uploads\/2020\/09\/shure-55sh-ii-e1601485394796-142x300.jpg 142w\" sizes=\"auto, (max-width: 10px) 100vw, 10px\" \/> Stefan Fuckert<\/p>\n\n\n\n<p>Moderation: Cedric Pick<\/p>\n\n\n\n<p><em><strong style=\"font-style: italic;\">SV Wehen Wiesbaden <strong style=\"font-style: italic;\"><strong><em><span><b style=\"font-style: italic;\">\u2013<\/b><\/span><\/em><\/strong><\/strong> <em><strong style=\"font-style: italic;\">RW Essen<\/strong><\/em><\/strong><strong> (14.00 Uhr)<\/strong> <\/em><\/p>\n\n\n\n<p><img loading=\"lazy\" decoding=\"async\" width=\"10\" height=\"21\" class=\"wp-image-3656\" style=\"width: 10px;\" src=\"http:\/\/kommentatorenblog.de\/wp-content\/uploads\/2020\/09\/shure-55sh-ii-e1601485394796.jpg\" alt=\"\" srcset=\"https:\/\/kommentatorenblog.de\/wp-content\/uploads\/2020\/09\/shure-55sh-ii-e1601485394796.jpg 415w, https:\/\/kommentatorenblog.de\/wp-content\/uploads\/2020\/09\/shure-55sh-ii-e1601485394796-142x300.jpg 142w\" sizes=\"auto, (max-width: 10px) 100vw, 10px\" \/> Mario Bast<\/p>\n\n\n\n<p>Moderation: Thomas Wagner<\/p>\n\n\n\n<p><u>Montag, 03.Oktober 2022, <\/u><span style=\"text-decoration: underline;\"><span style=\"text-decoration: underline;\">ab 18.45 Uhr)<\/span><\/span><\/p>\n\n\n\n<p><strong><em>FC Ingolstadt <strong style=\"font-style: italic;\"><strong><em><span><b style=\"font-style: italic;\">\u2013<\/b><\/span><\/em><\/strong><\/strong> FSV Zwickau<\/em><\/strong><em><strong> (19.00 Uhr)<\/strong><\/em> <\/p>\n\n\n\n<p><img loading=\"lazy\" decoding=\"async\" width=\"10\" height=\"21\" class=\"wp-image-3656\" style=\"width: 10px;\" src=\"http:\/\/kommentatorenblog.de\/wp-content\/uploads\/2020\/09\/shure-55sh-ii-e1601485394796.jpg\" alt=\"\" srcset=\"https:\/\/kommentatorenblog.de\/wp-content\/uploads\/2020\/09\/shure-55sh-ii-e1601485394796.jpg 415w, https:\/\/kommentatorenblog.de\/wp-content\/uploads\/2020\/09\/shure-55sh-ii-e1601485394796-142x300.jpg 142w\" sizes=\"auto, (max-width: 10px) 100vw, 10px\" \/>Alexander Klich<\/p>\n\n\n\n<p>Moderation: Simon K\u00f6pfer<\/p>\n\n\n\n<p><strong>Premier League (ENG) (Sky)<\/strong><\/p>\n\n\n\n<p><u>Samstag, 01. Oktober 2022, <\/u><span style=\"text-decoration: underline;\"><span style=\"text-decoration: underline;\">ab 13.20 Uhr<\/span><\/span><\/p>\n\n\n\n<p><strong style=\"font-style: italic;\">FC Arsenal <strong><em><span><b style=\"font-style: italic;\">\u2013<\/b><\/span><\/em><\/strong><\/strong> <em><strong>Tottenham Hotspur (13.30 Uhr)<\/strong><\/em> <br><img loading=\"lazy\" decoding=\"async\" width=\"10\" height=\"21\" class=\"wp-image-3656\" style=\"width: 10px;\" src=\"http:\/\/kommentatorenblog.de\/wp-content\/uploads\/2020\/09\/shure-55sh-ii-e1601485394796.jpg\" alt=\"\" srcset=\"https:\/\/kommentatorenblog.de\/wp-content\/uploads\/2020\/09\/shure-55sh-ii-e1601485394796.jpg 415w, https:\/\/kommentatorenblog.de\/wp-content\/uploads\/2020\/09\/shure-55sh-ii-e1601485394796-142x300.jpg 142w\" sizes=\"auto, (max-width: 10px) 100vw, 10px\" \/> Joachim Hebel<\/p>\n\n\n\n<p><span style=\"text-decoration: underline;\"><span style=\"text-decoration: underline;\">ab 15.45 Uhr<\/span><\/span><\/p>\n\n\n\n<p><strong style=\"font-style: italic;\">Crystal Palace <strong><em><span><b style=\"font-style: italic;\">\u2013<\/b><\/span><\/em><\/strong><\/strong> <em><strong><strong style=\"font-style: italic;\">FC Chelsea <\/strong> (16.00 Uhr)<\/strong><\/em> <br><img loading=\"lazy\" decoding=\"async\" width=\"10\" height=\"21\" class=\"wp-image-3656\" style=\"width: 10px;\" src=\"http:\/\/kommentatorenblog.de\/wp-content\/uploads\/2020\/09\/shure-55sh-ii-e1601485394796.jpg\" alt=\"\" srcset=\"https:\/\/kommentatorenblog.de\/wp-content\/uploads\/2020\/09\/shure-55sh-ii-e1601485394796.jpg 415w, https:\/\/kommentatorenblog.de\/wp-content\/uploads\/2020\/09\/shure-55sh-ii-e1601485394796-142x300.jpg 142w\" sizes=\"auto, (max-width: 10px) 100vw, 10px\" \/> Uli Hebel<\/p>\n\n\n\n<p><strong style=\"font-style: italic;\">FC Liverpool <strong><em><span><b style=\"font-style: italic;\">\u2013<\/b><\/span><\/em><\/strong><\/strong> <em><strong>Brighton &amp; Hove Albion (16.00 Uhr)<\/strong><\/em> <br><img loading=\"lazy\" decoding=\"async\" width=\"10\" height=\"21\" class=\"wp-image-3656\" style=\"width: 10px;\" src=\"http:\/\/kommentatorenblog.de\/wp-content\/uploads\/2020\/09\/shure-55sh-ii-e1601485394796.jpg\" alt=\"\" srcset=\"https:\/\/kommentatorenblog.de\/wp-content\/uploads\/2020\/09\/shure-55sh-ii-e1601485394796.jpg 415w, https:\/\/kommentatorenblog.de\/wp-content\/uploads\/2020\/09\/shure-55sh-ii-e1601485394796-142x300.jpg 142w\" sizes=\"auto, (max-width: 10px) 100vw, 10px\" \/> Markus Gaupp<\/p>\n\n\n\n<p><span style=\"text-decoration: underline;\"><span style=\"text-decoration: underline;\">ab 18.20 Uhr<\/span><\/span><\/p>\n\n\n\n<p><strong style=\"font-style: italic;\">West Ham United <strong><em><span><b style=\"font-style: italic;\">\u2013<\/b><\/span><\/em><\/strong><\/strong> <em><strong><strong style=\"font-style: italic;\">Wolverhampton Wanderers <\/strong> (18.30 Uhr)<\/strong><\/em> <br><img loading=\"lazy\" decoding=\"async\" width=\"10\" height=\"21\" class=\"wp-image-3656\" style=\"width: 10px;\" src=\"http:\/\/kommentatorenblog.de\/wp-content\/uploads\/2020\/09\/shure-55sh-ii-e1601485394796.jpg\" alt=\"\" srcset=\"https:\/\/kommentatorenblog.de\/wp-content\/uploads\/2020\/09\/shure-55sh-ii-e1601485394796.jpg 415w, https:\/\/kommentatorenblog.de\/wp-content\/uploads\/2020\/09\/shure-55sh-ii-e1601485394796-142x300.jpg 142w\" sizes=\"auto, (max-width: 10px) 100vw, 10px\" \/> Hannes Herrmann<\/p>\n\n\n\n<p><u>Sonntag, 02. Oktober 2022, <\/u><span style=\"text-decoration: underline;\"><span style=\"text-decoration: underline;\">ab 14.30 Uhr<\/span><\/span><\/p>\n\n\n\n<p><strong style=\"font-style: italic;\">Manchester City <strong><em><span><b style=\"font-style: italic;\">\u2013<\/b><\/span><\/em><\/strong><\/strong> <em><strong>Manchester United (15.00 Uhr)<\/strong><\/em> <br><img loading=\"lazy\" decoding=\"async\" width=\"10\" height=\"21\" class=\"wp-image-3656\" style=\"width: 10px;\" src=\"http:\/\/kommentatorenblog.de\/wp-content\/uploads\/2020\/09\/shure-55sh-ii-e1601485394796.jpg\" alt=\"\" srcset=\"https:\/\/kommentatorenblog.de\/wp-content\/uploads\/2020\/09\/shure-55sh-ii-e1601485394796.jpg 415w, https:\/\/kommentatorenblog.de\/wp-content\/uploads\/2020\/09\/shure-55sh-ii-e1601485394796-142x300.jpg 142w\" sizes=\"auto, (max-width: 10px) 100vw, 10px\" \/> Florian Schmidt- Sommerfeld, Experte: Raphael Honigstein<\/p>\n\n\n\n<p><span style=\"text-decoration: underline;\"><span style=\"text-decoration: underline;\">ab 17.20 Uhr<\/span><\/span><\/p>\n\n\n\n<p><strong style=\"font-style: italic;\">Leeds United <strong><em><span><b style=\"font-style: italic;\">\u2013<\/b><\/span><\/em><\/strong><\/strong> <em><strong>Aston Villa (17.30 Uhr)<\/strong><\/em> <br><img loading=\"lazy\" decoding=\"async\" width=\"10\" height=\"21\" class=\"wp-image-3656\" style=\"width: 10px;\" src=\"http:\/\/kommentatorenblog.de\/wp-content\/uploads\/2020\/09\/shure-55sh-ii-e1601485394796.jpg\" alt=\"\" srcset=\"https:\/\/kommentatorenblog.de\/wp-content\/uploads\/2020\/09\/shure-55sh-ii-e1601485394796.jpg 415w, https:\/\/kommentatorenblog.de\/wp-content\/uploads\/2020\/09\/shure-55sh-ii-e1601485394796-142x300.jpg 142w\" sizes=\"auto, (max-width: 10px) 100vw, 10px\" \/> Joachim Hebel<\/p>\n\n\n\n<p><u>Montag, 03. Oktober 2022, <\/u><span style=\"text-decoration: underline;\"><span style=\"text-decoration: underline;\">ab 20.50 Uhr<\/span><\/span><\/p>\n\n\n\n<p><strong style=\"font-style: italic;\">Leicester City <strong><em><span><b style=\"font-style: italic;\">\u2013<\/b><\/span><\/em><\/strong><\/strong> <em><strong>Nottingham Forest (21.00 Uhr)<\/strong><\/em> <br><img loading=\"lazy\" decoding=\"async\" width=\"10\" height=\"21\" class=\"wp-image-3656\" style=\"width: 10px;\" src=\"http:\/\/kommentatorenblog.de\/wp-content\/uploads\/2020\/09\/shure-55sh-ii-e1601485394796.jpg\" alt=\"\" srcset=\"https:\/\/kommentatorenblog.de\/wp-content\/uploads\/2020\/09\/shure-55sh-ii-e1601485394796.jpg 415w, https:\/\/kommentatorenblog.de\/wp-content\/uploads\/2020\/09\/shure-55sh-ii-e1601485394796-142x300.jpg 142w\" sizes=\"auto, (max-width: 10px) 100vw, 10px\" \/> Markus Gaupp<\/p>\n\n\n\n<hr class=\"wp-block-separator is-style-default\"\/>\n\n\n\n<p><strong>LaLiga (ESP), (DAZN)<\/strong><\/p>\n\n\n\n<p><u>Samstag, 01. Oktober 2022<\/u><\/p>\n\n\n\n<p><strong style=\"font-style: italic;\">FC Sevilla <strong><em><span><b style=\"font-style: italic;\">\u2013<\/b><\/span><\/em><\/strong><\/strong> <em><strong>Atl\u00e9tico Madrid (18.30 Uhr)<\/strong><\/em> <br><img loading=\"lazy\" decoding=\"async\" width=\"10\" height=\"21\" class=\"wp-image-3656\" style=\"width: 10px;\" src=\"http:\/\/kommentatorenblog.de\/wp-content\/uploads\/2020\/09\/shure-55sh-ii-e1601485394796.jpg\" alt=\"\" srcset=\"https:\/\/kommentatorenblog.de\/wp-content\/uploads\/2020\/09\/shure-55sh-ii-e1601485394796.jpg 415w, https:\/\/kommentatorenblog.de\/wp-content\/uploads\/2020\/09\/shure-55sh-ii-e1601485394796-142x300.jpg 142w\" sizes=\"auto, (max-width: 10px) 100vw, 10px\" \/> Guido H\u00fcsgen<\/p>\n\n\n\n<p><strong style=\"font-style: italic;\">Mallorca <strong><em><span><b style=\"font-style: italic;\">\u2013<\/b><\/span><\/em><\/strong><\/strong> <em><strong>FC Barcelona (21.00 Uhr)<\/strong><\/em> <br><img loading=\"lazy\" decoding=\"async\" width=\"10\" height=\"21\" class=\"wp-image-3656\" style=\"width: 10px;\" src=\"http:\/\/kommentatorenblog.de\/wp-content\/uploads\/2020\/09\/shure-55sh-ii-e1601485394796.jpg\" alt=\"\" srcset=\"https:\/\/kommentatorenblog.de\/wp-content\/uploads\/2020\/09\/shure-55sh-ii-e1601485394796.jpg 415w, https:\/\/kommentatorenblog.de\/wp-content\/uploads\/2020\/09\/shure-55sh-ii-e1601485394796-142x300.jpg 142w\" sizes=\"auto, (max-width: 10px) 100vw, 10px\" \/> Jan Platte, Experte: Michael Hofmann<\/p>\n\n\n\n<p><u>Sonntag, 04. September 2022<\/u><\/p>\n\n\n\n<p><strong style=\"font-style: italic;\">Celta Vigo <strong><em><span><b style=\"font-style: italic;\">\u2013<\/b><\/span><\/em><\/strong><\/strong> <em><strong>Real Betis Sevilla (16.15 Uhr)<\/strong><\/em> <br><img loading=\"lazy\" decoding=\"async\" width=\"10\" height=\"21\" class=\"wp-image-3656\" style=\"width: 10px;\" src=\"http:\/\/kommentatorenblog.de\/wp-content\/uploads\/2020\/09\/shure-55sh-ii-e1601485394796.jpg\" alt=\"\" srcset=\"https:\/\/kommentatorenblog.de\/wp-content\/uploads\/2020\/09\/shure-55sh-ii-e1601485394796.jpg 415w, https:\/\/kommentatorenblog.de\/wp-content\/uploads\/2020\/09\/shure-55sh-ii-e1601485394796-142x300.jpg 142w\" sizes=\"auto, (max-width: 10px) 100vw, 10px\" \/> Manuel Angstenberger<\/p>\n\n\n\n<p><strong style=\"font-style: italic;\">Real Madrid <strong><em><span><b style=\"font-style: italic;\">\u2013<\/b><\/span><\/em><\/strong><\/strong> <em><strong>Osasuna (21.00 Uhr)<\/strong><\/em> <br><img loading=\"lazy\" decoding=\"async\" width=\"10\" height=\"21\" class=\"wp-image-3656\" style=\"width: 10px;\" src=\"http:\/\/kommentatorenblog.de\/wp-content\/uploads\/2020\/09\/shure-55sh-ii-e1601485394796.jpg\" alt=\"\" srcset=\"https:\/\/kommentatorenblog.de\/wp-content\/uploads\/2020\/09\/shure-55sh-ii-e1601485394796.jpg 415w, https:\/\/kommentatorenblog.de\/wp-content\/uploads\/2020\/09\/shure-55sh-ii-e1601485394796-142x300.jpg 142w\" sizes=\"auto, (max-width: 10px) 100vw, 10px\" \/> Uli Hebel, Experte: Michael Hofmann<\/p>\n\n\n\n<hr class=\"wp-block-separator is-style-default\"\/>\n\n\n\n<p><strong>Serie A (ITA), (DAZN)<\/strong><\/p>\n\n\n\n<p><u>Samstag, 01. Oktober 2022<\/u><\/p>\n\n\n\n<p><strong style=\"font-style: italic;\">SSC Neapel <strong><em><span><b style=\"font-style: italic;\">\u2013<\/b><\/span><\/em><\/strong><\/strong> <em><strong>FC Turin (15.00 Uhr)<\/strong><\/em> <br><img loading=\"lazy\" decoding=\"async\" width=\"10\" height=\"21\" class=\"wp-image-3656\" style=\"width: 10px;\" src=\"http:\/\/kommentatorenblog.de\/wp-content\/uploads\/2020\/09\/shure-55sh-ii-e1601485394796.jpg\" alt=\"\" srcset=\"https:\/\/kommentatorenblog.de\/wp-content\/uploads\/2020\/09\/shure-55sh-ii-e1601485394796.jpg 415w, https:\/\/kommentatorenblog.de\/wp-content\/uploads\/2020\/09\/shure-55sh-ii-e1601485394796-142x300.jpg 142w\" sizes=\"auto, (max-width: 10px) 100vw, 10px\" \/> Uwe Morawe<\/p>\n\n\n\n<p><em><strong>Inter Mailand <strong style=\"font-style: italic;\"><strong><em><span><b style=\"font-style: italic;\">\u2013<\/b><\/span><\/em><\/strong><\/strong> <\/strong><\/em><strong><em>AS Roma<\/em><\/strong><em><strong> (18.00 Uhr)<\/strong><\/em> <br><img loading=\"lazy\" decoding=\"async\" width=\"10\" height=\"21\" class=\"wp-image-3656\" style=\"width: 10px;\" src=\"http:\/\/kommentatorenblog.de\/wp-content\/uploads\/2020\/09\/shure-55sh-ii-e1601485394796.jpg\" alt=\"\" srcset=\"https:\/\/kommentatorenblog.de\/wp-content\/uploads\/2020\/09\/shure-55sh-ii-e1601485394796.jpg 415w, https:\/\/kommentatorenblog.de\/wp-content\/uploads\/2020\/09\/shure-55sh-ii-e1601485394796-142x300.jpg 142w\" sizes=\"auto, (max-width: 10px) 100vw, 10px\" \/> Carsten Fu\u00df, Experte: Christian Bernhard<\/p>\n\n\n\n<p><strong style=\"font-style: italic;\">Empoli <strong><em><span><b style=\"font-style: italic;\">\u2013<\/b><\/span><\/em><\/strong><\/strong> <em><strong>AC Mailand (20.45 Uhr)<\/strong><\/em> <br><img loading=\"lazy\" decoding=\"async\" width=\"10\" height=\"21\" class=\"wp-image-3656\" style=\"width: 10px;\" src=\"http:\/\/kommentatorenblog.de\/wp-content\/uploads\/2020\/09\/shure-55sh-ii-e1601485394796.jpg\" alt=\"\" srcset=\"https:\/\/kommentatorenblog.de\/wp-content\/uploads\/2020\/09\/shure-55sh-ii-e1601485394796.jpg 415w, https:\/\/kommentatorenblog.de\/wp-content\/uploads\/2020\/09\/shure-55sh-ii-e1601485394796-142x300.jpg 142w\" sizes=\"auto, (max-width: 10px) 100vw, 10px\" \/> Tobi Fischbeck<\/p>\n\n\n\n<p><u>Sonntag, 02. Oktober 2022<\/u><\/p>\n\n\n\n<p><strong style=\"font-style: italic;\">Atalanta Bergamo <strong><em><span><b style=\"font-style: italic;\">\u2013<\/b><\/span><\/em><\/strong><\/strong> <em><strong>AC Florenz (20.45 Uhr)<\/strong><\/em> <br><img loading=\"lazy\" decoding=\"async\" width=\"10\" height=\"21\" class=\"wp-image-3656\" style=\"width: 10px;\" src=\"http:\/\/kommentatorenblog.de\/wp-content\/uploads\/2020\/09\/shure-55sh-ii-e1601485394796.jpg\" alt=\"\" srcset=\"https:\/\/kommentatorenblog.de\/wp-content\/uploads\/2020\/09\/shure-55sh-ii-e1601485394796.jpg 415w, https:\/\/kommentatorenblog.de\/wp-content\/uploads\/2020\/09\/shure-55sh-ii-e1601485394796-142x300.jpg 142w\" sizes=\"auto, (max-width: 10px) 100vw, 10px\" \/> Carsten Fu\u00df<\/p>\n\n\n\n<p><b style=\"font-style: italic;\">Juventus Turin <\/b><b style=\"font-style: italic; font-weight: bold;\">\u2013<\/b> <strong><em>Bologna<\/em><\/strong><em><strong>(20.45 Uhr)<\/strong><\/em> <\/p>\n\n\n\n<p><img loading=\"lazy\" decoding=\"async\" width=\"10\" height=\"21\" class=\"wp-image-3656\" style=\"width: 10px;\" src=\"http:\/\/kommentatorenblog.de\/wp-content\/uploads\/2020\/09\/shure-55sh-ii-e1601485394796.jpg\" alt=\"\" srcset=\"https:\/\/kommentatorenblog.de\/wp-content\/uploads\/2020\/09\/shure-55sh-ii-e1601485394796.jpg 415w, https:\/\/kommentatorenblog.de\/wp-content\/uploads\/2020\/09\/shure-55sh-ii-e1601485394796-142x300.jpg 142w\" sizes=\"auto, (max-width: 10px) 100vw, 10px\" \/> Michael Born<\/p>\n\n\n\n<hr class=\"wp-block-separator is-style-default\"\/>\n\n\n\n<p><strong>Ligue 1 (FRA), (DAZN)<\/strong><\/p>\n\n\n\n<p><u>Samstag, 01. Oktober2022<\/u><\/p>\n\n\n\n<p><strong style=\"font-style: italic;\"><em><strong>Paris Saint-Germain<\/strong><\/em> <strong><em><span><b style=\"font-style: italic;\">\u2013<\/b><\/span><\/em><\/strong><\/strong> <em><strong>OCG Nizza (17.00 Uhr)<\/strong><\/em> <br><img loading=\"lazy\" decoding=\"async\" width=\"10\" height=\"21\" class=\"wp-image-3656\" style=\"width: 10px;\" src=\"http:\/\/kommentatorenblog.de\/wp-content\/uploads\/2020\/09\/shure-55sh-ii-e1601485394796.jpg\" alt=\"\" srcset=\"https:\/\/kommentatorenblog.de\/wp-content\/uploads\/2020\/09\/shure-55sh-ii-e1601485394796.jpg 415w, https:\/\/kommentatorenblog.de\/wp-content\/uploads\/2020\/09\/shure-55sh-ii-e1601485394796-142x300.jpg 142w\" sizes=\"auto, (max-width: 10px) 100vw, 10px\" \/> Chris Putz, Experte: Alexis Menuge<\/p>\n\n\n\n<p><u>Sonntag, 02. Oktober 2022<\/u><\/p>\n\n\n\n<p><strong style=\"font-style: italic;\">Lens <strong><em><span><b style=\"font-style: italic;\">\u2013<\/b><\/span><\/em><\/strong><\/strong> <em><strong>Olympique Lyon (20.45Uhr)<\/strong><\/em> <br><img loading=\"lazy\" decoding=\"async\" width=\"10\" height=\"21\" class=\"wp-image-3656\" style=\"width: 10px;\" src=\"http:\/\/kommentatorenblog.de\/wp-content\/uploads\/2020\/09\/shure-55sh-ii-e1601485394796.jpg\" alt=\"\" srcset=\"https:\/\/kommentatorenblog.de\/wp-content\/uploads\/2020\/09\/shure-55sh-ii-e1601485394796.jpg 415w, https:\/\/kommentatorenblog.de\/wp-content\/uploads\/2020\/09\/shure-55sh-ii-e1601485394796-142x300.jpg 142w\" sizes=\"auto, (max-width: 10px) 100vw, 10px\" \/> Stefan Galler<\/p>\n\n\n\n<hr class=\"wp-block-separator is-style-default\"\/>\n\n\n\n<p><strong><code>ANALYSE<\/code><\/strong><\/p>\n\n\n\n<p>Nach der L\u00e4nderspiel- Pause geht es am Freitag mit der Bundesliga f\u00fcr zwei Teams weiter, bei denen es in der Bundesliga ein bisschen kriselt. W\u00e4hrend die Bayern trotz Krise und vier Spielen in Folge ohne Sieg immer noch f\u00fcnfter sind, belegt die Werkself nur Platz 15. Immerhin, international l\u00e4uft es f\u00fcr die Champions League- Teilnehmer dagegen besser. Auch DAZN hofft auf ein gutes Spiel und besetzt deshalb das Spiel namenhaft. Alex Schl\u00fcter begr\u00fc\u00dft das Publikum aus der Allianz Arena<s> mit Experte Michael Ballack, welcher in seiner Karriere f\u00fcr beide Mannschaften spielte. <\/s>  Update: Seb Knei\u00dfl springt kurzfristig ein. Als Kommentator kommt Marco Hagemann zum Einsatz.<\/p>\n\n\n\n<p>Am Samstag hat Sky dann die beiden S\u00fcd- Teams Freiburg und Mainz im Angebot. Aus dem neuen Freiburger Stadion wird sich Hansi K\u00fcpper \u00fcbernehmen. In der Konferenz wird sich Jonas Friedrich melden, der ja, wie oben zu lesen war, im Winter f\u00fcr Magenta als Kommentator im Einsatz sein wird.<\/p>\n\n\n\n<p>Das Westduell K\u00f6ln- BVB \u00fcbernimmt im Einzelspiel Marcus Lindemann live aus dem Stadion. Kai Dittmann, vor 2 Wochen noch in Augsburg beim Bayern- Gastspiel, am Samstag nun das Gastspiel des BVBs in K\u00f6ln, allerdings kommentiert in der Konferenz und dadurch aus der Box in M\u00fcnchen. <\/p>\n\n\n\n<p>F\u00fcr Klaus Veltman f\u00fchrt der Weg an diesem Wochenende nach Frankfurt, f\u00fcr Torsten Kunde, der letzten Spieltag noch in der Konferenz war, geht es nach Leipzig. <\/p>\n\n\n\n<p>Weitere Konferenz- Kommentatoren sind unterdessen Frank Buschmann (SGE-Union) bzw.  Schmidt- Sommerfeld (RBL-Boc), welche, wie auch Jonas Friedrich am letzten Spieltag hier im Einsatz waren <\/p>\n\n\n\n<p><strong>Premiere f\u00fcr Kemme<\/strong><\/p>\n\n\n\n<p>Am Samstagabend kommen dann, wie so oft Hellmann, Matth\u00e4us und Hellmann zum Einsatz. Expertin neben Lothar Matth\u00e4us wird diesmal aber nicht Julia Simic sein, sondern Tabea Kemme. Es m\u00fcsste ihr Bundesliga- Deb\u00fct bei Sky sein. Kemme war ja zu Saisonbeginn als neue Expertin im Wechsel mit Julia Simic angek\u00fcndigt worden, kam, aus terminlichen Gr\u00fcnden, bisher aber noch nicht zum Einsatz.<\/p>\n\n\n\n<p>Am Sonntag gibt&#8217;s bei DAZN dann zwei weitere Partien. Aus dem Olympiastadion meldet sich Tobi Wahnschaffe mit Experte <s>Jonas Hummels <\/s> Update: Benny Lauth und Kommentator Mario Rieker. Schalke- Augsburg ist dann eine Partie f\u00fcr Freddy Harder als Kommentator, Daniel Herzog erh\u00e4lt einen Moderationseinsatz und Ann- Sophie Kimmel geht auf Stimmenfang.<\/p>\n\n\n\n<p>Nachdem er am letzten Spieltag den BVB in Liga 1 kommentiert hat, geht es f\u00fcr Martin Gro\u00df am Freitag in der 2. Liga beim Duell Hannover gegen den HSV weiter. Am Samstag f\u00fchrt er dann beim BVB- Gastspiel in K\u00f6ln die Interviews. Der zweite Einzelspiel-Kommentator am Freitag ist Christian Stra\u00dfburger, der zudem am Sonntag noch ein weiteres Spiel kommentieren wird. Am Samstag kommen Evers, Gaupp und <s>Oliver Seidler<\/s> zum Einsatz. <s>Letzterer wird am Samstag das Heimspiel von Holstein Kiel kommentieren und am Sonntag die Partie des KSCs. Beides, wie bei Sky \u00fcblich aus der Box.<\/s> <strong><em>Update<\/em><\/strong>: Da Oliver Seidler in die Bundesliga- Konferenz rutscht, \u00fcbernimmt Sven Schr\u00f6ter die Partie von Kiel.<\/p>\n\n\n\n<p>Das einzige 2. Liga Spiel bei Sky aus dem Stadion ist weiterhin das Spiel am Samstagabend, welches traditionell Stefan Hempel und Torsten Mattuschka \u00fcbernehmen. Auch Sport1 meldet sich hier aus den Millerntor- Stadion. Im Vergleich zum letzten Spieltag ver\u00e4ndert sich die Sport1- Crew nur leicht, die einzige Ver\u00e4nderung gibt es auf der Kommentatoren- Position, hier rotiert H\u00f6hner f\u00fcr Forster rein.<\/p>\n\n\n\n<p><strong>W\u00f6lfe gegen Werkself am Freitag<\/strong><\/p>\n\n\n\n<p>Am Freitag haben Magenta Sport und Eurosport die Bundesliga Partie Wolfsburg gegen Bayer 04 im Angebot. F\u00fcr Magenta wird Michael Seyberth diese Partie \u00fcbernehmen, zudem kommentiert er am Sonntag auch noch die Partie der Eintracht. Das Spiel am Samstag wird es dieses Wochenende exklusiv bei der Telekom mit Kommentator Oskar Heirler zu sehen geben, nicht aber in einem Sender der ARD. Am Sonntag werden zudem noch Antonia Engelhardt, Piller und K\u00f6pfer die Spiele kommentieren. Als Moderatorin wird am Sonntag Kamila Benschop in Duisburg beim Gastspiel der Bayern Frauen sein. Am Tag zuvor moderiert sie dort bereits die 3. Liga Partie des MSVs, Kommentator bei diesem Spiel Stefan Fuckert, der am Sonntag zudem noch das Spiel der Viktoria aus K\u00f6ln kommentieren wird.<\/p>\n\n\n\n<p>Die ARD ist an diesem Wochenende bei drei Partien live dabei. Dabei d\u00fcrfte Eike Papsdorf ihr Moderations- Deb\u00fct bei einer Fu\u00dfball\u00fcbertragung im MDR feiern und Andre Siems kommentiert diese Saison erstmals ein 3. Liga- Spiel f\u00fcr den BR im Fernsehen.<\/p>\n\n\n\n<p><strong>International ordentlich was los<\/strong><\/p>\n\n\n\n<p>In der Premier League steht an diesem Wochenende wieder ein kompletter Spieltag an. Dabei gibt es am Samstag gleich zwei Londoner Stadtduelle, Arsenal- Tottenham und Crystal Palace- Chelsea, die von den Hebel- Br\u00fcdern kommentiert werden. Am Sonntag steht dann das Stadtduell in Manchester an, City empf\u00e4ngt United und kommentiert wird das Spiel von Florian Schmidt- Sommerfeld.<\/p>\n\n\n\n<p>In La Liga kommentieren Jan Platte und Uli Hebel die Partien von Barca und Real, Experte ist dabei beide Male Michael Hofmann. Einen Doppeleinsatz feiert zudem Carsten Fu\u00df an diesem Wochenende in der Serie A.<\/p>\n\n\n\n<p>Das wars f\u00fcr diese Woche, allen ein sch\u00f6nes, sportliches Wochenende<\/p>\n\n\n\n<p><\/p>\n\n\n\n<p><\/p>\n\n\n\n<p><\/p>\n\n\n\n<p><\/p>\n","protected":false},"excerpt":{"rendered":"<p>Hallo zusammen, im letzten Beitrag hat sich Hannes bereits der Winter-WM 2022 , der Situation und den Problemen vor Ort angenommen. Dabei kam auch die Frage auf, inwieweit dies bei der Berichterstattung Rolle sein wird. Denn der Spagat dazwischen und dem Sport wird nicht so einfach, aber notwendig, sein. Bei der ARD ist schon bekannt, [&hellip;]<\/p>\n","protected":false},"author":10,"featured_media":0,"comment_status":"open","ping_status":"open","sticky":false,"template":"","format":"standard","meta":{"footnotes":""},"categories":[424],"tags":[292,49,163,867,645,178,35,13,61,295,32,48,69,315,93,676,294,9,70,43,572,243,121,67,239,95,130,17,634,15,113,293,690,45,98,415,22,344,394,28,866,27,16,105,107],"class_list":["post-13835","post","type-post","status-publish","format-standard","hentry","category-bundesliga-und-co","tag-alex-kunz","tag-alex-schlueter","tag-alexander-kuepper","tag-andre-siems","tag-antonia-engelhardt","tag-br","tag-christian-strassburger","tag-dazn","tag-frank-buschmann","tag-freddy-harder","tag-gari-paubandt","tag-jan-platte","tag-jonas-friedrich","tag-julian-engelhard","tag-kai-dittmann","tag-klaus-veltman","tag-lenny-leonhardt","tag-magenta-sport","tag-marcel-meinert","tag-marco-hagemann","tag-mario-bast","tag-mario-rieker","tag-markus-gaupp","tag-markus-hoehner","tag-markus-theil","tag-martin-gross","tag-martin-piller","tag-mdr","tag-michael-seyberth","tag-ndr","tag-oliver-seidler","tag-oskar-heirler","tag-philip-konrad","tag-roland-evers","tag-sebastian-hellmann","tag-simon-koepfer","tag-sky","tag-sr","tag-stefan-fuckert","tag-stefan-hempel","tag-stephan-wiedling","tag-sven-schroeter","tag-swr","tag-uli-hebel","tag-wolff-fuss"],"_links":{"self":[{"href":"https:\/\/kommentatorenblog.de\/index.php?rest_route=\/wp\/v2\/posts\/13835","targetHints":{"allow":["GET"]}}],"collection":[{"href":"https:\/\/kommentatorenblog.de\/index.php?rest_route=\/wp\/v2\/posts"}],"about":[{"href":"https:\/\/kommentatorenblog.de\/index.php?rest_route=\/wp\/v2\/types\/post"}],"author":[{"embeddable":true,"href":"https:\/\/kommentatorenblog.de\/index.php?rest_route=\/wp\/v2\/users\/10"}],"replies":[{"embeddable":true,"href":"https:\/\/kommentatorenblog.de\/index.php?rest_route=%2Fwp%2Fv2%2Fcomments&post=13835"}],"version-history":[{"count":26,"href":"https:\/\/kommentatorenblog.de\/index.php?rest_route=\/wp\/v2\/posts\/13835\/revisions"}],"predecessor-version":[{"id":13884,"href":"https:\/\/kommentatorenblog.de\/index.php?rest_route=\/wp\/v2\/posts\/13835\/revisions\/13884"}],"wp:attachment":[{"href":"https:\/\/kommentatorenblog.de\/index.php?rest_route=%2Fwp%2Fv2%2Fmedia&parent=13835"}],"wp:term":[{"taxonomy":"category","embeddable":true,"href":"https:\/\/kommentatorenblog.de\/index.php?rest_route=%2Fwp%2Fv2%2Fcategories&post=13835"},{"taxonomy":"post_tag","embeddable":true,"href":"https:\/\/kommentatorenblog.de\/index.php?rest_route=%2Fwp%2Fv2%2Ftags&post=13835"}],"curies":[{"name":"wp","href":"https:\/\/api.w.org\/{rel}","templated":true}]}}