{"id":13874,"date":"2022-10-03T21:00:42","date_gmt":"2022-10-03T19:00:42","guid":{"rendered":"http:\/\/kommentatorenblog.de\/?p=13874"},"modified":"2022-10-04T18:13:55","modified_gmt":"2022-10-04T16:13:55","slug":"1286-deutsche-mannschaften-zu-allen-anstosszeiten","status":"publish","type":"post","link":"https:\/\/kommentatorenblog.de\/?p=13874","title":{"rendered":"1286 &#8211; Deutsche Mannschaften zu allen Ansto\u00dfzeiten"},"content":{"rendered":"\n<p>N&#8217;Abend allerseits,<\/p>\n\n\n\n<p>Der Tag der deutschen Einheit sorgte zwar f\u00fcr Verwirrung bei mir, weil ich die ganze Zeit Sonntag mit Montag verwechsle, aber nichtsdestotrotz ist Montagabend und daher Kommentatorenblog-Zeit. Nach der L\u00e4nderspielpause, die bei mir ja sowieso fussballfreie Zeit bedeutet (ausgenommen ist die Frauen Bundesliga, da habe ich am 2.Spieltag beispielsweise begeistert die Wolfsburgerinnen bei der TSG Hoffenheim gesehen). Aber ja, ich habe mich wieder auf die Bundesliga usw. gefreut und das Wochenende hat einiges an Spektakel geboten, die fulminanten Bayern, eine turbulente Konferenz, dem Weser-Wahnsinn und einen torreichen Spieltagabschluss, um nur mal die Highlights der Bundesliga zu nennen. Zudem hatte ich das Vergn\u00fcgen, Liverpool gegen Brighton auf Flashscore zu kommentieren (<a rel=\"noreferrer noopener\" href=\"http:\/\/kommentatorenblog.de\/?p=13541\" target=\"_blank\">was es damit auf sich hat und warum hier Schleichwerbung mache, habe ich f\u00fcr diejenigen, die es verpasst haben hier mal erl\u00e4utert<\/a>). Von daher war es ein sehr gelungenes Wochenende. Nun stehen wieder die Champions League und die weiteren Europapokale an, daher rede ich mal nicht gro\u00df drumherum, sondern springe direkt zu den Ansetzungen der Woche.<\/p>\n\n\n\n<hr class=\"wp-block-separator\"\/>\n\n\n\n<p><strong><em>Die Ansetzungen vom 04. Oktober bis zum 06. Oktober 2<\/em><\/strong><em><strong>022<\/strong><\/em><\/p>\n\n\n\n<hr class=\"wp-block-separator\"\/>\n\n\n\n<p><strong>Champions League Gruppenphase, 03. Spieltag<\/strong><\/p>\n\n\n\n<p><span style=\"text-decoration: underline;\">Dienstag, 04. Oktober 2022, ab 18.00 Uhr (DAZN)<\/span><\/p>\n\n\n\n<p><strong><em>FC Bayern M\u00fcnchen \u2013 FC Viktoria Pilsen (18.45 Uhr)<\/em><\/strong><\/p>\n\n\n\n<p><img loading=\"lazy\" decoding=\"async\" width=\"10\" height=\"21\" class=\"wp-image-3656\" style=\"width: 10px;\" src=\"http:\/\/kommentatorenblog.de\/wp-content\/uploads\/2020\/09\/shure-55sh-ii-e1601485394796.jpg\" alt=\"\" srcset=\"https:\/\/kommentatorenblog.de\/wp-content\/uploads\/2020\/09\/shure-55sh-ii-e1601485394796.jpg 415w, https:\/\/kommentatorenblog.de\/wp-content\/uploads\/2020\/09\/shure-55sh-ii-e1601485394796-142x300.jpg 142w\" sizes=\"auto, (max-width: 10px) 100vw, 10px\" \/> Uli Hebel, Experte: Michael Ballack (Einzelspiel), Lukas Sch\u00f6nm\u00fcller (Konferenz)<\/p>\n\n\n\n<p>Moderation: Alex Schl\u00fcter, Field-Reporter: Max Siebald<\/p>\n\n\n\n<p><span style=\"text-decoration: underline;\">ab 18.30 Uhr (DAZN)<\/span><\/p>\n\n\n\n<p><em><strong>Olympique Marseille \u2013 Sporting Lissabon (18.45 Uhr)<\/strong><\/em><\/p>\n\n\n\n<p><img loading=\"lazy\" decoding=\"async\" width=\"10\" height=\"21\" class=\"wp-image-3656\" style=\"width: 10px;\" src=\"http:\/\/kommentatorenblog.de\/wp-content\/uploads\/2020\/09\/shure-55sh-ii-e1601485394796.jpg\" alt=\"\" srcset=\"https:\/\/kommentatorenblog.de\/wp-content\/uploads\/2020\/09\/shure-55sh-ii-e1601485394796.jpg 415w, https:\/\/kommentatorenblog.de\/wp-content\/uploads\/2020\/09\/shure-55sh-ii-e1601485394796-142x300.jpg 142w\" sizes=\"auto, (max-width: 10px) 100vw, 10px\" \/> Ruben Zimmermann (Einzelspiel), Tom Kirsten (Konferenz)<\/p>\n\n\n\n<p><span style=\"text-decoration: underline;\">ab 20.00 Uhr (PrimeVideo &#8211; exklusives Einzelspiel)<\/span><\/p>\n\n\n\n<p><em><strong>Eintracht Frankfurt \u2013 Tottenham Hotspur (21.00 Uhr)<\/strong><\/em><\/p>\n\n\n\n<p><img loading=\"lazy\" decoding=\"async\" width=\"10\" height=\"21\" class=\"wp-image-3656\" style=\"width: 10px;\" src=\"http:\/\/kommentatorenblog.de\/wp-content\/uploads\/2020\/09\/shure-55sh-ii-e1601485394796.jpg\" alt=\"\" srcset=\"https:\/\/kommentatorenblog.de\/wp-content\/uploads\/2020\/09\/shure-55sh-ii-e1601485394796.jpg 415w, https:\/\/kommentatorenblog.de\/wp-content\/uploads\/2020\/09\/shure-55sh-ii-e1601485394796-142x300.jpg 142w\" sizes=\"auto, (max-width: 10px) 100vw, 10px\" \/> Jonas Friedrich, Experte: Benedikt H\u00f6wedes<\/p>\n\n\n\n<p>Field-Reporter: Annika Zimmermann, Sebastian Benesch<\/p>\n\n\n\n<p>Moderation (Stadion): Sebastian Hellmann, Experten: Matthias Sammer, Tabea Kemme, Benedikt H\u00f6wedes, Schiedsrichter-Experte: Wolfgang Stark<\/p>\n\n\n\n<p><strong>Highlight-Show (23.00Uhr)<\/strong><\/p>\n\n\n\n<p>Moderation: Lena Cassel, Experte: Patrick Owomoyela<\/p>\n\n\n\n<p><span style=\"text-decoration: underline;\">ab 20.45Uhr (DAZN)<\/span><\/p>\n\n\n\n<p><strong><em>FC Porto \u2013 Bayer 04 Leverkusen (21.00 Uhr)<\/em><\/strong><\/p>\n\n\n\n<p><img loading=\"lazy\" decoding=\"async\" width=\"10\" height=\"21\" class=\"wp-image-3656\" style=\"width: 10px;\" src=\"http:\/\/kommentatorenblog.de\/wp-content\/uploads\/2020\/09\/shure-55sh-ii-e1601485394796.jpg\" alt=\"\" srcset=\"https:\/\/kommentatorenblog.de\/wp-content\/uploads\/2020\/09\/shure-55sh-ii-e1601485394796.jpg 415w, https:\/\/kommentatorenblog.de\/wp-content\/uploads\/2020\/09\/shure-55sh-ii-e1601485394796-142x300.jpg 142w\" sizes=\"auto, (max-width: 10px) 100vw, 10px\" \/> Nico Seepe, Experte: Sebastian Knei\u00dfl (Einzelspiel), Michael Born (Konferenz)<\/p>\n\n\n\n<p>Field-Reporterin: Ann-Sophie Kimmel<\/p>\n\n\n\n<p><strong><em>Inter Mailand \u2013 FC Barcelona (21.00 Uhr)<\/em><\/strong><\/p>\n\n\n\n<p><img loading=\"lazy\" decoding=\"async\" width=\"10\" height=\"21\" class=\"wp-image-3656\" style=\"width: 10px;\" src=\"http:\/\/kommentatorenblog.de\/wp-content\/uploads\/2020\/09\/shure-55sh-ii-e1601485394796.jpg\" alt=\"\" srcset=\"https:\/\/kommentatorenblog.de\/wp-content\/uploads\/2020\/09\/shure-55sh-ii-e1601485394796.jpg 415w, https:\/\/kommentatorenblog.de\/wp-content\/uploads\/2020\/09\/shure-55sh-ii-e1601485394796-142x300.jpg 142w\" sizes=\"auto, (max-width: 10px) 100vw, 10px\" \/> Franz B\u00fcchner, Experte: Benny Lauth (Einzelspiel), Mario Rieker (Konferenz)<\/p>\n\n\n\n<p><strong><em>FC Liverpool \u2013 Glasgow Rangers (21.00 Uhr)<\/em><\/strong><\/p>\n\n\n\n<p><img loading=\"lazy\" decoding=\"async\" width=\"10\" height=\"21\" class=\"wp-image-3656\" style=\"width: 10px;\" src=\"http:\/\/kommentatorenblog.de\/wp-content\/uploads\/2020\/09\/shure-55sh-ii-e1601485394796.jpg\" alt=\"\" srcset=\"https:\/\/kommentatorenblog.de\/wp-content\/uploads\/2020\/09\/shure-55sh-ii-e1601485394796.jpg 415w, https:\/\/kommentatorenblog.de\/wp-content\/uploads\/2020\/09\/shure-55sh-ii-e1601485394796-142x300.jpg 142w\" sizes=\"auto, (max-width: 10px) 100vw, 10px\" \/> Joachim Hebel, Experte: Sascha Bigalke (Einzelspiel), Flo Hauser (Konferenz)<\/p>\n\n\n\n<p><strong><em>Ajax Amsterdam \u2013 SSC Neapel (21.00 Uhr)<\/em><\/strong><\/p>\n\n\n\n<p><img loading=\"lazy\" decoding=\"async\" width=\"10\" height=\"21\" class=\"wp-image-3656\" style=\"width: 10px;\" src=\"http:\/\/kommentatorenblog.de\/wp-content\/uploads\/2020\/09\/shure-55sh-ii-e1601485394796.jpg\" alt=\"\" srcset=\"https:\/\/kommentatorenblog.de\/wp-content\/uploads\/2020\/09\/shure-55sh-ii-e1601485394796.jpg 415w, https:\/\/kommentatorenblog.de\/wp-content\/uploads\/2020\/09\/shure-55sh-ii-e1601485394796-142x300.jpg 142w\" sizes=\"auto, (max-width: 10px) 100vw, 10px\" \/> Carsten Fu\u00df (Einzelspiel), Adrian Geiler (Konferenz)<\/p>\n\n\n\n<p><strong><em>FC Club Br\u00fcgge \u2013 Atl\u00e9tico Madrid (21.00 Uhr)<\/em><\/strong><\/p>\n\n\n\n<p><img loading=\"lazy\" decoding=\"async\" width=\"10\" height=\"21\" class=\"wp-image-3656\" style=\"width: 10px;\" src=\"http:\/\/kommentatorenblog.de\/wp-content\/uploads\/2020\/09\/shure-55sh-ii-e1601485394796.jpg\" alt=\"\" srcset=\"https:\/\/kommentatorenblog.de\/wp-content\/uploads\/2020\/09\/shure-55sh-ii-e1601485394796.jpg 415w, https:\/\/kommentatorenblog.de\/wp-content\/uploads\/2020\/09\/shure-55sh-ii-e1601485394796-142x300.jpg 142w\" sizes=\"auto, (max-width: 10px) 100vw, 10px\" \/> Julian Engelhard (Einzelspiel), Oliver Forster (Konferenz)<\/p>\n\n\n\n<p>Moderation (DAZN): Jan L\u00fcdeke<\/p>\n\n\n\n<p><span style=\"text-decoration: underline;\">Mittwoch, 05. Oktober 2022, ab 18.30 Uhr (DAZN)<\/span><\/p>\n\n\n\n<p><strong><em>RB Leipzig \u2013 Celtic Glasgow (18.45Uhr)<\/em><\/strong><\/p>\n\n\n\n<p><img loading=\"lazy\" decoding=\"async\" width=\"10\" height=\"21\" class=\"wp-image-3656\" style=\"width: 10px;\" src=\"http:\/\/kommentatorenblog.de\/wp-content\/uploads\/2020\/09\/shure-55sh-ii-e1601485394796.jpg\" alt=\"\" srcset=\"https:\/\/kommentatorenblog.de\/wp-content\/uploads\/2020\/09\/shure-55sh-ii-e1601485394796.jpg 415w, https:\/\/kommentatorenblog.de\/wp-content\/uploads\/2020\/09\/shure-55sh-ii-e1601485394796-142x300.jpg 142w\" sizes=\"auto, (max-width: 10px) 100vw, 10px\" \/> Marco Hagemann, Experte: Jonas Hummels (Einzelspiel), Freddy Harder (Konferenz)<\/p>\n\n\n\n<p>Field-Reporter: Benni Zander<\/p>\n\n\n\n<p><strong><em>FC Salzburg \u2013 Dinamo Zagreb (18.45 Uhr)<\/em><\/strong><\/p>\n\n\n\n<p><img loading=\"lazy\" decoding=\"async\" width=\"10\" height=\"21\" class=\"wp-image-3656\" style=\"width: 10px;\" src=\"http:\/\/kommentatorenblog.de\/wp-content\/uploads\/2020\/09\/shure-55sh-ii-e1601485394796.jpg\" alt=\"\" srcset=\"https:\/\/kommentatorenblog.de\/wp-content\/uploads\/2020\/09\/shure-55sh-ii-e1601485394796.jpg 415w, https:\/\/kommentatorenblog.de\/wp-content\/uploads\/2020\/09\/shure-55sh-ii-e1601485394796-142x300.jpg 142w\" sizes=\"auto, (max-width: 10px) 100vw, 10px\" \/> Adrian Geiler (Einzelspiel), Max Gross (Konferenz)<\/p>\n\n\n\n<p><span style=\"text-decoration: underline;\">ab 20.15 Uhr (DAZN)<\/span> <\/p>\n\n\n\n<p><strong><em><em><strong>FC Sevilla \u2013 Borussia Dortmund<\/strong><\/em> (21.00 Uhr)<\/em><\/strong><\/p>\n\n\n\n<p><img loading=\"lazy\" decoding=\"async\" width=\"10\" height=\"21\" class=\"wp-image-3656\" style=\"width: 10px;\" src=\"http:\/\/kommentatorenblog.de\/wp-content\/uploads\/2020\/09\/shure-55sh-ii-e1601485394796.jpg\" alt=\"\" srcset=\"https:\/\/kommentatorenblog.de\/wp-content\/uploads\/2020\/09\/shure-55sh-ii-e1601485394796.jpg 415w, https:\/\/kommentatorenblog.de\/wp-content\/uploads\/2020\/09\/shure-55sh-ii-e1601485394796-142x300.jpg 142w\" sizes=\"auto, (max-width: 10px) 100vw, 10px\" \/> Jan Platte, Experte: Sami Khedira (Einzelspiel), Michael Born (Konferenz)<\/p>\n\n\n\n<p>Moderation: Laura Wontorra, Field-Reporter: Daniel Herzog<\/p>\n\n\n\n<p><span style=\"text-decoration: underline;\">ab 20.45 Uhr (DAZN)<\/span> <\/p>\n\n\n\n<p><strong><em>FC Chelsea \u2013 AC Mailand (21.00 Uhr)<\/em><\/strong><\/p>\n\n\n\n<p><img loading=\"lazy\" decoding=\"async\" width=\"10\" height=\"21\" class=\"wp-image-3656\" style=\"width: 10px;\" src=\"http:\/\/kommentatorenblog.de\/wp-content\/uploads\/2020\/09\/shure-55sh-ii-e1601485394796.jpg\" alt=\"\" srcset=\"https:\/\/kommentatorenblog.de\/wp-content\/uploads\/2020\/09\/shure-55sh-ii-e1601485394796.jpg 415w, https:\/\/kommentatorenblog.de\/wp-content\/uploads\/2020\/09\/shure-55sh-ii-e1601485394796-142x300.jpg 142w\" sizes=\"auto, (max-width: 10px) 100vw, 10px\" \/> Carsten Fu\u00df, Experte: Christian Bernhard (Einzelspiel), Max Siebald (Konferenz)<\/p>\n\n\n\n<p><strong><em>Real Madrid \u2013 Shakhtar Donetsk (21.00 Uhr)<\/em><\/strong><\/p>\n\n\n\n<p><img loading=\"lazy\" decoding=\"async\" width=\"10\" height=\"21\" class=\"wp-image-3656\" style=\"width: 10px;\" src=\"http:\/\/kommentatorenblog.de\/wp-content\/uploads\/2020\/09\/shure-55sh-ii-e1601485394796.jpg\" alt=\"\" srcset=\"https:\/\/kommentatorenblog.de\/wp-content\/uploads\/2020\/09\/shure-55sh-ii-e1601485394796.jpg 415w, https:\/\/kommentatorenblog.de\/wp-content\/uploads\/2020\/09\/shure-55sh-ii-e1601485394796-142x300.jpg 142w\" sizes=\"auto, (max-width: 10px) 100vw, 10px\" \/> Freddie Schulz (Einzelspiel), Nico Seepe (Konferenz)<\/p>\n\n\n\n<p><strong><em>Manchester City \u2013 FC Kopenhagen (21.00 Uhr)<\/em><\/strong><\/p>\n\n\n\n<p><img loading=\"lazy\" decoding=\"async\" width=\"10\" height=\"21\" class=\"wp-image-3656\" style=\"width: 10px;\" src=\"http:\/\/kommentatorenblog.de\/wp-content\/uploads\/2020\/09\/shure-55sh-ii-e1601485394796.jpg\" alt=\"\" srcset=\"https:\/\/kommentatorenblog.de\/wp-content\/uploads\/2020\/09\/shure-55sh-ii-e1601485394796.jpg 415w, https:\/\/kommentatorenblog.de\/wp-content\/uploads\/2020\/09\/shure-55sh-ii-e1601485394796-142x300.jpg 142w\" sizes=\"auto, (max-width: 10px) 100vw, 10px\" \/> Uwe Morawe (Einzelspiel), Marcel Seufert (Konferenz)<\/p>\n\n\n\n<p><strong><em>Juventus Turin \u2013 Maccabi Haifa (21.00 Uhr)<\/em><\/strong><\/p>\n\n\n\n<p><img loading=\"lazy\" decoding=\"async\" width=\"10\" height=\"21\" class=\"wp-image-3656\" style=\"width: 10px;\" src=\"http:\/\/kommentatorenblog.de\/wp-content\/uploads\/2020\/09\/shure-55sh-ii-e1601485394796.jpg\" alt=\"\" srcset=\"https:\/\/kommentatorenblog.de\/wp-content\/uploads\/2020\/09\/shure-55sh-ii-e1601485394796.jpg 415w, https:\/\/kommentatorenblog.de\/wp-content\/uploads\/2020\/09\/shure-55sh-ii-e1601485394796-142x300.jpg 142w\" sizes=\"auto, (max-width: 10px) 100vw, 10px\" \/> Guido H\u00fcsgen (Einzelspiel), Flo Hauser (Konferenz)<\/p>\n\n\n\n<p><strong><em>Benfica Lissabon \u2013 Paris Saint-Germain (21.00 Uhr)<\/em><\/strong><\/p>\n\n\n\n<p><img loading=\"lazy\" decoding=\"async\" width=\"10\" height=\"21\" class=\"wp-image-3656\" style=\"width: 10px;\" src=\"http:\/\/kommentatorenblog.de\/wp-content\/uploads\/2020\/09\/shure-55sh-ii-e1601485394796.jpg\" alt=\"\" srcset=\"https:\/\/kommentatorenblog.de\/wp-content\/uploads\/2020\/09\/shure-55sh-ii-e1601485394796.jpg 415w, https:\/\/kommentatorenblog.de\/wp-content\/uploads\/2020\/09\/shure-55sh-ii-e1601485394796-142x300.jpg 142w\" sizes=\"auto, (max-width: 10px) 100vw, 10px\" \/> Stefan Galler (Einzelspiel), Oliver Forster (Konferenz)<\/p>\n\n\n\n<p>Moderation (Konferenz): Tobi Wahnschaffe<\/p>\n\n\n\n<hr class=\"wp-block-separator\"\/>\n\n\n\n<p><strong>Europa League\/Europa Conference League Gruppenphase, 01. Spieltag (RTL)<\/strong><\/p>\n\n\n\n<p><span style=\"text-decoration: underline;\">Donnerstag, 08. September 2022, ab 17.30 Uhr (RTL+)<\/span><\/p>\n\n\n\n<p><strong><em>Malm\u00f6 FF<\/em><\/strong>&nbsp;<strong><em>\u2013<\/em><\/strong>&nbsp;<strong><em>1.FC Union Berlin (18.45 Uhr)<\/em><\/strong><\/p>\n\n\n\n<p><img loading=\"lazy\" decoding=\"async\" width=\"10\" height=\"21\" class=\"wp-image-3656\" style=\"width: 10px;\" src=\"http:\/\/kommentatorenblog.de\/wp-content\/uploads\/2020\/09\/shure-55sh-ii-e1601485394796.jpg\" alt=\"\" srcset=\"https:\/\/kommentatorenblog.de\/wp-content\/uploads\/2020\/09\/shure-55sh-ii-e1601485394796.jpg 415w, https:\/\/kommentatorenblog.de\/wp-content\/uploads\/2020\/09\/shure-55sh-ii-e1601485394796-142x300.jpg 142w\" sizes=\"auto, (max-width: 10px) 100vw, 10px\" \/> Michael Born (Einzelspiel), Christina Graf (Konferenz)<\/p>\n\n\n\n<p>Field-Reporter:<\/p>\n\n\n\n<p><strong><em>Omonoia FC <strong><em>\u2013<\/em><\/strong>&nbsp;Manchester United (18.45 Uhr)<\/em><\/strong><\/p>\n\n\n\n<p><img loading=\"lazy\" decoding=\"async\" width=\"10\" height=\"21\" class=\"wp-image-3656\" style=\"width: 10px;\" src=\"http:\/\/kommentatorenblog.de\/wp-content\/uploads\/2020\/09\/shure-55sh-ii-e1601485394796.jpg\" alt=\"\" srcset=\"https:\/\/kommentatorenblog.de\/wp-content\/uploads\/2020\/09\/shure-55sh-ii-e1601485394796.jpg 415w, https:\/\/kommentatorenblog.de\/wp-content\/uploads\/2020\/09\/shure-55sh-ii-e1601485394796-142x300.jpg 142w\" sizes=\"auto, (max-width: 10px) 100vw, 10px\" \/> Oliver Seidler (Einzelspiel), Heiko Wa\u00dfer (Konferenz)<\/p>\n\n\n\n<p><strong><em>AS Monaco<\/em><\/strong>&nbsp;<strong><em>\u2013<\/em><\/strong>&nbsp;<strong><em>Trabzonspor AS (18.45 Uhr)<\/em><\/strong><\/p>\n\n\n\n<p><img loading=\"lazy\" decoding=\"async\" width=\"10\" height=\"21\" class=\"wp-image-3656\" style=\"width: 10px;\" src=\"http:\/\/kommentatorenblog.de\/wp-content\/uploads\/2020\/09\/shure-55sh-ii-e1601485394796.jpg\" alt=\"\" srcset=\"https:\/\/kommentatorenblog.de\/wp-content\/uploads\/2020\/09\/shure-55sh-ii-e1601485394796.jpg 415w, https:\/\/kommentatorenblog.de\/wp-content\/uploads\/2020\/09\/shure-55sh-ii-e1601485394796-142x300.jpg 142w\" sizes=\"auto, (max-width: 10px) 100vw, 10px\" \/> Stefan Galler (Einzelspiel), Julian Engelhard (Konferenz)<\/p>\n\n\n\n<p><strong><em>RSC Anderlecht <strong><em>\u2013<\/em><\/strong>&nbsp;West Ham United (18.45 Uhr)<\/em><\/strong><\/p>\n\n\n\n<p><img loading=\"lazy\" decoding=\"async\" width=\"10\" height=\"21\" class=\"wp-image-3656\" style=\"width: 10px;\" src=\"http:\/\/kommentatorenblog.de\/wp-content\/uploads\/2020\/09\/shure-55sh-ii-e1601485394796.jpg\" alt=\"\" srcset=\"https:\/\/kommentatorenblog.de\/wp-content\/uploads\/2020\/09\/shure-55sh-ii-e1601485394796.jpg 415w, https:\/\/kommentatorenblog.de\/wp-content\/uploads\/2020\/09\/shure-55sh-ii-e1601485394796-142x300.jpg 142w\" sizes=\"auto, (max-width: 10px) 100vw, 10px\" \/> Frederick Schulz (Einzelspiel), Alexander K\u00fcpper (Konferenz)<\/p>\n\n\n\n<p><span style=\"text-decoration: underline;\">ab 20.15 Uhr (RTL) bzw. ab 20.40 Uhr (RTL+)<\/span><\/p>\n\n\n\n<p><strong><em>1.FC K\u00f6ln <strong><em>\u2013<\/em><\/strong> FK Partizan (21.00 Uhr)<\/em><\/strong><\/p>\n\n\n\n<p>RTL: <img loading=\"lazy\" decoding=\"async\" width=\"10\" height=\"21\" class=\"wp-image-3656\" style=\"width: 10px;\" src=\"http:\/\/kommentatorenblog.de\/wp-content\/uploads\/2020\/09\/shure-55sh-ii-e1601485394796.jpg\" alt=\"\" srcset=\"https:\/\/kommentatorenblog.de\/wp-content\/uploads\/2020\/09\/shure-55sh-ii-e1601485394796.jpg 415w, https:\/\/kommentatorenblog.de\/wp-content\/uploads\/2020\/09\/shure-55sh-ii-e1601485394796-142x300.jpg 142w\" sizes=\"auto, (max-width: 10px) 100vw, 10px\" \/> Marco Hagemann, Experte: Steffen Freund, Field-Reporter: <\/p>\n\n\n\n<p>RTL+ <img loading=\"lazy\" decoding=\"async\" width=\"10\" height=\"21\" class=\"wp-image-3656\" style=\"width: 10px;\" src=\"http:\/\/kommentatorenblog.de\/wp-content\/uploads\/2020\/09\/shure-55sh-ii-e1601485394796.jpg\" alt=\"\" srcset=\"https:\/\/kommentatorenblog.de\/wp-content\/uploads\/2020\/09\/shure-55sh-ii-e1601485394796.jpg 415w, https:\/\/kommentatorenblog.de\/wp-content\/uploads\/2020\/09\/shure-55sh-ii-e1601485394796-142x300.jpg 142w\" sizes=\"auto, (max-width: 10px) 100vw, 10px\" \/> Robby Hunke, Experte: Patrick Helmes (Einzelspiel), J\u00fcrgen Schmitz (Konferenz)<\/p>\n\n\n\n<p>Moderation (RTL): Laura Papendick, Experten: Karl-Heinz Riedle, Lothar Matth\u00e4us<\/p>\n\n\n\n<p><span style=\"text-decoration: underline;\">ab 20.40 Uhr (RTL+)<\/span><\/p>\n\n\n\n<p><strong><em>SC Freiburg <strong><em>\u2013<\/em><\/strong> FC Nantes<\/em><\/strong> <strong><em>(21.00 Uhr)<\/em><\/strong><\/p>\n\n\n\n<p><img loading=\"lazy\" decoding=\"async\" width=\"10\" height=\"21\" class=\"wp-image-3656\" style=\"width: 10px;\" src=\"http:\/\/kommentatorenblog.de\/wp-content\/uploads\/2020\/09\/shure-55sh-ii-e1601485394796.jpg\" alt=\"\" srcset=\"https:\/\/kommentatorenblog.de\/wp-content\/uploads\/2020\/09\/shure-55sh-ii-e1601485394796.jpg 415w, https:\/\/kommentatorenblog.de\/wp-content\/uploads\/2020\/09\/shure-55sh-ii-e1601485394796-142x300.jpg 142w\" sizes=\"auto, (max-width: 10px) 100vw, 10px\" \/> Cornelius K\u00fcpper (Einzelspiel), Christian Stra\u00dfburger (Konferenz)<\/p>\n\n\n\n<p><strong><em>AS Rom <strong><em>\u2013<\/em><\/strong> Real Betis (21.00 Uhr)<\/em><\/strong><\/p>\n\n\n\n<p><img loading=\"lazy\" decoding=\"async\" width=\"10\" height=\"21\" class=\"wp-image-3656\" style=\"width: 10px;\" src=\"http:\/\/kommentatorenblog.de\/wp-content\/uploads\/2020\/09\/shure-55sh-ii-e1601485394796.jpg\" alt=\"\" srcset=\"https:\/\/kommentatorenblog.de\/wp-content\/uploads\/2020\/09\/shure-55sh-ii-e1601485394796.jpg 415w, https:\/\/kommentatorenblog.de\/wp-content\/uploads\/2020\/09\/shure-55sh-ii-e1601485394796-142x300.jpg 142w\" sizes=\"auto, (max-width: 10px) 100vw, 10px\" \/> Florian von Stackelberg (Einzelspiel), Philip Konrad (Konferenz)<\/p>\n\n\n\n<p><strong><em>Fenerbahce Istanbul <strong><em>\u2013<\/em><\/strong> AEK Larnaka (21.00 Uhr)<\/em><\/strong><\/p>\n\n\n\n<p><img loading=\"lazy\" decoding=\"async\" width=\"10\" height=\"21\" class=\"wp-image-3656\" style=\"width: 10px;\" src=\"http:\/\/kommentatorenblog.de\/wp-content\/uploads\/2020\/09\/shure-55sh-ii-e1601485394796.jpg\" alt=\"\" srcset=\"https:\/\/kommentatorenblog.de\/wp-content\/uploads\/2020\/09\/shure-55sh-ii-e1601485394796.jpg 415w, https:\/\/kommentatorenblog.de\/wp-content\/uploads\/2020\/09\/shure-55sh-ii-e1601485394796-142x300.jpg 142w\" sizes=\"auto, (max-width: 10px) 100vw, 10px\" \/> Christoph Stadtler (Einzelspiel), Klaus Veltman (Konferenz)<\/p>\n\n\n\n<p><strong><em>FC Arsenal <strong><em>\u2013<\/em><\/strong> FK Bod\u00f6\/Glimt&nbsp;(21.00 Uhr)<\/em><\/strong><\/p>\n\n\n\n<p><img loading=\"lazy\" decoding=\"async\" width=\"10\" height=\"21\" class=\"wp-image-3656\" style=\"width: 10px;\" src=\"http:\/\/kommentatorenblog.de\/wp-content\/uploads\/2020\/09\/shure-55sh-ii-e1601485394796.jpg\" alt=\"\" srcset=\"https:\/\/kommentatorenblog.de\/wp-content\/uploads\/2020\/09\/shure-55sh-ii-e1601485394796.jpg 415w, https:\/\/kommentatorenblog.de\/wp-content\/uploads\/2020\/09\/shure-55sh-ii-e1601485394796-142x300.jpg 142w\" sizes=\"auto, (max-width: 10px) 100vw, 10px\" \/> Alexander Klich (Konferenz)<\/p>\n\n\n\n<p>Moderation (RTL+): Anna Kraft, Arnd Zeigler und Ansgar Brinkmann<\/p>\n\n\n\n<hr class=\"wp-block-separator\"\/>\n\n\n\n<p><strong>Die Analyse<\/strong><\/p>\n\n\n\n<p><strong>Hebel und Ballack wieder bei den Bayern<\/strong><\/p>\n\n\n\n<p>Die Champions League startet am Dienstag bereits zur fr\u00fchen Ansto\u00dfzeit mit deutscher Beteiligung. Die Bayern empfangen Viktoria Pilsen zu sehen live auf DAZN. Ab 18Uhr meldet sich Alex Schl\u00fcter mit Michael Ballack aus der Allianz Arena &#8211; zumindest gehen wir mal von Ballack aus, zumindest in der Bundesliga ist er ja kurzfristig ausgefallen. Kommentieren wird dann Uli Hebel, das Duo Hebel &amp; Ballack \u00fcbernahm ja bereits den ersten Spieltag die Bayern bei Inter Mailand. Field-Reporter ist im \u00fcbrigen Max Siebald. In der Konferenz \u00fcbernimmt Lukas Sch\u00f6nm\u00fcller, der sich mit Tom Kirsten die B\u00e4lle hin und her schiebt.<\/p>\n\n\n\n<p><strong>SGE auf Prime, Bayer auf DAZN<\/strong><\/p>\n\n\n\n<p>Ab 20Uhr steigt dann Prime Video ins Geschehen ein, man verspricht sich von den Frankfurtern gegen die Spurs mehr als von den Bayern &#8211; und so ehrlich muss man sein, diese Wahl ist verst\u00e4ndlich. Sebastian Hellmann meldet sich mit Matthias Sammer und Tabea Kemme vom Tisch, zudem wird Benedikt H\u00f6wedes die Doppelrolle als Experte am Tisch und Co-Kommentar neben Jonas Friedrich als Co-Kommentator \u00fcbernehmen. Field-Reporterin bzw. Field-Reporter sind wie gewohnt Annika Zimmermann und Sebastian Benesch. <\/p>\n\n\n\n<p>DAZN verbleibt daher noch eine deutsche Mannschaft zur sp\u00e4ten Ansto\u00dfzeit. Bayer Leverkusen ist zu Gast bei Porto. In der Bundesliga l\u00e4uft es bei der Werkself ja sehr bescheiden, daher w\u00e4re ein Erfolgserlebnis sehr wichtig f\u00fcrs Selbstvertrauen. Vor Ort ist einzig Field-Reporterin Ann-Sophie Kimmel, Nico Seepe und Seb Knei\u00dfl melden sich also nur aus M\u00fcnchen. Ansonsten sticht nat\u00fcrlich Inter Mailand gegen den FC Barcelona heraus, Franz B\u00fcchner und Benny Lauth \u00fcbernehmen. In der Konferenz k\u00fcmmert sich Michael Born, nachdem er die Werkself am letzten Spieltag einzeln kommentierte, \u00fcbernimmt Leverkusen in der Konferenz. Ansonsten sind mit Mario Rieker, Flo Hauser Adrian Geiler und Oliver Forster \u00fcbliche Verd\u00e4chtige mit dabei. <\/p>\n\n\n\n<p><strong>Die deutschen Spiele live aus dem Stadion<\/strong><\/p>\n\n\n\n<p>Am Mittwoch gibts ein \u00e4hnliches Bild wie am Dienstag, sowohl zur fr\u00fchen als auch zur sp\u00e4ten Ansto\u00dfzeit gibt es deutsche Beteiligung. Somit verzichten wir also auf deutsche Konferenzen. Zur fr\u00fchen Ansto\u00dfzeit startet Leipzig ins Geschehen. Bei DAZN gibt es zwar keinen gesonderten Verlauf, aber mit Marco Hagemann und Jonas Hummels als Kommentator bzw. Experte und Benni Zander als Field-Reporter sind gleich drei Leute vor Ort. Parallel k\u00fcmmert sich Adrian Geiler um Salzburg gegen Zagreb. In der Konferenz \u00fcbernehmen Freddy Harder und Max Gross. <\/p>\n\n\n\n<p>Zur sp\u00e4ten Ansto\u00dfzeit ist dann der BVB in Sevilla unterwegs, nach Schl\u00fcter; Ballack und Hebel am Dienstag \u00fcbernehmen hier Wontorra; Khedira und Platte. Man k\u00f6nnte bei diesen sechs von der ersten DAZN-Garde sprechen &#8211; muss man aber nicht. Field-Reporter ist im \u00fcbrigen Daniel &#8222;Herzi&#8220; Herzog. In der Konferenz \u00fcbernimmt Michael Born wieder ein deutsches Team, zudem sind schieben auch die Herren Hauser und Forster ein Konferenz-Doppelschicht. <\/p>\n\n\n\n<p><strong>der RTL-Wahnsinn rund um den Effzeh<\/strong><\/p>\n\n\n\n<p>Mit Blick auf die Europa League gibts im Hauptprogramm wieder die K\u00f6lner, die Crew ist die Altbekannte. Nat\u00fcrlich gibt das Spiel aber auch auf RTL+, hier kommentiert Robby Hunke mit Patrick Helmes. Hier stelle ich mal die Frage in den Raum, welchen Sinn es ergibt, dass es bei der selben Partie zwei Kommentatoren je einem Co-Kommentatoren gibt und bei den anderen beiden deutschen Spielen keinen Co-Kommentator. Apropos andere deutsche Partien, Michael Born \u00fcbernimmt Union und Corni K\u00fcpper den SC Freiburg. Field-Reporter liefern wir euch wegen des Feiertags erst morgen nach. In der Konferenz sind Christina Graf, J\u00fcrgen Schmitz und Christian Stra\u00dfburger bei den deutschen Spielen im Einsatz. <\/p>\n\n\n\n<p>Na dann, habt eine sch\u00f6ne Woche und bis demn\u00e4chst. <\/p>\n","protected":false},"excerpt":{"rendered":"<p>N&#8217;Abend allerseits, Der Tag der deutschen Einheit sorgte zwar f\u00fcr Verwirrung bei mir, weil ich die ganze Zeit Sonntag mit Montag verwechsle, aber nichtsdestotrotz ist Montagabend und daher Kommentatorenblog-Zeit. Nach der L\u00e4nderspielpause, die bei mir ja sowieso fussballfreie Zeit bedeutet (ausgenommen ist die Frauen Bundesliga, da habe ich am 2.Spieltag beispielsweise begeistert die Wolfsburgerinnen bei [&hellip;]<\/p>\n","protected":false},"author":5,"featured_media":0,"comment_status":"open","ping_status":"open","sticky":false,"template":"","format":"standard","meta":{"footnotes":""},"categories":[425],"tags":[],"class_list":["post-13874","post","type-post","status-publish","format-standard","hentry","category-champions-league-und-co"],"_links":{"self":[{"href":"https:\/\/kommentatorenblog.de\/index.php?rest_route=\/wp\/v2\/posts\/13874","targetHints":{"allow":["GET"]}}],"collection":[{"href":"https:\/\/kommentatorenblog.de\/index.php?rest_route=\/wp\/v2\/posts"}],"about":[{"href":"https:\/\/kommentatorenblog.de\/index.php?rest_route=\/wp\/v2\/types\/post"}],"author":[{"embeddable":true,"href":"https:\/\/kommentatorenblog.de\/index.php?rest_route=\/wp\/v2\/users\/5"}],"replies":[{"embeddable":true,"href":"https:\/\/kommentatorenblog.de\/index.php?rest_route=%2Fwp%2Fv2%2Fcomments&post=13874"}],"version-history":[{"count":7,"href":"https:\/\/kommentatorenblog.de\/index.php?rest_route=\/wp\/v2\/posts\/13874\/revisions"}],"predecessor-version":[{"id":13895,"href":"https:\/\/kommentatorenblog.de\/index.php?rest_route=\/wp\/v2\/posts\/13874\/revisions\/13895"}],"wp:attachment":[{"href":"https:\/\/kommentatorenblog.de\/index.php?rest_route=%2Fwp%2Fv2%2Fmedia&parent=13874"}],"wp:term":[{"taxonomy":"category","embeddable":true,"href":"https:\/\/kommentatorenblog.de\/index.php?rest_route=%2Fwp%2Fv2%2Fcategories&post=13874"},{"taxonomy":"post_tag","embeddable":true,"href":"https:\/\/kommentatorenblog.de\/index.php?rest_route=%2Fwp%2Fv2%2Ftags&post=13874"}],"curies":[{"name":"wp","href":"https:\/\/api.w.org\/{rel}","templated":true}]}}