{"id":13931,"date":"2022-10-10T21:58:02","date_gmt":"2022-10-10T19:58:02","guid":{"rendered":"http:\/\/kommentatorenblog.de\/?p=13931"},"modified":"2022-10-11T19:55:04","modified_gmt":"2022-10-11T17:55:04","slug":"1288-die-haelfte-der-gruppenphase-ist-geschafft","status":"publish","type":"post","link":"https:\/\/kommentatorenblog.de\/?p=13931","title":{"rendered":"1288 &#8211; Die H\u00e4lfte der Gruppenphase ist geschafft"},"content":{"rendered":"\n<p>N&#8217;Abend allerseits,<\/p>\n\n\n\n<p>die H\u00e4lfte der Europapokalspiele der Gruppenphase ist rum. Und postwendend startet bereits die zweite H\u00e4lfte der Gruppenphase. Von den f\u00fcnf Teams in der Champions League haben die Bayern die besten Karten und k\u00f6nnten je nach Ausgang im Parallelspiel bereits in dieser Woche den Achtelfinaleinzug klar machen. Auch der BVB kann mit einem Sieg Platz zwei klar machen. Die beiden besten Teams Deutschlands sind also auf Kurs. Eintracht Frankfurt hat noch alles in der eigenen Hand, um dies allerdings auch nach Spieltag vier zu sagen, braucht die Eintracht mindestens einen Punkt bei Tottenham. RB Leipzig und Bayer Leverkusen wiederum sind unter Zugzwang, ein Sieg w\u00e4re f\u00fcr beide verdammt wichtig. <\/p>\n\n\n\n<p>In der Europa League kann der SC Freiburg mit einem Sieg das \u00dcberwintern in der Europa League klarmachen, Union Berlin zumindest das \u00dcberwintern im Europapokal, w\u00e4hrend f\u00fcr den 1.FC K\u00f6ln noch alles offen in der Conference League.<\/p>\n\n\n\n<p>So viel also zur Ausgangslage, jetzt aber der Sprung in die Ansetzungen!<\/p>\n\n\n\n<hr class=\"wp-block-separator\"\/>\n\n\n\n<p><strong><em>Die Ansetzungen vom 11. Oktober bis zum 13. Oktober 2<\/em><\/strong><em><strong>022<\/strong><\/em><\/p>\n\n\n\n<hr class=\"wp-block-separator\"\/>\n\n\n\n<p><strong>Champions League Gruppenphase, 04. Spieltag<\/strong><\/p>\n\n\n\n<p><span style=\"text-decoration: underline;\">Dienstag, 11. Oktober 2022, ab 18.15 Uhr (DAZN)<\/span><\/p>\n\n\n\n<p><strong><em>FC Kopenhagen \u2013 Manchester City (18.45 Uhr)<\/em><\/strong><\/p>\n\n\n\n<p><img loading=\"lazy\" decoding=\"async\" width=\"10\" height=\"21\" class=\"wp-image-3656\" style=\"width: 10px;\" src=\"http:\/\/kommentatorenblog.de\/wp-content\/uploads\/2020\/09\/shure-55sh-ii-e1601485394796.jpg\" alt=\"\" srcset=\"https:\/\/kommentatorenblog.de\/wp-content\/uploads\/2020\/09\/shure-55sh-ii-e1601485394796.jpg 415w, https:\/\/kommentatorenblog.de\/wp-content\/uploads\/2020\/09\/shure-55sh-ii-e1601485394796-142x300.jpg 142w\" sizes=\"auto, (max-width: 10px) 100vw, 10px\" \/> Daniel G\u00fcnther (Einzelspiel), Marcel Seufert (Konferenz)<\/p>\n\n\n\n<p><strong><em>Maccabi Haifa \u2013 Juventus Turin (18.45 Uhr)<\/em><\/strong><\/p>\n\n\n\n<p><img loading=\"lazy\" decoding=\"async\" width=\"10\" height=\"21\" class=\"wp-image-3656\" style=\"width: 10px;\" src=\"http:\/\/kommentatorenblog.de\/wp-content\/uploads\/2020\/09\/shure-55sh-ii-e1601485394796.jpg\" alt=\"\" srcset=\"https:\/\/kommentatorenblog.de\/wp-content\/uploads\/2020\/09\/shure-55sh-ii-e1601485394796.jpg 415w, https:\/\/kommentatorenblog.de\/wp-content\/uploads\/2020\/09\/shure-55sh-ii-e1601485394796-142x300.jpg 142w\" sizes=\"auto, (max-width: 10px) 100vw, 10px\" \/> Casten Fu\u00df (Einzelspiel), Julian Engelhard (Konferenz)<\/p>\n\n\n\n<p><span style=\"text-decoration: underline;\">ab 20.00 Uhr (PrimeVideo &#8211; exklusives Einzelspiel)<\/span><\/p>\n\n\n\n<p><em><strong>Borussia Dortmund \u2013 FC Sevilla (21.00 Uhr)<\/strong><\/em><\/p>\n\n\n\n<p><img loading=\"lazy\" decoding=\"async\" width=\"10\" height=\"21\" class=\"wp-image-3656\" style=\"width: 10px;\" src=\"http:\/\/kommentatorenblog.de\/wp-content\/uploads\/2020\/09\/shure-55sh-ii-e1601485394796.jpg\" alt=\"\" srcset=\"https:\/\/kommentatorenblog.de\/wp-content\/uploads\/2020\/09\/shure-55sh-ii-e1601485394796.jpg 415w, https:\/\/kommentatorenblog.de\/wp-content\/uploads\/2020\/09\/shure-55sh-ii-e1601485394796-142x300.jpg 142w\" sizes=\"auto, (max-width: 10px) 100vw, 10px\" \/> Jonas Friedrich, Experte: Benedikt H\u00f6wedes<\/p>\n\n\n\n<p>Field-Reporter: Annika Zimmermann, Sebastian Benesch<\/p>\n\n\n\n<p>Moderation (Stadion): Sebastian Hellmann, Experten: Matthias Sammer, Kim Kulig und Marcel Schmelzer, Schiedsrichter-Experte: Wolfgang Stark<\/p>\n\n\n\n<p><strong>Highlight-Show (23.00Uhr)<\/strong><\/p>\n\n\n\n<p>Moderation: Lena Cassel, Experte: Patrick Owomoyela<\/p>\n\n\n\n<p><span style=\"text-decoration: underline;\">ab 20.45Uhr (DAZN)<\/span><\/p>\n\n\n\n<p><strong><em>Celtic Glasgow \u2013 RB Leipzig (21.00 Uhr)<\/em><\/strong><\/p>\n\n\n\n<p><img loading=\"lazy\" decoding=\"async\" width=\"10\" height=\"21\" class=\"wp-image-3656\" style=\"width: 10px;\" src=\"http:\/\/kommentatorenblog.de\/wp-content\/uploads\/2020\/09\/shure-55sh-ii-e1601485394796.jpg\" alt=\"\" srcset=\"https:\/\/kommentatorenblog.de\/wp-content\/uploads\/2020\/09\/shure-55sh-ii-e1601485394796.jpg 415w, https:\/\/kommentatorenblog.de\/wp-content\/uploads\/2020\/09\/shure-55sh-ii-e1601485394796-142x300.jpg 142w\" sizes=\"auto, (max-width: 10px) 100vw, 10px\" \/> Marco Hagemann, Experte: Sebastian Knei\u00dfl (Einzelspiel), Lukas Sch\u00f6nm\u00fcller (Konferenz)<\/p>\n\n\n\n<p>Field-Reporter: Max Siebald<\/p>\n\n\n\n<p><strong><em>AC Mailand \u2013 FC Chelsea (21.00 Uhr)<\/em><\/strong><\/p>\n\n\n\n<p><img loading=\"lazy\" decoding=\"async\" width=\"10\" height=\"21\" class=\"wp-image-3656\" style=\"width: 10px;\" src=\"http:\/\/kommentatorenblog.de\/wp-content\/uploads\/2020\/09\/shure-55sh-ii-e1601485394796.jpg\" alt=\"\" srcset=\"https:\/\/kommentatorenblog.de\/wp-content\/uploads\/2020\/09\/shure-55sh-ii-e1601485394796.jpg 415w, https:\/\/kommentatorenblog.de\/wp-content\/uploads\/2020\/09\/shure-55sh-ii-e1601485394796-142x300.jpg 142w\" sizes=\"auto, (max-width: 10px) 100vw, 10px\" \/> Flo Hauser (Einzelspiel), Michael Born (Konferenz)<\/p>\n\n\n\n<p><strong><em>Schachtar Donezk \u2013 Real Madrid (21.00 Uhr)<\/em><\/strong><\/p>\n\n\n\n<p><img loading=\"lazy\" decoding=\"async\" width=\"10\" height=\"21\" class=\"wp-image-3656\" style=\"width: 10px;\" src=\"http:\/\/kommentatorenblog.de\/wp-content\/uploads\/2020\/09\/shure-55sh-ii-e1601485394796.jpg\" alt=\"\" srcset=\"https:\/\/kommentatorenblog.de\/wp-content\/uploads\/2020\/09\/shure-55sh-ii-e1601485394796.jpg 415w, https:\/\/kommentatorenblog.de\/wp-content\/uploads\/2020\/09\/shure-55sh-ii-e1601485394796-142x300.jpg 142w\" sizes=\"auto, (max-width: 10px) 100vw, 10px\" \/> Guido H\u00fcsgen (Einzelspiel), Franz B\u00fcchner (Konferenz)<\/p>\n\n\n\n<p><strong><em>Paris Saint-Germain \u2013 Benfica Lissabon (21.00 Uhr)<\/em><\/strong><\/p>\n\n\n\n<p><img loading=\"lazy\" decoding=\"async\" width=\"10\" height=\"21\" class=\"wp-image-3656\" style=\"width: 10px;\" src=\"http:\/\/kommentatorenblog.de\/wp-content\/uploads\/2020\/09\/shure-55sh-ii-e1601485394796.jpg\" alt=\"\" srcset=\"https:\/\/kommentatorenblog.de\/wp-content\/uploads\/2020\/09\/shure-55sh-ii-e1601485394796.jpg 415w, https:\/\/kommentatorenblog.de\/wp-content\/uploads\/2020\/09\/shure-55sh-ii-e1601485394796-142x300.jpg 142w\" sizes=\"auto, (max-width: 10px) 100vw, 10px\" \/> Stefan Galler (Einzelspiel), Benni Zander (Konferenz)<\/p>\n\n\n\n<p><strong><em>Dinamo Zagreb \u2013 FC Salzburg (21.00 Uhr)<\/em><\/strong><\/p>\n\n\n\n<p><img loading=\"lazy\" decoding=\"async\" width=\"10\" height=\"21\" class=\"wp-image-3656\" style=\"width: 10px;\" src=\"http:\/\/kommentatorenblog.de\/wp-content\/uploads\/2020\/09\/shure-55sh-ii-e1601485394796.jpg\" alt=\"\" srcset=\"https:\/\/kommentatorenblog.de\/wp-content\/uploads\/2020\/09\/shure-55sh-ii-e1601485394796.jpg 415w, https:\/\/kommentatorenblog.de\/wp-content\/uploads\/2020\/09\/shure-55sh-ii-e1601485394796-142x300.jpg 142w\" sizes=\"auto, (max-width: 10px) 100vw, 10px\" \/> Chris Putz (Einzelspiel), Max Gross (Konferenz)<\/p>\n\n\n\n<p>Moderation (DAZN): Christoph Stadtler<\/p>\n\n\n\n<p><span style=\"text-decoration: underline;\">Mittwoch, 12. Oktober 2022, ab 18.15 Uhr (DAZN)<\/span><\/p>\n\n\n\n<p><strong><em>SSC Neapel \u2013 Ajax Amsterdam (18.45Uhr)<\/em><\/strong><\/p>\n\n\n\n<p><img loading=\"lazy\" decoding=\"async\" width=\"10\" height=\"21\" class=\"wp-image-3656\" style=\"width: 10px;\" src=\"http:\/\/kommentatorenblog.de\/wp-content\/uploads\/2020\/09\/shure-55sh-ii-e1601485394796.jpg\" alt=\"\" srcset=\"https:\/\/kommentatorenblog.de\/wp-content\/uploads\/2020\/09\/shure-55sh-ii-e1601485394796.jpg 415w, https:\/\/kommentatorenblog.de\/wp-content\/uploads\/2020\/09\/shure-55sh-ii-e1601485394796-142x300.jpg 142w\" sizes=\"auto, (max-width: 10px) 100vw, 10px\" \/> Daniel G\u00fcnther (Einzelspiel), Benni Zander (Konferenz)<\/p>\n\n\n\n<p><strong><em>Atletico Madrid \u2013 FC Br\u00fcgge (18.45Uhr)<\/em><\/strong><\/p>\n\n\n\n<p><img loading=\"lazy\" decoding=\"async\" width=\"10\" height=\"21\" class=\"wp-image-3656\" style=\"width: 10px;\" src=\"http:\/\/kommentatorenblog.de\/wp-content\/uploads\/2020\/09\/shure-55sh-ii-e1601485394796.jpg\" alt=\"\" srcset=\"https:\/\/kommentatorenblog.de\/wp-content\/uploads\/2020\/09\/shure-55sh-ii-e1601485394796.jpg 415w, https:\/\/kommentatorenblog.de\/wp-content\/uploads\/2020\/09\/shure-55sh-ii-e1601485394796-142x300.jpg 142w\" sizes=\"auto, (max-width: 10px) 100vw, 10px\" \/> Freddie Schulz (Einzelspiel), Tom Kirsten (Konferenz)<\/p>\n\n\n\n<p><span style=\"text-decoration: underline;\">ab 20.15 Uhr (DAZN)<\/span> <\/p>\n\n\n\n<p><strong><em>FC <em><strong>Viktoria Pilsen \u2013 FC Bayern M\u00fcnchen<\/strong><\/em> (21.00 Uhr)<\/em><\/strong><\/p>\n\n\n\n<p><img loading=\"lazy\" decoding=\"async\" width=\"10\" height=\"21\" class=\"wp-image-3656\" style=\"width: 10px;\" src=\"http:\/\/kommentatorenblog.de\/wp-content\/uploads\/2020\/09\/shure-55sh-ii-e1601485394796.jpg\" alt=\"\" srcset=\"https:\/\/kommentatorenblog.de\/wp-content\/uploads\/2020\/09\/shure-55sh-ii-e1601485394796.jpg 415w, https:\/\/kommentatorenblog.de\/wp-content\/uploads\/2020\/09\/shure-55sh-ii-e1601485394796-142x300.jpg 142w\" sizes=\"auto, (max-width: 10px) 100vw, 10px\" \/> Jan Platte, Experte: Sandro Wagner (Einzelspiel), Lukas Sch\u00f6nm\u00fcller (Konferenz), Freddy Harder (Deutsche Konferenz)<\/p>\n\n\n\n<p>Moderation: Laura Wontorra, Field-Reporter: Daniel Herzog<\/p>\n\n\n\n<p><span style=\"text-decoration: underline;\">ab 20.45 Uhr (DAZN)<\/span> <\/p>\n\n\n\n<p><strong><em>Tottenham Hotspur \u2013 Eintracht Frankfurt (21.00 Uhr)<\/em><\/strong><\/p>\n\n\n\n<p><img loading=\"lazy\" decoding=\"async\" width=\"10\" height=\"21\" class=\"wp-image-3656\" style=\"width: 10px;\" src=\"http:\/\/kommentatorenblog.de\/wp-content\/uploads\/2020\/09\/shure-55sh-ii-e1601485394796.jpg\" alt=\"\" srcset=\"https:\/\/kommentatorenblog.de\/wp-content\/uploads\/2020\/09\/shure-55sh-ii-e1601485394796.jpg 415w, https:\/\/kommentatorenblog.de\/wp-content\/uploads\/2020\/09\/shure-55sh-ii-e1601485394796-142x300.jpg 142w\" sizes=\"auto, (max-width: 10px) 100vw, 10px\" \/> Uli Hebel, Experte: Michael Ballack (Einzelspiel), Marco Hagemann (Konferenz), Flo Hauser (Deutsche Konferenz)<\/p>\n\n\n\n<p>Field-Reporter: Max Siebald<\/p>\n\n\n\n<p><strong><em>Bayer 04 Leverkusen \u2013 FC Porto (21.00 Uhr)<\/em><\/strong><\/p>\n\n\n\n<p><img loading=\"lazy\" decoding=\"async\" width=\"10\" height=\"21\" class=\"wp-image-3656\" style=\"width: 10px;\" src=\"http:\/\/kommentatorenblog.de\/wp-content\/uploads\/2020\/09\/shure-55sh-ii-e1601485394796.jpg\" alt=\"\" srcset=\"https:\/\/kommentatorenblog.de\/wp-content\/uploads\/2020\/09\/shure-55sh-ii-e1601485394796.jpg 415w, https:\/\/kommentatorenblog.de\/wp-content\/uploads\/2020\/09\/shure-55sh-ii-e1601485394796-142x300.jpg 142w\" sizes=\"auto, (max-width: 10px) 100vw, 10px\" \/> Michael Born, Experte: Benny Lauth (Einzelspiel), Nico Seepe (Konferenz), Max Gross (Deutsche Konferenz)<\/p>\n\n\n\n<p>Field-Reporterin: Ann-Sophie Kimmel<\/p>\n\n\n\n<p><strong><em>FC Barcelona \u2013 Inter Mailand (21.00 Uhr)<\/em><\/strong><\/p>\n\n\n\n<p><img loading=\"lazy\" decoding=\"async\" width=\"10\" height=\"21\" class=\"wp-image-3656\" style=\"width: 10px;\" src=\"http:\/\/kommentatorenblog.de\/wp-content\/uploads\/2020\/09\/shure-55sh-ii-e1601485394796.jpg\" alt=\"\" srcset=\"https:\/\/kommentatorenblog.de\/wp-content\/uploads\/2020\/09\/shure-55sh-ii-e1601485394796.jpg 415w, https:\/\/kommentatorenblog.de\/wp-content\/uploads\/2020\/09\/shure-55sh-ii-e1601485394796-142x300.jpg 142w\" sizes=\"auto, (max-width: 10px) 100vw, 10px\" \/> Joachim Hebel, Experte: Jonas Hummels (Einzelspiel), Mario Rieker (Konferenz)<\/p>\n\n\n\n<p><strong><em>Glasgow Rangers \u2013 FC Liverpool (21.00 Uhr)<\/em><\/strong><\/p>\n\n\n\n<p><img loading=\"lazy\" decoding=\"async\" width=\"10\" height=\"21\" class=\"wp-image-3656\" style=\"width: 10px;\" src=\"http:\/\/kommentatorenblog.de\/wp-content\/uploads\/2020\/09\/shure-55sh-ii-e1601485394796.jpg\" alt=\"\" srcset=\"https:\/\/kommentatorenblog.de\/wp-content\/uploads\/2020\/09\/shure-55sh-ii-e1601485394796.jpg 415w, https:\/\/kommentatorenblog.de\/wp-content\/uploads\/2020\/09\/shure-55sh-ii-e1601485394796-142x300.jpg 142w\" sizes=\"auto, (max-width: 10px) 100vw, 10px\" \/> Uwe Morawe (Einzelspiel), Adrian Geiler (Konferenz)<\/p>\n\n\n\n<p><strong><em>Sporting Lissabon \u2013 Olympique Marseille (21.00 Uhr)<\/em><\/strong><\/p>\n\n\n\n<p><img loading=\"lazy\" decoding=\"async\" width=\"10\" height=\"21\" class=\"wp-image-3656\" style=\"width: 10px;\" src=\"http:\/\/kommentatorenblog.de\/wp-content\/uploads\/2020\/09\/shure-55sh-ii-e1601485394796.jpg\" alt=\"\" srcset=\"https:\/\/kommentatorenblog.de\/wp-content\/uploads\/2020\/09\/shure-55sh-ii-e1601485394796.jpg 415w, https:\/\/kommentatorenblog.de\/wp-content\/uploads\/2020\/09\/shure-55sh-ii-e1601485394796-142x300.jpg 142w\" sizes=\"auto, (max-width: 10px) 100vw, 10px\" \/> Ruben Zimmermann (Einzelspiel), Oliver Forster (Konferenz)<\/p>\n\n\n\n<p>Moderation (Konferenz): Tobi Wahnschaffe<\/p>\n\n\n\n<hr class=\"wp-block-separator\"\/>\n\n\n\n<p><strong>Europa League\/Europa Conference League Gruppenphase, 04. Spieltag (RTL)<\/strong><\/p>\n\n\n\n<p><span style=\"text-decoration: underline;\">Donnerstag, 13. Oktober 2022, ab 18.15 Uhr (RTL+)<\/span><\/p>\n\n\n\n<p><strong><em>FK Partizan<\/em><\/strong>&nbsp;<strong><em>\u2013<\/em><\/strong>&nbsp;<strong><em>1.FC K\u00f6ln (18.45 Uhr)<\/em><\/strong><\/p>\n\n\n\n<p>RTL+ <img loading=\"lazy\" decoding=\"async\" width=\"10\" height=\"21\" class=\"wp-image-3656\" style=\"width: 10px;\" src=\"http:\/\/kommentatorenblog.de\/wp-content\/uploads\/2020\/09\/shure-55sh-ii-e1601485394796.jpg\" alt=\"\" srcset=\"https:\/\/kommentatorenblog.de\/wp-content\/uploads\/2020\/09\/shure-55sh-ii-e1601485394796.jpg 415w, https:\/\/kommentatorenblog.de\/wp-content\/uploads\/2020\/09\/shure-55sh-ii-e1601485394796-142x300.jpg 142w\" sizes=\"auto, (max-width: 10px) 100vw, 10px\" \/> Robby Hunke, Experte: Patrick Helmes (Einzelspiel), J\u00fcrgen Schmitz (Konferenz)<\/p>\n\n\n\n<p>Field-Reporter: Thomas Wagner<\/p>\n\n\n\n<p><strong><em>FC Nantes <strong><em>\u2013<\/em><\/strong>&nbsp;SC Freiburg (18.45 Uhr)<\/em><\/strong><\/p>\n\n\n\n<p><img loading=\"lazy\" decoding=\"async\" width=\"10\" height=\"21\" class=\"wp-image-3656\" style=\"width: 10px;\" src=\"http:\/\/kommentatorenblog.de\/wp-content\/uploads\/2020\/09\/shure-55sh-ii-e1601485394796.jpg\" alt=\"\" srcset=\"https:\/\/kommentatorenblog.de\/wp-content\/uploads\/2020\/09\/shure-55sh-ii-e1601485394796.jpg 415w, https:\/\/kommentatorenblog.de\/wp-content\/uploads\/2020\/09\/shure-55sh-ii-e1601485394796-142x300.jpg 142w\" sizes=\"auto, (max-width: 10px) 100vw, 10px\" \/> Cornelius K\u00fcpper (Einzelspiel), Christian Stra\u00dfburger (Konferenz)<\/p>\n\n\n\n<p>Field-Reporter: Marcel Klein<\/p>\n\n\n\n<p><strong><em>Betis Sevilla<\/em><\/strong>&nbsp;<strong><em>\u2013<\/em><\/strong>&nbsp;<strong><em>AS Rom (18.45 Uhr)<\/em><\/strong><\/p>\n\n\n\n<p><img loading=\"lazy\" decoding=\"async\" width=\"10\" height=\"21\" class=\"wp-image-3656\" style=\"width: 10px;\" src=\"http:\/\/kommentatorenblog.de\/wp-content\/uploads\/2020\/09\/shure-55sh-ii-e1601485394796.jpg\" alt=\"\" srcset=\"https:\/\/kommentatorenblog.de\/wp-content\/uploads\/2020\/09\/shure-55sh-ii-e1601485394796.jpg 415w, https:\/\/kommentatorenblog.de\/wp-content\/uploads\/2020\/09\/shure-55sh-ii-e1601485394796-142x300.jpg 142w\" sizes=\"auto, (max-width: 10px) 100vw, 10px\" \/> Florian von Stackelberg (Einzelspiel), Philip Konrad (Konferenz)<\/p>\n\n\n\n<p><strong><em>AEK Larnaka <strong><em>\u2013<\/em><\/strong>&nbsp;Fenerbahce Istanbul (18.45 Uhr)<\/em><\/strong><\/p>\n\n\n\n<p><img loading=\"lazy\" decoding=\"async\" width=\"10\" height=\"21\" class=\"wp-image-3656\" style=\"width: 10px;\" src=\"http:\/\/kommentatorenblog.de\/wp-content\/uploads\/2020\/09\/shure-55sh-ii-e1601485394796.jpg\" alt=\"\" srcset=\"https:\/\/kommentatorenblog.de\/wp-content\/uploads\/2020\/09\/shure-55sh-ii-e1601485394796.jpg 415w, https:\/\/kommentatorenblog.de\/wp-content\/uploads\/2020\/09\/shure-55sh-ii-e1601485394796-142x300.jpg 142w\" sizes=\"auto, (max-width: 10px) 100vw, 10px\" \/> Christoph Stadtler (Einzelspiel), Klaus Veltman (Konferenz)<\/p>\n\n\n\n<p><strong><em>FK Bod\u00f6\/Glimt <strong><em>\u2013<\/em><\/strong>&nbsp;FC Arsenal (18.45 Uhr)<\/em><\/strong><\/p>\n\n\n\n<p><img loading=\"lazy\" decoding=\"async\" width=\"10\" height=\"21\" class=\"wp-image-3656\" style=\"width: 10px;\" src=\"http:\/\/kommentatorenblog.de\/wp-content\/uploads\/2020\/09\/shure-55sh-ii-e1601485394796.jpg\" alt=\"\" srcset=\"https:\/\/kommentatorenblog.de\/wp-content\/uploads\/2020\/09\/shure-55sh-ii-e1601485394796.jpg 415w, https:\/\/kommentatorenblog.de\/wp-content\/uploads\/2020\/09\/shure-55sh-ii-e1601485394796-142x300.jpg 142w\" sizes=\"auto, (max-width: 10px) 100vw, 10px\" \/> Alexander Klich (Konferenz)<\/p>\n\n\n\n<p><span style=\"text-decoration: underline;\">ab 20.15 Uhr (RTL) bzw. ab 20.40 Uhr (RTL+)<\/span><\/p>\n\n\n\n<p><strong><em>1.FC Union Berlin \u2013 Malm\u00f6 FF (21.00 Uhr)<\/em><\/strong><\/p>\n\n\n\n<p>RTL: <img loading=\"lazy\" decoding=\"async\" width=\"10\" height=\"21\" class=\"wp-image-3656\" style=\"width: 10px;\" src=\"http:\/\/kommentatorenblog.de\/wp-content\/uploads\/2020\/09\/shure-55sh-ii-e1601485394796.jpg\" alt=\"\" srcset=\"https:\/\/kommentatorenblog.de\/wp-content\/uploads\/2020\/09\/shure-55sh-ii-e1601485394796.jpg 415w, https:\/\/kommentatorenblog.de\/wp-content\/uploads\/2020\/09\/shure-55sh-ii-e1601485394796-142x300.jpg 142w\" sizes=\"auto, (max-width: 10px) 100vw, 10px\" \/> Marco Hagemann, Experte: Steffen Freund, Field-Reporter: Christoph K\u00fcppers und Jan Krebs<\/p>\n\n\n\n<p>RTL+: <img loading=\"lazy\" decoding=\"async\" width=\"10\" height=\"21\" class=\"wp-image-3656\" style=\"width: 10px;\" src=\"http:\/\/kommentatorenblog.de\/wp-content\/uploads\/2020\/09\/shure-55sh-ii-e1601485394796.jpg\" alt=\"\" srcset=\"https:\/\/kommentatorenblog.de\/wp-content\/uploads\/2020\/09\/shure-55sh-ii-e1601485394796.jpg 415w, https:\/\/kommentatorenblog.de\/wp-content\/uploads\/2020\/09\/shure-55sh-ii-e1601485394796-142x300.jpg 142w\" sizes=\"auto, (max-width: 10px) 100vw, 10px\" \/> Michael Born (Einzelspiel), Christina Graf (Konferenz)<\/p>\n\n\n\n<p>Moderation (RTL): Laura Papendick, Experten: Karl-Heinz Riedle, Lothar Matth\u00e4us<\/p>\n\n\n\n<p><span style=\"text-decoration: underline;\">ab 20.40 Uhr (RTL+)<\/span><\/p>\n\n\n\n<p><strong><em>Manchester United <strong><em>\u2013<\/em><\/strong> FC Omonoia (21.00 Uhr)<\/em><\/strong><\/p>\n\n\n\n<p><img loading=\"lazy\" decoding=\"async\" width=\"10\" height=\"21\" class=\"wp-image-3656\" style=\"width: 10px;\" src=\"http:\/\/kommentatorenblog.de\/wp-content\/uploads\/2020\/09\/shure-55sh-ii-e1601485394796.jpg\" alt=\"\" srcset=\"https:\/\/kommentatorenblog.de\/wp-content\/uploads\/2020\/09\/shure-55sh-ii-e1601485394796.jpg 415w, https:\/\/kommentatorenblog.de\/wp-content\/uploads\/2020\/09\/shure-55sh-ii-e1601485394796-142x300.jpg 142w\" sizes=\"auto, (max-width: 10px) 100vw, 10px\" \/> Oliver Seidler (Einzelspiel), Heiko Wa\u00dfer (Konferenz)<\/p>\n\n\n\n<p><strong><em>Trabzonspor AS <strong><em>\u2013<\/em><\/strong> AS Monaco (21.00 Uhr)<\/em><\/strong><\/p>\n\n\n\n<p><img loading=\"lazy\" decoding=\"async\" width=\"10\" height=\"21\" class=\"wp-image-3656\" style=\"width: 10px;\" src=\"http:\/\/kommentatorenblog.de\/wp-content\/uploads\/2020\/09\/shure-55sh-ii-e1601485394796.jpg\" alt=\"\" srcset=\"https:\/\/kommentatorenblog.de\/wp-content\/uploads\/2020\/09\/shure-55sh-ii-e1601485394796.jpg 415w, https:\/\/kommentatorenblog.de\/wp-content\/uploads\/2020\/09\/shure-55sh-ii-e1601485394796-142x300.jpg 142w\" sizes=\"auto, (max-width: 10px) 100vw, 10px\" \/> Stefan Galler (Einzelspiel), Julian Engelhard (Konferenz)<\/p>\n\n\n\n<p><strong><em>West Ham United <strong><em>\u2013<\/em><\/strong> RSC Anderlecht (21.00 Uhr)<\/em><\/strong><\/p>\n\n\n\n<p><img loading=\"lazy\" decoding=\"async\" width=\"10\" height=\"21\" class=\"wp-image-3656\" style=\"width: 10px;\" src=\"http:\/\/kommentatorenblog.de\/wp-content\/uploads\/2020\/09\/shure-55sh-ii-e1601485394796.jpg\" alt=\"\" srcset=\"https:\/\/kommentatorenblog.de\/wp-content\/uploads\/2020\/09\/shure-55sh-ii-e1601485394796.jpg 415w, https:\/\/kommentatorenblog.de\/wp-content\/uploads\/2020\/09\/shure-55sh-ii-e1601485394796-142x300.jpg 142w\" sizes=\"auto, (max-width: 10px) 100vw, 10px\" \/> Frederick Schulz (Einzelspiel), Alexander K\u00fcpper (Konferenz)<\/p>\n\n\n\n<p>Moderation (RTL+): Anna Kraft, Arnd Zeigler und Ansgar Brinkmann<\/p>\n\n\n\n<hr class=\"wp-block-separator\"\/>\n\n\n\n<p><strong>Die Analyse<\/strong><\/p>\n\n\n\n<p>In den vierten Spieltag der Champions League startet DAZN mit dem Torgarant Erling Haaland. Man City ist zu Gast beim FC Kopenhagen und Daniel G\u00fcnther kommentiert. In der Konferenz ist Marcel Seufert mit dabei, der sich mit Julian Engelhard die B\u00e4lle hin und her spielt.<\/p>\n\n\n\n<p>Ab 20Uhr steigt dann Prime Video ins Geschehen ein, Sebastian Hellmann und Experten melden sich aus Dortmund zum Gastspiel vom FC Sevilla. Neben Dauer-Brenner Matthias Sammer sind Kim Kulig und Marcel Schmelzer mit dabei. Letzterer kennt den BVB ja sehr gut und feiert sein Expertendeb\u00fct f\u00fcr Prime. Auf der Kommentatorenposition und auf den Field-Reporter Pl\u00e4tzen sind die \u00fcblichen Verd\u00e4chtigen mit dabei.<\/p>\n\n\n\n<p>DAZN \u00fcbernimmt dann mit RB Leipzig die andere deutsche Mannschaft. RB Leipzig ist zu Gast im Celtic Park, gute Stimmung ist garantiert. DAZN meldet sich mit Marco Hagemann und Seb Knei\u00dfl am Mikro (leider nur aus M\u00fcnchen) und Max Siebald am Seitenrand. Hagemann begleitete ja bereits vergangene Woche das Hinspiel der beiden Teams. In der Konferenz ist Lukas Sch\u00f6nm\u00fcller mit dabei, ebenso wie die Herren Born, B\u00fcchner, Zander und Gross.<\/p>\n\n\n\n<p>Am Mittwoch gibts dann um 21Uhr die volle deutsche Ladung. Drei deutsche Teams parallel, komplett bei DAZN in der Konferenz, der deutschen Konferenz und den jeweiligen Einzelfeeds. Auch sch\u00f6n bei der ganzen Geschichte, DAZN ist bei allen Spielen vor Ort. Beim Gastspiel der Bayern in Pilsen sendet der Streaming-Dienst auch einen Vorlauf. Laura Wontorra und Sandro Wagner &#8211; der nach l\u00e4ngerem mal wieder dabei ist &#8211; melden sich vom Spielfeldrand und wie so oft beim Topspiel Daniel Herzog als Field-Reporter. Kommentieren wird dann Jan Platte. Beim Gastspiel der Eintracht in London bei den Spurs meldet sich England-Experte Uli Hebel aus dem Tottenham Hotspur Stadium. Der Experte an seiner Seite ist wie so oft in der Champions League Michael Ballack. Als Field-Reporter reist Max Siebald aus Glasgow an. Zu guter Letzt ist aus deutscher Sicht auch Bayer Leverkusen im Einsatz. Wie an Spieltag zwei sind Michael Born, Benny Lauth und Ann-Sophie Kimmel in der Bay-Arena.<\/p>\n\n\n\n<p>In der deutschen Konferenz k\u00fcmmert sich Freddy Harder um den deutschen Rekordmeister, Flo Hauser um den Europa League Sieger und Max Gross um das Alonso Deb\u00fct in der K\u00f6nigsklasse. In der gr\u00f6\u00dferen Konferenz ist dann erneut Lukas Sch\u00f6nm\u00fcller mit dabei, Marco Hagemann macht Meter und macht auf der Reise von Glasgow nach Berlin einen Zwischenstopp in M\u00fcnchen und \u00fcbernimmt die Eintracht in der gro\u00dfen Konferenz und Nico Seepe um Bayer Leverkusen. Seepe und Born tauschen also ihre Rolle im Vergleich zur Vorwoche. Und auch sonst stehen eine Menge attraktive Spiele an. Barcelona braucht dringend einen Sieg gegen Inter, Jogi Hebel und Jonas Hummels (Einzelspiel) bzw. Mario Rieker (Konferenz) \u00fcbernehmen. Die Konferenz komplettieren Oliver Forster und Adrian Geiler.<\/p>\n\n\n\n<p>Am Donnerstag steht dann der gro\u00dfe Europapokaldonnerstag an. In der fr\u00fchen Ansto\u00dfzeit laufen die beiden deutschen Spiele von Freiburg und K\u00f6ln exklusiv auf RTL+. Freiburg ist zu Gast bei Nantes, vor Ort ist Marcel Klein als Field-Reporter w\u00e4hrend Corni K\u00fcpper kommentieren wird. Thomas Wagner zieht es mit dem 1.FC K\u00f6ln nach Belgrad, Robby Hunke und Patrick Helmes \u00fcbernehmen wie in der Vorwoche. In der sp\u00e4ten Ansto\u00dfzeit meldet sich dann die Free-TV Crew aus der alten F\u00f6rsterei. Union Berlin empf\u00e4ngt Malm\u00f6. Neben Hagemann, Freund, Papendick, Matth\u00e4us und Riedle sind Jan Krebs und Christoph K\u00fcppers als Field-Reporter mit dabei.<\/p>\n\n\n\n<p>Bis dahin, habt eine sch\u00f6ne Woche.<\/p>\n","protected":false},"excerpt":{"rendered":"<p>N&#8217;Abend allerseits, die H\u00e4lfte der Europapokalspiele der Gruppenphase ist rum. Und postwendend startet bereits die zweite H\u00e4lfte der Gruppenphase. Von den f\u00fcnf Teams in der Champions League haben die Bayern die besten Karten und k\u00f6nnten je nach Ausgang im Parallelspiel bereits in dieser Woche den Achtelfinaleinzug klar machen. Auch der BVB kann mit einem Sieg [&hellip;]<\/p>\n","protected":false},"author":5,"featured_media":0,"comment_status":"open","ping_status":"open","sticky":false,"template":"","format":"standard","meta":{"footnotes":""},"categories":[425],"tags":[],"class_list":["post-13931","post","type-post","status-publish","format-standard","hentry","category-champions-league-und-co"],"_links":{"self":[{"href":"https:\/\/kommentatorenblog.de\/index.php?rest_route=\/wp\/v2\/posts\/13931","targetHints":{"allow":["GET"]}}],"collection":[{"href":"https:\/\/kommentatorenblog.de\/index.php?rest_route=\/wp\/v2\/posts"}],"about":[{"href":"https:\/\/kommentatorenblog.de\/index.php?rest_route=\/wp\/v2\/types\/post"}],"author":[{"embeddable":true,"href":"https:\/\/kommentatorenblog.de\/index.php?rest_route=\/wp\/v2\/users\/5"}],"replies":[{"embeddable":true,"href":"https:\/\/kommentatorenblog.de\/index.php?rest_route=%2Fwp%2Fv2%2Fcomments&post=13931"}],"version-history":[{"count":5,"href":"https:\/\/kommentatorenblog.de\/index.php?rest_route=\/wp\/v2\/posts\/13931\/revisions"}],"predecessor-version":[{"id":13944,"href":"https:\/\/kommentatorenblog.de\/index.php?rest_route=\/wp\/v2\/posts\/13931\/revisions\/13944"}],"wp:attachment":[{"href":"https:\/\/kommentatorenblog.de\/index.php?rest_route=%2Fwp%2Fv2%2Fmedia&parent=13931"}],"wp:term":[{"taxonomy":"category","embeddable":true,"href":"https:\/\/kommentatorenblog.de\/index.php?rest_route=%2Fwp%2Fv2%2Fcategories&post=13931"},{"taxonomy":"post_tag","embeddable":true,"href":"https:\/\/kommentatorenblog.de\/index.php?rest_route=%2Fwp%2Fv2%2Ftags&post=13931"}],"curies":[{"name":"wp","href":"https:\/\/api.w.org\/{rel}","templated":true}]}}