{"id":13970,"date":"2022-10-31T18:20:59","date_gmt":"2022-10-31T16:20:59","guid":{"rendered":"http:\/\/kommentatorenblog.de\/?p=13970"},"modified":"2022-10-31T21:42:34","modified_gmt":"2022-10-31T19:42:34","slug":"1294-der-wintersport-naht","status":"publish","type":"post","link":"https:\/\/kommentatorenblog.de\/?p=13970","title":{"rendered":"1294 &#8211; Der Wintersport naht"},"content":{"rendered":"\n<p>Hallo zusammen,<\/p>\n\n\n\n<p>Nachdem der BR und Eurosport Mitte Oktober mit Ski Alpin aus S\u00f6lden den Anfang der Wintersport- \u00dcbertragungen gemacht haben, h\u00e4tte letztes Wochenende das ZDF in die Saison einsteigen sollen. Das Ski Alpin Rennen am Matterhorn musste aber aufgrund von Schneemangels abgesagt werden, und so viel auch die ZDF- \u00dcbertragung aus. Auch die Ski Alpin- Wettk\u00e4mpfe am kommenden Wochenende fallen ebenfalls aus, nicht aber die Weltcups im Skispringen (<em>zumindest mit Stand Montag 31.10<\/em>), welche im Ersten \u00fcbertragen werden.<\/p>\n\n\n\n<p>Dass die Alpinen bereits fr\u00fch in die Saison starten, ist nicht so ungew\u00f6hnlich, dass die Skispringerinnen und Skispringer so fr\u00fch starten, dagegen schon. Der Grund daf\u00fcr: Die Fu\u00dfball- WM.<\/p>\n\n\n\n<p>Durch den Wintertermin der Fu\u00dfball- WM kamen die Wintersportverb\u00e4nde in Bedr\u00e4ngnis und hatten Sorgen um ihre Sichtbarkeit. Kein Wunder, wenn in der Gruppenphase 4 Spiele t\u00e4glich anstehen, \u00dcbertragungen von 10 bis 22 Uhr stattfinden, da ist wenig Platz f\u00fcr ein Skispringen oder Biathlon- Rennen. Deshalb versuchten sich ARD und ZDF mit den jeweiligen Sportverb\u00e4nden abzustimmen. Diese reagierten und legten z.B. den Skisprung- Auftakt in Wisla nach vorne, um zumindest teilweise der WM aus dem Weg zu gehen. Die Rodler beispielsweise reagierten \u00e4hnlich und verlegten ein Rennen von Ende November auf Ende Februar, zudem wird die ein oder andere Sportart ihren Wettkampf fr\u00fcher als \u00fcblich starten.<\/p>\n\n\n\n<p>Wir versuchen euch jetzt mal einen kleinen \u00dcberblick zu geben, wie die TV- Sender (allen voran ARD und ZDF) versuchen den Spagat Fu\u00dfball- WM und Wintersport zu gestalten. Denn auch personell ist das nicht so einfach, so sind im Ersten beispielsweise mit Tom Bartels, Philipp Sohmer, Lea Wagner (alle Skispringen), Jens- J\u00f6rg Rieck (Langlauf), Julia Scharf, Bernd Schmelzer (Ski Alpin) Wintersport- Kommentatoren und &#8211; Moderatorinnen im WM- Einsatz<\/p>\n\n\n\n<p><strong>Die \u00dcbertragungen:<\/strong><\/p>\n\n\n\n<p><em>ARD und ZDF<\/em><\/p>\n\n\n\n<p>An diesem Wochenende steigt nun das Erste am Wochenende in die Wintersport- Saison ein und zeigt u.a. Skispringen und Ski Alpin. Am 12. und 13. November streamt dann das ZDF die Parallelevents im Ski Alpin (<em>sofern der Weltcup \u00fcberhaupt stattfinden kann, aktuell ist das noch unsicher<\/em>)<\/p>\n\n\n\n<p>Am 20.11 startet dann die Fu\u00dfball- WM, wodurch es zu den ersten \u00dcberschneidungen mit dem Wintersport kommt. Die ARD weicht deshalb an diesem Wochenende mit ihren Ski Alpin- \u00dcbertragungen zum Bayerischen Rundfunk aus. Skispringen und Rodeln haben ja ihre Auftaktveranstaltungen verschoben. <\/p>\n\n\n\n<p>So richtig betroffen sind dann allerdings die Wochenenden am 26.\/27.11 bzw. 03.\/04.12, normalerweise lange Wintersport- Wochenenden, die meist Freitags starten und Samstag und Sonntag ca. von 10 bis 18 Uhr laufen. Das sieht in diesem Jahr anders aus:<\/p>\n\n\n\n<p>Wenn \u00dcbertragungen in den Hauptprogrammen nicht m\u00f6glich sind, werden ARD und ZDF in die Mediatheken ausweichen und werden dort viele Wintersport- Ereignisse gestreamt. Besonders betroffen ist hier das Wochenende von 26. und 27.11, der von den WM- Gruppenspieltagen dominiert wird. Hier werden die beiden Sender dann Streams u.a. von Skispringen und Ski Alpin angeboten .<\/p>\n\n\n\n<p>Ab dem 29.11 starten dann im Ersten die Biathlon- \u00dcbertragungen, ehe dann am Wochenende auch noch weitere Sportarten (Noko, Langlauf, Rodeln, Bob, Ski Alpin, Eishockey [DEL]) hinzukommen, einen ganz langen Wintersport- Tag wird es WM- bedingt aber noch nicht geben, jedoch gehen die \u00dcbertragungen bereits von 9 bis 15 Uhr.<\/p>\n\n\n\n<p>Ab Mitte der Fu\u00dfball- WM nehmen dann die Wintersport- \u00dcbertragungen im TV wieder zu, so \u00fcbertr\u00e4gt das ZDF vom 08.- 11.12 t\u00e4glich live, von Donnerstag bis Samstag enden die \u00dcbertragungen bereits gegen 15 Uhr, am Sonntag dagegen gibt es einen langen Wintersport- Tag bis 18 Uhr, u.a. mit Skispringen, Ski Alpin, Biathlon und Snowboard. Vom 16. bis 18.12 berichtet dann das Erste wieder umfangreich.<\/p>\n\n\n\n<p><em>Eurosport<\/em><\/p>\n\n\n\n<p>Auch Eurosport wird in diesem Winter wieder von den Wintersport- Weltcups berichten, im Vordergrund stehen dabei die \u00dcbertragungen auf Skiern. An den oben angesprochenen Wochenenden (26.\/27.11 &amp; 03.\/04.12) wird es bei Eurosport 1 live \u00dcbertragungen der Weltcups im Skispringen, Langlauf, Nordische Kombination, Ski Alpin und Biathlon geben. Dazu kommt noch die Curling EM auf Eurosport 2 sowie u.a. Grand- Prixs im Eiskunstlauf.<\/p>\n\n\n\n<p><em>Kurze Anmerkung: Das ist mal soweit der Plan, durch Wettkampfabsagen kann es nat\u00fcrlich immer wieder zu \u00c4nderungen kommen<\/em><\/p>\n\n\n\n<p><strong>Das Personal<\/strong><\/p>\n\n\n\n<p><em>ARD<\/em><\/p>\n\n\n\n<p>Bei der ARD gibt es kaum \u00c4nderungen im Wintersport- Team. Nachdem Peter Grube nach den olympischen Spielen seine Sportschau- Karriere beendet hat, gibt es nun einen neuen Kommentator f\u00fcrs Rodeln: Thomas Kunze (mdr), bekannt aus der Radio- Bundesliga- Konferenz und 2021 Olympia- Kommentator im Volleyball gewesen. In seinen ersten Winter als Experten geht zudem Erik Lesser. Er wird nun das Experten- Team im Biathlon mit Arnd Peiffer bilden und l\u00f6st damit Kati Wilhelm ab. Peiffer und Lesser wechseln sich meist ab, bei der Heim- WM werden dann aber beide zum Einsatz kommen. <\/p>\n\n\n\n<p><em>ZDF<\/em><\/p>\n\n\n\n<p>Im Wintersport- Team des ZDFs gibt es im Vergleich zum olympischen Winter ebenfalls nur wenige \u00c4nderungen. Lena Kesting wird, wie bei den olympischen Spielen, die Moderation im Ski Alpin \u00fcbernehmen, und ersetzt dabei Katja Streso, welche sich in Baby- Pause befindet. Zudem wird Julius Hilfenhaus, der letzte Saison bereits vermehrt zum Einsatz kam, die Kommentatoren- Position beim Ski Alpin der Frauen von Aris Donzelli \u00fcbernehmen. <\/p>\n\n\n\n<p>Im Biathlon bleibt das Team um Alexander Ruda und Christoph Hamm bestehen. W\u00e4hrend der Fu\u00dfball- WM ist Hamm allerdings Teamchef, deshalb \u00fcbernimmt im Dezember (und evtl auch im Januar w\u00e4hrend der Handball- WM) Volker Grube die Rennen zusammen mit Herbert Fritzenwenger. Daneben bleibt Grube auch Kommentator bei der Nordischen Kombination.<\/p>\n\n\n\n<p>Die Wettbewerbe im Skispringen werden weiterhin von Stefan Bier (Herren) und Eike Papsdorf (Damen) kommentiert. Moderator bei den Herren bleibt Norbert K\u00f6nig, bei den Damen kommt Sven Voss wieder zum Einsatz.<\/p>\n\n\n\n<hr class=\"wp-block-separator\"\/>\n\n\n\n<p><strong><em>Die Ansetzungen vom 01. November bis zum 03. November 202<\/em>2<\/strong><\/p>\n\n\n\n<p><strong>Champions League Gruppenphase, 06. Spieltag<\/strong><\/p>\n\n\n\n<p><span style=\"text-decoration: underline;\">Dienstag, 01. November 2022, ab 20.00 Uhr (PrimeVideo &#8211; exklusives Einzelspiel)<\/span><\/p>\n\n\n\n<p><em><strong>FC Bayern M\u00fcnchen \u2013 Inter Mailand (21.00 Uhr)<\/strong><\/em><\/p>\n\n\n\n<p><img loading=\"lazy\" decoding=\"async\" width=\"10\" height=\"21\" class=\"wp-image-3656\" style=\"width: 10px;\" src=\"http:\/\/kommentatorenblog.de\/wp-content\/uploads\/2020\/09\/shure-55sh-ii-e1601485394796.jpg\" alt=\"\" srcset=\"https:\/\/kommentatorenblog.de\/wp-content\/uploads\/2020\/09\/shure-55sh-ii-e1601485394796.jpg 415w, https:\/\/kommentatorenblog.de\/wp-content\/uploads\/2020\/09\/shure-55sh-ii-e1601485394796-142x300.jpg 142w\" sizes=\"auto, (max-width: 10px) 100vw, 10px\" \/> Jonas Friedrich, Experte: Benedikt H\u00f6wedes<\/p>\n\n\n\n<p>Field-Reporter\/in: ???<\/p>\n\n\n\n<p>Moderation (Stadion): Sebastian Hellmann, Experten: Matthias Sammer, Tabea Kemme &amp; Claudio Pizarro;  Schiedsrichter-Experte: Wolfgang Stark<\/p>\n\n\n\n<p><span style=\"text-decoration: underline;\">ab 18.15 Uhr (DAZN)<\/span><\/p>\n\n\n\n<p><em><strong>Bayer 04 Leverkusen \u2013 CF Br\u00fcgge (18.45 Uhr)<\/strong><\/em><\/p>\n\n\n\n<p><img loading=\"lazy\" decoding=\"async\" width=\"10\" height=\"21\" class=\"wp-image-3656\" style=\"width: 10px;\" src=\"http:\/\/kommentatorenblog.de\/wp-content\/uploads\/2020\/09\/shure-55sh-ii-e1601485394796.jpg\" alt=\"\" srcset=\"https:\/\/kommentatorenblog.de\/wp-content\/uploads\/2020\/09\/shure-55sh-ii-e1601485394796.jpg 415w, https:\/\/kommentatorenblog.de\/wp-content\/uploads\/2020\/09\/shure-55sh-ii-e1601485394796-142x300.jpg 142w\" sizes=\"auto, (max-width: 10px) 100vw, 10px\" \/>  Uli Hebel Experte: Benny Lauth (Einzelspiel), Michael Born (Konferenz)<\/p>\n\n\n\n<p>Field- Reporterin: Ann- Sophie Kimmel<\/p>\n\n\n\n<p><em><strong>FC Porto \u2013 Atletico Madrid (18.45 Uhr)<\/strong><\/em><\/p>\n\n\n\n<p><img loading=\"lazy\" decoding=\"async\" width=\"10\" height=\"21\" class=\"wp-image-3656\" style=\"width: 10px;\" src=\"http:\/\/kommentatorenblog.de\/wp-content\/uploads\/2020\/09\/shure-55sh-ii-e1601485394796.jpg\" alt=\"\" srcset=\"https:\/\/kommentatorenblog.de\/wp-content\/uploads\/2020\/09\/shure-55sh-ii-e1601485394796.jpg 415w, https:\/\/kommentatorenblog.de\/wp-content\/uploads\/2020\/09\/shure-55sh-ii-e1601485394796-142x300.jpg 142w\" sizes=\"auto, (max-width: 10px) 100vw, 10px\" \/> David Ploch (Einzelspiel), Christoph Stadtler (Konferenz)<\/p>\n\n\n\n<p><span style=\"text-decoration: underline;\">ab 20.15 Uhr (DAZN)<\/span> <\/p>\n\n\n\n<p><strong><em>Sporting Lissabon \u2013 Eintracht Frankfurt (21.00 Uhr)<\/em><\/strong><\/p>\n\n\n\n<p><img loading=\"lazy\" decoding=\"async\" width=\"10\" height=\"21\" class=\"wp-image-3656\" style=\"width: 10px;\" src=\"http:\/\/kommentatorenblog.de\/wp-content\/uploads\/2020\/09\/shure-55sh-ii-e1601485394796.jpg\" alt=\"\" srcset=\"https:\/\/kommentatorenblog.de\/wp-content\/uploads\/2020\/09\/shure-55sh-ii-e1601485394796.jpg 415w, https:\/\/kommentatorenblog.de\/wp-content\/uploads\/2020\/09\/shure-55sh-ii-e1601485394796-142x300.jpg 142w\" sizes=\"auto, (max-width: 10px) 100vw, 10px\" \/> Marco Hagemann Experte: Seb Knei\u00dfl (Einzelspiel), Jan Platte (Konferenz), <\/p>\n\n\n\n<p>Moderation: Alex Schl\u00fcter Interviews: Daniel Herzog<\/p>\n\n\n\n<p><span style=\"text-decoration: underline;\">21.00 Uhr (DAZN)<\/span> <\/p>\n\n\n\n<p><strong><em>FC Liverpool \u2013 SSC Neapel (21.00 Uhr)<\/em><\/strong><\/p>\n\n\n\n<p><img loading=\"lazy\" decoding=\"async\" width=\"10\" height=\"21\" class=\"wp-image-3656\" style=\"width: 10px;\" src=\"http:\/\/kommentatorenblog.de\/wp-content\/uploads\/2020\/09\/shure-55sh-ii-e1601485394796.jpg\" alt=\"\" srcset=\"https:\/\/kommentatorenblog.de\/wp-content\/uploads\/2020\/09\/shure-55sh-ii-e1601485394796.jpg 415w, https:\/\/kommentatorenblog.de\/wp-content\/uploads\/2020\/09\/shure-55sh-ii-e1601485394796-142x300.jpg 142w\" sizes=\"auto, (max-width: 10px) 100vw, 10px\" \/> Jogi Hebel (Einzelspiel), Nico Seepe (Konferenz)<\/p>\n\n\n\n<p><strong><em>Glasgow Rangers \u2013 Ajax Amsterdam (21.00 Uhr)<\/em><\/strong><\/p>\n\n\n\n<p><img loading=\"lazy\" decoding=\"async\" width=\"10\" height=\"21\" class=\"wp-image-3656\" style=\"width: 10px;\" src=\"http:\/\/kommentatorenblog.de\/wp-content\/uploads\/2020\/09\/shure-55sh-ii-e1601485394796.jpg\" alt=\"\" srcset=\"https:\/\/kommentatorenblog.de\/wp-content\/uploads\/2020\/09\/shure-55sh-ii-e1601485394796.jpg 415w, https:\/\/kommentatorenblog.de\/wp-content\/uploads\/2020\/09\/shure-55sh-ii-e1601485394796-142x300.jpg 142w\" sizes=\"auto, (max-width: 10px) 100vw, 10px\" \/> Daniel G\u00fcnther (Einzelspiel),??? (Konferenz)<\/p>\n\n\n\n<p><strong><em>Olympique Marseille \u2013 Tottenham Hotspur (21.00 Uhr)<\/em><\/strong><\/p>\n\n\n\n<p><img loading=\"lazy\" decoding=\"async\" width=\"10\" height=\"21\" class=\"wp-image-3656\" style=\"width: 10px;\" src=\"http:\/\/kommentatorenblog.de\/wp-content\/uploads\/2020\/09\/shure-55sh-ii-e1601485394796.jpg\" alt=\"\" srcset=\"https:\/\/kommentatorenblog.de\/wp-content\/uploads\/2020\/09\/shure-55sh-ii-e1601485394796.jpg 415w, https:\/\/kommentatorenblog.de\/wp-content\/uploads\/2020\/09\/shure-55sh-ii-e1601485394796-142x300.jpg 142w\" sizes=\"auto, (max-width: 10px) 100vw, 10px\" \/> Stefan Galler (Einzelspiel), Marcel Seufert (Konferenz)<\/p>\n\n\n\n<p><strong><em>Viktoria Pilsen \u2013 FC Barcelona (21.00 Uhr)<\/em><\/strong><\/p>\n\n\n\n<p><img loading=\"lazy\" decoding=\"async\" width=\"10\" height=\"21\" class=\"wp-image-3656\" style=\"width: 10px;\" src=\"http:\/\/kommentatorenblog.de\/wp-content\/uploads\/2020\/09\/shure-55sh-ii-e1601485394796.jpg\" alt=\"\" srcset=\"https:\/\/kommentatorenblog.de\/wp-content\/uploads\/2020\/09\/shure-55sh-ii-e1601485394796.jpg 415w, https:\/\/kommentatorenblog.de\/wp-content\/uploads\/2020\/09\/shure-55sh-ii-e1601485394796-142x300.jpg 142w\" sizes=\"auto, (max-width: 10px) 100vw, 10px\" \/> Franz B\u00fcchner (Einzelspiel), Adrian Geiler (Konferenz)<\/p>\n\n\n\n<p>Moderation (DAZN): Tobi Fischbeck<\/p>\n\n\n\n<p><span style=\"text-decoration: underline;\">Mittwoch, 02. November 2022, ab 18.15 Uhr (DAZN)<\/span><\/p>\n\n\n\n<p><strong><em>Schachtar Donezk \u2013 RB Leipzig (18.45Uhr)<\/em><\/strong><\/p>\n\n\n\n<p><img loading=\"lazy\" decoding=\"async\" width=\"10\" height=\"21\" class=\"wp-image-3656\" style=\"width: 10px;\" src=\"http:\/\/kommentatorenblog.de\/wp-content\/uploads\/2020\/09\/shure-55sh-ii-e1601485394796.jpg\" alt=\"\" srcset=\"https:\/\/kommentatorenblog.de\/wp-content\/uploads\/2020\/09\/shure-55sh-ii-e1601485394796.jpg 415w, https:\/\/kommentatorenblog.de\/wp-content\/uploads\/2020\/09\/shure-55sh-ii-e1601485394796-142x300.jpg 142w\" sizes=\"auto, (max-width: 10px) 100vw, 10px\" \/> Uli Hebel, Experte: Sascha Bigalke (Einzelspiel), Michael Born (Konferenz),<\/p>\n\n\n\n<p>Field- Reporter: Andres Veredas <\/p>\n\n\n\n<p><b style=\"font-style: italic;\">R<\/b><strong><em>eal Madrid \u2013 Celtic Glasgow (18.45 Uhr) <\/em><\/strong><\/p>\n\n\n\n<p><img loading=\"lazy\" decoding=\"async\" width=\"10\" height=\"21\" class=\"wp-image-3656\" style=\"width: 10px;\" src=\"http:\/\/kommentatorenblog.de\/wp-content\/uploads\/2020\/09\/shure-55sh-ii-e1601485394796.jpg\" alt=\"\" srcset=\"https:\/\/kommentatorenblog.de\/wp-content\/uploads\/2020\/09\/shure-55sh-ii-e1601485394796.jpg 415w, https:\/\/kommentatorenblog.de\/wp-content\/uploads\/2020\/09\/shure-55sh-ii-e1601485394796-142x300.jpg 142w\" sizes=\"auto, (max-width: 10px) 100vw, 10px\" \/> Daniel G\u00fcnther (Einzelspiel), Flo Hauser (Konferenz)<\/p>\n\n\n\n<p><span style=\"text-decoration: underline;\">ab 20.45 Uhr (DAZN)<\/span> <\/p>\n\n\n\n<p><strong><em><em><strong>FC Kopenhagen \u2013 <\/strong><\/em>Borussia Dortmund (21.00 Uhr)<\/em><\/strong><\/p>\n\n\n\n<p><img loading=\"lazy\" decoding=\"async\" width=\"10\" height=\"21\" class=\"wp-image-3656\" style=\"width: 10px;\" src=\"http:\/\/kommentatorenblog.de\/wp-content\/uploads\/2020\/09\/shure-55sh-ii-e1601485394796.jpg\" alt=\"\" srcset=\"https:\/\/kommentatorenblog.de\/wp-content\/uploads\/2020\/09\/shure-55sh-ii-e1601485394796.jpg 415w, https:\/\/kommentatorenblog.de\/wp-content\/uploads\/2020\/09\/shure-55sh-ii-e1601485394796-142x300.jpg 142w\" sizes=\"auto, (max-width: 10px) 100vw, 10px\" \/> Lukas Sch\u00f6nm\u00fcller, Experte: Tim Borowski (Einzelspiel), Jan Platte (Konferenz),<\/p>\n\n\n\n<p>Field-Reporter: Max Siebald<\/p>\n\n\n\n<p><span style=\"text-decoration: underline;\">ab 21.00 Uhr (DAZN)<\/span> <\/p>\n\n\n\n<p><strong><em><em><strong>Chelsea London \u2013 <\/strong><\/em>Dinamo Zagreb (21.00 Uhr)<\/em><\/strong><\/p>\n\n\n\n<p><img loading=\"lazy\" decoding=\"async\" width=\"10\" height=\"21\" class=\"wp-image-3656\" style=\"width: 10px;\" src=\"http:\/\/kommentatorenblog.de\/wp-content\/uploads\/2020\/09\/shure-55sh-ii-e1601485394796.jpg\" alt=\"\" srcset=\"https:\/\/kommentatorenblog.de\/wp-content\/uploads\/2020\/09\/shure-55sh-ii-e1601485394796.jpg 415w, https:\/\/kommentatorenblog.de\/wp-content\/uploads\/2020\/09\/shure-55sh-ii-e1601485394796-142x300.jpg 142w\" sizes=\"auto, (max-width: 10px) 100vw, 10px\" \/> Ruben Zimmermann (Einzelspiel), Julian Engelhard (Konferenz),<\/p>\n\n\n\n<p><strong><em>AC Mailand \u2013 FC Salzburg (21.00 Uhr)<\/em><\/strong><\/p>\n\n\n\n<p><img loading=\"lazy\" decoding=\"async\" width=\"10\" height=\"21\" class=\"wp-image-3656\" style=\"width: 10px;\" src=\"http:\/\/kommentatorenblog.de\/wp-content\/uploads\/2020\/09\/shure-55sh-ii-e1601485394796.jpg\" alt=\"\" srcset=\"https:\/\/kommentatorenblog.de\/wp-content\/uploads\/2020\/09\/shure-55sh-ii-e1601485394796.jpg 415w, https:\/\/kommentatorenblog.de\/wp-content\/uploads\/2020\/09\/shure-55sh-ii-e1601485394796-142x300.jpg 142w\" sizes=\"auto, (max-width: 10px) 100vw, 10px\" \/>  Adrian Geiler Experte: Christian Bernhard (Einzelspiel), Max Gross (Konferenz)<\/p>\n\n\n\n<p><strong><em><strong><em>J<\/em><\/strong>uventus Turin<strong><em> \u2013 <\/em><\/strong>Paris Saint- Germain (21.00 Uhr)<\/em><\/strong><\/p>\n\n\n\n<p><img loading=\"lazy\" decoding=\"async\" width=\"10\" height=\"21\" class=\"wp-image-3656\" style=\"width: 10px;\" src=\"http:\/\/kommentatorenblog.de\/wp-content\/uploads\/2020\/09\/shure-55sh-ii-e1601485394796.jpg\" alt=\"\" srcset=\"https:\/\/kommentatorenblog.de\/wp-content\/uploads\/2020\/09\/shure-55sh-ii-e1601485394796.jpg 415w, https:\/\/kommentatorenblog.de\/wp-content\/uploads\/2020\/09\/shure-55sh-ii-e1601485394796-142x300.jpg 142w\" sizes=\"auto, (max-width: 10px) 100vw, 10px\" \/> Carsten Fu\u00df (Einzelspiel), Mario Rieker (Konferenz),  <\/p>\n\n\n\n<p><strong><em>Maccabi Haifa \u2013 Benfica Lissabon (21.00 Uhr)<\/em><\/strong><\/p>\n\n\n\n<p><img loading=\"lazy\" decoding=\"async\" width=\"10\" height=\"21\" class=\"wp-image-3656\" style=\"width: 10px;\" src=\"http:\/\/kommentatorenblog.de\/wp-content\/uploads\/2020\/09\/shure-55sh-ii-e1601485394796.jpg\" alt=\"\" srcset=\"https:\/\/kommentatorenblog.de\/wp-content\/uploads\/2020\/09\/shure-55sh-ii-e1601485394796.jpg 415w, https:\/\/kommentatorenblog.de\/wp-content\/uploads\/2020\/09\/shure-55sh-ii-e1601485394796-142x300.jpg 142w\" sizes=\"auto, (max-width: 10px) 100vw, 10px\" \/> Uwe Morawe (Einzelspiel) ,Oliver Forster (Konferenz)<\/p>\n\n\n\n<p><strong><em>Manchester City <strong><em>\u2013FC Sevilla <\/em><\/strong>(21.00 Uhr)<\/em><\/strong><\/p>\n\n\n\n<p><img loading=\"lazy\" decoding=\"async\" width=\"10\" height=\"21\" class=\"wp-image-3656\" style=\"width: 10px;\" src=\"http:\/\/kommentatorenblog.de\/wp-content\/uploads\/2020\/09\/shure-55sh-ii-e1601485394796.jpg\" alt=\"\" srcset=\"https:\/\/kommentatorenblog.de\/wp-content\/uploads\/2020\/09\/shure-55sh-ii-e1601485394796.jpg 415w, https:\/\/kommentatorenblog.de\/wp-content\/uploads\/2020\/09\/shure-55sh-ii-e1601485394796-142x300.jpg 142w\" sizes=\"auto, (max-width: 10px) 100vw, 10px\" \/> Christoph Stadtler (Einzelspiel), Freddy Harder (Konferenz)<\/p>\n\n\n\n<p>Moderation (Konferenz): Jan L\u00fcdeke<\/p>\n\n\n\n<hr class=\"wp-block-separator\"\/>\n\n\n\n<p><strong>Europa League\/Europa Conference League Gruppenphase, 06. Spieltag (RTL)<\/strong><\/p>\n\n\n\n<p><span style=\"text-decoration: underline;\">Donnerstag, 03. November 2022, ab 17.30 Uhr (RTL+)<\/span><\/p>\n\n\n\n<p><em><strong>Qarabag <\/strong><\/em><strong><em>\u2013<\/em><\/strong>&nbsp;<strong><em><strong><em>SC Freiburg (18.45<\/em><\/strong> Uhr)<\/em><\/strong><\/p>\n\n\n\n<p><img loading=\"lazy\" decoding=\"async\" width=\"10\" height=\"21\" class=\"wp-image-3656\" style=\"width: 10px;\" src=\"http:\/\/kommentatorenblog.de\/wp-content\/uploads\/2020\/09\/shure-55sh-ii-e1601485394796.jpg\" alt=\"\" srcset=\"https:\/\/kommentatorenblog.de\/wp-content\/uploads\/2020\/09\/shure-55sh-ii-e1601485394796.jpg 415w, https:\/\/kommentatorenblog.de\/wp-content\/uploads\/2020\/09\/shure-55sh-ii-e1601485394796-142x300.jpg 142w\" sizes=\"auto, (max-width: 10px) 100vw, 10px\" \/> Michael Born (Einzelspiel), Klaus Veltman (Konferenz)<\/p>\n\n\n\n<p>Field- Reporterin:&nbsp;Jessica Matyschok<\/p>\n\n\n\n<p><strong><em>Real Sociedad \u2013 Manchester United (18.45 Uhr)<\/em><\/strong><\/p>\n\n\n\n<p><img loading=\"lazy\" decoding=\"async\" width=\"10\" height=\"21\" class=\"wp-image-3656\" style=\"width: 10px;\" src=\"http:\/\/kommentatorenblog.de\/wp-content\/uploads\/2020\/09\/shure-55sh-ii-e1601485394796.jpg\" alt=\"\" srcset=\"https:\/\/kommentatorenblog.de\/wp-content\/uploads\/2020\/09\/shure-55sh-ii-e1601485394796.jpg 415w, https:\/\/kommentatorenblog.de\/wp-content\/uploads\/2020\/09\/shure-55sh-ii-e1601485394796-142x300.jpg 142w\" sizes=\"auto, (max-width: 10px) 100vw, 10px\" \/> Oliver Seidler (Einzelspiel), Christoph Stadtler (Konferenz)<\/p>\n\n\n\n<p><strong><em>Trabzonspor AS \u2013 Ferencvaros Budapest (18.45 Uhr)<\/em><\/strong><\/p>\n\n\n\n<p><img loading=\"lazy\" decoding=\"async\" width=\"415\" height=\"874\" srcset=\"https:\/\/kommentatorenblog.de\/wp-content\/uploads\/2020\/09\/shure-55sh-ii-e1601485394796.jpg 415w, https:\/\/kommentatorenblog.de\/wp-content\/uploads\/2020\/09\/shure-55sh-ii-e1601485394796-142x300.jpg 142w\" sizes=\"auto, (max-width: 415px) 100vw, 415px\" class=\"wp-image-3656\" style=\"width: 10px;\" src=\"http:\/\/kommentatorenblog.de\/wp-content\/uploads\/2020\/09\/shure-55sh-ii-e1601485394796.jpg\" alt=\"\">\u00a0Tim Hemmrich (Einzelspiel), Julian Engelhard (Konferenz)<\/p>\n\n\n\n<p><strong><em>Feyenoord Rotterdam \u2013 Lazio Rom (18.45 Uhr)<\/em><\/strong><\/p>\n\n\n\n<p><img loading=\"lazy\" decoding=\"async\" width=\"10\" height=\"21\" class=\"wp-image-3656\" style=\"width: 10px;\" src=\"http:\/\/kommentatorenblog.de\/wp-content\/uploads\/2020\/09\/shure-55sh-ii-e1601485394796.jpg\" alt=\"\" srcset=\"https:\/\/kommentatorenblog.de\/wp-content\/uploads\/2020\/09\/shure-55sh-ii-e1601485394796.jpg 415w, https:\/\/kommentatorenblog.de\/wp-content\/uploads\/2020\/09\/shure-55sh-ii-e1601485394796-142x300.jpg 142w\" sizes=\"auto, (max-width: 10px) 100vw, 10px\" \/>  Stefan Galler (Einzelspiel), Christian Stra\u00dfburger (Konferenz)<\/p>\n\n\n\n<p><strong><em>FC Midtjylland &#8211; Sturm Graz (18.45 Uhr)<\/em><\/strong><\/p>\n\n\n\n<p><img loading=\"lazy\" decoding=\"async\" width=\"10\" height=\"21\" class=\"wp-image-3656\" style=\"width: 10px;\" src=\"http:\/\/kommentatorenblog.de\/wp-content\/uploads\/2020\/09\/shure-55sh-ii-e1601485394796.jpg\" alt=\"\" srcset=\"https:\/\/kommentatorenblog.de\/wp-content\/uploads\/2020\/09\/shure-55sh-ii-e1601485394796.jpg 415w, https:\/\/kommentatorenblog.de\/wp-content\/uploads\/2020\/09\/shure-55sh-ii-e1601485394796-142x300.jpg 142w\" sizes=\"auto, (max-width: 10px) 100vw, 10px\" \/> Alexander Klich (Konferenz)<\/p>\n\n\n\n<p><span style=\"text-decoration: underline;\">ab 20.15 Uhr (RTL) bzw. ab 20.40 Uhr (RTL+)<\/span><\/p>\n\n\n\n<p><em><strong>1.FC K\u00f6ln <\/strong><\/em><strong><em>\u2013<\/em><\/strong>&nbsp;<strong><em><strong><em>OGC Nizza (21.00<\/em><\/strong> Uhr)<\/em><\/strong><\/p>\n\n\n\n<p>RTL: <img loading=\"lazy\" decoding=\"async\" width=\"10\" height=\"21\" class=\"wp-image-3656\" style=\"width: 10px;\" src=\"http:\/\/kommentatorenblog.de\/wp-content\/uploads\/2020\/09\/shure-55sh-ii-e1601485394796.jpg\" alt=\"\" srcset=\"https:\/\/kommentatorenblog.de\/wp-content\/uploads\/2020\/09\/shure-55sh-ii-e1601485394796.jpg 415w, https:\/\/kommentatorenblog.de\/wp-content\/uploads\/2020\/09\/shure-55sh-ii-e1601485394796-142x300.jpg 142w\" sizes=\"auto, (max-width: 10px) 100vw, 10px\" \/> Marco Hagemann, Experte: Steffen Freund, Field-Reporter: Jan Krebs<\/p>\n\n\n\n<p>RTL+ <img loading=\"lazy\" decoding=\"async\" width=\"10\" height=\"21\" class=\"wp-image-3656\" style=\"width: 10px;\" src=\"http:\/\/kommentatorenblog.de\/wp-content\/uploads\/2020\/09\/shure-55sh-ii-e1601485394796.jpg\" alt=\"\" srcset=\"https:\/\/kommentatorenblog.de\/wp-content\/uploads\/2020\/09\/shure-55sh-ii-e1601485394796.jpg 415w, https:\/\/kommentatorenblog.de\/wp-content\/uploads\/2020\/09\/shure-55sh-ii-e1601485394796-142x300.jpg 142w\" sizes=\"auto, (max-width: 10px) 100vw, 10px\" \/> Robert Hunke, Experte: Patrick Helmes (Einzelspiel), J\u00fcrgen Schmitz (Konferenz)<\/p>\n\n\n\n<p>Moderation (RTL): Laura Papendick, Experte: Lothar Matth\u00e4us &amp; Karl- Heinz Riedle<\/p>\n\n\n\n<p><span style=\"text-decoration: underline;\">ab 20.40 Uhr (RTL+)<\/span>, ab 21.00 (RTL [Schalten])<\/p>\n\n\n\n<p><strong><em>Union Saint -Gilloise \u2013 Union Berlin <\/em><\/strong><strong><em>(21.00 Uhr)<\/em><\/strong><\/p>\n\n\n\n<p><img loading=\"lazy\" decoding=\"async\" width=\"10\" height=\"21\" class=\"wp-image-3656\" style=\"width: 10px;\" src=\"http:\/\/kommentatorenblog.de\/wp-content\/uploads\/2020\/09\/shure-55sh-ii-e1601485394796.jpg\" alt=\"\" srcset=\"https:\/\/kommentatorenblog.de\/wp-content\/uploads\/2020\/09\/shure-55sh-ii-e1601485394796.jpg 415w, https:\/\/kommentatorenblog.de\/wp-content\/uploads\/2020\/09\/shure-55sh-ii-e1601485394796-142x300.jpg 142w\" sizes=\"auto, (max-width: 10px) 100vw, 10px\" \/> RTL: Cornelius K\u00fcpper, Field- Reporter: Christoph K\u00fcppers<\/p>\n\n\n\n<p><img loading=\"lazy\" decoding=\"async\" width=\"10\" height=\"21\" class=\"wp-image-3656\" style=\"width: 10px;\" src=\"http:\/\/kommentatorenblog.de\/wp-content\/uploads\/2020\/09\/shure-55sh-ii-e1601485394796.jpg\" alt=\"\" srcset=\"https:\/\/kommentatorenblog.de\/wp-content\/uploads\/2020\/09\/shure-55sh-ii-e1601485394796.jpg 415w, https:\/\/kommentatorenblog.de\/wp-content\/uploads\/2020\/09\/shure-55sh-ii-e1601485394796-142x300.jpg 142w\" sizes=\"auto, (max-width: 10px) 100vw, 10px\" \/> RTL+: Florian von Stackelberg (Einzelspiel), Christina Graf (Konferenz)<\/p>\n\n\n\n<p><span style=\"text-decoration: underline;\">ab 20.40 Uhr (RTL+)<\/span><\/p>\n\n\n\n<p><strong><em>FK Partizan \u2013 1. FC Slovacko (21.00 Uhr)<\/em><\/strong><\/p>\n\n\n\n<p><img loading=\"lazy\" decoding=\"async\" width=\"10\" height=\"21\" class=\"wp-image-3656\" style=\"width: 10px;\" src=\"http:\/\/kommentatorenblog.de\/wp-content\/uploads\/2020\/09\/shure-55sh-ii-e1601485394796.jpg\" alt=\"\" srcset=\"https:\/\/kommentatorenblog.de\/wp-content\/uploads\/2020\/09\/shure-55sh-ii-e1601485394796.jpg 415w, https:\/\/kommentatorenblog.de\/wp-content\/uploads\/2020\/09\/shure-55sh-ii-e1601485394796-142x300.jpg 142w\" sizes=\"auto, (max-width: 10px) 100vw, 10px\" \/> Rene Langhoff (Einzelspiel), Philip Konrad (Konferenz)<\/p>\n\n\n\n<p><strong><em>Dynamo Kiew &#8211; Fenerbahce Istanbul (21.00 Uhr)<\/em><\/strong><\/p>\n\n\n\n<p><img loading=\"lazy\" decoding=\"async\" width=\"10\" height=\"21\" class=\"wp-image-3656\" style=\"width: 10px;\" src=\"http:\/\/kommentatorenblog.de\/wp-content\/uploads\/2020\/09\/shure-55sh-ii-e1601485394796.jpg\" alt=\"\" srcset=\"https:\/\/kommentatorenblog.de\/wp-content\/uploads\/2020\/09\/shure-55sh-ii-e1601485394796.jpg 415w, https:\/\/kommentatorenblog.de\/wp-content\/uploads\/2020\/09\/shure-55sh-ii-e1601485394796-142x300.jpg 142w\" sizes=\"auto, (max-width: 10px) 100vw, 10px\" \/> Alexander K\u00fcpper (Einzelspiel)<\/p>\n\n\n\n<p><strong><em>Sporting Braga &#8211; Malm\u00f6 FF (21.00 Uhr)<\/em><\/strong><\/p>\n\n\n\n<p><img loading=\"lazy\" decoding=\"async\" width=\"10\" height=\"21\" class=\"wp-image-3656\" style=\"width: 10px;\" src=\"http:\/\/kommentatorenblog.de\/wp-content\/uploads\/2020\/09\/shure-55sh-ii-e1601485394796.jpg\" alt=\"\" srcset=\"https:\/\/kommentatorenblog.de\/wp-content\/uploads\/2020\/09\/shure-55sh-ii-e1601485394796.jpg 415w, https:\/\/kommentatorenblog.de\/wp-content\/uploads\/2020\/09\/shure-55sh-ii-e1601485394796-142x300.jpg 142w\" sizes=\"auto, (max-width: 10px) 100vw, 10px\" \/> Stefan Fuckert (Konferenz)<\/p>\n\n\n\n<p>Moderation(RTL+): Anna Kraft, Arnd Zeigler und Ansgar Brinkmann<\/p>\n\n\n\n<p><strong>Youth League (DAZN)<\/strong><\/p>\n\n\n\n<p><span style=\"text-decoration: underline;\">Dienstag, 01. November 2022, (DAZN)<\/span><\/p>\n\n\n\n<p><em><strong>Sporting U19 <\/strong><\/em><strong><em>\u2013<\/em><\/strong>&nbsp;<strong><em><strong><em>Eintracht U19 (16.00<\/em><\/strong> Uhr)<\/em><\/strong><\/p>\n\n\n\n<p><img loading=\"lazy\" decoding=\"async\" width=\"10\" height=\"21\" class=\"wp-image-3656\" style=\"width: 10px;\" src=\"http:\/\/kommentatorenblog.de\/wp-content\/uploads\/2020\/09\/shure-55sh-ii-e1601485394796.jpg\" alt=\"\" srcset=\"https:\/\/kommentatorenblog.de\/wp-content\/uploads\/2020\/09\/shure-55sh-ii-e1601485394796.jpg 415w, https:\/\/kommentatorenblog.de\/wp-content\/uploads\/2020\/09\/shure-55sh-ii-e1601485394796-142x300.jpg 142w\" sizes=\"auto, (max-width: 10px) 100vw, 10px\" \/> Guido H\u00fcsgen<\/p>\n\n\n\n<hr class=\"wp-block-separator\"\/>\n\n\n\n<hr class=\"wp-block-separator\"\/>\n\n\n\n<p><strong>Die Analyse<\/strong><\/p>\n\n\n\n<p><strong>Bayer- Entscheidung am fr\u00fchen Abend<\/strong><\/p>\n\n\n\n<p>Am Dienstag hat Prime mal wieder die Bayern im Angebot, nach dem man in den zwei Spieltagen zuvor den BVB gezeigt hatte. Mit Blick auf die Tabelle in der Champions League wei\u00df man, dass es bei dem Spiel (erwartbar?) um nichts mehr geht. Daf\u00fcr aber bei den anderen beiden Teams, die am Dienstag spielen werden: Sowohl die Eintracht als auch Bayer Leverkusen k\u00e4mpfen noch ums Weiterkommen. F\u00fcr Frankfurt geht es dabei um die Champions oder Europa League, f\u00fcr Bayer &#8222;nur noch&#8220; um die Europa League. Die beiden Partien werden dann von DAZN \u00fcbertragen.<\/p>\n\n\n\n<p>Mit der Partie von Leverkusen startet dann auch der letzte CL- Spieltag der diesj\u00e4hrigen Gruppenphase am fr\u00fchen Abend. DAZN- Kommentator wird aber nicht, wie die letzten Male, Michael Born sein, sondern Uli Hebel. Daf\u00fcr aber wieder mit Experte Lauth, beide melden sich aus dem Studio. Im Stadion kommt Interviewerin Kimmel zum Einsatz, Vorberichte gibt es eine Viertelstunde vor Spielbeginn.<\/p>\n\n\n\n<p><strong>DAZN mit der Eintracht &#8230;<\/strong><\/p>\n\n\n\n<p>Danach spielen dann noch die Eintracht und Bayern ihre letzten Gruppenspieltagen. DAZN hat dabei die Eintracht im Programm und wieder ist Hagemann der Kommentator. Auch Interviewer Herzog und Experte Knei\u00dfl bleiben gleich wie in der Vorwoche. Nun aber kommt mit Alex Schl\u00fcter noch ein Moderator hinzu, alle vier melden sich aus dem Stadion in Lissabon. In der Konferenz \u00fcbernimmt Jan Platte die Eintracht.<\/p>\n\n\n\n<p><strong>&#8230; gegen die Bayern bei Prime<\/strong><\/p>\n\n\n\n<p>Prime hat dagegen hat sich f\u00fcr das Spiel des FC Bayern gegen Inter Mailand entschieden. Sicherlich ein interessantes Spiel, mit Blick auf die CL- Tabelle und der Bedeutung des Spiels hat aber ganz klar das Spiel der Frankfurter die Nase vorne. Nichtsdestotrotz schickt Prime wieder seine gro\u00dfe Crew zum Einsatz. Wenig \u00fcberraschend kommen als Moderator, Co- und Kommentator Sebastian Hellmann, Benedikt H\u00f6wedes und Jonas Friedrich zum Einsatz. In der Runde der Experten und Expertin wird wieder etwas umgebaut: Matthias Sammer bleibt, Josephine Henning rotiert f\u00fcr Tabea Kemme rein und Claudio Pizarro gibt sein Experten- Deb\u00fct bei Prime.<\/p>\n\n\n\n<p><strong>BVB und RB am Mittwoch<\/strong><\/p>\n\n\n\n<p>Am Mittwoch startet DAZN dann mit der Partie von RB gegen Donezk in den Tag. Auch dieses fr\u00fche Spiel wird, wie am Vortag, von Uli Hebel kommentiert, Unterst\u00fctzung erh\u00e4lt er von Experte Bigalke. Andres Veredas reist f\u00fcr die Interviews nach Warschau, der CL- Heimspielst\u00e4tte von Donezk.<\/p>\n\n\n\n<p>Am sp\u00e4ten Abend spielt dann der BVB sein letztes Gruppenspiel in Kopenhagen. Dadurch finden die deutschen Spiele auf allen vier unterschiedlichen Ansto\u00dfzeiten statt, und durch das Prime- Spiel wird es dieses Mal keine deutsche Konferenz geben. Was besonders schade ist, da es f\u00fcr drei deutsche Teams noch um viel geht, und besonders die dreier Konferenz letzte Woche Spa\u00df gemacht haben d\u00fcrfte.<\/p>\n\n\n\n<p>Der BVB hat es unterdessen bereits ins CL- Achtelfinale geschafft, die Vorberichte starten deshalb eine Viertelstunde vor Spielbeginn, dann meldet sich Lukas Sch\u00f6nm\u00fcller mit Experte Borowski, Interviews wird Max Siebald f\u00fchren. Alle drei melden sich dabei live aus Kopenhagen. In der Konferenz \u00fcbernimmt Platte, der damit das zweite Konferenz- Spiel eines deutschen Team in dieser Woche hat.<\/p>\n\n\n\n<p>Auch die Spiele ohne deutsche Beteiligung gibt es nat\u00fcrlich bei DAZN zu sehen, so kommentiert Jogi Hebel beispielsweise Liverpool- Neapel. Daniel G\u00fcnther wird am Dienstag (Rangers) und Mittwoch (Celtic) die Spiele beider Glasgower Teams kommentieren, dazu kommen Stadtler und Geiler je zu einem Einzelspiel- und Konferenz- Einsatz.<\/p>\n\n\n\n<p><strong>RTL zeigt K\u00f6ln &#8211; und ein bisschen Union<\/strong><\/p>\n\n\n\n<p>Die Europa und Conference League gibt es wie gewohnt bei RTL. Der K\u00f6lner Sender hat sich am letzten Spieltag dabei ein Heimspiel ausgesucht, man sendet aus dem K\u00f6lner Stadion die Partie des Effzehs gegen Nizza. Die Moderation \u00fcbernimmt, wie gewohnt, Laura Papendick, die dabei Unterst\u00fctzung von den Experten Matth\u00e4us und Riedle erhalten wird. Kommentiert wird die Partie, wie gewohnt, von Hagemann und Freund. Bei RTL+ gibt es f\u00fcr die Partie nat\u00fcrlich wieder einen eigenen Kommentar, und der wird, wie soll es auch anders sein, von Hunke und Helmes \u00fcbernommen.<\/p>\n\n\n\n<p>F\u00fcr die K\u00f6lner geht es bei der Partie darum, ob man international \u00fcberwintern wird. Union Berlin wird im n\u00e4chsten Jahr sicher international spielen, allerdings steht noch nicht fest, ob in der Europa- oder Conference League. Aus diesem Grund schaltet sich RTL auch immer wieder zum Spiel von Union Berlin und zu Cornelius K\u00fcpper, der aus dem K\u00f6lner- Studio kommentiert.<\/p>\n\n\n\n<p>Daneben gibt es das Spiel in voller L\u00e4nge bei RTL+, mit Kommentator von Stackelberg. Die Partie des SC Freiburgs, der bereits sicher im Europa League- Achtelfinale steht, gibt es ab 18.45 Uhr exklusiv bei RTL+, dann kommentiert Michael Born die Partie.<\/p>\n\n\n\n<p>Als Field- Reporterin reist im \u00dcbrigen&nbsp;Jessica Matyschok nach Qarabag, letzte Woche ging es f\u00fcr sie noch nach Tschechien. Christoph K\u00fcppers bleibt Union Berlin als Field- Reporter treu und reist mit nach St. Gilloise und Jan Krebs \u00fcbernimmt den 1. FC K\u00f6ln gegen Nizza.<\/p>\n\n\n\n<p>Das war es f\u00fcr diesen Monat und mit der Gruppenphase im Europapokal. Am Donnerstag melden wir uns dann wieder mit der Bundesliga, bis dahin, habt eine gute Woche!<\/p>\n","protected":false},"excerpt":{"rendered":"<p>Hallo zusammen, Nachdem der BR und Eurosport Mitte Oktober mit Ski Alpin aus S\u00f6lden den Anfang der Wintersport- \u00dcbertragungen gemacht haben, h\u00e4tte letztes Wochenende das ZDF in die Saison einsteigen sollen. Das Ski Alpin Rennen am Matterhorn musste aber aufgrund von Schneemangels abgesagt werden, und so viel auch die ZDF- \u00dcbertragung aus. Auch die Ski [&hellip;]<\/p>\n","protected":false},"author":10,"featured_media":0,"comment_status":"open","ping_status":"open","sticky":false,"template":"","format":"standard","meta":{"footnotes":""},"categories":[425],"tags":[598,232,49,163,517,689,617,166,873,615,171,871,614,262,165,13,132,703,120,295,155,123,48,69,675,86,612,676,75,31,276,43,608,114,183,113,690,874,853,301,361,98,22,394,154,105,149],"class_list":["post-13970","post","type-post","status-publish","format-standard","hentry","category-champions-league-und-co","tag-adrian-geiler","tag-alexander-klich","tag-alex-schlueter","tag-alexander-kuepper","tag-anna-kraft","tag-ansgar-brinkmann","tag-arnd-zeigler","tag-benny-lauth","tag-christian-strssburger","tag-christina-graf","tag-christoph-stadtler","tag-claudio-pizarro","tag-cornelius-kuepper","tag-daniel-guenther","tag-david-ploch","tag-dazn","tag-flo-hauser","tag-florian-von-stackelberg","tag-franz-buechner","tag-freddy-harder","tag-guido-huesgen","tag-jan-luedeke","tag-jan-platte","tag-jonas-friedrich","tag-josephine-henning","tag-juergen-schmitz","tag-karl-heinz-riedle","tag-klaus-veltman","tag-laura-papendick","tag-lothar-matthaeus","tag-marcel-seufert","tag-marco-hagemann","tag-matthias-sammer","tag-michael-born","tag-oliver-forster","tag-oliver-seidler","tag-philip-konrad","tag-rene-langhoff","tag-robert-hunke","tag-ruben-zimmermann","tag-sascha-bigalke","tag-sebastian-hellmann","tag-sky","tag-stefan-fuckert","tag-stefan-galler","tag-uli-hebel","tag-uwe-morawe"],"_links":{"self":[{"href":"https:\/\/kommentatorenblog.de\/index.php?rest_route=\/wp\/v2\/posts\/13970","targetHints":{"allow":["GET"]}}],"collection":[{"href":"https:\/\/kommentatorenblog.de\/index.php?rest_route=\/wp\/v2\/posts"}],"about":[{"href":"https:\/\/kommentatorenblog.de\/index.php?rest_route=\/wp\/v2\/types\/post"}],"author":[{"embeddable":true,"href":"https:\/\/kommentatorenblog.de\/index.php?rest_route=\/wp\/v2\/users\/10"}],"replies":[{"embeddable":true,"href":"https:\/\/kommentatorenblog.de\/index.php?rest_route=%2Fwp%2Fv2%2Fcomments&post=13970"}],"version-history":[{"count":23,"href":"https:\/\/kommentatorenblog.de\/index.php?rest_route=\/wp\/v2\/posts\/13970\/revisions"}],"predecessor-version":[{"id":14107,"href":"https:\/\/kommentatorenblog.de\/index.php?rest_route=\/wp\/v2\/posts\/13970\/revisions\/14107"}],"wp:attachment":[{"href":"https:\/\/kommentatorenblog.de\/index.php?rest_route=%2Fwp%2Fv2%2Fmedia&parent=13970"}],"wp:term":[{"taxonomy":"category","embeddable":true,"href":"https:\/\/kommentatorenblog.de\/index.php?rest_route=%2Fwp%2Fv2%2Fcategories&post=13970"},{"taxonomy":"post_tag","embeddable":true,"href":"https:\/\/kommentatorenblog.de\/index.php?rest_route=%2Fwp%2Fv2%2Ftags&post=13970"}],"curies":[{"name":"wp","href":"https:\/\/api.w.org\/{rel}","templated":true}]}}