{"id":1399,"date":"2020-02-13T17:18:42","date_gmt":"2020-02-13T17:18:42","guid":{"rendered":"https:\/\/kommentatorenblog.de\/?p=1399"},"modified":"2020-12-30T15:59:57","modified_gmt":"2020-12-30T15:59:57","slug":"1056-sabine-mittendrin-beim-wow-effekt","status":"publish","type":"post","link":"https:\/\/kommentatorenblog.de\/?p=1399","title":{"rendered":"1056 \u2013 Sabine mittendrin beim Wow-Effekt"},"content":{"rendered":"\n<p>N&#8217;Abend allerseits!<\/p>\n\n\n\n<p>Was war das f\u00fcr ein Sturm am Sonntag und Montag. Bei mir im S\u00fcdwesten der Republik hat &#8222;Sabine&#8220; jedenfalls f\u00fcr viel Chaos gesorgt. Warum erz\u00e4hle ich euch das? Montagnachmittag begann die Arbeit und Recherche f\u00fcr diesen Eintrag. W\u00e4hrend es \u00fcber mir klapperte und der Wind vor sich rum pfiff, traute ich teils meinen Augen nicht. Wir sind ja ab und zu mal \u00fcberrascht von den Ansetzungen. So einen Wow-Effekt hatte ich bisher noch nie. Wieso? Das steht in der Analyse! <\/p>\n\n\n\n<p>Nach diesem kleinen und ungew\u00f6hnlichen Vorwort w\u00fcnsche ich viel Spa\u00df mit den Ansetzungen f\u00fcrs Wochenende!<\/p>\n\n\n\n<p><strong><em>Die Ansetzungen vom 14. Februar bis zum&nbsp;17. Februar 2020<\/em><\/strong><\/p>\n\n\n\n<p><strong>Bundesliga, 22. Spieltag<\/strong><\/p>\n\n\n\n<p><span style=\"text-decoration: underline;\">Freitag, 14. Januar 2020, ab 20.10 Uhr (DAZN)<\/span><\/p>\n\n\n\n<p><strong><em>Borussia Dortmund \u2013&nbsp;Eintracht Frankfurt (20.30 Uhr)<\/em><\/strong><\/p>\n\n\n\n<p>DAZN: Marco Hagemann, Experte: Ralph Gunesch<\/p>\n\n\n\n<p>Legendenkommentar: Daniel G\u00fcnther und Werner Hansch<\/p>\n\n\n\n<p>Moderation (DAZN): Alex Schl\u00fcter, Field-Reporter: Daniel Herzog<\/p>\n\n\n\n<p><span style=\"text-decoration: underline;\">Samstag, 15. Februar 2020, ab 14.00 Uhr (Sky)<\/span><\/p>\n\n\n\n<p><strong><em>RB Leipzig \u2013 SV Werder Bremen (15.30 Uhr)<\/em><\/strong><\/p>\n\n\n\n<p>Sky: Jonas Friedrich (Einzelspiel), Wolff Fuss (Konferenz)<\/p>\n\n\n\n<p>Field-Reporter (Sky): Michael Leopold<\/p>\n\n\n\n<p><strong><em>1. FC Union Berlin \u2013 Bayer 04 Leverkusen (15.30 Uhr)<\/em><\/strong><\/p>\n\n\n\n<p>Sky:&nbsp;Florian Schmidt-Sommerfeld (Einzelspiel),&nbsp;Martin Gro\u00df (Konferenz)<\/p>\n\n\n\n<p>Field-Reporter (Sky): Jens Westen<\/p>\n\n\n\n<p><strong><em>SC Paderborn 07 \u2013 Hertha BSC&nbsp;(15.30 Uhr)<\/em><\/strong><\/p>\n\n\n\n<p>Sky: Michael Born (Einzelspiel), Tom Bayer (Konferenz)<\/p>\n\n\n\n<p>Field-Reporter (Sky): Marcus Lindemann<\/p>\n\n\n\n<p><strong><em>TSG 1899 Hoffenheim \u2013 VfL Wolfsburg (15.30 Uhr)<\/em><\/strong><\/p>\n\n\n\n<p>Sky:&nbsp;Toni Tomic (Einzelspiel),&nbsp;Frank Buschmann (Konferenz)<\/p>\n\n\n\n<p>Field-Reporter (Sky): Ulli Potofski<\/p>\n\n\n\n<p><strong><em>FC Augsburg \u2013 SC Freiburg (15.30 Uhr)<\/em><\/strong><\/p>\n\n\n\n<p>Sky: Roland Evers (Einzelspiel), Klaus Veltmann&nbsp;(Konferenz)<\/p>\n\n\n\n<p>Field-Reporter (Sky): Britta Hofmann<\/p>\n\n\n\n<p>Moderation (Sky): Esther Sedlaczek,&nbsp;Experte:&nbsp;Dietmar Hamann<\/p>\n\n\n\n<p><span style=\"text-decoration: underline;\">ab 17.30 Uhr (Sky)<\/span><\/p>\n\n\n\n<p><strong><em>Fortuna D\u00fcsseldorf \u2013 Borussia M\u00f6nchengladbach (18.30 Uhr)<\/em><\/strong><\/p>\n\n\n\n<p>Sky: Kai Dittmann<\/p>\n\n\n\n<p>Moderation (Sky): Sebastian Hellmann, Experte: Lothar Matth\u00e4us, Field-Reporter: Stefan Hempel<\/p>\n\n\n\n<p><span style=\"text-decoration: underline;\">Sonntag, 16. Februar 2020, ab 14.30 Uhr (Sky)<\/span><\/p>\n\n\n\n<p><strong><em>1. FC K\u00f6ln \u2013 FC Bayern M\u00fcnchen (15.30 Uhr)<\/em><\/strong><\/p>\n\n\n\n<p>Sky: Marcus Lindemann<\/p>\n\n\n\n<p>Field-Reporter (Sky): Ecki Heuser<\/p>\n\n\n\n<p><span style=\"text-decoration: underline;\">ab 17.30 Uhr (Sky)<\/span><\/p>\n\n\n\n<p><strong><em>1. FSV Mainz 05 \u2013 FC Schalke 04 (18.00 Uhr)<\/em><\/strong><\/p>\n\n\n\n<p>Sky: Holger Pfandt<\/p>\n\n\n\n<p>Field-Reporter (Sky): Ulli Potofski <\/p>\n\n\n\n<p>Moderation (Sky):&nbsp;Jessica Libbertz, Experte: Ewald Lienen <\/p>\n\n\n\n<p><strong>2. Bundesliga 22. Spieltag<\/strong><\/p>\n\n\n\n<p><span style=\"text-decoration: underline;\">Freitag, 14. Februar 2020, ab 18.00 Uhr (Sky)<\/span><\/p>\n\n\n\n<p><strong><em>FC St. Pauli \u2013&nbsp;Dynamo Dresden (18.30 Uhr)<\/em><\/strong><\/p>\n\n\n\n<p>Sky: Heiko Mallwitz, Field-Reporter: Jurek Rohrberg<\/p>\n\n\n\n<p><em><strong>1. FC Heidenheim&nbsp;\u2013&nbsp;1. FC N\u00fcrnberg (18.30 Uhr)<\/strong><\/em><\/p>\n\n\n\n<p>Sky: Klaus Veltmann, Interviews: Schalte<\/p>\n\n\n\n<p>Moderation (Sky): Stefan Hempel<\/p>\n\n\n\n<p><span style=\"text-decoration: underline;\">Samstag, 15. Februar 2020, ab 12.30 Uhr (Sky)<\/span><\/p>\n\n\n\n<p><strong><em>Hannover 96&nbsp;\u2013&nbsp;Hamburger SV (13.00 Uhr)<\/em><\/strong><\/p>\n\n\n\n<p>Sky: Torsten Kunde, Field-Reporter: Sven T\u00f6llner<\/p>\n\n\n\n<p><strong><em>SpVgg Greuther F\u00fcrth&nbsp;\u2013&nbsp;Arminia Bielefeld (13.00 Uhr)<\/em><\/strong><\/p>\n\n\n\n<p>Sky: Hansi K\u00fcpper, Interviews: Schalte<\/p>\n\n\n\n<p><em><strong>Jahn Regensburg&nbsp;\u2013&nbsp;SV Wehen Wiesbaden (13.00 Uhr)<\/strong><\/em><\/p>\n\n\n\n<p>Sky: Holger Pfandt<\/p>\n\n\n\n<p>Moderation (Sky): Peter Hardenacke<\/p>\n\n\n\n<p><span style=\"text-decoration: underline;\">Sonntag, 16. Februar 2020, ab 13.00 Uhr (Sky)<\/span><\/p>\n\n\n\n<p><strong><em>Karlsruher SC \u2013&nbsp;VfL Osnabr\u00fcck (13.30 Uhr)<\/em><\/strong><\/p>\n\n\n\n<p>Sky: Sven Haist, Field-Reporter: Alexander Bonengel<\/p>\n\n\n\n<p><strong><em>Erzgebirge Aue \u2013&nbsp;Holstein Kiel (13.30 Uhr)<\/em><\/strong><\/p>\n\n\n\n<p>Sky: Markus G\u00f6tz, Interviews: Schalte<\/p>\n\n\n\n<p><strong><em>SV&nbsp;Darmstadt 98&nbsp;\u2013&nbsp;SV Sandhausen (13.30 Uhr)<\/em><\/strong><\/p>\n\n\n\n<p>Sky: Hansi K\u00fcpper<\/p>\n\n\n\n<p>Moderation (Sky): Hartmut von Kameke<\/p>\n\n\n\n<p><span style=\"text-decoration: underline;\">Montag, 17. Februar 2020, ab 20.00 Uhr (Sky)<\/span><\/p>\n\n\n\n<p><strong><em>VfL Bochum&nbsp;\u2013&nbsp;VfB Stuttgart (20.30 Uhr)<\/em><\/strong><\/p>\n\n\n\n<p>Sky: J\u00fcrgen Schmitz, Field-Reporter: Marco Wiefel<\/p>\n\n\n\n<p>Moderation (Sky): Yannick Erkenbrecher<\/p>\n\n\n\n<p><strong><em>3. Liga,&nbsp;24. Spieltag<\/em><\/strong><\/p>\n\n\n\n<p><span style=\"text-decoration: underline;\">Freitag, 14. Februar 2020, ab 18.30 Uhr (Magenta Sport<\/span>)<\/p>\n\n\n\n<p><strong><em>SC Preu\u00dfen M\u00fcnster \u2013 W\u00fcrzburger Kickers&nbsp;(19.00 Uhr)<\/em><\/strong><\/p>\n\n\n\n<p>Magenta Sport: Christian Stra\u00dfburger<\/p>\n\n\n\n<p>Moderation (Magenta Sport): Thomas Wagner, Experte: Rudi Bommer<\/p>\n\n\n\n<p><span style=\"text-decoration: underline;\">Samstag, 15. Februar 2020, ab 13.45 Uhr (Magenta Sport)\/ ab 14.00 Uhr (Dritte) <\/span><\/p>\n\n\n\n<p><strong><em>Konferenz (14.00 Uhr)<\/em><\/strong><\/p>\n\n\n\n<p>Magenta Sport: Alexander Kunz &amp; Martin Piller<\/p>\n\n\n\n<p><strong><em>1. FC Magdeburg \u2013 Chemnitzer FC (14.00 Uhr)<\/em><\/strong><\/p>\n\n\n\n<p>Magenta Sport: Andreas Mann                                                                                                                 MDR: Torsten P\u00fcschel<\/p>\n\n\n\n<p>Moderation (Magenta Sport): Stefanie Blochwitz                                                                   MDR: Stephanie M\u00fcller-Spirra, Experte: Lutz Lindemann    <\/p>\n\n\n\n<p><span style=\"text-decoration: underline;\">ab 14.00 Uhr (Magenta Sport)<\/span><\/p>\n\n\n\n<p><strong><em>Eintracht Braunschweig \u2013 1. FC Kaiserslautern (14.00 Uhr)<\/em><\/strong><\/p>\n\n\n\n<p>Magenta Sport: Alexander K\u00fcpper                                                                              SWR: Michael Bollenbacher                                                                                   NDR: tba<\/p>\n\n\n\n<p>Moderation (Magenta Sport): Benni Zander                                                      SWR: Christian D\u00f6ring                                                                                              NDR: tba<\/p>\n\n\n\n<p><strong><em>FC Ingolstadt 04 \u2013 KFC Uerdingen (14.00 Uhr)<\/em><\/strong><\/p>\n\n\n\n<p>Magenta Sport: Alexander Klich<\/p>\n\n\n\n<p>Moderation (Magenta Sport): Sascha Bandermann<\/p>\n\n\n\n<p><strong><em>SV Meppen \u2013 1860 M\u00fcnchen (14.00 Uhr)<\/em><\/strong><\/p>\n\n\n\n<p>Magenta Sport: Jan Neumann<\/p>\n\n\n\n<p>Moderation (Magenta Sport): Kamila Benschop<\/p>\n\n\n\n<p><strong><em>SpVgg Unterhaching \u2013 Viktoria K\u00f6ln (14.00 Uhr)<\/em><\/strong><\/p>\n\n\n\n<p>Magenta Sport: Franz B\u00fcchner<\/p>\n\n\n\n<p>Moderation (Magenta Sport): Simon K\u00f6pfer<\/p>\n\n\n\n<p><strong><em>Sonnenhof Gro\u00dfaspach \u2013 FC Hansa Rostock (14.00 Uhr)<\/em><\/strong><\/p>\n\n\n\n<p>Magenta Sport: Mario Bast<\/p>\n\n\n\n<p>Moderation (Magenta Sport): Konstantin Klostermann<\/p>\n\n\n\n<p><span style=\"text-decoration: underline;\">Sonntag, 16. Februar 2020, ab 12.45 Uhr (Magenta Sport)<\/span><\/p>\n\n\n\n<p><strong><em>FSV Zwickau \u2013 MSV Duisburg (13.00 Uhr)<\/em><\/strong><\/p>\n\n\n\n<p>Magenta Sport: Andreas Mann<\/p>\n\n\n\n<p>Moderation (Magenta Sport): Alexander K\u00fcpper<\/p>\n\n\n\n<p><span style=\"text-decoration: underline;\">ab 13.45 Uhr (Magenta Sport)<\/span><\/p>\n\n\n\n<p><strong><em>SV Waldhof Mannheim \u2013 Carl Zeiss Jena (14.00 Uhr)<\/em><\/strong><\/p>\n\n\n\n<p>Magenta Sport: Markus H\u00f6hner<\/p>\n\n\n\n<p>Moderation (Magenta Sport): Cedric Pick<\/p>\n\n\n\n<p><span style=\"text-decoration: underline;\">Montag, 17. Februar 2020 ab 18.45 Uhr (Magenta Sport)<\/span><\/p>\n\n\n\n<p><strong><em>Bayern M\u00fcnchen II \u2013 Hallescher FC (19.00 Uhr)<\/em><\/strong><\/p>\n\n\n\n<p>Magenta Sport: Martin Piller<\/p>\n\n\n\n<p>Moderation (Magenta Sport): Kevin Gerwin<\/p>\n\n\n\n<p><strong>Premier League, 26. Spieltag<\/strong><\/p>\n\n\n\n<p><span style=\"text-decoration: underline;\">Freitag, 14. Februar 2020, ab 20.50 Uhr (Sky)<\/span><\/p>\n\n\n\n<p><strong><em>Wolverhampton Wanderers \u2013&nbsp;Leicester City (21.00 Uhr)<\/em><\/strong><\/p>\n\n\n\n<p>Sky: Hannes Herrmann<\/p>\n\n\n\n<p><span style=\"text-decoration: underline;\">Samstag, 15. Februar 2020, ab 13.20 Uhr (Sky)<\/span><\/p>\n\n\n\n<p><strong><em>FC Southampton \u2013&nbsp;FC Burnley (13.30 Uhr)<\/em><\/strong><\/p>\n\n\n\n<p>Sky: J\u00f6rg Dahlmann<\/p>\n\n\n\n<p><span style=\"text-decoration: underline;\">ab 18.20 Uhr (Sky)<\/span><\/p>\n\n\n\n<p><strong><em>Norwich City \u2013&nbsp;FC Liverpool (18.30 Uhr)<\/em><\/strong><\/p>\n\n\n\n<p>Sky: Jogi Hebel<\/p>\n\n\n\n<p><span style=\"text-decoration: underline;\">Sonntag, 16. Februar 2020, ab 14.50 Uhr (Sky)<\/span><\/p>\n\n\n\n<p><strong><em>Aston Villa \u2013&nbsp;Tottenham Hotspur (15.00 Uhr)<\/em><\/strong><\/p>\n\n\n\n<p>Sky: Sascha Roos<\/p>\n\n\n\n<p><span style=\"text-decoration: underline;\">ab 17.20 Uhr (Sky)<\/span><\/p>\n\n\n\n<p><strong><em>FC Arsenal \u2013&nbsp;Newcastle United (17.30 Uhr)<\/em><\/strong><\/p>\n\n\n\n<p>Sky: Jonas Friedrich<\/p>\n\n\n\n<p><span style=\"text-decoration: underline;\">Montag, 17. Februar 2020, ab 20.30 Uhr (Sky)<\/span><\/p>\n\n\n\n<p><strong><em>FC Chelsea \u2013&nbsp;Manchester United (21.00 Uhr)<\/em><\/strong><\/p>\n\n\n\n<p>Sky: Florian Schmidt-Sommerfeld, Experte: Mladen Petric<\/p>\n\n\n\n<p><strong>Fu\u00dfball International<\/strong><\/p>\n\n\n\n<p><span style=\"text-decoration: underline;\">Freitag, 14. Januar 2020<\/span><\/p>\n\n\n\n<p>Ligue 1, 25. Spieltag:&nbsp;<strong><em>AS Monaco \u2013 HSC Montpellier (20.45 Uhr)<\/em><\/strong><\/p>\n\n\n\n<p>DAZN: Martin Sedlaczek<\/p>\n\n\n\n<p>Sky Bet Championship, 33. Spieltag:&nbsp;<strong><em>Hull City \u2013 Swansea City&nbsp;(20.45 Uhr)<\/em><\/strong><\/p>\n\n\n\n<p>sportdigital FUSSBALL: Florian Obst<\/p>\n\n\n\n<p>La Liga, 24. Spieltag:&nbsp;<strong><em>FC Valencia \u2013 Atletico Madrid (21.00 Uhr)<\/em><\/strong><\/p>\n\n\n\n<p>DAZN: Uli Hebel, Experte: Benny Lauth<\/p>\n\n\n\n<p>Samstag, 15. Februar 2020<\/p>\n\n\n\n<p>Sky Bet Championship, 33. Spieltag: <strong><em>West Bromwich Albion \u2013 Nottingham Forest (13.30 Uhr)<\/em><\/strong><\/p>\n\n\n\n<p>sportdigital FUSSBALL: Florian Obst<\/p>\n\n\n\n<p>La Liga, 24. Spieltag: <em><strong>FC Barcelona \u2013 Getafe (16.00 Uhr)<\/strong><\/em><\/p>\n\n\n\n<p>DAZN: Jan Platte, Experte: Jonas Hummels<\/p>\n\n\n\n<p>Sky Bet Championship, 33. Spieltag: <strong><em>FC Middlesbrough \u2013 Luton Town (16.00 Uhr)<\/em><\/strong><\/p>\n\n\n\n<p>sportdigital FUSSBALL: Christian Blunck<\/p>\n\n\n\n<p>Ligue 1, 25. Spieltag: <strong><em>Amiens \u2013 Paris Saint Germain (17.30 Uhr)<\/em><\/strong><\/p>\n\n\n\n<p>DAZN: Stefan Galler, Experte: Alexis Menuge <\/p>\n\n\n\n<p>La Liga, 24. Spieltag: <strong><em>Villareal \u2013 Levante (18.30 Uhr)<\/em><\/strong><\/p>\n\n\n\n<p>DAZN: Matthias Naebers<\/p>\n\n\n\n<p>Liga NOS, 21. Spieltag:&nbsp;<strong><em>Benfica Lissabon \u2013 Sporting Braga (19.00 Uhr)<\/em><\/strong><\/p>\n\n\n\n<p>sportdigital FUSSBALL: J\u00f6rg Steiger<\/p>\n\n\n\n<p>Serie A, 24. Spieltag:&nbsp;<strong><em>Atalanta Bergamo \u2013 AS Rom (20.45 Uhr)<\/em><\/strong><\/p>\n\n\n\n<p>DAZN: Daniel G\u00fcnther, Experte: Michi Hofmann<\/p>\n\n\n\n<p>Liga NOS, 21. Spieltag: <strong><em>FC Rio Ave \u2013 Sporting Lissabon (21.30 Uhr)<\/em><\/strong><\/p>\n\n\n\n<p>sportdigital FUSSBALL: Karsten Linke<\/p>\n\n\n\n<p><span style=\"text-decoration: underline;\">Sonntag, 16. Februar 2020<\/span><\/p>\n\n\n\n<p>La Liga, 24. Spieltag: <strong><em>FC Sevilla \u2013 Espanyol Barcelona (12.00 Uhr)<\/em><\/strong><\/p>\n\n\n\n<p>DAZN: Tino Polster<\/p>\n\n\n\n<p>Eredivisie, 23. Spieltag: <em><strong>Ajax Amsterdam \u2013 RKC Waalwijk (14.30 Uhr)<\/strong><\/em><\/p>\n\n\n\n<p>sportdigital FUSSBALL: Karsten Linke<\/p>\n\n\n\n<p>Serie A, 24. Spieltag:&nbsp;<strong><em>Juventus Turin \u2013 Brescia (15.00 Uhr)<\/em><\/strong><\/p>\n\n\n\n<p>DAZN: Carsten Fu\u00df, Experte: Christian Bernhard<\/p>\n\n\n\n<p>Serie A, 24. Spieltag:&nbsp;<strong><em>Sampdoria \u2013 AC Florenz (15.00 Uhr)<\/em><\/strong><\/p>\n\n\n\n<p>DAZN: Tobi Fischbeck<\/p>\n\n\n\n<p>Eredivisie, 23. Spieltag: <em><strong>PEC Zwolle &#8211; Feyenoord Rotterdam (16.45 Uhr)<\/strong><\/em><\/p>\n\n\n\n<p>sportdigital FUSSBALL: J\u00f6rg Steiger<\/p>\n\n\n\n<p>Serie A, 24. Spieltag:&nbsp;<strong><em>Cagliari \u2013 SSC Neapel (18.30 Uhr)<\/em><\/strong><\/p>\n\n\n\n<p>DAZN: Nico Seepe<\/p>\n\n\n\n<p>Liga NOS, 21. Spieltag: <strong><em>Vitoria Guimaraes \u2013 FC Porto (18.30 Uhr)<\/em><\/strong><\/p>\n\n\n\n<p>sportdigital FUSSBALL: Hannes Herrmann<\/p>\n\n\n\n<p>Serie A, 24. Spieltag:&nbsp;<strong><em>Lazio Rom \u2013 Inter Mailand (20.45 Uhr)<\/em><\/strong><\/p>\n\n\n\n<p>DAZN: Marco Hagemann, Experte: Ralph Gunesch<\/p>\n\n\n\n<p>Moderation (DAZN): Tobi Wahnschaffe<\/p>\n\n\n\n<p>La Liga, 24. Spieltag: <strong><em>Real Madrid \u2013 Celta Vigo (21.00 Uhr)<\/em><\/strong><\/p>\n\n\n\n<p>DAZN: Flo Hauser, Experte: Jonas Hummels<\/p>\n\n\n\n<p>Ligue 1, 25. Spieltag: <strong><em>OSC Lille \u2013 Olympique Marseille (21.00 Uhr)<\/em><\/strong><\/p>\n\n\n\n<p>DAZN: Guido H\u00fcgsen<\/p>\n\n\n\n<p>Superliga Argentina, 20. Spieltag: <strong><em>CA River Plate \u2013 CA Banfield (23.40 Uhr)<\/em><\/strong><\/p>\n\n\n\n<p>Sportdigital FUSSBALL: Christian Blunk<\/p>\n\n\n\n<p><span style=\"text-decoration: underline;\">Montag, 17. Februar 2020<\/span><\/p>\n\n\n\n<p>Serie A, 24. Spieltag:&nbsp;<strong><em>AC Mailand \u2013 FC Turin (20.45 Uhr)<\/em><\/strong><\/p>\n\n\n\n<p>DAZN: Mario Rieker<\/p>\n\n\n\n<p><strong><em>Die Analyse<\/em><\/strong><\/p>\n\n\n\n<p><strong>Kracher am Freitag<\/strong><\/p>\n\n\n\n<p>Am Freitagabend bekommt DAZN ein richtiges Topspiel ins Programm, die Eintracht aus Frankfurt gastiert beim BVB, weshalb das Netflix des Sports nat\u00fcrlich die volle Kapelle nach Dortmund schickt! Der Moderator ist hier nat\u00fcrlich Alex Schl\u00fcter und auch der Kommentator Marco Hagemann hat f\u00fcr DAZN schon in dieser Saison 2 Spiele des BVB im Signal-Iduna Park kommentiert! Komplettiert wird das Trio infernale von Hagemanns kongenialen Partner Ralph Gunesch! Doch das On-Air Team ist noch l\u00e4ngst nicht komplett, wie immer ist ein Field-Reporter mit dabei, in diesem Fall ist das wieder Daniel Herzog. Sebastian Benesch w\u00e4re ohnehin nicht verf\u00fcgbar &#8211; er ist krank. Au\u00dferdem l\u00e4sst DAZN nach Fritz von Thurn und Taxis und Manni Breuckmann bereits zum dritten Mal in dieser Saison eine Legende ran. Werner Hansch meldet sich zusammen mit Daniel G\u00fcnter!<\/p>\n\n\n\n<p><strong>Samstag Nachmittag mit Wow-Effekt<\/strong><\/p>\n\n\n\n<p>Sicherlich kann sich bei der fetten \u00dcberschrift fragen, warum die Konferenz am Samstagnachmittag einen Wow-Effekt hat, obwohl doch  Dortmund, Bayern und auch Gladbach fehlen! Dies ist mit den anwesenden Kommentatoren zu begr\u00fcnden. Denn neben Dauergast Tom Bayer und Routinier Klaus Veltmann sind mit Wolff-Fuss, Frank Buschmann und Martin Gro\u00df gleich drei der vier Topspiel-Kommentatoren dabei! Schmiso kommentiert nach einer halben Ewigkeit mal wieder ein Bundesliga-Einzelspiel. Die Premier League &#8211; Ansetzung mit dem &#8222;Match of the week&#8220; am Montag machen es m\u00f6glich. Leopold und Friedrich begeben sich vom S\u00fcden in den Osten. Britta Hofmann, die Freitag und Sonntag aufgrund von krankheitsbedingten Ausf\u00e4llen bei SkySportNews einspringt, f\u00e4hrt am Samstag fix mit dem Auto von M\u00fcnchen nach Augsburg. Mit ihm Gep\u00e4ck hat sie Roland Evers. Tomic und Potofski m\u00fcssten zudem auch nicht das erste Mal gemeinsam in Sinsheim sein. F\u00fcr das Topspiel bleibt nur noch Kai Dittman \u00fcbrig. Field-Reporter ist hier diese Woche Stefan Hempel. Auf einen &#8222;Au\u00dfeneinsatz&#8220; f\u00fcr Yannicker Erkenbrecher warten wir noch vergebens.<\/p>\n\n\n\n<p><strong>Neues Studio f\u00fcr Sky 90<\/strong><\/p>\n\n\n\n<p>Am Sonntag melden sich Jessica Libbertz und Ewald Lienen aus Unterf\u00f6hring. Eine brisante Experten-Ansetzung in Hinblick auf die Aussagen, die er \u00fcber die Fans des FC Bayern, der im fr\u00fchen Spiel beim 1. FC K\u00f6ln gastiert,getroffen hat. Allerdings hat er das Ganze bereits in seinem Podcast &#8222;Der Sechzehner&#8220; aufgekl\u00e4rt! F\u00fcr Sky ist als Kommentator kein Topspielmann in K\u00f6ln. Stattdessen gibt sich Marcus Lindemann die Ehre! Bayern-Fans werden sich \u00fcber Abwechslung freuen. Holger Pfandt gibt sich zum Abschluss am Sonntag die seltene Ehre! Im Anschluss gibt es wie gewohnt Sky 90 mit Patrick Wasserziehr &#8211; diesmal wieder aus Unterf\u00f6hring. Ab sofort jedoch aus dem selben Studio, in dem die Berichterstattung rund um die Bundesliga produziert wird! Die ersten G\u00e4ste im neuen Studio sind  Jesse Marsch, Johannes B. Kerner, Cord Sauer und eben jener Ewald Lienen.<\/p>\n\n\n\n<p><strong>Stadionluft f\u00fcr Schmitz<\/strong><\/p>\n\n\n\n<p>In Liga 2 fehlen mit J\u00f6rg Dahlmann und Ulli Potofski zwei Dauerbrenner. Daf\u00fcr darf nochmal Heiko Mallwitz ran! Hansi K\u00fcpper bekommt sogar zwei Spiele! \u00dcberraschend finde ich pers\u00f6nlich die Ansetzung von Torsten Kunde beim Duell der beiden HSV&#8217;s. F\u00fcrs Montagsspiel in Bochum gibt sich J\u00fcrgen Schmitz mal wieder die Ehre. Wann hat Schmitz eigentlich zuletzt ein Spiel aus dem Stadion kommentiert? DFB-Pokal?! SSNHD-Reporter Marco Wiefel ist Field-Reporter. Gef\u00fchlt sind das zwei neue Gesichter beim Montagsspiel. <\/p>\n\n\n\n<p><strong>Bew\u00e4hrtes am Freitag<\/strong><\/p>\n\n\n\n<p>In Liga 3 setzt man zum Start in den Spieltag auf ein Team, welches sich in der Vorwoche bew\u00e4hrt hatte! Thomas Wagner, Rudi Bommer und Christian Stra\u00dfburger sind die Protagonisten in M\u00fcnster! Bemerkenswertes gibt es sonst bei den Ansetzungen in der dritten Spielklasse allerdings nicht! SWR und NDR \u00fcbertragen nat\u00fcrlich das Traditionsduell zwischen Braunschweig und Lautern. Die Spielauswahl des MDRs liegt auch auf der Hand.  Montag moderiert Kevin Gerwin, Stadionsprecher beim DHB und den Rhein Neckar L\u00f6wen, mal wieder in der 3. Liga bei Magenta Sport.  <\/p>\n\n\n\n<p><strong>Langes Wochenende in England<\/strong><\/p>\n\n\n\n<p>In der Premier League gibt es an diesem Wochenende Fussball von Freitag bis Montag. Hannes Herrmann und der unter der Woche in England rumschwirrende Jogi Hebel bekommen ihr \u00fcbliches Spiel. Dazu kommen Jonas Friedrich, Sascha Roos, J\u00f6rg Dahlmann und Florian Schmidt-Sommerfeld, der den Spieltag mit Experte Mladen Petric beschlie\u00dft! Chelsea gegen Manu bleibt immer ein Highlight &#8211; auch wenn beide Teams sportlich schon erfolgreiche Zeiten geschrieben haben<\/p>\n\n\n\n<p><strong>Tospiel in der Serie A<\/strong><\/p>\n\n\n\n<p>Pickt euch im intenationalen Fu\u00dfball raus, was ihr wollt. Wir legen euch Lazio gegen Inter an Herz. Ihren zweiten Wochend-Einsatz als Duo feiern hier Hagemann und Gunesch!<\/p>\n\n\n\n<p>Sch\u00f6nes Fu\u00dfballwochenende!<\/p>\n","protected":false},"excerpt":{"rendered":"<p>N&#8217;Abend allerseits! Was war das f\u00fcr ein Sturm am Sonntag und Montag. Bei mir im S\u00fcdwesten der Republik hat &#8222;Sabine&#8220; jedenfalls f\u00fcr viel Chaos gesorgt. Warum erz\u00e4hle ich euch das? Montagnachmittag begann die Arbeit und Recherche f\u00fcr diesen Eintrag. W\u00e4hrend es \u00fcber mir klapperte und der Wind vor sich rum pfiff, traute ich teils meinen [&hellip;]<\/p>\n","protected":false},"author":5,"featured_media":0,"comment_status":"open","ping_status":"open","sticky":false,"template":"","format":"standard","meta":{"footnotes":""},"categories":[424],"tags":[20,10,49,115,262,13,55,86,93,159,80,9,17,15,127,22,134,16,261],"class_list":["post-1399","post","type-post","status-publish","format-standard","hentry","category-bundesliga-und-co","tag-2-bundesliga","tag-3-liga","tag-alex-schlueter","tag-1-bundesliga","tag-daniel-guenther","tag-dazn","tag-eredivisie","tag-juergen-schmitz","tag-kai-dittmann","tag-la-liga","tag-ligue1","tag-magenta-sport","tag-mdr","tag-ndr","tag-serie-a","tag-sky","tag-sportdigital-fussball","tag-swr","tag-werner-hansch"],"_links":{"self":[{"href":"https:\/\/kommentatorenblog.de\/index.php?rest_route=\/wp\/v2\/posts\/1399","targetHints":{"allow":["GET"]}}],"collection":[{"href":"https:\/\/kommentatorenblog.de\/index.php?rest_route=\/wp\/v2\/posts"}],"about":[{"href":"https:\/\/kommentatorenblog.de\/index.php?rest_route=\/wp\/v2\/types\/post"}],"author":[{"embeddable":true,"href":"https:\/\/kommentatorenblog.de\/index.php?rest_route=\/wp\/v2\/users\/5"}],"replies":[{"embeddable":true,"href":"https:\/\/kommentatorenblog.de\/index.php?rest_route=%2Fwp%2Fv2%2Fcomments&post=1399"}],"version-history":[{"count":25,"href":"https:\/\/kommentatorenblog.de\/index.php?rest_route=\/wp\/v2\/posts\/1399\/revisions"}],"predecessor-version":[{"id":1535,"href":"https:\/\/kommentatorenblog.de\/index.php?rest_route=\/wp\/v2\/posts\/1399\/revisions\/1535"}],"wp:attachment":[{"href":"https:\/\/kommentatorenblog.de\/index.php?rest_route=%2Fwp%2Fv2%2Fmedia&parent=1399"}],"wp:term":[{"taxonomy":"category","embeddable":true,"href":"https:\/\/kommentatorenblog.de\/index.php?rest_route=%2Fwp%2Fv2%2Fcategories&post=1399"},{"taxonomy":"post_tag","embeddable":true,"href":"https:\/\/kommentatorenblog.de\/index.php?rest_route=%2Fwp%2Fv2%2Ftags&post=1399"}],"curies":[{"name":"wp","href":"https:\/\/api.w.org\/{rel}","templated":true}]}}