{"id":14109,"date":"2022-11-14T13:50:43","date_gmt":"2022-11-14T11:50:43","guid":{"rendered":"http:\/\/kommentatorenblog.de\/?p=14109"},"modified":"2022-11-15T22:34:45","modified_gmt":"2022-11-15T20:34:45","slug":"1298-wm-teams-und-hintergruende","status":"publish","type":"post","link":"https:\/\/kommentatorenblog.de\/?p=14109","title":{"rendered":"1298 &#8211; WM &#8211; Teams und Hintergr\u00fcnde"},"content":{"rendered":"\n<p>Hallo zusammen,<\/p>\n\n\n\n<p>Der letzte Spieltag in der 1. und 2.Bundesliga der M\u00e4nner sowie der 3. Liga f\u00fcr dieses Jahr ist absolviert. Ligabetrieb gibt es in den n\u00e4chsten Wochen in den Regionalligen der M\u00e4nner (und darunter) sowie in der Bundesliga der Frauen und den darunter liegenden Ligen.<\/p>\n\n\n\n<p>F\u00fcr die Nationalspieler stehen unterdessen die letzten Tests und die Vorbereitung an. Ebenso in der Vorbereitung befinden sich die TV- Teams f\u00fcr die WM.<\/p>\n\n\n\n<p>Einen Gro\u00dfteil der drei in Deutschland \u00fcbertragenden Sender haben wir euch ja schon vorgestellt, im Folgenden findet ihr eine aktualisierte \u00dcbersicht des Personals von ARD, Magenta Sport und ZDF:<\/p>\n\n\n\n<p><strong>Das Personal<\/strong><\/p>\n\n\n\n<p><strong>ARD<\/strong><\/p>\n\n\n\n<p><em>Moderation: <\/em>Esther Sedlaczek (<em>Stadion<\/em>), Alexander Bommes, Julia Scharf (<em>beide Studio<\/em>), Jessy Wellmer (<em>Sportschau- Thema<\/em>)<\/p>\n\n\n\n<p><em>Expert<\/em>en\/<em>Expertin<\/em>: Bastian Schweinsteiger (<em>Stadion<\/em>), Thomas Broich, Sami Khedira, Thomas Hitzlsperger, Almuth Schult<em> <\/em><\/p>\n\n\n\n<p><em>Kommentar: <\/em>Tom Bartels, Gerd Gottlob, Christina Graf, Florian Na\u00df<\/p>\n\n\n\n<p><em>DFB- Quartier:<\/em> Lea Wagner<\/p>\n\n\n\n<p><em>FIFA- Reporter:<\/em> Philipp Sohmer<\/p>\n\n\n\n<p><strong>ZDF<\/strong><\/p>\n\n\n\n<p><em>Moderation: <\/em>Jochen Breyer, Kathrin M\u00fcller- Hohenstein, <\/p>\n\n\n\n<p><em>Expertinnen\/Experten:<\/em> Per Mertesacker, Christoph Kramer, Martina Voss- Tecklenburg (<em>Studio<\/em>), Sandro Wagner (<em>Co- Kommentator<\/em>), Friederike Kromp (<em>moma &amp; mima<\/em>)<\/p>\n\n\n\n<p><em>Schiedsrichter-Experte:<\/em> Manuel Gr\u00e4fe<\/p>\n\n\n\n<p><em>Kommentar:<\/em> Claudia Neumann, Bela Rethy, Oliver Schmidt, Martin Schneider<\/p>\n\n\n\n<p><em>DFB- Quartier: <\/em>Sven Voss (<em>Moderation<\/em>), Boris B\u00fcchler, Nils Kaben, Franziska M\u00fcllers, Lars Ruthemann<\/p>\n\n\n\n<p>(<em>Field-) Reporter\/in:<\/em> Alexander Ruda, Amelie Stiefvatter, Thomas Skulski, Florian Zschiedrich<\/p>\n\n\n\n<p><strong>Magenta Sport<\/strong><\/p>\n\n\n\n<p><em>Moderation: <\/em>Johannes B. Kerner,<em> <\/em>Sascha Bandermann, Anett Sattler, Anna Kraft, Jan Henkel (Taktik), Paul Fischer (Social-Media)<\/p>\n\n\n\n<p><em>Experte:<\/em> Toni Kroos, Michael Ballack, Tabea Kemme, Fredi Bobic, Javi Martinez, Lars Stindl, Martin Demicheles, Schiri- Experte: Patrick Ittrich<\/p>\n\n\n\n<p><em>Kommentar:<\/em> Wolff Fuss, Marco Hagemann, Jan Platte, Jonas Friedrich, Markus H\u00f6hner, Christian Stra\u00dfburger, Alexander Klich, Christina Rann<\/p>\n\n\n\n<p><em>Taktik-Team<\/em>: Benni Zander (<em>Kommentator Taktik-Feed<\/em>), Tobias Schweinsteiger und Manuel Baum (<em>Taktik-Experten<\/em>)<\/p>\n\n\n\n<p><em>DFB- Quartier: <\/em>Thomas Wagner,<em> Field- Reporterin<\/em>: Anna Sara Lange<\/p>\n\n\n\n<p><strong>ARD- H\u00f6rfunk \/ ARD- Netcast<\/strong><\/p>\n\n\n\n<p><em>Moderation (Netcast):<\/em> ???<\/p>\n\n\n\n<p><em>Kommentar:<\/em> Julia Metzner, Holger Dahl, Philipp Hofmeister, Jens J\u00f6rg Rieck, Armin Lehmann, Martina Knief, Andre Siems, Michael Augustin<\/p>\n\n\n\n<p><strong>Scharf, Graf und Khedira neu im Ersten<\/strong><\/p>\n\n\n\n<p>Im Vergleich zur EM 2021 gibt es nur wenige Ver\u00e4nderungen: Mit Julia Scharf st\u00f6\u00dft eine weitere Moderatorin hinzu, welche vor allem die Fr\u00fchschichten in der Gruppenphase \u00fcbernehmen wird.<\/p>\n\n\n\n<p>Auch neu im Team ist Christina Graf, welche das Kommentatoren- Trio Bartels, Gottlob und Na\u00df erg\u00e4nzt. F\u00fcr sie ist es nach der EM der Frauen in diesem Sommer das zweite Fu\u00dfball- Gro\u00dfereignis in diesem Jahr. Tom Bartels wird dabei, wie 2014, das Finale kommentieren.<\/p>\n\n\n\n<p>Das Team der Expertin und Experten wechselt leicht im Ersten, Broich, Schult und Bastian Schweinsteiger bleiben, Sami Khedira kommt neu als ARD- Experte hinzu und Thomas Hitzlsperger gibt sein Comeback.<\/p>\n\n\n\n<p><strong>Rehty- Abschied und vieles gleich<\/strong><\/p>\n\n\n\n<p>Im Zweiten bleiben die Bereiche Moderation und Kommentar unver\u00e4ndert. F\u00fcr Bela Rehty wird es, nach langer Zeit als ZDF- Kommentator, sein Abschied werden. Sein letztes Spiel wird er wahrscheinlich beim WM- Halbfinale kommentieren.<\/p>\n\n\n\n<p>Als Expertin geh\u00f6rt Bundestrainerin Voss- Tecklenburg neben ihrer T\u00e4tigkeit als CL- Expertin nun auch zum WM- Team, dazu kommen wieder Kramer, Mertesacker und Sandro Wagner. DFB- Juniorinnen- Trainerin Friederike Kromp unterst\u00fctzt zudem die moma- und mima- Teams mit ihrer Expertise. Moderator im DFB- Quartier wird in diesem Jahr Sven Voss sein, daneben werden weitere Reporterinnen und Reporter aus dem Quartier und den Stadien in Katar senden. Dazu geh\u00f6rt auch Alexander Ruda, der jedoch nur bis Anfang Dezember im Einsatz sein wird und dann zum Biathlon- Weltcup nach Hochfilzen reisen wird. Auch Bernd Schmelzer, der Zusammenfassungen f\u00fcrs Erste aus Mainz macht, geht die WM nur, bis der Ski Alpin- Zirkus wieder in Europa weilt.<\/p>\n\n\n\n<p><strong>Viel bekanntes bei Magenta<\/strong><\/p>\n\n\n\n<p>Nun zum letzten \u00fcbertragenden Sender, Magenta Sport, die vor einigen Wochen  ihr Team vorstellten: Dabei waren viele bekannte Gesichter der letzten Euro. Hauptmoderator wird dabei auch wieder Johannes B. Kerner sein, ebenso f\u00fcr die die Moderation der Live- Spiele sind Anett Sattler und Sascha Bandermann im Einsatz. Als Kommentator kommt, wie schon l\u00e4nger bekannt Wolff Fuss zum Einsatz, der bei Magenta die Topspiele \u00fcbernehmen wird und dabei auch vor Ort ist. Mit Platte, Zander, Stra\u00dfburger, Hagemann und H\u00f6hner ist weiteres Personal der Euro im Einsatz. Zus\u00e4tzlich werden auch Jonas Friedrich und Christina Rann Spiele kommentieren. Rann nahm, wie Graf, beim Sky- Kommentatorinnen- Casting teil und feierte vor wenigen Wochen in der Bundesliga der Frauen ihr Kommentatorinnen- Deb\u00fct bei Magenta und kommt jetzt zu ihren ersten WM- Eins\u00e4tzen.<\/p>\n\n\n\n<p>Abgerundet wird das Team von einigen Experten und einer Expertin (Tabea Kemme), von denen u.a. bereits Michael Ballack und Fredi Bobic letztes Jahr dabei waren. Mit Javi Martinez st\u00f6\u00dft zudem ein Experte dazu, der aktuell in der Liga des WM- Gastgebers spielt und von vor Ort Eindr\u00fccke geben wird. Neben den Live-\u00dcbertragungen bietet Magenta Sport zudem noch einiges mehr um die WM rum an, sei es die Taktik- Analyse mit Jan Henkel und u.a. Tobias Schweinsteiger, der also wie Bruder Bastian bei dieser WM Experte sein wird, oder eine WM Lounge mit Anna Kraft.<\/p>\n\n\n\n<p><strong>Audio- Team der ARD unver\u00e4ndert<\/strong><\/p>\n\n\n\n<p>Das achtk\u00f6pfige Radio- Reporterinnen und &#8211; Reporter- Team der ARD bleibt im Vergleich zur EM unver\u00e4ndert. Es ist aber durchaus m\u00f6glich, dass noch weitere Reporterinnen und Reporter, wie bei der Euro, verst\u00e4rken werden, da z.B. Jens J\u00f6rg Rieck auch noch als Langlauf- Kommentator eingeplant ist. Wer das Finale kommentieren wird, steht mittlerweile auch fest: Julia Metzner und Holger Dahl (wie bei der EM) und Philipp Hofmeister.<\/p>\n\n\n\n<p><strong><em>Dokus und Hintergr\u00fcnde<\/em><\/strong> <\/p>\n\n\n\n<p>Neben dem sportlichen werden sich die TV- Sender auch der Lage vor Ort widmen. Dabei setzen ARD und ZDF zum einen ihre Korrespondentinnen und Korrespondenten ein, daneben wird es auch einige Dokus (wir berichteten)und Hintergrundsberichte zu Menschrechtsverst\u00f6\u00dfen, den Bedingungen der Gastarbeitenden und wie es zu der Vergabe nach Katar kam.<\/p>\n\n\n\n<p>Einige dieser Dokumentation dazu liefen bereits im Fernsehen, darunter die Doku Geheimsache Katar von Jochen Breyer (ZDF) oder SportInside WM der Schande (WDR\/ARD), sind aber weiterhin in der Mediathek des ZDF bzw. der ARD zu sehen.<\/p>\n\n\n\n<p>Ebenso hat die ARD z.B. am Montag einen crossmedialen Thementag mit den Hintergr\u00fcnden der WM und dem Film &#8222;Thomas Hitzlsperger  &#8211;  Katar, warum nur?&#8220;<\/p>\n\n\n\n<h5 class=\"wp-block-heading\"><strong>Die Ansetzungen vom 15. November bis 18. November 2022<\/strong><\/h5>\n\n\n\n<hr class=\"wp-block-separator is-style-default\"\/>\n\n\n\n<p><strong>L\u00e4nderspiele, Testspiele (RTL)<\/strong><\/p>\n\n\n\n<p><u>Mittwoch, 16. November 2022, <\/u><span style=\"text-decoration: underline;\"><span style=\"text-decoration: underline;\">ab 17.00 Uhr (RTL)<\/span><\/span><\/p>\n\n\n\n<p><strong style=\"font-style: italic;\">Oman <strong><em><span><b style=\"font-style: italic;\">\u2013<\/b><\/span><\/em><\/strong><\/strong> <em><strong>Deutschland (18.00 Uhr)<\/strong><\/em> <\/p>\n\n\n\n<p><img loading=\"lazy\" decoding=\"async\" width=\"10\" height=\"21\" class=\"wp-image-3656\" style=\"width: 10px;\" src=\"http:\/\/kommentatorenblog.de\/wp-content\/uploads\/2020\/09\/shure-55sh-ii-e1601485394796.jpg\" alt=\"\" srcset=\"https:\/\/kommentatorenblog.de\/wp-content\/uploads\/2020\/09\/shure-55sh-ii-e1601485394796.jpg 415w, https:\/\/kommentatorenblog.de\/wp-content\/uploads\/2020\/09\/shure-55sh-ii-e1601485394796-142x300.jpg 142w\" sizes=\"auto, (max-width: 10px) 100vw, 10px\" \/> Marco Hagemann, Experte: Steffen Freund<\/p>\n\n\n\n<p>Moderation: Laura Papendick, Experte: Lothar Matth\u00e4us, Field- Reporter: Felix G\u00f6rner<\/p>\n\n\n\n<p><strong>L\u00e4nderspiele, Testspiele (DAZN)<\/strong><\/p>\n\n\n\n<p><u><span style=\"text-decoration: underline;\"><span style=\"text-decoration: underline;\"><u>Mittwoch ,16. November 2022,<\/u>(DAZN)<\/span><\/span><\/u><\/p>\n\n\n\n<p><em><strong style=\"font-style: italic;\">T\u00fcrkei <strong style=\"font-style: italic;\"><strong><em><span><b style=\"font-style: italic;\">\u2013<\/b><\/span><\/em><\/strong><\/strong> Schottland<\/strong><strong> (18.00 Uhr)<\/strong><\/em> <\/p>\n\n\n\n<p><img loading=\"lazy\" decoding=\"async\" width=\"10\" height=\"21\" class=\"wp-image-3656\" style=\"width: 10px;\" src=\"http:\/\/kommentatorenblog.de\/wp-content\/uploads\/2020\/09\/shure-55sh-ii-e1601485394796.jpg\" alt=\"\" srcset=\"https:\/\/kommentatorenblog.de\/wp-content\/uploads\/2020\/09\/shure-55sh-ii-e1601485394796.jpg 415w, https:\/\/kommentatorenblog.de\/wp-content\/uploads\/2020\/09\/shure-55sh-ii-e1601485394796-142x300.jpg 142w\" sizes=\"auto, (max-width: 10px) 100vw, 10px\" \/> Nico Seepe<\/p>\n\n\n\n<p><em><strong style=\"font-style: italic;\">Albanien <strong style=\"font-style: italic;\"><strong><em><span><b style=\"font-style: italic;\">\u2013<\/b><\/span><\/em><\/strong><\/strong> Italien<\/strong><strong> (20.45Uhr)<\/strong> <\/em><\/p>\n\n\n\n<p><img loading=\"lazy\" decoding=\"async\" width=\"10\" height=\"21\" class=\"wp-image-3656\" style=\"width: 10px;\" src=\"http:\/\/kommentatorenblog.de\/wp-content\/uploads\/2020\/09\/shure-55sh-ii-e1601485394796.jpg\" alt=\"\" srcset=\"https:\/\/kommentatorenblog.de\/wp-content\/uploads\/2020\/09\/shure-55sh-ii-e1601485394796.jpg 415w, https:\/\/kommentatorenblog.de\/wp-content\/uploads\/2020\/09\/shure-55sh-ii-e1601485394796-142x300.jpg 142w\" sizes=\"auto, (max-width: 10px) 100vw, 10px\" \/> Fabi Pavlakovic<\/p>\n\n\n\n<p><u><span style=\"text-decoration: underline;\"><span style=\"text-decoration: underline;\"><u>Donnerstag,17. November 2022,<\/u>(DAZN)<\/span><\/span><\/u><\/p>\n\n\n\n<p><em><strong style=\"font-style: italic;\">Portugal <strong style=\"font-style: italic;\"><strong><em><span><b style=\"font-style: italic;\">\u2013<\/b><\/span><\/em><\/strong><\/strong> <em><strong style=\"font-style: italic;\">Nigeria<\/strong><\/em><\/strong><strong> (19.45 Uhr)<\/strong> <\/em><\/p>\n\n\n\n<p><img loading=\"lazy\" decoding=\"async\" width=\"10\" height=\"21\" class=\"wp-image-3656\" style=\"width: 10px;\" src=\"http:\/\/kommentatorenblog.de\/wp-content\/uploads\/2020\/09\/shure-55sh-ii-e1601485394796.jpg\" alt=\"\" srcset=\"https:\/\/kommentatorenblog.de\/wp-content\/uploads\/2020\/09\/shure-55sh-ii-e1601485394796.jpg 415w, https:\/\/kommentatorenblog.de\/wp-content\/uploads\/2020\/09\/shure-55sh-ii-e1601485394796-142x300.jpg 142w\" sizes=\"auto, (max-width: 10px) 100vw, 10px\" \/> Martin Kern<\/p>\n\n\n\n<p><strong>Vereinsspiele, Testspiele (DAZN)<\/strong><\/p>\n\n\n\n<p><u>Dienstag ,15. November 2022,<\/u><span style=\"text-decoration: underline;\"><span style=\"text-decoration: underline;\"> (DAZN)<\/span><\/span><\/p>\n\n\n\n<p><strong style=\"font-style: italic;\">Orange County <strong><em><span><b style=\"font-style: italic;\">\u2013<\/b><\/span><\/em><\/strong><\/strong> <em><strong>Hamburger SV (04.00 Uhr)<\/strong><\/em> <\/p>\n\n\n\n<p><img loading=\"lazy\" decoding=\"async\" width=\"10\" height=\"21\" class=\"wp-image-3656\" style=\"width: 10px;\" src=\"http:\/\/kommentatorenblog.de\/wp-content\/uploads\/2020\/09\/shure-55sh-ii-e1601485394796.jpg\" alt=\"\" srcset=\"https:\/\/kommentatorenblog.de\/wp-content\/uploads\/2020\/09\/shure-55sh-ii-e1601485394796.jpg 415w, https:\/\/kommentatorenblog.de\/wp-content\/uploads\/2020\/09\/shure-55sh-ii-e1601485394796-142x300.jpg 142w\" sizes=\"auto, (max-width: 10px) 100vw, 10px\" \/> Tom Kirsten, Chris Putz<\/p>\n\n\n\n<p><span style=\"text-decoration: underline;\"><span style=\"text-decoration: underline;\"><u>Mittwoch ,16. November 2022,<\/u>(DAZN)<\/span><\/span><\/p>\n\n\n\n<p><strong style=\"font-style: italic;\"><em>Urawa Reds<\/em> <strong><em><span><b style=\"font-style: italic;\">\u2013<\/b><\/span><\/em><\/strong><\/strong> <em><strong>Eintracht Frankfurt (04.30 Uhr)<\/strong><\/em> <\/p>\n\n\n\n<p><img loading=\"lazy\" decoding=\"async\" width=\"10\" height=\"21\" class=\"wp-image-3656\" style=\"width: 10px;\" src=\"http:\/\/kommentatorenblog.de\/wp-content\/uploads\/2020\/09\/shure-55sh-ii-e1601485394796.jpg\" alt=\"\" srcset=\"https:\/\/kommentatorenblog.de\/wp-content\/uploads\/2020\/09\/shure-55sh-ii-e1601485394796.jpg 415w, https:\/\/kommentatorenblog.de\/wp-content\/uploads\/2020\/09\/shure-55sh-ii-e1601485394796-142x300.jpg 142w\" sizes=\"auto, (max-width: 10px) 100vw, 10px\" \/> Simon Sterzer<\/p>\n\n\n\n<p><span style=\"text-decoration: underline;\"><span style=\"text-decoration: underline;\"><u>Mittwoch ,16. November 2022,<\/u>(DAZN)<\/span><\/span><\/p>\n\n\n\n<p><strong style=\"font-style: italic;\">St Louis City II <strong><em><span><b style=\"font-style: italic;\">\u2013<\/b><\/span><\/em><\/strong><\/strong> <em><strong>Bayer 04 Leverkusen (02.00 Uhr)<\/strong><\/em> <br><img loading=\"lazy\" decoding=\"async\" width=\"10\" height=\"21\" class=\"wp-image-3656\" style=\"width: 10px;\" src=\"http:\/\/kommentatorenblog.de\/wp-content\/uploads\/2020\/09\/shure-55sh-ii-e1601485394796.jpg\" alt=\"\" srcset=\"https:\/\/kommentatorenblog.de\/wp-content\/uploads\/2020\/09\/shure-55sh-ii-e1601485394796.jpg 415w, https:\/\/kommentatorenblog.de\/wp-content\/uploads\/2020\/09\/shure-55sh-ii-e1601485394796-142x300.jpg 142w\" sizes=\"auto, (max-width: 10px) 100vw, 10px\" \/> Adrian Geiler <\/p>\n\n\n\n<p><strong>FA- Cup (DAZN)<\/strong><\/p>\n\n\n\n<p><u>Mittwoch, 16. November 2022,<\/u><span style=\"text-decoration: underline;\"><span style=\"text-decoration: underline;\"> (DAZN)<\/span><\/span><\/p>\n\n\n\n<p><strong style=\"font-style: italic;\">Salford <strong><em><span><b style=\"font-style: italic;\">\u2013<\/b><\/span><\/em><\/strong><\/strong> <em><strong>Peterborough (20.45 Uhr)<\/strong><\/em> <\/p>\n\n\n\n<p><img loading=\"lazy\" decoding=\"async\" width=\"10\" height=\"21\" class=\"wp-image-3656\" style=\"width: 10px;\" src=\"http:\/\/kommentatorenblog.de\/wp-content\/uploads\/2020\/09\/shure-55sh-ii-e1601485394796.jpg\" alt=\"\" srcset=\"https:\/\/kommentatorenblog.de\/wp-content\/uploads\/2020\/09\/shure-55sh-ii-e1601485394796.jpg 415w, https:\/\/kommentatorenblog.de\/wp-content\/uploads\/2020\/09\/shure-55sh-ii-e1601485394796-142x300.jpg 142w\" sizes=\"auto, (max-width: 10px) 100vw, 10px\" \/> Uli Hebel<\/p>\n\n\n\n<hr class=\"wp-block-separator is-style-default\"\/>\n\n\n\n<p><strong><code>ANALYSE<\/code><\/strong><\/p>\n\n\n\n<p>Vor der WM befinden sich die DFB- M\u00e4nner zur Vorbereitung im Oman und werden dort ihr einziges Testspiel gegen den Oman spielen.<\/p>\n\n\n\n<p><strong>RTL live vor Ort<\/strong><\/p>\n\n\n\n<p>Die Partie wird, anders als die WM, von RTL live \u00fcbertragen. Auf der Kommentatoren- Position gibt es dabei keine \u00dcberraschung, hier \u00fcbernehmen wieder Marco Hagemann und Experte Steffen Freund. Moderiert wird die \u00dcbertragung von Laura Papendick, nachdem (wenn ich mich nicht t\u00e4usche), zuletzt immer Florian K\u00f6nig bei der Nationalmannschaft moderiert hat. Experte an Papenndicks Seite ist Rekordnationalspieler Matth\u00e4us. Die gesamte RTL- Crew, einschlie\u00dflich Field- Reporter G\u00f6rner wird sich dabei auf Reise in den Oman begeben und aus dem Stadion berichten.<\/p>\n\n\n\n<p>Neben weiteren Test- L\u00e4nderspielen, die allesamt bei DAZN laufen, wird es auch noch Testspiele deutscher Vereinsmannschaften geben, die sich z.T. auf Amerika- Reise befinden.<\/p>\n\n\n\n<p>In den n\u00e4chsten Wochen werden wir von unserem \u00fcblichen Beitragsscheme mit Erscheinungen am Montag und Donnerstag abweichen. So erscheint der n\u00e4chste Beitrag am Freitag. Darin geht es dann um den Auftakt einer sehr schwierigen und umstrittenen WM.<\/p>\n\n\n\n<p>Das n\u00e4chste Gro\u00dfereignis der M\u00e4nner ist dann die EM 2024 in Deutschland, wenigstens etwas auf das man sich freuen kann.<\/p>\n\n\n\n<p><\/p>\n\n\n\n<p><\/p>\n\n\n\n<p><\/p>\n\n\n\n<p><\/p>\n\n\n\n<p> <\/p>\n\n\n\n<p><\/p>\n\n\n\n<p><\/p>\n\n\n\n<p><\/p>\n\n\n\n<p><\/p>\n\n\n\n<p><\/p>\n\n\n\n<p><\/p>\n\n\n\n<p><\/p>\n\n\n\n<p><\/p>\n\n\n\n<p><\/p>\n","protected":false},"excerpt":{"rendered":"<p>Hallo zusammen, Der letzte Spieltag in der 1. und 2.Bundesliga der M\u00e4nner sowie der 3. Liga f\u00fcr dieses Jahr ist absolviert. Ligabetrieb gibt es in den n\u00e4chsten Wochen in den Regionalligen der M\u00e4nner (und darunter) sowie in der Bundesliga der Frauen und den darunter liegenden Ligen. F\u00fcr die Nationalspieler stehen unterdessen die letzten Tests und [&hellip;]<\/p>\n","protected":false},"author":10,"featured_media":0,"comment_status":"open","ping_status":"open","sticky":false,"template":"","format":"standard","meta":{"footnotes":""},"categories":[429,426,879],"tags":[598,19,499,13,870,611,75,31,9,43,700,191,138,696,151,200,105,881,37],"class_list":["post-14109","post","type-post","status-publish","format-standard","hentry","category-diverses","category-laenderspiele","category-wm-2022","tag-adrian-geiler","tag-ard","tag-chris-putz","tag-dazn","tag-fabi-pavlakovic","tag-felix-goerner","tag-laura-papendick","tag-lothar-matthaeus","tag-magenta-sport","tag-marco-hagemann","tag-martin-kern","tag-nico-seepe","tag-rtl","tag-simon-sterzer","tag-steffen-freund","tag-tom-kirsten","tag-uli-hebel","tag-wm","tag-zdf"],"_links":{"self":[{"href":"https:\/\/kommentatorenblog.de\/index.php?rest_route=\/wp\/v2\/posts\/14109","targetHints":{"allow":["GET"]}}],"collection":[{"href":"https:\/\/kommentatorenblog.de\/index.php?rest_route=\/wp\/v2\/posts"}],"about":[{"href":"https:\/\/kommentatorenblog.de\/index.php?rest_route=\/wp\/v2\/types\/post"}],"author":[{"embeddable":true,"href":"https:\/\/kommentatorenblog.de\/index.php?rest_route=\/wp\/v2\/users\/10"}],"replies":[{"embeddable":true,"href":"https:\/\/kommentatorenblog.de\/index.php?rest_route=%2Fwp%2Fv2%2Fcomments&post=14109"}],"version-history":[{"count":22,"href":"https:\/\/kommentatorenblog.de\/index.php?rest_route=\/wp\/v2\/posts\/14109\/revisions"}],"predecessor-version":[{"id":14227,"href":"https:\/\/kommentatorenblog.de\/index.php?rest_route=\/wp\/v2\/posts\/14109\/revisions\/14227"}],"wp:attachment":[{"href":"https:\/\/kommentatorenblog.de\/index.php?rest_route=%2Fwp%2Fv2%2Fmedia&parent=14109"}],"wp:term":[{"taxonomy":"category","embeddable":true,"href":"https:\/\/kommentatorenblog.de\/index.php?rest_route=%2Fwp%2Fv2%2Fcategories&post=14109"},{"taxonomy":"post_tag","embeddable":true,"href":"https:\/\/kommentatorenblog.de\/index.php?rest_route=%2Fwp%2Fv2%2Ftags&post=14109"}],"curies":[{"name":"wp","href":"https:\/\/api.w.org\/{rel}","templated":true}]}}