{"id":14118,"date":"2022-11-18T20:07:43","date_gmt":"2022-11-18T18:07:43","guid":{"rendered":"http:\/\/kommentatorenblog.de\/?p=14118"},"modified":"2023-01-02T16:37:36","modified_gmt":"2023-01-02T14:37:36","slug":"1299-der-start-dem-wm","status":"publish","type":"post","link":"https:\/\/kommentatorenblog.de\/?p=14118","title":{"rendered":"1299 &#8211; Der Start der WM"},"content":{"rendered":"\n<p>N&#8217;Abend allerseits,<\/p>\n\n\n\n<p>38136 Stunden; 1589 Tage; 227 Wochen; 52 Monate und 5 Tage oder auch 4 Jahre und 128 Tage, so lange war die Zeit ohne Fussballweltmeisterschaft. Normalerweise w\u00e4re zwei Tage vor dem Start einer WM voller Vorfreude, doch dieses Jahr ist es leider anders. Eine WM in der W\u00fcste, in der Stadien klimatisiert werden und die dazu noch im Winter stattfindet, ist schon an f\u00fcr sich v\u00f6llig absurd. Doch eigentlich v\u00f6llig egal im Vergleich zum wichtigsten Aspekt, warum diese WM an Absurdit\u00e4t nicht zu \u00fcberbieten ist. Ein im Normalfall Welt und Menschen verbindendes Turnier findet in Katar statt und damit in einem Land, in dem Menschenrechte oder die Presse bzw. Meinungsfreiheit in einer nicht-hinnehmbaren Art und Weise hingenommen werden&#8230; Ich will mir aber auch gar nicht anma\u00dfen, die Kritik am Land Katar und der FIFA in einem angemessen Rahmen zu beschreiben, daf\u00fcr gibt es aufschlussreichere Dokus, die ich zwar schon letzte Woche verlinkt habe, aber im Rahmen eines solchen Turniers gar nicht oft genug verlinken kann. Von daher: gro\u00dfe Sehempfehlungen f\u00fcr die Dokumentationen der \u00fcbertragenden Sender <a rel=\"noreferrer noopener\" href=\"https:\/\/www.ardmediathek.de\/video\/dokus-im-ersten\/thomas-hitzlsperger-katar-warum-nur\/das-erste\/Y3JpZDovL2Rhc2Vyc3RlLmRlL3JlcG9ydGFnZSBfIGRva3VtZW50YXRpb24gaW0gZXJzdGVuLzUzZmQ4YmEzLTExMWMtNGQ1Mi1iODExLTIzOGUwY2QxZjdkNw\" target=\"_blank\">ARD<\/a>, <a rel=\"noreferrer noopener\" href=\"https:\/\/www.zdf.de\/dokumentation\/zdfzeit\/zdfzeit-geheimsache-katar-100.html\" target=\"_blank\">ZDF <\/a>und <a rel=\"noreferrer noopener\" href=\"https:\/\/www.youtube.com\/watch?v=_gJNTIXClPU\" target=\"_blank\">Magenta TV<\/a>. <\/p>\n\n\n\n<p>Zum Ende dieses Vorwortes kann ich f\u00fcr mich auch nur nochmal wiederholen: Sportlich gesehen war mir eine WM noch nie so egal wie dieses Jahr. Nichtsdestotrotz werde ich sie verfolgen, sei es wegen der wirklich guten Teams und mit Blick auf die Vergangenheit gute \u00dcbertragungen der drei Anbieter oder eben ganz besonders wegen B\u00e9la R\u00e9thy, der sich nach der WM in den Ruhestand verabschieden wird. Und auch da kann ich nur wiederholen, B\u00e9la R\u00e9thy h\u00e4tte ein so viel besseres Turnier als eine WM in Katar verdient. <\/p>\n\n\n\n<p>Jetzt soll&#8217;s aber soweit sein, hier sind die Ansetzungen des 1.Gruppenspieltags der WM inkl. XXL-Analyse!<\/p>\n\n\n\n<hr class=\"wp-block-separator\"\/>\n\n\n\n<p><strong><em>Die Ansetzungen vom 20. November bis zum 23. November 2<\/em><\/strong><em><strong>022<\/strong><\/em><\/p>\n\n\n\n<hr class=\"wp-block-separator\"\/>\n\n\n\n<p><strong>Weltmeisterschaft 2022, 01. Spieltag<\/strong><\/p>\n\n\n\n<p><span style=\"text-decoration: underline;\">Sonntag, 20. November 2022, ab 15.30 Uhr (ZDF) bzw. ab 15.00 Uhr (Magenta TV)<\/span><\/p>\n\n\n\n<p><strong><em>Katar \u2013 Ecuador (16.00 Uhr)<\/em><\/strong><\/p>\n\n\n\n<p>ZDF: <img loading=\"lazy\" decoding=\"async\" width=\"10\" height=\"21\" class=\"wp-image-3656\" style=\"width: 10px;\" src=\"http:\/\/kommentatorenblog.de\/wp-content\/uploads\/2020\/09\/shure-55sh-ii-e1601485394796.jpg\" alt=\"\" srcset=\"https:\/\/kommentatorenblog.de\/wp-content\/uploads\/2020\/09\/shure-55sh-ii-e1601485394796.jpg 415w, https:\/\/kommentatorenblog.de\/wp-content\/uploads\/2020\/09\/shure-55sh-ii-e1601485394796-142x300.jpg 142w\" sizes=\"auto, (max-width: 10px) 100vw, 10px\" \/> B\u00e9la R\u00e9thy<\/p>\n\n\n\n<p>Magenta TV: <img loading=\"lazy\" decoding=\"async\" width=\"10\" height=\"21\" class=\"wp-image-3656\" style=\"width: 10px;\" src=\"http:\/\/kommentatorenblog.de\/wp-content\/uploads\/2020\/09\/shure-55sh-ii-e1601485394796.jpg\" alt=\"\" srcset=\"https:\/\/kommentatorenblog.de\/wp-content\/uploads\/2020\/09\/shure-55sh-ii-e1601485394796.jpg 415w, https:\/\/kommentatorenblog.de\/wp-content\/uploads\/2020\/09\/shure-55sh-ii-e1601485394796-142x300.jpg 142w\" sizes=\"auto, (max-width: 10px) 100vw, 10px\" \/> Wolff Fuss, Field-Reporter: Thomas Wagner<\/p>\n\n\n\n<p>+Taktik-Feed: <img loading=\"lazy\" decoding=\"async\" width=\"10\" height=\"21\" class=\"wp-image-3656\" style=\"width: 10px;\" src=\"http:\/\/kommentatorenblog.de\/wp-content\/uploads\/2020\/09\/shure-55sh-ii-e1601485394796.jpg\" alt=\"\" srcset=\"https:\/\/kommentatorenblog.de\/wp-content\/uploads\/2020\/09\/shure-55sh-ii-e1601485394796.jpg 415w, https:\/\/kommentatorenblog.de\/wp-content\/uploads\/2020\/09\/shure-55sh-ii-e1601485394796-142x300.jpg 142w\" sizes=\"auto, (max-width: 10px) 100vw, 10px\" \/> Benni Zander, Experte: Manuel Baum<\/p>\n\n\n\n<p>Moderation (ZDF): Jochen Breyer und Katrin M\u00fcller-Hohenstein, Experten: Christoph Kramer, Per Mertesacker und Martina Voss-Tecklenburg<\/p>\n\n\n\n<p>Moderation (Magenta TV): Johannes B. Kerner, Experten: Tabea Kemme und Michael Ballack, Gast: Pierre-Michel Lasogga<\/p>\n\n\n\n<p><span style=\"text-decoration: underline;\">Montag, 21. November 2022, ab 13.00 Uhr (ZDF) bzw. ab 13.00Uhr (Magenta TV)<\/span><\/p>\n\n\n\n<p><strong><em>England \u2013 Iran (14.00 Uhr)<\/em><\/strong><\/p>\n\n\n\n<p>ZDF: <img loading=\"lazy\" decoding=\"async\" width=\"10\" height=\"21\" class=\"wp-image-3656\" style=\"width: 10px;\" src=\"http:\/\/kommentatorenblog.de\/wp-content\/uploads\/2020\/09\/shure-55sh-ii-e1601485394796.jpg\" alt=\"\" srcset=\"https:\/\/kommentatorenblog.de\/wp-content\/uploads\/2020\/09\/shure-55sh-ii-e1601485394796.jpg 415w, https:\/\/kommentatorenblog.de\/wp-content\/uploads\/2020\/09\/shure-55sh-ii-e1601485394796-142x300.jpg 142w\" sizes=\"auto, (max-width: 10px) 100vw, 10px\" \/> Oliver Schmidt<\/p>\n\n\n\n<p>Magenta TV: <img loading=\"lazy\" decoding=\"async\" width=\"10\" height=\"21\" class=\"wp-image-3656\" style=\"width: 10px;\" src=\"http:\/\/kommentatorenblog.de\/wp-content\/uploads\/2020\/09\/shure-55sh-ii-e1601485394796.jpg\" alt=\"\" srcset=\"https:\/\/kommentatorenblog.de\/wp-content\/uploads\/2020\/09\/shure-55sh-ii-e1601485394796.jpg 415w, https:\/\/kommentatorenblog.de\/wp-content\/uploads\/2020\/09\/shure-55sh-ii-e1601485394796-142x300.jpg 142w\" sizes=\"auto, (max-width: 10px) 100vw, 10px\" \/> Marco Hagemann<\/p>\n\n\n\n<p>Moderation (ZDF): Kathrin M\u00fcller-Hohenstein, Experte: Per Mertesacker<\/p>\n\n\n\n<p>Moderation (Magenta TV): Sascha Bandermann, Expertin: Tabea Kemme<\/p>\n\n\n\n<p><span style=\"text-decoration: underline;\">ab 16.05 Uhr (ZDF) bzw. ab Uhr (Magenta TV)<\/span><\/p>\n\n\n\n<p><strong><em>Senegal \u2013 Niederlande (17.00 Uhr)<\/em><\/strong><\/p>\n\n\n\n<p>ZDF: <img loading=\"lazy\" decoding=\"async\" width=\"10\" height=\"21\" class=\"wp-image-3656\" style=\"width: 10px;\" src=\"http:\/\/kommentatorenblog.de\/wp-content\/uploads\/2020\/09\/shure-55sh-ii-e1601485394796.jpg\" alt=\"\" srcset=\"https:\/\/kommentatorenblog.de\/wp-content\/uploads\/2020\/09\/shure-55sh-ii-e1601485394796.jpg 415w, https:\/\/kommentatorenblog.de\/wp-content\/uploads\/2020\/09\/shure-55sh-ii-e1601485394796-142x300.jpg 142w\" sizes=\"auto, (max-width: 10px) 100vw, 10px\" \/> Martin Schneider, Experte: Hanno Balitsch<\/p>\n\n\n\n<p>Magenta TV: <img loading=\"lazy\" decoding=\"async\" width=\"10\" height=\"21\" class=\"wp-image-3656\" style=\"width: 10px;\" src=\"http:\/\/kommentatorenblog.de\/wp-content\/uploads\/2020\/09\/shure-55sh-ii-e1601485394796.jpg\" alt=\"\" srcset=\"https:\/\/kommentatorenblog.de\/wp-content\/uploads\/2020\/09\/shure-55sh-ii-e1601485394796.jpg 415w, https:\/\/kommentatorenblog.de\/wp-content\/uploads\/2020\/09\/shure-55sh-ii-e1601485394796-142x300.jpg 142w\" sizes=\"auto, (max-width: 10px) 100vw, 10px\" \/> Markus H\u00f6hner<\/p>\n\n\n\n<p>Moderation (ZDF): Jochen Breyer, Experte: Christoph Kramer<\/p>\n\n\n\n<p>Moderation (Magenta TV): Johannes B. Kerner, Experten: Tabea Kemme und Michael Ballack<\/p>\n\n\n\n<p><span style=\"text-decoration: underline;\">ab 19.25 Uhr (ZDF) bzw. ab Uhr (Magenta TV)<\/span><\/p>\n\n\n\n<p><strong><em>USA \u2013 Wales (20.00 Uhr)<\/em><\/strong><\/p>\n\n\n\n<p>ZDF: <img loading=\"lazy\" decoding=\"async\" width=\"10\" height=\"21\" class=\"wp-image-3656\" style=\"width: 10px;\" src=\"http:\/\/kommentatorenblog.de\/wp-content\/uploads\/2020\/09\/shure-55sh-ii-e1601485394796.jpg\" alt=\"\" srcset=\"https:\/\/kommentatorenblog.de\/wp-content\/uploads\/2020\/09\/shure-55sh-ii-e1601485394796.jpg 415w, https:\/\/kommentatorenblog.de\/wp-content\/uploads\/2020\/09\/shure-55sh-ii-e1601485394796-142x300.jpg 142w\" sizes=\"auto, (max-width: 10px) 100vw, 10px\" \/> Claudia Neumann<\/p>\n\n\n\n<p>Magenta TV: <img loading=\"lazy\" decoding=\"async\" width=\"10\" height=\"21\" class=\"wp-image-3656\" style=\"width: 10px;\" src=\"http:\/\/kommentatorenblog.de\/wp-content\/uploads\/2020\/09\/shure-55sh-ii-e1601485394796.jpg\" alt=\"\" srcset=\"https:\/\/kommentatorenblog.de\/wp-content\/uploads\/2020\/09\/shure-55sh-ii-e1601485394796.jpg 415w, https:\/\/kommentatorenblog.de\/wp-content\/uploads\/2020\/09\/shure-55sh-ii-e1601485394796-142x300.jpg 142w\" sizes=\"auto, (max-width: 10px) 100vw, 10px\" \/> Jan Platte, Experte: Terrence Boyd<\/p>\n\n\n\n<p>+Taktik-Feed: <img loading=\"lazy\" decoding=\"async\" width=\"10\" height=\"21\" class=\"wp-image-3656\" style=\"width: 10px;\" src=\"http:\/\/kommentatorenblog.de\/wp-content\/uploads\/2020\/09\/shure-55sh-ii-e1601485394796.jpg\" alt=\"\" srcset=\"https:\/\/kommentatorenblog.de\/wp-content\/uploads\/2020\/09\/shure-55sh-ii-e1601485394796.jpg 415w, https:\/\/kommentatorenblog.de\/wp-content\/uploads\/2020\/09\/shure-55sh-ii-e1601485394796-142x300.jpg 142w\" sizes=\"auto, (max-width: 10px) 100vw, 10px\" \/> Benni Zander, Experte: Manuel Baum<\/p>\n\n\n\n<p>Moderation (ZDF): Jochen Breyer, Experte: Christoph Kramer<\/p>\n\n\n\n<p>Moderation (Magenta TV): Johannes B. Kerner, Experte: Michael Ballack<\/p>\n\n\n\n<p><span style=\"text-decoration: underline;\">Dienstag, 22. November 2022, ab 10.00 Uhr (Magenta TV)<\/span><\/p>\n\n\n\n<p><strong><em>Argentinien \u2013 Saudi Arabien (11.00 Uhr)<\/em><\/strong><\/p>\n\n\n\n<p><img loading=\"lazy\" decoding=\"async\" width=\"10\" height=\"21\" class=\"wp-image-3656\" style=\"width: 10px;\" src=\"http:\/\/kommentatorenblog.de\/wp-content\/uploads\/2020\/09\/shure-55sh-ii-e1601485394796.jpg\" alt=\"\" srcset=\"https:\/\/kommentatorenblog.de\/wp-content\/uploads\/2020\/09\/shure-55sh-ii-e1601485394796.jpg 415w, https:\/\/kommentatorenblog.de\/wp-content\/uploads\/2020\/09\/shure-55sh-ii-e1601485394796-142x300.jpg 142w\" sizes=\"auto, (max-width: 10px) 100vw, 10px\" \/> Christian Stra\u00dfburger<\/p>\n\n\n\n<p>Moderation: Johannes B. Kerner, Experte: Michael Ballack<\/p>\n\n\n\n<p><span style=\"text-decoration: underline;\">ab 13.00 Uhr (ZDF) bzw. ab 13.00 Uhr (Magenta TV)<\/span><\/p>\n\n\n\n<p><strong><em>D\u00e4nemark \u2013 Tunesien (14.00 Uhr)<\/em><\/strong><\/p>\n\n\n\n<p>ZDF: <img loading=\"lazy\" decoding=\"async\" width=\"10\" height=\"21\" class=\"wp-image-3656\" style=\"width: 10px;\" src=\"http:\/\/kommentatorenblog.de\/wp-content\/uploads\/2020\/09\/shure-55sh-ii-e1601485394796.jpg\" alt=\"\" srcset=\"https:\/\/kommentatorenblog.de\/wp-content\/uploads\/2020\/09\/shure-55sh-ii-e1601485394796.jpg 415w, https:\/\/kommentatorenblog.de\/wp-content\/uploads\/2020\/09\/shure-55sh-ii-e1601485394796-142x300.jpg 142w\" sizes=\"auto, (max-width: 10px) 100vw, 10px\" \/> B\u00e9la R\u00e9thy<\/p>\n\n\n\n<p>Magenta TV: <img loading=\"lazy\" decoding=\"async\" width=\"10\" height=\"21\" class=\"wp-image-3656\" style=\"width: 10px;\" src=\"http:\/\/kommentatorenblog.de\/wp-content\/uploads\/2020\/09\/shure-55sh-ii-e1601485394796.jpg\" alt=\"\" srcset=\"https:\/\/kommentatorenblog.de\/wp-content\/uploads\/2020\/09\/shure-55sh-ii-e1601485394796.jpg 415w, https:\/\/kommentatorenblog.de\/wp-content\/uploads\/2020\/09\/shure-55sh-ii-e1601485394796-142x300.jpg 142w\" sizes=\"auto, (max-width: 10px) 100vw, 10px\" \/> Christina Rann, Experte: \u00c4nis Ben-Hatira<\/p>\n\n\n\n<p>Moderation (ZDF): Jochen Breyer, Experten: Christoph Kramer, Bjarne Goldbaeck<\/p>\n\n\n\n<p>Moderation (Magenta TV): Johannes B. Kerner, Experten: Michael Ballack und \u00c4nis Ben-Hatira<\/p>\n\n\n\n<p><span style=\"text-decoration: underline;\">ab 16.00 Uhr (ZDF) bzw. ab Uhr (Magenta TV)<\/span><\/p>\n\n\n\n<p><strong><em>Mexiko \u2013 Polen (17.00 Uhr)<\/em><\/strong><\/p>\n\n\n\n<p>ZDF: <img loading=\"lazy\" decoding=\"async\" width=\"10\" height=\"21\" class=\"wp-image-3656\" style=\"width: 10px;\" src=\"http:\/\/kommentatorenblog.de\/wp-content\/uploads\/2020\/09\/shure-55sh-ii-e1601485394796.jpg\" alt=\"\" srcset=\"https:\/\/kommentatorenblog.de\/wp-content\/uploads\/2020\/09\/shure-55sh-ii-e1601485394796.jpg 415w, https:\/\/kommentatorenblog.de\/wp-content\/uploads\/2020\/09\/shure-55sh-ii-e1601485394796-142x300.jpg 142w\" sizes=\"auto, (max-width: 10px) 100vw, 10px\" \/> Claudia Neumann<\/p>\n\n\n\n<p>Magenta TV: <img loading=\"lazy\" decoding=\"async\" width=\"10\" height=\"21\" class=\"wp-image-3656\" style=\"width: 10px;\" src=\"http:\/\/kommentatorenblog.de\/wp-content\/uploads\/2020\/09\/shure-55sh-ii-e1601485394796.jpg\" alt=\"\" srcset=\"https:\/\/kommentatorenblog.de\/wp-content\/uploads\/2020\/09\/shure-55sh-ii-e1601485394796.jpg 415w, https:\/\/kommentatorenblog.de\/wp-content\/uploads\/2020\/09\/shure-55sh-ii-e1601485394796-142x300.jpg 142w\" sizes=\"auto, (max-width: 10px) 100vw, 10px\" \/> Alex Klich<\/p>\n\n\n\n<p>+Taktik-Feed: <img loading=\"lazy\" decoding=\"async\" width=\"10\" height=\"21\" class=\"wp-image-3656\" style=\"width: 10px;\" src=\"http:\/\/kommentatorenblog.de\/wp-content\/uploads\/2020\/09\/shure-55sh-ii-e1601485394796.jpg\" alt=\"\" srcset=\"https:\/\/kommentatorenblog.de\/wp-content\/uploads\/2020\/09\/shure-55sh-ii-e1601485394796.jpg 415w, https:\/\/kommentatorenblog.de\/wp-content\/uploads\/2020\/09\/shure-55sh-ii-e1601485394796-142x300.jpg 142w\" sizes=\"auto, (max-width: 10px) 100vw, 10px\" \/> Jan Platte, Experte: Tobias Schweinsteiger<\/p>\n\n\n\n<p>Moderation (ZDF): Kathrin M\u00fcller-Hohenstein, Experte: Per Mertesacker<\/p>\n\n\n\n<p>Moderation (Magenta TV): Anett Sattler, Expertin: Tabea Kemme<\/p>\n\n\n\n<p><span style=\"text-decoration: underline;\">ab 19.25 Uhr (ZDF) bzw. ab Uhr (Magenta TV)<\/span><\/p>\n\n\n\n<p><strong><em>Frankreich \u2013 Australien (20.00 Uhr)<\/em><\/strong><\/p>\n\n\n\n<p>ZDF: <img loading=\"lazy\" decoding=\"async\" width=\"10\" height=\"21\" class=\"wp-image-3656\" style=\"width: 10px;\" src=\"http:\/\/kommentatorenblog.de\/wp-content\/uploads\/2020\/09\/shure-55sh-ii-e1601485394796.jpg\" alt=\"\" srcset=\"https:\/\/kommentatorenblog.de\/wp-content\/uploads\/2020\/09\/shure-55sh-ii-e1601485394796.jpg 415w, https:\/\/kommentatorenblog.de\/wp-content\/uploads\/2020\/09\/shure-55sh-ii-e1601485394796-142x300.jpg 142w\" sizes=\"auto, (max-width: 10px) 100vw, 10px\" \/> Oliver Schmidt<\/p>\n\n\n\n<p>Magenta TV: <img loading=\"lazy\" decoding=\"async\" width=\"10\" height=\"21\" class=\"wp-image-3656\" style=\"width: 10px;\" src=\"http:\/\/kommentatorenblog.de\/wp-content\/uploads\/2020\/09\/shure-55sh-ii-e1601485394796.jpg\" alt=\"\" srcset=\"https:\/\/kommentatorenblog.de\/wp-content\/uploads\/2020\/09\/shure-55sh-ii-e1601485394796.jpg 415w, https:\/\/kommentatorenblog.de\/wp-content\/uploads\/2020\/09\/shure-55sh-ii-e1601485394796-142x300.jpg 142w\" sizes=\"auto, (max-width: 10px) 100vw, 10px\" \/> Jonas Friedrich<\/p>\n\n\n\n<p>Moderation (ZDF): Kathrin M\u00fcller-Hohenstein, Experten: Martina Voss-Tecklenburg, Per Mertesacker und Anja Mittag<\/p>\n\n\n\n<p>Moderation (Magenta TV): Anett Sattler, Experten: Tabea Kemme und Christian Nerlinger<\/p>\n\n\n\n<p><span style=\"text-decoration: underline;\">Mittwoch, 23. November 2022, ab 10.05 Uhr (ARD) bzw. ab Uhr (Magenta TV)<\/span><\/p>\n\n\n\n<p><strong><em>Marokko \u2013 Kroatien (11.00 Uhr)<\/em><\/strong><\/p>\n\n\n\n<p>ARD: <img loading=\"lazy\" decoding=\"async\" width=\"10\" height=\"21\" class=\"wp-image-3656\" style=\"width: 10px;\" src=\"http:\/\/kommentatorenblog.de\/wp-content\/uploads\/2020\/09\/shure-55sh-ii-e1601485394796.jpg\" alt=\"\" srcset=\"https:\/\/kommentatorenblog.de\/wp-content\/uploads\/2020\/09\/shure-55sh-ii-e1601485394796.jpg 415w, https:\/\/kommentatorenblog.de\/wp-content\/uploads\/2020\/09\/shure-55sh-ii-e1601485394796-142x300.jpg 142w\" sizes=\"auto, (max-width: 10px) 100vw, 10px\" \/> Christina Graf<\/p>\n\n\n\n<p>Magenta TV: <img loading=\"lazy\" decoding=\"async\" width=\"10\" height=\"21\" class=\"wp-image-3656\" style=\"width: 10px;\" src=\"http:\/\/kommentatorenblog.de\/wp-content\/uploads\/2020\/09\/shure-55sh-ii-e1601485394796.jpg\" alt=\"\" srcset=\"https:\/\/kommentatorenblog.de\/wp-content\/uploads\/2020\/09\/shure-55sh-ii-e1601485394796.jpg 415w, https:\/\/kommentatorenblog.de\/wp-content\/uploads\/2020\/09\/shure-55sh-ii-e1601485394796-142x300.jpg 142w\" sizes=\"auto, (max-width: 10px) 100vw, 10px\" \/> Markus H\u00f6hner<\/p>\n\n\n\n<p>Moderation (ARD): Julia Scharf, Experte: Thomas Broich<\/p>\n\n\n\n<p>Moderation (Magenta TV): Johannes B. Kerner, Experte: Michael Ballack<\/p>\n\n\n\n<p><span style=\"text-decoration: underline;\">ab 13.00 Uhr (ARD) bzw. ab Uhr (Magenta TV)<\/span><\/p>\n\n\n\n<p><strong><em>Deutschland \u2013 Japan (14.00 Uhr)<\/em><\/strong><\/p>\n\n\n\n<p>ARD: <img loading=\"lazy\" decoding=\"async\" width=\"10\" height=\"21\" class=\"wp-image-3656\" style=\"width: 10px;\" src=\"http:\/\/kommentatorenblog.de\/wp-content\/uploads\/2020\/09\/shure-55sh-ii-e1601485394796.jpg\" alt=\"\" srcset=\"https:\/\/kommentatorenblog.de\/wp-content\/uploads\/2020\/09\/shure-55sh-ii-e1601485394796.jpg 415w, https:\/\/kommentatorenblog.de\/wp-content\/uploads\/2020\/09\/shure-55sh-ii-e1601485394796-142x300.jpg 142w\" sizes=\"auto, (max-width: 10px) 100vw, 10px\" \/> Tom Bartels<\/p>\n\n\n\n<p>Magenta TV: <img loading=\"lazy\" decoding=\"async\" width=\"10\" height=\"21\" class=\"wp-image-3656\" style=\"width: 10px;\" src=\"http:\/\/kommentatorenblog.de\/wp-content\/uploads\/2020\/09\/shure-55sh-ii-e1601485394796.jpg\" alt=\"\" srcset=\"https:\/\/kommentatorenblog.de\/wp-content\/uploads\/2020\/09\/shure-55sh-ii-e1601485394796.jpg 415w, https:\/\/kommentatorenblog.de\/wp-content\/uploads\/2020\/09\/shure-55sh-ii-e1601485394796-142x300.jpg 142w\" sizes=\"auto, (max-width: 10px) 100vw, 10px\" \/> Wolff Fuss<\/p>\n\n\n\n<p>+Taktik-Feed: <img loading=\"lazy\" decoding=\"async\" width=\"10\" height=\"21\" class=\"wp-image-3656\" style=\"width: 10px;\" src=\"http:\/\/kommentatorenblog.de\/wp-content\/uploads\/2020\/09\/shure-55sh-ii-e1601485394796.jpg\" alt=\"\" srcset=\"https:\/\/kommentatorenblog.de\/wp-content\/uploads\/2020\/09\/shure-55sh-ii-e1601485394796.jpg 415w, https:\/\/kommentatorenblog.de\/wp-content\/uploads\/2020\/09\/shure-55sh-ii-e1601485394796-142x300.jpg 142w\" sizes=\"auto, (max-width: 10px) 100vw, 10px\" \/> Benni Zander, Experte: Manuel Baum<\/p>\n\n\n\n<p>Moderation (ARD): Alexander Bommes, Experten: Almuth Schult, Thomas Hitzelsberger und Sami Khedira<\/p>\n\n\n\n<p>Moderation (Magenta TV): Johannes B. Kerner, Experten: Michael Ballack und Fredi Bobic<\/p>\n\n\n\n<p><span style=\"text-decoration: underline;\">ab 16.00 Uhr (ARD) bzw. ab Uhr (Magenta TV)<\/span><\/p>\n\n\n\n<p><strong><em>Spanien \u2013 Costa Rica (17.00 Uhr)<\/em><\/strong><\/p>\n\n\n\n<p>ARD: <img loading=\"lazy\" decoding=\"async\" width=\"10\" height=\"21\" class=\"wp-image-3656\" style=\"width: 10px;\" src=\"http:\/\/kommentatorenblog.de\/wp-content\/uploads\/2020\/09\/shure-55sh-ii-e1601485394796.jpg\" alt=\"\" srcset=\"https:\/\/kommentatorenblog.de\/wp-content\/uploads\/2020\/09\/shure-55sh-ii-e1601485394796.jpg 415w, https:\/\/kommentatorenblog.de\/wp-content\/uploads\/2020\/09\/shure-55sh-ii-e1601485394796-142x300.jpg 142w\" sizes=\"auto, (max-width: 10px) 100vw, 10px\" \/> Gerd Gottlob<\/p>\n\n\n\n<p>Magenta TV: <img loading=\"lazy\" decoding=\"async\" width=\"10\" height=\"21\" class=\"wp-image-3656\" style=\"width: 10px;\" src=\"http:\/\/kommentatorenblog.de\/wp-content\/uploads\/2020\/09\/shure-55sh-ii-e1601485394796.jpg\" alt=\"\" srcset=\"https:\/\/kommentatorenblog.de\/wp-content\/uploads\/2020\/09\/shure-55sh-ii-e1601485394796.jpg 415w, https:\/\/kommentatorenblog.de\/wp-content\/uploads\/2020\/09\/shure-55sh-ii-e1601485394796-142x300.jpg 142w\" sizes=\"auto, (max-width: 10px) 100vw, 10px\" \/> Jan Platte<\/p>\n\n\n\n<p>Moderation (ARD): Alexander Bommes, Experten: Almuth Schult, Thomas Hitzelsberger und Sami Khedira<\/p>\n\n\n\n<p>Moderation (Magenta TV): Anett Sattler, Experten: Tabea Kemme und Fredi Bobic<\/p>\n\n\n\n<p><span style=\"text-decoration: underline;\">ab 19.25 Uhr (ARD) bzw. ab Uhr (Magenta TV)<\/span><\/p>\n\n\n\n<p><strong><em>Belgien \u2013 Kanada (20.00 Uhr)<\/em><\/strong><\/p>\n\n\n\n<p>ARD: <img loading=\"lazy\" decoding=\"async\" width=\"10\" height=\"21\" class=\"wp-image-3656\" style=\"width: 10px;\" src=\"http:\/\/kommentatorenblog.de\/wp-content\/uploads\/2020\/09\/shure-55sh-ii-e1601485394796.jpg\" alt=\"\" srcset=\"https:\/\/kommentatorenblog.de\/wp-content\/uploads\/2020\/09\/shure-55sh-ii-e1601485394796.jpg 415w, https:\/\/kommentatorenblog.de\/wp-content\/uploads\/2020\/09\/shure-55sh-ii-e1601485394796-142x300.jpg 142w\" sizes=\"auto, (max-width: 10px) 100vw, 10px\" \/> Florian Na\u00df<\/p>\n\n\n\n<p>Magenta TV: <img loading=\"lazy\" decoding=\"async\" width=\"10\" height=\"21\" class=\"wp-image-3656\" style=\"width: 10px;\" src=\"http:\/\/kommentatorenblog.de\/wp-content\/uploads\/2020\/09\/shure-55sh-ii-e1601485394796.jpg\" alt=\"\" srcset=\"https:\/\/kommentatorenblog.de\/wp-content\/uploads\/2020\/09\/shure-55sh-ii-e1601485394796.jpg 415w, https:\/\/kommentatorenblog.de\/wp-content\/uploads\/2020\/09\/shure-55sh-ii-e1601485394796-142x300.jpg 142w\" sizes=\"auto, (max-width: 10px) 100vw, 10px\" \/> Marco Hagemann<\/p>\n\n\n\n<p>Moderation (ARD): Alexander Bommes, Experten: Almuth Schult, Thomas Hitzelsberger und Sami Khedira<\/p>\n\n\n\n<p>Moderation (Magenta TV): Anett Sattler, Expertin: Tabea Kemme<\/p>\n\n\n\n<p><span style=\"text-decoration: underline;\">Donnerstag, 24. November 2022, ab 10Uhr (Magenta TV)<\/span><\/p>\n\n\n\n<p><strong><em>Schweiz \u2013 Kamerun (11.00 Uhr)<\/em><\/strong><\/p>\n\n\n\n<p><img loading=\"lazy\" decoding=\"async\" width=\"10\" height=\"21\" class=\"wp-image-3656\" style=\"width: 10px;\" src=\"http:\/\/kommentatorenblog.de\/wp-content\/uploads\/2020\/09\/shure-55sh-ii-e1601485394796.jpg\" alt=\"\" srcset=\"https:\/\/kommentatorenblog.de\/wp-content\/uploads\/2020\/09\/shure-55sh-ii-e1601485394796.jpg 415w, https:\/\/kommentatorenblog.de\/wp-content\/uploads\/2020\/09\/shure-55sh-ii-e1601485394796-142x300.jpg 142w\" sizes=\"auto, (max-width: 10px) 100vw, 10px\" \/> Marco Hagemann<\/p>\n\n\n\n<p>Moderation: Anett Sattler, Expertin: Tabea Kemme<\/p>\n\n\n\n<p><span style=\"text-decoration: underline;\">ab 13.00 Uhr (ZDF) bzw. ab Uhr (Magenta TV)<\/span><\/p>\n\n\n\n<p><strong><em>Uruguay \u2013 S\u00fcdkorea (14.00 Uhr)<\/em><\/strong><\/p>\n\n\n\n<p>ZDF: <img loading=\"lazy\" decoding=\"async\" width=\"10\" height=\"21\" class=\"wp-image-3656\" style=\"width: 10px;\" src=\"http:\/\/kommentatorenblog.de\/wp-content\/uploads\/2020\/09\/shure-55sh-ii-e1601485394796.jpg\" alt=\"\" srcset=\"https:\/\/kommentatorenblog.de\/wp-content\/uploads\/2020\/09\/shure-55sh-ii-e1601485394796.jpg 415w, https:\/\/kommentatorenblog.de\/wp-content\/uploads\/2020\/09\/shure-55sh-ii-e1601485394796-142x300.jpg 142w\" sizes=\"auto, (max-width: 10px) 100vw, 10px\" \/> Martin Scheider, Experte: Hanno Balitsch<\/p>\n\n\n\n<p>Magenta TV: <img loading=\"lazy\" decoding=\"async\" width=\"10\" height=\"21\" class=\"wp-image-3656\" style=\"width: 10px;\" src=\"http:\/\/kommentatorenblog.de\/wp-content\/uploads\/2020\/09\/shure-55sh-ii-e1601485394796.jpg\" alt=\"\" srcset=\"https:\/\/kommentatorenblog.de\/wp-content\/uploads\/2020\/09\/shure-55sh-ii-e1601485394796.jpg 415w, https:\/\/kommentatorenblog.de\/wp-content\/uploads\/2020\/09\/shure-55sh-ii-e1601485394796-142x300.jpg 142w\" sizes=\"auto, (max-width: 10px) 100vw, 10px\" \/> Christina Rann<\/p>\n\n\n\n<p>Moderation (ZDF): Jochen Breyer, Experte: Per Mertesacker<\/p>\n\n\n\n<p>Moderation (Magenta TV): Anett Sattler, Expertin: Tabea Kemme<\/p>\n\n\n\n<p><span style=\"text-decoration: underline;\">ab 16.00 Uhr (ZDF) bzw. ab Uhr (Magenta TV)<\/span><\/p>\n\n\n\n<p><strong><em>Portugal \u2013 Ghana (17.00 Uhr)<\/em><\/strong><\/p>\n\n\n\n<p>ZDF: <img loading=\"lazy\" decoding=\"async\" width=\"10\" height=\"21\" class=\"wp-image-3656\" style=\"width: 10px;\" src=\"http:\/\/kommentatorenblog.de\/wp-content\/uploads\/2020\/09\/shure-55sh-ii-e1601485394796.jpg\" alt=\"\" srcset=\"https:\/\/kommentatorenblog.de\/wp-content\/uploads\/2020\/09\/shure-55sh-ii-e1601485394796.jpg 415w, https:\/\/kommentatorenblog.de\/wp-content\/uploads\/2020\/09\/shure-55sh-ii-e1601485394796-142x300.jpg 142w\" sizes=\"auto, (max-width: 10px) 100vw, 10px\" \/> Oliver Schmidt<\/p>\n\n\n\n<p>Magenta TV: <img loading=\"lazy\" decoding=\"async\" width=\"10\" height=\"21\" class=\"wp-image-3656\" style=\"width: 10px;\" src=\"http:\/\/kommentatorenblog.de\/wp-content\/uploads\/2020\/09\/shure-55sh-ii-e1601485394796.jpg\" alt=\"\" srcset=\"https:\/\/kommentatorenblog.de\/wp-content\/uploads\/2020\/09\/shure-55sh-ii-e1601485394796.jpg 415w, https:\/\/kommentatorenblog.de\/wp-content\/uploads\/2020\/09\/shure-55sh-ii-e1601485394796-142x300.jpg 142w\" sizes=\"auto, (max-width: 10px) 100vw, 10px\" \/> Alex Klich<\/p>\n\n\n\n<p>+Taktik-Feed: <img loading=\"lazy\" decoding=\"async\" width=\"10\" height=\"21\" class=\"wp-image-3656\" style=\"width: 10px;\" src=\"http:\/\/kommentatorenblog.de\/wp-content\/uploads\/2020\/09\/shure-55sh-ii-e1601485394796.jpg\" alt=\"\" srcset=\"https:\/\/kommentatorenblog.de\/wp-content\/uploads\/2020\/09\/shure-55sh-ii-e1601485394796.jpg 415w, https:\/\/kommentatorenblog.de\/wp-content\/uploads\/2020\/09\/shure-55sh-ii-e1601485394796-142x300.jpg 142w\" sizes=\"auto, (max-width: 10px) 100vw, 10px\" \/> Jan Platte, Experte: Tobias Schweinsteiger<\/p>\n\n\n\n<p>Moderation (ZDF): Kathrin M\u00fcller-Hohenstein, Experte: Christoph Kramer<\/p>\n\n\n\n<p>Moderation (Magenta TV): Sascha Bandermann, Experte: Fredi Bobic<\/p>\n\n\n\n<p><span style=\"text-decoration: underline;\">ab 19.25 Uhr (ARD) bzw. ab Uhr (Magenta TV)<\/span><\/p>\n\n\n\n<p><strong><em>Brasilien \u2013 Serbien (20.00 Uhr)<\/em><\/strong><\/p>\n\n\n\n<p>ZDF: <img loading=\"lazy\" decoding=\"async\" width=\"10\" height=\"21\" class=\"wp-image-3656\" style=\"width: 10px;\" src=\"http:\/\/kommentatorenblog.de\/wp-content\/uploads\/2020\/09\/shure-55sh-ii-e1601485394796.jpg\" alt=\"\" srcset=\"https:\/\/kommentatorenblog.de\/wp-content\/uploads\/2020\/09\/shure-55sh-ii-e1601485394796.jpg 415w, https:\/\/kommentatorenblog.de\/wp-content\/uploads\/2020\/09\/shure-55sh-ii-e1601485394796-142x300.jpg 142w\" sizes=\"auto, (max-width: 10px) 100vw, 10px\" \/> B\u00e9la R\u00e9thy<\/p>\n\n\n\n<p>Magenta TV: <img loading=\"lazy\" decoding=\"async\" width=\"10\" height=\"21\" class=\"wp-image-3656\" style=\"width: 10px;\" src=\"http:\/\/kommentatorenblog.de\/wp-content\/uploads\/2020\/09\/shure-55sh-ii-e1601485394796.jpg\" alt=\"\" srcset=\"https:\/\/kommentatorenblog.de\/wp-content\/uploads\/2020\/09\/shure-55sh-ii-e1601485394796.jpg 415w, https:\/\/kommentatorenblog.de\/wp-content\/uploads\/2020\/09\/shure-55sh-ii-e1601485394796-142x300.jpg 142w\" sizes=\"auto, (max-width: 10px) 100vw, 10px\" \/> Christian Stra\u00dfburger<\/p>\n\n\n\n<p>Moderation (ZDF): Kathrin M\u00fcller-Hohenstein, Experten: Christoph Kramer und Sandro Wagner<\/p>\n\n\n\n<p>Moderation (Magenta TV): Sascha Bandermann, Experte: Fredi Bobic<\/p>\n\n\n\n<hr class=\"wp-block-separator\"\/>\n\n\n\n<p><strong>DFB Pokal Frauen, Achtelfinale (Sky)<\/strong><\/p>\n\n\n\n<p><span style=\"text-decoration: underline;\">Samstag, 19. November 2022, ab 11.45Uhr<\/span><\/p>\n\n\n\n<p><strong><em>RB Leipzig \u2013 Eintracht Frankfurt (12.00 Uhr)<\/em><\/strong><\/p>\n\n\n\n<p><img loading=\"lazy\" decoding=\"async\" width=\"10\" height=\"21\" class=\"wp-image-3656\" style=\"width: 10px;\" src=\"http:\/\/kommentatorenblog.de\/wp-content\/uploads\/2020\/09\/shure-55sh-ii-e1601485394796.jpg\" alt=\"\" srcset=\"https:\/\/kommentatorenblog.de\/wp-content\/uploads\/2020\/09\/shure-55sh-ii-e1601485394796.jpg 415w, https:\/\/kommentatorenblog.de\/wp-content\/uploads\/2020\/09\/shure-55sh-ii-e1601485394796-142x300.jpg 142w\" sizes=\"auto, (max-width: 10px) 100vw, 10px\" \/> Florian Malburg<\/p>\n\n\n\n<p><span style=\"text-decoration: underline;\">ab 14.15Uhr<\/span><\/p>\n\n\n\n<p><strong><em>MSV Duisburg \u2013 FC Bayern M\u00fcnchen (14.30 Uhr)<\/em><\/strong><\/p>\n\n\n\n<p><img loading=\"lazy\" decoding=\"async\" width=\"10\" height=\"21\" class=\"wp-image-3656\" style=\"width: 10px;\" src=\"http:\/\/kommentatorenblog.de\/wp-content\/uploads\/2020\/09\/shure-55sh-ii-e1601485394796.jpg\" alt=\"\" srcset=\"https:\/\/kommentatorenblog.de\/wp-content\/uploads\/2020\/09\/shure-55sh-ii-e1601485394796.jpg 415w, https:\/\/kommentatorenblog.de\/wp-content\/uploads\/2020\/09\/shure-55sh-ii-e1601485394796-142x300.jpg 142w\" sizes=\"auto, (max-width: 10px) 100vw, 10px\" \/> Hannes Herrmann, Expertin: Verena Schweers<\/p>\n\n\n\n<p>Moderation: Nele Schenker, Expertin: Marie-Louise Eta<\/p>\n\n\n\n<hr class=\"wp-block-separator\"\/>\n\n\n\n<p><strong>Die Analyse<\/strong><\/p>\n\n\n\n<p><strong>Auftakt mit gro\u00dfen Teams<\/strong><\/p>\n\n\n\n<p>Die WM startet mit dem Gastgeber Katar, der um 17Uhr gegen Ecuador spielt. Magenta TV (15Uhr) und das ZDF (15.30Uhr) starten bereits schon vorzeitig mit dem Vorlauf. Bei Magenta TV meldet sich nat\u00fcrlich Johannes B. Kerner aus dem Studio. Als Expertin im Studio ist neben Michael Ballack zudem auch Tabea Kemme im Einsatz. Ebenso st\u00f6\u00dft Pierre-Michel Lasogga als Gast hinzu. Aus Katar melden sich dann Thomas Wagner und Anna Sarah Lange als Field-Reporter, Javi Martinez als Experte und Wolff Fuss als Kommentator. Beim ZDF wiederum gibts direkt das volle Parket. Jochen Breyer und Kathrin M\u00fcller-Hohenstein moderieren gemeinsam und empfangen mit Chris Kramer, Martina Voss-Tecklenburg und Per Mertesacker gleich drei Experten am Mainzer Lerchenberg. Kommentator ist &#8211; wie soll es anders sein &#8211; B\u00e9la R\u00e9thy zum Start seiner Abschiedstourne. <\/p>\n\n\n\n<p><strong>Drei Spiele am Montag<\/strong><\/p>\n\n\n\n<p>Am Montag startet MagentaTV dann erstmals mit dem WarmUp in den WM-Tag, der Vorlauf auf die erste Partie zwischen England und dem Iran startet aber wie beim ZDF dann erst eine Stunde vor Anpfiff. Im ZDF meldet sich hier Kathrin M\u00fcller-Hohenstein mit Per Mertesacker aus Mainz &#8211; kommentieren wird dann mit Oliver Schmidt der Finalkommentator der vergangenen EM. Bei Magenta TV \u00fcbernimmt das Warm-Up Anett Sattler, bevor dann um 13Uhr Sascha Bandermann mit Tabea Kemme \u00fcbernimmt, kommentieren wird Marco Hagemann<\/p>\n\n\n\n<p>Vor dem zweiten Spiel des Tages zwischen dem Senegal und Niederlande \u00fcbernehmen dann im ZDF Jochen Breyer und Christoph Kramer das Ruder, kommentieren wird hier Martin Schneider mit Hanno Balitsch. Bei Magenta TV \u00fcbernimmt Johannes B. Kerner f\u00fcr Sascha Bandermann, als Expertin bleibt Tabea Kemme wiederum dabei und bekommt Unterst\u00fctzung von Michael Ballack. Kommentieren wird dann Markus H\u00f6hner. <\/p>\n\n\n\n<p>Denn Abschluss des Montags macht USA gegen Wales, im ZDF bleiben Breyer und Kramer im Studio, w\u00e4hrend sich Claudia Neumann aus dem Stadion meldet. Bei Magenta TV hat Tabea Kemme nach zwei Spielen Feierabend, Kerner und Ballack bleiben daf\u00fcr weiterhin am Ball. Als Kommentator steht hier entweder Jan Platte, der nach seinem Einsatz im Taktik-Feed gleich sein zweites WM-Spiel macht oder Benni Zander gemeinsam mit Manuel Baum im Taktik-Feed.<\/p>\n\n\n\n<p><strong>Messi exklusiv bei Magenta TV<\/strong><\/p>\n\n\n\n<p>Den ersten regul\u00e4ren Gruppenspieltag &#8211; also mit vier Spielen pro Tag &#8211; gibt es dann am Dienstag. Magenta TV startet hierbei mit dem ersten Exklusivspiel zwischen Argentinien und Saudi-Arabien. Nach dem Warm-Up mit Sascha Bandermann starten ab 10Uhr Johannes B. Kerner und Michael Ballack starten gemeinsam in den Tag, bevor dann um 11Uhr Christian Stra\u00dfburger \u00fcbernimmt.<\/p>\n\n\n\n<p>Ab 13Uhr startet dann auch das ZDF in den WM-Tag! Jochen Breyer und Christoph Kramer sind hierbei aber mal nicht alleine im sch\u00f6nen Mainz, Bjarne Goldbaeck ist als Gast mit dabei. Wenig \u00fcberraschend spielt damit um 14Uhr D\u00e4nemark &#8211; in diesem Fall gegen Tunesien. B\u00e9la R\u00e9thy mit Einsatz Nummer zwei. Bei Magenta TV wiederum machen Kerner und Ballack eine Doppelschicht, auf der Kommentatorenposition gibt es aber daf\u00fcr mit Christina Rann eine Deb\u00fctantin. <\/p>\n\n\n\n<p>Munter durchgewechselt wird daf\u00fcr im Vorfeld der dritten Partie des Tages zwischen Mexiko und Polen. Im ZDF \u00fcbernehmen Kathrin M\u00fcller-Hohenstein und Per Mertesacker und bei Magenta TV Anett Sattler und Tabea Kemme. Bei den Kommentatoren gibts die Wahl aus drei: Claudia Neumann im ZDF; Alex Klich &#8211; also gleich noch ein Deb\u00fctant &#8211; bei MagentaTV und Jan Platte mit Tobias Schweinsteiger im Taktik-Feed. <\/p>\n\n\n\n<p>Den Schlussstrich unter den Dienstag setzen um 20Uhr Titelverteidiger Frankreich und Australien. Bei MagentaTV gibts im Studio keine Ver\u00e4nderungen, im ZDF wiederum sto\u00dfen zu M\u00fcller-Hohenstein und Mertesacker mit Martina Voss-Tecklenburg als Expertin und Anja Mittag als G\u00e4stin gleich zweitere Akteure hinzu. Kommentieren wird Oliver Schmidt im ZDF bzw. Jonas Friedrich &#8211; auch f\u00fcr ihn hei\u00dft es WM-Deb\u00fct (Ich wei\u00df, ich wiederhole mich \ud83d\ude09 ) bei Magenta TV<\/p>\n\n\n\n<p><strong>DFB-Auftakt mit Fuss und Bartels<\/strong><\/p>\n\n\n\n<p>Am Mittwoch taucht dann auch mal die ARD ins WM-Geschehen ein. Julia Scharf und Thomas Broich melden sich ab 10.05Uhr mit der Vorberichterstattung der Partie Marokko gegen Kroatien. Kommentieren wird dann Christina Graf, also auch hier gibt es ein WM-Deb\u00fct. Bei Magenta TV \u00fcbernimmt Sascha Bandermann das Warm-Up, w\u00e4hrend sich ab10Uhr das unzertrennbare Duo Kerner und Ballack meldet. Markus H\u00f6hner verzeichnet hier WM-Einsatz Nummer zwei.<\/p>\n\n\n\n<p>Ab 13Uhr startet dann der Vorlauf auf die erste Partie der Nationalmannschaft gegen Japan. In der ARD moderiert einerseits die Studio-Crew aus Moderator Alexander Bommes und den Experten Almuth Schult, Thomas Hitzelsberger und Sami Khedira und andererseits das Stadion-Duo Esther Sedlaczek und Bastian Schweinsteiger. Kommentator ist nat\u00fcrlich der Mann, der die beiden letzte Siege deutscher Mannschaften in WM-Endrunden kommentierte, Tom Bartels ist nat\u00fcrlich gemeint. Bei Magenta TV st\u00f6\u00dft zu Johannes B. Kerner und Michael Ballack mit Fredi Bobic ein weiterer altbekannter Experte. Kommentieren wird nat\u00fcrlich der Mann f\u00fcr die deutschen Spiele, Wolff Christoph Fuss, zudem gibt es Zander und Baum im Taktik-Feed. <\/p>\n\n\n\n<p>Im Anschluss gibts das Parallelspiel der deutschen Gruppe zwischen Spanien und Costa-Rica. In der ARD bleibt die Studio-Crew beisammen, w\u00e4hrend bei Magenta TV Sattler und Kemme f\u00fcr Kerner und Ballack kommen &#8211; Fredi Bobic bleibt aber tats\u00e4chlich noch im Studio. Kommentieren werden Gerd Gottlob bzw. Spanien-Experte Jan Platte.<\/p>\n\n\n\n<p>Den Abschluss macht Belgien gegen Kanada. Die Studioteams sind schnell erkl\u00e4rt, bei der ARD bleibt alles wie gehabt und bei Magenta TV hat Fredi Bobic nach zwei Spielen Feierabend. Bei den Kommentatoren habt ihr die Qual der Wahl zwischen Florian Na\u00df und Marco Hagemann. <\/p>\n\n\n\n<p><strong>Die Flei\u00dfbiene namens Jan Platte<\/strong><\/p>\n\n\n\n<p>F\u00fcr Anett Sattler und Tabea Kemme gibt es keine 12Stunden Pause nach ihrem Einsatz am Mittwoch, ab 10Uhr melden sie sich nach Sascha Bandermanns Warm-Up mit dem Vorlauf auf das zweite Exklusivspiel von Magenta TV zwischen Kamerun und der Schweiz. Ein \u00e4hnliches Schicksal hat Marco Hagemann, der, nachdem er den Deckel auf den Mittwoch setzte, ihn am Donnerstag wieder \u00f6ffnet. <\/p>\n\n\n\n<p>Ab 13Uhr ist dann auch wieder das ZDF mit dabei, die Duos werden allerdings mal gewechselt. Somit meldet sich Jochen Breyer diesmal mit Per Mertesacker vom Lerchenberg, um auf die Begegnung von Uruguay und S\u00fcdkorea einzustimmen. Kommentieren wird das Duo Schneider und Balitsch. Bei Magenta TV bleiben Sattler und Kemme im Studio, als Kommentatorin ist Christina Rann im Einsatz.<\/p>\n\n\n\n<p>Bevor Portugal gegen Ghana spielt &#8211; ihr kennt das Spiel &#8211; wird dann wieder munter rotiert. Im ZDF melden sich dann also Kathrin M\u00fcller-Hohenstein und Christoph Kramer, w\u00e4hrend bei Magenta TV Sascha Bandermann und Fredi Bobic \u00fcbernehmen &#8211; die Herren Kerner und Ballack haben also mal WM-frei. Im ZDF gibt es zum dritten Mal in diesem Oliver Schmidt, bei Magenta TV \u00fcbernimmt Alex Klich. Hier gibts auch wieder ein Taktik-Feed, f\u00fcnfter WM-Tag und zum f\u00fcnften Mal kommentiert Jan Platte &#8211; Wahnsinns Pensum!<\/p>\n\n\n\n<p>Den Deckel drauf auf den ersten Gruppenspieltag macht dann Brasilien gegen Serbien, bei Magenta TV und im ZDF bleiben die Duos &#8211; in Mainz st\u00f6\u00dft einzig Sandro Wagner als weiterer Experte hinzu. Kommentieren wird dann wenig \u00fcberraschend bei brasilianischer Beteiligung B\u00e9la R\u00e9thy und bei Magenta TV Christian Stra\u00dfburger!<\/p>\n\n\n\n<p>Nun, ich habe eine lange Analyse versprochen und ich glaube, ich kann guten Gewissens sagen, dass ich dieses Versprechen gehalten habe. Gerne lade ich euch aber dazu ein, in den Kommentaren dar\u00fcber zu schreiben, was euch bei den Ansetzungen auff\u00e4llt, gef\u00e4llt oder missf\u00e4llt. Bis dahin, habt ein sch\u00f6nes Wochenende. Hier geht am Donnerstag mit Tim weiter!<\/p>\n","protected":false},"excerpt":{"rendered":"<p>N&#8217;Abend allerseits, 38136 Stunden; 1589 Tage; 227 Wochen; 52 Monate und 5 Tage oder auch 4 Jahre und 128 Tage, so lange war die Zeit ohne Fussballweltmeisterschaft. Normalerweise w\u00e4re zwei Tage vor dem Start einer WM voller Vorfreude, doch dieses Jahr ist es leider anders. Eine WM in der W\u00fcste, in der Stadien klimatisiert werden [&hellip;]<\/p>\n","protected":false},"author":5,"featured_media":0,"comment_status":"open","ping_status":"open","sticky":false,"template":"","format":"standard","meta":{"footnotes":""},"categories":[879],"tags":[34,246,548,46,886,19,47,21,885,35,615,657,544,36,308,99,187,272,104,540,48,39,520,69,169,248,50,542,488,43,888,67,38,883,500,369,109,161,884,76,732,350,12,22,639,247,887,33,882,273,740,511,107,37],"class_list":["post-14118","post","type-post","status-publish","format-standard","hentry","category-wm-2022","tag-alex-klich","tag-alexander-bommes","tag-almuth-schult","tag-anett-sattler","tag-anja-mittag","tag-ard","tag-bela-rethy","tag-benni-zander","tag-bjarne-goldbaeck","tag-christian-strassburger","tag-christina-graf","tag-christina-rann","tag-christoph-kramer","tag-claudia-neumann","tag-florian-malburg","tag-florian-nass","tag-fredi-bobic","tag-gerd-gottlob","tag-hannes-herrmann","tag-hanno-balitsch","tag-jan-platte","tag-jochen-breyer","tag-johannes-b-kerner","tag-jonas-friedrich","tag-jonas-hummels","tag-julia-scharf","tag-katrin-mueller-hohenstein","tag-magentatv","tag-manuel-baum","tag-marco-hagemann","tag-marie-louise-eta","tag-markus-hoehner","tag-martin-schneider","tag-martina-voss-tecklenburg","tag-michael-ballack","tag-nele-schenker","tag-oliver-schmidt","tag-per-mertesacker","tag-pierre-michel-lasogga","tag-ruth-hofmann","tag-sami-khedira","tag-sandro-wagner","tag-sascha-bandermann","tag-sky","tag-tabea-kemme","tag-thomas-broich","tag-thomas-hitzelsberger","tag-thomas-wagner","tag-tobias-schweinsteiger","tag-tom-bartels","tag-verena-schweers","tag-wm-2022","tag-wolff-fuss","tag-zdf"],"_links":{"self":[{"href":"https:\/\/kommentatorenblog.de\/index.php?rest_route=\/wp\/v2\/posts\/14118","targetHints":{"allow":["GET"]}}],"collection":[{"href":"https:\/\/kommentatorenblog.de\/index.php?rest_route=\/wp\/v2\/posts"}],"about":[{"href":"https:\/\/kommentatorenblog.de\/index.php?rest_route=\/wp\/v2\/types\/post"}],"author":[{"embeddable":true,"href":"https:\/\/kommentatorenblog.de\/index.php?rest_route=\/wp\/v2\/users\/5"}],"replies":[{"embeddable":true,"href":"https:\/\/kommentatorenblog.de\/index.php?rest_route=%2Fwp%2Fv2%2Fcomments&post=14118"}],"version-history":[{"count":14,"href":"https:\/\/kommentatorenblog.de\/index.php?rest_route=\/wp\/v2\/posts\/14118\/revisions"}],"predecessor-version":[{"id":14242,"href":"https:\/\/kommentatorenblog.de\/index.php?rest_route=\/wp\/v2\/posts\/14118\/revisions\/14242"}],"wp:attachment":[{"href":"https:\/\/kommentatorenblog.de\/index.php?rest_route=%2Fwp%2Fv2%2Fmedia&parent=14118"}],"wp:term":[{"taxonomy":"category","embeddable":true,"href":"https:\/\/kommentatorenblog.de\/index.php?rest_route=%2Fwp%2Fv2%2Fcategories&post=14118"},{"taxonomy":"post_tag","embeddable":true,"href":"https:\/\/kommentatorenblog.de\/index.php?rest_route=%2Fwp%2Fv2%2Ftags&post=14118"}],"curies":[{"name":"wp","href":"https:\/\/api.w.org\/{rel}","templated":true}]}}