{"id":14244,"date":"2022-11-24T18:51:22","date_gmt":"2022-11-24T16:51:22","guid":{"rendered":"http:\/\/kommentatorenblog.de\/?p=14244"},"modified":"2022-11-26T12:19:05","modified_gmt":"2022-11-26T10:19:05","slug":"1300-status-es-ist-kompliziert","status":"publish","type":"post","link":"https:\/\/kommentatorenblog.de\/?p=14244","title":{"rendered":"1300 \u2013 Status: Es ist kompliziert"},"content":{"rendered":"\n<p><strong>N&#8217;Abend allerseits!<\/strong><\/p>\n\n\n\n<hr class=\"wp-block-separator\"\/>\n\n\n\n<p>Die WM ist mittlerweile richtig angelaufen und ich wei\u00df nicht, wie es euch geht, aber die letzten Tage haben nicht unbedingt dazu beigetragen, mein WM-Fieber ausbrechen zu lassen. <\/p>\n\n\n\n<p>Da w\u00e4re zun\u00e4chst die Diskussion um die &#8222;One-Love&#8220;-Binde der 7 europ\u00e4ischen Verb\u00e4nde, die kurzfristig von der FIFA untersagt wurde. Dazu das Trikot der belgischen Nationalmannschaft, wo das Wort &#8222;Love&#8220; (Name der Kollektion im Kragen&#8220; abgeklebt werden musste. Dazu die bereits hier oft angesprochenen problematischen Verh\u00e4ltnisse im Gastgeberland. <\/p>\n\n\n\n<p>Ich habe das Gef\u00fchl, jede und jeder Fu\u00dfballfan ist im Moment gezwungen, sich irgendwie zu positionieren. Das Fans jetzt in einen Rechtfertigungszwang kommen, wenn sie WM-Spiele schauen, haben wir der FIFA zu verdanken. <\/p>\n\n\n\n<p>Tabea Kemme hat bei Magenta klare Kante gezeigt und ihr Bedauern dar\u00fcber ausgedr\u00fcckt, dass der DFB es nicht auf eine Eskalation mit der FIFA hat ankommen lassen. Im ersten Moment war ich ganz bei ihr, es ist ein Unterschied, Werte immer nur in Statuten stehen zu haben, dar\u00fcber zu reden, Aktionen zu starten etc. oder diese Werte auch zu leben. <\/p>\n\n\n\n<p>Allerdings habe ich auch versucht mir vorzustellen, was in den Turnierteilnehmern vorgehen muss&#8230;. <\/p>\n\n\n\n<p>Mein abschlie\u00dfendes Fazit: Es ist kompliziert und wie sooft im Leben gibt es nicht nur schwarz oder wei\u00df, richtig oder falsch. Ich hoffe jedenfalls, dass diese WM zu nachhaltigeren Diskussionen f\u00fchrt, was Strukturen im Weltfu\u00dfball betreffen, was sportliche Gro\u00dfereignisse und deren Ausrichtungsorte angeht und was wir in der Gesellschaft dazu beitragen k\u00f6nnen, dass wir friedlich und respektvoll nebeneinander existieren k\u00f6nnen, egal wo wir herkommen, was f\u00fcr eine sexuelle Orientierung wir haben usw. <\/p>\n\n\n\n<p>Kommen wir noch kurz zur WM: Ich habe die Spiele bisher ausschlie\u00dflich bei Magenta verfolgt, die \u00dcbertragungen gefallen mir sehr gut. An dieser Stelle mal Daumen hoch f\u00fcr Tabea Kemme, die Schicht um Schicht im Studio in M\u00fcnchen schiebt. Die Stimmung in den Stadien ist, sagen wir mal verhalten, die Spiele durchwachsen. Der Auftritt unserer Elf gestern sorgt zumindest f\u00fcr absolutes Endspielfeeling am Sonntag Abend. <\/p>\n\n\n\n<p>Bisher hat mir der Kommentar von Christian Stra\u00dfburger beim Spiel Argentinien \u2013 Saudi Arabien am besten gefallen. Emotional und trotzdem am Spiel. Stra\u00dfburger entwickelt sich so langsam zu meinem pers\u00f6nlichen Kommentatorenliebling! <\/p>\n\n\n\n<p>Langes Vorwort, wenig Fu\u00dfball, sorry aber das musste mal sein! <\/p>\n\n\n\n<p>Jetzt aber: <\/p>\n\n\n\n<hr class=\"wp-block-separator\"\/>\n\n\n\n<p><em><strong>Die Ansetzungen vom 25. November 2022 bis zum 28. November 2022<\/strong><\/em><\/p>\n\n\n\n<hr class=\"wp-block-separator\"\/>\n\n\n\n<p><strong>Weltmeisterschaft 2022, 2. Spieltag <\/strong><\/p>\n\n\n\n<p><span style=\"text-decoration: underline;\">Freitag, 25. November 2022 ab 10.00 Uhr (Magenta) bzw. 10.05 (ARD)<\/span><\/p>\n\n\n\n<p><em><strong>Wales \u2013 Iran (11.00 Uhr)<\/strong><\/em><\/p>\n\n\n\n<p>ARD: <img loading=\"lazy\" decoding=\"async\" width=\"10\" height=\"21\" class=\"wp-image-3656\" style=\"width: 10px;\" src=\"http:\/\/kommentatorenblog.de\/wp-content\/uploads\/2020\/09\/shure-55sh-ii-e1601485394796.jpg\" alt=\"\" srcset=\"https:\/\/kommentatorenblog.de\/wp-content\/uploads\/2020\/09\/shure-55sh-ii-e1601485394796.jpg 415w, https:\/\/kommentatorenblog.de\/wp-content\/uploads\/2020\/09\/shure-55sh-ii-e1601485394796-142x300.jpg 142w\" sizes=\"auto, (max-width: 10px) 100vw, 10px\" \/> Florian Na\u00df; Experte: Thomas Broich <\/p>\n\n\n\n<p>Magenta: <img loading=\"lazy\" decoding=\"async\" width=\"10\" height=\"21\" class=\"wp-image-3656\" style=\"width: 10px;\" src=\"http:\/\/kommentatorenblog.de\/wp-content\/uploads\/2020\/09\/shure-55sh-ii-e1601485394796.jpg\" alt=\"\" srcset=\"https:\/\/kommentatorenblog.de\/wp-content\/uploads\/2020\/09\/shure-55sh-ii-e1601485394796.jpg 415w, https:\/\/kommentatorenblog.de\/wp-content\/uploads\/2020\/09\/shure-55sh-ii-e1601485394796-142x300.jpg 142w\" sizes=\"auto, (max-width: 10px) 100vw, 10px\" \/> Jonas Friedrich <\/p>\n\n\n\n<p>Moderation ARD: Julia Scharf <\/p>\n\n\n\n<p>Moderation Magenta: Anett Sattler; Expertin: Tabea Kemme<\/p>\n\n\n\n<p><span style=\"text-decoration: underline;\">ab 13.20 Uhr ARD\/Magenta <\/span><\/p>\n\n\n\n<p><em><strong>Katar \u2013 Senegal (14.00 Uhr)<\/strong><\/em><\/p>\n\n\n\n<p>ARD: <img loading=\"lazy\" decoding=\"async\" width=\"10\" height=\"21\" class=\"wp-image-3656\" style=\"width: 10px;\" src=\"http:\/\/kommentatorenblog.de\/wp-content\/uploads\/2020\/09\/shure-55sh-ii-e1601485394796.jpg\" alt=\"\" srcset=\"https:\/\/kommentatorenblog.de\/wp-content\/uploads\/2020\/09\/shure-55sh-ii-e1601485394796.jpg 415w, https:\/\/kommentatorenblog.de\/wp-content\/uploads\/2020\/09\/shure-55sh-ii-e1601485394796-142x300.jpg 142w\" sizes=\"auto, (max-width: 10px) 100vw, 10px\" \/> Gerd Gottlob; Experte: Thomas Broich <\/p>\n\n\n\n<p>Magenta: <img loading=\"lazy\" decoding=\"async\" width=\"10\" height=\"21\" class=\"wp-image-3656\" style=\"width: 10px;\" src=\"http:\/\/kommentatorenblog.de\/wp-content\/uploads\/2020\/09\/shure-55sh-ii-e1601485394796.jpg\" alt=\"\" srcset=\"https:\/\/kommentatorenblog.de\/wp-content\/uploads\/2020\/09\/shure-55sh-ii-e1601485394796.jpg 415w, https:\/\/kommentatorenblog.de\/wp-content\/uploads\/2020\/09\/shure-55sh-ii-e1601485394796-142x300.jpg 142w\" sizes=\"auto, (max-width: 10px) 100vw, 10px\" \/> Markus H\u00f6hner <\/p>\n\n\n\n<p>Moderation ARD: Julia Scharf <\/p>\n\n\n\n<p>Moderation Magenta: Anett Sattler; Expertin: Tabea Kemme <\/p>\n\n\n\n<p><span style=\"text-decoration: underline;\">ab 16.15 Uhr ARD\/Magenta <\/span><\/p>\n\n\n\n<p><em><strong>Niederlande \u2013 Ecuador (17.00 Uhr)<\/strong><\/em><\/p>\n\n\n\n<p>ARD: <img loading=\"lazy\" decoding=\"async\" width=\"10\" height=\"21\" class=\"wp-image-3656\" style=\"width: 10px;\" src=\"http:\/\/kommentatorenblog.de\/wp-content\/uploads\/2020\/09\/shure-55sh-ii-e1601485394796.jpg\" alt=\"\" srcset=\"https:\/\/kommentatorenblog.de\/wp-content\/uploads\/2020\/09\/shure-55sh-ii-e1601485394796.jpg 415w, https:\/\/kommentatorenblog.de\/wp-content\/uploads\/2020\/09\/shure-55sh-ii-e1601485394796-142x300.jpg 142w\" sizes=\"auto, (max-width: 10px) 100vw, 10px\" \/> Christina Graf; Expertin: Almuth Schult  <\/p>\n\n\n\n<p>Magenta: <img loading=\"lazy\" decoding=\"async\" width=\"10\" height=\"21\" class=\"wp-image-3656\" style=\"width: 10px;\" src=\"http:\/\/kommentatorenblog.de\/wp-content\/uploads\/2020\/09\/shure-55sh-ii-e1601485394796.jpg\" alt=\"\" srcset=\"https:\/\/kommentatorenblog.de\/wp-content\/uploads\/2020\/09\/shure-55sh-ii-e1601485394796.jpg 415w, https:\/\/kommentatorenblog.de\/wp-content\/uploads\/2020\/09\/shure-55sh-ii-e1601485394796-142x300.jpg 142w\" sizes=\"auto, (max-width: 10px) 100vw, 10px\" \/> Benni Zander <\/p>\n\n\n\n<p>+ Taktikfeed: <img loading=\"lazy\" decoding=\"async\" width=\"10\" height=\"21\" class=\"wp-image-3656\" style=\"width: 10px;\" src=\"http:\/\/kommentatorenblog.de\/wp-content\/uploads\/2020\/09\/shure-55sh-ii-e1601485394796.jpg\" alt=\"\" srcset=\"https:\/\/kommentatorenblog.de\/wp-content\/uploads\/2020\/09\/shure-55sh-ii-e1601485394796.jpg 415w, https:\/\/kommentatorenblog.de\/wp-content\/uploads\/2020\/09\/shure-55sh-ii-e1601485394796-142x300.jpg 142w\" sizes=\"auto, (max-width: 10px) 100vw, 10px\" \/> Jan Platte; Experte: Tobias Schweinsteiger <\/p>\n\n\n\n<p>Moderation ARD:  Jessy Wellmer; Experten: Thomas Hitzlsperger und Sami Khedira <\/p>\n\n\n\n<p>Moderation Magenta: Johannes B. Kerner; Experte: Michael Ballack <\/p>\n\n\n\n<p><span style=\"text-decoration: underline;\">ab 19.30 Uhr ARD\/Magenta<\/span><\/p>\n\n\n\n<p><em><strong>England \u2013 <\/strong><\/em><strong><em>USA (20.00 Uhr)<\/em><\/strong><\/p>\n\n\n\n<p>ARD: <img loading=\"lazy\" decoding=\"async\" width=\"10\" height=\"21\" class=\"wp-image-3656\" style=\"width: 10px;\" src=\"http:\/\/kommentatorenblog.de\/wp-content\/uploads\/2020\/09\/shure-55sh-ii-e1601485394796.jpg\" alt=\"\" srcset=\"https:\/\/kommentatorenblog.de\/wp-content\/uploads\/2020\/09\/shure-55sh-ii-e1601485394796.jpg 415w, https:\/\/kommentatorenblog.de\/wp-content\/uploads\/2020\/09\/shure-55sh-ii-e1601485394796-142x300.jpg 142w\" sizes=\"auto, (max-width: 10px) 100vw, 10px\" \/> Tom Bartels; Expertin: Almuth Schult <\/p>\n\n\n\n<p>Magenta: <img loading=\"lazy\" decoding=\"async\" width=\"10\" height=\"21\" class=\"wp-image-3656\" style=\"width: 10px;\" src=\"http:\/\/kommentatorenblog.de\/wp-content\/uploads\/2020\/09\/shure-55sh-ii-e1601485394796.jpg\" alt=\"\" srcset=\"https:\/\/kommentatorenblog.de\/wp-content\/uploads\/2020\/09\/shure-55sh-ii-e1601485394796.jpg 415w, https:\/\/kommentatorenblog.de\/wp-content\/uploads\/2020\/09\/shure-55sh-ii-e1601485394796-142x300.jpg 142w\" sizes=\"auto, (max-width: 10px) 100vw, 10px\" \/> Wolff Fuss <\/p>\n\n\n\n<p>Moderation ARD (Stadion): Esther Sedlaczek; Experte: Bastian Schweinsteiger <\/p>\n\n\n\n<p>Moderation ARD (Studio): Jessy Wellmer; Experten: Thomas Hitzlsperger und Sami Khedira <img loading=\"lazy\" decoding=\"async\" width=\"10\" height=\"21\" class=\"wp-image-3656\" style=\"width: 10px;\" src=\"http:\/\/kommentatorenblog.de\/wp-content\/uploads\/2020\/09\/shure-55sh-ii-e1601485394796.jpg\" alt=\"\" srcset=\"https:\/\/kommentatorenblog.de\/wp-content\/uploads\/2020\/09\/shure-55sh-ii-e1601485394796.jpg 415w, https:\/\/kommentatorenblog.de\/wp-content\/uploads\/2020\/09\/shure-55sh-ii-e1601485394796-142x300.jpg 142w\" sizes=\"auto, (max-width: 10px) 100vw, 10px\" \/><\/p>\n\n\n\n<p><span style=\"text-decoration: underline;\"> (Moderation Magenta: Johannes B. Kerner; Experte: Michael Ballack <\/span><\/p>\n\n\n\n<hr class=\"wp-block-separator\"\/>\n\n\n\n<p><strong>Samstag, 26. November 2022 ab 10.00 Uhr (Magenta)<\/strong><\/p>\n\n\n\n<p><em><strong>Tunesien \u2013 Australien (11.00 Uhr)<\/strong><\/em><\/p>\n\n\n\n<p><img loading=\"lazy\" decoding=\"async\" width=\"10\" height=\"21\" class=\"wp-image-3656\" style=\"width: 10px;\" src=\"http:\/\/kommentatorenblog.de\/wp-content\/uploads\/2020\/09\/shure-55sh-ii-e1601485394796.jpg\" alt=\"\" srcset=\"https:\/\/kommentatorenblog.de\/wp-content\/uploads\/2020\/09\/shure-55sh-ii-e1601485394796.jpg 415w, https:\/\/kommentatorenblog.de\/wp-content\/uploads\/2020\/09\/shure-55sh-ii-e1601485394796-142x300.jpg 142w\" sizes=\"auto, (max-width: 10px) 100vw, 10px\" \/> Alex Klich <\/p>\n\n\n\n<p>Moderation: Sascha Bandermann; Experte: Fredi Bobic <\/p>\n\n\n\n<p><span style=\"text-decoration: underline;\">ab 13.00 Uhr ARD\/Magenta <\/span><\/p>\n\n\n\n<p><strong><em>Polen \u2013 Saudi Arabien (14.00 Uhr) <\/em><\/strong><\/p>\n\n\n\n<p>ARD: <img loading=\"lazy\" decoding=\"async\" width=\"10\" height=\"21\" class=\"wp-image-3656\" style=\"width: 10px;\" src=\"http:\/\/kommentatorenblog.de\/wp-content\/uploads\/2020\/09\/shure-55sh-ii-e1601485394796.jpg\" alt=\"\" srcset=\"https:\/\/kommentatorenblog.de\/wp-content\/uploads\/2020\/09\/shure-55sh-ii-e1601485394796.jpg 415w, https:\/\/kommentatorenblog.de\/wp-content\/uploads\/2020\/09\/shure-55sh-ii-e1601485394796-142x300.jpg 142w\" sizes=\"auto, (max-width: 10px) 100vw, 10px\" \/> Florian Na\u00df; Experte: Thomas Broich <\/p>\n\n\n\n<p>Magenta: <img loading=\"lazy\" decoding=\"async\" width=\"10\" height=\"21\" class=\"wp-image-3656\" style=\"width: 10px;\" src=\"http:\/\/kommentatorenblog.de\/wp-content\/uploads\/2020\/09\/shure-55sh-ii-e1601485394796.jpg\" alt=\"\" srcset=\"https:\/\/kommentatorenblog.de\/wp-content\/uploads\/2020\/09\/shure-55sh-ii-e1601485394796.jpg 415w, https:\/\/kommentatorenblog.de\/wp-content\/uploads\/2020\/09\/shure-55sh-ii-e1601485394796-142x300.jpg 142w\" sizes=\"auto, (max-width: 10px) 100vw, 10px\" \/> Christina Ran <\/p>\n\n\n\n<p>Moderation ARD: Julia Scharf <\/p>\n\n\n\n<p>Moderation Magenta: Sascha Bandermann; Experte: Fredi Bobic <\/p>\n\n\n\n<p><span style=\"text-decoration: underline;\">ab 16.15 Uhr ARD\/Magenta <\/span><\/p>\n\n\n\n<p><em><strong>Frankreich \u2013 D\u00e4nemark (17.00 Uhr)<\/strong><\/em><\/p>\n\n\n\n<p>ARD: <img loading=\"lazy\" decoding=\"async\" width=\"10\" height=\"21\" class=\"wp-image-3656\" style=\"width: 10px;\" src=\"http:\/\/kommentatorenblog.de\/wp-content\/uploads\/2020\/09\/shure-55sh-ii-e1601485394796.jpg\" alt=\"\" srcset=\"https:\/\/kommentatorenblog.de\/wp-content\/uploads\/2020\/09\/shure-55sh-ii-e1601485394796.jpg 415w, https:\/\/kommentatorenblog.de\/wp-content\/uploads\/2020\/09\/shure-55sh-ii-e1601485394796-142x300.jpg 142w\" sizes=\"auto, (max-width: 10px) 100vw, 10px\" \/> Tom Bartels <\/p>\n\n\n\n<p>Magenta: <img loading=\"lazy\" decoding=\"async\" width=\"10\" height=\"21\" class=\"wp-image-3656\" style=\"width: 10px;\" src=\"http:\/\/kommentatorenblog.de\/wp-content\/uploads\/2020\/09\/shure-55sh-ii-e1601485394796.jpg\" alt=\"\" srcset=\"https:\/\/kommentatorenblog.de\/wp-content\/uploads\/2020\/09\/shure-55sh-ii-e1601485394796.jpg 415w, https:\/\/kommentatorenblog.de\/wp-content\/uploads\/2020\/09\/shure-55sh-ii-e1601485394796-142x300.jpg 142w\" sizes=\"auto, (max-width: 10px) 100vw, 10px\" \/> Jan Platte <\/p>\n\n\n\n<p>+ Taktikfeed: <img loading=\"lazy\" decoding=\"async\" width=\"10\" height=\"21\" class=\"wp-image-3656\" style=\"width: 10px;\" src=\"http:\/\/kommentatorenblog.de\/wp-content\/uploads\/2020\/09\/shure-55sh-ii-e1601485394796.jpg\" alt=\"\" srcset=\"https:\/\/kommentatorenblog.de\/wp-content\/uploads\/2020\/09\/shure-55sh-ii-e1601485394796.jpg 415w, https:\/\/kommentatorenblog.de\/wp-content\/uploads\/2020\/09\/shure-55sh-ii-e1601485394796-142x300.jpg 142w\" sizes=\"auto, (max-width: 10px) 100vw, 10px\" \/>Benni Zander und Manuel Baum <\/p>\n\n\n\n<p>Moderation ARD (Stadion): Esther Sedlaczek; Experte: Bastian Schweinsteiger <\/p>\n\n\n\n<p>Moderation ARD (Studio): Alexander Bommes<\/p>\n\n\n\n<p>Magenta: Johannes B. Kerner; Experte: Michael Ballack <\/p>\n\n\n\n<p><span style=\"text-decoration: underline;\">ab 19.30 Uhr ARD\/Magenta<\/span><\/p>\n\n\n\n<p><em><strong>Argentinien \u2013 Mexiko (20.00 Uhr)<\/strong><\/em><\/p>\n\n\n\n<p>ARD: <img loading=\"lazy\" decoding=\"async\" width=\"10\" height=\"21\" class=\"wp-image-3656\" style=\"width: 10px;\" src=\"http:\/\/kommentatorenblog.de\/wp-content\/uploads\/2020\/09\/shure-55sh-ii-e1601485394796.jpg\" alt=\"\" srcset=\"https:\/\/kommentatorenblog.de\/wp-content\/uploads\/2020\/09\/shure-55sh-ii-e1601485394796.jpg 415w, https:\/\/kommentatorenblog.de\/wp-content\/uploads\/2020\/09\/shure-55sh-ii-e1601485394796-142x300.jpg 142w\" sizes=\"auto, (max-width: 10px) 100vw, 10px\" \/> Gerd Gottlob <\/p>\n\n\n\n<p>Magenta: <img loading=\"lazy\" decoding=\"async\" width=\"10\" height=\"21\" class=\"wp-image-3656\" style=\"width: 10px;\" src=\"http:\/\/kommentatorenblog.de\/wp-content\/uploads\/2020\/09\/shure-55sh-ii-e1601485394796.jpg\" alt=\"\" srcset=\"https:\/\/kommentatorenblog.de\/wp-content\/uploads\/2020\/09\/shure-55sh-ii-e1601485394796.jpg 415w, https:\/\/kommentatorenblog.de\/wp-content\/uploads\/2020\/09\/shure-55sh-ii-e1601485394796-142x300.jpg 142w\" sizes=\"auto, (max-width: 10px) 100vw, 10px\" \/> Christian Stra\u00dfburger <\/p>\n\n\n\n<p>Moderation ARD (Stadion): Esther Sedlaczek; Experte: Bastian Schweinsteiger <\/p>\n\n\n\n<p>Moderation ARD (Studio(: Jessy Wellmer; Experten: Almuth Schult, Thomas Hitzlsperger und Sami Khedira <\/p>\n\n\n\n<p>Moderation Magenta: Johannes B. Kerner; Experte: Michael Ballack<\/p>\n\n\n\n<hr class=\"wp-block-separator\"\/>\n\n\n\n<p><strong>Sonntag, 27. November 2022 ab 10.00 Uhr (Magenta) bzw. ab 10.15 Uhr (ZDF)<\/strong><\/p>\n\n\n\n<p><em><strong>Japan \u2013 Costa Rica (11.00 Uhr)<\/strong><\/em><\/p>\n\n\n\n<p>ZDF: <img loading=\"lazy\" decoding=\"async\" width=\"10\" height=\"21\" class=\"wp-image-3656\" style=\"width: 10px;\" src=\"http:\/\/kommentatorenblog.de\/wp-content\/uploads\/2020\/09\/shure-55sh-ii-e1601485394796.jpg\" alt=\"\" srcset=\"https:\/\/kommentatorenblog.de\/wp-content\/uploads\/2020\/09\/shure-55sh-ii-e1601485394796.jpg 415w, https:\/\/kommentatorenblog.de\/wp-content\/uploads\/2020\/09\/shure-55sh-ii-e1601485394796-142x300.jpg 142w\" sizes=\"auto, (max-width: 10px) 100vw, 10px\" \/> Claudia Neumann <\/p>\n\n\n\n<p>Magenta: <img loading=\"lazy\" decoding=\"async\" width=\"10\" height=\"21\" class=\"wp-image-3656\" style=\"width: 10px;\" src=\"http:\/\/kommentatorenblog.de\/wp-content\/uploads\/2020\/09\/shure-55sh-ii-e1601485394796.jpg\" alt=\"\" srcset=\"https:\/\/kommentatorenblog.de\/wp-content\/uploads\/2020\/09\/shure-55sh-ii-e1601485394796.jpg 415w, https:\/\/kommentatorenblog.de\/wp-content\/uploads\/2020\/09\/shure-55sh-ii-e1601485394796-142x300.jpg 142w\" sizes=\"auto, (max-width: 10px) 100vw, 10px\" \/> Markus H\u00f6hner <\/p>\n\n\n\n<p>Moderation ZDF: Katrin M\u00fcller-Hohenstein; Experte: Christoph Kramer <\/p>\n\n\n\n<p>Moderation Magenta: Sascha Bandermann; Experte: Fredi Bobic <\/p>\n\n\n\n<p><span style=\"text-decoration: underline;\">ab 13.00 Uhr ZDF\/Magenta<\/span><\/p>\n\n\n\n<p><strong><em>Belgien \u2013 Marokko (14.00 Uhr)<\/em><\/strong><\/p>\n\n\n\n<p>ZDF: <img loading=\"lazy\" decoding=\"async\" width=\"10\" height=\"21\" class=\"wp-image-3656\" style=\"width: 10px;\" src=\"http:\/\/kommentatorenblog.de\/wp-content\/uploads\/2020\/09\/shure-55sh-ii-e1601485394796.jpg\" alt=\"\" srcset=\"https:\/\/kommentatorenblog.de\/wp-content\/uploads\/2020\/09\/shure-55sh-ii-e1601485394796.jpg 415w, https:\/\/kommentatorenblog.de\/wp-content\/uploads\/2020\/09\/shure-55sh-ii-e1601485394796-142x300.jpg 142w\" sizes=\"auto, (max-width: 10px) 100vw, 10px\" \/> Martin Schneider; Experte: Hanno Balitsch <\/p>\n\n\n\n<p>Magenta: <img loading=\"lazy\" decoding=\"async\" width=\"10\" height=\"21\" class=\"wp-image-3656\" style=\"width: 10px;\" src=\"http:\/\/kommentatorenblog.de\/wp-content\/uploads\/2020\/09\/shure-55sh-ii-e1601485394796.jpg\" alt=\"\" srcset=\"https:\/\/kommentatorenblog.de\/wp-content\/uploads\/2020\/09\/shure-55sh-ii-e1601485394796.jpg 415w, https:\/\/kommentatorenblog.de\/wp-content\/uploads\/2020\/09\/shure-55sh-ii-e1601485394796-142x300.jpg 142w\" sizes=\"auto, (max-width: 10px) 100vw, 10px\" \/> Jonas Friedrich <\/p>\n\n\n\n<p>Moderation ZDF: Katrin M\u00fcller-Hohenstein; Experte: Christoph Kramer <\/p>\n\n\n\n<p>Moderation Magenta: Sascha Bandermann; Experte: Fredi Bobic <\/p>\n\n\n\n<p><span style=\"text-decoration: underline;\">ab 16.00 Uhr ZDF\/Magenta<\/span><\/p>\n\n\n\n<p><em><strong>Kroatien \u2013 Kanada (17.00 Uhr)<\/strong><\/em><\/p>\n\n\n\n<p>ZDF: <img loading=\"lazy\" decoding=\"async\" width=\"10\" height=\"21\" class=\"wp-image-3656\" style=\"width: 10px;\" src=\"http:\/\/kommentatorenblog.de\/wp-content\/uploads\/2020\/09\/shure-55sh-ii-e1601485394796.jpg\" alt=\"\" srcset=\"https:\/\/kommentatorenblog.de\/wp-content\/uploads\/2020\/09\/shure-55sh-ii-e1601485394796.jpg 415w, https:\/\/kommentatorenblog.de\/wp-content\/uploads\/2020\/09\/shure-55sh-ii-e1601485394796-142x300.jpg 142w\" sizes=\"auto, (max-width: 10px) 100vw, 10px\" \/> B\u00e9la R\u00e9thy <\/p>\n\n\n\n<p>Magenta: <img loading=\"lazy\" decoding=\"async\" width=\"10\" height=\"21\" class=\"wp-image-3656\" style=\"width: 10px;\" src=\"http:\/\/kommentatorenblog.de\/wp-content\/uploads\/2020\/09\/shure-55sh-ii-e1601485394796.jpg\" alt=\"\" srcset=\"https:\/\/kommentatorenblog.de\/wp-content\/uploads\/2020\/09\/shure-55sh-ii-e1601485394796.jpg 415w, https:\/\/kommentatorenblog.de\/wp-content\/uploads\/2020\/09\/shure-55sh-ii-e1601485394796-142x300.jpg 142w\" sizes=\"auto, (max-width: 10px) 100vw, 10px\" \/> Marco Hagemann <\/p>\n\n\n\n<p>Moderation ZDF: Katrin M\u00fcller-Hohenstein; Experte: Christoph Kramer <\/p>\n\n\n\n<p>Moderation Magenta: Johannes B. Kerner; Experten: Lars Stindl und Michael Ballack <\/p>\n\n\n\n<p><span style=\"text-decoration: underline;\">ab 19.10 Uhr ZDF\/Magenta <\/span><\/p>\n\n\n\n<p><strong><em>Spanien \u2013 Deutschland <\/em> (20.00 Uhr)<\/strong><\/p>\n\n\n\n<p>ZDF: <img loading=\"lazy\" decoding=\"async\" width=\"10\" height=\"21\" class=\"wp-image-3656\" style=\"width: 10px;\" src=\"http:\/\/kommentatorenblog.de\/wp-content\/uploads\/2020\/09\/shure-55sh-ii-e1601485394796.jpg\" alt=\"\" srcset=\"https:\/\/kommentatorenblog.de\/wp-content\/uploads\/2020\/09\/shure-55sh-ii-e1601485394796.jpg 415w, https:\/\/kommentatorenblog.de\/wp-content\/uploads\/2020\/09\/shure-55sh-ii-e1601485394796-142x300.jpg 142w\" sizes=\"auto, (max-width: 10px) 100vw, 10px\" \/> Oliver Schmidt, Experte Sandro Wagner<\/p>\n\n\n\n<p>Magenta: <img loading=\"lazy\" decoding=\"async\" width=\"10\" height=\"21\" class=\"wp-image-3656\" style=\"width: 10px;\" src=\"http:\/\/kommentatorenblog.de\/wp-content\/uploads\/2020\/09\/shure-55sh-ii-e1601485394796.jpg\" alt=\"\" srcset=\"https:\/\/kommentatorenblog.de\/wp-content\/uploads\/2020\/09\/shure-55sh-ii-e1601485394796.jpg 415w, https:\/\/kommentatorenblog.de\/wp-content\/uploads\/2020\/09\/shure-55sh-ii-e1601485394796-142x300.jpg 142w\" sizes=\"auto, (max-width: 10px) 100vw, 10px\" \/> Wolff Fuss <\/p>\n\n\n\n<p>+ Taktikfeed: <img loading=\"lazy\" decoding=\"async\" width=\"10\" height=\"21\" class=\"wp-image-3656\" style=\"width: 10px;\" src=\"http:\/\/kommentatorenblog.de\/wp-content\/uploads\/2020\/09\/shure-55sh-ii-e1601485394796.jpg\" alt=\"\" srcset=\"https:\/\/kommentatorenblog.de\/wp-content\/uploads\/2020\/09\/shure-55sh-ii-e1601485394796.jpg 415w, https:\/\/kommentatorenblog.de\/wp-content\/uploads\/2020\/09\/shure-55sh-ii-e1601485394796-142x300.jpg 142w\" sizes=\"auto, (max-width: 10px) 100vw, 10px\" \/> Jan Platte und Tobi Schweinsteiger <\/p>\n\n\n\n<p>Moderation ZDF: Jochen Breyer; Experten: Per Mertesacker und Christoph Kramer <\/p>\n\n\n\n<p>Moderation Magenta: Johannes B. Kerner; Experten: Lars Stindl und Michael Ballack <\/p>\n\n\n\n<hr class=\"wp-block-separator\"\/>\n\n\n\n<p><strong>Montag, 28. November 2022 ab 10.00 Uhr (Magenta)<\/strong><\/p>\n\n\n\n<p><em><strong>Kamerun \u2013 Serbien (11.00 Uhr)<\/strong><\/em><\/p>\n\n\n\n<p><img loading=\"lazy\" decoding=\"async\" width=\"10\" height=\"21\" class=\"wp-image-3656\" style=\"width: 10px;\" src=\"http:\/\/kommentatorenblog.de\/wp-content\/uploads\/2020\/09\/shure-55sh-ii-e1601485394796.jpg\" alt=\"\" srcset=\"https:\/\/kommentatorenblog.de\/wp-content\/uploads\/2020\/09\/shure-55sh-ii-e1601485394796.jpg 415w, https:\/\/kommentatorenblog.de\/wp-content\/uploads\/2020\/09\/shure-55sh-ii-e1601485394796-142x300.jpg 142w\" sizes=\"auto, (max-width: 10px) 100vw, 10px\" \/> Jan Platte <\/p>\n\n\n\n<p>Moderation: Anett Sattler; Expertin: Tabea Kemme <\/p>\n\n\n\n<p><span style=\"text-decoration: underline;\">ab 13.00 Uhr ARD\/Magenta <\/span><\/p>\n\n\n\n<p><em><strong>S\u00fcdkorea \u2013 Ghana (14.00 Uhr)<\/strong><\/em><\/p>\n\n\n\n<p>ARD: <img loading=\"lazy\" decoding=\"async\" width=\"10\" height=\"21\" class=\"wp-image-3656\" style=\"width: 10px;\" src=\"http:\/\/kommentatorenblog.de\/wp-content\/uploads\/2020\/09\/shure-55sh-ii-e1601485394796.jpg\" alt=\"\" srcset=\"https:\/\/kommentatorenblog.de\/wp-content\/uploads\/2020\/09\/shure-55sh-ii-e1601485394796.jpg 415w, https:\/\/kommentatorenblog.de\/wp-content\/uploads\/2020\/09\/shure-55sh-ii-e1601485394796-142x300.jpg 142w\" sizes=\"auto, (max-width: 10px) 100vw, 10px\" \/> Christina Graf; Experte: Thomas Broich <\/p>\n\n\n\n<p>Magenta: <img loading=\"lazy\" decoding=\"async\" width=\"10\" height=\"21\" class=\"wp-image-3656\" style=\"width: 10px;\" src=\"http:\/\/kommentatorenblog.de\/wp-content\/uploads\/2020\/09\/shure-55sh-ii-e1601485394796.jpg\" alt=\"\" srcset=\"https:\/\/kommentatorenblog.de\/wp-content\/uploads\/2020\/09\/shure-55sh-ii-e1601485394796.jpg 415w, https:\/\/kommentatorenblog.de\/wp-content\/uploads\/2020\/09\/shure-55sh-ii-e1601485394796-142x300.jpg 142w\" sizes=\"auto, (max-width: 10px) 100vw, 10px\" \/> Alex Klich <\/p>\n\n\n\n<p>Moderation ARD: Julia Scharf <\/p>\n\n\n\n<p>Moderation Magenta: Anett Sattler; ExpertInnen: Lars Stindl und Tabea Kemme <\/p>\n\n\n\n<p><span style=\"text-decoration: underline;\">ab 16.15 Uhr ARD\/Magenta <\/span><\/p>\n\n\n\n<p><em><strong>Brasilien \u2013 Schweiz (17.00 Uhr)<\/strong><\/em><\/p>\n\n\n\n<p>ARD: <img loading=\"lazy\" decoding=\"async\" width=\"10\" height=\"21\" class=\"wp-image-3656\" style=\"width: 10px;\" src=\"http:\/\/kommentatorenblog.de\/wp-content\/uploads\/2020\/09\/shure-55sh-ii-e1601485394796.jpg\" alt=\"\" srcset=\"https:\/\/kommentatorenblog.de\/wp-content\/uploads\/2020\/09\/shure-55sh-ii-e1601485394796.jpg 415w, https:\/\/kommentatorenblog.de\/wp-content\/uploads\/2020\/09\/shure-55sh-ii-e1601485394796-142x300.jpg 142w\" sizes=\"auto, (max-width: 10px) 100vw, 10px\" \/> Gerd Gottlob <\/p>\n\n\n\n<p>Magenta: <img loading=\"lazy\" decoding=\"async\" width=\"10\" height=\"21\" class=\"wp-image-3656\" style=\"width: 10px;\" src=\"http:\/\/kommentatorenblog.de\/wp-content\/uploads\/2020\/09\/shure-55sh-ii-e1601485394796.jpg\" alt=\"\" srcset=\"https:\/\/kommentatorenblog.de\/wp-content\/uploads\/2020\/09\/shure-55sh-ii-e1601485394796.jpg 415w, https:\/\/kommentatorenblog.de\/wp-content\/uploads\/2020\/09\/shure-55sh-ii-e1601485394796-142x300.jpg 142w\" sizes=\"auto, (max-width: 10px) 100vw, 10px\" \/> Christian Stra\u00dfburger<\/p>\n\n\n\n<p>+ Taktikfeed: <img loading=\"lazy\" decoding=\"async\" width=\"10\" height=\"21\" class=\"wp-image-3656\" style=\"width: 10px;\" src=\"http:\/\/kommentatorenblog.de\/wp-content\/uploads\/2020\/09\/shure-55sh-ii-e1601485394796.jpg\" alt=\"\" srcset=\"https:\/\/kommentatorenblog.de\/wp-content\/uploads\/2020\/09\/shure-55sh-ii-e1601485394796.jpg 415w, https:\/\/kommentatorenblog.de\/wp-content\/uploads\/2020\/09\/shure-55sh-ii-e1601485394796-142x300.jpg 142w\" sizes=\"auto, (max-width: 10px) 100vw, 10px\" \/> Benni Zander und Manuel Baum <\/p>\n\n\n\n<p>Moderation ARD (Stadion): Esther Sedlaczek und Bastian Schweinsteiger <\/p>\n\n\n\n<p>Moderation ARD (Studio): Jessy Wellmer; ExpertInnen: Almuth Schult, Thomas Hitzlsperger und Sami Khedira <\/p>\n\n\n\n<p>Moderation Magenta: Johannes B. Kerner; Experten: Michael Ballack und Lars Stindl <\/p>\n\n\n\n<p><span style=\"text-decoration: underline;\">ab 19.30 Uhr ARD\/Magenta <\/span><\/p>\n\n\n\n<p><em><strong>Portugal \u2013 Uruguay (20.00 Uhr)<\/strong><\/em><\/p>\n\n\n\n<p>ARD: <img loading=\"lazy\" decoding=\"async\" width=\"10\" height=\"21\" class=\"wp-image-3656\" style=\"width: 10px;\" src=\"http:\/\/kommentatorenblog.de\/wp-content\/uploads\/2020\/09\/shure-55sh-ii-e1601485394796.jpg\" alt=\"\" srcset=\"https:\/\/kommentatorenblog.de\/wp-content\/uploads\/2020\/09\/shure-55sh-ii-e1601485394796.jpg 415w, https:\/\/kommentatorenblog.de\/wp-content\/uploads\/2020\/09\/shure-55sh-ii-e1601485394796-142x300.jpg 142w\" sizes=\"auto, (max-width: 10px) 100vw, 10px\" \/> Tom Bartels <\/p>\n\n\n\n<p>Magenta: <img loading=\"lazy\" decoding=\"async\" width=\"10\" height=\"21\" class=\"wp-image-3656\" style=\"width: 10px;\" src=\"http:\/\/kommentatorenblog.de\/wp-content\/uploads\/2020\/09\/shure-55sh-ii-e1601485394796.jpg\" alt=\"\" srcset=\"https:\/\/kommentatorenblog.de\/wp-content\/uploads\/2020\/09\/shure-55sh-ii-e1601485394796.jpg 415w, https:\/\/kommentatorenblog.de\/wp-content\/uploads\/2020\/09\/shure-55sh-ii-e1601485394796-142x300.jpg 142w\" sizes=\"auto, (max-width: 10px) 100vw, 10px\" \/> Marco Hagemann <\/p>\n\n\n\n<p>Moderation ARD: Jessy Wellmer; Experten: Thomas Hitzlsperger und Sami Khedira <\/p>\n\n\n\n<p>Moderation Magenta: Johannes B. Kerner; Experte: Michael Ballack <\/p>\n\n\n\n<hr class=\"wp-block-separator\"\/>\n\n\n\n<p><strong>Bundesliga Frauen, 8. Spieltag <\/strong><\/p>\n\n\n\n<p><span style=\"text-decoration: underline;\">Freitag, 25. November 2022 ab 19.00 Uhr (Magenta\/Eurosport)<\/span><\/p>\n\n\n\n<p><em><strong>1. FFC Turbine Potsdam \u2013 TSG Hoffenheim (19.15 Uhr)<\/strong><\/em><\/p>\n\n\n\n<p>Magenta: <img loading=\"lazy\" decoding=\"async\" width=\"10\" height=\"21\" class=\"wp-image-3656\" style=\"width: 10px;\" src=\"http:\/\/kommentatorenblog.de\/wp-content\/uploads\/2020\/09\/shure-55sh-ii-e1601485394796.jpg\" alt=\"\" srcset=\"https:\/\/kommentatorenblog.de\/wp-content\/uploads\/2020\/09\/shure-55sh-ii-e1601485394796.jpg 415w, https:\/\/kommentatorenblog.de\/wp-content\/uploads\/2020\/09\/shure-55sh-ii-e1601485394796-142x300.jpg 142w\" sizes=\"auto, (max-width: 10px) 100vw, 10px\" \/> Michael Seyberth <\/p>\n\n\n\n<p>Eurosport: <img loading=\"lazy\" decoding=\"async\" width=\"10\" height=\"21\" class=\"wp-image-3656\" style=\"width: 10px;\" src=\"http:\/\/kommentatorenblog.de\/wp-content\/uploads\/2020\/09\/shure-55sh-ii-e1601485394796.jpg\" alt=\"\" srcset=\"https:\/\/kommentatorenblog.de\/wp-content\/uploads\/2020\/09\/shure-55sh-ii-e1601485394796.jpg 415w, https:\/\/kommentatorenblog.de\/wp-content\/uploads\/2020\/09\/shure-55sh-ii-e1601485394796-142x300.jpg 142w\" sizes=\"auto, (max-width: 10px) 100vw, 10px\" \/> Markus Theil <\/p>\n\n\n\n<hr class=\"wp-block-separator\"\/>\n\n\n\n<p><span style=\"text-decoration: underline;\">Samstag, 26. November 2022 ab 13.45 Uhr (Magenta)<\/span><\/p>\n\n\n\n<p><em><strong>Eintracht Frankfurt \u2013 Bayer 04 Leverkusen (14.00 Uhr)<\/strong><\/em><\/p>\n\n\n\n<p><img loading=\"lazy\" decoding=\"async\" width=\"10\" height=\"21\" class=\"wp-image-3656\" style=\"width: 10px;\" src=\"http:\/\/kommentatorenblog.de\/wp-content\/uploads\/2020\/09\/shure-55sh-ii-e1601485394796.jpg\" alt=\"\" srcset=\"https:\/\/kommentatorenblog.de\/wp-content\/uploads\/2020\/09\/shure-55sh-ii-e1601485394796.jpg 415w, https:\/\/kommentatorenblog.de\/wp-content\/uploads\/2020\/09\/shure-55sh-ii-e1601485394796-142x300.jpg 142w\" sizes=\"auto, (max-width: 10px) 100vw, 10px\" \/> Magenta Sport: Martin Piller <\/p>\n\n\n\n<p><img loading=\"lazy\" decoding=\"async\" width=\"10\" height=\"21\" class=\"wp-image-3656\" style=\"width: 10px;\" src=\"http:\/\/kommentatorenblog.de\/wp-content\/uploads\/2020\/09\/shure-55sh-ii-e1601485394796.jpg\" alt=\"\" srcset=\"https:\/\/kommentatorenblog.de\/wp-content\/uploads\/2020\/09\/shure-55sh-ii-e1601485394796.jpg 415w, https:\/\/kommentatorenblog.de\/wp-content\/uploads\/2020\/09\/shure-55sh-ii-e1601485394796-142x300.jpg 142w\" sizes=\"auto, (max-width: 10px) 100vw, 10px\" \/> HR-Livestream: Daniel H\u00f6hr<\/p>\n\n\n\n<p><span style=\"text-decoration: underline;\">ab 15.45 Uhr<\/span><\/p>\n\n\n\n<p><em><strong>SV Werder Bremen \u2013 SC Freiburg (16.00 Uhr)<\/strong><\/em><\/p>\n\n\n\n<p><img loading=\"lazy\" decoding=\"async\" width=\"10\" height=\"21\" class=\"wp-image-3656\" style=\"width: 10px;\" src=\"http:\/\/kommentatorenblog.de\/wp-content\/uploads\/2020\/09\/shure-55sh-ii-e1601485394796.jpg\" alt=\"\" srcset=\"https:\/\/kommentatorenblog.de\/wp-content\/uploads\/2020\/09\/shure-55sh-ii-e1601485394796.jpg 415w, https:\/\/kommentatorenblog.de\/wp-content\/uploads\/2020\/09\/shure-55sh-ii-e1601485394796-142x300.jpg 142w\" sizes=\"auto, (max-width: 10px) 100vw, 10px\" \/> Oskar Heirler<\/p>\n\n\n\n<hr class=\"wp-block-separator\"\/>\n\n\n\n<p><strong>Sonntag, 27. November 2022 ab 12.45 Uhr (Magenta)<\/strong><\/p>\n\n\n\n<p><em><strong>1. FC K\u00f6ln \u2013 VfL Wolfsburg<\/strong><\/em> (13.00 Uhr)<\/p>\n\n\n\n<p><img loading=\"lazy\" decoding=\"async\" width=\"10\" height=\"21\" class=\"wp-image-3656\" style=\"width: 10px;\" src=\"http:\/\/kommentatorenblog.de\/wp-content\/uploads\/2020\/09\/shure-55sh-ii-e1601485394796.jpg\" alt=\"\" srcset=\"https:\/\/kommentatorenblog.de\/wp-content\/uploads\/2020\/09\/shure-55sh-ii-e1601485394796.jpg 415w, https:\/\/kommentatorenblog.de\/wp-content\/uploads\/2020\/09\/shure-55sh-ii-e1601485394796-142x300.jpg 142w\" sizes=\"auto, (max-width: 10px) 100vw, 10px\" \/> Martin Piller<\/p>\n\n\n\n<p>Moderation: Stefan Fuckert <\/p>\n\n\n\n<p><strong><em>MSV Duisburg \u2013 SV Meppen (13.00 Uhr)<\/em><\/strong><\/p>\n\n\n\n<p><img loading=\"lazy\" decoding=\"async\" width=\"10\" height=\"21\" class=\"wp-image-3656\" style=\"width: 10px;\" src=\"http:\/\/kommentatorenblog.de\/wp-content\/uploads\/2020\/09\/shure-55sh-ii-e1601485394796.jpg\" alt=\"\" srcset=\"https:\/\/kommentatorenblog.de\/wp-content\/uploads\/2020\/09\/shure-55sh-ii-e1601485394796.jpg 415w, https:\/\/kommentatorenblog.de\/wp-content\/uploads\/2020\/09\/shure-55sh-ii-e1601485394796-142x300.jpg 142w\" sizes=\"auto, (max-width: 10px) 100vw, 10px\" \/> Oskar Heirler <\/p>\n\n\n\n<p><span style=\"text-decoration: underline;\">ab 15.45 Uhr<\/span><\/p>\n\n\n\n<p><em><strong>FC Bayern M\u00fcnchen \u2013 SGS Essen (16.00 Uhr)<\/strong><\/em><\/p>\n\n\n\n<p><img loading=\"lazy\" decoding=\"async\" width=\"10\" height=\"21\" class=\"wp-image-3656\" style=\"width: 10px;\" src=\"http:\/\/kommentatorenblog.de\/wp-content\/uploads\/2020\/09\/shure-55sh-ii-e1601485394796.jpg\" alt=\"\" srcset=\"https:\/\/kommentatorenblog.de\/wp-content\/uploads\/2020\/09\/shure-55sh-ii-e1601485394796.jpg 415w, https:\/\/kommentatorenblog.de\/wp-content\/uploads\/2020\/09\/shure-55sh-ii-e1601485394796-142x300.jpg 142w\" sizes=\"auto, (max-width: 10px) 100vw, 10px\" \/> Michael Seyberth <\/p>\n\n\n\n<hr class=\"wp-block-separator\"\/>\n\n\n\n<p><em><strong>Die Analyse<\/strong><\/em><strong><em>:<\/em><\/strong><\/p>\n\n\n\n<p><\/p>\n\n\n\n<p>Wir starten mit Wales gegen den Iran, die sich erstmal von der deutlichen Niederlage gegen England erholen m\u00fcssen, in den 2. Spieltag. Die ARD ist mit an Bort, ebenso wie nat\u00fcrlich Magenta. Florian Na\u00df oder Jonas Friedrich sorgen f\u00fcr die Einordnung. <\/p>\n\n\n\n<p>Das zweite Spiel des Gastgebers verfolgen in M\u00fcnchen Markus H\u00f6hner und vor Ort Gerd Gottlob, Tabea Kemme bleibt an Anett Sattlers Seite im Studio, auch die ARD wechselt nicht. <\/p>\n\n\n\n<p>Magenta wechselt dann zum Spiel Niederlande gegen Ecuador den Experten und Moderator, JBK und Ballack sind am Mikro. Bei der ARD \u00fcbernehmen Wellmer, Schult, Hitzlsperger und Khedira, Christina Graf bzw. Benni Zander kommentieren und Jan Platte ist im Taktikfeed zu h\u00f6ren. <\/p>\n\n\n\n<p>Am Abend melden sich dann sowohl die ARD als auch Magenta live aus dem Stadion. Wolf Fuss sieht England vs. USA, f\u00fcr die ARD ist WM-Dauerbrenner Tom Bartels am Mikro. Esther Sedlaczek und Basti Schweinsteiger melden sich aus dem Stadion. <\/p>\n\n\n\n<p>Der Samstag startet dann mit einem Exklusivspiel bei Magenta TV. Tunesien gegen Australien seht ihr dann aus M\u00fcnchen mit Kommentator Alex Klich, Sascha Bandermann moderiert und Fredi Bobic gibt die Einsch\u00e4tzungen.<\/p>\n\n\n\n<p>Ab 13.00 Uhr steigt dann auch die ARD mit den restlichen 3 Partien ins Spielgeschehen ein. Namentlich Florian Na\u00df, Tom Bartels und Gerd Gottlob. Au\u00dferdem kehrt der erkrankte Alex Bommes zur\u00fcck auf den Moderatorenplatz, falls die Info der ARD nicht falsch ist. <\/p>\n\n\n\n<p>Am Sonntag senden dann Magenta und das ZDF parallel, ihr habt die Wahl zwischen Claudia Neumann oder Markus H\u00f6hner, Martin Schneider oder Jonas Friedrich, B\u00e9la R\u00e9thy oder Marco Hagemann und Oliver Schmidt oder Wolff Fuss.<\/p>\n\n\n\n<p>Jan Platte ist beim Deutschlandspiel im Taktikfeed zu h\u00f6ren und dann gleich wieder am Montag exklusiv beim Spiel zwischen Kamerun und Serbien. Den Rest vom 2. Spieltag \u00fcbernimmt dann im FreeTV auch die ARD. <\/p>\n\n\n\n<p>Dann haben wir auch noch die Frauen im Programm. Am Sonntag gibt es eine Livemoderation aus K\u00f6ln, Stefan Fuckert ist f\u00fcr Magenta Sport im Einsatz. Ansonsten die \u00fcblichen Verd\u00e4chtigen am Mikro (Martin Piller und Michi Seyberth gleich zwei mal). Frei empfangbar zu sehen ist, wie gewohnt, die Freitagabend- Partie bei Eurosport und zudem am Samstag das Heimspiel der Eintracht im Livestream beim HR und auf sportschau.de.<\/p>\n\n\n\n<p>Habt ein sch\u00f6nes Wochenende, mit oder ohne WM!  <\/p>\n\n\n\n<p> <\/p>\n\n\n\n<p><img loading=\"lazy\" decoding=\"async\" width=\"10\" height=\"21\" class=\"wp-image-3656\" style=\"width: 10px;\" src=\"http:\/\/kommentatorenblog.de\/wp-content\/uploads\/2020\/09\/shure-55sh-ii-e1601485394796.jpg\" alt=\"\" srcset=\"https:\/\/kommentatorenblog.de\/wp-content\/uploads\/2020\/09\/shure-55sh-ii-e1601485394796.jpg 415w, https:\/\/kommentatorenblog.de\/wp-content\/uploads\/2020\/09\/shure-55sh-ii-e1601485394796-142x300.jpg 142w\" sizes=\"auto, (max-width: 10px) 100vw, 10px\" \/><\/p>\n\n\n\n<p>   <\/p>\n","protected":false},"excerpt":{"rendered":"<p>N&#8217;Abend allerseits! Die WM ist mittlerweile richtig angelaufen und ich wei\u00df nicht, wie es euch geht, aber die letzten Tage haben nicht unbedingt dazu beigetragen, mein WM-Fieber ausbrechen zu lassen. Da w\u00e4re zun\u00e4chst die Diskussion um die &#8222;One-Love&#8220;-Binde der 7 europ\u00e4ischen Verb\u00e4nde, die kurzfristig von der FIFA untersagt wurde. Dazu das Trikot der belgischen Nationalmannschaft, [&hellip;]<\/p>\n","protected":false},"author":13,"featured_media":0,"comment_status":"open","ping_status":"open","sticky":false,"template":"","format":"standard","meta":{"footnotes":""},"categories":[879],"tags":[19,355,47,21,35,615,657,36,97,99,187,272,48,274,39,520,69,248,50,9,488,43,67,239,38,500,634,109,293,12,639,882,273,107,37],"class_list":["post-14244","post","type-post","status-publish","format-standard","hentry","category-wm-2022","tag-ard","tag-bastian-schweinsteiger","tag-bela-rethy","tag-benni-zander","tag-christian-strassburger","tag-christina-graf","tag-christina-rann","tag-claudia-neumann","tag-esther-sedlaczek","tag-florian-nass","tag-fredi-bobic","tag-gerd-gottlob","tag-jan-platte","tag-jessy-wellmer","tag-jochen-breyer","tag-johannes-b-kerner","tag-jonas-friedrich","tag-julia-scharf","tag-katrin-mueller-hohenstein","tag-magenta-sport","tag-manuel-baum","tag-marco-hagemann","tag-markus-hoehner","tag-markus-theil","tag-martin-schneider","tag-michael-ballack","tag-michael-seyberth","tag-oliver-schmidt","tag-oskar-heirler","tag-sascha-bandermann","tag-tabea-kemme","tag-tobias-schweinsteiger","tag-tom-bartels","tag-wolff-fuss","tag-zdf"],"_links":{"self":[{"href":"https:\/\/kommentatorenblog.de\/index.php?rest_route=\/wp\/v2\/posts\/14244","targetHints":{"allow":["GET"]}}],"collection":[{"href":"https:\/\/kommentatorenblog.de\/index.php?rest_route=\/wp\/v2\/posts"}],"about":[{"href":"https:\/\/kommentatorenblog.de\/index.php?rest_route=\/wp\/v2\/types\/post"}],"author":[{"embeddable":true,"href":"https:\/\/kommentatorenblog.de\/index.php?rest_route=\/wp\/v2\/users\/13"}],"replies":[{"embeddable":true,"href":"https:\/\/kommentatorenblog.de\/index.php?rest_route=%2Fwp%2Fv2%2Fcomments&post=14244"}],"version-history":[{"count":8,"href":"https:\/\/kommentatorenblog.de\/index.php?rest_route=\/wp\/v2\/posts\/14244\/revisions"}],"predecessor-version":[{"id":14260,"href":"https:\/\/kommentatorenblog.de\/index.php?rest_route=\/wp\/v2\/posts\/14244\/revisions\/14260"}],"wp:attachment":[{"href":"https:\/\/kommentatorenblog.de\/index.php?rest_route=%2Fwp%2Fv2%2Fmedia&parent=14244"}],"wp:term":[{"taxonomy":"category","embeddable":true,"href":"https:\/\/kommentatorenblog.de\/index.php?rest_route=%2Fwp%2Fv2%2Fcategories&post=14244"},{"taxonomy":"post_tag","embeddable":true,"href":"https:\/\/kommentatorenblog.de\/index.php?rest_route=%2Fwp%2Fv2%2Ftags&post=14244"}],"curies":[{"name":"wp","href":"https:\/\/api.w.org\/{rel}","templated":true}]}}