{"id":14283,"date":"2022-12-02T20:21:25","date_gmt":"2022-12-02T18:21:25","guid":{"rendered":"http:\/\/kommentatorenblog.de\/?p=14283"},"modified":"2022-12-07T21:17:59","modified_gmt":"2022-12-07T19:17:59","slug":"1302-start-der-ko-phase","status":"publish","type":"post","link":"https:\/\/kommentatorenblog.de\/?p=14283","title":{"rendered":"1302 &#8211; Start der KO- Phase"},"content":{"rendered":"\n<p>Hallo zusammen, <\/p>\n\n\n\n<p>der Titel sagt es bereits, die WM biegt in die entscheidende Phase ein, die Achtelfinals beginnen, leider liegen uns aktuell noch nicht alle Informationen vor, wir werden diese aber nachreichen.<\/p>\n\n\n\n<p>Da das Vorwort am Mittwochnachmittag geschrieben wurde, kann und werde ich nicht auf die Partien im Achtelfinale eingehen, die Ansetzungen findet ihr, soweit vorhanden, aber nat\u00fcrlich trotzdem unten samt Analyse.<\/p>\n\n\n\n<p>Neben der Fu\u00dfball- Weltmeisterschaft der M\u00e4nner finden aktuell nat\u00fcrlich auch weitere Sportevents statt, die in der medialen Berichterstattung jedoch teilweise etwas untergehen.<\/p>\n\n\n\n<p>Aus der Sicht anderer Sportarten ist eine WM im Winter also erstmal zus\u00e4tzliche Konkurrenz und dadurch eher Fluch. Dadurch, dass einige Fans jedoch die WM boykottieren, wird es f\u00fcr den ein oder anderen Verein vielleicht auch ein bisschen Segen sein (wenn auch mit traurigem Hintergrund). Denn viele Fansszenen haben f\u00fcr den Zeitraum der Weltmeisterschaft ein Alternativ- Programm erstellt, so auch beispielsweise die Fans des HSVs, die unter anderem dazu aufriefen, sich Spiele der Futsal- Abteilung des HSV bzw. der zweiten Mannschaft anzuschauen und dadurch gleich Zuschauerrekorde erzielten (<a href=\"https:\/\/www.tagesschau.de\/sport\/sportschau\/sportschau-story-63561.html\">Frauen-Bundesliga, Regionalliga und Futsal: Fu\u00dfball-Fans entdecken Alternativen zur WM | tagesschau.de<\/a>).<\/p>\n\n\n\n<p>Ob die Frauen- Bundesliga, die am Wochenende in ihren neunten und damit vorletzten Spieltag des Jahres von der WM profitiert oder ihr trotz, l\u00e4sst sich nat\u00fcrlich nicht genau sagen. Festhalten l\u00e4sst sich aber, dass einige Vereine, mit M\u00e4nner- Teams, die Gelegenheit nutzen, in die gro\u00dfen Stadien gehen und auch zu speziellen Weihnachtsspielen aufrufen.<\/p>\n\n\n\n<p>Bei den Fans scheinen diese Aufrufe Erfolg zu haben, so konnte man letzte Woche im Bremer Weserstadion vor gut 20.000 Zuschauerinnen und Zuschauern spielen, auch in K\u00f6ln kamen mit gut 5000 Zuschauenden so viele wie bisher noch nicht. Besonders Vereine ohne (gro\u00dfes) M\u00e4nnerteam, wie Potsdam, Essen oder Duisburg taten sich dagegen etwas schwerer. <\/p>\n\n\n\n<p>Nichtsdestotrotz w\u00fcrde ich behaupten, dass man es bis jetzt geschafft hat, die EM- Euphorie gut in die Stadien zu transportieren (auch im DFB- Pokal konnten einige Vereine neue Rekorde erzielen [z.B. N\u00fcrnberg oder Ingolstadt]). Sicher, im Vergleich zu der M\u00e4nner- Bundesliga und auch der ein oder anderen Sportart hinkt man noch zur\u00fcck, trotzdem kann sich der Zuschauerschnitt nach 8. Spieltagen (3130) sehen lassen, insbesondere im Vergleich zu dem der vergangenen Saison (804 nach 22. Spieltagen). Zumal am Wochenende in Wolfsburg bei der Partie gegen die Eintracht erneut mehr als 15.000 Besucherinnen und Besucher erwartet werden. <\/p>\n\n\n\n<p>Jetzt aber der Blick auf die aktuellen Partien, u.a. mit der Partie Wolfsburg- Frankfurt.<\/p>\n\n\n\n<p><strong>Die Ansetzungen vom 03. Dezember 2022 bis zum 07. Dezember 2022:<\/strong><\/p>\n\n\n\n<hr class=\"wp-block-separator is-style-default\"\/>\n\n\n\n<p><strong>Weltmeisterschaft 2022, Achtelfinale (ARD\/ZDF\/Magenta TV)<\/strong><\/p>\n\n\n\n<p><u>Samstag, 03. Dezember ab 15.00 Uhr (Magenta TV)<\/u><\/p>\n\n\n\n<p><strong style=\"font-style: italic;\">Niederlande <strong><em><span><b style=\"font-style: italic;\">\u2013<\/b><\/span><\/em><\/strong><\/strong> <em><strong>USA (16.00 Uhr)<\/strong><\/em> <\/p>\n\n\n\n<p><img loading=\"lazy\" decoding=\"async\" width=\"10\" height=\"21\" class=\"wp-image-3656\" style=\"width: 10px;\" src=\"http:\/\/kommentatorenblog.de\/wp-content\/uploads\/2020\/09\/shure-55sh-ii-e1601485394796.jpg\" alt=\"\" srcset=\"https:\/\/kommentatorenblog.de\/wp-content\/uploads\/2020\/09\/shure-55sh-ii-e1601485394796.jpg 415w, https:\/\/kommentatorenblog.de\/wp-content\/uploads\/2020\/09\/shure-55sh-ii-e1601485394796-142x300.jpg 142w\" sizes=\"auto, (max-width: 10px) 100vw, 10px\" \/> Magenta: Christian Stra\u00dfburger<\/p>\n\n\n\n<p><u>ab 19.00 Uhr (Magenta TV, ab 18.40 Uhr (ARD)<\/u><\/p>\n\n\n\n<p><strong style=\"font-style: italic;\">Argentinien <strong><em><span><b style=\"font-style: italic;\">\u2013<\/b><\/span><\/em><\/strong><\/strong> <em><strong>Australien (20.00 Uhr)<\/strong><\/em> <\/p>\n\n\n\n<p><img loading=\"lazy\" decoding=\"async\" width=\"10\" height=\"21\" class=\"wp-image-3656\" style=\"width: 10px;\" src=\"http:\/\/kommentatorenblog.de\/wp-content\/uploads\/2020\/09\/shure-55sh-ii-e1601485394796.jpg\" alt=\"\" srcset=\"https:\/\/kommentatorenblog.de\/wp-content\/uploads\/2020\/09\/shure-55sh-ii-e1601485394796.jpg 415w, https:\/\/kommentatorenblog.de\/wp-content\/uploads\/2020\/09\/shure-55sh-ii-e1601485394796-142x300.jpg 142w\" sizes=\"auto, (max-width: 10px) 100vw, 10px\" \/> ARD: Tom Bartels<br><img loading=\"lazy\" decoding=\"async\" width=\"10\" height=\"21\" class=\"wp-image-3656\" style=\"width: 10px;\" src=\"http:\/\/kommentatorenblog.de\/wp-content\/uploads\/2020\/09\/shure-55sh-ii-e1601485394796.jpg\" alt=\"\" srcset=\"https:\/\/kommentatorenblog.de\/wp-content\/uploads\/2020\/09\/shure-55sh-ii-e1601485394796.jpg 415w, https:\/\/kommentatorenblog.de\/wp-content\/uploads\/2020\/09\/shure-55sh-ii-e1601485394796-142x300.jpg 142w\" sizes=\"auto, (max-width: 10px) 100vw, 10px\" \/> Magenta:  Wolff Fuss<\/p>\n\n\n\n<p>Moderation (ARD): Esther Sedlaczek, Experte: Bastian Schweinsteiger<\/p>\n\n\n\n<p>Moderation (Magenta TV): Anett Sattler, Expert:innen: Tabea Kemme und Lars Stindl<\/p>\n\n\n\n<p><u>Sonntag, 04. Dezember 2022, ab 15.00 Uhr (Magenta TV\/ ZDF)<\/u><\/p>\n\n\n\n<p><strong style=\"font-style: italic;\">Frankreich <strong><em><span><b style=\"font-style: italic;\">\u2013<\/b><\/span><\/em><\/strong><\/strong> <em><strong>Polen (16.00 Uhr)<\/strong><\/em> <\/p>\n\n\n\n<p><img loading=\"lazy\" decoding=\"async\" width=\"10\" height=\"21\" class=\"wp-image-3656\" style=\"width: 10px;\" src=\"http:\/\/kommentatorenblog.de\/wp-content\/uploads\/2020\/09\/shure-55sh-ii-e1601485394796.jpg\" alt=\"\" srcset=\"https:\/\/kommentatorenblog.de\/wp-content\/uploads\/2020\/09\/shure-55sh-ii-e1601485394796.jpg 415w, https:\/\/kommentatorenblog.de\/wp-content\/uploads\/2020\/09\/shure-55sh-ii-e1601485394796-142x300.jpg 142w\" sizes=\"auto, (max-width: 10px) 100vw, 10px\" \/> ZDF: Oliver Schmidt, Experte: Sandro Wagner<\/p>\n\n\n\n<p><img loading=\"lazy\" decoding=\"async\" width=\"10\" height=\"21\" class=\"wp-image-3656\" style=\"width: 10px;\" src=\"http:\/\/kommentatorenblog.de\/wp-content\/uploads\/2020\/09\/shure-55sh-ii-e1601485394796.jpg\" alt=\"\" srcset=\"https:\/\/kommentatorenblog.de\/wp-content\/uploads\/2020\/09\/shure-55sh-ii-e1601485394796.jpg 415w, https:\/\/kommentatorenblog.de\/wp-content\/uploads\/2020\/09\/shure-55sh-ii-e1601485394796-142x300.jpg 142w\" sizes=\"auto, (max-width: 10px) 100vw, 10px\" \/> Magenta: Christian Stra\u00dfburger<br>Moderation (ZDF): Jochen Breyer Experten: Christoph Kramer, Per Mertesacker und Rafa Gikiewicz<\/p>\n\n\n\n<p><u>ab 19.00 Uhr (Magenta TV)<\/u><\/p>\n\n\n\n<p><strong style=\"font-style: italic;\">England <strong><em><span><b style=\"font-style: italic;\">\u2013<\/b><\/span><\/em><\/strong><\/strong> <em><strong>Senegal (20.00 Uhr)<\/strong><\/em> <br><img loading=\"lazy\" decoding=\"async\" width=\"10\" height=\"21\" class=\"wp-image-3656\" style=\"width: 10px;\" src=\"http:\/\/kommentatorenblog.de\/wp-content\/uploads\/2020\/09\/shure-55sh-ii-e1601485394796.jpg\" alt=\"\" srcset=\"https:\/\/kommentatorenblog.de\/wp-content\/uploads\/2020\/09\/shure-55sh-ii-e1601485394796.jpg 415w, https:\/\/kommentatorenblog.de\/wp-content\/uploads\/2020\/09\/shure-55sh-ii-e1601485394796-142x300.jpg 142w\" sizes=\"auto, (max-width: 10px) 100vw, 10px\" \/> Magenta: Marco Hagemann<\/p>\n\n\n\n<p>Moderation (Magenta TV): ???<\/p>\n\n\n\n<p><u>Montag, 05. Dezember 2022, ab 15.00 Uhr (Magenta TV) bzw. ab 15.05 Uhr (ZDF)<\/u><\/p>\n\n\n\n<p><strong style=\"font-style: italic;\">Japan <strong><em><span><b style=\"font-style: italic;\">\u2013<\/b><\/span><\/em><\/strong><\/strong> <strong><em> Kroatien<\/em><\/strong><em><strong> (16.00 Uhr)<\/strong><\/em> <\/p>\n\n\n\n<p><img loading=\"lazy\" decoding=\"async\" width=\"10\" height=\"21\" class=\"wp-image-3656\" style=\"width: 10px;\" src=\"http:\/\/kommentatorenblog.de\/wp-content\/uploads\/2020\/09\/shure-55sh-ii-e1601485394796.jpg\" alt=\"\" srcset=\"https:\/\/kommentatorenblog.de\/wp-content\/uploads\/2020\/09\/shure-55sh-ii-e1601485394796.jpg 415w, https:\/\/kommentatorenblog.de\/wp-content\/uploads\/2020\/09\/shure-55sh-ii-e1601485394796-142x300.jpg 142w\" sizes=\"auto, (max-width: 10px) 100vw, 10px\" \/> ZDF: Claudia Neumann, Experte: Hanno Balitsch<\/p>\n\n\n\n<p><img loading=\"lazy\" decoding=\"async\" width=\"10\" height=\"21\" class=\"wp-image-3656\" style=\"width: 10px;\" src=\"http:\/\/kommentatorenblog.de\/wp-content\/uploads\/2020\/09\/shure-55sh-ii-e1601485394796.jpg\" alt=\"\" srcset=\"https:\/\/kommentatorenblog.de\/wp-content\/uploads\/2020\/09\/shure-55sh-ii-e1601485394796.jpg 415w, https:\/\/kommentatorenblog.de\/wp-content\/uploads\/2020\/09\/shure-55sh-ii-e1601485394796-142x300.jpg 142w\" sizes=\"auto, (max-width: 10px) 100vw, 10px\" \/> Magenta : Christina Rann<\/p>\n\n\n\n<p>Moderation (ZDF): Jochen Breyer, Experte: Christoph Kramer, Per Mertesacker<\/p>\n\n\n\n<p><u>ab 19.00 Uhr (Magenta TV)<\/u><\/p>\n\n\n\n<p><strong><em>Brasilien <span><b style=\"font-style: italic;\">\u2013<\/b><\/span> S\u00fcdkorea <\/em><\/strong><em><strong>(20.00 Uhr)<\/strong><\/em> <\/p>\n\n\n\n<p><img loading=\"lazy\" decoding=\"async\" width=\"10\" height=\"21\" class=\"wp-image-3656\" style=\"width: 10px;\" src=\"http:\/\/kommentatorenblog.de\/wp-content\/uploads\/2020\/09\/shure-55sh-ii-e1601485394796.jpg\" alt=\"\" srcset=\"https:\/\/kommentatorenblog.de\/wp-content\/uploads\/2020\/09\/shure-55sh-ii-e1601485394796.jpg 415w, https:\/\/kommentatorenblog.de\/wp-content\/uploads\/2020\/09\/shure-55sh-ii-e1601485394796-142x300.jpg 142w\" sizes=\"auto, (max-width: 10px) 100vw, 10px\" \/> ZDF: Bela Rehty<br><img loading=\"lazy\" decoding=\"async\" width=\"10\" height=\"21\" class=\"wp-image-3656\" style=\"width: 10px;\" src=\"http:\/\/kommentatorenblog.de\/wp-content\/uploads\/2020\/09\/shure-55sh-ii-e1601485394796.jpg\" alt=\"\" srcset=\"https:\/\/kommentatorenblog.de\/wp-content\/uploads\/2020\/09\/shure-55sh-ii-e1601485394796.jpg 415w, https:\/\/kommentatorenblog.de\/wp-content\/uploads\/2020\/09\/shure-55sh-ii-e1601485394796-142x300.jpg 142w\" sizes=\"auto, (max-width: 10px) 100vw, 10px\" \/> Magenta: Wolff Fuss<\/p>\n\n\n\n<p><img loading=\"lazy\" decoding=\"async\" width=\"10\" height=\"21\" class=\"wp-image-3656\" style=\"width: 10px;\" src=\"http:\/\/kommentatorenblog.de\/wp-content\/uploads\/2020\/09\/shure-55sh-ii-e1601485394796.jpg\" alt=\"\" srcset=\"https:\/\/kommentatorenblog.de\/wp-content\/uploads\/2020\/09\/shure-55sh-ii-e1601485394796.jpg 415w, https:\/\/kommentatorenblog.de\/wp-content\/uploads\/2020\/09\/shure-55sh-ii-e1601485394796-142x300.jpg 142w\" sizes=\"auto, (max-width: 10px) 100vw, 10px\" \/> Magenta (Taktik-Feed): Benni Zander, Experte: Manuel Baum<\/p>\n\n\n\n<p>Moderation (ZDF): Kathrin M\u00fcller- Hohenstein, Experte: Christoph Kramer, Per Mertesacker<\/p>\n\n\n\n<p>Moderation (Magenta TV) Sascha Bandermann, Expertin: Tabea Kemme, Experte: Michael Ballack<\/p>\n\n\n\n<p><u>Dienstag, 06. Dezember 2022, ab 15.00 Uhr (Magenta TV) bzw. ab 15.10 Uhr (ARD)<\/u><\/p>\n\n\n\n<p><em><strong>Marokko <span><b style=\"font-style: italic;\">\u2013<\/b><\/span> Spanien (16.00 Uhr)<\/strong><\/em> <\/p>\n\n\n\n<p><img loading=\"lazy\" decoding=\"async\" width=\"10\" height=\"21\" class=\"wp-image-3656\" style=\"width: 10px;\" src=\"http:\/\/kommentatorenblog.de\/wp-content\/uploads\/2020\/09\/shure-55sh-ii-e1601485394796.jpg\" alt=\"\" srcset=\"https:\/\/kommentatorenblog.de\/wp-content\/uploads\/2020\/09\/shure-55sh-ii-e1601485394796.jpg 415w, https:\/\/kommentatorenblog.de\/wp-content\/uploads\/2020\/09\/shure-55sh-ii-e1601485394796-142x300.jpg 142w\" sizes=\"auto, (max-width: 10px) 100vw, 10px\" \/> ARD: Florian Na\u00df<\/p>\n\n\n\n<p><img loading=\"lazy\" decoding=\"async\" width=\"10\" height=\"21\" class=\"wp-image-3656\" style=\"width: 10px;\" src=\"http:\/\/kommentatorenblog.de\/wp-content\/uploads\/2020\/09\/shure-55sh-ii-e1601485394796.jpg\" alt=\"\" srcset=\"https:\/\/kommentatorenblog.de\/wp-content\/uploads\/2020\/09\/shure-55sh-ii-e1601485394796.jpg 415w, https:\/\/kommentatorenblog.de\/wp-content\/uploads\/2020\/09\/shure-55sh-ii-e1601485394796-142x300.jpg 142w\" sizes=\"auto, (max-width: 10px) 100vw, 10px\" \/> Magenta: Markus H\u00f6hner<br>Moderation (ARD): Jessy Wellmer, Experten: Thomas Hitzlsperger, Sami Khedira, Expertin: Almuth Schult<\/p>\n\n\n\n<p>Moderation (Magenta): ???<\/p>\n\n\n\n<p><u>ab 19.20 Uhr (<u>Magenta TV<\/u>) bzw. <u>ab 18.30 Uhr (ARD)<\/u><\/u><\/p>\n\n\n\n<p><strong style=\"font-style: italic;\">Portugal <strong><em><span><b style=\"font-style: italic;\">\u2013<\/b><\/span><\/em><\/strong><\/strong> <strong><em>Schweiz <\/em><\/strong><em><strong>(20.00 Uhr)<\/strong><\/em> <\/p>\n\n\n\n<p><img loading=\"lazy\" decoding=\"async\" width=\"10\" height=\"21\" class=\"wp-image-3656\" style=\"width: 10px;\" src=\"http:\/\/kommentatorenblog.de\/wp-content\/uploads\/2020\/09\/shure-55sh-ii-e1601485394796.jpg\" alt=\"\" srcset=\"https:\/\/kommentatorenblog.de\/wp-content\/uploads\/2020\/09\/shure-55sh-ii-e1601485394796.jpg 415w, https:\/\/kommentatorenblog.de\/wp-content\/uploads\/2020\/09\/shure-55sh-ii-e1601485394796-142x300.jpg 142w\" sizes=\"auto, (max-width: 10px) 100vw, 10px\" \/> ARD: Gerd Gottlob<\/p>\n\n\n\n<p><img loading=\"lazy\" decoding=\"async\" width=\"10\" height=\"21\" class=\"wp-image-3656\" style=\"width: 10px;\" src=\"http:\/\/kommentatorenblog.de\/wp-content\/uploads\/2020\/09\/shure-55sh-ii-e1601485394796.jpg\" alt=\"\" srcset=\"https:\/\/kommentatorenblog.de\/wp-content\/uploads\/2020\/09\/shure-55sh-ii-e1601485394796.jpg 415w, https:\/\/kommentatorenblog.de\/wp-content\/uploads\/2020\/09\/shure-55sh-ii-e1601485394796-142x300.jpg 142w\" sizes=\"auto, (max-width: 10px) 100vw, 10px\" \/> Magenta: Jonas Friedrich<\/p>\n\n\n\n<p>Moderation (ARD): Esther Sedlaczek, Experte: Bastian Schweinsteiger<\/p>\n\n\n\n<p><strong><em>UPDATE<\/em><\/strong><\/p>\n\n\n\n<p><strong>Champions League Frauen, Gruppenphase  (DAZN\/YouTube- Kanal von DAZN)<\/strong><\/p>\n\n\n\n<p><u>Mittwoch, 7. Dezember 2022, ab 18.45 Uhr (DAZN) <\/u><\/p>\n\n\n\n<p><strong style=\"font-style: italic;\">Olympique Lyon <strong><em><span><b style=\"font-style: italic;\">\u2013<\/b><\/span><\/em><\/strong><\/strong> <em><strong>FC Z\u00fcrich (18.45 Uhr)<\/strong><\/em> <\/p>\n\n\n\n<p><img loading=\"lazy\" decoding=\"async\" width=\"10\" height=\"21\" class=\"wp-image-3656\" style=\"width: 10px;\" src=\"http:\/\/kommentatorenblog.de\/wp-content\/uploads\/2020\/09\/shure-55sh-ii-e1601485394796.jpg\" alt=\"\" srcset=\"https:\/\/kommentatorenblog.de\/wp-content\/uploads\/2020\/09\/shure-55sh-ii-e1601485394796.jpg 415w, https:\/\/kommentatorenblog.de\/wp-content\/uploads\/2020\/09\/shure-55sh-ii-e1601485394796-142x300.jpg 142w\" sizes=\"auto, (max-width: 10px) 100vw, 10px\" \/> Michael Seyberth<\/p>\n\n\n\n<p><u>ab 20.40 Uhr (DAZN)<\/u><\/p>\n\n\n\n<p><strong style=\"font-style: italic;\">FC Bayern M\u00fcnchen <strong><em><span><b style=\"font-style: italic;\">\u2013<\/b><\/span><\/em><\/strong><\/strong> <em><strong>FC Barcelona (21.00 Uhr)<\/strong><\/em> <\/p>\n\n\n\n<p><img loading=\"lazy\" decoding=\"async\" width=\"10\" height=\"21\" class=\"wp-image-3656\" style=\"width: 10px;\" src=\"http:\/\/kommentatorenblog.de\/wp-content\/uploads\/2020\/09\/shure-55sh-ii-e1601485394796.jpg\" alt=\"\" srcset=\"https:\/\/kommentatorenblog.de\/wp-content\/uploads\/2020\/09\/shure-55sh-ii-e1601485394796.jpg 415w, https:\/\/kommentatorenblog.de\/wp-content\/uploads\/2020\/09\/shure-55sh-ii-e1601485394796-142x300.jpg 142w\" sizes=\"auto, (max-width: 10px) 100vw, 10px\" \/> Jan Platte<\/p>\n\n\n\n<p>Moderation: Christina Rann, Field- Reporter: Andres Veredas<\/p>\n\n\n\n<p><u><span style=\"text-decoration: underline;\">Donnerstag, 08. Dezember<\/span> 2022, ab 18.35 Uhr (DAZN) <\/u><\/p>\n\n\n\n<p><strong style=\"font-style: italic;\">VfL Wolfsburg <strong><em><span><b style=\"font-style: italic;\">\u2013<\/b><\/span><\/em><\/strong><\/strong> <em><strong>AS Rom (18.45 Uhr)<\/strong><\/em> <\/p>\n\n\n\n<p><img loading=\"lazy\" decoding=\"async\" width=\"10\" height=\"21\" class=\"wp-image-3656\" style=\"width: 10px;\" src=\"http:\/\/kommentatorenblog.de\/wp-content\/uploads\/2020\/09\/shure-55sh-ii-e1601485394796.jpg\" alt=\"\" srcset=\"https:\/\/kommentatorenblog.de\/wp-content\/uploads\/2020\/09\/shure-55sh-ii-e1601485394796.jpg 415w, https:\/\/kommentatorenblog.de\/wp-content\/uploads\/2020\/09\/shure-55sh-ii-e1601485394796-142x300.jpg 142w\" sizes=\"auto, (max-width: 10px) 100vw, 10px\" \/> Christoph Fetzer, Expertin: Josephine Henning<\/p>\n\n\n\n<p>Field-Reporterin: Miriam Sinno<\/p>\n\n\n\n<p><u>ab 20.50Uhr (DAZN)<\/u><\/p>\n\n\n\n<p><strong style=\"font-style: italic;\">St.P\u00f6lten <strong><em><span><b style=\"font-style: italic;\">\u2013<\/b><\/span><\/em><\/strong><\/strong> <em><strong>Slavia Prag (21.00 Uhr)<\/strong><\/em> <\/p>\n\n\n\n<p><img loading=\"lazy\" decoding=\"async\" width=\"10\" height=\"21\" class=\"wp-image-3656\" style=\"width: 10px;\" src=\"http:\/\/kommentatorenblog.de\/wp-content\/uploads\/2020\/09\/shure-55sh-ii-e1601485394796.jpg\" alt=\"\" srcset=\"https:\/\/kommentatorenblog.de\/wp-content\/uploads\/2020\/09\/shure-55sh-ii-e1601485394796.jpg 415w, https:\/\/kommentatorenblog.de\/wp-content\/uploads\/2020\/09\/shure-55sh-ii-e1601485394796-142x300.jpg 142w\" sizes=\"auto, (max-width: 10px) 100vw, 10px\" \/> Michael Seyberth<\/p>\n\n\n\n<hr class=\"wp-block-separator\"\/>\n\n\n\n<hr class=\"wp-block-separator is-style-default\"\/>\n\n\n\n<p><strong>Frauen-Bundesliga, 9. Spieltag (Magenta Sport\/Eurosport)<\/strong><\/p>\n\n\n\n<p><u>Freitag, 02. Dezember 2022, ab 19.00 Uhr (Magenta TV) <\/u><\/p>\n\n\n\n<p><strong style=\"font-style: italic;\">TSG Hoffenheim <strong><em><span><b style=\"font-style: italic;\">\u2013<\/b><\/span><\/em><\/strong><\/strong> <em><strong>FC Bayern M\u00fcnchen (19.15 Uhr)<\/strong><\/em> <\/p>\n\n\n\n<p><img loading=\"lazy\" decoding=\"async\" width=\"10\" height=\"21\" class=\"wp-image-3656\" style=\"width: 10px;\" src=\"http:\/\/kommentatorenblog.de\/wp-content\/uploads\/2020\/09\/shure-55sh-ii-e1601485394796.jpg\" alt=\"\" srcset=\"https:\/\/kommentatorenblog.de\/wp-content\/uploads\/2020\/09\/shure-55sh-ii-e1601485394796.jpg 415w, https:\/\/kommentatorenblog.de\/wp-content\/uploads\/2020\/09\/shure-55sh-ii-e1601485394796-142x300.jpg 142w\" sizes=\"auto, (max-width: 10px) 100vw, 10px\" \/> Oskar Heirler <\/p>\n\n\n\n<hr class=\"wp-block-separator\"\/>\n\n\n\n<p><span style=\"text-decoration: underline;\">Samstag,03. Dezember 2022 ab 13.45 Uhr (Magenta\/NDR\/HR)<\/span><\/p>\n\n\n\n<p><em><strong>VfL Wolfsburg \u2013 <em><strong>Eintracht Frankfurt<\/strong><\/em> (14.00 Uhr)<\/strong><\/em><\/p>\n\n\n\n<p><img loading=\"lazy\" decoding=\"async\" width=\"10\" height=\"21\" class=\"wp-image-3656\" style=\"width: 10px;\" src=\"http:\/\/kommentatorenblog.de\/wp-content\/uploads\/2020\/09\/shure-55sh-ii-e1601485394796.jpg\" alt=\"\" srcset=\"https:\/\/kommentatorenblog.de\/wp-content\/uploads\/2020\/09\/shure-55sh-ii-e1601485394796.jpg 415w, https:\/\/kommentatorenblog.de\/wp-content\/uploads\/2020\/09\/shure-55sh-ii-e1601485394796-142x300.jpg 142w\" sizes=\"auto, (max-width: 10px) 100vw, 10px\" \/> Magenta Sport: Martin Piller <\/p>\n\n\n\n<p><img loading=\"lazy\" decoding=\"async\" width=\"10\" height=\"21\" class=\"wp-image-3656\" style=\"width: 10px;\" src=\"http:\/\/kommentatorenblog.de\/wp-content\/uploads\/2020\/09\/shure-55sh-ii-e1601485394796.jpg\" alt=\"\" srcset=\"https:\/\/kommentatorenblog.de\/wp-content\/uploads\/2020\/09\/shure-55sh-ii-e1601485394796.jpg 415w, https:\/\/kommentatorenblog.de\/wp-content\/uploads\/2020\/09\/shure-55sh-ii-e1601485394796-142x300.jpg 142w\" sizes=\"auto, (max-width: 10px) 100vw, 10px\" \/> NDR\/HR: Patrick Halatsch<\/p>\n\n\n\n<p>Moderation (Magenta): Stefanie Blochwitz<\/p>\n\n\n\n<p>Moderation (NDR\/HR): Sina Braun<\/p>\n\n\n\n<p><span style=\"text-decoration: underline;\">ab 15.45 Uhr Magenta Sport, ab 16.00 Uhr Eurosport<\/span><\/p>\n\n\n\n<p><em><strong><em><strong>SC Freiburg<\/strong><\/em> \u2013 MSV Duisburg (16.00 Uhr)<\/strong><\/em><\/p>\n\n\n\n<p><img loading=\"lazy\" decoding=\"async\" width=\"10\" height=\"21\" class=\"wp-image-3656\" style=\"width: 10px;\" src=\"http:\/\/kommentatorenblog.de\/wp-content\/uploads\/2020\/09\/shure-55sh-ii-e1601485394796.jpg\" alt=\"\" srcset=\"https:\/\/kommentatorenblog.de\/wp-content\/uploads\/2020\/09\/shure-55sh-ii-e1601485394796.jpg 415w, https:\/\/kommentatorenblog.de\/wp-content\/uploads\/2020\/09\/shure-55sh-ii-e1601485394796-142x300.jpg 142w\" sizes=\"auto, (max-width: 10px) 100vw, 10px\" \/> Magenta: Michael Seyberth<\/p>\n\n\n\n<p><img loading=\"lazy\" decoding=\"async\" width=\"10\" height=\"21\" class=\"wp-image-3656\" style=\"width: 10px;\" src=\"http:\/\/kommentatorenblog.de\/wp-content\/uploads\/2020\/09\/shure-55sh-ii-e1601485394796.jpg\" alt=\"\" srcset=\"https:\/\/kommentatorenblog.de\/wp-content\/uploads\/2020\/09\/shure-55sh-ii-e1601485394796.jpg 415w, https:\/\/kommentatorenblog.de\/wp-content\/uploads\/2020\/09\/shure-55sh-ii-e1601485394796-142x300.jpg 142w\" sizes=\"auto, (max-width: 10px) 100vw, 10px\" \/> Eurosport: Markus Theil <\/p>\n\n\n\n<hr class=\"wp-block-separator\"\/>\n\n\n\n<p>Sonntag, 03. Dezember 2022 ab 12.45 Uhr (Magenta)<\/p>\n\n\n\n<p class=\"has-text-align-left\"><strong><em>Bayer04 Leverkusen<\/em><\/strong><em><strong> \u2013 1.FFC Turbine Potsdam<\/strong><\/em> (13.00 Uhr)<\/p>\n\n\n\n<p><img loading=\"lazy\" decoding=\"async\" width=\"10\" height=\"21\" class=\"wp-image-3656\" style=\"width: 10px;\" src=\"http:\/\/kommentatorenblog.de\/wp-content\/uploads\/2020\/09\/shure-55sh-ii-e1601485394796.jpg\" alt=\"\" srcset=\"https:\/\/kommentatorenblog.de\/wp-content\/uploads\/2020\/09\/shure-55sh-ii-e1601485394796.jpg 415w, https:\/\/kommentatorenblog.de\/wp-content\/uploads\/2020\/09\/shure-55sh-ii-e1601485394796-142x300.jpg 142w\" sizes=\"auto, (max-width: 10px) 100vw, 10px\" \/> Martin Piller<\/p>\n\n\n\n<p><strong><em>SV Meppen \u2013 1.FC K\u00f6ln (13.00 Uhr)<\/em><\/strong><\/p>\n\n\n\n<p><img loading=\"lazy\" decoding=\"async\" width=\"10\" height=\"21\" class=\"wp-image-3656\" style=\"width: 10px;\" src=\"http:\/\/kommentatorenblog.de\/wp-content\/uploads\/2020\/09\/shure-55sh-ii-e1601485394796.jpg\" alt=\"\" srcset=\"https:\/\/kommentatorenblog.de\/wp-content\/uploads\/2020\/09\/shure-55sh-ii-e1601485394796.jpg 415w, https:\/\/kommentatorenblog.de\/wp-content\/uploads\/2020\/09\/shure-55sh-ii-e1601485394796-142x300.jpg 142w\" sizes=\"auto, (max-width: 10px) 100vw, 10px\" \/>Michael Seyberth<\/p>\n\n\n\n<p><span style=\"text-decoration: underline;\">ab 15.45 Uhr<\/span><\/p>\n\n\n\n<p><em><strong>SGS Essen \u2013 SV Werder Bremen (16.00 Uhr)<\/strong><\/em><\/p>\n\n\n\n<p><img loading=\"lazy\" decoding=\"async\" width=\"10\" height=\"21\" class=\"wp-image-3656\" style=\"width: 10px;\" src=\"http:\/\/kommentatorenblog.de\/wp-content\/uploads\/2020\/09\/shure-55sh-ii-e1601485394796.jpg\" alt=\"\" srcset=\"https:\/\/kommentatorenblog.de\/wp-content\/uploads\/2020\/09\/shure-55sh-ii-e1601485394796.jpg 415w, https:\/\/kommentatorenblog.de\/wp-content\/uploads\/2020\/09\/shure-55sh-ii-e1601485394796-142x300.jpg 142w\" sizes=\"auto, (max-width: 10px) 100vw, 10px\" \/> Oskar Heirler<\/p>\n\n\n\n<p><strong>Women\u00b4s Super League (Sky)<\/strong><\/p>\n\n\n\n<hr class=\"wp-block-separator\"\/>\n\n\n\n<p><span style=\"text-decoration: underline;\">Samstag, 03. Dezember 2022 ab 13.15<\/span><\/p>\n\n\n\n<p><em><strong>Manchester United \u2013 <em><strong>Aston Villa <\/strong><\/em>(13.15 Uhr)<\/strong><\/em><\/p>\n\n\n\n<p><img loading=\"lazy\" decoding=\"async\" width=\"10\" height=\"21\" class=\"wp-image-3656\" style=\"width: 10px;\" src=\"http:\/\/kommentatorenblog.de\/wp-content\/uploads\/2020\/09\/shure-55sh-ii-e1601485394796.jpg\" alt=\"\" srcset=\"https:\/\/kommentatorenblog.de\/wp-content\/uploads\/2020\/09\/shure-55sh-ii-e1601485394796.jpg 415w, https:\/\/kommentatorenblog.de\/wp-content\/uploads\/2020\/09\/shure-55sh-ii-e1601485394796-142x300.jpg 142w\" sizes=\"auto, (max-width: 10px) 100vw, 10px\" \/> ???<\/p>\n\n\n\n<p><span style=\"text-decoration: underline;\"><span style=\"text-decoration: underline;\">Sonntag, 04. Dezember 2022 ab 13.15<\/span><\/span><\/p>\n\n\n\n<p><em><strong><em><strong>FC Reading<\/strong><\/em> \u2013 Tottenham Hotspur (13.20 Uhr)<\/strong><\/em><\/p>\n\n\n\n<p><img loading=\"lazy\" decoding=\"async\" width=\"10\" height=\"21\" class=\"wp-image-3656\" style=\"width: 10px;\" src=\"http:\/\/kommentatorenblog.de\/wp-content\/uploads\/2020\/09\/shure-55sh-ii-e1601485394796.jpg\" alt=\"\" srcset=\"https:\/\/kommentatorenblog.de\/wp-content\/uploads\/2020\/09\/shure-55sh-ii-e1601485394796.jpg 415w, https:\/\/kommentatorenblog.de\/wp-content\/uploads\/2020\/09\/shure-55sh-ii-e1601485394796-142x300.jpg 142w\" sizes=\"auto, (max-width: 10px) 100vw, 10px\" \/> ???<\/p>\n\n\n\n<hr class=\"wp-block-separator is-style-default\"\/>\n\n\n\n<p><strong><code>ANALYSE<\/code><\/strong><\/p>\n\n\n\n<p>Nachdem am Freitag erst die letzten Gruppenspiele gespielt wurden, stehen am Samstag bereits die ersten Achtelfinals an.<\/p>\n\n\n\n<p>Aufgrund der geringen Zeitspanne zwischen letzten Gruppenspieltag und Achtelfinale und damit verbundener kurzfristiger Festlegung der \u00fcbertragenden Sender bitte ich um Nachsicht, dass wir in dem Beitrag noch nicht alle Informationen haben. Wir werden diese dann nachreichen.<\/p>\n\n\n\n<p>Wie schon am letzten Gruppenspieltag wird es zwei Ansto\u00dfzeiten geben, die fr\u00fche Partie startet um 16.00 Uhr deutscher Zeit, die sp\u00e4te um 20.00 Uhr. Die \u00dcbertragungen bei ARD, ZDF und Magenta starten in der Regel um 15 Uhr bzw. 18.30 Uhr, wenn von den \u00d6R nur das sp\u00e4te Spiel \u00fcbertragen wird. Dazwischen wird es bei ARD und ZDF, wie gewohnt, Unterbrechungen durch Tagesschau- und heute- Sendungen geben.<\/p>\n\n\n\n<p><strong>Start ins Achtelfinale<\/strong><\/p>\n\n\n\n<p>Die Partie Niederlande- USA wird dabei den Auftakt in die K.o.- Phase machen. Im Achtelfinale wird Magenta dabei zwei Spiele exklusiv \u00fcbertragen, dazu geh\u00f6rt auch gleich die erste Partie. Die Sportschau wird, wie in der Vorrunde, von diesen Spielen jedoch einen Audiostream \u00fcbertragen.<\/p>\n\n\n\n<p>Ab 18.40 Uhr meldet sich dann auch das Erste mit einer Zusammenfassung der fr\u00fchen Achtelfinalpartie und dem Abendspiel an diesem Tag (Argentinien- Australien). Dabei melden sich Esther Sedlaczek und Bastian Schweinsteiger ebenso wie Kommentator Tom Bartels aus dem Stadion.<\/p>\n\n\n\n<p>Den Sonntag er\u00f6ffnet dann der Weltmeister Frankreich gegen Polen, ein Grund f\u00fcr das ZDF das fr\u00fche Spiel, ebenso wie Magenta, live zu \u00fcbertragen. Kommentator der Partie wird  im Zweiten Oliver Schmidt sein<\/p>\n\n\n\n<p>Die sp\u00e4te Partie spielt Vizeeuropameister England gegen den Senegal, die gibt es dann wieder nur exklusiv bei Magenta zu sehen, das Personal der Partie reichen wir euch nach.<\/p>\n\n\n\n<p><strong>2. H\u00e4lfte der Achtelfinals<\/strong> <\/p>\n\n\n\n<p>Am Montag startet Deutschland- Besieger Japan gegen Kroatien in die K.o. Phase. Hier sind dann wieder das ZDF und Magenta mit von der Partie, ebenso wie bei der Partie am Abend.<\/p>\n\n\n\n<p>Nachdem Oliver Schmidt das erste ZDF Achtelfinale kommentiert hat, darf Claudia Neumann nun mit Hanno Balitsch am Nachmittag ran, und Bela Rehty wird auf seiner Abschiedstournee das sp\u00e4te Spiel kommentieren. Damit ist dann auch klar, dass f\u00fcr Martin Schneider das Turnier als Live- Kommentator nach der Vorrunde beendet ist. F\u00fcr Rehty unterdessen wird das Turnier wohl bis zum Halbfinale andauern. Moderationstechnisch wechseln sich Breyer und M\u00fcller- Hohenstein an diesem Tag ab, Breyer \u00fcbernimmt dabei die fr\u00fche Schicht. Als Experten werden wieder Kramer und Mertesacker analysieren.<\/p>\n\n\n\n<p>Damit hat das ZDF seine drei Viertelfinals also hinter sich. Der vierte Tag und letzte Tag des Achtelfinals, der Dienstag, wird von der Partie Marokko- Spanien er\u00f6ffnet. Hier ist dann wieder das Erste und nat\u00fcrlich auch Magenta mit dabei. Die ARD setzt, wie das ZDF, bei ihren drei Partien drei unterschiedliche Kommentatoren ein, nach Bartels zu Beginn \u00fcbernehmen am Dienstag erst Florian Na\u00df und dann Gerd Gottlob.<\/p>\n\n\n\n<p>Hei\u00dft im Umkehrschluss, f\u00fcr Christina Graf ist die WM nach vier Vorrundenspielen bei ihrem Deb\u00fct also beendet, f\u00fcr Na\u00df k\u00f6nnte unterdessen nach dem Achtelfinale Schluss sein (so meine Vermutung) <\/p>\n\n\n\n<p><strong>Bundesliga- Alltag in der Bundesliga der Frauen<\/strong><\/p>\n\n\n\n<p>Wie bereits im Vorwort angesprochen, sind die Zuschauerzahlen in der Frauen- Bundesliga sehr zufriedenstellend. Auch f\u00fcr die Partie Hoffenheim- Bayern am Freitagabend sind bereits viele Tickets verkauft worden. Neben dem Stadionerlebnis gibt es nat\u00fcrlich auch wieder TV- \u00dcbertragungen. Bei Magenta \u00fcbernimmt Oskar Heirler.<\/p>\n\n\n\n<p><strong>Wolfsburg im gro\u00dfen Stadion und den Dritten<\/strong><\/p>\n\n\n\n<p>Am Samstag gibt es erneut zwei Partien. Die erste, um 14 Uhr steigt in der Volkswagen Arena in Wolfsburg und wird sowohl von Magenta als auch dem NDR und HR \u00fcbertragen. Der HR \u00fcbernimmt dabei das NDR- Signal. Moderatorin der \u00dcbertragung ist Sina Braun, nachdem die letzten Male Ina Kast \u00fcbernahm, die allerdings im WM- Einsatz ist. Kommentator der Partie wird f\u00fcr den NDR und HR Patrick Halatsch sein. Bei Magenta \u00fcbernimmt Martin Piller diese Position.<\/p>\n\n\n\n<p>Die zweite Partie am Samstag steigt dann um 16.00 Uhr im Freiburger Schwarzwaldstadion, wo die Breisgauerinnen zu ihrem &#8222;WeihnachtsMatch&#8220; gegen den MSV Duisburg antreten. Hier kommentiert Michael Seyberth die Partie f\u00fcr Magenta, dazu kommt Eurosport mit Markus Theil.<\/p>\n\n\n\n<p><strong>Piller, Seyberth und Piller doppelt<\/strong><\/p>\n\n\n\n<p>Am Sonntag gibt es dann drei weitere Partien, hier kommen jeweils nochmal Piller, Seyberth und Heirler zu ihren Bundesliga- Eins\u00e4tzen, haben also am Wochenende einen Doppeleinsatz.<\/p>\n\n\n\n<p>Das wars vom 9. Spieltag der Frauen- Bundesliga und dem WM- Achtelfinale, wir melden uns hier wieder, u.a. zum WM- Viertelfinale.<\/p>\n","protected":false},"excerpt":{"rendered":"<p>Hallo zusammen, der Titel sagt es bereits, die WM biegt in die entscheidende Phase ein, die Achtelfinals beginnen, leider liegen uns aktuell noch nicht alle Informationen vor, wir werden diese aber nachreichen. Da das Vorwort am Mittwochnachmittag geschrieben wurde, kann und werde ich nicht auf die Partien im Achtelfinale eingehen, die Ansetzungen findet ihr, soweit [&hellip;]<\/p>\n","protected":false},"author":10,"featured_media":0,"comment_status":"open","ping_status":"open","sticky":false,"template":"","format":"standard","meta":{"footnotes":""},"categories":[879],"tags":[548,19,355,890,544,36,97,14,99,272,274,39,50,889,239,130,634,109,293,161,732,891,273,881,37],"class_list":["post-14283","post","type-post","status-publish","format-standard","hentry","category-wm-2022","tag-almuth-schult","tag-ard","tag-bastian-schweinsteiger","tag-bela-rehty","tag-christoph-kramer","tag-claudia-neumann","tag-esther-sedlaczek","tag-eurosport","tag-florian-nass","tag-gerd-gottlob","tag-jessy-wellmer","tag-jochen-breyer","tag-katrin-mueller-hohenstein","tag-magenta","tag-markus-theil","tag-martin-piller","tag-michael-seyberth","tag-oliver-schmidt","tag-oskar-heirler","tag-per-mertesacker","tag-sami-khedira","tag-thomas-hitzlsperger","tag-tom-bartels","tag-wm","tag-zdf"],"_links":{"self":[{"href":"https:\/\/kommentatorenblog.de\/index.php?rest_route=\/wp\/v2\/posts\/14283","targetHints":{"allow":["GET"]}}],"collection":[{"href":"https:\/\/kommentatorenblog.de\/index.php?rest_route=\/wp\/v2\/posts"}],"about":[{"href":"https:\/\/kommentatorenblog.de\/index.php?rest_route=\/wp\/v2\/types\/post"}],"author":[{"embeddable":true,"href":"https:\/\/kommentatorenblog.de\/index.php?rest_route=\/wp\/v2\/users\/10"}],"replies":[{"embeddable":true,"href":"https:\/\/kommentatorenblog.de\/index.php?rest_route=%2Fwp%2Fv2%2Fcomments&post=14283"}],"version-history":[{"count":25,"href":"https:\/\/kommentatorenblog.de\/index.php?rest_route=\/wp\/v2\/posts\/14283\/revisions"}],"predecessor-version":[{"id":14320,"href":"https:\/\/kommentatorenblog.de\/index.php?rest_route=\/wp\/v2\/posts\/14283\/revisions\/14320"}],"wp:attachment":[{"href":"https:\/\/kommentatorenblog.de\/index.php?rest_route=%2Fwp%2Fv2%2Fmedia&parent=14283"}],"wp:term":[{"taxonomy":"category","embeddable":true,"href":"https:\/\/kommentatorenblog.de\/index.php?rest_route=%2Fwp%2Fv2%2Fcategories&post=14283"},{"taxonomy":"post_tag","embeddable":true,"href":"https:\/\/kommentatorenblog.de\/index.php?rest_route=%2Fwp%2Fv2%2Ftags&post=14283"}],"curies":[{"name":"wp","href":"https:\/\/api.w.org\/{rel}","templated":true}]}}